{"id":60706,"date":"2016-01-15T01:20:14","date_gmt":"2016-01-15T00:20:14","guid":{"rendered":"http:\/\/eldigitaldeasturias.com\/magazine365\/?p=60706"},"modified":"2016-01-15T01:20:15","modified_gmt":"2016-01-15T00:20:15","slug":"juan-francisco-lazcano-reelegido-presidente-de-la-asociacion-espanola-de-la-carretera","status":"publish","type":"post","link":"https:\/\/eldigitaldeasturias.com\/magazine365\/juan-francisco-lazcano-reelegido-presidente-de-la-asociacion-espanola-de-la-carretera\/","title":{"rendered":"Juan Francisco Lazcano, reelegido presidente de la Asociaci\u00f3n Espa\u00f1ola de la Carretera"},"content":{"rendered":"<p><img fetchpriority=\"high\" decoding=\"async\" class=\"alignleft size-medium wp-image-60707\" src=\"https:\/\/eldigitaldeasturias.com\/magazine365\/wp-content\/uploads\/2016\/01\/fotonoticia_20160114170052_800-360x206.jpg\" alt=\"fotonoticia_20160114170052_800\" width=\"360\" height=\"206\" srcset=\"https:\/\/eldigitaldeasturias.com\/magazine365\/wp-content\/uploads\/2016\/01\/fotonoticia_20160114170052_800-360x206.jpg 360w, https:\/\/eldigitaldeasturias.com\/magazine365\/wp-content\/uploads\/2016\/01\/fotonoticia_20160114170052_800-650x371.jpg 650w, https:\/\/eldigitaldeasturias.com\/magazine365\/wp-content\/uploads\/2016\/01\/fotonoticia_20160114170052_800-768x439.jpg 768w, https:\/\/eldigitaldeasturias.com\/magazine365\/wp-content\/uploads\/2016\/01\/fotonoticia_20160114170052_800-150x86.jpg 150w, https:\/\/eldigitaldeasturias.com\/magazine365\/wp-content\/uploads\/2016\/01\/fotonoticia_20160114170052_800-450x257.jpg 450w, https:\/\/eldigitaldeasturias.com\/magazine365\/wp-content\/uploads\/2016\/01\/fotonoticia_20160114170052_800-696x398.jpg 696w, https:\/\/eldigitaldeasturias.com\/magazine365\/wp-content\/uploads\/2016\/01\/fotonoticia_20160114170052_800-735x420.jpg 735w, https:\/\/eldigitaldeasturias.com\/magazine365\/wp-content\/uploads\/2016\/01\/fotonoticia_20160114170052_800.jpg 800w\" sizes=\"(max-width: 360px) 100vw, 360px\" \/>Juan Francisco Lazcano ha sido reelegido como presidente de la Asociaci\u00f3n Espa\u00f1ola de la Carretera (AEC) tras unas elecciones en las que ha recibido el apoyo un\u00e1nime del Consejo Directivo de la instituci\u00f3n. Tras dos a\u00f1os en este puesto, su nuevo mandato se prolongar\u00e1 durante los pr\u00f3ximos cuatro a\u00f1os.<\/p>\n<p>Tras su nombramiento, el Presidente electo se ha dirigido al Consejo para agradecer el respaldo con que ha contado e incidir en los aspectos m\u00e1s importantes de su programa de trabajo para esta nueva legislatura.<\/p>\n<p>\u00abLos tiempos cambian y nosotros tambi\u00e9n tenemos que hacerlo, porque la fidelidad al proyecto que la AEC representa requiere nuevas respuestas, perseverando en lo que somos pero afrontando con responsabilidad y compromiso los nuevos desaf\u00edos que se presentan ante nosotros\u00bb, ha se\u00f1alado.<\/p>\n<p>Con estas palabras, Lazcano pon\u00eda de relieve su intenci\u00f3n de dar un giro significativo a la l\u00ednea de trabajo tradicional de la Asociaci\u00f3n, a fin de adaptar su estructura y planteamiento a la situaci\u00f3n actual del sector viario, \u00aben consonancia con los valores cl\u00e1sicos de la instituci\u00f3n\u00bb.<\/p>\n<p>De esta forma, y tras dos a\u00f1os que el presidente califica de \u00abtransitorios\u00bb, afronta el nuevo per\u00edodo \u00abcon responsabilidad, compromiso, valent\u00eda para tomar decisiones y con la mente abierta a nuevos modelos y a ideas imaginativas\u00bb.<\/p>\n<p>Juan Francisco Lazcano (Madrid, 1945) ha dedicado la pr\u00e1ctica totalidad de su vida profesional a las infraestructuras viarias. Ingeniero de Caminos, Canales y Puertos, ostenta en la actualidad la Presidencia de la Confederaci\u00f3n Nacional de la Construcci\u00f3n (CNC) y de la Fundaci\u00f3n Laboral de la Construcci\u00f3n (FLC). Es, adem\u00e1s, miembro del Comit\u00e9 Ejecutivo de la Confederaci\u00f3n Espa\u00f1ola de Organizaciones Empresariales (CEOE).<\/p>\n<p>Entre 1996 y 2000 fue Director General de Carreteras del Ministerio de Fomento, puesto al que lleg\u00f3 tras su paso por la Subdirecci\u00f3n General de Construcci\u00f3n, Conservaci\u00f3n y Explotaci\u00f3n del Ministerio, cuya titularidad ostent\u00f3 durante once a\u00f1os.<\/p>\n<p>Lazcano ha recibido numerosas condecoraciones y distinciones, entre ellas, la Encomienda del M\u00e9rito Civil, la Medalla de Plata de Galicia y la Medalla de Honor del Colegio de Ingenieros de Caminos, Canales y Puertos. Cuenta, adem\u00e1s, con la Medalla de Oro de la Asociaci\u00f3n Espa\u00f1ola de la Carretera.<\/p>\n","protected":false},"excerpt":{"rendered":"<p>Juan Francisco Lazcano ha sido reelegido como presidente de la Asociaci\u00f3n Espa\u00f1ola de la Carretera (AEC) tras unas elecciones en las que ha recibido el apoyo un\u00e1nime del Consejo Directivo de la instituci\u00f3n. Tras dos a\u00f1os en este puesto, su nuevo mandato se prolongar\u00e1 durante los pr\u00f3ximos cuatro a\u00f1os. Tras su nombramiento, el Presidente electo<\/p>\n","protected":false},"author":1,"featured_media":60707,"comment_status":"open","ping_status":"closed","sticky":false,"template":"","format":"standard","meta":{"footnotes":""},"categories":[224],"tags":[],"class_list":{"0":"post-60706","1":"post","2":"type-post","3":"status-publish","4":"format-standard","5":"has-post-thumbnail","7":"category-noticias-actualidad"},"aioseo_notices":[],"aioseo_head":"\n\t\t<!-- All in One SEO Pro 4.9.6.1 - aioseo.com -->\n\t<meta name=\"description\" content=\"Juan Francisco Lazcano ha sido reelegido como presidente de la Asociaci\u00f3n Espa\u00f1ola de la Carretera (AEC) tras unas elecciones en las que ha recibido el apoyo un\u00e1nime del Consejo Directivo de la instituci\u00f3n. Tras dos a\u00f1os en este puesto, su nuevo mandato se prolongar\u00e1 durante los pr\u00f3ximos cuatro a\u00f1os. Tras su nombramiento, el Presidente electo\" \/>\n\t<meta name=\"robots\" content=\"max-image-preview:large\" \/>\n\t<meta name=\"author\" content=\"admin\"\/>\n\t<meta name=\"google-site-verification\" content=\"UA-38556648-1\" \/>\n\t<meta name=\"keywords\" content=\"noticias y actualidad\" \/>\n\t<link rel=\"canonical\" href=\"https:\/\/eldigitaldeasturias.com\/magazine365\/juan-francisco-lazcano-reelegido-presidente-de-la-asociacion-espanola-de-la-carretera\/\" \/>\n\t<meta name=\"generator\" content=\"All in One SEO Pro (AIOSEO) 4.9.6.1\" \/>\n\t\t<meta property=\"og:locale\" content=\"es_ES\" \/>\n\t\t<meta property=\"og:site_name\" content=\"El Digital de Asturias \u2013 Revista de ocio, turismo y estilo de vida\" \/>\n\t\t<meta property=\"og:type\" content=\"article\" \/>\n\t\t<meta property=\"og:title\" content=\"Juan Francisco Lazcano, reelegido presidente de la Asociaci\u00f3n Espa\u00f1ola de la Carretera | El Digital de Asturias\" \/>\n\t\t<meta property=\"og:description\" content=\"Juan Francisco Lazcano ha sido reelegido como presidente de la Asociaci\u00f3n Espa\u00f1ola de la Carretera (AEC) tras unas elecciones en las que ha recibido el apoyo un\u00e1nime del Consejo Directivo de la instituci\u00f3n. Tras dos a\u00f1os en este puesto, su nuevo mandato se prolongar\u00e1 durante los pr\u00f3ximos cuatro a\u00f1os. Tras su nombramiento, el Presidente electo\" \/>\n\t\t<meta property=\"og:url\" content=\"https:\/\/eldigitaldeasturias.com\/magazine365\/juan-francisco-lazcano-reelegido-presidente-de-la-asociacion-espanola-de-la-carretera\/\" \/>\n\t\t<meta property=\"og:image\" content=\"https:\/\/eldigitaldeasturias.com\/magazine365\/wp-content\/uploads\/2016\/01\/fotonoticia_20160114170052_800.jpg\" \/>\n\t\t<meta property=\"og:image:secure_url\" content=\"https:\/\/eldigitaldeasturias.com\/magazine365\/wp-content\/uploads\/2016\/01\/fotonoticia_20160114170052_800.jpg\" \/>\n\t\t<meta property=\"og:image:width\" content=\"800\" \/>\n\t\t<meta property=\"og:image:height\" content=\"457\" \/>\n\t\t<meta property=\"article:published_time\" content=\"2016-01-15T00:20:14+00:00\" \/>\n\t\t<meta property=\"article:modified_time\" content=\"2016-01-15T00:20:15+00:00\" \/>\n\t\t<meta name=\"twitter:card\" content=\"summary_large_image\" \/>\n\t\t<meta name=\"twitter:title\" content=\"Juan Francisco Lazcano, reelegido presidente de la Asociaci\u00f3n Espa\u00f1ola de la Carretera | El Digital de Asturias\" \/>\n\t\t<meta name=\"twitter:description\" content=\"Juan Francisco Lazcano ha sido reelegido como presidente de la Asociaci\u00f3n Espa\u00f1ola de la Carretera (AEC) tras unas elecciones en las que ha recibido el apoyo un\u00e1nime del Consejo Directivo de la instituci\u00f3n. Tras dos a\u00f1os en este puesto, su nuevo mandato se prolongar\u00e1 durante los pr\u00f3ximos cuatro a\u00f1os. Tras su nombramiento, el Presidente electo\" \/>\n\t\t<meta name=\"twitter:image\" content=\"https:\/\/eldigitaldeasturias.com\/magazine365\/wp-content\/uploads\/2016\/01\/fotonoticia_20160114170052_800.jpg\" \/>\n\t\t<script type=\"application\/ld+json\" class=\"aioseo-schema\">\n\t\t\t{\"@context\":\"https:\\\/\\\/schema.org\",\"@graph\":[{\"@type\":\"Article\",\"@id\":\"https:\\\/\\\/eldigitaldeasturias.com\\\/magazine365\\\/juan-francisco-lazcano-reelegido-presidente-de-la-asociacion-espanola-de-la-carretera\\\/#article\",\"name\":\"Juan Francisco Lazcano, reelegido presidente de la Asociaci\\u00f3n Espa\\u00f1ola de la Carretera | El Digital de Asturias\",\"headline\":\"Juan Francisco Lazcano, reelegido presidente de la Asociaci\\u00f3n Espa\\u00f1ola de la Carretera\",\"author\":{\"@id\":\"https:\\\/\\\/eldigitaldeasturias.com\\\/magazine365\\\/author\\\/admin\\\/#author\"},\"publisher\":{\"@id\":\"https:\\\/\\\/eldigitaldeasturias.com\\\/magazine365\\\/#organization\"},\"image\":{\"@type\":\"ImageObject\",\"url\":\"https:\\\/\\\/eldigitaldeasturias.com\\\/magazine365\\\/wp-content\\\/uploads\\\/2016\\\/01\\\/fotonoticia_20160114170052_800.jpg\",\"width\":800,\"height\":457},\"datePublished\":\"2016-01-15T01:20:14+01:00\",\"dateModified\":\"2016-01-15T01:20:15+01:00\",\"inLanguage\":\"es-ES\",\"mainEntityOfPage\":{\"@id\":\"https:\\\/\\\/eldigitaldeasturias.com\\\/magazine365\\\/juan-francisco-lazcano-reelegido-presidente-de-la-asociacion-espanola-de-la-carretera\\\/#webpage\"},\"isPartOf\":{\"@id\":\"https:\\\/\\\/eldigitaldeasturias.com\\\/magazine365\\\/juan-francisco-lazcano-reelegido-presidente-de-la-asociacion-espanola-de-la-carretera\\\/#webpage\"},\"articleSection\":\"Noticias y Actualidad\"},{\"@type\":\"BreadcrumbList\",\"@id\":\"https:\\\/\\\/eldigitaldeasturias.com\\\/magazine365\\\/juan-francisco-lazcano-reelegido-presidente-de-la-asociacion-espanola-de-la-carretera\\\/#breadcrumblist\",\"itemListElement\":[{\"@type\":\"ListItem\",\"@id\":\"https:\\\/\\\/eldigitaldeasturias.com\\\/magazine365#listItem\",\"position\":1,\"name\":\"Home\",\"item\":\"https:\\\/\\\/eldigitaldeasturias.com\\\/magazine365\",\"nextItem\":{\"@type\":\"ListItem\",\"@id\":\"https:\\\/\\\/eldigitaldeasturias.com\\\/magazine365\\\/category\\\/noticias-actualidad\\\/#listItem\",\"name\":\"Noticias y Actualidad\"}},{\"@type\":\"ListItem\",\"@id\":\"https:\\\/\\\/eldigitaldeasturias.com\\\/magazine365\\\/category\\\/noticias-actualidad\\\/#listItem\",\"position\":2,\"name\":\"Noticias y Actualidad\",\"item\":\"https:\\\/\\\/eldigitaldeasturias.com\\\/magazine365\\\/category\\\/noticias-actualidad\\\/\",\"nextItem\":{\"@type\":\"ListItem\",\"@id\":\"https:\\\/\\\/eldigitaldeasturias.com\\\/magazine365\\\/juan-francisco-lazcano-reelegido-presidente-de-la-asociacion-espanola-de-la-carretera\\\/#listItem\",\"name\":\"Juan Francisco Lazcano, reelegido presidente de la Asociaci\\u00f3n Espa\\u00f1ola de la Carretera\"},\"previousItem\":{\"@type\":\"ListItem\",\"@id\":\"https:\\\/\\\/eldigitaldeasturias.com\\\/magazine365#listItem\",\"name\":\"Home\"}},{\"@type\":\"ListItem\",\"@id\":\"https:\\\/\\\/eldigitaldeasturias.com\\\/magazine365\\\/juan-francisco-lazcano-reelegido-presidente-de-la-asociacion-espanola-de-la-carretera\\\/#listItem\",\"position\":3,\"name\":\"Juan Francisco Lazcano, reelegido presidente de la Asociaci\\u00f3n Espa\\u00f1ola de la Carretera\",\"previousItem\":{\"@type\":\"ListItem\",\"@id\":\"https:\\\/\\\/eldigitaldeasturias.com\\\/magazine365\\\/category\\\/noticias-actualidad\\\/#listItem\",\"name\":\"Noticias y Actualidad\"}}]},{\"@type\":\"Organization\",\"@id\":\"https:\\\/\\\/eldigitaldeasturias.com\\\/magazine365\\\/#organization\",\"name\":\"El digital de Asturias\",\"description\":\"Revista de ocio, turismo y estilo de vida\",\"url\":\"https:\\\/\\\/eldigitaldeasturias.com\\\/magazine365\\\/\",\"logo\":{\"@type\":\"ImageObject\",\"url\":\"https:\\\/\\\/www.eldigitaldeasturias.com\\\/noticias\\\/wp-content\\\/uploads\\\/2020\\\/12\\\/EDA.jpg\",\"@id\":\"https:\\\/\\\/eldigitaldeasturias.com\\\/magazine365\\\/juan-francisco-lazcano-reelegido-presidente-de-la-asociacion-espanola-de-la-carretera\\\/#organizationLogo\"},\"image\":{\"@id\":\"https:\\\/\\\/eldigitaldeasturias.com\\\/magazine365\\\/juan-francisco-lazcano-reelegido-presidente-de-la-asociacion-espanola-de-la-carretera\\\/#organizationLogo\"}},{\"@type\":\"Person\",\"@id\":\"https:\\\/\\\/eldigitaldeasturias.com\\\/magazine365\\\/author\\\/admin\\\/#author\",\"url\":\"https:\\\/\\\/eldigitaldeasturias.com\\\/magazine365\\\/author\\\/admin\\\/\",\"name\":\"admin\",\"image\":{\"@type\":\"ImageObject\",\"@id\":\"https:\\\/\\\/eldigitaldeasturias.com\\\/magazine365\\\/juan-francisco-lazcano-reelegido-presidente-de-la-asociacion-espanola-de-la-carretera\\\/#authorImage\",\"url\":\"https:\\\/\\\/eldigitaldeasturias.com\\\/magazine365\\\/wp-content\\\/litespeed\\\/avatar\\\/e571bcf59a0edd6fa6838245a470f2fe.jpg?ver=1777574230\",\"width\":96,\"height\":96,\"caption\":\"admin\"}},{\"@type\":\"WebPage\",\"@id\":\"https:\\\/\\\/eldigitaldeasturias.com\\\/magazine365\\\/juan-francisco-lazcano-reelegido-presidente-de-la-asociacion-espanola-de-la-carretera\\\/#webpage\",\"url\":\"https:\\\/\\\/eldigitaldeasturias.com\\\/magazine365\\\/juan-francisco-lazcano-reelegido-presidente-de-la-asociacion-espanola-de-la-carretera\\\/\",\"name\":\"Juan Francisco Lazcano, reelegido presidente de la Asociaci\\u00f3n Espa\\u00f1ola de la Carretera | El Digital de Asturias\",\"description\":\"Juan Francisco Lazcano ha sido reelegido como presidente de la Asociaci\\u00f3n Espa\\u00f1ola de la Carretera (AEC) tras unas elecciones en las que ha recibido el apoyo un\\u00e1nime del Consejo Directivo de la instituci\\u00f3n. Tras dos a\\u00f1os en este puesto, su nuevo mandato se prolongar\\u00e1 durante los pr\\u00f3ximos cuatro a\\u00f1os. Tras su nombramiento, el Presidente electo\",\"inLanguage\":\"es-ES\",\"isPartOf\":{\"@id\":\"https:\\\/\\\/eldigitaldeasturias.com\\\/magazine365\\\/#website\"},\"breadcrumb\":{\"@id\":\"https:\\\/\\\/eldigitaldeasturias.com\\\/magazine365\\\/juan-francisco-lazcano-reelegido-presidente-de-la-asociacion-espanola-de-la-carretera\\\/#breadcrumblist\"},\"author\":{\"@id\":\"https:\\\/\\\/eldigitaldeasturias.com\\\/magazine365\\\/author\\\/admin\\\/#author\"},\"creator\":{\"@id\":\"https:\\\/\\\/eldigitaldeasturias.com\\\/magazine365\\\/author\\\/admin\\\/#author\"},\"image\":{\"@type\":\"ImageObject\",\"url\":\"https:\\\/\\\/eldigitaldeasturias.com\\\/magazine365\\\/wp-content\\\/uploads\\\/2016\\\/01\\\/fotonoticia_20160114170052_800.jpg\",\"@id\":\"https:\\\/\\\/eldigitaldeasturias.com\\\/magazine365\\\/juan-francisco-lazcano-reelegido-presidente-de-la-asociacion-espanola-de-la-carretera\\\/#mainImage\",\"width\":800,\"height\":457},\"primaryImageOfPage\":{\"@id\":\"https:\\\/\\\/eldigitaldeasturias.com\\\/magazine365\\\/juan-francisco-lazcano-reelegido-presidente-de-la-asociacion-espanola-de-la-carretera\\\/#mainImage\"},\"datePublished\":\"2016-01-15T01:20:14+01:00\",\"dateModified\":\"2016-01-15T01:20:15+01:00\"},{\"@type\":\"WebSite\",\"@id\":\"https:\\\/\\\/eldigitaldeasturias.com\\\/magazine365\\\/#website\",\"url\":\"https:\\\/\\\/eldigitaldeasturias.com\\\/magazine365\\\/\",\"name\":\"El Digital de Asturias\",\"description\":\"Revista de ocio, turismo y estilo de vida\",\"inLanguage\":\"es-ES\",\"publisher\":{\"@id\":\"https:\\\/\\\/eldigitaldeasturias.com\\\/magazine365\\\/#organization\"}}]}\n\t\t<\/script>\n\t\t<!-- All in One SEO Pro -->\r\n\t\t<title>Juan Francisco Lazcano, reelegido presidente de la Asociaci\u00f3n Espa\u00f1ola de la Carretera | El Digital de Asturias<\/title>\n\n","aioseo_head_json":{"title":"Juan Francisco Lazcano, reelegido presidente de la Asociaci\u00f3n Espa\u00f1ola de la Carretera | El Digital de Asturias","description":"Juan Francisco Lazcano ha sido reelegido como presidente de la Asociaci\u00f3n Espa\u00f1ola de la Carretera (AEC) tras unas elecciones en las que ha recibido el apoyo un\u00e1nime del Consejo Directivo de la instituci\u00f3n. Tras dos a\u00f1os en este puesto, su nuevo mandato se prolongar\u00e1 durante los pr\u00f3ximos cuatro a\u00f1os. Tras su nombramiento, el Presidente electo","canonical_url":"https:\/\/eldigitaldeasturias.com\/magazine365\/juan-francisco-lazcano-reelegido-presidente-de-la-asociacion-espanola-de-la-carretera\/","robots":"max-image-preview:large","keywords":"noticias y actualidad","webmasterTools":{"google-site-verification":"UA-38556648-1","miscellaneous":""},"schema":{"@context":"https:\/\/schema.org","@graph":[{"@type":"Article","@id":"https:\/\/eldigitaldeasturias.com\/magazine365\/juan-francisco-lazcano-reelegido-presidente-de-la-asociacion-espanola-de-la-carretera\/#article","name":"Juan Francisco Lazcano, reelegido presidente de la Asociaci\u00f3n Espa\u00f1ola de la Carretera | El Digital de Asturias","headline":"Juan Francisco Lazcano, reelegido presidente de la Asociaci\u00f3n Espa\u00f1ola de la Carretera","author":{"@id":"https:\/\/eldigitaldeasturias.com\/magazine365\/author\/admin\/#author"},"publisher":{"@id":"https:\/\/eldigitaldeasturias.com\/magazine365\/#organization"},"image":{"@type":"ImageObject","url":"https:\/\/eldigitaldeasturias.com\/magazine365\/wp-content\/uploads\/2016\/01\/fotonoticia_20160114170052_800.jpg","width":800,"height":457},"datePublished":"2016-01-15T01:20:14+01:00","dateModified":"2016-01-15T01:20:15+01:00","inLanguage":"es-ES","mainEntityOfPage":{"@id":"https:\/\/eldigitaldeasturias.com\/magazine365\/juan-francisco-lazcano-reelegido-presidente-de-la-asociacion-espanola-de-la-carretera\/#webpage"},"isPartOf":{"@id":"https:\/\/eldigitaldeasturias.com\/magazine365\/juan-francisco-lazcano-reelegido-presidente-de-la-asociacion-espanola-de-la-carretera\/#webpage"},"articleSection":"Noticias y Actualidad"},{"@type":"BreadcrumbList","@id":"https:\/\/eldigitaldeasturias.com\/magazine365\/juan-francisco-lazcano-reelegido-presidente-de-la-asociacion-espanola-de-la-carretera\/#breadcrumblist","itemListElement":[{"@type":"ListItem","@id":"https:\/\/eldigitaldeasturias.com\/magazine365#listItem","position":1,"name":"Home","item":"https:\/\/eldigitaldeasturias.com\/magazine365","nextItem":{"@type":"ListItem","@id":"https:\/\/eldigitaldeasturias.com\/magazine365\/category\/noticias-actualidad\/#listItem","name":"Noticias y Actualidad"}},{"@type":"ListItem","@id":"https:\/\/eldigitaldeasturias.com\/magazine365\/category\/noticias-actualidad\/#listItem","position":2,"name":"Noticias y Actualidad","item":"https:\/\/eldigitaldeasturias.com\/magazine365\/category\/noticias-actualidad\/","nextItem":{"@type":"ListItem","@id":"https:\/\/eldigitaldeasturias.com\/magazine365\/juan-francisco-lazcano-reelegido-presidente-de-la-asociacion-espanola-de-la-carretera\/#listItem","name":"Juan Francisco Lazcano, reelegido presidente de la Asociaci\u00f3n Espa\u00f1ola de la Carretera"},"previousItem":{"@type":"ListItem","@id":"https:\/\/eldigitaldeasturias.com\/magazine365#listItem","name":"Home"}},{"@type":"ListItem","@id":"https:\/\/eldigitaldeasturias.com\/magazine365\/juan-francisco-lazcano-reelegido-presidente-de-la-asociacion-espanola-de-la-carretera\/#listItem","position":3,"name":"Juan Francisco Lazcano, reelegido presidente de la Asociaci\u00f3n Espa\u00f1ola de la Carretera","previousItem":{"@type":"ListItem","@id":"https:\/\/eldigitaldeasturias.com\/magazine365\/category\/noticias-actualidad\/#listItem","name":"Noticias y Actualidad"}}]},{"@type":"Organization","@id":"https:\/\/eldigitaldeasturias.com\/magazine365\/#organization","name":"El digital de Asturias","description":"Revista de ocio, turismo y estilo de vida","url":"https:\/\/eldigitaldeasturias.com\/magazine365\/","logo":{"@type":"ImageObject","url":"https:\/\/www.eldigitaldeasturias.com\/noticias\/wp-content\/uploads\/2020\/12\/EDA.jpg","@id":"https:\/\/eldigitaldeasturias.com\/magazine365\/juan-francisco-lazcano-reelegido-presidente-de-la-asociacion-espanola-de-la-carretera\/#organizationLogo"},"image":{"@id":"https:\/\/eldigitaldeasturias.com\/magazine365\/juan-francisco-lazcano-reelegido-presidente-de-la-asociacion-espanola-de-la-carretera\/#organizationLogo"}},{"@type":"Person","@id":"https:\/\/eldigitaldeasturias.com\/magazine365\/author\/admin\/#author","url":"https:\/\/eldigitaldeasturias.com\/magazine365\/author\/admin\/","name":"admin","image":{"@type":"ImageObject","@id":"https:\/\/eldigitaldeasturias.com\/magazine365\/juan-francisco-lazcano-reelegido-presidente-de-la-asociacion-espanola-de-la-carretera\/#authorImage","url":"https:\/\/eldigitaldeasturias.com\/magazine365\/wp-content\/litespeed\/avatar\/e571bcf59a0edd6fa6838245a470f2fe.jpg?ver=1777574230","width":96,"height":96,"caption":"admin"}},{"@type":"WebPage","@id":"https:\/\/eldigitaldeasturias.com\/magazine365\/juan-francisco-lazcano-reelegido-presidente-de-la-asociacion-espanola-de-la-carretera\/#webpage","url":"https:\/\/eldigitaldeasturias.com\/magazine365\/juan-francisco-lazcano-reelegido-presidente-de-la-asociacion-espanola-de-la-carretera\/","name":"Juan Francisco Lazcano, reelegido presidente de la Asociaci\u00f3n Espa\u00f1ola de la Carretera | El Digital de Asturias","description":"Juan Francisco Lazcano ha sido reelegido como presidente de la Asociaci\u00f3n Espa\u00f1ola de la Carretera (AEC) tras unas elecciones en las que ha recibido el apoyo un\u00e1nime del Consejo Directivo de la instituci\u00f3n. Tras dos a\u00f1os en este puesto, su nuevo mandato se prolongar\u00e1 durante los pr\u00f3ximos cuatro a\u00f1os. Tras su nombramiento, el Presidente electo","inLanguage":"es-ES","isPartOf":{"@id":"https:\/\/eldigitaldeasturias.com\/magazine365\/#website"},"breadcrumb":{"@id":"https:\/\/eldigitaldeasturias.com\/magazine365\/juan-francisco-lazcano-reelegido-presidente-de-la-asociacion-espanola-de-la-carretera\/#breadcrumblist"},"author":{"@id":"https:\/\/eldigitaldeasturias.com\/magazine365\/author\/admin\/#author"},"creator":{"@id":"https:\/\/eldigitaldeasturias.com\/magazine365\/author\/admin\/#author"},"image":{"@type":"ImageObject","url":"https:\/\/eldigitaldeasturias.com\/magazine365\/wp-content\/uploads\/2016\/01\/fotonoticia_20160114170052_800.jpg","@id":"https:\/\/eldigitaldeasturias.com\/magazine365\/juan-francisco-lazcano-reelegido-presidente-de-la-asociacion-espanola-de-la-carretera\/#mainImage","width":800,"height":457},"primaryImageOfPage":{"@id":"https:\/\/eldigitaldeasturias.com\/magazine365\/juan-francisco-lazcano-reelegido-presidente-de-la-asociacion-espanola-de-la-carretera\/#mainImage"},"datePublished":"2016-01-15T01:20:14+01:00","dateModified":"2016-01-15T01:20:15+01:00"},{"@type":"WebSite","@id":"https:\/\/eldigitaldeasturias.com\/magazine365\/#website","url":"https:\/\/eldigitaldeasturias.com\/magazine365\/","name":"El Digital de Asturias","description":"Revista de ocio, turismo y estilo de vida","inLanguage":"es-ES","publisher":{"@id":"https:\/\/eldigitaldeasturias.com\/magazine365\/#organization"}}]},"og:locale":"es_ES","og:site_name":"El Digital de Asturias \u2013 Revista de ocio, turismo y estilo de vida","og:type":"article","og:title":"Juan Francisco Lazcano, reelegido presidente de la Asociaci\u00f3n Espa\u00f1ola de la Carretera | El Digital de Asturias","og:description":"Juan Francisco Lazcano ha sido reelegido como presidente de la Asociaci\u00f3n Espa\u00f1ola de la Carretera (AEC) tras unas elecciones en las que ha recibido el apoyo un\u00e1nime del Consejo Directivo de la instituci\u00f3n. Tras dos a\u00f1os en este puesto, su nuevo mandato se prolongar\u00e1 durante los pr\u00f3ximos cuatro a\u00f1os. Tras su nombramiento, el Presidente electo","og:url":"https:\/\/eldigitaldeasturias.com\/magazine365\/juan-francisco-lazcano-reelegido-presidente-de-la-asociacion-espanola-de-la-carretera\/","og:image":"https:\/\/eldigitaldeasturias.com\/magazine365\/wp-content\/uploads\/2016\/01\/fotonoticia_20160114170052_800.jpg","og:image:secure_url":"https:\/\/eldigitaldeasturias.com\/magazine365\/wp-content\/uploads\/2016\/01\/fotonoticia_20160114170052_800.jpg","og:image:width":800,"og:image:height":457,"article:published_time":"2016-01-15T00:20:14+00:00","article:modified_time":"2016-01-15T00:20:15+00:00","twitter:card":"summary_large_image","twitter:title":"Juan Francisco Lazcano, reelegido presidente de la Asociaci\u00f3n Espa\u00f1ola de la Carretera | El Digital de Asturias","twitter:description":"Juan Francisco Lazcano ha sido reelegido como presidente de la Asociaci\u00f3n Espa\u00f1ola de la Carretera (AEC) tras unas elecciones en las que ha recibido el apoyo un\u00e1nime del Consejo Directivo de la instituci\u00f3n. Tras dos a\u00f1os en este puesto, su nuevo mandato se prolongar\u00e1 durante los pr\u00f3ximos cuatro a\u00f1os. Tras su nombramiento, el Presidente electo","twitter:image":"https:\/\/eldigitaldeasturias.com\/magazine365\/wp-content\/uploads\/2016\/01\/fotonoticia_20160114170052_800.jpg"},"aioseo_meta_data":{"post_id":"60706","title":null,"description":null,"keywords":null,"keyphrases":null,"primary_term":null,"canonical_url":null,"og_title":null,"og_description":null,"og_object_type":"default","og_image_type":"default","og_image_url":null,"og_image_width":null,"og_image_height":null,"og_image_custom_url":null,"og_image_custom_fields":null,"og_video":null,"og_custom_url":null,"og_article_section":null,"og_article_tags":null,"twitter_use_og":false,"twitter_card":"default","twitter_image_type":"default","twitter_image_url":null,"twitter_image_custom_url":null,"twitter_image_custom_fields":null,"twitter_title":null,"twitter_description":null,"schema":{"blockGraphs":[],"customGraphs":[],"default":{"data":{"Article":[],"Course":[],"Dataset":[],"FAQPage":[],"Movie":[],"Person":[],"Product":[],"ProductReview":[],"Car":[],"Recipe":[],"Service":[],"SoftwareApplication":[],"WebPage":[]},"graphName":"","isEnabled":true},"graphs":[],"defaultGraph":"","defaultPostTypeGraph":""},"schema_type":null,"schema_type_options":null,"pillar_content":false,"robots_default":true,"robots_noindex":false,"robots_noarchive":false,"robots_nosnippet":false,"robots_nofollow":false,"robots_noimageindex":false,"robots_noodp":false,"robots_notranslate":false,"robots_max_snippet":null,"robots_max_videopreview":null,"robots_max_imagepreview":"large","priority":null,"frequency":null,"location":null,"local_seo":null,"seo_analyzer_scan_date":"2025-09-25 07:24:01","breadcrumb_settings":null,"limit_modified_date":false,"open_ai":null,"ai":null,"created":"2021-03-08 21:57:16","updated":"2025-09-25 07:24:01"},"aioseo_breadcrumb":"<div class=\"aioseo-breadcrumbs\"><span class=\"aioseo-breadcrumb\">\n\t<a href=\"https:\/\/eldigitaldeasturias.com\/magazine365\" title=\"Home\">Home<\/a>\n<\/span><span class=\"aioseo-breadcrumb-separator\">\u2013<\/span><span class=\"aioseo-breadcrumb\">\n\t<a href=\"https:\/\/eldigitaldeasturias.com\/magazine365\/category\/noticias-actualidad\/\" title=\"Noticias y Actualidad\">Noticias y Actualidad<\/a>\n<\/span><span class=\"aioseo-breadcrumb-separator\">\u2013<\/span><span class=\"aioseo-breadcrumb\">\n\t<a href=\"https:\/\/eldigitaldeasturias.com\/magazine365\/juan-francisco-lazcano-reelegido-presidente-de-la-asociacion-espanola-de-la-carretera\/\" title=\"Juan Francisco Lazcano, reelegido presidente de la Asociaci\u00f3n Espa\u00f1ola de la Carretera\">Juan Francisco Lazcano, reelegido presidente de la Asociaci\u00f3n Espa\u00f1ola de la Carretera<\/a>\n<\/span><\/div>","aioseo_breadcrumb_json":[{"label":"Home","link":"https:\/\/eldigitaldeasturias.com\/magazine365"},{"label":"Noticias y Actualidad","link":"https:\/\/eldigitaldeasturias.com\/magazine365\/category\/noticias-actualidad\/"},{"label":"Juan Francisco Lazcano, reelegido presidente de la Asociaci\u00f3n Espa\u00f1ola de la Carretera","link":"https:\/\/eldigitaldeasturias.com\/magazine365\/juan-francisco-lazcano-reelegido-presidente-de-la-asociacion-espanola-de-la-carretera\/"}],"_links":{"self":[{"href":"https:\/\/eldigitaldeasturias.com\/magazine365\/wp-json\/wp\/v2\/posts\/60706","targetHints":{"allow":["GET"]}}],"collection":[{"href":"https:\/\/eldigitaldeasturias.com\/magazine365\/wp-json\/wp\/v2\/posts"}],"about":[{"href":"https:\/\/eldigitaldeasturias.com\/magazine365\/wp-json\/wp\/v2\/types\/post"}],"author":[{"embeddable":true,"href":"https:\/\/eldigitaldeasturias.com\/magazine365\/wp-json\/wp\/v2\/users\/1"}],"replies":[{"embeddable":true,"href":"https:\/\/eldigitaldeasturias.com\/magazine365\/wp-json\/wp\/v2\/comments?post=60706"}],"version-history":[{"count":0,"href":"https:\/\/eldigitaldeasturias.com\/magazine365\/wp-json\/wp\/v2\/posts\/60706\/revisions"}],"wp:featuredmedia":[{"embeddable":true,"href":"https:\/\/eldigitaldeasturias.com\/magazine365\/wp-json\/wp\/v2\/media\/60707"}],"wp:attachment":[{"href":"https:\/\/eldigitaldeasturias.com\/magazine365\/wp-json\/wp\/v2\/media?parent=60706"}],"wp:term":[{"taxonomy":"category","embeddable":true,"href":"https:\/\/eldigitaldeasturias.com\/magazine365\/wp-json\/wp\/v2\/categories?post=60706"},{"taxonomy":"post_tag","embeddable":true,"href":"https:\/\/eldigitaldeasturias.com\/magazine365\/wp-json\/wp\/v2\/tags?post=60706"}],"curies":[{"name":"wp","href":"https:\/\/api.w.org\/{rel}","templated":true}]}}