{"id":607,"date":"2014-01-10T08:28:21","date_gmt":"2014-01-10T09:28:21","guid":{"rendered":"http:\/\/eldigitaldeasturias.com\/magazine365\/?p=607"},"modified":"2014-01-10T08:28:21","modified_gmt":"2014-01-10T09:28:21","slug":"sebastian-pinera-inauguro-el-renovado-museo-de-arte-precolombino","status":"publish","type":"post","link":"https:\/\/eldigitaldeasturias.com\/magazine365\/sebastian-pinera-inauguro-el-renovado-museo-de-arte-precolombino\/","title":{"rendered":"Sebasti\u00e1n Pi\u00f1era inaugur\u00f3 el renovado Museo de Arte Precolombino"},"content":{"rendered":"<p><img fetchpriority=\"high\" decoding=\"async\" class=\"alignleft size-large wp-image-608\" alt=\"Chile's President Pinera reopens the Museum of pre-Columbian Art\" src=\"https:\/\/eldigitaldeasturias.com\/magazine365\/wp-content\/uploads\/2014\/01\/Chile_s_President_Pi_36862704-650x431.jpg\" width=\"650\" height=\"431\" \/>Galer\u00eda365 es una recopilaci\u00f3n de las im\u00e1genes m\u00e1s curiosas y destacadas de la actualidad mundial, junto a una colecci\u00f3n de fotograf\u00edas de nuestro medio, queda prohibida la descarga de las mismas,\u00a0 siendo sus leg\u00edtimos propietarios El Digital de Asturias \u2013 Magazine 365, las Agencias de noticias BercodiPress, EFE, DPA, Xanina y nuestros colaboradores, todas y cada una de ellas tienen sus respectivos derechos de autor.<\/p>\n<p>Est\u00e1 permitido compartirlas en redes sociales, pero no su descarga, venta, redistribuci\u00f3n o copia, para m\u00e1s informaci\u00f3n consultar nuestro aviso Legal.<\/p>\n<p>foto dpa<\/p>\n","protected":false},"excerpt":{"rendered":"<p>Galer\u00eda365 es una recopilaci\u00f3n de las im\u00e1genes m\u00e1s curiosas y destacadas de la actualidad mundial, junto a una colecci\u00f3n de fotograf\u00edas de nuestro medio, queda prohibida la descarga de las mismas,\u00a0 siendo sus leg\u00edtimos propietarios El Digital de Asturias \u2013 Magazine 365, las Agencias de noticias BercodiPress, EFE, DPA, Xanina y nuestros colaboradores, todas y<\/p>\n","protected":false},"author":1,"featured_media":608,"comment_status":"open","ping_status":"open","sticky":false,"template":"","format":"standard","meta":{"footnotes":""},"categories":[224],"tags":[],"class_list":{"0":"post-607","1":"post","2":"type-post","3":"status-publish","4":"format-standard","5":"has-post-thumbnail","7":"category-noticias-actualidad"},"aioseo_notices":[],"aioseo_head":"\n\t\t<!-- All in One SEO Pro 4.9.6.1 - aioseo.com -->\n\t<meta name=\"description\" content=\"Galer\u00eda365 es una recopilaci\u00f3n de las im\u00e1genes m\u00e1s curiosas y destacadas de la actualidad mundial, junto a una colecci\u00f3n de fotograf\u00edas de nuestro medio, queda prohibida la descarga de las mismas, siendo sus leg\u00edtimos propietarios El Digital de Asturias \u2013 Magazine 365, las Agencias de noticias BercodiPress, EFE, DPA, Xanina y nuestros colaboradores, todas y\" \/>\n\t<meta name=\"robots\" content=\"max-image-preview:large\" \/>\n\t<meta name=\"author\" content=\"admin\"\/>\n\t<meta name=\"google-site-verification\" content=\"UA-38556648-1\" \/>\n\t<meta name=\"keywords\" content=\"noticias y actualidad\" \/>\n\t<link rel=\"canonical\" href=\"https:\/\/eldigitaldeasturias.com\/magazine365\/sebastian-pinera-inauguro-el-renovado-museo-de-arte-precolombino\/\" \/>\n\t<meta name=\"generator\" content=\"All in One SEO Pro (AIOSEO) 4.9.6.1\" \/>\n\t\t<meta property=\"og:locale\" content=\"es_ES\" \/>\n\t\t<meta property=\"og:site_name\" content=\"El Digital de Asturias \u2013 Revista de ocio, turismo y estilo de vida\" \/>\n\t\t<meta property=\"og:type\" content=\"article\" \/>\n\t\t<meta property=\"og:title\" content=\"Sebasti\u00e1n Pi\u00f1era inaugur\u00f3 el renovado Museo de Arte Precolombino | El Digital de Asturias\" \/>\n\t\t<meta property=\"og:description\" content=\"Galer\u00eda365 es una recopilaci\u00f3n de las im\u00e1genes m\u00e1s curiosas y destacadas de la actualidad mundial, junto a una colecci\u00f3n de fotograf\u00edas de nuestro medio, queda prohibida la descarga de las mismas, siendo sus leg\u00edtimos propietarios El Digital de Asturias \u2013 Magazine 365, las Agencias de noticias BercodiPress, EFE, DPA, Xanina y nuestros colaboradores, todas y\" \/>\n\t\t<meta property=\"og:url\" content=\"https:\/\/eldigitaldeasturias.com\/magazine365\/sebastian-pinera-inauguro-el-renovado-museo-de-arte-precolombino\/\" \/>\n\t\t<meta property=\"og:image\" content=\"https:\/\/eldigitaldeasturias.com\/magazine365\/wp-content\/uploads\/2014\/01\/Chile_s_President_Pi_36862704.jpg\" \/>\n\t\t<meta property=\"og:image:secure_url\" content=\"https:\/\/eldigitaldeasturias.com\/magazine365\/wp-content\/uploads\/2014\/01\/Chile_s_President_Pi_36862704.jpg\" \/>\n\t\t<meta property=\"og:image:width\" content=\"2499\" \/>\n\t\t<meta property=\"og:image:height\" content=\"1660\" \/>\n\t\t<meta property=\"article:published_time\" content=\"2014-01-10T09:28:21+00:00\" \/>\n\t\t<meta property=\"article:modified_time\" content=\"2014-01-10T09:28:21+00:00\" \/>\n\t\t<meta name=\"twitter:card\" content=\"summary_large_image\" \/>\n\t\t<meta name=\"twitter:title\" content=\"Sebasti\u00e1n Pi\u00f1era inaugur\u00f3 el renovado Museo de Arte Precolombino | El Digital de Asturias\" \/>\n\t\t<meta name=\"twitter:description\" content=\"Galer\u00eda365 es una recopilaci\u00f3n de las im\u00e1genes m\u00e1s curiosas y destacadas de la actualidad mundial, junto a una colecci\u00f3n de fotograf\u00edas de nuestro medio, queda prohibida la descarga de las mismas, siendo sus leg\u00edtimos propietarios El Digital de Asturias \u2013 Magazine 365, las Agencias de noticias BercodiPress, EFE, DPA, Xanina y nuestros colaboradores, todas y\" \/>\n\t\t<meta name=\"twitter:image\" content=\"https:\/\/eldigitaldeasturias.com\/magazine365\/wp-content\/uploads\/2014\/01\/Chile_s_President_Pi_36862704.jpg\" \/>\n\t\t<script type=\"application\/ld+json\" class=\"aioseo-schema\">\n\t\t\t{\"@context\":\"https:\\\/\\\/schema.org\",\"@graph\":[{\"@type\":\"Article\",\"@id\":\"https:\\\/\\\/eldigitaldeasturias.com\\\/magazine365\\\/sebastian-pinera-inauguro-el-renovado-museo-de-arte-precolombino\\\/#article\",\"name\":\"Sebasti\\u00e1n Pi\\u00f1era inaugur\\u00f3 el renovado Museo de Arte Precolombino | El Digital de Asturias\",\"headline\":\"Sebasti\\u00e1n Pi\\u00f1era inaugur\\u00f3 el renovado Museo de Arte Precolombino\",\"author\":{\"@id\":\"https:\\\/\\\/eldigitaldeasturias.com\\\/magazine365\\\/author\\\/admin\\\/#author\"},\"publisher\":{\"@id\":\"https:\\\/\\\/eldigitaldeasturias.com\\\/magazine365\\\/#organization\"},\"image\":{\"@type\":\"ImageObject\",\"url\":\"https:\\\/\\\/eldigitaldeasturias.com\\\/magazine365\\\/wp-content\\\/uploads\\\/2014\\\/01\\\/Chile_s_President_Pi_36862704.jpg\",\"width\":2499,\"height\":1660},\"datePublished\":\"2014-01-10T08:28:21+01:00\",\"dateModified\":\"2014-01-10T08:28:21+01:00\",\"inLanguage\":\"es-ES\",\"mainEntityOfPage\":{\"@id\":\"https:\\\/\\\/eldigitaldeasturias.com\\\/magazine365\\\/sebastian-pinera-inauguro-el-renovado-museo-de-arte-precolombino\\\/#webpage\"},\"isPartOf\":{\"@id\":\"https:\\\/\\\/eldigitaldeasturias.com\\\/magazine365\\\/sebastian-pinera-inauguro-el-renovado-museo-de-arte-precolombino\\\/#webpage\"},\"articleSection\":\"Noticias y Actualidad\"},{\"@type\":\"BreadcrumbList\",\"@id\":\"https:\\\/\\\/eldigitaldeasturias.com\\\/magazine365\\\/sebastian-pinera-inauguro-el-renovado-museo-de-arte-precolombino\\\/#breadcrumblist\",\"itemListElement\":[{\"@type\":\"ListItem\",\"@id\":\"https:\\\/\\\/eldigitaldeasturias.com\\\/magazine365#listItem\",\"position\":1,\"name\":\"Home\",\"item\":\"https:\\\/\\\/eldigitaldeasturias.com\\\/magazine365\",\"nextItem\":{\"@type\":\"ListItem\",\"@id\":\"https:\\\/\\\/eldigitaldeasturias.com\\\/magazine365\\\/category\\\/noticias-actualidad\\\/#listItem\",\"name\":\"Noticias y Actualidad\"}},{\"@type\":\"ListItem\",\"@id\":\"https:\\\/\\\/eldigitaldeasturias.com\\\/magazine365\\\/category\\\/noticias-actualidad\\\/#listItem\",\"position\":2,\"name\":\"Noticias y Actualidad\",\"item\":\"https:\\\/\\\/eldigitaldeasturias.com\\\/magazine365\\\/category\\\/noticias-actualidad\\\/\",\"nextItem\":{\"@type\":\"ListItem\",\"@id\":\"https:\\\/\\\/eldigitaldeasturias.com\\\/magazine365\\\/sebastian-pinera-inauguro-el-renovado-museo-de-arte-precolombino\\\/#listItem\",\"name\":\"Sebasti\\u00e1n Pi\\u00f1era inaugur\\u00f3 el renovado Museo de Arte Precolombino\"},\"previousItem\":{\"@type\":\"ListItem\",\"@id\":\"https:\\\/\\\/eldigitaldeasturias.com\\\/magazine365#listItem\",\"name\":\"Home\"}},{\"@type\":\"ListItem\",\"@id\":\"https:\\\/\\\/eldigitaldeasturias.com\\\/magazine365\\\/sebastian-pinera-inauguro-el-renovado-museo-de-arte-precolombino\\\/#listItem\",\"position\":3,\"name\":\"Sebasti\\u00e1n Pi\\u00f1era inaugur\\u00f3 el renovado Museo de Arte Precolombino\",\"previousItem\":{\"@type\":\"ListItem\",\"@id\":\"https:\\\/\\\/eldigitaldeasturias.com\\\/magazine365\\\/category\\\/noticias-actualidad\\\/#listItem\",\"name\":\"Noticias y Actualidad\"}}]},{\"@type\":\"Organization\",\"@id\":\"https:\\\/\\\/eldigitaldeasturias.com\\\/magazine365\\\/#organization\",\"name\":\"El digital de Asturias\",\"description\":\"Revista de ocio, turismo y estilo de vida\",\"url\":\"https:\\\/\\\/eldigitaldeasturias.com\\\/magazine365\\\/\",\"logo\":{\"@type\":\"ImageObject\",\"url\":\"https:\\\/\\\/www.eldigitaldeasturias.com\\\/noticias\\\/wp-content\\\/uploads\\\/2020\\\/12\\\/EDA.jpg\",\"@id\":\"https:\\\/\\\/eldigitaldeasturias.com\\\/magazine365\\\/sebastian-pinera-inauguro-el-renovado-museo-de-arte-precolombino\\\/#organizationLogo\"},\"image\":{\"@id\":\"https:\\\/\\\/eldigitaldeasturias.com\\\/magazine365\\\/sebastian-pinera-inauguro-el-renovado-museo-de-arte-precolombino\\\/#organizationLogo\"}},{\"@type\":\"Person\",\"@id\":\"https:\\\/\\\/eldigitaldeasturias.com\\\/magazine365\\\/author\\\/admin\\\/#author\",\"url\":\"https:\\\/\\\/eldigitaldeasturias.com\\\/magazine365\\\/author\\\/admin\\\/\",\"name\":\"admin\",\"image\":{\"@type\":\"ImageObject\",\"@id\":\"https:\\\/\\\/eldigitaldeasturias.com\\\/magazine365\\\/sebastian-pinera-inauguro-el-renovado-museo-de-arte-precolombino\\\/#authorImage\",\"url\":\"https:\\\/\\\/eldigitaldeasturias.com\\\/magazine365\\\/wp-content\\\/litespeed\\\/avatar\\\/e571bcf59a0edd6fa6838245a470f2fe.jpg?ver=1776969259\",\"width\":96,\"height\":96,\"caption\":\"admin\"}},{\"@type\":\"WebPage\",\"@id\":\"https:\\\/\\\/eldigitaldeasturias.com\\\/magazine365\\\/sebastian-pinera-inauguro-el-renovado-museo-de-arte-precolombino\\\/#webpage\",\"url\":\"https:\\\/\\\/eldigitaldeasturias.com\\\/magazine365\\\/sebastian-pinera-inauguro-el-renovado-museo-de-arte-precolombino\\\/\",\"name\":\"Sebasti\\u00e1n Pi\\u00f1era inaugur\\u00f3 el renovado Museo de Arte Precolombino | El Digital de Asturias\",\"description\":\"Galer\\u00eda365 es una recopilaci\\u00f3n de las im\\u00e1genes m\\u00e1s curiosas y destacadas de la actualidad mundial, junto a una colecci\\u00f3n de fotograf\\u00edas de nuestro medio, queda prohibida la descarga de las mismas, siendo sus leg\\u00edtimos propietarios El Digital de Asturias \\u2013 Magazine 365, las Agencias de noticias BercodiPress, EFE, DPA, Xanina y nuestros colaboradores, todas y\",\"inLanguage\":\"es-ES\",\"isPartOf\":{\"@id\":\"https:\\\/\\\/eldigitaldeasturias.com\\\/magazine365\\\/#website\"},\"breadcrumb\":{\"@id\":\"https:\\\/\\\/eldigitaldeasturias.com\\\/magazine365\\\/sebastian-pinera-inauguro-el-renovado-museo-de-arte-precolombino\\\/#breadcrumblist\"},\"author\":{\"@id\":\"https:\\\/\\\/eldigitaldeasturias.com\\\/magazine365\\\/author\\\/admin\\\/#author\"},\"creator\":{\"@id\":\"https:\\\/\\\/eldigitaldeasturias.com\\\/magazine365\\\/author\\\/admin\\\/#author\"},\"image\":{\"@type\":\"ImageObject\",\"url\":\"https:\\\/\\\/eldigitaldeasturias.com\\\/magazine365\\\/wp-content\\\/uploads\\\/2014\\\/01\\\/Chile_s_President_Pi_36862704.jpg\",\"@id\":\"https:\\\/\\\/eldigitaldeasturias.com\\\/magazine365\\\/sebastian-pinera-inauguro-el-renovado-museo-de-arte-precolombino\\\/#mainImage\",\"width\":2499,\"height\":1660},\"primaryImageOfPage\":{\"@id\":\"https:\\\/\\\/eldigitaldeasturias.com\\\/magazine365\\\/sebastian-pinera-inauguro-el-renovado-museo-de-arte-precolombino\\\/#mainImage\"},\"datePublished\":\"2014-01-10T08:28:21+01:00\",\"dateModified\":\"2014-01-10T08:28:21+01:00\"},{\"@type\":\"WebSite\",\"@id\":\"https:\\\/\\\/eldigitaldeasturias.com\\\/magazine365\\\/#website\",\"url\":\"https:\\\/\\\/eldigitaldeasturias.com\\\/magazine365\\\/\",\"name\":\"El Digital de Asturias\",\"description\":\"Revista de ocio, turismo y estilo de vida\",\"inLanguage\":\"es-ES\",\"publisher\":{\"@id\":\"https:\\\/\\\/eldigitaldeasturias.com\\\/magazine365\\\/#organization\"}}]}\n\t\t<\/script>\n\t\t<!-- All in One SEO Pro -->\r\n\t\t<title>Sebasti\u00e1n Pi\u00f1era inaugur\u00f3 el renovado Museo de Arte Precolombino | El Digital de Asturias<\/title>\n\n","aioseo_head_json":{"title":"Sebasti\u00e1n Pi\u00f1era inaugur\u00f3 el renovado Museo de Arte Precolombino | El Digital de Asturias","description":"Galer\u00eda365 es una recopilaci\u00f3n de las im\u00e1genes m\u00e1s curiosas y destacadas de la actualidad mundial, junto a una colecci\u00f3n de fotograf\u00edas de nuestro medio, queda prohibida la descarga de las mismas, siendo sus leg\u00edtimos propietarios El Digital de Asturias \u2013 Magazine 365, las Agencias de noticias BercodiPress, EFE, DPA, Xanina y nuestros colaboradores, todas y","canonical_url":"https:\/\/eldigitaldeasturias.com\/magazine365\/sebastian-pinera-inauguro-el-renovado-museo-de-arte-precolombino\/","robots":"max-image-preview:large","keywords":"noticias y actualidad","webmasterTools":{"google-site-verification":"UA-38556648-1","miscellaneous":""},"schema":{"@context":"https:\/\/schema.org","@graph":[{"@type":"Article","@id":"https:\/\/eldigitaldeasturias.com\/magazine365\/sebastian-pinera-inauguro-el-renovado-museo-de-arte-precolombino\/#article","name":"Sebasti\u00e1n Pi\u00f1era inaugur\u00f3 el renovado Museo de Arte Precolombino | El Digital de Asturias","headline":"Sebasti\u00e1n Pi\u00f1era inaugur\u00f3 el renovado Museo de Arte Precolombino","author":{"@id":"https:\/\/eldigitaldeasturias.com\/magazine365\/author\/admin\/#author"},"publisher":{"@id":"https:\/\/eldigitaldeasturias.com\/magazine365\/#organization"},"image":{"@type":"ImageObject","url":"https:\/\/eldigitaldeasturias.com\/magazine365\/wp-content\/uploads\/2014\/01\/Chile_s_President_Pi_36862704.jpg","width":2499,"height":1660},"datePublished":"2014-01-10T08:28:21+01:00","dateModified":"2014-01-10T08:28:21+01:00","inLanguage":"es-ES","mainEntityOfPage":{"@id":"https:\/\/eldigitaldeasturias.com\/magazine365\/sebastian-pinera-inauguro-el-renovado-museo-de-arte-precolombino\/#webpage"},"isPartOf":{"@id":"https:\/\/eldigitaldeasturias.com\/magazine365\/sebastian-pinera-inauguro-el-renovado-museo-de-arte-precolombino\/#webpage"},"articleSection":"Noticias y Actualidad"},{"@type":"BreadcrumbList","@id":"https:\/\/eldigitaldeasturias.com\/magazine365\/sebastian-pinera-inauguro-el-renovado-museo-de-arte-precolombino\/#breadcrumblist","itemListElement":[{"@type":"ListItem","@id":"https:\/\/eldigitaldeasturias.com\/magazine365#listItem","position":1,"name":"Home","item":"https:\/\/eldigitaldeasturias.com\/magazine365","nextItem":{"@type":"ListItem","@id":"https:\/\/eldigitaldeasturias.com\/magazine365\/category\/noticias-actualidad\/#listItem","name":"Noticias y Actualidad"}},{"@type":"ListItem","@id":"https:\/\/eldigitaldeasturias.com\/magazine365\/category\/noticias-actualidad\/#listItem","position":2,"name":"Noticias y Actualidad","item":"https:\/\/eldigitaldeasturias.com\/magazine365\/category\/noticias-actualidad\/","nextItem":{"@type":"ListItem","@id":"https:\/\/eldigitaldeasturias.com\/magazine365\/sebastian-pinera-inauguro-el-renovado-museo-de-arte-precolombino\/#listItem","name":"Sebasti\u00e1n Pi\u00f1era inaugur\u00f3 el renovado Museo de Arte Precolombino"},"previousItem":{"@type":"ListItem","@id":"https:\/\/eldigitaldeasturias.com\/magazine365#listItem","name":"Home"}},{"@type":"ListItem","@id":"https:\/\/eldigitaldeasturias.com\/magazine365\/sebastian-pinera-inauguro-el-renovado-museo-de-arte-precolombino\/#listItem","position":3,"name":"Sebasti\u00e1n Pi\u00f1era inaugur\u00f3 el renovado Museo de Arte Precolombino","previousItem":{"@type":"ListItem","@id":"https:\/\/eldigitaldeasturias.com\/magazine365\/category\/noticias-actualidad\/#listItem","name":"Noticias y Actualidad"}}]},{"@type":"Organization","@id":"https:\/\/eldigitaldeasturias.com\/magazine365\/#organization","name":"El digital de Asturias","description":"Revista de ocio, turismo y estilo de vida","url":"https:\/\/eldigitaldeasturias.com\/magazine365\/","logo":{"@type":"ImageObject","url":"https:\/\/www.eldigitaldeasturias.com\/noticias\/wp-content\/uploads\/2020\/12\/EDA.jpg","@id":"https:\/\/eldigitaldeasturias.com\/magazine365\/sebastian-pinera-inauguro-el-renovado-museo-de-arte-precolombino\/#organizationLogo"},"image":{"@id":"https:\/\/eldigitaldeasturias.com\/magazine365\/sebastian-pinera-inauguro-el-renovado-museo-de-arte-precolombino\/#organizationLogo"}},{"@type":"Person","@id":"https:\/\/eldigitaldeasturias.com\/magazine365\/author\/admin\/#author","url":"https:\/\/eldigitaldeasturias.com\/magazine365\/author\/admin\/","name":"admin","image":{"@type":"ImageObject","@id":"https:\/\/eldigitaldeasturias.com\/magazine365\/sebastian-pinera-inauguro-el-renovado-museo-de-arte-precolombino\/#authorImage","url":"https:\/\/eldigitaldeasturias.com\/magazine365\/wp-content\/litespeed\/avatar\/e571bcf59a0edd6fa6838245a470f2fe.jpg?ver=1776969259","width":96,"height":96,"caption":"admin"}},{"@type":"WebPage","@id":"https:\/\/eldigitaldeasturias.com\/magazine365\/sebastian-pinera-inauguro-el-renovado-museo-de-arte-precolombino\/#webpage","url":"https:\/\/eldigitaldeasturias.com\/magazine365\/sebastian-pinera-inauguro-el-renovado-museo-de-arte-precolombino\/","name":"Sebasti\u00e1n Pi\u00f1era inaugur\u00f3 el renovado Museo de Arte Precolombino | El Digital de Asturias","description":"Galer\u00eda365 es una recopilaci\u00f3n de las im\u00e1genes m\u00e1s curiosas y destacadas de la actualidad mundial, junto a una colecci\u00f3n de fotograf\u00edas de nuestro medio, queda prohibida la descarga de las mismas, siendo sus leg\u00edtimos propietarios El Digital de Asturias \u2013 Magazine 365, las Agencias de noticias BercodiPress, EFE, DPA, Xanina y nuestros colaboradores, todas y","inLanguage":"es-ES","isPartOf":{"@id":"https:\/\/eldigitaldeasturias.com\/magazine365\/#website"},"breadcrumb":{"@id":"https:\/\/eldigitaldeasturias.com\/magazine365\/sebastian-pinera-inauguro-el-renovado-museo-de-arte-precolombino\/#breadcrumblist"},"author":{"@id":"https:\/\/eldigitaldeasturias.com\/magazine365\/author\/admin\/#author"},"creator":{"@id":"https:\/\/eldigitaldeasturias.com\/magazine365\/author\/admin\/#author"},"image":{"@type":"ImageObject","url":"https:\/\/eldigitaldeasturias.com\/magazine365\/wp-content\/uploads\/2014\/01\/Chile_s_President_Pi_36862704.jpg","@id":"https:\/\/eldigitaldeasturias.com\/magazine365\/sebastian-pinera-inauguro-el-renovado-museo-de-arte-precolombino\/#mainImage","width":2499,"height":1660},"primaryImageOfPage":{"@id":"https:\/\/eldigitaldeasturias.com\/magazine365\/sebastian-pinera-inauguro-el-renovado-museo-de-arte-precolombino\/#mainImage"},"datePublished":"2014-01-10T08:28:21+01:00","dateModified":"2014-01-10T08:28:21+01:00"},{"@type":"WebSite","@id":"https:\/\/eldigitaldeasturias.com\/magazine365\/#website","url":"https:\/\/eldigitaldeasturias.com\/magazine365\/","name":"El Digital de Asturias","description":"Revista de ocio, turismo y estilo de vida","inLanguage":"es-ES","publisher":{"@id":"https:\/\/eldigitaldeasturias.com\/magazine365\/#organization"}}]},"og:locale":"es_ES","og:site_name":"El Digital de Asturias \u2013 Revista de ocio, turismo y estilo de vida","og:type":"article","og:title":"Sebasti\u00e1n Pi\u00f1era inaugur\u00f3 el renovado Museo de Arte Precolombino | El Digital de Asturias","og:description":"Galer\u00eda365 es una recopilaci\u00f3n de las im\u00e1genes m\u00e1s curiosas y destacadas de la actualidad mundial, junto a una colecci\u00f3n de fotograf\u00edas de nuestro medio, queda prohibida la descarga de las mismas, siendo sus leg\u00edtimos propietarios El Digital de Asturias \u2013 Magazine 365, las Agencias de noticias BercodiPress, EFE, DPA, Xanina y nuestros colaboradores, todas y","og:url":"https:\/\/eldigitaldeasturias.com\/magazine365\/sebastian-pinera-inauguro-el-renovado-museo-de-arte-precolombino\/","og:image":"https:\/\/eldigitaldeasturias.com\/magazine365\/wp-content\/uploads\/2014\/01\/Chile_s_President_Pi_36862704.jpg","og:image:secure_url":"https:\/\/eldigitaldeasturias.com\/magazine365\/wp-content\/uploads\/2014\/01\/Chile_s_President_Pi_36862704.jpg","og:image:width":2499,"og:image:height":1660,"article:published_time":"2014-01-10T09:28:21+00:00","article:modified_time":"2014-01-10T09:28:21+00:00","twitter:card":"summary_large_image","twitter:title":"Sebasti\u00e1n Pi\u00f1era inaugur\u00f3 el renovado Museo de Arte Precolombino | El Digital de Asturias","twitter:description":"Galer\u00eda365 es una recopilaci\u00f3n de las im\u00e1genes m\u00e1s curiosas y destacadas de la actualidad mundial, junto a una colecci\u00f3n de fotograf\u00edas de nuestro medio, queda prohibida la descarga de las mismas, siendo sus leg\u00edtimos propietarios El Digital de Asturias \u2013 Magazine 365, las Agencias de noticias BercodiPress, EFE, DPA, Xanina y nuestros colaboradores, todas y","twitter:image":"https:\/\/eldigitaldeasturias.com\/magazine365\/wp-content\/uploads\/2014\/01\/Chile_s_President_Pi_36862704.jpg"},"aioseo_meta_data":{"post_id":"607","title":null,"description":null,"keywords":null,"keyphrases":null,"primary_term":null,"canonical_url":null,"og_title":null,"og_description":null,"og_object_type":"default","og_image_type":"default","og_image_url":null,"og_image_width":null,"og_image_height":null,"og_image_custom_url":null,"og_image_custom_fields":null,"og_video":null,"og_custom_url":null,"og_article_section":null,"og_article_tags":null,"twitter_use_og":false,"twitter_card":"default","twitter_image_type":"default","twitter_image_url":null,"twitter_image_custom_url":null,"twitter_image_custom_fields":null,"twitter_title":null,"twitter_description":null,"schema":{"blockGraphs":[],"customGraphs":[],"default":{"data":{"Article":[],"Course":[],"Dataset":[],"FAQPage":[],"Movie":[],"Person":[],"Product":[],"ProductReview":[],"Car":[],"Recipe":[],"Service":[],"SoftwareApplication":[],"WebPage":[]},"graphName":"","isEnabled":true},"graphs":[],"defaultGraph":"","defaultPostTypeGraph":""},"schema_type":null,"schema_type_options":null,"pillar_content":false,"robots_default":true,"robots_noindex":false,"robots_noarchive":false,"robots_nosnippet":false,"robots_nofollow":false,"robots_noimageindex":false,"robots_noodp":false,"robots_notranslate":false,"robots_max_snippet":null,"robots_max_videopreview":null,"robots_max_imagepreview":"large","priority":null,"frequency":null,"location":null,"local_seo":null,"seo_analyzer_scan_date":"2025-09-16 07:52:58","breadcrumb_settings":null,"limit_modified_date":false,"open_ai":null,"ai":null,"created":"2020-12-21 13:33:31","updated":"2025-09-16 07:52:58"},"aioseo_breadcrumb":"<div class=\"aioseo-breadcrumbs\"><span class=\"aioseo-breadcrumb\">\n\t<a href=\"https:\/\/eldigitaldeasturias.com\/magazine365\" title=\"Home\">Home<\/a>\n<\/span><span class=\"aioseo-breadcrumb-separator\">\u2013<\/span><span class=\"aioseo-breadcrumb\">\n\t<a href=\"https:\/\/eldigitaldeasturias.com\/magazine365\/category\/noticias-actualidad\/\" title=\"Noticias y Actualidad\">Noticias y Actualidad<\/a>\n<\/span><span class=\"aioseo-breadcrumb-separator\">\u2013<\/span><span class=\"aioseo-breadcrumb\">\n\t<a href=\"https:\/\/eldigitaldeasturias.com\/magazine365\/sebastian-pinera-inauguro-el-renovado-museo-de-arte-precolombino\/\" title=\"Sebasti\u00e1n Pi\u00f1era inaugur\u00f3 el renovado Museo de Arte Precolombino\">Sebasti\u00e1n Pi\u00f1era inaugur\u00f3 el renovado Museo de Arte Precolombino<\/a>\n<\/span><\/div>","aioseo_breadcrumb_json":[{"label":"Home","link":"https:\/\/eldigitaldeasturias.com\/magazine365"},{"label":"Noticias y Actualidad","link":"https:\/\/eldigitaldeasturias.com\/magazine365\/category\/noticias-actualidad\/"},{"label":"Sebasti\u00e1n Pi\u00f1era inaugur\u00f3 el renovado Museo de Arte Precolombino","link":"https:\/\/eldigitaldeasturias.com\/magazine365\/sebastian-pinera-inauguro-el-renovado-museo-de-arte-precolombino\/"}],"_links":{"self":[{"href":"https:\/\/eldigitaldeasturias.com\/magazine365\/wp-json\/wp\/v2\/posts\/607","targetHints":{"allow":["GET"]}}],"collection":[{"href":"https:\/\/eldigitaldeasturias.com\/magazine365\/wp-json\/wp\/v2\/posts"}],"about":[{"href":"https:\/\/eldigitaldeasturias.com\/magazine365\/wp-json\/wp\/v2\/types\/post"}],"author":[{"embeddable":true,"href":"https:\/\/eldigitaldeasturias.com\/magazine365\/wp-json\/wp\/v2\/users\/1"}],"replies":[{"embeddable":true,"href":"https:\/\/eldigitaldeasturias.com\/magazine365\/wp-json\/wp\/v2\/comments?post=607"}],"version-history":[{"count":0,"href":"https:\/\/eldigitaldeasturias.com\/magazine365\/wp-json\/wp\/v2\/posts\/607\/revisions"}],"wp:featuredmedia":[{"embeddable":true,"href":"https:\/\/eldigitaldeasturias.com\/magazine365\/wp-json\/wp\/v2\/media\/608"}],"wp:attachment":[{"href":"https:\/\/eldigitaldeasturias.com\/magazine365\/wp-json\/wp\/v2\/media?parent=607"}],"wp:term":[{"taxonomy":"category","embeddable":true,"href":"https:\/\/eldigitaldeasturias.com\/magazine365\/wp-json\/wp\/v2\/categories?post=607"},{"taxonomy":"post_tag","embeddable":true,"href":"https:\/\/eldigitaldeasturias.com\/magazine365\/wp-json\/wp\/v2\/tags?post=607"}],"curies":[{"name":"wp","href":"https:\/\/api.w.org\/{rel}","templated":true}]}}