{"id":60697,"date":"2016-01-15T01:17:07","date_gmt":"2016-01-15T00:17:07","guid":{"rendered":"http:\/\/eldigitaldeasturias.com\/magazine365\/?p=60697"},"modified":"2016-01-15T01:17:07","modified_gmt":"2016-01-15T00:17:07","slug":"la-diputacion-de-malaga-y-el-ayuntamiento-de-ardales-acuerdan-acelerar-la-segunda-fase-del-caminito-del-rey","status":"publish","type":"post","link":"https:\/\/eldigitaldeasturias.com\/magazine365\/la-diputacion-de-malaga-y-el-ayuntamiento-de-ardales-acuerdan-acelerar-la-segunda-fase-del-caminito-del-rey\/","title":{"rendered":"La Diputaci\u00f3n de M\u00e1laga y el Ayuntamiento de Ardales acuerdan acelerar la segunda fase del Caminito del Rey"},"content":{"rendered":"<p><img fetchpriority=\"high\" decoding=\"async\" class=\"alignleft size-medium wp-image-60698\" src=\"https:\/\/eldigitaldeasturias.com\/magazine365\/wp-content\/uploads\/2016\/01\/fotonoticia_20160114160939_800-360x270.jpg\" alt=\"fotonoticia_20160114160939_800\" width=\"360\" height=\"270\" srcset=\"https:\/\/eldigitaldeasturias.com\/magazine365\/wp-content\/uploads\/2016\/01\/fotonoticia_20160114160939_800-360x270.jpg 360w, https:\/\/eldigitaldeasturias.com\/magazine365\/wp-content\/uploads\/2016\/01\/fotonoticia_20160114160939_800-650x488.jpg 650w, https:\/\/eldigitaldeasturias.com\/magazine365\/wp-content\/uploads\/2016\/01\/fotonoticia_20160114160939_800-768x576.jpg 768w, https:\/\/eldigitaldeasturias.com\/magazine365\/wp-content\/uploads\/2016\/01\/fotonoticia_20160114160939_800-150x113.jpg 150w, https:\/\/eldigitaldeasturias.com\/magazine365\/wp-content\/uploads\/2016\/01\/fotonoticia_20160114160939_800-450x338.jpg 450w, https:\/\/eldigitaldeasturias.com\/magazine365\/wp-content\/uploads\/2016\/01\/fotonoticia_20160114160939_800-80x60.jpg 80w, https:\/\/eldigitaldeasturias.com\/magazine365\/wp-content\/uploads\/2016\/01\/fotonoticia_20160114160939_800-265x198.jpg 265w, https:\/\/eldigitaldeasturias.com\/magazine365\/wp-content\/uploads\/2016\/01\/fotonoticia_20160114160939_800-696x522.jpg 696w, https:\/\/eldigitaldeasturias.com\/magazine365\/wp-content\/uploads\/2016\/01\/fotonoticia_20160114160939_800-560x420.jpg 560w, https:\/\/eldigitaldeasturias.com\/magazine365\/wp-content\/uploads\/2016\/01\/fotonoticia_20160114160939_800-90x67.jpg 90w, https:\/\/eldigitaldeasturias.com\/magazine365\/wp-content\/uploads\/2016\/01\/fotonoticia_20160114160939_800-164x124.jpg 164w, https:\/\/eldigitaldeasturias.com\/magazine365\/wp-content\/uploads\/2016\/01\/fotonoticia_20160114160939_800-100x75.jpg 100w, https:\/\/eldigitaldeasturias.com\/magazine365\/wp-content\/uploads\/2016\/01\/fotonoticia_20160114160939_800.jpg 800w\" sizes=\"(max-width: 360px) 100vw, 360px\" \/>La Diputaci\u00f3n de M\u00e1laga y el Ayuntamiento de Ardales han acordado impulsar la segunda fase del Caminito del Rey en el municipio malague\u00f1o. Las actuaciones, que en su conjunto supondr\u00e1n un desembolso por parte del ente provincial de 2,28 millones de euros, implican la construcci\u00f3n de dos centros de interpretaci\u00f3n, aparcamientos y mejoras en el recorrido.<\/p>\n<p>As\u00ed lo ha dado a conocer este jueves el presidente de la Diputaci\u00f3n, El\u00edas Bendodo, junto a la alcaldesa de la localidad, Mar\u00eda del Mar Gonz\u00e1lez, durante su encuentro de trabajo para tratar asuntos de inter\u00e9s en el municipio.<\/p>\n<p>\u00abDesde la Diputaci\u00f3n existe un compromiso firme de continuar mejorando el Caminito del Rey y su entorno para que siga siendo motor del turismo interior y uno de los grandes referentes de la provincia\u00bb, ha se\u00f1alado Bendodo, quien, al finalizar la reuni\u00f3n con la regidora, ha aprovechado para visitar al expresidente socialista de la entidad supramunicipal Salvador Pend\u00f3n en el colegio donde ejerce ahora como profesor.<\/p>\n<p>Para la acometida de los proyectos de construcci\u00f3n de un centro de interpretaci\u00f3n y recepci\u00f3n de visitantes en Ardales y de los aparcamientos, el Ayuntamiento se ha comprometido a ceder los terrenos de la zona de Atalaya.<\/p>\n<p>Esta instalaci\u00f3n ofrecer\u00e1 informaci\u00f3n tur\u00edstica sobre el Caminito del Rey, su entorno natural y los municipios que lo circundan, adem\u00e1s de poner a la venta publicaciones y material audiovisual.<\/p>\n<p>Durante su visita a Ardales, el presidente se ha desplazado junto a la alcaldesa hasta el campo de f\u00fatbol municipal para comprobar de primera mano los da\u00f1os que las instalaciones deportivas presentan desde que en oto\u00f1o de 2009 resultaran seriamente afectadas por las lluvias torrenciales.<\/p>\n<p>As\u00ed, ha expresado el compromiso de la Diputaci\u00f3n de realizar un estudio t\u00e9cnico de los da\u00f1os para valorar la viabilidad de las medidas necesarias para volver a poner en funcionamiento las zonas afectadas de la instalaci\u00f3n.<\/p>\n<p>CIRCUNVALACI\u00d3N<\/p>\n<p>El presidente de la Diputaci\u00f3n se ha comprometido, igualmente, a finalizar el \u00faltimo tramo de la circunvalaci\u00f3n del municipio, que a\u00fan no est\u00e1 en funcionamiento.<\/p>\n<p>Dentro de la inversi\u00f3n total de la Diputaci\u00f3n en el municipio durante 2015, que super\u00f3 los 600.000 euros, la junta de gobierno aprob\u00f3 el pasado mes de diciembre la concesi\u00f3n de subvenciones por un valor de 132.118 euros para la ejecuci\u00f3n de tres proyectos de mejora del entorno del Caminito del Rey.<\/p>\n<p>Se trata del plan de &#8216;Mejora del camping Ardales y albergue municipal&#8217; y de los proyectos de &#8216;Se\u00f1alizaci\u00f3n tur\u00edstica-informativa de los accesos al Caminito del Rey y yacimiento de Bobastro&#8217; y &#8216;Se\u00f1alizaci\u00f3n tur\u00edstica-informativa e iluminaci\u00f3n art\u00edstica de la Pe\u00f1a de Ardales&#8217;.<\/p>\n<p>El plan de mejora del camping de Ardales y albergue municipal est\u00e1 dotado con 107.618 euros, destinados a la mejora de estas infraestructuras tur\u00edsticas.<\/p>\n<p>Tambi\u00e9n se adecuar\u00e1 el acceso peatonal a las distintas instalaciones existentes, facilitando el paso de las personas discapacitadas a las zonas de servicios principales, y se dotar\u00e1 al camping de una caldera de acuerdo con la normativa de eficiencia energ\u00e9tica.<\/p>\n<p>El proyecto de &#8216;Se\u00f1alizaci\u00f3n tur\u00edstica-informativa de los accesos al Caminito del Rey y yacimiento de Bobastro&#8217; est\u00e1 dotado con 10.379 euros, que financiar\u00e1n paneles biling\u00fces de se\u00f1alizaci\u00f3n en la entrada norte y en la iglesia rupestre moz\u00e1rabe de Bobastro, permitiendo realizar una visita guiada por los distintos recintos y disponer de informaci\u00f3n suficiente y eficiente tanto tur\u00edstica como cultural.<\/p>\n<p>Por \u00faltimo, el proyecto de &#8216;Se\u00f1alizaci\u00f3n tur\u00edstica-informativa e iluminaci\u00f3n art\u00edstica de la Pe\u00f1a de Ardales&#8217; cuenta con una financiaci\u00f3n de 14.120 euros.<\/p>\n","protected":false},"excerpt":{"rendered":"<p>La Diputaci\u00f3n de M\u00e1laga y el Ayuntamiento de Ardales han acordado impulsar la segunda fase del Caminito del Rey en el municipio malague\u00f1o. Las actuaciones, que en su conjunto supondr\u00e1n un desembolso por parte del ente provincial de 2,28 millones de euros, implican la construcci\u00f3n de dos centros de interpretaci\u00f3n, aparcamientos y mejoras en el<\/p>\n","protected":false},"author":1,"featured_media":60698,"comment_status":"open","ping_status":"closed","sticky":false,"template":"","format":"standard","meta":{"footnotes":""},"categories":[224],"tags":[],"class_list":{"0":"post-60697","1":"post","2":"type-post","3":"status-publish","4":"format-standard","5":"has-post-thumbnail","7":"category-noticias-actualidad"},"aioseo_notices":[],"aioseo_head":"\n\t\t<!-- All in One SEO Pro 4.9.6.1 - aioseo.com -->\n\t<meta name=\"description\" content=\"La Diputaci\u00f3n de M\u00e1laga y el Ayuntamiento de Ardales han acordado impulsar la segunda fase del Caminito del Rey en el municipio malague\u00f1o. Las actuaciones, que en su conjunto supondr\u00e1n un desembolso por parte del ente provincial de 2,28 millones de euros, implican la construcci\u00f3n de dos centros de interpretaci\u00f3n, aparcamientos y mejoras en el\" \/>\n\t<meta name=\"robots\" content=\"max-image-preview:large\" \/>\n\t<meta name=\"author\" content=\"admin\"\/>\n\t<meta name=\"google-site-verification\" content=\"UA-38556648-1\" \/>\n\t<meta name=\"keywords\" content=\"noticias y actualidad\" \/>\n\t<link rel=\"canonical\" href=\"https:\/\/eldigitaldeasturias.com\/magazine365\/la-diputacion-de-malaga-y-el-ayuntamiento-de-ardales-acuerdan-acelerar-la-segunda-fase-del-caminito-del-rey\/\" \/>\n\t<meta name=\"generator\" content=\"All in One SEO Pro (AIOSEO) 4.9.6.1\" \/>\n\t\t<meta property=\"og:locale\" content=\"es_ES\" \/>\n\t\t<meta property=\"og:site_name\" content=\"El Digital de Asturias \u2013 Revista de ocio, turismo y estilo de vida\" \/>\n\t\t<meta property=\"og:type\" content=\"article\" \/>\n\t\t<meta property=\"og:title\" content=\"La Diputaci\u00f3n de M\u00e1laga y el Ayuntamiento de Ardales acuerdan acelerar la segunda fase del Caminito del Rey | El Digital de Asturias\" \/>\n\t\t<meta property=\"og:description\" content=\"La Diputaci\u00f3n de M\u00e1laga y el Ayuntamiento de Ardales han acordado impulsar la segunda fase del Caminito del Rey en el municipio malague\u00f1o. Las actuaciones, que en su conjunto supondr\u00e1n un desembolso por parte del ente provincial de 2,28 millones de euros, implican la construcci\u00f3n de dos centros de interpretaci\u00f3n, aparcamientos y mejoras en el\" \/>\n\t\t<meta property=\"og:url\" content=\"https:\/\/eldigitaldeasturias.com\/magazine365\/la-diputacion-de-malaga-y-el-ayuntamiento-de-ardales-acuerdan-acelerar-la-segunda-fase-del-caminito-del-rey\/\" \/>\n\t\t<meta property=\"og:image\" content=\"https:\/\/eldigitaldeasturias.com\/magazine365\/wp-content\/uploads\/2016\/01\/fotonoticia_20160114160939_800.jpg\" \/>\n\t\t<meta property=\"og:image:secure_url\" content=\"https:\/\/eldigitaldeasturias.com\/magazine365\/wp-content\/uploads\/2016\/01\/fotonoticia_20160114160939_800.jpg\" \/>\n\t\t<meta property=\"og:image:width\" content=\"800\" \/>\n\t\t<meta property=\"og:image:height\" content=\"600\" \/>\n\t\t<meta property=\"article:published_time\" content=\"2016-01-15T00:17:07+00:00\" \/>\n\t\t<meta property=\"article:modified_time\" content=\"2016-01-15T00:17:07+00:00\" \/>\n\t\t<meta name=\"twitter:card\" content=\"summary_large_image\" \/>\n\t\t<meta name=\"twitter:title\" content=\"La Diputaci\u00f3n de M\u00e1laga y el Ayuntamiento de Ardales acuerdan acelerar la segunda fase del Caminito del Rey | El Digital de Asturias\" \/>\n\t\t<meta name=\"twitter:description\" content=\"La Diputaci\u00f3n de M\u00e1laga y el Ayuntamiento de Ardales han acordado impulsar la segunda fase del Caminito del Rey en el municipio malague\u00f1o. Las actuaciones, que en su conjunto supondr\u00e1n un desembolso por parte del ente provincial de 2,28 millones de euros, implican la construcci\u00f3n de dos centros de interpretaci\u00f3n, aparcamientos y mejoras en el\" \/>\n\t\t<meta name=\"twitter:image\" content=\"https:\/\/eldigitaldeasturias.com\/magazine365\/wp-content\/uploads\/2016\/01\/fotonoticia_20160114160939_800.jpg\" \/>\n\t\t<script type=\"application\/ld+json\" class=\"aioseo-schema\">\n\t\t\t{\"@context\":\"https:\\\/\\\/schema.org\",\"@graph\":[{\"@type\":\"Article\",\"@id\":\"https:\\\/\\\/eldigitaldeasturias.com\\\/magazine365\\\/la-diputacion-de-malaga-y-el-ayuntamiento-de-ardales-acuerdan-acelerar-la-segunda-fase-del-caminito-del-rey\\\/#article\",\"name\":\"La Diputaci\\u00f3n de M\\u00e1laga y el Ayuntamiento de Ardales acuerdan acelerar la segunda fase del Caminito del Rey | El Digital de Asturias\",\"headline\":\"La Diputaci\\u00f3n de M\\u00e1laga y el Ayuntamiento de Ardales acuerdan acelerar la segunda fase del Caminito del Rey\",\"author\":{\"@id\":\"https:\\\/\\\/eldigitaldeasturias.com\\\/magazine365\\\/author\\\/admin\\\/#author\"},\"publisher\":{\"@id\":\"https:\\\/\\\/eldigitaldeasturias.com\\\/magazine365\\\/#organization\"},\"image\":{\"@type\":\"ImageObject\",\"url\":\"https:\\\/\\\/eldigitaldeasturias.com\\\/magazine365\\\/wp-content\\\/uploads\\\/2016\\\/01\\\/fotonoticia_20160114160939_800.jpg\",\"width\":800,\"height\":600},\"datePublished\":\"2016-01-15T01:17:07+01:00\",\"dateModified\":\"2016-01-15T01:17:07+01:00\",\"inLanguage\":\"es-ES\",\"mainEntityOfPage\":{\"@id\":\"https:\\\/\\\/eldigitaldeasturias.com\\\/magazine365\\\/la-diputacion-de-malaga-y-el-ayuntamiento-de-ardales-acuerdan-acelerar-la-segunda-fase-del-caminito-del-rey\\\/#webpage\"},\"isPartOf\":{\"@id\":\"https:\\\/\\\/eldigitaldeasturias.com\\\/magazine365\\\/la-diputacion-de-malaga-y-el-ayuntamiento-de-ardales-acuerdan-acelerar-la-segunda-fase-del-caminito-del-rey\\\/#webpage\"},\"articleSection\":\"Noticias y Actualidad\"},{\"@type\":\"BreadcrumbList\",\"@id\":\"https:\\\/\\\/eldigitaldeasturias.com\\\/magazine365\\\/la-diputacion-de-malaga-y-el-ayuntamiento-de-ardales-acuerdan-acelerar-la-segunda-fase-del-caminito-del-rey\\\/#breadcrumblist\",\"itemListElement\":[{\"@type\":\"ListItem\",\"@id\":\"https:\\\/\\\/eldigitaldeasturias.com\\\/magazine365#listItem\",\"position\":1,\"name\":\"Home\",\"item\":\"https:\\\/\\\/eldigitaldeasturias.com\\\/magazine365\",\"nextItem\":{\"@type\":\"ListItem\",\"@id\":\"https:\\\/\\\/eldigitaldeasturias.com\\\/magazine365\\\/category\\\/noticias-actualidad\\\/#listItem\",\"name\":\"Noticias y Actualidad\"}},{\"@type\":\"ListItem\",\"@id\":\"https:\\\/\\\/eldigitaldeasturias.com\\\/magazine365\\\/category\\\/noticias-actualidad\\\/#listItem\",\"position\":2,\"name\":\"Noticias y Actualidad\",\"item\":\"https:\\\/\\\/eldigitaldeasturias.com\\\/magazine365\\\/category\\\/noticias-actualidad\\\/\",\"nextItem\":{\"@type\":\"ListItem\",\"@id\":\"https:\\\/\\\/eldigitaldeasturias.com\\\/magazine365\\\/la-diputacion-de-malaga-y-el-ayuntamiento-de-ardales-acuerdan-acelerar-la-segunda-fase-del-caminito-del-rey\\\/#listItem\",\"name\":\"La Diputaci\\u00f3n de M\\u00e1laga y el Ayuntamiento de Ardales acuerdan acelerar la segunda fase del Caminito del Rey\"},\"previousItem\":{\"@type\":\"ListItem\",\"@id\":\"https:\\\/\\\/eldigitaldeasturias.com\\\/magazine365#listItem\",\"name\":\"Home\"}},{\"@type\":\"ListItem\",\"@id\":\"https:\\\/\\\/eldigitaldeasturias.com\\\/magazine365\\\/la-diputacion-de-malaga-y-el-ayuntamiento-de-ardales-acuerdan-acelerar-la-segunda-fase-del-caminito-del-rey\\\/#listItem\",\"position\":3,\"name\":\"La Diputaci\\u00f3n de M\\u00e1laga y el Ayuntamiento de Ardales acuerdan acelerar la segunda fase del Caminito del Rey\",\"previousItem\":{\"@type\":\"ListItem\",\"@id\":\"https:\\\/\\\/eldigitaldeasturias.com\\\/magazine365\\\/category\\\/noticias-actualidad\\\/#listItem\",\"name\":\"Noticias y Actualidad\"}}]},{\"@type\":\"Organization\",\"@id\":\"https:\\\/\\\/eldigitaldeasturias.com\\\/magazine365\\\/#organization\",\"name\":\"El digital de Asturias\",\"description\":\"Revista de ocio, turismo y estilo de vida\",\"url\":\"https:\\\/\\\/eldigitaldeasturias.com\\\/magazine365\\\/\",\"logo\":{\"@type\":\"ImageObject\",\"url\":\"https:\\\/\\\/www.eldigitaldeasturias.com\\\/noticias\\\/wp-content\\\/uploads\\\/2020\\\/12\\\/EDA.jpg\",\"@id\":\"https:\\\/\\\/eldigitaldeasturias.com\\\/magazine365\\\/la-diputacion-de-malaga-y-el-ayuntamiento-de-ardales-acuerdan-acelerar-la-segunda-fase-del-caminito-del-rey\\\/#organizationLogo\"},\"image\":{\"@id\":\"https:\\\/\\\/eldigitaldeasturias.com\\\/magazine365\\\/la-diputacion-de-malaga-y-el-ayuntamiento-de-ardales-acuerdan-acelerar-la-segunda-fase-del-caminito-del-rey\\\/#organizationLogo\"}},{\"@type\":\"Person\",\"@id\":\"https:\\\/\\\/eldigitaldeasturias.com\\\/magazine365\\\/author\\\/admin\\\/#author\",\"url\":\"https:\\\/\\\/eldigitaldeasturias.com\\\/magazine365\\\/author\\\/admin\\\/\",\"name\":\"admin\",\"image\":{\"@type\":\"ImageObject\",\"@id\":\"https:\\\/\\\/eldigitaldeasturias.com\\\/magazine365\\\/la-diputacion-de-malaga-y-el-ayuntamiento-de-ardales-acuerdan-acelerar-la-segunda-fase-del-caminito-del-rey\\\/#authorImage\",\"url\":\"https:\\\/\\\/eldigitaldeasturias.com\\\/magazine365\\\/wp-content\\\/litespeed\\\/avatar\\\/e571bcf59a0edd6fa6838245a470f2fe.jpg?ver=1777574230\",\"width\":96,\"height\":96,\"caption\":\"admin\"}},{\"@type\":\"WebPage\",\"@id\":\"https:\\\/\\\/eldigitaldeasturias.com\\\/magazine365\\\/la-diputacion-de-malaga-y-el-ayuntamiento-de-ardales-acuerdan-acelerar-la-segunda-fase-del-caminito-del-rey\\\/#webpage\",\"url\":\"https:\\\/\\\/eldigitaldeasturias.com\\\/magazine365\\\/la-diputacion-de-malaga-y-el-ayuntamiento-de-ardales-acuerdan-acelerar-la-segunda-fase-del-caminito-del-rey\\\/\",\"name\":\"La Diputaci\\u00f3n de M\\u00e1laga y el Ayuntamiento de Ardales acuerdan acelerar la segunda fase del Caminito del Rey | El Digital de Asturias\",\"description\":\"La Diputaci\\u00f3n de M\\u00e1laga y el Ayuntamiento de Ardales han acordado impulsar la segunda fase del Caminito del Rey en el municipio malague\\u00f1o. Las actuaciones, que en su conjunto supondr\\u00e1n un desembolso por parte del ente provincial de 2,28 millones de euros, implican la construcci\\u00f3n de dos centros de interpretaci\\u00f3n, aparcamientos y mejoras en el\",\"inLanguage\":\"es-ES\",\"isPartOf\":{\"@id\":\"https:\\\/\\\/eldigitaldeasturias.com\\\/magazine365\\\/#website\"},\"breadcrumb\":{\"@id\":\"https:\\\/\\\/eldigitaldeasturias.com\\\/magazine365\\\/la-diputacion-de-malaga-y-el-ayuntamiento-de-ardales-acuerdan-acelerar-la-segunda-fase-del-caminito-del-rey\\\/#breadcrumblist\"},\"author\":{\"@id\":\"https:\\\/\\\/eldigitaldeasturias.com\\\/magazine365\\\/author\\\/admin\\\/#author\"},\"creator\":{\"@id\":\"https:\\\/\\\/eldigitaldeasturias.com\\\/magazine365\\\/author\\\/admin\\\/#author\"},\"image\":{\"@type\":\"ImageObject\",\"url\":\"https:\\\/\\\/eldigitaldeasturias.com\\\/magazine365\\\/wp-content\\\/uploads\\\/2016\\\/01\\\/fotonoticia_20160114160939_800.jpg\",\"@id\":\"https:\\\/\\\/eldigitaldeasturias.com\\\/magazine365\\\/la-diputacion-de-malaga-y-el-ayuntamiento-de-ardales-acuerdan-acelerar-la-segunda-fase-del-caminito-del-rey\\\/#mainImage\",\"width\":800,\"height\":600},\"primaryImageOfPage\":{\"@id\":\"https:\\\/\\\/eldigitaldeasturias.com\\\/magazine365\\\/la-diputacion-de-malaga-y-el-ayuntamiento-de-ardales-acuerdan-acelerar-la-segunda-fase-del-caminito-del-rey\\\/#mainImage\"},\"datePublished\":\"2016-01-15T01:17:07+01:00\",\"dateModified\":\"2016-01-15T01:17:07+01:00\"},{\"@type\":\"WebSite\",\"@id\":\"https:\\\/\\\/eldigitaldeasturias.com\\\/magazine365\\\/#website\",\"url\":\"https:\\\/\\\/eldigitaldeasturias.com\\\/magazine365\\\/\",\"name\":\"El Digital de Asturias\",\"description\":\"Revista de ocio, turismo y estilo de vida\",\"inLanguage\":\"es-ES\",\"publisher\":{\"@id\":\"https:\\\/\\\/eldigitaldeasturias.com\\\/magazine365\\\/#organization\"}}]}\n\t\t<\/script>\n\t\t<!-- All in One SEO Pro -->\r\n\t\t<title>La Diputaci\u00f3n de M\u00e1laga y el Ayuntamiento de Ardales acuerdan acelerar la segunda fase del Caminito del Rey | El Digital de Asturias<\/title>\n\n","aioseo_head_json":{"title":"La Diputaci\u00f3n de M\u00e1laga y el Ayuntamiento de Ardales acuerdan acelerar la segunda fase del Caminito del Rey | El Digital de Asturias","description":"La Diputaci\u00f3n de M\u00e1laga y el Ayuntamiento de Ardales han acordado impulsar la segunda fase del Caminito del Rey en el municipio malague\u00f1o. Las actuaciones, que en su conjunto supondr\u00e1n un desembolso por parte del ente provincial de 2,28 millones de euros, implican la construcci\u00f3n de dos centros de interpretaci\u00f3n, aparcamientos y mejoras en el","canonical_url":"https:\/\/eldigitaldeasturias.com\/magazine365\/la-diputacion-de-malaga-y-el-ayuntamiento-de-ardales-acuerdan-acelerar-la-segunda-fase-del-caminito-del-rey\/","robots":"max-image-preview:large","keywords":"noticias y actualidad","webmasterTools":{"google-site-verification":"UA-38556648-1","miscellaneous":""},"schema":{"@context":"https:\/\/schema.org","@graph":[{"@type":"Article","@id":"https:\/\/eldigitaldeasturias.com\/magazine365\/la-diputacion-de-malaga-y-el-ayuntamiento-de-ardales-acuerdan-acelerar-la-segunda-fase-del-caminito-del-rey\/#article","name":"La Diputaci\u00f3n de M\u00e1laga y el Ayuntamiento de Ardales acuerdan acelerar la segunda fase del Caminito del Rey | El Digital de Asturias","headline":"La Diputaci\u00f3n de M\u00e1laga y el Ayuntamiento de Ardales acuerdan acelerar la segunda fase del Caminito del Rey","author":{"@id":"https:\/\/eldigitaldeasturias.com\/magazine365\/author\/admin\/#author"},"publisher":{"@id":"https:\/\/eldigitaldeasturias.com\/magazine365\/#organization"},"image":{"@type":"ImageObject","url":"https:\/\/eldigitaldeasturias.com\/magazine365\/wp-content\/uploads\/2016\/01\/fotonoticia_20160114160939_800.jpg","width":800,"height":600},"datePublished":"2016-01-15T01:17:07+01:00","dateModified":"2016-01-15T01:17:07+01:00","inLanguage":"es-ES","mainEntityOfPage":{"@id":"https:\/\/eldigitaldeasturias.com\/magazine365\/la-diputacion-de-malaga-y-el-ayuntamiento-de-ardales-acuerdan-acelerar-la-segunda-fase-del-caminito-del-rey\/#webpage"},"isPartOf":{"@id":"https:\/\/eldigitaldeasturias.com\/magazine365\/la-diputacion-de-malaga-y-el-ayuntamiento-de-ardales-acuerdan-acelerar-la-segunda-fase-del-caminito-del-rey\/#webpage"},"articleSection":"Noticias y Actualidad"},{"@type":"BreadcrumbList","@id":"https:\/\/eldigitaldeasturias.com\/magazine365\/la-diputacion-de-malaga-y-el-ayuntamiento-de-ardales-acuerdan-acelerar-la-segunda-fase-del-caminito-del-rey\/#breadcrumblist","itemListElement":[{"@type":"ListItem","@id":"https:\/\/eldigitaldeasturias.com\/magazine365#listItem","position":1,"name":"Home","item":"https:\/\/eldigitaldeasturias.com\/magazine365","nextItem":{"@type":"ListItem","@id":"https:\/\/eldigitaldeasturias.com\/magazine365\/category\/noticias-actualidad\/#listItem","name":"Noticias y Actualidad"}},{"@type":"ListItem","@id":"https:\/\/eldigitaldeasturias.com\/magazine365\/category\/noticias-actualidad\/#listItem","position":2,"name":"Noticias y Actualidad","item":"https:\/\/eldigitaldeasturias.com\/magazine365\/category\/noticias-actualidad\/","nextItem":{"@type":"ListItem","@id":"https:\/\/eldigitaldeasturias.com\/magazine365\/la-diputacion-de-malaga-y-el-ayuntamiento-de-ardales-acuerdan-acelerar-la-segunda-fase-del-caminito-del-rey\/#listItem","name":"La Diputaci\u00f3n de M\u00e1laga y el Ayuntamiento de Ardales acuerdan acelerar la segunda fase del Caminito del Rey"},"previousItem":{"@type":"ListItem","@id":"https:\/\/eldigitaldeasturias.com\/magazine365#listItem","name":"Home"}},{"@type":"ListItem","@id":"https:\/\/eldigitaldeasturias.com\/magazine365\/la-diputacion-de-malaga-y-el-ayuntamiento-de-ardales-acuerdan-acelerar-la-segunda-fase-del-caminito-del-rey\/#listItem","position":3,"name":"La Diputaci\u00f3n de M\u00e1laga y el Ayuntamiento de Ardales acuerdan acelerar la segunda fase del Caminito del Rey","previousItem":{"@type":"ListItem","@id":"https:\/\/eldigitaldeasturias.com\/magazine365\/category\/noticias-actualidad\/#listItem","name":"Noticias y Actualidad"}}]},{"@type":"Organization","@id":"https:\/\/eldigitaldeasturias.com\/magazine365\/#organization","name":"El digital de Asturias","description":"Revista de ocio, turismo y estilo de vida","url":"https:\/\/eldigitaldeasturias.com\/magazine365\/","logo":{"@type":"ImageObject","url":"https:\/\/www.eldigitaldeasturias.com\/noticias\/wp-content\/uploads\/2020\/12\/EDA.jpg","@id":"https:\/\/eldigitaldeasturias.com\/magazine365\/la-diputacion-de-malaga-y-el-ayuntamiento-de-ardales-acuerdan-acelerar-la-segunda-fase-del-caminito-del-rey\/#organizationLogo"},"image":{"@id":"https:\/\/eldigitaldeasturias.com\/magazine365\/la-diputacion-de-malaga-y-el-ayuntamiento-de-ardales-acuerdan-acelerar-la-segunda-fase-del-caminito-del-rey\/#organizationLogo"}},{"@type":"Person","@id":"https:\/\/eldigitaldeasturias.com\/magazine365\/author\/admin\/#author","url":"https:\/\/eldigitaldeasturias.com\/magazine365\/author\/admin\/","name":"admin","image":{"@type":"ImageObject","@id":"https:\/\/eldigitaldeasturias.com\/magazine365\/la-diputacion-de-malaga-y-el-ayuntamiento-de-ardales-acuerdan-acelerar-la-segunda-fase-del-caminito-del-rey\/#authorImage","url":"https:\/\/eldigitaldeasturias.com\/magazine365\/wp-content\/litespeed\/avatar\/e571bcf59a0edd6fa6838245a470f2fe.jpg?ver=1777574230","width":96,"height":96,"caption":"admin"}},{"@type":"WebPage","@id":"https:\/\/eldigitaldeasturias.com\/magazine365\/la-diputacion-de-malaga-y-el-ayuntamiento-de-ardales-acuerdan-acelerar-la-segunda-fase-del-caminito-del-rey\/#webpage","url":"https:\/\/eldigitaldeasturias.com\/magazine365\/la-diputacion-de-malaga-y-el-ayuntamiento-de-ardales-acuerdan-acelerar-la-segunda-fase-del-caminito-del-rey\/","name":"La Diputaci\u00f3n de M\u00e1laga y el Ayuntamiento de Ardales acuerdan acelerar la segunda fase del Caminito del Rey | El Digital de Asturias","description":"La Diputaci\u00f3n de M\u00e1laga y el Ayuntamiento de Ardales han acordado impulsar la segunda fase del Caminito del Rey en el municipio malague\u00f1o. Las actuaciones, que en su conjunto supondr\u00e1n un desembolso por parte del ente provincial de 2,28 millones de euros, implican la construcci\u00f3n de dos centros de interpretaci\u00f3n, aparcamientos y mejoras en el","inLanguage":"es-ES","isPartOf":{"@id":"https:\/\/eldigitaldeasturias.com\/magazine365\/#website"},"breadcrumb":{"@id":"https:\/\/eldigitaldeasturias.com\/magazine365\/la-diputacion-de-malaga-y-el-ayuntamiento-de-ardales-acuerdan-acelerar-la-segunda-fase-del-caminito-del-rey\/#breadcrumblist"},"author":{"@id":"https:\/\/eldigitaldeasturias.com\/magazine365\/author\/admin\/#author"},"creator":{"@id":"https:\/\/eldigitaldeasturias.com\/magazine365\/author\/admin\/#author"},"image":{"@type":"ImageObject","url":"https:\/\/eldigitaldeasturias.com\/magazine365\/wp-content\/uploads\/2016\/01\/fotonoticia_20160114160939_800.jpg","@id":"https:\/\/eldigitaldeasturias.com\/magazine365\/la-diputacion-de-malaga-y-el-ayuntamiento-de-ardales-acuerdan-acelerar-la-segunda-fase-del-caminito-del-rey\/#mainImage","width":800,"height":600},"primaryImageOfPage":{"@id":"https:\/\/eldigitaldeasturias.com\/magazine365\/la-diputacion-de-malaga-y-el-ayuntamiento-de-ardales-acuerdan-acelerar-la-segunda-fase-del-caminito-del-rey\/#mainImage"},"datePublished":"2016-01-15T01:17:07+01:00","dateModified":"2016-01-15T01:17:07+01:00"},{"@type":"WebSite","@id":"https:\/\/eldigitaldeasturias.com\/magazine365\/#website","url":"https:\/\/eldigitaldeasturias.com\/magazine365\/","name":"El Digital de Asturias","description":"Revista de ocio, turismo y estilo de vida","inLanguage":"es-ES","publisher":{"@id":"https:\/\/eldigitaldeasturias.com\/magazine365\/#organization"}}]},"og:locale":"es_ES","og:site_name":"El Digital de Asturias \u2013 Revista de ocio, turismo y estilo de vida","og:type":"article","og:title":"La Diputaci\u00f3n de M\u00e1laga y el Ayuntamiento de Ardales acuerdan acelerar la segunda fase del Caminito del Rey | El Digital de Asturias","og:description":"La Diputaci\u00f3n de M\u00e1laga y el Ayuntamiento de Ardales han acordado impulsar la segunda fase del Caminito del Rey en el municipio malague\u00f1o. Las actuaciones, que en su conjunto supondr\u00e1n un desembolso por parte del ente provincial de 2,28 millones de euros, implican la construcci\u00f3n de dos centros de interpretaci\u00f3n, aparcamientos y mejoras en el","og:url":"https:\/\/eldigitaldeasturias.com\/magazine365\/la-diputacion-de-malaga-y-el-ayuntamiento-de-ardales-acuerdan-acelerar-la-segunda-fase-del-caminito-del-rey\/","og:image":"https:\/\/eldigitaldeasturias.com\/magazine365\/wp-content\/uploads\/2016\/01\/fotonoticia_20160114160939_800.jpg","og:image:secure_url":"https:\/\/eldigitaldeasturias.com\/magazine365\/wp-content\/uploads\/2016\/01\/fotonoticia_20160114160939_800.jpg","og:image:width":800,"og:image:height":600,"article:published_time":"2016-01-15T00:17:07+00:00","article:modified_time":"2016-01-15T00:17:07+00:00","twitter:card":"summary_large_image","twitter:title":"La Diputaci\u00f3n de M\u00e1laga y el Ayuntamiento de Ardales acuerdan acelerar la segunda fase del Caminito del Rey | El Digital de Asturias","twitter:description":"La Diputaci\u00f3n de M\u00e1laga y el Ayuntamiento de Ardales han acordado impulsar la segunda fase del Caminito del Rey en el municipio malague\u00f1o. Las actuaciones, que en su conjunto supondr\u00e1n un desembolso por parte del ente provincial de 2,28 millones de euros, implican la construcci\u00f3n de dos centros de interpretaci\u00f3n, aparcamientos y mejoras en el","twitter:image":"https:\/\/eldigitaldeasturias.com\/magazine365\/wp-content\/uploads\/2016\/01\/fotonoticia_20160114160939_800.jpg"},"aioseo_meta_data":{"post_id":"60697","title":null,"description":null,"keywords":null,"keyphrases":null,"primary_term":null,"canonical_url":null,"og_title":null,"og_description":null,"og_object_type":"default","og_image_type":"default","og_image_url":null,"og_image_width":null,"og_image_height":null,"og_image_custom_url":null,"og_image_custom_fields":null,"og_video":null,"og_custom_url":null,"og_article_section":null,"og_article_tags":null,"twitter_use_og":false,"twitter_card":"default","twitter_image_type":"default","twitter_image_url":null,"twitter_image_custom_url":null,"twitter_image_custom_fields":null,"twitter_title":null,"twitter_description":null,"schema":{"blockGraphs":[],"customGraphs":[],"default":{"data":{"Article":[],"Course":[],"Dataset":[],"FAQPage":[],"Movie":[],"Person":[],"Product":[],"ProductReview":[],"Car":[],"Recipe":[],"Service":[],"SoftwareApplication":[],"WebPage":[]},"graphName":"","isEnabled":true},"graphs":[],"defaultGraph":"","defaultPostTypeGraph":""},"schema_type":null,"schema_type_options":null,"pillar_content":false,"robots_default":true,"robots_noindex":false,"robots_noarchive":false,"robots_nosnippet":false,"robots_nofollow":false,"robots_noimageindex":false,"robots_noodp":false,"robots_notranslate":false,"robots_max_snippet":null,"robots_max_videopreview":null,"robots_max_imagepreview":"large","priority":null,"frequency":null,"location":null,"local_seo":null,"seo_analyzer_scan_date":"2025-09-25 07:22:32","breadcrumb_settings":null,"limit_modified_date":false,"open_ai":null,"ai":null,"created":"2021-03-08 21:57:16","updated":"2025-09-25 07:22:32"},"aioseo_breadcrumb":"<div class=\"aioseo-breadcrumbs\"><span class=\"aioseo-breadcrumb\">\n\t<a href=\"https:\/\/eldigitaldeasturias.com\/magazine365\" title=\"Home\">Home<\/a>\n<\/span><span class=\"aioseo-breadcrumb-separator\">\u2013<\/span><span class=\"aioseo-breadcrumb\">\n\t<a href=\"https:\/\/eldigitaldeasturias.com\/magazine365\/category\/noticias-actualidad\/\" title=\"Noticias y Actualidad\">Noticias y Actualidad<\/a>\n<\/span><span class=\"aioseo-breadcrumb-separator\">\u2013<\/span><span class=\"aioseo-breadcrumb\">\n\t<a href=\"https:\/\/eldigitaldeasturias.com\/magazine365\/la-diputacion-de-malaga-y-el-ayuntamiento-de-ardales-acuerdan-acelerar-la-segunda-fase-del-caminito-del-rey\/\" title=\"La Diputaci\u00f3n de M\u00e1laga y el Ayuntamiento de Ardales acuerdan acelerar la segunda fase del Caminito del Rey\">La Diputaci\u00f3n de M\u00e1laga y el Ayuntamiento de Ardales acuerdan acelerar la segunda fase del Caminito del Rey<\/a>\n<\/span><\/div>","aioseo_breadcrumb_json":[{"label":"Home","link":"https:\/\/eldigitaldeasturias.com\/magazine365"},{"label":"Noticias y Actualidad","link":"https:\/\/eldigitaldeasturias.com\/magazine365\/category\/noticias-actualidad\/"},{"label":"La Diputaci\u00f3n de M\u00e1laga y el Ayuntamiento de Ardales acuerdan acelerar la segunda fase del Caminito del Rey","link":"https:\/\/eldigitaldeasturias.com\/magazine365\/la-diputacion-de-malaga-y-el-ayuntamiento-de-ardales-acuerdan-acelerar-la-segunda-fase-del-caminito-del-rey\/"}],"_links":{"self":[{"href":"https:\/\/eldigitaldeasturias.com\/magazine365\/wp-json\/wp\/v2\/posts\/60697","targetHints":{"allow":["GET"]}}],"collection":[{"href":"https:\/\/eldigitaldeasturias.com\/magazine365\/wp-json\/wp\/v2\/posts"}],"about":[{"href":"https:\/\/eldigitaldeasturias.com\/magazine365\/wp-json\/wp\/v2\/types\/post"}],"author":[{"embeddable":true,"href":"https:\/\/eldigitaldeasturias.com\/magazine365\/wp-json\/wp\/v2\/users\/1"}],"replies":[{"embeddable":true,"href":"https:\/\/eldigitaldeasturias.com\/magazine365\/wp-json\/wp\/v2\/comments?post=60697"}],"version-history":[{"count":0,"href":"https:\/\/eldigitaldeasturias.com\/magazine365\/wp-json\/wp\/v2\/posts\/60697\/revisions"}],"wp:featuredmedia":[{"embeddable":true,"href":"https:\/\/eldigitaldeasturias.com\/magazine365\/wp-json\/wp\/v2\/media\/60698"}],"wp:attachment":[{"href":"https:\/\/eldigitaldeasturias.com\/magazine365\/wp-json\/wp\/v2\/media?parent=60697"}],"wp:term":[{"taxonomy":"category","embeddable":true,"href":"https:\/\/eldigitaldeasturias.com\/magazine365\/wp-json\/wp\/v2\/categories?post=60697"},{"taxonomy":"post_tag","embeddable":true,"href":"https:\/\/eldigitaldeasturias.com\/magazine365\/wp-json\/wp\/v2\/tags?post=60697"}],"curies":[{"name":"wp","href":"https:\/\/api.w.org\/{rel}","templated":true}]}}