{"id":60694,"date":"2016-01-15T01:13:56","date_gmt":"2016-01-15T00:13:56","guid":{"rendered":"http:\/\/eldigitaldeasturias.com\/magazine365\/?p=60694"},"modified":"2016-01-15T01:13:56","modified_gmt":"2016-01-15T00:13:56","slug":"fernandez-destaca-que-la-consula-y-la-fonda-dan-excelencia-e-insiste-en-que-la-junta-de-andalucia-quiere-dar-solucion","status":"publish","type":"post","link":"https:\/\/eldigitaldeasturias.com\/magazine365\/fernandez-destaca-que-la-consula-y-la-fonda-dan-excelencia-e-insiste-en-que-la-junta-de-andalucia-quiere-dar-solucion\/","title":{"rendered":"Fern\u00e1ndez destaca que La C\u00f3nsula y La Fonda \u00abdan excelencia\u00bb e insiste en que la Junta de Andaluc\u00eda quiere dar soluci\u00f3n"},"content":{"rendered":"<p><img fetchpriority=\"high\" decoding=\"async\" class=\"alignleft size-medium wp-image-60695\" src=\"https:\/\/eldigitaldeasturias.com\/magazine365\/wp-content\/uploads\/2016\/01\/fotonoticia_20160114155459_800-360x291.jpg\" alt=\"fotonoticia_20160114155459_800\" width=\"360\" height=\"291\" srcset=\"https:\/\/eldigitaldeasturias.com\/magazine365\/wp-content\/uploads\/2016\/01\/fotonoticia_20160114155459_800-360x291.jpg 360w, https:\/\/eldigitaldeasturias.com\/magazine365\/wp-content\/uploads\/2016\/01\/fotonoticia_20160114155459_800-650x525.jpg 650w, https:\/\/eldigitaldeasturias.com\/magazine365\/wp-content\/uploads\/2016\/01\/fotonoticia_20160114155459_800-768x620.jpg 768w, https:\/\/eldigitaldeasturias.com\/magazine365\/wp-content\/uploads\/2016\/01\/fotonoticia_20160114155459_800-150x121.jpg 150w, https:\/\/eldigitaldeasturias.com\/magazine365\/wp-content\/uploads\/2016\/01\/fotonoticia_20160114155459_800-450x363.jpg 450w, https:\/\/eldigitaldeasturias.com\/magazine365\/wp-content\/uploads\/2016\/01\/fotonoticia_20160114155459_800-696x562.jpg 696w, https:\/\/eldigitaldeasturias.com\/magazine365\/wp-content\/uploads\/2016\/01\/fotonoticia_20160114155459_800-520x420.jpg 520w, https:\/\/eldigitaldeasturias.com\/magazine365\/wp-content\/uploads\/2016\/01\/fotonoticia_20160114155459_800.jpg 800w\" sizes=\"(max-width: 360px) 100vw, 360px\" \/>El consejero de Turismo y Deporte, Francisco Javier Fern\u00e1ndez, ha insistido este jueves en que el Gobierno andaluz trabaja y \u00abtiene voluntad de solucionar\u00bb la situaci\u00f3n de las escuelas de hosteler\u00eda La C\u00f3nsula, en la capital malague\u00f1a, y La Fonda, en Benalm\u00e1dena, cuya actividad ha quedado paralizada. Adem\u00e1s, ha reconocido que, \u00abindudablemente\u00bb, la formaci\u00f3n en ambos centros \u00abnos da calidad y excelencia\u00bb.<\/p>\n<p>Fern\u00e1ndez, que ha informado en M\u00e1laga de la presencia de Andaluc\u00eda en Fitur 2016, ha respondido as\u00ed tras ser cuestionado por los periodistas sobre c\u00f3mo repercuten cierres como el de La C\u00f3nsula y La Fonda en la b\u00fasqueda de un turismo de excelencia.<\/p>\n<p>En este punto, ha insistido en que el Ejecutivo andaluz \u00abha querido mantener la calidad que dan\u00bb los dos centros y ha recordado que con el decreto ley que regula su integraci\u00f3n en el Servicio Andaluz de Empleo (SAE) se da \u00abcontinuidad\u00bb, por lo que, ha se\u00f1alado, dicha actuaci\u00f3n \u00abva buscando la soluci\u00f3n para los problemas que ten\u00edan los 10 consorcios andaluces\u00bb.<\/p>\n<p>Fern\u00e1ndez ha destacado tambi\u00e9n \u00abtodos los esfuerzos\u00bb que se est\u00e1n haciendo, \u00abno s\u00f3lo en estos dos consorcios, para buscar su excelencia\u00bb, sino tambi\u00e9n \u00aben la formaci\u00f3n p\u00fablica y en la reglada, donde se han formado grandes profesionales\u00bb, adem\u00e1s de otros \u00abesfuerzos\u00bb del sector privado.<\/p>\n<p>Al respecto, tambi\u00e9n ha citado \u00abexperiencias\u00bb como el Convento Escuela de Santo Domingo, perteneciente a la Junta, que \u00abtambi\u00e9n forma a profesionales\u00bb. \u00abCreo que no todos los profesionales salen de La C\u00f3nsula y de La Fonda, tenemos muchos que salen de un sistema de formaci\u00f3n\u00bb, ha subrayado.<\/p>\n<p>No obstante, ha dejado claro que, \u00abindudablemente, la formaci\u00f3n que tiene La C\u00f3nsula y La Fonda nos da calidad y excelencia\u00bb. \u00abEl Gobierno andaluz tiene voluntad de solucionar este problema y est\u00e1 trabajando desde ese decreto ley, que va a marcar la soluci\u00f3n para estos consorcios\u00bb, ha concluido.<\/p>\n<p>La Direcci\u00f3n General de Formaci\u00f3n para el Empleo de la Junta de Andaluc\u00eda, tras la reuni\u00f3n con los liquidadores y auditores de los consorcios escuela de hosteler\u00eda La C\u00f3nsula y La Fonda, ha informado del calendario acordado por las partes que intervienen en este proceso para la integraci\u00f3n de dichos consorcios en el SAE.<\/p>\n<p>Este calendario culminar\u00e1 a finales de enero con la publicaci\u00f3n de dicha integraci\u00f3n en el Bolet\u00edn Oficial de la Junta de Andaluc\u00eda (BOJA).<\/p>\n<p>Por su parte, ante la situaci\u00f3n de par\u00e1lisis, los alumnos y trabajadores de La C\u00f3nsula, La Fonda y CIOMijas, en esta localidad malague\u00f1a, llevar\u00e1n a cabo una gran concentraci\u00f3n el pr\u00f3ximo lunes en la plaza de la Constituci\u00f3n de la capital.<\/p>\n<p>Adem\u00e1s, est\u00e1 previsto que a la misma se sumen empresarios de hosteler\u00eda y representantes de los partidos pol\u00edticos de PP, Podemos, Ciudadanos e IU. Tambi\u00e9n habr\u00e1 una comparecencia en La C\u00f3nsula este viernes, en las que, adem\u00e1s, acudir\u00e1n representantes de estas formaciones.<\/p>\n","protected":false},"excerpt":{"rendered":"<p>El consejero de Turismo y Deporte, Francisco Javier Fern\u00e1ndez, ha insistido este jueves en que el Gobierno andaluz trabaja y \u00abtiene voluntad de solucionar\u00bb la situaci\u00f3n de las escuelas de hosteler\u00eda La C\u00f3nsula, en la capital malague\u00f1a, y La Fonda, en Benalm\u00e1dena, cuya actividad ha quedado paralizada. Adem\u00e1s, ha reconocido que, \u00abindudablemente\u00bb, la formaci\u00f3n en<\/p>\n","protected":false},"author":1,"featured_media":60695,"comment_status":"open","ping_status":"closed","sticky":false,"template":"","format":"standard","meta":{"footnotes":""},"categories":[224],"tags":[],"class_list":{"0":"post-60694","1":"post","2":"type-post","3":"status-publish","4":"format-standard","5":"has-post-thumbnail","7":"category-noticias-actualidad"},"aioseo_notices":[],"aioseo_head":"\n\t\t<!-- All in One SEO Pro 4.9.6.1 - aioseo.com -->\n\t<meta name=\"description\" content=\"El consejero de Turismo y Deporte, Francisco Javier Fern\u00e1ndez, ha insistido este jueves en que el Gobierno andaluz trabaja y &quot;tiene voluntad de solucionar&quot; la situaci\u00f3n de las escuelas de hosteler\u00eda La C\u00f3nsula, en la capital malague\u00f1a, y La Fonda, en Benalm\u00e1dena, cuya actividad ha quedado paralizada. Adem\u00e1s, ha reconocido que, &quot;indudablemente&quot;, la formaci\u00f3n en\" \/>\n\t<meta name=\"robots\" content=\"max-image-preview:large\" \/>\n\t<meta name=\"author\" content=\"admin\"\/>\n\t<meta name=\"google-site-verification\" content=\"UA-38556648-1\" \/>\n\t<meta name=\"keywords\" content=\"noticias y actualidad\" \/>\n\t<link rel=\"canonical\" href=\"https:\/\/eldigitaldeasturias.com\/magazine365\/fernandez-destaca-que-la-consula-y-la-fonda-dan-excelencia-e-insiste-en-que-la-junta-de-andalucia-quiere-dar-solucion\/\" \/>\n\t<meta name=\"generator\" content=\"All in One SEO Pro (AIOSEO) 4.9.6.1\" \/>\n\t\t<meta property=\"og:locale\" content=\"es_ES\" \/>\n\t\t<meta property=\"og:site_name\" content=\"El Digital de Asturias \u2013 Revista de ocio, turismo y estilo de vida\" \/>\n\t\t<meta property=\"og:type\" content=\"article\" \/>\n\t\t<meta property=\"og:title\" content=\"Fern\u00e1ndez destaca que La C\u00f3nsula y La Fonda \u00abdan excelencia\u00bb e insiste en que la Junta de Andaluc\u00eda quiere dar soluci\u00f3n | El Digital de Asturias\" \/>\n\t\t<meta property=\"og:description\" content=\"El consejero de Turismo y Deporte, Francisco Javier Fern\u00e1ndez, ha insistido este jueves en que el Gobierno andaluz trabaja y &quot;tiene voluntad de solucionar&quot; la situaci\u00f3n de las escuelas de hosteler\u00eda La C\u00f3nsula, en la capital malague\u00f1a, y La Fonda, en Benalm\u00e1dena, cuya actividad ha quedado paralizada. Adem\u00e1s, ha reconocido que, &quot;indudablemente&quot;, la formaci\u00f3n en\" \/>\n\t\t<meta property=\"og:url\" content=\"https:\/\/eldigitaldeasturias.com\/magazine365\/fernandez-destaca-que-la-consula-y-la-fonda-dan-excelencia-e-insiste-en-que-la-junta-de-andalucia-quiere-dar-solucion\/\" \/>\n\t\t<meta property=\"og:image\" content=\"https:\/\/eldigitaldeasturias.com\/magazine365\/wp-content\/uploads\/2016\/01\/fotonoticia_20160114155459_800.jpg\" \/>\n\t\t<meta property=\"og:image:secure_url\" content=\"https:\/\/eldigitaldeasturias.com\/magazine365\/wp-content\/uploads\/2016\/01\/fotonoticia_20160114155459_800.jpg\" \/>\n\t\t<meta property=\"og:image:width\" content=\"800\" \/>\n\t\t<meta property=\"og:image:height\" content=\"646\" \/>\n\t\t<meta property=\"article:published_time\" content=\"2016-01-15T00:13:56+00:00\" \/>\n\t\t<meta property=\"article:modified_time\" content=\"2016-01-15T00:13:56+00:00\" \/>\n\t\t<meta name=\"twitter:card\" content=\"summary_large_image\" \/>\n\t\t<meta name=\"twitter:title\" content=\"Fern\u00e1ndez destaca que La C\u00f3nsula y La Fonda \u00abdan excelencia\u00bb e insiste en que la Junta de Andaluc\u00eda quiere dar soluci\u00f3n | El Digital de Asturias\" \/>\n\t\t<meta name=\"twitter:description\" content=\"El consejero de Turismo y Deporte, Francisco Javier Fern\u00e1ndez, ha insistido este jueves en que el Gobierno andaluz trabaja y &quot;tiene voluntad de solucionar&quot; la situaci\u00f3n de las escuelas de hosteler\u00eda La C\u00f3nsula, en la capital malague\u00f1a, y La Fonda, en Benalm\u00e1dena, cuya actividad ha quedado paralizada. Adem\u00e1s, ha reconocido que, &quot;indudablemente&quot;, la formaci\u00f3n en\" \/>\n\t\t<meta name=\"twitter:image\" content=\"https:\/\/eldigitaldeasturias.com\/magazine365\/wp-content\/uploads\/2016\/01\/fotonoticia_20160114155459_800.jpg\" \/>\n\t\t<script type=\"application\/ld+json\" class=\"aioseo-schema\">\n\t\t\t{\"@context\":\"https:\\\/\\\/schema.org\",\"@graph\":[{\"@type\":\"Article\",\"@id\":\"https:\\\/\\\/eldigitaldeasturias.com\\\/magazine365\\\/fernandez-destaca-que-la-consula-y-la-fonda-dan-excelencia-e-insiste-en-que-la-junta-de-andalucia-quiere-dar-solucion\\\/#article\",\"name\":\"Fern\\u00e1ndez destaca que La C\\u00f3nsula y La Fonda \\u00abdan excelencia\\u00bb e insiste en que la Junta de Andaluc\\u00eda quiere dar soluci\\u00f3n | El Digital de Asturias\",\"headline\":\"Fern\\u00e1ndez destaca que La C\\u00f3nsula y La Fonda \\u00abdan excelencia\\u00bb e insiste en que la Junta de Andaluc\\u00eda quiere dar soluci\\u00f3n\",\"author\":{\"@id\":\"https:\\\/\\\/eldigitaldeasturias.com\\\/magazine365\\\/author\\\/admin\\\/#author\"},\"publisher\":{\"@id\":\"https:\\\/\\\/eldigitaldeasturias.com\\\/magazine365\\\/#organization\"},\"image\":{\"@type\":\"ImageObject\",\"url\":\"https:\\\/\\\/eldigitaldeasturias.com\\\/magazine365\\\/wp-content\\\/uploads\\\/2016\\\/01\\\/fotonoticia_20160114155459_800.jpg\",\"width\":800,\"height\":646},\"datePublished\":\"2016-01-15T01:13:56+01:00\",\"dateModified\":\"2016-01-15T01:13:56+01:00\",\"inLanguage\":\"es-ES\",\"mainEntityOfPage\":{\"@id\":\"https:\\\/\\\/eldigitaldeasturias.com\\\/magazine365\\\/fernandez-destaca-que-la-consula-y-la-fonda-dan-excelencia-e-insiste-en-que-la-junta-de-andalucia-quiere-dar-solucion\\\/#webpage\"},\"isPartOf\":{\"@id\":\"https:\\\/\\\/eldigitaldeasturias.com\\\/magazine365\\\/fernandez-destaca-que-la-consula-y-la-fonda-dan-excelencia-e-insiste-en-que-la-junta-de-andalucia-quiere-dar-solucion\\\/#webpage\"},\"articleSection\":\"Noticias y Actualidad\"},{\"@type\":\"BreadcrumbList\",\"@id\":\"https:\\\/\\\/eldigitaldeasturias.com\\\/magazine365\\\/fernandez-destaca-que-la-consula-y-la-fonda-dan-excelencia-e-insiste-en-que-la-junta-de-andalucia-quiere-dar-solucion\\\/#breadcrumblist\",\"itemListElement\":[{\"@type\":\"ListItem\",\"@id\":\"https:\\\/\\\/eldigitaldeasturias.com\\\/magazine365#listItem\",\"position\":1,\"name\":\"Home\",\"item\":\"https:\\\/\\\/eldigitaldeasturias.com\\\/magazine365\",\"nextItem\":{\"@type\":\"ListItem\",\"@id\":\"https:\\\/\\\/eldigitaldeasturias.com\\\/magazine365\\\/category\\\/noticias-actualidad\\\/#listItem\",\"name\":\"Noticias y Actualidad\"}},{\"@type\":\"ListItem\",\"@id\":\"https:\\\/\\\/eldigitaldeasturias.com\\\/magazine365\\\/category\\\/noticias-actualidad\\\/#listItem\",\"position\":2,\"name\":\"Noticias y Actualidad\",\"item\":\"https:\\\/\\\/eldigitaldeasturias.com\\\/magazine365\\\/category\\\/noticias-actualidad\\\/\",\"nextItem\":{\"@type\":\"ListItem\",\"@id\":\"https:\\\/\\\/eldigitaldeasturias.com\\\/magazine365\\\/fernandez-destaca-que-la-consula-y-la-fonda-dan-excelencia-e-insiste-en-que-la-junta-de-andalucia-quiere-dar-solucion\\\/#listItem\",\"name\":\"Fern\\u00e1ndez destaca que La C\\u00f3nsula y La Fonda \\u00abdan excelencia\\u00bb e insiste en que la Junta de Andaluc\\u00eda quiere dar soluci\\u00f3n\"},\"previousItem\":{\"@type\":\"ListItem\",\"@id\":\"https:\\\/\\\/eldigitaldeasturias.com\\\/magazine365#listItem\",\"name\":\"Home\"}},{\"@type\":\"ListItem\",\"@id\":\"https:\\\/\\\/eldigitaldeasturias.com\\\/magazine365\\\/fernandez-destaca-que-la-consula-y-la-fonda-dan-excelencia-e-insiste-en-que-la-junta-de-andalucia-quiere-dar-solucion\\\/#listItem\",\"position\":3,\"name\":\"Fern\\u00e1ndez destaca que La C\\u00f3nsula y La Fonda \\u00abdan excelencia\\u00bb e insiste en que la Junta de Andaluc\\u00eda quiere dar soluci\\u00f3n\",\"previousItem\":{\"@type\":\"ListItem\",\"@id\":\"https:\\\/\\\/eldigitaldeasturias.com\\\/magazine365\\\/category\\\/noticias-actualidad\\\/#listItem\",\"name\":\"Noticias y Actualidad\"}}]},{\"@type\":\"Organization\",\"@id\":\"https:\\\/\\\/eldigitaldeasturias.com\\\/magazine365\\\/#organization\",\"name\":\"El digital de Asturias\",\"description\":\"Revista de ocio, turismo y estilo de vida\",\"url\":\"https:\\\/\\\/eldigitaldeasturias.com\\\/magazine365\\\/\",\"logo\":{\"@type\":\"ImageObject\",\"url\":\"https:\\\/\\\/www.eldigitaldeasturias.com\\\/noticias\\\/wp-content\\\/uploads\\\/2020\\\/12\\\/EDA.jpg\",\"@id\":\"https:\\\/\\\/eldigitaldeasturias.com\\\/magazine365\\\/fernandez-destaca-que-la-consula-y-la-fonda-dan-excelencia-e-insiste-en-que-la-junta-de-andalucia-quiere-dar-solucion\\\/#organizationLogo\"},\"image\":{\"@id\":\"https:\\\/\\\/eldigitaldeasturias.com\\\/magazine365\\\/fernandez-destaca-que-la-consula-y-la-fonda-dan-excelencia-e-insiste-en-que-la-junta-de-andalucia-quiere-dar-solucion\\\/#organizationLogo\"}},{\"@type\":\"Person\",\"@id\":\"https:\\\/\\\/eldigitaldeasturias.com\\\/magazine365\\\/author\\\/admin\\\/#author\",\"url\":\"https:\\\/\\\/eldigitaldeasturias.com\\\/magazine365\\\/author\\\/admin\\\/\",\"name\":\"admin\",\"image\":{\"@type\":\"ImageObject\",\"@id\":\"https:\\\/\\\/eldigitaldeasturias.com\\\/magazine365\\\/fernandez-destaca-que-la-consula-y-la-fonda-dan-excelencia-e-insiste-en-que-la-junta-de-andalucia-quiere-dar-solucion\\\/#authorImage\",\"url\":\"https:\\\/\\\/eldigitaldeasturias.com\\\/magazine365\\\/wp-content\\\/litespeed\\\/avatar\\\/e571bcf59a0edd6fa6838245a470f2fe.jpg?ver=1777574230\",\"width\":96,\"height\":96,\"caption\":\"admin\"}},{\"@type\":\"WebPage\",\"@id\":\"https:\\\/\\\/eldigitaldeasturias.com\\\/magazine365\\\/fernandez-destaca-que-la-consula-y-la-fonda-dan-excelencia-e-insiste-en-que-la-junta-de-andalucia-quiere-dar-solucion\\\/#webpage\",\"url\":\"https:\\\/\\\/eldigitaldeasturias.com\\\/magazine365\\\/fernandez-destaca-que-la-consula-y-la-fonda-dan-excelencia-e-insiste-en-que-la-junta-de-andalucia-quiere-dar-solucion\\\/\",\"name\":\"Fern\\u00e1ndez destaca que La C\\u00f3nsula y La Fonda \\u00abdan excelencia\\u00bb e insiste en que la Junta de Andaluc\\u00eda quiere dar soluci\\u00f3n | El Digital de Asturias\",\"description\":\"El consejero de Turismo y Deporte, Francisco Javier Fern\\u00e1ndez, ha insistido este jueves en que el Gobierno andaluz trabaja y \\\"tiene voluntad de solucionar\\\" la situaci\\u00f3n de las escuelas de hosteler\\u00eda La C\\u00f3nsula, en la capital malague\\u00f1a, y La Fonda, en Benalm\\u00e1dena, cuya actividad ha quedado paralizada. Adem\\u00e1s, ha reconocido que, \\\"indudablemente\\\", la formaci\\u00f3n en\",\"inLanguage\":\"es-ES\",\"isPartOf\":{\"@id\":\"https:\\\/\\\/eldigitaldeasturias.com\\\/magazine365\\\/#website\"},\"breadcrumb\":{\"@id\":\"https:\\\/\\\/eldigitaldeasturias.com\\\/magazine365\\\/fernandez-destaca-que-la-consula-y-la-fonda-dan-excelencia-e-insiste-en-que-la-junta-de-andalucia-quiere-dar-solucion\\\/#breadcrumblist\"},\"author\":{\"@id\":\"https:\\\/\\\/eldigitaldeasturias.com\\\/magazine365\\\/author\\\/admin\\\/#author\"},\"creator\":{\"@id\":\"https:\\\/\\\/eldigitaldeasturias.com\\\/magazine365\\\/author\\\/admin\\\/#author\"},\"image\":{\"@type\":\"ImageObject\",\"url\":\"https:\\\/\\\/eldigitaldeasturias.com\\\/magazine365\\\/wp-content\\\/uploads\\\/2016\\\/01\\\/fotonoticia_20160114155459_800.jpg\",\"@id\":\"https:\\\/\\\/eldigitaldeasturias.com\\\/magazine365\\\/fernandez-destaca-que-la-consula-y-la-fonda-dan-excelencia-e-insiste-en-que-la-junta-de-andalucia-quiere-dar-solucion\\\/#mainImage\",\"width\":800,\"height\":646},\"primaryImageOfPage\":{\"@id\":\"https:\\\/\\\/eldigitaldeasturias.com\\\/magazine365\\\/fernandez-destaca-que-la-consula-y-la-fonda-dan-excelencia-e-insiste-en-que-la-junta-de-andalucia-quiere-dar-solucion\\\/#mainImage\"},\"datePublished\":\"2016-01-15T01:13:56+01:00\",\"dateModified\":\"2016-01-15T01:13:56+01:00\"},{\"@type\":\"WebSite\",\"@id\":\"https:\\\/\\\/eldigitaldeasturias.com\\\/magazine365\\\/#website\",\"url\":\"https:\\\/\\\/eldigitaldeasturias.com\\\/magazine365\\\/\",\"name\":\"El Digital de Asturias\",\"description\":\"Revista de ocio, turismo y estilo de vida\",\"inLanguage\":\"es-ES\",\"publisher\":{\"@id\":\"https:\\\/\\\/eldigitaldeasturias.com\\\/magazine365\\\/#organization\"}}]}\n\t\t<\/script>\n\t\t<!-- All in One SEO Pro -->\r\n\t\t<title>Fern\u00e1ndez destaca que La C\u00f3nsula y La Fonda \u00abdan excelencia\u00bb e insiste en que la Junta de Andaluc\u00eda quiere dar soluci\u00f3n | El Digital de Asturias<\/title>\n\n","aioseo_head_json":{"title":"Fern\u00e1ndez destaca que La C\u00f3nsula y La Fonda \u00abdan excelencia\u00bb e insiste en que la Junta de Andaluc\u00eda quiere dar soluci\u00f3n | El Digital de Asturias","description":"El consejero de Turismo y Deporte, Francisco Javier Fern\u00e1ndez, ha insistido este jueves en que el Gobierno andaluz trabaja y \"tiene voluntad de solucionar\" la situaci\u00f3n de las escuelas de hosteler\u00eda La C\u00f3nsula, en la capital malague\u00f1a, y La Fonda, en Benalm\u00e1dena, cuya actividad ha quedado paralizada. Adem\u00e1s, ha reconocido que, \"indudablemente\", la formaci\u00f3n en","canonical_url":"https:\/\/eldigitaldeasturias.com\/magazine365\/fernandez-destaca-que-la-consula-y-la-fonda-dan-excelencia-e-insiste-en-que-la-junta-de-andalucia-quiere-dar-solucion\/","robots":"max-image-preview:large","keywords":"noticias y actualidad","webmasterTools":{"google-site-verification":"UA-38556648-1","miscellaneous":""},"schema":{"@context":"https:\/\/schema.org","@graph":[{"@type":"Article","@id":"https:\/\/eldigitaldeasturias.com\/magazine365\/fernandez-destaca-que-la-consula-y-la-fonda-dan-excelencia-e-insiste-en-que-la-junta-de-andalucia-quiere-dar-solucion\/#article","name":"Fern\u00e1ndez destaca que La C\u00f3nsula y La Fonda \u00abdan excelencia\u00bb e insiste en que la Junta de Andaluc\u00eda quiere dar soluci\u00f3n | El Digital de Asturias","headline":"Fern\u00e1ndez destaca que La C\u00f3nsula y La Fonda \u00abdan excelencia\u00bb e insiste en que la Junta de Andaluc\u00eda quiere dar soluci\u00f3n","author":{"@id":"https:\/\/eldigitaldeasturias.com\/magazine365\/author\/admin\/#author"},"publisher":{"@id":"https:\/\/eldigitaldeasturias.com\/magazine365\/#organization"},"image":{"@type":"ImageObject","url":"https:\/\/eldigitaldeasturias.com\/magazine365\/wp-content\/uploads\/2016\/01\/fotonoticia_20160114155459_800.jpg","width":800,"height":646},"datePublished":"2016-01-15T01:13:56+01:00","dateModified":"2016-01-15T01:13:56+01:00","inLanguage":"es-ES","mainEntityOfPage":{"@id":"https:\/\/eldigitaldeasturias.com\/magazine365\/fernandez-destaca-que-la-consula-y-la-fonda-dan-excelencia-e-insiste-en-que-la-junta-de-andalucia-quiere-dar-solucion\/#webpage"},"isPartOf":{"@id":"https:\/\/eldigitaldeasturias.com\/magazine365\/fernandez-destaca-que-la-consula-y-la-fonda-dan-excelencia-e-insiste-en-que-la-junta-de-andalucia-quiere-dar-solucion\/#webpage"},"articleSection":"Noticias y Actualidad"},{"@type":"BreadcrumbList","@id":"https:\/\/eldigitaldeasturias.com\/magazine365\/fernandez-destaca-que-la-consula-y-la-fonda-dan-excelencia-e-insiste-en-que-la-junta-de-andalucia-quiere-dar-solucion\/#breadcrumblist","itemListElement":[{"@type":"ListItem","@id":"https:\/\/eldigitaldeasturias.com\/magazine365#listItem","position":1,"name":"Home","item":"https:\/\/eldigitaldeasturias.com\/magazine365","nextItem":{"@type":"ListItem","@id":"https:\/\/eldigitaldeasturias.com\/magazine365\/category\/noticias-actualidad\/#listItem","name":"Noticias y Actualidad"}},{"@type":"ListItem","@id":"https:\/\/eldigitaldeasturias.com\/magazine365\/category\/noticias-actualidad\/#listItem","position":2,"name":"Noticias y Actualidad","item":"https:\/\/eldigitaldeasturias.com\/magazine365\/category\/noticias-actualidad\/","nextItem":{"@type":"ListItem","@id":"https:\/\/eldigitaldeasturias.com\/magazine365\/fernandez-destaca-que-la-consula-y-la-fonda-dan-excelencia-e-insiste-en-que-la-junta-de-andalucia-quiere-dar-solucion\/#listItem","name":"Fern\u00e1ndez destaca que La C\u00f3nsula y La Fonda \u00abdan excelencia\u00bb e insiste en que la Junta de Andaluc\u00eda quiere dar soluci\u00f3n"},"previousItem":{"@type":"ListItem","@id":"https:\/\/eldigitaldeasturias.com\/magazine365#listItem","name":"Home"}},{"@type":"ListItem","@id":"https:\/\/eldigitaldeasturias.com\/magazine365\/fernandez-destaca-que-la-consula-y-la-fonda-dan-excelencia-e-insiste-en-que-la-junta-de-andalucia-quiere-dar-solucion\/#listItem","position":3,"name":"Fern\u00e1ndez destaca que La C\u00f3nsula y La Fonda \u00abdan excelencia\u00bb e insiste en que la Junta de Andaluc\u00eda quiere dar soluci\u00f3n","previousItem":{"@type":"ListItem","@id":"https:\/\/eldigitaldeasturias.com\/magazine365\/category\/noticias-actualidad\/#listItem","name":"Noticias y Actualidad"}}]},{"@type":"Organization","@id":"https:\/\/eldigitaldeasturias.com\/magazine365\/#organization","name":"El digital de Asturias","description":"Revista de ocio, turismo y estilo de vida","url":"https:\/\/eldigitaldeasturias.com\/magazine365\/","logo":{"@type":"ImageObject","url":"https:\/\/www.eldigitaldeasturias.com\/noticias\/wp-content\/uploads\/2020\/12\/EDA.jpg","@id":"https:\/\/eldigitaldeasturias.com\/magazine365\/fernandez-destaca-que-la-consula-y-la-fonda-dan-excelencia-e-insiste-en-que-la-junta-de-andalucia-quiere-dar-solucion\/#organizationLogo"},"image":{"@id":"https:\/\/eldigitaldeasturias.com\/magazine365\/fernandez-destaca-que-la-consula-y-la-fonda-dan-excelencia-e-insiste-en-que-la-junta-de-andalucia-quiere-dar-solucion\/#organizationLogo"}},{"@type":"Person","@id":"https:\/\/eldigitaldeasturias.com\/magazine365\/author\/admin\/#author","url":"https:\/\/eldigitaldeasturias.com\/magazine365\/author\/admin\/","name":"admin","image":{"@type":"ImageObject","@id":"https:\/\/eldigitaldeasturias.com\/magazine365\/fernandez-destaca-que-la-consula-y-la-fonda-dan-excelencia-e-insiste-en-que-la-junta-de-andalucia-quiere-dar-solucion\/#authorImage","url":"https:\/\/eldigitaldeasturias.com\/magazine365\/wp-content\/litespeed\/avatar\/e571bcf59a0edd6fa6838245a470f2fe.jpg?ver=1777574230","width":96,"height":96,"caption":"admin"}},{"@type":"WebPage","@id":"https:\/\/eldigitaldeasturias.com\/magazine365\/fernandez-destaca-que-la-consula-y-la-fonda-dan-excelencia-e-insiste-en-que-la-junta-de-andalucia-quiere-dar-solucion\/#webpage","url":"https:\/\/eldigitaldeasturias.com\/magazine365\/fernandez-destaca-que-la-consula-y-la-fonda-dan-excelencia-e-insiste-en-que-la-junta-de-andalucia-quiere-dar-solucion\/","name":"Fern\u00e1ndez destaca que La C\u00f3nsula y La Fonda \u00abdan excelencia\u00bb e insiste en que la Junta de Andaluc\u00eda quiere dar soluci\u00f3n | El Digital de Asturias","description":"El consejero de Turismo y Deporte, Francisco Javier Fern\u00e1ndez, ha insistido este jueves en que el Gobierno andaluz trabaja y \"tiene voluntad de solucionar\" la situaci\u00f3n de las escuelas de hosteler\u00eda La C\u00f3nsula, en la capital malague\u00f1a, y La Fonda, en Benalm\u00e1dena, cuya actividad ha quedado paralizada. Adem\u00e1s, ha reconocido que, \"indudablemente\", la formaci\u00f3n en","inLanguage":"es-ES","isPartOf":{"@id":"https:\/\/eldigitaldeasturias.com\/magazine365\/#website"},"breadcrumb":{"@id":"https:\/\/eldigitaldeasturias.com\/magazine365\/fernandez-destaca-que-la-consula-y-la-fonda-dan-excelencia-e-insiste-en-que-la-junta-de-andalucia-quiere-dar-solucion\/#breadcrumblist"},"author":{"@id":"https:\/\/eldigitaldeasturias.com\/magazine365\/author\/admin\/#author"},"creator":{"@id":"https:\/\/eldigitaldeasturias.com\/magazine365\/author\/admin\/#author"},"image":{"@type":"ImageObject","url":"https:\/\/eldigitaldeasturias.com\/magazine365\/wp-content\/uploads\/2016\/01\/fotonoticia_20160114155459_800.jpg","@id":"https:\/\/eldigitaldeasturias.com\/magazine365\/fernandez-destaca-que-la-consula-y-la-fonda-dan-excelencia-e-insiste-en-que-la-junta-de-andalucia-quiere-dar-solucion\/#mainImage","width":800,"height":646},"primaryImageOfPage":{"@id":"https:\/\/eldigitaldeasturias.com\/magazine365\/fernandez-destaca-que-la-consula-y-la-fonda-dan-excelencia-e-insiste-en-que-la-junta-de-andalucia-quiere-dar-solucion\/#mainImage"},"datePublished":"2016-01-15T01:13:56+01:00","dateModified":"2016-01-15T01:13:56+01:00"},{"@type":"WebSite","@id":"https:\/\/eldigitaldeasturias.com\/magazine365\/#website","url":"https:\/\/eldigitaldeasturias.com\/magazine365\/","name":"El Digital de Asturias","description":"Revista de ocio, turismo y estilo de vida","inLanguage":"es-ES","publisher":{"@id":"https:\/\/eldigitaldeasturias.com\/magazine365\/#organization"}}]},"og:locale":"es_ES","og:site_name":"El Digital de Asturias \u2013 Revista de ocio, turismo y estilo de vida","og:type":"article","og:title":"Fern\u00e1ndez destaca que La C\u00f3nsula y La Fonda \u00abdan excelencia\u00bb e insiste en que la Junta de Andaluc\u00eda quiere dar soluci\u00f3n | El Digital de Asturias","og:description":"El consejero de Turismo y Deporte, Francisco Javier Fern\u00e1ndez, ha insistido este jueves en que el Gobierno andaluz trabaja y &quot;tiene voluntad de solucionar&quot; la situaci\u00f3n de las escuelas de hosteler\u00eda La C\u00f3nsula, en la capital malague\u00f1a, y La Fonda, en Benalm\u00e1dena, cuya actividad ha quedado paralizada. Adem\u00e1s, ha reconocido que, &quot;indudablemente&quot;, la formaci\u00f3n en","og:url":"https:\/\/eldigitaldeasturias.com\/magazine365\/fernandez-destaca-que-la-consula-y-la-fonda-dan-excelencia-e-insiste-en-que-la-junta-de-andalucia-quiere-dar-solucion\/","og:image":"https:\/\/eldigitaldeasturias.com\/magazine365\/wp-content\/uploads\/2016\/01\/fotonoticia_20160114155459_800.jpg","og:image:secure_url":"https:\/\/eldigitaldeasturias.com\/magazine365\/wp-content\/uploads\/2016\/01\/fotonoticia_20160114155459_800.jpg","og:image:width":800,"og:image:height":646,"article:published_time":"2016-01-15T00:13:56+00:00","article:modified_time":"2016-01-15T00:13:56+00:00","twitter:card":"summary_large_image","twitter:title":"Fern\u00e1ndez destaca que La C\u00f3nsula y La Fonda \u00abdan excelencia\u00bb e insiste en que la Junta de Andaluc\u00eda quiere dar soluci\u00f3n | El Digital de Asturias","twitter:description":"El consejero de Turismo y Deporte, Francisco Javier Fern\u00e1ndez, ha insistido este jueves en que el Gobierno andaluz trabaja y &quot;tiene voluntad de solucionar&quot; la situaci\u00f3n de las escuelas de hosteler\u00eda La C\u00f3nsula, en la capital malague\u00f1a, y La Fonda, en Benalm\u00e1dena, cuya actividad ha quedado paralizada. Adem\u00e1s, ha reconocido que, &quot;indudablemente&quot;, la formaci\u00f3n en","twitter:image":"https:\/\/eldigitaldeasturias.com\/magazine365\/wp-content\/uploads\/2016\/01\/fotonoticia_20160114155459_800.jpg"},"aioseo_meta_data":{"post_id":"60694","title":null,"description":null,"keywords":null,"keyphrases":null,"primary_term":null,"canonical_url":null,"og_title":null,"og_description":null,"og_object_type":"default","og_image_type":"default","og_image_url":null,"og_image_width":null,"og_image_height":null,"og_image_custom_url":null,"og_image_custom_fields":null,"og_video":null,"og_custom_url":null,"og_article_section":null,"og_article_tags":null,"twitter_use_og":false,"twitter_card":"default","twitter_image_type":"default","twitter_image_url":null,"twitter_image_custom_url":null,"twitter_image_custom_fields":null,"twitter_title":null,"twitter_description":null,"schema":{"blockGraphs":[],"customGraphs":[],"default":{"data":{"Article":[],"Course":[],"Dataset":[],"FAQPage":[],"Movie":[],"Person":[],"Product":[],"ProductReview":[],"Car":[],"Recipe":[],"Service":[],"SoftwareApplication":[],"WebPage":[]},"graphName":"","isEnabled":true},"graphs":[],"defaultGraph":"","defaultPostTypeGraph":""},"schema_type":null,"schema_type_options":null,"pillar_content":false,"robots_default":true,"robots_noindex":false,"robots_noarchive":false,"robots_nosnippet":false,"robots_nofollow":false,"robots_noimageindex":false,"robots_noodp":false,"robots_notranslate":false,"robots_max_snippet":null,"robots_max_videopreview":null,"robots_max_imagepreview":"large","priority":null,"frequency":null,"location":null,"local_seo":null,"seo_analyzer_scan_date":"2025-09-25 07:22:31","breadcrumb_settings":null,"limit_modified_date":false,"open_ai":null,"ai":null,"created":"2021-03-08 21:57:16","updated":"2025-09-25 07:22:31"},"aioseo_breadcrumb":"<div class=\"aioseo-breadcrumbs\"><span class=\"aioseo-breadcrumb\">\n\t<a href=\"https:\/\/eldigitaldeasturias.com\/magazine365\" title=\"Home\">Home<\/a>\n<\/span><span class=\"aioseo-breadcrumb-separator\">\u2013<\/span><span class=\"aioseo-breadcrumb\">\n\t<a href=\"https:\/\/eldigitaldeasturias.com\/magazine365\/category\/noticias-actualidad\/\" title=\"Noticias y Actualidad\">Noticias y Actualidad<\/a>\n<\/span><span class=\"aioseo-breadcrumb-separator\">\u2013<\/span><span class=\"aioseo-breadcrumb\">\n\t<a href=\"https:\/\/eldigitaldeasturias.com\/magazine365\/fernandez-destaca-que-la-consula-y-la-fonda-dan-excelencia-e-insiste-en-que-la-junta-de-andalucia-quiere-dar-solucion\/\" title=\"Fern\u00e1ndez destaca que La C\u00f3nsula y La Fonda \u00abdan excelencia\u00bb e insiste en que la Junta de Andaluc\u00eda quiere dar soluci\u00f3n\">Fern\u00e1ndez destaca que La C\u00f3nsula y La Fonda \u00abdan excelencia\u00bb e insiste en que la Junta de Andaluc\u00eda quiere dar soluci\u00f3n<\/a>\n<\/span><\/div>","aioseo_breadcrumb_json":[{"label":"Home","link":"https:\/\/eldigitaldeasturias.com\/magazine365"},{"label":"Noticias y Actualidad","link":"https:\/\/eldigitaldeasturias.com\/magazine365\/category\/noticias-actualidad\/"},{"label":"Fern\u00e1ndez destaca que La C\u00f3nsula y La Fonda \u00abdan excelencia\u00bb e insiste en que la Junta de Andaluc\u00eda quiere dar soluci\u00f3n","link":"https:\/\/eldigitaldeasturias.com\/magazine365\/fernandez-destaca-que-la-consula-y-la-fonda-dan-excelencia-e-insiste-en-que-la-junta-de-andalucia-quiere-dar-solucion\/"}],"_links":{"self":[{"href":"https:\/\/eldigitaldeasturias.com\/magazine365\/wp-json\/wp\/v2\/posts\/60694","targetHints":{"allow":["GET"]}}],"collection":[{"href":"https:\/\/eldigitaldeasturias.com\/magazine365\/wp-json\/wp\/v2\/posts"}],"about":[{"href":"https:\/\/eldigitaldeasturias.com\/magazine365\/wp-json\/wp\/v2\/types\/post"}],"author":[{"embeddable":true,"href":"https:\/\/eldigitaldeasturias.com\/magazine365\/wp-json\/wp\/v2\/users\/1"}],"replies":[{"embeddable":true,"href":"https:\/\/eldigitaldeasturias.com\/magazine365\/wp-json\/wp\/v2\/comments?post=60694"}],"version-history":[{"count":0,"href":"https:\/\/eldigitaldeasturias.com\/magazine365\/wp-json\/wp\/v2\/posts\/60694\/revisions"}],"wp:featuredmedia":[{"embeddable":true,"href":"https:\/\/eldigitaldeasturias.com\/magazine365\/wp-json\/wp\/v2\/media\/60695"}],"wp:attachment":[{"href":"https:\/\/eldigitaldeasturias.com\/magazine365\/wp-json\/wp\/v2\/media?parent=60694"}],"wp:term":[{"taxonomy":"category","embeddable":true,"href":"https:\/\/eldigitaldeasturias.com\/magazine365\/wp-json\/wp\/v2\/categories?post=60694"},{"taxonomy":"post_tag","embeddable":true,"href":"https:\/\/eldigitaldeasturias.com\/magazine365\/wp-json\/wp\/v2\/tags?post=60694"}],"curies":[{"name":"wp","href":"https:\/\/api.w.org\/{rel}","templated":true}]}}