{"id":60691,"date":"2016-01-15T01:12:36","date_gmt":"2016-01-15T00:12:36","guid":{"rendered":"http:\/\/eldigitaldeasturias.com\/magazine365\/?p=60691"},"modified":"2016-01-15T01:12:36","modified_gmt":"2016-01-15T00:12:36","slug":"hosteleros-de-vizcaya-apoyan-limitar-la-apertura-de-locales","status":"publish","type":"post","link":"https:\/\/eldigitaldeasturias.com\/magazine365\/hosteleros-de-vizcaya-apoyan-limitar-la-apertura-de-locales\/","title":{"rendered":"Hosteleros de Vizcaya apoyan limitar la apertura de locales"},"content":{"rendered":"<p><img fetchpriority=\"high\" decoding=\"async\" class=\"alignleft size-medium wp-image-60692\" src=\"https:\/\/eldigitaldeasturias.com\/magazine365\/wp-content\/uploads\/2016\/01\/fotonoticia_20160114154838_800-360x270.jpg\" alt=\"fotonoticia_20160114154838_800\" width=\"360\" height=\"270\" srcset=\"https:\/\/eldigitaldeasturias.com\/magazine365\/wp-content\/uploads\/2016\/01\/fotonoticia_20160114154838_800-360x270.jpg 360w, https:\/\/eldigitaldeasturias.com\/magazine365\/wp-content\/uploads\/2016\/01\/fotonoticia_20160114154838_800-650x488.jpg 650w, https:\/\/eldigitaldeasturias.com\/magazine365\/wp-content\/uploads\/2016\/01\/fotonoticia_20160114154838_800-768x576.jpg 768w, https:\/\/eldigitaldeasturias.com\/magazine365\/wp-content\/uploads\/2016\/01\/fotonoticia_20160114154838_800-150x113.jpg 150w, https:\/\/eldigitaldeasturias.com\/magazine365\/wp-content\/uploads\/2016\/01\/fotonoticia_20160114154838_800-450x338.jpg 450w, https:\/\/eldigitaldeasturias.com\/magazine365\/wp-content\/uploads\/2016\/01\/fotonoticia_20160114154838_800-80x60.jpg 80w, https:\/\/eldigitaldeasturias.com\/magazine365\/wp-content\/uploads\/2016\/01\/fotonoticia_20160114154838_800-265x198.jpg 265w, https:\/\/eldigitaldeasturias.com\/magazine365\/wp-content\/uploads\/2016\/01\/fotonoticia_20160114154838_800-696x522.jpg 696w, https:\/\/eldigitaldeasturias.com\/magazine365\/wp-content\/uploads\/2016\/01\/fotonoticia_20160114154838_800-560x420.jpg 560w, https:\/\/eldigitaldeasturias.com\/magazine365\/wp-content\/uploads\/2016\/01\/fotonoticia_20160114154838_800-90x67.jpg 90w, https:\/\/eldigitaldeasturias.com\/magazine365\/wp-content\/uploads\/2016\/01\/fotonoticia_20160114154838_800-164x124.jpg 164w, https:\/\/eldigitaldeasturias.com\/magazine365\/wp-content\/uploads\/2016\/01\/fotonoticia_20160114154838_800-100x75.jpg 100w, https:\/\/eldigitaldeasturias.com\/magazine365\/wp-content\/uploads\/2016\/01\/fotonoticia_20160114154838_800.jpg 800w\" sizes=\"(max-width: 360px) 100vw, 360px\" \/>El presidente de la Asociaci\u00f3n de Hosteler\u00eda de Bizkaia, \u00c1ngel Gago, se ha mostrado a favor de la limitaci\u00f3n de apertura de establecimientos de hosteler\u00eda en el Casco Viejo de Bilbao, y en todas las zonas de la Villa, porque \u00abestamos en una burbuja y no hay capacidad de gasto\u00bb para mantener abierto el n\u00famero de locales actuales.<\/p>\n<p>En declaraciones a Europa Press, Gago se ha referido, de esta forma, a la decisi\u00f3n del Ayuntamiento de Bilbao de no permitir la apertura de nuevos establecimientos de hosteler\u00eda en 17 calles del Casco Viejo y en las Plaza Nueva y Unamuno, seg\u00fan se recoge en la modificaci\u00f3n del Plan Especial de Rehabilitaci\u00f3n (PER) del Casco Viejo y en las normas urban\u00edsticas del Plan General de Ordenaci\u00f3n Urbana para impulsar el desarrollo urbano sostenible del barrio, elaborada por el Consistorio.<\/p>\n<p>Gago ha dicho que, \u00aben principio y por filosof\u00eda\u00bb, la Asociaci\u00f3n de Hosteler\u00eda de Bizkaia est\u00e1 \u00aba favor de la limitaci\u00f3n de apertura de establecimientos de todo tipo, salvo aut\u00e9nticas excepciones que podr\u00edan ser por raz\u00f3n de inversi\u00f3n de una aut\u00e9ntica novedad\u00bb. \u00abLo dem\u00e1s, como asociaci\u00f3n, estamos a favor de la limitaci\u00f3n, pero no en el Casco Viejo, sino en todas las zonas de la Villa\u00bb, ha asegurado, porque entienden que hay \u00abun sobren\u00famero de establecimientos para la poblaci\u00f3n que tiene, en este caso, Bilbao\u00bb.<\/p>\n<p>Por ello, ha afirmado que para el sector de la Hosteler\u00eda de Bizkaia no supone \u00abuna agresi\u00f3n el que proh\u00edban abrir bares\u00bb, porque \u00abno hay capacidad para tanto como hay\u00bb. \u00abQue nos digan que van a limitar locales est\u00e1 muy bien, porque estamos en una burbuja y no hay capacidad de trabajo para todos los que hay\u00bb, ha insistido.<\/p>\n<p>Gago ha destacado que el Ayuntamiento de Bilbao cuenta con unos estudios internos \u00abde gran calado\u00bb, con \u00abdetalle de planos con la distribuci\u00f3n de actividades diversas, en cada calle, cada zona, superficies, y densidad\u00bb.<\/p>\n<p>En ese sentido, ha considerado que el Consistorio ha dise\u00f1ado una limitaci\u00f3n de apertura \u00aben base a unos criterios que, para nosotros, hubieran sido incluso m\u00e1s restrictivos\u00bb, porque, seg\u00fan ha insistido, \u00absalvo ciertas actividades que pudieran producirse que realmente supusieran un revulsivo, un modelo de actividad diferente, hay una burbuja y esto en alg\u00fan momento va a explotar\u00bb.<\/p>\n<p>El representante de la Hosteler\u00eda vizca\u00edna ha reconocido que si se preguntara a la sociedad su opini\u00f3n sobre este tema, \u00abseguramente basar\u00eda su respuesta en la cantidad de locales que se est\u00e1n abriendo en determinadas zonas de Bilbao, ll\u00e1mese el Ensanche c\u00e9ntrico, Casco Viejo y dem\u00e1s\u00bb, pero \u00ablo cierto es que, a nivel num\u00e9rico macroterritorio, hay una ca\u00edda del 1,67% de actividades\u00bb, de forma que se abre en unas zonas, pero \u00abse est\u00e1n produciendo cantidad de cierres en otras\u00bb.<\/p>\n<p>Por ello, ha reiterado que, \u00abcomo filosof\u00eda\u00bb, la asociaci\u00f3n est\u00e1 \u00abtotalmente de acuerdo\u00bb con la limitaci\u00f3n de apertura de locales de hosteler\u00eda en el Casco Viejo y, ha subrayado que, de hecho, han pedido que la limitaci\u00f3n se extienda al resto de distritos.<\/p>\n<p>En ese sentido, ha explicado que tienen \u00abconversaciones con el Ayuntamiento para dialogar sobre estas cuestiones, pero lo que pasa que tiene que haber un soporte legal que, en estos momentos, solo ampara al Casco Viejo\u00bb, de forma que \u00abpara hacer limitaciones de actividad en otras zonas, deber\u00eda haber un plan y ese plan todav\u00eda no existe\u00bb.<\/p>\n<p>OTRAS ZONAS CON \u00abPOTENCIAL\u00bb<\/p>\n<p>En cuanto a la apuesta del Ayuntamiento bilba\u00edno por otras zonas con \u00abpotencial\u00bb para acoger a la hosteler\u00eda, como el muelle de Marzana, La Naja o los museos, Gago ha reconocido que, \u00aben un momento determinado, en el debate que se abre se puede plantear que al Ayuntamiento o a la sociedad igual le gustar\u00eda que en una calle donde hay una carencia de textil o de hosteler\u00eda podr\u00edan llegar establecimientos de actividad textil o de hosteler\u00eda, pero el problema es que el empresario que invierte responde a la ley del mercado\u00bb.<\/p>\n<p>Tras destacar que el de Bilbao es el ayuntamiento \u00abm\u00e1s transparente a nivel de normativas urban\u00edsticas\u00bb que conoce y agradecer que haya buscado el \u00abconsenso\u00bb con el borrador del PER presentado para el Casco Viejo, ha se\u00f1alado tambi\u00e9n que \u00ablo que sucede es que, a veces, por mucha voluntad que tengamos las partes, podemos tener opiniones diferentes y el que invierte no depende del inter\u00e9s del ayuntamiento, del gobierno o de la sociedad\u00bb.<\/p>\n<p>\u00abEl tema es complicado, porque el Ayuntamiento puede tener voluntad de desarrollar determinadas cuestiones, y, luego, es la iniciativa privada la que tiene que invertir\u00bb, ha remarcado, para insistir en que en el sector de la Hosteler\u00eda hay \u00abuna saturaci\u00f3n\u00bb y \u00abest\u00e1 bien que se limite, pero no solo en el Casco Viejo, sino en todos los distritos\u00bb.<\/p>\n","protected":false},"excerpt":{"rendered":"<p>El presidente de la Asociaci\u00f3n de Hosteler\u00eda de Bizkaia, \u00c1ngel Gago, se ha mostrado a favor de la limitaci\u00f3n de apertura de establecimientos de hosteler\u00eda en el Casco Viejo de Bilbao, y en todas las zonas de la Villa, porque \u00abestamos en una burbuja y no hay capacidad de gasto\u00bb para mantener abierto el n\u00famero<\/p>\n","protected":false},"author":1,"featured_media":60692,"comment_status":"open","ping_status":"closed","sticky":false,"template":"","format":"standard","meta":{"footnotes":""},"categories":[224],"tags":[],"class_list":{"0":"post-60691","1":"post","2":"type-post","3":"status-publish","4":"format-standard","5":"has-post-thumbnail","7":"category-noticias-actualidad"},"aioseo_notices":[],"aioseo_head":"\n\t\t<!-- All in One SEO Pro 4.9.6.1 - aioseo.com -->\n\t<meta name=\"description\" content=\"El presidente de la Asociaci\u00f3n de Hosteler\u00eda de Bizkaia, \u00c1ngel Gago, se ha mostrado a favor de la limitaci\u00f3n de apertura de establecimientos de hosteler\u00eda en el Casco Viejo de Bilbao, y en todas las zonas de la Villa, porque &quot;estamos en una burbuja y no hay capacidad de gasto&quot; para mantener abierto el n\u00famero\" \/>\n\t<meta name=\"robots\" content=\"max-image-preview:large\" \/>\n\t<meta name=\"author\" content=\"admin\"\/>\n\t<meta name=\"google-site-verification\" content=\"UA-38556648-1\" \/>\n\t<meta name=\"keywords\" content=\"noticias y actualidad\" \/>\n\t<link rel=\"canonical\" href=\"https:\/\/eldigitaldeasturias.com\/magazine365\/hosteleros-de-vizcaya-apoyan-limitar-la-apertura-de-locales\/\" \/>\n\t<meta name=\"generator\" content=\"All in One SEO Pro (AIOSEO) 4.9.6.1\" \/>\n\t\t<meta property=\"og:locale\" content=\"es_ES\" \/>\n\t\t<meta property=\"og:site_name\" content=\"El Digital de Asturias \u2013 Revista de ocio, turismo y estilo de vida\" \/>\n\t\t<meta property=\"og:type\" content=\"article\" \/>\n\t\t<meta property=\"og:title\" content=\"Hosteleros de Vizcaya apoyan limitar la apertura de locales | El Digital de Asturias\" \/>\n\t\t<meta property=\"og:description\" content=\"El presidente de la Asociaci\u00f3n de Hosteler\u00eda de Bizkaia, \u00c1ngel Gago, se ha mostrado a favor de la limitaci\u00f3n de apertura de establecimientos de hosteler\u00eda en el Casco Viejo de Bilbao, y en todas las zonas de la Villa, porque &quot;estamos en una burbuja y no hay capacidad de gasto&quot; para mantener abierto el n\u00famero\" \/>\n\t\t<meta property=\"og:url\" content=\"https:\/\/eldigitaldeasturias.com\/magazine365\/hosteleros-de-vizcaya-apoyan-limitar-la-apertura-de-locales\/\" \/>\n\t\t<meta property=\"og:image\" content=\"https:\/\/eldigitaldeasturias.com\/magazine365\/wp-content\/uploads\/2016\/01\/fotonoticia_20160114154838_800.jpg\" \/>\n\t\t<meta property=\"og:image:secure_url\" content=\"https:\/\/eldigitaldeasturias.com\/magazine365\/wp-content\/uploads\/2016\/01\/fotonoticia_20160114154838_800.jpg\" \/>\n\t\t<meta property=\"og:image:width\" content=\"800\" \/>\n\t\t<meta property=\"og:image:height\" content=\"600\" \/>\n\t\t<meta property=\"article:published_time\" content=\"2016-01-15T00:12:36+00:00\" \/>\n\t\t<meta property=\"article:modified_time\" content=\"2016-01-15T00:12:36+00:00\" \/>\n\t\t<meta name=\"twitter:card\" content=\"summary_large_image\" \/>\n\t\t<meta name=\"twitter:title\" content=\"Hosteleros de Vizcaya apoyan limitar la apertura de locales | El Digital de Asturias\" \/>\n\t\t<meta name=\"twitter:description\" content=\"El presidente de la Asociaci\u00f3n de Hosteler\u00eda de Bizkaia, \u00c1ngel Gago, se ha mostrado a favor de la limitaci\u00f3n de apertura de establecimientos de hosteler\u00eda en el Casco Viejo de Bilbao, y en todas las zonas de la Villa, porque &quot;estamos en una burbuja y no hay capacidad de gasto&quot; para mantener abierto el n\u00famero\" \/>\n\t\t<meta name=\"twitter:image\" content=\"https:\/\/eldigitaldeasturias.com\/magazine365\/wp-content\/uploads\/2016\/01\/fotonoticia_20160114154838_800.jpg\" \/>\n\t\t<script type=\"application\/ld+json\" class=\"aioseo-schema\">\n\t\t\t{\"@context\":\"https:\\\/\\\/schema.org\",\"@graph\":[{\"@type\":\"Article\",\"@id\":\"https:\\\/\\\/eldigitaldeasturias.com\\\/magazine365\\\/hosteleros-de-vizcaya-apoyan-limitar-la-apertura-de-locales\\\/#article\",\"name\":\"Hosteleros de Vizcaya apoyan limitar la apertura de locales | El Digital de Asturias\",\"headline\":\"Hosteleros de Vizcaya apoyan limitar la apertura de locales\",\"author\":{\"@id\":\"https:\\\/\\\/eldigitaldeasturias.com\\\/magazine365\\\/author\\\/admin\\\/#author\"},\"publisher\":{\"@id\":\"https:\\\/\\\/eldigitaldeasturias.com\\\/magazine365\\\/#organization\"},\"image\":{\"@type\":\"ImageObject\",\"url\":\"https:\\\/\\\/eldigitaldeasturias.com\\\/magazine365\\\/wp-content\\\/uploads\\\/2016\\\/01\\\/fotonoticia_20160114154838_800.jpg\",\"width\":800,\"height\":600},\"datePublished\":\"2016-01-15T01:12:36+01:00\",\"dateModified\":\"2016-01-15T01:12:36+01:00\",\"inLanguage\":\"es-ES\",\"mainEntityOfPage\":{\"@id\":\"https:\\\/\\\/eldigitaldeasturias.com\\\/magazine365\\\/hosteleros-de-vizcaya-apoyan-limitar-la-apertura-de-locales\\\/#webpage\"},\"isPartOf\":{\"@id\":\"https:\\\/\\\/eldigitaldeasturias.com\\\/magazine365\\\/hosteleros-de-vizcaya-apoyan-limitar-la-apertura-de-locales\\\/#webpage\"},\"articleSection\":\"Noticias y Actualidad\"},{\"@type\":\"BreadcrumbList\",\"@id\":\"https:\\\/\\\/eldigitaldeasturias.com\\\/magazine365\\\/hosteleros-de-vizcaya-apoyan-limitar-la-apertura-de-locales\\\/#breadcrumblist\",\"itemListElement\":[{\"@type\":\"ListItem\",\"@id\":\"https:\\\/\\\/eldigitaldeasturias.com\\\/magazine365#listItem\",\"position\":1,\"name\":\"Home\",\"item\":\"https:\\\/\\\/eldigitaldeasturias.com\\\/magazine365\",\"nextItem\":{\"@type\":\"ListItem\",\"@id\":\"https:\\\/\\\/eldigitaldeasturias.com\\\/magazine365\\\/category\\\/noticias-actualidad\\\/#listItem\",\"name\":\"Noticias y Actualidad\"}},{\"@type\":\"ListItem\",\"@id\":\"https:\\\/\\\/eldigitaldeasturias.com\\\/magazine365\\\/category\\\/noticias-actualidad\\\/#listItem\",\"position\":2,\"name\":\"Noticias y Actualidad\",\"item\":\"https:\\\/\\\/eldigitaldeasturias.com\\\/magazine365\\\/category\\\/noticias-actualidad\\\/\",\"nextItem\":{\"@type\":\"ListItem\",\"@id\":\"https:\\\/\\\/eldigitaldeasturias.com\\\/magazine365\\\/hosteleros-de-vizcaya-apoyan-limitar-la-apertura-de-locales\\\/#listItem\",\"name\":\"Hosteleros de Vizcaya apoyan limitar la apertura de locales\"},\"previousItem\":{\"@type\":\"ListItem\",\"@id\":\"https:\\\/\\\/eldigitaldeasturias.com\\\/magazine365#listItem\",\"name\":\"Home\"}},{\"@type\":\"ListItem\",\"@id\":\"https:\\\/\\\/eldigitaldeasturias.com\\\/magazine365\\\/hosteleros-de-vizcaya-apoyan-limitar-la-apertura-de-locales\\\/#listItem\",\"position\":3,\"name\":\"Hosteleros de Vizcaya apoyan limitar la apertura de locales\",\"previousItem\":{\"@type\":\"ListItem\",\"@id\":\"https:\\\/\\\/eldigitaldeasturias.com\\\/magazine365\\\/category\\\/noticias-actualidad\\\/#listItem\",\"name\":\"Noticias y Actualidad\"}}]},{\"@type\":\"Organization\",\"@id\":\"https:\\\/\\\/eldigitaldeasturias.com\\\/magazine365\\\/#organization\",\"name\":\"El digital de Asturias\",\"description\":\"Revista de ocio, turismo y estilo de vida\",\"url\":\"https:\\\/\\\/eldigitaldeasturias.com\\\/magazine365\\\/\",\"logo\":{\"@type\":\"ImageObject\",\"url\":\"https:\\\/\\\/www.eldigitaldeasturias.com\\\/noticias\\\/wp-content\\\/uploads\\\/2020\\\/12\\\/EDA.jpg\",\"@id\":\"https:\\\/\\\/eldigitaldeasturias.com\\\/magazine365\\\/hosteleros-de-vizcaya-apoyan-limitar-la-apertura-de-locales\\\/#organizationLogo\"},\"image\":{\"@id\":\"https:\\\/\\\/eldigitaldeasturias.com\\\/magazine365\\\/hosteleros-de-vizcaya-apoyan-limitar-la-apertura-de-locales\\\/#organizationLogo\"}},{\"@type\":\"Person\",\"@id\":\"https:\\\/\\\/eldigitaldeasturias.com\\\/magazine365\\\/author\\\/admin\\\/#author\",\"url\":\"https:\\\/\\\/eldigitaldeasturias.com\\\/magazine365\\\/author\\\/admin\\\/\",\"name\":\"admin\",\"image\":{\"@type\":\"ImageObject\",\"@id\":\"https:\\\/\\\/eldigitaldeasturias.com\\\/magazine365\\\/hosteleros-de-vizcaya-apoyan-limitar-la-apertura-de-locales\\\/#authorImage\",\"url\":\"https:\\\/\\\/eldigitaldeasturias.com\\\/magazine365\\\/wp-content\\\/litespeed\\\/avatar\\\/e571bcf59a0edd6fa6838245a470f2fe.jpg?ver=1777574230\",\"width\":96,\"height\":96,\"caption\":\"admin\"}},{\"@type\":\"WebPage\",\"@id\":\"https:\\\/\\\/eldigitaldeasturias.com\\\/magazine365\\\/hosteleros-de-vizcaya-apoyan-limitar-la-apertura-de-locales\\\/#webpage\",\"url\":\"https:\\\/\\\/eldigitaldeasturias.com\\\/magazine365\\\/hosteleros-de-vizcaya-apoyan-limitar-la-apertura-de-locales\\\/\",\"name\":\"Hosteleros de Vizcaya apoyan limitar la apertura de locales | El Digital de Asturias\",\"description\":\"El presidente de la Asociaci\\u00f3n de Hosteler\\u00eda de Bizkaia, \\u00c1ngel Gago, se ha mostrado a favor de la limitaci\\u00f3n de apertura de establecimientos de hosteler\\u00eda en el Casco Viejo de Bilbao, y en todas las zonas de la Villa, porque \\\"estamos en una burbuja y no hay capacidad de gasto\\\" para mantener abierto el n\\u00famero\",\"inLanguage\":\"es-ES\",\"isPartOf\":{\"@id\":\"https:\\\/\\\/eldigitaldeasturias.com\\\/magazine365\\\/#website\"},\"breadcrumb\":{\"@id\":\"https:\\\/\\\/eldigitaldeasturias.com\\\/magazine365\\\/hosteleros-de-vizcaya-apoyan-limitar-la-apertura-de-locales\\\/#breadcrumblist\"},\"author\":{\"@id\":\"https:\\\/\\\/eldigitaldeasturias.com\\\/magazine365\\\/author\\\/admin\\\/#author\"},\"creator\":{\"@id\":\"https:\\\/\\\/eldigitaldeasturias.com\\\/magazine365\\\/author\\\/admin\\\/#author\"},\"image\":{\"@type\":\"ImageObject\",\"url\":\"https:\\\/\\\/eldigitaldeasturias.com\\\/magazine365\\\/wp-content\\\/uploads\\\/2016\\\/01\\\/fotonoticia_20160114154838_800.jpg\",\"@id\":\"https:\\\/\\\/eldigitaldeasturias.com\\\/magazine365\\\/hosteleros-de-vizcaya-apoyan-limitar-la-apertura-de-locales\\\/#mainImage\",\"width\":800,\"height\":600},\"primaryImageOfPage\":{\"@id\":\"https:\\\/\\\/eldigitaldeasturias.com\\\/magazine365\\\/hosteleros-de-vizcaya-apoyan-limitar-la-apertura-de-locales\\\/#mainImage\"},\"datePublished\":\"2016-01-15T01:12:36+01:00\",\"dateModified\":\"2016-01-15T01:12:36+01:00\"},{\"@type\":\"WebSite\",\"@id\":\"https:\\\/\\\/eldigitaldeasturias.com\\\/magazine365\\\/#website\",\"url\":\"https:\\\/\\\/eldigitaldeasturias.com\\\/magazine365\\\/\",\"name\":\"El Digital de Asturias\",\"description\":\"Revista de ocio, turismo y estilo de vida\",\"inLanguage\":\"es-ES\",\"publisher\":{\"@id\":\"https:\\\/\\\/eldigitaldeasturias.com\\\/magazine365\\\/#organization\"}}]}\n\t\t<\/script>\n\t\t<!-- All in One SEO Pro -->\r\n\t\t<title>Hosteleros de Vizcaya apoyan limitar la apertura de locales | El Digital de Asturias<\/title>\n\n","aioseo_head_json":{"title":"Hosteleros de Vizcaya apoyan limitar la apertura de locales | El Digital de Asturias","description":"El presidente de la Asociaci\u00f3n de Hosteler\u00eda de Bizkaia, \u00c1ngel Gago, se ha mostrado a favor de la limitaci\u00f3n de apertura de establecimientos de hosteler\u00eda en el Casco Viejo de Bilbao, y en todas las zonas de la Villa, porque \"estamos en una burbuja y no hay capacidad de gasto\" para mantener abierto el n\u00famero","canonical_url":"https:\/\/eldigitaldeasturias.com\/magazine365\/hosteleros-de-vizcaya-apoyan-limitar-la-apertura-de-locales\/","robots":"max-image-preview:large","keywords":"noticias y actualidad","webmasterTools":{"google-site-verification":"UA-38556648-1","miscellaneous":""},"schema":{"@context":"https:\/\/schema.org","@graph":[{"@type":"Article","@id":"https:\/\/eldigitaldeasturias.com\/magazine365\/hosteleros-de-vizcaya-apoyan-limitar-la-apertura-de-locales\/#article","name":"Hosteleros de Vizcaya apoyan limitar la apertura de locales | El Digital de Asturias","headline":"Hosteleros de Vizcaya apoyan limitar la apertura de locales","author":{"@id":"https:\/\/eldigitaldeasturias.com\/magazine365\/author\/admin\/#author"},"publisher":{"@id":"https:\/\/eldigitaldeasturias.com\/magazine365\/#organization"},"image":{"@type":"ImageObject","url":"https:\/\/eldigitaldeasturias.com\/magazine365\/wp-content\/uploads\/2016\/01\/fotonoticia_20160114154838_800.jpg","width":800,"height":600},"datePublished":"2016-01-15T01:12:36+01:00","dateModified":"2016-01-15T01:12:36+01:00","inLanguage":"es-ES","mainEntityOfPage":{"@id":"https:\/\/eldigitaldeasturias.com\/magazine365\/hosteleros-de-vizcaya-apoyan-limitar-la-apertura-de-locales\/#webpage"},"isPartOf":{"@id":"https:\/\/eldigitaldeasturias.com\/magazine365\/hosteleros-de-vizcaya-apoyan-limitar-la-apertura-de-locales\/#webpage"},"articleSection":"Noticias y Actualidad"},{"@type":"BreadcrumbList","@id":"https:\/\/eldigitaldeasturias.com\/magazine365\/hosteleros-de-vizcaya-apoyan-limitar-la-apertura-de-locales\/#breadcrumblist","itemListElement":[{"@type":"ListItem","@id":"https:\/\/eldigitaldeasturias.com\/magazine365#listItem","position":1,"name":"Home","item":"https:\/\/eldigitaldeasturias.com\/magazine365","nextItem":{"@type":"ListItem","@id":"https:\/\/eldigitaldeasturias.com\/magazine365\/category\/noticias-actualidad\/#listItem","name":"Noticias y Actualidad"}},{"@type":"ListItem","@id":"https:\/\/eldigitaldeasturias.com\/magazine365\/category\/noticias-actualidad\/#listItem","position":2,"name":"Noticias y Actualidad","item":"https:\/\/eldigitaldeasturias.com\/magazine365\/category\/noticias-actualidad\/","nextItem":{"@type":"ListItem","@id":"https:\/\/eldigitaldeasturias.com\/magazine365\/hosteleros-de-vizcaya-apoyan-limitar-la-apertura-de-locales\/#listItem","name":"Hosteleros de Vizcaya apoyan limitar la apertura de locales"},"previousItem":{"@type":"ListItem","@id":"https:\/\/eldigitaldeasturias.com\/magazine365#listItem","name":"Home"}},{"@type":"ListItem","@id":"https:\/\/eldigitaldeasturias.com\/magazine365\/hosteleros-de-vizcaya-apoyan-limitar-la-apertura-de-locales\/#listItem","position":3,"name":"Hosteleros de Vizcaya apoyan limitar la apertura de locales","previousItem":{"@type":"ListItem","@id":"https:\/\/eldigitaldeasturias.com\/magazine365\/category\/noticias-actualidad\/#listItem","name":"Noticias y Actualidad"}}]},{"@type":"Organization","@id":"https:\/\/eldigitaldeasturias.com\/magazine365\/#organization","name":"El digital de Asturias","description":"Revista de ocio, turismo y estilo de vida","url":"https:\/\/eldigitaldeasturias.com\/magazine365\/","logo":{"@type":"ImageObject","url":"https:\/\/www.eldigitaldeasturias.com\/noticias\/wp-content\/uploads\/2020\/12\/EDA.jpg","@id":"https:\/\/eldigitaldeasturias.com\/magazine365\/hosteleros-de-vizcaya-apoyan-limitar-la-apertura-de-locales\/#organizationLogo"},"image":{"@id":"https:\/\/eldigitaldeasturias.com\/magazine365\/hosteleros-de-vizcaya-apoyan-limitar-la-apertura-de-locales\/#organizationLogo"}},{"@type":"Person","@id":"https:\/\/eldigitaldeasturias.com\/magazine365\/author\/admin\/#author","url":"https:\/\/eldigitaldeasturias.com\/magazine365\/author\/admin\/","name":"admin","image":{"@type":"ImageObject","@id":"https:\/\/eldigitaldeasturias.com\/magazine365\/hosteleros-de-vizcaya-apoyan-limitar-la-apertura-de-locales\/#authorImage","url":"https:\/\/eldigitaldeasturias.com\/magazine365\/wp-content\/litespeed\/avatar\/e571bcf59a0edd6fa6838245a470f2fe.jpg?ver=1777574230","width":96,"height":96,"caption":"admin"}},{"@type":"WebPage","@id":"https:\/\/eldigitaldeasturias.com\/magazine365\/hosteleros-de-vizcaya-apoyan-limitar-la-apertura-de-locales\/#webpage","url":"https:\/\/eldigitaldeasturias.com\/magazine365\/hosteleros-de-vizcaya-apoyan-limitar-la-apertura-de-locales\/","name":"Hosteleros de Vizcaya apoyan limitar la apertura de locales | El Digital de Asturias","description":"El presidente de la Asociaci\u00f3n de Hosteler\u00eda de Bizkaia, \u00c1ngel Gago, se ha mostrado a favor de la limitaci\u00f3n de apertura de establecimientos de hosteler\u00eda en el Casco Viejo de Bilbao, y en todas las zonas de la Villa, porque \"estamos en una burbuja y no hay capacidad de gasto\" para mantener abierto el n\u00famero","inLanguage":"es-ES","isPartOf":{"@id":"https:\/\/eldigitaldeasturias.com\/magazine365\/#website"},"breadcrumb":{"@id":"https:\/\/eldigitaldeasturias.com\/magazine365\/hosteleros-de-vizcaya-apoyan-limitar-la-apertura-de-locales\/#breadcrumblist"},"author":{"@id":"https:\/\/eldigitaldeasturias.com\/magazine365\/author\/admin\/#author"},"creator":{"@id":"https:\/\/eldigitaldeasturias.com\/magazine365\/author\/admin\/#author"},"image":{"@type":"ImageObject","url":"https:\/\/eldigitaldeasturias.com\/magazine365\/wp-content\/uploads\/2016\/01\/fotonoticia_20160114154838_800.jpg","@id":"https:\/\/eldigitaldeasturias.com\/magazine365\/hosteleros-de-vizcaya-apoyan-limitar-la-apertura-de-locales\/#mainImage","width":800,"height":600},"primaryImageOfPage":{"@id":"https:\/\/eldigitaldeasturias.com\/magazine365\/hosteleros-de-vizcaya-apoyan-limitar-la-apertura-de-locales\/#mainImage"},"datePublished":"2016-01-15T01:12:36+01:00","dateModified":"2016-01-15T01:12:36+01:00"},{"@type":"WebSite","@id":"https:\/\/eldigitaldeasturias.com\/magazine365\/#website","url":"https:\/\/eldigitaldeasturias.com\/magazine365\/","name":"El Digital de Asturias","description":"Revista de ocio, turismo y estilo de vida","inLanguage":"es-ES","publisher":{"@id":"https:\/\/eldigitaldeasturias.com\/magazine365\/#organization"}}]},"og:locale":"es_ES","og:site_name":"El Digital de Asturias \u2013 Revista de ocio, turismo y estilo de vida","og:type":"article","og:title":"Hosteleros de Vizcaya apoyan limitar la apertura de locales | El Digital de Asturias","og:description":"El presidente de la Asociaci\u00f3n de Hosteler\u00eda de Bizkaia, \u00c1ngel Gago, se ha mostrado a favor de la limitaci\u00f3n de apertura de establecimientos de hosteler\u00eda en el Casco Viejo de Bilbao, y en todas las zonas de la Villa, porque &quot;estamos en una burbuja y no hay capacidad de gasto&quot; para mantener abierto el n\u00famero","og:url":"https:\/\/eldigitaldeasturias.com\/magazine365\/hosteleros-de-vizcaya-apoyan-limitar-la-apertura-de-locales\/","og:image":"https:\/\/eldigitaldeasturias.com\/magazine365\/wp-content\/uploads\/2016\/01\/fotonoticia_20160114154838_800.jpg","og:image:secure_url":"https:\/\/eldigitaldeasturias.com\/magazine365\/wp-content\/uploads\/2016\/01\/fotonoticia_20160114154838_800.jpg","og:image:width":800,"og:image:height":600,"article:published_time":"2016-01-15T00:12:36+00:00","article:modified_time":"2016-01-15T00:12:36+00:00","twitter:card":"summary_large_image","twitter:title":"Hosteleros de Vizcaya apoyan limitar la apertura de locales | El Digital de Asturias","twitter:description":"El presidente de la Asociaci\u00f3n de Hosteler\u00eda de Bizkaia, \u00c1ngel Gago, se ha mostrado a favor de la limitaci\u00f3n de apertura de establecimientos de hosteler\u00eda en el Casco Viejo de Bilbao, y en todas las zonas de la Villa, porque &quot;estamos en una burbuja y no hay capacidad de gasto&quot; para mantener abierto el n\u00famero","twitter:image":"https:\/\/eldigitaldeasturias.com\/magazine365\/wp-content\/uploads\/2016\/01\/fotonoticia_20160114154838_800.jpg"},"aioseo_meta_data":{"post_id":"60691","title":null,"description":null,"keywords":null,"keyphrases":null,"primary_term":null,"canonical_url":null,"og_title":null,"og_description":null,"og_object_type":"default","og_image_type":"default","og_image_url":null,"og_image_width":null,"og_image_height":null,"og_image_custom_url":null,"og_image_custom_fields":null,"og_video":null,"og_custom_url":null,"og_article_section":null,"og_article_tags":null,"twitter_use_og":false,"twitter_card":"default","twitter_image_type":"default","twitter_image_url":null,"twitter_image_custom_url":null,"twitter_image_custom_fields":null,"twitter_title":null,"twitter_description":null,"schema":{"blockGraphs":[],"customGraphs":[],"default":{"data":{"Article":[],"Course":[],"Dataset":[],"FAQPage":[],"Movie":[],"Person":[],"Product":[],"ProductReview":[],"Car":[],"Recipe":[],"Service":[],"SoftwareApplication":[],"WebPage":[]},"graphName":"","isEnabled":true},"graphs":[],"defaultGraph":"","defaultPostTypeGraph":""},"schema_type":null,"schema_type_options":null,"pillar_content":false,"robots_default":true,"robots_noindex":false,"robots_noarchive":false,"robots_nosnippet":false,"robots_nofollow":false,"robots_noimageindex":false,"robots_noodp":false,"robots_notranslate":false,"robots_max_snippet":null,"robots_max_videopreview":null,"robots_max_imagepreview":"large","priority":null,"frequency":null,"location":null,"local_seo":null,"seo_analyzer_scan_date":"2025-09-25 07:22:30","breadcrumb_settings":null,"limit_modified_date":false,"open_ai":null,"ai":null,"created":"2021-03-08 21:57:16","updated":"2025-09-25 07:22:30"},"aioseo_breadcrumb":"<div class=\"aioseo-breadcrumbs\"><span class=\"aioseo-breadcrumb\">\n\t<a href=\"https:\/\/eldigitaldeasturias.com\/magazine365\" title=\"Home\">Home<\/a>\n<\/span><span class=\"aioseo-breadcrumb-separator\">\u2013<\/span><span class=\"aioseo-breadcrumb\">\n\t<a href=\"https:\/\/eldigitaldeasturias.com\/magazine365\/category\/noticias-actualidad\/\" title=\"Noticias y Actualidad\">Noticias y Actualidad<\/a>\n<\/span><span class=\"aioseo-breadcrumb-separator\">\u2013<\/span><span class=\"aioseo-breadcrumb\">\n\t<a href=\"https:\/\/eldigitaldeasturias.com\/magazine365\/hosteleros-de-vizcaya-apoyan-limitar-la-apertura-de-locales\/\" title=\"Hosteleros de Vizcaya apoyan limitar la apertura de locales\">Hosteleros de Vizcaya apoyan limitar la apertura de locales<\/a>\n<\/span><\/div>","aioseo_breadcrumb_json":[{"label":"Home","link":"https:\/\/eldigitaldeasturias.com\/magazine365"},{"label":"Noticias y Actualidad","link":"https:\/\/eldigitaldeasturias.com\/magazine365\/category\/noticias-actualidad\/"},{"label":"Hosteleros de Vizcaya apoyan limitar la apertura de locales","link":"https:\/\/eldigitaldeasturias.com\/magazine365\/hosteleros-de-vizcaya-apoyan-limitar-la-apertura-de-locales\/"}],"_links":{"self":[{"href":"https:\/\/eldigitaldeasturias.com\/magazine365\/wp-json\/wp\/v2\/posts\/60691","targetHints":{"allow":["GET"]}}],"collection":[{"href":"https:\/\/eldigitaldeasturias.com\/magazine365\/wp-json\/wp\/v2\/posts"}],"about":[{"href":"https:\/\/eldigitaldeasturias.com\/magazine365\/wp-json\/wp\/v2\/types\/post"}],"author":[{"embeddable":true,"href":"https:\/\/eldigitaldeasturias.com\/magazine365\/wp-json\/wp\/v2\/users\/1"}],"replies":[{"embeddable":true,"href":"https:\/\/eldigitaldeasturias.com\/magazine365\/wp-json\/wp\/v2\/comments?post=60691"}],"version-history":[{"count":0,"href":"https:\/\/eldigitaldeasturias.com\/magazine365\/wp-json\/wp\/v2\/posts\/60691\/revisions"}],"wp:featuredmedia":[{"embeddable":true,"href":"https:\/\/eldigitaldeasturias.com\/magazine365\/wp-json\/wp\/v2\/media\/60692"}],"wp:attachment":[{"href":"https:\/\/eldigitaldeasturias.com\/magazine365\/wp-json\/wp\/v2\/media?parent=60691"}],"wp:term":[{"taxonomy":"category","embeddable":true,"href":"https:\/\/eldigitaldeasturias.com\/magazine365\/wp-json\/wp\/v2\/categories?post=60691"},{"taxonomy":"post_tag","embeddable":true,"href":"https:\/\/eldigitaldeasturias.com\/magazine365\/wp-json\/wp\/v2\/tags?post=60691"}],"curies":[{"name":"wp","href":"https:\/\/api.w.org\/{rel}","templated":true}]}}