{"id":60679,"date":"2016-01-14T20:41:47","date_gmt":"2016-01-14T19:41:47","guid":{"rendered":"http:\/\/eldigitaldeasturias.com\/magazine365\/?p=60679"},"modified":"2016-01-14T20:41:47","modified_gmt":"2016-01-14T19:41:47","slug":"palma-de-mallorca-rendira-tributo-a-joan-miro-y-al-arte-contemporaneo-en-fitur","status":"publish","type":"post","link":"https:\/\/eldigitaldeasturias.com\/magazine365\/palma-de-mallorca-rendira-tributo-a-joan-miro-y-al-arte-contemporaneo-en-fitur\/","title":{"rendered":"Palma de Mallorca rendir\u00e1 tributo a Joan Mir\u00f3 y al arte contempor\u00e1neo en Fitur"},"content":{"rendered":"<p>   Palma de Mallorca rendir\u00e1 tributo a Joan Mir\u00f3 y al arte contempor\u00e1neo en la feria de Fitur que se desarrollar\u00e1 en Madrid del 20 al 24 de enero y  exhibir\u00e1 toda la oferta art\u00edstica de la ciudad que la consolida como uno de los centros culturales m\u00e1s importantes del Mediterr\u00e1neo.<\/p>\n<p>   En este sentido, la ciudad presentar\u00e1 \u00abuna de sus apuestas m\u00e1s atractivas para ampliar su planta hotelera\u00bb como es el Hotel Joan Mir\u00f3 Museum, el primer establecimiento dedicado en exclusiva al artista, y que abrir\u00e1 sus puertas el pr\u00f3ximo mes de febrero.<\/p>\n<p>   En la presentaci\u00f3n participar\u00e1n el alcalde de Palma, Jos\u00e9 Hila, y el nieto del artista, Joan Punyet Mir\u00f3. Tras la presentaci\u00f3n, Turismo de Islas Baleares llevar\u00e1 a cabo un &#8216;showcooking&#8217; con alguno de sus productos m\u00e1s destacados.<\/p>\n","protected":false},"excerpt":{"rendered":"<p>Palma de Mallorca rendir\u00e1 tributo a Joan Mir\u00f3 y al arte contempor\u00e1neo en la feria de Fitur que se desarrollar\u00e1 en Madrid del 20 al 24 de enero y exhibir\u00e1 toda la oferta art\u00edstica de la ciudad que la consolida como uno de los centros culturales m\u00e1s importantes del Mediterr\u00e1neo. En este sentido, la ciudad<\/p>\n","protected":false},"author":1,"featured_media":50096,"comment_status":"open","ping_status":"closed","sticky":false,"template":"","format":"standard","meta":{"footnotes":""},"categories":[224],"tags":[],"class_list":{"0":"post-60679","1":"post","2":"type-post","3":"status-publish","4":"format-standard","5":"has-post-thumbnail","7":"category-noticias-actualidad"},"aioseo_notices":[],"aioseo_head":"\n\t\t<!-- All in One SEO Pro 4.9.6.1 - aioseo.com -->\n\t<meta name=\"description\" content=\"Palma de Mallorca rendir\u00e1 tributo a Joan Mir\u00f3 y al arte contempor\u00e1neo en la feria de Fitur que se desarrollar\u00e1 en Madrid del 20 al 24 de enero y exhibir\u00e1 toda la oferta art\u00edstica de la ciudad que la consolida como uno de los centros culturales m\u00e1s importantes del Mediterr\u00e1neo. En este sentido, la ciudad\" \/>\n\t<meta name=\"robots\" content=\"max-image-preview:large\" \/>\n\t<meta name=\"author\" content=\"admin\"\/>\n\t<meta name=\"google-site-verification\" content=\"UA-38556648-1\" \/>\n\t<meta name=\"keywords\" content=\"noticias y actualidad\" \/>\n\t<link rel=\"canonical\" href=\"https:\/\/eldigitaldeasturias.com\/magazine365\/palma-de-mallorca-rendira-tributo-a-joan-miro-y-al-arte-contemporaneo-en-fitur\/\" \/>\n\t<meta name=\"generator\" content=\"All in One SEO Pro (AIOSEO) 4.9.6.1\" \/>\n\t\t<meta property=\"og:locale\" content=\"es_ES\" \/>\n\t\t<meta property=\"og:site_name\" content=\"El Digital de Asturias \u2013 Revista de ocio, turismo y estilo de vida\" \/>\n\t\t<meta property=\"og:type\" content=\"article\" \/>\n\t\t<meta property=\"og:title\" content=\"Palma de Mallorca rendir\u00e1 tributo a Joan Mir\u00f3 y al arte contempor\u00e1neo en Fitur | El Digital de Asturias\" \/>\n\t\t<meta property=\"og:description\" content=\"Palma de Mallorca rendir\u00e1 tributo a Joan Mir\u00f3 y al arte contempor\u00e1neo en la feria de Fitur que se desarrollar\u00e1 en Madrid del 20 al 24 de enero y exhibir\u00e1 toda la oferta art\u00edstica de la ciudad que la consolida como uno de los centros culturales m\u00e1s importantes del Mediterr\u00e1neo. En este sentido, la ciudad\" \/>\n\t\t<meta property=\"og:url\" content=\"https:\/\/eldigitaldeasturias.com\/magazine365\/palma-de-mallorca-rendira-tributo-a-joan-miro-y-al-arte-contemporaneo-en-fitur\/\" \/>\n\t\t<meta property=\"og:image\" content=\"https:\/\/eldigitaldeasturias.com\/magazine365\/wp-content\/uploads\/2015\/09\/palma.jpg\" \/>\n\t\t<meta property=\"og:image:secure_url\" content=\"https:\/\/eldigitaldeasturias.com\/magazine365\/wp-content\/uploads\/2015\/09\/palma.jpg\" \/>\n\t\t<meta property=\"og:image:width\" content=\"800\" \/>\n\t\t<meta property=\"og:image:height\" content=\"800\" \/>\n\t\t<meta property=\"article:published_time\" content=\"2016-01-14T19:41:47+00:00\" \/>\n\t\t<meta property=\"article:modified_time\" content=\"2016-01-14T19:41:47+00:00\" \/>\n\t\t<meta name=\"twitter:card\" content=\"summary_large_image\" \/>\n\t\t<meta name=\"twitter:title\" content=\"Palma de Mallorca rendir\u00e1 tributo a Joan Mir\u00f3 y al arte contempor\u00e1neo en Fitur | El Digital de Asturias\" \/>\n\t\t<meta name=\"twitter:description\" content=\"Palma de Mallorca rendir\u00e1 tributo a Joan Mir\u00f3 y al arte contempor\u00e1neo en la feria de Fitur que se desarrollar\u00e1 en Madrid del 20 al 24 de enero y exhibir\u00e1 toda la oferta art\u00edstica de la ciudad que la consolida como uno de los centros culturales m\u00e1s importantes del Mediterr\u00e1neo. En este sentido, la ciudad\" \/>\n\t\t<meta name=\"twitter:image\" content=\"https:\/\/eldigitaldeasturias.com\/magazine365\/wp-content\/uploads\/2015\/09\/palma.jpg\" \/>\n\t\t<script type=\"application\/ld+json\" class=\"aioseo-schema\">\n\t\t\t{\"@context\":\"https:\\\/\\\/schema.org\",\"@graph\":[{\"@type\":\"Article\",\"@id\":\"https:\\\/\\\/eldigitaldeasturias.com\\\/magazine365\\\/palma-de-mallorca-rendira-tributo-a-joan-miro-y-al-arte-contemporaneo-en-fitur\\\/#article\",\"name\":\"Palma de Mallorca rendir\\u00e1 tributo a Joan Mir\\u00f3 y al arte contempor\\u00e1neo en Fitur | El Digital de Asturias\",\"headline\":\"Palma de Mallorca rendir\\u00e1 tributo a Joan Mir\\u00f3 y al arte contempor\\u00e1neo en Fitur\",\"author\":{\"@id\":\"https:\\\/\\\/eldigitaldeasturias.com\\\/magazine365\\\/author\\\/admin\\\/#author\"},\"publisher\":{\"@id\":\"https:\\\/\\\/eldigitaldeasturias.com\\\/magazine365\\\/#organization\"},\"image\":{\"@type\":\"ImageObject\",\"url\":\"https:\\\/\\\/eldigitaldeasturias.com\\\/magazine365\\\/wp-content\\\/uploads\\\/2015\\\/09\\\/palma.jpg\",\"width\":800,\"height\":800},\"datePublished\":\"2016-01-14T20:41:47+01:00\",\"dateModified\":\"2016-01-14T20:41:47+01:00\",\"inLanguage\":\"es-ES\",\"mainEntityOfPage\":{\"@id\":\"https:\\\/\\\/eldigitaldeasturias.com\\\/magazine365\\\/palma-de-mallorca-rendira-tributo-a-joan-miro-y-al-arte-contemporaneo-en-fitur\\\/#webpage\"},\"isPartOf\":{\"@id\":\"https:\\\/\\\/eldigitaldeasturias.com\\\/magazine365\\\/palma-de-mallorca-rendira-tributo-a-joan-miro-y-al-arte-contemporaneo-en-fitur\\\/#webpage\"},\"articleSection\":\"Noticias y Actualidad\"},{\"@type\":\"BreadcrumbList\",\"@id\":\"https:\\\/\\\/eldigitaldeasturias.com\\\/magazine365\\\/palma-de-mallorca-rendira-tributo-a-joan-miro-y-al-arte-contemporaneo-en-fitur\\\/#breadcrumblist\",\"itemListElement\":[{\"@type\":\"ListItem\",\"@id\":\"https:\\\/\\\/eldigitaldeasturias.com\\\/magazine365#listItem\",\"position\":1,\"name\":\"Home\",\"item\":\"https:\\\/\\\/eldigitaldeasturias.com\\\/magazine365\",\"nextItem\":{\"@type\":\"ListItem\",\"@id\":\"https:\\\/\\\/eldigitaldeasturias.com\\\/magazine365\\\/category\\\/noticias-actualidad\\\/#listItem\",\"name\":\"Noticias y Actualidad\"}},{\"@type\":\"ListItem\",\"@id\":\"https:\\\/\\\/eldigitaldeasturias.com\\\/magazine365\\\/category\\\/noticias-actualidad\\\/#listItem\",\"position\":2,\"name\":\"Noticias y Actualidad\",\"item\":\"https:\\\/\\\/eldigitaldeasturias.com\\\/magazine365\\\/category\\\/noticias-actualidad\\\/\",\"nextItem\":{\"@type\":\"ListItem\",\"@id\":\"https:\\\/\\\/eldigitaldeasturias.com\\\/magazine365\\\/palma-de-mallorca-rendira-tributo-a-joan-miro-y-al-arte-contemporaneo-en-fitur\\\/#listItem\",\"name\":\"Palma de Mallorca rendir\\u00e1 tributo a Joan Mir\\u00f3 y al arte contempor\\u00e1neo en Fitur\"},\"previousItem\":{\"@type\":\"ListItem\",\"@id\":\"https:\\\/\\\/eldigitaldeasturias.com\\\/magazine365#listItem\",\"name\":\"Home\"}},{\"@type\":\"ListItem\",\"@id\":\"https:\\\/\\\/eldigitaldeasturias.com\\\/magazine365\\\/palma-de-mallorca-rendira-tributo-a-joan-miro-y-al-arte-contemporaneo-en-fitur\\\/#listItem\",\"position\":3,\"name\":\"Palma de Mallorca rendir\\u00e1 tributo a Joan Mir\\u00f3 y al arte contempor\\u00e1neo en Fitur\",\"previousItem\":{\"@type\":\"ListItem\",\"@id\":\"https:\\\/\\\/eldigitaldeasturias.com\\\/magazine365\\\/category\\\/noticias-actualidad\\\/#listItem\",\"name\":\"Noticias y Actualidad\"}}]},{\"@type\":\"Organization\",\"@id\":\"https:\\\/\\\/eldigitaldeasturias.com\\\/magazine365\\\/#organization\",\"name\":\"El digital de Asturias\",\"description\":\"Revista de ocio, turismo y estilo de vida\",\"url\":\"https:\\\/\\\/eldigitaldeasturias.com\\\/magazine365\\\/\",\"logo\":{\"@type\":\"ImageObject\",\"url\":\"https:\\\/\\\/www.eldigitaldeasturias.com\\\/noticias\\\/wp-content\\\/uploads\\\/2020\\\/12\\\/EDA.jpg\",\"@id\":\"https:\\\/\\\/eldigitaldeasturias.com\\\/magazine365\\\/palma-de-mallorca-rendira-tributo-a-joan-miro-y-al-arte-contemporaneo-en-fitur\\\/#organizationLogo\"},\"image\":{\"@id\":\"https:\\\/\\\/eldigitaldeasturias.com\\\/magazine365\\\/palma-de-mallorca-rendira-tributo-a-joan-miro-y-al-arte-contemporaneo-en-fitur\\\/#organizationLogo\"}},{\"@type\":\"Person\",\"@id\":\"https:\\\/\\\/eldigitaldeasturias.com\\\/magazine365\\\/author\\\/admin\\\/#author\",\"url\":\"https:\\\/\\\/eldigitaldeasturias.com\\\/magazine365\\\/author\\\/admin\\\/\",\"name\":\"admin\",\"image\":{\"@type\":\"ImageObject\",\"@id\":\"https:\\\/\\\/eldigitaldeasturias.com\\\/magazine365\\\/palma-de-mallorca-rendira-tributo-a-joan-miro-y-al-arte-contemporaneo-en-fitur\\\/#authorImage\",\"url\":\"https:\\\/\\\/eldigitaldeasturias.com\\\/magazine365\\\/wp-content\\\/litespeed\\\/avatar\\\/e571bcf59a0edd6fa6838245a470f2fe.jpg?ver=1777574230\",\"width\":96,\"height\":96,\"caption\":\"admin\"}},{\"@type\":\"WebPage\",\"@id\":\"https:\\\/\\\/eldigitaldeasturias.com\\\/magazine365\\\/palma-de-mallorca-rendira-tributo-a-joan-miro-y-al-arte-contemporaneo-en-fitur\\\/#webpage\",\"url\":\"https:\\\/\\\/eldigitaldeasturias.com\\\/magazine365\\\/palma-de-mallorca-rendira-tributo-a-joan-miro-y-al-arte-contemporaneo-en-fitur\\\/\",\"name\":\"Palma de Mallorca rendir\\u00e1 tributo a Joan Mir\\u00f3 y al arte contempor\\u00e1neo en Fitur | El Digital de Asturias\",\"description\":\"Palma de Mallorca rendir\\u00e1 tributo a Joan Mir\\u00f3 y al arte contempor\\u00e1neo en la feria de Fitur que se desarrollar\\u00e1 en Madrid del 20 al 24 de enero y exhibir\\u00e1 toda la oferta art\\u00edstica de la ciudad que la consolida como uno de los centros culturales m\\u00e1s importantes del Mediterr\\u00e1neo. En este sentido, la ciudad\",\"inLanguage\":\"es-ES\",\"isPartOf\":{\"@id\":\"https:\\\/\\\/eldigitaldeasturias.com\\\/magazine365\\\/#website\"},\"breadcrumb\":{\"@id\":\"https:\\\/\\\/eldigitaldeasturias.com\\\/magazine365\\\/palma-de-mallorca-rendira-tributo-a-joan-miro-y-al-arte-contemporaneo-en-fitur\\\/#breadcrumblist\"},\"author\":{\"@id\":\"https:\\\/\\\/eldigitaldeasturias.com\\\/magazine365\\\/author\\\/admin\\\/#author\"},\"creator\":{\"@id\":\"https:\\\/\\\/eldigitaldeasturias.com\\\/magazine365\\\/author\\\/admin\\\/#author\"},\"image\":{\"@type\":\"ImageObject\",\"url\":\"https:\\\/\\\/eldigitaldeasturias.com\\\/magazine365\\\/wp-content\\\/uploads\\\/2015\\\/09\\\/palma.jpg\",\"@id\":\"https:\\\/\\\/eldigitaldeasturias.com\\\/magazine365\\\/palma-de-mallorca-rendira-tributo-a-joan-miro-y-al-arte-contemporaneo-en-fitur\\\/#mainImage\",\"width\":800,\"height\":800},\"primaryImageOfPage\":{\"@id\":\"https:\\\/\\\/eldigitaldeasturias.com\\\/magazine365\\\/palma-de-mallorca-rendira-tributo-a-joan-miro-y-al-arte-contemporaneo-en-fitur\\\/#mainImage\"},\"datePublished\":\"2016-01-14T20:41:47+01:00\",\"dateModified\":\"2016-01-14T20:41:47+01:00\"},{\"@type\":\"WebSite\",\"@id\":\"https:\\\/\\\/eldigitaldeasturias.com\\\/magazine365\\\/#website\",\"url\":\"https:\\\/\\\/eldigitaldeasturias.com\\\/magazine365\\\/\",\"name\":\"El Digital de Asturias\",\"description\":\"Revista de ocio, turismo y estilo de vida\",\"inLanguage\":\"es-ES\",\"publisher\":{\"@id\":\"https:\\\/\\\/eldigitaldeasturias.com\\\/magazine365\\\/#organization\"}}]}\n\t\t<\/script>\n\t\t<!-- All in One SEO Pro -->\r\n\t\t<title>Palma de Mallorca rendir\u00e1 tributo a Joan Mir\u00f3 y al arte contempor\u00e1neo en Fitur | El Digital de Asturias<\/title>\n\n","aioseo_head_json":{"title":"Palma de Mallorca rendir\u00e1 tributo a Joan Mir\u00f3 y al arte contempor\u00e1neo en Fitur | El Digital de Asturias","description":"Palma de Mallorca rendir\u00e1 tributo a Joan Mir\u00f3 y al arte contempor\u00e1neo en la feria de Fitur que se desarrollar\u00e1 en Madrid del 20 al 24 de enero y exhibir\u00e1 toda la oferta art\u00edstica de la ciudad que la consolida como uno de los centros culturales m\u00e1s importantes del Mediterr\u00e1neo. En este sentido, la ciudad","canonical_url":"https:\/\/eldigitaldeasturias.com\/magazine365\/palma-de-mallorca-rendira-tributo-a-joan-miro-y-al-arte-contemporaneo-en-fitur\/","robots":"max-image-preview:large","keywords":"noticias y actualidad","webmasterTools":{"google-site-verification":"UA-38556648-1","miscellaneous":""},"schema":{"@context":"https:\/\/schema.org","@graph":[{"@type":"Article","@id":"https:\/\/eldigitaldeasturias.com\/magazine365\/palma-de-mallorca-rendira-tributo-a-joan-miro-y-al-arte-contemporaneo-en-fitur\/#article","name":"Palma de Mallorca rendir\u00e1 tributo a Joan Mir\u00f3 y al arte contempor\u00e1neo en Fitur | El Digital de Asturias","headline":"Palma de Mallorca rendir\u00e1 tributo a Joan Mir\u00f3 y al arte contempor\u00e1neo en Fitur","author":{"@id":"https:\/\/eldigitaldeasturias.com\/magazine365\/author\/admin\/#author"},"publisher":{"@id":"https:\/\/eldigitaldeasturias.com\/magazine365\/#organization"},"image":{"@type":"ImageObject","url":"https:\/\/eldigitaldeasturias.com\/magazine365\/wp-content\/uploads\/2015\/09\/palma.jpg","width":800,"height":800},"datePublished":"2016-01-14T20:41:47+01:00","dateModified":"2016-01-14T20:41:47+01:00","inLanguage":"es-ES","mainEntityOfPage":{"@id":"https:\/\/eldigitaldeasturias.com\/magazine365\/palma-de-mallorca-rendira-tributo-a-joan-miro-y-al-arte-contemporaneo-en-fitur\/#webpage"},"isPartOf":{"@id":"https:\/\/eldigitaldeasturias.com\/magazine365\/palma-de-mallorca-rendira-tributo-a-joan-miro-y-al-arte-contemporaneo-en-fitur\/#webpage"},"articleSection":"Noticias y Actualidad"},{"@type":"BreadcrumbList","@id":"https:\/\/eldigitaldeasturias.com\/magazine365\/palma-de-mallorca-rendira-tributo-a-joan-miro-y-al-arte-contemporaneo-en-fitur\/#breadcrumblist","itemListElement":[{"@type":"ListItem","@id":"https:\/\/eldigitaldeasturias.com\/magazine365#listItem","position":1,"name":"Home","item":"https:\/\/eldigitaldeasturias.com\/magazine365","nextItem":{"@type":"ListItem","@id":"https:\/\/eldigitaldeasturias.com\/magazine365\/category\/noticias-actualidad\/#listItem","name":"Noticias y Actualidad"}},{"@type":"ListItem","@id":"https:\/\/eldigitaldeasturias.com\/magazine365\/category\/noticias-actualidad\/#listItem","position":2,"name":"Noticias y Actualidad","item":"https:\/\/eldigitaldeasturias.com\/magazine365\/category\/noticias-actualidad\/","nextItem":{"@type":"ListItem","@id":"https:\/\/eldigitaldeasturias.com\/magazine365\/palma-de-mallorca-rendira-tributo-a-joan-miro-y-al-arte-contemporaneo-en-fitur\/#listItem","name":"Palma de Mallorca rendir\u00e1 tributo a Joan Mir\u00f3 y al arte contempor\u00e1neo en Fitur"},"previousItem":{"@type":"ListItem","@id":"https:\/\/eldigitaldeasturias.com\/magazine365#listItem","name":"Home"}},{"@type":"ListItem","@id":"https:\/\/eldigitaldeasturias.com\/magazine365\/palma-de-mallorca-rendira-tributo-a-joan-miro-y-al-arte-contemporaneo-en-fitur\/#listItem","position":3,"name":"Palma de Mallorca rendir\u00e1 tributo a Joan Mir\u00f3 y al arte contempor\u00e1neo en Fitur","previousItem":{"@type":"ListItem","@id":"https:\/\/eldigitaldeasturias.com\/magazine365\/category\/noticias-actualidad\/#listItem","name":"Noticias y Actualidad"}}]},{"@type":"Organization","@id":"https:\/\/eldigitaldeasturias.com\/magazine365\/#organization","name":"El digital de Asturias","description":"Revista de ocio, turismo y estilo de vida","url":"https:\/\/eldigitaldeasturias.com\/magazine365\/","logo":{"@type":"ImageObject","url":"https:\/\/www.eldigitaldeasturias.com\/noticias\/wp-content\/uploads\/2020\/12\/EDA.jpg","@id":"https:\/\/eldigitaldeasturias.com\/magazine365\/palma-de-mallorca-rendira-tributo-a-joan-miro-y-al-arte-contemporaneo-en-fitur\/#organizationLogo"},"image":{"@id":"https:\/\/eldigitaldeasturias.com\/magazine365\/palma-de-mallorca-rendira-tributo-a-joan-miro-y-al-arte-contemporaneo-en-fitur\/#organizationLogo"}},{"@type":"Person","@id":"https:\/\/eldigitaldeasturias.com\/magazine365\/author\/admin\/#author","url":"https:\/\/eldigitaldeasturias.com\/magazine365\/author\/admin\/","name":"admin","image":{"@type":"ImageObject","@id":"https:\/\/eldigitaldeasturias.com\/magazine365\/palma-de-mallorca-rendira-tributo-a-joan-miro-y-al-arte-contemporaneo-en-fitur\/#authorImage","url":"https:\/\/eldigitaldeasturias.com\/magazine365\/wp-content\/litespeed\/avatar\/e571bcf59a0edd6fa6838245a470f2fe.jpg?ver=1777574230","width":96,"height":96,"caption":"admin"}},{"@type":"WebPage","@id":"https:\/\/eldigitaldeasturias.com\/magazine365\/palma-de-mallorca-rendira-tributo-a-joan-miro-y-al-arte-contemporaneo-en-fitur\/#webpage","url":"https:\/\/eldigitaldeasturias.com\/magazine365\/palma-de-mallorca-rendira-tributo-a-joan-miro-y-al-arte-contemporaneo-en-fitur\/","name":"Palma de Mallorca rendir\u00e1 tributo a Joan Mir\u00f3 y al arte contempor\u00e1neo en Fitur | El Digital de Asturias","description":"Palma de Mallorca rendir\u00e1 tributo a Joan Mir\u00f3 y al arte contempor\u00e1neo en la feria de Fitur que se desarrollar\u00e1 en Madrid del 20 al 24 de enero y exhibir\u00e1 toda la oferta art\u00edstica de la ciudad que la consolida como uno de los centros culturales m\u00e1s importantes del Mediterr\u00e1neo. En este sentido, la ciudad","inLanguage":"es-ES","isPartOf":{"@id":"https:\/\/eldigitaldeasturias.com\/magazine365\/#website"},"breadcrumb":{"@id":"https:\/\/eldigitaldeasturias.com\/magazine365\/palma-de-mallorca-rendira-tributo-a-joan-miro-y-al-arte-contemporaneo-en-fitur\/#breadcrumblist"},"author":{"@id":"https:\/\/eldigitaldeasturias.com\/magazine365\/author\/admin\/#author"},"creator":{"@id":"https:\/\/eldigitaldeasturias.com\/magazine365\/author\/admin\/#author"},"image":{"@type":"ImageObject","url":"https:\/\/eldigitaldeasturias.com\/magazine365\/wp-content\/uploads\/2015\/09\/palma.jpg","@id":"https:\/\/eldigitaldeasturias.com\/magazine365\/palma-de-mallorca-rendira-tributo-a-joan-miro-y-al-arte-contemporaneo-en-fitur\/#mainImage","width":800,"height":800},"primaryImageOfPage":{"@id":"https:\/\/eldigitaldeasturias.com\/magazine365\/palma-de-mallorca-rendira-tributo-a-joan-miro-y-al-arte-contemporaneo-en-fitur\/#mainImage"},"datePublished":"2016-01-14T20:41:47+01:00","dateModified":"2016-01-14T20:41:47+01:00"},{"@type":"WebSite","@id":"https:\/\/eldigitaldeasturias.com\/magazine365\/#website","url":"https:\/\/eldigitaldeasturias.com\/magazine365\/","name":"El Digital de Asturias","description":"Revista de ocio, turismo y estilo de vida","inLanguage":"es-ES","publisher":{"@id":"https:\/\/eldigitaldeasturias.com\/magazine365\/#organization"}}]},"og:locale":"es_ES","og:site_name":"El Digital de Asturias \u2013 Revista de ocio, turismo y estilo de vida","og:type":"article","og:title":"Palma de Mallorca rendir\u00e1 tributo a Joan Mir\u00f3 y al arte contempor\u00e1neo en Fitur | El Digital de Asturias","og:description":"Palma de Mallorca rendir\u00e1 tributo a Joan Mir\u00f3 y al arte contempor\u00e1neo en la feria de Fitur que se desarrollar\u00e1 en Madrid del 20 al 24 de enero y exhibir\u00e1 toda la oferta art\u00edstica de la ciudad que la consolida como uno de los centros culturales m\u00e1s importantes del Mediterr\u00e1neo. En este sentido, la ciudad","og:url":"https:\/\/eldigitaldeasturias.com\/magazine365\/palma-de-mallorca-rendira-tributo-a-joan-miro-y-al-arte-contemporaneo-en-fitur\/","og:image":"https:\/\/eldigitaldeasturias.com\/magazine365\/wp-content\/uploads\/2015\/09\/palma.jpg","og:image:secure_url":"https:\/\/eldigitaldeasturias.com\/magazine365\/wp-content\/uploads\/2015\/09\/palma.jpg","og:image:width":800,"og:image:height":800,"article:published_time":"2016-01-14T19:41:47+00:00","article:modified_time":"2016-01-14T19:41:47+00:00","twitter:card":"summary_large_image","twitter:title":"Palma de Mallorca rendir\u00e1 tributo a Joan Mir\u00f3 y al arte contempor\u00e1neo en Fitur | El Digital de Asturias","twitter:description":"Palma de Mallorca rendir\u00e1 tributo a Joan Mir\u00f3 y al arte contempor\u00e1neo en la feria de Fitur que se desarrollar\u00e1 en Madrid del 20 al 24 de enero y exhibir\u00e1 toda la oferta art\u00edstica de la ciudad que la consolida como uno de los centros culturales m\u00e1s importantes del Mediterr\u00e1neo. En este sentido, la ciudad","twitter:image":"https:\/\/eldigitaldeasturias.com\/magazine365\/wp-content\/uploads\/2015\/09\/palma.jpg"},"aioseo_meta_data":{"post_id":"60679","title":null,"description":null,"keywords":null,"keyphrases":null,"primary_term":null,"canonical_url":null,"og_title":null,"og_description":null,"og_object_type":"default","og_image_type":"default","og_image_url":null,"og_image_width":null,"og_image_height":null,"og_image_custom_url":null,"og_image_custom_fields":null,"og_video":null,"og_custom_url":null,"og_article_section":null,"og_article_tags":null,"twitter_use_og":false,"twitter_card":"default","twitter_image_type":"default","twitter_image_url":null,"twitter_image_custom_url":null,"twitter_image_custom_fields":null,"twitter_title":null,"twitter_description":null,"schema":{"blockGraphs":[],"customGraphs":[],"default":{"data":{"Article":[],"Course":[],"Dataset":[],"FAQPage":[],"Movie":[],"Person":[],"Product":[],"ProductReview":[],"Car":[],"Recipe":[],"Service":[],"SoftwareApplication":[],"WebPage":[]},"graphName":"","isEnabled":true},"graphs":[],"defaultGraph":"","defaultPostTypeGraph":""},"schema_type":null,"schema_type_options":null,"pillar_content":false,"robots_default":true,"robots_noindex":false,"robots_noarchive":false,"robots_nosnippet":false,"robots_nofollow":false,"robots_noimageindex":false,"robots_noodp":false,"robots_notranslate":false,"robots_max_snippet":null,"robots_max_videopreview":null,"robots_max_imagepreview":"large","priority":null,"frequency":null,"location":null,"local_seo":null,"seo_analyzer_scan_date":"2025-09-25 07:20:02","breadcrumb_settings":null,"limit_modified_date":false,"open_ai":null,"ai":null,"created":"2021-03-08 21:57:16","updated":"2025-09-25 07:20:02"},"aioseo_breadcrumb":"<div class=\"aioseo-breadcrumbs\"><span class=\"aioseo-breadcrumb\">\n\t<a href=\"https:\/\/eldigitaldeasturias.com\/magazine365\" title=\"Home\">Home<\/a>\n<\/span><span class=\"aioseo-breadcrumb-separator\">\u2013<\/span><span class=\"aioseo-breadcrumb\">\n\t<a href=\"https:\/\/eldigitaldeasturias.com\/magazine365\/category\/noticias-actualidad\/\" title=\"Noticias y Actualidad\">Noticias y Actualidad<\/a>\n<\/span><span class=\"aioseo-breadcrumb-separator\">\u2013<\/span><span class=\"aioseo-breadcrumb\">\n\t<a href=\"https:\/\/eldigitaldeasturias.com\/magazine365\/palma-de-mallorca-rendira-tributo-a-joan-miro-y-al-arte-contemporaneo-en-fitur\/\" title=\"Palma de Mallorca rendir\u00e1 tributo a Joan Mir\u00f3 y al arte contempor\u00e1neo en Fitur\">Palma de Mallorca rendir\u00e1 tributo a Joan Mir\u00f3 y al arte contempor\u00e1neo en Fitur<\/a>\n<\/span><\/div>","aioseo_breadcrumb_json":[{"label":"Home","link":"https:\/\/eldigitaldeasturias.com\/magazine365"},{"label":"Noticias y Actualidad","link":"https:\/\/eldigitaldeasturias.com\/magazine365\/category\/noticias-actualidad\/"},{"label":"Palma de Mallorca rendir\u00e1 tributo a Joan Mir\u00f3 y al arte contempor\u00e1neo en Fitur","link":"https:\/\/eldigitaldeasturias.com\/magazine365\/palma-de-mallorca-rendira-tributo-a-joan-miro-y-al-arte-contemporaneo-en-fitur\/"}],"_links":{"self":[{"href":"https:\/\/eldigitaldeasturias.com\/magazine365\/wp-json\/wp\/v2\/posts\/60679","targetHints":{"allow":["GET"]}}],"collection":[{"href":"https:\/\/eldigitaldeasturias.com\/magazine365\/wp-json\/wp\/v2\/posts"}],"about":[{"href":"https:\/\/eldigitaldeasturias.com\/magazine365\/wp-json\/wp\/v2\/types\/post"}],"author":[{"embeddable":true,"href":"https:\/\/eldigitaldeasturias.com\/magazine365\/wp-json\/wp\/v2\/users\/1"}],"replies":[{"embeddable":true,"href":"https:\/\/eldigitaldeasturias.com\/magazine365\/wp-json\/wp\/v2\/comments?post=60679"}],"version-history":[{"count":0,"href":"https:\/\/eldigitaldeasturias.com\/magazine365\/wp-json\/wp\/v2\/posts\/60679\/revisions"}],"wp:featuredmedia":[{"embeddable":true,"href":"https:\/\/eldigitaldeasturias.com\/magazine365\/wp-json\/wp\/v2\/media\/50096"}],"wp:attachment":[{"href":"https:\/\/eldigitaldeasturias.com\/magazine365\/wp-json\/wp\/v2\/media?parent=60679"}],"wp:term":[{"taxonomy":"category","embeddable":true,"href":"https:\/\/eldigitaldeasturias.com\/magazine365\/wp-json\/wp\/v2\/categories?post=60679"},{"taxonomy":"post_tag","embeddable":true,"href":"https:\/\/eldigitaldeasturias.com\/magazine365\/wp-json\/wp\/v2\/tags?post=60679"}],"curies":[{"name":"wp","href":"https:\/\/api.w.org\/{rel}","templated":true}]}}