{"id":60676,"date":"2016-01-14T20:41:03","date_gmt":"2016-01-14T19:41:03","guid":{"rendered":"http:\/\/eldigitaldeasturias.com\/magazine365\/?p=60676"},"modified":"2016-01-14T20:41:03","modified_gmt":"2016-01-14T19:41:03","slug":"norwegian-elevara-un-19-sus-plazas-entre-la-peninsula-y-canarias-este-verano","status":"publish","type":"post","link":"https:\/\/eldigitaldeasturias.com\/magazine365\/norwegian-elevara-un-19-sus-plazas-entre-la-peninsula-y-canarias-este-verano\/","title":{"rendered":"Norwegian elevar\u00e1 un 19% sus plazas entre la Pen\u00ednsula y Canarias este verano"},"content":{"rendered":"<p><img fetchpriority=\"high\" decoding=\"async\" class=\"alignleft size-medium wp-image-60677\" src=\"https:\/\/eldigitaldeasturias.com\/magazine365\/wp-content\/uploads\/2016\/01\/fotonoticia_20160114150506_800-360x240.jpg\" alt=\"fotonoticia_20160114150506_800\" width=\"360\" height=\"240\" srcset=\"https:\/\/eldigitaldeasturias.com\/magazine365\/wp-content\/uploads\/2016\/01\/fotonoticia_20160114150506_800-360x240.jpg 360w, https:\/\/eldigitaldeasturias.com\/magazine365\/wp-content\/uploads\/2016\/01\/fotonoticia_20160114150506_800-650x434.jpg 650w, https:\/\/eldigitaldeasturias.com\/magazine365\/wp-content\/uploads\/2016\/01\/fotonoticia_20160114150506_800-768x513.jpg 768w, https:\/\/eldigitaldeasturias.com\/magazine365\/wp-content\/uploads\/2016\/01\/fotonoticia_20160114150506_800-150x100.jpg 150w, https:\/\/eldigitaldeasturias.com\/magazine365\/wp-content\/uploads\/2016\/01\/fotonoticia_20160114150506_800-450x300.jpg 450w, https:\/\/eldigitaldeasturias.com\/magazine365\/wp-content\/uploads\/2016\/01\/fotonoticia_20160114150506_800-696x465.jpg 696w, https:\/\/eldigitaldeasturias.com\/magazine365\/wp-content\/uploads\/2016\/01\/fotonoticia_20160114150506_800-629x420.jpg 629w, https:\/\/eldigitaldeasturias.com\/magazine365\/wp-content\/uploads\/2016\/01\/fotonoticia_20160114150506_800-101x66.jpg 101w, https:\/\/eldigitaldeasturias.com\/magazine365\/wp-content\/uploads\/2016\/01\/fotonoticia_20160114150506_800.jpg 800w\" sizes=\"(max-width: 360px) 100vw, 360px\" \/>Norwegian incrementar\u00e1 en un 19% el n\u00famero de plazas semanales entre Canarias y la Pen\u00ednsula para la temporada de verano (del 27 de marzo al 29 de octubre), pasando as\u00ed de las 10.044 plazas semanales de este invierno a las 11.904 en verano.<\/p>\n<p>En total, la aerol\u00ednea pondr\u00e1 a la venta 362.072 plazas para volar entre la Pen\u00ednsula y las islas Canarias de marzo a octubre, con tarifas a partir de 18,30 euros para residentes, repartidas a partes iguales entre las islas de Tenerife y Gran Canaria.<\/p>\n<p>Por rutas, la conexi\u00f3n de Gran Canaria a Barcelona aumenta desde las tres frecuencias semanales en invierno a seis en verano, mientras que el enlace de Tenerife Norte a Barcelona, lo hace de cuatro a seis.<\/p>\n<p>Las frecuencias de Gran Canaria y Tenerife Sur a M\u00e1laga tambi\u00e9n se incrementar, de dos a tres frecuencias semanales cada una.<\/p>\n<p>M\u00c1S DE 90.000 PASAJEROS EN RUTAS DOM\u00c9STICAS.<\/p>\n<p>En menos de tres meses, m\u00e1s de 90.000 pasajeros han volado en las rutas dom\u00e9sticas de Norwegian, \u00fanica aerol\u00ednea que ofrece WiFi gratis a bordo de vuelos dom\u00e9sticos espa\u00f1oles.<\/p>\n<p>Norwegian cerr\u00f3 2015 con 1,22 millones de pasajeros en Canarias, 5,25 millones en toda Espa\u00f1a, y 25,75 millones en el conjunto de los pa\u00edses donde opera, inform\u00f3 la aerol\u00ednea.<\/p>\n","protected":false},"excerpt":{"rendered":"<p>Norwegian incrementar\u00e1 en un 19% el n\u00famero de plazas semanales entre Canarias y la Pen\u00ednsula para la temporada de verano (del 27 de marzo al 29 de octubre), pasando as\u00ed de las 10.044 plazas semanales de este invierno a las 11.904 en verano. En total, la aerol\u00ednea pondr\u00e1 a la venta 362.072 plazas para volar<\/p>\n","protected":false},"author":1,"featured_media":60677,"comment_status":"open","ping_status":"closed","sticky":false,"template":"","format":"standard","meta":{"footnotes":""},"categories":[224],"tags":[],"class_list":{"0":"post-60676","1":"post","2":"type-post","3":"status-publish","4":"format-standard","5":"has-post-thumbnail","7":"category-noticias-actualidad"},"aioseo_notices":[],"aioseo_head":"\n\t\t<!-- All in One SEO Pro 4.9.6.1 - aioseo.com -->\n\t<meta name=\"description\" content=\"Norwegian incrementar\u00e1 en un 19% el n\u00famero de plazas semanales entre Canarias y la Pen\u00ednsula para la temporada de verano (del 27 de marzo al 29 de octubre), pasando as\u00ed de las 10.044 plazas semanales de este invierno a las 11.904 en verano. En total, la aerol\u00ednea pondr\u00e1 a la venta 362.072 plazas para volar\" \/>\n\t<meta name=\"robots\" content=\"max-image-preview:large\" \/>\n\t<meta name=\"author\" content=\"admin\"\/>\n\t<meta name=\"google-site-verification\" content=\"UA-38556648-1\" \/>\n\t<meta name=\"keywords\" content=\"noticias y actualidad\" \/>\n\t<link rel=\"canonical\" href=\"https:\/\/eldigitaldeasturias.com\/magazine365\/norwegian-elevara-un-19-sus-plazas-entre-la-peninsula-y-canarias-este-verano\/\" \/>\n\t<meta name=\"generator\" content=\"All in One SEO Pro (AIOSEO) 4.9.6.1\" \/>\n\t\t<meta property=\"og:locale\" content=\"es_ES\" \/>\n\t\t<meta property=\"og:site_name\" content=\"El Digital de Asturias \u2013 Revista de ocio, turismo y estilo de vida\" \/>\n\t\t<meta property=\"og:type\" content=\"article\" \/>\n\t\t<meta property=\"og:title\" content=\"Norwegian elevar\u00e1 un 19% sus plazas entre la Pen\u00ednsula y Canarias este verano | El Digital de Asturias\" \/>\n\t\t<meta property=\"og:description\" content=\"Norwegian incrementar\u00e1 en un 19% el n\u00famero de plazas semanales entre Canarias y la Pen\u00ednsula para la temporada de verano (del 27 de marzo al 29 de octubre), pasando as\u00ed de las 10.044 plazas semanales de este invierno a las 11.904 en verano. En total, la aerol\u00ednea pondr\u00e1 a la venta 362.072 plazas para volar\" \/>\n\t\t<meta property=\"og:url\" content=\"https:\/\/eldigitaldeasturias.com\/magazine365\/norwegian-elevara-un-19-sus-plazas-entre-la-peninsula-y-canarias-este-verano\/\" \/>\n\t\t<meta property=\"og:image\" content=\"https:\/\/eldigitaldeasturias.com\/magazine365\/wp-content\/uploads\/2016\/01\/fotonoticia_20160114150506_800.jpg\" \/>\n\t\t<meta property=\"og:image:secure_url\" content=\"https:\/\/eldigitaldeasturias.com\/magazine365\/wp-content\/uploads\/2016\/01\/fotonoticia_20160114150506_800.jpg\" \/>\n\t\t<meta property=\"og:image:width\" content=\"800\" \/>\n\t\t<meta property=\"og:image:height\" content=\"534\" \/>\n\t\t<meta property=\"article:published_time\" content=\"2016-01-14T19:41:03+00:00\" \/>\n\t\t<meta property=\"article:modified_time\" content=\"2016-01-14T19:41:03+00:00\" \/>\n\t\t<meta name=\"twitter:card\" content=\"summary_large_image\" \/>\n\t\t<meta name=\"twitter:title\" content=\"Norwegian elevar\u00e1 un 19% sus plazas entre la Pen\u00ednsula y Canarias este verano | El Digital de Asturias\" \/>\n\t\t<meta name=\"twitter:description\" content=\"Norwegian incrementar\u00e1 en un 19% el n\u00famero de plazas semanales entre Canarias y la Pen\u00ednsula para la temporada de verano (del 27 de marzo al 29 de octubre), pasando as\u00ed de las 10.044 plazas semanales de este invierno a las 11.904 en verano. En total, la aerol\u00ednea pondr\u00e1 a la venta 362.072 plazas para volar\" \/>\n\t\t<meta name=\"twitter:image\" content=\"https:\/\/eldigitaldeasturias.com\/magazine365\/wp-content\/uploads\/2016\/01\/fotonoticia_20160114150506_800.jpg\" \/>\n\t\t<script type=\"application\/ld+json\" class=\"aioseo-schema\">\n\t\t\t{\"@context\":\"https:\\\/\\\/schema.org\",\"@graph\":[{\"@type\":\"Article\",\"@id\":\"https:\\\/\\\/eldigitaldeasturias.com\\\/magazine365\\\/norwegian-elevara-un-19-sus-plazas-entre-la-peninsula-y-canarias-este-verano\\\/#article\",\"name\":\"Norwegian elevar\\u00e1 un 19% sus plazas entre la Pen\\u00ednsula y Canarias este verano | El Digital de Asturias\",\"headline\":\"Norwegian elevar\\u00e1 un 19% sus plazas entre la Pen\\u00ednsula y Canarias este verano\",\"author\":{\"@id\":\"https:\\\/\\\/eldigitaldeasturias.com\\\/magazine365\\\/author\\\/admin\\\/#author\"},\"publisher\":{\"@id\":\"https:\\\/\\\/eldigitaldeasturias.com\\\/magazine365\\\/#organization\"},\"image\":{\"@type\":\"ImageObject\",\"url\":\"https:\\\/\\\/eldigitaldeasturias.com\\\/magazine365\\\/wp-content\\\/uploads\\\/2016\\\/01\\\/fotonoticia_20160114150506_800.jpg\",\"width\":800,\"height\":534},\"datePublished\":\"2016-01-14T20:41:03+01:00\",\"dateModified\":\"2016-01-14T20:41:03+01:00\",\"inLanguage\":\"es-ES\",\"mainEntityOfPage\":{\"@id\":\"https:\\\/\\\/eldigitaldeasturias.com\\\/magazine365\\\/norwegian-elevara-un-19-sus-plazas-entre-la-peninsula-y-canarias-este-verano\\\/#webpage\"},\"isPartOf\":{\"@id\":\"https:\\\/\\\/eldigitaldeasturias.com\\\/magazine365\\\/norwegian-elevara-un-19-sus-plazas-entre-la-peninsula-y-canarias-este-verano\\\/#webpage\"},\"articleSection\":\"Noticias y Actualidad\"},{\"@type\":\"BreadcrumbList\",\"@id\":\"https:\\\/\\\/eldigitaldeasturias.com\\\/magazine365\\\/norwegian-elevara-un-19-sus-plazas-entre-la-peninsula-y-canarias-este-verano\\\/#breadcrumblist\",\"itemListElement\":[{\"@type\":\"ListItem\",\"@id\":\"https:\\\/\\\/eldigitaldeasturias.com\\\/magazine365#listItem\",\"position\":1,\"name\":\"Home\",\"item\":\"https:\\\/\\\/eldigitaldeasturias.com\\\/magazine365\",\"nextItem\":{\"@type\":\"ListItem\",\"@id\":\"https:\\\/\\\/eldigitaldeasturias.com\\\/magazine365\\\/category\\\/noticias-actualidad\\\/#listItem\",\"name\":\"Noticias y Actualidad\"}},{\"@type\":\"ListItem\",\"@id\":\"https:\\\/\\\/eldigitaldeasturias.com\\\/magazine365\\\/category\\\/noticias-actualidad\\\/#listItem\",\"position\":2,\"name\":\"Noticias y Actualidad\",\"item\":\"https:\\\/\\\/eldigitaldeasturias.com\\\/magazine365\\\/category\\\/noticias-actualidad\\\/\",\"nextItem\":{\"@type\":\"ListItem\",\"@id\":\"https:\\\/\\\/eldigitaldeasturias.com\\\/magazine365\\\/norwegian-elevara-un-19-sus-plazas-entre-la-peninsula-y-canarias-este-verano\\\/#listItem\",\"name\":\"Norwegian elevar\\u00e1 un 19% sus plazas entre la Pen\\u00ednsula y Canarias este verano\"},\"previousItem\":{\"@type\":\"ListItem\",\"@id\":\"https:\\\/\\\/eldigitaldeasturias.com\\\/magazine365#listItem\",\"name\":\"Home\"}},{\"@type\":\"ListItem\",\"@id\":\"https:\\\/\\\/eldigitaldeasturias.com\\\/magazine365\\\/norwegian-elevara-un-19-sus-plazas-entre-la-peninsula-y-canarias-este-verano\\\/#listItem\",\"position\":3,\"name\":\"Norwegian elevar\\u00e1 un 19% sus plazas entre la Pen\\u00ednsula y Canarias este verano\",\"previousItem\":{\"@type\":\"ListItem\",\"@id\":\"https:\\\/\\\/eldigitaldeasturias.com\\\/magazine365\\\/category\\\/noticias-actualidad\\\/#listItem\",\"name\":\"Noticias y Actualidad\"}}]},{\"@type\":\"Organization\",\"@id\":\"https:\\\/\\\/eldigitaldeasturias.com\\\/magazine365\\\/#organization\",\"name\":\"El digital de Asturias\",\"description\":\"Revista de ocio, turismo y estilo de vida\",\"url\":\"https:\\\/\\\/eldigitaldeasturias.com\\\/magazine365\\\/\",\"logo\":{\"@type\":\"ImageObject\",\"url\":\"https:\\\/\\\/www.eldigitaldeasturias.com\\\/noticias\\\/wp-content\\\/uploads\\\/2020\\\/12\\\/EDA.jpg\",\"@id\":\"https:\\\/\\\/eldigitaldeasturias.com\\\/magazine365\\\/norwegian-elevara-un-19-sus-plazas-entre-la-peninsula-y-canarias-este-verano\\\/#organizationLogo\"},\"image\":{\"@id\":\"https:\\\/\\\/eldigitaldeasturias.com\\\/magazine365\\\/norwegian-elevara-un-19-sus-plazas-entre-la-peninsula-y-canarias-este-verano\\\/#organizationLogo\"}},{\"@type\":\"Person\",\"@id\":\"https:\\\/\\\/eldigitaldeasturias.com\\\/magazine365\\\/author\\\/admin\\\/#author\",\"url\":\"https:\\\/\\\/eldigitaldeasturias.com\\\/magazine365\\\/author\\\/admin\\\/\",\"name\":\"admin\",\"image\":{\"@type\":\"ImageObject\",\"@id\":\"https:\\\/\\\/eldigitaldeasturias.com\\\/magazine365\\\/norwegian-elevara-un-19-sus-plazas-entre-la-peninsula-y-canarias-este-verano\\\/#authorImage\",\"url\":\"https:\\\/\\\/eldigitaldeasturias.com\\\/magazine365\\\/wp-content\\\/litespeed\\\/avatar\\\/e571bcf59a0edd6fa6838245a470f2fe.jpg?ver=1777574230\",\"width\":96,\"height\":96,\"caption\":\"admin\"}},{\"@type\":\"WebPage\",\"@id\":\"https:\\\/\\\/eldigitaldeasturias.com\\\/magazine365\\\/norwegian-elevara-un-19-sus-plazas-entre-la-peninsula-y-canarias-este-verano\\\/#webpage\",\"url\":\"https:\\\/\\\/eldigitaldeasturias.com\\\/magazine365\\\/norwegian-elevara-un-19-sus-plazas-entre-la-peninsula-y-canarias-este-verano\\\/\",\"name\":\"Norwegian elevar\\u00e1 un 19% sus plazas entre la Pen\\u00ednsula y Canarias este verano | El Digital de Asturias\",\"description\":\"Norwegian incrementar\\u00e1 en un 19% el n\\u00famero de plazas semanales entre Canarias y la Pen\\u00ednsula para la temporada de verano (del 27 de marzo al 29 de octubre), pasando as\\u00ed de las 10.044 plazas semanales de este invierno a las 11.904 en verano. En total, la aerol\\u00ednea pondr\\u00e1 a la venta 362.072 plazas para volar\",\"inLanguage\":\"es-ES\",\"isPartOf\":{\"@id\":\"https:\\\/\\\/eldigitaldeasturias.com\\\/magazine365\\\/#website\"},\"breadcrumb\":{\"@id\":\"https:\\\/\\\/eldigitaldeasturias.com\\\/magazine365\\\/norwegian-elevara-un-19-sus-plazas-entre-la-peninsula-y-canarias-este-verano\\\/#breadcrumblist\"},\"author\":{\"@id\":\"https:\\\/\\\/eldigitaldeasturias.com\\\/magazine365\\\/author\\\/admin\\\/#author\"},\"creator\":{\"@id\":\"https:\\\/\\\/eldigitaldeasturias.com\\\/magazine365\\\/author\\\/admin\\\/#author\"},\"image\":{\"@type\":\"ImageObject\",\"url\":\"https:\\\/\\\/eldigitaldeasturias.com\\\/magazine365\\\/wp-content\\\/uploads\\\/2016\\\/01\\\/fotonoticia_20160114150506_800.jpg\",\"@id\":\"https:\\\/\\\/eldigitaldeasturias.com\\\/magazine365\\\/norwegian-elevara-un-19-sus-plazas-entre-la-peninsula-y-canarias-este-verano\\\/#mainImage\",\"width\":800,\"height\":534},\"primaryImageOfPage\":{\"@id\":\"https:\\\/\\\/eldigitaldeasturias.com\\\/magazine365\\\/norwegian-elevara-un-19-sus-plazas-entre-la-peninsula-y-canarias-este-verano\\\/#mainImage\"},\"datePublished\":\"2016-01-14T20:41:03+01:00\",\"dateModified\":\"2016-01-14T20:41:03+01:00\"},{\"@type\":\"WebSite\",\"@id\":\"https:\\\/\\\/eldigitaldeasturias.com\\\/magazine365\\\/#website\",\"url\":\"https:\\\/\\\/eldigitaldeasturias.com\\\/magazine365\\\/\",\"name\":\"El Digital de Asturias\",\"description\":\"Revista de ocio, turismo y estilo de vida\",\"inLanguage\":\"es-ES\",\"publisher\":{\"@id\":\"https:\\\/\\\/eldigitaldeasturias.com\\\/magazine365\\\/#organization\"}}]}\n\t\t<\/script>\n\t\t<!-- All in One SEO Pro -->\r\n\t\t<title>Norwegian elevar\u00e1 un 19% sus plazas entre la Pen\u00ednsula y Canarias este verano | El Digital de Asturias<\/title>\n\n","aioseo_head_json":{"title":"Norwegian elevar\u00e1 un 19% sus plazas entre la Pen\u00ednsula y Canarias este verano | El Digital de Asturias","description":"Norwegian incrementar\u00e1 en un 19% el n\u00famero de plazas semanales entre Canarias y la Pen\u00ednsula para la temporada de verano (del 27 de marzo al 29 de octubre), pasando as\u00ed de las 10.044 plazas semanales de este invierno a las 11.904 en verano. En total, la aerol\u00ednea pondr\u00e1 a la venta 362.072 plazas para volar","canonical_url":"https:\/\/eldigitaldeasturias.com\/magazine365\/norwegian-elevara-un-19-sus-plazas-entre-la-peninsula-y-canarias-este-verano\/","robots":"max-image-preview:large","keywords":"noticias y actualidad","webmasterTools":{"google-site-verification":"UA-38556648-1","miscellaneous":""},"schema":{"@context":"https:\/\/schema.org","@graph":[{"@type":"Article","@id":"https:\/\/eldigitaldeasturias.com\/magazine365\/norwegian-elevara-un-19-sus-plazas-entre-la-peninsula-y-canarias-este-verano\/#article","name":"Norwegian elevar\u00e1 un 19% sus plazas entre la Pen\u00ednsula y Canarias este verano | El Digital de Asturias","headline":"Norwegian elevar\u00e1 un 19% sus plazas entre la Pen\u00ednsula y Canarias este verano","author":{"@id":"https:\/\/eldigitaldeasturias.com\/magazine365\/author\/admin\/#author"},"publisher":{"@id":"https:\/\/eldigitaldeasturias.com\/magazine365\/#organization"},"image":{"@type":"ImageObject","url":"https:\/\/eldigitaldeasturias.com\/magazine365\/wp-content\/uploads\/2016\/01\/fotonoticia_20160114150506_800.jpg","width":800,"height":534},"datePublished":"2016-01-14T20:41:03+01:00","dateModified":"2016-01-14T20:41:03+01:00","inLanguage":"es-ES","mainEntityOfPage":{"@id":"https:\/\/eldigitaldeasturias.com\/magazine365\/norwegian-elevara-un-19-sus-plazas-entre-la-peninsula-y-canarias-este-verano\/#webpage"},"isPartOf":{"@id":"https:\/\/eldigitaldeasturias.com\/magazine365\/norwegian-elevara-un-19-sus-plazas-entre-la-peninsula-y-canarias-este-verano\/#webpage"},"articleSection":"Noticias y Actualidad"},{"@type":"BreadcrumbList","@id":"https:\/\/eldigitaldeasturias.com\/magazine365\/norwegian-elevara-un-19-sus-plazas-entre-la-peninsula-y-canarias-este-verano\/#breadcrumblist","itemListElement":[{"@type":"ListItem","@id":"https:\/\/eldigitaldeasturias.com\/magazine365#listItem","position":1,"name":"Home","item":"https:\/\/eldigitaldeasturias.com\/magazine365","nextItem":{"@type":"ListItem","@id":"https:\/\/eldigitaldeasturias.com\/magazine365\/category\/noticias-actualidad\/#listItem","name":"Noticias y Actualidad"}},{"@type":"ListItem","@id":"https:\/\/eldigitaldeasturias.com\/magazine365\/category\/noticias-actualidad\/#listItem","position":2,"name":"Noticias y Actualidad","item":"https:\/\/eldigitaldeasturias.com\/magazine365\/category\/noticias-actualidad\/","nextItem":{"@type":"ListItem","@id":"https:\/\/eldigitaldeasturias.com\/magazine365\/norwegian-elevara-un-19-sus-plazas-entre-la-peninsula-y-canarias-este-verano\/#listItem","name":"Norwegian elevar\u00e1 un 19% sus plazas entre la Pen\u00ednsula y Canarias este verano"},"previousItem":{"@type":"ListItem","@id":"https:\/\/eldigitaldeasturias.com\/magazine365#listItem","name":"Home"}},{"@type":"ListItem","@id":"https:\/\/eldigitaldeasturias.com\/magazine365\/norwegian-elevara-un-19-sus-plazas-entre-la-peninsula-y-canarias-este-verano\/#listItem","position":3,"name":"Norwegian elevar\u00e1 un 19% sus plazas entre la Pen\u00ednsula y Canarias este verano","previousItem":{"@type":"ListItem","@id":"https:\/\/eldigitaldeasturias.com\/magazine365\/category\/noticias-actualidad\/#listItem","name":"Noticias y Actualidad"}}]},{"@type":"Organization","@id":"https:\/\/eldigitaldeasturias.com\/magazine365\/#organization","name":"El digital de Asturias","description":"Revista de ocio, turismo y estilo de vida","url":"https:\/\/eldigitaldeasturias.com\/magazine365\/","logo":{"@type":"ImageObject","url":"https:\/\/www.eldigitaldeasturias.com\/noticias\/wp-content\/uploads\/2020\/12\/EDA.jpg","@id":"https:\/\/eldigitaldeasturias.com\/magazine365\/norwegian-elevara-un-19-sus-plazas-entre-la-peninsula-y-canarias-este-verano\/#organizationLogo"},"image":{"@id":"https:\/\/eldigitaldeasturias.com\/magazine365\/norwegian-elevara-un-19-sus-plazas-entre-la-peninsula-y-canarias-este-verano\/#organizationLogo"}},{"@type":"Person","@id":"https:\/\/eldigitaldeasturias.com\/magazine365\/author\/admin\/#author","url":"https:\/\/eldigitaldeasturias.com\/magazine365\/author\/admin\/","name":"admin","image":{"@type":"ImageObject","@id":"https:\/\/eldigitaldeasturias.com\/magazine365\/norwegian-elevara-un-19-sus-plazas-entre-la-peninsula-y-canarias-este-verano\/#authorImage","url":"https:\/\/eldigitaldeasturias.com\/magazine365\/wp-content\/litespeed\/avatar\/e571bcf59a0edd6fa6838245a470f2fe.jpg?ver=1777574230","width":96,"height":96,"caption":"admin"}},{"@type":"WebPage","@id":"https:\/\/eldigitaldeasturias.com\/magazine365\/norwegian-elevara-un-19-sus-plazas-entre-la-peninsula-y-canarias-este-verano\/#webpage","url":"https:\/\/eldigitaldeasturias.com\/magazine365\/norwegian-elevara-un-19-sus-plazas-entre-la-peninsula-y-canarias-este-verano\/","name":"Norwegian elevar\u00e1 un 19% sus plazas entre la Pen\u00ednsula y Canarias este verano | El Digital de Asturias","description":"Norwegian incrementar\u00e1 en un 19% el n\u00famero de plazas semanales entre Canarias y la Pen\u00ednsula para la temporada de verano (del 27 de marzo al 29 de octubre), pasando as\u00ed de las 10.044 plazas semanales de este invierno a las 11.904 en verano. En total, la aerol\u00ednea pondr\u00e1 a la venta 362.072 plazas para volar","inLanguage":"es-ES","isPartOf":{"@id":"https:\/\/eldigitaldeasturias.com\/magazine365\/#website"},"breadcrumb":{"@id":"https:\/\/eldigitaldeasturias.com\/magazine365\/norwegian-elevara-un-19-sus-plazas-entre-la-peninsula-y-canarias-este-verano\/#breadcrumblist"},"author":{"@id":"https:\/\/eldigitaldeasturias.com\/magazine365\/author\/admin\/#author"},"creator":{"@id":"https:\/\/eldigitaldeasturias.com\/magazine365\/author\/admin\/#author"},"image":{"@type":"ImageObject","url":"https:\/\/eldigitaldeasturias.com\/magazine365\/wp-content\/uploads\/2016\/01\/fotonoticia_20160114150506_800.jpg","@id":"https:\/\/eldigitaldeasturias.com\/magazine365\/norwegian-elevara-un-19-sus-plazas-entre-la-peninsula-y-canarias-este-verano\/#mainImage","width":800,"height":534},"primaryImageOfPage":{"@id":"https:\/\/eldigitaldeasturias.com\/magazine365\/norwegian-elevara-un-19-sus-plazas-entre-la-peninsula-y-canarias-este-verano\/#mainImage"},"datePublished":"2016-01-14T20:41:03+01:00","dateModified":"2016-01-14T20:41:03+01:00"},{"@type":"WebSite","@id":"https:\/\/eldigitaldeasturias.com\/magazine365\/#website","url":"https:\/\/eldigitaldeasturias.com\/magazine365\/","name":"El Digital de Asturias","description":"Revista de ocio, turismo y estilo de vida","inLanguage":"es-ES","publisher":{"@id":"https:\/\/eldigitaldeasturias.com\/magazine365\/#organization"}}]},"og:locale":"es_ES","og:site_name":"El Digital de Asturias \u2013 Revista de ocio, turismo y estilo de vida","og:type":"article","og:title":"Norwegian elevar\u00e1 un 19% sus plazas entre la Pen\u00ednsula y Canarias este verano | El Digital de Asturias","og:description":"Norwegian incrementar\u00e1 en un 19% el n\u00famero de plazas semanales entre Canarias y la Pen\u00ednsula para la temporada de verano (del 27 de marzo al 29 de octubre), pasando as\u00ed de las 10.044 plazas semanales de este invierno a las 11.904 en verano. En total, la aerol\u00ednea pondr\u00e1 a la venta 362.072 plazas para volar","og:url":"https:\/\/eldigitaldeasturias.com\/magazine365\/norwegian-elevara-un-19-sus-plazas-entre-la-peninsula-y-canarias-este-verano\/","og:image":"https:\/\/eldigitaldeasturias.com\/magazine365\/wp-content\/uploads\/2016\/01\/fotonoticia_20160114150506_800.jpg","og:image:secure_url":"https:\/\/eldigitaldeasturias.com\/magazine365\/wp-content\/uploads\/2016\/01\/fotonoticia_20160114150506_800.jpg","og:image:width":800,"og:image:height":534,"article:published_time":"2016-01-14T19:41:03+00:00","article:modified_time":"2016-01-14T19:41:03+00:00","twitter:card":"summary_large_image","twitter:title":"Norwegian elevar\u00e1 un 19% sus plazas entre la Pen\u00ednsula y Canarias este verano | El Digital de Asturias","twitter:description":"Norwegian incrementar\u00e1 en un 19% el n\u00famero de plazas semanales entre Canarias y la Pen\u00ednsula para la temporada de verano (del 27 de marzo al 29 de octubre), pasando as\u00ed de las 10.044 plazas semanales de este invierno a las 11.904 en verano. En total, la aerol\u00ednea pondr\u00e1 a la venta 362.072 plazas para volar","twitter:image":"https:\/\/eldigitaldeasturias.com\/magazine365\/wp-content\/uploads\/2016\/01\/fotonoticia_20160114150506_800.jpg"},"aioseo_meta_data":{"post_id":"60676","title":null,"description":null,"keywords":null,"keyphrases":null,"primary_term":null,"canonical_url":null,"og_title":null,"og_description":null,"og_object_type":"default","og_image_type":"default","og_image_url":null,"og_image_width":null,"og_image_height":null,"og_image_custom_url":null,"og_image_custom_fields":null,"og_video":null,"og_custom_url":null,"og_article_section":null,"og_article_tags":null,"twitter_use_og":false,"twitter_card":"default","twitter_image_type":"default","twitter_image_url":null,"twitter_image_custom_url":null,"twitter_image_custom_fields":null,"twitter_title":null,"twitter_description":null,"schema":{"blockGraphs":[],"customGraphs":[],"default":{"data":{"Article":[],"Course":[],"Dataset":[],"FAQPage":[],"Movie":[],"Person":[],"Product":[],"ProductReview":[],"Car":[],"Recipe":[],"Service":[],"SoftwareApplication":[],"WebPage":[]},"graphName":"","isEnabled":true},"graphs":[],"defaultGraph":"","defaultPostTypeGraph":""},"schema_type":null,"schema_type_options":null,"pillar_content":false,"robots_default":true,"robots_noindex":false,"robots_noarchive":false,"robots_nosnippet":false,"robots_nofollow":false,"robots_noimageindex":false,"robots_noodp":false,"robots_notranslate":false,"robots_max_snippet":null,"robots_max_videopreview":null,"robots_max_imagepreview":"large","priority":null,"frequency":null,"location":null,"local_seo":null,"seo_analyzer_scan_date":"2025-09-25 07:20:00","breadcrumb_settings":null,"limit_modified_date":false,"open_ai":null,"ai":null,"created":"2021-03-08 21:57:16","updated":"2025-09-25 07:20:00"},"aioseo_breadcrumb":"<div class=\"aioseo-breadcrumbs\"><span class=\"aioseo-breadcrumb\">\n\t<a href=\"https:\/\/eldigitaldeasturias.com\/magazine365\" title=\"Home\">Home<\/a>\n<\/span><span class=\"aioseo-breadcrumb-separator\">\u2013<\/span><span class=\"aioseo-breadcrumb\">\n\t<a href=\"https:\/\/eldigitaldeasturias.com\/magazine365\/category\/noticias-actualidad\/\" title=\"Noticias y Actualidad\">Noticias y Actualidad<\/a>\n<\/span><span class=\"aioseo-breadcrumb-separator\">\u2013<\/span><span class=\"aioseo-breadcrumb\">\n\t<a href=\"https:\/\/eldigitaldeasturias.com\/magazine365\/norwegian-elevara-un-19-sus-plazas-entre-la-peninsula-y-canarias-este-verano\/\" title=\"Norwegian elevar\u00e1 un 19% sus plazas entre la Pen\u00ednsula y Canarias este verano\">Norwegian elevar\u00e1 un 19% sus plazas entre la Pen\u00ednsula y Canarias este verano<\/a>\n<\/span><\/div>","aioseo_breadcrumb_json":[{"label":"Home","link":"https:\/\/eldigitaldeasturias.com\/magazine365"},{"label":"Noticias y Actualidad","link":"https:\/\/eldigitaldeasturias.com\/magazine365\/category\/noticias-actualidad\/"},{"label":"Norwegian elevar\u00e1 un 19% sus plazas entre la Pen\u00ednsula y Canarias este verano","link":"https:\/\/eldigitaldeasturias.com\/magazine365\/norwegian-elevara-un-19-sus-plazas-entre-la-peninsula-y-canarias-este-verano\/"}],"_links":{"self":[{"href":"https:\/\/eldigitaldeasturias.com\/magazine365\/wp-json\/wp\/v2\/posts\/60676","targetHints":{"allow":["GET"]}}],"collection":[{"href":"https:\/\/eldigitaldeasturias.com\/magazine365\/wp-json\/wp\/v2\/posts"}],"about":[{"href":"https:\/\/eldigitaldeasturias.com\/magazine365\/wp-json\/wp\/v2\/types\/post"}],"author":[{"embeddable":true,"href":"https:\/\/eldigitaldeasturias.com\/magazine365\/wp-json\/wp\/v2\/users\/1"}],"replies":[{"embeddable":true,"href":"https:\/\/eldigitaldeasturias.com\/magazine365\/wp-json\/wp\/v2\/comments?post=60676"}],"version-history":[{"count":0,"href":"https:\/\/eldigitaldeasturias.com\/magazine365\/wp-json\/wp\/v2\/posts\/60676\/revisions"}],"wp:featuredmedia":[{"embeddable":true,"href":"https:\/\/eldigitaldeasturias.com\/magazine365\/wp-json\/wp\/v2\/media\/60677"}],"wp:attachment":[{"href":"https:\/\/eldigitaldeasturias.com\/magazine365\/wp-json\/wp\/v2\/media?parent=60676"}],"wp:term":[{"taxonomy":"category","embeddable":true,"href":"https:\/\/eldigitaldeasturias.com\/magazine365\/wp-json\/wp\/v2\/categories?post=60676"},{"taxonomy":"post_tag","embeddable":true,"href":"https:\/\/eldigitaldeasturias.com\/magazine365\/wp-json\/wp\/v2\/tags?post=60676"}],"curies":[{"name":"wp","href":"https:\/\/api.w.org\/{rel}","templated":true}]}}