{"id":60661,"date":"2016-01-14T20:34:08","date_gmt":"2016-01-14T19:34:08","guid":{"rendered":"http:\/\/eldigitaldeasturias.com\/magazine365\/?p=60661"},"modified":"2016-01-14T20:34:08","modified_gmt":"2016-01-14T19:34:08","slug":"extraordinario-ano-para-la-provincia-de-sevilla-con-aumentos-del-25-que-lleva-a-fitur-flamenco-y-gastronomia","status":"publish","type":"post","link":"https:\/\/eldigitaldeasturias.com\/magazine365\/extraordinario-ano-para-la-provincia-de-sevilla-con-aumentos-del-25-que-lleva-a-fitur-flamenco-y-gastronomia\/","title":{"rendered":"\u00abExtraordinario\u00bb a\u00f1o para la provincia de Sevilla, con aumentos del 25%, que lleva a Fitur flamenco y gastronom\u00eda"},"content":{"rendered":"<p><img fetchpriority=\"high\" decoding=\"async\" class=\"alignleft size-medium wp-image-60662\" src=\"https:\/\/eldigitaldeasturias.com\/magazine365\/wp-content\/uploads\/2016\/01\/fotonoticia_20160114143147_800-360x196.jpg\" alt=\"fotonoticia_20160114143147_800\" width=\"360\" height=\"196\" srcset=\"https:\/\/eldigitaldeasturias.com\/magazine365\/wp-content\/uploads\/2016\/01\/fotonoticia_20160114143147_800-360x196.jpg 360w, https:\/\/eldigitaldeasturias.com\/magazine365\/wp-content\/uploads\/2016\/01\/fotonoticia_20160114143147_800-650x354.jpg 650w, https:\/\/eldigitaldeasturias.com\/magazine365\/wp-content\/uploads\/2016\/01\/fotonoticia_20160114143147_800-768x419.jpg 768w, https:\/\/eldigitaldeasturias.com\/magazine365\/wp-content\/uploads\/2016\/01\/fotonoticia_20160114143147_800-150x82.jpg 150w, https:\/\/eldigitaldeasturias.com\/magazine365\/wp-content\/uploads\/2016\/01\/fotonoticia_20160114143147_800-450x245.jpg 450w, https:\/\/eldigitaldeasturias.com\/magazine365\/wp-content\/uploads\/2016\/01\/fotonoticia_20160114143147_800-696x379.jpg 696w, https:\/\/eldigitaldeasturias.com\/magazine365\/wp-content\/uploads\/2016\/01\/fotonoticia_20160114143147_800-771x420.jpg 771w, https:\/\/eldigitaldeasturias.com\/magazine365\/wp-content\/uploads\/2016\/01\/fotonoticia_20160114143147_800.jpg 800w\" sizes=\"(max-width: 360px) 100vw, 360px\" \/>El presidente de la Diputaci\u00f3n de Sevilla, Fernando Rodr\u00edguez Villalobos, ha calificado como \u00abextraordinarios\u00bb los datos tur\u00edsticos de la provincia, sin la capital, en el acumulado del a\u00f1o, con incrementos en las pernoctaciones que superan el 25 por ciento, a la par que ha presentado la estrategia que se llevaba a la Feria Internacional del Turismo (Fitur) que se celebra en Madrid del 20 al 24 de enero, poniendo como ejes el flamenco y la gastronom\u00eda.<\/p>\n<p>Villalobos ha realizado este jueves esta presentaci\u00f3n en rueda de prensa, junto al concejal delegado de H\u00e1bitat Urbano, Cultura y Turismo de Sevilla, Antonio Mu\u00f1oz; el gerente de prodetur, Amador S\u00e1nchez, y representantes municipales de Castilleja de la Cuesta, Mairena, Almensilla, Osuna, Bormujos o Almad\u00e9n, entre otros, adem\u00e1s de empresarios.<\/p>\n<p>En este marco, Villalobos marca estos ejes, con la base de la celebraci\u00f3n de la nueva edici\u00f3n de la Bienal de Flamenco y colocando a Sevilla como \u00abimportante centro creador del flamenco\u00bb, para lo que se llevar\u00e1n a Madrid rutas e itinerarios para que el visitante tome contacto con las ra\u00edces de este arte, adem\u00e1s de con el patrimonio y la gastronom\u00eda. As\u00ed, se presentar\u00e1 la gu\u00eda completa y actualizada &#8216;Donde el flamenco te envuelve&#8217;, con apartados ligados a la gastronom\u00eda tradicional y de dise\u00f1o, con productos estrella como el arroz, aceite, caza, ib\u00e9ricos o dulces.<\/p>\n<p>Al hilo de esto, tambi\u00e9n se llevar\u00e1 a la muestra las rutas gastron\u00f3micas y se realizar\u00e1 cocina en directo en el stand de Sevilla, con &#8216;Manolo Mayo&#8217; de Los Palacios y &#8216;Dos etapas&#8217; de Castilleja de la Cuesta el mi\u00e9rcoles y &#8216;Besana&#8217; de Utrera y &#8216;Sal Gorda&#8217; de Sevilla el jueves. Adem\u00e1s, los empresarios presentar\u00e1n la nueva edici\u00f3n de la &#8216;Sevilla Tapas Week&#8217; y habr\u00e1 dos exposiciones m\u00f3viles sobre flamenco y gastronom\u00eda.<\/p>\n<p>Paralelamente, se presentar\u00e1 &#8216;Territorio Gualdalquivir&#8217;, que marcar\u00e1 el \u00abinicio de la estrategia de promoci\u00f3n\u00bb del r\u00edo, una iniciativa que se ha comenzado a abordar en diciembre con la Autoridad Portuaria y los empresarios, de la mano del Ayuntamiento de Sevilla, y cuyo protocolo se ratificar\u00e1 este mi\u00e9rcoles en Madrid.<\/p>\n<p>LA SEVILLA DE \u00abSENSACIONES\u00bb<\/p>\n<p>Villalobos avanza que tambi\u00e9n se abordar\u00e1n, bajo el lema &#8216;Hay otra Sevilla llena de experiencias&#8217;, las m\u00e1s de medio centenar de iniciativas ligadas al turismo de \u00absensaciones\u00bb, con turismo activo, medioambiental, gastron\u00f3mico, entre otros. Para su promoci\u00f3n, el stand acoger\u00e1 a protagonistas de estas acciones, como un senderista, un chef o un romano cuando se aborden las actividades relacionadas con el patrimonio.<\/p>\n<p>Sin embargo, la agenda de la Diputaci\u00f3n comenzar\u00e1 un d\u00eda antes en Madrid, el martes, cuando se organizar\u00e1 una \u00abexperiencia tematizada\u00bb para los embajadores de una treintena de pa\u00edses en la capital de Espa\u00f1a, con espect\u00e1culos de \u00f3pera y flamenco y con una degustaci\u00f3n de productos de diversas zonas de la provincia con el objetivo de \u00abatraer turismo y vender el producto &#8216;Sevilla&#8217; en todos esos pa\u00edses\u00bb, tal como se\u00f1ala Villalobos.<\/p>\n<p>Las acciones promocionales de la provincia contar\u00e1n con una inversi\u00f3n que ronda los 50.000 euros, donde se incluyen 10.000 euros para promoci\u00f3n y los 37.000 euros del stand, un coste igual que el a\u00f1o anterior para un espacio que cambia su forma habitual rectangular. As\u00ed, este a\u00f1o ser\u00e1 una plaza circular donde se emplazar\u00e1n todas las provincias andaluzas con un espacio central para presentaciones. El stand de Sevilla contar\u00e1 con las dos exposiciones mencionadas y dos espacios, uno para las reuniones de trabajo y otro para las presentaciones y acciones, como el &#8216;show cooking&#8217; y las ligadas al turismo experiencial.<\/p>\n<p>LA UNI\u00d3N COMO EJE DE PROMOCI\u00d3N<\/p>\n<p>En la misma l\u00ednea, Mu\u00f1oz ha asegurado que es \u00abindiscutible\u00bb que el turismo va bien pero que \u00abno hay que bajar la guardia\u00bb\u00bb, por lo que ha apostado por \u00abtrabajar juntos\u00bb. \u00abEl destino Sevilla es uno y no se puede cuartear. La provincia no se entiende sin la capital y viceversa\u00bb, asegura, dejando claro que la apuesta unitaria de Fitur est\u00e1 impulsada por Villalobos y por el alcalde hispalense, el socialista Juan Espadas.<\/p>\n<p>Seg\u00fan Mu\u00f1oz, \u00abes una prueba de la voluntad pol\u00edtica de trabajar jutnos, porque ser\u00edamos torpes si se sigue promocionando el destino de un modo dividido\u00bb.<\/p>\n<p>Por su parte, el presidente de la patronal sevillana, Miguel Rus, ha valorado los datos tur\u00edsticos y ha apostado por seguir poniendo en valor el patrimonio y trabajar para que la Bienal \u00absea tal \u00e9xito que se convierta en anual\u00bb. Adem\u00e1s, recuerda que a\u00fan quedan \u00abmuchos pa\u00edses\u00bb en los que explotar el potencial sevillano y destaca las acciones en Estados Unidos y Alemania.<\/p>\n<p>AUMENTO DEL 30% DEL TURISMO EXTRANJERO<\/p>\n<p>Ha detallado que en todo el ejercicio 2014 se registraron 930.646 pernoctaciones, mientras que en 2015 ya se superaron el mill\u00f3n en septiembre, con 700.000 viajeros, un 18 por ciento m\u00e1s que en el mismo periodo del a\u00f1o anterior. De este modo, los datos del acumulado hasta noviembre muestran 1,25 millones de pernoctaciones en alojamientos reglados, como son hoteles, apartamentos o campings, lo que supone un 25,15 por ciento m\u00e1s que en 2014. Este crecimiento est\u00e1 impulsado por el turismo extranjero, que crece un 30 por ciento, mientras que el nacional sube un 22 por ciento.<\/p>\n<p>Adem\u00e1s, se\u00f1ala que el mercado nacional es el emisor del 57 por ciento del turismo de la provincia, frente al 43 por ciento de extranjeros, que ha crecido seis puntos en dos a\u00f1os. La estancia media tambi\u00e9n ha subido ligeramente en 0,1, hasta los 1,8 d\u00edas.<\/p>\n<p>\u00abSe trata de un a\u00f1o espl\u00e9ndido para los hoteles, con 572.114 viajeros y 918.801 pernoctaciones, un 20,6 y un 30,4 por ciento m\u00e1s, respectivamente, lo que supone incrementos superiores al de otras provincias andaluzas\u00bb, a\u00f1ade, se\u00f1alando que la mayor\u00eda de los visitantes, el 40 por ciento, son andaluces, seguidos de Madrile\u00f1os (20%) y catalanes (10%), mientras que a nivel global, Francia es la primera emisora de turistas a Sevilla (16%), por delante de Italia (10,3%) y Reino Unido (10%).<\/p>\n","protected":false},"excerpt":{"rendered":"<p>El presidente de la Diputaci\u00f3n de Sevilla, Fernando Rodr\u00edguez Villalobos, ha calificado como \u00abextraordinarios\u00bb los datos tur\u00edsticos de la provincia, sin la capital, en el acumulado del a\u00f1o, con incrementos en las pernoctaciones que superan el 25 por ciento, a la par que ha presentado la estrategia que se llevaba a la Feria Internacional del<\/p>\n","protected":false},"author":1,"featured_media":60662,"comment_status":"open","ping_status":"closed","sticky":false,"template":"","format":"standard","meta":{"footnotes":""},"categories":[224],"tags":[],"class_list":{"0":"post-60661","1":"post","2":"type-post","3":"status-publish","4":"format-standard","5":"has-post-thumbnail","7":"category-noticias-actualidad"},"aioseo_notices":[],"aioseo_head":"\n\t\t<!-- All in One SEO Pro 4.9.6.1 - aioseo.com -->\n\t<meta name=\"description\" content=\"El presidente de la Diputaci\u00f3n de Sevilla, Fernando Rodr\u00edguez Villalobos, ha calificado como &quot;extraordinarios&quot; los datos tur\u00edsticos de la provincia, sin la capital, en el acumulado del a\u00f1o, con incrementos en las pernoctaciones que superan el 25 por ciento, a la par que ha presentado la estrategia que se llevaba a la Feria Internacional del\" \/>\n\t<meta name=\"robots\" content=\"max-image-preview:large\" \/>\n\t<meta name=\"author\" content=\"admin\"\/>\n\t<meta name=\"google-site-verification\" content=\"UA-38556648-1\" \/>\n\t<meta name=\"keywords\" content=\"noticias y actualidad\" \/>\n\t<link rel=\"canonical\" href=\"https:\/\/eldigitaldeasturias.com\/magazine365\/extraordinario-ano-para-la-provincia-de-sevilla-con-aumentos-del-25-que-lleva-a-fitur-flamenco-y-gastronomia\/\" \/>\n\t<meta name=\"generator\" content=\"All in One SEO Pro (AIOSEO) 4.9.6.1\" \/>\n\t\t<meta property=\"og:locale\" content=\"es_ES\" \/>\n\t\t<meta property=\"og:site_name\" content=\"El Digital de Asturias \u2013 Revista de ocio, turismo y estilo de vida\" \/>\n\t\t<meta property=\"og:type\" content=\"article\" \/>\n\t\t<meta property=\"og:title\" content=\"\u00abExtraordinario\u00bb a\u00f1o para la provincia de Sevilla, con aumentos del 25%, que lleva a Fitur flamenco y gastronom\u00eda | El Digital de Asturias\" \/>\n\t\t<meta property=\"og:description\" content=\"El presidente de la Diputaci\u00f3n de Sevilla, Fernando Rodr\u00edguez Villalobos, ha calificado como &quot;extraordinarios&quot; los datos tur\u00edsticos de la provincia, sin la capital, en el acumulado del a\u00f1o, con incrementos en las pernoctaciones que superan el 25 por ciento, a la par que ha presentado la estrategia que se llevaba a la Feria Internacional del\" \/>\n\t\t<meta property=\"og:url\" content=\"https:\/\/eldigitaldeasturias.com\/magazine365\/extraordinario-ano-para-la-provincia-de-sevilla-con-aumentos-del-25-que-lleva-a-fitur-flamenco-y-gastronomia\/\" \/>\n\t\t<meta property=\"og:image\" content=\"https:\/\/eldigitaldeasturias.com\/magazine365\/wp-content\/uploads\/2016\/01\/fotonoticia_20160114143147_800.jpg\" \/>\n\t\t<meta property=\"og:image:secure_url\" content=\"https:\/\/eldigitaldeasturias.com\/magazine365\/wp-content\/uploads\/2016\/01\/fotonoticia_20160114143147_800.jpg\" \/>\n\t\t<meta property=\"og:image:width\" content=\"800\" \/>\n\t\t<meta property=\"og:image:height\" content=\"436\" \/>\n\t\t<meta property=\"article:published_time\" content=\"2016-01-14T19:34:08+00:00\" \/>\n\t\t<meta property=\"article:modified_time\" content=\"2016-01-14T19:34:08+00:00\" \/>\n\t\t<meta name=\"twitter:card\" content=\"summary_large_image\" \/>\n\t\t<meta name=\"twitter:title\" content=\"\u00abExtraordinario\u00bb a\u00f1o para la provincia de Sevilla, con aumentos del 25%, que lleva a Fitur flamenco y gastronom\u00eda | El Digital de Asturias\" \/>\n\t\t<meta name=\"twitter:description\" content=\"El presidente de la Diputaci\u00f3n de Sevilla, Fernando Rodr\u00edguez Villalobos, ha calificado como &quot;extraordinarios&quot; los datos tur\u00edsticos de la provincia, sin la capital, en el acumulado del a\u00f1o, con incrementos en las pernoctaciones que superan el 25 por ciento, a la par que ha presentado la estrategia que se llevaba a la Feria Internacional del\" \/>\n\t\t<meta name=\"twitter:image\" content=\"https:\/\/eldigitaldeasturias.com\/magazine365\/wp-content\/uploads\/2016\/01\/fotonoticia_20160114143147_800.jpg\" \/>\n\t\t<script type=\"application\/ld+json\" class=\"aioseo-schema\">\n\t\t\t{\"@context\":\"https:\\\/\\\/schema.org\",\"@graph\":[{\"@type\":\"Article\",\"@id\":\"https:\\\/\\\/eldigitaldeasturias.com\\\/magazine365\\\/extraordinario-ano-para-la-provincia-de-sevilla-con-aumentos-del-25-que-lleva-a-fitur-flamenco-y-gastronomia\\\/#article\",\"name\":\"\\u00abExtraordinario\\u00bb a\\u00f1o para la provincia de Sevilla, con aumentos del 25%, que lleva a Fitur flamenco y gastronom\\u00eda | El Digital de Asturias\",\"headline\":\"\\u00abExtraordinario\\u00bb a\\u00f1o para la provincia de Sevilla, con aumentos del 25%, que lleva a Fitur flamenco y gastronom\\u00eda\",\"author\":{\"@id\":\"https:\\\/\\\/eldigitaldeasturias.com\\\/magazine365\\\/author\\\/admin\\\/#author\"},\"publisher\":{\"@id\":\"https:\\\/\\\/eldigitaldeasturias.com\\\/magazine365\\\/#organization\"},\"image\":{\"@type\":\"ImageObject\",\"url\":\"https:\\\/\\\/eldigitaldeasturias.com\\\/magazine365\\\/wp-content\\\/uploads\\\/2016\\\/01\\\/fotonoticia_20160114143147_800.jpg\",\"width\":800,\"height\":436},\"datePublished\":\"2016-01-14T20:34:08+01:00\",\"dateModified\":\"2016-01-14T20:34:08+01:00\",\"inLanguage\":\"es-ES\",\"mainEntityOfPage\":{\"@id\":\"https:\\\/\\\/eldigitaldeasturias.com\\\/magazine365\\\/extraordinario-ano-para-la-provincia-de-sevilla-con-aumentos-del-25-que-lleva-a-fitur-flamenco-y-gastronomia\\\/#webpage\"},\"isPartOf\":{\"@id\":\"https:\\\/\\\/eldigitaldeasturias.com\\\/magazine365\\\/extraordinario-ano-para-la-provincia-de-sevilla-con-aumentos-del-25-que-lleva-a-fitur-flamenco-y-gastronomia\\\/#webpage\"},\"articleSection\":\"Noticias y Actualidad\"},{\"@type\":\"BreadcrumbList\",\"@id\":\"https:\\\/\\\/eldigitaldeasturias.com\\\/magazine365\\\/extraordinario-ano-para-la-provincia-de-sevilla-con-aumentos-del-25-que-lleva-a-fitur-flamenco-y-gastronomia\\\/#breadcrumblist\",\"itemListElement\":[{\"@type\":\"ListItem\",\"@id\":\"https:\\\/\\\/eldigitaldeasturias.com\\\/magazine365#listItem\",\"position\":1,\"name\":\"Home\",\"item\":\"https:\\\/\\\/eldigitaldeasturias.com\\\/magazine365\",\"nextItem\":{\"@type\":\"ListItem\",\"@id\":\"https:\\\/\\\/eldigitaldeasturias.com\\\/magazine365\\\/category\\\/noticias-actualidad\\\/#listItem\",\"name\":\"Noticias y Actualidad\"}},{\"@type\":\"ListItem\",\"@id\":\"https:\\\/\\\/eldigitaldeasturias.com\\\/magazine365\\\/category\\\/noticias-actualidad\\\/#listItem\",\"position\":2,\"name\":\"Noticias y Actualidad\",\"item\":\"https:\\\/\\\/eldigitaldeasturias.com\\\/magazine365\\\/category\\\/noticias-actualidad\\\/\",\"nextItem\":{\"@type\":\"ListItem\",\"@id\":\"https:\\\/\\\/eldigitaldeasturias.com\\\/magazine365\\\/extraordinario-ano-para-la-provincia-de-sevilla-con-aumentos-del-25-que-lleva-a-fitur-flamenco-y-gastronomia\\\/#listItem\",\"name\":\"\\u00abExtraordinario\\u00bb a\\u00f1o para la provincia de Sevilla, con aumentos del 25%, que lleva a Fitur flamenco y gastronom\\u00eda\"},\"previousItem\":{\"@type\":\"ListItem\",\"@id\":\"https:\\\/\\\/eldigitaldeasturias.com\\\/magazine365#listItem\",\"name\":\"Home\"}},{\"@type\":\"ListItem\",\"@id\":\"https:\\\/\\\/eldigitaldeasturias.com\\\/magazine365\\\/extraordinario-ano-para-la-provincia-de-sevilla-con-aumentos-del-25-que-lleva-a-fitur-flamenco-y-gastronomia\\\/#listItem\",\"position\":3,\"name\":\"\\u00abExtraordinario\\u00bb a\\u00f1o para la provincia de Sevilla, con aumentos del 25%, que lleva a Fitur flamenco y gastronom\\u00eda\",\"previousItem\":{\"@type\":\"ListItem\",\"@id\":\"https:\\\/\\\/eldigitaldeasturias.com\\\/magazine365\\\/category\\\/noticias-actualidad\\\/#listItem\",\"name\":\"Noticias y Actualidad\"}}]},{\"@type\":\"Organization\",\"@id\":\"https:\\\/\\\/eldigitaldeasturias.com\\\/magazine365\\\/#organization\",\"name\":\"El digital de Asturias\",\"description\":\"Revista de ocio, turismo y estilo de vida\",\"url\":\"https:\\\/\\\/eldigitaldeasturias.com\\\/magazine365\\\/\",\"logo\":{\"@type\":\"ImageObject\",\"url\":\"https:\\\/\\\/www.eldigitaldeasturias.com\\\/noticias\\\/wp-content\\\/uploads\\\/2020\\\/12\\\/EDA.jpg\",\"@id\":\"https:\\\/\\\/eldigitaldeasturias.com\\\/magazine365\\\/extraordinario-ano-para-la-provincia-de-sevilla-con-aumentos-del-25-que-lleva-a-fitur-flamenco-y-gastronomia\\\/#organizationLogo\"},\"image\":{\"@id\":\"https:\\\/\\\/eldigitaldeasturias.com\\\/magazine365\\\/extraordinario-ano-para-la-provincia-de-sevilla-con-aumentos-del-25-que-lleva-a-fitur-flamenco-y-gastronomia\\\/#organizationLogo\"}},{\"@type\":\"Person\",\"@id\":\"https:\\\/\\\/eldigitaldeasturias.com\\\/magazine365\\\/author\\\/admin\\\/#author\",\"url\":\"https:\\\/\\\/eldigitaldeasturias.com\\\/magazine365\\\/author\\\/admin\\\/\",\"name\":\"admin\",\"image\":{\"@type\":\"ImageObject\",\"@id\":\"https:\\\/\\\/eldigitaldeasturias.com\\\/magazine365\\\/extraordinario-ano-para-la-provincia-de-sevilla-con-aumentos-del-25-que-lleva-a-fitur-flamenco-y-gastronomia\\\/#authorImage\",\"url\":\"https:\\\/\\\/eldigitaldeasturias.com\\\/magazine365\\\/wp-content\\\/litespeed\\\/avatar\\\/e571bcf59a0edd6fa6838245a470f2fe.jpg?ver=1777574230\",\"width\":96,\"height\":96,\"caption\":\"admin\"}},{\"@type\":\"WebPage\",\"@id\":\"https:\\\/\\\/eldigitaldeasturias.com\\\/magazine365\\\/extraordinario-ano-para-la-provincia-de-sevilla-con-aumentos-del-25-que-lleva-a-fitur-flamenco-y-gastronomia\\\/#webpage\",\"url\":\"https:\\\/\\\/eldigitaldeasturias.com\\\/magazine365\\\/extraordinario-ano-para-la-provincia-de-sevilla-con-aumentos-del-25-que-lleva-a-fitur-flamenco-y-gastronomia\\\/\",\"name\":\"\\u00abExtraordinario\\u00bb a\\u00f1o para la provincia de Sevilla, con aumentos del 25%, que lleva a Fitur flamenco y gastronom\\u00eda | El Digital de Asturias\",\"description\":\"El presidente de la Diputaci\\u00f3n de Sevilla, Fernando Rodr\\u00edguez Villalobos, ha calificado como \\\"extraordinarios\\\" los datos tur\\u00edsticos de la provincia, sin la capital, en el acumulado del a\\u00f1o, con incrementos en las pernoctaciones que superan el 25 por ciento, a la par que ha presentado la estrategia que se llevaba a la Feria Internacional del\",\"inLanguage\":\"es-ES\",\"isPartOf\":{\"@id\":\"https:\\\/\\\/eldigitaldeasturias.com\\\/magazine365\\\/#website\"},\"breadcrumb\":{\"@id\":\"https:\\\/\\\/eldigitaldeasturias.com\\\/magazine365\\\/extraordinario-ano-para-la-provincia-de-sevilla-con-aumentos-del-25-que-lleva-a-fitur-flamenco-y-gastronomia\\\/#breadcrumblist\"},\"author\":{\"@id\":\"https:\\\/\\\/eldigitaldeasturias.com\\\/magazine365\\\/author\\\/admin\\\/#author\"},\"creator\":{\"@id\":\"https:\\\/\\\/eldigitaldeasturias.com\\\/magazine365\\\/author\\\/admin\\\/#author\"},\"image\":{\"@type\":\"ImageObject\",\"url\":\"https:\\\/\\\/eldigitaldeasturias.com\\\/magazine365\\\/wp-content\\\/uploads\\\/2016\\\/01\\\/fotonoticia_20160114143147_800.jpg\",\"@id\":\"https:\\\/\\\/eldigitaldeasturias.com\\\/magazine365\\\/extraordinario-ano-para-la-provincia-de-sevilla-con-aumentos-del-25-que-lleva-a-fitur-flamenco-y-gastronomia\\\/#mainImage\",\"width\":800,\"height\":436},\"primaryImageOfPage\":{\"@id\":\"https:\\\/\\\/eldigitaldeasturias.com\\\/magazine365\\\/extraordinario-ano-para-la-provincia-de-sevilla-con-aumentos-del-25-que-lleva-a-fitur-flamenco-y-gastronomia\\\/#mainImage\"},\"datePublished\":\"2016-01-14T20:34:08+01:00\",\"dateModified\":\"2016-01-14T20:34:08+01:00\"},{\"@type\":\"WebSite\",\"@id\":\"https:\\\/\\\/eldigitaldeasturias.com\\\/magazine365\\\/#website\",\"url\":\"https:\\\/\\\/eldigitaldeasturias.com\\\/magazine365\\\/\",\"name\":\"El Digital de Asturias\",\"description\":\"Revista de ocio, turismo y estilo de vida\",\"inLanguage\":\"es-ES\",\"publisher\":{\"@id\":\"https:\\\/\\\/eldigitaldeasturias.com\\\/magazine365\\\/#organization\"}}]}\n\t\t<\/script>\n\t\t<!-- All in One SEO Pro -->\r\n\t\t<title>\u00abExtraordinario\u00bb a\u00f1o para la provincia de Sevilla, con aumentos del 25%, que lleva a Fitur flamenco y gastronom\u00eda | El Digital de Asturias<\/title>\n\n","aioseo_head_json":{"title":"\u00abExtraordinario\u00bb a\u00f1o para la provincia de Sevilla, con aumentos del 25%, que lleva a Fitur flamenco y gastronom\u00eda | El Digital de Asturias","description":"El presidente de la Diputaci\u00f3n de Sevilla, Fernando Rodr\u00edguez Villalobos, ha calificado como \"extraordinarios\" los datos tur\u00edsticos de la provincia, sin la capital, en el acumulado del a\u00f1o, con incrementos en las pernoctaciones que superan el 25 por ciento, a la par que ha presentado la estrategia que se llevaba a la Feria Internacional del","canonical_url":"https:\/\/eldigitaldeasturias.com\/magazine365\/extraordinario-ano-para-la-provincia-de-sevilla-con-aumentos-del-25-que-lleva-a-fitur-flamenco-y-gastronomia\/","robots":"max-image-preview:large","keywords":"noticias y actualidad","webmasterTools":{"google-site-verification":"UA-38556648-1","miscellaneous":""},"schema":{"@context":"https:\/\/schema.org","@graph":[{"@type":"Article","@id":"https:\/\/eldigitaldeasturias.com\/magazine365\/extraordinario-ano-para-la-provincia-de-sevilla-con-aumentos-del-25-que-lleva-a-fitur-flamenco-y-gastronomia\/#article","name":"\u00abExtraordinario\u00bb a\u00f1o para la provincia de Sevilla, con aumentos del 25%, que lleva a Fitur flamenco y gastronom\u00eda | El Digital de Asturias","headline":"\u00abExtraordinario\u00bb a\u00f1o para la provincia de Sevilla, con aumentos del 25%, que lleva a Fitur flamenco y gastronom\u00eda","author":{"@id":"https:\/\/eldigitaldeasturias.com\/magazine365\/author\/admin\/#author"},"publisher":{"@id":"https:\/\/eldigitaldeasturias.com\/magazine365\/#organization"},"image":{"@type":"ImageObject","url":"https:\/\/eldigitaldeasturias.com\/magazine365\/wp-content\/uploads\/2016\/01\/fotonoticia_20160114143147_800.jpg","width":800,"height":436},"datePublished":"2016-01-14T20:34:08+01:00","dateModified":"2016-01-14T20:34:08+01:00","inLanguage":"es-ES","mainEntityOfPage":{"@id":"https:\/\/eldigitaldeasturias.com\/magazine365\/extraordinario-ano-para-la-provincia-de-sevilla-con-aumentos-del-25-que-lleva-a-fitur-flamenco-y-gastronomia\/#webpage"},"isPartOf":{"@id":"https:\/\/eldigitaldeasturias.com\/magazine365\/extraordinario-ano-para-la-provincia-de-sevilla-con-aumentos-del-25-que-lleva-a-fitur-flamenco-y-gastronomia\/#webpage"},"articleSection":"Noticias y Actualidad"},{"@type":"BreadcrumbList","@id":"https:\/\/eldigitaldeasturias.com\/magazine365\/extraordinario-ano-para-la-provincia-de-sevilla-con-aumentos-del-25-que-lleva-a-fitur-flamenco-y-gastronomia\/#breadcrumblist","itemListElement":[{"@type":"ListItem","@id":"https:\/\/eldigitaldeasturias.com\/magazine365#listItem","position":1,"name":"Home","item":"https:\/\/eldigitaldeasturias.com\/magazine365","nextItem":{"@type":"ListItem","@id":"https:\/\/eldigitaldeasturias.com\/magazine365\/category\/noticias-actualidad\/#listItem","name":"Noticias y Actualidad"}},{"@type":"ListItem","@id":"https:\/\/eldigitaldeasturias.com\/magazine365\/category\/noticias-actualidad\/#listItem","position":2,"name":"Noticias y Actualidad","item":"https:\/\/eldigitaldeasturias.com\/magazine365\/category\/noticias-actualidad\/","nextItem":{"@type":"ListItem","@id":"https:\/\/eldigitaldeasturias.com\/magazine365\/extraordinario-ano-para-la-provincia-de-sevilla-con-aumentos-del-25-que-lleva-a-fitur-flamenco-y-gastronomia\/#listItem","name":"\u00abExtraordinario\u00bb a\u00f1o para la provincia de Sevilla, con aumentos del 25%, que lleva a Fitur flamenco y gastronom\u00eda"},"previousItem":{"@type":"ListItem","@id":"https:\/\/eldigitaldeasturias.com\/magazine365#listItem","name":"Home"}},{"@type":"ListItem","@id":"https:\/\/eldigitaldeasturias.com\/magazine365\/extraordinario-ano-para-la-provincia-de-sevilla-con-aumentos-del-25-que-lleva-a-fitur-flamenco-y-gastronomia\/#listItem","position":3,"name":"\u00abExtraordinario\u00bb a\u00f1o para la provincia de Sevilla, con aumentos del 25%, que lleva a Fitur flamenco y gastronom\u00eda","previousItem":{"@type":"ListItem","@id":"https:\/\/eldigitaldeasturias.com\/magazine365\/category\/noticias-actualidad\/#listItem","name":"Noticias y Actualidad"}}]},{"@type":"Organization","@id":"https:\/\/eldigitaldeasturias.com\/magazine365\/#organization","name":"El digital de Asturias","description":"Revista de ocio, turismo y estilo de vida","url":"https:\/\/eldigitaldeasturias.com\/magazine365\/","logo":{"@type":"ImageObject","url":"https:\/\/www.eldigitaldeasturias.com\/noticias\/wp-content\/uploads\/2020\/12\/EDA.jpg","@id":"https:\/\/eldigitaldeasturias.com\/magazine365\/extraordinario-ano-para-la-provincia-de-sevilla-con-aumentos-del-25-que-lleva-a-fitur-flamenco-y-gastronomia\/#organizationLogo"},"image":{"@id":"https:\/\/eldigitaldeasturias.com\/magazine365\/extraordinario-ano-para-la-provincia-de-sevilla-con-aumentos-del-25-que-lleva-a-fitur-flamenco-y-gastronomia\/#organizationLogo"}},{"@type":"Person","@id":"https:\/\/eldigitaldeasturias.com\/magazine365\/author\/admin\/#author","url":"https:\/\/eldigitaldeasturias.com\/magazine365\/author\/admin\/","name":"admin","image":{"@type":"ImageObject","@id":"https:\/\/eldigitaldeasturias.com\/magazine365\/extraordinario-ano-para-la-provincia-de-sevilla-con-aumentos-del-25-que-lleva-a-fitur-flamenco-y-gastronomia\/#authorImage","url":"https:\/\/eldigitaldeasturias.com\/magazine365\/wp-content\/litespeed\/avatar\/e571bcf59a0edd6fa6838245a470f2fe.jpg?ver=1777574230","width":96,"height":96,"caption":"admin"}},{"@type":"WebPage","@id":"https:\/\/eldigitaldeasturias.com\/magazine365\/extraordinario-ano-para-la-provincia-de-sevilla-con-aumentos-del-25-que-lleva-a-fitur-flamenco-y-gastronomia\/#webpage","url":"https:\/\/eldigitaldeasturias.com\/magazine365\/extraordinario-ano-para-la-provincia-de-sevilla-con-aumentos-del-25-que-lleva-a-fitur-flamenco-y-gastronomia\/","name":"\u00abExtraordinario\u00bb a\u00f1o para la provincia de Sevilla, con aumentos del 25%, que lleva a Fitur flamenco y gastronom\u00eda | El Digital de Asturias","description":"El presidente de la Diputaci\u00f3n de Sevilla, Fernando Rodr\u00edguez Villalobos, ha calificado como \"extraordinarios\" los datos tur\u00edsticos de la provincia, sin la capital, en el acumulado del a\u00f1o, con incrementos en las pernoctaciones que superan el 25 por ciento, a la par que ha presentado la estrategia que se llevaba a la Feria Internacional del","inLanguage":"es-ES","isPartOf":{"@id":"https:\/\/eldigitaldeasturias.com\/magazine365\/#website"},"breadcrumb":{"@id":"https:\/\/eldigitaldeasturias.com\/magazine365\/extraordinario-ano-para-la-provincia-de-sevilla-con-aumentos-del-25-que-lleva-a-fitur-flamenco-y-gastronomia\/#breadcrumblist"},"author":{"@id":"https:\/\/eldigitaldeasturias.com\/magazine365\/author\/admin\/#author"},"creator":{"@id":"https:\/\/eldigitaldeasturias.com\/magazine365\/author\/admin\/#author"},"image":{"@type":"ImageObject","url":"https:\/\/eldigitaldeasturias.com\/magazine365\/wp-content\/uploads\/2016\/01\/fotonoticia_20160114143147_800.jpg","@id":"https:\/\/eldigitaldeasturias.com\/magazine365\/extraordinario-ano-para-la-provincia-de-sevilla-con-aumentos-del-25-que-lleva-a-fitur-flamenco-y-gastronomia\/#mainImage","width":800,"height":436},"primaryImageOfPage":{"@id":"https:\/\/eldigitaldeasturias.com\/magazine365\/extraordinario-ano-para-la-provincia-de-sevilla-con-aumentos-del-25-que-lleva-a-fitur-flamenco-y-gastronomia\/#mainImage"},"datePublished":"2016-01-14T20:34:08+01:00","dateModified":"2016-01-14T20:34:08+01:00"},{"@type":"WebSite","@id":"https:\/\/eldigitaldeasturias.com\/magazine365\/#website","url":"https:\/\/eldigitaldeasturias.com\/magazine365\/","name":"El Digital de Asturias","description":"Revista de ocio, turismo y estilo de vida","inLanguage":"es-ES","publisher":{"@id":"https:\/\/eldigitaldeasturias.com\/magazine365\/#organization"}}]},"og:locale":"es_ES","og:site_name":"El Digital de Asturias \u2013 Revista de ocio, turismo y estilo de vida","og:type":"article","og:title":"\u00abExtraordinario\u00bb a\u00f1o para la provincia de Sevilla, con aumentos del 25%, que lleva a Fitur flamenco y gastronom\u00eda | El Digital de Asturias","og:description":"El presidente de la Diputaci\u00f3n de Sevilla, Fernando Rodr\u00edguez Villalobos, ha calificado como &quot;extraordinarios&quot; los datos tur\u00edsticos de la provincia, sin la capital, en el acumulado del a\u00f1o, con incrementos en las pernoctaciones que superan el 25 por ciento, a la par que ha presentado la estrategia que se llevaba a la Feria Internacional del","og:url":"https:\/\/eldigitaldeasturias.com\/magazine365\/extraordinario-ano-para-la-provincia-de-sevilla-con-aumentos-del-25-que-lleva-a-fitur-flamenco-y-gastronomia\/","og:image":"https:\/\/eldigitaldeasturias.com\/magazine365\/wp-content\/uploads\/2016\/01\/fotonoticia_20160114143147_800.jpg","og:image:secure_url":"https:\/\/eldigitaldeasturias.com\/magazine365\/wp-content\/uploads\/2016\/01\/fotonoticia_20160114143147_800.jpg","og:image:width":800,"og:image:height":436,"article:published_time":"2016-01-14T19:34:08+00:00","article:modified_time":"2016-01-14T19:34:08+00:00","twitter:card":"summary_large_image","twitter:title":"\u00abExtraordinario\u00bb a\u00f1o para la provincia de Sevilla, con aumentos del 25%, que lleva a Fitur flamenco y gastronom\u00eda | El Digital de Asturias","twitter:description":"El presidente de la Diputaci\u00f3n de Sevilla, Fernando Rodr\u00edguez Villalobos, ha calificado como &quot;extraordinarios&quot; los datos tur\u00edsticos de la provincia, sin la capital, en el acumulado del a\u00f1o, con incrementos en las pernoctaciones que superan el 25 por ciento, a la par que ha presentado la estrategia que se llevaba a la Feria Internacional del","twitter:image":"https:\/\/eldigitaldeasturias.com\/magazine365\/wp-content\/uploads\/2016\/01\/fotonoticia_20160114143147_800.jpg"},"aioseo_meta_data":{"post_id":"60661","title":null,"description":null,"keywords":null,"keyphrases":null,"primary_term":null,"canonical_url":null,"og_title":null,"og_description":null,"og_object_type":"default","og_image_type":"default","og_image_url":null,"og_image_width":null,"og_image_height":null,"og_image_custom_url":null,"og_image_custom_fields":null,"og_video":null,"og_custom_url":null,"og_article_section":null,"og_article_tags":null,"twitter_use_og":false,"twitter_card":"default","twitter_image_type":"default","twitter_image_url":null,"twitter_image_custom_url":null,"twitter_image_custom_fields":null,"twitter_title":null,"twitter_description":null,"schema":{"blockGraphs":[],"customGraphs":[],"default":{"data":{"Article":[],"Course":[],"Dataset":[],"FAQPage":[],"Movie":[],"Person":[],"Product":[],"ProductReview":[],"Car":[],"Recipe":[],"Service":[],"SoftwareApplication":[],"WebPage":[]},"graphName":"","isEnabled":true},"graphs":[],"defaultGraph":"","defaultPostTypeGraph":""},"schema_type":null,"schema_type_options":null,"pillar_content":false,"robots_default":true,"robots_noindex":false,"robots_noarchive":false,"robots_nosnippet":false,"robots_nofollow":false,"robots_noimageindex":false,"robots_noodp":false,"robots_notranslate":false,"robots_max_snippet":null,"robots_max_videopreview":null,"robots_max_imagepreview":"large","priority":null,"frequency":null,"location":null,"local_seo":null,"seo_analyzer_scan_date":"2025-09-25 07:18:52","breadcrumb_settings":null,"limit_modified_date":false,"open_ai":null,"ai":null,"created":"2021-03-08 21:57:46","updated":"2025-09-25 07:18:52"},"aioseo_breadcrumb":"<div class=\"aioseo-breadcrumbs\"><span class=\"aioseo-breadcrumb\">\n\t<a href=\"https:\/\/eldigitaldeasturias.com\/magazine365\" title=\"Home\">Home<\/a>\n<\/span><span class=\"aioseo-breadcrumb-separator\">\u2013<\/span><span class=\"aioseo-breadcrumb\">\n\t<a href=\"https:\/\/eldigitaldeasturias.com\/magazine365\/category\/noticias-actualidad\/\" title=\"Noticias y Actualidad\">Noticias y Actualidad<\/a>\n<\/span><span class=\"aioseo-breadcrumb-separator\">\u2013<\/span><span class=\"aioseo-breadcrumb\">\n\t<a href=\"https:\/\/eldigitaldeasturias.com\/magazine365\/extraordinario-ano-para-la-provincia-de-sevilla-con-aumentos-del-25-que-lleva-a-fitur-flamenco-y-gastronomia\/\" title=\"\u00abExtraordinario\u00bb a\u00f1o para la provincia de Sevilla, con aumentos del 25%, que lleva a Fitur flamenco y gastronom\u00eda\">\u00abExtraordinario\u00bb a\u00f1o para la provincia de Sevilla, con aumentos del 25%, que lleva a Fitur flamenco y gastronom\u00eda<\/a>\n<\/span><\/div>","aioseo_breadcrumb_json":[{"label":"Home","link":"https:\/\/eldigitaldeasturias.com\/magazine365"},{"label":"Noticias y Actualidad","link":"https:\/\/eldigitaldeasturias.com\/magazine365\/category\/noticias-actualidad\/"},{"label":"\u00abExtraordinario\u00bb a\u00f1o para la provincia de Sevilla, con aumentos del 25%, que lleva a Fitur flamenco y gastronom\u00eda","link":"https:\/\/eldigitaldeasturias.com\/magazine365\/extraordinario-ano-para-la-provincia-de-sevilla-con-aumentos-del-25-que-lleva-a-fitur-flamenco-y-gastronomia\/"}],"_links":{"self":[{"href":"https:\/\/eldigitaldeasturias.com\/magazine365\/wp-json\/wp\/v2\/posts\/60661","targetHints":{"allow":["GET"]}}],"collection":[{"href":"https:\/\/eldigitaldeasturias.com\/magazine365\/wp-json\/wp\/v2\/posts"}],"about":[{"href":"https:\/\/eldigitaldeasturias.com\/magazine365\/wp-json\/wp\/v2\/types\/post"}],"author":[{"embeddable":true,"href":"https:\/\/eldigitaldeasturias.com\/magazine365\/wp-json\/wp\/v2\/users\/1"}],"replies":[{"embeddable":true,"href":"https:\/\/eldigitaldeasturias.com\/magazine365\/wp-json\/wp\/v2\/comments?post=60661"}],"version-history":[{"count":0,"href":"https:\/\/eldigitaldeasturias.com\/magazine365\/wp-json\/wp\/v2\/posts\/60661\/revisions"}],"wp:featuredmedia":[{"embeddable":true,"href":"https:\/\/eldigitaldeasturias.com\/magazine365\/wp-json\/wp\/v2\/media\/60662"}],"wp:attachment":[{"href":"https:\/\/eldigitaldeasturias.com\/magazine365\/wp-json\/wp\/v2\/media?parent=60661"}],"wp:term":[{"taxonomy":"category","embeddable":true,"href":"https:\/\/eldigitaldeasturias.com\/magazine365\/wp-json\/wp\/v2\/categories?post=60661"},{"taxonomy":"post_tag","embeddable":true,"href":"https:\/\/eldigitaldeasturias.com\/magazine365\/wp-json\/wp\/v2\/tags?post=60661"}],"curies":[{"name":"wp","href":"https:\/\/api.w.org\/{rel}","templated":true}]}}