{"id":60650,"date":"2016-01-14T20:27:18","date_gmt":"2016-01-14T19:27:18","guid":{"rendered":"http:\/\/eldigitaldeasturias.com\/magazine365\/?p=60650"},"modified":"2016-01-14T20:27:18","modified_gmt":"2016-01-14T19:27:18","slug":"extremadura-centrara-su-propuesta-de-fitur-2016-en-la-gastronomia-la-cultura-y-la-naturaleza-regional","status":"publish","type":"post","link":"https:\/\/eldigitaldeasturias.com\/magazine365\/extremadura-centrara-su-propuesta-de-fitur-2016-en-la-gastronomia-la-cultura-y-la-naturaleza-regional\/","title":{"rendered":"Extremadura centrar\u00e1 su propuesta de Fitur 2016 en la gastronom\u00eda, la cultura y la naturaleza regional"},"content":{"rendered":"<p><img fetchpriority=\"high\" decoding=\"async\" class=\"alignleft size-medium wp-image-60651\" src=\"https:\/\/eldigitaldeasturias.com\/magazine365\/wp-content\/uploads\/2016\/01\/fotonoticia_20160114143011_800-360x270.jpg\" alt=\"fotonoticia_20160114143011_800\" width=\"360\" height=\"270\" srcset=\"https:\/\/eldigitaldeasturias.com\/magazine365\/wp-content\/uploads\/2016\/01\/fotonoticia_20160114143011_800-360x270.jpg 360w, https:\/\/eldigitaldeasturias.com\/magazine365\/wp-content\/uploads\/2016\/01\/fotonoticia_20160114143011_800-650x488.jpg 650w, https:\/\/eldigitaldeasturias.com\/magazine365\/wp-content\/uploads\/2016\/01\/fotonoticia_20160114143011_800-768x576.jpg 768w, https:\/\/eldigitaldeasturias.com\/magazine365\/wp-content\/uploads\/2016\/01\/fotonoticia_20160114143011_800-150x113.jpg 150w, https:\/\/eldigitaldeasturias.com\/magazine365\/wp-content\/uploads\/2016\/01\/fotonoticia_20160114143011_800-450x338.jpg 450w, https:\/\/eldigitaldeasturias.com\/magazine365\/wp-content\/uploads\/2016\/01\/fotonoticia_20160114143011_800-80x60.jpg 80w, https:\/\/eldigitaldeasturias.com\/magazine365\/wp-content\/uploads\/2016\/01\/fotonoticia_20160114143011_800-265x198.jpg 265w, https:\/\/eldigitaldeasturias.com\/magazine365\/wp-content\/uploads\/2016\/01\/fotonoticia_20160114143011_800-696x522.jpg 696w, https:\/\/eldigitaldeasturias.com\/magazine365\/wp-content\/uploads\/2016\/01\/fotonoticia_20160114143011_800-560x420.jpg 560w, https:\/\/eldigitaldeasturias.com\/magazine365\/wp-content\/uploads\/2016\/01\/fotonoticia_20160114143011_800-90x67.jpg 90w, https:\/\/eldigitaldeasturias.com\/magazine365\/wp-content\/uploads\/2016\/01\/fotonoticia_20160114143011_800-164x124.jpg 164w, https:\/\/eldigitaldeasturias.com\/magazine365\/wp-content\/uploads\/2016\/01\/fotonoticia_20160114143011_800-100x75.jpg 100w, https:\/\/eldigitaldeasturias.com\/magazine365\/wp-content\/uploads\/2016\/01\/fotonoticia_20160114143011_800.jpg 800w\" sizes=\"(max-width: 360px) 100vw, 360px\" \/>La comunidad aut\u00f3noma de Extremadura incidir\u00e1 en la trigesimosexta Feria Internacional de Turismo de Madrid (Fitur) 2016 en la promoci\u00f3n de su gastronom\u00eda como \u00abeje principal\u00bb de la regi\u00f3n, adem\u00e1s de promover la cultura y la naturaleza de la comunidad aut\u00f3noma.<\/p>\n<p>Extremadura ha contado con la Capitalidad Espa\u00f1ola de la Gastronom\u00eda en 2015 en C\u00e1ceres; y en 2016, M\u00e9rida se ha convertido en la Capital Iberoamericana de la Cultura Gastron\u00f3mica, por lo que varios de los \u00abprincipales\u00bb eventos girar\u00e1n en torno a la gastronom\u00eda.<\/p>\n<p>El consejero de Econom\u00eda e Infraestructuras, Jos\u00e9 Luis Navarro, ha presentado el programa de actividades de Extremadura en Fitur este jueves, d\u00eda 14, en una rueda de prensa en la que ha estado acompa\u00f1ado por el director general de Turismo, Francisco Mart\u00edn, y en la que ha explicado que la inversi\u00f3n para este evento de la Junta ha sido de 470.000 euros.<\/p>\n<p>El consejero ha se\u00f1alado que el pr\u00f3ximo jueves, d\u00eda 21, en el stand de Extremadura en Fitur se celebrar\u00e1 la presentaci\u00f3n de las actividades que a lo largo de 2016 se van a desarrollar en M\u00e9rida con motivo de la Capitalidad Iberoamericana de la Cultura Gastron\u00f3mica.<\/p>\n<p>Adem\u00e1s, el pr\u00f3ximo viernes, d\u00eda 22, en el stand de Turespa\u00f1a habr\u00e1 un \u00abacto oficial\u00bb por el que se va a traspasar esta capitalidad desde el estado mexicano de Guanajuato a M\u00e9rida, con la presencia del alcalde de la capital auton\u00f3mica, Antonio Rodr\u00edguez Osuna.<\/p>\n<p>Otro de los eventos que tendr\u00e1 \u00abprotagonismo en las actividades\u00bb en el stand de Extremadura ser\u00e1 la celebraci\u00f3n del A\u00f1o Guadalupense, por lo que alrededor de esta fiesta religiosa, se van a celebrar \u00abvarias actividades de todo tipo\u00bb en la regi\u00f3n con su \u00abcorrespondiente repercusi\u00f3n tur\u00edstica\u00bb en la comunidad aut\u00f3noma.<\/p>\n<p>Por lo tanto, el d\u00eda de la inauguraci\u00f3n de Fitur se firmar\u00e1 un protocolo entre la Junta de Extremadura, las dos diputaciones provinciales y el Ayuntamiento de Guadalupe por la celebraci\u00f3n de este A\u00f1o Guadalupense.<\/p>\n<p>Adem\u00e1s, en esta edici\u00f3n habr\u00e1 dos circunstancias \u00abcon una traducci\u00f3n especial\u00bb en Fitur, como es la declaraci\u00f3n por parte de la Unesco como Geoparque Mundial al de Villuercas-Ibores-Jara; y tambi\u00e9n la declaraci\u00f3n del Ministerio de Industria y Turismo de la Semana Santa de la localidad pacense de Jerez de los Caballeros como Fiesta de Inter\u00e9s Tur\u00edstica Nacional.<\/p>\n<p>SENCILLAMENTE EXTREMADURA<\/p>\n<p>El consejero de Econom\u00eda e Infraestructuras ha se\u00f1alado que en Fitur tambi\u00e9n se dar\u00e1 continuidad a la campa\u00f1a que se puso en marcha en el segundo semestre del pasado a\u00f1o llamada &#8216;Sencillamente Extremadura&#8217;.<\/p>\n<p>Jos\u00e9 Luis Navarro ha se\u00f1alado que Extremadura \u00abno puede faltar a la cita\u00bb ya que el turismo tiene \u00abuna relevancia importante\u00bb en la econom\u00eda de la regi\u00f3n, y ha invitado a los ayuntamientos y empresarios de la regi\u00f3n a que participen en esta edici\u00f3n de Fitur.<\/p>\n<p>Adem\u00e1s, Navarro ha se\u00f1alado que el programa de actividades \u00abno se puede calificar como definitivo\u00bb porque puede variar dependiendo de si alg\u00fan ayuntamiento se suma, aunque en esta edici\u00f3n habr\u00e1 43 presentaciones de empresas, por las 37 que se celebraron el pasado a\u00f1o.<\/p>\n<p>El consejero ha a\u00f1adido que el turismo \u00abes experiencia\u00bb, por lo que la Junta quiere que los turistas acudan a Extremadura para que tengan \u00abexperiencias\u00bb.<\/p>\n<p>800 METROS CUADRADOS DE STAND<\/p>\n<p>Por otro lado, el consejero ha manifestado que el stand de Extremadura en Fitur, que cuenta con 800 metros cuadrados, \u00abresponde a las caracter\u00edsticas de los extreme\u00f1os\u00bb y a la campa\u00f1a &#8216;Sencillamente Extremadura&#8217;, ya que es un espacio \u00abamable y abierto\u00bb, con l\u00edneas \u00abmuy sencillas\u00bb y materiales \u00abcien por cien naturales y vinculados a la regi\u00f3n\u00bb.<\/p>\n<p>El director general de Turismo, Francisco Mart\u00edn, ha se\u00f1alado que el stand contiene una sala de presentaciones \u00abmuy potente\u00bb; con un \u00e1rea para profesionales con \u00abcasi 70 empresas inscritas\u00bb y con im\u00e1genes \u00abespectaculares\u00bb de ciudades y paisajes extreme\u00f1os, que se proyectar\u00e1n en una gran pantalla LED.<\/p>\n<p>Las presentaciones que se lleven a cabo en el stand de Extremadura ser\u00e1n retransmitidas en directo a trav\u00e9s de internet, ha explicado el director general de Turismo.<\/p>\n<p>El consejero de Econom\u00eda e Infraestructuras tambi\u00e9n ha destacado que en Fitur tambi\u00e9n estar\u00e1n como coexpositores las dos diputaciones provinciales; las ciudades de C\u00e1ceres, Badajoz, M\u00e9rida y Plasencia; la Red Extreme\u00f1a de Desarrollo Rural (Redex); y varias organizaciones tur\u00edsticas como el Cl\u00faster de Turismo o la Confederaci\u00f3n Empresarial de Turismo (Cetex).<\/p>\n<p>Jos\u00e9 Luis Navarro tambi\u00e9n ha se\u00f1alado que la regi\u00f3n tambi\u00e9n participar\u00e1 este a\u00f1o en Fitur LGBT, un \u00e1rea expositiva \u00abindependiente\u00bb, ya que cada vez este tipo de turismo cobra \u00abm\u00e1s importancia\u00bb para la regi\u00f3n.<\/p>\n<p>As\u00ed, en este stand de Fitur LGBT se promocionar\u00e1 el festival FanCineGay y tambi\u00e9n la fiesta de Los Palomos en Badajoz, ha aseverado Jos\u00e9 Luis Navarro.<\/p>\n<p>El consejero ha apostillado que este stand es \u00abel punto de encuentro y est\u00e1 al servicio\u00bb de los empresarios extreme\u00f1os que acudir\u00e1n a Fitur a promocionar sus productos.<\/p>\n<p>ACTIVIDADES PARA EL P\u00daBLICO GENERAL<\/p>\n<p>Por otro lado, para los d\u00edas 23 y 24 de enero, en los que Fitur est\u00e1 abierta al p\u00fablico general, el stand de Extremadura tendr\u00e1 a disposici\u00f3n del visitante actividades como \u00abla experiencia &#8216;#yoestuveaqu\u00ed&#8217;, en la que el p\u00fablico podr\u00e1 hacerse una fotograf\u00eda con diferentes escenarios extreme\u00f1os gracias a un croma.<\/p>\n<p>Asimismo, tambi\u00e9n se podr\u00e1 visitar Extremadura en bicicleta gracias a dos rutas virtuales a trav\u00e9s de dos pantallas, una urbana en la ciudad de Guadalupe, y otra rural por la naturaleza de la Campi\u00f1a Sur.<\/p>\n<p>APLICACI\u00d3N PARA M\u00d3VIL<\/p>\n<p>Por otro lado, Jos\u00e9 Luis Navarro ha explicado que la aplicaci\u00f3n &#8216;Birding in Extremadura&#8217;, sobre el avistamiento de aves en la regi\u00f3n, es una de las tres finalistas del concurso &#8216;The AppTourism Awards 2016&#8217; en la categor\u00eda de &#8216;Mejor app tur\u00edstica nacional de turismo deportivo, naturaleza y aventura&#8217;.<\/p>\n<p>As\u00ed, el ganador del concurso se conocer\u00e1 el pr\u00f3ximo 21 de enero en Fitur, sobre las 18,00 horas, y contar\u00e1 con la presencia de la secretaria de Estado de Turismo, Isabel Borrego.<\/p>\n","protected":false},"excerpt":{"rendered":"<p>La comunidad aut\u00f3noma de Extremadura incidir\u00e1 en la trigesimosexta Feria Internacional de Turismo de Madrid (Fitur) 2016 en la promoci\u00f3n de su gastronom\u00eda como \u00abeje principal\u00bb de la regi\u00f3n, adem\u00e1s de promover la cultura y la naturaleza de la comunidad aut\u00f3noma. Extremadura ha contado con la Capitalidad Espa\u00f1ola de la Gastronom\u00eda en 2015 en C\u00e1ceres;<\/p>\n","protected":false},"author":1,"featured_media":60651,"comment_status":"open","ping_status":"closed","sticky":false,"template":"","format":"standard","meta":{"footnotes":""},"categories":[224],"tags":[],"class_list":{"0":"post-60650","1":"post","2":"type-post","3":"status-publish","4":"format-standard","5":"has-post-thumbnail","7":"category-noticias-actualidad"},"aioseo_notices":[],"aioseo_head":"\n\t\t<!-- All in One SEO Pro 4.9.6.1 - aioseo.com -->\n\t<meta name=\"description\" content=\"La comunidad aut\u00f3noma de Extremadura incidir\u00e1 en la trigesimosexta Feria Internacional de Turismo de Madrid (Fitur) 2016 en la promoci\u00f3n de su gastronom\u00eda como &quot;eje principal&quot; de la regi\u00f3n, adem\u00e1s de promover la cultura y la naturaleza de la comunidad aut\u00f3noma. Extremadura ha contado con la Capitalidad Espa\u00f1ola de la Gastronom\u00eda en 2015 en C\u00e1ceres;\" \/>\n\t<meta name=\"robots\" content=\"max-image-preview:large\" \/>\n\t<meta name=\"author\" content=\"admin\"\/>\n\t<meta name=\"google-site-verification\" content=\"UA-38556648-1\" \/>\n\t<meta name=\"keywords\" content=\"noticias y actualidad\" \/>\n\t<link rel=\"canonical\" href=\"https:\/\/eldigitaldeasturias.com\/magazine365\/extremadura-centrara-su-propuesta-de-fitur-2016-en-la-gastronomia-la-cultura-y-la-naturaleza-regional\/\" \/>\n\t<meta name=\"generator\" content=\"All in One SEO Pro (AIOSEO) 4.9.6.1\" \/>\n\t\t<meta property=\"og:locale\" content=\"es_ES\" \/>\n\t\t<meta property=\"og:site_name\" content=\"El Digital de Asturias \u2013 Revista de ocio, turismo y estilo de vida\" \/>\n\t\t<meta property=\"og:type\" content=\"article\" \/>\n\t\t<meta property=\"og:title\" content=\"Extremadura centrar\u00e1 su propuesta de Fitur 2016 en la gastronom\u00eda, la cultura y la naturaleza regional | El Digital de Asturias\" \/>\n\t\t<meta property=\"og:description\" content=\"La comunidad aut\u00f3noma de Extremadura incidir\u00e1 en la trigesimosexta Feria Internacional de Turismo de Madrid (Fitur) 2016 en la promoci\u00f3n de su gastronom\u00eda como &quot;eje principal&quot; de la regi\u00f3n, adem\u00e1s de promover la cultura y la naturaleza de la comunidad aut\u00f3noma. Extremadura ha contado con la Capitalidad Espa\u00f1ola de la Gastronom\u00eda en 2015 en C\u00e1ceres;\" \/>\n\t\t<meta property=\"og:url\" content=\"https:\/\/eldigitaldeasturias.com\/magazine365\/extremadura-centrara-su-propuesta-de-fitur-2016-en-la-gastronomia-la-cultura-y-la-naturaleza-regional\/\" \/>\n\t\t<meta property=\"og:image\" content=\"https:\/\/eldigitaldeasturias.com\/magazine365\/wp-content\/uploads\/2016\/01\/fotonoticia_20160114143011_800.jpg\" \/>\n\t\t<meta property=\"og:image:secure_url\" content=\"https:\/\/eldigitaldeasturias.com\/magazine365\/wp-content\/uploads\/2016\/01\/fotonoticia_20160114143011_800.jpg\" \/>\n\t\t<meta property=\"og:image:width\" content=\"800\" \/>\n\t\t<meta property=\"og:image:height\" content=\"600\" \/>\n\t\t<meta property=\"article:published_time\" content=\"2016-01-14T19:27:18+00:00\" \/>\n\t\t<meta property=\"article:modified_time\" content=\"2016-01-14T19:27:18+00:00\" \/>\n\t\t<meta name=\"twitter:card\" content=\"summary_large_image\" \/>\n\t\t<meta name=\"twitter:title\" content=\"Extremadura centrar\u00e1 su propuesta de Fitur 2016 en la gastronom\u00eda, la cultura y la naturaleza regional | El Digital de Asturias\" \/>\n\t\t<meta name=\"twitter:description\" content=\"La comunidad aut\u00f3noma de Extremadura incidir\u00e1 en la trigesimosexta Feria Internacional de Turismo de Madrid (Fitur) 2016 en la promoci\u00f3n de su gastronom\u00eda como &quot;eje principal&quot; de la regi\u00f3n, adem\u00e1s de promover la cultura y la naturaleza de la comunidad aut\u00f3noma. Extremadura ha contado con la Capitalidad Espa\u00f1ola de la Gastronom\u00eda en 2015 en C\u00e1ceres;\" \/>\n\t\t<meta name=\"twitter:image\" content=\"https:\/\/eldigitaldeasturias.com\/magazine365\/wp-content\/uploads\/2016\/01\/fotonoticia_20160114143011_800.jpg\" \/>\n\t\t<script type=\"application\/ld+json\" class=\"aioseo-schema\">\n\t\t\t{\"@context\":\"https:\\\/\\\/schema.org\",\"@graph\":[{\"@type\":\"Article\",\"@id\":\"https:\\\/\\\/eldigitaldeasturias.com\\\/magazine365\\\/extremadura-centrara-su-propuesta-de-fitur-2016-en-la-gastronomia-la-cultura-y-la-naturaleza-regional\\\/#article\",\"name\":\"Extremadura centrar\\u00e1 su propuesta de Fitur 2016 en la gastronom\\u00eda, la cultura y la naturaleza regional | El Digital de Asturias\",\"headline\":\"Extremadura centrar\\u00e1 su propuesta de Fitur 2016 en la gastronom\\u00eda, la cultura y la naturaleza regional\",\"author\":{\"@id\":\"https:\\\/\\\/eldigitaldeasturias.com\\\/magazine365\\\/author\\\/admin\\\/#author\"},\"publisher\":{\"@id\":\"https:\\\/\\\/eldigitaldeasturias.com\\\/magazine365\\\/#organization\"},\"image\":{\"@type\":\"ImageObject\",\"url\":\"https:\\\/\\\/eldigitaldeasturias.com\\\/magazine365\\\/wp-content\\\/uploads\\\/2016\\\/01\\\/fotonoticia_20160114143011_800.jpg\",\"width\":800,\"height\":600},\"datePublished\":\"2016-01-14T20:27:18+01:00\",\"dateModified\":\"2016-01-14T20:27:18+01:00\",\"inLanguage\":\"es-ES\",\"mainEntityOfPage\":{\"@id\":\"https:\\\/\\\/eldigitaldeasturias.com\\\/magazine365\\\/extremadura-centrara-su-propuesta-de-fitur-2016-en-la-gastronomia-la-cultura-y-la-naturaleza-regional\\\/#webpage\"},\"isPartOf\":{\"@id\":\"https:\\\/\\\/eldigitaldeasturias.com\\\/magazine365\\\/extremadura-centrara-su-propuesta-de-fitur-2016-en-la-gastronomia-la-cultura-y-la-naturaleza-regional\\\/#webpage\"},\"articleSection\":\"Noticias y Actualidad\"},{\"@type\":\"BreadcrumbList\",\"@id\":\"https:\\\/\\\/eldigitaldeasturias.com\\\/magazine365\\\/extremadura-centrara-su-propuesta-de-fitur-2016-en-la-gastronomia-la-cultura-y-la-naturaleza-regional\\\/#breadcrumblist\",\"itemListElement\":[{\"@type\":\"ListItem\",\"@id\":\"https:\\\/\\\/eldigitaldeasturias.com\\\/magazine365#listItem\",\"position\":1,\"name\":\"Home\",\"item\":\"https:\\\/\\\/eldigitaldeasturias.com\\\/magazine365\",\"nextItem\":{\"@type\":\"ListItem\",\"@id\":\"https:\\\/\\\/eldigitaldeasturias.com\\\/magazine365\\\/category\\\/noticias-actualidad\\\/#listItem\",\"name\":\"Noticias y Actualidad\"}},{\"@type\":\"ListItem\",\"@id\":\"https:\\\/\\\/eldigitaldeasturias.com\\\/magazine365\\\/category\\\/noticias-actualidad\\\/#listItem\",\"position\":2,\"name\":\"Noticias y Actualidad\",\"item\":\"https:\\\/\\\/eldigitaldeasturias.com\\\/magazine365\\\/category\\\/noticias-actualidad\\\/\",\"nextItem\":{\"@type\":\"ListItem\",\"@id\":\"https:\\\/\\\/eldigitaldeasturias.com\\\/magazine365\\\/extremadura-centrara-su-propuesta-de-fitur-2016-en-la-gastronomia-la-cultura-y-la-naturaleza-regional\\\/#listItem\",\"name\":\"Extremadura centrar\\u00e1 su propuesta de Fitur 2016 en la gastronom\\u00eda, la cultura y la naturaleza regional\"},\"previousItem\":{\"@type\":\"ListItem\",\"@id\":\"https:\\\/\\\/eldigitaldeasturias.com\\\/magazine365#listItem\",\"name\":\"Home\"}},{\"@type\":\"ListItem\",\"@id\":\"https:\\\/\\\/eldigitaldeasturias.com\\\/magazine365\\\/extremadura-centrara-su-propuesta-de-fitur-2016-en-la-gastronomia-la-cultura-y-la-naturaleza-regional\\\/#listItem\",\"position\":3,\"name\":\"Extremadura centrar\\u00e1 su propuesta de Fitur 2016 en la gastronom\\u00eda, la cultura y la naturaleza regional\",\"previousItem\":{\"@type\":\"ListItem\",\"@id\":\"https:\\\/\\\/eldigitaldeasturias.com\\\/magazine365\\\/category\\\/noticias-actualidad\\\/#listItem\",\"name\":\"Noticias y Actualidad\"}}]},{\"@type\":\"Organization\",\"@id\":\"https:\\\/\\\/eldigitaldeasturias.com\\\/magazine365\\\/#organization\",\"name\":\"El digital de Asturias\",\"description\":\"Revista de ocio, turismo y estilo de vida\",\"url\":\"https:\\\/\\\/eldigitaldeasturias.com\\\/magazine365\\\/\",\"logo\":{\"@type\":\"ImageObject\",\"url\":\"https:\\\/\\\/www.eldigitaldeasturias.com\\\/noticias\\\/wp-content\\\/uploads\\\/2020\\\/12\\\/EDA.jpg\",\"@id\":\"https:\\\/\\\/eldigitaldeasturias.com\\\/magazine365\\\/extremadura-centrara-su-propuesta-de-fitur-2016-en-la-gastronomia-la-cultura-y-la-naturaleza-regional\\\/#organizationLogo\"},\"image\":{\"@id\":\"https:\\\/\\\/eldigitaldeasturias.com\\\/magazine365\\\/extremadura-centrara-su-propuesta-de-fitur-2016-en-la-gastronomia-la-cultura-y-la-naturaleza-regional\\\/#organizationLogo\"}},{\"@type\":\"Person\",\"@id\":\"https:\\\/\\\/eldigitaldeasturias.com\\\/magazine365\\\/author\\\/admin\\\/#author\",\"url\":\"https:\\\/\\\/eldigitaldeasturias.com\\\/magazine365\\\/author\\\/admin\\\/\",\"name\":\"admin\",\"image\":{\"@type\":\"ImageObject\",\"@id\":\"https:\\\/\\\/eldigitaldeasturias.com\\\/magazine365\\\/extremadura-centrara-su-propuesta-de-fitur-2016-en-la-gastronomia-la-cultura-y-la-naturaleza-regional\\\/#authorImage\",\"url\":\"https:\\\/\\\/eldigitaldeasturias.com\\\/magazine365\\\/wp-content\\\/litespeed\\\/avatar\\\/e571bcf59a0edd6fa6838245a470f2fe.jpg?ver=1777574230\",\"width\":96,\"height\":96,\"caption\":\"admin\"}},{\"@type\":\"WebPage\",\"@id\":\"https:\\\/\\\/eldigitaldeasturias.com\\\/magazine365\\\/extremadura-centrara-su-propuesta-de-fitur-2016-en-la-gastronomia-la-cultura-y-la-naturaleza-regional\\\/#webpage\",\"url\":\"https:\\\/\\\/eldigitaldeasturias.com\\\/magazine365\\\/extremadura-centrara-su-propuesta-de-fitur-2016-en-la-gastronomia-la-cultura-y-la-naturaleza-regional\\\/\",\"name\":\"Extremadura centrar\\u00e1 su propuesta de Fitur 2016 en la gastronom\\u00eda, la cultura y la naturaleza regional | El Digital de Asturias\",\"description\":\"La comunidad aut\\u00f3noma de Extremadura incidir\\u00e1 en la trigesimosexta Feria Internacional de Turismo de Madrid (Fitur) 2016 en la promoci\\u00f3n de su gastronom\\u00eda como \\\"eje principal\\\" de la regi\\u00f3n, adem\\u00e1s de promover la cultura y la naturaleza de la comunidad aut\\u00f3noma. Extremadura ha contado con la Capitalidad Espa\\u00f1ola de la Gastronom\\u00eda en 2015 en C\\u00e1ceres;\",\"inLanguage\":\"es-ES\",\"isPartOf\":{\"@id\":\"https:\\\/\\\/eldigitaldeasturias.com\\\/magazine365\\\/#website\"},\"breadcrumb\":{\"@id\":\"https:\\\/\\\/eldigitaldeasturias.com\\\/magazine365\\\/extremadura-centrara-su-propuesta-de-fitur-2016-en-la-gastronomia-la-cultura-y-la-naturaleza-regional\\\/#breadcrumblist\"},\"author\":{\"@id\":\"https:\\\/\\\/eldigitaldeasturias.com\\\/magazine365\\\/author\\\/admin\\\/#author\"},\"creator\":{\"@id\":\"https:\\\/\\\/eldigitaldeasturias.com\\\/magazine365\\\/author\\\/admin\\\/#author\"},\"image\":{\"@type\":\"ImageObject\",\"url\":\"https:\\\/\\\/eldigitaldeasturias.com\\\/magazine365\\\/wp-content\\\/uploads\\\/2016\\\/01\\\/fotonoticia_20160114143011_800.jpg\",\"@id\":\"https:\\\/\\\/eldigitaldeasturias.com\\\/magazine365\\\/extremadura-centrara-su-propuesta-de-fitur-2016-en-la-gastronomia-la-cultura-y-la-naturaleza-regional\\\/#mainImage\",\"width\":800,\"height\":600},\"primaryImageOfPage\":{\"@id\":\"https:\\\/\\\/eldigitaldeasturias.com\\\/magazine365\\\/extremadura-centrara-su-propuesta-de-fitur-2016-en-la-gastronomia-la-cultura-y-la-naturaleza-regional\\\/#mainImage\"},\"datePublished\":\"2016-01-14T20:27:18+01:00\",\"dateModified\":\"2016-01-14T20:27:18+01:00\"},{\"@type\":\"WebSite\",\"@id\":\"https:\\\/\\\/eldigitaldeasturias.com\\\/magazine365\\\/#website\",\"url\":\"https:\\\/\\\/eldigitaldeasturias.com\\\/magazine365\\\/\",\"name\":\"El Digital de Asturias\",\"description\":\"Revista de ocio, turismo y estilo de vida\",\"inLanguage\":\"es-ES\",\"publisher\":{\"@id\":\"https:\\\/\\\/eldigitaldeasturias.com\\\/magazine365\\\/#organization\"}}]}\n\t\t<\/script>\n\t\t<!-- All in One SEO Pro -->\r\n\t\t<title>Extremadura centrar\u00e1 su propuesta de Fitur 2016 en la gastronom\u00eda, la cultura y la naturaleza regional | El Digital de Asturias<\/title>\n\n","aioseo_head_json":{"title":"Extremadura centrar\u00e1 su propuesta de Fitur 2016 en la gastronom\u00eda, la cultura y la naturaleza regional | El Digital de Asturias","description":"La comunidad aut\u00f3noma de Extremadura incidir\u00e1 en la trigesimosexta Feria Internacional de Turismo de Madrid (Fitur) 2016 en la promoci\u00f3n de su gastronom\u00eda como \"eje principal\" de la regi\u00f3n, adem\u00e1s de promover la cultura y la naturaleza de la comunidad aut\u00f3noma. Extremadura ha contado con la Capitalidad Espa\u00f1ola de la Gastronom\u00eda en 2015 en C\u00e1ceres;","canonical_url":"https:\/\/eldigitaldeasturias.com\/magazine365\/extremadura-centrara-su-propuesta-de-fitur-2016-en-la-gastronomia-la-cultura-y-la-naturaleza-regional\/","robots":"max-image-preview:large","keywords":"noticias y actualidad","webmasterTools":{"google-site-verification":"UA-38556648-1","miscellaneous":""},"schema":{"@context":"https:\/\/schema.org","@graph":[{"@type":"Article","@id":"https:\/\/eldigitaldeasturias.com\/magazine365\/extremadura-centrara-su-propuesta-de-fitur-2016-en-la-gastronomia-la-cultura-y-la-naturaleza-regional\/#article","name":"Extremadura centrar\u00e1 su propuesta de Fitur 2016 en la gastronom\u00eda, la cultura y la naturaleza regional | El Digital de Asturias","headline":"Extremadura centrar\u00e1 su propuesta de Fitur 2016 en la gastronom\u00eda, la cultura y la naturaleza regional","author":{"@id":"https:\/\/eldigitaldeasturias.com\/magazine365\/author\/admin\/#author"},"publisher":{"@id":"https:\/\/eldigitaldeasturias.com\/magazine365\/#organization"},"image":{"@type":"ImageObject","url":"https:\/\/eldigitaldeasturias.com\/magazine365\/wp-content\/uploads\/2016\/01\/fotonoticia_20160114143011_800.jpg","width":800,"height":600},"datePublished":"2016-01-14T20:27:18+01:00","dateModified":"2016-01-14T20:27:18+01:00","inLanguage":"es-ES","mainEntityOfPage":{"@id":"https:\/\/eldigitaldeasturias.com\/magazine365\/extremadura-centrara-su-propuesta-de-fitur-2016-en-la-gastronomia-la-cultura-y-la-naturaleza-regional\/#webpage"},"isPartOf":{"@id":"https:\/\/eldigitaldeasturias.com\/magazine365\/extremadura-centrara-su-propuesta-de-fitur-2016-en-la-gastronomia-la-cultura-y-la-naturaleza-regional\/#webpage"},"articleSection":"Noticias y Actualidad"},{"@type":"BreadcrumbList","@id":"https:\/\/eldigitaldeasturias.com\/magazine365\/extremadura-centrara-su-propuesta-de-fitur-2016-en-la-gastronomia-la-cultura-y-la-naturaleza-regional\/#breadcrumblist","itemListElement":[{"@type":"ListItem","@id":"https:\/\/eldigitaldeasturias.com\/magazine365#listItem","position":1,"name":"Home","item":"https:\/\/eldigitaldeasturias.com\/magazine365","nextItem":{"@type":"ListItem","@id":"https:\/\/eldigitaldeasturias.com\/magazine365\/category\/noticias-actualidad\/#listItem","name":"Noticias y Actualidad"}},{"@type":"ListItem","@id":"https:\/\/eldigitaldeasturias.com\/magazine365\/category\/noticias-actualidad\/#listItem","position":2,"name":"Noticias y Actualidad","item":"https:\/\/eldigitaldeasturias.com\/magazine365\/category\/noticias-actualidad\/","nextItem":{"@type":"ListItem","@id":"https:\/\/eldigitaldeasturias.com\/magazine365\/extremadura-centrara-su-propuesta-de-fitur-2016-en-la-gastronomia-la-cultura-y-la-naturaleza-regional\/#listItem","name":"Extremadura centrar\u00e1 su propuesta de Fitur 2016 en la gastronom\u00eda, la cultura y la naturaleza regional"},"previousItem":{"@type":"ListItem","@id":"https:\/\/eldigitaldeasturias.com\/magazine365#listItem","name":"Home"}},{"@type":"ListItem","@id":"https:\/\/eldigitaldeasturias.com\/magazine365\/extremadura-centrara-su-propuesta-de-fitur-2016-en-la-gastronomia-la-cultura-y-la-naturaleza-regional\/#listItem","position":3,"name":"Extremadura centrar\u00e1 su propuesta de Fitur 2016 en la gastronom\u00eda, la cultura y la naturaleza regional","previousItem":{"@type":"ListItem","@id":"https:\/\/eldigitaldeasturias.com\/magazine365\/category\/noticias-actualidad\/#listItem","name":"Noticias y Actualidad"}}]},{"@type":"Organization","@id":"https:\/\/eldigitaldeasturias.com\/magazine365\/#organization","name":"El digital de Asturias","description":"Revista de ocio, turismo y estilo de vida","url":"https:\/\/eldigitaldeasturias.com\/magazine365\/","logo":{"@type":"ImageObject","url":"https:\/\/www.eldigitaldeasturias.com\/noticias\/wp-content\/uploads\/2020\/12\/EDA.jpg","@id":"https:\/\/eldigitaldeasturias.com\/magazine365\/extremadura-centrara-su-propuesta-de-fitur-2016-en-la-gastronomia-la-cultura-y-la-naturaleza-regional\/#organizationLogo"},"image":{"@id":"https:\/\/eldigitaldeasturias.com\/magazine365\/extremadura-centrara-su-propuesta-de-fitur-2016-en-la-gastronomia-la-cultura-y-la-naturaleza-regional\/#organizationLogo"}},{"@type":"Person","@id":"https:\/\/eldigitaldeasturias.com\/magazine365\/author\/admin\/#author","url":"https:\/\/eldigitaldeasturias.com\/magazine365\/author\/admin\/","name":"admin","image":{"@type":"ImageObject","@id":"https:\/\/eldigitaldeasturias.com\/magazine365\/extremadura-centrara-su-propuesta-de-fitur-2016-en-la-gastronomia-la-cultura-y-la-naturaleza-regional\/#authorImage","url":"https:\/\/eldigitaldeasturias.com\/magazine365\/wp-content\/litespeed\/avatar\/e571bcf59a0edd6fa6838245a470f2fe.jpg?ver=1777574230","width":96,"height":96,"caption":"admin"}},{"@type":"WebPage","@id":"https:\/\/eldigitaldeasturias.com\/magazine365\/extremadura-centrara-su-propuesta-de-fitur-2016-en-la-gastronomia-la-cultura-y-la-naturaleza-regional\/#webpage","url":"https:\/\/eldigitaldeasturias.com\/magazine365\/extremadura-centrara-su-propuesta-de-fitur-2016-en-la-gastronomia-la-cultura-y-la-naturaleza-regional\/","name":"Extremadura centrar\u00e1 su propuesta de Fitur 2016 en la gastronom\u00eda, la cultura y la naturaleza regional | El Digital de Asturias","description":"La comunidad aut\u00f3noma de Extremadura incidir\u00e1 en la trigesimosexta Feria Internacional de Turismo de Madrid (Fitur) 2016 en la promoci\u00f3n de su gastronom\u00eda como \"eje principal\" de la regi\u00f3n, adem\u00e1s de promover la cultura y la naturaleza de la comunidad aut\u00f3noma. Extremadura ha contado con la Capitalidad Espa\u00f1ola de la Gastronom\u00eda en 2015 en C\u00e1ceres;","inLanguage":"es-ES","isPartOf":{"@id":"https:\/\/eldigitaldeasturias.com\/magazine365\/#website"},"breadcrumb":{"@id":"https:\/\/eldigitaldeasturias.com\/magazine365\/extremadura-centrara-su-propuesta-de-fitur-2016-en-la-gastronomia-la-cultura-y-la-naturaleza-regional\/#breadcrumblist"},"author":{"@id":"https:\/\/eldigitaldeasturias.com\/magazine365\/author\/admin\/#author"},"creator":{"@id":"https:\/\/eldigitaldeasturias.com\/magazine365\/author\/admin\/#author"},"image":{"@type":"ImageObject","url":"https:\/\/eldigitaldeasturias.com\/magazine365\/wp-content\/uploads\/2016\/01\/fotonoticia_20160114143011_800.jpg","@id":"https:\/\/eldigitaldeasturias.com\/magazine365\/extremadura-centrara-su-propuesta-de-fitur-2016-en-la-gastronomia-la-cultura-y-la-naturaleza-regional\/#mainImage","width":800,"height":600},"primaryImageOfPage":{"@id":"https:\/\/eldigitaldeasturias.com\/magazine365\/extremadura-centrara-su-propuesta-de-fitur-2016-en-la-gastronomia-la-cultura-y-la-naturaleza-regional\/#mainImage"},"datePublished":"2016-01-14T20:27:18+01:00","dateModified":"2016-01-14T20:27:18+01:00"},{"@type":"WebSite","@id":"https:\/\/eldigitaldeasturias.com\/magazine365\/#website","url":"https:\/\/eldigitaldeasturias.com\/magazine365\/","name":"El Digital de Asturias","description":"Revista de ocio, turismo y estilo de vida","inLanguage":"es-ES","publisher":{"@id":"https:\/\/eldigitaldeasturias.com\/magazine365\/#organization"}}]},"og:locale":"es_ES","og:site_name":"El Digital de Asturias \u2013 Revista de ocio, turismo y estilo de vida","og:type":"article","og:title":"Extremadura centrar\u00e1 su propuesta de Fitur 2016 en la gastronom\u00eda, la cultura y la naturaleza regional | El Digital de Asturias","og:description":"La comunidad aut\u00f3noma de Extremadura incidir\u00e1 en la trigesimosexta Feria Internacional de Turismo de Madrid (Fitur) 2016 en la promoci\u00f3n de su gastronom\u00eda como &quot;eje principal&quot; de la regi\u00f3n, adem\u00e1s de promover la cultura y la naturaleza de la comunidad aut\u00f3noma. Extremadura ha contado con la Capitalidad Espa\u00f1ola de la Gastronom\u00eda en 2015 en C\u00e1ceres;","og:url":"https:\/\/eldigitaldeasturias.com\/magazine365\/extremadura-centrara-su-propuesta-de-fitur-2016-en-la-gastronomia-la-cultura-y-la-naturaleza-regional\/","og:image":"https:\/\/eldigitaldeasturias.com\/magazine365\/wp-content\/uploads\/2016\/01\/fotonoticia_20160114143011_800.jpg","og:image:secure_url":"https:\/\/eldigitaldeasturias.com\/magazine365\/wp-content\/uploads\/2016\/01\/fotonoticia_20160114143011_800.jpg","og:image:width":800,"og:image:height":600,"article:published_time":"2016-01-14T19:27:18+00:00","article:modified_time":"2016-01-14T19:27:18+00:00","twitter:card":"summary_large_image","twitter:title":"Extremadura centrar\u00e1 su propuesta de Fitur 2016 en la gastronom\u00eda, la cultura y la naturaleza regional | El Digital de Asturias","twitter:description":"La comunidad aut\u00f3noma de Extremadura incidir\u00e1 en la trigesimosexta Feria Internacional de Turismo de Madrid (Fitur) 2016 en la promoci\u00f3n de su gastronom\u00eda como &quot;eje principal&quot; de la regi\u00f3n, adem\u00e1s de promover la cultura y la naturaleza de la comunidad aut\u00f3noma. Extremadura ha contado con la Capitalidad Espa\u00f1ola de la Gastronom\u00eda en 2015 en C\u00e1ceres;","twitter:image":"https:\/\/eldigitaldeasturias.com\/magazine365\/wp-content\/uploads\/2016\/01\/fotonoticia_20160114143011_800.jpg"},"aioseo_meta_data":{"post_id":"60650","title":null,"description":null,"keywords":null,"keyphrases":null,"primary_term":null,"canonical_url":null,"og_title":null,"og_description":null,"og_object_type":"default","og_image_type":"default","og_image_url":null,"og_image_width":null,"og_image_height":null,"og_image_custom_url":null,"og_image_custom_fields":null,"og_video":null,"og_custom_url":null,"og_article_section":null,"og_article_tags":null,"twitter_use_og":false,"twitter_card":"default","twitter_image_type":"default","twitter_image_url":null,"twitter_image_custom_url":null,"twitter_image_custom_fields":null,"twitter_title":null,"twitter_description":null,"schema":{"blockGraphs":[],"customGraphs":[],"default":{"data":{"Article":[],"Course":[],"Dataset":[],"FAQPage":[],"Movie":[],"Person":[],"Product":[],"ProductReview":[],"Car":[],"Recipe":[],"Service":[],"SoftwareApplication":[],"WebPage":[]},"graphName":"","isEnabled":true},"graphs":[],"defaultGraph":"","defaultPostTypeGraph":""},"schema_type":null,"schema_type_options":null,"pillar_content":false,"robots_default":true,"robots_noindex":false,"robots_noarchive":false,"robots_nosnippet":false,"robots_nofollow":false,"robots_noimageindex":false,"robots_noodp":false,"robots_notranslate":false,"robots_max_snippet":null,"robots_max_videopreview":null,"robots_max_imagepreview":"large","priority":null,"frequency":null,"location":null,"local_seo":null,"seo_analyzer_scan_date":"2025-09-25 07:17:30","breadcrumb_settings":null,"limit_modified_date":false,"open_ai":null,"ai":null,"created":"2021-03-08 21:57:46","updated":"2025-09-25 07:17:30"},"aioseo_breadcrumb":"<div class=\"aioseo-breadcrumbs\"><span class=\"aioseo-breadcrumb\">\n\t<a href=\"https:\/\/eldigitaldeasturias.com\/magazine365\" title=\"Home\">Home<\/a>\n<\/span><span class=\"aioseo-breadcrumb-separator\">\u2013<\/span><span class=\"aioseo-breadcrumb\">\n\t<a href=\"https:\/\/eldigitaldeasturias.com\/magazine365\/category\/noticias-actualidad\/\" title=\"Noticias y Actualidad\">Noticias y Actualidad<\/a>\n<\/span><span class=\"aioseo-breadcrumb-separator\">\u2013<\/span><span class=\"aioseo-breadcrumb\">\n\t<a href=\"https:\/\/eldigitaldeasturias.com\/magazine365\/extremadura-centrara-su-propuesta-de-fitur-2016-en-la-gastronomia-la-cultura-y-la-naturaleza-regional\/\" title=\"Extremadura centrar\u00e1 su propuesta de Fitur 2016 en la gastronom\u00eda, la cultura y la naturaleza regional\">Extremadura centrar\u00e1 su propuesta de Fitur 2016 en la gastronom\u00eda, la cultura y la naturaleza regional<\/a>\n<\/span><\/div>","aioseo_breadcrumb_json":[{"label":"Home","link":"https:\/\/eldigitaldeasturias.com\/magazine365"},{"label":"Noticias y Actualidad","link":"https:\/\/eldigitaldeasturias.com\/magazine365\/category\/noticias-actualidad\/"},{"label":"Extremadura centrar\u00e1 su propuesta de Fitur 2016 en la gastronom\u00eda, la cultura y la naturaleza regional","link":"https:\/\/eldigitaldeasturias.com\/magazine365\/extremadura-centrara-su-propuesta-de-fitur-2016-en-la-gastronomia-la-cultura-y-la-naturaleza-regional\/"}],"_links":{"self":[{"href":"https:\/\/eldigitaldeasturias.com\/magazine365\/wp-json\/wp\/v2\/posts\/60650","targetHints":{"allow":["GET"]}}],"collection":[{"href":"https:\/\/eldigitaldeasturias.com\/magazine365\/wp-json\/wp\/v2\/posts"}],"about":[{"href":"https:\/\/eldigitaldeasturias.com\/magazine365\/wp-json\/wp\/v2\/types\/post"}],"author":[{"embeddable":true,"href":"https:\/\/eldigitaldeasturias.com\/magazine365\/wp-json\/wp\/v2\/users\/1"}],"replies":[{"embeddable":true,"href":"https:\/\/eldigitaldeasturias.com\/magazine365\/wp-json\/wp\/v2\/comments?post=60650"}],"version-history":[{"count":0,"href":"https:\/\/eldigitaldeasturias.com\/magazine365\/wp-json\/wp\/v2\/posts\/60650\/revisions"}],"wp:featuredmedia":[{"embeddable":true,"href":"https:\/\/eldigitaldeasturias.com\/magazine365\/wp-json\/wp\/v2\/media\/60651"}],"wp:attachment":[{"href":"https:\/\/eldigitaldeasturias.com\/magazine365\/wp-json\/wp\/v2\/media?parent=60650"}],"wp:term":[{"taxonomy":"category","embeddable":true,"href":"https:\/\/eldigitaldeasturias.com\/magazine365\/wp-json\/wp\/v2\/categories?post=60650"},{"taxonomy":"post_tag","embeddable":true,"href":"https:\/\/eldigitaldeasturias.com\/magazine365\/wp-json\/wp\/v2\/tags?post=60650"}],"curies":[{"name":"wp","href":"https:\/\/api.w.org\/{rel}","templated":true}]}}