{"id":60647,"date":"2016-01-14T20:24:06","date_gmt":"2016-01-14T19:24:06","guid":{"rendered":"http:\/\/eldigitaldeasturias.com\/magazine365\/?p=60647"},"modified":"2016-01-14T20:24:06","modified_gmt":"2016-01-14T19:24:06","slug":"lucas-torres-dice-que-la-vuelta-de-la-diputacion-de-ciudad-real-a-fitur-confirma-el-sectarismo-anterior","status":"publish","type":"post","link":"https:\/\/eldigitaldeasturias.com\/magazine365\/lucas-torres-dice-que-la-vuelta-de-la-diputacion-de-ciudad-real-a-fitur-confirma-el-sectarismo-anterior\/","title":{"rendered":"Lucas-Torres dice que la vuelta de la Diputaci\u00f3n de Ciudad Real a Fitur confirma el \u00absectarismo\u00bb anterior"},"content":{"rendered":"<p><img fetchpriority=\"high\" decoding=\"async\" class=\"alignleft size-medium wp-image-60648\" src=\"https:\/\/eldigitaldeasturias.com\/magazine365\/wp-content\/uploads\/2016\/01\/fotonoticia_20160114142948_800-360x270.jpg\" alt=\"fotonoticia_20160114142948_800\" width=\"360\" height=\"270\" srcset=\"https:\/\/eldigitaldeasturias.com\/magazine365\/wp-content\/uploads\/2016\/01\/fotonoticia_20160114142948_800-360x270.jpg 360w, https:\/\/eldigitaldeasturias.com\/magazine365\/wp-content\/uploads\/2016\/01\/fotonoticia_20160114142948_800-650x488.jpg 650w, https:\/\/eldigitaldeasturias.com\/magazine365\/wp-content\/uploads\/2016\/01\/fotonoticia_20160114142948_800-768x576.jpg 768w, https:\/\/eldigitaldeasturias.com\/magazine365\/wp-content\/uploads\/2016\/01\/fotonoticia_20160114142948_800-150x113.jpg 150w, https:\/\/eldigitaldeasturias.com\/magazine365\/wp-content\/uploads\/2016\/01\/fotonoticia_20160114142948_800-450x338.jpg 450w, https:\/\/eldigitaldeasturias.com\/magazine365\/wp-content\/uploads\/2016\/01\/fotonoticia_20160114142948_800-80x60.jpg 80w, https:\/\/eldigitaldeasturias.com\/magazine365\/wp-content\/uploads\/2016\/01\/fotonoticia_20160114142948_800-265x198.jpg 265w, https:\/\/eldigitaldeasturias.com\/magazine365\/wp-content\/uploads\/2016\/01\/fotonoticia_20160114142948_800-696x522.jpg 696w, https:\/\/eldigitaldeasturias.com\/magazine365\/wp-content\/uploads\/2016\/01\/fotonoticia_20160114142948_800-560x420.jpg 560w, https:\/\/eldigitaldeasturias.com\/magazine365\/wp-content\/uploads\/2016\/01\/fotonoticia_20160114142948_800-90x67.jpg 90w, https:\/\/eldigitaldeasturias.com\/magazine365\/wp-content\/uploads\/2016\/01\/fotonoticia_20160114142948_800-164x124.jpg 164w, https:\/\/eldigitaldeasturias.com\/magazine365\/wp-content\/uploads\/2016\/01\/fotonoticia_20160114142948_800-100x75.jpg 100w, https:\/\/eldigitaldeasturias.com\/magazine365\/wp-content\/uploads\/2016\/01\/fotonoticia_20160114142948_800.jpg 800w\" sizes=\"(max-width: 360px) 100vw, 360px\" \/>El portavoz del PP en la Diputaci\u00f3n de Ciudad Real, Antonio Lucas-Torres, ha criticado este jueves el hecho de que la Corporaci\u00f3n que ahora preside el socialista Jos\u00e9 Manuel Caballero haya decidido participar en la pr\u00f3xima edici\u00f3n de Fitur en el expositor del Gobierno regional, cuando la instituci\u00f3n ha estado ausente de esta feria durante los cuatro a\u00f1os de Gobierno de Mar\u00eda Dolores de Cospedal, algo que, a su juicio, confirma que fue una \u00abdecisi\u00f3n sectaria\u00bb.<\/p>\n<p>Lucas-Torres, en rueda de prensa, ha recordado que, para justificar la ausencia, el anterior presidente de la Diputaci\u00f3n, Nemesio de Lara, minusvalor\u00f3 la importancia de la muestra y lleg\u00f3 a decir que s\u00f3lo interesaba en lo que afectaba a Ciudad Real a la gente de la provincia y a los periodistas \u00ablocales o provincianos\u00bb.<\/p>\n<p>Para Lucas-Torres, la decisi\u00f3n del anterior equipo de Gobierno de la Diputaci\u00f3n solo respond\u00eda al \u00absectarismo\u00bb pol\u00edtico por el hecho de que la Junta de Comunidades estuviera gobernada por el PP.<\/p>\n<p>Ahora, en la interpretaci\u00f3n de Lucas-Torres, la presencia de la Diputaci\u00f3n en el pabell\u00f3n de la Junta responde a que el actual equipo de Gobierno provincial \u00abse ha puesto al servicio\u00bb del Gobierno regional, como se demuestra en este caso o con el hecho de que se haya sumado al plan de empleo regional en lugar de aplicar un plan de empleo propio, como ha venido ocurriendo en los \u00faltimos a\u00f1os.<\/p>\n<p>Lucas-Torres ha dicho que, frente a ello, a su juicio, se est\u00e1 abandonado a los ayuntamientos, que son los verdaderos destinatarios de las pol\u00edticas de la Diputaci\u00f3n.<\/p>\n<p>El portavoz del PP ha adelantado que, en el pr\u00f3ximo Pleno de la instituci\u00f3n, va a pedir explicaciones sobre la decisi\u00f3n, aunque ha remarcado que no est\u00e1 en contra de ir a Fitur, dada la importancia que el turismo tiene para la econom\u00eda de la regi\u00f3n y de la provincia.<\/p>\n","protected":false},"excerpt":{"rendered":"<p>El portavoz del PP en la Diputaci\u00f3n de Ciudad Real, Antonio Lucas-Torres, ha criticado este jueves el hecho de que la Corporaci\u00f3n que ahora preside el socialista Jos\u00e9 Manuel Caballero haya decidido participar en la pr\u00f3xima edici\u00f3n de Fitur en el expositor del Gobierno regional, cuando la instituci\u00f3n ha estado ausente de esta feria durante<\/p>\n","protected":false},"author":1,"featured_media":60648,"comment_status":"open","ping_status":"closed","sticky":false,"template":"","format":"standard","meta":{"footnotes":""},"categories":[224],"tags":[],"class_list":{"0":"post-60647","1":"post","2":"type-post","3":"status-publish","4":"format-standard","5":"has-post-thumbnail","7":"category-noticias-actualidad"},"aioseo_notices":[],"aioseo_head":"\n\t\t<!-- All in One SEO Pro 4.9.6.1 - aioseo.com -->\n\t<meta name=\"description\" content=\"El portavoz del PP en la Diputaci\u00f3n de Ciudad Real, Antonio Lucas-Torres, ha criticado este jueves el hecho de que la Corporaci\u00f3n que ahora preside el socialista Jos\u00e9 Manuel Caballero haya decidido participar en la pr\u00f3xima edici\u00f3n de Fitur en el expositor del Gobierno regional, cuando la instituci\u00f3n ha estado ausente de esta feria durante\" \/>\n\t<meta name=\"robots\" content=\"max-image-preview:large\" \/>\n\t<meta name=\"author\" content=\"admin\"\/>\n\t<meta name=\"google-site-verification\" content=\"UA-38556648-1\" \/>\n\t<meta name=\"keywords\" content=\"noticias y actualidad\" \/>\n\t<link rel=\"canonical\" href=\"https:\/\/eldigitaldeasturias.com\/magazine365\/lucas-torres-dice-que-la-vuelta-de-la-diputacion-de-ciudad-real-a-fitur-confirma-el-sectarismo-anterior\/\" \/>\n\t<meta name=\"generator\" content=\"All in One SEO Pro (AIOSEO) 4.9.6.1\" \/>\n\t\t<meta property=\"og:locale\" content=\"es_ES\" \/>\n\t\t<meta property=\"og:site_name\" content=\"El Digital de Asturias \u2013 Revista de ocio, turismo y estilo de vida\" \/>\n\t\t<meta property=\"og:type\" content=\"article\" \/>\n\t\t<meta property=\"og:title\" content=\"Lucas-Torres dice que la vuelta de la Diputaci\u00f3n de Ciudad Real a Fitur confirma el \u00absectarismo\u00bb anterior | El Digital de Asturias\" \/>\n\t\t<meta property=\"og:description\" content=\"El portavoz del PP en la Diputaci\u00f3n de Ciudad Real, Antonio Lucas-Torres, ha criticado este jueves el hecho de que la Corporaci\u00f3n que ahora preside el socialista Jos\u00e9 Manuel Caballero haya decidido participar en la pr\u00f3xima edici\u00f3n de Fitur en el expositor del Gobierno regional, cuando la instituci\u00f3n ha estado ausente de esta feria durante\" \/>\n\t\t<meta property=\"og:url\" content=\"https:\/\/eldigitaldeasturias.com\/magazine365\/lucas-torres-dice-que-la-vuelta-de-la-diputacion-de-ciudad-real-a-fitur-confirma-el-sectarismo-anterior\/\" \/>\n\t\t<meta property=\"og:image\" content=\"https:\/\/eldigitaldeasturias.com\/magazine365\/wp-content\/uploads\/2016\/01\/fotonoticia_20160114142948_800.jpg\" \/>\n\t\t<meta property=\"og:image:secure_url\" content=\"https:\/\/eldigitaldeasturias.com\/magazine365\/wp-content\/uploads\/2016\/01\/fotonoticia_20160114142948_800.jpg\" \/>\n\t\t<meta property=\"og:image:width\" content=\"800\" \/>\n\t\t<meta property=\"og:image:height\" content=\"600\" \/>\n\t\t<meta property=\"article:published_time\" content=\"2016-01-14T19:24:06+00:00\" \/>\n\t\t<meta property=\"article:modified_time\" content=\"2016-01-14T19:24:06+00:00\" \/>\n\t\t<meta name=\"twitter:card\" content=\"summary_large_image\" \/>\n\t\t<meta name=\"twitter:title\" content=\"Lucas-Torres dice que la vuelta de la Diputaci\u00f3n de Ciudad Real a Fitur confirma el \u00absectarismo\u00bb anterior | El Digital de Asturias\" \/>\n\t\t<meta name=\"twitter:description\" content=\"El portavoz del PP en la Diputaci\u00f3n de Ciudad Real, Antonio Lucas-Torres, ha criticado este jueves el hecho de que la Corporaci\u00f3n que ahora preside el socialista Jos\u00e9 Manuel Caballero haya decidido participar en la pr\u00f3xima edici\u00f3n de Fitur en el expositor del Gobierno regional, cuando la instituci\u00f3n ha estado ausente de esta feria durante\" \/>\n\t\t<meta name=\"twitter:image\" content=\"https:\/\/eldigitaldeasturias.com\/magazine365\/wp-content\/uploads\/2016\/01\/fotonoticia_20160114142948_800.jpg\" \/>\n\t\t<script type=\"application\/ld+json\" class=\"aioseo-schema\">\n\t\t\t{\"@context\":\"https:\\\/\\\/schema.org\",\"@graph\":[{\"@type\":\"Article\",\"@id\":\"https:\\\/\\\/eldigitaldeasturias.com\\\/magazine365\\\/lucas-torres-dice-que-la-vuelta-de-la-diputacion-de-ciudad-real-a-fitur-confirma-el-sectarismo-anterior\\\/#article\",\"name\":\"Lucas-Torres dice que la vuelta de la Diputaci\\u00f3n de Ciudad Real a Fitur confirma el \\u00absectarismo\\u00bb anterior | El Digital de Asturias\",\"headline\":\"Lucas-Torres dice que la vuelta de la Diputaci\\u00f3n de Ciudad Real a Fitur confirma el \\u00absectarismo\\u00bb anterior\",\"author\":{\"@id\":\"https:\\\/\\\/eldigitaldeasturias.com\\\/magazine365\\\/author\\\/admin\\\/#author\"},\"publisher\":{\"@id\":\"https:\\\/\\\/eldigitaldeasturias.com\\\/magazine365\\\/#organization\"},\"image\":{\"@type\":\"ImageObject\",\"url\":\"https:\\\/\\\/eldigitaldeasturias.com\\\/magazine365\\\/wp-content\\\/uploads\\\/2016\\\/01\\\/fotonoticia_20160114142948_800.jpg\",\"width\":800,\"height\":600},\"datePublished\":\"2016-01-14T20:24:06+01:00\",\"dateModified\":\"2016-01-14T20:24:06+01:00\",\"inLanguage\":\"es-ES\",\"mainEntityOfPage\":{\"@id\":\"https:\\\/\\\/eldigitaldeasturias.com\\\/magazine365\\\/lucas-torres-dice-que-la-vuelta-de-la-diputacion-de-ciudad-real-a-fitur-confirma-el-sectarismo-anterior\\\/#webpage\"},\"isPartOf\":{\"@id\":\"https:\\\/\\\/eldigitaldeasturias.com\\\/magazine365\\\/lucas-torres-dice-que-la-vuelta-de-la-diputacion-de-ciudad-real-a-fitur-confirma-el-sectarismo-anterior\\\/#webpage\"},\"articleSection\":\"Noticias y Actualidad\"},{\"@type\":\"BreadcrumbList\",\"@id\":\"https:\\\/\\\/eldigitaldeasturias.com\\\/magazine365\\\/lucas-torres-dice-que-la-vuelta-de-la-diputacion-de-ciudad-real-a-fitur-confirma-el-sectarismo-anterior\\\/#breadcrumblist\",\"itemListElement\":[{\"@type\":\"ListItem\",\"@id\":\"https:\\\/\\\/eldigitaldeasturias.com\\\/magazine365#listItem\",\"position\":1,\"name\":\"Home\",\"item\":\"https:\\\/\\\/eldigitaldeasturias.com\\\/magazine365\",\"nextItem\":{\"@type\":\"ListItem\",\"@id\":\"https:\\\/\\\/eldigitaldeasturias.com\\\/magazine365\\\/category\\\/noticias-actualidad\\\/#listItem\",\"name\":\"Noticias y Actualidad\"}},{\"@type\":\"ListItem\",\"@id\":\"https:\\\/\\\/eldigitaldeasturias.com\\\/magazine365\\\/category\\\/noticias-actualidad\\\/#listItem\",\"position\":2,\"name\":\"Noticias y Actualidad\",\"item\":\"https:\\\/\\\/eldigitaldeasturias.com\\\/magazine365\\\/category\\\/noticias-actualidad\\\/\",\"nextItem\":{\"@type\":\"ListItem\",\"@id\":\"https:\\\/\\\/eldigitaldeasturias.com\\\/magazine365\\\/lucas-torres-dice-que-la-vuelta-de-la-diputacion-de-ciudad-real-a-fitur-confirma-el-sectarismo-anterior\\\/#listItem\",\"name\":\"Lucas-Torres dice que la vuelta de la Diputaci\\u00f3n de Ciudad Real a Fitur confirma el \\u00absectarismo\\u00bb anterior\"},\"previousItem\":{\"@type\":\"ListItem\",\"@id\":\"https:\\\/\\\/eldigitaldeasturias.com\\\/magazine365#listItem\",\"name\":\"Home\"}},{\"@type\":\"ListItem\",\"@id\":\"https:\\\/\\\/eldigitaldeasturias.com\\\/magazine365\\\/lucas-torres-dice-que-la-vuelta-de-la-diputacion-de-ciudad-real-a-fitur-confirma-el-sectarismo-anterior\\\/#listItem\",\"position\":3,\"name\":\"Lucas-Torres dice que la vuelta de la Diputaci\\u00f3n de Ciudad Real a Fitur confirma el \\u00absectarismo\\u00bb anterior\",\"previousItem\":{\"@type\":\"ListItem\",\"@id\":\"https:\\\/\\\/eldigitaldeasturias.com\\\/magazine365\\\/category\\\/noticias-actualidad\\\/#listItem\",\"name\":\"Noticias y Actualidad\"}}]},{\"@type\":\"Organization\",\"@id\":\"https:\\\/\\\/eldigitaldeasturias.com\\\/magazine365\\\/#organization\",\"name\":\"El digital de Asturias\",\"description\":\"Revista de ocio, turismo y estilo de vida\",\"url\":\"https:\\\/\\\/eldigitaldeasturias.com\\\/magazine365\\\/\",\"logo\":{\"@type\":\"ImageObject\",\"url\":\"https:\\\/\\\/www.eldigitaldeasturias.com\\\/noticias\\\/wp-content\\\/uploads\\\/2020\\\/12\\\/EDA.jpg\",\"@id\":\"https:\\\/\\\/eldigitaldeasturias.com\\\/magazine365\\\/lucas-torres-dice-que-la-vuelta-de-la-diputacion-de-ciudad-real-a-fitur-confirma-el-sectarismo-anterior\\\/#organizationLogo\"},\"image\":{\"@id\":\"https:\\\/\\\/eldigitaldeasturias.com\\\/magazine365\\\/lucas-torres-dice-que-la-vuelta-de-la-diputacion-de-ciudad-real-a-fitur-confirma-el-sectarismo-anterior\\\/#organizationLogo\"}},{\"@type\":\"Person\",\"@id\":\"https:\\\/\\\/eldigitaldeasturias.com\\\/magazine365\\\/author\\\/admin\\\/#author\",\"url\":\"https:\\\/\\\/eldigitaldeasturias.com\\\/magazine365\\\/author\\\/admin\\\/\",\"name\":\"admin\",\"image\":{\"@type\":\"ImageObject\",\"@id\":\"https:\\\/\\\/eldigitaldeasturias.com\\\/magazine365\\\/lucas-torres-dice-que-la-vuelta-de-la-diputacion-de-ciudad-real-a-fitur-confirma-el-sectarismo-anterior\\\/#authorImage\",\"url\":\"https:\\\/\\\/eldigitaldeasturias.com\\\/magazine365\\\/wp-content\\\/litespeed\\\/avatar\\\/e571bcf59a0edd6fa6838245a470f2fe.jpg?ver=1777574230\",\"width\":96,\"height\":96,\"caption\":\"admin\"}},{\"@type\":\"WebPage\",\"@id\":\"https:\\\/\\\/eldigitaldeasturias.com\\\/magazine365\\\/lucas-torres-dice-que-la-vuelta-de-la-diputacion-de-ciudad-real-a-fitur-confirma-el-sectarismo-anterior\\\/#webpage\",\"url\":\"https:\\\/\\\/eldigitaldeasturias.com\\\/magazine365\\\/lucas-torres-dice-que-la-vuelta-de-la-diputacion-de-ciudad-real-a-fitur-confirma-el-sectarismo-anterior\\\/\",\"name\":\"Lucas-Torres dice que la vuelta de la Diputaci\\u00f3n de Ciudad Real a Fitur confirma el \\u00absectarismo\\u00bb anterior | El Digital de Asturias\",\"description\":\"El portavoz del PP en la Diputaci\\u00f3n de Ciudad Real, Antonio Lucas-Torres, ha criticado este jueves el hecho de que la Corporaci\\u00f3n que ahora preside el socialista Jos\\u00e9 Manuel Caballero haya decidido participar en la pr\\u00f3xima edici\\u00f3n de Fitur en el expositor del Gobierno regional, cuando la instituci\\u00f3n ha estado ausente de esta feria durante\",\"inLanguage\":\"es-ES\",\"isPartOf\":{\"@id\":\"https:\\\/\\\/eldigitaldeasturias.com\\\/magazine365\\\/#website\"},\"breadcrumb\":{\"@id\":\"https:\\\/\\\/eldigitaldeasturias.com\\\/magazine365\\\/lucas-torres-dice-que-la-vuelta-de-la-diputacion-de-ciudad-real-a-fitur-confirma-el-sectarismo-anterior\\\/#breadcrumblist\"},\"author\":{\"@id\":\"https:\\\/\\\/eldigitaldeasturias.com\\\/magazine365\\\/author\\\/admin\\\/#author\"},\"creator\":{\"@id\":\"https:\\\/\\\/eldigitaldeasturias.com\\\/magazine365\\\/author\\\/admin\\\/#author\"},\"image\":{\"@type\":\"ImageObject\",\"url\":\"https:\\\/\\\/eldigitaldeasturias.com\\\/magazine365\\\/wp-content\\\/uploads\\\/2016\\\/01\\\/fotonoticia_20160114142948_800.jpg\",\"@id\":\"https:\\\/\\\/eldigitaldeasturias.com\\\/magazine365\\\/lucas-torres-dice-que-la-vuelta-de-la-diputacion-de-ciudad-real-a-fitur-confirma-el-sectarismo-anterior\\\/#mainImage\",\"width\":800,\"height\":600},\"primaryImageOfPage\":{\"@id\":\"https:\\\/\\\/eldigitaldeasturias.com\\\/magazine365\\\/lucas-torres-dice-que-la-vuelta-de-la-diputacion-de-ciudad-real-a-fitur-confirma-el-sectarismo-anterior\\\/#mainImage\"},\"datePublished\":\"2016-01-14T20:24:06+01:00\",\"dateModified\":\"2016-01-14T20:24:06+01:00\"},{\"@type\":\"WebSite\",\"@id\":\"https:\\\/\\\/eldigitaldeasturias.com\\\/magazine365\\\/#website\",\"url\":\"https:\\\/\\\/eldigitaldeasturias.com\\\/magazine365\\\/\",\"name\":\"El Digital de Asturias\",\"description\":\"Revista de ocio, turismo y estilo de vida\",\"inLanguage\":\"es-ES\",\"publisher\":{\"@id\":\"https:\\\/\\\/eldigitaldeasturias.com\\\/magazine365\\\/#organization\"}}]}\n\t\t<\/script>\n\t\t<!-- All in One SEO Pro -->\r\n\t\t<title>Lucas-Torres dice que la vuelta de la Diputaci\u00f3n de Ciudad Real a Fitur confirma el \u00absectarismo\u00bb anterior | El Digital de Asturias<\/title>\n\n","aioseo_head_json":{"title":"Lucas-Torres dice que la vuelta de la Diputaci\u00f3n de Ciudad Real a Fitur confirma el \u00absectarismo\u00bb anterior | El Digital de Asturias","description":"El portavoz del PP en la Diputaci\u00f3n de Ciudad Real, Antonio Lucas-Torres, ha criticado este jueves el hecho de que la Corporaci\u00f3n que ahora preside el socialista Jos\u00e9 Manuel Caballero haya decidido participar en la pr\u00f3xima edici\u00f3n de Fitur en el expositor del Gobierno regional, cuando la instituci\u00f3n ha estado ausente de esta feria durante","canonical_url":"https:\/\/eldigitaldeasturias.com\/magazine365\/lucas-torres-dice-que-la-vuelta-de-la-diputacion-de-ciudad-real-a-fitur-confirma-el-sectarismo-anterior\/","robots":"max-image-preview:large","keywords":"noticias y actualidad","webmasterTools":{"google-site-verification":"UA-38556648-1","miscellaneous":""},"schema":{"@context":"https:\/\/schema.org","@graph":[{"@type":"Article","@id":"https:\/\/eldigitaldeasturias.com\/magazine365\/lucas-torres-dice-que-la-vuelta-de-la-diputacion-de-ciudad-real-a-fitur-confirma-el-sectarismo-anterior\/#article","name":"Lucas-Torres dice que la vuelta de la Diputaci\u00f3n de Ciudad Real a Fitur confirma el \u00absectarismo\u00bb anterior | El Digital de Asturias","headline":"Lucas-Torres dice que la vuelta de la Diputaci\u00f3n de Ciudad Real a Fitur confirma el \u00absectarismo\u00bb anterior","author":{"@id":"https:\/\/eldigitaldeasturias.com\/magazine365\/author\/admin\/#author"},"publisher":{"@id":"https:\/\/eldigitaldeasturias.com\/magazine365\/#organization"},"image":{"@type":"ImageObject","url":"https:\/\/eldigitaldeasturias.com\/magazine365\/wp-content\/uploads\/2016\/01\/fotonoticia_20160114142948_800.jpg","width":800,"height":600},"datePublished":"2016-01-14T20:24:06+01:00","dateModified":"2016-01-14T20:24:06+01:00","inLanguage":"es-ES","mainEntityOfPage":{"@id":"https:\/\/eldigitaldeasturias.com\/magazine365\/lucas-torres-dice-que-la-vuelta-de-la-diputacion-de-ciudad-real-a-fitur-confirma-el-sectarismo-anterior\/#webpage"},"isPartOf":{"@id":"https:\/\/eldigitaldeasturias.com\/magazine365\/lucas-torres-dice-que-la-vuelta-de-la-diputacion-de-ciudad-real-a-fitur-confirma-el-sectarismo-anterior\/#webpage"},"articleSection":"Noticias y Actualidad"},{"@type":"BreadcrumbList","@id":"https:\/\/eldigitaldeasturias.com\/magazine365\/lucas-torres-dice-que-la-vuelta-de-la-diputacion-de-ciudad-real-a-fitur-confirma-el-sectarismo-anterior\/#breadcrumblist","itemListElement":[{"@type":"ListItem","@id":"https:\/\/eldigitaldeasturias.com\/magazine365#listItem","position":1,"name":"Home","item":"https:\/\/eldigitaldeasturias.com\/magazine365","nextItem":{"@type":"ListItem","@id":"https:\/\/eldigitaldeasturias.com\/magazine365\/category\/noticias-actualidad\/#listItem","name":"Noticias y Actualidad"}},{"@type":"ListItem","@id":"https:\/\/eldigitaldeasturias.com\/magazine365\/category\/noticias-actualidad\/#listItem","position":2,"name":"Noticias y Actualidad","item":"https:\/\/eldigitaldeasturias.com\/magazine365\/category\/noticias-actualidad\/","nextItem":{"@type":"ListItem","@id":"https:\/\/eldigitaldeasturias.com\/magazine365\/lucas-torres-dice-que-la-vuelta-de-la-diputacion-de-ciudad-real-a-fitur-confirma-el-sectarismo-anterior\/#listItem","name":"Lucas-Torres dice que la vuelta de la Diputaci\u00f3n de Ciudad Real a Fitur confirma el \u00absectarismo\u00bb anterior"},"previousItem":{"@type":"ListItem","@id":"https:\/\/eldigitaldeasturias.com\/magazine365#listItem","name":"Home"}},{"@type":"ListItem","@id":"https:\/\/eldigitaldeasturias.com\/magazine365\/lucas-torres-dice-que-la-vuelta-de-la-diputacion-de-ciudad-real-a-fitur-confirma-el-sectarismo-anterior\/#listItem","position":3,"name":"Lucas-Torres dice que la vuelta de la Diputaci\u00f3n de Ciudad Real a Fitur confirma el \u00absectarismo\u00bb anterior","previousItem":{"@type":"ListItem","@id":"https:\/\/eldigitaldeasturias.com\/magazine365\/category\/noticias-actualidad\/#listItem","name":"Noticias y Actualidad"}}]},{"@type":"Organization","@id":"https:\/\/eldigitaldeasturias.com\/magazine365\/#organization","name":"El digital de Asturias","description":"Revista de ocio, turismo y estilo de vida","url":"https:\/\/eldigitaldeasturias.com\/magazine365\/","logo":{"@type":"ImageObject","url":"https:\/\/www.eldigitaldeasturias.com\/noticias\/wp-content\/uploads\/2020\/12\/EDA.jpg","@id":"https:\/\/eldigitaldeasturias.com\/magazine365\/lucas-torres-dice-que-la-vuelta-de-la-diputacion-de-ciudad-real-a-fitur-confirma-el-sectarismo-anterior\/#organizationLogo"},"image":{"@id":"https:\/\/eldigitaldeasturias.com\/magazine365\/lucas-torres-dice-que-la-vuelta-de-la-diputacion-de-ciudad-real-a-fitur-confirma-el-sectarismo-anterior\/#organizationLogo"}},{"@type":"Person","@id":"https:\/\/eldigitaldeasturias.com\/magazine365\/author\/admin\/#author","url":"https:\/\/eldigitaldeasturias.com\/magazine365\/author\/admin\/","name":"admin","image":{"@type":"ImageObject","@id":"https:\/\/eldigitaldeasturias.com\/magazine365\/lucas-torres-dice-que-la-vuelta-de-la-diputacion-de-ciudad-real-a-fitur-confirma-el-sectarismo-anterior\/#authorImage","url":"https:\/\/eldigitaldeasturias.com\/magazine365\/wp-content\/litespeed\/avatar\/e571bcf59a0edd6fa6838245a470f2fe.jpg?ver=1777574230","width":96,"height":96,"caption":"admin"}},{"@type":"WebPage","@id":"https:\/\/eldigitaldeasturias.com\/magazine365\/lucas-torres-dice-que-la-vuelta-de-la-diputacion-de-ciudad-real-a-fitur-confirma-el-sectarismo-anterior\/#webpage","url":"https:\/\/eldigitaldeasturias.com\/magazine365\/lucas-torres-dice-que-la-vuelta-de-la-diputacion-de-ciudad-real-a-fitur-confirma-el-sectarismo-anterior\/","name":"Lucas-Torres dice que la vuelta de la Diputaci\u00f3n de Ciudad Real a Fitur confirma el \u00absectarismo\u00bb anterior | El Digital de Asturias","description":"El portavoz del PP en la Diputaci\u00f3n de Ciudad Real, Antonio Lucas-Torres, ha criticado este jueves el hecho de que la Corporaci\u00f3n que ahora preside el socialista Jos\u00e9 Manuel Caballero haya decidido participar en la pr\u00f3xima edici\u00f3n de Fitur en el expositor del Gobierno regional, cuando la instituci\u00f3n ha estado ausente de esta feria durante","inLanguage":"es-ES","isPartOf":{"@id":"https:\/\/eldigitaldeasturias.com\/magazine365\/#website"},"breadcrumb":{"@id":"https:\/\/eldigitaldeasturias.com\/magazine365\/lucas-torres-dice-que-la-vuelta-de-la-diputacion-de-ciudad-real-a-fitur-confirma-el-sectarismo-anterior\/#breadcrumblist"},"author":{"@id":"https:\/\/eldigitaldeasturias.com\/magazine365\/author\/admin\/#author"},"creator":{"@id":"https:\/\/eldigitaldeasturias.com\/magazine365\/author\/admin\/#author"},"image":{"@type":"ImageObject","url":"https:\/\/eldigitaldeasturias.com\/magazine365\/wp-content\/uploads\/2016\/01\/fotonoticia_20160114142948_800.jpg","@id":"https:\/\/eldigitaldeasturias.com\/magazine365\/lucas-torres-dice-que-la-vuelta-de-la-diputacion-de-ciudad-real-a-fitur-confirma-el-sectarismo-anterior\/#mainImage","width":800,"height":600},"primaryImageOfPage":{"@id":"https:\/\/eldigitaldeasturias.com\/magazine365\/lucas-torres-dice-que-la-vuelta-de-la-diputacion-de-ciudad-real-a-fitur-confirma-el-sectarismo-anterior\/#mainImage"},"datePublished":"2016-01-14T20:24:06+01:00","dateModified":"2016-01-14T20:24:06+01:00"},{"@type":"WebSite","@id":"https:\/\/eldigitaldeasturias.com\/magazine365\/#website","url":"https:\/\/eldigitaldeasturias.com\/magazine365\/","name":"El Digital de Asturias","description":"Revista de ocio, turismo y estilo de vida","inLanguage":"es-ES","publisher":{"@id":"https:\/\/eldigitaldeasturias.com\/magazine365\/#organization"}}]},"og:locale":"es_ES","og:site_name":"El Digital de Asturias \u2013 Revista de ocio, turismo y estilo de vida","og:type":"article","og:title":"Lucas-Torres dice que la vuelta de la Diputaci\u00f3n de Ciudad Real a Fitur confirma el \u00absectarismo\u00bb anterior | El Digital de Asturias","og:description":"El portavoz del PP en la Diputaci\u00f3n de Ciudad Real, Antonio Lucas-Torres, ha criticado este jueves el hecho de que la Corporaci\u00f3n que ahora preside el socialista Jos\u00e9 Manuel Caballero haya decidido participar en la pr\u00f3xima edici\u00f3n de Fitur en el expositor del Gobierno regional, cuando la instituci\u00f3n ha estado ausente de esta feria durante","og:url":"https:\/\/eldigitaldeasturias.com\/magazine365\/lucas-torres-dice-que-la-vuelta-de-la-diputacion-de-ciudad-real-a-fitur-confirma-el-sectarismo-anterior\/","og:image":"https:\/\/eldigitaldeasturias.com\/magazine365\/wp-content\/uploads\/2016\/01\/fotonoticia_20160114142948_800.jpg","og:image:secure_url":"https:\/\/eldigitaldeasturias.com\/magazine365\/wp-content\/uploads\/2016\/01\/fotonoticia_20160114142948_800.jpg","og:image:width":800,"og:image:height":600,"article:published_time":"2016-01-14T19:24:06+00:00","article:modified_time":"2016-01-14T19:24:06+00:00","twitter:card":"summary_large_image","twitter:title":"Lucas-Torres dice que la vuelta de la Diputaci\u00f3n de Ciudad Real a Fitur confirma el \u00absectarismo\u00bb anterior | El Digital de Asturias","twitter:description":"El portavoz del PP en la Diputaci\u00f3n de Ciudad Real, Antonio Lucas-Torres, ha criticado este jueves el hecho de que la Corporaci\u00f3n que ahora preside el socialista Jos\u00e9 Manuel Caballero haya decidido participar en la pr\u00f3xima edici\u00f3n de Fitur en el expositor del Gobierno regional, cuando la instituci\u00f3n ha estado ausente de esta feria durante","twitter:image":"https:\/\/eldigitaldeasturias.com\/magazine365\/wp-content\/uploads\/2016\/01\/fotonoticia_20160114142948_800.jpg"},"aioseo_meta_data":{"post_id":"60647","title":null,"description":null,"keywords":null,"keyphrases":null,"primary_term":null,"canonical_url":null,"og_title":null,"og_description":null,"og_object_type":"default","og_image_type":"default","og_image_url":null,"og_image_width":null,"og_image_height":null,"og_image_custom_url":null,"og_image_custom_fields":null,"og_video":null,"og_custom_url":null,"og_article_section":null,"og_article_tags":null,"twitter_use_og":false,"twitter_card":"default","twitter_image_type":"default","twitter_image_url":null,"twitter_image_custom_url":null,"twitter_image_custom_fields":null,"twitter_title":null,"twitter_description":null,"schema":{"blockGraphs":[],"customGraphs":[],"default":{"data":{"Article":[],"Course":[],"Dataset":[],"FAQPage":[],"Movie":[],"Person":[],"Product":[],"ProductReview":[],"Car":[],"Recipe":[],"Service":[],"SoftwareApplication":[],"WebPage":[]},"graphName":"","isEnabled":true},"graphs":[],"defaultGraph":"","defaultPostTypeGraph":""},"schema_type":null,"schema_type_options":null,"pillar_content":false,"robots_default":true,"robots_noindex":false,"robots_noarchive":false,"robots_nosnippet":false,"robots_nofollow":false,"robots_noimageindex":false,"robots_noodp":false,"robots_notranslate":false,"robots_max_snippet":null,"robots_max_videopreview":null,"robots_max_imagepreview":"large","priority":null,"frequency":null,"location":null,"local_seo":null,"seo_analyzer_scan_date":"2025-09-25 07:17:28","breadcrumb_settings":null,"limit_modified_date":false,"open_ai":null,"ai":null,"created":"2021-03-08 21:57:46","updated":"2025-09-25 07:17:28"},"aioseo_breadcrumb":"<div class=\"aioseo-breadcrumbs\"><span class=\"aioseo-breadcrumb\">\n\t<a href=\"https:\/\/eldigitaldeasturias.com\/magazine365\" title=\"Home\">Home<\/a>\n<\/span><span class=\"aioseo-breadcrumb-separator\">\u2013<\/span><span class=\"aioseo-breadcrumb\">\n\t<a href=\"https:\/\/eldigitaldeasturias.com\/magazine365\/category\/noticias-actualidad\/\" title=\"Noticias y Actualidad\">Noticias y Actualidad<\/a>\n<\/span><span class=\"aioseo-breadcrumb-separator\">\u2013<\/span><span class=\"aioseo-breadcrumb\">\n\t<a href=\"https:\/\/eldigitaldeasturias.com\/magazine365\/lucas-torres-dice-que-la-vuelta-de-la-diputacion-de-ciudad-real-a-fitur-confirma-el-sectarismo-anterior\/\" title=\"Lucas-Torres dice que la vuelta de la Diputaci\u00f3n de Ciudad Real a Fitur confirma el \u00absectarismo\u00bb anterior\">Lucas-Torres dice que la vuelta de la Diputaci\u00f3n de Ciudad Real a Fitur confirma el \u00absectarismo\u00bb anterior<\/a>\n<\/span><\/div>","aioseo_breadcrumb_json":[{"label":"Home","link":"https:\/\/eldigitaldeasturias.com\/magazine365"},{"label":"Noticias y Actualidad","link":"https:\/\/eldigitaldeasturias.com\/magazine365\/category\/noticias-actualidad\/"},{"label":"Lucas-Torres dice que la vuelta de la Diputaci\u00f3n de Ciudad Real a Fitur confirma el \u00absectarismo\u00bb anterior","link":"https:\/\/eldigitaldeasturias.com\/magazine365\/lucas-torres-dice-que-la-vuelta-de-la-diputacion-de-ciudad-real-a-fitur-confirma-el-sectarismo-anterior\/"}],"_links":{"self":[{"href":"https:\/\/eldigitaldeasturias.com\/magazine365\/wp-json\/wp\/v2\/posts\/60647","targetHints":{"allow":["GET"]}}],"collection":[{"href":"https:\/\/eldigitaldeasturias.com\/magazine365\/wp-json\/wp\/v2\/posts"}],"about":[{"href":"https:\/\/eldigitaldeasturias.com\/magazine365\/wp-json\/wp\/v2\/types\/post"}],"author":[{"embeddable":true,"href":"https:\/\/eldigitaldeasturias.com\/magazine365\/wp-json\/wp\/v2\/users\/1"}],"replies":[{"embeddable":true,"href":"https:\/\/eldigitaldeasturias.com\/magazine365\/wp-json\/wp\/v2\/comments?post=60647"}],"version-history":[{"count":0,"href":"https:\/\/eldigitaldeasturias.com\/magazine365\/wp-json\/wp\/v2\/posts\/60647\/revisions"}],"wp:featuredmedia":[{"embeddable":true,"href":"https:\/\/eldigitaldeasturias.com\/magazine365\/wp-json\/wp\/v2\/media\/60648"}],"wp:attachment":[{"href":"https:\/\/eldigitaldeasturias.com\/magazine365\/wp-json\/wp\/v2\/media?parent=60647"}],"wp:term":[{"taxonomy":"category","embeddable":true,"href":"https:\/\/eldigitaldeasturias.com\/magazine365\/wp-json\/wp\/v2\/categories?post=60647"},{"taxonomy":"post_tag","embeddable":true,"href":"https:\/\/eldigitaldeasturias.com\/magazine365\/wp-json\/wp\/v2\/tags?post=60647"}],"curies":[{"name":"wp","href":"https:\/\/api.w.org\/{rel}","templated":true}]}}