{"id":60642,"date":"2016-01-14T20:21:40","date_gmt":"2016-01-14T19:21:40","guid":{"rendered":"http:\/\/eldigitaldeasturias.com\/magazine365\/?p=60642"},"modified":"2016-01-14T20:21:40","modified_gmt":"2016-01-14T19:21:40","slug":"castilla-la-mancha-acudira-a-fitur-con-un-espacio-gastronomico-como-principal-novedad","status":"publish","type":"post","link":"https:\/\/eldigitaldeasturias.com\/magazine365\/castilla-la-mancha-acudira-a-fitur-con-un-espacio-gastronomico-como-principal-novedad\/","title":{"rendered":"Castilla-La Mancha acudir\u00e1 a Fitur con un espacio gastron\u00f3mico como principal novedad"},"content":{"rendered":"<p><img fetchpriority=\"high\" decoding=\"async\" class=\"alignleft size-medium wp-image-60643\" src=\"https:\/\/eldigitaldeasturias.com\/magazine365\/wp-content\/uploads\/2016\/01\/fotonoticia_20160114142847_800-360x234.jpg\" alt=\"fotonoticia_20160114142847_800\" width=\"360\" height=\"234\" srcset=\"https:\/\/eldigitaldeasturias.com\/magazine365\/wp-content\/uploads\/2016\/01\/fotonoticia_20160114142847_800-360x234.jpg 360w, https:\/\/eldigitaldeasturias.com\/magazine365\/wp-content\/uploads\/2016\/01\/fotonoticia_20160114142847_800-650x423.jpg 650w, https:\/\/eldigitaldeasturias.com\/magazine365\/wp-content\/uploads\/2016\/01\/fotonoticia_20160114142847_800-768x499.jpg 768w, https:\/\/eldigitaldeasturias.com\/magazine365\/wp-content\/uploads\/2016\/01\/fotonoticia_20160114142847_800-150x98.jpg 150w, https:\/\/eldigitaldeasturias.com\/magazine365\/wp-content\/uploads\/2016\/01\/fotonoticia_20160114142847_800-450x293.jpg 450w, https:\/\/eldigitaldeasturias.com\/magazine365\/wp-content\/uploads\/2016\/01\/fotonoticia_20160114142847_800-696x452.jpg 696w, https:\/\/eldigitaldeasturias.com\/magazine365\/wp-content\/uploads\/2016\/01\/fotonoticia_20160114142847_800-646x420.jpg 646w, https:\/\/eldigitaldeasturias.com\/magazine365\/wp-content\/uploads\/2016\/01\/fotonoticia_20160114142847_800-225x145.jpg 225w, https:\/\/eldigitaldeasturias.com\/magazine365\/wp-content\/uploads\/2016\/01\/fotonoticia_20160114142847_800-121x79.jpg 121w, https:\/\/eldigitaldeasturias.com\/magazine365\/wp-content\/uploads\/2016\/01\/fotonoticia_20160114142847_800-101x66.jpg 101w, https:\/\/eldigitaldeasturias.com\/magazine365\/wp-content\/uploads\/2016\/01\/fotonoticia_20160114142847_800-326x213.jpg 326w, https:\/\/eldigitaldeasturias.com\/magazine365\/wp-content\/uploads\/2016\/01\/fotonoticia_20160114142847_800.jpg 800w\" sizes=\"(max-width: 360px) 100vw, 360px\" \/>La consejera de Econom\u00eda, Empresas y Empleo, Patricia Franco, ha anunciado que Castilla-La Mancha acudir\u00e1 a la XXXV edici\u00f3n de la Feria Internacional de Turismo (Fitur) con un programa de m\u00e1s de 80 actividades y una sala gastron\u00f3mica como principal novedad, a fin de potenciar este tipo de turismo.<\/p>\n<p>En la rueda de prensa que ha ofrecido este jueves para dar detalles de la presencia de la regi\u00f3n en esta feria, la consejera ha indicado que el presupuesto del Gobierno regional previsto para la misma es de 411.000 euros, un poco m\u00e1s que el a\u00f1o anterior, y aunque ha admitido que es \u00abmodesto\u00bb se ha mostrado convencida de que servir\u00e1 para \u00abvender mejor\u00bb a Castilla-La Mancha.<\/p>\n<p>En este marco, el Ejecutivo castellano-manchego va a presentar el Plan Estrat\u00e9gico de Turismo, el programa cultural con motivo del IV Centenario de la muerte de Cervantes, la Capitalidad Gastron\u00f3mica de Toledo, el XX aniversario de la Declaraci\u00f3n de Cuenca como Ciudad Patrimonio de la Humanidad, el Centenario del nacimiento de Cela o el Museo Paleontol\u00f3gico de Cuenca.<\/p>\n<p>La consejera ha valorado la colaboraci\u00f3n \u00abestrecha\u00bb y el trabajo realizado con las cinco diputaciones, presentes todas en esta XXXV edici\u00f3n de Fitur, que arranca el pr\u00f3ximo d\u00eda 20, y que ha servido para forjar un programa \u00abambicioso\u00bb que se llevar\u00e1 a cabo en un stand de 1.000 metros cuadrados.<\/p>\n","protected":false},"excerpt":{"rendered":"<p>La consejera de Econom\u00eda, Empresas y Empleo, Patricia Franco, ha anunciado que Castilla-La Mancha acudir\u00e1 a la XXXV edici\u00f3n de la Feria Internacional de Turismo (Fitur) con un programa de m\u00e1s de 80 actividades y una sala gastron\u00f3mica como principal novedad, a fin de potenciar este tipo de turismo. En la rueda de prensa que<\/p>\n","protected":false},"author":1,"featured_media":60643,"comment_status":"open","ping_status":"closed","sticky":false,"template":"","format":"standard","meta":{"footnotes":""},"categories":[224],"tags":[],"class_list":{"0":"post-60642","1":"post","2":"type-post","3":"status-publish","4":"format-standard","5":"has-post-thumbnail","7":"category-noticias-actualidad"},"aioseo_notices":[],"aioseo_head":"\n\t\t<!-- All in One SEO Pro 4.9.6.1 - aioseo.com -->\n\t<meta name=\"description\" content=\"La consejera de Econom\u00eda, Empresas y Empleo, Patricia Franco, ha anunciado que Castilla-La Mancha acudir\u00e1 a la XXXV edici\u00f3n de la Feria Internacional de Turismo (Fitur) con un programa de m\u00e1s de 80 actividades y una sala gastron\u00f3mica como principal novedad, a fin de potenciar este tipo de turismo. En la rueda de prensa que\" \/>\n\t<meta name=\"robots\" content=\"max-image-preview:large\" \/>\n\t<meta name=\"author\" content=\"admin\"\/>\n\t<meta name=\"google-site-verification\" content=\"UA-38556648-1\" \/>\n\t<meta name=\"keywords\" content=\"noticias y actualidad\" \/>\n\t<link rel=\"canonical\" href=\"https:\/\/eldigitaldeasturias.com\/magazine365\/castilla-la-mancha-acudira-a-fitur-con-un-espacio-gastronomico-como-principal-novedad\/\" \/>\n\t<meta name=\"generator\" content=\"All in One SEO Pro (AIOSEO) 4.9.6.1\" \/>\n\t\t<meta property=\"og:locale\" content=\"es_ES\" \/>\n\t\t<meta property=\"og:site_name\" content=\"El Digital de Asturias \u2013 Revista de ocio, turismo y estilo de vida\" \/>\n\t\t<meta property=\"og:type\" content=\"article\" \/>\n\t\t<meta property=\"og:title\" content=\"Castilla-La Mancha acudir\u00e1 a Fitur con un espacio gastron\u00f3mico como principal novedad | El Digital de Asturias\" \/>\n\t\t<meta property=\"og:description\" content=\"La consejera de Econom\u00eda, Empresas y Empleo, Patricia Franco, ha anunciado que Castilla-La Mancha acudir\u00e1 a la XXXV edici\u00f3n de la Feria Internacional de Turismo (Fitur) con un programa de m\u00e1s de 80 actividades y una sala gastron\u00f3mica como principal novedad, a fin de potenciar este tipo de turismo. En la rueda de prensa que\" \/>\n\t\t<meta property=\"og:url\" content=\"https:\/\/eldigitaldeasturias.com\/magazine365\/castilla-la-mancha-acudira-a-fitur-con-un-espacio-gastronomico-como-principal-novedad\/\" \/>\n\t\t<meta property=\"og:image\" content=\"https:\/\/eldigitaldeasturias.com\/magazine365\/wp-content\/uploads\/2016\/01\/fotonoticia_20160114142847_800.jpg\" \/>\n\t\t<meta property=\"og:image:secure_url\" content=\"https:\/\/eldigitaldeasturias.com\/magazine365\/wp-content\/uploads\/2016\/01\/fotonoticia_20160114142847_800.jpg\" \/>\n\t\t<meta property=\"og:image:width\" content=\"800\" \/>\n\t\t<meta property=\"og:image:height\" content=\"520\" \/>\n\t\t<meta property=\"article:published_time\" content=\"2016-01-14T19:21:40+00:00\" \/>\n\t\t<meta property=\"article:modified_time\" content=\"2016-01-14T19:21:40+00:00\" \/>\n\t\t<meta name=\"twitter:card\" content=\"summary_large_image\" \/>\n\t\t<meta name=\"twitter:title\" content=\"Castilla-La Mancha acudir\u00e1 a Fitur con un espacio gastron\u00f3mico como principal novedad | El Digital de Asturias\" \/>\n\t\t<meta name=\"twitter:description\" content=\"La consejera de Econom\u00eda, Empresas y Empleo, Patricia Franco, ha anunciado que Castilla-La Mancha acudir\u00e1 a la XXXV edici\u00f3n de la Feria Internacional de Turismo (Fitur) con un programa de m\u00e1s de 80 actividades y una sala gastron\u00f3mica como principal novedad, a fin de potenciar este tipo de turismo. En la rueda de prensa que\" \/>\n\t\t<meta name=\"twitter:image\" content=\"https:\/\/eldigitaldeasturias.com\/magazine365\/wp-content\/uploads\/2016\/01\/fotonoticia_20160114142847_800.jpg\" \/>\n\t\t<script type=\"application\/ld+json\" class=\"aioseo-schema\">\n\t\t\t{\"@context\":\"https:\\\/\\\/schema.org\",\"@graph\":[{\"@type\":\"Article\",\"@id\":\"https:\\\/\\\/eldigitaldeasturias.com\\\/magazine365\\\/castilla-la-mancha-acudira-a-fitur-con-un-espacio-gastronomico-como-principal-novedad\\\/#article\",\"name\":\"Castilla-La Mancha acudir\\u00e1 a Fitur con un espacio gastron\\u00f3mico como principal novedad | El Digital de Asturias\",\"headline\":\"Castilla-La Mancha acudir\\u00e1 a Fitur con un espacio gastron\\u00f3mico como principal novedad\",\"author\":{\"@id\":\"https:\\\/\\\/eldigitaldeasturias.com\\\/magazine365\\\/author\\\/admin\\\/#author\"},\"publisher\":{\"@id\":\"https:\\\/\\\/eldigitaldeasturias.com\\\/magazine365\\\/#organization\"},\"image\":{\"@type\":\"ImageObject\",\"url\":\"https:\\\/\\\/eldigitaldeasturias.com\\\/magazine365\\\/wp-content\\\/uploads\\\/2016\\\/01\\\/fotonoticia_20160114142847_800.jpg\",\"width\":800,\"height\":520},\"datePublished\":\"2016-01-14T20:21:40+01:00\",\"dateModified\":\"2016-01-14T20:21:40+01:00\",\"inLanguage\":\"es-ES\",\"mainEntityOfPage\":{\"@id\":\"https:\\\/\\\/eldigitaldeasturias.com\\\/magazine365\\\/castilla-la-mancha-acudira-a-fitur-con-un-espacio-gastronomico-como-principal-novedad\\\/#webpage\"},\"isPartOf\":{\"@id\":\"https:\\\/\\\/eldigitaldeasturias.com\\\/magazine365\\\/castilla-la-mancha-acudira-a-fitur-con-un-espacio-gastronomico-como-principal-novedad\\\/#webpage\"},\"articleSection\":\"Noticias y Actualidad\"},{\"@type\":\"BreadcrumbList\",\"@id\":\"https:\\\/\\\/eldigitaldeasturias.com\\\/magazine365\\\/castilla-la-mancha-acudira-a-fitur-con-un-espacio-gastronomico-como-principal-novedad\\\/#breadcrumblist\",\"itemListElement\":[{\"@type\":\"ListItem\",\"@id\":\"https:\\\/\\\/eldigitaldeasturias.com\\\/magazine365#listItem\",\"position\":1,\"name\":\"Home\",\"item\":\"https:\\\/\\\/eldigitaldeasturias.com\\\/magazine365\",\"nextItem\":{\"@type\":\"ListItem\",\"@id\":\"https:\\\/\\\/eldigitaldeasturias.com\\\/magazine365\\\/category\\\/noticias-actualidad\\\/#listItem\",\"name\":\"Noticias y Actualidad\"}},{\"@type\":\"ListItem\",\"@id\":\"https:\\\/\\\/eldigitaldeasturias.com\\\/magazine365\\\/category\\\/noticias-actualidad\\\/#listItem\",\"position\":2,\"name\":\"Noticias y Actualidad\",\"item\":\"https:\\\/\\\/eldigitaldeasturias.com\\\/magazine365\\\/category\\\/noticias-actualidad\\\/\",\"nextItem\":{\"@type\":\"ListItem\",\"@id\":\"https:\\\/\\\/eldigitaldeasturias.com\\\/magazine365\\\/castilla-la-mancha-acudira-a-fitur-con-un-espacio-gastronomico-como-principal-novedad\\\/#listItem\",\"name\":\"Castilla-La Mancha acudir\\u00e1 a Fitur con un espacio gastron\\u00f3mico como principal novedad\"},\"previousItem\":{\"@type\":\"ListItem\",\"@id\":\"https:\\\/\\\/eldigitaldeasturias.com\\\/magazine365#listItem\",\"name\":\"Home\"}},{\"@type\":\"ListItem\",\"@id\":\"https:\\\/\\\/eldigitaldeasturias.com\\\/magazine365\\\/castilla-la-mancha-acudira-a-fitur-con-un-espacio-gastronomico-como-principal-novedad\\\/#listItem\",\"position\":3,\"name\":\"Castilla-La Mancha acudir\\u00e1 a Fitur con un espacio gastron\\u00f3mico como principal novedad\",\"previousItem\":{\"@type\":\"ListItem\",\"@id\":\"https:\\\/\\\/eldigitaldeasturias.com\\\/magazine365\\\/category\\\/noticias-actualidad\\\/#listItem\",\"name\":\"Noticias y Actualidad\"}}]},{\"@type\":\"Organization\",\"@id\":\"https:\\\/\\\/eldigitaldeasturias.com\\\/magazine365\\\/#organization\",\"name\":\"El digital de Asturias\",\"description\":\"Revista de ocio, turismo y estilo de vida\",\"url\":\"https:\\\/\\\/eldigitaldeasturias.com\\\/magazine365\\\/\",\"logo\":{\"@type\":\"ImageObject\",\"url\":\"https:\\\/\\\/www.eldigitaldeasturias.com\\\/noticias\\\/wp-content\\\/uploads\\\/2020\\\/12\\\/EDA.jpg\",\"@id\":\"https:\\\/\\\/eldigitaldeasturias.com\\\/magazine365\\\/castilla-la-mancha-acudira-a-fitur-con-un-espacio-gastronomico-como-principal-novedad\\\/#organizationLogo\"},\"image\":{\"@id\":\"https:\\\/\\\/eldigitaldeasturias.com\\\/magazine365\\\/castilla-la-mancha-acudira-a-fitur-con-un-espacio-gastronomico-como-principal-novedad\\\/#organizationLogo\"}},{\"@type\":\"Person\",\"@id\":\"https:\\\/\\\/eldigitaldeasturias.com\\\/magazine365\\\/author\\\/admin\\\/#author\",\"url\":\"https:\\\/\\\/eldigitaldeasturias.com\\\/magazine365\\\/author\\\/admin\\\/\",\"name\":\"admin\",\"image\":{\"@type\":\"ImageObject\",\"@id\":\"https:\\\/\\\/eldigitaldeasturias.com\\\/magazine365\\\/castilla-la-mancha-acudira-a-fitur-con-un-espacio-gastronomico-como-principal-novedad\\\/#authorImage\",\"url\":\"https:\\\/\\\/eldigitaldeasturias.com\\\/magazine365\\\/wp-content\\\/litespeed\\\/avatar\\\/e571bcf59a0edd6fa6838245a470f2fe.jpg?ver=1777574230\",\"width\":96,\"height\":96,\"caption\":\"admin\"}},{\"@type\":\"WebPage\",\"@id\":\"https:\\\/\\\/eldigitaldeasturias.com\\\/magazine365\\\/castilla-la-mancha-acudira-a-fitur-con-un-espacio-gastronomico-como-principal-novedad\\\/#webpage\",\"url\":\"https:\\\/\\\/eldigitaldeasturias.com\\\/magazine365\\\/castilla-la-mancha-acudira-a-fitur-con-un-espacio-gastronomico-como-principal-novedad\\\/\",\"name\":\"Castilla-La Mancha acudir\\u00e1 a Fitur con un espacio gastron\\u00f3mico como principal novedad | El Digital de Asturias\",\"description\":\"La consejera de Econom\\u00eda, Empresas y Empleo, Patricia Franco, ha anunciado que Castilla-La Mancha acudir\\u00e1 a la XXXV edici\\u00f3n de la Feria Internacional de Turismo (Fitur) con un programa de m\\u00e1s de 80 actividades y una sala gastron\\u00f3mica como principal novedad, a fin de potenciar este tipo de turismo. En la rueda de prensa que\",\"inLanguage\":\"es-ES\",\"isPartOf\":{\"@id\":\"https:\\\/\\\/eldigitaldeasturias.com\\\/magazine365\\\/#website\"},\"breadcrumb\":{\"@id\":\"https:\\\/\\\/eldigitaldeasturias.com\\\/magazine365\\\/castilla-la-mancha-acudira-a-fitur-con-un-espacio-gastronomico-como-principal-novedad\\\/#breadcrumblist\"},\"author\":{\"@id\":\"https:\\\/\\\/eldigitaldeasturias.com\\\/magazine365\\\/author\\\/admin\\\/#author\"},\"creator\":{\"@id\":\"https:\\\/\\\/eldigitaldeasturias.com\\\/magazine365\\\/author\\\/admin\\\/#author\"},\"image\":{\"@type\":\"ImageObject\",\"url\":\"https:\\\/\\\/eldigitaldeasturias.com\\\/magazine365\\\/wp-content\\\/uploads\\\/2016\\\/01\\\/fotonoticia_20160114142847_800.jpg\",\"@id\":\"https:\\\/\\\/eldigitaldeasturias.com\\\/magazine365\\\/castilla-la-mancha-acudira-a-fitur-con-un-espacio-gastronomico-como-principal-novedad\\\/#mainImage\",\"width\":800,\"height\":520},\"primaryImageOfPage\":{\"@id\":\"https:\\\/\\\/eldigitaldeasturias.com\\\/magazine365\\\/castilla-la-mancha-acudira-a-fitur-con-un-espacio-gastronomico-como-principal-novedad\\\/#mainImage\"},\"datePublished\":\"2016-01-14T20:21:40+01:00\",\"dateModified\":\"2016-01-14T20:21:40+01:00\"},{\"@type\":\"WebSite\",\"@id\":\"https:\\\/\\\/eldigitaldeasturias.com\\\/magazine365\\\/#website\",\"url\":\"https:\\\/\\\/eldigitaldeasturias.com\\\/magazine365\\\/\",\"name\":\"El Digital de Asturias\",\"description\":\"Revista de ocio, turismo y estilo de vida\",\"inLanguage\":\"es-ES\",\"publisher\":{\"@id\":\"https:\\\/\\\/eldigitaldeasturias.com\\\/magazine365\\\/#organization\"}}]}\n\t\t<\/script>\n\t\t<!-- All in One SEO Pro -->\r\n\t\t<title>Castilla-La Mancha acudir\u00e1 a Fitur con un espacio gastron\u00f3mico como principal novedad | El Digital de Asturias<\/title>\n\n","aioseo_head_json":{"title":"Castilla-La Mancha acudir\u00e1 a Fitur con un espacio gastron\u00f3mico como principal novedad | El Digital de Asturias","description":"La consejera de Econom\u00eda, Empresas y Empleo, Patricia Franco, ha anunciado que Castilla-La Mancha acudir\u00e1 a la XXXV edici\u00f3n de la Feria Internacional de Turismo (Fitur) con un programa de m\u00e1s de 80 actividades y una sala gastron\u00f3mica como principal novedad, a fin de potenciar este tipo de turismo. En la rueda de prensa que","canonical_url":"https:\/\/eldigitaldeasturias.com\/magazine365\/castilla-la-mancha-acudira-a-fitur-con-un-espacio-gastronomico-como-principal-novedad\/","robots":"max-image-preview:large","keywords":"noticias y actualidad","webmasterTools":{"google-site-verification":"UA-38556648-1","miscellaneous":""},"schema":{"@context":"https:\/\/schema.org","@graph":[{"@type":"Article","@id":"https:\/\/eldigitaldeasturias.com\/magazine365\/castilla-la-mancha-acudira-a-fitur-con-un-espacio-gastronomico-como-principal-novedad\/#article","name":"Castilla-La Mancha acudir\u00e1 a Fitur con un espacio gastron\u00f3mico como principal novedad | El Digital de Asturias","headline":"Castilla-La Mancha acudir\u00e1 a Fitur con un espacio gastron\u00f3mico como principal novedad","author":{"@id":"https:\/\/eldigitaldeasturias.com\/magazine365\/author\/admin\/#author"},"publisher":{"@id":"https:\/\/eldigitaldeasturias.com\/magazine365\/#organization"},"image":{"@type":"ImageObject","url":"https:\/\/eldigitaldeasturias.com\/magazine365\/wp-content\/uploads\/2016\/01\/fotonoticia_20160114142847_800.jpg","width":800,"height":520},"datePublished":"2016-01-14T20:21:40+01:00","dateModified":"2016-01-14T20:21:40+01:00","inLanguage":"es-ES","mainEntityOfPage":{"@id":"https:\/\/eldigitaldeasturias.com\/magazine365\/castilla-la-mancha-acudira-a-fitur-con-un-espacio-gastronomico-como-principal-novedad\/#webpage"},"isPartOf":{"@id":"https:\/\/eldigitaldeasturias.com\/magazine365\/castilla-la-mancha-acudira-a-fitur-con-un-espacio-gastronomico-como-principal-novedad\/#webpage"},"articleSection":"Noticias y Actualidad"},{"@type":"BreadcrumbList","@id":"https:\/\/eldigitaldeasturias.com\/magazine365\/castilla-la-mancha-acudira-a-fitur-con-un-espacio-gastronomico-como-principal-novedad\/#breadcrumblist","itemListElement":[{"@type":"ListItem","@id":"https:\/\/eldigitaldeasturias.com\/magazine365#listItem","position":1,"name":"Home","item":"https:\/\/eldigitaldeasturias.com\/magazine365","nextItem":{"@type":"ListItem","@id":"https:\/\/eldigitaldeasturias.com\/magazine365\/category\/noticias-actualidad\/#listItem","name":"Noticias y Actualidad"}},{"@type":"ListItem","@id":"https:\/\/eldigitaldeasturias.com\/magazine365\/category\/noticias-actualidad\/#listItem","position":2,"name":"Noticias y Actualidad","item":"https:\/\/eldigitaldeasturias.com\/magazine365\/category\/noticias-actualidad\/","nextItem":{"@type":"ListItem","@id":"https:\/\/eldigitaldeasturias.com\/magazine365\/castilla-la-mancha-acudira-a-fitur-con-un-espacio-gastronomico-como-principal-novedad\/#listItem","name":"Castilla-La Mancha acudir\u00e1 a Fitur con un espacio gastron\u00f3mico como principal novedad"},"previousItem":{"@type":"ListItem","@id":"https:\/\/eldigitaldeasturias.com\/magazine365#listItem","name":"Home"}},{"@type":"ListItem","@id":"https:\/\/eldigitaldeasturias.com\/magazine365\/castilla-la-mancha-acudira-a-fitur-con-un-espacio-gastronomico-como-principal-novedad\/#listItem","position":3,"name":"Castilla-La Mancha acudir\u00e1 a Fitur con un espacio gastron\u00f3mico como principal novedad","previousItem":{"@type":"ListItem","@id":"https:\/\/eldigitaldeasturias.com\/magazine365\/category\/noticias-actualidad\/#listItem","name":"Noticias y Actualidad"}}]},{"@type":"Organization","@id":"https:\/\/eldigitaldeasturias.com\/magazine365\/#organization","name":"El digital de Asturias","description":"Revista de ocio, turismo y estilo de vida","url":"https:\/\/eldigitaldeasturias.com\/magazine365\/","logo":{"@type":"ImageObject","url":"https:\/\/www.eldigitaldeasturias.com\/noticias\/wp-content\/uploads\/2020\/12\/EDA.jpg","@id":"https:\/\/eldigitaldeasturias.com\/magazine365\/castilla-la-mancha-acudira-a-fitur-con-un-espacio-gastronomico-como-principal-novedad\/#organizationLogo"},"image":{"@id":"https:\/\/eldigitaldeasturias.com\/magazine365\/castilla-la-mancha-acudira-a-fitur-con-un-espacio-gastronomico-como-principal-novedad\/#organizationLogo"}},{"@type":"Person","@id":"https:\/\/eldigitaldeasturias.com\/magazine365\/author\/admin\/#author","url":"https:\/\/eldigitaldeasturias.com\/magazine365\/author\/admin\/","name":"admin","image":{"@type":"ImageObject","@id":"https:\/\/eldigitaldeasturias.com\/magazine365\/castilla-la-mancha-acudira-a-fitur-con-un-espacio-gastronomico-como-principal-novedad\/#authorImage","url":"https:\/\/eldigitaldeasturias.com\/magazine365\/wp-content\/litespeed\/avatar\/e571bcf59a0edd6fa6838245a470f2fe.jpg?ver=1777574230","width":96,"height":96,"caption":"admin"}},{"@type":"WebPage","@id":"https:\/\/eldigitaldeasturias.com\/magazine365\/castilla-la-mancha-acudira-a-fitur-con-un-espacio-gastronomico-como-principal-novedad\/#webpage","url":"https:\/\/eldigitaldeasturias.com\/magazine365\/castilla-la-mancha-acudira-a-fitur-con-un-espacio-gastronomico-como-principal-novedad\/","name":"Castilla-La Mancha acudir\u00e1 a Fitur con un espacio gastron\u00f3mico como principal novedad | El Digital de Asturias","description":"La consejera de Econom\u00eda, Empresas y Empleo, Patricia Franco, ha anunciado que Castilla-La Mancha acudir\u00e1 a la XXXV edici\u00f3n de la Feria Internacional de Turismo (Fitur) con un programa de m\u00e1s de 80 actividades y una sala gastron\u00f3mica como principal novedad, a fin de potenciar este tipo de turismo. En la rueda de prensa que","inLanguage":"es-ES","isPartOf":{"@id":"https:\/\/eldigitaldeasturias.com\/magazine365\/#website"},"breadcrumb":{"@id":"https:\/\/eldigitaldeasturias.com\/magazine365\/castilla-la-mancha-acudira-a-fitur-con-un-espacio-gastronomico-como-principal-novedad\/#breadcrumblist"},"author":{"@id":"https:\/\/eldigitaldeasturias.com\/magazine365\/author\/admin\/#author"},"creator":{"@id":"https:\/\/eldigitaldeasturias.com\/magazine365\/author\/admin\/#author"},"image":{"@type":"ImageObject","url":"https:\/\/eldigitaldeasturias.com\/magazine365\/wp-content\/uploads\/2016\/01\/fotonoticia_20160114142847_800.jpg","@id":"https:\/\/eldigitaldeasturias.com\/magazine365\/castilla-la-mancha-acudira-a-fitur-con-un-espacio-gastronomico-como-principal-novedad\/#mainImage","width":800,"height":520},"primaryImageOfPage":{"@id":"https:\/\/eldigitaldeasturias.com\/magazine365\/castilla-la-mancha-acudira-a-fitur-con-un-espacio-gastronomico-como-principal-novedad\/#mainImage"},"datePublished":"2016-01-14T20:21:40+01:00","dateModified":"2016-01-14T20:21:40+01:00"},{"@type":"WebSite","@id":"https:\/\/eldigitaldeasturias.com\/magazine365\/#website","url":"https:\/\/eldigitaldeasturias.com\/magazine365\/","name":"El Digital de Asturias","description":"Revista de ocio, turismo y estilo de vida","inLanguage":"es-ES","publisher":{"@id":"https:\/\/eldigitaldeasturias.com\/magazine365\/#organization"}}]},"og:locale":"es_ES","og:site_name":"El Digital de Asturias \u2013 Revista de ocio, turismo y estilo de vida","og:type":"article","og:title":"Castilla-La Mancha acudir\u00e1 a Fitur con un espacio gastron\u00f3mico como principal novedad | El Digital de Asturias","og:description":"La consejera de Econom\u00eda, Empresas y Empleo, Patricia Franco, ha anunciado que Castilla-La Mancha acudir\u00e1 a la XXXV edici\u00f3n de la Feria Internacional de Turismo (Fitur) con un programa de m\u00e1s de 80 actividades y una sala gastron\u00f3mica como principal novedad, a fin de potenciar este tipo de turismo. En la rueda de prensa que","og:url":"https:\/\/eldigitaldeasturias.com\/magazine365\/castilla-la-mancha-acudira-a-fitur-con-un-espacio-gastronomico-como-principal-novedad\/","og:image":"https:\/\/eldigitaldeasturias.com\/magazine365\/wp-content\/uploads\/2016\/01\/fotonoticia_20160114142847_800.jpg","og:image:secure_url":"https:\/\/eldigitaldeasturias.com\/magazine365\/wp-content\/uploads\/2016\/01\/fotonoticia_20160114142847_800.jpg","og:image:width":800,"og:image:height":520,"article:published_time":"2016-01-14T19:21:40+00:00","article:modified_time":"2016-01-14T19:21:40+00:00","twitter:card":"summary_large_image","twitter:title":"Castilla-La Mancha acudir\u00e1 a Fitur con un espacio gastron\u00f3mico como principal novedad | El Digital de Asturias","twitter:description":"La consejera de Econom\u00eda, Empresas y Empleo, Patricia Franco, ha anunciado que Castilla-La Mancha acudir\u00e1 a la XXXV edici\u00f3n de la Feria Internacional de Turismo (Fitur) con un programa de m\u00e1s de 80 actividades y una sala gastron\u00f3mica como principal novedad, a fin de potenciar este tipo de turismo. En la rueda de prensa que","twitter:image":"https:\/\/eldigitaldeasturias.com\/magazine365\/wp-content\/uploads\/2016\/01\/fotonoticia_20160114142847_800.jpg"},"aioseo_meta_data":{"post_id":"60642","title":null,"description":null,"keywords":null,"keyphrases":null,"primary_term":null,"canonical_url":null,"og_title":null,"og_description":null,"og_object_type":"default","og_image_type":"default","og_image_url":null,"og_image_width":null,"og_image_height":null,"og_image_custom_url":null,"og_image_custom_fields":null,"og_video":null,"og_custom_url":null,"og_article_section":null,"og_article_tags":null,"twitter_use_og":false,"twitter_card":"default","twitter_image_type":"default","twitter_image_url":null,"twitter_image_custom_url":null,"twitter_image_custom_fields":null,"twitter_title":null,"twitter_description":null,"schema":{"blockGraphs":[],"customGraphs":[],"default":{"data":{"Article":[],"Course":[],"Dataset":[],"FAQPage":[],"Movie":[],"Person":[],"Product":[],"ProductReview":[],"Car":[],"Recipe":[],"Service":[],"SoftwareApplication":[],"WebPage":[]},"graphName":"","isEnabled":true},"graphs":[],"defaultGraph":"","defaultPostTypeGraph":""},"schema_type":null,"schema_type_options":null,"pillar_content":false,"robots_default":true,"robots_noindex":false,"robots_noarchive":false,"robots_nosnippet":false,"robots_nofollow":false,"robots_noimageindex":false,"robots_noodp":false,"robots_notranslate":false,"robots_max_snippet":null,"robots_max_videopreview":null,"robots_max_imagepreview":"large","priority":null,"frequency":null,"location":null,"local_seo":null,"seo_analyzer_scan_date":"2025-09-25 07:15:57","breadcrumb_settings":null,"limit_modified_date":false,"open_ai":null,"ai":null,"created":"2021-03-08 21:57:46","updated":"2025-09-25 07:15:57"},"aioseo_breadcrumb":"<div class=\"aioseo-breadcrumbs\"><span class=\"aioseo-breadcrumb\">\n\t<a href=\"https:\/\/eldigitaldeasturias.com\/magazine365\" title=\"Home\">Home<\/a>\n<\/span><span class=\"aioseo-breadcrumb-separator\">\u2013<\/span><span class=\"aioseo-breadcrumb\">\n\t<a href=\"https:\/\/eldigitaldeasturias.com\/magazine365\/category\/noticias-actualidad\/\" title=\"Noticias y Actualidad\">Noticias y Actualidad<\/a>\n<\/span><span class=\"aioseo-breadcrumb-separator\">\u2013<\/span><span class=\"aioseo-breadcrumb\">\n\t<a href=\"https:\/\/eldigitaldeasturias.com\/magazine365\/castilla-la-mancha-acudira-a-fitur-con-un-espacio-gastronomico-como-principal-novedad\/\" title=\"Castilla-La Mancha acudir\u00e1 a Fitur con un espacio gastron\u00f3mico como principal novedad\">Castilla-La Mancha acudir\u00e1 a Fitur con un espacio gastron\u00f3mico como principal novedad<\/a>\n<\/span><\/div>","aioseo_breadcrumb_json":[{"label":"Home","link":"https:\/\/eldigitaldeasturias.com\/magazine365"},{"label":"Noticias y Actualidad","link":"https:\/\/eldigitaldeasturias.com\/magazine365\/category\/noticias-actualidad\/"},{"label":"Castilla-La Mancha acudir\u00e1 a Fitur con un espacio gastron\u00f3mico como principal novedad","link":"https:\/\/eldigitaldeasturias.com\/magazine365\/castilla-la-mancha-acudira-a-fitur-con-un-espacio-gastronomico-como-principal-novedad\/"}],"_links":{"self":[{"href":"https:\/\/eldigitaldeasturias.com\/magazine365\/wp-json\/wp\/v2\/posts\/60642","targetHints":{"allow":["GET"]}}],"collection":[{"href":"https:\/\/eldigitaldeasturias.com\/magazine365\/wp-json\/wp\/v2\/posts"}],"about":[{"href":"https:\/\/eldigitaldeasturias.com\/magazine365\/wp-json\/wp\/v2\/types\/post"}],"author":[{"embeddable":true,"href":"https:\/\/eldigitaldeasturias.com\/magazine365\/wp-json\/wp\/v2\/users\/1"}],"replies":[{"embeddable":true,"href":"https:\/\/eldigitaldeasturias.com\/magazine365\/wp-json\/wp\/v2\/comments?post=60642"}],"version-history":[{"count":0,"href":"https:\/\/eldigitaldeasturias.com\/magazine365\/wp-json\/wp\/v2\/posts\/60642\/revisions"}],"wp:featuredmedia":[{"embeddable":true,"href":"https:\/\/eldigitaldeasturias.com\/magazine365\/wp-json\/wp\/v2\/media\/60643"}],"wp:attachment":[{"href":"https:\/\/eldigitaldeasturias.com\/magazine365\/wp-json\/wp\/v2\/media?parent=60642"}],"wp:term":[{"taxonomy":"category","embeddable":true,"href":"https:\/\/eldigitaldeasturias.com\/magazine365\/wp-json\/wp\/v2\/categories?post=60642"},{"taxonomy":"post_tag","embeddable":true,"href":"https:\/\/eldigitaldeasturias.com\/magazine365\/wp-json\/wp\/v2\/tags?post=60642"}],"curies":[{"name":"wp","href":"https:\/\/api.w.org\/{rel}","templated":true}]}}