{"id":60639,"date":"2016-01-14T20:19:38","date_gmt":"2016-01-14T19:19:38","guid":{"rendered":"http:\/\/eldigitaldeasturias.com\/magazine365\/?p=60639"},"modified":"2016-01-14T20:19:38","modified_gmt":"2016-01-14T19:19:38","slug":"ayuntamiento-de-murcia-promociona-la-huerta-la-cultura-y-la-gastronomia-murciana-en-la-fitur-2016","status":"publish","type":"post","link":"https:\/\/eldigitaldeasturias.com\/magazine365\/ayuntamiento-de-murcia-promociona-la-huerta-la-cultura-y-la-gastronomia-murciana-en-la-fitur-2016\/","title":{"rendered":"Ayuntamiento de Murcia promociona la huerta, la cultura y la gastronom\u00eda murciana en la Fitur 2016"},"content":{"rendered":"<p><img fetchpriority=\"high\" decoding=\"async\" class=\"alignleft size-medium wp-image-60640\" src=\"https:\/\/eldigitaldeasturias.com\/magazine365\/wp-content\/uploads\/2016\/01\/fotonoticia_20160114142801_800-360x242.jpg\" alt=\"fotonoticia_20160114142801_800\" width=\"360\" height=\"242\" srcset=\"https:\/\/eldigitaldeasturias.com\/magazine365\/wp-content\/uploads\/2016\/01\/fotonoticia_20160114142801_800-360x242.jpg 360w, https:\/\/eldigitaldeasturias.com\/magazine365\/wp-content\/uploads\/2016\/01\/fotonoticia_20160114142801_800-650x436.jpg 650w, https:\/\/eldigitaldeasturias.com\/magazine365\/wp-content\/uploads\/2016\/01\/fotonoticia_20160114142801_800-768x516.jpg 768w, https:\/\/eldigitaldeasturias.com\/magazine365\/wp-content\/uploads\/2016\/01\/fotonoticia_20160114142801_800-150x101.jpg 150w, https:\/\/eldigitaldeasturias.com\/magazine365\/wp-content\/uploads\/2016\/01\/fotonoticia_20160114142801_800-450x302.jpg 450w, https:\/\/eldigitaldeasturias.com\/magazine365\/wp-content\/uploads\/2016\/01\/fotonoticia_20160114142801_800-696x467.jpg 696w, https:\/\/eldigitaldeasturias.com\/magazine365\/wp-content\/uploads\/2016\/01\/fotonoticia_20160114142801_800-626x420.jpg 626w, https:\/\/eldigitaldeasturias.com\/magazine365\/wp-content\/uploads\/2016\/01\/fotonoticia_20160114142801_800.jpg 800w\" sizes=\"(max-width: 360px) 100vw, 360px\" \/>La Concejal\u00eda de Empleo, Turismo y Cultura del Ayuntamiento de Murcia promocionar\u00e1 principalmente la gastronom\u00eda, la huerta y el turismo cultural de la ciudad en el stand que la Comunidad Aut\u00f3noma va a instalar en la Feria Internacional de Turismo (Fitur 2016) la pr\u00f3xima semana en Madrid.<\/p>\n<p>La Concejal\u00eda presentar\u00e1 un nuevo v\u00eddeo en el que se va a dar a conocer la gastronom\u00eda y los productos de la Huerta de Murcia, con platos t\u00edpicos y grabaciones de terrenos cultivados, el r\u00edo y el Cristo de Monteagudo, entre otros. El v\u00eddeo est\u00e1 compuesto por 200 fotograf\u00edas y 12 grabaciones de la Huerta realizadas con drones.<\/p>\n<p>\u00abLo que se busca con este v\u00eddeo es dar a conocer, ya no solo la gastronom\u00eda, sino los productos de la huerta, al igual que todo el entorno de la ciudad\u00bb, ha asegurado el concejal de Empleo, Turismo y Cultura, Jes\u00fas Pacheco.<\/p>\n<p>En este sentido, Pacheco ha destacado que \u00abhay tres cosas que nos diferencian de nuestra competencia m\u00e1s directa, que son la huerta, el r\u00edo y el monte, y en este video se intenta potenciar la huerta, dar alguna pincelada sobre el r\u00edo y alguna sobre el monte\u00bb.<\/p>\n<p>Asimismo, la Concejal\u00eda presentar\u00e1 &#8216;La Gu\u00eda Cultural de Murcia, una ciudad para compartir&#8217; que contiene informaci\u00f3n del municipio relacionada con la historia y su oferta cultural como los distintos museos, la Catedral y el Santuario de la Fuensanta, entre otros.<\/p>\n<p>Otra novedad, ha asegurado el concejal, es \u00abla nueva edici\u00f3n de la Revista Tur\u00edstica de Murcia, en la que se incluye informaci\u00f3n de la ciudad, no solamente de los monumentos o desde la vertiente cultural como lo hace la gu\u00eda, sino informaci\u00f3n tambi\u00e9n sobre los hoteles, los restaurantes y los bares, entre otros\u00bb.<\/p>\n<p>Siguiendo en esta l\u00ednea, ha destacado que en esta revista \u00ablo que prima sobretodo es la parte visual. Es una revista con fotograf\u00edas de muy buena calidad, que refleja la luz, el verde de la huerta y todas aquellas instalaciones y monumentos que, de alguna manera, no debe perderse ning\u00fan turista que pase por Murcia\u00bb.<\/p>\n<p>El Ayuntamiento de Murcia, conjuntamente con el de Cartagena y Lorca, presentar\u00e1n el Cartel de la Semana Santa murciana, que est\u00e1 declarada de Inter\u00e9s Tur\u00edstico Internacional, con el fin de animar a los que asistan a la feria a que visiten el municipio durante esas fechas\u00bb, ha asegurado Pacheco.<\/p>\n<p>El concejal ha aclarado que \u00abhabr\u00e1 una serie de reuniones de trabajo, tanto los t\u00e9cnicos de la concejal\u00eda como la oficina de congresos de Murcia, con distintos profesionales y empresarios del sector para promocionar Murcia y vamos a asistir a la reuni\u00f3n de la red de ciudades AVE para trabajar en la creaci\u00f3n de paquetes tur\u00edsticos para la potenciaci\u00f3n del uso de la pr\u00f3xima conexi\u00f3n AVE\u00bb.<\/p>\n<p>Asimismo, Pacheco ha indicado que el AVE \u00abnos va a acercar, no solamente a nuestros turistas nacionales, sino que tambi\u00e9n podremos acceder a turistas internacionales que seguramente si no tuvi\u00e9ramos esa infraestructura no vendr\u00edan\u00bb.<\/p>\n<p>\u00abLos folletos que llevamos son cosas nuevas que presentamos all\u00ed, llevamos una parte visual muy importante, tanto en los folletos como en la revista prima la parte visual y lo dem\u00e1s es invitar a la gente a que venga a Murcia para que disfruten de nuestra tierra aqu\u00ed\u00bb, ha recordado el concejal.<\/p>\n","protected":false},"excerpt":{"rendered":"<p>La Concejal\u00eda de Empleo, Turismo y Cultura del Ayuntamiento de Murcia promocionar\u00e1 principalmente la gastronom\u00eda, la huerta y el turismo cultural de la ciudad en el stand que la Comunidad Aut\u00f3noma va a instalar en la Feria Internacional de Turismo (Fitur 2016) la pr\u00f3xima semana en Madrid. La Concejal\u00eda presentar\u00e1 un nuevo v\u00eddeo en el<\/p>\n","protected":false},"author":1,"featured_media":60640,"comment_status":"open","ping_status":"closed","sticky":false,"template":"","format":"standard","meta":{"footnotes":""},"categories":[224],"tags":[],"class_list":{"0":"post-60639","1":"post","2":"type-post","3":"status-publish","4":"format-standard","5":"has-post-thumbnail","7":"category-noticias-actualidad"},"aioseo_notices":[],"aioseo_head":"\n\t\t<!-- All in One SEO Pro 4.9.6.1 - aioseo.com -->\n\t<meta name=\"description\" content=\"La Concejal\u00eda de Empleo, Turismo y Cultura del Ayuntamiento de Murcia promocionar\u00e1 principalmente la gastronom\u00eda, la huerta y el turismo cultural de la ciudad en el stand que la Comunidad Aut\u00f3noma va a instalar en la Feria Internacional de Turismo (Fitur 2016) la pr\u00f3xima semana en Madrid. La Concejal\u00eda presentar\u00e1 un nuevo v\u00eddeo en el\" \/>\n\t<meta name=\"robots\" content=\"max-image-preview:large\" \/>\n\t<meta name=\"author\" content=\"admin\"\/>\n\t<meta name=\"google-site-verification\" content=\"UA-38556648-1\" \/>\n\t<meta name=\"keywords\" content=\"noticias y actualidad\" \/>\n\t<link rel=\"canonical\" href=\"https:\/\/eldigitaldeasturias.com\/magazine365\/ayuntamiento-de-murcia-promociona-la-huerta-la-cultura-y-la-gastronomia-murciana-en-la-fitur-2016\/\" \/>\n\t<meta name=\"generator\" content=\"All in One SEO Pro (AIOSEO) 4.9.6.1\" \/>\n\t\t<meta property=\"og:locale\" content=\"es_ES\" \/>\n\t\t<meta property=\"og:site_name\" content=\"El Digital de Asturias \u2013 Revista de ocio, turismo y estilo de vida\" \/>\n\t\t<meta property=\"og:type\" content=\"article\" \/>\n\t\t<meta property=\"og:title\" content=\"Ayuntamiento de Murcia promociona la huerta, la cultura y la gastronom\u00eda murciana en la Fitur 2016 | El Digital de Asturias\" \/>\n\t\t<meta property=\"og:description\" content=\"La Concejal\u00eda de Empleo, Turismo y Cultura del Ayuntamiento de Murcia promocionar\u00e1 principalmente la gastronom\u00eda, la huerta y el turismo cultural de la ciudad en el stand que la Comunidad Aut\u00f3noma va a instalar en la Feria Internacional de Turismo (Fitur 2016) la pr\u00f3xima semana en Madrid. La Concejal\u00eda presentar\u00e1 un nuevo v\u00eddeo en el\" \/>\n\t\t<meta property=\"og:url\" content=\"https:\/\/eldigitaldeasturias.com\/magazine365\/ayuntamiento-de-murcia-promociona-la-huerta-la-cultura-y-la-gastronomia-murciana-en-la-fitur-2016\/\" \/>\n\t\t<meta property=\"og:image\" content=\"https:\/\/eldigitaldeasturias.com\/magazine365\/wp-content\/uploads\/2016\/01\/fotonoticia_20160114142801_800.jpg\" \/>\n\t\t<meta property=\"og:image:secure_url\" content=\"https:\/\/eldigitaldeasturias.com\/magazine365\/wp-content\/uploads\/2016\/01\/fotonoticia_20160114142801_800.jpg\" \/>\n\t\t<meta property=\"og:image:width\" content=\"800\" \/>\n\t\t<meta property=\"og:image:height\" content=\"537\" \/>\n\t\t<meta property=\"article:published_time\" content=\"2016-01-14T19:19:38+00:00\" \/>\n\t\t<meta property=\"article:modified_time\" content=\"2016-01-14T19:19:38+00:00\" \/>\n\t\t<meta name=\"twitter:card\" content=\"summary_large_image\" \/>\n\t\t<meta name=\"twitter:title\" content=\"Ayuntamiento de Murcia promociona la huerta, la cultura y la gastronom\u00eda murciana en la Fitur 2016 | El Digital de Asturias\" \/>\n\t\t<meta name=\"twitter:description\" content=\"La Concejal\u00eda de Empleo, Turismo y Cultura del Ayuntamiento de Murcia promocionar\u00e1 principalmente la gastronom\u00eda, la huerta y el turismo cultural de la ciudad en el stand que la Comunidad Aut\u00f3noma va a instalar en la Feria Internacional de Turismo (Fitur 2016) la pr\u00f3xima semana en Madrid. La Concejal\u00eda presentar\u00e1 un nuevo v\u00eddeo en el\" \/>\n\t\t<meta name=\"twitter:image\" content=\"https:\/\/eldigitaldeasturias.com\/magazine365\/wp-content\/uploads\/2016\/01\/fotonoticia_20160114142801_800.jpg\" \/>\n\t\t<script type=\"application\/ld+json\" class=\"aioseo-schema\">\n\t\t\t{\"@context\":\"https:\\\/\\\/schema.org\",\"@graph\":[{\"@type\":\"Article\",\"@id\":\"https:\\\/\\\/eldigitaldeasturias.com\\\/magazine365\\\/ayuntamiento-de-murcia-promociona-la-huerta-la-cultura-y-la-gastronomia-murciana-en-la-fitur-2016\\\/#article\",\"name\":\"Ayuntamiento de Murcia promociona la huerta, la cultura y la gastronom\\u00eda murciana en la Fitur 2016 | El Digital de Asturias\",\"headline\":\"Ayuntamiento de Murcia promociona la huerta, la cultura y la gastronom\\u00eda murciana en la Fitur 2016\",\"author\":{\"@id\":\"https:\\\/\\\/eldigitaldeasturias.com\\\/magazine365\\\/author\\\/admin\\\/#author\"},\"publisher\":{\"@id\":\"https:\\\/\\\/eldigitaldeasturias.com\\\/magazine365\\\/#organization\"},\"image\":{\"@type\":\"ImageObject\",\"url\":\"https:\\\/\\\/eldigitaldeasturias.com\\\/magazine365\\\/wp-content\\\/uploads\\\/2016\\\/01\\\/fotonoticia_20160114142801_800.jpg\",\"width\":800,\"height\":537},\"datePublished\":\"2016-01-14T20:19:38+01:00\",\"dateModified\":\"2016-01-14T20:19:38+01:00\",\"inLanguage\":\"es-ES\",\"mainEntityOfPage\":{\"@id\":\"https:\\\/\\\/eldigitaldeasturias.com\\\/magazine365\\\/ayuntamiento-de-murcia-promociona-la-huerta-la-cultura-y-la-gastronomia-murciana-en-la-fitur-2016\\\/#webpage\"},\"isPartOf\":{\"@id\":\"https:\\\/\\\/eldigitaldeasturias.com\\\/magazine365\\\/ayuntamiento-de-murcia-promociona-la-huerta-la-cultura-y-la-gastronomia-murciana-en-la-fitur-2016\\\/#webpage\"},\"articleSection\":\"Noticias y Actualidad\"},{\"@type\":\"BreadcrumbList\",\"@id\":\"https:\\\/\\\/eldigitaldeasturias.com\\\/magazine365\\\/ayuntamiento-de-murcia-promociona-la-huerta-la-cultura-y-la-gastronomia-murciana-en-la-fitur-2016\\\/#breadcrumblist\",\"itemListElement\":[{\"@type\":\"ListItem\",\"@id\":\"https:\\\/\\\/eldigitaldeasturias.com\\\/magazine365#listItem\",\"position\":1,\"name\":\"Home\",\"item\":\"https:\\\/\\\/eldigitaldeasturias.com\\\/magazine365\",\"nextItem\":{\"@type\":\"ListItem\",\"@id\":\"https:\\\/\\\/eldigitaldeasturias.com\\\/magazine365\\\/category\\\/noticias-actualidad\\\/#listItem\",\"name\":\"Noticias y Actualidad\"}},{\"@type\":\"ListItem\",\"@id\":\"https:\\\/\\\/eldigitaldeasturias.com\\\/magazine365\\\/category\\\/noticias-actualidad\\\/#listItem\",\"position\":2,\"name\":\"Noticias y Actualidad\",\"item\":\"https:\\\/\\\/eldigitaldeasturias.com\\\/magazine365\\\/category\\\/noticias-actualidad\\\/\",\"nextItem\":{\"@type\":\"ListItem\",\"@id\":\"https:\\\/\\\/eldigitaldeasturias.com\\\/magazine365\\\/ayuntamiento-de-murcia-promociona-la-huerta-la-cultura-y-la-gastronomia-murciana-en-la-fitur-2016\\\/#listItem\",\"name\":\"Ayuntamiento de Murcia promociona la huerta, la cultura y la gastronom\\u00eda murciana en la Fitur 2016\"},\"previousItem\":{\"@type\":\"ListItem\",\"@id\":\"https:\\\/\\\/eldigitaldeasturias.com\\\/magazine365#listItem\",\"name\":\"Home\"}},{\"@type\":\"ListItem\",\"@id\":\"https:\\\/\\\/eldigitaldeasturias.com\\\/magazine365\\\/ayuntamiento-de-murcia-promociona-la-huerta-la-cultura-y-la-gastronomia-murciana-en-la-fitur-2016\\\/#listItem\",\"position\":3,\"name\":\"Ayuntamiento de Murcia promociona la huerta, la cultura y la gastronom\\u00eda murciana en la Fitur 2016\",\"previousItem\":{\"@type\":\"ListItem\",\"@id\":\"https:\\\/\\\/eldigitaldeasturias.com\\\/magazine365\\\/category\\\/noticias-actualidad\\\/#listItem\",\"name\":\"Noticias y Actualidad\"}}]},{\"@type\":\"Organization\",\"@id\":\"https:\\\/\\\/eldigitaldeasturias.com\\\/magazine365\\\/#organization\",\"name\":\"El digital de Asturias\",\"description\":\"Revista de ocio, turismo y estilo de vida\",\"url\":\"https:\\\/\\\/eldigitaldeasturias.com\\\/magazine365\\\/\",\"logo\":{\"@type\":\"ImageObject\",\"url\":\"https:\\\/\\\/www.eldigitaldeasturias.com\\\/noticias\\\/wp-content\\\/uploads\\\/2020\\\/12\\\/EDA.jpg\",\"@id\":\"https:\\\/\\\/eldigitaldeasturias.com\\\/magazine365\\\/ayuntamiento-de-murcia-promociona-la-huerta-la-cultura-y-la-gastronomia-murciana-en-la-fitur-2016\\\/#organizationLogo\"},\"image\":{\"@id\":\"https:\\\/\\\/eldigitaldeasturias.com\\\/magazine365\\\/ayuntamiento-de-murcia-promociona-la-huerta-la-cultura-y-la-gastronomia-murciana-en-la-fitur-2016\\\/#organizationLogo\"}},{\"@type\":\"Person\",\"@id\":\"https:\\\/\\\/eldigitaldeasturias.com\\\/magazine365\\\/author\\\/admin\\\/#author\",\"url\":\"https:\\\/\\\/eldigitaldeasturias.com\\\/magazine365\\\/author\\\/admin\\\/\",\"name\":\"admin\",\"image\":{\"@type\":\"ImageObject\",\"@id\":\"https:\\\/\\\/eldigitaldeasturias.com\\\/magazine365\\\/ayuntamiento-de-murcia-promociona-la-huerta-la-cultura-y-la-gastronomia-murciana-en-la-fitur-2016\\\/#authorImage\",\"url\":\"https:\\\/\\\/eldigitaldeasturias.com\\\/magazine365\\\/wp-content\\\/litespeed\\\/avatar\\\/e571bcf59a0edd6fa6838245a470f2fe.jpg?ver=1777574230\",\"width\":96,\"height\":96,\"caption\":\"admin\"}},{\"@type\":\"WebPage\",\"@id\":\"https:\\\/\\\/eldigitaldeasturias.com\\\/magazine365\\\/ayuntamiento-de-murcia-promociona-la-huerta-la-cultura-y-la-gastronomia-murciana-en-la-fitur-2016\\\/#webpage\",\"url\":\"https:\\\/\\\/eldigitaldeasturias.com\\\/magazine365\\\/ayuntamiento-de-murcia-promociona-la-huerta-la-cultura-y-la-gastronomia-murciana-en-la-fitur-2016\\\/\",\"name\":\"Ayuntamiento de Murcia promociona la huerta, la cultura y la gastronom\\u00eda murciana en la Fitur 2016 | El Digital de Asturias\",\"description\":\"La Concejal\\u00eda de Empleo, Turismo y Cultura del Ayuntamiento de Murcia promocionar\\u00e1 principalmente la gastronom\\u00eda, la huerta y el turismo cultural de la ciudad en el stand que la Comunidad Aut\\u00f3noma va a instalar en la Feria Internacional de Turismo (Fitur 2016) la pr\\u00f3xima semana en Madrid. La Concejal\\u00eda presentar\\u00e1 un nuevo v\\u00eddeo en el\",\"inLanguage\":\"es-ES\",\"isPartOf\":{\"@id\":\"https:\\\/\\\/eldigitaldeasturias.com\\\/magazine365\\\/#website\"},\"breadcrumb\":{\"@id\":\"https:\\\/\\\/eldigitaldeasturias.com\\\/magazine365\\\/ayuntamiento-de-murcia-promociona-la-huerta-la-cultura-y-la-gastronomia-murciana-en-la-fitur-2016\\\/#breadcrumblist\"},\"author\":{\"@id\":\"https:\\\/\\\/eldigitaldeasturias.com\\\/magazine365\\\/author\\\/admin\\\/#author\"},\"creator\":{\"@id\":\"https:\\\/\\\/eldigitaldeasturias.com\\\/magazine365\\\/author\\\/admin\\\/#author\"},\"image\":{\"@type\":\"ImageObject\",\"url\":\"https:\\\/\\\/eldigitaldeasturias.com\\\/magazine365\\\/wp-content\\\/uploads\\\/2016\\\/01\\\/fotonoticia_20160114142801_800.jpg\",\"@id\":\"https:\\\/\\\/eldigitaldeasturias.com\\\/magazine365\\\/ayuntamiento-de-murcia-promociona-la-huerta-la-cultura-y-la-gastronomia-murciana-en-la-fitur-2016\\\/#mainImage\",\"width\":800,\"height\":537},\"primaryImageOfPage\":{\"@id\":\"https:\\\/\\\/eldigitaldeasturias.com\\\/magazine365\\\/ayuntamiento-de-murcia-promociona-la-huerta-la-cultura-y-la-gastronomia-murciana-en-la-fitur-2016\\\/#mainImage\"},\"datePublished\":\"2016-01-14T20:19:38+01:00\",\"dateModified\":\"2016-01-14T20:19:38+01:00\"},{\"@type\":\"WebSite\",\"@id\":\"https:\\\/\\\/eldigitaldeasturias.com\\\/magazine365\\\/#website\",\"url\":\"https:\\\/\\\/eldigitaldeasturias.com\\\/magazine365\\\/\",\"name\":\"El Digital de Asturias\",\"description\":\"Revista de ocio, turismo y estilo de vida\",\"inLanguage\":\"es-ES\",\"publisher\":{\"@id\":\"https:\\\/\\\/eldigitaldeasturias.com\\\/magazine365\\\/#organization\"}}]}\n\t\t<\/script>\n\t\t<!-- All in One SEO Pro -->\r\n\t\t<title>Ayuntamiento de Murcia promociona la huerta, la cultura y la gastronom\u00eda murciana en la Fitur 2016 | El Digital de Asturias<\/title>\n\n","aioseo_head_json":{"title":"Ayuntamiento de Murcia promociona la huerta, la cultura y la gastronom\u00eda murciana en la Fitur 2016 | El Digital de Asturias","description":"La Concejal\u00eda de Empleo, Turismo y Cultura del Ayuntamiento de Murcia promocionar\u00e1 principalmente la gastronom\u00eda, la huerta y el turismo cultural de la ciudad en el stand que la Comunidad Aut\u00f3noma va a instalar en la Feria Internacional de Turismo (Fitur 2016) la pr\u00f3xima semana en Madrid. La Concejal\u00eda presentar\u00e1 un nuevo v\u00eddeo en el","canonical_url":"https:\/\/eldigitaldeasturias.com\/magazine365\/ayuntamiento-de-murcia-promociona-la-huerta-la-cultura-y-la-gastronomia-murciana-en-la-fitur-2016\/","robots":"max-image-preview:large","keywords":"noticias y actualidad","webmasterTools":{"google-site-verification":"UA-38556648-1","miscellaneous":""},"schema":{"@context":"https:\/\/schema.org","@graph":[{"@type":"Article","@id":"https:\/\/eldigitaldeasturias.com\/magazine365\/ayuntamiento-de-murcia-promociona-la-huerta-la-cultura-y-la-gastronomia-murciana-en-la-fitur-2016\/#article","name":"Ayuntamiento de Murcia promociona la huerta, la cultura y la gastronom\u00eda murciana en la Fitur 2016 | El Digital de Asturias","headline":"Ayuntamiento de Murcia promociona la huerta, la cultura y la gastronom\u00eda murciana en la Fitur 2016","author":{"@id":"https:\/\/eldigitaldeasturias.com\/magazine365\/author\/admin\/#author"},"publisher":{"@id":"https:\/\/eldigitaldeasturias.com\/magazine365\/#organization"},"image":{"@type":"ImageObject","url":"https:\/\/eldigitaldeasturias.com\/magazine365\/wp-content\/uploads\/2016\/01\/fotonoticia_20160114142801_800.jpg","width":800,"height":537},"datePublished":"2016-01-14T20:19:38+01:00","dateModified":"2016-01-14T20:19:38+01:00","inLanguage":"es-ES","mainEntityOfPage":{"@id":"https:\/\/eldigitaldeasturias.com\/magazine365\/ayuntamiento-de-murcia-promociona-la-huerta-la-cultura-y-la-gastronomia-murciana-en-la-fitur-2016\/#webpage"},"isPartOf":{"@id":"https:\/\/eldigitaldeasturias.com\/magazine365\/ayuntamiento-de-murcia-promociona-la-huerta-la-cultura-y-la-gastronomia-murciana-en-la-fitur-2016\/#webpage"},"articleSection":"Noticias y Actualidad"},{"@type":"BreadcrumbList","@id":"https:\/\/eldigitaldeasturias.com\/magazine365\/ayuntamiento-de-murcia-promociona-la-huerta-la-cultura-y-la-gastronomia-murciana-en-la-fitur-2016\/#breadcrumblist","itemListElement":[{"@type":"ListItem","@id":"https:\/\/eldigitaldeasturias.com\/magazine365#listItem","position":1,"name":"Home","item":"https:\/\/eldigitaldeasturias.com\/magazine365","nextItem":{"@type":"ListItem","@id":"https:\/\/eldigitaldeasturias.com\/magazine365\/category\/noticias-actualidad\/#listItem","name":"Noticias y Actualidad"}},{"@type":"ListItem","@id":"https:\/\/eldigitaldeasturias.com\/magazine365\/category\/noticias-actualidad\/#listItem","position":2,"name":"Noticias y Actualidad","item":"https:\/\/eldigitaldeasturias.com\/magazine365\/category\/noticias-actualidad\/","nextItem":{"@type":"ListItem","@id":"https:\/\/eldigitaldeasturias.com\/magazine365\/ayuntamiento-de-murcia-promociona-la-huerta-la-cultura-y-la-gastronomia-murciana-en-la-fitur-2016\/#listItem","name":"Ayuntamiento de Murcia promociona la huerta, la cultura y la gastronom\u00eda murciana en la Fitur 2016"},"previousItem":{"@type":"ListItem","@id":"https:\/\/eldigitaldeasturias.com\/magazine365#listItem","name":"Home"}},{"@type":"ListItem","@id":"https:\/\/eldigitaldeasturias.com\/magazine365\/ayuntamiento-de-murcia-promociona-la-huerta-la-cultura-y-la-gastronomia-murciana-en-la-fitur-2016\/#listItem","position":3,"name":"Ayuntamiento de Murcia promociona la huerta, la cultura y la gastronom\u00eda murciana en la Fitur 2016","previousItem":{"@type":"ListItem","@id":"https:\/\/eldigitaldeasturias.com\/magazine365\/category\/noticias-actualidad\/#listItem","name":"Noticias y Actualidad"}}]},{"@type":"Organization","@id":"https:\/\/eldigitaldeasturias.com\/magazine365\/#organization","name":"El digital de Asturias","description":"Revista de ocio, turismo y estilo de vida","url":"https:\/\/eldigitaldeasturias.com\/magazine365\/","logo":{"@type":"ImageObject","url":"https:\/\/www.eldigitaldeasturias.com\/noticias\/wp-content\/uploads\/2020\/12\/EDA.jpg","@id":"https:\/\/eldigitaldeasturias.com\/magazine365\/ayuntamiento-de-murcia-promociona-la-huerta-la-cultura-y-la-gastronomia-murciana-en-la-fitur-2016\/#organizationLogo"},"image":{"@id":"https:\/\/eldigitaldeasturias.com\/magazine365\/ayuntamiento-de-murcia-promociona-la-huerta-la-cultura-y-la-gastronomia-murciana-en-la-fitur-2016\/#organizationLogo"}},{"@type":"Person","@id":"https:\/\/eldigitaldeasturias.com\/magazine365\/author\/admin\/#author","url":"https:\/\/eldigitaldeasturias.com\/magazine365\/author\/admin\/","name":"admin","image":{"@type":"ImageObject","@id":"https:\/\/eldigitaldeasturias.com\/magazine365\/ayuntamiento-de-murcia-promociona-la-huerta-la-cultura-y-la-gastronomia-murciana-en-la-fitur-2016\/#authorImage","url":"https:\/\/eldigitaldeasturias.com\/magazine365\/wp-content\/litespeed\/avatar\/e571bcf59a0edd6fa6838245a470f2fe.jpg?ver=1777574230","width":96,"height":96,"caption":"admin"}},{"@type":"WebPage","@id":"https:\/\/eldigitaldeasturias.com\/magazine365\/ayuntamiento-de-murcia-promociona-la-huerta-la-cultura-y-la-gastronomia-murciana-en-la-fitur-2016\/#webpage","url":"https:\/\/eldigitaldeasturias.com\/magazine365\/ayuntamiento-de-murcia-promociona-la-huerta-la-cultura-y-la-gastronomia-murciana-en-la-fitur-2016\/","name":"Ayuntamiento de Murcia promociona la huerta, la cultura y la gastronom\u00eda murciana en la Fitur 2016 | El Digital de Asturias","description":"La Concejal\u00eda de Empleo, Turismo y Cultura del Ayuntamiento de Murcia promocionar\u00e1 principalmente la gastronom\u00eda, la huerta y el turismo cultural de la ciudad en el stand que la Comunidad Aut\u00f3noma va a instalar en la Feria Internacional de Turismo (Fitur 2016) la pr\u00f3xima semana en Madrid. La Concejal\u00eda presentar\u00e1 un nuevo v\u00eddeo en el","inLanguage":"es-ES","isPartOf":{"@id":"https:\/\/eldigitaldeasturias.com\/magazine365\/#website"},"breadcrumb":{"@id":"https:\/\/eldigitaldeasturias.com\/magazine365\/ayuntamiento-de-murcia-promociona-la-huerta-la-cultura-y-la-gastronomia-murciana-en-la-fitur-2016\/#breadcrumblist"},"author":{"@id":"https:\/\/eldigitaldeasturias.com\/magazine365\/author\/admin\/#author"},"creator":{"@id":"https:\/\/eldigitaldeasturias.com\/magazine365\/author\/admin\/#author"},"image":{"@type":"ImageObject","url":"https:\/\/eldigitaldeasturias.com\/magazine365\/wp-content\/uploads\/2016\/01\/fotonoticia_20160114142801_800.jpg","@id":"https:\/\/eldigitaldeasturias.com\/magazine365\/ayuntamiento-de-murcia-promociona-la-huerta-la-cultura-y-la-gastronomia-murciana-en-la-fitur-2016\/#mainImage","width":800,"height":537},"primaryImageOfPage":{"@id":"https:\/\/eldigitaldeasturias.com\/magazine365\/ayuntamiento-de-murcia-promociona-la-huerta-la-cultura-y-la-gastronomia-murciana-en-la-fitur-2016\/#mainImage"},"datePublished":"2016-01-14T20:19:38+01:00","dateModified":"2016-01-14T20:19:38+01:00"},{"@type":"WebSite","@id":"https:\/\/eldigitaldeasturias.com\/magazine365\/#website","url":"https:\/\/eldigitaldeasturias.com\/magazine365\/","name":"El Digital de Asturias","description":"Revista de ocio, turismo y estilo de vida","inLanguage":"es-ES","publisher":{"@id":"https:\/\/eldigitaldeasturias.com\/magazine365\/#organization"}}]},"og:locale":"es_ES","og:site_name":"El Digital de Asturias \u2013 Revista de ocio, turismo y estilo de vida","og:type":"article","og:title":"Ayuntamiento de Murcia promociona la huerta, la cultura y la gastronom\u00eda murciana en la Fitur 2016 | El Digital de Asturias","og:description":"La Concejal\u00eda de Empleo, Turismo y Cultura del Ayuntamiento de Murcia promocionar\u00e1 principalmente la gastronom\u00eda, la huerta y el turismo cultural de la ciudad en el stand que la Comunidad Aut\u00f3noma va a instalar en la Feria Internacional de Turismo (Fitur 2016) la pr\u00f3xima semana en Madrid. La Concejal\u00eda presentar\u00e1 un nuevo v\u00eddeo en el","og:url":"https:\/\/eldigitaldeasturias.com\/magazine365\/ayuntamiento-de-murcia-promociona-la-huerta-la-cultura-y-la-gastronomia-murciana-en-la-fitur-2016\/","og:image":"https:\/\/eldigitaldeasturias.com\/magazine365\/wp-content\/uploads\/2016\/01\/fotonoticia_20160114142801_800.jpg","og:image:secure_url":"https:\/\/eldigitaldeasturias.com\/magazine365\/wp-content\/uploads\/2016\/01\/fotonoticia_20160114142801_800.jpg","og:image:width":800,"og:image:height":537,"article:published_time":"2016-01-14T19:19:38+00:00","article:modified_time":"2016-01-14T19:19:38+00:00","twitter:card":"summary_large_image","twitter:title":"Ayuntamiento de Murcia promociona la huerta, la cultura y la gastronom\u00eda murciana en la Fitur 2016 | El Digital de Asturias","twitter:description":"La Concejal\u00eda de Empleo, Turismo y Cultura del Ayuntamiento de Murcia promocionar\u00e1 principalmente la gastronom\u00eda, la huerta y el turismo cultural de la ciudad en el stand que la Comunidad Aut\u00f3noma va a instalar en la Feria Internacional de Turismo (Fitur 2016) la pr\u00f3xima semana en Madrid. La Concejal\u00eda presentar\u00e1 un nuevo v\u00eddeo en el","twitter:image":"https:\/\/eldigitaldeasturias.com\/magazine365\/wp-content\/uploads\/2016\/01\/fotonoticia_20160114142801_800.jpg"},"aioseo_meta_data":{"post_id":"60639","title":null,"description":null,"keywords":null,"keyphrases":null,"primary_term":null,"canonical_url":null,"og_title":null,"og_description":null,"og_object_type":"default","og_image_type":"default","og_image_url":null,"og_image_width":null,"og_image_height":null,"og_image_custom_url":null,"og_image_custom_fields":null,"og_video":null,"og_custom_url":null,"og_article_section":null,"og_article_tags":null,"twitter_use_og":false,"twitter_card":"default","twitter_image_type":"default","twitter_image_url":null,"twitter_image_custom_url":null,"twitter_image_custom_fields":null,"twitter_title":null,"twitter_description":null,"schema":{"blockGraphs":[],"customGraphs":[],"default":{"data":{"Article":[],"Course":[],"Dataset":[],"FAQPage":[],"Movie":[],"Person":[],"Product":[],"ProductReview":[],"Car":[],"Recipe":[],"Service":[],"SoftwareApplication":[],"WebPage":[]},"graphName":"","isEnabled":true},"graphs":[],"defaultGraph":"","defaultPostTypeGraph":""},"schema_type":null,"schema_type_options":null,"pillar_content":false,"robots_default":true,"robots_noindex":false,"robots_noarchive":false,"robots_nosnippet":false,"robots_nofollow":false,"robots_noimageindex":false,"robots_noodp":false,"robots_notranslate":false,"robots_max_snippet":null,"robots_max_videopreview":null,"robots_max_imagepreview":"large","priority":null,"frequency":null,"location":null,"local_seo":null,"seo_analyzer_scan_date":"2025-09-25 07:15:56","breadcrumb_settings":null,"limit_modified_date":false,"open_ai":null,"ai":null,"created":"2021-03-08 21:57:46","updated":"2025-09-25 07:15:56"},"aioseo_breadcrumb":"<div class=\"aioseo-breadcrumbs\"><span class=\"aioseo-breadcrumb\">\n\t<a href=\"https:\/\/eldigitaldeasturias.com\/magazine365\" title=\"Home\">Home<\/a>\n<\/span><span class=\"aioseo-breadcrumb-separator\">\u2013<\/span><span class=\"aioseo-breadcrumb\">\n\t<a href=\"https:\/\/eldigitaldeasturias.com\/magazine365\/category\/noticias-actualidad\/\" title=\"Noticias y Actualidad\">Noticias y Actualidad<\/a>\n<\/span><span class=\"aioseo-breadcrumb-separator\">\u2013<\/span><span class=\"aioseo-breadcrumb\">\n\t<a href=\"https:\/\/eldigitaldeasturias.com\/magazine365\/ayuntamiento-de-murcia-promociona-la-huerta-la-cultura-y-la-gastronomia-murciana-en-la-fitur-2016\/\" title=\"Ayuntamiento de Murcia promociona la huerta, la cultura y la gastronom\u00eda murciana en la Fitur 2016\">Ayuntamiento de Murcia promociona la huerta, la cultura y la gastronom\u00eda murciana en la Fitur 2016<\/a>\n<\/span><\/div>","aioseo_breadcrumb_json":[{"label":"Home","link":"https:\/\/eldigitaldeasturias.com\/magazine365"},{"label":"Noticias y Actualidad","link":"https:\/\/eldigitaldeasturias.com\/magazine365\/category\/noticias-actualidad\/"},{"label":"Ayuntamiento de Murcia promociona la huerta, la cultura y la gastronom\u00eda murciana en la Fitur 2016","link":"https:\/\/eldigitaldeasturias.com\/magazine365\/ayuntamiento-de-murcia-promociona-la-huerta-la-cultura-y-la-gastronomia-murciana-en-la-fitur-2016\/"}],"_links":{"self":[{"href":"https:\/\/eldigitaldeasturias.com\/magazine365\/wp-json\/wp\/v2\/posts\/60639","targetHints":{"allow":["GET"]}}],"collection":[{"href":"https:\/\/eldigitaldeasturias.com\/magazine365\/wp-json\/wp\/v2\/posts"}],"about":[{"href":"https:\/\/eldigitaldeasturias.com\/magazine365\/wp-json\/wp\/v2\/types\/post"}],"author":[{"embeddable":true,"href":"https:\/\/eldigitaldeasturias.com\/magazine365\/wp-json\/wp\/v2\/users\/1"}],"replies":[{"embeddable":true,"href":"https:\/\/eldigitaldeasturias.com\/magazine365\/wp-json\/wp\/v2\/comments?post=60639"}],"version-history":[{"count":0,"href":"https:\/\/eldigitaldeasturias.com\/magazine365\/wp-json\/wp\/v2\/posts\/60639\/revisions"}],"wp:featuredmedia":[{"embeddable":true,"href":"https:\/\/eldigitaldeasturias.com\/magazine365\/wp-json\/wp\/v2\/media\/60640"}],"wp:attachment":[{"href":"https:\/\/eldigitaldeasturias.com\/magazine365\/wp-json\/wp\/v2\/media?parent=60639"}],"wp:term":[{"taxonomy":"category","embeddable":true,"href":"https:\/\/eldigitaldeasturias.com\/magazine365\/wp-json\/wp\/v2\/categories?post=60639"},{"taxonomy":"post_tag","embeddable":true,"href":"https:\/\/eldigitaldeasturias.com\/magazine365\/wp-json\/wp\/v2\/tags?post=60639"}],"curies":[{"name":"wp","href":"https:\/\/api.w.org\/{rel}","templated":true}]}}