{"id":60614,"date":"2016-01-14T20:02:01","date_gmt":"2016-01-14T19:02:01","guid":{"rendered":"http:\/\/eldigitaldeasturias.com\/magazine365\/?p=60614"},"modified":"2016-01-14T20:02:01","modified_gmt":"2016-01-14T19:02:01","slug":"el-ayuntamiento-de-santander-ni-ha-pagado-ni-pagara-a-la-empresa-que-diseno-las-posibles-imagenes-de-marca","status":"publish","type":"post","link":"https:\/\/eldigitaldeasturias.com\/magazine365\/el-ayuntamiento-de-santander-ni-ha-pagado-ni-pagara-a-la-empresa-que-diseno-las-posibles-imagenes-de-marca\/","title":{"rendered":"El Ayuntamiento de Santander ni ha pagado ni pagar\u00e1 a la empresa que dise\u00f1\u00f3 las posibles im\u00e1genes de marca"},"content":{"rendered":"<p><img fetchpriority=\"high\" decoding=\"async\" class=\"alignleft size-medium wp-image-60615\" src=\"https:\/\/eldigitaldeasturias.com\/magazine365\/wp-content\/uploads\/2016\/01\/fotonoticia_20160114130321_800-360x251.jpg\" alt=\"fotonoticia_20160114130321_800\" width=\"360\" height=\"251\" srcset=\"https:\/\/eldigitaldeasturias.com\/magazine365\/wp-content\/uploads\/2016\/01\/fotonoticia_20160114130321_800-360x251.jpg 360w, https:\/\/eldigitaldeasturias.com\/magazine365\/wp-content\/uploads\/2016\/01\/fotonoticia_20160114130321_800-650x453.jpg 650w, https:\/\/eldigitaldeasturias.com\/magazine365\/wp-content\/uploads\/2016\/01\/fotonoticia_20160114130321_800-768x536.jpg 768w, https:\/\/eldigitaldeasturias.com\/magazine365\/wp-content\/uploads\/2016\/01\/fotonoticia_20160114130321_800-150x105.jpg 150w, https:\/\/eldigitaldeasturias.com\/magazine365\/wp-content\/uploads\/2016\/01\/fotonoticia_20160114130321_800-450x314.jpg 450w, https:\/\/eldigitaldeasturias.com\/magazine365\/wp-content\/uploads\/2016\/01\/fotonoticia_20160114130321_800-100x70.jpg 100w, https:\/\/eldigitaldeasturias.com\/magazine365\/wp-content\/uploads\/2016\/01\/fotonoticia_20160114130321_800-696x485.jpg 696w, https:\/\/eldigitaldeasturias.com\/magazine365\/wp-content\/uploads\/2016\/01\/fotonoticia_20160114130321_800-602x420.jpg 602w, https:\/\/eldigitaldeasturias.com\/magazine365\/wp-content\/uploads\/2016\/01\/fotonoticia_20160114130321_800.jpg 800w\" sizes=\"(max-width: 360px) 100vw, 360px\" \/>El alcalde de Santander, I\u00f1igo de la Serna, ha asegurado que el Ayuntamiento ni ha pagado ni pagar\u00e1 los 72.600 euros del contrato para el dise\u00f1o de la imagen de marca de la ciudad, que fue adjudicado a la empresa madrile\u00f1a PSLIVE y que ha sido rescindido tras constatar que existen serias dudas sobre la originalidad del trabajo. \u00abNi se ha realizado ni se va a realizar ning\u00fan tipo de abono a la empresa\u00bb, ha insistido.<\/p>\n<p>A preguntas de la prensa tras asistir al inicio de unas obras, De la Serna ha indicado que las declaraciones de los grupos municipales del PSOE y el PRC \u00abdiciendo que se hab\u00eda pagado eran rotundamente falsas\u00bb y ha criticado que, con ellas, s\u00f3lo quer\u00edan \u00abprovocar\u00bb y \u00abechar le\u00f1a al fuego\u00bb.<\/p>\n<p>El regidor municipal ha indicado que no pagar el trabajo realizado por PSLIVE no supondr\u00e1 \u00abninguna\u00bb consecuencia para el Consistorio. \u00abNo supone ning\u00fan da\u00f1o ni al Ayuntamiento ni a las arcas p\u00fablicas ni a los santanderinos m\u00e1s all\u00e1 del deseo que tengan algunos de que se produzca ese da\u00f1o, aunque en este caso lamentablemente han pinchado en hueso\u00bb, ha dicho en referencia a socialistas y regionalistas.<\/p>\n<p>Adem\u00e1s, De la Serna ha defendido que el Ayuntamiento ha actuado con \u00abceleridad, contundencia y transparencia\u00bb en cuanto ha detectado que \u00abalguna imagen de las presentadas ten\u00edan simulitud con otras que ya exist\u00edan\u00bb y, \u00abatendiendo a la gravedad de la situaci\u00f3n, ha resuelto el contrato de forma contundente y sin miramientos\u00bb.<\/p>\n<p>Tras esa rescisi\u00f3n del contrato, el alcalde ha avanzado que el Ayuntamiento volver\u00e1 a sacar a concurso el dise\u00f1o de la imagen de marca de la ciudad pero esta vez ser\u00e1 abierto en lugar de negociado &#8211;concurso mediante la invitaci\u00f3n de empresas&#8211;.<\/p>\n<p>Respecto a las cr\u00edticas de PSOE y PRC sobre la \u00abpol\u00e9mica\u00bb surgida, ha lamentado su \u00abhipocres\u00eda\u00bb porque hac\u00eda meses que \u00abconoc\u00edan a la perfecci\u00f3n\u00bb en qu\u00e9 consist\u00eda, c\u00f3mo se hab\u00eda hecho el procedimiento y de la aprobaci\u00f3n en la Junta de Gobierno Local y \u00abno han hecho ning\u00fan comentario, ni una sugerencia y una cr\u00edtica\u00bb.<\/p>\n<p>Para De la Serna, \u00abs\u00f3lo en el momento que hab\u00eda debate y cierta pol\u00e9mica han querido atizar el fuego\u00bb mientras que, durante los \u00faltimos meses, no s\u00f3lo no se han pronunciado sobre este asunto sino que \u00abhan estado callados y sin poner ninguna objecci\u00f3n ni al procedimiento ni a su resultado\u00bb.<\/p>\n<p>\u00abCreo que es bueno recordar a socialistas y regionalistas que ser\u00eda bueno que las cosas que dicen sobre la participaci\u00f3n las pudieran aplicar alguna vez\u00bb, ha se\u00f1alado, al tiempo que ha indicado que, en sus legislaturas de coalici\u00f3n en el Gobierno regional, \u00abjam\u00e1s nunca\u00bb han incluido procesos de participaci\u00f3n ciudadana.<\/p>\n<p>A su juicio, \u00abjam\u00e1s han querido que la gente opinara\u00bb y, por eso, ha considerado que hay \u00abuna falta de credibilidad absoluta\u00bb en sus declaraciones, que \u00ab\u00fanicamente obedecen a motivos pol\u00edticos\u00bb como demuestra que, hasta ahora, no se hayan pronunciado sobre el proceso que se estaba llevando a cabo.<\/p>\n<p>Por otro lado, el alcalde ha se\u00f1alado que \u00abtambi\u00e9n ha llamado mucho la atenci\u00f3n\u00bb que, cuando la concejala de Turismo y Relaciones Institucionales, Gema Igual, les cont\u00f3 \u00abla situaci\u00f3n del expediente\u00bb, ninguno de los dos partidos \u00abreclam\u00f3 la rescisi\u00f3n del contrato y permanecieran callados\u00bb y \u00absalieron fuera para decir lo que no hab\u00edan dicho en la reuni\u00f3n\u00bb.<\/p>\n<p>\u00abHay que dejar de un lado ya la demagogia en este tipo de asuntos\u00bb, ha reivindicado De la Serna que, adem\u00e1s, ha defendido que el Ayuntamiento ha actuado con \u00abceleridad, contundencia y transparencia\u00bb en un proceso que, ha ensalzado, va a \u00abmucho m\u00e1s all\u00e1\u00bb de la creaci\u00f3n de la imagen porque incluye sistemas de participaci\u00f3n ciudadana y posicionamiento.<\/p>\n","protected":false},"excerpt":{"rendered":"<p>El alcalde de Santander, I\u00f1igo de la Serna, ha asegurado que el Ayuntamiento ni ha pagado ni pagar\u00e1 los 72.600 euros del contrato para el dise\u00f1o de la imagen de marca de la ciudad, que fue adjudicado a la empresa madrile\u00f1a PSLIVE y que ha sido rescindido tras constatar que existen serias dudas sobre la<\/p>\n","protected":false},"author":1,"featured_media":60615,"comment_status":"open","ping_status":"closed","sticky":false,"template":"","format":"standard","meta":{"footnotes":""},"categories":[224],"tags":[],"class_list":{"0":"post-60614","1":"post","2":"type-post","3":"status-publish","4":"format-standard","5":"has-post-thumbnail","7":"category-noticias-actualidad"},"aioseo_notices":[],"aioseo_head":"\n\t\t<!-- All in One SEO Pro 4.9.6.1 - aioseo.com -->\n\t<meta name=\"description\" content=\"El alcalde de Santander, I\u00f1igo de la Serna, ha asegurado que el Ayuntamiento ni ha pagado ni pagar\u00e1 los 72.600 euros del contrato para el dise\u00f1o de la imagen de marca de la ciudad, que fue adjudicado a la empresa madrile\u00f1a PSLIVE y que ha sido rescindido tras constatar que existen serias dudas sobre la\" \/>\n\t<meta name=\"robots\" content=\"max-image-preview:large\" \/>\n\t<meta name=\"author\" content=\"admin\"\/>\n\t<meta name=\"google-site-verification\" content=\"UA-38556648-1\" \/>\n\t<meta name=\"keywords\" content=\"noticias y actualidad\" \/>\n\t<link rel=\"canonical\" href=\"https:\/\/eldigitaldeasturias.com\/magazine365\/el-ayuntamiento-de-santander-ni-ha-pagado-ni-pagara-a-la-empresa-que-diseno-las-posibles-imagenes-de-marca\/\" \/>\n\t<meta name=\"generator\" content=\"All in One SEO Pro (AIOSEO) 4.9.6.1\" \/>\n\t\t<meta property=\"og:locale\" content=\"es_ES\" \/>\n\t\t<meta property=\"og:site_name\" content=\"El Digital de Asturias \u2013 Revista de ocio, turismo y estilo de vida\" \/>\n\t\t<meta property=\"og:type\" content=\"article\" \/>\n\t\t<meta property=\"og:title\" content=\"El Ayuntamiento de Santander ni ha pagado ni pagar\u00e1 a la empresa que dise\u00f1\u00f3 las posibles im\u00e1genes de marca | El Digital de Asturias\" \/>\n\t\t<meta property=\"og:description\" content=\"El alcalde de Santander, I\u00f1igo de la Serna, ha asegurado que el Ayuntamiento ni ha pagado ni pagar\u00e1 los 72.600 euros del contrato para el dise\u00f1o de la imagen de marca de la ciudad, que fue adjudicado a la empresa madrile\u00f1a PSLIVE y que ha sido rescindido tras constatar que existen serias dudas sobre la\" \/>\n\t\t<meta property=\"og:url\" content=\"https:\/\/eldigitaldeasturias.com\/magazine365\/el-ayuntamiento-de-santander-ni-ha-pagado-ni-pagara-a-la-empresa-que-diseno-las-posibles-imagenes-de-marca\/\" \/>\n\t\t<meta property=\"og:image\" content=\"https:\/\/eldigitaldeasturias.com\/magazine365\/wp-content\/uploads\/2016\/01\/fotonoticia_20160114130321_800.jpg\" \/>\n\t\t<meta property=\"og:image:secure_url\" content=\"https:\/\/eldigitaldeasturias.com\/magazine365\/wp-content\/uploads\/2016\/01\/fotonoticia_20160114130321_800.jpg\" \/>\n\t\t<meta property=\"og:image:width\" content=\"800\" \/>\n\t\t<meta property=\"og:image:height\" content=\"558\" \/>\n\t\t<meta property=\"article:published_time\" content=\"2016-01-14T19:02:01+00:00\" \/>\n\t\t<meta property=\"article:modified_time\" content=\"2016-01-14T19:02:01+00:00\" \/>\n\t\t<meta name=\"twitter:card\" content=\"summary_large_image\" \/>\n\t\t<meta name=\"twitter:title\" content=\"El Ayuntamiento de Santander ni ha pagado ni pagar\u00e1 a la empresa que dise\u00f1\u00f3 las posibles im\u00e1genes de marca | El Digital de Asturias\" \/>\n\t\t<meta name=\"twitter:description\" content=\"El alcalde de Santander, I\u00f1igo de la Serna, ha asegurado que el Ayuntamiento ni ha pagado ni pagar\u00e1 los 72.600 euros del contrato para el dise\u00f1o de la imagen de marca de la ciudad, que fue adjudicado a la empresa madrile\u00f1a PSLIVE y que ha sido rescindido tras constatar que existen serias dudas sobre la\" \/>\n\t\t<meta name=\"twitter:image\" content=\"https:\/\/eldigitaldeasturias.com\/magazine365\/wp-content\/uploads\/2016\/01\/fotonoticia_20160114130321_800.jpg\" \/>\n\t\t<script type=\"application\/ld+json\" class=\"aioseo-schema\">\n\t\t\t{\"@context\":\"https:\\\/\\\/schema.org\",\"@graph\":[{\"@type\":\"Article\",\"@id\":\"https:\\\/\\\/eldigitaldeasturias.com\\\/magazine365\\\/el-ayuntamiento-de-santander-ni-ha-pagado-ni-pagara-a-la-empresa-que-diseno-las-posibles-imagenes-de-marca\\\/#article\",\"name\":\"El Ayuntamiento de Santander ni ha pagado ni pagar\\u00e1 a la empresa que dise\\u00f1\\u00f3 las posibles im\\u00e1genes de marca | El Digital de Asturias\",\"headline\":\"El Ayuntamiento de Santander ni ha pagado ni pagar\\u00e1 a la empresa que dise\\u00f1\\u00f3 las posibles im\\u00e1genes de marca\",\"author\":{\"@id\":\"https:\\\/\\\/eldigitaldeasturias.com\\\/magazine365\\\/author\\\/admin\\\/#author\"},\"publisher\":{\"@id\":\"https:\\\/\\\/eldigitaldeasturias.com\\\/magazine365\\\/#organization\"},\"image\":{\"@type\":\"ImageObject\",\"url\":\"https:\\\/\\\/eldigitaldeasturias.com\\\/magazine365\\\/wp-content\\\/uploads\\\/2016\\\/01\\\/fotonoticia_20160114130321_800.jpg\",\"width\":800,\"height\":558},\"datePublished\":\"2016-01-14T20:02:01+01:00\",\"dateModified\":\"2016-01-14T20:02:01+01:00\",\"inLanguage\":\"es-ES\",\"mainEntityOfPage\":{\"@id\":\"https:\\\/\\\/eldigitaldeasturias.com\\\/magazine365\\\/el-ayuntamiento-de-santander-ni-ha-pagado-ni-pagara-a-la-empresa-que-diseno-las-posibles-imagenes-de-marca\\\/#webpage\"},\"isPartOf\":{\"@id\":\"https:\\\/\\\/eldigitaldeasturias.com\\\/magazine365\\\/el-ayuntamiento-de-santander-ni-ha-pagado-ni-pagara-a-la-empresa-que-diseno-las-posibles-imagenes-de-marca\\\/#webpage\"},\"articleSection\":\"Noticias y Actualidad\"},{\"@type\":\"BreadcrumbList\",\"@id\":\"https:\\\/\\\/eldigitaldeasturias.com\\\/magazine365\\\/el-ayuntamiento-de-santander-ni-ha-pagado-ni-pagara-a-la-empresa-que-diseno-las-posibles-imagenes-de-marca\\\/#breadcrumblist\",\"itemListElement\":[{\"@type\":\"ListItem\",\"@id\":\"https:\\\/\\\/eldigitaldeasturias.com\\\/magazine365#listItem\",\"position\":1,\"name\":\"Home\",\"item\":\"https:\\\/\\\/eldigitaldeasturias.com\\\/magazine365\",\"nextItem\":{\"@type\":\"ListItem\",\"@id\":\"https:\\\/\\\/eldigitaldeasturias.com\\\/magazine365\\\/category\\\/noticias-actualidad\\\/#listItem\",\"name\":\"Noticias y Actualidad\"}},{\"@type\":\"ListItem\",\"@id\":\"https:\\\/\\\/eldigitaldeasturias.com\\\/magazine365\\\/category\\\/noticias-actualidad\\\/#listItem\",\"position\":2,\"name\":\"Noticias y Actualidad\",\"item\":\"https:\\\/\\\/eldigitaldeasturias.com\\\/magazine365\\\/category\\\/noticias-actualidad\\\/\",\"nextItem\":{\"@type\":\"ListItem\",\"@id\":\"https:\\\/\\\/eldigitaldeasturias.com\\\/magazine365\\\/el-ayuntamiento-de-santander-ni-ha-pagado-ni-pagara-a-la-empresa-que-diseno-las-posibles-imagenes-de-marca\\\/#listItem\",\"name\":\"El Ayuntamiento de Santander ni ha pagado ni pagar\\u00e1 a la empresa que dise\\u00f1\\u00f3 las posibles im\\u00e1genes de marca\"},\"previousItem\":{\"@type\":\"ListItem\",\"@id\":\"https:\\\/\\\/eldigitaldeasturias.com\\\/magazine365#listItem\",\"name\":\"Home\"}},{\"@type\":\"ListItem\",\"@id\":\"https:\\\/\\\/eldigitaldeasturias.com\\\/magazine365\\\/el-ayuntamiento-de-santander-ni-ha-pagado-ni-pagara-a-la-empresa-que-diseno-las-posibles-imagenes-de-marca\\\/#listItem\",\"position\":3,\"name\":\"El Ayuntamiento de Santander ni ha pagado ni pagar\\u00e1 a la empresa que dise\\u00f1\\u00f3 las posibles im\\u00e1genes de marca\",\"previousItem\":{\"@type\":\"ListItem\",\"@id\":\"https:\\\/\\\/eldigitaldeasturias.com\\\/magazine365\\\/category\\\/noticias-actualidad\\\/#listItem\",\"name\":\"Noticias y Actualidad\"}}]},{\"@type\":\"Organization\",\"@id\":\"https:\\\/\\\/eldigitaldeasturias.com\\\/magazine365\\\/#organization\",\"name\":\"El digital de Asturias\",\"description\":\"Revista de ocio, turismo y estilo de vida\",\"url\":\"https:\\\/\\\/eldigitaldeasturias.com\\\/magazine365\\\/\",\"logo\":{\"@type\":\"ImageObject\",\"url\":\"https:\\\/\\\/www.eldigitaldeasturias.com\\\/noticias\\\/wp-content\\\/uploads\\\/2020\\\/12\\\/EDA.jpg\",\"@id\":\"https:\\\/\\\/eldigitaldeasturias.com\\\/magazine365\\\/el-ayuntamiento-de-santander-ni-ha-pagado-ni-pagara-a-la-empresa-que-diseno-las-posibles-imagenes-de-marca\\\/#organizationLogo\"},\"image\":{\"@id\":\"https:\\\/\\\/eldigitaldeasturias.com\\\/magazine365\\\/el-ayuntamiento-de-santander-ni-ha-pagado-ni-pagara-a-la-empresa-que-diseno-las-posibles-imagenes-de-marca\\\/#organizationLogo\"}},{\"@type\":\"Person\",\"@id\":\"https:\\\/\\\/eldigitaldeasturias.com\\\/magazine365\\\/author\\\/admin\\\/#author\",\"url\":\"https:\\\/\\\/eldigitaldeasturias.com\\\/magazine365\\\/author\\\/admin\\\/\",\"name\":\"admin\",\"image\":{\"@type\":\"ImageObject\",\"@id\":\"https:\\\/\\\/eldigitaldeasturias.com\\\/magazine365\\\/el-ayuntamiento-de-santander-ni-ha-pagado-ni-pagara-a-la-empresa-que-diseno-las-posibles-imagenes-de-marca\\\/#authorImage\",\"url\":\"https:\\\/\\\/eldigitaldeasturias.com\\\/magazine365\\\/wp-content\\\/litespeed\\\/avatar\\\/e571bcf59a0edd6fa6838245a470f2fe.jpg?ver=1777574230\",\"width\":96,\"height\":96,\"caption\":\"admin\"}},{\"@type\":\"WebPage\",\"@id\":\"https:\\\/\\\/eldigitaldeasturias.com\\\/magazine365\\\/el-ayuntamiento-de-santander-ni-ha-pagado-ni-pagara-a-la-empresa-que-diseno-las-posibles-imagenes-de-marca\\\/#webpage\",\"url\":\"https:\\\/\\\/eldigitaldeasturias.com\\\/magazine365\\\/el-ayuntamiento-de-santander-ni-ha-pagado-ni-pagara-a-la-empresa-que-diseno-las-posibles-imagenes-de-marca\\\/\",\"name\":\"El Ayuntamiento de Santander ni ha pagado ni pagar\\u00e1 a la empresa que dise\\u00f1\\u00f3 las posibles im\\u00e1genes de marca | El Digital de Asturias\",\"description\":\"El alcalde de Santander, I\\u00f1igo de la Serna, ha asegurado que el Ayuntamiento ni ha pagado ni pagar\\u00e1 los 72.600 euros del contrato para el dise\\u00f1o de la imagen de marca de la ciudad, que fue adjudicado a la empresa madrile\\u00f1a PSLIVE y que ha sido rescindido tras constatar que existen serias dudas sobre la\",\"inLanguage\":\"es-ES\",\"isPartOf\":{\"@id\":\"https:\\\/\\\/eldigitaldeasturias.com\\\/magazine365\\\/#website\"},\"breadcrumb\":{\"@id\":\"https:\\\/\\\/eldigitaldeasturias.com\\\/magazine365\\\/el-ayuntamiento-de-santander-ni-ha-pagado-ni-pagara-a-la-empresa-que-diseno-las-posibles-imagenes-de-marca\\\/#breadcrumblist\"},\"author\":{\"@id\":\"https:\\\/\\\/eldigitaldeasturias.com\\\/magazine365\\\/author\\\/admin\\\/#author\"},\"creator\":{\"@id\":\"https:\\\/\\\/eldigitaldeasturias.com\\\/magazine365\\\/author\\\/admin\\\/#author\"},\"image\":{\"@type\":\"ImageObject\",\"url\":\"https:\\\/\\\/eldigitaldeasturias.com\\\/magazine365\\\/wp-content\\\/uploads\\\/2016\\\/01\\\/fotonoticia_20160114130321_800.jpg\",\"@id\":\"https:\\\/\\\/eldigitaldeasturias.com\\\/magazine365\\\/el-ayuntamiento-de-santander-ni-ha-pagado-ni-pagara-a-la-empresa-que-diseno-las-posibles-imagenes-de-marca\\\/#mainImage\",\"width\":800,\"height\":558},\"primaryImageOfPage\":{\"@id\":\"https:\\\/\\\/eldigitaldeasturias.com\\\/magazine365\\\/el-ayuntamiento-de-santander-ni-ha-pagado-ni-pagara-a-la-empresa-que-diseno-las-posibles-imagenes-de-marca\\\/#mainImage\"},\"datePublished\":\"2016-01-14T20:02:01+01:00\",\"dateModified\":\"2016-01-14T20:02:01+01:00\"},{\"@type\":\"WebSite\",\"@id\":\"https:\\\/\\\/eldigitaldeasturias.com\\\/magazine365\\\/#website\",\"url\":\"https:\\\/\\\/eldigitaldeasturias.com\\\/magazine365\\\/\",\"name\":\"El Digital de Asturias\",\"description\":\"Revista de ocio, turismo y estilo de vida\",\"inLanguage\":\"es-ES\",\"publisher\":{\"@id\":\"https:\\\/\\\/eldigitaldeasturias.com\\\/magazine365\\\/#organization\"}}]}\n\t\t<\/script>\n\t\t<!-- All in One SEO Pro -->\r\n\t\t<title>El Ayuntamiento de Santander ni ha pagado ni pagar\u00e1 a la empresa que dise\u00f1\u00f3 las posibles im\u00e1genes de marca | El Digital de Asturias<\/title>\n\n","aioseo_head_json":{"title":"El Ayuntamiento de Santander ni ha pagado ni pagar\u00e1 a la empresa que dise\u00f1\u00f3 las posibles im\u00e1genes de marca | El Digital de Asturias","description":"El alcalde de Santander, I\u00f1igo de la Serna, ha asegurado que el Ayuntamiento ni ha pagado ni pagar\u00e1 los 72.600 euros del contrato para el dise\u00f1o de la imagen de marca de la ciudad, que fue adjudicado a la empresa madrile\u00f1a PSLIVE y que ha sido rescindido tras constatar que existen serias dudas sobre la","canonical_url":"https:\/\/eldigitaldeasturias.com\/magazine365\/el-ayuntamiento-de-santander-ni-ha-pagado-ni-pagara-a-la-empresa-que-diseno-las-posibles-imagenes-de-marca\/","robots":"max-image-preview:large","keywords":"noticias y actualidad","webmasterTools":{"google-site-verification":"UA-38556648-1","miscellaneous":""},"schema":{"@context":"https:\/\/schema.org","@graph":[{"@type":"Article","@id":"https:\/\/eldigitaldeasturias.com\/magazine365\/el-ayuntamiento-de-santander-ni-ha-pagado-ni-pagara-a-la-empresa-que-diseno-las-posibles-imagenes-de-marca\/#article","name":"El Ayuntamiento de Santander ni ha pagado ni pagar\u00e1 a la empresa que dise\u00f1\u00f3 las posibles im\u00e1genes de marca | El Digital de Asturias","headline":"El Ayuntamiento de Santander ni ha pagado ni pagar\u00e1 a la empresa que dise\u00f1\u00f3 las posibles im\u00e1genes de marca","author":{"@id":"https:\/\/eldigitaldeasturias.com\/magazine365\/author\/admin\/#author"},"publisher":{"@id":"https:\/\/eldigitaldeasturias.com\/magazine365\/#organization"},"image":{"@type":"ImageObject","url":"https:\/\/eldigitaldeasturias.com\/magazine365\/wp-content\/uploads\/2016\/01\/fotonoticia_20160114130321_800.jpg","width":800,"height":558},"datePublished":"2016-01-14T20:02:01+01:00","dateModified":"2016-01-14T20:02:01+01:00","inLanguage":"es-ES","mainEntityOfPage":{"@id":"https:\/\/eldigitaldeasturias.com\/magazine365\/el-ayuntamiento-de-santander-ni-ha-pagado-ni-pagara-a-la-empresa-que-diseno-las-posibles-imagenes-de-marca\/#webpage"},"isPartOf":{"@id":"https:\/\/eldigitaldeasturias.com\/magazine365\/el-ayuntamiento-de-santander-ni-ha-pagado-ni-pagara-a-la-empresa-que-diseno-las-posibles-imagenes-de-marca\/#webpage"},"articleSection":"Noticias y Actualidad"},{"@type":"BreadcrumbList","@id":"https:\/\/eldigitaldeasturias.com\/magazine365\/el-ayuntamiento-de-santander-ni-ha-pagado-ni-pagara-a-la-empresa-que-diseno-las-posibles-imagenes-de-marca\/#breadcrumblist","itemListElement":[{"@type":"ListItem","@id":"https:\/\/eldigitaldeasturias.com\/magazine365#listItem","position":1,"name":"Home","item":"https:\/\/eldigitaldeasturias.com\/magazine365","nextItem":{"@type":"ListItem","@id":"https:\/\/eldigitaldeasturias.com\/magazine365\/category\/noticias-actualidad\/#listItem","name":"Noticias y Actualidad"}},{"@type":"ListItem","@id":"https:\/\/eldigitaldeasturias.com\/magazine365\/category\/noticias-actualidad\/#listItem","position":2,"name":"Noticias y Actualidad","item":"https:\/\/eldigitaldeasturias.com\/magazine365\/category\/noticias-actualidad\/","nextItem":{"@type":"ListItem","@id":"https:\/\/eldigitaldeasturias.com\/magazine365\/el-ayuntamiento-de-santander-ni-ha-pagado-ni-pagara-a-la-empresa-que-diseno-las-posibles-imagenes-de-marca\/#listItem","name":"El Ayuntamiento de Santander ni ha pagado ni pagar\u00e1 a la empresa que dise\u00f1\u00f3 las posibles im\u00e1genes de marca"},"previousItem":{"@type":"ListItem","@id":"https:\/\/eldigitaldeasturias.com\/magazine365#listItem","name":"Home"}},{"@type":"ListItem","@id":"https:\/\/eldigitaldeasturias.com\/magazine365\/el-ayuntamiento-de-santander-ni-ha-pagado-ni-pagara-a-la-empresa-que-diseno-las-posibles-imagenes-de-marca\/#listItem","position":3,"name":"El Ayuntamiento de Santander ni ha pagado ni pagar\u00e1 a la empresa que dise\u00f1\u00f3 las posibles im\u00e1genes de marca","previousItem":{"@type":"ListItem","@id":"https:\/\/eldigitaldeasturias.com\/magazine365\/category\/noticias-actualidad\/#listItem","name":"Noticias y Actualidad"}}]},{"@type":"Organization","@id":"https:\/\/eldigitaldeasturias.com\/magazine365\/#organization","name":"El digital de Asturias","description":"Revista de ocio, turismo y estilo de vida","url":"https:\/\/eldigitaldeasturias.com\/magazine365\/","logo":{"@type":"ImageObject","url":"https:\/\/www.eldigitaldeasturias.com\/noticias\/wp-content\/uploads\/2020\/12\/EDA.jpg","@id":"https:\/\/eldigitaldeasturias.com\/magazine365\/el-ayuntamiento-de-santander-ni-ha-pagado-ni-pagara-a-la-empresa-que-diseno-las-posibles-imagenes-de-marca\/#organizationLogo"},"image":{"@id":"https:\/\/eldigitaldeasturias.com\/magazine365\/el-ayuntamiento-de-santander-ni-ha-pagado-ni-pagara-a-la-empresa-que-diseno-las-posibles-imagenes-de-marca\/#organizationLogo"}},{"@type":"Person","@id":"https:\/\/eldigitaldeasturias.com\/magazine365\/author\/admin\/#author","url":"https:\/\/eldigitaldeasturias.com\/magazine365\/author\/admin\/","name":"admin","image":{"@type":"ImageObject","@id":"https:\/\/eldigitaldeasturias.com\/magazine365\/el-ayuntamiento-de-santander-ni-ha-pagado-ni-pagara-a-la-empresa-que-diseno-las-posibles-imagenes-de-marca\/#authorImage","url":"https:\/\/eldigitaldeasturias.com\/magazine365\/wp-content\/litespeed\/avatar\/e571bcf59a0edd6fa6838245a470f2fe.jpg?ver=1777574230","width":96,"height":96,"caption":"admin"}},{"@type":"WebPage","@id":"https:\/\/eldigitaldeasturias.com\/magazine365\/el-ayuntamiento-de-santander-ni-ha-pagado-ni-pagara-a-la-empresa-que-diseno-las-posibles-imagenes-de-marca\/#webpage","url":"https:\/\/eldigitaldeasturias.com\/magazine365\/el-ayuntamiento-de-santander-ni-ha-pagado-ni-pagara-a-la-empresa-que-diseno-las-posibles-imagenes-de-marca\/","name":"El Ayuntamiento de Santander ni ha pagado ni pagar\u00e1 a la empresa que dise\u00f1\u00f3 las posibles im\u00e1genes de marca | El Digital de Asturias","description":"El alcalde de Santander, I\u00f1igo de la Serna, ha asegurado que el Ayuntamiento ni ha pagado ni pagar\u00e1 los 72.600 euros del contrato para el dise\u00f1o de la imagen de marca de la ciudad, que fue adjudicado a la empresa madrile\u00f1a PSLIVE y que ha sido rescindido tras constatar que existen serias dudas sobre la","inLanguage":"es-ES","isPartOf":{"@id":"https:\/\/eldigitaldeasturias.com\/magazine365\/#website"},"breadcrumb":{"@id":"https:\/\/eldigitaldeasturias.com\/magazine365\/el-ayuntamiento-de-santander-ni-ha-pagado-ni-pagara-a-la-empresa-que-diseno-las-posibles-imagenes-de-marca\/#breadcrumblist"},"author":{"@id":"https:\/\/eldigitaldeasturias.com\/magazine365\/author\/admin\/#author"},"creator":{"@id":"https:\/\/eldigitaldeasturias.com\/magazine365\/author\/admin\/#author"},"image":{"@type":"ImageObject","url":"https:\/\/eldigitaldeasturias.com\/magazine365\/wp-content\/uploads\/2016\/01\/fotonoticia_20160114130321_800.jpg","@id":"https:\/\/eldigitaldeasturias.com\/magazine365\/el-ayuntamiento-de-santander-ni-ha-pagado-ni-pagara-a-la-empresa-que-diseno-las-posibles-imagenes-de-marca\/#mainImage","width":800,"height":558},"primaryImageOfPage":{"@id":"https:\/\/eldigitaldeasturias.com\/magazine365\/el-ayuntamiento-de-santander-ni-ha-pagado-ni-pagara-a-la-empresa-que-diseno-las-posibles-imagenes-de-marca\/#mainImage"},"datePublished":"2016-01-14T20:02:01+01:00","dateModified":"2016-01-14T20:02:01+01:00"},{"@type":"WebSite","@id":"https:\/\/eldigitaldeasturias.com\/magazine365\/#website","url":"https:\/\/eldigitaldeasturias.com\/magazine365\/","name":"El Digital de Asturias","description":"Revista de ocio, turismo y estilo de vida","inLanguage":"es-ES","publisher":{"@id":"https:\/\/eldigitaldeasturias.com\/magazine365\/#organization"}}]},"og:locale":"es_ES","og:site_name":"El Digital de Asturias \u2013 Revista de ocio, turismo y estilo de vida","og:type":"article","og:title":"El Ayuntamiento de Santander ni ha pagado ni pagar\u00e1 a la empresa que dise\u00f1\u00f3 las posibles im\u00e1genes de marca | El Digital de Asturias","og:description":"El alcalde de Santander, I\u00f1igo de la Serna, ha asegurado que el Ayuntamiento ni ha pagado ni pagar\u00e1 los 72.600 euros del contrato para el dise\u00f1o de la imagen de marca de la ciudad, que fue adjudicado a la empresa madrile\u00f1a PSLIVE y que ha sido rescindido tras constatar que existen serias dudas sobre la","og:url":"https:\/\/eldigitaldeasturias.com\/magazine365\/el-ayuntamiento-de-santander-ni-ha-pagado-ni-pagara-a-la-empresa-que-diseno-las-posibles-imagenes-de-marca\/","og:image":"https:\/\/eldigitaldeasturias.com\/magazine365\/wp-content\/uploads\/2016\/01\/fotonoticia_20160114130321_800.jpg","og:image:secure_url":"https:\/\/eldigitaldeasturias.com\/magazine365\/wp-content\/uploads\/2016\/01\/fotonoticia_20160114130321_800.jpg","og:image:width":800,"og:image:height":558,"article:published_time":"2016-01-14T19:02:01+00:00","article:modified_time":"2016-01-14T19:02:01+00:00","twitter:card":"summary_large_image","twitter:title":"El Ayuntamiento de Santander ni ha pagado ni pagar\u00e1 a la empresa que dise\u00f1\u00f3 las posibles im\u00e1genes de marca | El Digital de Asturias","twitter:description":"El alcalde de Santander, I\u00f1igo de la Serna, ha asegurado que el Ayuntamiento ni ha pagado ni pagar\u00e1 los 72.600 euros del contrato para el dise\u00f1o de la imagen de marca de la ciudad, que fue adjudicado a la empresa madrile\u00f1a PSLIVE y que ha sido rescindido tras constatar que existen serias dudas sobre la","twitter:image":"https:\/\/eldigitaldeasturias.com\/magazine365\/wp-content\/uploads\/2016\/01\/fotonoticia_20160114130321_800.jpg"},"aioseo_meta_data":{"post_id":"60614","title":null,"description":null,"keywords":null,"keyphrases":null,"primary_term":null,"canonical_url":null,"og_title":null,"og_description":null,"og_object_type":"default","og_image_type":"default","og_image_url":null,"og_image_width":null,"og_image_height":null,"og_image_custom_url":null,"og_image_custom_fields":null,"og_video":null,"og_custom_url":null,"og_article_section":null,"og_article_tags":null,"twitter_use_og":false,"twitter_card":"default","twitter_image_type":"default","twitter_image_url":null,"twitter_image_custom_url":null,"twitter_image_custom_fields":null,"twitter_title":null,"twitter_description":null,"schema":{"blockGraphs":[],"customGraphs":[],"default":{"data":{"Article":[],"Course":[],"Dataset":[],"FAQPage":[],"Movie":[],"Person":[],"Product":[],"ProductReview":[],"Car":[],"Recipe":[],"Service":[],"SoftwareApplication":[],"WebPage":[]},"graphName":"","isEnabled":true},"graphs":[],"defaultGraph":"","defaultPostTypeGraph":""},"schema_type":null,"schema_type_options":null,"pillar_content":false,"robots_default":true,"robots_noindex":false,"robots_noarchive":false,"robots_nosnippet":false,"robots_nofollow":false,"robots_noimageindex":false,"robots_noodp":false,"robots_notranslate":false,"robots_max_snippet":null,"robots_max_videopreview":null,"robots_max_imagepreview":"large","priority":null,"frequency":null,"location":null,"local_seo":null,"seo_analyzer_scan_date":"2025-09-25 07:14:46","breadcrumb_settings":null,"limit_modified_date":false,"open_ai":null,"ai":null,"created":"2021-03-08 21:57:46","updated":"2025-09-25 07:14:46"},"aioseo_breadcrumb":"<div class=\"aioseo-breadcrumbs\"><span class=\"aioseo-breadcrumb\">\n\t<a href=\"https:\/\/eldigitaldeasturias.com\/magazine365\" title=\"Home\">Home<\/a>\n<\/span><span class=\"aioseo-breadcrumb-separator\">\u2013<\/span><span class=\"aioseo-breadcrumb\">\n\t<a href=\"https:\/\/eldigitaldeasturias.com\/magazine365\/category\/noticias-actualidad\/\" title=\"Noticias y Actualidad\">Noticias y Actualidad<\/a>\n<\/span><span class=\"aioseo-breadcrumb-separator\">\u2013<\/span><span class=\"aioseo-breadcrumb\">\n\t<a href=\"https:\/\/eldigitaldeasturias.com\/magazine365\/el-ayuntamiento-de-santander-ni-ha-pagado-ni-pagara-a-la-empresa-que-diseno-las-posibles-imagenes-de-marca\/\" title=\"El Ayuntamiento de Santander ni ha pagado ni pagar\u00e1 a la empresa que dise\u00f1\u00f3 las posibles im\u00e1genes de marca\">El Ayuntamiento de Santander ni ha pagado ni pagar\u00e1 a la empresa que dise\u00f1\u00f3 las posibles im\u00e1genes de marca<\/a>\n<\/span><\/div>","aioseo_breadcrumb_json":[{"label":"Home","link":"https:\/\/eldigitaldeasturias.com\/magazine365"},{"label":"Noticias y Actualidad","link":"https:\/\/eldigitaldeasturias.com\/magazine365\/category\/noticias-actualidad\/"},{"label":"El Ayuntamiento de Santander ni ha pagado ni pagar\u00e1 a la empresa que dise\u00f1\u00f3 las posibles im\u00e1genes de marca","link":"https:\/\/eldigitaldeasturias.com\/magazine365\/el-ayuntamiento-de-santander-ni-ha-pagado-ni-pagara-a-la-empresa-que-diseno-las-posibles-imagenes-de-marca\/"}],"_links":{"self":[{"href":"https:\/\/eldigitaldeasturias.com\/magazine365\/wp-json\/wp\/v2\/posts\/60614","targetHints":{"allow":["GET"]}}],"collection":[{"href":"https:\/\/eldigitaldeasturias.com\/magazine365\/wp-json\/wp\/v2\/posts"}],"about":[{"href":"https:\/\/eldigitaldeasturias.com\/magazine365\/wp-json\/wp\/v2\/types\/post"}],"author":[{"embeddable":true,"href":"https:\/\/eldigitaldeasturias.com\/magazine365\/wp-json\/wp\/v2\/users\/1"}],"replies":[{"embeddable":true,"href":"https:\/\/eldigitaldeasturias.com\/magazine365\/wp-json\/wp\/v2\/comments?post=60614"}],"version-history":[{"count":0,"href":"https:\/\/eldigitaldeasturias.com\/magazine365\/wp-json\/wp\/v2\/posts\/60614\/revisions"}],"wp:featuredmedia":[{"embeddable":true,"href":"https:\/\/eldigitaldeasturias.com\/magazine365\/wp-json\/wp\/v2\/media\/60615"}],"wp:attachment":[{"href":"https:\/\/eldigitaldeasturias.com\/magazine365\/wp-json\/wp\/v2\/media?parent=60614"}],"wp:term":[{"taxonomy":"category","embeddable":true,"href":"https:\/\/eldigitaldeasturias.com\/magazine365\/wp-json\/wp\/v2\/categories?post=60614"},{"taxonomy":"post_tag","embeddable":true,"href":"https:\/\/eldigitaldeasturias.com\/magazine365\/wp-json\/wp\/v2\/tags?post=60614"}],"curies":[{"name":"wp","href":"https:\/\/api.w.org\/{rel}","templated":true}]}}