{"id":60593,"date":"2016-01-14T15:40:12","date_gmt":"2016-01-14T14:40:12","guid":{"rendered":"http:\/\/eldigitaldeasturias.com\/magazine365\/?p=60593"},"modified":"2016-01-14T15:40:12","modified_gmt":"2016-01-14T14:40:12","slug":"los-usuarios-de-avion-aumentan-un-76-y-los-de-ave-y-larga-distancia-crecen-un-53-en-noviembre","status":"publish","type":"post","link":"https:\/\/eldigitaldeasturias.com\/magazine365\/los-usuarios-de-avion-aumentan-un-76-y-los-de-ave-y-larga-distancia-crecen-un-53-en-noviembre\/","title":{"rendered":"Los usuarios de avi\u00f3n aumentan un 7,6% y los de AVE y Larga Distancia crecen un 5,3% en noviembre"},"content":{"rendered":"<p><img fetchpriority=\"high\" decoding=\"async\" class=\"alignleft size-medium wp-image-60594\" src=\"https:\/\/eldigitaldeasturias.com\/magazine365\/wp-content\/uploads\/2016\/01\/fotonoticia_20160114095708_800-360x240.jpg\" alt=\"fotonoticia_20160114095708_800\" width=\"360\" height=\"240\" srcset=\"https:\/\/eldigitaldeasturias.com\/magazine365\/wp-content\/uploads\/2016\/01\/fotonoticia_20160114095708_800-360x240.jpg 360w, https:\/\/eldigitaldeasturias.com\/magazine365\/wp-content\/uploads\/2016\/01\/fotonoticia_20160114095708_800-650x433.jpg 650w, https:\/\/eldigitaldeasturias.com\/magazine365\/wp-content\/uploads\/2016\/01\/fotonoticia_20160114095708_800-768x512.jpg 768w, https:\/\/eldigitaldeasturias.com\/magazine365\/wp-content\/uploads\/2016\/01\/fotonoticia_20160114095708_800-150x100.jpg 150w, https:\/\/eldigitaldeasturias.com\/magazine365\/wp-content\/uploads\/2016\/01\/fotonoticia_20160114095708_800-450x300.jpg 450w, https:\/\/eldigitaldeasturias.com\/magazine365\/wp-content\/uploads\/2016\/01\/fotonoticia_20160114095708_800-696x464.jpg 696w, https:\/\/eldigitaldeasturias.com\/magazine365\/wp-content\/uploads\/2016\/01\/fotonoticia_20160114095708_800-630x420.jpg 630w, https:\/\/eldigitaldeasturias.com\/magazine365\/wp-content\/uploads\/2016\/01\/fotonoticia_20160114095708_800-101x66.jpg 101w, https:\/\/eldigitaldeasturias.com\/magazine365\/wp-content\/uploads\/2016\/01\/fotonoticia_20160114095708_800.jpg 800w\" sizes=\"(max-width: 360px) 100vw, 360px\" \/>El n\u00famero de viajeros que optaron por viajar en ferrocarril en Larga Distancia (incluido el AVE) por el interior del pa\u00eds creci\u00f3 un 5,3% en noviembre respecto al mismo mes del a\u00f1o anterior, mientras que los que eligieron el avi\u00f3n aumentaron un 7,6%, seg\u00fan los datos provisionales del Instituto Nacional de Estad\u00edstica (INE).<\/p>\n<p>En concreto, 2,3 millones de usuarios utilizaron el transporte a\u00e9reo durante el mes de noviembre, frente a los 2,42 millones de viajeros que escogieron el tren de Larga Distancia, que incluye el AVE, para sus desplazamientos. En lo que va de a\u00f1o, acumula un incremento del 5,1%, frente al aumento del 5,8% este tipo de transporte.<\/p>\n<p>Los pasajeros que utilizaron el ferrocarril aumentaron un 0,2% en su conjunto, con 51,62 millones de pasajeros, resultado impulsado por la disminuci\u00f3n de usuarios de Cercan\u00edas (-0,1%), a pesar de que la media distancia creci\u00f3 un 0,9%.<\/p>\n<p>Por su parte, el transporte por autob\u00fas disminuy\u00f3 un 0,4%, mientras que el mar\u00edtimo se increment\u00f3 en un 4,9% en el mes de noviembre.<\/p>\n<p>CRECE UN 5,6% EL TRANSPORTE URBANO.<\/p>\n<p>En total, el n\u00famero de viajeros que utilizaron el transporte p\u00fablico creci\u00f3 un 4,4% con respecto al mismo mes del a\u00f1o pasado, con un total de 403,6 millones. La tasa de variaci\u00f3n del n\u00famero de pasajeros de transporte p\u00fablico del mes de noviembre sobre octubre es de un 4,9% menos.<\/p>\n<p>El transporte urbano aument\u00f3 un 5,6% en tasa anual y el interurbano se increment\u00f3 un 3,4% en noviembre, seg\u00fan la estad\u00edstica de transporte de viajeros (TV).<\/p>\n<p>Por su parte, el transporte metropolitano registr\u00f3 un incremento del 5,4% y el transporte por autob\u00fas creci\u00f3 un 5,6%. El transporte metropolitano creci\u00f3 en todas las ciudades. En Madrid un 6,5%, en Valencia un 5,7%, en Barcelona un 4,9%, en Bilbao un 1,3% y en Sevilla un 4% y en Palma un 0,4%.<\/p>\n<p>El n\u00famero de viajeros en el transporte urbano por autob\u00fas se increment\u00f3 en todas las comunidades aut\u00f3nomas. Los mayores subidas se registraron en la Regi\u00f3n de Murcia (9,9%), Catalu\u00f1a (8,7%), las Islas Canarias (8,3%) y la comunidad de Madrid (7,8%).<\/p>\n<p>CAE UN 0,8% EL TRANSPORTE ESPECIAL.<\/p>\n<p>En cuanto al transporte interurbano en su conjunto, se increment\u00f3 un 3,4% en noviembre, con m\u00e1s de 110,2 millones de viajeros.<\/p>\n<p>En Cercan\u00edas, aument\u00f3 un 4,8% el transporte por autob\u00fas y el transporte por ferrocarril un 2,7%. La Media Distancia creci\u00f3 un 1,8% en el transporte por autob\u00fas, mientras que en el de ferrocarril descendi\u00f3 un 0,2%. En Larga Distancia creci\u00f3 un 3,8% en el transporte por autob\u00fas y un 5,3% por ferrocarril.<\/p>\n<p>Casi 46 millones de usuarios utilizaron el transporte especial y discrecional en noviembre, lo que supone un aumento del 1% en tasa anual.<\/p>\n<p>As\u00ed, el n\u00famero de pasajeros del transporte especial disminuy\u00f3 un 0,8%, alcanzando casi de 33 millones de usuarios. Dentro de \u00e9ste, el transporte escolar cay\u00f3 un 0,5%, mientras que el laboral baja un 1,8%.<\/p>\n<p>Por su parte, el transporte discrecional aumenta un 6% respecto al mismo mes de 2014, con m\u00e1s de 12 millones de viajeros.<\/p>\n","protected":false},"excerpt":{"rendered":"<p>El n\u00famero de viajeros que optaron por viajar en ferrocarril en Larga Distancia (incluido el AVE) por el interior del pa\u00eds creci\u00f3 un 5,3% en noviembre respecto al mismo mes del a\u00f1o anterior, mientras que los que eligieron el avi\u00f3n aumentaron un 7,6%, seg\u00fan los datos provisionales del Instituto Nacional de Estad\u00edstica (INE). En concreto,<\/p>\n","protected":false},"author":1,"featured_media":60594,"comment_status":"open","ping_status":"closed","sticky":false,"template":"","format":"standard","meta":{"footnotes":""},"categories":[224],"tags":[],"class_list":{"0":"post-60593","1":"post","2":"type-post","3":"status-publish","4":"format-standard","5":"has-post-thumbnail","7":"category-noticias-actualidad"},"aioseo_notices":[],"aioseo_head":"\n\t\t<!-- All in One SEO Pro 4.9.6.1 - aioseo.com -->\n\t<meta name=\"description\" content=\"El n\u00famero de viajeros que optaron por viajar en ferrocarril en Larga Distancia (incluido el AVE) por el interior del pa\u00eds creci\u00f3 un 5,3% en noviembre respecto al mismo mes del a\u00f1o anterior, mientras que los que eligieron el avi\u00f3n aumentaron un 7,6%, seg\u00fan los datos provisionales del Instituto Nacional de Estad\u00edstica (INE). En concreto,\" \/>\n\t<meta name=\"robots\" content=\"max-image-preview:large\" \/>\n\t<meta name=\"author\" content=\"admin\"\/>\n\t<meta name=\"google-site-verification\" content=\"UA-38556648-1\" \/>\n\t<meta name=\"keywords\" content=\"noticias y actualidad\" \/>\n\t<link rel=\"canonical\" href=\"https:\/\/eldigitaldeasturias.com\/magazine365\/los-usuarios-de-avion-aumentan-un-76-y-los-de-ave-y-larga-distancia-crecen-un-53-en-noviembre\/\" \/>\n\t<meta name=\"generator\" content=\"All in One SEO Pro (AIOSEO) 4.9.6.1\" \/>\n\t\t<meta property=\"og:locale\" content=\"es_ES\" \/>\n\t\t<meta property=\"og:site_name\" content=\"El Digital de Asturias \u2013 Revista de ocio, turismo y estilo de vida\" \/>\n\t\t<meta property=\"og:type\" content=\"article\" \/>\n\t\t<meta property=\"og:title\" content=\"Los usuarios de avi\u00f3n aumentan un 7,6% y los de AVE y Larga Distancia crecen un 5,3% en noviembre | El Digital de Asturias\" \/>\n\t\t<meta property=\"og:description\" content=\"El n\u00famero de viajeros que optaron por viajar en ferrocarril en Larga Distancia (incluido el AVE) por el interior del pa\u00eds creci\u00f3 un 5,3% en noviembre respecto al mismo mes del a\u00f1o anterior, mientras que los que eligieron el avi\u00f3n aumentaron un 7,6%, seg\u00fan los datos provisionales del Instituto Nacional de Estad\u00edstica (INE). En concreto,\" \/>\n\t\t<meta property=\"og:url\" content=\"https:\/\/eldigitaldeasturias.com\/magazine365\/los-usuarios-de-avion-aumentan-un-76-y-los-de-ave-y-larga-distancia-crecen-un-53-en-noviembre\/\" \/>\n\t\t<meta property=\"og:image\" content=\"https:\/\/eldigitaldeasturias.com\/magazine365\/wp-content\/uploads\/2016\/01\/fotonoticia_20160114095708_800.jpg\" \/>\n\t\t<meta property=\"og:image:secure_url\" content=\"https:\/\/eldigitaldeasturias.com\/magazine365\/wp-content\/uploads\/2016\/01\/fotonoticia_20160114095708_800.jpg\" \/>\n\t\t<meta property=\"og:image:width\" content=\"800\" \/>\n\t\t<meta property=\"og:image:height\" content=\"533\" \/>\n\t\t<meta property=\"article:published_time\" content=\"2016-01-14T14:40:12+00:00\" \/>\n\t\t<meta property=\"article:modified_time\" content=\"2016-01-14T14:40:12+00:00\" \/>\n\t\t<meta name=\"twitter:card\" content=\"summary_large_image\" \/>\n\t\t<meta name=\"twitter:title\" content=\"Los usuarios de avi\u00f3n aumentan un 7,6% y los de AVE y Larga Distancia crecen un 5,3% en noviembre | El Digital de Asturias\" \/>\n\t\t<meta name=\"twitter:description\" content=\"El n\u00famero de viajeros que optaron por viajar en ferrocarril en Larga Distancia (incluido el AVE) por el interior del pa\u00eds creci\u00f3 un 5,3% en noviembre respecto al mismo mes del a\u00f1o anterior, mientras que los que eligieron el avi\u00f3n aumentaron un 7,6%, seg\u00fan los datos provisionales del Instituto Nacional de Estad\u00edstica (INE). En concreto,\" \/>\n\t\t<meta name=\"twitter:image\" content=\"https:\/\/eldigitaldeasturias.com\/magazine365\/wp-content\/uploads\/2016\/01\/fotonoticia_20160114095708_800.jpg\" \/>\n\t\t<script type=\"application\/ld+json\" class=\"aioseo-schema\">\n\t\t\t{\"@context\":\"https:\\\/\\\/schema.org\",\"@graph\":[{\"@type\":\"Article\",\"@id\":\"https:\\\/\\\/eldigitaldeasturias.com\\\/magazine365\\\/los-usuarios-de-avion-aumentan-un-76-y-los-de-ave-y-larga-distancia-crecen-un-53-en-noviembre\\\/#article\",\"name\":\"Los usuarios de avi\\u00f3n aumentan un 7,6% y los de AVE y Larga Distancia crecen un 5,3% en noviembre | El Digital de Asturias\",\"headline\":\"Los usuarios de avi\\u00f3n aumentan un 7,6% y los de AVE y Larga Distancia crecen un 5,3% en noviembre\",\"author\":{\"@id\":\"https:\\\/\\\/eldigitaldeasturias.com\\\/magazine365\\\/author\\\/admin\\\/#author\"},\"publisher\":{\"@id\":\"https:\\\/\\\/eldigitaldeasturias.com\\\/magazine365\\\/#organization\"},\"image\":{\"@type\":\"ImageObject\",\"url\":\"https:\\\/\\\/eldigitaldeasturias.com\\\/magazine365\\\/wp-content\\\/uploads\\\/2016\\\/01\\\/fotonoticia_20160114095708_800.jpg\",\"width\":800,\"height\":533},\"datePublished\":\"2016-01-14T15:40:12+01:00\",\"dateModified\":\"2016-01-14T15:40:12+01:00\",\"inLanguage\":\"es-ES\",\"mainEntityOfPage\":{\"@id\":\"https:\\\/\\\/eldigitaldeasturias.com\\\/magazine365\\\/los-usuarios-de-avion-aumentan-un-76-y-los-de-ave-y-larga-distancia-crecen-un-53-en-noviembre\\\/#webpage\"},\"isPartOf\":{\"@id\":\"https:\\\/\\\/eldigitaldeasturias.com\\\/magazine365\\\/los-usuarios-de-avion-aumentan-un-76-y-los-de-ave-y-larga-distancia-crecen-un-53-en-noviembre\\\/#webpage\"},\"articleSection\":\"Noticias y Actualidad\"},{\"@type\":\"BreadcrumbList\",\"@id\":\"https:\\\/\\\/eldigitaldeasturias.com\\\/magazine365\\\/los-usuarios-de-avion-aumentan-un-76-y-los-de-ave-y-larga-distancia-crecen-un-53-en-noviembre\\\/#breadcrumblist\",\"itemListElement\":[{\"@type\":\"ListItem\",\"@id\":\"https:\\\/\\\/eldigitaldeasturias.com\\\/magazine365#listItem\",\"position\":1,\"name\":\"Home\",\"item\":\"https:\\\/\\\/eldigitaldeasturias.com\\\/magazine365\",\"nextItem\":{\"@type\":\"ListItem\",\"@id\":\"https:\\\/\\\/eldigitaldeasturias.com\\\/magazine365\\\/category\\\/noticias-actualidad\\\/#listItem\",\"name\":\"Noticias y Actualidad\"}},{\"@type\":\"ListItem\",\"@id\":\"https:\\\/\\\/eldigitaldeasturias.com\\\/magazine365\\\/category\\\/noticias-actualidad\\\/#listItem\",\"position\":2,\"name\":\"Noticias y Actualidad\",\"item\":\"https:\\\/\\\/eldigitaldeasturias.com\\\/magazine365\\\/category\\\/noticias-actualidad\\\/\",\"nextItem\":{\"@type\":\"ListItem\",\"@id\":\"https:\\\/\\\/eldigitaldeasturias.com\\\/magazine365\\\/los-usuarios-de-avion-aumentan-un-76-y-los-de-ave-y-larga-distancia-crecen-un-53-en-noviembre\\\/#listItem\",\"name\":\"Los usuarios de avi\\u00f3n aumentan un 7,6% y los de AVE y Larga Distancia crecen un 5,3% en noviembre\"},\"previousItem\":{\"@type\":\"ListItem\",\"@id\":\"https:\\\/\\\/eldigitaldeasturias.com\\\/magazine365#listItem\",\"name\":\"Home\"}},{\"@type\":\"ListItem\",\"@id\":\"https:\\\/\\\/eldigitaldeasturias.com\\\/magazine365\\\/los-usuarios-de-avion-aumentan-un-76-y-los-de-ave-y-larga-distancia-crecen-un-53-en-noviembre\\\/#listItem\",\"position\":3,\"name\":\"Los usuarios de avi\\u00f3n aumentan un 7,6% y los de AVE y Larga Distancia crecen un 5,3% en noviembre\",\"previousItem\":{\"@type\":\"ListItem\",\"@id\":\"https:\\\/\\\/eldigitaldeasturias.com\\\/magazine365\\\/category\\\/noticias-actualidad\\\/#listItem\",\"name\":\"Noticias y Actualidad\"}}]},{\"@type\":\"Organization\",\"@id\":\"https:\\\/\\\/eldigitaldeasturias.com\\\/magazine365\\\/#organization\",\"name\":\"El digital de Asturias\",\"description\":\"Revista de ocio, turismo y estilo de vida\",\"url\":\"https:\\\/\\\/eldigitaldeasturias.com\\\/magazine365\\\/\",\"logo\":{\"@type\":\"ImageObject\",\"url\":\"https:\\\/\\\/www.eldigitaldeasturias.com\\\/noticias\\\/wp-content\\\/uploads\\\/2020\\\/12\\\/EDA.jpg\",\"@id\":\"https:\\\/\\\/eldigitaldeasturias.com\\\/magazine365\\\/los-usuarios-de-avion-aumentan-un-76-y-los-de-ave-y-larga-distancia-crecen-un-53-en-noviembre\\\/#organizationLogo\"},\"image\":{\"@id\":\"https:\\\/\\\/eldigitaldeasturias.com\\\/magazine365\\\/los-usuarios-de-avion-aumentan-un-76-y-los-de-ave-y-larga-distancia-crecen-un-53-en-noviembre\\\/#organizationLogo\"}},{\"@type\":\"Person\",\"@id\":\"https:\\\/\\\/eldigitaldeasturias.com\\\/magazine365\\\/author\\\/admin\\\/#author\",\"url\":\"https:\\\/\\\/eldigitaldeasturias.com\\\/magazine365\\\/author\\\/admin\\\/\",\"name\":\"admin\",\"image\":{\"@type\":\"ImageObject\",\"@id\":\"https:\\\/\\\/eldigitaldeasturias.com\\\/magazine365\\\/los-usuarios-de-avion-aumentan-un-76-y-los-de-ave-y-larga-distancia-crecen-un-53-en-noviembre\\\/#authorImage\",\"url\":\"https:\\\/\\\/eldigitaldeasturias.com\\\/magazine365\\\/wp-content\\\/litespeed\\\/avatar\\\/e571bcf59a0edd6fa6838245a470f2fe.jpg?ver=1777574230\",\"width\":96,\"height\":96,\"caption\":\"admin\"}},{\"@type\":\"WebPage\",\"@id\":\"https:\\\/\\\/eldigitaldeasturias.com\\\/magazine365\\\/los-usuarios-de-avion-aumentan-un-76-y-los-de-ave-y-larga-distancia-crecen-un-53-en-noviembre\\\/#webpage\",\"url\":\"https:\\\/\\\/eldigitaldeasturias.com\\\/magazine365\\\/los-usuarios-de-avion-aumentan-un-76-y-los-de-ave-y-larga-distancia-crecen-un-53-en-noviembre\\\/\",\"name\":\"Los usuarios de avi\\u00f3n aumentan un 7,6% y los de AVE y Larga Distancia crecen un 5,3% en noviembre | El Digital de Asturias\",\"description\":\"El n\\u00famero de viajeros que optaron por viajar en ferrocarril en Larga Distancia (incluido el AVE) por el interior del pa\\u00eds creci\\u00f3 un 5,3% en noviembre respecto al mismo mes del a\\u00f1o anterior, mientras que los que eligieron el avi\\u00f3n aumentaron un 7,6%, seg\\u00fan los datos provisionales del Instituto Nacional de Estad\\u00edstica (INE). En concreto,\",\"inLanguage\":\"es-ES\",\"isPartOf\":{\"@id\":\"https:\\\/\\\/eldigitaldeasturias.com\\\/magazine365\\\/#website\"},\"breadcrumb\":{\"@id\":\"https:\\\/\\\/eldigitaldeasturias.com\\\/magazine365\\\/los-usuarios-de-avion-aumentan-un-76-y-los-de-ave-y-larga-distancia-crecen-un-53-en-noviembre\\\/#breadcrumblist\"},\"author\":{\"@id\":\"https:\\\/\\\/eldigitaldeasturias.com\\\/magazine365\\\/author\\\/admin\\\/#author\"},\"creator\":{\"@id\":\"https:\\\/\\\/eldigitaldeasturias.com\\\/magazine365\\\/author\\\/admin\\\/#author\"},\"image\":{\"@type\":\"ImageObject\",\"url\":\"https:\\\/\\\/eldigitaldeasturias.com\\\/magazine365\\\/wp-content\\\/uploads\\\/2016\\\/01\\\/fotonoticia_20160114095708_800.jpg\",\"@id\":\"https:\\\/\\\/eldigitaldeasturias.com\\\/magazine365\\\/los-usuarios-de-avion-aumentan-un-76-y-los-de-ave-y-larga-distancia-crecen-un-53-en-noviembre\\\/#mainImage\",\"width\":800,\"height\":533},\"primaryImageOfPage\":{\"@id\":\"https:\\\/\\\/eldigitaldeasturias.com\\\/magazine365\\\/los-usuarios-de-avion-aumentan-un-76-y-los-de-ave-y-larga-distancia-crecen-un-53-en-noviembre\\\/#mainImage\"},\"datePublished\":\"2016-01-14T15:40:12+01:00\",\"dateModified\":\"2016-01-14T15:40:12+01:00\"},{\"@type\":\"WebSite\",\"@id\":\"https:\\\/\\\/eldigitaldeasturias.com\\\/magazine365\\\/#website\",\"url\":\"https:\\\/\\\/eldigitaldeasturias.com\\\/magazine365\\\/\",\"name\":\"El Digital de Asturias\",\"description\":\"Revista de ocio, turismo y estilo de vida\",\"inLanguage\":\"es-ES\",\"publisher\":{\"@id\":\"https:\\\/\\\/eldigitaldeasturias.com\\\/magazine365\\\/#organization\"}}]}\n\t\t<\/script>\n\t\t<!-- All in One SEO Pro -->\r\n\t\t<title>Los usuarios de avi\u00f3n aumentan un 7,6% y los de AVE y Larga Distancia crecen un 5,3% en noviembre | El Digital de Asturias<\/title>\n\n","aioseo_head_json":{"title":"Los usuarios de avi\u00f3n aumentan un 7,6% y los de AVE y Larga Distancia crecen un 5,3% en noviembre | El Digital de Asturias","description":"El n\u00famero de viajeros que optaron por viajar en ferrocarril en Larga Distancia (incluido el AVE) por el interior del pa\u00eds creci\u00f3 un 5,3% en noviembre respecto al mismo mes del a\u00f1o anterior, mientras que los que eligieron el avi\u00f3n aumentaron un 7,6%, seg\u00fan los datos provisionales del Instituto Nacional de Estad\u00edstica (INE). En concreto,","canonical_url":"https:\/\/eldigitaldeasturias.com\/magazine365\/los-usuarios-de-avion-aumentan-un-76-y-los-de-ave-y-larga-distancia-crecen-un-53-en-noviembre\/","robots":"max-image-preview:large","keywords":"noticias y actualidad","webmasterTools":{"google-site-verification":"UA-38556648-1","miscellaneous":""},"schema":{"@context":"https:\/\/schema.org","@graph":[{"@type":"Article","@id":"https:\/\/eldigitaldeasturias.com\/magazine365\/los-usuarios-de-avion-aumentan-un-76-y-los-de-ave-y-larga-distancia-crecen-un-53-en-noviembre\/#article","name":"Los usuarios de avi\u00f3n aumentan un 7,6% y los de AVE y Larga Distancia crecen un 5,3% en noviembre | El Digital de Asturias","headline":"Los usuarios de avi\u00f3n aumentan un 7,6% y los de AVE y Larga Distancia crecen un 5,3% en noviembre","author":{"@id":"https:\/\/eldigitaldeasturias.com\/magazine365\/author\/admin\/#author"},"publisher":{"@id":"https:\/\/eldigitaldeasturias.com\/magazine365\/#organization"},"image":{"@type":"ImageObject","url":"https:\/\/eldigitaldeasturias.com\/magazine365\/wp-content\/uploads\/2016\/01\/fotonoticia_20160114095708_800.jpg","width":800,"height":533},"datePublished":"2016-01-14T15:40:12+01:00","dateModified":"2016-01-14T15:40:12+01:00","inLanguage":"es-ES","mainEntityOfPage":{"@id":"https:\/\/eldigitaldeasturias.com\/magazine365\/los-usuarios-de-avion-aumentan-un-76-y-los-de-ave-y-larga-distancia-crecen-un-53-en-noviembre\/#webpage"},"isPartOf":{"@id":"https:\/\/eldigitaldeasturias.com\/magazine365\/los-usuarios-de-avion-aumentan-un-76-y-los-de-ave-y-larga-distancia-crecen-un-53-en-noviembre\/#webpage"},"articleSection":"Noticias y Actualidad"},{"@type":"BreadcrumbList","@id":"https:\/\/eldigitaldeasturias.com\/magazine365\/los-usuarios-de-avion-aumentan-un-76-y-los-de-ave-y-larga-distancia-crecen-un-53-en-noviembre\/#breadcrumblist","itemListElement":[{"@type":"ListItem","@id":"https:\/\/eldigitaldeasturias.com\/magazine365#listItem","position":1,"name":"Home","item":"https:\/\/eldigitaldeasturias.com\/magazine365","nextItem":{"@type":"ListItem","@id":"https:\/\/eldigitaldeasturias.com\/magazine365\/category\/noticias-actualidad\/#listItem","name":"Noticias y Actualidad"}},{"@type":"ListItem","@id":"https:\/\/eldigitaldeasturias.com\/magazine365\/category\/noticias-actualidad\/#listItem","position":2,"name":"Noticias y Actualidad","item":"https:\/\/eldigitaldeasturias.com\/magazine365\/category\/noticias-actualidad\/","nextItem":{"@type":"ListItem","@id":"https:\/\/eldigitaldeasturias.com\/magazine365\/los-usuarios-de-avion-aumentan-un-76-y-los-de-ave-y-larga-distancia-crecen-un-53-en-noviembre\/#listItem","name":"Los usuarios de avi\u00f3n aumentan un 7,6% y los de AVE y Larga Distancia crecen un 5,3% en noviembre"},"previousItem":{"@type":"ListItem","@id":"https:\/\/eldigitaldeasturias.com\/magazine365#listItem","name":"Home"}},{"@type":"ListItem","@id":"https:\/\/eldigitaldeasturias.com\/magazine365\/los-usuarios-de-avion-aumentan-un-76-y-los-de-ave-y-larga-distancia-crecen-un-53-en-noviembre\/#listItem","position":3,"name":"Los usuarios de avi\u00f3n aumentan un 7,6% y los de AVE y Larga Distancia crecen un 5,3% en noviembre","previousItem":{"@type":"ListItem","@id":"https:\/\/eldigitaldeasturias.com\/magazine365\/category\/noticias-actualidad\/#listItem","name":"Noticias y Actualidad"}}]},{"@type":"Organization","@id":"https:\/\/eldigitaldeasturias.com\/magazine365\/#organization","name":"El digital de Asturias","description":"Revista de ocio, turismo y estilo de vida","url":"https:\/\/eldigitaldeasturias.com\/magazine365\/","logo":{"@type":"ImageObject","url":"https:\/\/www.eldigitaldeasturias.com\/noticias\/wp-content\/uploads\/2020\/12\/EDA.jpg","@id":"https:\/\/eldigitaldeasturias.com\/magazine365\/los-usuarios-de-avion-aumentan-un-76-y-los-de-ave-y-larga-distancia-crecen-un-53-en-noviembre\/#organizationLogo"},"image":{"@id":"https:\/\/eldigitaldeasturias.com\/magazine365\/los-usuarios-de-avion-aumentan-un-76-y-los-de-ave-y-larga-distancia-crecen-un-53-en-noviembre\/#organizationLogo"}},{"@type":"Person","@id":"https:\/\/eldigitaldeasturias.com\/magazine365\/author\/admin\/#author","url":"https:\/\/eldigitaldeasturias.com\/magazine365\/author\/admin\/","name":"admin","image":{"@type":"ImageObject","@id":"https:\/\/eldigitaldeasturias.com\/magazine365\/los-usuarios-de-avion-aumentan-un-76-y-los-de-ave-y-larga-distancia-crecen-un-53-en-noviembre\/#authorImage","url":"https:\/\/eldigitaldeasturias.com\/magazine365\/wp-content\/litespeed\/avatar\/e571bcf59a0edd6fa6838245a470f2fe.jpg?ver=1777574230","width":96,"height":96,"caption":"admin"}},{"@type":"WebPage","@id":"https:\/\/eldigitaldeasturias.com\/magazine365\/los-usuarios-de-avion-aumentan-un-76-y-los-de-ave-y-larga-distancia-crecen-un-53-en-noviembre\/#webpage","url":"https:\/\/eldigitaldeasturias.com\/magazine365\/los-usuarios-de-avion-aumentan-un-76-y-los-de-ave-y-larga-distancia-crecen-un-53-en-noviembre\/","name":"Los usuarios de avi\u00f3n aumentan un 7,6% y los de AVE y Larga Distancia crecen un 5,3% en noviembre | El Digital de Asturias","description":"El n\u00famero de viajeros que optaron por viajar en ferrocarril en Larga Distancia (incluido el AVE) por el interior del pa\u00eds creci\u00f3 un 5,3% en noviembre respecto al mismo mes del a\u00f1o anterior, mientras que los que eligieron el avi\u00f3n aumentaron un 7,6%, seg\u00fan los datos provisionales del Instituto Nacional de Estad\u00edstica (INE). En concreto,","inLanguage":"es-ES","isPartOf":{"@id":"https:\/\/eldigitaldeasturias.com\/magazine365\/#website"},"breadcrumb":{"@id":"https:\/\/eldigitaldeasturias.com\/magazine365\/los-usuarios-de-avion-aumentan-un-76-y-los-de-ave-y-larga-distancia-crecen-un-53-en-noviembre\/#breadcrumblist"},"author":{"@id":"https:\/\/eldigitaldeasturias.com\/magazine365\/author\/admin\/#author"},"creator":{"@id":"https:\/\/eldigitaldeasturias.com\/magazine365\/author\/admin\/#author"},"image":{"@type":"ImageObject","url":"https:\/\/eldigitaldeasturias.com\/magazine365\/wp-content\/uploads\/2016\/01\/fotonoticia_20160114095708_800.jpg","@id":"https:\/\/eldigitaldeasturias.com\/magazine365\/los-usuarios-de-avion-aumentan-un-76-y-los-de-ave-y-larga-distancia-crecen-un-53-en-noviembre\/#mainImage","width":800,"height":533},"primaryImageOfPage":{"@id":"https:\/\/eldigitaldeasturias.com\/magazine365\/los-usuarios-de-avion-aumentan-un-76-y-los-de-ave-y-larga-distancia-crecen-un-53-en-noviembre\/#mainImage"},"datePublished":"2016-01-14T15:40:12+01:00","dateModified":"2016-01-14T15:40:12+01:00"},{"@type":"WebSite","@id":"https:\/\/eldigitaldeasturias.com\/magazine365\/#website","url":"https:\/\/eldigitaldeasturias.com\/magazine365\/","name":"El Digital de Asturias","description":"Revista de ocio, turismo y estilo de vida","inLanguage":"es-ES","publisher":{"@id":"https:\/\/eldigitaldeasturias.com\/magazine365\/#organization"}}]},"og:locale":"es_ES","og:site_name":"El Digital de Asturias \u2013 Revista de ocio, turismo y estilo de vida","og:type":"article","og:title":"Los usuarios de avi\u00f3n aumentan un 7,6% y los de AVE y Larga Distancia crecen un 5,3% en noviembre | El Digital de Asturias","og:description":"El n\u00famero de viajeros que optaron por viajar en ferrocarril en Larga Distancia (incluido el AVE) por el interior del pa\u00eds creci\u00f3 un 5,3% en noviembre respecto al mismo mes del a\u00f1o anterior, mientras que los que eligieron el avi\u00f3n aumentaron un 7,6%, seg\u00fan los datos provisionales del Instituto Nacional de Estad\u00edstica (INE). En concreto,","og:url":"https:\/\/eldigitaldeasturias.com\/magazine365\/los-usuarios-de-avion-aumentan-un-76-y-los-de-ave-y-larga-distancia-crecen-un-53-en-noviembre\/","og:image":"https:\/\/eldigitaldeasturias.com\/magazine365\/wp-content\/uploads\/2016\/01\/fotonoticia_20160114095708_800.jpg","og:image:secure_url":"https:\/\/eldigitaldeasturias.com\/magazine365\/wp-content\/uploads\/2016\/01\/fotonoticia_20160114095708_800.jpg","og:image:width":800,"og:image:height":533,"article:published_time":"2016-01-14T14:40:12+00:00","article:modified_time":"2016-01-14T14:40:12+00:00","twitter:card":"summary_large_image","twitter:title":"Los usuarios de avi\u00f3n aumentan un 7,6% y los de AVE y Larga Distancia crecen un 5,3% en noviembre | El Digital de Asturias","twitter:description":"El n\u00famero de viajeros que optaron por viajar en ferrocarril en Larga Distancia (incluido el AVE) por el interior del pa\u00eds creci\u00f3 un 5,3% en noviembre respecto al mismo mes del a\u00f1o anterior, mientras que los que eligieron el avi\u00f3n aumentaron un 7,6%, seg\u00fan los datos provisionales del Instituto Nacional de Estad\u00edstica (INE). En concreto,","twitter:image":"https:\/\/eldigitaldeasturias.com\/magazine365\/wp-content\/uploads\/2016\/01\/fotonoticia_20160114095708_800.jpg"},"aioseo_meta_data":{"post_id":"60593","title":null,"description":null,"keywords":null,"keyphrases":null,"primary_term":null,"canonical_url":null,"og_title":null,"og_description":null,"og_object_type":"default","og_image_type":"default","og_image_url":null,"og_image_width":null,"og_image_height":null,"og_image_custom_url":null,"og_image_custom_fields":null,"og_video":null,"og_custom_url":null,"og_article_section":null,"og_article_tags":null,"twitter_use_og":false,"twitter_card":"default","twitter_image_type":"default","twitter_image_url":null,"twitter_image_custom_url":null,"twitter_image_custom_fields":null,"twitter_title":null,"twitter_description":null,"schema":{"blockGraphs":[],"customGraphs":[],"default":{"data":{"Article":[],"Course":[],"Dataset":[],"FAQPage":[],"Movie":[],"Person":[],"Product":[],"ProductReview":[],"Car":[],"Recipe":[],"Service":[],"SoftwareApplication":[],"WebPage":[]},"graphName":"","isEnabled":true},"graphs":[],"defaultGraph":"","defaultPostTypeGraph":""},"schema_type":null,"schema_type_options":null,"pillar_content":false,"robots_default":true,"robots_noindex":false,"robots_noarchive":false,"robots_nosnippet":false,"robots_nofollow":false,"robots_noimageindex":false,"robots_noodp":false,"robots_notranslate":false,"robots_max_snippet":null,"robots_max_videopreview":null,"robots_max_imagepreview":"large","priority":null,"frequency":null,"location":null,"local_seo":null,"seo_analyzer_scan_date":"2025-09-25 07:11:26","breadcrumb_settings":null,"limit_modified_date":false,"open_ai":null,"ai":null,"created":"2021-03-08 21:57:46","updated":"2025-09-25 07:11:26"},"aioseo_breadcrumb":"<div class=\"aioseo-breadcrumbs\"><span class=\"aioseo-breadcrumb\">\n\t<a href=\"https:\/\/eldigitaldeasturias.com\/magazine365\" title=\"Home\">Home<\/a>\n<\/span><span class=\"aioseo-breadcrumb-separator\">\u2013<\/span><span class=\"aioseo-breadcrumb\">\n\t<a href=\"https:\/\/eldigitaldeasturias.com\/magazine365\/category\/noticias-actualidad\/\" title=\"Noticias y Actualidad\">Noticias y Actualidad<\/a>\n<\/span><span class=\"aioseo-breadcrumb-separator\">\u2013<\/span><span class=\"aioseo-breadcrumb\">\n\t<a href=\"https:\/\/eldigitaldeasturias.com\/magazine365\/los-usuarios-de-avion-aumentan-un-76-y-los-de-ave-y-larga-distancia-crecen-un-53-en-noviembre\/\" title=\"Los usuarios de avi\u00f3n aumentan un 7,6% y los de AVE y Larga Distancia crecen un 5,3% en noviembre\">Los usuarios de avi\u00f3n aumentan un 7,6% y los de AVE y Larga Distancia crecen un 5,3% en noviembre<\/a>\n<\/span><\/div>","aioseo_breadcrumb_json":[{"label":"Home","link":"https:\/\/eldigitaldeasturias.com\/magazine365"},{"label":"Noticias y Actualidad","link":"https:\/\/eldigitaldeasturias.com\/magazine365\/category\/noticias-actualidad\/"},{"label":"Los usuarios de avi\u00f3n aumentan un 7,6% y los de AVE y Larga Distancia crecen un 5,3% en noviembre","link":"https:\/\/eldigitaldeasturias.com\/magazine365\/los-usuarios-de-avion-aumentan-un-76-y-los-de-ave-y-larga-distancia-crecen-un-53-en-noviembre\/"}],"_links":{"self":[{"href":"https:\/\/eldigitaldeasturias.com\/magazine365\/wp-json\/wp\/v2\/posts\/60593","targetHints":{"allow":["GET"]}}],"collection":[{"href":"https:\/\/eldigitaldeasturias.com\/magazine365\/wp-json\/wp\/v2\/posts"}],"about":[{"href":"https:\/\/eldigitaldeasturias.com\/magazine365\/wp-json\/wp\/v2\/types\/post"}],"author":[{"embeddable":true,"href":"https:\/\/eldigitaldeasturias.com\/magazine365\/wp-json\/wp\/v2\/users\/1"}],"replies":[{"embeddable":true,"href":"https:\/\/eldigitaldeasturias.com\/magazine365\/wp-json\/wp\/v2\/comments?post=60593"}],"version-history":[{"count":0,"href":"https:\/\/eldigitaldeasturias.com\/magazine365\/wp-json\/wp\/v2\/posts\/60593\/revisions"}],"wp:featuredmedia":[{"embeddable":true,"href":"https:\/\/eldigitaldeasturias.com\/magazine365\/wp-json\/wp\/v2\/media\/60594"}],"wp:attachment":[{"href":"https:\/\/eldigitaldeasturias.com\/magazine365\/wp-json\/wp\/v2\/media?parent=60593"}],"wp:term":[{"taxonomy":"category","embeddable":true,"href":"https:\/\/eldigitaldeasturias.com\/magazine365\/wp-json\/wp\/v2\/categories?post=60593"},{"taxonomy":"post_tag","embeddable":true,"href":"https:\/\/eldigitaldeasturias.com\/magazine365\/wp-json\/wp\/v2\/tags?post=60593"}],"curies":[{"name":"wp","href":"https:\/\/api.w.org\/{rel}","templated":true}]}}