{"id":60583,"date":"2016-01-14T02:17:40","date_gmt":"2016-01-14T01:17:40","guid":{"rendered":"http:\/\/eldigitaldeasturias.com\/magazine365\/?p=60583"},"modified":"2016-01-14T02:17:40","modified_gmt":"2016-01-14T01:17:40","slug":"sevilla-lleva-a-fitur-un-programa-profesionalizado-para-captar-companias-y-visitantes-de-nuevos-mercados","status":"publish","type":"post","link":"https:\/\/eldigitaldeasturias.com\/magazine365\/sevilla-lleva-a-fitur-un-programa-profesionalizado-para-captar-companias-y-visitantes-de-nuevos-mercados\/","title":{"rendered":"Sevilla lleva a Fitur un programa \u00abprofesionalizado\u00bb para captar compa\u00f1\u00edas y visitantes de nuevos mercados"},"content":{"rendered":"<p><img fetchpriority=\"high\" decoding=\"async\" class=\"alignleft size-medium wp-image-60584\" src=\"https:\/\/eldigitaldeasturias.com\/magazine365\/wp-content\/uploads\/2016\/01\/fotonoticia_20160113184947_800-201x300.jpg\" alt=\"fotonoticia_20160113184947_800\" width=\"201\" height=\"300\" srcset=\"https:\/\/eldigitaldeasturias.com\/magazine365\/wp-content\/uploads\/2016\/01\/fotonoticia_20160113184947_800-201x300.jpg 201w, https:\/\/eldigitaldeasturias.com\/magazine365\/wp-content\/uploads\/2016\/01\/fotonoticia_20160113184947_800-428x640.jpg 428w, https:\/\/eldigitaldeasturias.com\/magazine365\/wp-content\/uploads\/2016\/01\/fotonoticia_20160113184947_800-768x1148.jpg 768w, https:\/\/eldigitaldeasturias.com\/magazine365\/wp-content\/uploads\/2016\/01\/fotonoticia_20160113184947_800-150x224.jpg 150w, https:\/\/eldigitaldeasturias.com\/magazine365\/wp-content\/uploads\/2016\/01\/fotonoticia_20160113184947_800-450x673.jpg 450w, https:\/\/eldigitaldeasturias.com\/magazine365\/wp-content\/uploads\/2016\/01\/fotonoticia_20160113184947_800-696x1041.jpg 696w, https:\/\/eldigitaldeasturias.com\/magazine365\/wp-content\/uploads\/2016\/01\/fotonoticia_20160113184947_800-281x420.jpg 281w, https:\/\/eldigitaldeasturias.com\/magazine365\/wp-content\/uploads\/2016\/01\/fotonoticia_20160113184947_800.jpg 800w\" sizes=\"(max-width: 201px) 100vw, 201px\" \/>El concejal delegado de H\u00e1bitat Urbano, Cultura y Turismo del Ayuntamiento de Sevilla, Antonio Mu\u00f1oz, ha lamentado el \u00abnerviosismo\u00bb del PP respecto a la Feria Internacional del Turismo de Madrid (Fitur) y ha informado de que la nuevo programa municipal \u00abmuy profesionalizado\u00bb ser\u00e1 presentada el viernes, \u00abtal como est\u00e1 consensuado con el sector\u00bb.<\/p>\n<p>\u00abMe sorprende el nerviosismo del concejal del PP Gregorio Serrano respecto a esta cuesti\u00f3n, cuando solo tiene que esperar dos d\u00edas para conocer qu\u00e9 va a llevar la ciudad de Sevilla a Fitur\u00bb, a\u00f1ade en un comunicado.<\/p>\n<p>En cualquier caso, \u00aby para que se calme\u00bb, adelanta que se va a tratar de un programa \u00abmuy profesionalizado\u00bb, orientado a reuniones con touroperadores con el objetivo de captar compa\u00f1\u00edas y visitantes que puedan interesarse por Sevilla como destino tur\u00edstico.<\/p>\n<p>En este sentido, asegura que se va a cambiar la manera de actuar con respecto a la pol\u00edtica tur\u00edstica que se desarroll\u00f3 en el anterior mandato, \u00abcentrada en mirarse el ombligo y menos interesada en abrir nuevos mercados\u00bb.<\/p>\n<p>Asegura que las presentaciones pensadas para esta edici\u00f3n de Fitur van \u00abmucho m\u00e1s all\u00e1\u00bb y no est\u00e1n dirigidas a los sevillanos, \u00abque conocen de sobra las virtudes y la amplia oferta tur\u00edstica, gastron\u00f3mica y hotelera que puede encontrar en Sevilla, sino en llamar la atenci\u00f3n en nuevos mercados donde una ciudad como la nuestra tiene un gran potencial\u00bb.<\/p>\n","protected":false},"excerpt":{"rendered":"<p>El concejal delegado de H\u00e1bitat Urbano, Cultura y Turismo del Ayuntamiento de Sevilla, Antonio Mu\u00f1oz, ha lamentado el \u00abnerviosismo\u00bb del PP respecto a la Feria Internacional del Turismo de Madrid (Fitur) y ha informado de que la nuevo programa municipal \u00abmuy profesionalizado\u00bb ser\u00e1 presentada el viernes, \u00abtal como est\u00e1 consensuado con el sector\u00bb. \u00abMe sorprende<\/p>\n","protected":false},"author":1,"featured_media":60584,"comment_status":"open","ping_status":"closed","sticky":false,"template":"","format":"standard","meta":{"footnotes":""},"categories":[224],"tags":[],"class_list":{"0":"post-60583","1":"post","2":"type-post","3":"status-publish","4":"format-standard","5":"has-post-thumbnail","7":"category-noticias-actualidad"},"aioseo_notices":[],"aioseo_head":"\n\t\t<!-- All in One SEO Pro 4.9.6.1 - aioseo.com -->\n\t<meta name=\"description\" content=\"El concejal delegado de H\u00e1bitat Urbano, Cultura y Turismo del Ayuntamiento de Sevilla, Antonio Mu\u00f1oz, ha lamentado el &quot;nerviosismo&quot; del PP respecto a la Feria Internacional del Turismo de Madrid (Fitur) y ha informado de que la nuevo programa municipal &quot;muy profesionalizado&quot; ser\u00e1 presentada el viernes, &quot;tal como est\u00e1 consensuado con el sector&quot;. &quot;Me sorprende\" \/>\n\t<meta name=\"robots\" content=\"max-image-preview:large\" \/>\n\t<meta name=\"author\" content=\"admin\"\/>\n\t<meta name=\"google-site-verification\" content=\"UA-38556648-1\" \/>\n\t<meta name=\"keywords\" content=\"noticias y actualidad\" \/>\n\t<link rel=\"canonical\" href=\"https:\/\/eldigitaldeasturias.com\/magazine365\/sevilla-lleva-a-fitur-un-programa-profesionalizado-para-captar-companias-y-visitantes-de-nuevos-mercados\/\" \/>\n\t<meta name=\"generator\" content=\"All in One SEO Pro (AIOSEO) 4.9.6.1\" \/>\n\t\t<meta property=\"og:locale\" content=\"es_ES\" \/>\n\t\t<meta property=\"og:site_name\" content=\"El Digital de Asturias \u2013 Revista de ocio, turismo y estilo de vida\" \/>\n\t\t<meta property=\"og:type\" content=\"article\" \/>\n\t\t<meta property=\"og:title\" content=\"Sevilla lleva a Fitur un programa \u00abprofesionalizado\u00bb para captar compa\u00f1\u00edas y visitantes de nuevos mercados | El Digital de Asturias\" \/>\n\t\t<meta property=\"og:description\" content=\"El concejal delegado de H\u00e1bitat Urbano, Cultura y Turismo del Ayuntamiento de Sevilla, Antonio Mu\u00f1oz, ha lamentado el &quot;nerviosismo&quot; del PP respecto a la Feria Internacional del Turismo de Madrid (Fitur) y ha informado de que la nuevo programa municipal &quot;muy profesionalizado&quot; ser\u00e1 presentada el viernes, &quot;tal como est\u00e1 consensuado con el sector&quot;. &quot;Me sorprende\" \/>\n\t\t<meta property=\"og:url\" content=\"https:\/\/eldigitaldeasturias.com\/magazine365\/sevilla-lleva-a-fitur-un-programa-profesionalizado-para-captar-companias-y-visitantes-de-nuevos-mercados\/\" \/>\n\t\t<meta property=\"og:image\" content=\"https:\/\/eldigitaldeasturias.com\/magazine365\/wp-content\/uploads\/2016\/01\/fotonoticia_20160113184947_800.jpg\" \/>\n\t\t<meta property=\"og:image:secure_url\" content=\"https:\/\/eldigitaldeasturias.com\/magazine365\/wp-content\/uploads\/2016\/01\/fotonoticia_20160113184947_800.jpg\" \/>\n\t\t<meta property=\"og:image:width\" content=\"800\" \/>\n\t\t<meta property=\"og:image:height\" content=\"1196\" \/>\n\t\t<meta property=\"article:published_time\" content=\"2016-01-14T01:17:40+00:00\" \/>\n\t\t<meta property=\"article:modified_time\" content=\"2016-01-14T01:17:40+00:00\" \/>\n\t\t<meta name=\"twitter:card\" content=\"summary_large_image\" \/>\n\t\t<meta name=\"twitter:title\" content=\"Sevilla lleva a Fitur un programa \u00abprofesionalizado\u00bb para captar compa\u00f1\u00edas y visitantes de nuevos mercados | El Digital de Asturias\" \/>\n\t\t<meta name=\"twitter:description\" content=\"El concejal delegado de H\u00e1bitat Urbano, Cultura y Turismo del Ayuntamiento de Sevilla, Antonio Mu\u00f1oz, ha lamentado el &quot;nerviosismo&quot; del PP respecto a la Feria Internacional del Turismo de Madrid (Fitur) y ha informado de que la nuevo programa municipal &quot;muy profesionalizado&quot; ser\u00e1 presentada el viernes, &quot;tal como est\u00e1 consensuado con el sector&quot;. &quot;Me sorprende\" \/>\n\t\t<meta name=\"twitter:image\" content=\"https:\/\/eldigitaldeasturias.com\/magazine365\/wp-content\/uploads\/2016\/01\/fotonoticia_20160113184947_800.jpg\" \/>\n\t\t<script type=\"application\/ld+json\" class=\"aioseo-schema\">\n\t\t\t{\"@context\":\"https:\\\/\\\/schema.org\",\"@graph\":[{\"@type\":\"Article\",\"@id\":\"https:\\\/\\\/eldigitaldeasturias.com\\\/magazine365\\\/sevilla-lleva-a-fitur-un-programa-profesionalizado-para-captar-companias-y-visitantes-de-nuevos-mercados\\\/#article\",\"name\":\"Sevilla lleva a Fitur un programa \\u00abprofesionalizado\\u00bb para captar compa\\u00f1\\u00edas y visitantes de nuevos mercados | El Digital de Asturias\",\"headline\":\"Sevilla lleva a Fitur un programa \\u00abprofesionalizado\\u00bb para captar compa\\u00f1\\u00edas y visitantes de nuevos mercados\",\"author\":{\"@id\":\"https:\\\/\\\/eldigitaldeasturias.com\\\/magazine365\\\/author\\\/admin\\\/#author\"},\"publisher\":{\"@id\":\"https:\\\/\\\/eldigitaldeasturias.com\\\/magazine365\\\/#organization\"},\"image\":{\"@type\":\"ImageObject\",\"url\":\"https:\\\/\\\/eldigitaldeasturias.com\\\/magazine365\\\/wp-content\\\/uploads\\\/2016\\\/01\\\/fotonoticia_20160113184947_800.jpg\",\"width\":800,\"height\":1196},\"datePublished\":\"2016-01-14T02:17:40+01:00\",\"dateModified\":\"2016-01-14T02:17:40+01:00\",\"inLanguage\":\"es-ES\",\"mainEntityOfPage\":{\"@id\":\"https:\\\/\\\/eldigitaldeasturias.com\\\/magazine365\\\/sevilla-lleva-a-fitur-un-programa-profesionalizado-para-captar-companias-y-visitantes-de-nuevos-mercados\\\/#webpage\"},\"isPartOf\":{\"@id\":\"https:\\\/\\\/eldigitaldeasturias.com\\\/magazine365\\\/sevilla-lleva-a-fitur-un-programa-profesionalizado-para-captar-companias-y-visitantes-de-nuevos-mercados\\\/#webpage\"},\"articleSection\":\"Noticias y Actualidad\"},{\"@type\":\"BreadcrumbList\",\"@id\":\"https:\\\/\\\/eldigitaldeasturias.com\\\/magazine365\\\/sevilla-lleva-a-fitur-un-programa-profesionalizado-para-captar-companias-y-visitantes-de-nuevos-mercados\\\/#breadcrumblist\",\"itemListElement\":[{\"@type\":\"ListItem\",\"@id\":\"https:\\\/\\\/eldigitaldeasturias.com\\\/magazine365#listItem\",\"position\":1,\"name\":\"Home\",\"item\":\"https:\\\/\\\/eldigitaldeasturias.com\\\/magazine365\",\"nextItem\":{\"@type\":\"ListItem\",\"@id\":\"https:\\\/\\\/eldigitaldeasturias.com\\\/magazine365\\\/category\\\/noticias-actualidad\\\/#listItem\",\"name\":\"Noticias y Actualidad\"}},{\"@type\":\"ListItem\",\"@id\":\"https:\\\/\\\/eldigitaldeasturias.com\\\/magazine365\\\/category\\\/noticias-actualidad\\\/#listItem\",\"position\":2,\"name\":\"Noticias y Actualidad\",\"item\":\"https:\\\/\\\/eldigitaldeasturias.com\\\/magazine365\\\/category\\\/noticias-actualidad\\\/\",\"nextItem\":{\"@type\":\"ListItem\",\"@id\":\"https:\\\/\\\/eldigitaldeasturias.com\\\/magazine365\\\/sevilla-lleva-a-fitur-un-programa-profesionalizado-para-captar-companias-y-visitantes-de-nuevos-mercados\\\/#listItem\",\"name\":\"Sevilla lleva a Fitur un programa \\u00abprofesionalizado\\u00bb para captar compa\\u00f1\\u00edas y visitantes de nuevos mercados\"},\"previousItem\":{\"@type\":\"ListItem\",\"@id\":\"https:\\\/\\\/eldigitaldeasturias.com\\\/magazine365#listItem\",\"name\":\"Home\"}},{\"@type\":\"ListItem\",\"@id\":\"https:\\\/\\\/eldigitaldeasturias.com\\\/magazine365\\\/sevilla-lleva-a-fitur-un-programa-profesionalizado-para-captar-companias-y-visitantes-de-nuevos-mercados\\\/#listItem\",\"position\":3,\"name\":\"Sevilla lleva a Fitur un programa \\u00abprofesionalizado\\u00bb para captar compa\\u00f1\\u00edas y visitantes de nuevos mercados\",\"previousItem\":{\"@type\":\"ListItem\",\"@id\":\"https:\\\/\\\/eldigitaldeasturias.com\\\/magazine365\\\/category\\\/noticias-actualidad\\\/#listItem\",\"name\":\"Noticias y Actualidad\"}}]},{\"@type\":\"Organization\",\"@id\":\"https:\\\/\\\/eldigitaldeasturias.com\\\/magazine365\\\/#organization\",\"name\":\"El digital de Asturias\",\"description\":\"Revista de ocio, turismo y estilo de vida\",\"url\":\"https:\\\/\\\/eldigitaldeasturias.com\\\/magazine365\\\/\",\"logo\":{\"@type\":\"ImageObject\",\"url\":\"https:\\\/\\\/www.eldigitaldeasturias.com\\\/noticias\\\/wp-content\\\/uploads\\\/2020\\\/12\\\/EDA.jpg\",\"@id\":\"https:\\\/\\\/eldigitaldeasturias.com\\\/magazine365\\\/sevilla-lleva-a-fitur-un-programa-profesionalizado-para-captar-companias-y-visitantes-de-nuevos-mercados\\\/#organizationLogo\"},\"image\":{\"@id\":\"https:\\\/\\\/eldigitaldeasturias.com\\\/magazine365\\\/sevilla-lleva-a-fitur-un-programa-profesionalizado-para-captar-companias-y-visitantes-de-nuevos-mercados\\\/#organizationLogo\"}},{\"@type\":\"Person\",\"@id\":\"https:\\\/\\\/eldigitaldeasturias.com\\\/magazine365\\\/author\\\/admin\\\/#author\",\"url\":\"https:\\\/\\\/eldigitaldeasturias.com\\\/magazine365\\\/author\\\/admin\\\/\",\"name\":\"admin\",\"image\":{\"@type\":\"ImageObject\",\"@id\":\"https:\\\/\\\/eldigitaldeasturias.com\\\/magazine365\\\/sevilla-lleva-a-fitur-un-programa-profesionalizado-para-captar-companias-y-visitantes-de-nuevos-mercados\\\/#authorImage\",\"url\":\"https:\\\/\\\/eldigitaldeasturias.com\\\/magazine365\\\/wp-content\\\/litespeed\\\/avatar\\\/e571bcf59a0edd6fa6838245a470f2fe.jpg?ver=1777574230\",\"width\":96,\"height\":96,\"caption\":\"admin\"}},{\"@type\":\"WebPage\",\"@id\":\"https:\\\/\\\/eldigitaldeasturias.com\\\/magazine365\\\/sevilla-lleva-a-fitur-un-programa-profesionalizado-para-captar-companias-y-visitantes-de-nuevos-mercados\\\/#webpage\",\"url\":\"https:\\\/\\\/eldigitaldeasturias.com\\\/magazine365\\\/sevilla-lleva-a-fitur-un-programa-profesionalizado-para-captar-companias-y-visitantes-de-nuevos-mercados\\\/\",\"name\":\"Sevilla lleva a Fitur un programa \\u00abprofesionalizado\\u00bb para captar compa\\u00f1\\u00edas y visitantes de nuevos mercados | El Digital de Asturias\",\"description\":\"El concejal delegado de H\\u00e1bitat Urbano, Cultura y Turismo del Ayuntamiento de Sevilla, Antonio Mu\\u00f1oz, ha lamentado el \\\"nerviosismo\\\" del PP respecto a la Feria Internacional del Turismo de Madrid (Fitur) y ha informado de que la nuevo programa municipal \\\"muy profesionalizado\\\" ser\\u00e1 presentada el viernes, \\\"tal como est\\u00e1 consensuado con el sector\\\". \\\"Me sorprende\",\"inLanguage\":\"es-ES\",\"isPartOf\":{\"@id\":\"https:\\\/\\\/eldigitaldeasturias.com\\\/magazine365\\\/#website\"},\"breadcrumb\":{\"@id\":\"https:\\\/\\\/eldigitaldeasturias.com\\\/magazine365\\\/sevilla-lleva-a-fitur-un-programa-profesionalizado-para-captar-companias-y-visitantes-de-nuevos-mercados\\\/#breadcrumblist\"},\"author\":{\"@id\":\"https:\\\/\\\/eldigitaldeasturias.com\\\/magazine365\\\/author\\\/admin\\\/#author\"},\"creator\":{\"@id\":\"https:\\\/\\\/eldigitaldeasturias.com\\\/magazine365\\\/author\\\/admin\\\/#author\"},\"image\":{\"@type\":\"ImageObject\",\"url\":\"https:\\\/\\\/eldigitaldeasturias.com\\\/magazine365\\\/wp-content\\\/uploads\\\/2016\\\/01\\\/fotonoticia_20160113184947_800.jpg\",\"@id\":\"https:\\\/\\\/eldigitaldeasturias.com\\\/magazine365\\\/sevilla-lleva-a-fitur-un-programa-profesionalizado-para-captar-companias-y-visitantes-de-nuevos-mercados\\\/#mainImage\",\"width\":800,\"height\":1196},\"primaryImageOfPage\":{\"@id\":\"https:\\\/\\\/eldigitaldeasturias.com\\\/magazine365\\\/sevilla-lleva-a-fitur-un-programa-profesionalizado-para-captar-companias-y-visitantes-de-nuevos-mercados\\\/#mainImage\"},\"datePublished\":\"2016-01-14T02:17:40+01:00\",\"dateModified\":\"2016-01-14T02:17:40+01:00\"},{\"@type\":\"WebSite\",\"@id\":\"https:\\\/\\\/eldigitaldeasturias.com\\\/magazine365\\\/#website\",\"url\":\"https:\\\/\\\/eldigitaldeasturias.com\\\/magazine365\\\/\",\"name\":\"El Digital de Asturias\",\"description\":\"Revista de ocio, turismo y estilo de vida\",\"inLanguage\":\"es-ES\",\"publisher\":{\"@id\":\"https:\\\/\\\/eldigitaldeasturias.com\\\/magazine365\\\/#organization\"}}]}\n\t\t<\/script>\n\t\t<!-- All in One SEO Pro -->\r\n\t\t<title>Sevilla lleva a Fitur un programa \u00abprofesionalizado\u00bb para captar compa\u00f1\u00edas y visitantes de nuevos mercados | El Digital de Asturias<\/title>\n\n","aioseo_head_json":{"title":"Sevilla lleva a Fitur un programa \u00abprofesionalizado\u00bb para captar compa\u00f1\u00edas y visitantes de nuevos mercados | El Digital de Asturias","description":"El concejal delegado de H\u00e1bitat Urbano, Cultura y Turismo del Ayuntamiento de Sevilla, Antonio Mu\u00f1oz, ha lamentado el \"nerviosismo\" del PP respecto a la Feria Internacional del Turismo de Madrid (Fitur) y ha informado de que la nuevo programa municipal \"muy profesionalizado\" ser\u00e1 presentada el viernes, \"tal como est\u00e1 consensuado con el sector\". \"Me sorprende","canonical_url":"https:\/\/eldigitaldeasturias.com\/magazine365\/sevilla-lleva-a-fitur-un-programa-profesionalizado-para-captar-companias-y-visitantes-de-nuevos-mercados\/","robots":"max-image-preview:large","keywords":"noticias y actualidad","webmasterTools":{"google-site-verification":"UA-38556648-1","miscellaneous":""},"schema":{"@context":"https:\/\/schema.org","@graph":[{"@type":"Article","@id":"https:\/\/eldigitaldeasturias.com\/magazine365\/sevilla-lleva-a-fitur-un-programa-profesionalizado-para-captar-companias-y-visitantes-de-nuevos-mercados\/#article","name":"Sevilla lleva a Fitur un programa \u00abprofesionalizado\u00bb para captar compa\u00f1\u00edas y visitantes de nuevos mercados | El Digital de Asturias","headline":"Sevilla lleva a Fitur un programa \u00abprofesionalizado\u00bb para captar compa\u00f1\u00edas y visitantes de nuevos mercados","author":{"@id":"https:\/\/eldigitaldeasturias.com\/magazine365\/author\/admin\/#author"},"publisher":{"@id":"https:\/\/eldigitaldeasturias.com\/magazine365\/#organization"},"image":{"@type":"ImageObject","url":"https:\/\/eldigitaldeasturias.com\/magazine365\/wp-content\/uploads\/2016\/01\/fotonoticia_20160113184947_800.jpg","width":800,"height":1196},"datePublished":"2016-01-14T02:17:40+01:00","dateModified":"2016-01-14T02:17:40+01:00","inLanguage":"es-ES","mainEntityOfPage":{"@id":"https:\/\/eldigitaldeasturias.com\/magazine365\/sevilla-lleva-a-fitur-un-programa-profesionalizado-para-captar-companias-y-visitantes-de-nuevos-mercados\/#webpage"},"isPartOf":{"@id":"https:\/\/eldigitaldeasturias.com\/magazine365\/sevilla-lleva-a-fitur-un-programa-profesionalizado-para-captar-companias-y-visitantes-de-nuevos-mercados\/#webpage"},"articleSection":"Noticias y Actualidad"},{"@type":"BreadcrumbList","@id":"https:\/\/eldigitaldeasturias.com\/magazine365\/sevilla-lleva-a-fitur-un-programa-profesionalizado-para-captar-companias-y-visitantes-de-nuevos-mercados\/#breadcrumblist","itemListElement":[{"@type":"ListItem","@id":"https:\/\/eldigitaldeasturias.com\/magazine365#listItem","position":1,"name":"Home","item":"https:\/\/eldigitaldeasturias.com\/magazine365","nextItem":{"@type":"ListItem","@id":"https:\/\/eldigitaldeasturias.com\/magazine365\/category\/noticias-actualidad\/#listItem","name":"Noticias y Actualidad"}},{"@type":"ListItem","@id":"https:\/\/eldigitaldeasturias.com\/magazine365\/category\/noticias-actualidad\/#listItem","position":2,"name":"Noticias y Actualidad","item":"https:\/\/eldigitaldeasturias.com\/magazine365\/category\/noticias-actualidad\/","nextItem":{"@type":"ListItem","@id":"https:\/\/eldigitaldeasturias.com\/magazine365\/sevilla-lleva-a-fitur-un-programa-profesionalizado-para-captar-companias-y-visitantes-de-nuevos-mercados\/#listItem","name":"Sevilla lleva a Fitur un programa \u00abprofesionalizado\u00bb para captar compa\u00f1\u00edas y visitantes de nuevos mercados"},"previousItem":{"@type":"ListItem","@id":"https:\/\/eldigitaldeasturias.com\/magazine365#listItem","name":"Home"}},{"@type":"ListItem","@id":"https:\/\/eldigitaldeasturias.com\/magazine365\/sevilla-lleva-a-fitur-un-programa-profesionalizado-para-captar-companias-y-visitantes-de-nuevos-mercados\/#listItem","position":3,"name":"Sevilla lleva a Fitur un programa \u00abprofesionalizado\u00bb para captar compa\u00f1\u00edas y visitantes de nuevos mercados","previousItem":{"@type":"ListItem","@id":"https:\/\/eldigitaldeasturias.com\/magazine365\/category\/noticias-actualidad\/#listItem","name":"Noticias y Actualidad"}}]},{"@type":"Organization","@id":"https:\/\/eldigitaldeasturias.com\/magazine365\/#organization","name":"El digital de Asturias","description":"Revista de ocio, turismo y estilo de vida","url":"https:\/\/eldigitaldeasturias.com\/magazine365\/","logo":{"@type":"ImageObject","url":"https:\/\/www.eldigitaldeasturias.com\/noticias\/wp-content\/uploads\/2020\/12\/EDA.jpg","@id":"https:\/\/eldigitaldeasturias.com\/magazine365\/sevilla-lleva-a-fitur-un-programa-profesionalizado-para-captar-companias-y-visitantes-de-nuevos-mercados\/#organizationLogo"},"image":{"@id":"https:\/\/eldigitaldeasturias.com\/magazine365\/sevilla-lleva-a-fitur-un-programa-profesionalizado-para-captar-companias-y-visitantes-de-nuevos-mercados\/#organizationLogo"}},{"@type":"Person","@id":"https:\/\/eldigitaldeasturias.com\/magazine365\/author\/admin\/#author","url":"https:\/\/eldigitaldeasturias.com\/magazine365\/author\/admin\/","name":"admin","image":{"@type":"ImageObject","@id":"https:\/\/eldigitaldeasturias.com\/magazine365\/sevilla-lleva-a-fitur-un-programa-profesionalizado-para-captar-companias-y-visitantes-de-nuevos-mercados\/#authorImage","url":"https:\/\/eldigitaldeasturias.com\/magazine365\/wp-content\/litespeed\/avatar\/e571bcf59a0edd6fa6838245a470f2fe.jpg?ver=1777574230","width":96,"height":96,"caption":"admin"}},{"@type":"WebPage","@id":"https:\/\/eldigitaldeasturias.com\/magazine365\/sevilla-lleva-a-fitur-un-programa-profesionalizado-para-captar-companias-y-visitantes-de-nuevos-mercados\/#webpage","url":"https:\/\/eldigitaldeasturias.com\/magazine365\/sevilla-lleva-a-fitur-un-programa-profesionalizado-para-captar-companias-y-visitantes-de-nuevos-mercados\/","name":"Sevilla lleva a Fitur un programa \u00abprofesionalizado\u00bb para captar compa\u00f1\u00edas y visitantes de nuevos mercados | El Digital de Asturias","description":"El concejal delegado de H\u00e1bitat Urbano, Cultura y Turismo del Ayuntamiento de Sevilla, Antonio Mu\u00f1oz, ha lamentado el \"nerviosismo\" del PP respecto a la Feria Internacional del Turismo de Madrid (Fitur) y ha informado de que la nuevo programa municipal \"muy profesionalizado\" ser\u00e1 presentada el viernes, \"tal como est\u00e1 consensuado con el sector\". \"Me sorprende","inLanguage":"es-ES","isPartOf":{"@id":"https:\/\/eldigitaldeasturias.com\/magazine365\/#website"},"breadcrumb":{"@id":"https:\/\/eldigitaldeasturias.com\/magazine365\/sevilla-lleva-a-fitur-un-programa-profesionalizado-para-captar-companias-y-visitantes-de-nuevos-mercados\/#breadcrumblist"},"author":{"@id":"https:\/\/eldigitaldeasturias.com\/magazine365\/author\/admin\/#author"},"creator":{"@id":"https:\/\/eldigitaldeasturias.com\/magazine365\/author\/admin\/#author"},"image":{"@type":"ImageObject","url":"https:\/\/eldigitaldeasturias.com\/magazine365\/wp-content\/uploads\/2016\/01\/fotonoticia_20160113184947_800.jpg","@id":"https:\/\/eldigitaldeasturias.com\/magazine365\/sevilla-lleva-a-fitur-un-programa-profesionalizado-para-captar-companias-y-visitantes-de-nuevos-mercados\/#mainImage","width":800,"height":1196},"primaryImageOfPage":{"@id":"https:\/\/eldigitaldeasturias.com\/magazine365\/sevilla-lleva-a-fitur-un-programa-profesionalizado-para-captar-companias-y-visitantes-de-nuevos-mercados\/#mainImage"},"datePublished":"2016-01-14T02:17:40+01:00","dateModified":"2016-01-14T02:17:40+01:00"},{"@type":"WebSite","@id":"https:\/\/eldigitaldeasturias.com\/magazine365\/#website","url":"https:\/\/eldigitaldeasturias.com\/magazine365\/","name":"El Digital de Asturias","description":"Revista de ocio, turismo y estilo de vida","inLanguage":"es-ES","publisher":{"@id":"https:\/\/eldigitaldeasturias.com\/magazine365\/#organization"}}]},"og:locale":"es_ES","og:site_name":"El Digital de Asturias \u2013 Revista de ocio, turismo y estilo de vida","og:type":"article","og:title":"Sevilla lleva a Fitur un programa \u00abprofesionalizado\u00bb para captar compa\u00f1\u00edas y visitantes de nuevos mercados | El Digital de Asturias","og:description":"El concejal delegado de H\u00e1bitat Urbano, Cultura y Turismo del Ayuntamiento de Sevilla, Antonio Mu\u00f1oz, ha lamentado el &quot;nerviosismo&quot; del PP respecto a la Feria Internacional del Turismo de Madrid (Fitur) y ha informado de que la nuevo programa municipal &quot;muy profesionalizado&quot; ser\u00e1 presentada el viernes, &quot;tal como est\u00e1 consensuado con el sector&quot;. &quot;Me sorprende","og:url":"https:\/\/eldigitaldeasturias.com\/magazine365\/sevilla-lleva-a-fitur-un-programa-profesionalizado-para-captar-companias-y-visitantes-de-nuevos-mercados\/","og:image":"https:\/\/eldigitaldeasturias.com\/magazine365\/wp-content\/uploads\/2016\/01\/fotonoticia_20160113184947_800.jpg","og:image:secure_url":"https:\/\/eldigitaldeasturias.com\/magazine365\/wp-content\/uploads\/2016\/01\/fotonoticia_20160113184947_800.jpg","og:image:width":800,"og:image:height":1196,"article:published_time":"2016-01-14T01:17:40+00:00","article:modified_time":"2016-01-14T01:17:40+00:00","twitter:card":"summary_large_image","twitter:title":"Sevilla lleva a Fitur un programa \u00abprofesionalizado\u00bb para captar compa\u00f1\u00edas y visitantes de nuevos mercados | El Digital de Asturias","twitter:description":"El concejal delegado de H\u00e1bitat Urbano, Cultura y Turismo del Ayuntamiento de Sevilla, Antonio Mu\u00f1oz, ha lamentado el &quot;nerviosismo&quot; del PP respecto a la Feria Internacional del Turismo de Madrid (Fitur) y ha informado de que la nuevo programa municipal &quot;muy profesionalizado&quot; ser\u00e1 presentada el viernes, &quot;tal como est\u00e1 consensuado con el sector&quot;. &quot;Me sorprende","twitter:image":"https:\/\/eldigitaldeasturias.com\/magazine365\/wp-content\/uploads\/2016\/01\/fotonoticia_20160113184947_800.jpg"},"aioseo_meta_data":{"post_id":"60583","title":null,"description":null,"keywords":null,"keyphrases":null,"primary_term":null,"canonical_url":null,"og_title":null,"og_description":null,"og_object_type":"default","og_image_type":"default","og_image_url":null,"og_image_width":null,"og_image_height":null,"og_image_custom_url":null,"og_image_custom_fields":null,"og_video":null,"og_custom_url":null,"og_article_section":null,"og_article_tags":null,"twitter_use_og":false,"twitter_card":"default","twitter_image_type":"default","twitter_image_url":null,"twitter_image_custom_url":null,"twitter_image_custom_fields":null,"twitter_title":null,"twitter_description":null,"schema":{"blockGraphs":[],"customGraphs":[],"default":{"data":{"Article":[],"Course":[],"Dataset":[],"FAQPage":[],"Movie":[],"Person":[],"Product":[],"ProductReview":[],"Car":[],"Recipe":[],"Service":[],"SoftwareApplication":[],"WebPage":[]},"graphName":"","isEnabled":true},"graphs":[],"defaultGraph":"","defaultPostTypeGraph":""},"schema_type":null,"schema_type_options":null,"pillar_content":false,"robots_default":true,"robots_noindex":false,"robots_noarchive":false,"robots_nosnippet":false,"robots_nofollow":false,"robots_noimageindex":false,"robots_noodp":false,"robots_notranslate":false,"robots_max_snippet":null,"robots_max_videopreview":null,"robots_max_imagepreview":"large","priority":null,"frequency":null,"location":null,"local_seo":null,"seo_analyzer_scan_date":"2025-09-25 07:11:23","breadcrumb_settings":null,"limit_modified_date":false,"open_ai":null,"ai":null,"created":"2021-03-08 21:57:46","updated":"2025-09-25 07:11:23"},"aioseo_breadcrumb":"<div class=\"aioseo-breadcrumbs\"><span class=\"aioseo-breadcrumb\">\n\t<a href=\"https:\/\/eldigitaldeasturias.com\/magazine365\" title=\"Home\">Home<\/a>\n<\/span><span class=\"aioseo-breadcrumb-separator\">\u2013<\/span><span class=\"aioseo-breadcrumb\">\n\t<a href=\"https:\/\/eldigitaldeasturias.com\/magazine365\/category\/noticias-actualidad\/\" title=\"Noticias y Actualidad\">Noticias y Actualidad<\/a>\n<\/span><span class=\"aioseo-breadcrumb-separator\">\u2013<\/span><span class=\"aioseo-breadcrumb\">\n\t<a href=\"https:\/\/eldigitaldeasturias.com\/magazine365\/sevilla-lleva-a-fitur-un-programa-profesionalizado-para-captar-companias-y-visitantes-de-nuevos-mercados\/\" title=\"Sevilla lleva a Fitur un programa \u00abprofesionalizado\u00bb para captar compa\u00f1\u00edas y visitantes de nuevos mercados\">Sevilla lleva a Fitur un programa \u00abprofesionalizado\u00bb para captar compa\u00f1\u00edas y visitantes de nuevos mercados<\/a>\n<\/span><\/div>","aioseo_breadcrumb_json":[{"label":"Home","link":"https:\/\/eldigitaldeasturias.com\/magazine365"},{"label":"Noticias y Actualidad","link":"https:\/\/eldigitaldeasturias.com\/magazine365\/category\/noticias-actualidad\/"},{"label":"Sevilla lleva a Fitur un programa \u00abprofesionalizado\u00bb para captar compa\u00f1\u00edas y visitantes de nuevos mercados","link":"https:\/\/eldigitaldeasturias.com\/magazine365\/sevilla-lleva-a-fitur-un-programa-profesionalizado-para-captar-companias-y-visitantes-de-nuevos-mercados\/"}],"_links":{"self":[{"href":"https:\/\/eldigitaldeasturias.com\/magazine365\/wp-json\/wp\/v2\/posts\/60583","targetHints":{"allow":["GET"]}}],"collection":[{"href":"https:\/\/eldigitaldeasturias.com\/magazine365\/wp-json\/wp\/v2\/posts"}],"about":[{"href":"https:\/\/eldigitaldeasturias.com\/magazine365\/wp-json\/wp\/v2\/types\/post"}],"author":[{"embeddable":true,"href":"https:\/\/eldigitaldeasturias.com\/magazine365\/wp-json\/wp\/v2\/users\/1"}],"replies":[{"embeddable":true,"href":"https:\/\/eldigitaldeasturias.com\/magazine365\/wp-json\/wp\/v2\/comments?post=60583"}],"version-history":[{"count":0,"href":"https:\/\/eldigitaldeasturias.com\/magazine365\/wp-json\/wp\/v2\/posts\/60583\/revisions"}],"wp:featuredmedia":[{"embeddable":true,"href":"https:\/\/eldigitaldeasturias.com\/magazine365\/wp-json\/wp\/v2\/media\/60584"}],"wp:attachment":[{"href":"https:\/\/eldigitaldeasturias.com\/magazine365\/wp-json\/wp\/v2\/media?parent=60583"}],"wp:term":[{"taxonomy":"category","embeddable":true,"href":"https:\/\/eldigitaldeasturias.com\/magazine365\/wp-json\/wp\/v2\/categories?post=60583"},{"taxonomy":"post_tag","embeddable":true,"href":"https:\/\/eldigitaldeasturias.com\/magazine365\/wp-json\/wp\/v2\/tags?post=60583"}],"curies":[{"name":"wp","href":"https:\/\/api.w.org\/{rel}","templated":true}]}}