{"id":60577,"date":"2016-01-14T02:12:58","date_gmt":"2016-01-14T01:12:58","guid":{"rendered":"http:\/\/eldigitaldeasturias.com\/magazine365\/?p=60577"},"modified":"2016-01-14T02:12:58","modified_gmt":"2016-01-14T01:12:58","slug":"el-ayuntamiento-de-rasines-quiere-activar-el-turismo-en-el-municipio","status":"publish","type":"post","link":"https:\/\/eldigitaldeasturias.com\/magazine365\/el-ayuntamiento-de-rasines-quiere-activar-el-turismo-en-el-municipio\/","title":{"rendered":"El Ayuntamiento de Rasines quiere activar el turismo en el municipio"},"content":{"rendered":"<p><img fetchpriority=\"high\" decoding=\"async\" class=\"alignleft size-medium wp-image-60578\" src=\"https:\/\/eldigitaldeasturias.com\/magazine365\/wp-content\/uploads\/2016\/01\/fotonoticia_20160113183339_800-360x240.jpg\" alt=\"fotonoticia_20160113183339_800\" width=\"360\" height=\"240\" srcset=\"https:\/\/eldigitaldeasturias.com\/magazine365\/wp-content\/uploads\/2016\/01\/fotonoticia_20160113183339_800-360x240.jpg 360w, https:\/\/eldigitaldeasturias.com\/magazine365\/wp-content\/uploads\/2016\/01\/fotonoticia_20160113183339_800-650x433.jpg 650w, https:\/\/eldigitaldeasturias.com\/magazine365\/wp-content\/uploads\/2016\/01\/fotonoticia_20160113183339_800-768x512.jpg 768w, https:\/\/eldigitaldeasturias.com\/magazine365\/wp-content\/uploads\/2016\/01\/fotonoticia_20160113183339_800-150x100.jpg 150w, https:\/\/eldigitaldeasturias.com\/magazine365\/wp-content\/uploads\/2016\/01\/fotonoticia_20160113183339_800-450x300.jpg 450w, https:\/\/eldigitaldeasturias.com\/magazine365\/wp-content\/uploads\/2016\/01\/fotonoticia_20160113183339_800-696x464.jpg 696w, https:\/\/eldigitaldeasturias.com\/magazine365\/wp-content\/uploads\/2016\/01\/fotonoticia_20160113183339_800-630x420.jpg 630w, https:\/\/eldigitaldeasturias.com\/magazine365\/wp-content\/uploads\/2016\/01\/fotonoticia_20160113183339_800-101x66.jpg 101w, https:\/\/eldigitaldeasturias.com\/magazine365\/wp-content\/uploads\/2016\/01\/fotonoticia_20160113183339_800.jpg 800w\" sizes=\"(max-width: 360px) 100vw, 360px\" \/>El consejero de Innovaci\u00f3n, Industria, Turismo y Comercio, Francisco Mart\u00edn, se ha reunido con el alcalde de Rasines, Jaime Bonachea, para conocer las necesidades de este municipio en los \u00e1mbitos de competencia de su departamento y entre los que destaca la intenci\u00f3n del equipo de Gobierno municipal de activar el turismo.<\/p>\n<p>Bonachea, que ha asistido acompa\u00f1ado del concejal de Turismo y Festejos, Sergio Castro, se ha interesado por las l\u00edneas de subvenciones para ayuntamientos que convoca la Consejer\u00eda.<\/p>\n<p>Tambi\u00e9n se ha interesado por los m\u00e1rgenes de ayuda y colaboraci\u00f3n con los que cuenta el departamento de Mart\u00edn para mejorar la se\u00f1alizaci\u00f3n tur\u00edstica de los principales lugares de inter\u00e9s y elementos del patrimonio cultural y paisaj\u00edstico de Rasines, entre ellos las rutas senderistas como la del Pic\u00f3n del Carlista, el Parque Paleol\u00edtico de la Cueva del Valle, el Museo de la Canter\u00eda o la iglesia de San Andr\u00e9s.<\/p>\n<p>\u00abContamos con importantes recursos tur\u00edsticos para atraer visitantes y el objeto es mejorar esta oferta y su poder de atracci\u00f3n con infraestructuras adecuadas y una se\u00f1alizaci\u00f3n que unifique la imagen tur\u00edstica del municipio y facilite el acceso a estos lugares\u00bb, ha se\u00f1alado Bonachea, al recordar el gran n\u00famero de visitantes que se acercan al parque de la Cueva del Valle.<\/p>\n<p>Por otra parte, el edil de Rasines tambi\u00e9n ha planteado al consejero la necesidad de renovar el alumbrado del municipio y la instalaci\u00f3n de un sistema que permita el ahorro energ\u00e9tico.<\/p>\n<p>Mart\u00edn y Bonachea han coincidido en subrayar que ambas acciones, la mejora tur\u00edstica y la sustituci\u00f3n del alumbrado p\u00fablico, son dos canales de \u00abgeneraci\u00f3n de actividad econ\u00f3mica en el municipio y modernizaci\u00f3n del mismo\u00bb.<\/p>\n<p>\u00abEl primero genera riqueza a trav\u00e9s del gasto de los turistas y visitantes y el segundo permite crear actividad en las empresas dedicadas a la instalaci\u00f3n el\u00e9ctrica\u00bb, han explicado.<\/p>\n<p>COBERTURA DE LAS TELECOMUNICACIONES<\/p>\n<p>Otra de las cuestiones adelantadas por Mart\u00edn al alcalde de Rasines es el compromiso de la Consejer\u00eda de solucionar las deficiencias y limitaciones en la cobertura de las telecomunicaciones que existen el municipio.<\/p>\n<p>Mart\u00edn ha destacado, en este sentido, que Rasines ha sido de los primeros municipios en informar sobre esta cuesti\u00f3n, tras la carta que la Consejer\u00eda de Industria env\u00edo a todos los alcaldes de la regi\u00f3n para conocer las carencias en cada t\u00e9rmino municipal y acometer las oportunas actuaciones que resuelvan los problemas de cobertura.<\/p>\n<p>\u00abNuestro objetivo es garantizar a los vecinos de Rasines y de todos los municipios de Cantabria la calidad de recepci\u00f3n de las se\u00f1ales de televisi\u00f3n, tel\u00e9fono y ADSL\u00bb, ha recordado el consejero, una actuaci\u00f3n que considera vital para el desarrollo del Plan TDcan de Universalizaci\u00f3n de la Televisi\u00f3n Digital en la regi\u00f3n.<\/p>\n","protected":false},"excerpt":{"rendered":"<p>El consejero de Innovaci\u00f3n, Industria, Turismo y Comercio, Francisco Mart\u00edn, se ha reunido con el alcalde de Rasines, Jaime Bonachea, para conocer las necesidades de este municipio en los \u00e1mbitos de competencia de su departamento y entre los que destaca la intenci\u00f3n del equipo de Gobierno municipal de activar el turismo. Bonachea, que ha asistido<\/p>\n","protected":false},"author":1,"featured_media":60578,"comment_status":"open","ping_status":"closed","sticky":false,"template":"","format":"standard","meta":{"footnotes":""},"categories":[224],"tags":[],"class_list":{"0":"post-60577","1":"post","2":"type-post","3":"status-publish","4":"format-standard","5":"has-post-thumbnail","7":"category-noticias-actualidad"},"aioseo_notices":[],"aioseo_head":"\n\t\t<!-- All in One SEO Pro 4.9.6.1 - aioseo.com -->\n\t<meta name=\"description\" content=\"El consejero de Innovaci\u00f3n, Industria, Turismo y Comercio, Francisco Mart\u00edn, se ha reunido con el alcalde de Rasines, Jaime Bonachea, para conocer las necesidades de este municipio en los \u00e1mbitos de competencia de su departamento y entre los que destaca la intenci\u00f3n del equipo de Gobierno municipal de activar el turismo. Bonachea, que ha asistido\" \/>\n\t<meta name=\"robots\" content=\"max-image-preview:large\" \/>\n\t<meta name=\"author\" content=\"admin\"\/>\n\t<meta name=\"google-site-verification\" content=\"UA-38556648-1\" \/>\n\t<meta name=\"keywords\" content=\"noticias y actualidad\" \/>\n\t<link rel=\"canonical\" href=\"https:\/\/eldigitaldeasturias.com\/magazine365\/el-ayuntamiento-de-rasines-quiere-activar-el-turismo-en-el-municipio\/\" \/>\n\t<meta name=\"generator\" content=\"All in One SEO Pro (AIOSEO) 4.9.6.1\" \/>\n\t\t<meta property=\"og:locale\" content=\"es_ES\" \/>\n\t\t<meta property=\"og:site_name\" content=\"El Digital de Asturias \u2013 Revista de ocio, turismo y estilo de vida\" \/>\n\t\t<meta property=\"og:type\" content=\"article\" \/>\n\t\t<meta property=\"og:title\" content=\"El Ayuntamiento de Rasines quiere activar el turismo en el municipio | El Digital de Asturias\" \/>\n\t\t<meta property=\"og:description\" content=\"El consejero de Innovaci\u00f3n, Industria, Turismo y Comercio, Francisco Mart\u00edn, se ha reunido con el alcalde de Rasines, Jaime Bonachea, para conocer las necesidades de este municipio en los \u00e1mbitos de competencia de su departamento y entre los que destaca la intenci\u00f3n del equipo de Gobierno municipal de activar el turismo. Bonachea, que ha asistido\" \/>\n\t\t<meta property=\"og:url\" content=\"https:\/\/eldigitaldeasturias.com\/magazine365\/el-ayuntamiento-de-rasines-quiere-activar-el-turismo-en-el-municipio\/\" \/>\n\t\t<meta property=\"og:image\" content=\"https:\/\/eldigitaldeasturias.com\/magazine365\/wp-content\/uploads\/2016\/01\/fotonoticia_20160113183339_800.jpg\" \/>\n\t\t<meta property=\"og:image:secure_url\" content=\"https:\/\/eldigitaldeasturias.com\/magazine365\/wp-content\/uploads\/2016\/01\/fotonoticia_20160113183339_800.jpg\" \/>\n\t\t<meta property=\"og:image:width\" content=\"800\" \/>\n\t\t<meta property=\"og:image:height\" content=\"533\" \/>\n\t\t<meta property=\"article:published_time\" content=\"2016-01-14T01:12:58+00:00\" \/>\n\t\t<meta property=\"article:modified_time\" content=\"2016-01-14T01:12:58+00:00\" \/>\n\t\t<meta name=\"twitter:card\" content=\"summary_large_image\" \/>\n\t\t<meta name=\"twitter:title\" content=\"El Ayuntamiento de Rasines quiere activar el turismo en el municipio | El Digital de Asturias\" \/>\n\t\t<meta name=\"twitter:description\" content=\"El consejero de Innovaci\u00f3n, Industria, Turismo y Comercio, Francisco Mart\u00edn, se ha reunido con el alcalde de Rasines, Jaime Bonachea, para conocer las necesidades de este municipio en los \u00e1mbitos de competencia de su departamento y entre los que destaca la intenci\u00f3n del equipo de Gobierno municipal de activar el turismo. Bonachea, que ha asistido\" \/>\n\t\t<meta name=\"twitter:image\" content=\"https:\/\/eldigitaldeasturias.com\/magazine365\/wp-content\/uploads\/2016\/01\/fotonoticia_20160113183339_800.jpg\" \/>\n\t\t<script type=\"application\/ld+json\" class=\"aioseo-schema\">\n\t\t\t{\"@context\":\"https:\\\/\\\/schema.org\",\"@graph\":[{\"@type\":\"Article\",\"@id\":\"https:\\\/\\\/eldigitaldeasturias.com\\\/magazine365\\\/el-ayuntamiento-de-rasines-quiere-activar-el-turismo-en-el-municipio\\\/#article\",\"name\":\"El Ayuntamiento de Rasines quiere activar el turismo en el municipio | El Digital de Asturias\",\"headline\":\"El Ayuntamiento de Rasines quiere activar el turismo en el municipio\",\"author\":{\"@id\":\"https:\\\/\\\/eldigitaldeasturias.com\\\/magazine365\\\/author\\\/admin\\\/#author\"},\"publisher\":{\"@id\":\"https:\\\/\\\/eldigitaldeasturias.com\\\/magazine365\\\/#organization\"},\"image\":{\"@type\":\"ImageObject\",\"url\":\"https:\\\/\\\/eldigitaldeasturias.com\\\/magazine365\\\/wp-content\\\/uploads\\\/2016\\\/01\\\/fotonoticia_20160113183339_800.jpg\",\"width\":800,\"height\":533},\"datePublished\":\"2016-01-14T02:12:58+01:00\",\"dateModified\":\"2016-01-14T02:12:58+01:00\",\"inLanguage\":\"es-ES\",\"mainEntityOfPage\":{\"@id\":\"https:\\\/\\\/eldigitaldeasturias.com\\\/magazine365\\\/el-ayuntamiento-de-rasines-quiere-activar-el-turismo-en-el-municipio\\\/#webpage\"},\"isPartOf\":{\"@id\":\"https:\\\/\\\/eldigitaldeasturias.com\\\/magazine365\\\/el-ayuntamiento-de-rasines-quiere-activar-el-turismo-en-el-municipio\\\/#webpage\"},\"articleSection\":\"Noticias y Actualidad\"},{\"@type\":\"BreadcrumbList\",\"@id\":\"https:\\\/\\\/eldigitaldeasturias.com\\\/magazine365\\\/el-ayuntamiento-de-rasines-quiere-activar-el-turismo-en-el-municipio\\\/#breadcrumblist\",\"itemListElement\":[{\"@type\":\"ListItem\",\"@id\":\"https:\\\/\\\/eldigitaldeasturias.com\\\/magazine365#listItem\",\"position\":1,\"name\":\"Home\",\"item\":\"https:\\\/\\\/eldigitaldeasturias.com\\\/magazine365\",\"nextItem\":{\"@type\":\"ListItem\",\"@id\":\"https:\\\/\\\/eldigitaldeasturias.com\\\/magazine365\\\/category\\\/noticias-actualidad\\\/#listItem\",\"name\":\"Noticias y Actualidad\"}},{\"@type\":\"ListItem\",\"@id\":\"https:\\\/\\\/eldigitaldeasturias.com\\\/magazine365\\\/category\\\/noticias-actualidad\\\/#listItem\",\"position\":2,\"name\":\"Noticias y Actualidad\",\"item\":\"https:\\\/\\\/eldigitaldeasturias.com\\\/magazine365\\\/category\\\/noticias-actualidad\\\/\",\"nextItem\":{\"@type\":\"ListItem\",\"@id\":\"https:\\\/\\\/eldigitaldeasturias.com\\\/magazine365\\\/el-ayuntamiento-de-rasines-quiere-activar-el-turismo-en-el-municipio\\\/#listItem\",\"name\":\"El Ayuntamiento de Rasines quiere activar el turismo en el municipio\"},\"previousItem\":{\"@type\":\"ListItem\",\"@id\":\"https:\\\/\\\/eldigitaldeasturias.com\\\/magazine365#listItem\",\"name\":\"Home\"}},{\"@type\":\"ListItem\",\"@id\":\"https:\\\/\\\/eldigitaldeasturias.com\\\/magazine365\\\/el-ayuntamiento-de-rasines-quiere-activar-el-turismo-en-el-municipio\\\/#listItem\",\"position\":3,\"name\":\"El Ayuntamiento de Rasines quiere activar el turismo en el municipio\",\"previousItem\":{\"@type\":\"ListItem\",\"@id\":\"https:\\\/\\\/eldigitaldeasturias.com\\\/magazine365\\\/category\\\/noticias-actualidad\\\/#listItem\",\"name\":\"Noticias y Actualidad\"}}]},{\"@type\":\"Organization\",\"@id\":\"https:\\\/\\\/eldigitaldeasturias.com\\\/magazine365\\\/#organization\",\"name\":\"El digital de Asturias\",\"description\":\"Revista de ocio, turismo y estilo de vida\",\"url\":\"https:\\\/\\\/eldigitaldeasturias.com\\\/magazine365\\\/\",\"logo\":{\"@type\":\"ImageObject\",\"url\":\"https:\\\/\\\/www.eldigitaldeasturias.com\\\/noticias\\\/wp-content\\\/uploads\\\/2020\\\/12\\\/EDA.jpg\",\"@id\":\"https:\\\/\\\/eldigitaldeasturias.com\\\/magazine365\\\/el-ayuntamiento-de-rasines-quiere-activar-el-turismo-en-el-municipio\\\/#organizationLogo\"},\"image\":{\"@id\":\"https:\\\/\\\/eldigitaldeasturias.com\\\/magazine365\\\/el-ayuntamiento-de-rasines-quiere-activar-el-turismo-en-el-municipio\\\/#organizationLogo\"}},{\"@type\":\"Person\",\"@id\":\"https:\\\/\\\/eldigitaldeasturias.com\\\/magazine365\\\/author\\\/admin\\\/#author\",\"url\":\"https:\\\/\\\/eldigitaldeasturias.com\\\/magazine365\\\/author\\\/admin\\\/\",\"name\":\"admin\",\"image\":{\"@type\":\"ImageObject\",\"@id\":\"https:\\\/\\\/eldigitaldeasturias.com\\\/magazine365\\\/el-ayuntamiento-de-rasines-quiere-activar-el-turismo-en-el-municipio\\\/#authorImage\",\"url\":\"https:\\\/\\\/eldigitaldeasturias.com\\\/magazine365\\\/wp-content\\\/litespeed\\\/avatar\\\/e571bcf59a0edd6fa6838245a470f2fe.jpg?ver=1777574230\",\"width\":96,\"height\":96,\"caption\":\"admin\"}},{\"@type\":\"WebPage\",\"@id\":\"https:\\\/\\\/eldigitaldeasturias.com\\\/magazine365\\\/el-ayuntamiento-de-rasines-quiere-activar-el-turismo-en-el-municipio\\\/#webpage\",\"url\":\"https:\\\/\\\/eldigitaldeasturias.com\\\/magazine365\\\/el-ayuntamiento-de-rasines-quiere-activar-el-turismo-en-el-municipio\\\/\",\"name\":\"El Ayuntamiento de Rasines quiere activar el turismo en el municipio | El Digital de Asturias\",\"description\":\"El consejero de Innovaci\\u00f3n, Industria, Turismo y Comercio, Francisco Mart\\u00edn, se ha reunido con el alcalde de Rasines, Jaime Bonachea, para conocer las necesidades de este municipio en los \\u00e1mbitos de competencia de su departamento y entre los que destaca la intenci\\u00f3n del equipo de Gobierno municipal de activar el turismo. Bonachea, que ha asistido\",\"inLanguage\":\"es-ES\",\"isPartOf\":{\"@id\":\"https:\\\/\\\/eldigitaldeasturias.com\\\/magazine365\\\/#website\"},\"breadcrumb\":{\"@id\":\"https:\\\/\\\/eldigitaldeasturias.com\\\/magazine365\\\/el-ayuntamiento-de-rasines-quiere-activar-el-turismo-en-el-municipio\\\/#breadcrumblist\"},\"author\":{\"@id\":\"https:\\\/\\\/eldigitaldeasturias.com\\\/magazine365\\\/author\\\/admin\\\/#author\"},\"creator\":{\"@id\":\"https:\\\/\\\/eldigitaldeasturias.com\\\/magazine365\\\/author\\\/admin\\\/#author\"},\"image\":{\"@type\":\"ImageObject\",\"url\":\"https:\\\/\\\/eldigitaldeasturias.com\\\/magazine365\\\/wp-content\\\/uploads\\\/2016\\\/01\\\/fotonoticia_20160113183339_800.jpg\",\"@id\":\"https:\\\/\\\/eldigitaldeasturias.com\\\/magazine365\\\/el-ayuntamiento-de-rasines-quiere-activar-el-turismo-en-el-municipio\\\/#mainImage\",\"width\":800,\"height\":533},\"primaryImageOfPage\":{\"@id\":\"https:\\\/\\\/eldigitaldeasturias.com\\\/magazine365\\\/el-ayuntamiento-de-rasines-quiere-activar-el-turismo-en-el-municipio\\\/#mainImage\"},\"datePublished\":\"2016-01-14T02:12:58+01:00\",\"dateModified\":\"2016-01-14T02:12:58+01:00\"},{\"@type\":\"WebSite\",\"@id\":\"https:\\\/\\\/eldigitaldeasturias.com\\\/magazine365\\\/#website\",\"url\":\"https:\\\/\\\/eldigitaldeasturias.com\\\/magazine365\\\/\",\"name\":\"El Digital de Asturias\",\"description\":\"Revista de ocio, turismo y estilo de vida\",\"inLanguage\":\"es-ES\",\"publisher\":{\"@id\":\"https:\\\/\\\/eldigitaldeasturias.com\\\/magazine365\\\/#organization\"}}]}\n\t\t<\/script>\n\t\t<!-- All in One SEO Pro -->\r\n\t\t<title>El Ayuntamiento de Rasines quiere activar el turismo en el municipio | El Digital de Asturias<\/title>\n\n","aioseo_head_json":{"title":"El Ayuntamiento de Rasines quiere activar el turismo en el municipio | El Digital de Asturias","description":"El consejero de Innovaci\u00f3n, Industria, Turismo y Comercio, Francisco Mart\u00edn, se ha reunido con el alcalde de Rasines, Jaime Bonachea, para conocer las necesidades de este municipio en los \u00e1mbitos de competencia de su departamento y entre los que destaca la intenci\u00f3n del equipo de Gobierno municipal de activar el turismo. Bonachea, que ha asistido","canonical_url":"https:\/\/eldigitaldeasturias.com\/magazine365\/el-ayuntamiento-de-rasines-quiere-activar-el-turismo-en-el-municipio\/","robots":"max-image-preview:large","keywords":"noticias y actualidad","webmasterTools":{"google-site-verification":"UA-38556648-1","miscellaneous":""},"schema":{"@context":"https:\/\/schema.org","@graph":[{"@type":"Article","@id":"https:\/\/eldigitaldeasturias.com\/magazine365\/el-ayuntamiento-de-rasines-quiere-activar-el-turismo-en-el-municipio\/#article","name":"El Ayuntamiento de Rasines quiere activar el turismo en el municipio | El Digital de Asturias","headline":"El Ayuntamiento de Rasines quiere activar el turismo en el municipio","author":{"@id":"https:\/\/eldigitaldeasturias.com\/magazine365\/author\/admin\/#author"},"publisher":{"@id":"https:\/\/eldigitaldeasturias.com\/magazine365\/#organization"},"image":{"@type":"ImageObject","url":"https:\/\/eldigitaldeasturias.com\/magazine365\/wp-content\/uploads\/2016\/01\/fotonoticia_20160113183339_800.jpg","width":800,"height":533},"datePublished":"2016-01-14T02:12:58+01:00","dateModified":"2016-01-14T02:12:58+01:00","inLanguage":"es-ES","mainEntityOfPage":{"@id":"https:\/\/eldigitaldeasturias.com\/magazine365\/el-ayuntamiento-de-rasines-quiere-activar-el-turismo-en-el-municipio\/#webpage"},"isPartOf":{"@id":"https:\/\/eldigitaldeasturias.com\/magazine365\/el-ayuntamiento-de-rasines-quiere-activar-el-turismo-en-el-municipio\/#webpage"},"articleSection":"Noticias y Actualidad"},{"@type":"BreadcrumbList","@id":"https:\/\/eldigitaldeasturias.com\/magazine365\/el-ayuntamiento-de-rasines-quiere-activar-el-turismo-en-el-municipio\/#breadcrumblist","itemListElement":[{"@type":"ListItem","@id":"https:\/\/eldigitaldeasturias.com\/magazine365#listItem","position":1,"name":"Home","item":"https:\/\/eldigitaldeasturias.com\/magazine365","nextItem":{"@type":"ListItem","@id":"https:\/\/eldigitaldeasturias.com\/magazine365\/category\/noticias-actualidad\/#listItem","name":"Noticias y Actualidad"}},{"@type":"ListItem","@id":"https:\/\/eldigitaldeasturias.com\/magazine365\/category\/noticias-actualidad\/#listItem","position":2,"name":"Noticias y Actualidad","item":"https:\/\/eldigitaldeasturias.com\/magazine365\/category\/noticias-actualidad\/","nextItem":{"@type":"ListItem","@id":"https:\/\/eldigitaldeasturias.com\/magazine365\/el-ayuntamiento-de-rasines-quiere-activar-el-turismo-en-el-municipio\/#listItem","name":"El Ayuntamiento de Rasines quiere activar el turismo en el municipio"},"previousItem":{"@type":"ListItem","@id":"https:\/\/eldigitaldeasturias.com\/magazine365#listItem","name":"Home"}},{"@type":"ListItem","@id":"https:\/\/eldigitaldeasturias.com\/magazine365\/el-ayuntamiento-de-rasines-quiere-activar-el-turismo-en-el-municipio\/#listItem","position":3,"name":"El Ayuntamiento de Rasines quiere activar el turismo en el municipio","previousItem":{"@type":"ListItem","@id":"https:\/\/eldigitaldeasturias.com\/magazine365\/category\/noticias-actualidad\/#listItem","name":"Noticias y Actualidad"}}]},{"@type":"Organization","@id":"https:\/\/eldigitaldeasturias.com\/magazine365\/#organization","name":"El digital de Asturias","description":"Revista de ocio, turismo y estilo de vida","url":"https:\/\/eldigitaldeasturias.com\/magazine365\/","logo":{"@type":"ImageObject","url":"https:\/\/www.eldigitaldeasturias.com\/noticias\/wp-content\/uploads\/2020\/12\/EDA.jpg","@id":"https:\/\/eldigitaldeasturias.com\/magazine365\/el-ayuntamiento-de-rasines-quiere-activar-el-turismo-en-el-municipio\/#organizationLogo"},"image":{"@id":"https:\/\/eldigitaldeasturias.com\/magazine365\/el-ayuntamiento-de-rasines-quiere-activar-el-turismo-en-el-municipio\/#organizationLogo"}},{"@type":"Person","@id":"https:\/\/eldigitaldeasturias.com\/magazine365\/author\/admin\/#author","url":"https:\/\/eldigitaldeasturias.com\/magazine365\/author\/admin\/","name":"admin","image":{"@type":"ImageObject","@id":"https:\/\/eldigitaldeasturias.com\/magazine365\/el-ayuntamiento-de-rasines-quiere-activar-el-turismo-en-el-municipio\/#authorImage","url":"https:\/\/eldigitaldeasturias.com\/magazine365\/wp-content\/litespeed\/avatar\/e571bcf59a0edd6fa6838245a470f2fe.jpg?ver=1777574230","width":96,"height":96,"caption":"admin"}},{"@type":"WebPage","@id":"https:\/\/eldigitaldeasturias.com\/magazine365\/el-ayuntamiento-de-rasines-quiere-activar-el-turismo-en-el-municipio\/#webpage","url":"https:\/\/eldigitaldeasturias.com\/magazine365\/el-ayuntamiento-de-rasines-quiere-activar-el-turismo-en-el-municipio\/","name":"El Ayuntamiento de Rasines quiere activar el turismo en el municipio | El Digital de Asturias","description":"El consejero de Innovaci\u00f3n, Industria, Turismo y Comercio, Francisco Mart\u00edn, se ha reunido con el alcalde de Rasines, Jaime Bonachea, para conocer las necesidades de este municipio en los \u00e1mbitos de competencia de su departamento y entre los que destaca la intenci\u00f3n del equipo de Gobierno municipal de activar el turismo. Bonachea, que ha asistido","inLanguage":"es-ES","isPartOf":{"@id":"https:\/\/eldigitaldeasturias.com\/magazine365\/#website"},"breadcrumb":{"@id":"https:\/\/eldigitaldeasturias.com\/magazine365\/el-ayuntamiento-de-rasines-quiere-activar-el-turismo-en-el-municipio\/#breadcrumblist"},"author":{"@id":"https:\/\/eldigitaldeasturias.com\/magazine365\/author\/admin\/#author"},"creator":{"@id":"https:\/\/eldigitaldeasturias.com\/magazine365\/author\/admin\/#author"},"image":{"@type":"ImageObject","url":"https:\/\/eldigitaldeasturias.com\/magazine365\/wp-content\/uploads\/2016\/01\/fotonoticia_20160113183339_800.jpg","@id":"https:\/\/eldigitaldeasturias.com\/magazine365\/el-ayuntamiento-de-rasines-quiere-activar-el-turismo-en-el-municipio\/#mainImage","width":800,"height":533},"primaryImageOfPage":{"@id":"https:\/\/eldigitaldeasturias.com\/magazine365\/el-ayuntamiento-de-rasines-quiere-activar-el-turismo-en-el-municipio\/#mainImage"},"datePublished":"2016-01-14T02:12:58+01:00","dateModified":"2016-01-14T02:12:58+01:00"},{"@type":"WebSite","@id":"https:\/\/eldigitaldeasturias.com\/magazine365\/#website","url":"https:\/\/eldigitaldeasturias.com\/magazine365\/","name":"El Digital de Asturias","description":"Revista de ocio, turismo y estilo de vida","inLanguage":"es-ES","publisher":{"@id":"https:\/\/eldigitaldeasturias.com\/magazine365\/#organization"}}]},"og:locale":"es_ES","og:site_name":"El Digital de Asturias \u2013 Revista de ocio, turismo y estilo de vida","og:type":"article","og:title":"El Ayuntamiento de Rasines quiere activar el turismo en el municipio | El Digital de Asturias","og:description":"El consejero de Innovaci\u00f3n, Industria, Turismo y Comercio, Francisco Mart\u00edn, se ha reunido con el alcalde de Rasines, Jaime Bonachea, para conocer las necesidades de este municipio en los \u00e1mbitos de competencia de su departamento y entre los que destaca la intenci\u00f3n del equipo de Gobierno municipal de activar el turismo. Bonachea, que ha asistido","og:url":"https:\/\/eldigitaldeasturias.com\/magazine365\/el-ayuntamiento-de-rasines-quiere-activar-el-turismo-en-el-municipio\/","og:image":"https:\/\/eldigitaldeasturias.com\/magazine365\/wp-content\/uploads\/2016\/01\/fotonoticia_20160113183339_800.jpg","og:image:secure_url":"https:\/\/eldigitaldeasturias.com\/magazine365\/wp-content\/uploads\/2016\/01\/fotonoticia_20160113183339_800.jpg","og:image:width":800,"og:image:height":533,"article:published_time":"2016-01-14T01:12:58+00:00","article:modified_time":"2016-01-14T01:12:58+00:00","twitter:card":"summary_large_image","twitter:title":"El Ayuntamiento de Rasines quiere activar el turismo en el municipio | El Digital de Asturias","twitter:description":"El consejero de Innovaci\u00f3n, Industria, Turismo y Comercio, Francisco Mart\u00edn, se ha reunido con el alcalde de Rasines, Jaime Bonachea, para conocer las necesidades de este municipio en los \u00e1mbitos de competencia de su departamento y entre los que destaca la intenci\u00f3n del equipo de Gobierno municipal de activar el turismo. Bonachea, que ha asistido","twitter:image":"https:\/\/eldigitaldeasturias.com\/magazine365\/wp-content\/uploads\/2016\/01\/fotonoticia_20160113183339_800.jpg"},"aioseo_meta_data":{"post_id":"60577","title":null,"description":null,"keywords":null,"keyphrases":null,"primary_term":null,"canonical_url":null,"og_title":null,"og_description":null,"og_object_type":"default","og_image_type":"default","og_image_url":null,"og_image_width":null,"og_image_height":null,"og_image_custom_url":null,"og_image_custom_fields":null,"og_video":null,"og_custom_url":null,"og_article_section":null,"og_article_tags":null,"twitter_use_og":false,"twitter_card":"default","twitter_image_type":"default","twitter_image_url":null,"twitter_image_custom_url":null,"twitter_image_custom_fields":null,"twitter_title":null,"twitter_description":null,"schema":{"blockGraphs":[],"customGraphs":[],"default":{"data":{"Article":[],"Course":[],"Dataset":[],"FAQPage":[],"Movie":[],"Person":[],"Product":[],"ProductReview":[],"Car":[],"Recipe":[],"Service":[],"SoftwareApplication":[],"WebPage":[]},"graphName":"","isEnabled":true},"graphs":[],"defaultGraph":"","defaultPostTypeGraph":""},"schema_type":null,"schema_type_options":null,"pillar_content":false,"robots_default":true,"robots_noindex":false,"robots_noarchive":false,"robots_nosnippet":false,"robots_nofollow":false,"robots_noimageindex":false,"robots_noodp":false,"robots_notranslate":false,"robots_max_snippet":null,"robots_max_videopreview":null,"robots_max_imagepreview":"large","priority":null,"frequency":null,"location":null,"local_seo":null,"seo_analyzer_scan_date":"2025-09-25 07:09:53","breadcrumb_settings":null,"limit_modified_date":false,"open_ai":null,"ai":null,"created":"2021-03-08 21:58:49","updated":"2025-09-25 07:09:53"},"aioseo_breadcrumb":"<div class=\"aioseo-breadcrumbs\"><span class=\"aioseo-breadcrumb\">\n\t<a href=\"https:\/\/eldigitaldeasturias.com\/magazine365\" title=\"Home\">Home<\/a>\n<\/span><span class=\"aioseo-breadcrumb-separator\">\u2013<\/span><span class=\"aioseo-breadcrumb\">\n\t<a href=\"https:\/\/eldigitaldeasturias.com\/magazine365\/category\/noticias-actualidad\/\" title=\"Noticias y Actualidad\">Noticias y Actualidad<\/a>\n<\/span><span class=\"aioseo-breadcrumb-separator\">\u2013<\/span><span class=\"aioseo-breadcrumb\">\n\t<a href=\"https:\/\/eldigitaldeasturias.com\/magazine365\/el-ayuntamiento-de-rasines-quiere-activar-el-turismo-en-el-municipio\/\" title=\"El Ayuntamiento de Rasines quiere activar el turismo en el municipio\">El Ayuntamiento de Rasines quiere activar el turismo en el municipio<\/a>\n<\/span><\/div>","aioseo_breadcrumb_json":[{"label":"Home","link":"https:\/\/eldigitaldeasturias.com\/magazine365"},{"label":"Noticias y Actualidad","link":"https:\/\/eldigitaldeasturias.com\/magazine365\/category\/noticias-actualidad\/"},{"label":"El Ayuntamiento de Rasines quiere activar el turismo en el municipio","link":"https:\/\/eldigitaldeasturias.com\/magazine365\/el-ayuntamiento-de-rasines-quiere-activar-el-turismo-en-el-municipio\/"}],"_links":{"self":[{"href":"https:\/\/eldigitaldeasturias.com\/magazine365\/wp-json\/wp\/v2\/posts\/60577","targetHints":{"allow":["GET"]}}],"collection":[{"href":"https:\/\/eldigitaldeasturias.com\/magazine365\/wp-json\/wp\/v2\/posts"}],"about":[{"href":"https:\/\/eldigitaldeasturias.com\/magazine365\/wp-json\/wp\/v2\/types\/post"}],"author":[{"embeddable":true,"href":"https:\/\/eldigitaldeasturias.com\/magazine365\/wp-json\/wp\/v2\/users\/1"}],"replies":[{"embeddable":true,"href":"https:\/\/eldigitaldeasturias.com\/magazine365\/wp-json\/wp\/v2\/comments?post=60577"}],"version-history":[{"count":0,"href":"https:\/\/eldigitaldeasturias.com\/magazine365\/wp-json\/wp\/v2\/posts\/60577\/revisions"}],"wp:featuredmedia":[{"embeddable":true,"href":"https:\/\/eldigitaldeasturias.com\/magazine365\/wp-json\/wp\/v2\/media\/60578"}],"wp:attachment":[{"href":"https:\/\/eldigitaldeasturias.com\/magazine365\/wp-json\/wp\/v2\/media?parent=60577"}],"wp:term":[{"taxonomy":"category","embeddable":true,"href":"https:\/\/eldigitaldeasturias.com\/magazine365\/wp-json\/wp\/v2\/categories?post=60577"},{"taxonomy":"post_tag","embeddable":true,"href":"https:\/\/eldigitaldeasturias.com\/magazine365\/wp-json\/wp\/v2\/tags?post=60577"}],"curies":[{"name":"wp","href":"https:\/\/api.w.org\/{rel}","templated":true}]}}