{"id":60571,"date":"2016-01-14T02:10:17","date_gmt":"2016-01-14T01:10:17","guid":{"rendered":"http:\/\/eldigitaldeasturias.com\/magazine365\/?p=60571"},"modified":"2016-01-14T02:10:17","modified_gmt":"2016-01-14T01:10:17","slug":"la-cata-concurso-para-elegir-los-mejores-aceites-de-oliva-virgenes-extra-comienzan-este-jueves-en-jaen","status":"publish","type":"post","link":"https:\/\/eldigitaldeasturias.com\/magazine365\/la-cata-concurso-para-elegir-los-mejores-aceites-de-oliva-virgenes-extra-comienzan-este-jueves-en-jaen\/","title":{"rendered":"La cata concurso para elegir los mejores aceites de oliva v\u00edrgenes extra comienzan este jueves en Ja\u00e9n"},"content":{"rendered":"<p><img fetchpriority=\"high\" decoding=\"async\" class=\"alignleft size-medium wp-image-60572\" src=\"https:\/\/eldigitaldeasturias.com\/magazine365\/wp-content\/uploads\/2016\/01\/fotonoticia_20160113183027_800-240x300.jpg\" alt=\"fotonoticia_20160113183027_800\" width=\"240\" height=\"300\" srcset=\"https:\/\/eldigitaldeasturias.com\/magazine365\/wp-content\/uploads\/2016\/01\/fotonoticia_20160113183027_800-240x300.jpg 240w, https:\/\/eldigitaldeasturias.com\/magazine365\/wp-content\/uploads\/2016\/01\/fotonoticia_20160113183027_800-512x640.jpg 512w, https:\/\/eldigitaldeasturias.com\/magazine365\/wp-content\/uploads\/2016\/01\/fotonoticia_20160113183027_800-768x960.jpg 768w, https:\/\/eldigitaldeasturias.com\/magazine365\/wp-content\/uploads\/2016\/01\/fotonoticia_20160113183027_800-150x188.jpg 150w, https:\/\/eldigitaldeasturias.com\/magazine365\/wp-content\/uploads\/2016\/01\/fotonoticia_20160113183027_800-450x563.jpg 450w, https:\/\/eldigitaldeasturias.com\/magazine365\/wp-content\/uploads\/2016\/01\/fotonoticia_20160113183027_800-696x870.jpg 696w, https:\/\/eldigitaldeasturias.com\/magazine365\/wp-content\/uploads\/2016\/01\/fotonoticia_20160113183027_800-336x420.jpg 336w, https:\/\/eldigitaldeasturias.com\/magazine365\/wp-content\/uploads\/2016\/01\/fotonoticia_20160113183027_800.jpg 800w\" sizes=\"(max-width: 240px) 100vw, 240px\" \/>Un total de 62 v\u00edrgenes extras optan este a\u00f1o al distintivo &#8216;Ja\u00e9n Selecci\u00f3n 2016&#8217; que otorga la Diputaci\u00f3n Provincial. La d\u00e9cimo cuarta edici\u00f3n de esta cata concurso, donde se elegir\u00e1n los 8 mejores aceites de oliva virgen extra jiennenses, se celebra este jueves y este viernes mediante una cata concurso que busca elegir a los mejores aceites de oliva v\u00edrgenes extra jiennenses de cada cosecha.<\/p>\n<p>El n\u00famero de aceites participantes es la cifra m\u00e1s alta de todas las ediciones. Los aceites han sido presentados por 58 empresas, diez m\u00e1s que en el certamen anterior. A esta cata, en la que se seleccionar\u00e1n los siete mejores aceites obtenidos de forma convencional y tambi\u00e9n uno ecol\u00f3gico, han concurrido un 19 por ciento m\u00e1s de sociedades cooperativas ole\u00edcolas de la provincia de Ja\u00e9n y que son las causantes del incremento de participaci\u00f3n.<\/p>\n<p>En concreto, de los 62 aceites que aspiran a ser reconocidos con este distintivo, 28 han sido elaborados por sociedades cooperativas y los 34 restantes por almazaras privadas. Por lo que respecta a las variedades de los caldos presentados, una gran mayor\u00eda, 58, son picuales, y el resto son un arbequino, otro manzanillo de Ja\u00e9n y dos de mezclas de distintas variedades.<\/p>\n<p>En cuanto a las categor\u00edas establecidas en este concurso, 53 lo har\u00e1n a la convencional y los nueve restantes a la de aceites ecol\u00f3gicos. Las empresas que los han elaborado est\u00e1n radicadas en 36 municipios jiennenses.<\/p>\n<p>Los encargados de hacer la criba y decidir qu\u00e9 aceites son los mejores de la campa\u00f1a 2015-2016 ser\u00e1n Br\u00edgida Jim\u00e9nez, directora del Ifapa de Cabra (C\u00f3rdoba); Rafael Garc\u00eda Santos, cr\u00edtico gastron\u00f3mico de \u00abLo mejor de la gastronom\u00eda\u00bb; Juan Ram\u00f3n Izquierdo, responsable del panel de catadores del Ministerio de Agricultura, Alimentaci\u00f3n y Medio Ambiente; y Fernando Mart\u00ednez, jefe del panel de cata del Instituto de la Grasa de Sevilla, entre otros expertos a los que se unir\u00e1n como invitados algunos cocineros jiennenses.<\/p>\n<p>Este jurado ser\u00e1 el que tome la decisi\u00f3n final y determine qu\u00e9 v\u00edrgenes extras participar\u00e1n junto a la Diputaci\u00f3n en las distintas campa\u00f1as y acciones promocionales que desarrolla a lo largo del a\u00f1o. As\u00ed, el bautizo oficial ser\u00e1 en Fitur 2016, donde se har\u00e1 un reconocimiento a los ganadores.<\/p>\n<p>Adem\u00e1s, estos aceites ser\u00e1n los que utilicen los finalistas del Premio Internacional de Cocina con Aceite de Oliva &#8216;Ja\u00e9n, para\u00edso interior&#8217;, que tendr\u00e1 lugar este mes de enero en Madrid Fusi\u00f3n, y acudan de la mano de la Administraci\u00f3n provincial a ferias como el Sal\u00f3n Internacional del Club del Gourmet, Alimentaria, la Olive Oil World Exhibition, San Sebasti\u00e1n Gastronomika o la Fiesta del Primer Aceite de la provincia de Ja\u00e9n fuera de la provincia, entre otras.<\/p>\n","protected":false},"excerpt":{"rendered":"<p>Un total de 62 v\u00edrgenes extras optan este a\u00f1o al distintivo &#8216;Ja\u00e9n Selecci\u00f3n 2016&#8217; que otorga la Diputaci\u00f3n Provincial. La d\u00e9cimo cuarta edici\u00f3n de esta cata concurso, donde se elegir\u00e1n los 8 mejores aceites de oliva virgen extra jiennenses, se celebra este jueves y este viernes mediante una cata concurso que busca elegir a los<\/p>\n","protected":false},"author":1,"featured_media":60572,"comment_status":"open","ping_status":"closed","sticky":false,"template":"","format":"standard","meta":{"footnotes":""},"categories":[224],"tags":[],"class_list":{"0":"post-60571","1":"post","2":"type-post","3":"status-publish","4":"format-standard","5":"has-post-thumbnail","7":"category-noticias-actualidad"},"aioseo_notices":[],"aioseo_head":"\n\t\t<!-- All in One SEO Pro 4.9.6.1 - aioseo.com -->\n\t<meta name=\"description\" content=\"Un total de 62 v\u00edrgenes extras optan este a\u00f1o al distintivo &#039;Ja\u00e9n Selecci\u00f3n 2016&#039; que otorga la Diputaci\u00f3n Provincial. La d\u00e9cimo cuarta edici\u00f3n de esta cata concurso, donde se elegir\u00e1n los 8 mejores aceites de oliva virgen extra jiennenses, se celebra este jueves y este viernes mediante una cata concurso que busca elegir a los\" \/>\n\t<meta name=\"robots\" content=\"max-image-preview:large\" \/>\n\t<meta name=\"author\" content=\"admin\"\/>\n\t<meta name=\"google-site-verification\" content=\"UA-38556648-1\" \/>\n\t<meta name=\"keywords\" content=\"noticias y actualidad\" \/>\n\t<link rel=\"canonical\" href=\"https:\/\/eldigitaldeasturias.com\/magazine365\/la-cata-concurso-para-elegir-los-mejores-aceites-de-oliva-virgenes-extra-comienzan-este-jueves-en-jaen\/\" \/>\n\t<meta name=\"generator\" content=\"All in One SEO Pro (AIOSEO) 4.9.6.1\" \/>\n\t\t<meta property=\"og:locale\" content=\"es_ES\" \/>\n\t\t<meta property=\"og:site_name\" content=\"El Digital de Asturias \u2013 Revista de ocio, turismo y estilo de vida\" \/>\n\t\t<meta property=\"og:type\" content=\"article\" \/>\n\t\t<meta property=\"og:title\" content=\"La cata concurso para elegir los mejores aceites de oliva v\u00edrgenes extra comienzan este jueves en Ja\u00e9n | El Digital de Asturias\" \/>\n\t\t<meta property=\"og:description\" content=\"Un total de 62 v\u00edrgenes extras optan este a\u00f1o al distintivo &#039;Ja\u00e9n Selecci\u00f3n 2016&#039; que otorga la Diputaci\u00f3n Provincial. La d\u00e9cimo cuarta edici\u00f3n de esta cata concurso, donde se elegir\u00e1n los 8 mejores aceites de oliva virgen extra jiennenses, se celebra este jueves y este viernes mediante una cata concurso que busca elegir a los\" \/>\n\t\t<meta property=\"og:url\" content=\"https:\/\/eldigitaldeasturias.com\/magazine365\/la-cata-concurso-para-elegir-los-mejores-aceites-de-oliva-virgenes-extra-comienzan-este-jueves-en-jaen\/\" \/>\n\t\t<meta property=\"og:image\" content=\"https:\/\/eldigitaldeasturias.com\/magazine365\/wp-content\/uploads\/2016\/01\/fotonoticia_20160113183027_800.jpg\" \/>\n\t\t<meta property=\"og:image:secure_url\" content=\"https:\/\/eldigitaldeasturias.com\/magazine365\/wp-content\/uploads\/2016\/01\/fotonoticia_20160113183027_800.jpg\" \/>\n\t\t<meta property=\"og:image:width\" content=\"800\" \/>\n\t\t<meta property=\"og:image:height\" content=\"1000\" \/>\n\t\t<meta property=\"article:published_time\" content=\"2016-01-14T01:10:17+00:00\" \/>\n\t\t<meta property=\"article:modified_time\" content=\"2016-01-14T01:10:17+00:00\" \/>\n\t\t<meta name=\"twitter:card\" content=\"summary_large_image\" \/>\n\t\t<meta name=\"twitter:title\" content=\"La cata concurso para elegir los mejores aceites de oliva v\u00edrgenes extra comienzan este jueves en Ja\u00e9n | El Digital de Asturias\" \/>\n\t\t<meta name=\"twitter:description\" content=\"Un total de 62 v\u00edrgenes extras optan este a\u00f1o al distintivo &#039;Ja\u00e9n Selecci\u00f3n 2016&#039; que otorga la Diputaci\u00f3n Provincial. La d\u00e9cimo cuarta edici\u00f3n de esta cata concurso, donde se elegir\u00e1n los 8 mejores aceites de oliva virgen extra jiennenses, se celebra este jueves y este viernes mediante una cata concurso que busca elegir a los\" \/>\n\t\t<meta name=\"twitter:image\" content=\"https:\/\/eldigitaldeasturias.com\/magazine365\/wp-content\/uploads\/2016\/01\/fotonoticia_20160113183027_800.jpg\" \/>\n\t\t<script type=\"application\/ld+json\" class=\"aioseo-schema\">\n\t\t\t{\"@context\":\"https:\\\/\\\/schema.org\",\"@graph\":[{\"@type\":\"Article\",\"@id\":\"https:\\\/\\\/eldigitaldeasturias.com\\\/magazine365\\\/la-cata-concurso-para-elegir-los-mejores-aceites-de-oliva-virgenes-extra-comienzan-este-jueves-en-jaen\\\/#article\",\"name\":\"La cata concurso para elegir los mejores aceites de oliva v\\u00edrgenes extra comienzan este jueves en Ja\\u00e9n | El Digital de Asturias\",\"headline\":\"La cata concurso para elegir los mejores aceites de oliva v\\u00edrgenes extra comienzan este jueves en Ja\\u00e9n\",\"author\":{\"@id\":\"https:\\\/\\\/eldigitaldeasturias.com\\\/magazine365\\\/author\\\/admin\\\/#author\"},\"publisher\":{\"@id\":\"https:\\\/\\\/eldigitaldeasturias.com\\\/magazine365\\\/#organization\"},\"image\":{\"@type\":\"ImageObject\",\"url\":\"https:\\\/\\\/eldigitaldeasturias.com\\\/magazine365\\\/wp-content\\\/uploads\\\/2016\\\/01\\\/fotonoticia_20160113183027_800.jpg\",\"width\":800,\"height\":1000},\"datePublished\":\"2016-01-14T02:10:17+01:00\",\"dateModified\":\"2016-01-14T02:10:17+01:00\",\"inLanguage\":\"es-ES\",\"mainEntityOfPage\":{\"@id\":\"https:\\\/\\\/eldigitaldeasturias.com\\\/magazine365\\\/la-cata-concurso-para-elegir-los-mejores-aceites-de-oliva-virgenes-extra-comienzan-este-jueves-en-jaen\\\/#webpage\"},\"isPartOf\":{\"@id\":\"https:\\\/\\\/eldigitaldeasturias.com\\\/magazine365\\\/la-cata-concurso-para-elegir-los-mejores-aceites-de-oliva-virgenes-extra-comienzan-este-jueves-en-jaen\\\/#webpage\"},\"articleSection\":\"Noticias y Actualidad\"},{\"@type\":\"BreadcrumbList\",\"@id\":\"https:\\\/\\\/eldigitaldeasturias.com\\\/magazine365\\\/la-cata-concurso-para-elegir-los-mejores-aceites-de-oliva-virgenes-extra-comienzan-este-jueves-en-jaen\\\/#breadcrumblist\",\"itemListElement\":[{\"@type\":\"ListItem\",\"@id\":\"https:\\\/\\\/eldigitaldeasturias.com\\\/magazine365#listItem\",\"position\":1,\"name\":\"Home\",\"item\":\"https:\\\/\\\/eldigitaldeasturias.com\\\/magazine365\",\"nextItem\":{\"@type\":\"ListItem\",\"@id\":\"https:\\\/\\\/eldigitaldeasturias.com\\\/magazine365\\\/category\\\/noticias-actualidad\\\/#listItem\",\"name\":\"Noticias y Actualidad\"}},{\"@type\":\"ListItem\",\"@id\":\"https:\\\/\\\/eldigitaldeasturias.com\\\/magazine365\\\/category\\\/noticias-actualidad\\\/#listItem\",\"position\":2,\"name\":\"Noticias y Actualidad\",\"item\":\"https:\\\/\\\/eldigitaldeasturias.com\\\/magazine365\\\/category\\\/noticias-actualidad\\\/\",\"nextItem\":{\"@type\":\"ListItem\",\"@id\":\"https:\\\/\\\/eldigitaldeasturias.com\\\/magazine365\\\/la-cata-concurso-para-elegir-los-mejores-aceites-de-oliva-virgenes-extra-comienzan-este-jueves-en-jaen\\\/#listItem\",\"name\":\"La cata concurso para elegir los mejores aceites de oliva v\\u00edrgenes extra comienzan este jueves en Ja\\u00e9n\"},\"previousItem\":{\"@type\":\"ListItem\",\"@id\":\"https:\\\/\\\/eldigitaldeasturias.com\\\/magazine365#listItem\",\"name\":\"Home\"}},{\"@type\":\"ListItem\",\"@id\":\"https:\\\/\\\/eldigitaldeasturias.com\\\/magazine365\\\/la-cata-concurso-para-elegir-los-mejores-aceites-de-oliva-virgenes-extra-comienzan-este-jueves-en-jaen\\\/#listItem\",\"position\":3,\"name\":\"La cata concurso para elegir los mejores aceites de oliva v\\u00edrgenes extra comienzan este jueves en Ja\\u00e9n\",\"previousItem\":{\"@type\":\"ListItem\",\"@id\":\"https:\\\/\\\/eldigitaldeasturias.com\\\/magazine365\\\/category\\\/noticias-actualidad\\\/#listItem\",\"name\":\"Noticias y Actualidad\"}}]},{\"@type\":\"Organization\",\"@id\":\"https:\\\/\\\/eldigitaldeasturias.com\\\/magazine365\\\/#organization\",\"name\":\"El digital de Asturias\",\"description\":\"Revista de ocio, turismo y estilo de vida\",\"url\":\"https:\\\/\\\/eldigitaldeasturias.com\\\/magazine365\\\/\",\"logo\":{\"@type\":\"ImageObject\",\"url\":\"https:\\\/\\\/www.eldigitaldeasturias.com\\\/noticias\\\/wp-content\\\/uploads\\\/2020\\\/12\\\/EDA.jpg\",\"@id\":\"https:\\\/\\\/eldigitaldeasturias.com\\\/magazine365\\\/la-cata-concurso-para-elegir-los-mejores-aceites-de-oliva-virgenes-extra-comienzan-este-jueves-en-jaen\\\/#organizationLogo\"},\"image\":{\"@id\":\"https:\\\/\\\/eldigitaldeasturias.com\\\/magazine365\\\/la-cata-concurso-para-elegir-los-mejores-aceites-de-oliva-virgenes-extra-comienzan-este-jueves-en-jaen\\\/#organizationLogo\"}},{\"@type\":\"Person\",\"@id\":\"https:\\\/\\\/eldigitaldeasturias.com\\\/magazine365\\\/author\\\/admin\\\/#author\",\"url\":\"https:\\\/\\\/eldigitaldeasturias.com\\\/magazine365\\\/author\\\/admin\\\/\",\"name\":\"admin\",\"image\":{\"@type\":\"ImageObject\",\"@id\":\"https:\\\/\\\/eldigitaldeasturias.com\\\/magazine365\\\/la-cata-concurso-para-elegir-los-mejores-aceites-de-oliva-virgenes-extra-comienzan-este-jueves-en-jaen\\\/#authorImage\",\"url\":\"https:\\\/\\\/eldigitaldeasturias.com\\\/magazine365\\\/wp-content\\\/litespeed\\\/avatar\\\/e571bcf59a0edd6fa6838245a470f2fe.jpg?ver=1777574230\",\"width\":96,\"height\":96,\"caption\":\"admin\"}},{\"@type\":\"WebPage\",\"@id\":\"https:\\\/\\\/eldigitaldeasturias.com\\\/magazine365\\\/la-cata-concurso-para-elegir-los-mejores-aceites-de-oliva-virgenes-extra-comienzan-este-jueves-en-jaen\\\/#webpage\",\"url\":\"https:\\\/\\\/eldigitaldeasturias.com\\\/magazine365\\\/la-cata-concurso-para-elegir-los-mejores-aceites-de-oliva-virgenes-extra-comienzan-este-jueves-en-jaen\\\/\",\"name\":\"La cata concurso para elegir los mejores aceites de oliva v\\u00edrgenes extra comienzan este jueves en Ja\\u00e9n | El Digital de Asturias\",\"description\":\"Un total de 62 v\\u00edrgenes extras optan este a\\u00f1o al distintivo 'Ja\\u00e9n Selecci\\u00f3n 2016' que otorga la Diputaci\\u00f3n Provincial. La d\\u00e9cimo cuarta edici\\u00f3n de esta cata concurso, donde se elegir\\u00e1n los 8 mejores aceites de oliva virgen extra jiennenses, se celebra este jueves y este viernes mediante una cata concurso que busca elegir a los\",\"inLanguage\":\"es-ES\",\"isPartOf\":{\"@id\":\"https:\\\/\\\/eldigitaldeasturias.com\\\/magazine365\\\/#website\"},\"breadcrumb\":{\"@id\":\"https:\\\/\\\/eldigitaldeasturias.com\\\/magazine365\\\/la-cata-concurso-para-elegir-los-mejores-aceites-de-oliva-virgenes-extra-comienzan-este-jueves-en-jaen\\\/#breadcrumblist\"},\"author\":{\"@id\":\"https:\\\/\\\/eldigitaldeasturias.com\\\/magazine365\\\/author\\\/admin\\\/#author\"},\"creator\":{\"@id\":\"https:\\\/\\\/eldigitaldeasturias.com\\\/magazine365\\\/author\\\/admin\\\/#author\"},\"image\":{\"@type\":\"ImageObject\",\"url\":\"https:\\\/\\\/eldigitaldeasturias.com\\\/magazine365\\\/wp-content\\\/uploads\\\/2016\\\/01\\\/fotonoticia_20160113183027_800.jpg\",\"@id\":\"https:\\\/\\\/eldigitaldeasturias.com\\\/magazine365\\\/la-cata-concurso-para-elegir-los-mejores-aceites-de-oliva-virgenes-extra-comienzan-este-jueves-en-jaen\\\/#mainImage\",\"width\":800,\"height\":1000},\"primaryImageOfPage\":{\"@id\":\"https:\\\/\\\/eldigitaldeasturias.com\\\/magazine365\\\/la-cata-concurso-para-elegir-los-mejores-aceites-de-oliva-virgenes-extra-comienzan-este-jueves-en-jaen\\\/#mainImage\"},\"datePublished\":\"2016-01-14T02:10:17+01:00\",\"dateModified\":\"2016-01-14T02:10:17+01:00\"},{\"@type\":\"WebSite\",\"@id\":\"https:\\\/\\\/eldigitaldeasturias.com\\\/magazine365\\\/#website\",\"url\":\"https:\\\/\\\/eldigitaldeasturias.com\\\/magazine365\\\/\",\"name\":\"El Digital de Asturias\",\"description\":\"Revista de ocio, turismo y estilo de vida\",\"inLanguage\":\"es-ES\",\"publisher\":{\"@id\":\"https:\\\/\\\/eldigitaldeasturias.com\\\/magazine365\\\/#organization\"}}]}\n\t\t<\/script>\n\t\t<!-- All in One SEO Pro -->\r\n\t\t<title>La cata concurso para elegir los mejores aceites de oliva v\u00edrgenes extra comienzan este jueves en Ja\u00e9n | El Digital de Asturias<\/title>\n\n","aioseo_head_json":{"title":"La cata concurso para elegir los mejores aceites de oliva v\u00edrgenes extra comienzan este jueves en Ja\u00e9n | El Digital de Asturias","description":"Un total de 62 v\u00edrgenes extras optan este a\u00f1o al distintivo 'Ja\u00e9n Selecci\u00f3n 2016' que otorga la Diputaci\u00f3n Provincial. La d\u00e9cimo cuarta edici\u00f3n de esta cata concurso, donde se elegir\u00e1n los 8 mejores aceites de oliva virgen extra jiennenses, se celebra este jueves y este viernes mediante una cata concurso que busca elegir a los","canonical_url":"https:\/\/eldigitaldeasturias.com\/magazine365\/la-cata-concurso-para-elegir-los-mejores-aceites-de-oliva-virgenes-extra-comienzan-este-jueves-en-jaen\/","robots":"max-image-preview:large","keywords":"noticias y actualidad","webmasterTools":{"google-site-verification":"UA-38556648-1","miscellaneous":""},"schema":{"@context":"https:\/\/schema.org","@graph":[{"@type":"Article","@id":"https:\/\/eldigitaldeasturias.com\/magazine365\/la-cata-concurso-para-elegir-los-mejores-aceites-de-oliva-virgenes-extra-comienzan-este-jueves-en-jaen\/#article","name":"La cata concurso para elegir los mejores aceites de oliva v\u00edrgenes extra comienzan este jueves en Ja\u00e9n | El Digital de Asturias","headline":"La cata concurso para elegir los mejores aceites de oliva v\u00edrgenes extra comienzan este jueves en Ja\u00e9n","author":{"@id":"https:\/\/eldigitaldeasturias.com\/magazine365\/author\/admin\/#author"},"publisher":{"@id":"https:\/\/eldigitaldeasturias.com\/magazine365\/#organization"},"image":{"@type":"ImageObject","url":"https:\/\/eldigitaldeasturias.com\/magazine365\/wp-content\/uploads\/2016\/01\/fotonoticia_20160113183027_800.jpg","width":800,"height":1000},"datePublished":"2016-01-14T02:10:17+01:00","dateModified":"2016-01-14T02:10:17+01:00","inLanguage":"es-ES","mainEntityOfPage":{"@id":"https:\/\/eldigitaldeasturias.com\/magazine365\/la-cata-concurso-para-elegir-los-mejores-aceites-de-oliva-virgenes-extra-comienzan-este-jueves-en-jaen\/#webpage"},"isPartOf":{"@id":"https:\/\/eldigitaldeasturias.com\/magazine365\/la-cata-concurso-para-elegir-los-mejores-aceites-de-oliva-virgenes-extra-comienzan-este-jueves-en-jaen\/#webpage"},"articleSection":"Noticias y Actualidad"},{"@type":"BreadcrumbList","@id":"https:\/\/eldigitaldeasturias.com\/magazine365\/la-cata-concurso-para-elegir-los-mejores-aceites-de-oliva-virgenes-extra-comienzan-este-jueves-en-jaen\/#breadcrumblist","itemListElement":[{"@type":"ListItem","@id":"https:\/\/eldigitaldeasturias.com\/magazine365#listItem","position":1,"name":"Home","item":"https:\/\/eldigitaldeasturias.com\/magazine365","nextItem":{"@type":"ListItem","@id":"https:\/\/eldigitaldeasturias.com\/magazine365\/category\/noticias-actualidad\/#listItem","name":"Noticias y Actualidad"}},{"@type":"ListItem","@id":"https:\/\/eldigitaldeasturias.com\/magazine365\/category\/noticias-actualidad\/#listItem","position":2,"name":"Noticias y Actualidad","item":"https:\/\/eldigitaldeasturias.com\/magazine365\/category\/noticias-actualidad\/","nextItem":{"@type":"ListItem","@id":"https:\/\/eldigitaldeasturias.com\/magazine365\/la-cata-concurso-para-elegir-los-mejores-aceites-de-oliva-virgenes-extra-comienzan-este-jueves-en-jaen\/#listItem","name":"La cata concurso para elegir los mejores aceites de oliva v\u00edrgenes extra comienzan este jueves en Ja\u00e9n"},"previousItem":{"@type":"ListItem","@id":"https:\/\/eldigitaldeasturias.com\/magazine365#listItem","name":"Home"}},{"@type":"ListItem","@id":"https:\/\/eldigitaldeasturias.com\/magazine365\/la-cata-concurso-para-elegir-los-mejores-aceites-de-oliva-virgenes-extra-comienzan-este-jueves-en-jaen\/#listItem","position":3,"name":"La cata concurso para elegir los mejores aceites de oliva v\u00edrgenes extra comienzan este jueves en Ja\u00e9n","previousItem":{"@type":"ListItem","@id":"https:\/\/eldigitaldeasturias.com\/magazine365\/category\/noticias-actualidad\/#listItem","name":"Noticias y Actualidad"}}]},{"@type":"Organization","@id":"https:\/\/eldigitaldeasturias.com\/magazine365\/#organization","name":"El digital de Asturias","description":"Revista de ocio, turismo y estilo de vida","url":"https:\/\/eldigitaldeasturias.com\/magazine365\/","logo":{"@type":"ImageObject","url":"https:\/\/www.eldigitaldeasturias.com\/noticias\/wp-content\/uploads\/2020\/12\/EDA.jpg","@id":"https:\/\/eldigitaldeasturias.com\/magazine365\/la-cata-concurso-para-elegir-los-mejores-aceites-de-oliva-virgenes-extra-comienzan-este-jueves-en-jaen\/#organizationLogo"},"image":{"@id":"https:\/\/eldigitaldeasturias.com\/magazine365\/la-cata-concurso-para-elegir-los-mejores-aceites-de-oliva-virgenes-extra-comienzan-este-jueves-en-jaen\/#organizationLogo"}},{"@type":"Person","@id":"https:\/\/eldigitaldeasturias.com\/magazine365\/author\/admin\/#author","url":"https:\/\/eldigitaldeasturias.com\/magazine365\/author\/admin\/","name":"admin","image":{"@type":"ImageObject","@id":"https:\/\/eldigitaldeasturias.com\/magazine365\/la-cata-concurso-para-elegir-los-mejores-aceites-de-oliva-virgenes-extra-comienzan-este-jueves-en-jaen\/#authorImage","url":"https:\/\/eldigitaldeasturias.com\/magazine365\/wp-content\/litespeed\/avatar\/e571bcf59a0edd6fa6838245a470f2fe.jpg?ver=1777574230","width":96,"height":96,"caption":"admin"}},{"@type":"WebPage","@id":"https:\/\/eldigitaldeasturias.com\/magazine365\/la-cata-concurso-para-elegir-los-mejores-aceites-de-oliva-virgenes-extra-comienzan-este-jueves-en-jaen\/#webpage","url":"https:\/\/eldigitaldeasturias.com\/magazine365\/la-cata-concurso-para-elegir-los-mejores-aceites-de-oliva-virgenes-extra-comienzan-este-jueves-en-jaen\/","name":"La cata concurso para elegir los mejores aceites de oliva v\u00edrgenes extra comienzan este jueves en Ja\u00e9n | El Digital de Asturias","description":"Un total de 62 v\u00edrgenes extras optan este a\u00f1o al distintivo 'Ja\u00e9n Selecci\u00f3n 2016' que otorga la Diputaci\u00f3n Provincial. La d\u00e9cimo cuarta edici\u00f3n de esta cata concurso, donde se elegir\u00e1n los 8 mejores aceites de oliva virgen extra jiennenses, se celebra este jueves y este viernes mediante una cata concurso que busca elegir a los","inLanguage":"es-ES","isPartOf":{"@id":"https:\/\/eldigitaldeasturias.com\/magazine365\/#website"},"breadcrumb":{"@id":"https:\/\/eldigitaldeasturias.com\/magazine365\/la-cata-concurso-para-elegir-los-mejores-aceites-de-oliva-virgenes-extra-comienzan-este-jueves-en-jaen\/#breadcrumblist"},"author":{"@id":"https:\/\/eldigitaldeasturias.com\/magazine365\/author\/admin\/#author"},"creator":{"@id":"https:\/\/eldigitaldeasturias.com\/magazine365\/author\/admin\/#author"},"image":{"@type":"ImageObject","url":"https:\/\/eldigitaldeasturias.com\/magazine365\/wp-content\/uploads\/2016\/01\/fotonoticia_20160113183027_800.jpg","@id":"https:\/\/eldigitaldeasturias.com\/magazine365\/la-cata-concurso-para-elegir-los-mejores-aceites-de-oliva-virgenes-extra-comienzan-este-jueves-en-jaen\/#mainImage","width":800,"height":1000},"primaryImageOfPage":{"@id":"https:\/\/eldigitaldeasturias.com\/magazine365\/la-cata-concurso-para-elegir-los-mejores-aceites-de-oliva-virgenes-extra-comienzan-este-jueves-en-jaen\/#mainImage"},"datePublished":"2016-01-14T02:10:17+01:00","dateModified":"2016-01-14T02:10:17+01:00"},{"@type":"WebSite","@id":"https:\/\/eldigitaldeasturias.com\/magazine365\/#website","url":"https:\/\/eldigitaldeasturias.com\/magazine365\/","name":"El Digital de Asturias","description":"Revista de ocio, turismo y estilo de vida","inLanguage":"es-ES","publisher":{"@id":"https:\/\/eldigitaldeasturias.com\/magazine365\/#organization"}}]},"og:locale":"es_ES","og:site_name":"El Digital de Asturias \u2013 Revista de ocio, turismo y estilo de vida","og:type":"article","og:title":"La cata concurso para elegir los mejores aceites de oliva v\u00edrgenes extra comienzan este jueves en Ja\u00e9n | El Digital de Asturias","og:description":"Un total de 62 v\u00edrgenes extras optan este a\u00f1o al distintivo 'Ja\u00e9n Selecci\u00f3n 2016' que otorga la Diputaci\u00f3n Provincial. La d\u00e9cimo cuarta edici\u00f3n de esta cata concurso, donde se elegir\u00e1n los 8 mejores aceites de oliva virgen extra jiennenses, se celebra este jueves y este viernes mediante una cata concurso que busca elegir a los","og:url":"https:\/\/eldigitaldeasturias.com\/magazine365\/la-cata-concurso-para-elegir-los-mejores-aceites-de-oliva-virgenes-extra-comienzan-este-jueves-en-jaen\/","og:image":"https:\/\/eldigitaldeasturias.com\/magazine365\/wp-content\/uploads\/2016\/01\/fotonoticia_20160113183027_800.jpg","og:image:secure_url":"https:\/\/eldigitaldeasturias.com\/magazine365\/wp-content\/uploads\/2016\/01\/fotonoticia_20160113183027_800.jpg","og:image:width":800,"og:image:height":1000,"article:published_time":"2016-01-14T01:10:17+00:00","article:modified_time":"2016-01-14T01:10:17+00:00","twitter:card":"summary_large_image","twitter:title":"La cata concurso para elegir los mejores aceites de oliva v\u00edrgenes extra comienzan este jueves en Ja\u00e9n | El Digital de Asturias","twitter:description":"Un total de 62 v\u00edrgenes extras optan este a\u00f1o al distintivo 'Ja\u00e9n Selecci\u00f3n 2016' que otorga la Diputaci\u00f3n Provincial. La d\u00e9cimo cuarta edici\u00f3n de esta cata concurso, donde se elegir\u00e1n los 8 mejores aceites de oliva virgen extra jiennenses, se celebra este jueves y este viernes mediante una cata concurso que busca elegir a los","twitter:image":"https:\/\/eldigitaldeasturias.com\/magazine365\/wp-content\/uploads\/2016\/01\/fotonoticia_20160113183027_800.jpg"},"aioseo_meta_data":{"post_id":"60571","title":null,"description":null,"keywords":null,"keyphrases":null,"primary_term":null,"canonical_url":null,"og_title":null,"og_description":null,"og_object_type":"default","og_image_type":"default","og_image_url":null,"og_image_width":null,"og_image_height":null,"og_image_custom_url":null,"og_image_custom_fields":null,"og_video":null,"og_custom_url":null,"og_article_section":null,"og_article_tags":null,"twitter_use_og":false,"twitter_card":"default","twitter_image_type":"default","twitter_image_url":null,"twitter_image_custom_url":null,"twitter_image_custom_fields":null,"twitter_title":null,"twitter_description":null,"schema":{"blockGraphs":[],"customGraphs":[],"default":{"data":{"Article":[],"Course":[],"Dataset":[],"FAQPage":[],"Movie":[],"Person":[],"Product":[],"ProductReview":[],"Car":[],"Recipe":[],"Service":[],"SoftwareApplication":[],"WebPage":[]},"graphName":"","isEnabled":true},"graphs":[],"defaultGraph":"","defaultPostTypeGraph":""},"schema_type":null,"schema_type_options":null,"pillar_content":false,"robots_default":true,"robots_noindex":false,"robots_noarchive":false,"robots_nosnippet":false,"robots_nofollow":false,"robots_noimageindex":false,"robots_noodp":false,"robots_notranslate":false,"robots_max_snippet":null,"robots_max_videopreview":null,"robots_max_imagepreview":"large","priority":null,"frequency":null,"location":null,"local_seo":null,"seo_analyzer_scan_date":"2025-09-25 07:09:51","breadcrumb_settings":null,"limit_modified_date":false,"open_ai":null,"ai":null,"created":"2021-03-08 21:58:49","updated":"2025-09-25 07:09:51"},"aioseo_breadcrumb":"<div class=\"aioseo-breadcrumbs\"><span class=\"aioseo-breadcrumb\">\n\t<a href=\"https:\/\/eldigitaldeasturias.com\/magazine365\" title=\"Home\">Home<\/a>\n<\/span><span class=\"aioseo-breadcrumb-separator\">\u2013<\/span><span class=\"aioseo-breadcrumb\">\n\t<a href=\"https:\/\/eldigitaldeasturias.com\/magazine365\/category\/noticias-actualidad\/\" title=\"Noticias y Actualidad\">Noticias y Actualidad<\/a>\n<\/span><span class=\"aioseo-breadcrumb-separator\">\u2013<\/span><span class=\"aioseo-breadcrumb\">\n\t<a href=\"https:\/\/eldigitaldeasturias.com\/magazine365\/la-cata-concurso-para-elegir-los-mejores-aceites-de-oliva-virgenes-extra-comienzan-este-jueves-en-jaen\/\" title=\"La cata concurso para elegir los mejores aceites de oliva v\u00edrgenes extra comienzan este jueves en Ja\u00e9n\">La cata concurso para elegir los mejores aceites de oliva v\u00edrgenes extra comienzan este jueves en Ja\u00e9n<\/a>\n<\/span><\/div>","aioseo_breadcrumb_json":[{"label":"Home","link":"https:\/\/eldigitaldeasturias.com\/magazine365"},{"label":"Noticias y Actualidad","link":"https:\/\/eldigitaldeasturias.com\/magazine365\/category\/noticias-actualidad\/"},{"label":"La cata concurso para elegir los mejores aceites de oliva v\u00edrgenes extra comienzan este jueves en Ja\u00e9n","link":"https:\/\/eldigitaldeasturias.com\/magazine365\/la-cata-concurso-para-elegir-los-mejores-aceites-de-oliva-virgenes-extra-comienzan-este-jueves-en-jaen\/"}],"_links":{"self":[{"href":"https:\/\/eldigitaldeasturias.com\/magazine365\/wp-json\/wp\/v2\/posts\/60571","targetHints":{"allow":["GET"]}}],"collection":[{"href":"https:\/\/eldigitaldeasturias.com\/magazine365\/wp-json\/wp\/v2\/posts"}],"about":[{"href":"https:\/\/eldigitaldeasturias.com\/magazine365\/wp-json\/wp\/v2\/types\/post"}],"author":[{"embeddable":true,"href":"https:\/\/eldigitaldeasturias.com\/magazine365\/wp-json\/wp\/v2\/users\/1"}],"replies":[{"embeddable":true,"href":"https:\/\/eldigitaldeasturias.com\/magazine365\/wp-json\/wp\/v2\/comments?post=60571"}],"version-history":[{"count":0,"href":"https:\/\/eldigitaldeasturias.com\/magazine365\/wp-json\/wp\/v2\/posts\/60571\/revisions"}],"wp:featuredmedia":[{"embeddable":true,"href":"https:\/\/eldigitaldeasturias.com\/magazine365\/wp-json\/wp\/v2\/media\/60572"}],"wp:attachment":[{"href":"https:\/\/eldigitaldeasturias.com\/magazine365\/wp-json\/wp\/v2\/media?parent=60571"}],"wp:term":[{"taxonomy":"category","embeddable":true,"href":"https:\/\/eldigitaldeasturias.com\/magazine365\/wp-json\/wp\/v2\/categories?post=60571"},{"taxonomy":"post_tag","embeddable":true,"href":"https:\/\/eldigitaldeasturias.com\/magazine365\/wp-json\/wp\/v2\/tags?post=60571"}],"curies":[{"name":"wp","href":"https:\/\/api.w.org\/{rel}","templated":true}]}}