{"id":60560,"date":"2016-01-14T01:44:05","date_gmt":"2016-01-14T00:44:05","guid":{"rendered":"http:\/\/eldigitaldeasturias.com\/magazine365\/?p=60560"},"modified":"2016-01-14T01:44:05","modified_gmt":"2016-01-14T00:44:05","slug":"niki-lauda-compra-amira-air-una-compania-de-aviones-privados","status":"publish","type":"post","link":"https:\/\/eldigitaldeasturias.com\/magazine365\/niki-lauda-compra-amira-air-una-compania-de-aviones-privados\/","title":{"rendered":"Niki Lauda compra Amira Air, una compa\u00f1\u00eda de aviones privados"},"content":{"rendered":"<p><img fetchpriority=\"high\" decoding=\"async\" class=\"alignleft size-medium wp-image-60561\" src=\"https:\/\/eldigitaldeasturias.com\/magazine365\/wp-content\/uploads\/2016\/01\/fotonoticia_20160113165753_800-360x239.jpg\" alt=\"fotonoticia_20160113165753_800\" width=\"360\" height=\"239\" srcset=\"https:\/\/eldigitaldeasturias.com\/magazine365\/wp-content\/uploads\/2016\/01\/fotonoticia_20160113165753_800-360x239.jpg 360w, https:\/\/eldigitaldeasturias.com\/magazine365\/wp-content\/uploads\/2016\/01\/fotonoticia_20160113165753_800-650x432.jpg 650w, https:\/\/eldigitaldeasturias.com\/magazine365\/wp-content\/uploads\/2016\/01\/fotonoticia_20160113165753_800-768x511.jpg 768w, https:\/\/eldigitaldeasturias.com\/magazine365\/wp-content\/uploads\/2016\/01\/fotonoticia_20160113165753_800-150x100.jpg 150w, https:\/\/eldigitaldeasturias.com\/magazine365\/wp-content\/uploads\/2016\/01\/fotonoticia_20160113165753_800-450x299.jpg 450w, https:\/\/eldigitaldeasturias.com\/magazine365\/wp-content\/uploads\/2016\/01\/fotonoticia_20160113165753_800-696x463.jpg 696w, https:\/\/eldigitaldeasturias.com\/magazine365\/wp-content\/uploads\/2016\/01\/fotonoticia_20160113165753_800-632x420.jpg 632w, https:\/\/eldigitaldeasturias.com\/magazine365\/wp-content\/uploads\/2016\/01\/fotonoticia_20160113165753_800-121x79.jpg 121w, https:\/\/eldigitaldeasturias.com\/magazine365\/wp-content\/uploads\/2016\/01\/fotonoticia_20160113165753_800-101x66.jpg 101w, https:\/\/eldigitaldeasturias.com\/magazine365\/wp-content\/uploads\/2016\/01\/fotonoticia_20160113165753_800.jpg 800w\" sizes=\"(max-width: 360px) 100vw, 360px\" \/>Niki Lauda, tres veces campe\u00f3n de F\u00f3rmula 1, ha comprado la compa\u00f1\u00eda de aviones privados Amira Air para gestionarla, seg\u00fan inform\u00f3 el diario austriaco &#8216;Die Presse&#8217;, una operaci\u00f3n con la que el expiloto regresa al sector de la aviaci\u00f3n.<\/p>\n<p>La operaci\u00f3n se realiz\u00f3 antes de Navidad, seg\u00fan el diario, aunque no se ha desvelado cu\u00e1nto ha desembolsado el tricampe\u00f3n por adquirir la aerol\u00ednea.<\/p>\n<p>Amira Air, con sede en Viena, alquila desde 2004 aviones privados con tripulaci\u00f3n, ofreciendo un servicio personalizado y de lujo.<\/p>\n<p>La compa\u00f1\u00eda posee una flota de 12 aviones y cuenta con 70 empleados, pero Lauda tiene previsto ampliar la empresa por su potencial.<\/p>\n<p>El expiloto a\u00fan no tiene decidido si le cambiar\u00e1 el nombre, ya que siempre que ha operado una aerol\u00ednea ha sido bajo un nombre que le hiciese referencia.<\/p>\n<p>Niki Lauda fund\u00f3 su propia aerol\u00ednea, Lauda Air, que contaba con dos aviones en 1979, y en 1988 se transform\u00f3 en la primera l\u00ednea a\u00e9rea privada regular del pa\u00eds del expiloto, que vendi\u00f3 posteriormente a Austrian Airlines en 2002.<\/p>\n<p>En 2003, el tricampe\u00f3n compr\u00f3 Aero Lloyd Austria y la renombr\u00f3 &#8216;Niki&#8217;, para despu\u00e9s vender el negocio en 2011 a airberlin.<\/p>\n","protected":false},"excerpt":{"rendered":"<p>Niki Lauda, tres veces campe\u00f3n de F\u00f3rmula 1, ha comprado la compa\u00f1\u00eda de aviones privados Amira Air para gestionarla, seg\u00fan inform\u00f3 el diario austriaco &#8216;Die Presse&#8217;, una operaci\u00f3n con la que el expiloto regresa al sector de la aviaci\u00f3n. La operaci\u00f3n se realiz\u00f3 antes de Navidad, seg\u00fan el diario, aunque no se ha desvelado cu\u00e1nto<\/p>\n","protected":false},"author":1,"featured_media":60561,"comment_status":"open","ping_status":"closed","sticky":false,"template":"","format":"standard","meta":{"footnotes":""},"categories":[224],"tags":[],"class_list":{"0":"post-60560","1":"post","2":"type-post","3":"status-publish","4":"format-standard","5":"has-post-thumbnail","7":"category-noticias-actualidad"},"aioseo_notices":[],"aioseo_head":"\n\t\t<!-- All in One SEO Pro 4.9.6.1 - aioseo.com -->\n\t<meta name=\"description\" content=\"Niki Lauda, tres veces campe\u00f3n de F\u00f3rmula 1, ha comprado la compa\u00f1\u00eda de aviones privados Amira Air para gestionarla, seg\u00fan inform\u00f3 el diario austriaco &#039;Die Presse&#039;, una operaci\u00f3n con la que el expiloto regresa al sector de la aviaci\u00f3n. La operaci\u00f3n se realiz\u00f3 antes de Navidad, seg\u00fan el diario, aunque no se ha desvelado cu\u00e1nto\" \/>\n\t<meta name=\"robots\" content=\"max-image-preview:large\" \/>\n\t<meta name=\"author\" content=\"admin\"\/>\n\t<meta name=\"google-site-verification\" content=\"UA-38556648-1\" \/>\n\t<meta name=\"keywords\" content=\"noticias y actualidad\" \/>\n\t<link rel=\"canonical\" href=\"https:\/\/eldigitaldeasturias.com\/magazine365\/niki-lauda-compra-amira-air-una-compania-de-aviones-privados\/\" \/>\n\t<meta name=\"generator\" content=\"All in One SEO Pro (AIOSEO) 4.9.6.1\" \/>\n\t\t<meta property=\"og:locale\" content=\"es_ES\" \/>\n\t\t<meta property=\"og:site_name\" content=\"El Digital de Asturias \u2013 Revista de ocio, turismo y estilo de vida\" \/>\n\t\t<meta property=\"og:type\" content=\"article\" \/>\n\t\t<meta property=\"og:title\" content=\"Niki Lauda compra Amira Air, una compa\u00f1\u00eda de aviones privados | El Digital de Asturias\" \/>\n\t\t<meta property=\"og:description\" content=\"Niki Lauda, tres veces campe\u00f3n de F\u00f3rmula 1, ha comprado la compa\u00f1\u00eda de aviones privados Amira Air para gestionarla, seg\u00fan inform\u00f3 el diario austriaco &#039;Die Presse&#039;, una operaci\u00f3n con la que el expiloto regresa al sector de la aviaci\u00f3n. La operaci\u00f3n se realiz\u00f3 antes de Navidad, seg\u00fan el diario, aunque no se ha desvelado cu\u00e1nto\" \/>\n\t\t<meta property=\"og:url\" content=\"https:\/\/eldigitaldeasturias.com\/magazine365\/niki-lauda-compra-amira-air-una-compania-de-aviones-privados\/\" \/>\n\t\t<meta property=\"og:image\" content=\"https:\/\/eldigitaldeasturias.com\/magazine365\/wp-content\/uploads\/2016\/01\/fotonoticia_20160113165753_800.jpg\" \/>\n\t\t<meta property=\"og:image:secure_url\" content=\"https:\/\/eldigitaldeasturias.com\/magazine365\/wp-content\/uploads\/2016\/01\/fotonoticia_20160113165753_800.jpg\" \/>\n\t\t<meta property=\"og:image:width\" content=\"800\" \/>\n\t\t<meta property=\"og:image:height\" content=\"532\" \/>\n\t\t<meta property=\"article:published_time\" content=\"2016-01-14T00:44:05+00:00\" \/>\n\t\t<meta property=\"article:modified_time\" content=\"2016-01-14T00:44:05+00:00\" \/>\n\t\t<meta name=\"twitter:card\" content=\"summary_large_image\" \/>\n\t\t<meta name=\"twitter:title\" content=\"Niki Lauda compra Amira Air, una compa\u00f1\u00eda de aviones privados | El Digital de Asturias\" \/>\n\t\t<meta name=\"twitter:description\" content=\"Niki Lauda, tres veces campe\u00f3n de F\u00f3rmula 1, ha comprado la compa\u00f1\u00eda de aviones privados Amira Air para gestionarla, seg\u00fan inform\u00f3 el diario austriaco &#039;Die Presse&#039;, una operaci\u00f3n con la que el expiloto regresa al sector de la aviaci\u00f3n. La operaci\u00f3n se realiz\u00f3 antes de Navidad, seg\u00fan el diario, aunque no se ha desvelado cu\u00e1nto\" \/>\n\t\t<meta name=\"twitter:image\" content=\"https:\/\/eldigitaldeasturias.com\/magazine365\/wp-content\/uploads\/2016\/01\/fotonoticia_20160113165753_800.jpg\" \/>\n\t\t<script type=\"application\/ld+json\" class=\"aioseo-schema\">\n\t\t\t{\"@context\":\"https:\\\/\\\/schema.org\",\"@graph\":[{\"@type\":\"Article\",\"@id\":\"https:\\\/\\\/eldigitaldeasturias.com\\\/magazine365\\\/niki-lauda-compra-amira-air-una-compania-de-aviones-privados\\\/#article\",\"name\":\"Niki Lauda compra Amira Air, una compa\\u00f1\\u00eda de aviones privados | El Digital de Asturias\",\"headline\":\"Niki Lauda compra Amira Air, una compa\\u00f1\\u00eda de aviones privados\",\"author\":{\"@id\":\"https:\\\/\\\/eldigitaldeasturias.com\\\/magazine365\\\/author\\\/admin\\\/#author\"},\"publisher\":{\"@id\":\"https:\\\/\\\/eldigitaldeasturias.com\\\/magazine365\\\/#organization\"},\"image\":{\"@type\":\"ImageObject\",\"url\":\"https:\\\/\\\/eldigitaldeasturias.com\\\/magazine365\\\/wp-content\\\/uploads\\\/2016\\\/01\\\/fotonoticia_20160113165753_800.jpg\",\"width\":800,\"height\":532},\"datePublished\":\"2016-01-14T01:44:05+01:00\",\"dateModified\":\"2016-01-14T01:44:05+01:00\",\"inLanguage\":\"es-ES\",\"mainEntityOfPage\":{\"@id\":\"https:\\\/\\\/eldigitaldeasturias.com\\\/magazine365\\\/niki-lauda-compra-amira-air-una-compania-de-aviones-privados\\\/#webpage\"},\"isPartOf\":{\"@id\":\"https:\\\/\\\/eldigitaldeasturias.com\\\/magazine365\\\/niki-lauda-compra-amira-air-una-compania-de-aviones-privados\\\/#webpage\"},\"articleSection\":\"Noticias y Actualidad\"},{\"@type\":\"BreadcrumbList\",\"@id\":\"https:\\\/\\\/eldigitaldeasturias.com\\\/magazine365\\\/niki-lauda-compra-amira-air-una-compania-de-aviones-privados\\\/#breadcrumblist\",\"itemListElement\":[{\"@type\":\"ListItem\",\"@id\":\"https:\\\/\\\/eldigitaldeasturias.com\\\/magazine365#listItem\",\"position\":1,\"name\":\"Home\",\"item\":\"https:\\\/\\\/eldigitaldeasturias.com\\\/magazine365\",\"nextItem\":{\"@type\":\"ListItem\",\"@id\":\"https:\\\/\\\/eldigitaldeasturias.com\\\/magazine365\\\/category\\\/noticias-actualidad\\\/#listItem\",\"name\":\"Noticias y Actualidad\"}},{\"@type\":\"ListItem\",\"@id\":\"https:\\\/\\\/eldigitaldeasturias.com\\\/magazine365\\\/category\\\/noticias-actualidad\\\/#listItem\",\"position\":2,\"name\":\"Noticias y Actualidad\",\"item\":\"https:\\\/\\\/eldigitaldeasturias.com\\\/magazine365\\\/category\\\/noticias-actualidad\\\/\",\"nextItem\":{\"@type\":\"ListItem\",\"@id\":\"https:\\\/\\\/eldigitaldeasturias.com\\\/magazine365\\\/niki-lauda-compra-amira-air-una-compania-de-aviones-privados\\\/#listItem\",\"name\":\"Niki Lauda compra Amira Air, una compa\\u00f1\\u00eda de aviones privados\"},\"previousItem\":{\"@type\":\"ListItem\",\"@id\":\"https:\\\/\\\/eldigitaldeasturias.com\\\/magazine365#listItem\",\"name\":\"Home\"}},{\"@type\":\"ListItem\",\"@id\":\"https:\\\/\\\/eldigitaldeasturias.com\\\/magazine365\\\/niki-lauda-compra-amira-air-una-compania-de-aviones-privados\\\/#listItem\",\"position\":3,\"name\":\"Niki Lauda compra Amira Air, una compa\\u00f1\\u00eda de aviones privados\",\"previousItem\":{\"@type\":\"ListItem\",\"@id\":\"https:\\\/\\\/eldigitaldeasturias.com\\\/magazine365\\\/category\\\/noticias-actualidad\\\/#listItem\",\"name\":\"Noticias y Actualidad\"}}]},{\"@type\":\"Organization\",\"@id\":\"https:\\\/\\\/eldigitaldeasturias.com\\\/magazine365\\\/#organization\",\"name\":\"El digital de Asturias\",\"description\":\"Revista de ocio, turismo y estilo de vida\",\"url\":\"https:\\\/\\\/eldigitaldeasturias.com\\\/magazine365\\\/\",\"logo\":{\"@type\":\"ImageObject\",\"url\":\"https:\\\/\\\/www.eldigitaldeasturias.com\\\/noticias\\\/wp-content\\\/uploads\\\/2020\\\/12\\\/EDA.jpg\",\"@id\":\"https:\\\/\\\/eldigitaldeasturias.com\\\/magazine365\\\/niki-lauda-compra-amira-air-una-compania-de-aviones-privados\\\/#organizationLogo\"},\"image\":{\"@id\":\"https:\\\/\\\/eldigitaldeasturias.com\\\/magazine365\\\/niki-lauda-compra-amira-air-una-compania-de-aviones-privados\\\/#organizationLogo\"}},{\"@type\":\"Person\",\"@id\":\"https:\\\/\\\/eldigitaldeasturias.com\\\/magazine365\\\/author\\\/admin\\\/#author\",\"url\":\"https:\\\/\\\/eldigitaldeasturias.com\\\/magazine365\\\/author\\\/admin\\\/\",\"name\":\"admin\",\"image\":{\"@type\":\"ImageObject\",\"@id\":\"https:\\\/\\\/eldigitaldeasturias.com\\\/magazine365\\\/niki-lauda-compra-amira-air-una-compania-de-aviones-privados\\\/#authorImage\",\"url\":\"https:\\\/\\\/eldigitaldeasturias.com\\\/magazine365\\\/wp-content\\\/litespeed\\\/avatar\\\/e571bcf59a0edd6fa6838245a470f2fe.jpg?ver=1777574230\",\"width\":96,\"height\":96,\"caption\":\"admin\"}},{\"@type\":\"WebPage\",\"@id\":\"https:\\\/\\\/eldigitaldeasturias.com\\\/magazine365\\\/niki-lauda-compra-amira-air-una-compania-de-aviones-privados\\\/#webpage\",\"url\":\"https:\\\/\\\/eldigitaldeasturias.com\\\/magazine365\\\/niki-lauda-compra-amira-air-una-compania-de-aviones-privados\\\/\",\"name\":\"Niki Lauda compra Amira Air, una compa\\u00f1\\u00eda de aviones privados | El Digital de Asturias\",\"description\":\"Niki Lauda, tres veces campe\\u00f3n de F\\u00f3rmula 1, ha comprado la compa\\u00f1\\u00eda de aviones privados Amira Air para gestionarla, seg\\u00fan inform\\u00f3 el diario austriaco 'Die Presse', una operaci\\u00f3n con la que el expiloto regresa al sector de la aviaci\\u00f3n. La operaci\\u00f3n se realiz\\u00f3 antes de Navidad, seg\\u00fan el diario, aunque no se ha desvelado cu\\u00e1nto\",\"inLanguage\":\"es-ES\",\"isPartOf\":{\"@id\":\"https:\\\/\\\/eldigitaldeasturias.com\\\/magazine365\\\/#website\"},\"breadcrumb\":{\"@id\":\"https:\\\/\\\/eldigitaldeasturias.com\\\/magazine365\\\/niki-lauda-compra-amira-air-una-compania-de-aviones-privados\\\/#breadcrumblist\"},\"author\":{\"@id\":\"https:\\\/\\\/eldigitaldeasturias.com\\\/magazine365\\\/author\\\/admin\\\/#author\"},\"creator\":{\"@id\":\"https:\\\/\\\/eldigitaldeasturias.com\\\/magazine365\\\/author\\\/admin\\\/#author\"},\"image\":{\"@type\":\"ImageObject\",\"url\":\"https:\\\/\\\/eldigitaldeasturias.com\\\/magazine365\\\/wp-content\\\/uploads\\\/2016\\\/01\\\/fotonoticia_20160113165753_800.jpg\",\"@id\":\"https:\\\/\\\/eldigitaldeasturias.com\\\/magazine365\\\/niki-lauda-compra-amira-air-una-compania-de-aviones-privados\\\/#mainImage\",\"width\":800,\"height\":532},\"primaryImageOfPage\":{\"@id\":\"https:\\\/\\\/eldigitaldeasturias.com\\\/magazine365\\\/niki-lauda-compra-amira-air-una-compania-de-aviones-privados\\\/#mainImage\"},\"datePublished\":\"2016-01-14T01:44:05+01:00\",\"dateModified\":\"2016-01-14T01:44:05+01:00\"},{\"@type\":\"WebSite\",\"@id\":\"https:\\\/\\\/eldigitaldeasturias.com\\\/magazine365\\\/#website\",\"url\":\"https:\\\/\\\/eldigitaldeasturias.com\\\/magazine365\\\/\",\"name\":\"El Digital de Asturias\",\"description\":\"Revista de ocio, turismo y estilo de vida\",\"inLanguage\":\"es-ES\",\"publisher\":{\"@id\":\"https:\\\/\\\/eldigitaldeasturias.com\\\/magazine365\\\/#organization\"}}]}\n\t\t<\/script>\n\t\t<!-- All in One SEO Pro -->\r\n\t\t<title>Niki Lauda compra Amira Air, una compa\u00f1\u00eda de aviones privados | El Digital de Asturias<\/title>\n\n","aioseo_head_json":{"title":"Niki Lauda compra Amira Air, una compa\u00f1\u00eda de aviones privados | El Digital de Asturias","description":"Niki Lauda, tres veces campe\u00f3n de F\u00f3rmula 1, ha comprado la compa\u00f1\u00eda de aviones privados Amira Air para gestionarla, seg\u00fan inform\u00f3 el diario austriaco 'Die Presse', una operaci\u00f3n con la que el expiloto regresa al sector de la aviaci\u00f3n. La operaci\u00f3n se realiz\u00f3 antes de Navidad, seg\u00fan el diario, aunque no se ha desvelado cu\u00e1nto","canonical_url":"https:\/\/eldigitaldeasturias.com\/magazine365\/niki-lauda-compra-amira-air-una-compania-de-aviones-privados\/","robots":"max-image-preview:large","keywords":"noticias y actualidad","webmasterTools":{"google-site-verification":"UA-38556648-1","miscellaneous":""},"schema":{"@context":"https:\/\/schema.org","@graph":[{"@type":"Article","@id":"https:\/\/eldigitaldeasturias.com\/magazine365\/niki-lauda-compra-amira-air-una-compania-de-aviones-privados\/#article","name":"Niki Lauda compra Amira Air, una compa\u00f1\u00eda de aviones privados | El Digital de Asturias","headline":"Niki Lauda compra Amira Air, una compa\u00f1\u00eda de aviones privados","author":{"@id":"https:\/\/eldigitaldeasturias.com\/magazine365\/author\/admin\/#author"},"publisher":{"@id":"https:\/\/eldigitaldeasturias.com\/magazine365\/#organization"},"image":{"@type":"ImageObject","url":"https:\/\/eldigitaldeasturias.com\/magazine365\/wp-content\/uploads\/2016\/01\/fotonoticia_20160113165753_800.jpg","width":800,"height":532},"datePublished":"2016-01-14T01:44:05+01:00","dateModified":"2016-01-14T01:44:05+01:00","inLanguage":"es-ES","mainEntityOfPage":{"@id":"https:\/\/eldigitaldeasturias.com\/magazine365\/niki-lauda-compra-amira-air-una-compania-de-aviones-privados\/#webpage"},"isPartOf":{"@id":"https:\/\/eldigitaldeasturias.com\/magazine365\/niki-lauda-compra-amira-air-una-compania-de-aviones-privados\/#webpage"},"articleSection":"Noticias y Actualidad"},{"@type":"BreadcrumbList","@id":"https:\/\/eldigitaldeasturias.com\/magazine365\/niki-lauda-compra-amira-air-una-compania-de-aviones-privados\/#breadcrumblist","itemListElement":[{"@type":"ListItem","@id":"https:\/\/eldigitaldeasturias.com\/magazine365#listItem","position":1,"name":"Home","item":"https:\/\/eldigitaldeasturias.com\/magazine365","nextItem":{"@type":"ListItem","@id":"https:\/\/eldigitaldeasturias.com\/magazine365\/category\/noticias-actualidad\/#listItem","name":"Noticias y Actualidad"}},{"@type":"ListItem","@id":"https:\/\/eldigitaldeasturias.com\/magazine365\/category\/noticias-actualidad\/#listItem","position":2,"name":"Noticias y Actualidad","item":"https:\/\/eldigitaldeasturias.com\/magazine365\/category\/noticias-actualidad\/","nextItem":{"@type":"ListItem","@id":"https:\/\/eldigitaldeasturias.com\/magazine365\/niki-lauda-compra-amira-air-una-compania-de-aviones-privados\/#listItem","name":"Niki Lauda compra Amira Air, una compa\u00f1\u00eda de aviones privados"},"previousItem":{"@type":"ListItem","@id":"https:\/\/eldigitaldeasturias.com\/magazine365#listItem","name":"Home"}},{"@type":"ListItem","@id":"https:\/\/eldigitaldeasturias.com\/magazine365\/niki-lauda-compra-amira-air-una-compania-de-aviones-privados\/#listItem","position":3,"name":"Niki Lauda compra Amira Air, una compa\u00f1\u00eda de aviones privados","previousItem":{"@type":"ListItem","@id":"https:\/\/eldigitaldeasturias.com\/magazine365\/category\/noticias-actualidad\/#listItem","name":"Noticias y Actualidad"}}]},{"@type":"Organization","@id":"https:\/\/eldigitaldeasturias.com\/magazine365\/#organization","name":"El digital de Asturias","description":"Revista de ocio, turismo y estilo de vida","url":"https:\/\/eldigitaldeasturias.com\/magazine365\/","logo":{"@type":"ImageObject","url":"https:\/\/www.eldigitaldeasturias.com\/noticias\/wp-content\/uploads\/2020\/12\/EDA.jpg","@id":"https:\/\/eldigitaldeasturias.com\/magazine365\/niki-lauda-compra-amira-air-una-compania-de-aviones-privados\/#organizationLogo"},"image":{"@id":"https:\/\/eldigitaldeasturias.com\/magazine365\/niki-lauda-compra-amira-air-una-compania-de-aviones-privados\/#organizationLogo"}},{"@type":"Person","@id":"https:\/\/eldigitaldeasturias.com\/magazine365\/author\/admin\/#author","url":"https:\/\/eldigitaldeasturias.com\/magazine365\/author\/admin\/","name":"admin","image":{"@type":"ImageObject","@id":"https:\/\/eldigitaldeasturias.com\/magazine365\/niki-lauda-compra-amira-air-una-compania-de-aviones-privados\/#authorImage","url":"https:\/\/eldigitaldeasturias.com\/magazine365\/wp-content\/litespeed\/avatar\/e571bcf59a0edd6fa6838245a470f2fe.jpg?ver=1777574230","width":96,"height":96,"caption":"admin"}},{"@type":"WebPage","@id":"https:\/\/eldigitaldeasturias.com\/magazine365\/niki-lauda-compra-amira-air-una-compania-de-aviones-privados\/#webpage","url":"https:\/\/eldigitaldeasturias.com\/magazine365\/niki-lauda-compra-amira-air-una-compania-de-aviones-privados\/","name":"Niki Lauda compra Amira Air, una compa\u00f1\u00eda de aviones privados | El Digital de Asturias","description":"Niki Lauda, tres veces campe\u00f3n de F\u00f3rmula 1, ha comprado la compa\u00f1\u00eda de aviones privados Amira Air para gestionarla, seg\u00fan inform\u00f3 el diario austriaco 'Die Presse', una operaci\u00f3n con la que el expiloto regresa al sector de la aviaci\u00f3n. La operaci\u00f3n se realiz\u00f3 antes de Navidad, seg\u00fan el diario, aunque no se ha desvelado cu\u00e1nto","inLanguage":"es-ES","isPartOf":{"@id":"https:\/\/eldigitaldeasturias.com\/magazine365\/#website"},"breadcrumb":{"@id":"https:\/\/eldigitaldeasturias.com\/magazine365\/niki-lauda-compra-amira-air-una-compania-de-aviones-privados\/#breadcrumblist"},"author":{"@id":"https:\/\/eldigitaldeasturias.com\/magazine365\/author\/admin\/#author"},"creator":{"@id":"https:\/\/eldigitaldeasturias.com\/magazine365\/author\/admin\/#author"},"image":{"@type":"ImageObject","url":"https:\/\/eldigitaldeasturias.com\/magazine365\/wp-content\/uploads\/2016\/01\/fotonoticia_20160113165753_800.jpg","@id":"https:\/\/eldigitaldeasturias.com\/magazine365\/niki-lauda-compra-amira-air-una-compania-de-aviones-privados\/#mainImage","width":800,"height":532},"primaryImageOfPage":{"@id":"https:\/\/eldigitaldeasturias.com\/magazine365\/niki-lauda-compra-amira-air-una-compania-de-aviones-privados\/#mainImage"},"datePublished":"2016-01-14T01:44:05+01:00","dateModified":"2016-01-14T01:44:05+01:00"},{"@type":"WebSite","@id":"https:\/\/eldigitaldeasturias.com\/magazine365\/#website","url":"https:\/\/eldigitaldeasturias.com\/magazine365\/","name":"El Digital de Asturias","description":"Revista de ocio, turismo y estilo de vida","inLanguage":"es-ES","publisher":{"@id":"https:\/\/eldigitaldeasturias.com\/magazine365\/#organization"}}]},"og:locale":"es_ES","og:site_name":"El Digital de Asturias \u2013 Revista de ocio, turismo y estilo de vida","og:type":"article","og:title":"Niki Lauda compra Amira Air, una compa\u00f1\u00eda de aviones privados | El Digital de Asturias","og:description":"Niki Lauda, tres veces campe\u00f3n de F\u00f3rmula 1, ha comprado la compa\u00f1\u00eda de aviones privados Amira Air para gestionarla, seg\u00fan inform\u00f3 el diario austriaco 'Die Presse', una operaci\u00f3n con la que el expiloto regresa al sector de la aviaci\u00f3n. La operaci\u00f3n se realiz\u00f3 antes de Navidad, seg\u00fan el diario, aunque no se ha desvelado cu\u00e1nto","og:url":"https:\/\/eldigitaldeasturias.com\/magazine365\/niki-lauda-compra-amira-air-una-compania-de-aviones-privados\/","og:image":"https:\/\/eldigitaldeasturias.com\/magazine365\/wp-content\/uploads\/2016\/01\/fotonoticia_20160113165753_800.jpg","og:image:secure_url":"https:\/\/eldigitaldeasturias.com\/magazine365\/wp-content\/uploads\/2016\/01\/fotonoticia_20160113165753_800.jpg","og:image:width":800,"og:image:height":532,"article:published_time":"2016-01-14T00:44:05+00:00","article:modified_time":"2016-01-14T00:44:05+00:00","twitter:card":"summary_large_image","twitter:title":"Niki Lauda compra Amira Air, una compa\u00f1\u00eda de aviones privados | El Digital de Asturias","twitter:description":"Niki Lauda, tres veces campe\u00f3n de F\u00f3rmula 1, ha comprado la compa\u00f1\u00eda de aviones privados Amira Air para gestionarla, seg\u00fan inform\u00f3 el diario austriaco 'Die Presse', una operaci\u00f3n con la que el expiloto regresa al sector de la aviaci\u00f3n. La operaci\u00f3n se realiz\u00f3 antes de Navidad, seg\u00fan el diario, aunque no se ha desvelado cu\u00e1nto","twitter:image":"https:\/\/eldigitaldeasturias.com\/magazine365\/wp-content\/uploads\/2016\/01\/fotonoticia_20160113165753_800.jpg"},"aioseo_meta_data":{"post_id":"60560","title":null,"description":null,"keywords":null,"keyphrases":null,"primary_term":null,"canonical_url":null,"og_title":null,"og_description":null,"og_object_type":"default","og_image_type":"default","og_image_url":null,"og_image_width":null,"og_image_height":null,"og_image_custom_url":null,"og_image_custom_fields":null,"og_video":null,"og_custom_url":null,"og_article_section":null,"og_article_tags":null,"twitter_use_og":false,"twitter_card":"default","twitter_image_type":"default","twitter_image_url":null,"twitter_image_custom_url":null,"twitter_image_custom_fields":null,"twitter_title":null,"twitter_description":null,"schema":{"blockGraphs":[],"customGraphs":[],"default":{"data":{"Article":[],"Course":[],"Dataset":[],"FAQPage":[],"Movie":[],"Person":[],"Product":[],"ProductReview":[],"Car":[],"Recipe":[],"Service":[],"SoftwareApplication":[],"WebPage":[]},"graphName":"","isEnabled":true},"graphs":[]},"schema_type":null,"schema_type_options":null,"pillar_content":false,"robots_default":true,"robots_noindex":false,"robots_noarchive":false,"robots_nosnippet":false,"robots_nofollow":false,"robots_noimageindex":false,"robots_noodp":false,"robots_notranslate":false,"robots_max_snippet":null,"robots_max_videopreview":null,"robots_max_imagepreview":"large","priority":null,"frequency":null,"location":null,"local_seo":null,"seo_analyzer_scan_date":"2025-09-25 07:08:07","breadcrumb_settings":null,"limit_modified_date":false,"open_ai":null,"ai":null,"created":"2021-03-08 21:58:49","updated":"2025-09-25 07:08:07"},"aioseo_breadcrumb":"<div class=\"aioseo-breadcrumbs\"><span class=\"aioseo-breadcrumb\">\n\t<a href=\"https:\/\/eldigitaldeasturias.com\/magazine365\" title=\"Home\">Home<\/a>\n<\/span><span class=\"aioseo-breadcrumb-separator\">\u2013<\/span><span class=\"aioseo-breadcrumb\">\n\t<a href=\"https:\/\/eldigitaldeasturias.com\/magazine365\/category\/noticias-actualidad\/\" title=\"Noticias y Actualidad\">Noticias y Actualidad<\/a>\n<\/span><span class=\"aioseo-breadcrumb-separator\">\u2013<\/span><span class=\"aioseo-breadcrumb\">\n\t<a href=\"https:\/\/eldigitaldeasturias.com\/magazine365\/niki-lauda-compra-amira-air-una-compania-de-aviones-privados\/\" title=\"Niki Lauda compra Amira Air, una compa\u00f1\u00eda de aviones privados\">Niki Lauda compra Amira Air, una compa\u00f1\u00eda de aviones privados<\/a>\n<\/span><\/div>","aioseo_breadcrumb_json":[{"label":"Home","link":"https:\/\/eldigitaldeasturias.com\/magazine365"},{"label":"Noticias y Actualidad","link":"https:\/\/eldigitaldeasturias.com\/magazine365\/category\/noticias-actualidad\/"},{"label":"Niki Lauda compra Amira Air, una compa\u00f1\u00eda de aviones privados","link":"https:\/\/eldigitaldeasturias.com\/magazine365\/niki-lauda-compra-amira-air-una-compania-de-aviones-privados\/"}],"_links":{"self":[{"href":"https:\/\/eldigitaldeasturias.com\/magazine365\/wp-json\/wp\/v2\/posts\/60560","targetHints":{"allow":["GET"]}}],"collection":[{"href":"https:\/\/eldigitaldeasturias.com\/magazine365\/wp-json\/wp\/v2\/posts"}],"about":[{"href":"https:\/\/eldigitaldeasturias.com\/magazine365\/wp-json\/wp\/v2\/types\/post"}],"author":[{"embeddable":true,"href":"https:\/\/eldigitaldeasturias.com\/magazine365\/wp-json\/wp\/v2\/users\/1"}],"replies":[{"embeddable":true,"href":"https:\/\/eldigitaldeasturias.com\/magazine365\/wp-json\/wp\/v2\/comments?post=60560"}],"version-history":[{"count":0,"href":"https:\/\/eldigitaldeasturias.com\/magazine365\/wp-json\/wp\/v2\/posts\/60560\/revisions"}],"wp:featuredmedia":[{"embeddable":true,"href":"https:\/\/eldigitaldeasturias.com\/magazine365\/wp-json\/wp\/v2\/media\/60561"}],"wp:attachment":[{"href":"https:\/\/eldigitaldeasturias.com\/magazine365\/wp-json\/wp\/v2\/media?parent=60560"}],"wp:term":[{"taxonomy":"category","embeddable":true,"href":"https:\/\/eldigitaldeasturias.com\/magazine365\/wp-json\/wp\/v2\/categories?post=60560"},{"taxonomy":"post_tag","embeddable":true,"href":"https:\/\/eldigitaldeasturias.com\/magazine365\/wp-json\/wp\/v2\/tags?post=60560"}],"curies":[{"name":"wp","href":"https:\/\/api.w.org\/{rel}","templated":true}]}}