{"id":60549,"date":"2016-01-14T01:37:22","date_gmt":"2016-01-14T00:37:22","guid":{"rendered":"http:\/\/eldigitaldeasturias.com\/magazine365\/?p=60549"},"modified":"2016-01-14T01:37:22","modified_gmt":"2016-01-14T00:37:22","slug":"el-alcalde-de-vigo-elogia-la-reactivacion-del-aeropuerto-de-peinador","status":"publish","type":"post","link":"https:\/\/eldigitaldeasturias.com\/magazine365\/el-alcalde-de-vigo-elogia-la-reactivacion-del-aeropuerto-de-peinador\/","title":{"rendered":"El alcalde de Vigo elogia la \u00abreactivaci\u00f3n\u00bb del aeropuerto de Peinador"},"content":{"rendered":"<p><img fetchpriority=\"high\" decoding=\"async\" class=\"alignleft size-medium wp-image-60550\" src=\"https:\/\/eldigitaldeasturias.com\/magazine365\/wp-content\/uploads\/2016\/01\/fotonoticia_20160113164434_800-360x270.jpg\" alt=\"fotonoticia_20160113164434_800\" width=\"360\" height=\"270\" srcset=\"https:\/\/eldigitaldeasturias.com\/magazine365\/wp-content\/uploads\/2016\/01\/fotonoticia_20160113164434_800-360x270.jpg 360w, https:\/\/eldigitaldeasturias.com\/magazine365\/wp-content\/uploads\/2016\/01\/fotonoticia_20160113164434_800-650x488.jpg 650w, https:\/\/eldigitaldeasturias.com\/magazine365\/wp-content\/uploads\/2016\/01\/fotonoticia_20160113164434_800-768x576.jpg 768w, https:\/\/eldigitaldeasturias.com\/magazine365\/wp-content\/uploads\/2016\/01\/fotonoticia_20160113164434_800-150x113.jpg 150w, https:\/\/eldigitaldeasturias.com\/magazine365\/wp-content\/uploads\/2016\/01\/fotonoticia_20160113164434_800-450x338.jpg 450w, https:\/\/eldigitaldeasturias.com\/magazine365\/wp-content\/uploads\/2016\/01\/fotonoticia_20160113164434_800-80x60.jpg 80w, https:\/\/eldigitaldeasturias.com\/magazine365\/wp-content\/uploads\/2016\/01\/fotonoticia_20160113164434_800-265x198.jpg 265w, https:\/\/eldigitaldeasturias.com\/magazine365\/wp-content\/uploads\/2016\/01\/fotonoticia_20160113164434_800-696x522.jpg 696w, https:\/\/eldigitaldeasturias.com\/magazine365\/wp-content\/uploads\/2016\/01\/fotonoticia_20160113164434_800-560x420.jpg 560w, https:\/\/eldigitaldeasturias.com\/magazine365\/wp-content\/uploads\/2016\/01\/fotonoticia_20160113164434_800-90x67.jpg 90w, https:\/\/eldigitaldeasturias.com\/magazine365\/wp-content\/uploads\/2016\/01\/fotonoticia_20160113164434_800-164x124.jpg 164w, https:\/\/eldigitaldeasturias.com\/magazine365\/wp-content\/uploads\/2016\/01\/fotonoticia_20160113164434_800-100x75.jpg 100w, https:\/\/eldigitaldeasturias.com\/magazine365\/wp-content\/uploads\/2016\/01\/fotonoticia_20160113164434_800.jpg 800w\" sizes=\"(max-width: 360px) 100vw, 360px\" \/>El alcalde de Vigo, Abel Caballero, ha elogiado la \u00abreactivaci\u00f3n\u00bb del aeropuerto de Peinador por el crecimiento de casi un cinco por ciento en el n\u00famero de pasajeros que registr\u00f3 en 2015, pese a las \u00abayudas que van contra la competencia\u00bb en el \u00e1rea de la Eurorregi\u00f3n, en referencia a Oporto, Santiago y A Coru\u00f1a.<\/p>\n<p>As\u00ed lo ha comunicado en declaraciones a los medios despu\u00e9s de que Aena publicase este martes las estad\u00edsticas de los aeropuertos relativas al a\u00f1o 2015, a colaci\u00f3n de las que Caballero ha manifestado que el crecimiento de Vigo es \u00absignificativo\u00bb, refleja su \u00abreactivaci\u00f3n\u00bb y contin\u00faa la senda de 2014, cuando ya se \u00abhab\u00eda frenado la ca\u00edda\u00bb.<\/p>\n<p>El mandatario vigu\u00e9s ha destacado que la ruta a Madrid \u00abse fortalece\u00bb, que el objetivo ahora es \u00abfortalecer\u00bb la ruta a Barcelona y consolidar los nuevos vuelos y compa\u00f1\u00edas. \u00abEstamos fijando el aeropuerto de Vigo en la l\u00ednea que corresponde\u00bb, ha se\u00f1alado, antes de subrayar que esta terminal \u00abtiene buena salud y larga vida\u00bb.<\/p>\n<p>En este contexto, ha apuntado que estas cifras se han conseguido a pesar de que Peinador tiene \u00abcompetencia desleal desde Santiago y A Coru\u00f1a, financiados por la Xunta, y desde Oporto\u00bb. \u00abEl aeropuerto de Vigo ya lo financiamos nosotros y en el futuro se incorporar\u00e1, conf\u00edo, la Diputaci\u00f3n de Pontevedra\u00bb, ha rematado.<\/p>\n","protected":false},"excerpt":{"rendered":"<p>El alcalde de Vigo, Abel Caballero, ha elogiado la \u00abreactivaci\u00f3n\u00bb del aeropuerto de Peinador por el crecimiento de casi un cinco por ciento en el n\u00famero de pasajeros que registr\u00f3 en 2015, pese a las \u00abayudas que van contra la competencia\u00bb en el \u00e1rea de la Eurorregi\u00f3n, en referencia a Oporto, Santiago y A Coru\u00f1a.<\/p>\n","protected":false},"author":1,"featured_media":60550,"comment_status":"open","ping_status":"closed","sticky":false,"template":"","format":"standard","meta":{"footnotes":""},"categories":[224],"tags":[],"class_list":{"0":"post-60549","1":"post","2":"type-post","3":"status-publish","4":"format-standard","5":"has-post-thumbnail","7":"category-noticias-actualidad"},"aioseo_notices":[],"aioseo_head":"\n\t\t<!-- All in One SEO Pro 4.9.6.1 - aioseo.com -->\n\t<meta name=\"description\" content=\"El alcalde de Vigo, Abel Caballero, ha elogiado la &quot;reactivaci\u00f3n&quot; del aeropuerto de Peinador por el crecimiento de casi un cinco por ciento en el n\u00famero de pasajeros que registr\u00f3 en 2015, pese a las &quot;ayudas que van contra la competencia&quot; en el \u00e1rea de la Eurorregi\u00f3n, en referencia a Oporto, Santiago y A Coru\u00f1a.\" \/>\n\t<meta name=\"robots\" content=\"max-image-preview:large\" \/>\n\t<meta name=\"author\" content=\"admin\"\/>\n\t<meta name=\"google-site-verification\" content=\"UA-38556648-1\" \/>\n\t<meta name=\"keywords\" content=\"noticias y actualidad\" \/>\n\t<link rel=\"canonical\" href=\"https:\/\/eldigitaldeasturias.com\/magazine365\/el-alcalde-de-vigo-elogia-la-reactivacion-del-aeropuerto-de-peinador\/\" \/>\n\t<meta name=\"generator\" content=\"All in One SEO Pro (AIOSEO) 4.9.6.1\" \/>\n\t\t<meta property=\"og:locale\" content=\"es_ES\" \/>\n\t\t<meta property=\"og:site_name\" content=\"El Digital de Asturias \u2013 Revista de ocio, turismo y estilo de vida\" \/>\n\t\t<meta property=\"og:type\" content=\"article\" \/>\n\t\t<meta property=\"og:title\" content=\"El alcalde de Vigo elogia la \u00abreactivaci\u00f3n\u00bb del aeropuerto de Peinador | El Digital de Asturias\" \/>\n\t\t<meta property=\"og:description\" content=\"El alcalde de Vigo, Abel Caballero, ha elogiado la &quot;reactivaci\u00f3n&quot; del aeropuerto de Peinador por el crecimiento de casi un cinco por ciento en el n\u00famero de pasajeros que registr\u00f3 en 2015, pese a las &quot;ayudas que van contra la competencia&quot; en el \u00e1rea de la Eurorregi\u00f3n, en referencia a Oporto, Santiago y A Coru\u00f1a.\" \/>\n\t\t<meta property=\"og:url\" content=\"https:\/\/eldigitaldeasturias.com\/magazine365\/el-alcalde-de-vigo-elogia-la-reactivacion-del-aeropuerto-de-peinador\/\" \/>\n\t\t<meta property=\"og:image\" content=\"https:\/\/eldigitaldeasturias.com\/magazine365\/wp-content\/uploads\/2016\/01\/fotonoticia_20160113164434_800.jpg\" \/>\n\t\t<meta property=\"og:image:secure_url\" content=\"https:\/\/eldigitaldeasturias.com\/magazine365\/wp-content\/uploads\/2016\/01\/fotonoticia_20160113164434_800.jpg\" \/>\n\t\t<meta property=\"og:image:width\" content=\"800\" \/>\n\t\t<meta property=\"og:image:height\" content=\"600\" \/>\n\t\t<meta property=\"article:published_time\" content=\"2016-01-14T00:37:22+00:00\" \/>\n\t\t<meta property=\"article:modified_time\" content=\"2016-01-14T00:37:22+00:00\" \/>\n\t\t<meta name=\"twitter:card\" content=\"summary_large_image\" \/>\n\t\t<meta name=\"twitter:title\" content=\"El alcalde de Vigo elogia la \u00abreactivaci\u00f3n\u00bb del aeropuerto de Peinador | El Digital de Asturias\" \/>\n\t\t<meta name=\"twitter:description\" content=\"El alcalde de Vigo, Abel Caballero, ha elogiado la &quot;reactivaci\u00f3n&quot; del aeropuerto de Peinador por el crecimiento de casi un cinco por ciento en el n\u00famero de pasajeros que registr\u00f3 en 2015, pese a las &quot;ayudas que van contra la competencia&quot; en el \u00e1rea de la Eurorregi\u00f3n, en referencia a Oporto, Santiago y A Coru\u00f1a.\" \/>\n\t\t<meta name=\"twitter:image\" content=\"https:\/\/eldigitaldeasturias.com\/magazine365\/wp-content\/uploads\/2016\/01\/fotonoticia_20160113164434_800.jpg\" \/>\n\t\t<script type=\"application\/ld+json\" class=\"aioseo-schema\">\n\t\t\t{\"@context\":\"https:\\\/\\\/schema.org\",\"@graph\":[{\"@type\":\"Article\",\"@id\":\"https:\\\/\\\/eldigitaldeasturias.com\\\/magazine365\\\/el-alcalde-de-vigo-elogia-la-reactivacion-del-aeropuerto-de-peinador\\\/#article\",\"name\":\"El alcalde de Vigo elogia la \\u00abreactivaci\\u00f3n\\u00bb del aeropuerto de Peinador | El Digital de Asturias\",\"headline\":\"El alcalde de Vigo elogia la \\u00abreactivaci\\u00f3n\\u00bb del aeropuerto de Peinador\",\"author\":{\"@id\":\"https:\\\/\\\/eldigitaldeasturias.com\\\/magazine365\\\/author\\\/admin\\\/#author\"},\"publisher\":{\"@id\":\"https:\\\/\\\/eldigitaldeasturias.com\\\/magazine365\\\/#organization\"},\"image\":{\"@type\":\"ImageObject\",\"url\":\"https:\\\/\\\/eldigitaldeasturias.com\\\/magazine365\\\/wp-content\\\/uploads\\\/2016\\\/01\\\/fotonoticia_20160113164434_800.jpg\",\"width\":800,\"height\":600},\"datePublished\":\"2016-01-14T01:37:22+01:00\",\"dateModified\":\"2016-01-14T01:37:22+01:00\",\"inLanguage\":\"es-ES\",\"mainEntityOfPage\":{\"@id\":\"https:\\\/\\\/eldigitaldeasturias.com\\\/magazine365\\\/el-alcalde-de-vigo-elogia-la-reactivacion-del-aeropuerto-de-peinador\\\/#webpage\"},\"isPartOf\":{\"@id\":\"https:\\\/\\\/eldigitaldeasturias.com\\\/magazine365\\\/el-alcalde-de-vigo-elogia-la-reactivacion-del-aeropuerto-de-peinador\\\/#webpage\"},\"articleSection\":\"Noticias y Actualidad\"},{\"@type\":\"BreadcrumbList\",\"@id\":\"https:\\\/\\\/eldigitaldeasturias.com\\\/magazine365\\\/el-alcalde-de-vigo-elogia-la-reactivacion-del-aeropuerto-de-peinador\\\/#breadcrumblist\",\"itemListElement\":[{\"@type\":\"ListItem\",\"@id\":\"https:\\\/\\\/eldigitaldeasturias.com\\\/magazine365#listItem\",\"position\":1,\"name\":\"Home\",\"item\":\"https:\\\/\\\/eldigitaldeasturias.com\\\/magazine365\",\"nextItem\":{\"@type\":\"ListItem\",\"@id\":\"https:\\\/\\\/eldigitaldeasturias.com\\\/magazine365\\\/category\\\/noticias-actualidad\\\/#listItem\",\"name\":\"Noticias y Actualidad\"}},{\"@type\":\"ListItem\",\"@id\":\"https:\\\/\\\/eldigitaldeasturias.com\\\/magazine365\\\/category\\\/noticias-actualidad\\\/#listItem\",\"position\":2,\"name\":\"Noticias y Actualidad\",\"item\":\"https:\\\/\\\/eldigitaldeasturias.com\\\/magazine365\\\/category\\\/noticias-actualidad\\\/\",\"nextItem\":{\"@type\":\"ListItem\",\"@id\":\"https:\\\/\\\/eldigitaldeasturias.com\\\/magazine365\\\/el-alcalde-de-vigo-elogia-la-reactivacion-del-aeropuerto-de-peinador\\\/#listItem\",\"name\":\"El alcalde de Vigo elogia la \\u00abreactivaci\\u00f3n\\u00bb del aeropuerto de Peinador\"},\"previousItem\":{\"@type\":\"ListItem\",\"@id\":\"https:\\\/\\\/eldigitaldeasturias.com\\\/magazine365#listItem\",\"name\":\"Home\"}},{\"@type\":\"ListItem\",\"@id\":\"https:\\\/\\\/eldigitaldeasturias.com\\\/magazine365\\\/el-alcalde-de-vigo-elogia-la-reactivacion-del-aeropuerto-de-peinador\\\/#listItem\",\"position\":3,\"name\":\"El alcalde de Vigo elogia la \\u00abreactivaci\\u00f3n\\u00bb del aeropuerto de Peinador\",\"previousItem\":{\"@type\":\"ListItem\",\"@id\":\"https:\\\/\\\/eldigitaldeasturias.com\\\/magazine365\\\/category\\\/noticias-actualidad\\\/#listItem\",\"name\":\"Noticias y Actualidad\"}}]},{\"@type\":\"Organization\",\"@id\":\"https:\\\/\\\/eldigitaldeasturias.com\\\/magazine365\\\/#organization\",\"name\":\"El digital de Asturias\",\"description\":\"Revista de ocio, turismo y estilo de vida\",\"url\":\"https:\\\/\\\/eldigitaldeasturias.com\\\/magazine365\\\/\",\"logo\":{\"@type\":\"ImageObject\",\"url\":\"https:\\\/\\\/www.eldigitaldeasturias.com\\\/noticias\\\/wp-content\\\/uploads\\\/2020\\\/12\\\/EDA.jpg\",\"@id\":\"https:\\\/\\\/eldigitaldeasturias.com\\\/magazine365\\\/el-alcalde-de-vigo-elogia-la-reactivacion-del-aeropuerto-de-peinador\\\/#organizationLogo\"},\"image\":{\"@id\":\"https:\\\/\\\/eldigitaldeasturias.com\\\/magazine365\\\/el-alcalde-de-vigo-elogia-la-reactivacion-del-aeropuerto-de-peinador\\\/#organizationLogo\"}},{\"@type\":\"Person\",\"@id\":\"https:\\\/\\\/eldigitaldeasturias.com\\\/magazine365\\\/author\\\/admin\\\/#author\",\"url\":\"https:\\\/\\\/eldigitaldeasturias.com\\\/magazine365\\\/author\\\/admin\\\/\",\"name\":\"admin\",\"image\":{\"@type\":\"ImageObject\",\"@id\":\"https:\\\/\\\/eldigitaldeasturias.com\\\/magazine365\\\/el-alcalde-de-vigo-elogia-la-reactivacion-del-aeropuerto-de-peinador\\\/#authorImage\",\"url\":\"https:\\\/\\\/eldigitaldeasturias.com\\\/magazine365\\\/wp-content\\\/litespeed\\\/avatar\\\/e571bcf59a0edd6fa6838245a470f2fe.jpg?ver=1777574230\",\"width\":96,\"height\":96,\"caption\":\"admin\"}},{\"@type\":\"WebPage\",\"@id\":\"https:\\\/\\\/eldigitaldeasturias.com\\\/magazine365\\\/el-alcalde-de-vigo-elogia-la-reactivacion-del-aeropuerto-de-peinador\\\/#webpage\",\"url\":\"https:\\\/\\\/eldigitaldeasturias.com\\\/magazine365\\\/el-alcalde-de-vigo-elogia-la-reactivacion-del-aeropuerto-de-peinador\\\/\",\"name\":\"El alcalde de Vigo elogia la \\u00abreactivaci\\u00f3n\\u00bb del aeropuerto de Peinador | El Digital de Asturias\",\"description\":\"El alcalde de Vigo, Abel Caballero, ha elogiado la \\\"reactivaci\\u00f3n\\\" del aeropuerto de Peinador por el crecimiento de casi un cinco por ciento en el n\\u00famero de pasajeros que registr\\u00f3 en 2015, pese a las \\\"ayudas que van contra la competencia\\\" en el \\u00e1rea de la Eurorregi\\u00f3n, en referencia a Oporto, Santiago y A Coru\\u00f1a.\",\"inLanguage\":\"es-ES\",\"isPartOf\":{\"@id\":\"https:\\\/\\\/eldigitaldeasturias.com\\\/magazine365\\\/#website\"},\"breadcrumb\":{\"@id\":\"https:\\\/\\\/eldigitaldeasturias.com\\\/magazine365\\\/el-alcalde-de-vigo-elogia-la-reactivacion-del-aeropuerto-de-peinador\\\/#breadcrumblist\"},\"author\":{\"@id\":\"https:\\\/\\\/eldigitaldeasturias.com\\\/magazine365\\\/author\\\/admin\\\/#author\"},\"creator\":{\"@id\":\"https:\\\/\\\/eldigitaldeasturias.com\\\/magazine365\\\/author\\\/admin\\\/#author\"},\"image\":{\"@type\":\"ImageObject\",\"url\":\"https:\\\/\\\/eldigitaldeasturias.com\\\/magazine365\\\/wp-content\\\/uploads\\\/2016\\\/01\\\/fotonoticia_20160113164434_800.jpg\",\"@id\":\"https:\\\/\\\/eldigitaldeasturias.com\\\/magazine365\\\/el-alcalde-de-vigo-elogia-la-reactivacion-del-aeropuerto-de-peinador\\\/#mainImage\",\"width\":800,\"height\":600},\"primaryImageOfPage\":{\"@id\":\"https:\\\/\\\/eldigitaldeasturias.com\\\/magazine365\\\/el-alcalde-de-vigo-elogia-la-reactivacion-del-aeropuerto-de-peinador\\\/#mainImage\"},\"datePublished\":\"2016-01-14T01:37:22+01:00\",\"dateModified\":\"2016-01-14T01:37:22+01:00\"},{\"@type\":\"WebSite\",\"@id\":\"https:\\\/\\\/eldigitaldeasturias.com\\\/magazine365\\\/#website\",\"url\":\"https:\\\/\\\/eldigitaldeasturias.com\\\/magazine365\\\/\",\"name\":\"El Digital de Asturias\",\"description\":\"Revista de ocio, turismo y estilo de vida\",\"inLanguage\":\"es-ES\",\"publisher\":{\"@id\":\"https:\\\/\\\/eldigitaldeasturias.com\\\/magazine365\\\/#organization\"}}]}\n\t\t<\/script>\n\t\t<!-- All in One SEO Pro -->\r\n\t\t<title>El alcalde de Vigo elogia la \u00abreactivaci\u00f3n\u00bb del aeropuerto de Peinador | El Digital de Asturias<\/title>\n\n","aioseo_head_json":{"title":"El alcalde de Vigo elogia la \u00abreactivaci\u00f3n\u00bb del aeropuerto de Peinador | El Digital de Asturias","description":"El alcalde de Vigo, Abel Caballero, ha elogiado la \"reactivaci\u00f3n\" del aeropuerto de Peinador por el crecimiento de casi un cinco por ciento en el n\u00famero de pasajeros que registr\u00f3 en 2015, pese a las \"ayudas que van contra la competencia\" en el \u00e1rea de la Eurorregi\u00f3n, en referencia a Oporto, Santiago y A Coru\u00f1a.","canonical_url":"https:\/\/eldigitaldeasturias.com\/magazine365\/el-alcalde-de-vigo-elogia-la-reactivacion-del-aeropuerto-de-peinador\/","robots":"max-image-preview:large","keywords":"noticias y actualidad","webmasterTools":{"google-site-verification":"UA-38556648-1","miscellaneous":""},"schema":{"@context":"https:\/\/schema.org","@graph":[{"@type":"Article","@id":"https:\/\/eldigitaldeasturias.com\/magazine365\/el-alcalde-de-vigo-elogia-la-reactivacion-del-aeropuerto-de-peinador\/#article","name":"El alcalde de Vigo elogia la \u00abreactivaci\u00f3n\u00bb del aeropuerto de Peinador | El Digital de Asturias","headline":"El alcalde de Vigo elogia la \u00abreactivaci\u00f3n\u00bb del aeropuerto de Peinador","author":{"@id":"https:\/\/eldigitaldeasturias.com\/magazine365\/author\/admin\/#author"},"publisher":{"@id":"https:\/\/eldigitaldeasturias.com\/magazine365\/#organization"},"image":{"@type":"ImageObject","url":"https:\/\/eldigitaldeasturias.com\/magazine365\/wp-content\/uploads\/2016\/01\/fotonoticia_20160113164434_800.jpg","width":800,"height":600},"datePublished":"2016-01-14T01:37:22+01:00","dateModified":"2016-01-14T01:37:22+01:00","inLanguage":"es-ES","mainEntityOfPage":{"@id":"https:\/\/eldigitaldeasturias.com\/magazine365\/el-alcalde-de-vigo-elogia-la-reactivacion-del-aeropuerto-de-peinador\/#webpage"},"isPartOf":{"@id":"https:\/\/eldigitaldeasturias.com\/magazine365\/el-alcalde-de-vigo-elogia-la-reactivacion-del-aeropuerto-de-peinador\/#webpage"},"articleSection":"Noticias y Actualidad"},{"@type":"BreadcrumbList","@id":"https:\/\/eldigitaldeasturias.com\/magazine365\/el-alcalde-de-vigo-elogia-la-reactivacion-del-aeropuerto-de-peinador\/#breadcrumblist","itemListElement":[{"@type":"ListItem","@id":"https:\/\/eldigitaldeasturias.com\/magazine365#listItem","position":1,"name":"Home","item":"https:\/\/eldigitaldeasturias.com\/magazine365","nextItem":{"@type":"ListItem","@id":"https:\/\/eldigitaldeasturias.com\/magazine365\/category\/noticias-actualidad\/#listItem","name":"Noticias y Actualidad"}},{"@type":"ListItem","@id":"https:\/\/eldigitaldeasturias.com\/magazine365\/category\/noticias-actualidad\/#listItem","position":2,"name":"Noticias y Actualidad","item":"https:\/\/eldigitaldeasturias.com\/magazine365\/category\/noticias-actualidad\/","nextItem":{"@type":"ListItem","@id":"https:\/\/eldigitaldeasturias.com\/magazine365\/el-alcalde-de-vigo-elogia-la-reactivacion-del-aeropuerto-de-peinador\/#listItem","name":"El alcalde de Vigo elogia la \u00abreactivaci\u00f3n\u00bb del aeropuerto de Peinador"},"previousItem":{"@type":"ListItem","@id":"https:\/\/eldigitaldeasturias.com\/magazine365#listItem","name":"Home"}},{"@type":"ListItem","@id":"https:\/\/eldigitaldeasturias.com\/magazine365\/el-alcalde-de-vigo-elogia-la-reactivacion-del-aeropuerto-de-peinador\/#listItem","position":3,"name":"El alcalde de Vigo elogia la \u00abreactivaci\u00f3n\u00bb del aeropuerto de Peinador","previousItem":{"@type":"ListItem","@id":"https:\/\/eldigitaldeasturias.com\/magazine365\/category\/noticias-actualidad\/#listItem","name":"Noticias y Actualidad"}}]},{"@type":"Organization","@id":"https:\/\/eldigitaldeasturias.com\/magazine365\/#organization","name":"El digital de Asturias","description":"Revista de ocio, turismo y estilo de vida","url":"https:\/\/eldigitaldeasturias.com\/magazine365\/","logo":{"@type":"ImageObject","url":"https:\/\/www.eldigitaldeasturias.com\/noticias\/wp-content\/uploads\/2020\/12\/EDA.jpg","@id":"https:\/\/eldigitaldeasturias.com\/magazine365\/el-alcalde-de-vigo-elogia-la-reactivacion-del-aeropuerto-de-peinador\/#organizationLogo"},"image":{"@id":"https:\/\/eldigitaldeasturias.com\/magazine365\/el-alcalde-de-vigo-elogia-la-reactivacion-del-aeropuerto-de-peinador\/#organizationLogo"}},{"@type":"Person","@id":"https:\/\/eldigitaldeasturias.com\/magazine365\/author\/admin\/#author","url":"https:\/\/eldigitaldeasturias.com\/magazine365\/author\/admin\/","name":"admin","image":{"@type":"ImageObject","@id":"https:\/\/eldigitaldeasturias.com\/magazine365\/el-alcalde-de-vigo-elogia-la-reactivacion-del-aeropuerto-de-peinador\/#authorImage","url":"https:\/\/eldigitaldeasturias.com\/magazine365\/wp-content\/litespeed\/avatar\/e571bcf59a0edd6fa6838245a470f2fe.jpg?ver=1777574230","width":96,"height":96,"caption":"admin"}},{"@type":"WebPage","@id":"https:\/\/eldigitaldeasturias.com\/magazine365\/el-alcalde-de-vigo-elogia-la-reactivacion-del-aeropuerto-de-peinador\/#webpage","url":"https:\/\/eldigitaldeasturias.com\/magazine365\/el-alcalde-de-vigo-elogia-la-reactivacion-del-aeropuerto-de-peinador\/","name":"El alcalde de Vigo elogia la \u00abreactivaci\u00f3n\u00bb del aeropuerto de Peinador | El Digital de Asturias","description":"El alcalde de Vigo, Abel Caballero, ha elogiado la \"reactivaci\u00f3n\" del aeropuerto de Peinador por el crecimiento de casi un cinco por ciento en el n\u00famero de pasajeros que registr\u00f3 en 2015, pese a las \"ayudas que van contra la competencia\" en el \u00e1rea de la Eurorregi\u00f3n, en referencia a Oporto, Santiago y A Coru\u00f1a.","inLanguage":"es-ES","isPartOf":{"@id":"https:\/\/eldigitaldeasturias.com\/magazine365\/#website"},"breadcrumb":{"@id":"https:\/\/eldigitaldeasturias.com\/magazine365\/el-alcalde-de-vigo-elogia-la-reactivacion-del-aeropuerto-de-peinador\/#breadcrumblist"},"author":{"@id":"https:\/\/eldigitaldeasturias.com\/magazine365\/author\/admin\/#author"},"creator":{"@id":"https:\/\/eldigitaldeasturias.com\/magazine365\/author\/admin\/#author"},"image":{"@type":"ImageObject","url":"https:\/\/eldigitaldeasturias.com\/magazine365\/wp-content\/uploads\/2016\/01\/fotonoticia_20160113164434_800.jpg","@id":"https:\/\/eldigitaldeasturias.com\/magazine365\/el-alcalde-de-vigo-elogia-la-reactivacion-del-aeropuerto-de-peinador\/#mainImage","width":800,"height":600},"primaryImageOfPage":{"@id":"https:\/\/eldigitaldeasturias.com\/magazine365\/el-alcalde-de-vigo-elogia-la-reactivacion-del-aeropuerto-de-peinador\/#mainImage"},"datePublished":"2016-01-14T01:37:22+01:00","dateModified":"2016-01-14T01:37:22+01:00"},{"@type":"WebSite","@id":"https:\/\/eldigitaldeasturias.com\/magazine365\/#website","url":"https:\/\/eldigitaldeasturias.com\/magazine365\/","name":"El Digital de Asturias","description":"Revista de ocio, turismo y estilo de vida","inLanguage":"es-ES","publisher":{"@id":"https:\/\/eldigitaldeasturias.com\/magazine365\/#organization"}}]},"og:locale":"es_ES","og:site_name":"El Digital de Asturias \u2013 Revista de ocio, turismo y estilo de vida","og:type":"article","og:title":"El alcalde de Vigo elogia la \u00abreactivaci\u00f3n\u00bb del aeropuerto de Peinador | El Digital de Asturias","og:description":"El alcalde de Vigo, Abel Caballero, ha elogiado la &quot;reactivaci\u00f3n&quot; del aeropuerto de Peinador por el crecimiento de casi un cinco por ciento en el n\u00famero de pasajeros que registr\u00f3 en 2015, pese a las &quot;ayudas que van contra la competencia&quot; en el \u00e1rea de la Eurorregi\u00f3n, en referencia a Oporto, Santiago y A Coru\u00f1a.","og:url":"https:\/\/eldigitaldeasturias.com\/magazine365\/el-alcalde-de-vigo-elogia-la-reactivacion-del-aeropuerto-de-peinador\/","og:image":"https:\/\/eldigitaldeasturias.com\/magazine365\/wp-content\/uploads\/2016\/01\/fotonoticia_20160113164434_800.jpg","og:image:secure_url":"https:\/\/eldigitaldeasturias.com\/magazine365\/wp-content\/uploads\/2016\/01\/fotonoticia_20160113164434_800.jpg","og:image:width":800,"og:image:height":600,"article:published_time":"2016-01-14T00:37:22+00:00","article:modified_time":"2016-01-14T00:37:22+00:00","twitter:card":"summary_large_image","twitter:title":"El alcalde de Vigo elogia la \u00abreactivaci\u00f3n\u00bb del aeropuerto de Peinador | El Digital de Asturias","twitter:description":"El alcalde de Vigo, Abel Caballero, ha elogiado la &quot;reactivaci\u00f3n&quot; del aeropuerto de Peinador por el crecimiento de casi un cinco por ciento en el n\u00famero de pasajeros que registr\u00f3 en 2015, pese a las &quot;ayudas que van contra la competencia&quot; en el \u00e1rea de la Eurorregi\u00f3n, en referencia a Oporto, Santiago y A Coru\u00f1a.","twitter:image":"https:\/\/eldigitaldeasturias.com\/magazine365\/wp-content\/uploads\/2016\/01\/fotonoticia_20160113164434_800.jpg"},"aioseo_meta_data":{"post_id":"60549","title":null,"description":null,"keywords":null,"keyphrases":null,"primary_term":null,"canonical_url":null,"og_title":null,"og_description":null,"og_object_type":"default","og_image_type":"default","og_image_url":null,"og_image_width":null,"og_image_height":null,"og_image_custom_url":null,"og_image_custom_fields":null,"og_video":null,"og_custom_url":null,"og_article_section":null,"og_article_tags":null,"twitter_use_og":false,"twitter_card":"default","twitter_image_type":"default","twitter_image_url":null,"twitter_image_custom_url":null,"twitter_image_custom_fields":null,"twitter_title":null,"twitter_description":null,"schema":{"blockGraphs":[],"customGraphs":[],"default":{"data":{"Article":[],"Course":[],"Dataset":[],"FAQPage":[],"Movie":[],"Person":[],"Product":[],"ProductReview":[],"Car":[],"Recipe":[],"Service":[],"SoftwareApplication":[],"WebPage":[]},"graphName":"","isEnabled":true},"graphs":[],"defaultGraph":"","defaultPostTypeGraph":""},"schema_type":null,"schema_type_options":null,"pillar_content":false,"robots_default":true,"robots_noindex":false,"robots_noarchive":false,"robots_nosnippet":false,"robots_nofollow":false,"robots_noimageindex":false,"robots_noodp":false,"robots_notranslate":false,"robots_max_snippet":null,"robots_max_videopreview":null,"robots_max_imagepreview":"large","priority":null,"frequency":null,"location":null,"local_seo":null,"seo_analyzer_scan_date":"2025-09-25 07:06:15","breadcrumb_settings":null,"limit_modified_date":false,"open_ai":null,"ai":null,"created":"2021-03-08 21:58:49","updated":"2025-09-25 07:06:15"},"aioseo_breadcrumb":"<div class=\"aioseo-breadcrumbs\"><span class=\"aioseo-breadcrumb\">\n\t<a href=\"https:\/\/eldigitaldeasturias.com\/magazine365\" title=\"Home\">Home<\/a>\n<\/span><span class=\"aioseo-breadcrumb-separator\">\u2013<\/span><span class=\"aioseo-breadcrumb\">\n\t<a href=\"https:\/\/eldigitaldeasturias.com\/magazine365\/category\/noticias-actualidad\/\" title=\"Noticias y Actualidad\">Noticias y Actualidad<\/a>\n<\/span><span class=\"aioseo-breadcrumb-separator\">\u2013<\/span><span class=\"aioseo-breadcrumb\">\n\t<a href=\"https:\/\/eldigitaldeasturias.com\/magazine365\/el-alcalde-de-vigo-elogia-la-reactivacion-del-aeropuerto-de-peinador\/\" title=\"El alcalde de Vigo elogia la \u00abreactivaci\u00f3n\u00bb del aeropuerto de Peinador\">El alcalde de Vigo elogia la \u00abreactivaci\u00f3n\u00bb del aeropuerto de Peinador<\/a>\n<\/span><\/div>","aioseo_breadcrumb_json":[{"label":"Home","link":"https:\/\/eldigitaldeasturias.com\/magazine365"},{"label":"Noticias y Actualidad","link":"https:\/\/eldigitaldeasturias.com\/magazine365\/category\/noticias-actualidad\/"},{"label":"El alcalde de Vigo elogia la \u00abreactivaci\u00f3n\u00bb del aeropuerto de Peinador","link":"https:\/\/eldigitaldeasturias.com\/magazine365\/el-alcalde-de-vigo-elogia-la-reactivacion-del-aeropuerto-de-peinador\/"}],"_links":{"self":[{"href":"https:\/\/eldigitaldeasturias.com\/magazine365\/wp-json\/wp\/v2\/posts\/60549","targetHints":{"allow":["GET"]}}],"collection":[{"href":"https:\/\/eldigitaldeasturias.com\/magazine365\/wp-json\/wp\/v2\/posts"}],"about":[{"href":"https:\/\/eldigitaldeasturias.com\/magazine365\/wp-json\/wp\/v2\/types\/post"}],"author":[{"embeddable":true,"href":"https:\/\/eldigitaldeasturias.com\/magazine365\/wp-json\/wp\/v2\/users\/1"}],"replies":[{"embeddable":true,"href":"https:\/\/eldigitaldeasturias.com\/magazine365\/wp-json\/wp\/v2\/comments?post=60549"}],"version-history":[{"count":0,"href":"https:\/\/eldigitaldeasturias.com\/magazine365\/wp-json\/wp\/v2\/posts\/60549\/revisions"}],"wp:featuredmedia":[{"embeddable":true,"href":"https:\/\/eldigitaldeasturias.com\/magazine365\/wp-json\/wp\/v2\/media\/60550"}],"wp:attachment":[{"href":"https:\/\/eldigitaldeasturias.com\/magazine365\/wp-json\/wp\/v2\/media?parent=60549"}],"wp:term":[{"taxonomy":"category","embeddable":true,"href":"https:\/\/eldigitaldeasturias.com\/magazine365\/wp-json\/wp\/v2\/categories?post=60549"},{"taxonomy":"post_tag","embeddable":true,"href":"https:\/\/eldigitaldeasturias.com\/magazine365\/wp-json\/wp\/v2\/tags?post=60549"}],"curies":[{"name":"wp","href":"https:\/\/api.w.org\/{rel}","templated":true}]}}