{"id":60533,"date":"2016-01-14T01:27:19","date_gmt":"2016-01-14T00:27:19","guid":{"rendered":"http:\/\/eldigitaldeasturias.com\/magazine365\/?p=60533"},"modified":"2016-01-14T01:29:19","modified_gmt":"2016-01-14T00:29:19","slug":"cartagena-pide-su-inclusion-en-las-rutas-gratuitas-de-la-web-del-instituto-de-turismo-de-la-region","status":"publish","type":"post","link":"https:\/\/eldigitaldeasturias.com\/magazine365\/cartagena-pide-su-inclusion-en-las-rutas-gratuitas-de-la-web-del-instituto-de-turismo-de-la-region\/","title":{"rendered":"Cartagena pide su inclusi\u00f3n en las rutas gratuitas de la web del Instituto de Turismo de la Regi\u00f3n"},"content":{"rendered":"<p>El Ayuntamiento de Cartagena ha mostrado su malestar porque el Instituto de Turismo de la Regi\u00f3n de Murcia (ITREM) ha olvidado incluir a Cartagena en el motor de b\u00fasqueda inicial de la web &#8216;www.itrem.es&#8217; para la contrataci\u00f3n de 105 rutas gratuitas por la Regi\u00f3n de Murcia dentro de la oferta tur\u00edstica de este a\u00f1o.<\/p>\n<p>   Desde la Concejal\u00eda de Turismo se ha asegurado que la forma de publicar la lista de municipios en la citada web es \u00abconfusa\u00bb, ya que \u00abno se incluye en una primera pantalla a varios de los 27 municipios incluidos en el programa de esta edici\u00f3n\u00bb.<\/p>\n<p>   El Consistorio se\u00f1ala que \u00ablos criterios de transparencia, participaci\u00f3n y publicidad deben ser los mismos para los 27 municipios, ya que la no inclusi\u00f3n de municipios como el de Cartagena han ocasionado numerosas quejas de los ciudadanos que han consultado el enlace web e incluso han inducido a la confusi\u00f3n a varios medios de comunicaci\u00f3n que han publicado noticias err\u00f3neas, aumentado el desconcierto y la desinformaci\u00f3n entre los profesionales y agentes del sector tur\u00edstico del municipio\u00bb.<\/p>\n<p>   Seg\u00fan se ha explicado, \u00abel criterio de ese primer listado del Instituto de Turismo es el de poder reservar la visita &#8216;online&#8217;, desde un motor de b\u00fasqueda web al que Cartagena y otros municipios hasta el momento no se han adherido, por lo que esta herramienta web como soporte de inicio resulta excluyente y discriminatorio en la promoci\u00f3n de las visitas, ya que Cartagena y el resto de municipios s\u00ed aparecen incluidos en otros enlaces web y en un folleto en formato Pdf que originalmente no se adjuntaba en la nota de prensa de promoci\u00f3n de la iniciativa tur\u00edstica\u00bb.<\/p>\n<p>   Asimismo, desde la Concejal\u00eda se ha comunicado al Instituto de Turismo \u00abel malestar del sector tur\u00edstico de Cartagena al haber sido necesario que surja la alarma para rectificar y para cambiar los criterios que han tenido como finalidad la elaboraci\u00f3n de una \u00fanica lista para los 27 municipios como deb\u00eda haber existido desde el principio del lanzamiento de esta campa\u00f1a de promoci\u00f3n\u00bb.<\/p>\n","protected":false},"excerpt":{"rendered":"<p>El Ayuntamiento de Cartagena ha mostrado su malestar porque el Instituto de Turismo de la Regi\u00f3n de Murcia (ITREM) ha olvidado incluir a Cartagena en el motor de b\u00fasqueda inicial de la web &#8216;www.itrem.es&#8217; para la contrataci\u00f3n de 105 rutas gratuitas por la Regi\u00f3n de Murcia dentro de la oferta tur\u00edstica de este a\u00f1o. Desde<\/p>\n","protected":false},"author":1,"featured_media":39724,"comment_status":"open","ping_status":"closed","sticky":false,"template":"","format":"standard","meta":{"footnotes":""},"categories":[224],"tags":[],"class_list":{"0":"post-60533","1":"post","2":"type-post","3":"status-publish","4":"format-standard","5":"has-post-thumbnail","7":"category-noticias-actualidad"},"aioseo_notices":[],"aioseo_head":"\n\t\t<!-- All in One SEO Pro 4.9.6.1 - aioseo.com -->\n\t<meta name=\"description\" content=\"El Ayuntamiento de Cartagena ha mostrado su malestar porque el Instituto de Turismo de la Regi\u00f3n de Murcia (ITREM) ha olvidado incluir a Cartagena en el motor de b\u00fasqueda inicial de la web &#039;www.itrem.es&#039; para la contrataci\u00f3n de 105 rutas gratuitas por la Regi\u00f3n de Murcia dentro de la oferta tur\u00edstica de este a\u00f1o. Desde\" \/>\n\t<meta name=\"robots\" content=\"max-image-preview:large\" \/>\n\t<meta name=\"author\" content=\"admin\"\/>\n\t<meta name=\"google-site-verification\" content=\"UA-38556648-1\" \/>\n\t<meta name=\"keywords\" content=\"noticias y actualidad\" \/>\n\t<link rel=\"canonical\" href=\"https:\/\/eldigitaldeasturias.com\/magazine365\/cartagena-pide-su-inclusion-en-las-rutas-gratuitas-de-la-web-del-instituto-de-turismo-de-la-region\/\" \/>\n\t<meta name=\"generator\" content=\"All in One SEO Pro (AIOSEO) 4.9.6.1\" \/>\n\t\t<meta property=\"og:locale\" content=\"es_ES\" \/>\n\t\t<meta property=\"og:site_name\" content=\"El Digital de Asturias \u2013 Revista de ocio, turismo y estilo de vida\" \/>\n\t\t<meta property=\"og:type\" content=\"article\" \/>\n\t\t<meta property=\"og:title\" content=\"Cartagena pide su inclusi\u00f3n en las rutas gratuitas de la web del Instituto de Turismo de la Regi\u00f3n | El Digital de Asturias\" \/>\n\t\t<meta property=\"og:description\" content=\"El Ayuntamiento de Cartagena ha mostrado su malestar porque el Instituto de Turismo de la Regi\u00f3n de Murcia (ITREM) ha olvidado incluir a Cartagena en el motor de b\u00fasqueda inicial de la web &#039;www.itrem.es&#039; para la contrataci\u00f3n de 105 rutas gratuitas por la Regi\u00f3n de Murcia dentro de la oferta tur\u00edstica de este a\u00f1o. Desde\" \/>\n\t\t<meta property=\"og:url\" content=\"https:\/\/eldigitaldeasturias.com\/magazine365\/cartagena-pide-su-inclusion-en-las-rutas-gratuitas-de-la-web-del-instituto-de-turismo-de-la-region\/\" \/>\n\t\t<meta property=\"og:image\" content=\"https:\/\/eldigitaldeasturias.com\/magazine365\/wp-content\/uploads\/2015\/06\/aeropu.jpg\" \/>\n\t\t<meta property=\"og:image:secure_url\" content=\"https:\/\/eldigitaldeasturias.com\/magazine365\/wp-content\/uploads\/2015\/06\/aeropu.jpg\" \/>\n\t\t<meta property=\"og:image:width\" content=\"800\" \/>\n\t\t<meta property=\"og:image:height\" content=\"533\" \/>\n\t\t<meta property=\"article:published_time\" content=\"2016-01-14T00:27:19+00:00\" \/>\n\t\t<meta property=\"article:modified_time\" content=\"2016-01-14T00:29:19+00:00\" \/>\n\t\t<meta name=\"twitter:card\" content=\"summary_large_image\" \/>\n\t\t<meta name=\"twitter:title\" content=\"Cartagena pide su inclusi\u00f3n en las rutas gratuitas de la web del Instituto de Turismo de la Regi\u00f3n | El Digital de Asturias\" \/>\n\t\t<meta name=\"twitter:description\" content=\"El Ayuntamiento de Cartagena ha mostrado su malestar porque el Instituto de Turismo de la Regi\u00f3n de Murcia (ITREM) ha olvidado incluir a Cartagena en el motor de b\u00fasqueda inicial de la web &#039;www.itrem.es&#039; para la contrataci\u00f3n de 105 rutas gratuitas por la Regi\u00f3n de Murcia dentro de la oferta tur\u00edstica de este a\u00f1o. Desde\" \/>\n\t\t<meta name=\"twitter:image\" content=\"https:\/\/eldigitaldeasturias.com\/magazine365\/wp-content\/uploads\/2015\/06\/aeropu.jpg\" \/>\n\t\t<script type=\"application\/ld+json\" class=\"aioseo-schema\">\n\t\t\t{\"@context\":\"https:\\\/\\\/schema.org\",\"@graph\":[{\"@type\":\"Article\",\"@id\":\"https:\\\/\\\/eldigitaldeasturias.com\\\/magazine365\\\/cartagena-pide-su-inclusion-en-las-rutas-gratuitas-de-la-web-del-instituto-de-turismo-de-la-region\\\/#article\",\"name\":\"Cartagena pide su inclusi\\u00f3n en las rutas gratuitas de la web del Instituto de Turismo de la Regi\\u00f3n | El Digital de Asturias\",\"headline\":\"Cartagena pide su inclusi\\u00f3n en las rutas gratuitas de la web del Instituto de Turismo de la Regi\\u00f3n\",\"author\":{\"@id\":\"https:\\\/\\\/eldigitaldeasturias.com\\\/magazine365\\\/author\\\/admin\\\/#author\"},\"publisher\":{\"@id\":\"https:\\\/\\\/eldigitaldeasturias.com\\\/magazine365\\\/#organization\"},\"image\":{\"@type\":\"ImageObject\",\"url\":\"https:\\\/\\\/eldigitaldeasturias.com\\\/magazine365\\\/wp-content\\\/uploads\\\/2015\\\/06\\\/aeropu.jpg\",\"width\":800,\"height\":533},\"datePublished\":\"2016-01-14T01:27:19+01:00\",\"dateModified\":\"2016-01-14T01:29:19+01:00\",\"inLanguage\":\"es-ES\",\"mainEntityOfPage\":{\"@id\":\"https:\\\/\\\/eldigitaldeasturias.com\\\/magazine365\\\/cartagena-pide-su-inclusion-en-las-rutas-gratuitas-de-la-web-del-instituto-de-turismo-de-la-region\\\/#webpage\"},\"isPartOf\":{\"@id\":\"https:\\\/\\\/eldigitaldeasturias.com\\\/magazine365\\\/cartagena-pide-su-inclusion-en-las-rutas-gratuitas-de-la-web-del-instituto-de-turismo-de-la-region\\\/#webpage\"},\"articleSection\":\"Noticias y Actualidad\"},{\"@type\":\"BreadcrumbList\",\"@id\":\"https:\\\/\\\/eldigitaldeasturias.com\\\/magazine365\\\/cartagena-pide-su-inclusion-en-las-rutas-gratuitas-de-la-web-del-instituto-de-turismo-de-la-region\\\/#breadcrumblist\",\"itemListElement\":[{\"@type\":\"ListItem\",\"@id\":\"https:\\\/\\\/eldigitaldeasturias.com\\\/magazine365#listItem\",\"position\":1,\"name\":\"Home\",\"item\":\"https:\\\/\\\/eldigitaldeasturias.com\\\/magazine365\",\"nextItem\":{\"@type\":\"ListItem\",\"@id\":\"https:\\\/\\\/eldigitaldeasturias.com\\\/magazine365\\\/category\\\/noticias-actualidad\\\/#listItem\",\"name\":\"Noticias y Actualidad\"}},{\"@type\":\"ListItem\",\"@id\":\"https:\\\/\\\/eldigitaldeasturias.com\\\/magazine365\\\/category\\\/noticias-actualidad\\\/#listItem\",\"position\":2,\"name\":\"Noticias y Actualidad\",\"item\":\"https:\\\/\\\/eldigitaldeasturias.com\\\/magazine365\\\/category\\\/noticias-actualidad\\\/\",\"nextItem\":{\"@type\":\"ListItem\",\"@id\":\"https:\\\/\\\/eldigitaldeasturias.com\\\/magazine365\\\/cartagena-pide-su-inclusion-en-las-rutas-gratuitas-de-la-web-del-instituto-de-turismo-de-la-region\\\/#listItem\",\"name\":\"Cartagena pide su inclusi\\u00f3n en las rutas gratuitas de la web del Instituto de Turismo de la Regi\\u00f3n\"},\"previousItem\":{\"@type\":\"ListItem\",\"@id\":\"https:\\\/\\\/eldigitaldeasturias.com\\\/magazine365#listItem\",\"name\":\"Home\"}},{\"@type\":\"ListItem\",\"@id\":\"https:\\\/\\\/eldigitaldeasturias.com\\\/magazine365\\\/cartagena-pide-su-inclusion-en-las-rutas-gratuitas-de-la-web-del-instituto-de-turismo-de-la-region\\\/#listItem\",\"position\":3,\"name\":\"Cartagena pide su inclusi\\u00f3n en las rutas gratuitas de la web del Instituto de Turismo de la Regi\\u00f3n\",\"previousItem\":{\"@type\":\"ListItem\",\"@id\":\"https:\\\/\\\/eldigitaldeasturias.com\\\/magazine365\\\/category\\\/noticias-actualidad\\\/#listItem\",\"name\":\"Noticias y Actualidad\"}}]},{\"@type\":\"Organization\",\"@id\":\"https:\\\/\\\/eldigitaldeasturias.com\\\/magazine365\\\/#organization\",\"name\":\"El digital de Asturias\",\"description\":\"Revista de ocio, turismo y estilo de vida\",\"url\":\"https:\\\/\\\/eldigitaldeasturias.com\\\/magazine365\\\/\",\"logo\":{\"@type\":\"ImageObject\",\"url\":\"https:\\\/\\\/www.eldigitaldeasturias.com\\\/noticias\\\/wp-content\\\/uploads\\\/2020\\\/12\\\/EDA.jpg\",\"@id\":\"https:\\\/\\\/eldigitaldeasturias.com\\\/magazine365\\\/cartagena-pide-su-inclusion-en-las-rutas-gratuitas-de-la-web-del-instituto-de-turismo-de-la-region\\\/#organizationLogo\"},\"image\":{\"@id\":\"https:\\\/\\\/eldigitaldeasturias.com\\\/magazine365\\\/cartagena-pide-su-inclusion-en-las-rutas-gratuitas-de-la-web-del-instituto-de-turismo-de-la-region\\\/#organizationLogo\"}},{\"@type\":\"Person\",\"@id\":\"https:\\\/\\\/eldigitaldeasturias.com\\\/magazine365\\\/author\\\/admin\\\/#author\",\"url\":\"https:\\\/\\\/eldigitaldeasturias.com\\\/magazine365\\\/author\\\/admin\\\/\",\"name\":\"admin\",\"image\":{\"@type\":\"ImageObject\",\"@id\":\"https:\\\/\\\/eldigitaldeasturias.com\\\/magazine365\\\/cartagena-pide-su-inclusion-en-las-rutas-gratuitas-de-la-web-del-instituto-de-turismo-de-la-region\\\/#authorImage\",\"url\":\"https:\\\/\\\/eldigitaldeasturias.com\\\/magazine365\\\/wp-content\\\/litespeed\\\/avatar\\\/e571bcf59a0edd6fa6838245a470f2fe.jpg?ver=1777574230\",\"width\":96,\"height\":96,\"caption\":\"admin\"}},{\"@type\":\"WebPage\",\"@id\":\"https:\\\/\\\/eldigitaldeasturias.com\\\/magazine365\\\/cartagena-pide-su-inclusion-en-las-rutas-gratuitas-de-la-web-del-instituto-de-turismo-de-la-region\\\/#webpage\",\"url\":\"https:\\\/\\\/eldigitaldeasturias.com\\\/magazine365\\\/cartagena-pide-su-inclusion-en-las-rutas-gratuitas-de-la-web-del-instituto-de-turismo-de-la-region\\\/\",\"name\":\"Cartagena pide su inclusi\\u00f3n en las rutas gratuitas de la web del Instituto de Turismo de la Regi\\u00f3n | El Digital de Asturias\",\"description\":\"El Ayuntamiento de Cartagena ha mostrado su malestar porque el Instituto de Turismo de la Regi\\u00f3n de Murcia (ITREM) ha olvidado incluir a Cartagena en el motor de b\\u00fasqueda inicial de la web 'www.itrem.es' para la contrataci\\u00f3n de 105 rutas gratuitas por la Regi\\u00f3n de Murcia dentro de la oferta tur\\u00edstica de este a\\u00f1o. Desde\",\"inLanguage\":\"es-ES\",\"isPartOf\":{\"@id\":\"https:\\\/\\\/eldigitaldeasturias.com\\\/magazine365\\\/#website\"},\"breadcrumb\":{\"@id\":\"https:\\\/\\\/eldigitaldeasturias.com\\\/magazine365\\\/cartagena-pide-su-inclusion-en-las-rutas-gratuitas-de-la-web-del-instituto-de-turismo-de-la-region\\\/#breadcrumblist\"},\"author\":{\"@id\":\"https:\\\/\\\/eldigitaldeasturias.com\\\/magazine365\\\/author\\\/admin\\\/#author\"},\"creator\":{\"@id\":\"https:\\\/\\\/eldigitaldeasturias.com\\\/magazine365\\\/author\\\/admin\\\/#author\"},\"image\":{\"@type\":\"ImageObject\",\"url\":\"https:\\\/\\\/eldigitaldeasturias.com\\\/magazine365\\\/wp-content\\\/uploads\\\/2015\\\/06\\\/aeropu.jpg\",\"@id\":\"https:\\\/\\\/eldigitaldeasturias.com\\\/magazine365\\\/cartagena-pide-su-inclusion-en-las-rutas-gratuitas-de-la-web-del-instituto-de-turismo-de-la-region\\\/#mainImage\",\"width\":800,\"height\":533},\"primaryImageOfPage\":{\"@id\":\"https:\\\/\\\/eldigitaldeasturias.com\\\/magazine365\\\/cartagena-pide-su-inclusion-en-las-rutas-gratuitas-de-la-web-del-instituto-de-turismo-de-la-region\\\/#mainImage\"},\"datePublished\":\"2016-01-14T01:27:19+01:00\",\"dateModified\":\"2016-01-14T01:29:19+01:00\"},{\"@type\":\"WebSite\",\"@id\":\"https:\\\/\\\/eldigitaldeasturias.com\\\/magazine365\\\/#website\",\"url\":\"https:\\\/\\\/eldigitaldeasturias.com\\\/magazine365\\\/\",\"name\":\"El Digital de Asturias\",\"description\":\"Revista de ocio, turismo y estilo de vida\",\"inLanguage\":\"es-ES\",\"publisher\":{\"@id\":\"https:\\\/\\\/eldigitaldeasturias.com\\\/magazine365\\\/#organization\"}}]}\n\t\t<\/script>\n\t\t<!-- All in One SEO Pro -->\r\n\t\t<title>Cartagena pide su inclusi\u00f3n en las rutas gratuitas de la web del Instituto de Turismo de la Regi\u00f3n | El Digital de Asturias<\/title>\n\n","aioseo_head_json":{"title":"Cartagena pide su inclusi\u00f3n en las rutas gratuitas de la web del Instituto de Turismo de la Regi\u00f3n | El Digital de Asturias","description":"El Ayuntamiento de Cartagena ha mostrado su malestar porque el Instituto de Turismo de la Regi\u00f3n de Murcia (ITREM) ha olvidado incluir a Cartagena en el motor de b\u00fasqueda inicial de la web 'www.itrem.es' para la contrataci\u00f3n de 105 rutas gratuitas por la Regi\u00f3n de Murcia dentro de la oferta tur\u00edstica de este a\u00f1o. Desde","canonical_url":"https:\/\/eldigitaldeasturias.com\/magazine365\/cartagena-pide-su-inclusion-en-las-rutas-gratuitas-de-la-web-del-instituto-de-turismo-de-la-region\/","robots":"max-image-preview:large","keywords":"noticias y actualidad","webmasterTools":{"google-site-verification":"UA-38556648-1","miscellaneous":""},"schema":{"@context":"https:\/\/schema.org","@graph":[{"@type":"Article","@id":"https:\/\/eldigitaldeasturias.com\/magazine365\/cartagena-pide-su-inclusion-en-las-rutas-gratuitas-de-la-web-del-instituto-de-turismo-de-la-region\/#article","name":"Cartagena pide su inclusi\u00f3n en las rutas gratuitas de la web del Instituto de Turismo de la Regi\u00f3n | El Digital de Asturias","headline":"Cartagena pide su inclusi\u00f3n en las rutas gratuitas de la web del Instituto de Turismo de la Regi\u00f3n","author":{"@id":"https:\/\/eldigitaldeasturias.com\/magazine365\/author\/admin\/#author"},"publisher":{"@id":"https:\/\/eldigitaldeasturias.com\/magazine365\/#organization"},"image":{"@type":"ImageObject","url":"https:\/\/eldigitaldeasturias.com\/magazine365\/wp-content\/uploads\/2015\/06\/aeropu.jpg","width":800,"height":533},"datePublished":"2016-01-14T01:27:19+01:00","dateModified":"2016-01-14T01:29:19+01:00","inLanguage":"es-ES","mainEntityOfPage":{"@id":"https:\/\/eldigitaldeasturias.com\/magazine365\/cartagena-pide-su-inclusion-en-las-rutas-gratuitas-de-la-web-del-instituto-de-turismo-de-la-region\/#webpage"},"isPartOf":{"@id":"https:\/\/eldigitaldeasturias.com\/magazine365\/cartagena-pide-su-inclusion-en-las-rutas-gratuitas-de-la-web-del-instituto-de-turismo-de-la-region\/#webpage"},"articleSection":"Noticias y Actualidad"},{"@type":"BreadcrumbList","@id":"https:\/\/eldigitaldeasturias.com\/magazine365\/cartagena-pide-su-inclusion-en-las-rutas-gratuitas-de-la-web-del-instituto-de-turismo-de-la-region\/#breadcrumblist","itemListElement":[{"@type":"ListItem","@id":"https:\/\/eldigitaldeasturias.com\/magazine365#listItem","position":1,"name":"Home","item":"https:\/\/eldigitaldeasturias.com\/magazine365","nextItem":{"@type":"ListItem","@id":"https:\/\/eldigitaldeasturias.com\/magazine365\/category\/noticias-actualidad\/#listItem","name":"Noticias y Actualidad"}},{"@type":"ListItem","@id":"https:\/\/eldigitaldeasturias.com\/magazine365\/category\/noticias-actualidad\/#listItem","position":2,"name":"Noticias y Actualidad","item":"https:\/\/eldigitaldeasturias.com\/magazine365\/category\/noticias-actualidad\/","nextItem":{"@type":"ListItem","@id":"https:\/\/eldigitaldeasturias.com\/magazine365\/cartagena-pide-su-inclusion-en-las-rutas-gratuitas-de-la-web-del-instituto-de-turismo-de-la-region\/#listItem","name":"Cartagena pide su inclusi\u00f3n en las rutas gratuitas de la web del Instituto de Turismo de la Regi\u00f3n"},"previousItem":{"@type":"ListItem","@id":"https:\/\/eldigitaldeasturias.com\/magazine365#listItem","name":"Home"}},{"@type":"ListItem","@id":"https:\/\/eldigitaldeasturias.com\/magazine365\/cartagena-pide-su-inclusion-en-las-rutas-gratuitas-de-la-web-del-instituto-de-turismo-de-la-region\/#listItem","position":3,"name":"Cartagena pide su inclusi\u00f3n en las rutas gratuitas de la web del Instituto de Turismo de la Regi\u00f3n","previousItem":{"@type":"ListItem","@id":"https:\/\/eldigitaldeasturias.com\/magazine365\/category\/noticias-actualidad\/#listItem","name":"Noticias y Actualidad"}}]},{"@type":"Organization","@id":"https:\/\/eldigitaldeasturias.com\/magazine365\/#organization","name":"El digital de Asturias","description":"Revista de ocio, turismo y estilo de vida","url":"https:\/\/eldigitaldeasturias.com\/magazine365\/","logo":{"@type":"ImageObject","url":"https:\/\/www.eldigitaldeasturias.com\/noticias\/wp-content\/uploads\/2020\/12\/EDA.jpg","@id":"https:\/\/eldigitaldeasturias.com\/magazine365\/cartagena-pide-su-inclusion-en-las-rutas-gratuitas-de-la-web-del-instituto-de-turismo-de-la-region\/#organizationLogo"},"image":{"@id":"https:\/\/eldigitaldeasturias.com\/magazine365\/cartagena-pide-su-inclusion-en-las-rutas-gratuitas-de-la-web-del-instituto-de-turismo-de-la-region\/#organizationLogo"}},{"@type":"Person","@id":"https:\/\/eldigitaldeasturias.com\/magazine365\/author\/admin\/#author","url":"https:\/\/eldigitaldeasturias.com\/magazine365\/author\/admin\/","name":"admin","image":{"@type":"ImageObject","@id":"https:\/\/eldigitaldeasturias.com\/magazine365\/cartagena-pide-su-inclusion-en-las-rutas-gratuitas-de-la-web-del-instituto-de-turismo-de-la-region\/#authorImage","url":"https:\/\/eldigitaldeasturias.com\/magazine365\/wp-content\/litespeed\/avatar\/e571bcf59a0edd6fa6838245a470f2fe.jpg?ver=1777574230","width":96,"height":96,"caption":"admin"}},{"@type":"WebPage","@id":"https:\/\/eldigitaldeasturias.com\/magazine365\/cartagena-pide-su-inclusion-en-las-rutas-gratuitas-de-la-web-del-instituto-de-turismo-de-la-region\/#webpage","url":"https:\/\/eldigitaldeasturias.com\/magazine365\/cartagena-pide-su-inclusion-en-las-rutas-gratuitas-de-la-web-del-instituto-de-turismo-de-la-region\/","name":"Cartagena pide su inclusi\u00f3n en las rutas gratuitas de la web del Instituto de Turismo de la Regi\u00f3n | El Digital de Asturias","description":"El Ayuntamiento de Cartagena ha mostrado su malestar porque el Instituto de Turismo de la Regi\u00f3n de Murcia (ITREM) ha olvidado incluir a Cartagena en el motor de b\u00fasqueda inicial de la web 'www.itrem.es' para la contrataci\u00f3n de 105 rutas gratuitas por la Regi\u00f3n de Murcia dentro de la oferta tur\u00edstica de este a\u00f1o. Desde","inLanguage":"es-ES","isPartOf":{"@id":"https:\/\/eldigitaldeasturias.com\/magazine365\/#website"},"breadcrumb":{"@id":"https:\/\/eldigitaldeasturias.com\/magazine365\/cartagena-pide-su-inclusion-en-las-rutas-gratuitas-de-la-web-del-instituto-de-turismo-de-la-region\/#breadcrumblist"},"author":{"@id":"https:\/\/eldigitaldeasturias.com\/magazine365\/author\/admin\/#author"},"creator":{"@id":"https:\/\/eldigitaldeasturias.com\/magazine365\/author\/admin\/#author"},"image":{"@type":"ImageObject","url":"https:\/\/eldigitaldeasturias.com\/magazine365\/wp-content\/uploads\/2015\/06\/aeropu.jpg","@id":"https:\/\/eldigitaldeasturias.com\/magazine365\/cartagena-pide-su-inclusion-en-las-rutas-gratuitas-de-la-web-del-instituto-de-turismo-de-la-region\/#mainImage","width":800,"height":533},"primaryImageOfPage":{"@id":"https:\/\/eldigitaldeasturias.com\/magazine365\/cartagena-pide-su-inclusion-en-las-rutas-gratuitas-de-la-web-del-instituto-de-turismo-de-la-region\/#mainImage"},"datePublished":"2016-01-14T01:27:19+01:00","dateModified":"2016-01-14T01:29:19+01:00"},{"@type":"WebSite","@id":"https:\/\/eldigitaldeasturias.com\/magazine365\/#website","url":"https:\/\/eldigitaldeasturias.com\/magazine365\/","name":"El Digital de Asturias","description":"Revista de ocio, turismo y estilo de vida","inLanguage":"es-ES","publisher":{"@id":"https:\/\/eldigitaldeasturias.com\/magazine365\/#organization"}}]},"og:locale":"es_ES","og:site_name":"El Digital de Asturias \u2013 Revista de ocio, turismo y estilo de vida","og:type":"article","og:title":"Cartagena pide su inclusi\u00f3n en las rutas gratuitas de la web del Instituto de Turismo de la Regi\u00f3n | El Digital de Asturias","og:description":"El Ayuntamiento de Cartagena ha mostrado su malestar porque el Instituto de Turismo de la Regi\u00f3n de Murcia (ITREM) ha olvidado incluir a Cartagena en el motor de b\u00fasqueda inicial de la web 'www.itrem.es' para la contrataci\u00f3n de 105 rutas gratuitas por la Regi\u00f3n de Murcia dentro de la oferta tur\u00edstica de este a\u00f1o. Desde","og:url":"https:\/\/eldigitaldeasturias.com\/magazine365\/cartagena-pide-su-inclusion-en-las-rutas-gratuitas-de-la-web-del-instituto-de-turismo-de-la-region\/","og:image":"https:\/\/eldigitaldeasturias.com\/magazine365\/wp-content\/uploads\/2015\/06\/aeropu.jpg","og:image:secure_url":"https:\/\/eldigitaldeasturias.com\/magazine365\/wp-content\/uploads\/2015\/06\/aeropu.jpg","og:image:width":800,"og:image:height":533,"article:published_time":"2016-01-14T00:27:19+00:00","article:modified_time":"2016-01-14T00:29:19+00:00","twitter:card":"summary_large_image","twitter:title":"Cartagena pide su inclusi\u00f3n en las rutas gratuitas de la web del Instituto de Turismo de la Regi\u00f3n | El Digital de Asturias","twitter:description":"El Ayuntamiento de Cartagena ha mostrado su malestar porque el Instituto de Turismo de la Regi\u00f3n de Murcia (ITREM) ha olvidado incluir a Cartagena en el motor de b\u00fasqueda inicial de la web 'www.itrem.es' para la contrataci\u00f3n de 105 rutas gratuitas por la Regi\u00f3n de Murcia dentro de la oferta tur\u00edstica de este a\u00f1o. Desde","twitter:image":"https:\/\/eldigitaldeasturias.com\/magazine365\/wp-content\/uploads\/2015\/06\/aeropu.jpg"},"aioseo_meta_data":{"post_id":"60533","title":null,"description":null,"keywords":null,"keyphrases":null,"primary_term":null,"canonical_url":null,"og_title":null,"og_description":null,"og_object_type":"default","og_image_type":"default","og_image_url":null,"og_image_width":null,"og_image_height":null,"og_image_custom_url":null,"og_image_custom_fields":null,"og_video":null,"og_custom_url":null,"og_article_section":null,"og_article_tags":null,"twitter_use_og":false,"twitter_card":"default","twitter_image_type":"default","twitter_image_url":null,"twitter_image_custom_url":null,"twitter_image_custom_fields":null,"twitter_title":null,"twitter_description":null,"schema":{"blockGraphs":[],"customGraphs":[],"default":{"data":{"Article":[],"Course":[],"Dataset":[],"FAQPage":[],"Movie":[],"Person":[],"Product":[],"ProductReview":[],"Car":[],"Recipe":[],"Service":[],"SoftwareApplication":[],"WebPage":[]},"graphName":"","isEnabled":true},"graphs":[],"defaultGraph":"","defaultPostTypeGraph":""},"schema_type":null,"schema_type_options":null,"pillar_content":false,"robots_default":true,"robots_noindex":false,"robots_noarchive":false,"robots_nosnippet":false,"robots_nofollow":false,"robots_noimageindex":false,"robots_noodp":false,"robots_notranslate":false,"robots_max_snippet":null,"robots_max_videopreview":null,"robots_max_imagepreview":"large","priority":null,"frequency":null,"location":null,"local_seo":null,"seo_analyzer_scan_date":"2025-09-25 07:04:20","breadcrumb_settings":null,"limit_modified_date":false,"open_ai":null,"ai":null,"created":"2021-03-08 21:58:49","updated":"2025-09-25 07:04:20"},"aioseo_breadcrumb":"<div class=\"aioseo-breadcrumbs\"><span class=\"aioseo-breadcrumb\">\n\t<a href=\"https:\/\/eldigitaldeasturias.com\/magazine365\" title=\"Home\">Home<\/a>\n<\/span><span class=\"aioseo-breadcrumb-separator\">\u2013<\/span><span class=\"aioseo-breadcrumb\">\n\t<a href=\"https:\/\/eldigitaldeasturias.com\/magazine365\/category\/noticias-actualidad\/\" title=\"Noticias y Actualidad\">Noticias y Actualidad<\/a>\n<\/span><span class=\"aioseo-breadcrumb-separator\">\u2013<\/span><span class=\"aioseo-breadcrumb\">\n\t<a href=\"https:\/\/eldigitaldeasturias.com\/magazine365\/cartagena-pide-su-inclusion-en-las-rutas-gratuitas-de-la-web-del-instituto-de-turismo-de-la-region\/\" title=\"Cartagena pide su inclusi\u00f3n en las rutas gratuitas de la web del Instituto de Turismo de la Regi\u00f3n\">Cartagena pide su inclusi\u00f3n en las rutas gratuitas de la web del Instituto de Turismo de la Regi\u00f3n<\/a>\n<\/span><\/div>","aioseo_breadcrumb_json":[{"label":"Home","link":"https:\/\/eldigitaldeasturias.com\/magazine365"},{"label":"Noticias y Actualidad","link":"https:\/\/eldigitaldeasturias.com\/magazine365\/category\/noticias-actualidad\/"},{"label":"Cartagena pide su inclusi\u00f3n en las rutas gratuitas de la web del Instituto de Turismo de la Regi\u00f3n","link":"https:\/\/eldigitaldeasturias.com\/magazine365\/cartagena-pide-su-inclusion-en-las-rutas-gratuitas-de-la-web-del-instituto-de-turismo-de-la-region\/"}],"_links":{"self":[{"href":"https:\/\/eldigitaldeasturias.com\/magazine365\/wp-json\/wp\/v2\/posts\/60533","targetHints":{"allow":["GET"]}}],"collection":[{"href":"https:\/\/eldigitaldeasturias.com\/magazine365\/wp-json\/wp\/v2\/posts"}],"about":[{"href":"https:\/\/eldigitaldeasturias.com\/magazine365\/wp-json\/wp\/v2\/types\/post"}],"author":[{"embeddable":true,"href":"https:\/\/eldigitaldeasturias.com\/magazine365\/wp-json\/wp\/v2\/users\/1"}],"replies":[{"embeddable":true,"href":"https:\/\/eldigitaldeasturias.com\/magazine365\/wp-json\/wp\/v2\/comments?post=60533"}],"version-history":[{"count":0,"href":"https:\/\/eldigitaldeasturias.com\/magazine365\/wp-json\/wp\/v2\/posts\/60533\/revisions"}],"wp:featuredmedia":[{"embeddable":true,"href":"https:\/\/eldigitaldeasturias.com\/magazine365\/wp-json\/wp\/v2\/media\/39724"}],"wp:attachment":[{"href":"https:\/\/eldigitaldeasturias.com\/magazine365\/wp-json\/wp\/v2\/media?parent=60533"}],"wp:term":[{"taxonomy":"category","embeddable":true,"href":"https:\/\/eldigitaldeasturias.com\/magazine365\/wp-json\/wp\/v2\/categories?post=60533"},{"taxonomy":"post_tag","embeddable":true,"href":"https:\/\/eldigitaldeasturias.com\/magazine365\/wp-json\/wp\/v2\/tags?post=60533"}],"curies":[{"name":"wp","href":"https:\/\/api.w.org\/{rel}","templated":true}]}}