{"id":60530,"date":"2016-01-14T01:26:25","date_gmt":"2016-01-14T00:26:25","guid":{"rendered":"http:\/\/eldigitaldeasturias.com\/magazine365\/?p=60530"},"modified":"2016-01-14T01:26:25","modified_gmt":"2016-01-14T00:26:25","slug":"organizadores-de-congresos-lamentan-la-perdida-de-700-000-euros-del-centro-de-convenciones-de-cordoba","status":"publish","type":"post","link":"https:\/\/eldigitaldeasturias.com\/magazine365\/organizadores-de-congresos-lamentan-la-perdida-de-700-000-euros-del-centro-de-convenciones-de-cordoba\/","title":{"rendered":"Organizadores de congresos lamentan la p\u00e9rdida de 700.000 euros del Centro de Convenciones de C\u00f3rdoba"},"content":{"rendered":"<p><img fetchpriority=\"high\" decoding=\"async\" src=\"https:\/\/eldigitaldeasturias.com\/magazine365\/wp-content\/uploads\/2016\/01\/fotonoticia_20160113150610_800-360x240.jpg\" alt=\"fotonoticia_20160113150610_800\" width=\"360\" height=\"240\" class=\"alignleft size-medium wp-image-60531\" srcset=\"https:\/\/eldigitaldeasturias.com\/magazine365\/wp-content\/uploads\/2016\/01\/fotonoticia_20160113150610_800-360x240.jpg 360w, https:\/\/eldigitaldeasturias.com\/magazine365\/wp-content\/uploads\/2016\/01\/fotonoticia_20160113150610_800-650x433.jpg 650w, https:\/\/eldigitaldeasturias.com\/magazine365\/wp-content\/uploads\/2016\/01\/fotonoticia_20160113150610_800-768x512.jpg 768w, https:\/\/eldigitaldeasturias.com\/magazine365\/wp-content\/uploads\/2016\/01\/fotonoticia_20160113150610_800-150x100.jpg 150w, https:\/\/eldigitaldeasturias.com\/magazine365\/wp-content\/uploads\/2016\/01\/fotonoticia_20160113150610_800-450x300.jpg 450w, https:\/\/eldigitaldeasturias.com\/magazine365\/wp-content\/uploads\/2016\/01\/fotonoticia_20160113150610_800-696x464.jpg 696w, https:\/\/eldigitaldeasturias.com\/magazine365\/wp-content\/uploads\/2016\/01\/fotonoticia_20160113150610_800-630x420.jpg 630w, https:\/\/eldigitaldeasturias.com\/magazine365\/wp-content\/uploads\/2016\/01\/fotonoticia_20160113150610_800-101x66.jpg 101w, https:\/\/eldigitaldeasturias.com\/magazine365\/wp-content\/uploads\/2016\/01\/fotonoticia_20160113150610_800.jpg 800w\" sizes=\"(max-width: 360px) 100vw, 360px\" \/>La Asociaci\u00f3n Provincial de Organizadores de Congresos de C\u00f3rdoba ha lamentado este mi\u00e9rcoles la p\u00e9rdida de unos 700.000 euros de las obras del Centro de Exposiciones, Ferias y Convenciones (CEFC) de la capital, al tiempo que apunta que \u00abel sector ya est\u00e1 cansado de decir que la situaci\u00f3n en C\u00f3rdoba respecto a las infraestructuras ligadas al turismo de negocios es en cierto modo angustiosa, porque son muchos a\u00f1os esperando a tener un recinto adecuado\u00bb.<\/p>\n<p>   En declaraciones a Europa Press, el presidente de la entidad, Vicente Serrano, ha hecho \u00abotro llamamiento a todas las instituciones y colectivos implicados en las infraestructuras, para que de una vez por todas se resuelva la situaci\u00f3n\u00bb, dado que \u00aben el momento actual unas obras van al ralent\u00ed &#8211;en alusi\u00f3n al CEFC&#8211; y otras est\u00e1n paradas\u00bb &#8211;respecto al Palacio de Congresos&#8211;.<\/p>\n<p>   En este sentido, ha defendido que no puede haber \u00abm\u00e1s dilaciones\u00bb, dado que \u00abuna ciudad de servicios necesita tener las estructuras necesarias para ello\u00bb, a lo que a\u00f1ade que \u00abpor una serie de circunstancias y responsabilidades compartidas C\u00f3rdoba es la \u00fanica ciudad pr\u00e1cticamente de similares caracter\u00edsticas a esta ciudad sin centro de exposiciones y feria y sin centro de congresos\u00bb.<\/p>\n<p>   Al respecto, ha comentado que \u00abson muchas las empresas que dependen del colectivo de turismo de negocios\u00bb, y que en este caso \u00abdependen de que las infraestructuras se adecuen, porque van a\u00f1os de r\u00e9mora y estamos en una situaci\u00f3n de desesperaci\u00f3n por una serie de circunstancias\u00bb, ha se\u00f1alado.<\/p>\n<p>   Mientras tanto, el presidente ha destacado que \u00abtodo el colectivo vende ya la idea de que en 2017 estar\u00e1n ambas instalaciones en total rendimiento\u00bb, y para ello defiende que \u00abhay que propiciar actuaciones concretas\u00bb y espera que \u00absea una realidad\u00bb, aunque \u00abla situaci\u00f3n hasta el d\u00eda de hoy es desesperante y esto hace agravar m\u00e1s las circunstancias en las que se encuentra el sector\u00bb.<\/p>\n<p>   Seg\u00fan ha explicado Serrano, \u00abya se difunde a trav\u00e9s de asociaciones, de colectivos de inter\u00e9s cient\u00edfico sanitario y organizaciones empresariales y educativas que C\u00f3rdoba estar\u00eda en condiciones para tener en 2017 las instalaciones en pleno rendimiento\u00bb, de modo que pide que \u00ablas instituciones implicadas en ambas infraestructuras pongan las formas y las personas adecuadas para que este tema se resuelva\u00bb.<\/p>\n<p>   Asimismo, reitera que \u00abal hacer una promoci\u00f3n, se realiza con antelaci\u00f3n\u00bb, y para ello los organizadores de congresos van a la Feria Internacional de Turismo (Fitur) de Madrid \u00abpara hacer una presentaci\u00f3n de ambos proyectos\u00bb, al tiempo que \u00abir\u00e1n una serie de agentes ligados a la promoci\u00f3n y captaci\u00f3n de eventos, con la seria promesa de que en 2017 ambas infraestructuras estar\u00e1n terminadas y adecuadas\u00bb.<\/p>\n","protected":false},"excerpt":{"rendered":"<p>La Asociaci\u00f3n Provincial de Organizadores de Congresos de C\u00f3rdoba ha lamentado este mi\u00e9rcoles la p\u00e9rdida de unos 700.000 euros de las obras del Centro de Exposiciones, Ferias y Convenciones (CEFC) de la capital, al tiempo que apunta que \u00abel sector ya est\u00e1 cansado de decir que la situaci\u00f3n en C\u00f3rdoba respecto a las infraestructuras ligadas<\/p>\n","protected":false},"author":1,"featured_media":60531,"comment_status":"open","ping_status":"closed","sticky":false,"template":"","format":"standard","meta":{"footnotes":""},"categories":[224],"tags":[],"class_list":{"0":"post-60530","1":"post","2":"type-post","3":"status-publish","4":"format-standard","5":"has-post-thumbnail","7":"category-noticias-actualidad"},"aioseo_notices":[],"aioseo_head":"\n\t\t<!-- All in One SEO Pro 4.9.6.1 - aioseo.com -->\n\t<meta name=\"description\" content=\"La Asociaci\u00f3n Provincial de Organizadores de Congresos de C\u00f3rdoba ha lamentado este mi\u00e9rcoles la p\u00e9rdida de unos 700.000 euros de las obras del Centro de Exposiciones, Ferias y Convenciones (CEFC) de la capital, al tiempo que apunta que &quot;el sector ya est\u00e1 cansado de decir que la situaci\u00f3n en C\u00f3rdoba respecto a las infraestructuras ligadas\" \/>\n\t<meta name=\"robots\" content=\"max-image-preview:large\" \/>\n\t<meta name=\"author\" content=\"admin\"\/>\n\t<meta name=\"google-site-verification\" content=\"UA-38556648-1\" \/>\n\t<meta name=\"keywords\" content=\"noticias y actualidad\" \/>\n\t<link rel=\"canonical\" href=\"https:\/\/eldigitaldeasturias.com\/magazine365\/organizadores-de-congresos-lamentan-la-perdida-de-700-000-euros-del-centro-de-convenciones-de-cordoba\/\" \/>\n\t<meta name=\"generator\" content=\"All in One SEO Pro (AIOSEO) 4.9.6.1\" \/>\n\t\t<meta property=\"og:locale\" content=\"es_ES\" \/>\n\t\t<meta property=\"og:site_name\" content=\"El Digital de Asturias \u2013 Revista de ocio, turismo y estilo de vida\" \/>\n\t\t<meta property=\"og:type\" content=\"article\" \/>\n\t\t<meta property=\"og:title\" content=\"Organizadores de congresos lamentan la p\u00e9rdida de 700.000 euros del Centro de Convenciones de C\u00f3rdoba | El Digital de Asturias\" \/>\n\t\t<meta property=\"og:description\" content=\"La Asociaci\u00f3n Provincial de Organizadores de Congresos de C\u00f3rdoba ha lamentado este mi\u00e9rcoles la p\u00e9rdida de unos 700.000 euros de las obras del Centro de Exposiciones, Ferias y Convenciones (CEFC) de la capital, al tiempo que apunta que &quot;el sector ya est\u00e1 cansado de decir que la situaci\u00f3n en C\u00f3rdoba respecto a las infraestructuras ligadas\" \/>\n\t\t<meta property=\"og:url\" content=\"https:\/\/eldigitaldeasturias.com\/magazine365\/organizadores-de-congresos-lamentan-la-perdida-de-700-000-euros-del-centro-de-convenciones-de-cordoba\/\" \/>\n\t\t<meta property=\"og:image\" content=\"https:\/\/eldigitaldeasturias.com\/magazine365\/wp-content\/uploads\/2016\/01\/fotonoticia_20160113150610_800.jpg\" \/>\n\t\t<meta property=\"og:image:secure_url\" content=\"https:\/\/eldigitaldeasturias.com\/magazine365\/wp-content\/uploads\/2016\/01\/fotonoticia_20160113150610_800.jpg\" \/>\n\t\t<meta property=\"og:image:width\" content=\"800\" \/>\n\t\t<meta property=\"og:image:height\" content=\"533\" \/>\n\t\t<meta property=\"article:published_time\" content=\"2016-01-14T00:26:25+00:00\" \/>\n\t\t<meta property=\"article:modified_time\" content=\"2016-01-14T00:26:25+00:00\" \/>\n\t\t<meta name=\"twitter:card\" content=\"summary_large_image\" \/>\n\t\t<meta name=\"twitter:title\" content=\"Organizadores de congresos lamentan la p\u00e9rdida de 700.000 euros del Centro de Convenciones de C\u00f3rdoba | El Digital de Asturias\" \/>\n\t\t<meta name=\"twitter:description\" content=\"La Asociaci\u00f3n Provincial de Organizadores de Congresos de C\u00f3rdoba ha lamentado este mi\u00e9rcoles la p\u00e9rdida de unos 700.000 euros de las obras del Centro de Exposiciones, Ferias y Convenciones (CEFC) de la capital, al tiempo que apunta que &quot;el sector ya est\u00e1 cansado de decir que la situaci\u00f3n en C\u00f3rdoba respecto a las infraestructuras ligadas\" \/>\n\t\t<meta name=\"twitter:image\" content=\"https:\/\/eldigitaldeasturias.com\/magazine365\/wp-content\/uploads\/2016\/01\/fotonoticia_20160113150610_800.jpg\" \/>\n\t\t<script type=\"application\/ld+json\" class=\"aioseo-schema\">\n\t\t\t{\"@context\":\"https:\\\/\\\/schema.org\",\"@graph\":[{\"@type\":\"Article\",\"@id\":\"https:\\\/\\\/eldigitaldeasturias.com\\\/magazine365\\\/organizadores-de-congresos-lamentan-la-perdida-de-700-000-euros-del-centro-de-convenciones-de-cordoba\\\/#article\",\"name\":\"Organizadores de congresos lamentan la p\\u00e9rdida de 700.000 euros del Centro de Convenciones de C\\u00f3rdoba | El Digital de Asturias\",\"headline\":\"Organizadores de congresos lamentan la p\\u00e9rdida de 700.000 euros del Centro de Convenciones de C\\u00f3rdoba\",\"author\":{\"@id\":\"https:\\\/\\\/eldigitaldeasturias.com\\\/magazine365\\\/author\\\/admin\\\/#author\"},\"publisher\":{\"@id\":\"https:\\\/\\\/eldigitaldeasturias.com\\\/magazine365\\\/#organization\"},\"image\":{\"@type\":\"ImageObject\",\"url\":\"https:\\\/\\\/eldigitaldeasturias.com\\\/magazine365\\\/wp-content\\\/uploads\\\/2016\\\/01\\\/fotonoticia_20160113150610_800.jpg\",\"width\":800,\"height\":533},\"datePublished\":\"2016-01-14T01:26:25+01:00\",\"dateModified\":\"2016-01-14T01:26:25+01:00\",\"inLanguage\":\"es-ES\",\"mainEntityOfPage\":{\"@id\":\"https:\\\/\\\/eldigitaldeasturias.com\\\/magazine365\\\/organizadores-de-congresos-lamentan-la-perdida-de-700-000-euros-del-centro-de-convenciones-de-cordoba\\\/#webpage\"},\"isPartOf\":{\"@id\":\"https:\\\/\\\/eldigitaldeasturias.com\\\/magazine365\\\/organizadores-de-congresos-lamentan-la-perdida-de-700-000-euros-del-centro-de-convenciones-de-cordoba\\\/#webpage\"},\"articleSection\":\"Noticias y Actualidad\"},{\"@type\":\"BreadcrumbList\",\"@id\":\"https:\\\/\\\/eldigitaldeasturias.com\\\/magazine365\\\/organizadores-de-congresos-lamentan-la-perdida-de-700-000-euros-del-centro-de-convenciones-de-cordoba\\\/#breadcrumblist\",\"itemListElement\":[{\"@type\":\"ListItem\",\"@id\":\"https:\\\/\\\/eldigitaldeasturias.com\\\/magazine365#listItem\",\"position\":1,\"name\":\"Home\",\"item\":\"https:\\\/\\\/eldigitaldeasturias.com\\\/magazine365\",\"nextItem\":{\"@type\":\"ListItem\",\"@id\":\"https:\\\/\\\/eldigitaldeasturias.com\\\/magazine365\\\/category\\\/noticias-actualidad\\\/#listItem\",\"name\":\"Noticias y Actualidad\"}},{\"@type\":\"ListItem\",\"@id\":\"https:\\\/\\\/eldigitaldeasturias.com\\\/magazine365\\\/category\\\/noticias-actualidad\\\/#listItem\",\"position\":2,\"name\":\"Noticias y Actualidad\",\"item\":\"https:\\\/\\\/eldigitaldeasturias.com\\\/magazine365\\\/category\\\/noticias-actualidad\\\/\",\"nextItem\":{\"@type\":\"ListItem\",\"@id\":\"https:\\\/\\\/eldigitaldeasturias.com\\\/magazine365\\\/organizadores-de-congresos-lamentan-la-perdida-de-700-000-euros-del-centro-de-convenciones-de-cordoba\\\/#listItem\",\"name\":\"Organizadores de congresos lamentan la p\\u00e9rdida de 700.000 euros del Centro de Convenciones de C\\u00f3rdoba\"},\"previousItem\":{\"@type\":\"ListItem\",\"@id\":\"https:\\\/\\\/eldigitaldeasturias.com\\\/magazine365#listItem\",\"name\":\"Home\"}},{\"@type\":\"ListItem\",\"@id\":\"https:\\\/\\\/eldigitaldeasturias.com\\\/magazine365\\\/organizadores-de-congresos-lamentan-la-perdida-de-700-000-euros-del-centro-de-convenciones-de-cordoba\\\/#listItem\",\"position\":3,\"name\":\"Organizadores de congresos lamentan la p\\u00e9rdida de 700.000 euros del Centro de Convenciones de C\\u00f3rdoba\",\"previousItem\":{\"@type\":\"ListItem\",\"@id\":\"https:\\\/\\\/eldigitaldeasturias.com\\\/magazine365\\\/category\\\/noticias-actualidad\\\/#listItem\",\"name\":\"Noticias y Actualidad\"}}]},{\"@type\":\"Organization\",\"@id\":\"https:\\\/\\\/eldigitaldeasturias.com\\\/magazine365\\\/#organization\",\"name\":\"El digital de Asturias\",\"description\":\"Revista de ocio, turismo y estilo de vida\",\"url\":\"https:\\\/\\\/eldigitaldeasturias.com\\\/magazine365\\\/\",\"logo\":{\"@type\":\"ImageObject\",\"url\":\"https:\\\/\\\/www.eldigitaldeasturias.com\\\/noticias\\\/wp-content\\\/uploads\\\/2020\\\/12\\\/EDA.jpg\",\"@id\":\"https:\\\/\\\/eldigitaldeasturias.com\\\/magazine365\\\/organizadores-de-congresos-lamentan-la-perdida-de-700-000-euros-del-centro-de-convenciones-de-cordoba\\\/#organizationLogo\"},\"image\":{\"@id\":\"https:\\\/\\\/eldigitaldeasturias.com\\\/magazine365\\\/organizadores-de-congresos-lamentan-la-perdida-de-700-000-euros-del-centro-de-convenciones-de-cordoba\\\/#organizationLogo\"}},{\"@type\":\"Person\",\"@id\":\"https:\\\/\\\/eldigitaldeasturias.com\\\/magazine365\\\/author\\\/admin\\\/#author\",\"url\":\"https:\\\/\\\/eldigitaldeasturias.com\\\/magazine365\\\/author\\\/admin\\\/\",\"name\":\"admin\",\"image\":{\"@type\":\"ImageObject\",\"@id\":\"https:\\\/\\\/eldigitaldeasturias.com\\\/magazine365\\\/organizadores-de-congresos-lamentan-la-perdida-de-700-000-euros-del-centro-de-convenciones-de-cordoba\\\/#authorImage\",\"url\":\"https:\\\/\\\/eldigitaldeasturias.com\\\/magazine365\\\/wp-content\\\/litespeed\\\/avatar\\\/e571bcf59a0edd6fa6838245a470f2fe.jpg?ver=1777574230\",\"width\":96,\"height\":96,\"caption\":\"admin\"}},{\"@type\":\"WebPage\",\"@id\":\"https:\\\/\\\/eldigitaldeasturias.com\\\/magazine365\\\/organizadores-de-congresos-lamentan-la-perdida-de-700-000-euros-del-centro-de-convenciones-de-cordoba\\\/#webpage\",\"url\":\"https:\\\/\\\/eldigitaldeasturias.com\\\/magazine365\\\/organizadores-de-congresos-lamentan-la-perdida-de-700-000-euros-del-centro-de-convenciones-de-cordoba\\\/\",\"name\":\"Organizadores de congresos lamentan la p\\u00e9rdida de 700.000 euros del Centro de Convenciones de C\\u00f3rdoba | El Digital de Asturias\",\"description\":\"La Asociaci\\u00f3n Provincial de Organizadores de Congresos de C\\u00f3rdoba ha lamentado este mi\\u00e9rcoles la p\\u00e9rdida de unos 700.000 euros de las obras del Centro de Exposiciones, Ferias y Convenciones (CEFC) de la capital, al tiempo que apunta que \\\"el sector ya est\\u00e1 cansado de decir que la situaci\\u00f3n en C\\u00f3rdoba respecto a las infraestructuras ligadas\",\"inLanguage\":\"es-ES\",\"isPartOf\":{\"@id\":\"https:\\\/\\\/eldigitaldeasturias.com\\\/magazine365\\\/#website\"},\"breadcrumb\":{\"@id\":\"https:\\\/\\\/eldigitaldeasturias.com\\\/magazine365\\\/organizadores-de-congresos-lamentan-la-perdida-de-700-000-euros-del-centro-de-convenciones-de-cordoba\\\/#breadcrumblist\"},\"author\":{\"@id\":\"https:\\\/\\\/eldigitaldeasturias.com\\\/magazine365\\\/author\\\/admin\\\/#author\"},\"creator\":{\"@id\":\"https:\\\/\\\/eldigitaldeasturias.com\\\/magazine365\\\/author\\\/admin\\\/#author\"},\"image\":{\"@type\":\"ImageObject\",\"url\":\"https:\\\/\\\/eldigitaldeasturias.com\\\/magazine365\\\/wp-content\\\/uploads\\\/2016\\\/01\\\/fotonoticia_20160113150610_800.jpg\",\"@id\":\"https:\\\/\\\/eldigitaldeasturias.com\\\/magazine365\\\/organizadores-de-congresos-lamentan-la-perdida-de-700-000-euros-del-centro-de-convenciones-de-cordoba\\\/#mainImage\",\"width\":800,\"height\":533},\"primaryImageOfPage\":{\"@id\":\"https:\\\/\\\/eldigitaldeasturias.com\\\/magazine365\\\/organizadores-de-congresos-lamentan-la-perdida-de-700-000-euros-del-centro-de-convenciones-de-cordoba\\\/#mainImage\"},\"datePublished\":\"2016-01-14T01:26:25+01:00\",\"dateModified\":\"2016-01-14T01:26:25+01:00\"},{\"@type\":\"WebSite\",\"@id\":\"https:\\\/\\\/eldigitaldeasturias.com\\\/magazine365\\\/#website\",\"url\":\"https:\\\/\\\/eldigitaldeasturias.com\\\/magazine365\\\/\",\"name\":\"El Digital de Asturias\",\"description\":\"Revista de ocio, turismo y estilo de vida\",\"inLanguage\":\"es-ES\",\"publisher\":{\"@id\":\"https:\\\/\\\/eldigitaldeasturias.com\\\/magazine365\\\/#organization\"}}]}\n\t\t<\/script>\n\t\t<!-- All in One SEO Pro -->\r\n\t\t<title>Organizadores de congresos lamentan la p\u00e9rdida de 700.000 euros del Centro de Convenciones de C\u00f3rdoba | El Digital de Asturias<\/title>\n\n","aioseo_head_json":{"title":"Organizadores de congresos lamentan la p\u00e9rdida de 700.000 euros del Centro de Convenciones de C\u00f3rdoba | El Digital de Asturias","description":"La Asociaci\u00f3n Provincial de Organizadores de Congresos de C\u00f3rdoba ha lamentado este mi\u00e9rcoles la p\u00e9rdida de unos 700.000 euros de las obras del Centro de Exposiciones, Ferias y Convenciones (CEFC) de la capital, al tiempo que apunta que \"el sector ya est\u00e1 cansado de decir que la situaci\u00f3n en C\u00f3rdoba respecto a las infraestructuras ligadas","canonical_url":"https:\/\/eldigitaldeasturias.com\/magazine365\/organizadores-de-congresos-lamentan-la-perdida-de-700-000-euros-del-centro-de-convenciones-de-cordoba\/","robots":"max-image-preview:large","keywords":"noticias y actualidad","webmasterTools":{"google-site-verification":"UA-38556648-1","miscellaneous":""},"schema":{"@context":"https:\/\/schema.org","@graph":[{"@type":"Article","@id":"https:\/\/eldigitaldeasturias.com\/magazine365\/organizadores-de-congresos-lamentan-la-perdida-de-700-000-euros-del-centro-de-convenciones-de-cordoba\/#article","name":"Organizadores de congresos lamentan la p\u00e9rdida de 700.000 euros del Centro de Convenciones de C\u00f3rdoba | El Digital de Asturias","headline":"Organizadores de congresos lamentan la p\u00e9rdida de 700.000 euros del Centro de Convenciones de C\u00f3rdoba","author":{"@id":"https:\/\/eldigitaldeasturias.com\/magazine365\/author\/admin\/#author"},"publisher":{"@id":"https:\/\/eldigitaldeasturias.com\/magazine365\/#organization"},"image":{"@type":"ImageObject","url":"https:\/\/eldigitaldeasturias.com\/magazine365\/wp-content\/uploads\/2016\/01\/fotonoticia_20160113150610_800.jpg","width":800,"height":533},"datePublished":"2016-01-14T01:26:25+01:00","dateModified":"2016-01-14T01:26:25+01:00","inLanguage":"es-ES","mainEntityOfPage":{"@id":"https:\/\/eldigitaldeasturias.com\/magazine365\/organizadores-de-congresos-lamentan-la-perdida-de-700-000-euros-del-centro-de-convenciones-de-cordoba\/#webpage"},"isPartOf":{"@id":"https:\/\/eldigitaldeasturias.com\/magazine365\/organizadores-de-congresos-lamentan-la-perdida-de-700-000-euros-del-centro-de-convenciones-de-cordoba\/#webpage"},"articleSection":"Noticias y Actualidad"},{"@type":"BreadcrumbList","@id":"https:\/\/eldigitaldeasturias.com\/magazine365\/organizadores-de-congresos-lamentan-la-perdida-de-700-000-euros-del-centro-de-convenciones-de-cordoba\/#breadcrumblist","itemListElement":[{"@type":"ListItem","@id":"https:\/\/eldigitaldeasturias.com\/magazine365#listItem","position":1,"name":"Home","item":"https:\/\/eldigitaldeasturias.com\/magazine365","nextItem":{"@type":"ListItem","@id":"https:\/\/eldigitaldeasturias.com\/magazine365\/category\/noticias-actualidad\/#listItem","name":"Noticias y Actualidad"}},{"@type":"ListItem","@id":"https:\/\/eldigitaldeasturias.com\/magazine365\/category\/noticias-actualidad\/#listItem","position":2,"name":"Noticias y Actualidad","item":"https:\/\/eldigitaldeasturias.com\/magazine365\/category\/noticias-actualidad\/","nextItem":{"@type":"ListItem","@id":"https:\/\/eldigitaldeasturias.com\/magazine365\/organizadores-de-congresos-lamentan-la-perdida-de-700-000-euros-del-centro-de-convenciones-de-cordoba\/#listItem","name":"Organizadores de congresos lamentan la p\u00e9rdida de 700.000 euros del Centro de Convenciones de C\u00f3rdoba"},"previousItem":{"@type":"ListItem","@id":"https:\/\/eldigitaldeasturias.com\/magazine365#listItem","name":"Home"}},{"@type":"ListItem","@id":"https:\/\/eldigitaldeasturias.com\/magazine365\/organizadores-de-congresos-lamentan-la-perdida-de-700-000-euros-del-centro-de-convenciones-de-cordoba\/#listItem","position":3,"name":"Organizadores de congresos lamentan la p\u00e9rdida de 700.000 euros del Centro de Convenciones de C\u00f3rdoba","previousItem":{"@type":"ListItem","@id":"https:\/\/eldigitaldeasturias.com\/magazine365\/category\/noticias-actualidad\/#listItem","name":"Noticias y Actualidad"}}]},{"@type":"Organization","@id":"https:\/\/eldigitaldeasturias.com\/magazine365\/#organization","name":"El digital de Asturias","description":"Revista de ocio, turismo y estilo de vida","url":"https:\/\/eldigitaldeasturias.com\/magazine365\/","logo":{"@type":"ImageObject","url":"https:\/\/www.eldigitaldeasturias.com\/noticias\/wp-content\/uploads\/2020\/12\/EDA.jpg","@id":"https:\/\/eldigitaldeasturias.com\/magazine365\/organizadores-de-congresos-lamentan-la-perdida-de-700-000-euros-del-centro-de-convenciones-de-cordoba\/#organizationLogo"},"image":{"@id":"https:\/\/eldigitaldeasturias.com\/magazine365\/organizadores-de-congresos-lamentan-la-perdida-de-700-000-euros-del-centro-de-convenciones-de-cordoba\/#organizationLogo"}},{"@type":"Person","@id":"https:\/\/eldigitaldeasturias.com\/magazine365\/author\/admin\/#author","url":"https:\/\/eldigitaldeasturias.com\/magazine365\/author\/admin\/","name":"admin","image":{"@type":"ImageObject","@id":"https:\/\/eldigitaldeasturias.com\/magazine365\/organizadores-de-congresos-lamentan-la-perdida-de-700-000-euros-del-centro-de-convenciones-de-cordoba\/#authorImage","url":"https:\/\/eldigitaldeasturias.com\/magazine365\/wp-content\/litespeed\/avatar\/e571bcf59a0edd6fa6838245a470f2fe.jpg?ver=1777574230","width":96,"height":96,"caption":"admin"}},{"@type":"WebPage","@id":"https:\/\/eldigitaldeasturias.com\/magazine365\/organizadores-de-congresos-lamentan-la-perdida-de-700-000-euros-del-centro-de-convenciones-de-cordoba\/#webpage","url":"https:\/\/eldigitaldeasturias.com\/magazine365\/organizadores-de-congresos-lamentan-la-perdida-de-700-000-euros-del-centro-de-convenciones-de-cordoba\/","name":"Organizadores de congresos lamentan la p\u00e9rdida de 700.000 euros del Centro de Convenciones de C\u00f3rdoba | El Digital de Asturias","description":"La Asociaci\u00f3n Provincial de Organizadores de Congresos de C\u00f3rdoba ha lamentado este mi\u00e9rcoles la p\u00e9rdida de unos 700.000 euros de las obras del Centro de Exposiciones, Ferias y Convenciones (CEFC) de la capital, al tiempo que apunta que \"el sector ya est\u00e1 cansado de decir que la situaci\u00f3n en C\u00f3rdoba respecto a las infraestructuras ligadas","inLanguage":"es-ES","isPartOf":{"@id":"https:\/\/eldigitaldeasturias.com\/magazine365\/#website"},"breadcrumb":{"@id":"https:\/\/eldigitaldeasturias.com\/magazine365\/organizadores-de-congresos-lamentan-la-perdida-de-700-000-euros-del-centro-de-convenciones-de-cordoba\/#breadcrumblist"},"author":{"@id":"https:\/\/eldigitaldeasturias.com\/magazine365\/author\/admin\/#author"},"creator":{"@id":"https:\/\/eldigitaldeasturias.com\/magazine365\/author\/admin\/#author"},"image":{"@type":"ImageObject","url":"https:\/\/eldigitaldeasturias.com\/magazine365\/wp-content\/uploads\/2016\/01\/fotonoticia_20160113150610_800.jpg","@id":"https:\/\/eldigitaldeasturias.com\/magazine365\/organizadores-de-congresos-lamentan-la-perdida-de-700-000-euros-del-centro-de-convenciones-de-cordoba\/#mainImage","width":800,"height":533},"primaryImageOfPage":{"@id":"https:\/\/eldigitaldeasturias.com\/magazine365\/organizadores-de-congresos-lamentan-la-perdida-de-700-000-euros-del-centro-de-convenciones-de-cordoba\/#mainImage"},"datePublished":"2016-01-14T01:26:25+01:00","dateModified":"2016-01-14T01:26:25+01:00"},{"@type":"WebSite","@id":"https:\/\/eldigitaldeasturias.com\/magazine365\/#website","url":"https:\/\/eldigitaldeasturias.com\/magazine365\/","name":"El Digital de Asturias","description":"Revista de ocio, turismo y estilo de vida","inLanguage":"es-ES","publisher":{"@id":"https:\/\/eldigitaldeasturias.com\/magazine365\/#organization"}}]},"og:locale":"es_ES","og:site_name":"El Digital de Asturias \u2013 Revista de ocio, turismo y estilo de vida","og:type":"article","og:title":"Organizadores de congresos lamentan la p\u00e9rdida de 700.000 euros del Centro de Convenciones de C\u00f3rdoba | El Digital de Asturias","og:description":"La Asociaci\u00f3n Provincial de Organizadores de Congresos de C\u00f3rdoba ha lamentado este mi\u00e9rcoles la p\u00e9rdida de unos 700.000 euros de las obras del Centro de Exposiciones, Ferias y Convenciones (CEFC) de la capital, al tiempo que apunta que &quot;el sector ya est\u00e1 cansado de decir que la situaci\u00f3n en C\u00f3rdoba respecto a las infraestructuras ligadas","og:url":"https:\/\/eldigitaldeasturias.com\/magazine365\/organizadores-de-congresos-lamentan-la-perdida-de-700-000-euros-del-centro-de-convenciones-de-cordoba\/","og:image":"https:\/\/eldigitaldeasturias.com\/magazine365\/wp-content\/uploads\/2016\/01\/fotonoticia_20160113150610_800.jpg","og:image:secure_url":"https:\/\/eldigitaldeasturias.com\/magazine365\/wp-content\/uploads\/2016\/01\/fotonoticia_20160113150610_800.jpg","og:image:width":800,"og:image:height":533,"article:published_time":"2016-01-14T00:26:25+00:00","article:modified_time":"2016-01-14T00:26:25+00:00","twitter:card":"summary_large_image","twitter:title":"Organizadores de congresos lamentan la p\u00e9rdida de 700.000 euros del Centro de Convenciones de C\u00f3rdoba | El Digital de Asturias","twitter:description":"La Asociaci\u00f3n Provincial de Organizadores de Congresos de C\u00f3rdoba ha lamentado este mi\u00e9rcoles la p\u00e9rdida de unos 700.000 euros de las obras del Centro de Exposiciones, Ferias y Convenciones (CEFC) de la capital, al tiempo que apunta que &quot;el sector ya est\u00e1 cansado de decir que la situaci\u00f3n en C\u00f3rdoba respecto a las infraestructuras ligadas","twitter:image":"https:\/\/eldigitaldeasturias.com\/magazine365\/wp-content\/uploads\/2016\/01\/fotonoticia_20160113150610_800.jpg"},"aioseo_meta_data":{"post_id":"60530","title":null,"description":null,"keywords":null,"keyphrases":null,"primary_term":null,"canonical_url":null,"og_title":null,"og_description":null,"og_object_type":"default","og_image_type":"default","og_image_url":null,"og_image_width":null,"og_image_height":null,"og_image_custom_url":null,"og_image_custom_fields":null,"og_video":null,"og_custom_url":null,"og_article_section":null,"og_article_tags":null,"twitter_use_og":false,"twitter_card":"default","twitter_image_type":"default","twitter_image_url":null,"twitter_image_custom_url":null,"twitter_image_custom_fields":null,"twitter_title":null,"twitter_description":null,"schema":{"blockGraphs":[],"customGraphs":[],"default":{"data":{"Article":[],"Course":[],"Dataset":[],"FAQPage":[],"Movie":[],"Person":[],"Product":[],"ProductReview":[],"Car":[],"Recipe":[],"Service":[],"SoftwareApplication":[],"WebPage":[]},"graphName":"","isEnabled":true},"graphs":[],"defaultGraph":"","defaultPostTypeGraph":""},"schema_type":null,"schema_type_options":null,"pillar_content":false,"robots_default":true,"robots_noindex":false,"robots_noarchive":false,"robots_nosnippet":false,"robots_nofollow":false,"robots_noimageindex":false,"robots_noodp":false,"robots_notranslate":false,"robots_max_snippet":null,"robots_max_videopreview":null,"robots_max_imagepreview":"large","priority":null,"frequency":null,"location":null,"local_seo":null,"seo_analyzer_scan_date":"2025-09-25 07:04:18","breadcrumb_settings":null,"limit_modified_date":false,"open_ai":null,"ai":null,"created":"2021-03-08 21:58:49","updated":"2025-09-25 07:04:18"},"aioseo_breadcrumb":"<div class=\"aioseo-breadcrumbs\"><span class=\"aioseo-breadcrumb\">\n\t<a href=\"https:\/\/eldigitaldeasturias.com\/magazine365\" title=\"Home\">Home<\/a>\n<\/span><span class=\"aioseo-breadcrumb-separator\">\u2013<\/span><span class=\"aioseo-breadcrumb\">\n\t<a href=\"https:\/\/eldigitaldeasturias.com\/magazine365\/category\/noticias-actualidad\/\" title=\"Noticias y Actualidad\">Noticias y Actualidad<\/a>\n<\/span><span class=\"aioseo-breadcrumb-separator\">\u2013<\/span><span class=\"aioseo-breadcrumb\">\n\t<a href=\"https:\/\/eldigitaldeasturias.com\/magazine365\/organizadores-de-congresos-lamentan-la-perdida-de-700-000-euros-del-centro-de-convenciones-de-cordoba\/\" title=\"Organizadores de congresos lamentan la p\u00e9rdida de 700.000 euros del Centro de Convenciones de C\u00f3rdoba\">Organizadores de congresos lamentan la p\u00e9rdida de 700.000 euros del Centro de Convenciones de C\u00f3rdoba<\/a>\n<\/span><\/div>","aioseo_breadcrumb_json":[{"label":"Home","link":"https:\/\/eldigitaldeasturias.com\/magazine365"},{"label":"Noticias y Actualidad","link":"https:\/\/eldigitaldeasturias.com\/magazine365\/category\/noticias-actualidad\/"},{"label":"Organizadores de congresos lamentan la p\u00e9rdida de 700.000 euros del Centro de Convenciones de C\u00f3rdoba","link":"https:\/\/eldigitaldeasturias.com\/magazine365\/organizadores-de-congresos-lamentan-la-perdida-de-700-000-euros-del-centro-de-convenciones-de-cordoba\/"}],"_links":{"self":[{"href":"https:\/\/eldigitaldeasturias.com\/magazine365\/wp-json\/wp\/v2\/posts\/60530","targetHints":{"allow":["GET"]}}],"collection":[{"href":"https:\/\/eldigitaldeasturias.com\/magazine365\/wp-json\/wp\/v2\/posts"}],"about":[{"href":"https:\/\/eldigitaldeasturias.com\/magazine365\/wp-json\/wp\/v2\/types\/post"}],"author":[{"embeddable":true,"href":"https:\/\/eldigitaldeasturias.com\/magazine365\/wp-json\/wp\/v2\/users\/1"}],"replies":[{"embeddable":true,"href":"https:\/\/eldigitaldeasturias.com\/magazine365\/wp-json\/wp\/v2\/comments?post=60530"}],"version-history":[{"count":0,"href":"https:\/\/eldigitaldeasturias.com\/magazine365\/wp-json\/wp\/v2\/posts\/60530\/revisions"}],"wp:featuredmedia":[{"embeddable":true,"href":"https:\/\/eldigitaldeasturias.com\/magazine365\/wp-json\/wp\/v2\/media\/60531"}],"wp:attachment":[{"href":"https:\/\/eldigitaldeasturias.com\/magazine365\/wp-json\/wp\/v2\/media?parent=60530"}],"wp:term":[{"taxonomy":"category","embeddable":true,"href":"https:\/\/eldigitaldeasturias.com\/magazine365\/wp-json\/wp\/v2\/categories?post=60530"},{"taxonomy":"post_tag","embeddable":true,"href":"https:\/\/eldigitaldeasturias.com\/magazine365\/wp-json\/wp\/v2\/tags?post=60530"}],"curies":[{"name":"wp","href":"https:\/\/api.w.org\/{rel}","templated":true}]}}