{"id":60524,"date":"2016-01-14T01:22:15","date_gmt":"2016-01-14T00:22:15","guid":{"rendered":"http:\/\/eldigitaldeasturias.com\/magazine365\/?p=60524"},"modified":"2016-01-14T01:22:15","modified_gmt":"2016-01-14T00:22:15","slug":"andalucia-ultima-tras-crecer-un-65-en-2015-su-desembarco-en-fitur-en-la-que-tendra-un-mayor-protagonismo","status":"publish","type":"post","link":"https:\/\/eldigitaldeasturias.com\/magazine365\/andalucia-ultima-tras-crecer-un-65-en-2015-su-desembarco-en-fitur-en-la-que-tendra-un-mayor-protagonismo\/","title":{"rendered":"Andaluc\u00eda ultima, tras crecer un 6,5% en 2015, su desembarco en Fitur, en la que tendr\u00e1 un mayor protagonismo"},"content":{"rendered":"<p><img fetchpriority=\"high\" decoding=\"async\" class=\"alignleft size-medium wp-image-60525\" src=\"https:\/\/eldigitaldeasturias.com\/magazine365\/wp-content\/uploads\/2016\/01\/fotonoticia_20160113145557_800-360x240.jpg\" alt=\"fotonoticia_20160113145557_800\" width=\"360\" height=\"240\" srcset=\"https:\/\/eldigitaldeasturias.com\/magazine365\/wp-content\/uploads\/2016\/01\/fotonoticia_20160113145557_800-360x240.jpg 360w, https:\/\/eldigitaldeasturias.com\/magazine365\/wp-content\/uploads\/2016\/01\/fotonoticia_20160113145557_800-650x433.jpg 650w, https:\/\/eldigitaldeasturias.com\/magazine365\/wp-content\/uploads\/2016\/01\/fotonoticia_20160113145557_800-768x512.jpg 768w, https:\/\/eldigitaldeasturias.com\/magazine365\/wp-content\/uploads\/2016\/01\/fotonoticia_20160113145557_800-150x100.jpg 150w, https:\/\/eldigitaldeasturias.com\/magazine365\/wp-content\/uploads\/2016\/01\/fotonoticia_20160113145557_800-450x300.jpg 450w, https:\/\/eldigitaldeasturias.com\/magazine365\/wp-content\/uploads\/2016\/01\/fotonoticia_20160113145557_800-696x464.jpg 696w, https:\/\/eldigitaldeasturias.com\/magazine365\/wp-content\/uploads\/2016\/01\/fotonoticia_20160113145557_800-630x420.jpg 630w, https:\/\/eldigitaldeasturias.com\/magazine365\/wp-content\/uploads\/2016\/01\/fotonoticia_20160113145557_800-101x66.jpg 101w, https:\/\/eldigitaldeasturias.com\/magazine365\/wp-content\/uploads\/2016\/01\/fotonoticia_20160113145557_800.jpg 800w\" sizes=\"(max-width: 360px) 100vw, 360px\" \/>La Consejer\u00eda de Turismo de la Junta de Andaluc\u00eda ultima su participaci\u00f3n en la 36\u00aa edici\u00f3n de la Feria Internacional de Turismo (Fitur), que se celebrar\u00e1 entre el 20 y el 24 de enero, y lo hace con m\u00e1s protagonismo que nunca al haberse convertido este a\u00f1o en socio principal de la feria y con el objetivo de que la presencia de Turismo Andaluz, genere \u00abencuentros y mucho movimiento comercial\u00bb y con ello, riqueza.<\/p>\n<p>As\u00ed lo ha explicado este mi\u00e9rcoles el consejero de Turismo, Francisco Javier Fern\u00e1ndez, en declaraciones a los periodistas en Madrid, donde ha asistido a la presentaci\u00f3n oficial de Fitur y donde tambi\u00e9n ha adelantado que la regi\u00f3n registr\u00f3 el a\u00f1o pasado 23 millones de pernoctaciones, que suponen, al igual que las cifras de viajeros, un incremento de en torno al 6,5 por ciento con respecto a 2014.<\/p>\n<p>En la rueda de prensa de presentaci\u00f3n de la feria, Fern\u00e1ndez ha defendido que la \u00abasociaci\u00f3n Andaluc\u00eda-Fitur es fundamental\u00bb porque con ella se pone de manifiesto que el liderazgo que tiene la regi\u00f3n en el mercado espa\u00f1ol se vincula ahora al escaparate internacional y es, adem\u00e1s, una oportunidad para \u00abdemostrar que todos estamos en la misma marca, la marca Espa\u00f1a, que da garant\u00eda de claridad y seguridad\u00bb.<\/p>\n<p>A la unidad de marca tambi\u00e9n se ha referido el consejero andaluz al hablar de la colaboraci\u00f3n con los diferentes patronatos provinciales y al se\u00f1alar que la presencia andaluza quiere una \u00abmarca \u00fanica\u00bb con la especificidad de cada provincia y tambi\u00e9n con \u00ablas l\u00edneas estrategias y de turismo familiar y de ra\u00edces\u00bb de Turismo Andaluz.<\/p>\n<p>\u00abTenemos que dar imagen de unidad y de c\u00f3mo somos un destino \u00fanico, con oferta para todos, durante todo el a\u00f1o y con calidad y competitividad porque eso es clave en Europa y en el resto de mundo\u00bb, ha ahondado Fern\u00e1ndez, que ha confiado en que 2016 sea el a\u00f1o de la \u00abconsolidaci\u00f3n\u00bb de las buenas cifras. \u00abNuestro principal reto va a seguir con esa senda de crecimiento para mantener liderazgo en calidad y experiencia\u00bb, ha a\u00f1adido.<\/p>\n<p>5.300 M2 Y DISE\u00d1O MODERNO<\/p>\n<p>Como en ediciones anteriores, Andaluc\u00eda ocupar\u00e1 un pabell\u00f3n entero de la feria, concretamente el 5; con una superficie de 5.300 metros cuadrados, que suponen el nueve por ciento del total de la superficie disponible en la feria. El responsable andaluz ha detallado que el pabell\u00f3n contar\u00e1 con un dise\u00f1o \u00abm\u00e1s moderno\u00bb.<\/p>\n<p>Pero la presencia regional no se limitar\u00e1 a las \u00abparedes\u00bb de la feria ya que se prev\u00e9 una profunda presencia online, de modo que los bloggers, los visitantes profesionales y el p\u00fablico en general pueda dar a conocer a todo el mundo \u00ablo que est\u00e1 pasando con Andaluc\u00eda en Fitur\u00bb con el #andaluciaenfitur.<\/p>\n<p>Por otro lado, Fern\u00e1ndez ha se\u00f1alado que de Andaluc\u00eda vendr\u00e1n unos 400 empresarios, 250 lo har\u00e1n de la mano de los patronatos provinciales y el resto junto a Turismo Andaluz y, al respecto, el consejero ha previsto que \u00absu presencia d\u00e9 la posibilidad de entablar relaciones comerciales, que generen los flujos que necesitamos\u00bb.<\/p>\n<p>Por \u00faltimo, el consejero ha explicado que la inversi\u00f3n de la Junta para desarrollar la presencia comercial en ferias es de 1,2 millones de euros, cantidad que engloba tambi\u00e9n las ayudas que se dan a los patronatos provinciales, pero ha explicado que esa cuant\u00eda no se limita a Fitur sino que tambi\u00e9n afecta a otros encuentros y acciones.<\/p>\n","protected":false},"excerpt":{"rendered":"<p>La Consejer\u00eda de Turismo de la Junta de Andaluc\u00eda ultima su participaci\u00f3n en la 36\u00aa edici\u00f3n de la Feria Internacional de Turismo (Fitur), que se celebrar\u00e1 entre el 20 y el 24 de enero, y lo hace con m\u00e1s protagonismo que nunca al haberse convertido este a\u00f1o en socio principal de la feria y con<\/p>\n","protected":false},"author":1,"featured_media":60525,"comment_status":"open","ping_status":"closed","sticky":false,"template":"","format":"standard","meta":{"footnotes":""},"categories":[224],"tags":[],"class_list":{"0":"post-60524","1":"post","2":"type-post","3":"status-publish","4":"format-standard","5":"has-post-thumbnail","7":"category-noticias-actualidad"},"aioseo_notices":[],"aioseo_head":"\n\t\t<!-- All in One SEO Pro 4.9.6.1 - aioseo.com -->\n\t<meta name=\"description\" content=\"La Consejer\u00eda de Turismo de la Junta de Andaluc\u00eda ultima su participaci\u00f3n en la 36\u00aa edici\u00f3n de la Feria Internacional de Turismo (Fitur), que se celebrar\u00e1 entre el 20 y el 24 de enero, y lo hace con m\u00e1s protagonismo que nunca al haberse convertido este a\u00f1o en socio principal de la feria y con\" \/>\n\t<meta name=\"robots\" content=\"max-image-preview:large\" \/>\n\t<meta name=\"author\" content=\"admin\"\/>\n\t<meta name=\"google-site-verification\" content=\"UA-38556648-1\" \/>\n\t<meta name=\"keywords\" content=\"noticias y actualidad\" \/>\n\t<link rel=\"canonical\" href=\"https:\/\/eldigitaldeasturias.com\/magazine365\/andalucia-ultima-tras-crecer-un-65-en-2015-su-desembarco-en-fitur-en-la-que-tendra-un-mayor-protagonismo\/\" \/>\n\t<meta name=\"generator\" content=\"All in One SEO Pro (AIOSEO) 4.9.6.1\" \/>\n\t\t<meta property=\"og:locale\" content=\"es_ES\" \/>\n\t\t<meta property=\"og:site_name\" content=\"El Digital de Asturias \u2013 Revista de ocio, turismo y estilo de vida\" \/>\n\t\t<meta property=\"og:type\" content=\"article\" \/>\n\t\t<meta property=\"og:title\" content=\"Andaluc\u00eda ultima, tras crecer un 6,5% en 2015, su desembarco en Fitur, en la que tendr\u00e1 un mayor protagonismo | El Digital de Asturias\" \/>\n\t\t<meta property=\"og:description\" content=\"La Consejer\u00eda de Turismo de la Junta de Andaluc\u00eda ultima su participaci\u00f3n en la 36\u00aa edici\u00f3n de la Feria Internacional de Turismo (Fitur), que se celebrar\u00e1 entre el 20 y el 24 de enero, y lo hace con m\u00e1s protagonismo que nunca al haberse convertido este a\u00f1o en socio principal de la feria y con\" \/>\n\t\t<meta property=\"og:url\" content=\"https:\/\/eldigitaldeasturias.com\/magazine365\/andalucia-ultima-tras-crecer-un-65-en-2015-su-desembarco-en-fitur-en-la-que-tendra-un-mayor-protagonismo\/\" \/>\n\t\t<meta property=\"og:image\" content=\"https:\/\/eldigitaldeasturias.com\/magazine365\/wp-content\/uploads\/2016\/01\/fotonoticia_20160113145557_800.jpg\" \/>\n\t\t<meta property=\"og:image:secure_url\" content=\"https:\/\/eldigitaldeasturias.com\/magazine365\/wp-content\/uploads\/2016\/01\/fotonoticia_20160113145557_800.jpg\" \/>\n\t\t<meta property=\"og:image:width\" content=\"800\" \/>\n\t\t<meta property=\"og:image:height\" content=\"533\" \/>\n\t\t<meta property=\"article:published_time\" content=\"2016-01-14T00:22:15+00:00\" \/>\n\t\t<meta property=\"article:modified_time\" content=\"2016-01-14T00:22:15+00:00\" \/>\n\t\t<meta name=\"twitter:card\" content=\"summary_large_image\" \/>\n\t\t<meta name=\"twitter:title\" content=\"Andaluc\u00eda ultima, tras crecer un 6,5% en 2015, su desembarco en Fitur, en la que tendr\u00e1 un mayor protagonismo | El Digital de Asturias\" \/>\n\t\t<meta name=\"twitter:description\" content=\"La Consejer\u00eda de Turismo de la Junta de Andaluc\u00eda ultima su participaci\u00f3n en la 36\u00aa edici\u00f3n de la Feria Internacional de Turismo (Fitur), que se celebrar\u00e1 entre el 20 y el 24 de enero, y lo hace con m\u00e1s protagonismo que nunca al haberse convertido este a\u00f1o en socio principal de la feria y con\" \/>\n\t\t<meta name=\"twitter:image\" content=\"https:\/\/eldigitaldeasturias.com\/magazine365\/wp-content\/uploads\/2016\/01\/fotonoticia_20160113145557_800.jpg\" \/>\n\t\t<script type=\"application\/ld+json\" class=\"aioseo-schema\">\n\t\t\t{\"@context\":\"https:\\\/\\\/schema.org\",\"@graph\":[{\"@type\":\"Article\",\"@id\":\"https:\\\/\\\/eldigitaldeasturias.com\\\/magazine365\\\/andalucia-ultima-tras-crecer-un-65-en-2015-su-desembarco-en-fitur-en-la-que-tendra-un-mayor-protagonismo\\\/#article\",\"name\":\"Andaluc\\u00eda ultima, tras crecer un 6,5% en 2015, su desembarco en Fitur, en la que tendr\\u00e1 un mayor protagonismo | El Digital de Asturias\",\"headline\":\"Andaluc\\u00eda ultima, tras crecer un 6,5% en 2015, su desembarco en Fitur, en la que tendr\\u00e1 un mayor protagonismo\",\"author\":{\"@id\":\"https:\\\/\\\/eldigitaldeasturias.com\\\/magazine365\\\/author\\\/admin\\\/#author\"},\"publisher\":{\"@id\":\"https:\\\/\\\/eldigitaldeasturias.com\\\/magazine365\\\/#organization\"},\"image\":{\"@type\":\"ImageObject\",\"url\":\"https:\\\/\\\/eldigitaldeasturias.com\\\/magazine365\\\/wp-content\\\/uploads\\\/2016\\\/01\\\/fotonoticia_20160113145557_800.jpg\",\"width\":800,\"height\":533},\"datePublished\":\"2016-01-14T01:22:15+01:00\",\"dateModified\":\"2016-01-14T01:22:15+01:00\",\"inLanguage\":\"es-ES\",\"mainEntityOfPage\":{\"@id\":\"https:\\\/\\\/eldigitaldeasturias.com\\\/magazine365\\\/andalucia-ultima-tras-crecer-un-65-en-2015-su-desembarco-en-fitur-en-la-que-tendra-un-mayor-protagonismo\\\/#webpage\"},\"isPartOf\":{\"@id\":\"https:\\\/\\\/eldigitaldeasturias.com\\\/magazine365\\\/andalucia-ultima-tras-crecer-un-65-en-2015-su-desembarco-en-fitur-en-la-que-tendra-un-mayor-protagonismo\\\/#webpage\"},\"articleSection\":\"Noticias y Actualidad\"},{\"@type\":\"BreadcrumbList\",\"@id\":\"https:\\\/\\\/eldigitaldeasturias.com\\\/magazine365\\\/andalucia-ultima-tras-crecer-un-65-en-2015-su-desembarco-en-fitur-en-la-que-tendra-un-mayor-protagonismo\\\/#breadcrumblist\",\"itemListElement\":[{\"@type\":\"ListItem\",\"@id\":\"https:\\\/\\\/eldigitaldeasturias.com\\\/magazine365#listItem\",\"position\":1,\"name\":\"Home\",\"item\":\"https:\\\/\\\/eldigitaldeasturias.com\\\/magazine365\",\"nextItem\":{\"@type\":\"ListItem\",\"@id\":\"https:\\\/\\\/eldigitaldeasturias.com\\\/magazine365\\\/category\\\/noticias-actualidad\\\/#listItem\",\"name\":\"Noticias y Actualidad\"}},{\"@type\":\"ListItem\",\"@id\":\"https:\\\/\\\/eldigitaldeasturias.com\\\/magazine365\\\/category\\\/noticias-actualidad\\\/#listItem\",\"position\":2,\"name\":\"Noticias y Actualidad\",\"item\":\"https:\\\/\\\/eldigitaldeasturias.com\\\/magazine365\\\/category\\\/noticias-actualidad\\\/\",\"nextItem\":{\"@type\":\"ListItem\",\"@id\":\"https:\\\/\\\/eldigitaldeasturias.com\\\/magazine365\\\/andalucia-ultima-tras-crecer-un-65-en-2015-su-desembarco-en-fitur-en-la-que-tendra-un-mayor-protagonismo\\\/#listItem\",\"name\":\"Andaluc\\u00eda ultima, tras crecer un 6,5% en 2015, su desembarco en Fitur, en la que tendr\\u00e1 un mayor protagonismo\"},\"previousItem\":{\"@type\":\"ListItem\",\"@id\":\"https:\\\/\\\/eldigitaldeasturias.com\\\/magazine365#listItem\",\"name\":\"Home\"}},{\"@type\":\"ListItem\",\"@id\":\"https:\\\/\\\/eldigitaldeasturias.com\\\/magazine365\\\/andalucia-ultima-tras-crecer-un-65-en-2015-su-desembarco-en-fitur-en-la-que-tendra-un-mayor-protagonismo\\\/#listItem\",\"position\":3,\"name\":\"Andaluc\\u00eda ultima, tras crecer un 6,5% en 2015, su desembarco en Fitur, en la que tendr\\u00e1 un mayor protagonismo\",\"previousItem\":{\"@type\":\"ListItem\",\"@id\":\"https:\\\/\\\/eldigitaldeasturias.com\\\/magazine365\\\/category\\\/noticias-actualidad\\\/#listItem\",\"name\":\"Noticias y Actualidad\"}}]},{\"@type\":\"Organization\",\"@id\":\"https:\\\/\\\/eldigitaldeasturias.com\\\/magazine365\\\/#organization\",\"name\":\"El digital de Asturias\",\"description\":\"Revista de ocio, turismo y estilo de vida\",\"url\":\"https:\\\/\\\/eldigitaldeasturias.com\\\/magazine365\\\/\",\"logo\":{\"@type\":\"ImageObject\",\"url\":\"https:\\\/\\\/www.eldigitaldeasturias.com\\\/noticias\\\/wp-content\\\/uploads\\\/2020\\\/12\\\/EDA.jpg\",\"@id\":\"https:\\\/\\\/eldigitaldeasturias.com\\\/magazine365\\\/andalucia-ultima-tras-crecer-un-65-en-2015-su-desembarco-en-fitur-en-la-que-tendra-un-mayor-protagonismo\\\/#organizationLogo\"},\"image\":{\"@id\":\"https:\\\/\\\/eldigitaldeasturias.com\\\/magazine365\\\/andalucia-ultima-tras-crecer-un-65-en-2015-su-desembarco-en-fitur-en-la-que-tendra-un-mayor-protagonismo\\\/#organizationLogo\"}},{\"@type\":\"Person\",\"@id\":\"https:\\\/\\\/eldigitaldeasturias.com\\\/magazine365\\\/author\\\/admin\\\/#author\",\"url\":\"https:\\\/\\\/eldigitaldeasturias.com\\\/magazine365\\\/author\\\/admin\\\/\",\"name\":\"admin\",\"image\":{\"@type\":\"ImageObject\",\"@id\":\"https:\\\/\\\/eldigitaldeasturias.com\\\/magazine365\\\/andalucia-ultima-tras-crecer-un-65-en-2015-su-desembarco-en-fitur-en-la-que-tendra-un-mayor-protagonismo\\\/#authorImage\",\"url\":\"https:\\\/\\\/eldigitaldeasturias.com\\\/magazine365\\\/wp-content\\\/litespeed\\\/avatar\\\/e571bcf59a0edd6fa6838245a470f2fe.jpg?ver=1777574230\",\"width\":96,\"height\":96,\"caption\":\"admin\"}},{\"@type\":\"WebPage\",\"@id\":\"https:\\\/\\\/eldigitaldeasturias.com\\\/magazine365\\\/andalucia-ultima-tras-crecer-un-65-en-2015-su-desembarco-en-fitur-en-la-que-tendra-un-mayor-protagonismo\\\/#webpage\",\"url\":\"https:\\\/\\\/eldigitaldeasturias.com\\\/magazine365\\\/andalucia-ultima-tras-crecer-un-65-en-2015-su-desembarco-en-fitur-en-la-que-tendra-un-mayor-protagonismo\\\/\",\"name\":\"Andaluc\\u00eda ultima, tras crecer un 6,5% en 2015, su desembarco en Fitur, en la que tendr\\u00e1 un mayor protagonismo | El Digital de Asturias\",\"description\":\"La Consejer\\u00eda de Turismo de la Junta de Andaluc\\u00eda ultima su participaci\\u00f3n en la 36\\u00aa edici\\u00f3n de la Feria Internacional de Turismo (Fitur), que se celebrar\\u00e1 entre el 20 y el 24 de enero, y lo hace con m\\u00e1s protagonismo que nunca al haberse convertido este a\\u00f1o en socio principal de la feria y con\",\"inLanguage\":\"es-ES\",\"isPartOf\":{\"@id\":\"https:\\\/\\\/eldigitaldeasturias.com\\\/magazine365\\\/#website\"},\"breadcrumb\":{\"@id\":\"https:\\\/\\\/eldigitaldeasturias.com\\\/magazine365\\\/andalucia-ultima-tras-crecer-un-65-en-2015-su-desembarco-en-fitur-en-la-que-tendra-un-mayor-protagonismo\\\/#breadcrumblist\"},\"author\":{\"@id\":\"https:\\\/\\\/eldigitaldeasturias.com\\\/magazine365\\\/author\\\/admin\\\/#author\"},\"creator\":{\"@id\":\"https:\\\/\\\/eldigitaldeasturias.com\\\/magazine365\\\/author\\\/admin\\\/#author\"},\"image\":{\"@type\":\"ImageObject\",\"url\":\"https:\\\/\\\/eldigitaldeasturias.com\\\/magazine365\\\/wp-content\\\/uploads\\\/2016\\\/01\\\/fotonoticia_20160113145557_800.jpg\",\"@id\":\"https:\\\/\\\/eldigitaldeasturias.com\\\/magazine365\\\/andalucia-ultima-tras-crecer-un-65-en-2015-su-desembarco-en-fitur-en-la-que-tendra-un-mayor-protagonismo\\\/#mainImage\",\"width\":800,\"height\":533},\"primaryImageOfPage\":{\"@id\":\"https:\\\/\\\/eldigitaldeasturias.com\\\/magazine365\\\/andalucia-ultima-tras-crecer-un-65-en-2015-su-desembarco-en-fitur-en-la-que-tendra-un-mayor-protagonismo\\\/#mainImage\"},\"datePublished\":\"2016-01-14T01:22:15+01:00\",\"dateModified\":\"2016-01-14T01:22:15+01:00\"},{\"@type\":\"WebSite\",\"@id\":\"https:\\\/\\\/eldigitaldeasturias.com\\\/magazine365\\\/#website\",\"url\":\"https:\\\/\\\/eldigitaldeasturias.com\\\/magazine365\\\/\",\"name\":\"El Digital de Asturias\",\"description\":\"Revista de ocio, turismo y estilo de vida\",\"inLanguage\":\"es-ES\",\"publisher\":{\"@id\":\"https:\\\/\\\/eldigitaldeasturias.com\\\/magazine365\\\/#organization\"}}]}\n\t\t<\/script>\n\t\t<!-- All in One SEO Pro -->\r\n\t\t<title>Andaluc\u00eda ultima, tras crecer un 6,5% en 2015, su desembarco en Fitur, en la que tendr\u00e1 un mayor protagonismo | El Digital de Asturias<\/title>\n\n","aioseo_head_json":{"title":"Andaluc\u00eda ultima, tras crecer un 6,5% en 2015, su desembarco en Fitur, en la que tendr\u00e1 un mayor protagonismo | El Digital de Asturias","description":"La Consejer\u00eda de Turismo de la Junta de Andaluc\u00eda ultima su participaci\u00f3n en la 36\u00aa edici\u00f3n de la Feria Internacional de Turismo (Fitur), que se celebrar\u00e1 entre el 20 y el 24 de enero, y lo hace con m\u00e1s protagonismo que nunca al haberse convertido este a\u00f1o en socio principal de la feria y con","canonical_url":"https:\/\/eldigitaldeasturias.com\/magazine365\/andalucia-ultima-tras-crecer-un-65-en-2015-su-desembarco-en-fitur-en-la-que-tendra-un-mayor-protagonismo\/","robots":"max-image-preview:large","keywords":"noticias y actualidad","webmasterTools":{"google-site-verification":"UA-38556648-1","miscellaneous":""},"schema":{"@context":"https:\/\/schema.org","@graph":[{"@type":"Article","@id":"https:\/\/eldigitaldeasturias.com\/magazine365\/andalucia-ultima-tras-crecer-un-65-en-2015-su-desembarco-en-fitur-en-la-que-tendra-un-mayor-protagonismo\/#article","name":"Andaluc\u00eda ultima, tras crecer un 6,5% en 2015, su desembarco en Fitur, en la que tendr\u00e1 un mayor protagonismo | El Digital de Asturias","headline":"Andaluc\u00eda ultima, tras crecer un 6,5% en 2015, su desembarco en Fitur, en la que tendr\u00e1 un mayor protagonismo","author":{"@id":"https:\/\/eldigitaldeasturias.com\/magazine365\/author\/admin\/#author"},"publisher":{"@id":"https:\/\/eldigitaldeasturias.com\/magazine365\/#organization"},"image":{"@type":"ImageObject","url":"https:\/\/eldigitaldeasturias.com\/magazine365\/wp-content\/uploads\/2016\/01\/fotonoticia_20160113145557_800.jpg","width":800,"height":533},"datePublished":"2016-01-14T01:22:15+01:00","dateModified":"2016-01-14T01:22:15+01:00","inLanguage":"es-ES","mainEntityOfPage":{"@id":"https:\/\/eldigitaldeasturias.com\/magazine365\/andalucia-ultima-tras-crecer-un-65-en-2015-su-desembarco-en-fitur-en-la-que-tendra-un-mayor-protagonismo\/#webpage"},"isPartOf":{"@id":"https:\/\/eldigitaldeasturias.com\/magazine365\/andalucia-ultima-tras-crecer-un-65-en-2015-su-desembarco-en-fitur-en-la-que-tendra-un-mayor-protagonismo\/#webpage"},"articleSection":"Noticias y Actualidad"},{"@type":"BreadcrumbList","@id":"https:\/\/eldigitaldeasturias.com\/magazine365\/andalucia-ultima-tras-crecer-un-65-en-2015-su-desembarco-en-fitur-en-la-que-tendra-un-mayor-protagonismo\/#breadcrumblist","itemListElement":[{"@type":"ListItem","@id":"https:\/\/eldigitaldeasturias.com\/magazine365#listItem","position":1,"name":"Home","item":"https:\/\/eldigitaldeasturias.com\/magazine365","nextItem":{"@type":"ListItem","@id":"https:\/\/eldigitaldeasturias.com\/magazine365\/category\/noticias-actualidad\/#listItem","name":"Noticias y Actualidad"}},{"@type":"ListItem","@id":"https:\/\/eldigitaldeasturias.com\/magazine365\/category\/noticias-actualidad\/#listItem","position":2,"name":"Noticias y Actualidad","item":"https:\/\/eldigitaldeasturias.com\/magazine365\/category\/noticias-actualidad\/","nextItem":{"@type":"ListItem","@id":"https:\/\/eldigitaldeasturias.com\/magazine365\/andalucia-ultima-tras-crecer-un-65-en-2015-su-desembarco-en-fitur-en-la-que-tendra-un-mayor-protagonismo\/#listItem","name":"Andaluc\u00eda ultima, tras crecer un 6,5% en 2015, su desembarco en Fitur, en la que tendr\u00e1 un mayor protagonismo"},"previousItem":{"@type":"ListItem","@id":"https:\/\/eldigitaldeasturias.com\/magazine365#listItem","name":"Home"}},{"@type":"ListItem","@id":"https:\/\/eldigitaldeasturias.com\/magazine365\/andalucia-ultima-tras-crecer-un-65-en-2015-su-desembarco-en-fitur-en-la-que-tendra-un-mayor-protagonismo\/#listItem","position":3,"name":"Andaluc\u00eda ultima, tras crecer un 6,5% en 2015, su desembarco en Fitur, en la que tendr\u00e1 un mayor protagonismo","previousItem":{"@type":"ListItem","@id":"https:\/\/eldigitaldeasturias.com\/magazine365\/category\/noticias-actualidad\/#listItem","name":"Noticias y Actualidad"}}]},{"@type":"Organization","@id":"https:\/\/eldigitaldeasturias.com\/magazine365\/#organization","name":"El digital de Asturias","description":"Revista de ocio, turismo y estilo de vida","url":"https:\/\/eldigitaldeasturias.com\/magazine365\/","logo":{"@type":"ImageObject","url":"https:\/\/www.eldigitaldeasturias.com\/noticias\/wp-content\/uploads\/2020\/12\/EDA.jpg","@id":"https:\/\/eldigitaldeasturias.com\/magazine365\/andalucia-ultima-tras-crecer-un-65-en-2015-su-desembarco-en-fitur-en-la-que-tendra-un-mayor-protagonismo\/#organizationLogo"},"image":{"@id":"https:\/\/eldigitaldeasturias.com\/magazine365\/andalucia-ultima-tras-crecer-un-65-en-2015-su-desembarco-en-fitur-en-la-que-tendra-un-mayor-protagonismo\/#organizationLogo"}},{"@type":"Person","@id":"https:\/\/eldigitaldeasturias.com\/magazine365\/author\/admin\/#author","url":"https:\/\/eldigitaldeasturias.com\/magazine365\/author\/admin\/","name":"admin","image":{"@type":"ImageObject","@id":"https:\/\/eldigitaldeasturias.com\/magazine365\/andalucia-ultima-tras-crecer-un-65-en-2015-su-desembarco-en-fitur-en-la-que-tendra-un-mayor-protagonismo\/#authorImage","url":"https:\/\/eldigitaldeasturias.com\/magazine365\/wp-content\/litespeed\/avatar\/e571bcf59a0edd6fa6838245a470f2fe.jpg?ver=1777574230","width":96,"height":96,"caption":"admin"}},{"@type":"WebPage","@id":"https:\/\/eldigitaldeasturias.com\/magazine365\/andalucia-ultima-tras-crecer-un-65-en-2015-su-desembarco-en-fitur-en-la-que-tendra-un-mayor-protagonismo\/#webpage","url":"https:\/\/eldigitaldeasturias.com\/magazine365\/andalucia-ultima-tras-crecer-un-65-en-2015-su-desembarco-en-fitur-en-la-que-tendra-un-mayor-protagonismo\/","name":"Andaluc\u00eda ultima, tras crecer un 6,5% en 2015, su desembarco en Fitur, en la que tendr\u00e1 un mayor protagonismo | El Digital de Asturias","description":"La Consejer\u00eda de Turismo de la Junta de Andaluc\u00eda ultima su participaci\u00f3n en la 36\u00aa edici\u00f3n de la Feria Internacional de Turismo (Fitur), que se celebrar\u00e1 entre el 20 y el 24 de enero, y lo hace con m\u00e1s protagonismo que nunca al haberse convertido este a\u00f1o en socio principal de la feria y con","inLanguage":"es-ES","isPartOf":{"@id":"https:\/\/eldigitaldeasturias.com\/magazine365\/#website"},"breadcrumb":{"@id":"https:\/\/eldigitaldeasturias.com\/magazine365\/andalucia-ultima-tras-crecer-un-65-en-2015-su-desembarco-en-fitur-en-la-que-tendra-un-mayor-protagonismo\/#breadcrumblist"},"author":{"@id":"https:\/\/eldigitaldeasturias.com\/magazine365\/author\/admin\/#author"},"creator":{"@id":"https:\/\/eldigitaldeasturias.com\/magazine365\/author\/admin\/#author"},"image":{"@type":"ImageObject","url":"https:\/\/eldigitaldeasturias.com\/magazine365\/wp-content\/uploads\/2016\/01\/fotonoticia_20160113145557_800.jpg","@id":"https:\/\/eldigitaldeasturias.com\/magazine365\/andalucia-ultima-tras-crecer-un-65-en-2015-su-desembarco-en-fitur-en-la-que-tendra-un-mayor-protagonismo\/#mainImage","width":800,"height":533},"primaryImageOfPage":{"@id":"https:\/\/eldigitaldeasturias.com\/magazine365\/andalucia-ultima-tras-crecer-un-65-en-2015-su-desembarco-en-fitur-en-la-que-tendra-un-mayor-protagonismo\/#mainImage"},"datePublished":"2016-01-14T01:22:15+01:00","dateModified":"2016-01-14T01:22:15+01:00"},{"@type":"WebSite","@id":"https:\/\/eldigitaldeasturias.com\/magazine365\/#website","url":"https:\/\/eldigitaldeasturias.com\/magazine365\/","name":"El Digital de Asturias","description":"Revista de ocio, turismo y estilo de vida","inLanguage":"es-ES","publisher":{"@id":"https:\/\/eldigitaldeasturias.com\/magazine365\/#organization"}}]},"og:locale":"es_ES","og:site_name":"El Digital de Asturias \u2013 Revista de ocio, turismo y estilo de vida","og:type":"article","og:title":"Andaluc\u00eda ultima, tras crecer un 6,5% en 2015, su desembarco en Fitur, en la que tendr\u00e1 un mayor protagonismo | El Digital de Asturias","og:description":"La Consejer\u00eda de Turismo de la Junta de Andaluc\u00eda ultima su participaci\u00f3n en la 36\u00aa edici\u00f3n de la Feria Internacional de Turismo (Fitur), que se celebrar\u00e1 entre el 20 y el 24 de enero, y lo hace con m\u00e1s protagonismo que nunca al haberse convertido este a\u00f1o en socio principal de la feria y con","og:url":"https:\/\/eldigitaldeasturias.com\/magazine365\/andalucia-ultima-tras-crecer-un-65-en-2015-su-desembarco-en-fitur-en-la-que-tendra-un-mayor-protagonismo\/","og:image":"https:\/\/eldigitaldeasturias.com\/magazine365\/wp-content\/uploads\/2016\/01\/fotonoticia_20160113145557_800.jpg","og:image:secure_url":"https:\/\/eldigitaldeasturias.com\/magazine365\/wp-content\/uploads\/2016\/01\/fotonoticia_20160113145557_800.jpg","og:image:width":800,"og:image:height":533,"article:published_time":"2016-01-14T00:22:15+00:00","article:modified_time":"2016-01-14T00:22:15+00:00","twitter:card":"summary_large_image","twitter:title":"Andaluc\u00eda ultima, tras crecer un 6,5% en 2015, su desembarco en Fitur, en la que tendr\u00e1 un mayor protagonismo | El Digital de Asturias","twitter:description":"La Consejer\u00eda de Turismo de la Junta de Andaluc\u00eda ultima su participaci\u00f3n en la 36\u00aa edici\u00f3n de la Feria Internacional de Turismo (Fitur), que se celebrar\u00e1 entre el 20 y el 24 de enero, y lo hace con m\u00e1s protagonismo que nunca al haberse convertido este a\u00f1o en socio principal de la feria y con","twitter:image":"https:\/\/eldigitaldeasturias.com\/magazine365\/wp-content\/uploads\/2016\/01\/fotonoticia_20160113145557_800.jpg"},"aioseo_meta_data":{"post_id":"60524","title":null,"description":null,"keywords":null,"keyphrases":null,"primary_term":null,"canonical_url":null,"og_title":null,"og_description":null,"og_object_type":"default","og_image_type":"default","og_image_url":null,"og_image_width":null,"og_image_height":null,"og_image_custom_url":null,"og_image_custom_fields":null,"og_video":null,"og_custom_url":null,"og_article_section":null,"og_article_tags":null,"twitter_use_og":false,"twitter_card":"default","twitter_image_type":"default","twitter_image_url":null,"twitter_image_custom_url":null,"twitter_image_custom_fields":null,"twitter_title":null,"twitter_description":null,"schema":{"blockGraphs":[],"customGraphs":[],"default":{"data":{"Article":[],"Course":[],"Dataset":[],"FAQPage":[],"Movie":[],"Person":[],"Product":[],"ProductReview":[],"Car":[],"Recipe":[],"Service":[],"SoftwareApplication":[],"WebPage":[]},"graphName":"","isEnabled":true},"graphs":[],"defaultGraph":"","defaultPostTypeGraph":""},"schema_type":null,"schema_type_options":null,"pillar_content":false,"robots_default":true,"robots_noindex":false,"robots_noarchive":false,"robots_nosnippet":false,"robots_nofollow":false,"robots_noimageindex":false,"robots_noodp":false,"robots_notranslate":false,"robots_max_snippet":null,"robots_max_videopreview":null,"robots_max_imagepreview":"large","priority":null,"frequency":null,"location":null,"local_seo":null,"seo_analyzer_scan_date":"2025-09-25 07:04:15","breadcrumb_settings":null,"limit_modified_date":false,"open_ai":null,"ai":null,"created":"2021-03-08 21:58:49","updated":"2025-09-25 07:04:15"},"aioseo_breadcrumb":"<div class=\"aioseo-breadcrumbs\"><span class=\"aioseo-breadcrumb\">\n\t<a href=\"https:\/\/eldigitaldeasturias.com\/magazine365\" title=\"Home\">Home<\/a>\n<\/span><span class=\"aioseo-breadcrumb-separator\">\u2013<\/span><span class=\"aioseo-breadcrumb\">\n\t<a href=\"https:\/\/eldigitaldeasturias.com\/magazine365\/category\/noticias-actualidad\/\" title=\"Noticias y Actualidad\">Noticias y Actualidad<\/a>\n<\/span><span class=\"aioseo-breadcrumb-separator\">\u2013<\/span><span class=\"aioseo-breadcrumb\">\n\t<a href=\"https:\/\/eldigitaldeasturias.com\/magazine365\/andalucia-ultima-tras-crecer-un-65-en-2015-su-desembarco-en-fitur-en-la-que-tendra-un-mayor-protagonismo\/\" title=\"Andaluc\u00eda ultima, tras crecer un 6,5% en 2015, su desembarco en Fitur, en la que tendr\u00e1 un mayor protagonismo\">Andaluc\u00eda ultima, tras crecer un 6,5% en 2015, su desembarco en Fitur, en la que tendr\u00e1 un mayor protagonismo<\/a>\n<\/span><\/div>","aioseo_breadcrumb_json":[{"label":"Home","link":"https:\/\/eldigitaldeasturias.com\/magazine365"},{"label":"Noticias y Actualidad","link":"https:\/\/eldigitaldeasturias.com\/magazine365\/category\/noticias-actualidad\/"},{"label":"Andaluc\u00eda ultima, tras crecer un 6,5% en 2015, su desembarco en Fitur, en la que tendr\u00e1 un mayor protagonismo","link":"https:\/\/eldigitaldeasturias.com\/magazine365\/andalucia-ultima-tras-crecer-un-65-en-2015-su-desembarco-en-fitur-en-la-que-tendra-un-mayor-protagonismo\/"}],"_links":{"self":[{"href":"https:\/\/eldigitaldeasturias.com\/magazine365\/wp-json\/wp\/v2\/posts\/60524","targetHints":{"allow":["GET"]}}],"collection":[{"href":"https:\/\/eldigitaldeasturias.com\/magazine365\/wp-json\/wp\/v2\/posts"}],"about":[{"href":"https:\/\/eldigitaldeasturias.com\/magazine365\/wp-json\/wp\/v2\/types\/post"}],"author":[{"embeddable":true,"href":"https:\/\/eldigitaldeasturias.com\/magazine365\/wp-json\/wp\/v2\/users\/1"}],"replies":[{"embeddable":true,"href":"https:\/\/eldigitaldeasturias.com\/magazine365\/wp-json\/wp\/v2\/comments?post=60524"}],"version-history":[{"count":0,"href":"https:\/\/eldigitaldeasturias.com\/magazine365\/wp-json\/wp\/v2\/posts\/60524\/revisions"}],"wp:featuredmedia":[{"embeddable":true,"href":"https:\/\/eldigitaldeasturias.com\/magazine365\/wp-json\/wp\/v2\/media\/60525"}],"wp:attachment":[{"href":"https:\/\/eldigitaldeasturias.com\/magazine365\/wp-json\/wp\/v2\/media?parent=60524"}],"wp:term":[{"taxonomy":"category","embeddable":true,"href":"https:\/\/eldigitaldeasturias.com\/magazine365\/wp-json\/wp\/v2\/categories?post=60524"},{"taxonomy":"post_tag","embeddable":true,"href":"https:\/\/eldigitaldeasturias.com\/magazine365\/wp-json\/wp\/v2\/tags?post=60524"}],"curies":[{"name":"wp","href":"https:\/\/api.w.org\/{rel}","templated":true}]}}