{"id":60518,"date":"2016-01-14T01:20:01","date_gmt":"2016-01-14T00:20:01","guid":{"rendered":"http:\/\/eldigitaldeasturias.com\/magazine365\/?p=60518"},"modified":"2016-01-14T01:20:01","modified_gmt":"2016-01-14T00:20:01","slug":"las-rutas-del-vino-y-el-sector-del-mueble-aunan-esfuerzos-para-potenciar-el-atractivo-turistico-de-yecla","status":"publish","type":"post","link":"https:\/\/eldigitaldeasturias.com\/magazine365\/las-rutas-del-vino-y-el-sector-del-mueble-aunan-esfuerzos-para-potenciar-el-atractivo-turistico-de-yecla\/","title":{"rendered":"Las Rutas del Vino y el sector del Mueble a\u00fanan esfuerzos para potenciar el atractivo tur\u00edstico de Yecla"},"content":{"rendered":"<p><img fetchpriority=\"high\" decoding=\"async\" class=\"alignleft size-medium wp-image-60519\" src=\"https:\/\/eldigitaldeasturias.com\/magazine365\/wp-content\/uploads\/2016\/01\/fotonoticia_20160113141450_800-360x243.jpg\" alt=\"fotonoticia_20160113141450_800\" width=\"360\" height=\"243\" srcset=\"https:\/\/eldigitaldeasturias.com\/magazine365\/wp-content\/uploads\/2016\/01\/fotonoticia_20160113141450_800-360x243.jpg 360w, https:\/\/eldigitaldeasturias.com\/magazine365\/wp-content\/uploads\/2016\/01\/fotonoticia_20160113141450_800-650x439.jpg 650w, https:\/\/eldigitaldeasturias.com\/magazine365\/wp-content\/uploads\/2016\/01\/fotonoticia_20160113141450_800-768x518.jpg 768w, https:\/\/eldigitaldeasturias.com\/magazine365\/wp-content\/uploads\/2016\/01\/fotonoticia_20160113141450_800-150x101.jpg 150w, https:\/\/eldigitaldeasturias.com\/magazine365\/wp-content\/uploads\/2016\/01\/fotonoticia_20160113141450_800-450x304.jpg 450w, https:\/\/eldigitaldeasturias.com\/magazine365\/wp-content\/uploads\/2016\/01\/fotonoticia_20160113141450_800-696x470.jpg 696w, https:\/\/eldigitaldeasturias.com\/magazine365\/wp-content\/uploads\/2016\/01\/fotonoticia_20160113141450_800-622x420.jpg 622w, https:\/\/eldigitaldeasturias.com\/magazine365\/wp-content\/uploads\/2016\/01\/fotonoticia_20160113141450_800.jpg 800w\" sizes=\"(max-width: 360px) 100vw, 360px\" \/>Las Rutas del Vino y el sector del Mueble aunar\u00e1n esfuerzos para potenciar el atractivo tur\u00edstico de Yecla, seg\u00fan han confirmado esta ma\u00f1ana el director general del Instituto de Turismo, Manuel Fern\u00e1ndez-Delgado, y el alcalde del municipio, Marcos Ortu\u00f1o, en un encuentro con el presidente de la Ruta del Vino de Yecla, Juan Pedro Casta\u00f1o, y el presidente de la Asociaci\u00f3n Regional de Empresarios del Mueble y la Madera, Arema, Pedro Arcas.<\/p>\n<p>Para representar la colaboraci\u00f3n de los dos sectores, Fern\u00e1ndez-Delgado y Ortu\u00f1o han presentado este mi\u00e9rcoles el acuerdo en un paraje de vi\u00f1edos en el Monte Arab\u00ed de Yecla, al que se llev\u00f3 un sof\u00e1 de dise\u00f1o customizado con im\u00e1genes tur\u00edsticas de la Regi\u00f3n.<\/p>\n<p>El titular de Turismo ha explicado que se va a crear un t\u00e1ndem para combinar enoturismo y el sector del mueble, lo que va a permitir \u00abdinamizar ambos sectores, reforzarlos mutuamente y crear un nuevo foco de inter\u00e9s tur\u00edstico cohesionado y mucho m\u00e1s potente\u00bb.<\/p>\n<p>Fern\u00e1ndez-Delgado ha confirmado que estas sinergias se van a ver materializadas en un Plan de Promoci\u00f3n conjunta, que va a tener su pistoletazo de salida durante la pr\u00f3xima edici\u00f3n de Fitur 2016.<\/p>\n<p>De este modo, durante la feria de Madrid parte del mobiliario del stand de la Comunidad estar\u00e1 cedido por los fabricantes de muebles de Yecla (Tecninova, Frajumar, Mobel Yecla, Ecus y Muebles Lino) que aportar\u00e1n sillones, taburetes y sof\u00e1s &#8216;chester&#8217; con im\u00e1genes tur\u00edsticas representativas donde se realizar\u00e1n entrevistas con las principales personalidades de la Regi\u00f3n.<\/p>\n<p>Adem\u00e1s, durante la Feria de Madrid, el Instituto de Turismo presentar\u00e1 un nuevo folleto conjunto que incluir\u00e1 informaci\u00f3n de la Ruta del Vino y la oferta del sector del mueble de Yecla, y realizar\u00e1 todos los d\u00edas degustaciones con los mejores vinos del municipio.<\/p>\n<p>Fern\u00e1ndez-Delgado ha recordado que esta colaboraci\u00f3n surge de un acuerdo comercial entre Rutas del Vino de Yecla y la Asociaci\u00f3n Regional de Empresas de la Madera, Arema.<\/p>\n<p>En la actualidad, la Ruta del vino de Yecla dispone de 35 asociados (4 bodegas, 1 almazara, 2 alojamientos rurales y 2 hoteles, 1 agencia de viajes y el resto de asociados los conforman empresas de ocio y diversi\u00f3n, bares de vinos y restaurantes). Durante 2015, las bodegas y almazaras de Yecla registraron 3.495 visitas, y la Oficina de Turismo 9751, un 63 por ciento m\u00e1s que el a\u00f1o anterior.<\/p>\n<p>Arema agrupa a 100 empresas de toda la Regi\u00f3n de diferentes industrias transformadoras de la madera en general, entre las que se encuentran los subsectores de carpinter\u00eda, ebanister\u00eda, tapicer\u00eda, fabricantes de elementos decorativos y mueble en general. El mayor n\u00famero de empresarios se concentra en Yecla.<\/p>\n<p>En 2013, el Instituto de Turismo de la Regi\u00f3n de Murcia realiz\u00f3 la adhesi\u00f3n a la la Red Espa\u00f1ola de Turismo Industrial, RETI, con un patrimonio que engloba bienes como el Parque Minero de La Uni\u00f3n, el Embarcadero del Hornillo de \u00c1guilas y el Arsenal de Cartagena, rutas guiadas e itinerarios relacionadas con el Turismo Industrial y el resto de actividades relacionadas con la modalidad de industria viva, como en este caso las visitas a las f\u00e1bricas, bodegas y conserveras regionales y actividades belenistas y artesanas.<\/p>\n","protected":false},"excerpt":{"rendered":"<p>Las Rutas del Vino y el sector del Mueble aunar\u00e1n esfuerzos para potenciar el atractivo tur\u00edstico de Yecla, seg\u00fan han confirmado esta ma\u00f1ana el director general del Instituto de Turismo, Manuel Fern\u00e1ndez-Delgado, y el alcalde del municipio, Marcos Ortu\u00f1o, en un encuentro con el presidente de la Ruta del Vino de Yecla, Juan Pedro Casta\u00f1o,<\/p>\n","protected":false},"author":1,"featured_media":60519,"comment_status":"open","ping_status":"closed","sticky":false,"template":"","format":"standard","meta":{"footnotes":""},"categories":[224],"tags":[],"class_list":{"0":"post-60518","1":"post","2":"type-post","3":"status-publish","4":"format-standard","5":"has-post-thumbnail","7":"category-noticias-actualidad"},"aioseo_notices":[],"aioseo_head":"\n\t\t<!-- All in One SEO Pro 4.9.6.1 - aioseo.com -->\n\t<meta name=\"description\" content=\"Las Rutas del Vino y el sector del Mueble aunar\u00e1n esfuerzos para potenciar el atractivo tur\u00edstico de Yecla, seg\u00fan han confirmado esta ma\u00f1ana el director general del Instituto de Turismo, Manuel Fern\u00e1ndez-Delgado, y el alcalde del municipio, Marcos Ortu\u00f1o, en un encuentro con el presidente de la Ruta del Vino de Yecla, Juan Pedro Casta\u00f1o,\" \/>\n\t<meta name=\"robots\" content=\"max-image-preview:large\" \/>\n\t<meta name=\"author\" content=\"admin\"\/>\n\t<meta name=\"google-site-verification\" content=\"UA-38556648-1\" \/>\n\t<meta name=\"keywords\" content=\"noticias y actualidad\" \/>\n\t<link rel=\"canonical\" href=\"https:\/\/eldigitaldeasturias.com\/magazine365\/las-rutas-del-vino-y-el-sector-del-mueble-aunan-esfuerzos-para-potenciar-el-atractivo-turistico-de-yecla\/\" \/>\n\t<meta name=\"generator\" content=\"All in One SEO Pro (AIOSEO) 4.9.6.1\" \/>\n\t\t<meta property=\"og:locale\" content=\"es_ES\" \/>\n\t\t<meta property=\"og:site_name\" content=\"El Digital de Asturias \u2013 Revista de ocio, turismo y estilo de vida\" \/>\n\t\t<meta property=\"og:type\" content=\"article\" \/>\n\t\t<meta property=\"og:title\" content=\"Las Rutas del Vino y el sector del Mueble a\u00fanan esfuerzos para potenciar el atractivo tur\u00edstico de Yecla | El Digital de Asturias\" \/>\n\t\t<meta property=\"og:description\" content=\"Las Rutas del Vino y el sector del Mueble aunar\u00e1n esfuerzos para potenciar el atractivo tur\u00edstico de Yecla, seg\u00fan han confirmado esta ma\u00f1ana el director general del Instituto de Turismo, Manuel Fern\u00e1ndez-Delgado, y el alcalde del municipio, Marcos Ortu\u00f1o, en un encuentro con el presidente de la Ruta del Vino de Yecla, Juan Pedro Casta\u00f1o,\" \/>\n\t\t<meta property=\"og:url\" content=\"https:\/\/eldigitaldeasturias.com\/magazine365\/las-rutas-del-vino-y-el-sector-del-mueble-aunan-esfuerzos-para-potenciar-el-atractivo-turistico-de-yecla\/\" \/>\n\t\t<meta property=\"og:image\" content=\"https:\/\/eldigitaldeasturias.com\/magazine365\/wp-content\/uploads\/2016\/01\/fotonoticia_20160113141450_800.jpg\" \/>\n\t\t<meta property=\"og:image:secure_url\" content=\"https:\/\/eldigitaldeasturias.com\/magazine365\/wp-content\/uploads\/2016\/01\/fotonoticia_20160113141450_800.jpg\" \/>\n\t\t<meta property=\"og:image:width\" content=\"800\" \/>\n\t\t<meta property=\"og:image:height\" content=\"540\" \/>\n\t\t<meta property=\"article:published_time\" content=\"2016-01-14T00:20:01+00:00\" \/>\n\t\t<meta property=\"article:modified_time\" content=\"2016-01-14T00:20:01+00:00\" \/>\n\t\t<meta name=\"twitter:card\" content=\"summary_large_image\" \/>\n\t\t<meta name=\"twitter:title\" content=\"Las Rutas del Vino y el sector del Mueble a\u00fanan esfuerzos para potenciar el atractivo tur\u00edstico de Yecla | El Digital de Asturias\" \/>\n\t\t<meta name=\"twitter:description\" content=\"Las Rutas del Vino y el sector del Mueble aunar\u00e1n esfuerzos para potenciar el atractivo tur\u00edstico de Yecla, seg\u00fan han confirmado esta ma\u00f1ana el director general del Instituto de Turismo, Manuel Fern\u00e1ndez-Delgado, y el alcalde del municipio, Marcos Ortu\u00f1o, en un encuentro con el presidente de la Ruta del Vino de Yecla, Juan Pedro Casta\u00f1o,\" \/>\n\t\t<meta name=\"twitter:image\" content=\"https:\/\/eldigitaldeasturias.com\/magazine365\/wp-content\/uploads\/2016\/01\/fotonoticia_20160113141450_800.jpg\" \/>\n\t\t<script type=\"application\/ld+json\" class=\"aioseo-schema\">\n\t\t\t{\"@context\":\"https:\\\/\\\/schema.org\",\"@graph\":[{\"@type\":\"Article\",\"@id\":\"https:\\\/\\\/eldigitaldeasturias.com\\\/magazine365\\\/las-rutas-del-vino-y-el-sector-del-mueble-aunan-esfuerzos-para-potenciar-el-atractivo-turistico-de-yecla\\\/#article\",\"name\":\"Las Rutas del Vino y el sector del Mueble a\\u00fanan esfuerzos para potenciar el atractivo tur\\u00edstico de Yecla | El Digital de Asturias\",\"headline\":\"Las Rutas del Vino y el sector del Mueble a\\u00fanan esfuerzos para potenciar el atractivo tur\\u00edstico de Yecla\",\"author\":{\"@id\":\"https:\\\/\\\/eldigitaldeasturias.com\\\/magazine365\\\/author\\\/admin\\\/#author\"},\"publisher\":{\"@id\":\"https:\\\/\\\/eldigitaldeasturias.com\\\/magazine365\\\/#organization\"},\"image\":{\"@type\":\"ImageObject\",\"url\":\"https:\\\/\\\/eldigitaldeasturias.com\\\/magazine365\\\/wp-content\\\/uploads\\\/2016\\\/01\\\/fotonoticia_20160113141450_800.jpg\",\"width\":800,\"height\":540},\"datePublished\":\"2016-01-14T01:20:01+01:00\",\"dateModified\":\"2016-01-14T01:20:01+01:00\",\"inLanguage\":\"es-ES\",\"mainEntityOfPage\":{\"@id\":\"https:\\\/\\\/eldigitaldeasturias.com\\\/magazine365\\\/las-rutas-del-vino-y-el-sector-del-mueble-aunan-esfuerzos-para-potenciar-el-atractivo-turistico-de-yecla\\\/#webpage\"},\"isPartOf\":{\"@id\":\"https:\\\/\\\/eldigitaldeasturias.com\\\/magazine365\\\/las-rutas-del-vino-y-el-sector-del-mueble-aunan-esfuerzos-para-potenciar-el-atractivo-turistico-de-yecla\\\/#webpage\"},\"articleSection\":\"Noticias y Actualidad\"},{\"@type\":\"BreadcrumbList\",\"@id\":\"https:\\\/\\\/eldigitaldeasturias.com\\\/magazine365\\\/las-rutas-del-vino-y-el-sector-del-mueble-aunan-esfuerzos-para-potenciar-el-atractivo-turistico-de-yecla\\\/#breadcrumblist\",\"itemListElement\":[{\"@type\":\"ListItem\",\"@id\":\"https:\\\/\\\/eldigitaldeasturias.com\\\/magazine365#listItem\",\"position\":1,\"name\":\"Home\",\"item\":\"https:\\\/\\\/eldigitaldeasturias.com\\\/magazine365\",\"nextItem\":{\"@type\":\"ListItem\",\"@id\":\"https:\\\/\\\/eldigitaldeasturias.com\\\/magazine365\\\/category\\\/noticias-actualidad\\\/#listItem\",\"name\":\"Noticias y Actualidad\"}},{\"@type\":\"ListItem\",\"@id\":\"https:\\\/\\\/eldigitaldeasturias.com\\\/magazine365\\\/category\\\/noticias-actualidad\\\/#listItem\",\"position\":2,\"name\":\"Noticias y Actualidad\",\"item\":\"https:\\\/\\\/eldigitaldeasturias.com\\\/magazine365\\\/category\\\/noticias-actualidad\\\/\",\"nextItem\":{\"@type\":\"ListItem\",\"@id\":\"https:\\\/\\\/eldigitaldeasturias.com\\\/magazine365\\\/las-rutas-del-vino-y-el-sector-del-mueble-aunan-esfuerzos-para-potenciar-el-atractivo-turistico-de-yecla\\\/#listItem\",\"name\":\"Las Rutas del Vino y el sector del Mueble a\\u00fanan esfuerzos para potenciar el atractivo tur\\u00edstico de Yecla\"},\"previousItem\":{\"@type\":\"ListItem\",\"@id\":\"https:\\\/\\\/eldigitaldeasturias.com\\\/magazine365#listItem\",\"name\":\"Home\"}},{\"@type\":\"ListItem\",\"@id\":\"https:\\\/\\\/eldigitaldeasturias.com\\\/magazine365\\\/las-rutas-del-vino-y-el-sector-del-mueble-aunan-esfuerzos-para-potenciar-el-atractivo-turistico-de-yecla\\\/#listItem\",\"position\":3,\"name\":\"Las Rutas del Vino y el sector del Mueble a\\u00fanan esfuerzos para potenciar el atractivo tur\\u00edstico de Yecla\",\"previousItem\":{\"@type\":\"ListItem\",\"@id\":\"https:\\\/\\\/eldigitaldeasturias.com\\\/magazine365\\\/category\\\/noticias-actualidad\\\/#listItem\",\"name\":\"Noticias y Actualidad\"}}]},{\"@type\":\"Organization\",\"@id\":\"https:\\\/\\\/eldigitaldeasturias.com\\\/magazine365\\\/#organization\",\"name\":\"El digital de Asturias\",\"description\":\"Revista de ocio, turismo y estilo de vida\",\"url\":\"https:\\\/\\\/eldigitaldeasturias.com\\\/magazine365\\\/\",\"logo\":{\"@type\":\"ImageObject\",\"url\":\"https:\\\/\\\/www.eldigitaldeasturias.com\\\/noticias\\\/wp-content\\\/uploads\\\/2020\\\/12\\\/EDA.jpg\",\"@id\":\"https:\\\/\\\/eldigitaldeasturias.com\\\/magazine365\\\/las-rutas-del-vino-y-el-sector-del-mueble-aunan-esfuerzos-para-potenciar-el-atractivo-turistico-de-yecla\\\/#organizationLogo\"},\"image\":{\"@id\":\"https:\\\/\\\/eldigitaldeasturias.com\\\/magazine365\\\/las-rutas-del-vino-y-el-sector-del-mueble-aunan-esfuerzos-para-potenciar-el-atractivo-turistico-de-yecla\\\/#organizationLogo\"}},{\"@type\":\"Person\",\"@id\":\"https:\\\/\\\/eldigitaldeasturias.com\\\/magazine365\\\/author\\\/admin\\\/#author\",\"url\":\"https:\\\/\\\/eldigitaldeasturias.com\\\/magazine365\\\/author\\\/admin\\\/\",\"name\":\"admin\",\"image\":{\"@type\":\"ImageObject\",\"@id\":\"https:\\\/\\\/eldigitaldeasturias.com\\\/magazine365\\\/las-rutas-del-vino-y-el-sector-del-mueble-aunan-esfuerzos-para-potenciar-el-atractivo-turistico-de-yecla\\\/#authorImage\",\"url\":\"https:\\\/\\\/eldigitaldeasturias.com\\\/magazine365\\\/wp-content\\\/litespeed\\\/avatar\\\/e571bcf59a0edd6fa6838245a470f2fe.jpg?ver=1777574230\",\"width\":96,\"height\":96,\"caption\":\"admin\"}},{\"@type\":\"WebPage\",\"@id\":\"https:\\\/\\\/eldigitaldeasturias.com\\\/magazine365\\\/las-rutas-del-vino-y-el-sector-del-mueble-aunan-esfuerzos-para-potenciar-el-atractivo-turistico-de-yecla\\\/#webpage\",\"url\":\"https:\\\/\\\/eldigitaldeasturias.com\\\/magazine365\\\/las-rutas-del-vino-y-el-sector-del-mueble-aunan-esfuerzos-para-potenciar-el-atractivo-turistico-de-yecla\\\/\",\"name\":\"Las Rutas del Vino y el sector del Mueble a\\u00fanan esfuerzos para potenciar el atractivo tur\\u00edstico de Yecla | El Digital de Asturias\",\"description\":\"Las Rutas del Vino y el sector del Mueble aunar\\u00e1n esfuerzos para potenciar el atractivo tur\\u00edstico de Yecla, seg\\u00fan han confirmado esta ma\\u00f1ana el director general del Instituto de Turismo, Manuel Fern\\u00e1ndez-Delgado, y el alcalde del municipio, Marcos Ortu\\u00f1o, en un encuentro con el presidente de la Ruta del Vino de Yecla, Juan Pedro Casta\\u00f1o,\",\"inLanguage\":\"es-ES\",\"isPartOf\":{\"@id\":\"https:\\\/\\\/eldigitaldeasturias.com\\\/magazine365\\\/#website\"},\"breadcrumb\":{\"@id\":\"https:\\\/\\\/eldigitaldeasturias.com\\\/magazine365\\\/las-rutas-del-vino-y-el-sector-del-mueble-aunan-esfuerzos-para-potenciar-el-atractivo-turistico-de-yecla\\\/#breadcrumblist\"},\"author\":{\"@id\":\"https:\\\/\\\/eldigitaldeasturias.com\\\/magazine365\\\/author\\\/admin\\\/#author\"},\"creator\":{\"@id\":\"https:\\\/\\\/eldigitaldeasturias.com\\\/magazine365\\\/author\\\/admin\\\/#author\"},\"image\":{\"@type\":\"ImageObject\",\"url\":\"https:\\\/\\\/eldigitaldeasturias.com\\\/magazine365\\\/wp-content\\\/uploads\\\/2016\\\/01\\\/fotonoticia_20160113141450_800.jpg\",\"@id\":\"https:\\\/\\\/eldigitaldeasturias.com\\\/magazine365\\\/las-rutas-del-vino-y-el-sector-del-mueble-aunan-esfuerzos-para-potenciar-el-atractivo-turistico-de-yecla\\\/#mainImage\",\"width\":800,\"height\":540},\"primaryImageOfPage\":{\"@id\":\"https:\\\/\\\/eldigitaldeasturias.com\\\/magazine365\\\/las-rutas-del-vino-y-el-sector-del-mueble-aunan-esfuerzos-para-potenciar-el-atractivo-turistico-de-yecla\\\/#mainImage\"},\"datePublished\":\"2016-01-14T01:20:01+01:00\",\"dateModified\":\"2016-01-14T01:20:01+01:00\"},{\"@type\":\"WebSite\",\"@id\":\"https:\\\/\\\/eldigitaldeasturias.com\\\/magazine365\\\/#website\",\"url\":\"https:\\\/\\\/eldigitaldeasturias.com\\\/magazine365\\\/\",\"name\":\"El Digital de Asturias\",\"description\":\"Revista de ocio, turismo y estilo de vida\",\"inLanguage\":\"es-ES\",\"publisher\":{\"@id\":\"https:\\\/\\\/eldigitaldeasturias.com\\\/magazine365\\\/#organization\"}}]}\n\t\t<\/script>\n\t\t<!-- All in One SEO Pro -->\r\n\t\t<title>Las Rutas del Vino y el sector del Mueble a\u00fanan esfuerzos para potenciar el atractivo tur\u00edstico de Yecla | El Digital de Asturias<\/title>\n\n","aioseo_head_json":{"title":"Las Rutas del Vino y el sector del Mueble a\u00fanan esfuerzos para potenciar el atractivo tur\u00edstico de Yecla | El Digital de Asturias","description":"Las Rutas del Vino y el sector del Mueble aunar\u00e1n esfuerzos para potenciar el atractivo tur\u00edstico de Yecla, seg\u00fan han confirmado esta ma\u00f1ana el director general del Instituto de Turismo, Manuel Fern\u00e1ndez-Delgado, y el alcalde del municipio, Marcos Ortu\u00f1o, en un encuentro con el presidente de la Ruta del Vino de Yecla, Juan Pedro Casta\u00f1o,","canonical_url":"https:\/\/eldigitaldeasturias.com\/magazine365\/las-rutas-del-vino-y-el-sector-del-mueble-aunan-esfuerzos-para-potenciar-el-atractivo-turistico-de-yecla\/","robots":"max-image-preview:large","keywords":"noticias y actualidad","webmasterTools":{"google-site-verification":"UA-38556648-1","miscellaneous":""},"schema":{"@context":"https:\/\/schema.org","@graph":[{"@type":"Article","@id":"https:\/\/eldigitaldeasturias.com\/magazine365\/las-rutas-del-vino-y-el-sector-del-mueble-aunan-esfuerzos-para-potenciar-el-atractivo-turistico-de-yecla\/#article","name":"Las Rutas del Vino y el sector del Mueble a\u00fanan esfuerzos para potenciar el atractivo tur\u00edstico de Yecla | El Digital de Asturias","headline":"Las Rutas del Vino y el sector del Mueble a\u00fanan esfuerzos para potenciar el atractivo tur\u00edstico de Yecla","author":{"@id":"https:\/\/eldigitaldeasturias.com\/magazine365\/author\/admin\/#author"},"publisher":{"@id":"https:\/\/eldigitaldeasturias.com\/magazine365\/#organization"},"image":{"@type":"ImageObject","url":"https:\/\/eldigitaldeasturias.com\/magazine365\/wp-content\/uploads\/2016\/01\/fotonoticia_20160113141450_800.jpg","width":800,"height":540},"datePublished":"2016-01-14T01:20:01+01:00","dateModified":"2016-01-14T01:20:01+01:00","inLanguage":"es-ES","mainEntityOfPage":{"@id":"https:\/\/eldigitaldeasturias.com\/magazine365\/las-rutas-del-vino-y-el-sector-del-mueble-aunan-esfuerzos-para-potenciar-el-atractivo-turistico-de-yecla\/#webpage"},"isPartOf":{"@id":"https:\/\/eldigitaldeasturias.com\/magazine365\/las-rutas-del-vino-y-el-sector-del-mueble-aunan-esfuerzos-para-potenciar-el-atractivo-turistico-de-yecla\/#webpage"},"articleSection":"Noticias y Actualidad"},{"@type":"BreadcrumbList","@id":"https:\/\/eldigitaldeasturias.com\/magazine365\/las-rutas-del-vino-y-el-sector-del-mueble-aunan-esfuerzos-para-potenciar-el-atractivo-turistico-de-yecla\/#breadcrumblist","itemListElement":[{"@type":"ListItem","@id":"https:\/\/eldigitaldeasturias.com\/magazine365#listItem","position":1,"name":"Home","item":"https:\/\/eldigitaldeasturias.com\/magazine365","nextItem":{"@type":"ListItem","@id":"https:\/\/eldigitaldeasturias.com\/magazine365\/category\/noticias-actualidad\/#listItem","name":"Noticias y Actualidad"}},{"@type":"ListItem","@id":"https:\/\/eldigitaldeasturias.com\/magazine365\/category\/noticias-actualidad\/#listItem","position":2,"name":"Noticias y Actualidad","item":"https:\/\/eldigitaldeasturias.com\/magazine365\/category\/noticias-actualidad\/","nextItem":{"@type":"ListItem","@id":"https:\/\/eldigitaldeasturias.com\/magazine365\/las-rutas-del-vino-y-el-sector-del-mueble-aunan-esfuerzos-para-potenciar-el-atractivo-turistico-de-yecla\/#listItem","name":"Las Rutas del Vino y el sector del Mueble a\u00fanan esfuerzos para potenciar el atractivo tur\u00edstico de Yecla"},"previousItem":{"@type":"ListItem","@id":"https:\/\/eldigitaldeasturias.com\/magazine365#listItem","name":"Home"}},{"@type":"ListItem","@id":"https:\/\/eldigitaldeasturias.com\/magazine365\/las-rutas-del-vino-y-el-sector-del-mueble-aunan-esfuerzos-para-potenciar-el-atractivo-turistico-de-yecla\/#listItem","position":3,"name":"Las Rutas del Vino y el sector del Mueble a\u00fanan esfuerzos para potenciar el atractivo tur\u00edstico de Yecla","previousItem":{"@type":"ListItem","@id":"https:\/\/eldigitaldeasturias.com\/magazine365\/category\/noticias-actualidad\/#listItem","name":"Noticias y Actualidad"}}]},{"@type":"Organization","@id":"https:\/\/eldigitaldeasturias.com\/magazine365\/#organization","name":"El digital de Asturias","description":"Revista de ocio, turismo y estilo de vida","url":"https:\/\/eldigitaldeasturias.com\/magazine365\/","logo":{"@type":"ImageObject","url":"https:\/\/www.eldigitaldeasturias.com\/noticias\/wp-content\/uploads\/2020\/12\/EDA.jpg","@id":"https:\/\/eldigitaldeasturias.com\/magazine365\/las-rutas-del-vino-y-el-sector-del-mueble-aunan-esfuerzos-para-potenciar-el-atractivo-turistico-de-yecla\/#organizationLogo"},"image":{"@id":"https:\/\/eldigitaldeasturias.com\/magazine365\/las-rutas-del-vino-y-el-sector-del-mueble-aunan-esfuerzos-para-potenciar-el-atractivo-turistico-de-yecla\/#organizationLogo"}},{"@type":"Person","@id":"https:\/\/eldigitaldeasturias.com\/magazine365\/author\/admin\/#author","url":"https:\/\/eldigitaldeasturias.com\/magazine365\/author\/admin\/","name":"admin","image":{"@type":"ImageObject","@id":"https:\/\/eldigitaldeasturias.com\/magazine365\/las-rutas-del-vino-y-el-sector-del-mueble-aunan-esfuerzos-para-potenciar-el-atractivo-turistico-de-yecla\/#authorImage","url":"https:\/\/eldigitaldeasturias.com\/magazine365\/wp-content\/litespeed\/avatar\/e571bcf59a0edd6fa6838245a470f2fe.jpg?ver=1777574230","width":96,"height":96,"caption":"admin"}},{"@type":"WebPage","@id":"https:\/\/eldigitaldeasturias.com\/magazine365\/las-rutas-del-vino-y-el-sector-del-mueble-aunan-esfuerzos-para-potenciar-el-atractivo-turistico-de-yecla\/#webpage","url":"https:\/\/eldigitaldeasturias.com\/magazine365\/las-rutas-del-vino-y-el-sector-del-mueble-aunan-esfuerzos-para-potenciar-el-atractivo-turistico-de-yecla\/","name":"Las Rutas del Vino y el sector del Mueble a\u00fanan esfuerzos para potenciar el atractivo tur\u00edstico de Yecla | El Digital de Asturias","description":"Las Rutas del Vino y el sector del Mueble aunar\u00e1n esfuerzos para potenciar el atractivo tur\u00edstico de Yecla, seg\u00fan han confirmado esta ma\u00f1ana el director general del Instituto de Turismo, Manuel Fern\u00e1ndez-Delgado, y el alcalde del municipio, Marcos Ortu\u00f1o, en un encuentro con el presidente de la Ruta del Vino de Yecla, Juan Pedro Casta\u00f1o,","inLanguage":"es-ES","isPartOf":{"@id":"https:\/\/eldigitaldeasturias.com\/magazine365\/#website"},"breadcrumb":{"@id":"https:\/\/eldigitaldeasturias.com\/magazine365\/las-rutas-del-vino-y-el-sector-del-mueble-aunan-esfuerzos-para-potenciar-el-atractivo-turistico-de-yecla\/#breadcrumblist"},"author":{"@id":"https:\/\/eldigitaldeasturias.com\/magazine365\/author\/admin\/#author"},"creator":{"@id":"https:\/\/eldigitaldeasturias.com\/magazine365\/author\/admin\/#author"},"image":{"@type":"ImageObject","url":"https:\/\/eldigitaldeasturias.com\/magazine365\/wp-content\/uploads\/2016\/01\/fotonoticia_20160113141450_800.jpg","@id":"https:\/\/eldigitaldeasturias.com\/magazine365\/las-rutas-del-vino-y-el-sector-del-mueble-aunan-esfuerzos-para-potenciar-el-atractivo-turistico-de-yecla\/#mainImage","width":800,"height":540},"primaryImageOfPage":{"@id":"https:\/\/eldigitaldeasturias.com\/magazine365\/las-rutas-del-vino-y-el-sector-del-mueble-aunan-esfuerzos-para-potenciar-el-atractivo-turistico-de-yecla\/#mainImage"},"datePublished":"2016-01-14T01:20:01+01:00","dateModified":"2016-01-14T01:20:01+01:00"},{"@type":"WebSite","@id":"https:\/\/eldigitaldeasturias.com\/magazine365\/#website","url":"https:\/\/eldigitaldeasturias.com\/magazine365\/","name":"El Digital de Asturias","description":"Revista de ocio, turismo y estilo de vida","inLanguage":"es-ES","publisher":{"@id":"https:\/\/eldigitaldeasturias.com\/magazine365\/#organization"}}]},"og:locale":"es_ES","og:site_name":"El Digital de Asturias \u2013 Revista de ocio, turismo y estilo de vida","og:type":"article","og:title":"Las Rutas del Vino y el sector del Mueble a\u00fanan esfuerzos para potenciar el atractivo tur\u00edstico de Yecla | El Digital de Asturias","og:description":"Las Rutas del Vino y el sector del Mueble aunar\u00e1n esfuerzos para potenciar el atractivo tur\u00edstico de Yecla, seg\u00fan han confirmado esta ma\u00f1ana el director general del Instituto de Turismo, Manuel Fern\u00e1ndez-Delgado, y el alcalde del municipio, Marcos Ortu\u00f1o, en un encuentro con el presidente de la Ruta del Vino de Yecla, Juan Pedro Casta\u00f1o,","og:url":"https:\/\/eldigitaldeasturias.com\/magazine365\/las-rutas-del-vino-y-el-sector-del-mueble-aunan-esfuerzos-para-potenciar-el-atractivo-turistico-de-yecla\/","og:image":"https:\/\/eldigitaldeasturias.com\/magazine365\/wp-content\/uploads\/2016\/01\/fotonoticia_20160113141450_800.jpg","og:image:secure_url":"https:\/\/eldigitaldeasturias.com\/magazine365\/wp-content\/uploads\/2016\/01\/fotonoticia_20160113141450_800.jpg","og:image:width":800,"og:image:height":540,"article:published_time":"2016-01-14T00:20:01+00:00","article:modified_time":"2016-01-14T00:20:01+00:00","twitter:card":"summary_large_image","twitter:title":"Las Rutas del Vino y el sector del Mueble a\u00fanan esfuerzos para potenciar el atractivo tur\u00edstico de Yecla | El Digital de Asturias","twitter:description":"Las Rutas del Vino y el sector del Mueble aunar\u00e1n esfuerzos para potenciar el atractivo tur\u00edstico de Yecla, seg\u00fan han confirmado esta ma\u00f1ana el director general del Instituto de Turismo, Manuel Fern\u00e1ndez-Delgado, y el alcalde del municipio, Marcos Ortu\u00f1o, en un encuentro con el presidente de la Ruta del Vino de Yecla, Juan Pedro Casta\u00f1o,","twitter:image":"https:\/\/eldigitaldeasturias.com\/magazine365\/wp-content\/uploads\/2016\/01\/fotonoticia_20160113141450_800.jpg"},"aioseo_meta_data":{"post_id":"60518","title":null,"description":null,"keywords":null,"keyphrases":null,"primary_term":null,"canonical_url":null,"og_title":null,"og_description":null,"og_object_type":"default","og_image_type":"default","og_image_url":null,"og_image_width":null,"og_image_height":null,"og_image_custom_url":null,"og_image_custom_fields":null,"og_video":null,"og_custom_url":null,"og_article_section":null,"og_article_tags":null,"twitter_use_og":false,"twitter_card":"default","twitter_image_type":"default","twitter_image_url":null,"twitter_image_custom_url":null,"twitter_image_custom_fields":null,"twitter_title":null,"twitter_description":null,"schema":{"blockGraphs":[],"customGraphs":[],"default":{"data":{"Article":[],"Course":[],"Dataset":[],"FAQPage":[],"Movie":[],"Person":[],"Product":[],"ProductReview":[],"Car":[],"Recipe":[],"Service":[],"SoftwareApplication":[],"WebPage":[]},"graphName":"","isEnabled":true},"graphs":[],"defaultGraph":"","defaultPostTypeGraph":""},"schema_type":null,"schema_type_options":null,"pillar_content":false,"robots_default":true,"robots_noindex":false,"robots_noarchive":false,"robots_nosnippet":false,"robots_nofollow":false,"robots_noimageindex":false,"robots_noodp":false,"robots_notranslate":false,"robots_max_snippet":null,"robots_max_videopreview":null,"robots_max_imagepreview":"large","priority":null,"frequency":null,"location":null,"local_seo":null,"seo_analyzer_scan_date":"2025-09-25 07:02:07","breadcrumb_settings":null,"limit_modified_date":false,"open_ai":null,"ai":null,"created":"2021-03-08 21:58:49","updated":"2025-09-25 07:02:07"},"aioseo_breadcrumb":"<div class=\"aioseo-breadcrumbs\"><span class=\"aioseo-breadcrumb\">\n\t<a href=\"https:\/\/eldigitaldeasturias.com\/magazine365\" title=\"Home\">Home<\/a>\n<\/span><span class=\"aioseo-breadcrumb-separator\">\u2013<\/span><span class=\"aioseo-breadcrumb\">\n\t<a href=\"https:\/\/eldigitaldeasturias.com\/magazine365\/category\/noticias-actualidad\/\" title=\"Noticias y Actualidad\">Noticias y Actualidad<\/a>\n<\/span><span class=\"aioseo-breadcrumb-separator\">\u2013<\/span><span class=\"aioseo-breadcrumb\">\n\t<a href=\"https:\/\/eldigitaldeasturias.com\/magazine365\/las-rutas-del-vino-y-el-sector-del-mueble-aunan-esfuerzos-para-potenciar-el-atractivo-turistico-de-yecla\/\" title=\"Las Rutas del Vino y el sector del Mueble a\u00fanan esfuerzos para potenciar el atractivo tur\u00edstico de Yecla\">Las Rutas del Vino y el sector del Mueble a\u00fanan esfuerzos para potenciar el atractivo tur\u00edstico de Yecla<\/a>\n<\/span><\/div>","aioseo_breadcrumb_json":[{"label":"Home","link":"https:\/\/eldigitaldeasturias.com\/magazine365"},{"label":"Noticias y Actualidad","link":"https:\/\/eldigitaldeasturias.com\/magazine365\/category\/noticias-actualidad\/"},{"label":"Las Rutas del Vino y el sector del Mueble a\u00fanan esfuerzos para potenciar el atractivo tur\u00edstico de Yecla","link":"https:\/\/eldigitaldeasturias.com\/magazine365\/las-rutas-del-vino-y-el-sector-del-mueble-aunan-esfuerzos-para-potenciar-el-atractivo-turistico-de-yecla\/"}],"_links":{"self":[{"href":"https:\/\/eldigitaldeasturias.com\/magazine365\/wp-json\/wp\/v2\/posts\/60518","targetHints":{"allow":["GET"]}}],"collection":[{"href":"https:\/\/eldigitaldeasturias.com\/magazine365\/wp-json\/wp\/v2\/posts"}],"about":[{"href":"https:\/\/eldigitaldeasturias.com\/magazine365\/wp-json\/wp\/v2\/types\/post"}],"author":[{"embeddable":true,"href":"https:\/\/eldigitaldeasturias.com\/magazine365\/wp-json\/wp\/v2\/users\/1"}],"replies":[{"embeddable":true,"href":"https:\/\/eldigitaldeasturias.com\/magazine365\/wp-json\/wp\/v2\/comments?post=60518"}],"version-history":[{"count":0,"href":"https:\/\/eldigitaldeasturias.com\/magazine365\/wp-json\/wp\/v2\/posts\/60518\/revisions"}],"wp:featuredmedia":[{"embeddable":true,"href":"https:\/\/eldigitaldeasturias.com\/magazine365\/wp-json\/wp\/v2\/media\/60519"}],"wp:attachment":[{"href":"https:\/\/eldigitaldeasturias.com\/magazine365\/wp-json\/wp\/v2\/media?parent=60518"}],"wp:term":[{"taxonomy":"category","embeddable":true,"href":"https:\/\/eldigitaldeasturias.com\/magazine365\/wp-json\/wp\/v2\/categories?post=60518"},{"taxonomy":"post_tag","embeddable":true,"href":"https:\/\/eldigitaldeasturias.com\/magazine365\/wp-json\/wp\/v2\/tags?post=60518"}],"curies":[{"name":"wp","href":"https:\/\/api.w.org\/{rel}","templated":true}]}}