{"id":60509,"date":"2016-01-14T01:17:12","date_gmt":"2016-01-14T00:17:12","guid":{"rendered":"http:\/\/eldigitaldeasturias.com\/magazine365\/?p=60509"},"modified":"2016-01-14T01:17:12","modified_gmt":"2016-01-14T00:17:12","slug":"canarias-acudira-a-fitur-reforzada-por-el-despegue-definitivo-del-mercado-nacional-en-la-islas","status":"publish","type":"post","link":"https:\/\/eldigitaldeasturias.com\/magazine365\/canarias-acudira-a-fitur-reforzada-por-el-despegue-definitivo-del-mercado-nacional-en-la-islas\/","title":{"rendered":"Canarias acudir\u00e1 a Fitur reforzada por el \u00abdespegue definitivo\u00bb del mercado nacional en la islas"},"content":{"rendered":"<p><img fetchpriority=\"high\" decoding=\"async\" class=\"alignleft size-medium wp-image-60510\" src=\"https:\/\/eldigitaldeasturias.com\/magazine365\/wp-content\/uploads\/2016\/01\/fotonoticia_20160113140941_800-360x240.jpg\" alt=\"fotonoticia_20160113140941_800\" width=\"360\" height=\"240\" srcset=\"https:\/\/eldigitaldeasturias.com\/magazine365\/wp-content\/uploads\/2016\/01\/fotonoticia_20160113140941_800-360x240.jpg 360w, https:\/\/eldigitaldeasturias.com\/magazine365\/wp-content\/uploads\/2016\/01\/fotonoticia_20160113140941_800-650x434.jpg 650w, https:\/\/eldigitaldeasturias.com\/magazine365\/wp-content\/uploads\/2016\/01\/fotonoticia_20160113140941_800-768x513.jpg 768w, https:\/\/eldigitaldeasturias.com\/magazine365\/wp-content\/uploads\/2016\/01\/fotonoticia_20160113140941_800-150x100.jpg 150w, https:\/\/eldigitaldeasturias.com\/magazine365\/wp-content\/uploads\/2016\/01\/fotonoticia_20160113140941_800-450x300.jpg 450w, https:\/\/eldigitaldeasturias.com\/magazine365\/wp-content\/uploads\/2016\/01\/fotonoticia_20160113140941_800-696x465.jpg 696w, https:\/\/eldigitaldeasturias.com\/magazine365\/wp-content\/uploads\/2016\/01\/fotonoticia_20160113140941_800-629x420.jpg 629w, https:\/\/eldigitaldeasturias.com\/magazine365\/wp-content\/uploads\/2016\/01\/fotonoticia_20160113140941_800-101x66.jpg 101w, https:\/\/eldigitaldeasturias.com\/magazine365\/wp-content\/uploads\/2016\/01\/fotonoticia_20160113140941_800.jpg 800w\" sizes=\"(max-width: 360px) 100vw, 360px\" \/>Islas Canarias acudir\u00e1 la Feria Internacional de Turismo, Fitur 2016, que tendr\u00e1 lugar entre el 20 y el 24 de enero en Madrid, reforzada por el \u00abdespegue definitivo\u00bb del mercado nacional en la islas, que se ha recuperado un 7% durante el \u00faltimo a\u00f1o, manifest\u00f3 este mi\u00e9rcoles la consejera de Turismo, Cultura y Deportes del Gobierno de Canarias, Mar\u00eda Teresa Lorenzo.<\/p>\n<p>De esta manera, el archipi\u00e9lago participar\u00e1 en esta edici\u00f3n con un pabell\u00f3n de 1.500 metros cuadrados, cofinanciado en un 85 por ciento por el Fondo Europeo de Desarrollo Regional FEDER, seg\u00fan inform\u00f3 el Ejecutivo regional en una nota de prensa.<\/p>\n<p>\u00abCanarias acude a Fitur reforzada ante la recuperaci\u00f3n del turismo nacional en un 7% durante 2015. Las Islas Canarias cerrar\u00e1n el a\u00f1o con 13,2 millones de turistas y una facturaci\u00f3n superior a los 15 mil millones de euros\u00bb, dijo Lorenzo, que explic\u00f3 que \u00abla Pen\u00ednsula se mantiene, a pesar del fuerte descenso durante la crisis, como el tercer mercado emisor por n\u00famero de turistas para las islas\u00bb.<\/p>\n<p>Aqu\u00ed, a\u00f1adi\u00f3 que hay grandes expectativas para el mercado nacional, tal y como refleja el aumento en el n\u00famero de plazas programadas por las compa\u00f1\u00edas \u00e1reas para la temporada de invierno e, incluso, la de verano.<\/p>\n<p>En este sentido, entre noviembre de 2015 y octubre de 2016, seg\u00fan los datos de PROMOTUR, este incremento de la conectividad regular se cifra en 330 mil plazas adicionales para el mercado peninsular y de 1,3 millones en conjunto.<\/p>\n<p>CONSOLIDAR ESTE CRECIMIENTO<\/p>\n<p>En este contexto, la consejera de Turismo anunci\u00f3 que la presencia de la marca tur\u00edstica Islas Canarias en la edici\u00f3n de este a\u00f1o de Fitur \u00abest\u00e1 orientada principalmente al objetivo de consolidar este crecimiento apoyado en las favorables perspectivas de mejora de la demanda de viajes en Espa\u00f1a\u00bb. \u00abTenemos que seguir trabajando para alcanzar los 2,7 millones de turistas peninsulares que nos visitaron en 2007\u00bb, apunt\u00f3.<\/p>\n<p>\u00abPara desarrollar ese trabajo &#8211;matiz\u00f3&#8211;, la feria, en la que el Gobierno de Canarias dar\u00e1 cobertura a todas las Islas y todo el sector tur\u00edstico empresarial, contin\u00faa siendo un instrumento profesional muy v\u00e1lido\u00bb.<\/p>\n<p>Por eso, indic\u00f3 \u00abel Gobierno tendr\u00e1 una intensa agenda de reuniones con l\u00edneas a\u00e9reas, touroperadores, oficinas espa\u00f1olas de turismo en el extranjero y medios de comunicaci\u00f3n internacionales y nacionales\u00bb.<\/p>\n<p>PONER EN VALOR LA OFERTA DE LAS ISLAS<\/p>\n<p>Por su parte, la gerente de PROMOTUR, Mar\u00eda M\u00e9ndez, manifest\u00f3 que la marca tur\u00edstica Islas Canarias tiene, entre sus objetivos para este a\u00f1o, poner en valor, m\u00e1s a\u00fan, su amplia y diversa oferta tur\u00edstica a trav\u00e9s del concepto Sol y Playa Plus, \u00abuna nueva manera de acercar la identidad canaria, la gastronom\u00eda, la cultura y el patrimonio hist\u00f3rico a los potenciales visitantes\u00bb.<\/p>\n<p>Para los responsables de la promoci\u00f3n tur\u00edstica del archipi\u00e9lago, el turista peninsular ha acreditado siempre un especial inter\u00e9s en disfrutar del destino desde una perspectiva global, adem\u00e1s del sol y playa tradicional.<\/p>\n<p>En ese mismo sentido, la participaci\u00f3n de las Islas Canaria en Fitur, con un pabell\u00f3n de 1.500 m2, servir\u00e1, de acuerdo con su ambiciosa estrategia de diversificaci\u00f3n de clientes, para promocionar sus distintas plataformas de comunicaci\u00f3n dirigidas a segmentos de clientes con motivaciones espec\u00edficas, otro de sus argumentos promocionales: amantes del senderismo, practicantes de los deportes de viento y olas y de los deportes de aventura o golfistas son algunos de estos segmentos en crecimiento a los que la promoci\u00f3n tur\u00edstica canaria presta cada d\u00eda mayor atenci\u00f3n por su elevado inter\u00e9s.<\/p>\n<p>Por su parte, para la construcci\u00f3n del stand se ha optado por dar continuidad a la l\u00ednea creativa que result\u00f3 premiada en la pasada World Travel Market de Londres como garant\u00eda de \u00e9xito. El pabell\u00f3n, en el que cada Isla contar\u00e1 con su espacio exclusivo, estar\u00e1 equipado con una espectacular megapantalla LED de formas curvas que colgar\u00e1 del techo.<\/p>\n<p>Con m\u00e1s de 100 m2 de superficie, esta instalaci\u00f3n permite la proyecci\u00f3n de audiovisuales de gran formato y constituye el elemento m\u00e1s destacado de un proyecto de gran impacto visual que adem\u00e1s cuenta con otras 15 pantallas y 400 m2 de fotograf\u00edas.<\/p>\n<p>Adem\u00e1s, el stand de las Islas Canarias prestar\u00e1 especial atenci\u00f3n a la oferta de productos canarios agroalimentarios con una zona de degustaci\u00f3n gestionada por el Instituto Canario de Calidad Agroalimentaria, dependiente de la Consejer\u00eda de Agricultura, Ganader\u00eda, Pesca y Aguas.<\/p>\n","protected":false},"excerpt":{"rendered":"<p>Islas Canarias acudir\u00e1 la Feria Internacional de Turismo, Fitur 2016, que tendr\u00e1 lugar entre el 20 y el 24 de enero en Madrid, reforzada por el \u00abdespegue definitivo\u00bb del mercado nacional en la islas, que se ha recuperado un 7% durante el \u00faltimo a\u00f1o, manifest\u00f3 este mi\u00e9rcoles la consejera de Turismo, Cultura y Deportes del<\/p>\n","protected":false},"author":1,"featured_media":60510,"comment_status":"open","ping_status":"closed","sticky":false,"template":"","format":"standard","meta":{"footnotes":""},"categories":[224],"tags":[],"class_list":{"0":"post-60509","1":"post","2":"type-post","3":"status-publish","4":"format-standard","5":"has-post-thumbnail","7":"category-noticias-actualidad"},"aioseo_notices":[],"aioseo_head":"\n\t\t<!-- All in One SEO Pro 4.9.6.1 - aioseo.com -->\n\t<meta name=\"description\" content=\"Islas Canarias acudir\u00e1 la Feria Internacional de Turismo, Fitur 2016, que tendr\u00e1 lugar entre el 20 y el 24 de enero en Madrid, reforzada por el &quot;despegue definitivo&quot; del mercado nacional en la islas, que se ha recuperado un 7% durante el \u00faltimo a\u00f1o, manifest\u00f3 este mi\u00e9rcoles la consejera de Turismo, Cultura y Deportes del\" \/>\n\t<meta name=\"robots\" content=\"max-image-preview:large\" \/>\n\t<meta name=\"author\" content=\"admin\"\/>\n\t<meta name=\"google-site-verification\" content=\"UA-38556648-1\" \/>\n\t<meta name=\"keywords\" content=\"noticias y actualidad\" \/>\n\t<link rel=\"canonical\" href=\"https:\/\/eldigitaldeasturias.com\/magazine365\/canarias-acudira-a-fitur-reforzada-por-el-despegue-definitivo-del-mercado-nacional-en-la-islas\/\" \/>\n\t<meta name=\"generator\" content=\"All in One SEO Pro (AIOSEO) 4.9.6.1\" \/>\n\t\t<meta property=\"og:locale\" content=\"es_ES\" \/>\n\t\t<meta property=\"og:site_name\" content=\"El Digital de Asturias \u2013 Revista de ocio, turismo y estilo de vida\" \/>\n\t\t<meta property=\"og:type\" content=\"article\" \/>\n\t\t<meta property=\"og:title\" content=\"Canarias acudir\u00e1 a Fitur reforzada por el \u00abdespegue definitivo\u00bb del mercado nacional en la islas | El Digital de Asturias\" \/>\n\t\t<meta property=\"og:description\" content=\"Islas Canarias acudir\u00e1 la Feria Internacional de Turismo, Fitur 2016, que tendr\u00e1 lugar entre el 20 y el 24 de enero en Madrid, reforzada por el &quot;despegue definitivo&quot; del mercado nacional en la islas, que se ha recuperado un 7% durante el \u00faltimo a\u00f1o, manifest\u00f3 este mi\u00e9rcoles la consejera de Turismo, Cultura y Deportes del\" \/>\n\t\t<meta property=\"og:url\" content=\"https:\/\/eldigitaldeasturias.com\/magazine365\/canarias-acudira-a-fitur-reforzada-por-el-despegue-definitivo-del-mercado-nacional-en-la-islas\/\" \/>\n\t\t<meta property=\"og:image\" content=\"https:\/\/eldigitaldeasturias.com\/magazine365\/wp-content\/uploads\/2016\/01\/fotonoticia_20160113140941_800.jpg\" \/>\n\t\t<meta property=\"og:image:secure_url\" content=\"https:\/\/eldigitaldeasturias.com\/magazine365\/wp-content\/uploads\/2016\/01\/fotonoticia_20160113140941_800.jpg\" \/>\n\t\t<meta property=\"og:image:width\" content=\"800\" \/>\n\t\t<meta property=\"og:image:height\" content=\"534\" \/>\n\t\t<meta property=\"article:published_time\" content=\"2016-01-14T00:17:12+00:00\" \/>\n\t\t<meta property=\"article:modified_time\" content=\"2016-01-14T00:17:12+00:00\" \/>\n\t\t<meta name=\"twitter:card\" content=\"summary_large_image\" \/>\n\t\t<meta name=\"twitter:title\" content=\"Canarias acudir\u00e1 a Fitur reforzada por el \u00abdespegue definitivo\u00bb del mercado nacional en la islas | El Digital de Asturias\" \/>\n\t\t<meta name=\"twitter:description\" content=\"Islas Canarias acudir\u00e1 la Feria Internacional de Turismo, Fitur 2016, que tendr\u00e1 lugar entre el 20 y el 24 de enero en Madrid, reforzada por el &quot;despegue definitivo&quot; del mercado nacional en la islas, que se ha recuperado un 7% durante el \u00faltimo a\u00f1o, manifest\u00f3 este mi\u00e9rcoles la consejera de Turismo, Cultura y Deportes del\" \/>\n\t\t<meta name=\"twitter:image\" content=\"https:\/\/eldigitaldeasturias.com\/magazine365\/wp-content\/uploads\/2016\/01\/fotonoticia_20160113140941_800.jpg\" \/>\n\t\t<script type=\"application\/ld+json\" class=\"aioseo-schema\">\n\t\t\t{\"@context\":\"https:\\\/\\\/schema.org\",\"@graph\":[{\"@type\":\"Article\",\"@id\":\"https:\\\/\\\/eldigitaldeasturias.com\\\/magazine365\\\/canarias-acudira-a-fitur-reforzada-por-el-despegue-definitivo-del-mercado-nacional-en-la-islas\\\/#article\",\"name\":\"Canarias acudir\\u00e1 a Fitur reforzada por el \\u00abdespegue definitivo\\u00bb del mercado nacional en la islas | El Digital de Asturias\",\"headline\":\"Canarias acudir\\u00e1 a Fitur reforzada por el \\u00abdespegue definitivo\\u00bb del mercado nacional en la islas\",\"author\":{\"@id\":\"https:\\\/\\\/eldigitaldeasturias.com\\\/magazine365\\\/author\\\/admin\\\/#author\"},\"publisher\":{\"@id\":\"https:\\\/\\\/eldigitaldeasturias.com\\\/magazine365\\\/#organization\"},\"image\":{\"@type\":\"ImageObject\",\"url\":\"https:\\\/\\\/eldigitaldeasturias.com\\\/magazine365\\\/wp-content\\\/uploads\\\/2016\\\/01\\\/fotonoticia_20160113140941_800.jpg\",\"width\":800,\"height\":534},\"datePublished\":\"2016-01-14T01:17:12+01:00\",\"dateModified\":\"2016-01-14T01:17:12+01:00\",\"inLanguage\":\"es-ES\",\"mainEntityOfPage\":{\"@id\":\"https:\\\/\\\/eldigitaldeasturias.com\\\/magazine365\\\/canarias-acudira-a-fitur-reforzada-por-el-despegue-definitivo-del-mercado-nacional-en-la-islas\\\/#webpage\"},\"isPartOf\":{\"@id\":\"https:\\\/\\\/eldigitaldeasturias.com\\\/magazine365\\\/canarias-acudira-a-fitur-reforzada-por-el-despegue-definitivo-del-mercado-nacional-en-la-islas\\\/#webpage\"},\"articleSection\":\"Noticias y Actualidad\"},{\"@type\":\"BreadcrumbList\",\"@id\":\"https:\\\/\\\/eldigitaldeasturias.com\\\/magazine365\\\/canarias-acudira-a-fitur-reforzada-por-el-despegue-definitivo-del-mercado-nacional-en-la-islas\\\/#breadcrumblist\",\"itemListElement\":[{\"@type\":\"ListItem\",\"@id\":\"https:\\\/\\\/eldigitaldeasturias.com\\\/magazine365#listItem\",\"position\":1,\"name\":\"Home\",\"item\":\"https:\\\/\\\/eldigitaldeasturias.com\\\/magazine365\",\"nextItem\":{\"@type\":\"ListItem\",\"@id\":\"https:\\\/\\\/eldigitaldeasturias.com\\\/magazine365\\\/category\\\/noticias-actualidad\\\/#listItem\",\"name\":\"Noticias y Actualidad\"}},{\"@type\":\"ListItem\",\"@id\":\"https:\\\/\\\/eldigitaldeasturias.com\\\/magazine365\\\/category\\\/noticias-actualidad\\\/#listItem\",\"position\":2,\"name\":\"Noticias y Actualidad\",\"item\":\"https:\\\/\\\/eldigitaldeasturias.com\\\/magazine365\\\/category\\\/noticias-actualidad\\\/\",\"nextItem\":{\"@type\":\"ListItem\",\"@id\":\"https:\\\/\\\/eldigitaldeasturias.com\\\/magazine365\\\/canarias-acudira-a-fitur-reforzada-por-el-despegue-definitivo-del-mercado-nacional-en-la-islas\\\/#listItem\",\"name\":\"Canarias acudir\\u00e1 a Fitur reforzada por el \\u00abdespegue definitivo\\u00bb del mercado nacional en la islas\"},\"previousItem\":{\"@type\":\"ListItem\",\"@id\":\"https:\\\/\\\/eldigitaldeasturias.com\\\/magazine365#listItem\",\"name\":\"Home\"}},{\"@type\":\"ListItem\",\"@id\":\"https:\\\/\\\/eldigitaldeasturias.com\\\/magazine365\\\/canarias-acudira-a-fitur-reforzada-por-el-despegue-definitivo-del-mercado-nacional-en-la-islas\\\/#listItem\",\"position\":3,\"name\":\"Canarias acudir\\u00e1 a Fitur reforzada por el \\u00abdespegue definitivo\\u00bb del mercado nacional en la islas\",\"previousItem\":{\"@type\":\"ListItem\",\"@id\":\"https:\\\/\\\/eldigitaldeasturias.com\\\/magazine365\\\/category\\\/noticias-actualidad\\\/#listItem\",\"name\":\"Noticias y Actualidad\"}}]},{\"@type\":\"Organization\",\"@id\":\"https:\\\/\\\/eldigitaldeasturias.com\\\/magazine365\\\/#organization\",\"name\":\"El digital de Asturias\",\"description\":\"Revista de ocio, turismo y estilo de vida\",\"url\":\"https:\\\/\\\/eldigitaldeasturias.com\\\/magazine365\\\/\",\"logo\":{\"@type\":\"ImageObject\",\"url\":\"https:\\\/\\\/www.eldigitaldeasturias.com\\\/noticias\\\/wp-content\\\/uploads\\\/2020\\\/12\\\/EDA.jpg\",\"@id\":\"https:\\\/\\\/eldigitaldeasturias.com\\\/magazine365\\\/canarias-acudira-a-fitur-reforzada-por-el-despegue-definitivo-del-mercado-nacional-en-la-islas\\\/#organizationLogo\"},\"image\":{\"@id\":\"https:\\\/\\\/eldigitaldeasturias.com\\\/magazine365\\\/canarias-acudira-a-fitur-reforzada-por-el-despegue-definitivo-del-mercado-nacional-en-la-islas\\\/#organizationLogo\"}},{\"@type\":\"Person\",\"@id\":\"https:\\\/\\\/eldigitaldeasturias.com\\\/magazine365\\\/author\\\/admin\\\/#author\",\"url\":\"https:\\\/\\\/eldigitaldeasturias.com\\\/magazine365\\\/author\\\/admin\\\/\",\"name\":\"admin\",\"image\":{\"@type\":\"ImageObject\",\"@id\":\"https:\\\/\\\/eldigitaldeasturias.com\\\/magazine365\\\/canarias-acudira-a-fitur-reforzada-por-el-despegue-definitivo-del-mercado-nacional-en-la-islas\\\/#authorImage\",\"url\":\"https:\\\/\\\/eldigitaldeasturias.com\\\/magazine365\\\/wp-content\\\/litespeed\\\/avatar\\\/e571bcf59a0edd6fa6838245a470f2fe.jpg?ver=1777574230\",\"width\":96,\"height\":96,\"caption\":\"admin\"}},{\"@type\":\"WebPage\",\"@id\":\"https:\\\/\\\/eldigitaldeasturias.com\\\/magazine365\\\/canarias-acudira-a-fitur-reforzada-por-el-despegue-definitivo-del-mercado-nacional-en-la-islas\\\/#webpage\",\"url\":\"https:\\\/\\\/eldigitaldeasturias.com\\\/magazine365\\\/canarias-acudira-a-fitur-reforzada-por-el-despegue-definitivo-del-mercado-nacional-en-la-islas\\\/\",\"name\":\"Canarias acudir\\u00e1 a Fitur reforzada por el \\u00abdespegue definitivo\\u00bb del mercado nacional en la islas | El Digital de Asturias\",\"description\":\"Islas Canarias acudir\\u00e1 la Feria Internacional de Turismo, Fitur 2016, que tendr\\u00e1 lugar entre el 20 y el 24 de enero en Madrid, reforzada por el \\\"despegue definitivo\\\" del mercado nacional en la islas, que se ha recuperado un 7% durante el \\u00faltimo a\\u00f1o, manifest\\u00f3 este mi\\u00e9rcoles la consejera de Turismo, Cultura y Deportes del\",\"inLanguage\":\"es-ES\",\"isPartOf\":{\"@id\":\"https:\\\/\\\/eldigitaldeasturias.com\\\/magazine365\\\/#website\"},\"breadcrumb\":{\"@id\":\"https:\\\/\\\/eldigitaldeasturias.com\\\/magazine365\\\/canarias-acudira-a-fitur-reforzada-por-el-despegue-definitivo-del-mercado-nacional-en-la-islas\\\/#breadcrumblist\"},\"author\":{\"@id\":\"https:\\\/\\\/eldigitaldeasturias.com\\\/magazine365\\\/author\\\/admin\\\/#author\"},\"creator\":{\"@id\":\"https:\\\/\\\/eldigitaldeasturias.com\\\/magazine365\\\/author\\\/admin\\\/#author\"},\"image\":{\"@type\":\"ImageObject\",\"url\":\"https:\\\/\\\/eldigitaldeasturias.com\\\/magazine365\\\/wp-content\\\/uploads\\\/2016\\\/01\\\/fotonoticia_20160113140941_800.jpg\",\"@id\":\"https:\\\/\\\/eldigitaldeasturias.com\\\/magazine365\\\/canarias-acudira-a-fitur-reforzada-por-el-despegue-definitivo-del-mercado-nacional-en-la-islas\\\/#mainImage\",\"width\":800,\"height\":534},\"primaryImageOfPage\":{\"@id\":\"https:\\\/\\\/eldigitaldeasturias.com\\\/magazine365\\\/canarias-acudira-a-fitur-reforzada-por-el-despegue-definitivo-del-mercado-nacional-en-la-islas\\\/#mainImage\"},\"datePublished\":\"2016-01-14T01:17:12+01:00\",\"dateModified\":\"2016-01-14T01:17:12+01:00\"},{\"@type\":\"WebSite\",\"@id\":\"https:\\\/\\\/eldigitaldeasturias.com\\\/magazine365\\\/#website\",\"url\":\"https:\\\/\\\/eldigitaldeasturias.com\\\/magazine365\\\/\",\"name\":\"El Digital de Asturias\",\"description\":\"Revista de ocio, turismo y estilo de vida\",\"inLanguage\":\"es-ES\",\"publisher\":{\"@id\":\"https:\\\/\\\/eldigitaldeasturias.com\\\/magazine365\\\/#organization\"}}]}\n\t\t<\/script>\n\t\t<!-- All in One SEO Pro -->\r\n\t\t<title>Canarias acudir\u00e1 a Fitur reforzada por el \u00abdespegue definitivo\u00bb del mercado nacional en la islas | El Digital de Asturias<\/title>\n\n","aioseo_head_json":{"title":"Canarias acudir\u00e1 a Fitur reforzada por el \u00abdespegue definitivo\u00bb del mercado nacional en la islas | El Digital de Asturias","description":"Islas Canarias acudir\u00e1 la Feria Internacional de Turismo, Fitur 2016, que tendr\u00e1 lugar entre el 20 y el 24 de enero en Madrid, reforzada por el \"despegue definitivo\" del mercado nacional en la islas, que se ha recuperado un 7% durante el \u00faltimo a\u00f1o, manifest\u00f3 este mi\u00e9rcoles la consejera de Turismo, Cultura y Deportes del","canonical_url":"https:\/\/eldigitaldeasturias.com\/magazine365\/canarias-acudira-a-fitur-reforzada-por-el-despegue-definitivo-del-mercado-nacional-en-la-islas\/","robots":"max-image-preview:large","keywords":"noticias y actualidad","webmasterTools":{"google-site-verification":"UA-38556648-1","miscellaneous":""},"schema":{"@context":"https:\/\/schema.org","@graph":[{"@type":"Article","@id":"https:\/\/eldigitaldeasturias.com\/magazine365\/canarias-acudira-a-fitur-reforzada-por-el-despegue-definitivo-del-mercado-nacional-en-la-islas\/#article","name":"Canarias acudir\u00e1 a Fitur reforzada por el \u00abdespegue definitivo\u00bb del mercado nacional en la islas | El Digital de Asturias","headline":"Canarias acudir\u00e1 a Fitur reforzada por el \u00abdespegue definitivo\u00bb del mercado nacional en la islas","author":{"@id":"https:\/\/eldigitaldeasturias.com\/magazine365\/author\/admin\/#author"},"publisher":{"@id":"https:\/\/eldigitaldeasturias.com\/magazine365\/#organization"},"image":{"@type":"ImageObject","url":"https:\/\/eldigitaldeasturias.com\/magazine365\/wp-content\/uploads\/2016\/01\/fotonoticia_20160113140941_800.jpg","width":800,"height":534},"datePublished":"2016-01-14T01:17:12+01:00","dateModified":"2016-01-14T01:17:12+01:00","inLanguage":"es-ES","mainEntityOfPage":{"@id":"https:\/\/eldigitaldeasturias.com\/magazine365\/canarias-acudira-a-fitur-reforzada-por-el-despegue-definitivo-del-mercado-nacional-en-la-islas\/#webpage"},"isPartOf":{"@id":"https:\/\/eldigitaldeasturias.com\/magazine365\/canarias-acudira-a-fitur-reforzada-por-el-despegue-definitivo-del-mercado-nacional-en-la-islas\/#webpage"},"articleSection":"Noticias y Actualidad"},{"@type":"BreadcrumbList","@id":"https:\/\/eldigitaldeasturias.com\/magazine365\/canarias-acudira-a-fitur-reforzada-por-el-despegue-definitivo-del-mercado-nacional-en-la-islas\/#breadcrumblist","itemListElement":[{"@type":"ListItem","@id":"https:\/\/eldigitaldeasturias.com\/magazine365#listItem","position":1,"name":"Home","item":"https:\/\/eldigitaldeasturias.com\/magazine365","nextItem":{"@type":"ListItem","@id":"https:\/\/eldigitaldeasturias.com\/magazine365\/category\/noticias-actualidad\/#listItem","name":"Noticias y Actualidad"}},{"@type":"ListItem","@id":"https:\/\/eldigitaldeasturias.com\/magazine365\/category\/noticias-actualidad\/#listItem","position":2,"name":"Noticias y Actualidad","item":"https:\/\/eldigitaldeasturias.com\/magazine365\/category\/noticias-actualidad\/","nextItem":{"@type":"ListItem","@id":"https:\/\/eldigitaldeasturias.com\/magazine365\/canarias-acudira-a-fitur-reforzada-por-el-despegue-definitivo-del-mercado-nacional-en-la-islas\/#listItem","name":"Canarias acudir\u00e1 a Fitur reforzada por el \u00abdespegue definitivo\u00bb del mercado nacional en la islas"},"previousItem":{"@type":"ListItem","@id":"https:\/\/eldigitaldeasturias.com\/magazine365#listItem","name":"Home"}},{"@type":"ListItem","@id":"https:\/\/eldigitaldeasturias.com\/magazine365\/canarias-acudira-a-fitur-reforzada-por-el-despegue-definitivo-del-mercado-nacional-en-la-islas\/#listItem","position":3,"name":"Canarias acudir\u00e1 a Fitur reforzada por el \u00abdespegue definitivo\u00bb del mercado nacional en la islas","previousItem":{"@type":"ListItem","@id":"https:\/\/eldigitaldeasturias.com\/magazine365\/category\/noticias-actualidad\/#listItem","name":"Noticias y Actualidad"}}]},{"@type":"Organization","@id":"https:\/\/eldigitaldeasturias.com\/magazine365\/#organization","name":"El digital de Asturias","description":"Revista de ocio, turismo y estilo de vida","url":"https:\/\/eldigitaldeasturias.com\/magazine365\/","logo":{"@type":"ImageObject","url":"https:\/\/www.eldigitaldeasturias.com\/noticias\/wp-content\/uploads\/2020\/12\/EDA.jpg","@id":"https:\/\/eldigitaldeasturias.com\/magazine365\/canarias-acudira-a-fitur-reforzada-por-el-despegue-definitivo-del-mercado-nacional-en-la-islas\/#organizationLogo"},"image":{"@id":"https:\/\/eldigitaldeasturias.com\/magazine365\/canarias-acudira-a-fitur-reforzada-por-el-despegue-definitivo-del-mercado-nacional-en-la-islas\/#organizationLogo"}},{"@type":"Person","@id":"https:\/\/eldigitaldeasturias.com\/magazine365\/author\/admin\/#author","url":"https:\/\/eldigitaldeasturias.com\/magazine365\/author\/admin\/","name":"admin","image":{"@type":"ImageObject","@id":"https:\/\/eldigitaldeasturias.com\/magazine365\/canarias-acudira-a-fitur-reforzada-por-el-despegue-definitivo-del-mercado-nacional-en-la-islas\/#authorImage","url":"https:\/\/eldigitaldeasturias.com\/magazine365\/wp-content\/litespeed\/avatar\/e571bcf59a0edd6fa6838245a470f2fe.jpg?ver=1777574230","width":96,"height":96,"caption":"admin"}},{"@type":"WebPage","@id":"https:\/\/eldigitaldeasturias.com\/magazine365\/canarias-acudira-a-fitur-reforzada-por-el-despegue-definitivo-del-mercado-nacional-en-la-islas\/#webpage","url":"https:\/\/eldigitaldeasturias.com\/magazine365\/canarias-acudira-a-fitur-reforzada-por-el-despegue-definitivo-del-mercado-nacional-en-la-islas\/","name":"Canarias acudir\u00e1 a Fitur reforzada por el \u00abdespegue definitivo\u00bb del mercado nacional en la islas | El Digital de Asturias","description":"Islas Canarias acudir\u00e1 la Feria Internacional de Turismo, Fitur 2016, que tendr\u00e1 lugar entre el 20 y el 24 de enero en Madrid, reforzada por el \"despegue definitivo\" del mercado nacional en la islas, que se ha recuperado un 7% durante el \u00faltimo a\u00f1o, manifest\u00f3 este mi\u00e9rcoles la consejera de Turismo, Cultura y Deportes del","inLanguage":"es-ES","isPartOf":{"@id":"https:\/\/eldigitaldeasturias.com\/magazine365\/#website"},"breadcrumb":{"@id":"https:\/\/eldigitaldeasturias.com\/magazine365\/canarias-acudira-a-fitur-reforzada-por-el-despegue-definitivo-del-mercado-nacional-en-la-islas\/#breadcrumblist"},"author":{"@id":"https:\/\/eldigitaldeasturias.com\/magazine365\/author\/admin\/#author"},"creator":{"@id":"https:\/\/eldigitaldeasturias.com\/magazine365\/author\/admin\/#author"},"image":{"@type":"ImageObject","url":"https:\/\/eldigitaldeasturias.com\/magazine365\/wp-content\/uploads\/2016\/01\/fotonoticia_20160113140941_800.jpg","@id":"https:\/\/eldigitaldeasturias.com\/magazine365\/canarias-acudira-a-fitur-reforzada-por-el-despegue-definitivo-del-mercado-nacional-en-la-islas\/#mainImage","width":800,"height":534},"primaryImageOfPage":{"@id":"https:\/\/eldigitaldeasturias.com\/magazine365\/canarias-acudira-a-fitur-reforzada-por-el-despegue-definitivo-del-mercado-nacional-en-la-islas\/#mainImage"},"datePublished":"2016-01-14T01:17:12+01:00","dateModified":"2016-01-14T01:17:12+01:00"},{"@type":"WebSite","@id":"https:\/\/eldigitaldeasturias.com\/magazine365\/#website","url":"https:\/\/eldigitaldeasturias.com\/magazine365\/","name":"El Digital de Asturias","description":"Revista de ocio, turismo y estilo de vida","inLanguage":"es-ES","publisher":{"@id":"https:\/\/eldigitaldeasturias.com\/magazine365\/#organization"}}]},"og:locale":"es_ES","og:site_name":"El Digital de Asturias \u2013 Revista de ocio, turismo y estilo de vida","og:type":"article","og:title":"Canarias acudir\u00e1 a Fitur reforzada por el \u00abdespegue definitivo\u00bb del mercado nacional en la islas | El Digital de Asturias","og:description":"Islas Canarias acudir\u00e1 la Feria Internacional de Turismo, Fitur 2016, que tendr\u00e1 lugar entre el 20 y el 24 de enero en Madrid, reforzada por el &quot;despegue definitivo&quot; del mercado nacional en la islas, que se ha recuperado un 7% durante el \u00faltimo a\u00f1o, manifest\u00f3 este mi\u00e9rcoles la consejera de Turismo, Cultura y Deportes del","og:url":"https:\/\/eldigitaldeasturias.com\/magazine365\/canarias-acudira-a-fitur-reforzada-por-el-despegue-definitivo-del-mercado-nacional-en-la-islas\/","og:image":"https:\/\/eldigitaldeasturias.com\/magazine365\/wp-content\/uploads\/2016\/01\/fotonoticia_20160113140941_800.jpg","og:image:secure_url":"https:\/\/eldigitaldeasturias.com\/magazine365\/wp-content\/uploads\/2016\/01\/fotonoticia_20160113140941_800.jpg","og:image:width":800,"og:image:height":534,"article:published_time":"2016-01-14T00:17:12+00:00","article:modified_time":"2016-01-14T00:17:12+00:00","twitter:card":"summary_large_image","twitter:title":"Canarias acudir\u00e1 a Fitur reforzada por el \u00abdespegue definitivo\u00bb del mercado nacional en la islas | El Digital de Asturias","twitter:description":"Islas Canarias acudir\u00e1 la Feria Internacional de Turismo, Fitur 2016, que tendr\u00e1 lugar entre el 20 y el 24 de enero en Madrid, reforzada por el &quot;despegue definitivo&quot; del mercado nacional en la islas, que se ha recuperado un 7% durante el \u00faltimo a\u00f1o, manifest\u00f3 este mi\u00e9rcoles la consejera de Turismo, Cultura y Deportes del","twitter:image":"https:\/\/eldigitaldeasturias.com\/magazine365\/wp-content\/uploads\/2016\/01\/fotonoticia_20160113140941_800.jpg"},"aioseo_meta_data":{"post_id":"60509","title":null,"description":null,"keywords":null,"keyphrases":null,"primary_term":null,"canonical_url":null,"og_title":null,"og_description":null,"og_object_type":"default","og_image_type":"default","og_image_url":null,"og_image_width":null,"og_image_height":null,"og_image_custom_url":null,"og_image_custom_fields":null,"og_video":null,"og_custom_url":null,"og_article_section":null,"og_article_tags":null,"twitter_use_og":false,"twitter_card":"default","twitter_image_type":"default","twitter_image_url":null,"twitter_image_custom_url":null,"twitter_image_custom_fields":null,"twitter_title":null,"twitter_description":null,"schema":{"blockGraphs":[],"customGraphs":[],"default":{"data":{"Article":[],"Course":[],"Dataset":[],"FAQPage":[],"Movie":[],"Person":[],"Product":[],"ProductReview":[],"Car":[],"Recipe":[],"Service":[],"SoftwareApplication":[],"WebPage":[]},"graphName":"","isEnabled":true},"graphs":[],"defaultGraph":"","defaultPostTypeGraph":""},"schema_type":null,"schema_type_options":null,"pillar_content":false,"robots_default":true,"robots_noindex":false,"robots_noarchive":false,"robots_nosnippet":false,"robots_nofollow":false,"robots_noimageindex":false,"robots_noodp":false,"robots_notranslate":false,"robots_max_snippet":null,"robots_max_videopreview":null,"robots_max_imagepreview":"large","priority":null,"frequency":null,"location":null,"local_seo":null,"seo_analyzer_scan_date":"2025-09-25 07:02:03","breadcrumb_settings":null,"limit_modified_date":false,"open_ai":null,"ai":null,"created":"2021-03-08 21:58:49","updated":"2025-09-25 07:02:03"},"aioseo_breadcrumb":"<div class=\"aioseo-breadcrumbs\"><span class=\"aioseo-breadcrumb\">\n\t<a href=\"https:\/\/eldigitaldeasturias.com\/magazine365\" title=\"Home\">Home<\/a>\n<\/span><span class=\"aioseo-breadcrumb-separator\">\u2013<\/span><span class=\"aioseo-breadcrumb\">\n\t<a href=\"https:\/\/eldigitaldeasturias.com\/magazine365\/category\/noticias-actualidad\/\" title=\"Noticias y Actualidad\">Noticias y Actualidad<\/a>\n<\/span><span class=\"aioseo-breadcrumb-separator\">\u2013<\/span><span class=\"aioseo-breadcrumb\">\n\t<a href=\"https:\/\/eldigitaldeasturias.com\/magazine365\/canarias-acudira-a-fitur-reforzada-por-el-despegue-definitivo-del-mercado-nacional-en-la-islas\/\" title=\"Canarias acudir\u00e1 a Fitur reforzada por el \u00abdespegue definitivo\u00bb del mercado nacional en la islas\">Canarias acudir\u00e1 a Fitur reforzada por el \u00abdespegue definitivo\u00bb del mercado nacional en la islas<\/a>\n<\/span><\/div>","aioseo_breadcrumb_json":[{"label":"Home","link":"https:\/\/eldigitaldeasturias.com\/magazine365"},{"label":"Noticias y Actualidad","link":"https:\/\/eldigitaldeasturias.com\/magazine365\/category\/noticias-actualidad\/"},{"label":"Canarias acudir\u00e1 a Fitur reforzada por el \u00abdespegue definitivo\u00bb del mercado nacional en la islas","link":"https:\/\/eldigitaldeasturias.com\/magazine365\/canarias-acudira-a-fitur-reforzada-por-el-despegue-definitivo-del-mercado-nacional-en-la-islas\/"}],"_links":{"self":[{"href":"https:\/\/eldigitaldeasturias.com\/magazine365\/wp-json\/wp\/v2\/posts\/60509","targetHints":{"allow":["GET"]}}],"collection":[{"href":"https:\/\/eldigitaldeasturias.com\/magazine365\/wp-json\/wp\/v2\/posts"}],"about":[{"href":"https:\/\/eldigitaldeasturias.com\/magazine365\/wp-json\/wp\/v2\/types\/post"}],"author":[{"embeddable":true,"href":"https:\/\/eldigitaldeasturias.com\/magazine365\/wp-json\/wp\/v2\/users\/1"}],"replies":[{"embeddable":true,"href":"https:\/\/eldigitaldeasturias.com\/magazine365\/wp-json\/wp\/v2\/comments?post=60509"}],"version-history":[{"count":0,"href":"https:\/\/eldigitaldeasturias.com\/magazine365\/wp-json\/wp\/v2\/posts\/60509\/revisions"}],"wp:featuredmedia":[{"embeddable":true,"href":"https:\/\/eldigitaldeasturias.com\/magazine365\/wp-json\/wp\/v2\/media\/60510"}],"wp:attachment":[{"href":"https:\/\/eldigitaldeasturias.com\/magazine365\/wp-json\/wp\/v2\/media?parent=60509"}],"wp:term":[{"taxonomy":"category","embeddable":true,"href":"https:\/\/eldigitaldeasturias.com\/magazine365\/wp-json\/wp\/v2\/categories?post=60509"},{"taxonomy":"post_tag","embeddable":true,"href":"https:\/\/eldigitaldeasturias.com\/magazine365\/wp-json\/wp\/v2\/tags?post=60509"}],"curies":[{"name":"wp","href":"https:\/\/api.w.org\/{rel}","templated":true}]}}