{"id":60503,"date":"2016-01-14T01:10:06","date_gmt":"2016-01-14T00:10:06","guid":{"rendered":"http:\/\/eldigitaldeasturias.com\/magazine365\/?p=60503"},"modified":"2016-01-14T01:10:06","modified_gmt":"2016-01-14T00:10:06","slug":"jose-luis-garcia-mera-nuevo-director-del-vincci-la-rabida-en-sevilla","status":"publish","type":"post","link":"https:\/\/eldigitaldeasturias.com\/magazine365\/jose-luis-garcia-mera-nuevo-director-del-vincci-la-rabida-en-sevilla\/","title":{"rendered":"Jos\u00e9 Luis Garc\u00eda Mera, nuevo director del Vincci La R\u00e1bida en Sevilla"},"content":{"rendered":"<p><img fetchpriority=\"high\" decoding=\"async\" class=\"alignleft size-medium wp-image-60504\" src=\"https:\/\/eldigitaldeasturias.com\/magazine365\/wp-content\/uploads\/2016\/01\/fotonoticia_20160113134629_800-225x300.jpg\" alt=\"fotonoticia_20160113134629_800\" width=\"225\" height=\"300\" srcset=\"https:\/\/eldigitaldeasturias.com\/magazine365\/wp-content\/uploads\/2016\/01\/fotonoticia_20160113134629_800-225x300.jpg 225w, https:\/\/eldigitaldeasturias.com\/magazine365\/wp-content\/uploads\/2016\/01\/fotonoticia_20160113134629_800-480x640.jpg 480w, https:\/\/eldigitaldeasturias.com\/magazine365\/wp-content\/uploads\/2016\/01\/fotonoticia_20160113134629_800-768x1024.jpg 768w, https:\/\/eldigitaldeasturias.com\/magazine365\/wp-content\/uploads\/2016\/01\/fotonoticia_20160113134629_800-150x200.jpg 150w, https:\/\/eldigitaldeasturias.com\/magazine365\/wp-content\/uploads\/2016\/01\/fotonoticia_20160113134629_800-450x600.jpg 450w, https:\/\/eldigitaldeasturias.com\/magazine365\/wp-content\/uploads\/2016\/01\/fotonoticia_20160113134629_800-696x928.jpg 696w, https:\/\/eldigitaldeasturias.com\/magazine365\/wp-content\/uploads\/2016\/01\/fotonoticia_20160113134629_800-315x420.jpg 315w, https:\/\/eldigitaldeasturias.com\/magazine365\/wp-content\/uploads\/2016\/01\/fotonoticia_20160113134629_800.jpg 800w\" sizes=\"(max-width: 225px) 100vw, 225px\" \/>Vincci Hoteles ha nombrado a Jos\u00e9 Luis Garc\u00eda Mera nuevo director del hotel Vincci La R\u00e1bida (Sevilla) de cuatro estrellas, ubicado en la calle Castelar, 24, en el barrio del Arenal y cerca de la plaza de toros &#8216;La Maestranza&#8217;.<\/p>\n<p>Hasta su nombramiento, Garc\u00eda era el director de otro hotel de cuatro estrellas de la cadena en M\u00e1laga. Es diplomado en gerencia de hoteles y con un postgrado en Direcci\u00f3n y Administraci\u00f3n de Empresas Hosteleras, ambas por la escuela Superior de Hosteler\u00eda de Sevilla.<\/p>\n<p>El nuevo director de La R\u00e1bida ha trabajado en otros hoteles de Andaluc\u00eda como el Barrosa Palace de cinco estrellas en Chiclana de la Frontera (C\u00e1diz) o el Abba Trina de cuatro estrellas en Sevilla.<\/p>\n<p>Tambi\u00e9n ha trabajado en el \u00e1rea de restauraci\u00f3n en el restaurante de tres estrellas Michelin, Akelarre, (San Sebasti\u00e1n) y en la Taberna del Alabardero en Washington D.C. (Estados Unidos).<\/p>\n<p>Vincci La R\u00e1bida dispone de 103 habitaciones cuya decoraci\u00f3n esta inspirada en la arquitectura del edificio. Cuenta con un patio interior y una azotea con vistas a la catedral.<\/p>\n","protected":false},"excerpt":{"rendered":"<p>Vincci Hoteles ha nombrado a Jos\u00e9 Luis Garc\u00eda Mera nuevo director del hotel Vincci La R\u00e1bida (Sevilla) de cuatro estrellas, ubicado en la calle Castelar, 24, en el barrio del Arenal y cerca de la plaza de toros &#8216;La Maestranza&#8217;. Hasta su nombramiento, Garc\u00eda era el director de otro hotel de cuatro estrellas de la<\/p>\n","protected":false},"author":1,"featured_media":60504,"comment_status":"open","ping_status":"closed","sticky":false,"template":"","format":"standard","meta":{"footnotes":""},"categories":[224],"tags":[],"class_list":{"0":"post-60503","1":"post","2":"type-post","3":"status-publish","4":"format-standard","5":"has-post-thumbnail","7":"category-noticias-actualidad"},"aioseo_notices":[],"aioseo_head":"\n\t\t<!-- All in One SEO Pro 4.9.6.1 - aioseo.com -->\n\t<meta name=\"description\" content=\"Vincci Hoteles ha nombrado a Jos\u00e9 Luis Garc\u00eda Mera nuevo director del hotel Vincci La R\u00e1bida (Sevilla) de cuatro estrellas, ubicado en la calle Castelar, 24, en el barrio del Arenal y cerca de la plaza de toros &#039;La Maestranza&#039;. Hasta su nombramiento, Garc\u00eda era el director de otro hotel de cuatro estrellas de la\" \/>\n\t<meta name=\"robots\" content=\"max-image-preview:large\" \/>\n\t<meta name=\"author\" content=\"admin\"\/>\n\t<meta name=\"google-site-verification\" content=\"UA-38556648-1\" \/>\n\t<meta name=\"keywords\" content=\"noticias y actualidad\" \/>\n\t<link rel=\"canonical\" href=\"https:\/\/eldigitaldeasturias.com\/magazine365\/jose-luis-garcia-mera-nuevo-director-del-vincci-la-rabida-en-sevilla\/\" \/>\n\t<meta name=\"generator\" content=\"All in One SEO Pro (AIOSEO) 4.9.6.1\" \/>\n\t\t<meta property=\"og:locale\" content=\"es_ES\" \/>\n\t\t<meta property=\"og:site_name\" content=\"El Digital de Asturias \u2013 Revista de ocio, turismo y estilo de vida\" \/>\n\t\t<meta property=\"og:type\" content=\"article\" \/>\n\t\t<meta property=\"og:title\" content=\"Jos\u00e9 Luis Garc\u00eda Mera, nuevo director del Vincci La R\u00e1bida en Sevilla | El Digital de Asturias\" \/>\n\t\t<meta property=\"og:description\" content=\"Vincci Hoteles ha nombrado a Jos\u00e9 Luis Garc\u00eda Mera nuevo director del hotel Vincci La R\u00e1bida (Sevilla) de cuatro estrellas, ubicado en la calle Castelar, 24, en el barrio del Arenal y cerca de la plaza de toros &#039;La Maestranza&#039;. Hasta su nombramiento, Garc\u00eda era el director de otro hotel de cuatro estrellas de la\" \/>\n\t\t<meta property=\"og:url\" content=\"https:\/\/eldigitaldeasturias.com\/magazine365\/jose-luis-garcia-mera-nuevo-director-del-vincci-la-rabida-en-sevilla\/\" \/>\n\t\t<meta property=\"og:image\" content=\"https:\/\/eldigitaldeasturias.com\/magazine365\/wp-content\/uploads\/2016\/01\/fotonoticia_20160113134629_800.jpg\" \/>\n\t\t<meta property=\"og:image:secure_url\" content=\"https:\/\/eldigitaldeasturias.com\/magazine365\/wp-content\/uploads\/2016\/01\/fotonoticia_20160113134629_800.jpg\" \/>\n\t\t<meta property=\"og:image:width\" content=\"800\" \/>\n\t\t<meta property=\"og:image:height\" content=\"1067\" \/>\n\t\t<meta property=\"article:published_time\" content=\"2016-01-14T00:10:06+00:00\" \/>\n\t\t<meta property=\"article:modified_time\" content=\"2016-01-14T00:10:06+00:00\" \/>\n\t\t<meta name=\"twitter:card\" content=\"summary_large_image\" \/>\n\t\t<meta name=\"twitter:title\" content=\"Jos\u00e9 Luis Garc\u00eda Mera, nuevo director del Vincci La R\u00e1bida en Sevilla | El Digital de Asturias\" \/>\n\t\t<meta name=\"twitter:description\" content=\"Vincci Hoteles ha nombrado a Jos\u00e9 Luis Garc\u00eda Mera nuevo director del hotel Vincci La R\u00e1bida (Sevilla) de cuatro estrellas, ubicado en la calle Castelar, 24, en el barrio del Arenal y cerca de la plaza de toros &#039;La Maestranza&#039;. Hasta su nombramiento, Garc\u00eda era el director de otro hotel de cuatro estrellas de la\" \/>\n\t\t<meta name=\"twitter:image\" content=\"https:\/\/eldigitaldeasturias.com\/magazine365\/wp-content\/uploads\/2016\/01\/fotonoticia_20160113134629_800.jpg\" \/>\n\t\t<script type=\"application\/ld+json\" class=\"aioseo-schema\">\n\t\t\t{\"@context\":\"https:\\\/\\\/schema.org\",\"@graph\":[{\"@type\":\"Article\",\"@id\":\"https:\\\/\\\/eldigitaldeasturias.com\\\/magazine365\\\/jose-luis-garcia-mera-nuevo-director-del-vincci-la-rabida-en-sevilla\\\/#article\",\"name\":\"Jos\\u00e9 Luis Garc\\u00eda Mera, nuevo director del Vincci La R\\u00e1bida en Sevilla | El Digital de Asturias\",\"headline\":\"Jos\\u00e9 Luis Garc\\u00eda Mera, nuevo director del Vincci La R\\u00e1bida en Sevilla\",\"author\":{\"@id\":\"https:\\\/\\\/eldigitaldeasturias.com\\\/magazine365\\\/author\\\/admin\\\/#author\"},\"publisher\":{\"@id\":\"https:\\\/\\\/eldigitaldeasturias.com\\\/magazine365\\\/#organization\"},\"image\":{\"@type\":\"ImageObject\",\"url\":\"https:\\\/\\\/eldigitaldeasturias.com\\\/magazine365\\\/wp-content\\\/uploads\\\/2016\\\/01\\\/fotonoticia_20160113134629_800.jpg\",\"width\":800,\"height\":1067},\"datePublished\":\"2016-01-14T01:10:06+01:00\",\"dateModified\":\"2016-01-14T01:10:06+01:00\",\"inLanguage\":\"es-ES\",\"mainEntityOfPage\":{\"@id\":\"https:\\\/\\\/eldigitaldeasturias.com\\\/magazine365\\\/jose-luis-garcia-mera-nuevo-director-del-vincci-la-rabida-en-sevilla\\\/#webpage\"},\"isPartOf\":{\"@id\":\"https:\\\/\\\/eldigitaldeasturias.com\\\/magazine365\\\/jose-luis-garcia-mera-nuevo-director-del-vincci-la-rabida-en-sevilla\\\/#webpage\"},\"articleSection\":\"Noticias y Actualidad\"},{\"@type\":\"BreadcrumbList\",\"@id\":\"https:\\\/\\\/eldigitaldeasturias.com\\\/magazine365\\\/jose-luis-garcia-mera-nuevo-director-del-vincci-la-rabida-en-sevilla\\\/#breadcrumblist\",\"itemListElement\":[{\"@type\":\"ListItem\",\"@id\":\"https:\\\/\\\/eldigitaldeasturias.com\\\/magazine365#listItem\",\"position\":1,\"name\":\"Home\",\"item\":\"https:\\\/\\\/eldigitaldeasturias.com\\\/magazine365\",\"nextItem\":{\"@type\":\"ListItem\",\"@id\":\"https:\\\/\\\/eldigitaldeasturias.com\\\/magazine365\\\/category\\\/noticias-actualidad\\\/#listItem\",\"name\":\"Noticias y Actualidad\"}},{\"@type\":\"ListItem\",\"@id\":\"https:\\\/\\\/eldigitaldeasturias.com\\\/magazine365\\\/category\\\/noticias-actualidad\\\/#listItem\",\"position\":2,\"name\":\"Noticias y Actualidad\",\"item\":\"https:\\\/\\\/eldigitaldeasturias.com\\\/magazine365\\\/category\\\/noticias-actualidad\\\/\",\"nextItem\":{\"@type\":\"ListItem\",\"@id\":\"https:\\\/\\\/eldigitaldeasturias.com\\\/magazine365\\\/jose-luis-garcia-mera-nuevo-director-del-vincci-la-rabida-en-sevilla\\\/#listItem\",\"name\":\"Jos\\u00e9 Luis Garc\\u00eda Mera, nuevo director del Vincci La R\\u00e1bida en Sevilla\"},\"previousItem\":{\"@type\":\"ListItem\",\"@id\":\"https:\\\/\\\/eldigitaldeasturias.com\\\/magazine365#listItem\",\"name\":\"Home\"}},{\"@type\":\"ListItem\",\"@id\":\"https:\\\/\\\/eldigitaldeasturias.com\\\/magazine365\\\/jose-luis-garcia-mera-nuevo-director-del-vincci-la-rabida-en-sevilla\\\/#listItem\",\"position\":3,\"name\":\"Jos\\u00e9 Luis Garc\\u00eda Mera, nuevo director del Vincci La R\\u00e1bida en Sevilla\",\"previousItem\":{\"@type\":\"ListItem\",\"@id\":\"https:\\\/\\\/eldigitaldeasturias.com\\\/magazine365\\\/category\\\/noticias-actualidad\\\/#listItem\",\"name\":\"Noticias y Actualidad\"}}]},{\"@type\":\"Organization\",\"@id\":\"https:\\\/\\\/eldigitaldeasturias.com\\\/magazine365\\\/#organization\",\"name\":\"El digital de Asturias\",\"description\":\"Revista de ocio, turismo y estilo de vida\",\"url\":\"https:\\\/\\\/eldigitaldeasturias.com\\\/magazine365\\\/\",\"logo\":{\"@type\":\"ImageObject\",\"url\":\"https:\\\/\\\/www.eldigitaldeasturias.com\\\/noticias\\\/wp-content\\\/uploads\\\/2020\\\/12\\\/EDA.jpg\",\"@id\":\"https:\\\/\\\/eldigitaldeasturias.com\\\/magazine365\\\/jose-luis-garcia-mera-nuevo-director-del-vincci-la-rabida-en-sevilla\\\/#organizationLogo\"},\"image\":{\"@id\":\"https:\\\/\\\/eldigitaldeasturias.com\\\/magazine365\\\/jose-luis-garcia-mera-nuevo-director-del-vincci-la-rabida-en-sevilla\\\/#organizationLogo\"}},{\"@type\":\"Person\",\"@id\":\"https:\\\/\\\/eldigitaldeasturias.com\\\/magazine365\\\/author\\\/admin\\\/#author\",\"url\":\"https:\\\/\\\/eldigitaldeasturias.com\\\/magazine365\\\/author\\\/admin\\\/\",\"name\":\"admin\",\"image\":{\"@type\":\"ImageObject\",\"@id\":\"https:\\\/\\\/eldigitaldeasturias.com\\\/magazine365\\\/jose-luis-garcia-mera-nuevo-director-del-vincci-la-rabida-en-sevilla\\\/#authorImage\",\"url\":\"https:\\\/\\\/eldigitaldeasturias.com\\\/magazine365\\\/wp-content\\\/litespeed\\\/avatar\\\/e571bcf59a0edd6fa6838245a470f2fe.jpg?ver=1777574230\",\"width\":96,\"height\":96,\"caption\":\"admin\"}},{\"@type\":\"WebPage\",\"@id\":\"https:\\\/\\\/eldigitaldeasturias.com\\\/magazine365\\\/jose-luis-garcia-mera-nuevo-director-del-vincci-la-rabida-en-sevilla\\\/#webpage\",\"url\":\"https:\\\/\\\/eldigitaldeasturias.com\\\/magazine365\\\/jose-luis-garcia-mera-nuevo-director-del-vincci-la-rabida-en-sevilla\\\/\",\"name\":\"Jos\\u00e9 Luis Garc\\u00eda Mera, nuevo director del Vincci La R\\u00e1bida en Sevilla | El Digital de Asturias\",\"description\":\"Vincci Hoteles ha nombrado a Jos\\u00e9 Luis Garc\\u00eda Mera nuevo director del hotel Vincci La R\\u00e1bida (Sevilla) de cuatro estrellas, ubicado en la calle Castelar, 24, en el barrio del Arenal y cerca de la plaza de toros 'La Maestranza'. Hasta su nombramiento, Garc\\u00eda era el director de otro hotel de cuatro estrellas de la\",\"inLanguage\":\"es-ES\",\"isPartOf\":{\"@id\":\"https:\\\/\\\/eldigitaldeasturias.com\\\/magazine365\\\/#website\"},\"breadcrumb\":{\"@id\":\"https:\\\/\\\/eldigitaldeasturias.com\\\/magazine365\\\/jose-luis-garcia-mera-nuevo-director-del-vincci-la-rabida-en-sevilla\\\/#breadcrumblist\"},\"author\":{\"@id\":\"https:\\\/\\\/eldigitaldeasturias.com\\\/magazine365\\\/author\\\/admin\\\/#author\"},\"creator\":{\"@id\":\"https:\\\/\\\/eldigitaldeasturias.com\\\/magazine365\\\/author\\\/admin\\\/#author\"},\"image\":{\"@type\":\"ImageObject\",\"url\":\"https:\\\/\\\/eldigitaldeasturias.com\\\/magazine365\\\/wp-content\\\/uploads\\\/2016\\\/01\\\/fotonoticia_20160113134629_800.jpg\",\"@id\":\"https:\\\/\\\/eldigitaldeasturias.com\\\/magazine365\\\/jose-luis-garcia-mera-nuevo-director-del-vincci-la-rabida-en-sevilla\\\/#mainImage\",\"width\":800,\"height\":1067},\"primaryImageOfPage\":{\"@id\":\"https:\\\/\\\/eldigitaldeasturias.com\\\/magazine365\\\/jose-luis-garcia-mera-nuevo-director-del-vincci-la-rabida-en-sevilla\\\/#mainImage\"},\"datePublished\":\"2016-01-14T01:10:06+01:00\",\"dateModified\":\"2016-01-14T01:10:06+01:00\"},{\"@type\":\"WebSite\",\"@id\":\"https:\\\/\\\/eldigitaldeasturias.com\\\/magazine365\\\/#website\",\"url\":\"https:\\\/\\\/eldigitaldeasturias.com\\\/magazine365\\\/\",\"name\":\"El Digital de Asturias\",\"description\":\"Revista de ocio, turismo y estilo de vida\",\"inLanguage\":\"es-ES\",\"publisher\":{\"@id\":\"https:\\\/\\\/eldigitaldeasturias.com\\\/magazine365\\\/#organization\"}}]}\n\t\t<\/script>\n\t\t<!-- All in One SEO Pro -->\r\n\t\t<title>Jos\u00e9 Luis Garc\u00eda Mera, nuevo director del Vincci La R\u00e1bida en Sevilla | El Digital de Asturias<\/title>\n\n","aioseo_head_json":{"title":"Jos\u00e9 Luis Garc\u00eda Mera, nuevo director del Vincci La R\u00e1bida en Sevilla | El Digital de Asturias","description":"Vincci Hoteles ha nombrado a Jos\u00e9 Luis Garc\u00eda Mera nuevo director del hotel Vincci La R\u00e1bida (Sevilla) de cuatro estrellas, ubicado en la calle Castelar, 24, en el barrio del Arenal y cerca de la plaza de toros 'La Maestranza'. Hasta su nombramiento, Garc\u00eda era el director de otro hotel de cuatro estrellas de la","canonical_url":"https:\/\/eldigitaldeasturias.com\/magazine365\/jose-luis-garcia-mera-nuevo-director-del-vincci-la-rabida-en-sevilla\/","robots":"max-image-preview:large","keywords":"noticias y actualidad","webmasterTools":{"google-site-verification":"UA-38556648-1","miscellaneous":""},"schema":{"@context":"https:\/\/schema.org","@graph":[{"@type":"Article","@id":"https:\/\/eldigitaldeasturias.com\/magazine365\/jose-luis-garcia-mera-nuevo-director-del-vincci-la-rabida-en-sevilla\/#article","name":"Jos\u00e9 Luis Garc\u00eda Mera, nuevo director del Vincci La R\u00e1bida en Sevilla | El Digital de Asturias","headline":"Jos\u00e9 Luis Garc\u00eda Mera, nuevo director del Vincci La R\u00e1bida en Sevilla","author":{"@id":"https:\/\/eldigitaldeasturias.com\/magazine365\/author\/admin\/#author"},"publisher":{"@id":"https:\/\/eldigitaldeasturias.com\/magazine365\/#organization"},"image":{"@type":"ImageObject","url":"https:\/\/eldigitaldeasturias.com\/magazine365\/wp-content\/uploads\/2016\/01\/fotonoticia_20160113134629_800.jpg","width":800,"height":1067},"datePublished":"2016-01-14T01:10:06+01:00","dateModified":"2016-01-14T01:10:06+01:00","inLanguage":"es-ES","mainEntityOfPage":{"@id":"https:\/\/eldigitaldeasturias.com\/magazine365\/jose-luis-garcia-mera-nuevo-director-del-vincci-la-rabida-en-sevilla\/#webpage"},"isPartOf":{"@id":"https:\/\/eldigitaldeasturias.com\/magazine365\/jose-luis-garcia-mera-nuevo-director-del-vincci-la-rabida-en-sevilla\/#webpage"},"articleSection":"Noticias y Actualidad"},{"@type":"BreadcrumbList","@id":"https:\/\/eldigitaldeasturias.com\/magazine365\/jose-luis-garcia-mera-nuevo-director-del-vincci-la-rabida-en-sevilla\/#breadcrumblist","itemListElement":[{"@type":"ListItem","@id":"https:\/\/eldigitaldeasturias.com\/magazine365#listItem","position":1,"name":"Home","item":"https:\/\/eldigitaldeasturias.com\/magazine365","nextItem":{"@type":"ListItem","@id":"https:\/\/eldigitaldeasturias.com\/magazine365\/category\/noticias-actualidad\/#listItem","name":"Noticias y Actualidad"}},{"@type":"ListItem","@id":"https:\/\/eldigitaldeasturias.com\/magazine365\/category\/noticias-actualidad\/#listItem","position":2,"name":"Noticias y Actualidad","item":"https:\/\/eldigitaldeasturias.com\/magazine365\/category\/noticias-actualidad\/","nextItem":{"@type":"ListItem","@id":"https:\/\/eldigitaldeasturias.com\/magazine365\/jose-luis-garcia-mera-nuevo-director-del-vincci-la-rabida-en-sevilla\/#listItem","name":"Jos\u00e9 Luis Garc\u00eda Mera, nuevo director del Vincci La R\u00e1bida en Sevilla"},"previousItem":{"@type":"ListItem","@id":"https:\/\/eldigitaldeasturias.com\/magazine365#listItem","name":"Home"}},{"@type":"ListItem","@id":"https:\/\/eldigitaldeasturias.com\/magazine365\/jose-luis-garcia-mera-nuevo-director-del-vincci-la-rabida-en-sevilla\/#listItem","position":3,"name":"Jos\u00e9 Luis Garc\u00eda Mera, nuevo director del Vincci La R\u00e1bida en Sevilla","previousItem":{"@type":"ListItem","@id":"https:\/\/eldigitaldeasturias.com\/magazine365\/category\/noticias-actualidad\/#listItem","name":"Noticias y Actualidad"}}]},{"@type":"Organization","@id":"https:\/\/eldigitaldeasturias.com\/magazine365\/#organization","name":"El digital de Asturias","description":"Revista de ocio, turismo y estilo de vida","url":"https:\/\/eldigitaldeasturias.com\/magazine365\/","logo":{"@type":"ImageObject","url":"https:\/\/www.eldigitaldeasturias.com\/noticias\/wp-content\/uploads\/2020\/12\/EDA.jpg","@id":"https:\/\/eldigitaldeasturias.com\/magazine365\/jose-luis-garcia-mera-nuevo-director-del-vincci-la-rabida-en-sevilla\/#organizationLogo"},"image":{"@id":"https:\/\/eldigitaldeasturias.com\/magazine365\/jose-luis-garcia-mera-nuevo-director-del-vincci-la-rabida-en-sevilla\/#organizationLogo"}},{"@type":"Person","@id":"https:\/\/eldigitaldeasturias.com\/magazine365\/author\/admin\/#author","url":"https:\/\/eldigitaldeasturias.com\/magazine365\/author\/admin\/","name":"admin","image":{"@type":"ImageObject","@id":"https:\/\/eldigitaldeasturias.com\/magazine365\/jose-luis-garcia-mera-nuevo-director-del-vincci-la-rabida-en-sevilla\/#authorImage","url":"https:\/\/eldigitaldeasturias.com\/magazine365\/wp-content\/litespeed\/avatar\/e571bcf59a0edd6fa6838245a470f2fe.jpg?ver=1777574230","width":96,"height":96,"caption":"admin"}},{"@type":"WebPage","@id":"https:\/\/eldigitaldeasturias.com\/magazine365\/jose-luis-garcia-mera-nuevo-director-del-vincci-la-rabida-en-sevilla\/#webpage","url":"https:\/\/eldigitaldeasturias.com\/magazine365\/jose-luis-garcia-mera-nuevo-director-del-vincci-la-rabida-en-sevilla\/","name":"Jos\u00e9 Luis Garc\u00eda Mera, nuevo director del Vincci La R\u00e1bida en Sevilla | El Digital de Asturias","description":"Vincci Hoteles ha nombrado a Jos\u00e9 Luis Garc\u00eda Mera nuevo director del hotel Vincci La R\u00e1bida (Sevilla) de cuatro estrellas, ubicado en la calle Castelar, 24, en el barrio del Arenal y cerca de la plaza de toros 'La Maestranza'. Hasta su nombramiento, Garc\u00eda era el director de otro hotel de cuatro estrellas de la","inLanguage":"es-ES","isPartOf":{"@id":"https:\/\/eldigitaldeasturias.com\/magazine365\/#website"},"breadcrumb":{"@id":"https:\/\/eldigitaldeasturias.com\/magazine365\/jose-luis-garcia-mera-nuevo-director-del-vincci-la-rabida-en-sevilla\/#breadcrumblist"},"author":{"@id":"https:\/\/eldigitaldeasturias.com\/magazine365\/author\/admin\/#author"},"creator":{"@id":"https:\/\/eldigitaldeasturias.com\/magazine365\/author\/admin\/#author"},"image":{"@type":"ImageObject","url":"https:\/\/eldigitaldeasturias.com\/magazine365\/wp-content\/uploads\/2016\/01\/fotonoticia_20160113134629_800.jpg","@id":"https:\/\/eldigitaldeasturias.com\/magazine365\/jose-luis-garcia-mera-nuevo-director-del-vincci-la-rabida-en-sevilla\/#mainImage","width":800,"height":1067},"primaryImageOfPage":{"@id":"https:\/\/eldigitaldeasturias.com\/magazine365\/jose-luis-garcia-mera-nuevo-director-del-vincci-la-rabida-en-sevilla\/#mainImage"},"datePublished":"2016-01-14T01:10:06+01:00","dateModified":"2016-01-14T01:10:06+01:00"},{"@type":"WebSite","@id":"https:\/\/eldigitaldeasturias.com\/magazine365\/#website","url":"https:\/\/eldigitaldeasturias.com\/magazine365\/","name":"El Digital de Asturias","description":"Revista de ocio, turismo y estilo de vida","inLanguage":"es-ES","publisher":{"@id":"https:\/\/eldigitaldeasturias.com\/magazine365\/#organization"}}]},"og:locale":"es_ES","og:site_name":"El Digital de Asturias \u2013 Revista de ocio, turismo y estilo de vida","og:type":"article","og:title":"Jos\u00e9 Luis Garc\u00eda Mera, nuevo director del Vincci La R\u00e1bida en Sevilla | El Digital de Asturias","og:description":"Vincci Hoteles ha nombrado a Jos\u00e9 Luis Garc\u00eda Mera nuevo director del hotel Vincci La R\u00e1bida (Sevilla) de cuatro estrellas, ubicado en la calle Castelar, 24, en el barrio del Arenal y cerca de la plaza de toros 'La Maestranza'. Hasta su nombramiento, Garc\u00eda era el director de otro hotel de cuatro estrellas de la","og:url":"https:\/\/eldigitaldeasturias.com\/magazine365\/jose-luis-garcia-mera-nuevo-director-del-vincci-la-rabida-en-sevilla\/","og:image":"https:\/\/eldigitaldeasturias.com\/magazine365\/wp-content\/uploads\/2016\/01\/fotonoticia_20160113134629_800.jpg","og:image:secure_url":"https:\/\/eldigitaldeasturias.com\/magazine365\/wp-content\/uploads\/2016\/01\/fotonoticia_20160113134629_800.jpg","og:image:width":800,"og:image:height":1067,"article:published_time":"2016-01-14T00:10:06+00:00","article:modified_time":"2016-01-14T00:10:06+00:00","twitter:card":"summary_large_image","twitter:title":"Jos\u00e9 Luis Garc\u00eda Mera, nuevo director del Vincci La R\u00e1bida en Sevilla | El Digital de Asturias","twitter:description":"Vincci Hoteles ha nombrado a Jos\u00e9 Luis Garc\u00eda Mera nuevo director del hotel Vincci La R\u00e1bida (Sevilla) de cuatro estrellas, ubicado en la calle Castelar, 24, en el barrio del Arenal y cerca de la plaza de toros 'La Maestranza'. Hasta su nombramiento, Garc\u00eda era el director de otro hotel de cuatro estrellas de la","twitter:image":"https:\/\/eldigitaldeasturias.com\/magazine365\/wp-content\/uploads\/2016\/01\/fotonoticia_20160113134629_800.jpg"},"aioseo_meta_data":{"post_id":"60503","title":null,"description":null,"keywords":null,"keyphrases":null,"primary_term":null,"canonical_url":null,"og_title":null,"og_description":null,"og_object_type":"default","og_image_type":"default","og_image_url":null,"og_image_width":null,"og_image_height":null,"og_image_custom_url":null,"og_image_custom_fields":null,"og_video":null,"og_custom_url":null,"og_article_section":null,"og_article_tags":null,"twitter_use_og":false,"twitter_card":"default","twitter_image_type":"default","twitter_image_url":null,"twitter_image_custom_url":null,"twitter_image_custom_fields":null,"twitter_title":null,"twitter_description":null,"schema":{"blockGraphs":[],"customGraphs":[],"default":{"data":{"Article":[],"Course":[],"Dataset":[],"FAQPage":[],"Movie":[],"Person":[],"Product":[],"ProductReview":[],"Car":[],"Recipe":[],"Service":[],"SoftwareApplication":[],"WebPage":[]},"graphName":"","isEnabled":true},"graphs":[],"defaultGraph":"","defaultPostTypeGraph":""},"schema_type":null,"schema_type_options":null,"pillar_content":false,"robots_default":true,"robots_noindex":false,"robots_noarchive":false,"robots_nosnippet":false,"robots_nofollow":false,"robots_noimageindex":false,"robots_noodp":false,"robots_notranslate":false,"robots_max_snippet":null,"robots_max_videopreview":null,"robots_max_imagepreview":"large","priority":null,"frequency":null,"location":null,"local_seo":null,"seo_analyzer_scan_date":"2025-09-25 07:00:21","breadcrumb_settings":null,"limit_modified_date":false,"open_ai":null,"ai":null,"created":"2021-03-08 21:58:49","updated":"2025-09-25 07:00:21"},"aioseo_breadcrumb":"<div class=\"aioseo-breadcrumbs\"><span class=\"aioseo-breadcrumb\">\n\t<a href=\"https:\/\/eldigitaldeasturias.com\/magazine365\" title=\"Home\">Home<\/a>\n<\/span><span class=\"aioseo-breadcrumb-separator\">\u2013<\/span><span class=\"aioseo-breadcrumb\">\n\t<a href=\"https:\/\/eldigitaldeasturias.com\/magazine365\/category\/noticias-actualidad\/\" title=\"Noticias y Actualidad\">Noticias y Actualidad<\/a>\n<\/span><span class=\"aioseo-breadcrumb-separator\">\u2013<\/span><span class=\"aioseo-breadcrumb\">\n\t<a href=\"https:\/\/eldigitaldeasturias.com\/magazine365\/jose-luis-garcia-mera-nuevo-director-del-vincci-la-rabida-en-sevilla\/\" title=\"Jos\u00e9 Luis Garc\u00eda Mera, nuevo director del Vincci La R\u00e1bida en Sevilla\">Jos\u00e9 Luis Garc\u00eda Mera, nuevo director del Vincci La R\u00e1bida en Sevilla<\/a>\n<\/span><\/div>","aioseo_breadcrumb_json":[{"label":"Home","link":"https:\/\/eldigitaldeasturias.com\/magazine365"},{"label":"Noticias y Actualidad","link":"https:\/\/eldigitaldeasturias.com\/magazine365\/category\/noticias-actualidad\/"},{"label":"Jos\u00e9 Luis Garc\u00eda Mera, nuevo director del Vincci La R\u00e1bida en Sevilla","link":"https:\/\/eldigitaldeasturias.com\/magazine365\/jose-luis-garcia-mera-nuevo-director-del-vincci-la-rabida-en-sevilla\/"}],"_links":{"self":[{"href":"https:\/\/eldigitaldeasturias.com\/magazine365\/wp-json\/wp\/v2\/posts\/60503","targetHints":{"allow":["GET"]}}],"collection":[{"href":"https:\/\/eldigitaldeasturias.com\/magazine365\/wp-json\/wp\/v2\/posts"}],"about":[{"href":"https:\/\/eldigitaldeasturias.com\/magazine365\/wp-json\/wp\/v2\/types\/post"}],"author":[{"embeddable":true,"href":"https:\/\/eldigitaldeasturias.com\/magazine365\/wp-json\/wp\/v2\/users\/1"}],"replies":[{"embeddable":true,"href":"https:\/\/eldigitaldeasturias.com\/magazine365\/wp-json\/wp\/v2\/comments?post=60503"}],"version-history":[{"count":0,"href":"https:\/\/eldigitaldeasturias.com\/magazine365\/wp-json\/wp\/v2\/posts\/60503\/revisions"}],"wp:featuredmedia":[{"embeddable":true,"href":"https:\/\/eldigitaldeasturias.com\/magazine365\/wp-json\/wp\/v2\/media\/60504"}],"wp:attachment":[{"href":"https:\/\/eldigitaldeasturias.com\/magazine365\/wp-json\/wp\/v2\/media?parent=60503"}],"wp:term":[{"taxonomy":"category","embeddable":true,"href":"https:\/\/eldigitaldeasturias.com\/magazine365\/wp-json\/wp\/v2\/categories?post=60503"},{"taxonomy":"post_tag","embeddable":true,"href":"https:\/\/eldigitaldeasturias.com\/magazine365\/wp-json\/wp\/v2\/tags?post=60503"}],"curies":[{"name":"wp","href":"https:\/\/api.w.org\/{rel}","templated":true}]}}