{"id":60490,"date":"2016-01-13T19:21:23","date_gmt":"2016-01-13T18:21:23","guid":{"rendered":"http:\/\/eldigitaldeasturias.com\/magazine365\/?p=60490"},"modified":"2016-01-13T19:21:23","modified_gmt":"2016-01-13T18:21:23","slug":"riu-sale-de-los-10-hoteles-que-gestionaba-en-tunez","status":"publish","type":"post","link":"https:\/\/eldigitaldeasturias.com\/magazine365\/riu-sale-de-los-10-hoteles-que-gestionaba-en-tunez\/","title":{"rendered":"RIU sale de los 10 hoteles que gestionaba en T\u00fanez"},"content":{"rendered":"<p><img fetchpriority=\"high\" decoding=\"async\" class=\"alignleft size-medium wp-image-60491\" src=\"https:\/\/eldigitaldeasturias.com\/magazine365\/wp-content\/uploads\/2016\/01\/fotonoticia_20160113132540_800-360x239.jpg\" alt=\"fotonoticia_20160113132540_800\" width=\"360\" height=\"239\" srcset=\"https:\/\/eldigitaldeasturias.com\/magazine365\/wp-content\/uploads\/2016\/01\/fotonoticia_20160113132540_800-360x239.jpg 360w, https:\/\/eldigitaldeasturias.com\/magazine365\/wp-content\/uploads\/2016\/01\/fotonoticia_20160113132540_800-650x431.jpg 650w, https:\/\/eldigitaldeasturias.com\/magazine365\/wp-content\/uploads\/2016\/01\/fotonoticia_20160113132540_800-768x510.jpg 768w, https:\/\/eldigitaldeasturias.com\/magazine365\/wp-content\/uploads\/2016\/01\/fotonoticia_20160113132540_800-150x100.jpg 150w, https:\/\/eldigitaldeasturias.com\/magazine365\/wp-content\/uploads\/2016\/01\/fotonoticia_20160113132540_800-450x299.jpg 450w, https:\/\/eldigitaldeasturias.com\/magazine365\/wp-content\/uploads\/2016\/01\/fotonoticia_20160113132540_800-696x462.jpg 696w, https:\/\/eldigitaldeasturias.com\/magazine365\/wp-content\/uploads\/2016\/01\/fotonoticia_20160113132540_800-633x420.jpg 633w, https:\/\/eldigitaldeasturias.com\/magazine365\/wp-content\/uploads\/2016\/01\/fotonoticia_20160113132540_800-121x79.jpg 121w, https:\/\/eldigitaldeasturias.com\/magazine365\/wp-content\/uploads\/2016\/01\/fotonoticia_20160113132540_800-101x66.jpg 101w, https:\/\/eldigitaldeasturias.com\/magazine365\/wp-content\/uploads\/2016\/01\/fotonoticia_20160113132540_800.jpg 800w\" sizes=\"(max-width: 360px) 100vw, 360px\" \/>RIU ha dejado de operar los 10 hoteles que gestionaba en T\u00fanez desde el 1 de enero, tras dar por finalizados los acuerdos que manten\u00eda con los propietarios, seg\u00fan han confirmado a Europa Press fuentes de la cadena mallorquina.<\/p>\n<p>La cadena, a trav\u00e9s de Riu Hotels &amp; Resorts, estaba presente en T\u00fanez desde el a\u00f1o 1999, con diez establecimientos (3.586 habitaciones), la mayor\u00eda de cinco estrellas y r\u00e9gimen incluido, que gestionaba bajo r\u00e9gimen de gesti\u00f3n siendo hasta ahora la cadena de capital espa\u00f1ol con mayor presencia en el pa\u00eds.<\/p>\n<p>En septiembre, ya adelant\u00f3 que manten\u00eda conversaciones con los propietarios de estos establecimientos para decidir sobre su futuro en T\u00fanez ante la \u00abcomplicada situaci\u00f3n\u00bb que el sector tur\u00edstico vive en el pa\u00eds. De hecho, en la temporada de invierno mantuvo cerrados tres de ellos.<\/p>\n<p>Las mismas fuentes han se\u00f1alado que este a\u00f1o RIU apostar\u00e1 por otros mercados como Nueva York, Sri Lanka y Las Maldivas y otros emplazamientos en el mercado asi\u00e1tico.<\/p>\n<p>El pasado 16 de junio, un joven yihadista armado entr\u00f3 en la playa privada del hotel Imperial Marhaba, que gestiona RIU, en la localidad de Port El Kantaui, junto a la tur\u00edstica ciudad de Susa, un atentado que se sald\u00f3 con 27 fallecidos y seis heridos.<\/p>\n<p>En la localidad de Port El Kantaui, adem\u00e1s del Riu Imperial Marhaba objeto del atentado, gestionaba otros dos hoteles (ClubHotel Riu Bellevue Park de 4 estrellas y el Riu Palace Green Park).<\/p>\n<p>TUI Group, que cuenta entre sus principales accionistas con la cadena hotelera RIU, afront\u00f3 un coste de 10 millones de euros por las cancelaci\u00f3n y repatriaci\u00f3n de turistas derivada del ataque sufrido en T\u00fanez.<\/p>\n","protected":false},"excerpt":{"rendered":"<p>RIU ha dejado de operar los 10 hoteles que gestionaba en T\u00fanez desde el 1 de enero, tras dar por finalizados los acuerdos que manten\u00eda con los propietarios, seg\u00fan han confirmado a Europa Press fuentes de la cadena mallorquina. La cadena, a trav\u00e9s de Riu Hotels &amp; Resorts, estaba presente en T\u00fanez desde el a\u00f1o<\/p>\n","protected":false},"author":1,"featured_media":60491,"comment_status":"open","ping_status":"closed","sticky":false,"template":"","format":"standard","meta":{"footnotes":""},"categories":[224],"tags":[],"class_list":{"0":"post-60490","1":"post","2":"type-post","3":"status-publish","4":"format-standard","5":"has-post-thumbnail","7":"category-noticias-actualidad"},"aioseo_notices":[],"aioseo_head":"\n\t\t<!-- All in One SEO Pro 4.9.6.1 - aioseo.com -->\n\t<meta name=\"description\" content=\"RIU ha dejado de operar los 10 hoteles que gestionaba en T\u00fanez desde el 1 de enero, tras dar por finalizados los acuerdos que manten\u00eda con los propietarios, seg\u00fan han confirmado a Europa Press fuentes de la cadena mallorquina. La cadena, a trav\u00e9s de Riu Hotels &amp; Resorts, estaba presente en T\u00fanez desde el a\u00f1o\" \/>\n\t<meta name=\"robots\" content=\"max-image-preview:large\" \/>\n\t<meta name=\"author\" content=\"admin\"\/>\n\t<meta name=\"google-site-verification\" content=\"UA-38556648-1\" \/>\n\t<meta name=\"keywords\" content=\"noticias y actualidad\" \/>\n\t<link rel=\"canonical\" href=\"https:\/\/eldigitaldeasturias.com\/magazine365\/riu-sale-de-los-10-hoteles-que-gestionaba-en-tunez\/\" \/>\n\t<meta name=\"generator\" content=\"All in One SEO Pro (AIOSEO) 4.9.6.1\" \/>\n\t\t<meta property=\"og:locale\" content=\"es_ES\" \/>\n\t\t<meta property=\"og:site_name\" content=\"El Digital de Asturias \u2013 Revista de ocio, turismo y estilo de vida\" \/>\n\t\t<meta property=\"og:type\" content=\"article\" \/>\n\t\t<meta property=\"og:title\" content=\"RIU sale de los 10 hoteles que gestionaba en T\u00fanez | El Digital de Asturias\" \/>\n\t\t<meta property=\"og:description\" content=\"RIU ha dejado de operar los 10 hoteles que gestionaba en T\u00fanez desde el 1 de enero, tras dar por finalizados los acuerdos que manten\u00eda con los propietarios, seg\u00fan han confirmado a Europa Press fuentes de la cadena mallorquina. La cadena, a trav\u00e9s de Riu Hotels &amp; Resorts, estaba presente en T\u00fanez desde el a\u00f1o\" \/>\n\t\t<meta property=\"og:url\" content=\"https:\/\/eldigitaldeasturias.com\/magazine365\/riu-sale-de-los-10-hoteles-que-gestionaba-en-tunez\/\" \/>\n\t\t<meta property=\"og:image\" content=\"https:\/\/eldigitaldeasturias.com\/magazine365\/wp-content\/uploads\/2016\/01\/fotonoticia_20160113132540_800.jpg\" \/>\n\t\t<meta property=\"og:image:secure_url\" content=\"https:\/\/eldigitaldeasturias.com\/magazine365\/wp-content\/uploads\/2016\/01\/fotonoticia_20160113132540_800.jpg\" \/>\n\t\t<meta property=\"og:image:width\" content=\"800\" \/>\n\t\t<meta property=\"og:image:height\" content=\"531\" \/>\n\t\t<meta property=\"article:published_time\" content=\"2016-01-13T18:21:23+00:00\" \/>\n\t\t<meta property=\"article:modified_time\" content=\"2016-01-13T18:21:23+00:00\" \/>\n\t\t<meta name=\"twitter:card\" content=\"summary_large_image\" \/>\n\t\t<meta name=\"twitter:title\" content=\"RIU sale de los 10 hoteles que gestionaba en T\u00fanez | El Digital de Asturias\" \/>\n\t\t<meta name=\"twitter:description\" content=\"RIU ha dejado de operar los 10 hoteles que gestionaba en T\u00fanez desde el 1 de enero, tras dar por finalizados los acuerdos que manten\u00eda con los propietarios, seg\u00fan han confirmado a Europa Press fuentes de la cadena mallorquina. La cadena, a trav\u00e9s de Riu Hotels &amp; Resorts, estaba presente en T\u00fanez desde el a\u00f1o\" \/>\n\t\t<meta name=\"twitter:image\" content=\"https:\/\/eldigitaldeasturias.com\/magazine365\/wp-content\/uploads\/2016\/01\/fotonoticia_20160113132540_800.jpg\" \/>\n\t\t<script type=\"application\/ld+json\" class=\"aioseo-schema\">\n\t\t\t{\"@context\":\"https:\\\/\\\/schema.org\",\"@graph\":[{\"@type\":\"Article\",\"@id\":\"https:\\\/\\\/eldigitaldeasturias.com\\\/magazine365\\\/riu-sale-de-los-10-hoteles-que-gestionaba-en-tunez\\\/#article\",\"name\":\"RIU sale de los 10 hoteles que gestionaba en T\\u00fanez | El Digital de Asturias\",\"headline\":\"RIU sale de los 10 hoteles que gestionaba en T\\u00fanez\",\"author\":{\"@id\":\"https:\\\/\\\/eldigitaldeasturias.com\\\/magazine365\\\/author\\\/admin\\\/#author\"},\"publisher\":{\"@id\":\"https:\\\/\\\/eldigitaldeasturias.com\\\/magazine365\\\/#organization\"},\"image\":{\"@type\":\"ImageObject\",\"url\":\"https:\\\/\\\/eldigitaldeasturias.com\\\/magazine365\\\/wp-content\\\/uploads\\\/2016\\\/01\\\/fotonoticia_20160113132540_800.jpg\",\"width\":800,\"height\":531},\"datePublished\":\"2016-01-13T19:21:23+01:00\",\"dateModified\":\"2016-01-13T19:21:23+01:00\",\"inLanguage\":\"es-ES\",\"mainEntityOfPage\":{\"@id\":\"https:\\\/\\\/eldigitaldeasturias.com\\\/magazine365\\\/riu-sale-de-los-10-hoteles-que-gestionaba-en-tunez\\\/#webpage\"},\"isPartOf\":{\"@id\":\"https:\\\/\\\/eldigitaldeasturias.com\\\/magazine365\\\/riu-sale-de-los-10-hoteles-que-gestionaba-en-tunez\\\/#webpage\"},\"articleSection\":\"Noticias y Actualidad\"},{\"@type\":\"BreadcrumbList\",\"@id\":\"https:\\\/\\\/eldigitaldeasturias.com\\\/magazine365\\\/riu-sale-de-los-10-hoteles-que-gestionaba-en-tunez\\\/#breadcrumblist\",\"itemListElement\":[{\"@type\":\"ListItem\",\"@id\":\"https:\\\/\\\/eldigitaldeasturias.com\\\/magazine365#listItem\",\"position\":1,\"name\":\"Home\",\"item\":\"https:\\\/\\\/eldigitaldeasturias.com\\\/magazine365\",\"nextItem\":{\"@type\":\"ListItem\",\"@id\":\"https:\\\/\\\/eldigitaldeasturias.com\\\/magazine365\\\/category\\\/noticias-actualidad\\\/#listItem\",\"name\":\"Noticias y Actualidad\"}},{\"@type\":\"ListItem\",\"@id\":\"https:\\\/\\\/eldigitaldeasturias.com\\\/magazine365\\\/category\\\/noticias-actualidad\\\/#listItem\",\"position\":2,\"name\":\"Noticias y Actualidad\",\"item\":\"https:\\\/\\\/eldigitaldeasturias.com\\\/magazine365\\\/category\\\/noticias-actualidad\\\/\",\"nextItem\":{\"@type\":\"ListItem\",\"@id\":\"https:\\\/\\\/eldigitaldeasturias.com\\\/magazine365\\\/riu-sale-de-los-10-hoteles-que-gestionaba-en-tunez\\\/#listItem\",\"name\":\"RIU sale de los 10 hoteles que gestionaba en T\\u00fanez\"},\"previousItem\":{\"@type\":\"ListItem\",\"@id\":\"https:\\\/\\\/eldigitaldeasturias.com\\\/magazine365#listItem\",\"name\":\"Home\"}},{\"@type\":\"ListItem\",\"@id\":\"https:\\\/\\\/eldigitaldeasturias.com\\\/magazine365\\\/riu-sale-de-los-10-hoteles-que-gestionaba-en-tunez\\\/#listItem\",\"position\":3,\"name\":\"RIU sale de los 10 hoteles que gestionaba en T\\u00fanez\",\"previousItem\":{\"@type\":\"ListItem\",\"@id\":\"https:\\\/\\\/eldigitaldeasturias.com\\\/magazine365\\\/category\\\/noticias-actualidad\\\/#listItem\",\"name\":\"Noticias y Actualidad\"}}]},{\"@type\":\"Organization\",\"@id\":\"https:\\\/\\\/eldigitaldeasturias.com\\\/magazine365\\\/#organization\",\"name\":\"El digital de Asturias\",\"description\":\"Revista de ocio, turismo y estilo de vida\",\"url\":\"https:\\\/\\\/eldigitaldeasturias.com\\\/magazine365\\\/\",\"logo\":{\"@type\":\"ImageObject\",\"url\":\"https:\\\/\\\/www.eldigitaldeasturias.com\\\/noticias\\\/wp-content\\\/uploads\\\/2020\\\/12\\\/EDA.jpg\",\"@id\":\"https:\\\/\\\/eldigitaldeasturias.com\\\/magazine365\\\/riu-sale-de-los-10-hoteles-que-gestionaba-en-tunez\\\/#organizationLogo\"},\"image\":{\"@id\":\"https:\\\/\\\/eldigitaldeasturias.com\\\/magazine365\\\/riu-sale-de-los-10-hoteles-que-gestionaba-en-tunez\\\/#organizationLogo\"}},{\"@type\":\"Person\",\"@id\":\"https:\\\/\\\/eldigitaldeasturias.com\\\/magazine365\\\/author\\\/admin\\\/#author\",\"url\":\"https:\\\/\\\/eldigitaldeasturias.com\\\/magazine365\\\/author\\\/admin\\\/\",\"name\":\"admin\",\"image\":{\"@type\":\"ImageObject\",\"@id\":\"https:\\\/\\\/eldigitaldeasturias.com\\\/magazine365\\\/riu-sale-de-los-10-hoteles-que-gestionaba-en-tunez\\\/#authorImage\",\"url\":\"https:\\\/\\\/eldigitaldeasturias.com\\\/magazine365\\\/wp-content\\\/litespeed\\\/avatar\\\/e571bcf59a0edd6fa6838245a470f2fe.jpg?ver=1777574230\",\"width\":96,\"height\":96,\"caption\":\"admin\"}},{\"@type\":\"WebPage\",\"@id\":\"https:\\\/\\\/eldigitaldeasturias.com\\\/magazine365\\\/riu-sale-de-los-10-hoteles-que-gestionaba-en-tunez\\\/#webpage\",\"url\":\"https:\\\/\\\/eldigitaldeasturias.com\\\/magazine365\\\/riu-sale-de-los-10-hoteles-que-gestionaba-en-tunez\\\/\",\"name\":\"RIU sale de los 10 hoteles que gestionaba en T\\u00fanez | El Digital de Asturias\",\"description\":\"RIU ha dejado de operar los 10 hoteles que gestionaba en T\\u00fanez desde el 1 de enero, tras dar por finalizados los acuerdos que manten\\u00eda con los propietarios, seg\\u00fan han confirmado a Europa Press fuentes de la cadena mallorquina. La cadena, a trav\\u00e9s de Riu Hotels & Resorts, estaba presente en T\\u00fanez desde el a\\u00f1o\",\"inLanguage\":\"es-ES\",\"isPartOf\":{\"@id\":\"https:\\\/\\\/eldigitaldeasturias.com\\\/magazine365\\\/#website\"},\"breadcrumb\":{\"@id\":\"https:\\\/\\\/eldigitaldeasturias.com\\\/magazine365\\\/riu-sale-de-los-10-hoteles-que-gestionaba-en-tunez\\\/#breadcrumblist\"},\"author\":{\"@id\":\"https:\\\/\\\/eldigitaldeasturias.com\\\/magazine365\\\/author\\\/admin\\\/#author\"},\"creator\":{\"@id\":\"https:\\\/\\\/eldigitaldeasturias.com\\\/magazine365\\\/author\\\/admin\\\/#author\"},\"image\":{\"@type\":\"ImageObject\",\"url\":\"https:\\\/\\\/eldigitaldeasturias.com\\\/magazine365\\\/wp-content\\\/uploads\\\/2016\\\/01\\\/fotonoticia_20160113132540_800.jpg\",\"@id\":\"https:\\\/\\\/eldigitaldeasturias.com\\\/magazine365\\\/riu-sale-de-los-10-hoteles-que-gestionaba-en-tunez\\\/#mainImage\",\"width\":800,\"height\":531},\"primaryImageOfPage\":{\"@id\":\"https:\\\/\\\/eldigitaldeasturias.com\\\/magazine365\\\/riu-sale-de-los-10-hoteles-que-gestionaba-en-tunez\\\/#mainImage\"},\"datePublished\":\"2016-01-13T19:21:23+01:00\",\"dateModified\":\"2016-01-13T19:21:23+01:00\"},{\"@type\":\"WebSite\",\"@id\":\"https:\\\/\\\/eldigitaldeasturias.com\\\/magazine365\\\/#website\",\"url\":\"https:\\\/\\\/eldigitaldeasturias.com\\\/magazine365\\\/\",\"name\":\"El Digital de Asturias\",\"description\":\"Revista de ocio, turismo y estilo de vida\",\"inLanguage\":\"es-ES\",\"publisher\":{\"@id\":\"https:\\\/\\\/eldigitaldeasturias.com\\\/magazine365\\\/#organization\"}}]}\n\t\t<\/script>\n\t\t<!-- All in One SEO Pro -->\r\n\t\t<title>RIU sale de los 10 hoteles que gestionaba en T\u00fanez | El Digital de Asturias<\/title>\n\n","aioseo_head_json":{"title":"RIU sale de los 10 hoteles que gestionaba en T\u00fanez | El Digital de Asturias","description":"RIU ha dejado de operar los 10 hoteles que gestionaba en T\u00fanez desde el 1 de enero, tras dar por finalizados los acuerdos que manten\u00eda con los propietarios, seg\u00fan han confirmado a Europa Press fuentes de la cadena mallorquina. La cadena, a trav\u00e9s de Riu Hotels & Resorts, estaba presente en T\u00fanez desde el a\u00f1o","canonical_url":"https:\/\/eldigitaldeasturias.com\/magazine365\/riu-sale-de-los-10-hoteles-que-gestionaba-en-tunez\/","robots":"max-image-preview:large","keywords":"noticias y actualidad","webmasterTools":{"google-site-verification":"UA-38556648-1","miscellaneous":""},"schema":{"@context":"https:\/\/schema.org","@graph":[{"@type":"Article","@id":"https:\/\/eldigitaldeasturias.com\/magazine365\/riu-sale-de-los-10-hoteles-que-gestionaba-en-tunez\/#article","name":"RIU sale de los 10 hoteles que gestionaba en T\u00fanez | El Digital de Asturias","headline":"RIU sale de los 10 hoteles que gestionaba en T\u00fanez","author":{"@id":"https:\/\/eldigitaldeasturias.com\/magazine365\/author\/admin\/#author"},"publisher":{"@id":"https:\/\/eldigitaldeasturias.com\/magazine365\/#organization"},"image":{"@type":"ImageObject","url":"https:\/\/eldigitaldeasturias.com\/magazine365\/wp-content\/uploads\/2016\/01\/fotonoticia_20160113132540_800.jpg","width":800,"height":531},"datePublished":"2016-01-13T19:21:23+01:00","dateModified":"2016-01-13T19:21:23+01:00","inLanguage":"es-ES","mainEntityOfPage":{"@id":"https:\/\/eldigitaldeasturias.com\/magazine365\/riu-sale-de-los-10-hoteles-que-gestionaba-en-tunez\/#webpage"},"isPartOf":{"@id":"https:\/\/eldigitaldeasturias.com\/magazine365\/riu-sale-de-los-10-hoteles-que-gestionaba-en-tunez\/#webpage"},"articleSection":"Noticias y Actualidad"},{"@type":"BreadcrumbList","@id":"https:\/\/eldigitaldeasturias.com\/magazine365\/riu-sale-de-los-10-hoteles-que-gestionaba-en-tunez\/#breadcrumblist","itemListElement":[{"@type":"ListItem","@id":"https:\/\/eldigitaldeasturias.com\/magazine365#listItem","position":1,"name":"Home","item":"https:\/\/eldigitaldeasturias.com\/magazine365","nextItem":{"@type":"ListItem","@id":"https:\/\/eldigitaldeasturias.com\/magazine365\/category\/noticias-actualidad\/#listItem","name":"Noticias y Actualidad"}},{"@type":"ListItem","@id":"https:\/\/eldigitaldeasturias.com\/magazine365\/category\/noticias-actualidad\/#listItem","position":2,"name":"Noticias y Actualidad","item":"https:\/\/eldigitaldeasturias.com\/magazine365\/category\/noticias-actualidad\/","nextItem":{"@type":"ListItem","@id":"https:\/\/eldigitaldeasturias.com\/magazine365\/riu-sale-de-los-10-hoteles-que-gestionaba-en-tunez\/#listItem","name":"RIU sale de los 10 hoteles que gestionaba en T\u00fanez"},"previousItem":{"@type":"ListItem","@id":"https:\/\/eldigitaldeasturias.com\/magazine365#listItem","name":"Home"}},{"@type":"ListItem","@id":"https:\/\/eldigitaldeasturias.com\/magazine365\/riu-sale-de-los-10-hoteles-que-gestionaba-en-tunez\/#listItem","position":3,"name":"RIU sale de los 10 hoteles que gestionaba en T\u00fanez","previousItem":{"@type":"ListItem","@id":"https:\/\/eldigitaldeasturias.com\/magazine365\/category\/noticias-actualidad\/#listItem","name":"Noticias y Actualidad"}}]},{"@type":"Organization","@id":"https:\/\/eldigitaldeasturias.com\/magazine365\/#organization","name":"El digital de Asturias","description":"Revista de ocio, turismo y estilo de vida","url":"https:\/\/eldigitaldeasturias.com\/magazine365\/","logo":{"@type":"ImageObject","url":"https:\/\/www.eldigitaldeasturias.com\/noticias\/wp-content\/uploads\/2020\/12\/EDA.jpg","@id":"https:\/\/eldigitaldeasturias.com\/magazine365\/riu-sale-de-los-10-hoteles-que-gestionaba-en-tunez\/#organizationLogo"},"image":{"@id":"https:\/\/eldigitaldeasturias.com\/magazine365\/riu-sale-de-los-10-hoteles-que-gestionaba-en-tunez\/#organizationLogo"}},{"@type":"Person","@id":"https:\/\/eldigitaldeasturias.com\/magazine365\/author\/admin\/#author","url":"https:\/\/eldigitaldeasturias.com\/magazine365\/author\/admin\/","name":"admin","image":{"@type":"ImageObject","@id":"https:\/\/eldigitaldeasturias.com\/magazine365\/riu-sale-de-los-10-hoteles-que-gestionaba-en-tunez\/#authorImage","url":"https:\/\/eldigitaldeasturias.com\/magazine365\/wp-content\/litespeed\/avatar\/e571bcf59a0edd6fa6838245a470f2fe.jpg?ver=1777574230","width":96,"height":96,"caption":"admin"}},{"@type":"WebPage","@id":"https:\/\/eldigitaldeasturias.com\/magazine365\/riu-sale-de-los-10-hoteles-que-gestionaba-en-tunez\/#webpage","url":"https:\/\/eldigitaldeasturias.com\/magazine365\/riu-sale-de-los-10-hoteles-que-gestionaba-en-tunez\/","name":"RIU sale de los 10 hoteles que gestionaba en T\u00fanez | El Digital de Asturias","description":"RIU ha dejado de operar los 10 hoteles que gestionaba en T\u00fanez desde el 1 de enero, tras dar por finalizados los acuerdos que manten\u00eda con los propietarios, seg\u00fan han confirmado a Europa Press fuentes de la cadena mallorquina. La cadena, a trav\u00e9s de Riu Hotels & Resorts, estaba presente en T\u00fanez desde el a\u00f1o","inLanguage":"es-ES","isPartOf":{"@id":"https:\/\/eldigitaldeasturias.com\/magazine365\/#website"},"breadcrumb":{"@id":"https:\/\/eldigitaldeasturias.com\/magazine365\/riu-sale-de-los-10-hoteles-que-gestionaba-en-tunez\/#breadcrumblist"},"author":{"@id":"https:\/\/eldigitaldeasturias.com\/magazine365\/author\/admin\/#author"},"creator":{"@id":"https:\/\/eldigitaldeasturias.com\/magazine365\/author\/admin\/#author"},"image":{"@type":"ImageObject","url":"https:\/\/eldigitaldeasturias.com\/magazine365\/wp-content\/uploads\/2016\/01\/fotonoticia_20160113132540_800.jpg","@id":"https:\/\/eldigitaldeasturias.com\/magazine365\/riu-sale-de-los-10-hoteles-que-gestionaba-en-tunez\/#mainImage","width":800,"height":531},"primaryImageOfPage":{"@id":"https:\/\/eldigitaldeasturias.com\/magazine365\/riu-sale-de-los-10-hoteles-que-gestionaba-en-tunez\/#mainImage"},"datePublished":"2016-01-13T19:21:23+01:00","dateModified":"2016-01-13T19:21:23+01:00"},{"@type":"WebSite","@id":"https:\/\/eldigitaldeasturias.com\/magazine365\/#website","url":"https:\/\/eldigitaldeasturias.com\/magazine365\/","name":"El Digital de Asturias","description":"Revista de ocio, turismo y estilo de vida","inLanguage":"es-ES","publisher":{"@id":"https:\/\/eldigitaldeasturias.com\/magazine365\/#organization"}}]},"og:locale":"es_ES","og:site_name":"El Digital de Asturias \u2013 Revista de ocio, turismo y estilo de vida","og:type":"article","og:title":"RIU sale de los 10 hoteles que gestionaba en T\u00fanez | El Digital de Asturias","og:description":"RIU ha dejado de operar los 10 hoteles que gestionaba en T\u00fanez desde el 1 de enero, tras dar por finalizados los acuerdos que manten\u00eda con los propietarios, seg\u00fan han confirmado a Europa Press fuentes de la cadena mallorquina. La cadena, a trav\u00e9s de Riu Hotels &amp; Resorts, estaba presente en T\u00fanez desde el a\u00f1o","og:url":"https:\/\/eldigitaldeasturias.com\/magazine365\/riu-sale-de-los-10-hoteles-que-gestionaba-en-tunez\/","og:image":"https:\/\/eldigitaldeasturias.com\/magazine365\/wp-content\/uploads\/2016\/01\/fotonoticia_20160113132540_800.jpg","og:image:secure_url":"https:\/\/eldigitaldeasturias.com\/magazine365\/wp-content\/uploads\/2016\/01\/fotonoticia_20160113132540_800.jpg","og:image:width":800,"og:image:height":531,"article:published_time":"2016-01-13T18:21:23+00:00","article:modified_time":"2016-01-13T18:21:23+00:00","twitter:card":"summary_large_image","twitter:title":"RIU sale de los 10 hoteles que gestionaba en T\u00fanez | El Digital de Asturias","twitter:description":"RIU ha dejado de operar los 10 hoteles que gestionaba en T\u00fanez desde el 1 de enero, tras dar por finalizados los acuerdos que manten\u00eda con los propietarios, seg\u00fan han confirmado a Europa Press fuentes de la cadena mallorquina. La cadena, a trav\u00e9s de Riu Hotels &amp; Resorts, estaba presente en T\u00fanez desde el a\u00f1o","twitter:image":"https:\/\/eldigitaldeasturias.com\/magazine365\/wp-content\/uploads\/2016\/01\/fotonoticia_20160113132540_800.jpg"},"aioseo_meta_data":{"post_id":"60490","title":null,"description":null,"keywords":null,"keyphrases":null,"primary_term":null,"canonical_url":null,"og_title":null,"og_description":null,"og_object_type":"default","og_image_type":"default","og_image_url":null,"og_image_width":null,"og_image_height":null,"og_image_custom_url":null,"og_image_custom_fields":null,"og_video":null,"og_custom_url":null,"og_article_section":null,"og_article_tags":null,"twitter_use_og":false,"twitter_card":"default","twitter_image_type":"default","twitter_image_url":null,"twitter_image_custom_url":null,"twitter_image_custom_fields":null,"twitter_title":null,"twitter_description":null,"schema":{"blockGraphs":[],"customGraphs":[],"default":{"data":{"Article":[],"Course":[],"Dataset":[],"FAQPage":[],"Movie":[],"Person":[],"Product":[],"ProductReview":[],"Car":[],"Recipe":[],"Service":[],"SoftwareApplication":[],"WebPage":[]},"graphName":"","isEnabled":true},"graphs":[],"defaultGraph":"","defaultPostTypeGraph":""},"schema_type":null,"schema_type_options":null,"pillar_content":false,"robots_default":true,"robots_noindex":false,"robots_noarchive":false,"robots_nosnippet":false,"robots_nofollow":false,"robots_noimageindex":false,"robots_noodp":false,"robots_notranslate":false,"robots_max_snippet":null,"robots_max_videopreview":null,"robots_max_imagepreview":"large","priority":null,"frequency":null,"location":null,"local_seo":null,"seo_analyzer_scan_date":"2025-09-25 06:59:10","breadcrumb_settings":null,"limit_modified_date":false,"open_ai":null,"ai":null,"created":"2021-03-08 21:59:54","updated":"2025-09-25 06:59:10"},"aioseo_breadcrumb":"<div class=\"aioseo-breadcrumbs\"><span class=\"aioseo-breadcrumb\">\n\t<a href=\"https:\/\/eldigitaldeasturias.com\/magazine365\" title=\"Home\">Home<\/a>\n<\/span><span class=\"aioseo-breadcrumb-separator\">\u2013<\/span><span class=\"aioseo-breadcrumb\">\n\t<a href=\"https:\/\/eldigitaldeasturias.com\/magazine365\/category\/noticias-actualidad\/\" title=\"Noticias y Actualidad\">Noticias y Actualidad<\/a>\n<\/span><span class=\"aioseo-breadcrumb-separator\">\u2013<\/span><span class=\"aioseo-breadcrumb\">\n\t<a href=\"https:\/\/eldigitaldeasturias.com\/magazine365\/riu-sale-de-los-10-hoteles-que-gestionaba-en-tunez\/\" title=\"RIU sale de los 10 hoteles que gestionaba en T\u00fanez\">RIU sale de los 10 hoteles que gestionaba en T\u00fanez<\/a>\n<\/span><\/div>","aioseo_breadcrumb_json":[{"label":"Home","link":"https:\/\/eldigitaldeasturias.com\/magazine365"},{"label":"Noticias y Actualidad","link":"https:\/\/eldigitaldeasturias.com\/magazine365\/category\/noticias-actualidad\/"},{"label":"RIU sale de los 10 hoteles que gestionaba en T\u00fanez","link":"https:\/\/eldigitaldeasturias.com\/magazine365\/riu-sale-de-los-10-hoteles-que-gestionaba-en-tunez\/"}],"_links":{"self":[{"href":"https:\/\/eldigitaldeasturias.com\/magazine365\/wp-json\/wp\/v2\/posts\/60490","targetHints":{"allow":["GET"]}}],"collection":[{"href":"https:\/\/eldigitaldeasturias.com\/magazine365\/wp-json\/wp\/v2\/posts"}],"about":[{"href":"https:\/\/eldigitaldeasturias.com\/magazine365\/wp-json\/wp\/v2\/types\/post"}],"author":[{"embeddable":true,"href":"https:\/\/eldigitaldeasturias.com\/magazine365\/wp-json\/wp\/v2\/users\/1"}],"replies":[{"embeddable":true,"href":"https:\/\/eldigitaldeasturias.com\/magazine365\/wp-json\/wp\/v2\/comments?post=60490"}],"version-history":[{"count":0,"href":"https:\/\/eldigitaldeasturias.com\/magazine365\/wp-json\/wp\/v2\/posts\/60490\/revisions"}],"wp:featuredmedia":[{"embeddable":true,"href":"https:\/\/eldigitaldeasturias.com\/magazine365\/wp-json\/wp\/v2\/media\/60491"}],"wp:attachment":[{"href":"https:\/\/eldigitaldeasturias.com\/magazine365\/wp-json\/wp\/v2\/media?parent=60490"}],"wp:term":[{"taxonomy":"category","embeddable":true,"href":"https:\/\/eldigitaldeasturias.com\/magazine365\/wp-json\/wp\/v2\/categories?post=60490"},{"taxonomy":"post_tag","embeddable":true,"href":"https:\/\/eldigitaldeasturias.com\/magazine365\/wp-json\/wp\/v2\/tags?post=60490"}],"curies":[{"name":"wp","href":"https:\/\/api.w.org\/{rel}","templated":true}]}}