{"id":60465,"date":"2016-01-13T15:30:35","date_gmt":"2016-01-13T14:30:35","guid":{"rendered":"http:\/\/eldigitaldeasturias.com\/magazine365\/?p=60465"},"modified":"2016-01-13T15:30:35","modified_gmt":"2016-01-13T14:30:35","slug":"crece-un-67-el-trafico-mundial-de-pasajeros-hasta-noviembre","status":"publish","type":"post","link":"https:\/\/eldigitaldeasturias.com\/magazine365\/crece-un-67-el-trafico-mundial-de-pasajeros-hasta-noviembre\/","title":{"rendered":"Crece un 6,7% el tr\u00e1fico mundial de pasajeros hasta noviembre"},"content":{"rendered":"<p><img fetchpriority=\"high\" decoding=\"async\" class=\"alignleft size-medium wp-image-60466\" src=\"https:\/\/eldigitaldeasturias.com\/magazine365\/wp-content\/uploads\/2016\/01\/fotonoticia_20160113121644_800-360x259.jpg\" alt=\"fotonoticia_20160113121644_800\" width=\"360\" height=\"259\" srcset=\"https:\/\/eldigitaldeasturias.com\/magazine365\/wp-content\/uploads\/2016\/01\/fotonoticia_20160113121644_800-360x259.jpg 360w, https:\/\/eldigitaldeasturias.com\/magazine365\/wp-content\/uploads\/2016\/01\/fotonoticia_20160113121644_800-650x468.jpg 650w, https:\/\/eldigitaldeasturias.com\/magazine365\/wp-content\/uploads\/2016\/01\/fotonoticia_20160113121644_800-768x553.jpg 768w, https:\/\/eldigitaldeasturias.com\/magazine365\/wp-content\/uploads\/2016\/01\/fotonoticia_20160113121644_800-150x108.jpg 150w, https:\/\/eldigitaldeasturias.com\/magazine365\/wp-content\/uploads\/2016\/01\/fotonoticia_20160113121644_800-450x324.jpg 450w, https:\/\/eldigitaldeasturias.com\/magazine365\/wp-content\/uploads\/2016\/01\/fotonoticia_20160113121644_800-696x501.jpg 696w, https:\/\/eldigitaldeasturias.com\/magazine365\/wp-content\/uploads\/2016\/01\/fotonoticia_20160113121644_800-583x420.jpg 583w, https:\/\/eldigitaldeasturias.com\/magazine365\/wp-content\/uploads\/2016\/01\/fotonoticia_20160113121644_800.jpg 800w\" sizes=\"(max-width: 360px) 100vw, 360px\" \/>El tr\u00e1fico a\u00e9reo mundial de pasajeros aument\u00f3 un 6,7% en los once primeros meses del a\u00f1o 2015, tras crecer un 5,8% la oferta, con un factor de ocupaci\u00f3n del 80,5%, seg\u00fan los \u00faltimos datos de la Asociaci\u00f3n Internacional del Transporte A\u00e9reo (IATA).<\/p>\n<p>La IATA destac\u00f3 el fuerte crecimiento del tr\u00e1fico por encima de la tasa promedio de los \u00faltimos diez a\u00f1os (+5,6%), aunque se encuentre por debajo de la registrada en octubre (+7,1%). Una ralentizaci\u00f3n que atribuy\u00f3 al impacto del cese de las operaciones de la rusa Transaero, la segunda compa\u00f1\u00eda m\u00e1s grande de Rusia, y a las huelgas de Lufthansa.<\/p>\n<p>Asimismo, subray\u00f3 que la demanda siga creciendo en parte debido a la ca\u00edda de las tarifas, con un descenso promedio del 5% en los once primeros meses del a\u00f1o.<\/p>\n<p>\u00abLos consumidores siguen benefici\u00e1ndose de las tarifas m\u00e1s bajas, que est\u00e1n estimulando la demanda\u00bb, ha explicado el director general y consejero de la IATA, Tony Tyler, quien se congratul\u00f3 de que las aerol\u00edneas est\u00e9n empezando a alcanzar \u00abniveles m\u00ednimos aceptables de ganancias\u00bb.<\/p>\n<p>No obstante, Tyler alerta de que a medida que se inicia el a\u00f1o 2016, los riesgos econ\u00f3micos \u00abvan en aumento\u00bb.<\/p>\n<p>DESPEGUE EN RUTAS INTERNACIONALES.<\/p>\n<p>De enero a noviembre de 2015, la demanda creci\u00f3 un 6,8% a nivel internacional frente al mismo per\u00edodo del a\u00f1o anterior, y un 6,4% a nivel dom\u00e9stico. Tambi\u00e9n aument\u00f3 la oferta durante el per\u00edodo, un 6,1% en rutas internacionales y un 5,3% en el mercado dom\u00e9stico.<\/p>\n<p>Seg\u00fan datos del IATA, que acapara el 90% del tr\u00e1fico a\u00e9reo mundial, la capacidad ofertada aument\u00f3 un 4,2% en el mes de noviembre de 2015 respecto al mismo mes del a\u00f1o anterior, con un incremento de la demanda del 5,9%. El factor de ocupaci\u00f3n en noviembre se situ\u00f3 en el 78%.<\/p>\n<p>En noviembre, la oferta en rutas internacionales creci\u00f3 un 4,1% y un 4,4% en el mercado dom\u00e9stico, mientras que la demanda dom\u00e9stica tuvo mayor peso (+6,4%) que la internacional (+5,6%).<\/p>\n<p>El fuerte incremento de la demanda internacional se tradujo en un alza del factor de ocupaci\u00f3n en estas rutas, hasta el 76,2%, 1,1 puntos porcentuales m\u00e1s. En los viajes nacionales, el comportamiento fue dispar pese al crecimiento generalizado, con ca\u00eddas en Brasil, Rusia y Jap\u00f3n. El coeficiente de ocupaci\u00f3n fue del 81,1%, 1,6 puntos porcentuales m\u00e1s.<\/p>\n<p>MENOR CRECIMIENTO AL PREVISTO EN EUROPA.<\/p>\n<p>Por mercados, en la regi\u00f3n Asia-Pac\u00edfico el tr\u00e1fico a\u00e9reo de pasajeros creci\u00f3 un 7,9% en noviembre, con un aumento del 5,7% de la capacidad y un factor de ocupaci\u00f3n del 76,2%, 1,6 puntos porcentuales m\u00e1s.<\/p>\n<p>La debilidad en la actividad comercial en las econom\u00edas emergentes de Asia, as\u00ed como una ralentizaci\u00f3n en el crecimiento esperado en China, no parecen estar afectando al tr\u00e1fico de las aerol\u00edneas que operan en este mercado.<\/p>\n<p>En Europa, las aerol\u00edneas experimentaron un aumento del 2,2% de la demanda, menor al previsto, por el mencionado efecto del ceses de operaciones de Transaero y el impacto de la mayor huelga en la historia de Lufthansa. La capacidad cay\u00f3 un 0,1% en noviembre, pese a que la ocupaci\u00f3n fue la m\u00e1s alta con el 79,5%, 1,7 puntos porcentuales m\u00e1s.<\/p>\n<p>En Am\u00e9rica del Norte el tr\u00e1fico creci\u00f3 el tr\u00e1fico a\u00e9reo un 2,1% en noviembre, por debajo del ritmo de crecimiento experimentado en el a\u00f1o (+3,4%). La capacidad se redujo un 0,2% y el coeficiente de ocupaci\u00f3n fue del 78,4%, 1,8 puntos porcentuales m\u00e1s.<\/p>\n<p>En Oriente Medio el incremento de la demanda fue del 9,8% en noviembre, con un aumento de la capacidad del 11,5%. El factor de ocupaci\u00f3n se situ\u00f3 en el 69,4%, lo que supone un punto porcentual. La situaci\u00f3n de los pa\u00edses no productores de petr\u00f3leo y sectores derivados parecen estar fortaleciendo el negocio, lo que deber\u00eda ayuda a sostener la s\u00f3lida expansi\u00f3n de la demanda de pasajeros a\u00e9reos en la zona.<\/p>\n<p>Las aerol\u00edneas latinoamericanas aumentaron un 10,7% su tr\u00e1fico a\u00e9reo mundial en noviembre, con un incremento del 10,1% en su capacidad. El factor de ocupaci\u00f3n se situ\u00f3 en el 78,9%, 0,3 puntos porcentuales m\u00e1s. Pese a ello, han registrado una disminuci\u00f3n significativa en su rentabilidad por la debilidad de econom\u00edas clave de la regi\u00f3n como Brasil y Argentina.<\/p>\n<p>En \u00c1frica, el tr\u00e1fico a\u00e9reo de pasajeros creci\u00f3 un 12,2% en noviembre con respecto al mismo mes de 2014 por quinto mes consecutivo. No obstante, en los once primeros meses solo creci\u00f3 un 1,3%, reflejo del desarrollo adverso econ\u00f3mico en partes del continente, como Nigeria, altamente dependiente de los ingresos del petr\u00f3leo.<\/p>\n<p>CRECE UN 2,3% LA CARGA.<\/p>\n<p>Por su parte, el tr\u00e1fico a\u00e9reo de carga mundial creci\u00f3 un 2,3% en los once primeros meses del a\u00f1o 2015, con un repunte del 6% de la oferta y un factor de ocupaci\u00f3n del 44,1%. La demanda se mantuvo en los mercados nacionales mientras que aument\u00f3 un 2,6% en rutas internacionales.<\/p>\n<p>En noviembre, el transporte de mercanc\u00edas cay\u00f3 un 1,3%, con descensos tanto en la demanda dom\u00e9stica (-0,4%) como en el tr\u00e1fico internacional (-1,3%). El coeficiente de carga se situ\u00f3 en el 46,8% en noviembre.<\/p>\n<p>Comparando todas las regiones, el descenso en el transporte de carga fue generalizado, salvo en Oriente Medio. De los principales mercados, que en conjunto constituyen m\u00e1s del 80% del comercio total, Europa registr\u00f3 un descenso del 2%, Am\u00e9rica del Norte una ca\u00edda del 3,2% y Asia-Pac\u00edfico un retroceso del 1,5%. Los mercados latinoamericanos y africanos tambi\u00e9n cayeron, un 6,4% y 6,0, respectivamente. En Oriente Medio, cay\u00f3 un 5,4%.<\/p>\n<p>Pese a estas cifras, y ante el crecimiento registrado en el a\u00f1o, la IATA considera que la tendencia a la baja en los vol\u00famenes de tr\u00e1fico de mercanc\u00edas est\u00e1 \u00abtocando fondo\u00bb. No obstante, admite que la volatilidad actual de los mercados hace que la carga a\u00e9rea se sit\u00fae al filo de la navaja\u00bb, concluy\u00f3 Tyler.<\/p>\n","protected":false},"excerpt":{"rendered":"<p>El tr\u00e1fico a\u00e9reo mundial de pasajeros aument\u00f3 un 6,7% en los once primeros meses del a\u00f1o 2015, tras crecer un 5,8% la oferta, con un factor de ocupaci\u00f3n del 80,5%, seg\u00fan los \u00faltimos datos de la Asociaci\u00f3n Internacional del Transporte A\u00e9reo (IATA). La IATA destac\u00f3 el fuerte crecimiento del tr\u00e1fico por encima de la tasa<\/p>\n","protected":false},"author":1,"featured_media":60466,"comment_status":"open","ping_status":"closed","sticky":false,"template":"","format":"standard","meta":{"footnotes":""},"categories":[224],"tags":[],"class_list":{"0":"post-60465","1":"post","2":"type-post","3":"status-publish","4":"format-standard","5":"has-post-thumbnail","7":"category-noticias-actualidad"},"aioseo_notices":[],"aioseo_head":"\n\t\t<!-- All in One SEO Pro 4.9.6.1 - aioseo.com -->\n\t<meta name=\"description\" content=\"El tr\u00e1fico a\u00e9reo mundial de pasajeros aument\u00f3 un 6,7% en los once primeros meses del a\u00f1o 2015, tras crecer un 5,8% la oferta, con un factor de ocupaci\u00f3n del 80,5%, seg\u00fan los \u00faltimos datos de la Asociaci\u00f3n Internacional del Transporte A\u00e9reo (IATA). La IATA destac\u00f3 el fuerte crecimiento del tr\u00e1fico por encima de la tasa\" \/>\n\t<meta name=\"robots\" content=\"max-image-preview:large\" \/>\n\t<meta name=\"author\" content=\"admin\"\/>\n\t<meta name=\"google-site-verification\" content=\"UA-38556648-1\" \/>\n\t<meta name=\"keywords\" content=\"noticias y actualidad\" \/>\n\t<link rel=\"canonical\" href=\"https:\/\/eldigitaldeasturias.com\/magazine365\/crece-un-67-el-trafico-mundial-de-pasajeros-hasta-noviembre\/\" \/>\n\t<meta name=\"generator\" content=\"All in One SEO Pro (AIOSEO) 4.9.6.1\" \/>\n\t\t<meta property=\"og:locale\" content=\"es_ES\" \/>\n\t\t<meta property=\"og:site_name\" content=\"El Digital de Asturias \u2013 Revista de ocio, turismo y estilo de vida\" \/>\n\t\t<meta property=\"og:type\" content=\"article\" \/>\n\t\t<meta property=\"og:title\" content=\"Crece un 6,7% el tr\u00e1fico mundial de pasajeros hasta noviembre | El Digital de Asturias\" \/>\n\t\t<meta property=\"og:description\" content=\"El tr\u00e1fico a\u00e9reo mundial de pasajeros aument\u00f3 un 6,7% en los once primeros meses del a\u00f1o 2015, tras crecer un 5,8% la oferta, con un factor de ocupaci\u00f3n del 80,5%, seg\u00fan los \u00faltimos datos de la Asociaci\u00f3n Internacional del Transporte A\u00e9reo (IATA). La IATA destac\u00f3 el fuerte crecimiento del tr\u00e1fico por encima de la tasa\" \/>\n\t\t<meta property=\"og:url\" content=\"https:\/\/eldigitaldeasturias.com\/magazine365\/crece-un-67-el-trafico-mundial-de-pasajeros-hasta-noviembre\/\" \/>\n\t\t<meta property=\"og:image\" content=\"https:\/\/eldigitaldeasturias.com\/magazine365\/wp-content\/uploads\/2016\/01\/fotonoticia_20160113121644_800.jpg\" \/>\n\t\t<meta property=\"og:image:secure_url\" content=\"https:\/\/eldigitaldeasturias.com\/magazine365\/wp-content\/uploads\/2016\/01\/fotonoticia_20160113121644_800.jpg\" \/>\n\t\t<meta property=\"og:image:width\" content=\"800\" \/>\n\t\t<meta property=\"og:image:height\" content=\"576\" \/>\n\t\t<meta property=\"article:published_time\" content=\"2016-01-13T14:30:35+00:00\" \/>\n\t\t<meta property=\"article:modified_time\" content=\"2016-01-13T14:30:35+00:00\" \/>\n\t\t<meta name=\"twitter:card\" content=\"summary_large_image\" \/>\n\t\t<meta name=\"twitter:title\" content=\"Crece un 6,7% el tr\u00e1fico mundial de pasajeros hasta noviembre | El Digital de Asturias\" \/>\n\t\t<meta name=\"twitter:description\" content=\"El tr\u00e1fico a\u00e9reo mundial de pasajeros aument\u00f3 un 6,7% en los once primeros meses del a\u00f1o 2015, tras crecer un 5,8% la oferta, con un factor de ocupaci\u00f3n del 80,5%, seg\u00fan los \u00faltimos datos de la Asociaci\u00f3n Internacional del Transporte A\u00e9reo (IATA). La IATA destac\u00f3 el fuerte crecimiento del tr\u00e1fico por encima de la tasa\" \/>\n\t\t<meta name=\"twitter:image\" content=\"https:\/\/eldigitaldeasturias.com\/magazine365\/wp-content\/uploads\/2016\/01\/fotonoticia_20160113121644_800.jpg\" \/>\n\t\t<script type=\"application\/ld+json\" class=\"aioseo-schema\">\n\t\t\t{\"@context\":\"https:\\\/\\\/schema.org\",\"@graph\":[{\"@type\":\"Article\",\"@id\":\"https:\\\/\\\/eldigitaldeasturias.com\\\/magazine365\\\/crece-un-67-el-trafico-mundial-de-pasajeros-hasta-noviembre\\\/#article\",\"name\":\"Crece un 6,7% el tr\\u00e1fico mundial de pasajeros hasta noviembre | El Digital de Asturias\",\"headline\":\"Crece un 6,7% el tr\\u00e1fico mundial de pasajeros hasta noviembre\",\"author\":{\"@id\":\"https:\\\/\\\/eldigitaldeasturias.com\\\/magazine365\\\/author\\\/admin\\\/#author\"},\"publisher\":{\"@id\":\"https:\\\/\\\/eldigitaldeasturias.com\\\/magazine365\\\/#organization\"},\"image\":{\"@type\":\"ImageObject\",\"url\":\"https:\\\/\\\/eldigitaldeasturias.com\\\/magazine365\\\/wp-content\\\/uploads\\\/2016\\\/01\\\/fotonoticia_20160113121644_800.jpg\",\"width\":800,\"height\":576},\"datePublished\":\"2016-01-13T15:30:35+01:00\",\"dateModified\":\"2016-01-13T15:30:35+01:00\",\"inLanguage\":\"es-ES\",\"mainEntityOfPage\":{\"@id\":\"https:\\\/\\\/eldigitaldeasturias.com\\\/magazine365\\\/crece-un-67-el-trafico-mundial-de-pasajeros-hasta-noviembre\\\/#webpage\"},\"isPartOf\":{\"@id\":\"https:\\\/\\\/eldigitaldeasturias.com\\\/magazine365\\\/crece-un-67-el-trafico-mundial-de-pasajeros-hasta-noviembre\\\/#webpage\"},\"articleSection\":\"Noticias y Actualidad\"},{\"@type\":\"BreadcrumbList\",\"@id\":\"https:\\\/\\\/eldigitaldeasturias.com\\\/magazine365\\\/crece-un-67-el-trafico-mundial-de-pasajeros-hasta-noviembre\\\/#breadcrumblist\",\"itemListElement\":[{\"@type\":\"ListItem\",\"@id\":\"https:\\\/\\\/eldigitaldeasturias.com\\\/magazine365#listItem\",\"position\":1,\"name\":\"Home\",\"item\":\"https:\\\/\\\/eldigitaldeasturias.com\\\/magazine365\",\"nextItem\":{\"@type\":\"ListItem\",\"@id\":\"https:\\\/\\\/eldigitaldeasturias.com\\\/magazine365\\\/category\\\/noticias-actualidad\\\/#listItem\",\"name\":\"Noticias y Actualidad\"}},{\"@type\":\"ListItem\",\"@id\":\"https:\\\/\\\/eldigitaldeasturias.com\\\/magazine365\\\/category\\\/noticias-actualidad\\\/#listItem\",\"position\":2,\"name\":\"Noticias y Actualidad\",\"item\":\"https:\\\/\\\/eldigitaldeasturias.com\\\/magazine365\\\/category\\\/noticias-actualidad\\\/\",\"nextItem\":{\"@type\":\"ListItem\",\"@id\":\"https:\\\/\\\/eldigitaldeasturias.com\\\/magazine365\\\/crece-un-67-el-trafico-mundial-de-pasajeros-hasta-noviembre\\\/#listItem\",\"name\":\"Crece un 6,7% el tr\\u00e1fico mundial de pasajeros hasta noviembre\"},\"previousItem\":{\"@type\":\"ListItem\",\"@id\":\"https:\\\/\\\/eldigitaldeasturias.com\\\/magazine365#listItem\",\"name\":\"Home\"}},{\"@type\":\"ListItem\",\"@id\":\"https:\\\/\\\/eldigitaldeasturias.com\\\/magazine365\\\/crece-un-67-el-trafico-mundial-de-pasajeros-hasta-noviembre\\\/#listItem\",\"position\":3,\"name\":\"Crece un 6,7% el tr\\u00e1fico mundial de pasajeros hasta noviembre\",\"previousItem\":{\"@type\":\"ListItem\",\"@id\":\"https:\\\/\\\/eldigitaldeasturias.com\\\/magazine365\\\/category\\\/noticias-actualidad\\\/#listItem\",\"name\":\"Noticias y Actualidad\"}}]},{\"@type\":\"Organization\",\"@id\":\"https:\\\/\\\/eldigitaldeasturias.com\\\/magazine365\\\/#organization\",\"name\":\"El digital de Asturias\",\"description\":\"Revista de ocio, turismo y estilo de vida\",\"url\":\"https:\\\/\\\/eldigitaldeasturias.com\\\/magazine365\\\/\",\"logo\":{\"@type\":\"ImageObject\",\"url\":\"https:\\\/\\\/www.eldigitaldeasturias.com\\\/noticias\\\/wp-content\\\/uploads\\\/2020\\\/12\\\/EDA.jpg\",\"@id\":\"https:\\\/\\\/eldigitaldeasturias.com\\\/magazine365\\\/crece-un-67-el-trafico-mundial-de-pasajeros-hasta-noviembre\\\/#organizationLogo\"},\"image\":{\"@id\":\"https:\\\/\\\/eldigitaldeasturias.com\\\/magazine365\\\/crece-un-67-el-trafico-mundial-de-pasajeros-hasta-noviembre\\\/#organizationLogo\"}},{\"@type\":\"Person\",\"@id\":\"https:\\\/\\\/eldigitaldeasturias.com\\\/magazine365\\\/author\\\/admin\\\/#author\",\"url\":\"https:\\\/\\\/eldigitaldeasturias.com\\\/magazine365\\\/author\\\/admin\\\/\",\"name\":\"admin\",\"image\":{\"@type\":\"ImageObject\",\"@id\":\"https:\\\/\\\/eldigitaldeasturias.com\\\/magazine365\\\/crece-un-67-el-trafico-mundial-de-pasajeros-hasta-noviembre\\\/#authorImage\",\"url\":\"https:\\\/\\\/eldigitaldeasturias.com\\\/magazine365\\\/wp-content\\\/litespeed\\\/avatar\\\/e571bcf59a0edd6fa6838245a470f2fe.jpg?ver=1777574230\",\"width\":96,\"height\":96,\"caption\":\"admin\"}},{\"@type\":\"WebPage\",\"@id\":\"https:\\\/\\\/eldigitaldeasturias.com\\\/magazine365\\\/crece-un-67-el-trafico-mundial-de-pasajeros-hasta-noviembre\\\/#webpage\",\"url\":\"https:\\\/\\\/eldigitaldeasturias.com\\\/magazine365\\\/crece-un-67-el-trafico-mundial-de-pasajeros-hasta-noviembre\\\/\",\"name\":\"Crece un 6,7% el tr\\u00e1fico mundial de pasajeros hasta noviembre | El Digital de Asturias\",\"description\":\"El tr\\u00e1fico a\\u00e9reo mundial de pasajeros aument\\u00f3 un 6,7% en los once primeros meses del a\\u00f1o 2015, tras crecer un 5,8% la oferta, con un factor de ocupaci\\u00f3n del 80,5%, seg\\u00fan los \\u00faltimos datos de la Asociaci\\u00f3n Internacional del Transporte A\\u00e9reo (IATA). La IATA destac\\u00f3 el fuerte crecimiento del tr\\u00e1fico por encima de la tasa\",\"inLanguage\":\"es-ES\",\"isPartOf\":{\"@id\":\"https:\\\/\\\/eldigitaldeasturias.com\\\/magazine365\\\/#website\"},\"breadcrumb\":{\"@id\":\"https:\\\/\\\/eldigitaldeasturias.com\\\/magazine365\\\/crece-un-67-el-trafico-mundial-de-pasajeros-hasta-noviembre\\\/#breadcrumblist\"},\"author\":{\"@id\":\"https:\\\/\\\/eldigitaldeasturias.com\\\/magazine365\\\/author\\\/admin\\\/#author\"},\"creator\":{\"@id\":\"https:\\\/\\\/eldigitaldeasturias.com\\\/magazine365\\\/author\\\/admin\\\/#author\"},\"image\":{\"@type\":\"ImageObject\",\"url\":\"https:\\\/\\\/eldigitaldeasturias.com\\\/magazine365\\\/wp-content\\\/uploads\\\/2016\\\/01\\\/fotonoticia_20160113121644_800.jpg\",\"@id\":\"https:\\\/\\\/eldigitaldeasturias.com\\\/magazine365\\\/crece-un-67-el-trafico-mundial-de-pasajeros-hasta-noviembre\\\/#mainImage\",\"width\":800,\"height\":576},\"primaryImageOfPage\":{\"@id\":\"https:\\\/\\\/eldigitaldeasturias.com\\\/magazine365\\\/crece-un-67-el-trafico-mundial-de-pasajeros-hasta-noviembre\\\/#mainImage\"},\"datePublished\":\"2016-01-13T15:30:35+01:00\",\"dateModified\":\"2016-01-13T15:30:35+01:00\"},{\"@type\":\"WebSite\",\"@id\":\"https:\\\/\\\/eldigitaldeasturias.com\\\/magazine365\\\/#website\",\"url\":\"https:\\\/\\\/eldigitaldeasturias.com\\\/magazine365\\\/\",\"name\":\"El Digital de Asturias\",\"description\":\"Revista de ocio, turismo y estilo de vida\",\"inLanguage\":\"es-ES\",\"publisher\":{\"@id\":\"https:\\\/\\\/eldigitaldeasturias.com\\\/magazine365\\\/#organization\"}}]}\n\t\t<\/script>\n\t\t<!-- All in One SEO Pro -->\r\n\t\t<title>Crece un 6,7% el tr\u00e1fico mundial de pasajeros hasta noviembre | El Digital de Asturias<\/title>\n\n","aioseo_head_json":{"title":"Crece un 6,7% el tr\u00e1fico mundial de pasajeros hasta noviembre | El Digital de Asturias","description":"El tr\u00e1fico a\u00e9reo mundial de pasajeros aument\u00f3 un 6,7% en los once primeros meses del a\u00f1o 2015, tras crecer un 5,8% la oferta, con un factor de ocupaci\u00f3n del 80,5%, seg\u00fan los \u00faltimos datos de la Asociaci\u00f3n Internacional del Transporte A\u00e9reo (IATA). La IATA destac\u00f3 el fuerte crecimiento del tr\u00e1fico por encima de la tasa","canonical_url":"https:\/\/eldigitaldeasturias.com\/magazine365\/crece-un-67-el-trafico-mundial-de-pasajeros-hasta-noviembre\/","robots":"max-image-preview:large","keywords":"noticias y actualidad","webmasterTools":{"google-site-verification":"UA-38556648-1","miscellaneous":""},"schema":{"@context":"https:\/\/schema.org","@graph":[{"@type":"Article","@id":"https:\/\/eldigitaldeasturias.com\/magazine365\/crece-un-67-el-trafico-mundial-de-pasajeros-hasta-noviembre\/#article","name":"Crece un 6,7% el tr\u00e1fico mundial de pasajeros hasta noviembre | El Digital de Asturias","headline":"Crece un 6,7% el tr\u00e1fico mundial de pasajeros hasta noviembre","author":{"@id":"https:\/\/eldigitaldeasturias.com\/magazine365\/author\/admin\/#author"},"publisher":{"@id":"https:\/\/eldigitaldeasturias.com\/magazine365\/#organization"},"image":{"@type":"ImageObject","url":"https:\/\/eldigitaldeasturias.com\/magazine365\/wp-content\/uploads\/2016\/01\/fotonoticia_20160113121644_800.jpg","width":800,"height":576},"datePublished":"2016-01-13T15:30:35+01:00","dateModified":"2016-01-13T15:30:35+01:00","inLanguage":"es-ES","mainEntityOfPage":{"@id":"https:\/\/eldigitaldeasturias.com\/magazine365\/crece-un-67-el-trafico-mundial-de-pasajeros-hasta-noviembre\/#webpage"},"isPartOf":{"@id":"https:\/\/eldigitaldeasturias.com\/magazine365\/crece-un-67-el-trafico-mundial-de-pasajeros-hasta-noviembre\/#webpage"},"articleSection":"Noticias y Actualidad"},{"@type":"BreadcrumbList","@id":"https:\/\/eldigitaldeasturias.com\/magazine365\/crece-un-67-el-trafico-mundial-de-pasajeros-hasta-noviembre\/#breadcrumblist","itemListElement":[{"@type":"ListItem","@id":"https:\/\/eldigitaldeasturias.com\/magazine365#listItem","position":1,"name":"Home","item":"https:\/\/eldigitaldeasturias.com\/magazine365","nextItem":{"@type":"ListItem","@id":"https:\/\/eldigitaldeasturias.com\/magazine365\/category\/noticias-actualidad\/#listItem","name":"Noticias y Actualidad"}},{"@type":"ListItem","@id":"https:\/\/eldigitaldeasturias.com\/magazine365\/category\/noticias-actualidad\/#listItem","position":2,"name":"Noticias y Actualidad","item":"https:\/\/eldigitaldeasturias.com\/magazine365\/category\/noticias-actualidad\/","nextItem":{"@type":"ListItem","@id":"https:\/\/eldigitaldeasturias.com\/magazine365\/crece-un-67-el-trafico-mundial-de-pasajeros-hasta-noviembre\/#listItem","name":"Crece un 6,7% el tr\u00e1fico mundial de pasajeros hasta noviembre"},"previousItem":{"@type":"ListItem","@id":"https:\/\/eldigitaldeasturias.com\/magazine365#listItem","name":"Home"}},{"@type":"ListItem","@id":"https:\/\/eldigitaldeasturias.com\/magazine365\/crece-un-67-el-trafico-mundial-de-pasajeros-hasta-noviembre\/#listItem","position":3,"name":"Crece un 6,7% el tr\u00e1fico mundial de pasajeros hasta noviembre","previousItem":{"@type":"ListItem","@id":"https:\/\/eldigitaldeasturias.com\/magazine365\/category\/noticias-actualidad\/#listItem","name":"Noticias y Actualidad"}}]},{"@type":"Organization","@id":"https:\/\/eldigitaldeasturias.com\/magazine365\/#organization","name":"El digital de Asturias","description":"Revista de ocio, turismo y estilo de vida","url":"https:\/\/eldigitaldeasturias.com\/magazine365\/","logo":{"@type":"ImageObject","url":"https:\/\/www.eldigitaldeasturias.com\/noticias\/wp-content\/uploads\/2020\/12\/EDA.jpg","@id":"https:\/\/eldigitaldeasturias.com\/magazine365\/crece-un-67-el-trafico-mundial-de-pasajeros-hasta-noviembre\/#organizationLogo"},"image":{"@id":"https:\/\/eldigitaldeasturias.com\/magazine365\/crece-un-67-el-trafico-mundial-de-pasajeros-hasta-noviembre\/#organizationLogo"}},{"@type":"Person","@id":"https:\/\/eldigitaldeasturias.com\/magazine365\/author\/admin\/#author","url":"https:\/\/eldigitaldeasturias.com\/magazine365\/author\/admin\/","name":"admin","image":{"@type":"ImageObject","@id":"https:\/\/eldigitaldeasturias.com\/magazine365\/crece-un-67-el-trafico-mundial-de-pasajeros-hasta-noviembre\/#authorImage","url":"https:\/\/eldigitaldeasturias.com\/magazine365\/wp-content\/litespeed\/avatar\/e571bcf59a0edd6fa6838245a470f2fe.jpg?ver=1777574230","width":96,"height":96,"caption":"admin"}},{"@type":"WebPage","@id":"https:\/\/eldigitaldeasturias.com\/magazine365\/crece-un-67-el-trafico-mundial-de-pasajeros-hasta-noviembre\/#webpage","url":"https:\/\/eldigitaldeasturias.com\/magazine365\/crece-un-67-el-trafico-mundial-de-pasajeros-hasta-noviembre\/","name":"Crece un 6,7% el tr\u00e1fico mundial de pasajeros hasta noviembre | El Digital de Asturias","description":"El tr\u00e1fico a\u00e9reo mundial de pasajeros aument\u00f3 un 6,7% en los once primeros meses del a\u00f1o 2015, tras crecer un 5,8% la oferta, con un factor de ocupaci\u00f3n del 80,5%, seg\u00fan los \u00faltimos datos de la Asociaci\u00f3n Internacional del Transporte A\u00e9reo (IATA). La IATA destac\u00f3 el fuerte crecimiento del tr\u00e1fico por encima de la tasa","inLanguage":"es-ES","isPartOf":{"@id":"https:\/\/eldigitaldeasturias.com\/magazine365\/#website"},"breadcrumb":{"@id":"https:\/\/eldigitaldeasturias.com\/magazine365\/crece-un-67-el-trafico-mundial-de-pasajeros-hasta-noviembre\/#breadcrumblist"},"author":{"@id":"https:\/\/eldigitaldeasturias.com\/magazine365\/author\/admin\/#author"},"creator":{"@id":"https:\/\/eldigitaldeasturias.com\/magazine365\/author\/admin\/#author"},"image":{"@type":"ImageObject","url":"https:\/\/eldigitaldeasturias.com\/magazine365\/wp-content\/uploads\/2016\/01\/fotonoticia_20160113121644_800.jpg","@id":"https:\/\/eldigitaldeasturias.com\/magazine365\/crece-un-67-el-trafico-mundial-de-pasajeros-hasta-noviembre\/#mainImage","width":800,"height":576},"primaryImageOfPage":{"@id":"https:\/\/eldigitaldeasturias.com\/magazine365\/crece-un-67-el-trafico-mundial-de-pasajeros-hasta-noviembre\/#mainImage"},"datePublished":"2016-01-13T15:30:35+01:00","dateModified":"2016-01-13T15:30:35+01:00"},{"@type":"WebSite","@id":"https:\/\/eldigitaldeasturias.com\/magazine365\/#website","url":"https:\/\/eldigitaldeasturias.com\/magazine365\/","name":"El Digital de Asturias","description":"Revista de ocio, turismo y estilo de vida","inLanguage":"es-ES","publisher":{"@id":"https:\/\/eldigitaldeasturias.com\/magazine365\/#organization"}}]},"og:locale":"es_ES","og:site_name":"El Digital de Asturias \u2013 Revista de ocio, turismo y estilo de vida","og:type":"article","og:title":"Crece un 6,7% el tr\u00e1fico mundial de pasajeros hasta noviembre | El Digital de Asturias","og:description":"El tr\u00e1fico a\u00e9reo mundial de pasajeros aument\u00f3 un 6,7% en los once primeros meses del a\u00f1o 2015, tras crecer un 5,8% la oferta, con un factor de ocupaci\u00f3n del 80,5%, seg\u00fan los \u00faltimos datos de la Asociaci\u00f3n Internacional del Transporte A\u00e9reo (IATA). La IATA destac\u00f3 el fuerte crecimiento del tr\u00e1fico por encima de la tasa","og:url":"https:\/\/eldigitaldeasturias.com\/magazine365\/crece-un-67-el-trafico-mundial-de-pasajeros-hasta-noviembre\/","og:image":"https:\/\/eldigitaldeasturias.com\/magazine365\/wp-content\/uploads\/2016\/01\/fotonoticia_20160113121644_800.jpg","og:image:secure_url":"https:\/\/eldigitaldeasturias.com\/magazine365\/wp-content\/uploads\/2016\/01\/fotonoticia_20160113121644_800.jpg","og:image:width":800,"og:image:height":576,"article:published_time":"2016-01-13T14:30:35+00:00","article:modified_time":"2016-01-13T14:30:35+00:00","twitter:card":"summary_large_image","twitter:title":"Crece un 6,7% el tr\u00e1fico mundial de pasajeros hasta noviembre | El Digital de Asturias","twitter:description":"El tr\u00e1fico a\u00e9reo mundial de pasajeros aument\u00f3 un 6,7% en los once primeros meses del a\u00f1o 2015, tras crecer un 5,8% la oferta, con un factor de ocupaci\u00f3n del 80,5%, seg\u00fan los \u00faltimos datos de la Asociaci\u00f3n Internacional del Transporte A\u00e9reo (IATA). La IATA destac\u00f3 el fuerte crecimiento del tr\u00e1fico por encima de la tasa","twitter:image":"https:\/\/eldigitaldeasturias.com\/magazine365\/wp-content\/uploads\/2016\/01\/fotonoticia_20160113121644_800.jpg"},"aioseo_meta_data":{"post_id":"60465","title":null,"description":null,"keywords":null,"keyphrases":null,"primary_term":null,"canonical_url":null,"og_title":null,"og_description":null,"og_object_type":"default","og_image_type":"default","og_image_url":null,"og_image_width":null,"og_image_height":null,"og_image_custom_url":null,"og_image_custom_fields":null,"og_video":null,"og_custom_url":null,"og_article_section":null,"og_article_tags":null,"twitter_use_og":false,"twitter_card":"default","twitter_image_type":"default","twitter_image_url":null,"twitter_image_custom_url":null,"twitter_image_custom_fields":null,"twitter_title":null,"twitter_description":null,"schema":{"blockGraphs":[],"customGraphs":[],"default":{"data":{"Article":[],"Course":[],"Dataset":[],"FAQPage":[],"Movie":[],"Person":[],"Product":[],"ProductReview":[],"Car":[],"Recipe":[],"Service":[],"SoftwareApplication":[],"WebPage":[]},"graphName":"","isEnabled":true},"graphs":[],"defaultGraph":"","defaultPostTypeGraph":""},"schema_type":null,"schema_type_options":null,"pillar_content":false,"robots_default":true,"robots_noindex":false,"robots_noarchive":false,"robots_nosnippet":false,"robots_nofollow":false,"robots_noimageindex":false,"robots_noodp":false,"robots_notranslate":false,"robots_max_snippet":null,"robots_max_videopreview":null,"robots_max_imagepreview":"large","priority":null,"frequency":null,"location":null,"local_seo":null,"seo_analyzer_scan_date":"2025-09-25 06:57:35","breadcrumb_settings":null,"limit_modified_date":false,"open_ai":null,"ai":null,"created":"2021-03-08 21:59:54","updated":"2025-09-25 06:57:35"},"aioseo_breadcrumb":"<div class=\"aioseo-breadcrumbs\"><span class=\"aioseo-breadcrumb\">\n\t<a href=\"https:\/\/eldigitaldeasturias.com\/magazine365\" title=\"Home\">Home<\/a>\n<\/span><span class=\"aioseo-breadcrumb-separator\">\u2013<\/span><span class=\"aioseo-breadcrumb\">\n\t<a href=\"https:\/\/eldigitaldeasturias.com\/magazine365\/category\/noticias-actualidad\/\" title=\"Noticias y Actualidad\">Noticias y Actualidad<\/a>\n<\/span><span class=\"aioseo-breadcrumb-separator\">\u2013<\/span><span class=\"aioseo-breadcrumb\">\n\t<a href=\"https:\/\/eldigitaldeasturias.com\/magazine365\/crece-un-67-el-trafico-mundial-de-pasajeros-hasta-noviembre\/\" title=\"Crece un 6,7% el tr\u00e1fico mundial de pasajeros hasta noviembre\">Crece un 6,7% el tr\u00e1fico mundial de pasajeros hasta noviembre<\/a>\n<\/span><\/div>","aioseo_breadcrumb_json":[{"label":"Home","link":"https:\/\/eldigitaldeasturias.com\/magazine365"},{"label":"Noticias y Actualidad","link":"https:\/\/eldigitaldeasturias.com\/magazine365\/category\/noticias-actualidad\/"},{"label":"Crece un 6,7% el tr\u00e1fico mundial de pasajeros hasta noviembre","link":"https:\/\/eldigitaldeasturias.com\/magazine365\/crece-un-67-el-trafico-mundial-de-pasajeros-hasta-noviembre\/"}],"_links":{"self":[{"href":"https:\/\/eldigitaldeasturias.com\/magazine365\/wp-json\/wp\/v2\/posts\/60465","targetHints":{"allow":["GET"]}}],"collection":[{"href":"https:\/\/eldigitaldeasturias.com\/magazine365\/wp-json\/wp\/v2\/posts"}],"about":[{"href":"https:\/\/eldigitaldeasturias.com\/magazine365\/wp-json\/wp\/v2\/types\/post"}],"author":[{"embeddable":true,"href":"https:\/\/eldigitaldeasturias.com\/magazine365\/wp-json\/wp\/v2\/users\/1"}],"replies":[{"embeddable":true,"href":"https:\/\/eldigitaldeasturias.com\/magazine365\/wp-json\/wp\/v2\/comments?post=60465"}],"version-history":[{"count":0,"href":"https:\/\/eldigitaldeasturias.com\/magazine365\/wp-json\/wp\/v2\/posts\/60465\/revisions"}],"wp:featuredmedia":[{"embeddable":true,"href":"https:\/\/eldigitaldeasturias.com\/magazine365\/wp-json\/wp\/v2\/media\/60466"}],"wp:attachment":[{"href":"https:\/\/eldigitaldeasturias.com\/magazine365\/wp-json\/wp\/v2\/media?parent=60465"}],"wp:term":[{"taxonomy":"category","embeddable":true,"href":"https:\/\/eldigitaldeasturias.com\/magazine365\/wp-json\/wp\/v2\/categories?post=60465"},{"taxonomy":"post_tag","embeddable":true,"href":"https:\/\/eldigitaldeasturias.com\/magazine365\/wp-json\/wp\/v2\/tags?post=60465"}],"curies":[{"name":"wp","href":"https:\/\/api.w.org\/{rel}","templated":true}]}}