{"id":60463,"date":"2016-01-13T15:29:08","date_gmt":"2016-01-13T14:29:08","guid":{"rendered":"http:\/\/eldigitaldeasturias.com\/magazine365\/?p=60463"},"modified":"2016-01-13T15:29:08","modified_gmt":"2016-01-13T14:29:08","slug":"ccoo-valora-el-acuerdo-en-el-proceso-de-despido-colectivo-en-el-grupo-mundo-social","status":"publish","type":"post","link":"https:\/\/eldigitaldeasturias.com\/magazine365\/ccoo-valora-el-acuerdo-en-el-proceso-de-despido-colectivo-en-el-grupo-mundo-social\/","title":{"rendered":"CCOO valora el acuerdo en el proceso de despido colectivo en el Grupo Mundo Social"},"content":{"rendered":"<p>El sindicato CCOO en Baleares ha valorado el resultado con acuerdo definitivo del periodo de negociaci\u00f3n del Expediente de Regulaci\u00f3n de Empleo (ERE) abierto en el Grupo de Agencias de Viajes Mundo Social &#8211; Ocio y Turismo AIE., que afecta a un total de 86 trabajadores.<\/p>\n<p>   En un comunicado, la Federaci\u00f3n de Servicios a la Ciudadan\u00eda (FSC) de CCOO y el Sector A\u00e9reo y Servicios Tur\u00edsticos de este sindicato ha  informado que el pasado lunes se alcanz\u00f3 un acuerdo por \u00abunanimidad\u00bb entre la comisi\u00f3n negociadora en representaci\u00f3n de los trabajadores y con el asesoramiento de CCOO y la representaci\u00f3n de Mundo Social AIE &#8211; Ocio y Turismo Novotours AIE por el que finaliza el periodo de negociaci\u00f3n del proceso abierto de despido colectivo \u00abpor causas productivas\u00bb en los centros de Tenerife, Lanzarote y Las Palmas de las Canarias y Eivissa, Menorca y Palma.<\/p>\n<p>   Entre los puntos del acuerdo destacan que, mediante la negociaci\u00f3n, se ha reducido el n\u00famero inicial de trabajadores que estaban afectados por el presente despido colectivo, con 86 empleados sobre un total de 151 trabajadores.<\/p>\n<p>   Con todo, CCOO valora de forma positiva el criterio de voluntariedad que ha quedado plasmado en el acuerdo, teniendo en cuenta las excepciones y\/o circunstancias que desde un punto estrat\u00e9gico, se reserva la empresa. En cualquier caso, el l\u00edmite total de trabajadores con edad superior a los 49 a\u00f1os que puedan verse afectados por este criterio, asciende a un n\u00famero de 15 trabajadores.<\/p>\n<p>   Los despidos se van a ejecutar en un plazo m\u00e1ximo de 30 d\u00edas, a contar desde la firma del acuerdo. Quedan excepcionados los trabajadores con categor\u00eda de asistentes de Hotel del centro Palma de Mallorca, cuyo plazo ser\u00e1 de 65 d\u00edas.<\/p>\n<p>   Asimismo, se establece que la indemnizaci\u00f3n a percibir por todos los trabajadores afectados ascender\u00e1 a una cantidad equivalente a 23 d\u00edas de salario por a\u00f1o trabajado, con un tope de 12 mensualidades.<\/p>\n<p>   Adem\u00e1s, el acuerdo incorpora un plan de recolocaci\u00f3n externo para los trabajadores afectados, as\u00ed como una bolsa de empleo, con el fin de poder establecer preferencias de contrataci\u00f3n, para los trabajadores afectados.<\/p>\n<p>   Para CCOO, se trata de un acuerdo que incorpora aspectos que mejoran lo que viene establecido por ley. No obstante, apuntan: \u00abni debemos, ni podemos ni queremos olvidar que 86 trabajadores van a perder su puesto de trabajo para que otros, puedan seguir con el suyo\u00bb.<\/p>\n","protected":false},"excerpt":{"rendered":"<p>El sindicato CCOO en Baleares ha valorado el resultado con acuerdo definitivo del periodo de negociaci\u00f3n del Expediente de Regulaci\u00f3n de Empleo (ERE) abierto en el Grupo de Agencias de Viajes Mundo Social &#8211; Ocio y Turismo AIE., que afecta a un total de 86 trabajadores. En un comunicado, la Federaci\u00f3n de Servicios a la<\/p>\n","protected":false},"author":1,"featured_media":50096,"comment_status":"open","ping_status":"closed","sticky":false,"template":"","format":"standard","meta":{"footnotes":""},"categories":[224],"tags":[],"class_list":{"0":"post-60463","1":"post","2":"type-post","3":"status-publish","4":"format-standard","5":"has-post-thumbnail","7":"category-noticias-actualidad"},"aioseo_notices":[],"aioseo_head":"\n\t\t<!-- All in One SEO Pro 4.9.6.1 - aioseo.com -->\n\t<meta name=\"description\" content=\"El sindicato CCOO en Baleares ha valorado el resultado con acuerdo definitivo del periodo de negociaci\u00f3n del Expediente de Regulaci\u00f3n de Empleo (ERE) abierto en el Grupo de Agencias de Viajes Mundo Social - Ocio y Turismo AIE., que afecta a un total de 86 trabajadores. En un comunicado, la Federaci\u00f3n de Servicios a la\" \/>\n\t<meta name=\"robots\" content=\"max-image-preview:large\" \/>\n\t<meta name=\"author\" content=\"admin\"\/>\n\t<meta name=\"google-site-verification\" content=\"UA-38556648-1\" \/>\n\t<meta name=\"keywords\" content=\"noticias y actualidad\" \/>\n\t<link rel=\"canonical\" href=\"https:\/\/eldigitaldeasturias.com\/magazine365\/ccoo-valora-el-acuerdo-en-el-proceso-de-despido-colectivo-en-el-grupo-mundo-social\/\" \/>\n\t<meta name=\"generator\" content=\"All in One SEO Pro (AIOSEO) 4.9.6.1\" \/>\n\t\t<meta property=\"og:locale\" content=\"es_ES\" \/>\n\t\t<meta property=\"og:site_name\" content=\"El Digital de Asturias \u2013 Revista de ocio, turismo y estilo de vida\" \/>\n\t\t<meta property=\"og:type\" content=\"article\" \/>\n\t\t<meta property=\"og:title\" content=\"CCOO valora el acuerdo en el proceso de despido colectivo en el Grupo Mundo Social | El Digital de Asturias\" \/>\n\t\t<meta property=\"og:description\" content=\"El sindicato CCOO en Baleares ha valorado el resultado con acuerdo definitivo del periodo de negociaci\u00f3n del Expediente de Regulaci\u00f3n de Empleo (ERE) abierto en el Grupo de Agencias de Viajes Mundo Social - Ocio y Turismo AIE., que afecta a un total de 86 trabajadores. En un comunicado, la Federaci\u00f3n de Servicios a la\" \/>\n\t\t<meta property=\"og:url\" content=\"https:\/\/eldigitaldeasturias.com\/magazine365\/ccoo-valora-el-acuerdo-en-el-proceso-de-despido-colectivo-en-el-grupo-mundo-social\/\" \/>\n\t\t<meta property=\"og:image\" content=\"https:\/\/eldigitaldeasturias.com\/magazine365\/wp-content\/uploads\/2015\/09\/palma.jpg\" \/>\n\t\t<meta property=\"og:image:secure_url\" content=\"https:\/\/eldigitaldeasturias.com\/magazine365\/wp-content\/uploads\/2015\/09\/palma.jpg\" \/>\n\t\t<meta property=\"og:image:width\" content=\"800\" \/>\n\t\t<meta property=\"og:image:height\" content=\"800\" \/>\n\t\t<meta property=\"article:published_time\" content=\"2016-01-13T14:29:08+00:00\" \/>\n\t\t<meta property=\"article:modified_time\" content=\"2016-01-13T14:29:08+00:00\" \/>\n\t\t<meta name=\"twitter:card\" content=\"summary_large_image\" \/>\n\t\t<meta name=\"twitter:title\" content=\"CCOO valora el acuerdo en el proceso de despido colectivo en el Grupo Mundo Social | El Digital de Asturias\" \/>\n\t\t<meta name=\"twitter:description\" content=\"El sindicato CCOO en Baleares ha valorado el resultado con acuerdo definitivo del periodo de negociaci\u00f3n del Expediente de Regulaci\u00f3n de Empleo (ERE) abierto en el Grupo de Agencias de Viajes Mundo Social - Ocio y Turismo AIE., que afecta a un total de 86 trabajadores. En un comunicado, la Federaci\u00f3n de Servicios a la\" \/>\n\t\t<meta name=\"twitter:image\" content=\"https:\/\/eldigitaldeasturias.com\/magazine365\/wp-content\/uploads\/2015\/09\/palma.jpg\" \/>\n\t\t<script type=\"application\/ld+json\" class=\"aioseo-schema\">\n\t\t\t{\"@context\":\"https:\\\/\\\/schema.org\",\"@graph\":[{\"@type\":\"Article\",\"@id\":\"https:\\\/\\\/eldigitaldeasturias.com\\\/magazine365\\\/ccoo-valora-el-acuerdo-en-el-proceso-de-despido-colectivo-en-el-grupo-mundo-social\\\/#article\",\"name\":\"CCOO valora el acuerdo en el proceso de despido colectivo en el Grupo Mundo Social | El Digital de Asturias\",\"headline\":\"CCOO valora el acuerdo en el proceso de despido colectivo en el Grupo Mundo Social\",\"author\":{\"@id\":\"https:\\\/\\\/eldigitaldeasturias.com\\\/magazine365\\\/author\\\/admin\\\/#author\"},\"publisher\":{\"@id\":\"https:\\\/\\\/eldigitaldeasturias.com\\\/magazine365\\\/#organization\"},\"image\":{\"@type\":\"ImageObject\",\"url\":\"https:\\\/\\\/eldigitaldeasturias.com\\\/magazine365\\\/wp-content\\\/uploads\\\/2015\\\/09\\\/palma.jpg\",\"width\":800,\"height\":800},\"datePublished\":\"2016-01-13T15:29:08+01:00\",\"dateModified\":\"2016-01-13T15:29:08+01:00\",\"inLanguage\":\"es-ES\",\"mainEntityOfPage\":{\"@id\":\"https:\\\/\\\/eldigitaldeasturias.com\\\/magazine365\\\/ccoo-valora-el-acuerdo-en-el-proceso-de-despido-colectivo-en-el-grupo-mundo-social\\\/#webpage\"},\"isPartOf\":{\"@id\":\"https:\\\/\\\/eldigitaldeasturias.com\\\/magazine365\\\/ccoo-valora-el-acuerdo-en-el-proceso-de-despido-colectivo-en-el-grupo-mundo-social\\\/#webpage\"},\"articleSection\":\"Noticias y Actualidad\"},{\"@type\":\"BreadcrumbList\",\"@id\":\"https:\\\/\\\/eldigitaldeasturias.com\\\/magazine365\\\/ccoo-valora-el-acuerdo-en-el-proceso-de-despido-colectivo-en-el-grupo-mundo-social\\\/#breadcrumblist\",\"itemListElement\":[{\"@type\":\"ListItem\",\"@id\":\"https:\\\/\\\/eldigitaldeasturias.com\\\/magazine365#listItem\",\"position\":1,\"name\":\"Home\",\"item\":\"https:\\\/\\\/eldigitaldeasturias.com\\\/magazine365\",\"nextItem\":{\"@type\":\"ListItem\",\"@id\":\"https:\\\/\\\/eldigitaldeasturias.com\\\/magazine365\\\/category\\\/noticias-actualidad\\\/#listItem\",\"name\":\"Noticias y Actualidad\"}},{\"@type\":\"ListItem\",\"@id\":\"https:\\\/\\\/eldigitaldeasturias.com\\\/magazine365\\\/category\\\/noticias-actualidad\\\/#listItem\",\"position\":2,\"name\":\"Noticias y Actualidad\",\"item\":\"https:\\\/\\\/eldigitaldeasturias.com\\\/magazine365\\\/category\\\/noticias-actualidad\\\/\",\"nextItem\":{\"@type\":\"ListItem\",\"@id\":\"https:\\\/\\\/eldigitaldeasturias.com\\\/magazine365\\\/ccoo-valora-el-acuerdo-en-el-proceso-de-despido-colectivo-en-el-grupo-mundo-social\\\/#listItem\",\"name\":\"CCOO valora el acuerdo en el proceso de despido colectivo en el Grupo Mundo Social\"},\"previousItem\":{\"@type\":\"ListItem\",\"@id\":\"https:\\\/\\\/eldigitaldeasturias.com\\\/magazine365#listItem\",\"name\":\"Home\"}},{\"@type\":\"ListItem\",\"@id\":\"https:\\\/\\\/eldigitaldeasturias.com\\\/magazine365\\\/ccoo-valora-el-acuerdo-en-el-proceso-de-despido-colectivo-en-el-grupo-mundo-social\\\/#listItem\",\"position\":3,\"name\":\"CCOO valora el acuerdo en el proceso de despido colectivo en el Grupo Mundo Social\",\"previousItem\":{\"@type\":\"ListItem\",\"@id\":\"https:\\\/\\\/eldigitaldeasturias.com\\\/magazine365\\\/category\\\/noticias-actualidad\\\/#listItem\",\"name\":\"Noticias y Actualidad\"}}]},{\"@type\":\"Organization\",\"@id\":\"https:\\\/\\\/eldigitaldeasturias.com\\\/magazine365\\\/#organization\",\"name\":\"El digital de Asturias\",\"description\":\"Revista de ocio, turismo y estilo de vida\",\"url\":\"https:\\\/\\\/eldigitaldeasturias.com\\\/magazine365\\\/\",\"logo\":{\"@type\":\"ImageObject\",\"url\":\"https:\\\/\\\/www.eldigitaldeasturias.com\\\/noticias\\\/wp-content\\\/uploads\\\/2020\\\/12\\\/EDA.jpg\",\"@id\":\"https:\\\/\\\/eldigitaldeasturias.com\\\/magazine365\\\/ccoo-valora-el-acuerdo-en-el-proceso-de-despido-colectivo-en-el-grupo-mundo-social\\\/#organizationLogo\"},\"image\":{\"@id\":\"https:\\\/\\\/eldigitaldeasturias.com\\\/magazine365\\\/ccoo-valora-el-acuerdo-en-el-proceso-de-despido-colectivo-en-el-grupo-mundo-social\\\/#organizationLogo\"}},{\"@type\":\"Person\",\"@id\":\"https:\\\/\\\/eldigitaldeasturias.com\\\/magazine365\\\/author\\\/admin\\\/#author\",\"url\":\"https:\\\/\\\/eldigitaldeasturias.com\\\/magazine365\\\/author\\\/admin\\\/\",\"name\":\"admin\",\"image\":{\"@type\":\"ImageObject\",\"@id\":\"https:\\\/\\\/eldigitaldeasturias.com\\\/magazine365\\\/ccoo-valora-el-acuerdo-en-el-proceso-de-despido-colectivo-en-el-grupo-mundo-social\\\/#authorImage\",\"url\":\"https:\\\/\\\/eldigitaldeasturias.com\\\/magazine365\\\/wp-content\\\/litespeed\\\/avatar\\\/e571bcf59a0edd6fa6838245a470f2fe.jpg?ver=1777574230\",\"width\":96,\"height\":96,\"caption\":\"admin\"}},{\"@type\":\"WebPage\",\"@id\":\"https:\\\/\\\/eldigitaldeasturias.com\\\/magazine365\\\/ccoo-valora-el-acuerdo-en-el-proceso-de-despido-colectivo-en-el-grupo-mundo-social\\\/#webpage\",\"url\":\"https:\\\/\\\/eldigitaldeasturias.com\\\/magazine365\\\/ccoo-valora-el-acuerdo-en-el-proceso-de-despido-colectivo-en-el-grupo-mundo-social\\\/\",\"name\":\"CCOO valora el acuerdo en el proceso de despido colectivo en el Grupo Mundo Social | El Digital de Asturias\",\"description\":\"El sindicato CCOO en Baleares ha valorado el resultado con acuerdo definitivo del periodo de negociaci\\u00f3n del Expediente de Regulaci\\u00f3n de Empleo (ERE) abierto en el Grupo de Agencias de Viajes Mundo Social - Ocio y Turismo AIE., que afecta a un total de 86 trabajadores. En un comunicado, la Federaci\\u00f3n de Servicios a la\",\"inLanguage\":\"es-ES\",\"isPartOf\":{\"@id\":\"https:\\\/\\\/eldigitaldeasturias.com\\\/magazine365\\\/#website\"},\"breadcrumb\":{\"@id\":\"https:\\\/\\\/eldigitaldeasturias.com\\\/magazine365\\\/ccoo-valora-el-acuerdo-en-el-proceso-de-despido-colectivo-en-el-grupo-mundo-social\\\/#breadcrumblist\"},\"author\":{\"@id\":\"https:\\\/\\\/eldigitaldeasturias.com\\\/magazine365\\\/author\\\/admin\\\/#author\"},\"creator\":{\"@id\":\"https:\\\/\\\/eldigitaldeasturias.com\\\/magazine365\\\/author\\\/admin\\\/#author\"},\"image\":{\"@type\":\"ImageObject\",\"url\":\"https:\\\/\\\/eldigitaldeasturias.com\\\/magazine365\\\/wp-content\\\/uploads\\\/2015\\\/09\\\/palma.jpg\",\"@id\":\"https:\\\/\\\/eldigitaldeasturias.com\\\/magazine365\\\/ccoo-valora-el-acuerdo-en-el-proceso-de-despido-colectivo-en-el-grupo-mundo-social\\\/#mainImage\",\"width\":800,\"height\":800},\"primaryImageOfPage\":{\"@id\":\"https:\\\/\\\/eldigitaldeasturias.com\\\/magazine365\\\/ccoo-valora-el-acuerdo-en-el-proceso-de-despido-colectivo-en-el-grupo-mundo-social\\\/#mainImage\"},\"datePublished\":\"2016-01-13T15:29:08+01:00\",\"dateModified\":\"2016-01-13T15:29:08+01:00\"},{\"@type\":\"WebSite\",\"@id\":\"https:\\\/\\\/eldigitaldeasturias.com\\\/magazine365\\\/#website\",\"url\":\"https:\\\/\\\/eldigitaldeasturias.com\\\/magazine365\\\/\",\"name\":\"El Digital de Asturias\",\"description\":\"Revista de ocio, turismo y estilo de vida\",\"inLanguage\":\"es-ES\",\"publisher\":{\"@id\":\"https:\\\/\\\/eldigitaldeasturias.com\\\/magazine365\\\/#organization\"}}]}\n\t\t<\/script>\n\t\t<!-- All in One SEO Pro -->\r\n\t\t<title>CCOO valora el acuerdo en el proceso de despido colectivo en el Grupo Mundo Social | El Digital de Asturias<\/title>\n\n","aioseo_head_json":{"title":"CCOO valora el acuerdo en el proceso de despido colectivo en el Grupo Mundo Social | El Digital de Asturias","description":"El sindicato CCOO en Baleares ha valorado el resultado con acuerdo definitivo del periodo de negociaci\u00f3n del Expediente de Regulaci\u00f3n de Empleo (ERE) abierto en el Grupo de Agencias de Viajes Mundo Social - Ocio y Turismo AIE., que afecta a un total de 86 trabajadores. En un comunicado, la Federaci\u00f3n de Servicios a la","canonical_url":"https:\/\/eldigitaldeasturias.com\/magazine365\/ccoo-valora-el-acuerdo-en-el-proceso-de-despido-colectivo-en-el-grupo-mundo-social\/","robots":"max-image-preview:large","keywords":"noticias y actualidad","webmasterTools":{"google-site-verification":"UA-38556648-1","miscellaneous":""},"schema":{"@context":"https:\/\/schema.org","@graph":[{"@type":"Article","@id":"https:\/\/eldigitaldeasturias.com\/magazine365\/ccoo-valora-el-acuerdo-en-el-proceso-de-despido-colectivo-en-el-grupo-mundo-social\/#article","name":"CCOO valora el acuerdo en el proceso de despido colectivo en el Grupo Mundo Social | El Digital de Asturias","headline":"CCOO valora el acuerdo en el proceso de despido colectivo en el Grupo Mundo Social","author":{"@id":"https:\/\/eldigitaldeasturias.com\/magazine365\/author\/admin\/#author"},"publisher":{"@id":"https:\/\/eldigitaldeasturias.com\/magazine365\/#organization"},"image":{"@type":"ImageObject","url":"https:\/\/eldigitaldeasturias.com\/magazine365\/wp-content\/uploads\/2015\/09\/palma.jpg","width":800,"height":800},"datePublished":"2016-01-13T15:29:08+01:00","dateModified":"2016-01-13T15:29:08+01:00","inLanguage":"es-ES","mainEntityOfPage":{"@id":"https:\/\/eldigitaldeasturias.com\/magazine365\/ccoo-valora-el-acuerdo-en-el-proceso-de-despido-colectivo-en-el-grupo-mundo-social\/#webpage"},"isPartOf":{"@id":"https:\/\/eldigitaldeasturias.com\/magazine365\/ccoo-valora-el-acuerdo-en-el-proceso-de-despido-colectivo-en-el-grupo-mundo-social\/#webpage"},"articleSection":"Noticias y Actualidad"},{"@type":"BreadcrumbList","@id":"https:\/\/eldigitaldeasturias.com\/magazine365\/ccoo-valora-el-acuerdo-en-el-proceso-de-despido-colectivo-en-el-grupo-mundo-social\/#breadcrumblist","itemListElement":[{"@type":"ListItem","@id":"https:\/\/eldigitaldeasturias.com\/magazine365#listItem","position":1,"name":"Home","item":"https:\/\/eldigitaldeasturias.com\/magazine365","nextItem":{"@type":"ListItem","@id":"https:\/\/eldigitaldeasturias.com\/magazine365\/category\/noticias-actualidad\/#listItem","name":"Noticias y Actualidad"}},{"@type":"ListItem","@id":"https:\/\/eldigitaldeasturias.com\/magazine365\/category\/noticias-actualidad\/#listItem","position":2,"name":"Noticias y Actualidad","item":"https:\/\/eldigitaldeasturias.com\/magazine365\/category\/noticias-actualidad\/","nextItem":{"@type":"ListItem","@id":"https:\/\/eldigitaldeasturias.com\/magazine365\/ccoo-valora-el-acuerdo-en-el-proceso-de-despido-colectivo-en-el-grupo-mundo-social\/#listItem","name":"CCOO valora el acuerdo en el proceso de despido colectivo en el Grupo Mundo Social"},"previousItem":{"@type":"ListItem","@id":"https:\/\/eldigitaldeasturias.com\/magazine365#listItem","name":"Home"}},{"@type":"ListItem","@id":"https:\/\/eldigitaldeasturias.com\/magazine365\/ccoo-valora-el-acuerdo-en-el-proceso-de-despido-colectivo-en-el-grupo-mundo-social\/#listItem","position":3,"name":"CCOO valora el acuerdo en el proceso de despido colectivo en el Grupo Mundo Social","previousItem":{"@type":"ListItem","@id":"https:\/\/eldigitaldeasturias.com\/magazine365\/category\/noticias-actualidad\/#listItem","name":"Noticias y Actualidad"}}]},{"@type":"Organization","@id":"https:\/\/eldigitaldeasturias.com\/magazine365\/#organization","name":"El digital de Asturias","description":"Revista de ocio, turismo y estilo de vida","url":"https:\/\/eldigitaldeasturias.com\/magazine365\/","logo":{"@type":"ImageObject","url":"https:\/\/www.eldigitaldeasturias.com\/noticias\/wp-content\/uploads\/2020\/12\/EDA.jpg","@id":"https:\/\/eldigitaldeasturias.com\/magazine365\/ccoo-valora-el-acuerdo-en-el-proceso-de-despido-colectivo-en-el-grupo-mundo-social\/#organizationLogo"},"image":{"@id":"https:\/\/eldigitaldeasturias.com\/magazine365\/ccoo-valora-el-acuerdo-en-el-proceso-de-despido-colectivo-en-el-grupo-mundo-social\/#organizationLogo"}},{"@type":"Person","@id":"https:\/\/eldigitaldeasturias.com\/magazine365\/author\/admin\/#author","url":"https:\/\/eldigitaldeasturias.com\/magazine365\/author\/admin\/","name":"admin","image":{"@type":"ImageObject","@id":"https:\/\/eldigitaldeasturias.com\/magazine365\/ccoo-valora-el-acuerdo-en-el-proceso-de-despido-colectivo-en-el-grupo-mundo-social\/#authorImage","url":"https:\/\/eldigitaldeasturias.com\/magazine365\/wp-content\/litespeed\/avatar\/e571bcf59a0edd6fa6838245a470f2fe.jpg?ver=1777574230","width":96,"height":96,"caption":"admin"}},{"@type":"WebPage","@id":"https:\/\/eldigitaldeasturias.com\/magazine365\/ccoo-valora-el-acuerdo-en-el-proceso-de-despido-colectivo-en-el-grupo-mundo-social\/#webpage","url":"https:\/\/eldigitaldeasturias.com\/magazine365\/ccoo-valora-el-acuerdo-en-el-proceso-de-despido-colectivo-en-el-grupo-mundo-social\/","name":"CCOO valora el acuerdo en el proceso de despido colectivo en el Grupo Mundo Social | El Digital de Asturias","description":"El sindicato CCOO en Baleares ha valorado el resultado con acuerdo definitivo del periodo de negociaci\u00f3n del Expediente de Regulaci\u00f3n de Empleo (ERE) abierto en el Grupo de Agencias de Viajes Mundo Social - Ocio y Turismo AIE., que afecta a un total de 86 trabajadores. En un comunicado, la Federaci\u00f3n de Servicios a la","inLanguage":"es-ES","isPartOf":{"@id":"https:\/\/eldigitaldeasturias.com\/magazine365\/#website"},"breadcrumb":{"@id":"https:\/\/eldigitaldeasturias.com\/magazine365\/ccoo-valora-el-acuerdo-en-el-proceso-de-despido-colectivo-en-el-grupo-mundo-social\/#breadcrumblist"},"author":{"@id":"https:\/\/eldigitaldeasturias.com\/magazine365\/author\/admin\/#author"},"creator":{"@id":"https:\/\/eldigitaldeasturias.com\/magazine365\/author\/admin\/#author"},"image":{"@type":"ImageObject","url":"https:\/\/eldigitaldeasturias.com\/magazine365\/wp-content\/uploads\/2015\/09\/palma.jpg","@id":"https:\/\/eldigitaldeasturias.com\/magazine365\/ccoo-valora-el-acuerdo-en-el-proceso-de-despido-colectivo-en-el-grupo-mundo-social\/#mainImage","width":800,"height":800},"primaryImageOfPage":{"@id":"https:\/\/eldigitaldeasturias.com\/magazine365\/ccoo-valora-el-acuerdo-en-el-proceso-de-despido-colectivo-en-el-grupo-mundo-social\/#mainImage"},"datePublished":"2016-01-13T15:29:08+01:00","dateModified":"2016-01-13T15:29:08+01:00"},{"@type":"WebSite","@id":"https:\/\/eldigitaldeasturias.com\/magazine365\/#website","url":"https:\/\/eldigitaldeasturias.com\/magazine365\/","name":"El Digital de Asturias","description":"Revista de ocio, turismo y estilo de vida","inLanguage":"es-ES","publisher":{"@id":"https:\/\/eldigitaldeasturias.com\/magazine365\/#organization"}}]},"og:locale":"es_ES","og:site_name":"El Digital de Asturias \u2013 Revista de ocio, turismo y estilo de vida","og:type":"article","og:title":"CCOO valora el acuerdo en el proceso de despido colectivo en el Grupo Mundo Social | El Digital de Asturias","og:description":"El sindicato CCOO en Baleares ha valorado el resultado con acuerdo definitivo del periodo de negociaci\u00f3n del Expediente de Regulaci\u00f3n de Empleo (ERE) abierto en el Grupo de Agencias de Viajes Mundo Social - Ocio y Turismo AIE., que afecta a un total de 86 trabajadores. En un comunicado, la Federaci\u00f3n de Servicios a la","og:url":"https:\/\/eldigitaldeasturias.com\/magazine365\/ccoo-valora-el-acuerdo-en-el-proceso-de-despido-colectivo-en-el-grupo-mundo-social\/","og:image":"https:\/\/eldigitaldeasturias.com\/magazine365\/wp-content\/uploads\/2015\/09\/palma.jpg","og:image:secure_url":"https:\/\/eldigitaldeasturias.com\/magazine365\/wp-content\/uploads\/2015\/09\/palma.jpg","og:image:width":800,"og:image:height":800,"article:published_time":"2016-01-13T14:29:08+00:00","article:modified_time":"2016-01-13T14:29:08+00:00","twitter:card":"summary_large_image","twitter:title":"CCOO valora el acuerdo en el proceso de despido colectivo en el Grupo Mundo Social | El Digital de Asturias","twitter:description":"El sindicato CCOO en Baleares ha valorado el resultado con acuerdo definitivo del periodo de negociaci\u00f3n del Expediente de Regulaci\u00f3n de Empleo (ERE) abierto en el Grupo de Agencias de Viajes Mundo Social - Ocio y Turismo AIE., que afecta a un total de 86 trabajadores. En un comunicado, la Federaci\u00f3n de Servicios a la","twitter:image":"https:\/\/eldigitaldeasturias.com\/magazine365\/wp-content\/uploads\/2015\/09\/palma.jpg"},"aioseo_meta_data":{"post_id":"60463","title":null,"description":null,"keywords":null,"keyphrases":null,"primary_term":null,"canonical_url":null,"og_title":null,"og_description":null,"og_object_type":"default","og_image_type":"default","og_image_url":null,"og_image_width":null,"og_image_height":null,"og_image_custom_url":null,"og_image_custom_fields":null,"og_video":null,"og_custom_url":null,"og_article_section":null,"og_article_tags":null,"twitter_use_og":false,"twitter_card":"default","twitter_image_type":"default","twitter_image_url":null,"twitter_image_custom_url":null,"twitter_image_custom_fields":null,"twitter_title":null,"twitter_description":null,"schema":{"blockGraphs":[],"customGraphs":[],"default":{"data":{"Article":[],"Course":[],"Dataset":[],"FAQPage":[],"Movie":[],"Person":[],"Product":[],"ProductReview":[],"Car":[],"Recipe":[],"Service":[],"SoftwareApplication":[],"WebPage":[]},"graphName":"","isEnabled":true},"graphs":[],"defaultGraph":"","defaultPostTypeGraph":""},"schema_type":null,"schema_type_options":null,"pillar_content":false,"robots_default":true,"robots_noindex":false,"robots_noarchive":false,"robots_nosnippet":false,"robots_nofollow":false,"robots_noimageindex":false,"robots_noodp":false,"robots_notranslate":false,"robots_max_snippet":null,"robots_max_videopreview":null,"robots_max_imagepreview":"large","priority":null,"frequency":null,"location":null,"local_seo":null,"seo_analyzer_scan_date":"2025-09-25 06:57:33","breadcrumb_settings":null,"limit_modified_date":false,"open_ai":null,"ai":null,"created":"2021-03-08 21:59:54","updated":"2025-09-25 06:57:33"},"aioseo_breadcrumb":"<div class=\"aioseo-breadcrumbs\"><span class=\"aioseo-breadcrumb\">\n\t<a href=\"https:\/\/eldigitaldeasturias.com\/magazine365\" title=\"Home\">Home<\/a>\n<\/span><span class=\"aioseo-breadcrumb-separator\">\u2013<\/span><span class=\"aioseo-breadcrumb\">\n\t<a href=\"https:\/\/eldigitaldeasturias.com\/magazine365\/category\/noticias-actualidad\/\" title=\"Noticias y Actualidad\">Noticias y Actualidad<\/a>\n<\/span><span class=\"aioseo-breadcrumb-separator\">\u2013<\/span><span class=\"aioseo-breadcrumb\">\n\t<a href=\"https:\/\/eldigitaldeasturias.com\/magazine365\/ccoo-valora-el-acuerdo-en-el-proceso-de-despido-colectivo-en-el-grupo-mundo-social\/\" title=\"CCOO valora el acuerdo en el proceso de despido colectivo en el Grupo Mundo Social\">CCOO valora el acuerdo en el proceso de despido colectivo en el Grupo Mundo Social<\/a>\n<\/span><\/div>","aioseo_breadcrumb_json":[{"label":"Home","link":"https:\/\/eldigitaldeasturias.com\/magazine365"},{"label":"Noticias y Actualidad","link":"https:\/\/eldigitaldeasturias.com\/magazine365\/category\/noticias-actualidad\/"},{"label":"CCOO valora el acuerdo en el proceso de despido colectivo en el Grupo Mundo Social","link":"https:\/\/eldigitaldeasturias.com\/magazine365\/ccoo-valora-el-acuerdo-en-el-proceso-de-despido-colectivo-en-el-grupo-mundo-social\/"}],"_links":{"self":[{"href":"https:\/\/eldigitaldeasturias.com\/magazine365\/wp-json\/wp\/v2\/posts\/60463","targetHints":{"allow":["GET"]}}],"collection":[{"href":"https:\/\/eldigitaldeasturias.com\/magazine365\/wp-json\/wp\/v2\/posts"}],"about":[{"href":"https:\/\/eldigitaldeasturias.com\/magazine365\/wp-json\/wp\/v2\/types\/post"}],"author":[{"embeddable":true,"href":"https:\/\/eldigitaldeasturias.com\/magazine365\/wp-json\/wp\/v2\/users\/1"}],"replies":[{"embeddable":true,"href":"https:\/\/eldigitaldeasturias.com\/magazine365\/wp-json\/wp\/v2\/comments?post=60463"}],"version-history":[{"count":0,"href":"https:\/\/eldigitaldeasturias.com\/magazine365\/wp-json\/wp\/v2\/posts\/60463\/revisions"}],"wp:featuredmedia":[{"embeddable":true,"href":"https:\/\/eldigitaldeasturias.com\/magazine365\/wp-json\/wp\/v2\/media\/50096"}],"wp:attachment":[{"href":"https:\/\/eldigitaldeasturias.com\/magazine365\/wp-json\/wp\/v2\/media?parent=60463"}],"wp:term":[{"taxonomy":"category","embeddable":true,"href":"https:\/\/eldigitaldeasturias.com\/magazine365\/wp-json\/wp\/v2\/categories?post=60463"},{"taxonomy":"post_tag","embeddable":true,"href":"https:\/\/eldigitaldeasturias.com\/magazine365\/wp-json\/wp\/v2\/tags?post=60463"}],"curies":[{"name":"wp","href":"https:\/\/api.w.org\/{rel}","templated":true}]}}