{"id":60460,"date":"2016-01-13T15:28:13","date_gmt":"2016-01-13T14:28:13","guid":{"rendered":"http:\/\/eldigitaldeasturias.com\/magazine365\/?p=60460"},"modified":"2016-01-13T15:28:13","modified_gmt":"2016-01-13T14:28:13","slug":"el-critico-de-vinos-tim-atkin-realiza-la-primera-clasificacion-de-bodegas-de-rioja","status":"publish","type":"post","link":"https:\/\/eldigitaldeasturias.com\/magazine365\/el-critico-de-vinos-tim-atkin-realiza-la-primera-clasificacion-de-bodegas-de-rioja\/","title":{"rendered":"El cr\u00edtico de vinos Tim Atkin realiza la primera clasificaci\u00f3n de bodegas de Rioja"},"content":{"rendered":"<p><img fetchpriority=\"high\" decoding=\"async\" class=\"alignleft size-medium wp-image-60461\" src=\"https:\/\/eldigitaldeasturias.com\/magazine365\/wp-content\/uploads\/2016\/01\/fotonoticia_20160113111939_800-360x270.jpg\" alt=\"fotonoticia_20160113111939_800\" width=\"360\" height=\"270\" srcset=\"https:\/\/eldigitaldeasturias.com\/magazine365\/wp-content\/uploads\/2016\/01\/fotonoticia_20160113111939_800-360x270.jpg 360w, https:\/\/eldigitaldeasturias.com\/magazine365\/wp-content\/uploads\/2016\/01\/fotonoticia_20160113111939_800-650x488.jpg 650w, https:\/\/eldigitaldeasturias.com\/magazine365\/wp-content\/uploads\/2016\/01\/fotonoticia_20160113111939_800-768x576.jpg 768w, https:\/\/eldigitaldeasturias.com\/magazine365\/wp-content\/uploads\/2016\/01\/fotonoticia_20160113111939_800-150x113.jpg 150w, https:\/\/eldigitaldeasturias.com\/magazine365\/wp-content\/uploads\/2016\/01\/fotonoticia_20160113111939_800-450x338.jpg 450w, https:\/\/eldigitaldeasturias.com\/magazine365\/wp-content\/uploads\/2016\/01\/fotonoticia_20160113111939_800-80x60.jpg 80w, https:\/\/eldigitaldeasturias.com\/magazine365\/wp-content\/uploads\/2016\/01\/fotonoticia_20160113111939_800-265x198.jpg 265w, https:\/\/eldigitaldeasturias.com\/magazine365\/wp-content\/uploads\/2016\/01\/fotonoticia_20160113111939_800-696x522.jpg 696w, https:\/\/eldigitaldeasturias.com\/magazine365\/wp-content\/uploads\/2016\/01\/fotonoticia_20160113111939_800-560x420.jpg 560w, https:\/\/eldigitaldeasturias.com\/magazine365\/wp-content\/uploads\/2016\/01\/fotonoticia_20160113111939_800-90x67.jpg 90w, https:\/\/eldigitaldeasturias.com\/magazine365\/wp-content\/uploads\/2016\/01\/fotonoticia_20160113111939_800-164x124.jpg 164w, https:\/\/eldigitaldeasturias.com\/magazine365\/wp-content\/uploads\/2016\/01\/fotonoticia_20160113111939_800-100x75.jpg 100w, https:\/\/eldigitaldeasturias.com\/magazine365\/wp-content\/uploads\/2016\/01\/fotonoticia_20160113111939_800.jpg 800w\" sizes=\"(max-width: 360px) 100vw, 360px\" \/>El brit\u00e1nico Tim Atkin, Master of Wine y uno de los cr\u00edticos internacionales m\u00e1s afamados y que mayor conocimiento posee sobre la regi\u00f3n vin\u00edcola riojana, ha elaborado la primera clasificaci\u00f3n de las bodegas de la zona para ordenarlas.<\/p>\n<p>Para ello, Atkin, nombrado este verano &#8216;Cofrade de M\u00e9rito&#8217; por la Cofrad\u00eda del Vino de La Rioja por sus 28 a\u00f1os de trabajo sobre el vino riojano, ha establecido cinco categor\u00edas en funci\u00f3n \u00ab\u00fanicamente de la calidad de cada bodega y de sus vinos\u00bb, seg\u00fan ha explicado el propio cr\u00edtico.<\/p>\n<p>El modelo de clasificaci\u00f3n utilizado para esta clasificaci\u00f3n es el empleado en Francia desde mediados del siglo XIX, y que tambi\u00e9n se ha utilizado con frecuencia para clasificar bodegas internacionales debido a su rigor y su valor cualitativo, pero hasta ahora nadie se hab\u00eda atrevido a llevar a cabo dicha clasificaci\u00f3n en Espa\u00f1a.<\/p>\n<p>Atkin ha sido el primero en hacerlo, y lo ha hecho con las m\u00e1s de 550 bodegas que conforman la Denominaci\u00f3n de Origen Calificada Rioja.<\/p>\n<p>Tras recorrer todas las bodegas de la zona y probar sus vinos m\u00e1s emblem\u00e1ticos, el cr\u00edtico asegura \u00abser un enamorado de Rioja, pero no por ello menos riguroso en sus clasificaciones\u00bb. Y precisamente para mantener ese rigor, ha establecido una divisi\u00f3n en cinco categor\u00edas en funci\u00f3n de la calidad de cada bodega.<\/p>\n<p>MARQUES DE MURRIETA Y MARQUES DE RISCAL.<\/p>\n<p>Entre las bodegas que conforman la primera categor\u00eda se encuentra un gran icono de la regi\u00f3n: Marqu\u00e9s de Murrieta, que no s\u00f3lo fue la primera bodega de Rioja, fundada en 1852, sino que 164 a\u00f1os despu\u00e9s ha sido nombrada &#8216;Mejor Bodega del Mundo 2015&#8217;.<\/p>\n<p>En la segunda categor\u00eda, Atkin recoge bodegas como Marqu\u00e9s de Riscal o CVNE, mientras que Rothschild\/Vega Sicilia se queda en la tercera categor\u00eda. En la cuarta se encuentran bodegas como Marqu\u00e9s de C\u00e1ceres, Vivanco o Marqu\u00e9s de Vargas.<\/p>\n<p>Por \u00faltimo, LAN, Eguren Ugarte y Torre de O\u00f1a obtienen un puesto dentro de la quinta categor\u00eda. Tras ellas, Atkin establece un sexto grupo m\u00e1s abundante de bodegas que no alcanzan la clasificaci\u00f3n en ninguna de las primeras 5 categor\u00edas, entre las que se encuentran Ram\u00f3n Bilbao, Izadi, El Coto o Mart\u00ednez Lacuesta.<\/p>\n<p>Adem\u00e1s de elaborar esta primera clasificaci\u00f3n en funci\u00f3n de la calidad de las bodegas, Atkin ha puntuado los vinos de cada una de ellas, estableciendo un ranking que llega hasta los 99 puntos, alcanzados por la \u00faltima a\u00f1ada de Castillo Ygay Gran Reserva Especial, de Marqu\u00e9s de Murrieta.<\/p>\n<p>Atkin es corresponsal en numerosas publicaciones en las que habla del vino de Rioja y asiduamente participa en el programa de la cadena brit\u00e1nica BBC, &#8216;Saturday Kitchen&#8217;. Adem\u00e1s es co- presidente del Internacional Wine Challenge, uno de los concursos de vino m\u00e1s prestigiosos del mundo.<\/p>\n","protected":false},"excerpt":{"rendered":"<p>El brit\u00e1nico Tim Atkin, Master of Wine y uno de los cr\u00edticos internacionales m\u00e1s afamados y que mayor conocimiento posee sobre la regi\u00f3n vin\u00edcola riojana, ha elaborado la primera clasificaci\u00f3n de las bodegas de la zona para ordenarlas. Para ello, Atkin, nombrado este verano &#8216;Cofrade de M\u00e9rito&#8217; por la Cofrad\u00eda del Vino de La Rioja<\/p>\n","protected":false},"author":1,"featured_media":60461,"comment_status":"open","ping_status":"closed","sticky":false,"template":"","format":"standard","meta":{"footnotes":""},"categories":[224],"tags":[],"class_list":{"0":"post-60460","1":"post","2":"type-post","3":"status-publish","4":"format-standard","5":"has-post-thumbnail","7":"category-noticias-actualidad"},"aioseo_notices":[],"aioseo_head":"\n\t\t<!-- All in One SEO Pro 4.9.6.1 - aioseo.com -->\n\t<meta name=\"description\" content=\"El brit\u00e1nico Tim Atkin, Master of Wine y uno de los cr\u00edticos internacionales m\u00e1s afamados y que mayor conocimiento posee sobre la regi\u00f3n vin\u00edcola riojana, ha elaborado la primera clasificaci\u00f3n de las bodegas de la zona para ordenarlas. Para ello, Atkin, nombrado este verano &#039;Cofrade de M\u00e9rito&#039; por la Cofrad\u00eda del Vino de La Rioja\" \/>\n\t<meta name=\"robots\" content=\"max-image-preview:large\" \/>\n\t<meta name=\"author\" content=\"admin\"\/>\n\t<meta name=\"google-site-verification\" content=\"UA-38556648-1\" \/>\n\t<meta name=\"keywords\" content=\"noticias y actualidad\" \/>\n\t<link rel=\"canonical\" href=\"https:\/\/eldigitaldeasturias.com\/magazine365\/el-critico-de-vinos-tim-atkin-realiza-la-primera-clasificacion-de-bodegas-de-rioja\/\" \/>\n\t<meta name=\"generator\" content=\"All in One SEO Pro (AIOSEO) 4.9.6.1\" \/>\n\t\t<meta property=\"og:locale\" content=\"es_ES\" \/>\n\t\t<meta property=\"og:site_name\" content=\"El Digital de Asturias \u2013 Revista de ocio, turismo y estilo de vida\" \/>\n\t\t<meta property=\"og:type\" content=\"article\" \/>\n\t\t<meta property=\"og:title\" content=\"El cr\u00edtico de vinos Tim Atkin realiza la primera clasificaci\u00f3n de bodegas de Rioja | El Digital de Asturias\" \/>\n\t\t<meta property=\"og:description\" content=\"El brit\u00e1nico Tim Atkin, Master of Wine y uno de los cr\u00edticos internacionales m\u00e1s afamados y que mayor conocimiento posee sobre la regi\u00f3n vin\u00edcola riojana, ha elaborado la primera clasificaci\u00f3n de las bodegas de la zona para ordenarlas. Para ello, Atkin, nombrado este verano &#039;Cofrade de M\u00e9rito&#039; por la Cofrad\u00eda del Vino de La Rioja\" \/>\n\t\t<meta property=\"og:url\" content=\"https:\/\/eldigitaldeasturias.com\/magazine365\/el-critico-de-vinos-tim-atkin-realiza-la-primera-clasificacion-de-bodegas-de-rioja\/\" \/>\n\t\t<meta property=\"og:image\" content=\"https:\/\/eldigitaldeasturias.com\/magazine365\/wp-content\/uploads\/2016\/01\/fotonoticia_20160113111939_800.jpg\" \/>\n\t\t<meta property=\"og:image:secure_url\" content=\"https:\/\/eldigitaldeasturias.com\/magazine365\/wp-content\/uploads\/2016\/01\/fotonoticia_20160113111939_800.jpg\" \/>\n\t\t<meta property=\"og:image:width\" content=\"800\" \/>\n\t\t<meta property=\"og:image:height\" content=\"600\" \/>\n\t\t<meta property=\"article:published_time\" content=\"2016-01-13T14:28:13+00:00\" \/>\n\t\t<meta property=\"article:modified_time\" content=\"2016-01-13T14:28:13+00:00\" \/>\n\t\t<meta name=\"twitter:card\" content=\"summary_large_image\" \/>\n\t\t<meta name=\"twitter:title\" content=\"El cr\u00edtico de vinos Tim Atkin realiza la primera clasificaci\u00f3n de bodegas de Rioja | El Digital de Asturias\" \/>\n\t\t<meta name=\"twitter:description\" content=\"El brit\u00e1nico Tim Atkin, Master of Wine y uno de los cr\u00edticos internacionales m\u00e1s afamados y que mayor conocimiento posee sobre la regi\u00f3n vin\u00edcola riojana, ha elaborado la primera clasificaci\u00f3n de las bodegas de la zona para ordenarlas. Para ello, Atkin, nombrado este verano &#039;Cofrade de M\u00e9rito&#039; por la Cofrad\u00eda del Vino de La Rioja\" \/>\n\t\t<meta name=\"twitter:image\" content=\"https:\/\/eldigitaldeasturias.com\/magazine365\/wp-content\/uploads\/2016\/01\/fotonoticia_20160113111939_800.jpg\" \/>\n\t\t<script type=\"application\/ld+json\" class=\"aioseo-schema\">\n\t\t\t{\"@context\":\"https:\\\/\\\/schema.org\",\"@graph\":[{\"@type\":\"Article\",\"@id\":\"https:\\\/\\\/eldigitaldeasturias.com\\\/magazine365\\\/el-critico-de-vinos-tim-atkin-realiza-la-primera-clasificacion-de-bodegas-de-rioja\\\/#article\",\"name\":\"El cr\\u00edtico de vinos Tim Atkin realiza la primera clasificaci\\u00f3n de bodegas de Rioja | El Digital de Asturias\",\"headline\":\"El cr\\u00edtico de vinos Tim Atkin realiza la primera clasificaci\\u00f3n de bodegas de Rioja\",\"author\":{\"@id\":\"https:\\\/\\\/eldigitaldeasturias.com\\\/magazine365\\\/author\\\/admin\\\/#author\"},\"publisher\":{\"@id\":\"https:\\\/\\\/eldigitaldeasturias.com\\\/magazine365\\\/#organization\"},\"image\":{\"@type\":\"ImageObject\",\"url\":\"https:\\\/\\\/eldigitaldeasturias.com\\\/magazine365\\\/wp-content\\\/uploads\\\/2016\\\/01\\\/fotonoticia_20160113111939_800.jpg\",\"width\":800,\"height\":600},\"datePublished\":\"2016-01-13T15:28:13+01:00\",\"dateModified\":\"2016-01-13T15:28:13+01:00\",\"inLanguage\":\"es-ES\",\"mainEntityOfPage\":{\"@id\":\"https:\\\/\\\/eldigitaldeasturias.com\\\/magazine365\\\/el-critico-de-vinos-tim-atkin-realiza-la-primera-clasificacion-de-bodegas-de-rioja\\\/#webpage\"},\"isPartOf\":{\"@id\":\"https:\\\/\\\/eldigitaldeasturias.com\\\/magazine365\\\/el-critico-de-vinos-tim-atkin-realiza-la-primera-clasificacion-de-bodegas-de-rioja\\\/#webpage\"},\"articleSection\":\"Noticias y Actualidad\"},{\"@type\":\"BreadcrumbList\",\"@id\":\"https:\\\/\\\/eldigitaldeasturias.com\\\/magazine365\\\/el-critico-de-vinos-tim-atkin-realiza-la-primera-clasificacion-de-bodegas-de-rioja\\\/#breadcrumblist\",\"itemListElement\":[{\"@type\":\"ListItem\",\"@id\":\"https:\\\/\\\/eldigitaldeasturias.com\\\/magazine365#listItem\",\"position\":1,\"name\":\"Home\",\"item\":\"https:\\\/\\\/eldigitaldeasturias.com\\\/magazine365\",\"nextItem\":{\"@type\":\"ListItem\",\"@id\":\"https:\\\/\\\/eldigitaldeasturias.com\\\/magazine365\\\/category\\\/noticias-actualidad\\\/#listItem\",\"name\":\"Noticias y Actualidad\"}},{\"@type\":\"ListItem\",\"@id\":\"https:\\\/\\\/eldigitaldeasturias.com\\\/magazine365\\\/category\\\/noticias-actualidad\\\/#listItem\",\"position\":2,\"name\":\"Noticias y Actualidad\",\"item\":\"https:\\\/\\\/eldigitaldeasturias.com\\\/magazine365\\\/category\\\/noticias-actualidad\\\/\",\"nextItem\":{\"@type\":\"ListItem\",\"@id\":\"https:\\\/\\\/eldigitaldeasturias.com\\\/magazine365\\\/el-critico-de-vinos-tim-atkin-realiza-la-primera-clasificacion-de-bodegas-de-rioja\\\/#listItem\",\"name\":\"El cr\\u00edtico de vinos Tim Atkin realiza la primera clasificaci\\u00f3n de bodegas de Rioja\"},\"previousItem\":{\"@type\":\"ListItem\",\"@id\":\"https:\\\/\\\/eldigitaldeasturias.com\\\/magazine365#listItem\",\"name\":\"Home\"}},{\"@type\":\"ListItem\",\"@id\":\"https:\\\/\\\/eldigitaldeasturias.com\\\/magazine365\\\/el-critico-de-vinos-tim-atkin-realiza-la-primera-clasificacion-de-bodegas-de-rioja\\\/#listItem\",\"position\":3,\"name\":\"El cr\\u00edtico de vinos Tim Atkin realiza la primera clasificaci\\u00f3n de bodegas de Rioja\",\"previousItem\":{\"@type\":\"ListItem\",\"@id\":\"https:\\\/\\\/eldigitaldeasturias.com\\\/magazine365\\\/category\\\/noticias-actualidad\\\/#listItem\",\"name\":\"Noticias y Actualidad\"}}]},{\"@type\":\"Organization\",\"@id\":\"https:\\\/\\\/eldigitaldeasturias.com\\\/magazine365\\\/#organization\",\"name\":\"El digital de Asturias\",\"description\":\"Revista de ocio, turismo y estilo de vida\",\"url\":\"https:\\\/\\\/eldigitaldeasturias.com\\\/magazine365\\\/\",\"logo\":{\"@type\":\"ImageObject\",\"url\":\"https:\\\/\\\/www.eldigitaldeasturias.com\\\/noticias\\\/wp-content\\\/uploads\\\/2020\\\/12\\\/EDA.jpg\",\"@id\":\"https:\\\/\\\/eldigitaldeasturias.com\\\/magazine365\\\/el-critico-de-vinos-tim-atkin-realiza-la-primera-clasificacion-de-bodegas-de-rioja\\\/#organizationLogo\"},\"image\":{\"@id\":\"https:\\\/\\\/eldigitaldeasturias.com\\\/magazine365\\\/el-critico-de-vinos-tim-atkin-realiza-la-primera-clasificacion-de-bodegas-de-rioja\\\/#organizationLogo\"}},{\"@type\":\"Person\",\"@id\":\"https:\\\/\\\/eldigitaldeasturias.com\\\/magazine365\\\/author\\\/admin\\\/#author\",\"url\":\"https:\\\/\\\/eldigitaldeasturias.com\\\/magazine365\\\/author\\\/admin\\\/\",\"name\":\"admin\",\"image\":{\"@type\":\"ImageObject\",\"@id\":\"https:\\\/\\\/eldigitaldeasturias.com\\\/magazine365\\\/el-critico-de-vinos-tim-atkin-realiza-la-primera-clasificacion-de-bodegas-de-rioja\\\/#authorImage\",\"url\":\"https:\\\/\\\/eldigitaldeasturias.com\\\/magazine365\\\/wp-content\\\/litespeed\\\/avatar\\\/e571bcf59a0edd6fa6838245a470f2fe.jpg?ver=1777574230\",\"width\":96,\"height\":96,\"caption\":\"admin\"}},{\"@type\":\"WebPage\",\"@id\":\"https:\\\/\\\/eldigitaldeasturias.com\\\/magazine365\\\/el-critico-de-vinos-tim-atkin-realiza-la-primera-clasificacion-de-bodegas-de-rioja\\\/#webpage\",\"url\":\"https:\\\/\\\/eldigitaldeasturias.com\\\/magazine365\\\/el-critico-de-vinos-tim-atkin-realiza-la-primera-clasificacion-de-bodegas-de-rioja\\\/\",\"name\":\"El cr\\u00edtico de vinos Tim Atkin realiza la primera clasificaci\\u00f3n de bodegas de Rioja | El Digital de Asturias\",\"description\":\"El brit\\u00e1nico Tim Atkin, Master of Wine y uno de los cr\\u00edticos internacionales m\\u00e1s afamados y que mayor conocimiento posee sobre la regi\\u00f3n vin\\u00edcola riojana, ha elaborado la primera clasificaci\\u00f3n de las bodegas de la zona para ordenarlas. Para ello, Atkin, nombrado este verano 'Cofrade de M\\u00e9rito' por la Cofrad\\u00eda del Vino de La Rioja\",\"inLanguage\":\"es-ES\",\"isPartOf\":{\"@id\":\"https:\\\/\\\/eldigitaldeasturias.com\\\/magazine365\\\/#website\"},\"breadcrumb\":{\"@id\":\"https:\\\/\\\/eldigitaldeasturias.com\\\/magazine365\\\/el-critico-de-vinos-tim-atkin-realiza-la-primera-clasificacion-de-bodegas-de-rioja\\\/#breadcrumblist\"},\"author\":{\"@id\":\"https:\\\/\\\/eldigitaldeasturias.com\\\/magazine365\\\/author\\\/admin\\\/#author\"},\"creator\":{\"@id\":\"https:\\\/\\\/eldigitaldeasturias.com\\\/magazine365\\\/author\\\/admin\\\/#author\"},\"image\":{\"@type\":\"ImageObject\",\"url\":\"https:\\\/\\\/eldigitaldeasturias.com\\\/magazine365\\\/wp-content\\\/uploads\\\/2016\\\/01\\\/fotonoticia_20160113111939_800.jpg\",\"@id\":\"https:\\\/\\\/eldigitaldeasturias.com\\\/magazine365\\\/el-critico-de-vinos-tim-atkin-realiza-la-primera-clasificacion-de-bodegas-de-rioja\\\/#mainImage\",\"width\":800,\"height\":600},\"primaryImageOfPage\":{\"@id\":\"https:\\\/\\\/eldigitaldeasturias.com\\\/magazine365\\\/el-critico-de-vinos-tim-atkin-realiza-la-primera-clasificacion-de-bodegas-de-rioja\\\/#mainImage\"},\"datePublished\":\"2016-01-13T15:28:13+01:00\",\"dateModified\":\"2016-01-13T15:28:13+01:00\"},{\"@type\":\"WebSite\",\"@id\":\"https:\\\/\\\/eldigitaldeasturias.com\\\/magazine365\\\/#website\",\"url\":\"https:\\\/\\\/eldigitaldeasturias.com\\\/magazine365\\\/\",\"name\":\"El Digital de Asturias\",\"description\":\"Revista de ocio, turismo y estilo de vida\",\"inLanguage\":\"es-ES\",\"publisher\":{\"@id\":\"https:\\\/\\\/eldigitaldeasturias.com\\\/magazine365\\\/#organization\"}}]}\n\t\t<\/script>\n\t\t<!-- All in One SEO Pro -->\r\n\t\t<title>El cr\u00edtico de vinos Tim Atkin realiza la primera clasificaci\u00f3n de bodegas de Rioja | El Digital de Asturias<\/title>\n\n","aioseo_head_json":{"title":"El cr\u00edtico de vinos Tim Atkin realiza la primera clasificaci\u00f3n de bodegas de Rioja | El Digital de Asturias","description":"El brit\u00e1nico Tim Atkin, Master of Wine y uno de los cr\u00edticos internacionales m\u00e1s afamados y que mayor conocimiento posee sobre la regi\u00f3n vin\u00edcola riojana, ha elaborado la primera clasificaci\u00f3n de las bodegas de la zona para ordenarlas. Para ello, Atkin, nombrado este verano 'Cofrade de M\u00e9rito' por la Cofrad\u00eda del Vino de La Rioja","canonical_url":"https:\/\/eldigitaldeasturias.com\/magazine365\/el-critico-de-vinos-tim-atkin-realiza-la-primera-clasificacion-de-bodegas-de-rioja\/","robots":"max-image-preview:large","keywords":"noticias y actualidad","webmasterTools":{"google-site-verification":"UA-38556648-1","miscellaneous":""},"schema":{"@context":"https:\/\/schema.org","@graph":[{"@type":"Article","@id":"https:\/\/eldigitaldeasturias.com\/magazine365\/el-critico-de-vinos-tim-atkin-realiza-la-primera-clasificacion-de-bodegas-de-rioja\/#article","name":"El cr\u00edtico de vinos Tim Atkin realiza la primera clasificaci\u00f3n de bodegas de Rioja | El Digital de Asturias","headline":"El cr\u00edtico de vinos Tim Atkin realiza la primera clasificaci\u00f3n de bodegas de Rioja","author":{"@id":"https:\/\/eldigitaldeasturias.com\/magazine365\/author\/admin\/#author"},"publisher":{"@id":"https:\/\/eldigitaldeasturias.com\/magazine365\/#organization"},"image":{"@type":"ImageObject","url":"https:\/\/eldigitaldeasturias.com\/magazine365\/wp-content\/uploads\/2016\/01\/fotonoticia_20160113111939_800.jpg","width":800,"height":600},"datePublished":"2016-01-13T15:28:13+01:00","dateModified":"2016-01-13T15:28:13+01:00","inLanguage":"es-ES","mainEntityOfPage":{"@id":"https:\/\/eldigitaldeasturias.com\/magazine365\/el-critico-de-vinos-tim-atkin-realiza-la-primera-clasificacion-de-bodegas-de-rioja\/#webpage"},"isPartOf":{"@id":"https:\/\/eldigitaldeasturias.com\/magazine365\/el-critico-de-vinos-tim-atkin-realiza-la-primera-clasificacion-de-bodegas-de-rioja\/#webpage"},"articleSection":"Noticias y Actualidad"},{"@type":"BreadcrumbList","@id":"https:\/\/eldigitaldeasturias.com\/magazine365\/el-critico-de-vinos-tim-atkin-realiza-la-primera-clasificacion-de-bodegas-de-rioja\/#breadcrumblist","itemListElement":[{"@type":"ListItem","@id":"https:\/\/eldigitaldeasturias.com\/magazine365#listItem","position":1,"name":"Home","item":"https:\/\/eldigitaldeasturias.com\/magazine365","nextItem":{"@type":"ListItem","@id":"https:\/\/eldigitaldeasturias.com\/magazine365\/category\/noticias-actualidad\/#listItem","name":"Noticias y Actualidad"}},{"@type":"ListItem","@id":"https:\/\/eldigitaldeasturias.com\/magazine365\/category\/noticias-actualidad\/#listItem","position":2,"name":"Noticias y Actualidad","item":"https:\/\/eldigitaldeasturias.com\/magazine365\/category\/noticias-actualidad\/","nextItem":{"@type":"ListItem","@id":"https:\/\/eldigitaldeasturias.com\/magazine365\/el-critico-de-vinos-tim-atkin-realiza-la-primera-clasificacion-de-bodegas-de-rioja\/#listItem","name":"El cr\u00edtico de vinos Tim Atkin realiza la primera clasificaci\u00f3n de bodegas de Rioja"},"previousItem":{"@type":"ListItem","@id":"https:\/\/eldigitaldeasturias.com\/magazine365#listItem","name":"Home"}},{"@type":"ListItem","@id":"https:\/\/eldigitaldeasturias.com\/magazine365\/el-critico-de-vinos-tim-atkin-realiza-la-primera-clasificacion-de-bodegas-de-rioja\/#listItem","position":3,"name":"El cr\u00edtico de vinos Tim Atkin realiza la primera clasificaci\u00f3n de bodegas de Rioja","previousItem":{"@type":"ListItem","@id":"https:\/\/eldigitaldeasturias.com\/magazine365\/category\/noticias-actualidad\/#listItem","name":"Noticias y Actualidad"}}]},{"@type":"Organization","@id":"https:\/\/eldigitaldeasturias.com\/magazine365\/#organization","name":"El digital de Asturias","description":"Revista de ocio, turismo y estilo de vida","url":"https:\/\/eldigitaldeasturias.com\/magazine365\/","logo":{"@type":"ImageObject","url":"https:\/\/www.eldigitaldeasturias.com\/noticias\/wp-content\/uploads\/2020\/12\/EDA.jpg","@id":"https:\/\/eldigitaldeasturias.com\/magazine365\/el-critico-de-vinos-tim-atkin-realiza-la-primera-clasificacion-de-bodegas-de-rioja\/#organizationLogo"},"image":{"@id":"https:\/\/eldigitaldeasturias.com\/magazine365\/el-critico-de-vinos-tim-atkin-realiza-la-primera-clasificacion-de-bodegas-de-rioja\/#organizationLogo"}},{"@type":"Person","@id":"https:\/\/eldigitaldeasturias.com\/magazine365\/author\/admin\/#author","url":"https:\/\/eldigitaldeasturias.com\/magazine365\/author\/admin\/","name":"admin","image":{"@type":"ImageObject","@id":"https:\/\/eldigitaldeasturias.com\/magazine365\/el-critico-de-vinos-tim-atkin-realiza-la-primera-clasificacion-de-bodegas-de-rioja\/#authorImage","url":"https:\/\/eldigitaldeasturias.com\/magazine365\/wp-content\/litespeed\/avatar\/e571bcf59a0edd6fa6838245a470f2fe.jpg?ver=1777574230","width":96,"height":96,"caption":"admin"}},{"@type":"WebPage","@id":"https:\/\/eldigitaldeasturias.com\/magazine365\/el-critico-de-vinos-tim-atkin-realiza-la-primera-clasificacion-de-bodegas-de-rioja\/#webpage","url":"https:\/\/eldigitaldeasturias.com\/magazine365\/el-critico-de-vinos-tim-atkin-realiza-la-primera-clasificacion-de-bodegas-de-rioja\/","name":"El cr\u00edtico de vinos Tim Atkin realiza la primera clasificaci\u00f3n de bodegas de Rioja | El Digital de Asturias","description":"El brit\u00e1nico Tim Atkin, Master of Wine y uno de los cr\u00edticos internacionales m\u00e1s afamados y que mayor conocimiento posee sobre la regi\u00f3n vin\u00edcola riojana, ha elaborado la primera clasificaci\u00f3n de las bodegas de la zona para ordenarlas. Para ello, Atkin, nombrado este verano 'Cofrade de M\u00e9rito' por la Cofrad\u00eda del Vino de La Rioja","inLanguage":"es-ES","isPartOf":{"@id":"https:\/\/eldigitaldeasturias.com\/magazine365\/#website"},"breadcrumb":{"@id":"https:\/\/eldigitaldeasturias.com\/magazine365\/el-critico-de-vinos-tim-atkin-realiza-la-primera-clasificacion-de-bodegas-de-rioja\/#breadcrumblist"},"author":{"@id":"https:\/\/eldigitaldeasturias.com\/magazine365\/author\/admin\/#author"},"creator":{"@id":"https:\/\/eldigitaldeasturias.com\/magazine365\/author\/admin\/#author"},"image":{"@type":"ImageObject","url":"https:\/\/eldigitaldeasturias.com\/magazine365\/wp-content\/uploads\/2016\/01\/fotonoticia_20160113111939_800.jpg","@id":"https:\/\/eldigitaldeasturias.com\/magazine365\/el-critico-de-vinos-tim-atkin-realiza-la-primera-clasificacion-de-bodegas-de-rioja\/#mainImage","width":800,"height":600},"primaryImageOfPage":{"@id":"https:\/\/eldigitaldeasturias.com\/magazine365\/el-critico-de-vinos-tim-atkin-realiza-la-primera-clasificacion-de-bodegas-de-rioja\/#mainImage"},"datePublished":"2016-01-13T15:28:13+01:00","dateModified":"2016-01-13T15:28:13+01:00"},{"@type":"WebSite","@id":"https:\/\/eldigitaldeasturias.com\/magazine365\/#website","url":"https:\/\/eldigitaldeasturias.com\/magazine365\/","name":"El Digital de Asturias","description":"Revista de ocio, turismo y estilo de vida","inLanguage":"es-ES","publisher":{"@id":"https:\/\/eldigitaldeasturias.com\/magazine365\/#organization"}}]},"og:locale":"es_ES","og:site_name":"El Digital de Asturias \u2013 Revista de ocio, turismo y estilo de vida","og:type":"article","og:title":"El cr\u00edtico de vinos Tim Atkin realiza la primera clasificaci\u00f3n de bodegas de Rioja | El Digital de Asturias","og:description":"El brit\u00e1nico Tim Atkin, Master of Wine y uno de los cr\u00edticos internacionales m\u00e1s afamados y que mayor conocimiento posee sobre la regi\u00f3n vin\u00edcola riojana, ha elaborado la primera clasificaci\u00f3n de las bodegas de la zona para ordenarlas. Para ello, Atkin, nombrado este verano 'Cofrade de M\u00e9rito' por la Cofrad\u00eda del Vino de La Rioja","og:url":"https:\/\/eldigitaldeasturias.com\/magazine365\/el-critico-de-vinos-tim-atkin-realiza-la-primera-clasificacion-de-bodegas-de-rioja\/","og:image":"https:\/\/eldigitaldeasturias.com\/magazine365\/wp-content\/uploads\/2016\/01\/fotonoticia_20160113111939_800.jpg","og:image:secure_url":"https:\/\/eldigitaldeasturias.com\/magazine365\/wp-content\/uploads\/2016\/01\/fotonoticia_20160113111939_800.jpg","og:image:width":800,"og:image:height":600,"article:published_time":"2016-01-13T14:28:13+00:00","article:modified_time":"2016-01-13T14:28:13+00:00","twitter:card":"summary_large_image","twitter:title":"El cr\u00edtico de vinos Tim Atkin realiza la primera clasificaci\u00f3n de bodegas de Rioja | El Digital de Asturias","twitter:description":"El brit\u00e1nico Tim Atkin, Master of Wine y uno de los cr\u00edticos internacionales m\u00e1s afamados y que mayor conocimiento posee sobre la regi\u00f3n vin\u00edcola riojana, ha elaborado la primera clasificaci\u00f3n de las bodegas de la zona para ordenarlas. Para ello, Atkin, nombrado este verano 'Cofrade de M\u00e9rito' por la Cofrad\u00eda del Vino de La Rioja","twitter:image":"https:\/\/eldigitaldeasturias.com\/magazine365\/wp-content\/uploads\/2016\/01\/fotonoticia_20160113111939_800.jpg"},"aioseo_meta_data":{"post_id":"60460","title":null,"description":null,"keywords":null,"keyphrases":null,"primary_term":null,"canonical_url":null,"og_title":null,"og_description":null,"og_object_type":"default","og_image_type":"default","og_image_url":null,"og_image_width":null,"og_image_height":null,"og_image_custom_url":null,"og_image_custom_fields":null,"og_video":null,"og_custom_url":null,"og_article_section":null,"og_article_tags":null,"twitter_use_og":false,"twitter_card":"default","twitter_image_type":"default","twitter_image_url":null,"twitter_image_custom_url":null,"twitter_image_custom_fields":null,"twitter_title":null,"twitter_description":null,"schema":{"blockGraphs":[],"customGraphs":[],"default":{"data":{"Article":[],"Course":[],"Dataset":[],"FAQPage":[],"Movie":[],"Person":[],"Product":[],"ProductReview":[],"Car":[],"Recipe":[],"Service":[],"SoftwareApplication":[],"WebPage":[]},"graphName":"","isEnabled":true},"graphs":[],"defaultGraph":"","defaultPostTypeGraph":""},"schema_type":null,"schema_type_options":null,"pillar_content":false,"robots_default":true,"robots_noindex":false,"robots_noarchive":false,"robots_nosnippet":false,"robots_nofollow":false,"robots_noimageindex":false,"robots_noodp":false,"robots_notranslate":false,"robots_max_snippet":null,"robots_max_videopreview":null,"robots_max_imagepreview":"large","priority":null,"frequency":null,"location":null,"local_seo":null,"seo_analyzer_scan_date":"2025-09-25 06:56:17","breadcrumb_settings":null,"limit_modified_date":false,"open_ai":null,"ai":null,"created":"2021-03-08 21:59:54","updated":"2025-09-25 06:56:17"},"aioseo_breadcrumb":"<div class=\"aioseo-breadcrumbs\"><span class=\"aioseo-breadcrumb\">\n\t<a href=\"https:\/\/eldigitaldeasturias.com\/magazine365\" title=\"Home\">Home<\/a>\n<\/span><span class=\"aioseo-breadcrumb-separator\">\u2013<\/span><span class=\"aioseo-breadcrumb\">\n\t<a href=\"https:\/\/eldigitaldeasturias.com\/magazine365\/category\/noticias-actualidad\/\" title=\"Noticias y Actualidad\">Noticias y Actualidad<\/a>\n<\/span><span class=\"aioseo-breadcrumb-separator\">\u2013<\/span><span class=\"aioseo-breadcrumb\">\n\t<a href=\"https:\/\/eldigitaldeasturias.com\/magazine365\/el-critico-de-vinos-tim-atkin-realiza-la-primera-clasificacion-de-bodegas-de-rioja\/\" title=\"El cr\u00edtico de vinos Tim Atkin realiza la primera clasificaci\u00f3n de bodegas de Rioja\">El cr\u00edtico de vinos Tim Atkin realiza la primera clasificaci\u00f3n de bodegas de Rioja<\/a>\n<\/span><\/div>","aioseo_breadcrumb_json":[{"label":"Home","link":"https:\/\/eldigitaldeasturias.com\/magazine365"},{"label":"Noticias y Actualidad","link":"https:\/\/eldigitaldeasturias.com\/magazine365\/category\/noticias-actualidad\/"},{"label":"El cr\u00edtico de vinos Tim Atkin realiza la primera clasificaci\u00f3n de bodegas de Rioja","link":"https:\/\/eldigitaldeasturias.com\/magazine365\/el-critico-de-vinos-tim-atkin-realiza-la-primera-clasificacion-de-bodegas-de-rioja\/"}],"_links":{"self":[{"href":"https:\/\/eldigitaldeasturias.com\/magazine365\/wp-json\/wp\/v2\/posts\/60460","targetHints":{"allow":["GET"]}}],"collection":[{"href":"https:\/\/eldigitaldeasturias.com\/magazine365\/wp-json\/wp\/v2\/posts"}],"about":[{"href":"https:\/\/eldigitaldeasturias.com\/magazine365\/wp-json\/wp\/v2\/types\/post"}],"author":[{"embeddable":true,"href":"https:\/\/eldigitaldeasturias.com\/magazine365\/wp-json\/wp\/v2\/users\/1"}],"replies":[{"embeddable":true,"href":"https:\/\/eldigitaldeasturias.com\/magazine365\/wp-json\/wp\/v2\/comments?post=60460"}],"version-history":[{"count":0,"href":"https:\/\/eldigitaldeasturias.com\/magazine365\/wp-json\/wp\/v2\/posts\/60460\/revisions"}],"wp:featuredmedia":[{"embeddable":true,"href":"https:\/\/eldigitaldeasturias.com\/magazine365\/wp-json\/wp\/v2\/media\/60461"}],"wp:attachment":[{"href":"https:\/\/eldigitaldeasturias.com\/magazine365\/wp-json\/wp\/v2\/media?parent=60460"}],"wp:term":[{"taxonomy":"category","embeddable":true,"href":"https:\/\/eldigitaldeasturias.com\/magazine365\/wp-json\/wp\/v2\/categories?post=60460"},{"taxonomy":"post_tag","embeddable":true,"href":"https:\/\/eldigitaldeasturias.com\/magazine365\/wp-json\/wp\/v2\/tags?post=60460"}],"curies":[{"name":"wp","href":"https:\/\/api.w.org\/{rel}","templated":true}]}}