{"id":60447,"date":"2016-01-13T15:05:26","date_gmt":"2016-01-13T14:05:26","guid":{"rendered":"http:\/\/eldigitaldeasturias.com\/magazine365\/?p=60447"},"modified":"2016-01-13T15:05:26","modified_gmt":"2016-01-13T14:05:26","slug":"el-psoe-pregunta-por-que-no-se-ha-incluido-a-cartagena-y-la-zona-sur-del-mar-menor-en-el-programa-de-visitas-de-la-region","status":"publish","type":"post","link":"https:\/\/eldigitaldeasturias.com\/magazine365\/el-psoe-pregunta-por-que-no-se-ha-incluido-a-cartagena-y-la-zona-sur-del-mar-menor-en-el-programa-de-visitas-de-la-region\/","title":{"rendered":"El PSOE pregunta por qu\u00e9 no se ha incluido a Cartagena y la zona sur del Mar Menor en el programa de visitas de la Regi\u00f3n"},"content":{"rendered":"<p><img fetchpriority=\"high\" decoding=\"async\" class=\"alignleft size-medium wp-image-60448\" src=\"https:\/\/eldigitaldeasturias.com\/magazine365\/wp-content\/uploads\/2016\/01\/fotonoticia_20160113102903_800-360x240.jpg\" alt=\"fotonoticia_20160113102903_800\" width=\"360\" height=\"240\" srcset=\"https:\/\/eldigitaldeasturias.com\/magazine365\/wp-content\/uploads\/2016\/01\/fotonoticia_20160113102903_800-360x240.jpg 360w, https:\/\/eldigitaldeasturias.com\/magazine365\/wp-content\/uploads\/2016\/01\/fotonoticia_20160113102903_800-650x434.jpg 650w, https:\/\/eldigitaldeasturias.com\/magazine365\/wp-content\/uploads\/2016\/01\/fotonoticia_20160113102903_800-768x513.jpg 768w, https:\/\/eldigitaldeasturias.com\/magazine365\/wp-content\/uploads\/2016\/01\/fotonoticia_20160113102903_800-150x100.jpg 150w, https:\/\/eldigitaldeasturias.com\/magazine365\/wp-content\/uploads\/2016\/01\/fotonoticia_20160113102903_800-450x300.jpg 450w, https:\/\/eldigitaldeasturias.com\/magazine365\/wp-content\/uploads\/2016\/01\/fotonoticia_20160113102903_800-696x465.jpg 696w, https:\/\/eldigitaldeasturias.com\/magazine365\/wp-content\/uploads\/2016\/01\/fotonoticia_20160113102903_800-629x420.jpg 629w, https:\/\/eldigitaldeasturias.com\/magazine365\/wp-content\/uploads\/2016\/01\/fotonoticia_20160113102903_800-101x66.jpg 101w, https:\/\/eldigitaldeasturias.com\/magazine365\/wp-content\/uploads\/2016\/01\/fotonoticia_20160113102903_800.jpg 800w\" sizes=\"(max-width: 360px) 100vw, 360px\" \/>El Grupo Parlamentario Socialista va a pedir explicaciones al consejero responsable de Turismo sobre las razones para no incluir a Cartagena y la zona sur del Mar Menor en el Programa de visitas previstas por la Consejer\u00eda.<\/p>\n<p>El diputado socialista, Antonio Guillam\u00f3n, ha reclamado \u00abuna rectificaci\u00f3n de la Consejer\u00eda para que incluya estas zonas y se haga uso de todo el potencial que, en materia tur\u00edstica, tiene nuestra Regi\u00f3n\u00bb.<\/p>\n<p>La Consejer\u00eda de Desarrollo Econ\u00f3mico, Turismo y Empleo, conjuntamente con el Instituto de Turismo y la Red de Oficinas de Turismo, ha presentado el Programa de visitas guiadas 2016 para conocer 27 municipios de la Regi\u00f3n de Murcia.<\/p>\n<p>Guillam\u00f3n ha se\u00f1alado que \u00abes injustificable y sorprende negativamente comprobar que ni el municipio de Cartagena ni la zona sur del Mar Menor figuran en ninguna de las ciento cinco visitas planeadas para este a\u00f1o\u00bb.<\/p>\n<p>Asimismo, el diputado socialista ha apostillado que \u00abparece poco sensato, desde el punto de vista tur\u00edstico, no contar con esta importante zona de influencia tur\u00edstica, que aporta un porcentaje important\u00edsimo al desarrollo econ\u00f3mico regional. Si esta planificaci\u00f3n forma parte de un Plan de Turismo que pretende poner en valor nuestra potencialidad tur\u00edstica, parece que andamos por mal camino\u00bb.<\/p>\n<p>Ha recordado que en la comparecencia del consejero de Turismo en la Asamblea Regional, el Grupo Parlamentario Socialista propuso un Plan General de Turismo Sostenible que resolviera el hecho de habernos quedado rezagados en este \u00e1mbito respecto al resto de las Comunidades Aut\u00f3nomas de nuestro pa\u00eds. Y en esta direcci\u00f3n, destaca, el PSOE ofreci\u00f3 toda su colaboraci\u00f3n.<\/p>\n<p>\u00abTenemos un importante trabajo por delante para situar a la Regi\u00f3n de Murcia en el lugar que se merece para estar a la altura del potencial tur\u00edstico que se nos supone dada nuestra privilegiada situaci\u00f3n geogr\u00e1fica, entre otras muchas razones\u00bb, ha subrayado.<\/p>\n<p>Antonio Guillam\u00f3n ha concluido que \u00abiniciativas como este Programa de visitas que ningunea a una zona tan relevante para el turismo regional, como Cartagena y la zona sur del Mar Menor, no hacen m\u00e1s que confirmar que el Partido Popular no acierta en su pol\u00edtica tur\u00edstica y sit\u00faa a la Regi\u00f3n ante una notable falta de competitividad en esta materia\u00bb.<\/p>\n","protected":false},"excerpt":{"rendered":"<p>El Grupo Parlamentario Socialista va a pedir explicaciones al consejero responsable de Turismo sobre las razones para no incluir a Cartagena y la zona sur del Mar Menor en el Programa de visitas previstas por la Consejer\u00eda. El diputado socialista, Antonio Guillam\u00f3n, ha reclamado \u00abuna rectificaci\u00f3n de la Consejer\u00eda para que incluya estas zonas y<\/p>\n","protected":false},"author":1,"featured_media":60448,"comment_status":"open","ping_status":"closed","sticky":false,"template":"","format":"standard","meta":{"footnotes":""},"categories":[224],"tags":[],"class_list":{"0":"post-60447","1":"post","2":"type-post","3":"status-publish","4":"format-standard","5":"has-post-thumbnail","7":"category-noticias-actualidad"},"aioseo_notices":[],"aioseo_head":"\n\t\t<!-- All in One SEO Pro 4.9.6.1 - aioseo.com -->\n\t<meta name=\"description\" content=\"El Grupo Parlamentario Socialista va a pedir explicaciones al consejero responsable de Turismo sobre las razones para no incluir a Cartagena y la zona sur del Mar Menor en el Programa de visitas previstas por la Consejer\u00eda. El diputado socialista, Antonio Guillam\u00f3n, ha reclamado &quot;una rectificaci\u00f3n de la Consejer\u00eda para que incluya estas zonas y\" \/>\n\t<meta name=\"robots\" content=\"max-image-preview:large\" \/>\n\t<meta name=\"author\" content=\"admin\"\/>\n\t<meta name=\"google-site-verification\" content=\"UA-38556648-1\" \/>\n\t<meta name=\"keywords\" content=\"noticias y actualidad\" \/>\n\t<link rel=\"canonical\" href=\"https:\/\/eldigitaldeasturias.com\/magazine365\/el-psoe-pregunta-por-que-no-se-ha-incluido-a-cartagena-y-la-zona-sur-del-mar-menor-en-el-programa-de-visitas-de-la-region\/\" \/>\n\t<meta name=\"generator\" content=\"All in One SEO Pro (AIOSEO) 4.9.6.1\" \/>\n\t\t<meta property=\"og:locale\" content=\"es_ES\" \/>\n\t\t<meta property=\"og:site_name\" content=\"El Digital de Asturias \u2013 Revista de ocio, turismo y estilo de vida\" \/>\n\t\t<meta property=\"og:type\" content=\"article\" \/>\n\t\t<meta property=\"og:title\" content=\"El PSOE pregunta por qu\u00e9 no se ha incluido a Cartagena y la zona sur del Mar Menor en el programa de visitas de la Regi\u00f3n | El Digital de Asturias\" \/>\n\t\t<meta property=\"og:description\" content=\"El Grupo Parlamentario Socialista va a pedir explicaciones al consejero responsable de Turismo sobre las razones para no incluir a Cartagena y la zona sur del Mar Menor en el Programa de visitas previstas por la Consejer\u00eda. El diputado socialista, Antonio Guillam\u00f3n, ha reclamado &quot;una rectificaci\u00f3n de la Consejer\u00eda para que incluya estas zonas y\" \/>\n\t\t<meta property=\"og:url\" content=\"https:\/\/eldigitaldeasturias.com\/magazine365\/el-psoe-pregunta-por-que-no-se-ha-incluido-a-cartagena-y-la-zona-sur-del-mar-menor-en-el-programa-de-visitas-de-la-region\/\" \/>\n\t\t<meta property=\"og:image\" content=\"https:\/\/eldigitaldeasturias.com\/magazine365\/wp-content\/uploads\/2016\/01\/fotonoticia_20160113102903_800.jpg\" \/>\n\t\t<meta property=\"og:image:secure_url\" content=\"https:\/\/eldigitaldeasturias.com\/magazine365\/wp-content\/uploads\/2016\/01\/fotonoticia_20160113102903_800.jpg\" \/>\n\t\t<meta property=\"og:image:width\" content=\"800\" \/>\n\t\t<meta property=\"og:image:height\" content=\"534\" \/>\n\t\t<meta property=\"article:published_time\" content=\"2016-01-13T14:05:26+00:00\" \/>\n\t\t<meta property=\"article:modified_time\" content=\"2016-01-13T14:05:26+00:00\" \/>\n\t\t<meta name=\"twitter:card\" content=\"summary_large_image\" \/>\n\t\t<meta name=\"twitter:title\" content=\"El PSOE pregunta por qu\u00e9 no se ha incluido a Cartagena y la zona sur del Mar Menor en el programa de visitas de la Regi\u00f3n | El Digital de Asturias\" \/>\n\t\t<meta name=\"twitter:description\" content=\"El Grupo Parlamentario Socialista va a pedir explicaciones al consejero responsable de Turismo sobre las razones para no incluir a Cartagena y la zona sur del Mar Menor en el Programa de visitas previstas por la Consejer\u00eda. El diputado socialista, Antonio Guillam\u00f3n, ha reclamado &quot;una rectificaci\u00f3n de la Consejer\u00eda para que incluya estas zonas y\" \/>\n\t\t<meta name=\"twitter:image\" content=\"https:\/\/eldigitaldeasturias.com\/magazine365\/wp-content\/uploads\/2016\/01\/fotonoticia_20160113102903_800.jpg\" \/>\n\t\t<script type=\"application\/ld+json\" class=\"aioseo-schema\">\n\t\t\t{\"@context\":\"https:\\\/\\\/schema.org\",\"@graph\":[{\"@type\":\"Article\",\"@id\":\"https:\\\/\\\/eldigitaldeasturias.com\\\/magazine365\\\/el-psoe-pregunta-por-que-no-se-ha-incluido-a-cartagena-y-la-zona-sur-del-mar-menor-en-el-programa-de-visitas-de-la-region\\\/#article\",\"name\":\"El PSOE pregunta por qu\\u00e9 no se ha incluido a Cartagena y la zona sur del Mar Menor en el programa de visitas de la Regi\\u00f3n | El Digital de Asturias\",\"headline\":\"El PSOE pregunta por qu\\u00e9 no se ha incluido a Cartagena y la zona sur del Mar Menor en el programa de visitas de la Regi\\u00f3n\",\"author\":{\"@id\":\"https:\\\/\\\/eldigitaldeasturias.com\\\/magazine365\\\/author\\\/admin\\\/#author\"},\"publisher\":{\"@id\":\"https:\\\/\\\/eldigitaldeasturias.com\\\/magazine365\\\/#organization\"},\"image\":{\"@type\":\"ImageObject\",\"url\":\"https:\\\/\\\/eldigitaldeasturias.com\\\/magazine365\\\/wp-content\\\/uploads\\\/2016\\\/01\\\/fotonoticia_20160113102903_800.jpg\",\"width\":800,\"height\":534},\"datePublished\":\"2016-01-13T15:05:26+01:00\",\"dateModified\":\"2016-01-13T15:05:26+01:00\",\"inLanguage\":\"es-ES\",\"mainEntityOfPage\":{\"@id\":\"https:\\\/\\\/eldigitaldeasturias.com\\\/magazine365\\\/el-psoe-pregunta-por-que-no-se-ha-incluido-a-cartagena-y-la-zona-sur-del-mar-menor-en-el-programa-de-visitas-de-la-region\\\/#webpage\"},\"isPartOf\":{\"@id\":\"https:\\\/\\\/eldigitaldeasturias.com\\\/magazine365\\\/el-psoe-pregunta-por-que-no-se-ha-incluido-a-cartagena-y-la-zona-sur-del-mar-menor-en-el-programa-de-visitas-de-la-region\\\/#webpage\"},\"articleSection\":\"Noticias y Actualidad\"},{\"@type\":\"BreadcrumbList\",\"@id\":\"https:\\\/\\\/eldigitaldeasturias.com\\\/magazine365\\\/el-psoe-pregunta-por-que-no-se-ha-incluido-a-cartagena-y-la-zona-sur-del-mar-menor-en-el-programa-de-visitas-de-la-region\\\/#breadcrumblist\",\"itemListElement\":[{\"@type\":\"ListItem\",\"@id\":\"https:\\\/\\\/eldigitaldeasturias.com\\\/magazine365#listItem\",\"position\":1,\"name\":\"Home\",\"item\":\"https:\\\/\\\/eldigitaldeasturias.com\\\/magazine365\",\"nextItem\":{\"@type\":\"ListItem\",\"@id\":\"https:\\\/\\\/eldigitaldeasturias.com\\\/magazine365\\\/category\\\/noticias-actualidad\\\/#listItem\",\"name\":\"Noticias y Actualidad\"}},{\"@type\":\"ListItem\",\"@id\":\"https:\\\/\\\/eldigitaldeasturias.com\\\/magazine365\\\/category\\\/noticias-actualidad\\\/#listItem\",\"position\":2,\"name\":\"Noticias y Actualidad\",\"item\":\"https:\\\/\\\/eldigitaldeasturias.com\\\/magazine365\\\/category\\\/noticias-actualidad\\\/\",\"nextItem\":{\"@type\":\"ListItem\",\"@id\":\"https:\\\/\\\/eldigitaldeasturias.com\\\/magazine365\\\/el-psoe-pregunta-por-que-no-se-ha-incluido-a-cartagena-y-la-zona-sur-del-mar-menor-en-el-programa-de-visitas-de-la-region\\\/#listItem\",\"name\":\"El PSOE pregunta por qu\\u00e9 no se ha incluido a Cartagena y la zona sur del Mar Menor en el programa de visitas de la Regi\\u00f3n\"},\"previousItem\":{\"@type\":\"ListItem\",\"@id\":\"https:\\\/\\\/eldigitaldeasturias.com\\\/magazine365#listItem\",\"name\":\"Home\"}},{\"@type\":\"ListItem\",\"@id\":\"https:\\\/\\\/eldigitaldeasturias.com\\\/magazine365\\\/el-psoe-pregunta-por-que-no-se-ha-incluido-a-cartagena-y-la-zona-sur-del-mar-menor-en-el-programa-de-visitas-de-la-region\\\/#listItem\",\"position\":3,\"name\":\"El PSOE pregunta por qu\\u00e9 no se ha incluido a Cartagena y la zona sur del Mar Menor en el programa de visitas de la Regi\\u00f3n\",\"previousItem\":{\"@type\":\"ListItem\",\"@id\":\"https:\\\/\\\/eldigitaldeasturias.com\\\/magazine365\\\/category\\\/noticias-actualidad\\\/#listItem\",\"name\":\"Noticias y Actualidad\"}}]},{\"@type\":\"Organization\",\"@id\":\"https:\\\/\\\/eldigitaldeasturias.com\\\/magazine365\\\/#organization\",\"name\":\"El digital de Asturias\",\"description\":\"Revista de ocio, turismo y estilo de vida\",\"url\":\"https:\\\/\\\/eldigitaldeasturias.com\\\/magazine365\\\/\",\"logo\":{\"@type\":\"ImageObject\",\"url\":\"https:\\\/\\\/www.eldigitaldeasturias.com\\\/noticias\\\/wp-content\\\/uploads\\\/2020\\\/12\\\/EDA.jpg\",\"@id\":\"https:\\\/\\\/eldigitaldeasturias.com\\\/magazine365\\\/el-psoe-pregunta-por-que-no-se-ha-incluido-a-cartagena-y-la-zona-sur-del-mar-menor-en-el-programa-de-visitas-de-la-region\\\/#organizationLogo\"},\"image\":{\"@id\":\"https:\\\/\\\/eldigitaldeasturias.com\\\/magazine365\\\/el-psoe-pregunta-por-que-no-se-ha-incluido-a-cartagena-y-la-zona-sur-del-mar-menor-en-el-programa-de-visitas-de-la-region\\\/#organizationLogo\"}},{\"@type\":\"Person\",\"@id\":\"https:\\\/\\\/eldigitaldeasturias.com\\\/magazine365\\\/author\\\/admin\\\/#author\",\"url\":\"https:\\\/\\\/eldigitaldeasturias.com\\\/magazine365\\\/author\\\/admin\\\/\",\"name\":\"admin\",\"image\":{\"@type\":\"ImageObject\",\"@id\":\"https:\\\/\\\/eldigitaldeasturias.com\\\/magazine365\\\/el-psoe-pregunta-por-que-no-se-ha-incluido-a-cartagena-y-la-zona-sur-del-mar-menor-en-el-programa-de-visitas-de-la-region\\\/#authorImage\",\"url\":\"https:\\\/\\\/eldigitaldeasturias.com\\\/magazine365\\\/wp-content\\\/litespeed\\\/avatar\\\/e571bcf59a0edd6fa6838245a470f2fe.jpg?ver=1777574230\",\"width\":96,\"height\":96,\"caption\":\"admin\"}},{\"@type\":\"WebPage\",\"@id\":\"https:\\\/\\\/eldigitaldeasturias.com\\\/magazine365\\\/el-psoe-pregunta-por-que-no-se-ha-incluido-a-cartagena-y-la-zona-sur-del-mar-menor-en-el-programa-de-visitas-de-la-region\\\/#webpage\",\"url\":\"https:\\\/\\\/eldigitaldeasturias.com\\\/magazine365\\\/el-psoe-pregunta-por-que-no-se-ha-incluido-a-cartagena-y-la-zona-sur-del-mar-menor-en-el-programa-de-visitas-de-la-region\\\/\",\"name\":\"El PSOE pregunta por qu\\u00e9 no se ha incluido a Cartagena y la zona sur del Mar Menor en el programa de visitas de la Regi\\u00f3n | El Digital de Asturias\",\"description\":\"El Grupo Parlamentario Socialista va a pedir explicaciones al consejero responsable de Turismo sobre las razones para no incluir a Cartagena y la zona sur del Mar Menor en el Programa de visitas previstas por la Consejer\\u00eda. El diputado socialista, Antonio Guillam\\u00f3n, ha reclamado \\\"una rectificaci\\u00f3n de la Consejer\\u00eda para que incluya estas zonas y\",\"inLanguage\":\"es-ES\",\"isPartOf\":{\"@id\":\"https:\\\/\\\/eldigitaldeasturias.com\\\/magazine365\\\/#website\"},\"breadcrumb\":{\"@id\":\"https:\\\/\\\/eldigitaldeasturias.com\\\/magazine365\\\/el-psoe-pregunta-por-que-no-se-ha-incluido-a-cartagena-y-la-zona-sur-del-mar-menor-en-el-programa-de-visitas-de-la-region\\\/#breadcrumblist\"},\"author\":{\"@id\":\"https:\\\/\\\/eldigitaldeasturias.com\\\/magazine365\\\/author\\\/admin\\\/#author\"},\"creator\":{\"@id\":\"https:\\\/\\\/eldigitaldeasturias.com\\\/magazine365\\\/author\\\/admin\\\/#author\"},\"image\":{\"@type\":\"ImageObject\",\"url\":\"https:\\\/\\\/eldigitaldeasturias.com\\\/magazine365\\\/wp-content\\\/uploads\\\/2016\\\/01\\\/fotonoticia_20160113102903_800.jpg\",\"@id\":\"https:\\\/\\\/eldigitaldeasturias.com\\\/magazine365\\\/el-psoe-pregunta-por-que-no-se-ha-incluido-a-cartagena-y-la-zona-sur-del-mar-menor-en-el-programa-de-visitas-de-la-region\\\/#mainImage\",\"width\":800,\"height\":534},\"primaryImageOfPage\":{\"@id\":\"https:\\\/\\\/eldigitaldeasturias.com\\\/magazine365\\\/el-psoe-pregunta-por-que-no-se-ha-incluido-a-cartagena-y-la-zona-sur-del-mar-menor-en-el-programa-de-visitas-de-la-region\\\/#mainImage\"},\"datePublished\":\"2016-01-13T15:05:26+01:00\",\"dateModified\":\"2016-01-13T15:05:26+01:00\"},{\"@type\":\"WebSite\",\"@id\":\"https:\\\/\\\/eldigitaldeasturias.com\\\/magazine365\\\/#website\",\"url\":\"https:\\\/\\\/eldigitaldeasturias.com\\\/magazine365\\\/\",\"name\":\"El Digital de Asturias\",\"description\":\"Revista de ocio, turismo y estilo de vida\",\"inLanguage\":\"es-ES\",\"publisher\":{\"@id\":\"https:\\\/\\\/eldigitaldeasturias.com\\\/magazine365\\\/#organization\"}}]}\n\t\t<\/script>\n\t\t<!-- All in One SEO Pro -->\r\n\t\t<title>El PSOE pregunta por qu\u00e9 no se ha incluido a Cartagena y la zona sur del Mar Menor en el programa de visitas de la Regi\u00f3n | El Digital de Asturias<\/title>\n\n","aioseo_head_json":{"title":"El PSOE pregunta por qu\u00e9 no se ha incluido a Cartagena y la zona sur del Mar Menor en el programa de visitas de la Regi\u00f3n | El Digital de Asturias","description":"El Grupo Parlamentario Socialista va a pedir explicaciones al consejero responsable de Turismo sobre las razones para no incluir a Cartagena y la zona sur del Mar Menor en el Programa de visitas previstas por la Consejer\u00eda. El diputado socialista, Antonio Guillam\u00f3n, ha reclamado \"una rectificaci\u00f3n de la Consejer\u00eda para que incluya estas zonas y","canonical_url":"https:\/\/eldigitaldeasturias.com\/magazine365\/el-psoe-pregunta-por-que-no-se-ha-incluido-a-cartagena-y-la-zona-sur-del-mar-menor-en-el-programa-de-visitas-de-la-region\/","robots":"max-image-preview:large","keywords":"noticias y actualidad","webmasterTools":{"google-site-verification":"UA-38556648-1","miscellaneous":""},"schema":{"@context":"https:\/\/schema.org","@graph":[{"@type":"Article","@id":"https:\/\/eldigitaldeasturias.com\/magazine365\/el-psoe-pregunta-por-que-no-se-ha-incluido-a-cartagena-y-la-zona-sur-del-mar-menor-en-el-programa-de-visitas-de-la-region\/#article","name":"El PSOE pregunta por qu\u00e9 no se ha incluido a Cartagena y la zona sur del Mar Menor en el programa de visitas de la Regi\u00f3n | El Digital de Asturias","headline":"El PSOE pregunta por qu\u00e9 no se ha incluido a Cartagena y la zona sur del Mar Menor en el programa de visitas de la Regi\u00f3n","author":{"@id":"https:\/\/eldigitaldeasturias.com\/magazine365\/author\/admin\/#author"},"publisher":{"@id":"https:\/\/eldigitaldeasturias.com\/magazine365\/#organization"},"image":{"@type":"ImageObject","url":"https:\/\/eldigitaldeasturias.com\/magazine365\/wp-content\/uploads\/2016\/01\/fotonoticia_20160113102903_800.jpg","width":800,"height":534},"datePublished":"2016-01-13T15:05:26+01:00","dateModified":"2016-01-13T15:05:26+01:00","inLanguage":"es-ES","mainEntityOfPage":{"@id":"https:\/\/eldigitaldeasturias.com\/magazine365\/el-psoe-pregunta-por-que-no-se-ha-incluido-a-cartagena-y-la-zona-sur-del-mar-menor-en-el-programa-de-visitas-de-la-region\/#webpage"},"isPartOf":{"@id":"https:\/\/eldigitaldeasturias.com\/magazine365\/el-psoe-pregunta-por-que-no-se-ha-incluido-a-cartagena-y-la-zona-sur-del-mar-menor-en-el-programa-de-visitas-de-la-region\/#webpage"},"articleSection":"Noticias y Actualidad"},{"@type":"BreadcrumbList","@id":"https:\/\/eldigitaldeasturias.com\/magazine365\/el-psoe-pregunta-por-que-no-se-ha-incluido-a-cartagena-y-la-zona-sur-del-mar-menor-en-el-programa-de-visitas-de-la-region\/#breadcrumblist","itemListElement":[{"@type":"ListItem","@id":"https:\/\/eldigitaldeasturias.com\/magazine365#listItem","position":1,"name":"Home","item":"https:\/\/eldigitaldeasturias.com\/magazine365","nextItem":{"@type":"ListItem","@id":"https:\/\/eldigitaldeasturias.com\/magazine365\/category\/noticias-actualidad\/#listItem","name":"Noticias y Actualidad"}},{"@type":"ListItem","@id":"https:\/\/eldigitaldeasturias.com\/magazine365\/category\/noticias-actualidad\/#listItem","position":2,"name":"Noticias y Actualidad","item":"https:\/\/eldigitaldeasturias.com\/magazine365\/category\/noticias-actualidad\/","nextItem":{"@type":"ListItem","@id":"https:\/\/eldigitaldeasturias.com\/magazine365\/el-psoe-pregunta-por-que-no-se-ha-incluido-a-cartagena-y-la-zona-sur-del-mar-menor-en-el-programa-de-visitas-de-la-region\/#listItem","name":"El PSOE pregunta por qu\u00e9 no se ha incluido a Cartagena y la zona sur del Mar Menor en el programa de visitas de la Regi\u00f3n"},"previousItem":{"@type":"ListItem","@id":"https:\/\/eldigitaldeasturias.com\/magazine365#listItem","name":"Home"}},{"@type":"ListItem","@id":"https:\/\/eldigitaldeasturias.com\/magazine365\/el-psoe-pregunta-por-que-no-se-ha-incluido-a-cartagena-y-la-zona-sur-del-mar-menor-en-el-programa-de-visitas-de-la-region\/#listItem","position":3,"name":"El PSOE pregunta por qu\u00e9 no se ha incluido a Cartagena y la zona sur del Mar Menor en el programa de visitas de la Regi\u00f3n","previousItem":{"@type":"ListItem","@id":"https:\/\/eldigitaldeasturias.com\/magazine365\/category\/noticias-actualidad\/#listItem","name":"Noticias y Actualidad"}}]},{"@type":"Organization","@id":"https:\/\/eldigitaldeasturias.com\/magazine365\/#organization","name":"El digital de Asturias","description":"Revista de ocio, turismo y estilo de vida","url":"https:\/\/eldigitaldeasturias.com\/magazine365\/","logo":{"@type":"ImageObject","url":"https:\/\/www.eldigitaldeasturias.com\/noticias\/wp-content\/uploads\/2020\/12\/EDA.jpg","@id":"https:\/\/eldigitaldeasturias.com\/magazine365\/el-psoe-pregunta-por-que-no-se-ha-incluido-a-cartagena-y-la-zona-sur-del-mar-menor-en-el-programa-de-visitas-de-la-region\/#organizationLogo"},"image":{"@id":"https:\/\/eldigitaldeasturias.com\/magazine365\/el-psoe-pregunta-por-que-no-se-ha-incluido-a-cartagena-y-la-zona-sur-del-mar-menor-en-el-programa-de-visitas-de-la-region\/#organizationLogo"}},{"@type":"Person","@id":"https:\/\/eldigitaldeasturias.com\/magazine365\/author\/admin\/#author","url":"https:\/\/eldigitaldeasturias.com\/magazine365\/author\/admin\/","name":"admin","image":{"@type":"ImageObject","@id":"https:\/\/eldigitaldeasturias.com\/magazine365\/el-psoe-pregunta-por-que-no-se-ha-incluido-a-cartagena-y-la-zona-sur-del-mar-menor-en-el-programa-de-visitas-de-la-region\/#authorImage","url":"https:\/\/eldigitaldeasturias.com\/magazine365\/wp-content\/litespeed\/avatar\/e571bcf59a0edd6fa6838245a470f2fe.jpg?ver=1777574230","width":96,"height":96,"caption":"admin"}},{"@type":"WebPage","@id":"https:\/\/eldigitaldeasturias.com\/magazine365\/el-psoe-pregunta-por-que-no-se-ha-incluido-a-cartagena-y-la-zona-sur-del-mar-menor-en-el-programa-de-visitas-de-la-region\/#webpage","url":"https:\/\/eldigitaldeasturias.com\/magazine365\/el-psoe-pregunta-por-que-no-se-ha-incluido-a-cartagena-y-la-zona-sur-del-mar-menor-en-el-programa-de-visitas-de-la-region\/","name":"El PSOE pregunta por qu\u00e9 no se ha incluido a Cartagena y la zona sur del Mar Menor en el programa de visitas de la Regi\u00f3n | El Digital de Asturias","description":"El Grupo Parlamentario Socialista va a pedir explicaciones al consejero responsable de Turismo sobre las razones para no incluir a Cartagena y la zona sur del Mar Menor en el Programa de visitas previstas por la Consejer\u00eda. El diputado socialista, Antonio Guillam\u00f3n, ha reclamado \"una rectificaci\u00f3n de la Consejer\u00eda para que incluya estas zonas y","inLanguage":"es-ES","isPartOf":{"@id":"https:\/\/eldigitaldeasturias.com\/magazine365\/#website"},"breadcrumb":{"@id":"https:\/\/eldigitaldeasturias.com\/magazine365\/el-psoe-pregunta-por-que-no-se-ha-incluido-a-cartagena-y-la-zona-sur-del-mar-menor-en-el-programa-de-visitas-de-la-region\/#breadcrumblist"},"author":{"@id":"https:\/\/eldigitaldeasturias.com\/magazine365\/author\/admin\/#author"},"creator":{"@id":"https:\/\/eldigitaldeasturias.com\/magazine365\/author\/admin\/#author"},"image":{"@type":"ImageObject","url":"https:\/\/eldigitaldeasturias.com\/magazine365\/wp-content\/uploads\/2016\/01\/fotonoticia_20160113102903_800.jpg","@id":"https:\/\/eldigitaldeasturias.com\/magazine365\/el-psoe-pregunta-por-que-no-se-ha-incluido-a-cartagena-y-la-zona-sur-del-mar-menor-en-el-programa-de-visitas-de-la-region\/#mainImage","width":800,"height":534},"primaryImageOfPage":{"@id":"https:\/\/eldigitaldeasturias.com\/magazine365\/el-psoe-pregunta-por-que-no-se-ha-incluido-a-cartagena-y-la-zona-sur-del-mar-menor-en-el-programa-de-visitas-de-la-region\/#mainImage"},"datePublished":"2016-01-13T15:05:26+01:00","dateModified":"2016-01-13T15:05:26+01:00"},{"@type":"WebSite","@id":"https:\/\/eldigitaldeasturias.com\/magazine365\/#website","url":"https:\/\/eldigitaldeasturias.com\/magazine365\/","name":"El Digital de Asturias","description":"Revista de ocio, turismo y estilo de vida","inLanguage":"es-ES","publisher":{"@id":"https:\/\/eldigitaldeasturias.com\/magazine365\/#organization"}}]},"og:locale":"es_ES","og:site_name":"El Digital de Asturias \u2013 Revista de ocio, turismo y estilo de vida","og:type":"article","og:title":"El PSOE pregunta por qu\u00e9 no se ha incluido a Cartagena y la zona sur del Mar Menor en el programa de visitas de la Regi\u00f3n | El Digital de Asturias","og:description":"El Grupo Parlamentario Socialista va a pedir explicaciones al consejero responsable de Turismo sobre las razones para no incluir a Cartagena y la zona sur del Mar Menor en el Programa de visitas previstas por la Consejer\u00eda. El diputado socialista, Antonio Guillam\u00f3n, ha reclamado &quot;una rectificaci\u00f3n de la Consejer\u00eda para que incluya estas zonas y","og:url":"https:\/\/eldigitaldeasturias.com\/magazine365\/el-psoe-pregunta-por-que-no-se-ha-incluido-a-cartagena-y-la-zona-sur-del-mar-menor-en-el-programa-de-visitas-de-la-region\/","og:image":"https:\/\/eldigitaldeasturias.com\/magazine365\/wp-content\/uploads\/2016\/01\/fotonoticia_20160113102903_800.jpg","og:image:secure_url":"https:\/\/eldigitaldeasturias.com\/magazine365\/wp-content\/uploads\/2016\/01\/fotonoticia_20160113102903_800.jpg","og:image:width":800,"og:image:height":534,"article:published_time":"2016-01-13T14:05:26+00:00","article:modified_time":"2016-01-13T14:05:26+00:00","twitter:card":"summary_large_image","twitter:title":"El PSOE pregunta por qu\u00e9 no se ha incluido a Cartagena y la zona sur del Mar Menor en el programa de visitas de la Regi\u00f3n | El Digital de Asturias","twitter:description":"El Grupo Parlamentario Socialista va a pedir explicaciones al consejero responsable de Turismo sobre las razones para no incluir a Cartagena y la zona sur del Mar Menor en el Programa de visitas previstas por la Consejer\u00eda. El diputado socialista, Antonio Guillam\u00f3n, ha reclamado &quot;una rectificaci\u00f3n de la Consejer\u00eda para que incluya estas zonas y","twitter:image":"https:\/\/eldigitaldeasturias.com\/magazine365\/wp-content\/uploads\/2016\/01\/fotonoticia_20160113102903_800.jpg"},"aioseo_meta_data":{"post_id":"60447","title":null,"description":null,"keywords":null,"keyphrases":null,"primary_term":null,"canonical_url":null,"og_title":null,"og_description":null,"og_object_type":"default","og_image_type":"default","og_image_url":null,"og_image_width":null,"og_image_height":null,"og_image_custom_url":null,"og_image_custom_fields":null,"og_video":null,"og_custom_url":null,"og_article_section":null,"og_article_tags":null,"twitter_use_og":false,"twitter_card":"default","twitter_image_type":"default","twitter_image_url":null,"twitter_image_custom_url":null,"twitter_image_custom_fields":null,"twitter_title":null,"twitter_description":null,"schema":{"blockGraphs":[],"customGraphs":[],"default":{"data":{"Article":[],"Course":[],"Dataset":[],"FAQPage":[],"Movie":[],"Person":[],"Product":[],"ProductReview":[],"Car":[],"Recipe":[],"Service":[],"SoftwareApplication":[],"WebPage":[]},"graphName":"","isEnabled":true},"graphs":[]},"schema_type":null,"schema_type_options":null,"pillar_content":false,"robots_default":true,"robots_noindex":false,"robots_noarchive":false,"robots_nosnippet":false,"robots_nofollow":false,"robots_noimageindex":false,"robots_noodp":false,"robots_notranslate":false,"robots_max_snippet":null,"robots_max_videopreview":null,"robots_max_imagepreview":"large","priority":null,"frequency":null,"location":null,"local_seo":null,"seo_analyzer_scan_date":"2025-09-25 06:56:09","breadcrumb_settings":null,"limit_modified_date":false,"open_ai":null,"ai":null,"created":"2021-03-08 21:59:54","updated":"2025-09-25 06:56:09"},"aioseo_breadcrumb":"<div class=\"aioseo-breadcrumbs\"><span class=\"aioseo-breadcrumb\">\n\t<a href=\"https:\/\/eldigitaldeasturias.com\/magazine365\" title=\"Home\">Home<\/a>\n<\/span><span class=\"aioseo-breadcrumb-separator\">\u2013<\/span><span class=\"aioseo-breadcrumb\">\n\t<a href=\"https:\/\/eldigitaldeasturias.com\/magazine365\/category\/noticias-actualidad\/\" title=\"Noticias y Actualidad\">Noticias y Actualidad<\/a>\n<\/span><span class=\"aioseo-breadcrumb-separator\">\u2013<\/span><span class=\"aioseo-breadcrumb\">\n\t<a href=\"https:\/\/eldigitaldeasturias.com\/magazine365\/el-psoe-pregunta-por-que-no-se-ha-incluido-a-cartagena-y-la-zona-sur-del-mar-menor-en-el-programa-de-visitas-de-la-region\/\" title=\"El PSOE pregunta por qu\u00e9 no se ha incluido a Cartagena y la zona sur del Mar Menor en el programa de visitas de la Regi\u00f3n\">El PSOE pregunta por qu\u00e9 no se ha incluido a Cartagena y la zona sur del Mar Menor en el programa de visitas de la Regi\u00f3n<\/a>\n<\/span><\/div>","aioseo_breadcrumb_json":[{"label":"Home","link":"https:\/\/eldigitaldeasturias.com\/magazine365"},{"label":"Noticias y Actualidad","link":"https:\/\/eldigitaldeasturias.com\/magazine365\/category\/noticias-actualidad\/"},{"label":"El PSOE pregunta por qu\u00e9 no se ha incluido a Cartagena y la zona sur del Mar Menor en el programa de visitas de la Regi\u00f3n","link":"https:\/\/eldigitaldeasturias.com\/magazine365\/el-psoe-pregunta-por-que-no-se-ha-incluido-a-cartagena-y-la-zona-sur-del-mar-menor-en-el-programa-de-visitas-de-la-region\/"}],"_links":{"self":[{"href":"https:\/\/eldigitaldeasturias.com\/magazine365\/wp-json\/wp\/v2\/posts\/60447","targetHints":{"allow":["GET"]}}],"collection":[{"href":"https:\/\/eldigitaldeasturias.com\/magazine365\/wp-json\/wp\/v2\/posts"}],"about":[{"href":"https:\/\/eldigitaldeasturias.com\/magazine365\/wp-json\/wp\/v2\/types\/post"}],"author":[{"embeddable":true,"href":"https:\/\/eldigitaldeasturias.com\/magazine365\/wp-json\/wp\/v2\/users\/1"}],"replies":[{"embeddable":true,"href":"https:\/\/eldigitaldeasturias.com\/magazine365\/wp-json\/wp\/v2\/comments?post=60447"}],"version-history":[{"count":0,"href":"https:\/\/eldigitaldeasturias.com\/magazine365\/wp-json\/wp\/v2\/posts\/60447\/revisions"}],"wp:featuredmedia":[{"embeddable":true,"href":"https:\/\/eldigitaldeasturias.com\/magazine365\/wp-json\/wp\/v2\/media\/60448"}],"wp:attachment":[{"href":"https:\/\/eldigitaldeasturias.com\/magazine365\/wp-json\/wp\/v2\/media?parent=60447"}],"wp:term":[{"taxonomy":"category","embeddable":true,"href":"https:\/\/eldigitaldeasturias.com\/magazine365\/wp-json\/wp\/v2\/categories?post=60447"},{"taxonomy":"post_tag","embeddable":true,"href":"https:\/\/eldigitaldeasturias.com\/magazine365\/wp-json\/wp\/v2\/tags?post=60447"}],"curies":[{"name":"wp","href":"https:\/\/api.w.org\/{rel}","templated":true}]}}