{"id":60403,"date":"2016-01-13T14:48:29","date_gmt":"2016-01-13T13:48:29","guid":{"rendered":"http:\/\/eldigitaldeasturias.com\/magazine365\/?p=60403"},"modified":"2016-01-13T14:48:29","modified_gmt":"2016-01-13T13:48:29","slug":"al-menos-diez-personas-han-muerto-este-martes-en-el-centro-turistico-de-estambul","status":"publish","type":"post","link":"https:\/\/eldigitaldeasturias.com\/magazine365\/al-menos-diez-personas-han-muerto-este-martes-en-el-centro-turistico-de-estambul\/","title":{"rendered":"Al menos diez personas han muerto este martes en el centro tur\u00edstico de Estambul"},"content":{"rendered":"<p><img fetchpriority=\"high\" decoding=\"async\" class=\"alignleft size-medium wp-image-60404\" src=\"https:\/\/eldigitaldeasturias.com\/magazine365\/wp-content\/uploads\/2016\/01\/fotonoticia_20160112174425_800-360x240.jpg\" alt=\"fotonoticia_20160112174425_800\" width=\"360\" height=\"240\" srcset=\"https:\/\/eldigitaldeasturias.com\/magazine365\/wp-content\/uploads\/2016\/01\/fotonoticia_20160112174425_800-360x240.jpg 360w, https:\/\/eldigitaldeasturias.com\/magazine365\/wp-content\/uploads\/2016\/01\/fotonoticia_20160112174425_800-650x433.jpg 650w, https:\/\/eldigitaldeasturias.com\/magazine365\/wp-content\/uploads\/2016\/01\/fotonoticia_20160112174425_800-768x512.jpg 768w, https:\/\/eldigitaldeasturias.com\/magazine365\/wp-content\/uploads\/2016\/01\/fotonoticia_20160112174425_800-150x100.jpg 150w, https:\/\/eldigitaldeasturias.com\/magazine365\/wp-content\/uploads\/2016\/01\/fotonoticia_20160112174425_800-450x300.jpg 450w, https:\/\/eldigitaldeasturias.com\/magazine365\/wp-content\/uploads\/2016\/01\/fotonoticia_20160112174425_800-696x464.jpg 696w, https:\/\/eldigitaldeasturias.com\/magazine365\/wp-content\/uploads\/2016\/01\/fotonoticia_20160112174425_800-630x420.jpg 630w, https:\/\/eldigitaldeasturias.com\/magazine365\/wp-content\/uploads\/2016\/01\/fotonoticia_20160112174425_800-101x66.jpg 101w, https:\/\/eldigitaldeasturias.com\/magazine365\/wp-content\/uploads\/2016\/01\/fotonoticia_20160112174425_800.jpg 800w\" sizes=\"(max-width: 360px) 100vw, 360px\" \/>Al menos diez personas han muerto este martes en el centro tur\u00edstico de Estambul despu\u00e9s de que un supuesto miembro del grupo terrorista Estado Isl\u00e1mico detonase un artefacto explosivo en la plaza Sultanahmet, seg\u00fan el Gobierno, que ha identificado a todos los fallecidos como extranjeros.<\/p>\n<p>La explosi\u00f3n ha tenido lugar a las 10.20 (hora local) junto al obelisco de Teodosio de la mencionada plaza, situada en el barrio de Estambul m\u00e1s frecuentado por los turistas, ya que en \u00e9l se encuentran la Mezquita Azul y Santa Sof\u00eda, dos de los principales monumentos de la ciudad del B\u00f3sforo.<\/p>\n<p>En su primera reacci\u00f3n, el presidente turco, Recep Tayyip Erdogan, ha condenado el ataque y lo ha atribuido a un terrorista vinculado a Siria. Horas despu\u00e9s, el Gobierno ha confirmado que se trataba de un saud\u00ed nacido en 1988 y que formaba parte de Estado Isl\u00e1mico, aunque no estaba fichado.<\/p>\n<p>Las autoridades han logrado identificar al responsable tras analizar los restos humanos hallados en el lugar del atentado y, de esta forma, han determinado que se trata de Nabil Fadli, seg\u00fan la agencia de noticias Dogan. El viceprimer ministro turco, Numan Kurtulmus, ha confirmado que entr\u00f3 al pa\u00eds recientemente desde Siria.<\/p>\n<p>Turqu\u00eda ha sido escenario frecuente de atentados en el \u00faltimo a\u00f1o, reivindicados por distintas organizaciones terroristas, entre ellas Estado Isl\u00e1mico. El pasado 10 de octubre, alrededor de un centenar de personas murieron en un atentado en Ankara.<\/p>\n<p>V\u00cdCTIMAS EXTRANJERAS<\/p>\n<p>Las autoridades han confirmado diez v\u00edctimas mortales y 15 heridos &#8211;dos de ellos graves&#8211; como consecuencia del atentado de este martes. Aunque no ha trascendido ning\u00fan balance oficial sobre nacionalidades, Davutoglu ha se\u00f1alado que eran todos extranjeros y su viceprimer ministro ha dicho que la mayor\u00eda ten\u00edan nacionalidad alemana.<\/p>\n<p>La ministra de Exteriores de Per\u00fa, Ana Mar\u00eda S\u00e1nchez, ha confirmado que una persona de nacionalidad peruana ha muerto y otra ha resultado herida, seg\u00fan el peri\u00f3dico &#8216;El Comercio&#8217;. El Ministerio de Exteriores de Noruega tambi\u00e9n ha asegurado a la agencia Reuters que uno de sus ciudadanos figura entre los heridos.<\/p>\n<p>El Ministerio de Asuntos Exteriores y de Cooperaci\u00f3n de Espa\u00f1a no tiene constancia de que haya espa\u00f1oles entre las v\u00edctimas mortales o heridos, han informado fuentes diplom\u00e1ticas a Europa Press.<\/p>\n<p>La oficina de Davutoglu ha informado de que el primer ministro ha hablado por tel\u00e9fono con la canciller de Alemania, Angela Merkel, y le ha prometido que compartir\u00e1 la informaci\u00f3n relativa al atentado, que a\u00fan no ha sido reivindicado oficialmente por ninguna organizaci\u00f3n.<\/p>\n<p>\u00abEl terrorismo internacional ha mostrado su peor cara\u00bb, ha afirmado la canciller, antes de que se conociesen los detalles sobre las nacionalidades. \u00abNecesitamos actuar de forma decidida contra \u00e9l\u00bb, ha subrayado en una comparecencia junto al primer ministro argelino, Abdelmalek Sellal.<\/p>\n<p>CONDENA OPOSITORA<\/p>\n<p>La oposici\u00f3n ha salido en bloque a condenar el atentado, un \u00abataque traidor\u00bb en opini\u00f3n del l\u00edder del Partido Republicano del Pueblo (CHP), Kemal Kili\u00e7daroglu. En este sentido, ha advertido en Twitter a los responsables de esta acci\u00f3n de que \u00abnunca alcanzar\u00e1n sus objetivos\u00bb, seg\u00fan el peri\u00f3dico &#8216;Hurriyet&#8217;.<\/p>\n<p>No obstante, tambi\u00e9n ha aprovechado para criticar al Partido Justicia y Desarrollo (AKP), del que ha cuestionado que sea \u00abcapaz de gobernar el pa\u00eds\u00bb. \u00abExplota una bomba en el coraz\u00f3n del turismo y no tomas medidas \u00bfQu\u00e9 es lo que haces? Impones un bloqueo a la informaci\u00f3n antes de que lleguen las ambulancias\u00bb, ha asegurado ante parlamentarios del CHP, en alusi\u00f3n a las medidas de censura aplicadas cuando ocurren incidentes de este tipo.<\/p>\n<p>Por su parte, el l\u00edder del prokurdo Partido Democr\u00e1tico de los Pueblos (HDP), Selahattin Demirtas, ha expresado sus condolencias a las v\u00edctimas de la \u00abbrutal masacre\u00bb de Sultanahmet y ha abogado por perseguir a los responsables.<\/p>\n<p>TURQU\u00cdA, OBJETIVO<\/p>\n<p>Las autoridades turcas han intensificado sus operaciones contra grupos terroristas desde mediados del a\u00f1o pasado, cuando el Gobierno anunci\u00f3 una \u00abguerra\u00bb coordinada contra el terrorismo que inclu\u00eda a Estado Isl\u00e1mico y al Partido de los Trabajadores del Kurdist\u00e1n (PKK), activo principalmente en la parte sureste del pa\u00eds.<\/p>\n<p>Coincidiendo con el atentado de Ankara, fuentes policiales citadas por la agencia Anatolia han confirmado el arresto de 16 supuestos terroristas de Estado Isl\u00e1mico en la provincia donde se encuentra la capital. La operaci\u00f3n ha concluido con la detenci\u00f3n de un turco y 15 turcos que supuestamente preparaban atentados.<\/p>\n<p>\u00abEl principal objetivo de las organizaciones terroristas que operan en la regi\u00f3n es Turqu\u00eda porque ha estado combatiendo contra todos ellos con la misma determinaci\u00f3n\u00bb, ha explicado Erdogan en una reuni\u00f3n con embajadores.<\/p>\n","protected":false},"excerpt":{"rendered":"<p>Al menos diez personas han muerto este martes en el centro tur\u00edstico de Estambul despu\u00e9s de que un supuesto miembro del grupo terrorista Estado Isl\u00e1mico detonase un artefacto explosivo en la plaza Sultanahmet, seg\u00fan el Gobierno, que ha identificado a todos los fallecidos como extranjeros. La explosi\u00f3n ha tenido lugar a las 10.20 (hora local)<\/p>\n","protected":false},"author":1,"featured_media":60404,"comment_status":"open","ping_status":"closed","sticky":false,"template":"","format":"standard","meta":{"footnotes":""},"categories":[224],"tags":[],"class_list":{"0":"post-60403","1":"post","2":"type-post","3":"status-publish","4":"format-standard","5":"has-post-thumbnail","7":"category-noticias-actualidad"},"aioseo_notices":[],"aioseo_head":"\n\t\t<!-- All in One SEO Pro 4.9.6.1 - aioseo.com -->\n\t<meta name=\"description\" content=\"Al menos diez personas han muerto este martes en el centro tur\u00edstico de Estambul despu\u00e9s de que un supuesto miembro del grupo terrorista Estado Isl\u00e1mico detonase un artefacto explosivo en la plaza Sultanahmet, seg\u00fan el Gobierno, que ha identificado a todos los fallecidos como extranjeros. La explosi\u00f3n ha tenido lugar a las 10.20 (hora local)\" \/>\n\t<meta name=\"robots\" content=\"max-image-preview:large\" \/>\n\t<meta name=\"author\" content=\"admin\"\/>\n\t<meta name=\"google-site-verification\" content=\"UA-38556648-1\" \/>\n\t<meta name=\"keywords\" content=\"noticias y actualidad\" \/>\n\t<link rel=\"canonical\" href=\"https:\/\/eldigitaldeasturias.com\/magazine365\/al-menos-diez-personas-han-muerto-este-martes-en-el-centro-turistico-de-estambul\/\" \/>\n\t<meta name=\"generator\" content=\"All in One SEO Pro (AIOSEO) 4.9.6.1\" \/>\n\t\t<meta property=\"og:locale\" content=\"es_ES\" \/>\n\t\t<meta property=\"og:site_name\" content=\"El Digital de Asturias \u2013 Revista de ocio, turismo y estilo de vida\" \/>\n\t\t<meta property=\"og:type\" content=\"article\" \/>\n\t\t<meta property=\"og:title\" content=\"Al menos diez personas han muerto este martes en el centro tur\u00edstico de Estambul | El Digital de Asturias\" \/>\n\t\t<meta property=\"og:description\" content=\"Al menos diez personas han muerto este martes en el centro tur\u00edstico de Estambul despu\u00e9s de que un supuesto miembro del grupo terrorista Estado Isl\u00e1mico detonase un artefacto explosivo en la plaza Sultanahmet, seg\u00fan el Gobierno, que ha identificado a todos los fallecidos como extranjeros. La explosi\u00f3n ha tenido lugar a las 10.20 (hora local)\" \/>\n\t\t<meta property=\"og:url\" content=\"https:\/\/eldigitaldeasturias.com\/magazine365\/al-menos-diez-personas-han-muerto-este-martes-en-el-centro-turistico-de-estambul\/\" \/>\n\t\t<meta property=\"og:image\" content=\"https:\/\/eldigitaldeasturias.com\/magazine365\/wp-content\/uploads\/2016\/01\/fotonoticia_20160112174425_800.jpg\" \/>\n\t\t<meta property=\"og:image:secure_url\" content=\"https:\/\/eldigitaldeasturias.com\/magazine365\/wp-content\/uploads\/2016\/01\/fotonoticia_20160112174425_800.jpg\" \/>\n\t\t<meta property=\"og:image:width\" content=\"800\" \/>\n\t\t<meta property=\"og:image:height\" content=\"533\" \/>\n\t\t<meta property=\"article:published_time\" content=\"2016-01-13T13:48:29+00:00\" \/>\n\t\t<meta property=\"article:modified_time\" content=\"2016-01-13T13:48:29+00:00\" \/>\n\t\t<meta name=\"twitter:card\" content=\"summary_large_image\" \/>\n\t\t<meta name=\"twitter:title\" content=\"Al menos diez personas han muerto este martes en el centro tur\u00edstico de Estambul | El Digital de Asturias\" \/>\n\t\t<meta name=\"twitter:description\" content=\"Al menos diez personas han muerto este martes en el centro tur\u00edstico de Estambul despu\u00e9s de que un supuesto miembro del grupo terrorista Estado Isl\u00e1mico detonase un artefacto explosivo en la plaza Sultanahmet, seg\u00fan el Gobierno, que ha identificado a todos los fallecidos como extranjeros. La explosi\u00f3n ha tenido lugar a las 10.20 (hora local)\" \/>\n\t\t<meta name=\"twitter:image\" content=\"https:\/\/eldigitaldeasturias.com\/magazine365\/wp-content\/uploads\/2016\/01\/fotonoticia_20160112174425_800.jpg\" \/>\n\t\t<script type=\"application\/ld+json\" class=\"aioseo-schema\">\n\t\t\t{\"@context\":\"https:\\\/\\\/schema.org\",\"@graph\":[{\"@type\":\"Article\",\"@id\":\"https:\\\/\\\/eldigitaldeasturias.com\\\/magazine365\\\/al-menos-diez-personas-han-muerto-este-martes-en-el-centro-turistico-de-estambul\\\/#article\",\"name\":\"Al menos diez personas han muerto este martes en el centro tur\\u00edstico de Estambul | El Digital de Asturias\",\"headline\":\"Al menos diez personas han muerto este martes en el centro tur\\u00edstico de Estambul\",\"author\":{\"@id\":\"https:\\\/\\\/eldigitaldeasturias.com\\\/magazine365\\\/author\\\/admin\\\/#author\"},\"publisher\":{\"@id\":\"https:\\\/\\\/eldigitaldeasturias.com\\\/magazine365\\\/#organization\"},\"image\":{\"@type\":\"ImageObject\",\"url\":\"https:\\\/\\\/eldigitaldeasturias.com\\\/magazine365\\\/wp-content\\\/uploads\\\/2016\\\/01\\\/fotonoticia_20160112174425_800.jpg\",\"width\":800,\"height\":533},\"datePublished\":\"2016-01-13T14:48:29+01:00\",\"dateModified\":\"2016-01-13T14:48:29+01:00\",\"inLanguage\":\"es-ES\",\"mainEntityOfPage\":{\"@id\":\"https:\\\/\\\/eldigitaldeasturias.com\\\/magazine365\\\/al-menos-diez-personas-han-muerto-este-martes-en-el-centro-turistico-de-estambul\\\/#webpage\"},\"isPartOf\":{\"@id\":\"https:\\\/\\\/eldigitaldeasturias.com\\\/magazine365\\\/al-menos-diez-personas-han-muerto-este-martes-en-el-centro-turistico-de-estambul\\\/#webpage\"},\"articleSection\":\"Noticias y Actualidad\"},{\"@type\":\"BreadcrumbList\",\"@id\":\"https:\\\/\\\/eldigitaldeasturias.com\\\/magazine365\\\/al-menos-diez-personas-han-muerto-este-martes-en-el-centro-turistico-de-estambul\\\/#breadcrumblist\",\"itemListElement\":[{\"@type\":\"ListItem\",\"@id\":\"https:\\\/\\\/eldigitaldeasturias.com\\\/magazine365#listItem\",\"position\":1,\"name\":\"Home\",\"item\":\"https:\\\/\\\/eldigitaldeasturias.com\\\/magazine365\",\"nextItem\":{\"@type\":\"ListItem\",\"@id\":\"https:\\\/\\\/eldigitaldeasturias.com\\\/magazine365\\\/category\\\/noticias-actualidad\\\/#listItem\",\"name\":\"Noticias y Actualidad\"}},{\"@type\":\"ListItem\",\"@id\":\"https:\\\/\\\/eldigitaldeasturias.com\\\/magazine365\\\/category\\\/noticias-actualidad\\\/#listItem\",\"position\":2,\"name\":\"Noticias y Actualidad\",\"item\":\"https:\\\/\\\/eldigitaldeasturias.com\\\/magazine365\\\/category\\\/noticias-actualidad\\\/\",\"nextItem\":{\"@type\":\"ListItem\",\"@id\":\"https:\\\/\\\/eldigitaldeasturias.com\\\/magazine365\\\/al-menos-diez-personas-han-muerto-este-martes-en-el-centro-turistico-de-estambul\\\/#listItem\",\"name\":\"Al menos diez personas han muerto este martes en el centro tur\\u00edstico de Estambul\"},\"previousItem\":{\"@type\":\"ListItem\",\"@id\":\"https:\\\/\\\/eldigitaldeasturias.com\\\/magazine365#listItem\",\"name\":\"Home\"}},{\"@type\":\"ListItem\",\"@id\":\"https:\\\/\\\/eldigitaldeasturias.com\\\/magazine365\\\/al-menos-diez-personas-han-muerto-este-martes-en-el-centro-turistico-de-estambul\\\/#listItem\",\"position\":3,\"name\":\"Al menos diez personas han muerto este martes en el centro tur\\u00edstico de Estambul\",\"previousItem\":{\"@type\":\"ListItem\",\"@id\":\"https:\\\/\\\/eldigitaldeasturias.com\\\/magazine365\\\/category\\\/noticias-actualidad\\\/#listItem\",\"name\":\"Noticias y Actualidad\"}}]},{\"@type\":\"Organization\",\"@id\":\"https:\\\/\\\/eldigitaldeasturias.com\\\/magazine365\\\/#organization\",\"name\":\"El digital de Asturias\",\"description\":\"Revista de ocio, turismo y estilo de vida\",\"url\":\"https:\\\/\\\/eldigitaldeasturias.com\\\/magazine365\\\/\",\"logo\":{\"@type\":\"ImageObject\",\"url\":\"https:\\\/\\\/www.eldigitaldeasturias.com\\\/noticias\\\/wp-content\\\/uploads\\\/2020\\\/12\\\/EDA.jpg\",\"@id\":\"https:\\\/\\\/eldigitaldeasturias.com\\\/magazine365\\\/al-menos-diez-personas-han-muerto-este-martes-en-el-centro-turistico-de-estambul\\\/#organizationLogo\"},\"image\":{\"@id\":\"https:\\\/\\\/eldigitaldeasturias.com\\\/magazine365\\\/al-menos-diez-personas-han-muerto-este-martes-en-el-centro-turistico-de-estambul\\\/#organizationLogo\"}},{\"@type\":\"Person\",\"@id\":\"https:\\\/\\\/eldigitaldeasturias.com\\\/magazine365\\\/author\\\/admin\\\/#author\",\"url\":\"https:\\\/\\\/eldigitaldeasturias.com\\\/magazine365\\\/author\\\/admin\\\/\",\"name\":\"admin\",\"image\":{\"@type\":\"ImageObject\",\"@id\":\"https:\\\/\\\/eldigitaldeasturias.com\\\/magazine365\\\/al-menos-diez-personas-han-muerto-este-martes-en-el-centro-turistico-de-estambul\\\/#authorImage\",\"url\":\"https:\\\/\\\/eldigitaldeasturias.com\\\/magazine365\\\/wp-content\\\/litespeed\\\/avatar\\\/e571bcf59a0edd6fa6838245a470f2fe.jpg?ver=1777574230\",\"width\":96,\"height\":96,\"caption\":\"admin\"}},{\"@type\":\"WebPage\",\"@id\":\"https:\\\/\\\/eldigitaldeasturias.com\\\/magazine365\\\/al-menos-diez-personas-han-muerto-este-martes-en-el-centro-turistico-de-estambul\\\/#webpage\",\"url\":\"https:\\\/\\\/eldigitaldeasturias.com\\\/magazine365\\\/al-menos-diez-personas-han-muerto-este-martes-en-el-centro-turistico-de-estambul\\\/\",\"name\":\"Al menos diez personas han muerto este martes en el centro tur\\u00edstico de Estambul | El Digital de Asturias\",\"description\":\"Al menos diez personas han muerto este martes en el centro tur\\u00edstico de Estambul despu\\u00e9s de que un supuesto miembro del grupo terrorista Estado Isl\\u00e1mico detonase un artefacto explosivo en la plaza Sultanahmet, seg\\u00fan el Gobierno, que ha identificado a todos los fallecidos como extranjeros. La explosi\\u00f3n ha tenido lugar a las 10.20 (hora local)\",\"inLanguage\":\"es-ES\",\"isPartOf\":{\"@id\":\"https:\\\/\\\/eldigitaldeasturias.com\\\/magazine365\\\/#website\"},\"breadcrumb\":{\"@id\":\"https:\\\/\\\/eldigitaldeasturias.com\\\/magazine365\\\/al-menos-diez-personas-han-muerto-este-martes-en-el-centro-turistico-de-estambul\\\/#breadcrumblist\"},\"author\":{\"@id\":\"https:\\\/\\\/eldigitaldeasturias.com\\\/magazine365\\\/author\\\/admin\\\/#author\"},\"creator\":{\"@id\":\"https:\\\/\\\/eldigitaldeasturias.com\\\/magazine365\\\/author\\\/admin\\\/#author\"},\"image\":{\"@type\":\"ImageObject\",\"url\":\"https:\\\/\\\/eldigitaldeasturias.com\\\/magazine365\\\/wp-content\\\/uploads\\\/2016\\\/01\\\/fotonoticia_20160112174425_800.jpg\",\"@id\":\"https:\\\/\\\/eldigitaldeasturias.com\\\/magazine365\\\/al-menos-diez-personas-han-muerto-este-martes-en-el-centro-turistico-de-estambul\\\/#mainImage\",\"width\":800,\"height\":533},\"primaryImageOfPage\":{\"@id\":\"https:\\\/\\\/eldigitaldeasturias.com\\\/magazine365\\\/al-menos-diez-personas-han-muerto-este-martes-en-el-centro-turistico-de-estambul\\\/#mainImage\"},\"datePublished\":\"2016-01-13T14:48:29+01:00\",\"dateModified\":\"2016-01-13T14:48:29+01:00\"},{\"@type\":\"WebSite\",\"@id\":\"https:\\\/\\\/eldigitaldeasturias.com\\\/magazine365\\\/#website\",\"url\":\"https:\\\/\\\/eldigitaldeasturias.com\\\/magazine365\\\/\",\"name\":\"El Digital de Asturias\",\"description\":\"Revista de ocio, turismo y estilo de vida\",\"inLanguage\":\"es-ES\",\"publisher\":{\"@id\":\"https:\\\/\\\/eldigitaldeasturias.com\\\/magazine365\\\/#organization\"}}]}\n\t\t<\/script>\n\t\t<!-- All in One SEO Pro -->\r\n\t\t<title>Al menos diez personas han muerto este martes en el centro tur\u00edstico de Estambul | El Digital de Asturias<\/title>\n\n","aioseo_head_json":{"title":"Al menos diez personas han muerto este martes en el centro tur\u00edstico de Estambul | El Digital de Asturias","description":"Al menos diez personas han muerto este martes en el centro tur\u00edstico de Estambul despu\u00e9s de que un supuesto miembro del grupo terrorista Estado Isl\u00e1mico detonase un artefacto explosivo en la plaza Sultanahmet, seg\u00fan el Gobierno, que ha identificado a todos los fallecidos como extranjeros. La explosi\u00f3n ha tenido lugar a las 10.20 (hora local)","canonical_url":"https:\/\/eldigitaldeasturias.com\/magazine365\/al-menos-diez-personas-han-muerto-este-martes-en-el-centro-turistico-de-estambul\/","robots":"max-image-preview:large","keywords":"noticias y actualidad","webmasterTools":{"google-site-verification":"UA-38556648-1","miscellaneous":""},"schema":{"@context":"https:\/\/schema.org","@graph":[{"@type":"Article","@id":"https:\/\/eldigitaldeasturias.com\/magazine365\/al-menos-diez-personas-han-muerto-este-martes-en-el-centro-turistico-de-estambul\/#article","name":"Al menos diez personas han muerto este martes en el centro tur\u00edstico de Estambul | El Digital de Asturias","headline":"Al menos diez personas han muerto este martes en el centro tur\u00edstico de Estambul","author":{"@id":"https:\/\/eldigitaldeasturias.com\/magazine365\/author\/admin\/#author"},"publisher":{"@id":"https:\/\/eldigitaldeasturias.com\/magazine365\/#organization"},"image":{"@type":"ImageObject","url":"https:\/\/eldigitaldeasturias.com\/magazine365\/wp-content\/uploads\/2016\/01\/fotonoticia_20160112174425_800.jpg","width":800,"height":533},"datePublished":"2016-01-13T14:48:29+01:00","dateModified":"2016-01-13T14:48:29+01:00","inLanguage":"es-ES","mainEntityOfPage":{"@id":"https:\/\/eldigitaldeasturias.com\/magazine365\/al-menos-diez-personas-han-muerto-este-martes-en-el-centro-turistico-de-estambul\/#webpage"},"isPartOf":{"@id":"https:\/\/eldigitaldeasturias.com\/magazine365\/al-menos-diez-personas-han-muerto-este-martes-en-el-centro-turistico-de-estambul\/#webpage"},"articleSection":"Noticias y Actualidad"},{"@type":"BreadcrumbList","@id":"https:\/\/eldigitaldeasturias.com\/magazine365\/al-menos-diez-personas-han-muerto-este-martes-en-el-centro-turistico-de-estambul\/#breadcrumblist","itemListElement":[{"@type":"ListItem","@id":"https:\/\/eldigitaldeasturias.com\/magazine365#listItem","position":1,"name":"Home","item":"https:\/\/eldigitaldeasturias.com\/magazine365","nextItem":{"@type":"ListItem","@id":"https:\/\/eldigitaldeasturias.com\/magazine365\/category\/noticias-actualidad\/#listItem","name":"Noticias y Actualidad"}},{"@type":"ListItem","@id":"https:\/\/eldigitaldeasturias.com\/magazine365\/category\/noticias-actualidad\/#listItem","position":2,"name":"Noticias y Actualidad","item":"https:\/\/eldigitaldeasturias.com\/magazine365\/category\/noticias-actualidad\/","nextItem":{"@type":"ListItem","@id":"https:\/\/eldigitaldeasturias.com\/magazine365\/al-menos-diez-personas-han-muerto-este-martes-en-el-centro-turistico-de-estambul\/#listItem","name":"Al menos diez personas han muerto este martes en el centro tur\u00edstico de Estambul"},"previousItem":{"@type":"ListItem","@id":"https:\/\/eldigitaldeasturias.com\/magazine365#listItem","name":"Home"}},{"@type":"ListItem","@id":"https:\/\/eldigitaldeasturias.com\/magazine365\/al-menos-diez-personas-han-muerto-este-martes-en-el-centro-turistico-de-estambul\/#listItem","position":3,"name":"Al menos diez personas han muerto este martes en el centro tur\u00edstico de Estambul","previousItem":{"@type":"ListItem","@id":"https:\/\/eldigitaldeasturias.com\/magazine365\/category\/noticias-actualidad\/#listItem","name":"Noticias y Actualidad"}}]},{"@type":"Organization","@id":"https:\/\/eldigitaldeasturias.com\/magazine365\/#organization","name":"El digital de Asturias","description":"Revista de ocio, turismo y estilo de vida","url":"https:\/\/eldigitaldeasturias.com\/magazine365\/","logo":{"@type":"ImageObject","url":"https:\/\/www.eldigitaldeasturias.com\/noticias\/wp-content\/uploads\/2020\/12\/EDA.jpg","@id":"https:\/\/eldigitaldeasturias.com\/magazine365\/al-menos-diez-personas-han-muerto-este-martes-en-el-centro-turistico-de-estambul\/#organizationLogo"},"image":{"@id":"https:\/\/eldigitaldeasturias.com\/magazine365\/al-menos-diez-personas-han-muerto-este-martes-en-el-centro-turistico-de-estambul\/#organizationLogo"}},{"@type":"Person","@id":"https:\/\/eldigitaldeasturias.com\/magazine365\/author\/admin\/#author","url":"https:\/\/eldigitaldeasturias.com\/magazine365\/author\/admin\/","name":"admin","image":{"@type":"ImageObject","@id":"https:\/\/eldigitaldeasturias.com\/magazine365\/al-menos-diez-personas-han-muerto-este-martes-en-el-centro-turistico-de-estambul\/#authorImage","url":"https:\/\/eldigitaldeasturias.com\/magazine365\/wp-content\/litespeed\/avatar\/e571bcf59a0edd6fa6838245a470f2fe.jpg?ver=1777574230","width":96,"height":96,"caption":"admin"}},{"@type":"WebPage","@id":"https:\/\/eldigitaldeasturias.com\/magazine365\/al-menos-diez-personas-han-muerto-este-martes-en-el-centro-turistico-de-estambul\/#webpage","url":"https:\/\/eldigitaldeasturias.com\/magazine365\/al-menos-diez-personas-han-muerto-este-martes-en-el-centro-turistico-de-estambul\/","name":"Al menos diez personas han muerto este martes en el centro tur\u00edstico de Estambul | El Digital de Asturias","description":"Al menos diez personas han muerto este martes en el centro tur\u00edstico de Estambul despu\u00e9s de que un supuesto miembro del grupo terrorista Estado Isl\u00e1mico detonase un artefacto explosivo en la plaza Sultanahmet, seg\u00fan el Gobierno, que ha identificado a todos los fallecidos como extranjeros. La explosi\u00f3n ha tenido lugar a las 10.20 (hora local)","inLanguage":"es-ES","isPartOf":{"@id":"https:\/\/eldigitaldeasturias.com\/magazine365\/#website"},"breadcrumb":{"@id":"https:\/\/eldigitaldeasturias.com\/magazine365\/al-menos-diez-personas-han-muerto-este-martes-en-el-centro-turistico-de-estambul\/#breadcrumblist"},"author":{"@id":"https:\/\/eldigitaldeasturias.com\/magazine365\/author\/admin\/#author"},"creator":{"@id":"https:\/\/eldigitaldeasturias.com\/magazine365\/author\/admin\/#author"},"image":{"@type":"ImageObject","url":"https:\/\/eldigitaldeasturias.com\/magazine365\/wp-content\/uploads\/2016\/01\/fotonoticia_20160112174425_800.jpg","@id":"https:\/\/eldigitaldeasturias.com\/magazine365\/al-menos-diez-personas-han-muerto-este-martes-en-el-centro-turistico-de-estambul\/#mainImage","width":800,"height":533},"primaryImageOfPage":{"@id":"https:\/\/eldigitaldeasturias.com\/magazine365\/al-menos-diez-personas-han-muerto-este-martes-en-el-centro-turistico-de-estambul\/#mainImage"},"datePublished":"2016-01-13T14:48:29+01:00","dateModified":"2016-01-13T14:48:29+01:00"},{"@type":"WebSite","@id":"https:\/\/eldigitaldeasturias.com\/magazine365\/#website","url":"https:\/\/eldigitaldeasturias.com\/magazine365\/","name":"El Digital de Asturias","description":"Revista de ocio, turismo y estilo de vida","inLanguage":"es-ES","publisher":{"@id":"https:\/\/eldigitaldeasturias.com\/magazine365\/#organization"}}]},"og:locale":"es_ES","og:site_name":"El Digital de Asturias \u2013 Revista de ocio, turismo y estilo de vida","og:type":"article","og:title":"Al menos diez personas han muerto este martes en el centro tur\u00edstico de Estambul | El Digital de Asturias","og:description":"Al menos diez personas han muerto este martes en el centro tur\u00edstico de Estambul despu\u00e9s de que un supuesto miembro del grupo terrorista Estado Isl\u00e1mico detonase un artefacto explosivo en la plaza Sultanahmet, seg\u00fan el Gobierno, que ha identificado a todos los fallecidos como extranjeros. La explosi\u00f3n ha tenido lugar a las 10.20 (hora local)","og:url":"https:\/\/eldigitaldeasturias.com\/magazine365\/al-menos-diez-personas-han-muerto-este-martes-en-el-centro-turistico-de-estambul\/","og:image":"https:\/\/eldigitaldeasturias.com\/magazine365\/wp-content\/uploads\/2016\/01\/fotonoticia_20160112174425_800.jpg","og:image:secure_url":"https:\/\/eldigitaldeasturias.com\/magazine365\/wp-content\/uploads\/2016\/01\/fotonoticia_20160112174425_800.jpg","og:image:width":800,"og:image:height":533,"article:published_time":"2016-01-13T13:48:29+00:00","article:modified_time":"2016-01-13T13:48:29+00:00","twitter:card":"summary_large_image","twitter:title":"Al menos diez personas han muerto este martes en el centro tur\u00edstico de Estambul | El Digital de Asturias","twitter:description":"Al menos diez personas han muerto este martes en el centro tur\u00edstico de Estambul despu\u00e9s de que un supuesto miembro del grupo terrorista Estado Isl\u00e1mico detonase un artefacto explosivo en la plaza Sultanahmet, seg\u00fan el Gobierno, que ha identificado a todos los fallecidos como extranjeros. La explosi\u00f3n ha tenido lugar a las 10.20 (hora local)","twitter:image":"https:\/\/eldigitaldeasturias.com\/magazine365\/wp-content\/uploads\/2016\/01\/fotonoticia_20160112174425_800.jpg"},"aioseo_meta_data":{"post_id":"60403","title":null,"description":null,"keywords":null,"keyphrases":null,"primary_term":null,"canonical_url":null,"og_title":null,"og_description":null,"og_object_type":"default","og_image_type":"default","og_image_url":null,"og_image_width":null,"og_image_height":null,"og_image_custom_url":null,"og_image_custom_fields":null,"og_video":null,"og_custom_url":null,"og_article_section":null,"og_article_tags":null,"twitter_use_og":false,"twitter_card":"default","twitter_image_type":"default","twitter_image_url":null,"twitter_image_custom_url":null,"twitter_image_custom_fields":null,"twitter_title":null,"twitter_description":null,"schema":{"blockGraphs":[],"customGraphs":[],"default":{"data":{"Article":[],"Course":[],"Dataset":[],"FAQPage":[],"Movie":[],"Person":[],"Product":[],"ProductReview":[],"Car":[],"Recipe":[],"Service":[],"SoftwareApplication":[],"WebPage":[]},"graphName":"","isEnabled":true},"graphs":[],"defaultGraph":"","defaultPostTypeGraph":""},"schema_type":null,"schema_type_options":null,"pillar_content":false,"robots_default":true,"robots_noindex":false,"robots_noarchive":false,"robots_nosnippet":false,"robots_nofollow":false,"robots_noimageindex":false,"robots_noodp":false,"robots_notranslate":false,"robots_max_snippet":null,"robots_max_videopreview":null,"robots_max_imagepreview":"large","priority":null,"frequency":null,"location":null,"local_seo":null,"seo_analyzer_scan_date":"2025-09-25 06:51:05","breadcrumb_settings":null,"limit_modified_date":false,"open_ai":null,"ai":null,"created":"2021-03-08 22:00:44","updated":"2025-09-25 06:51:05"},"aioseo_breadcrumb":"<div class=\"aioseo-breadcrumbs\"><span class=\"aioseo-breadcrumb\">\n\t<a href=\"https:\/\/eldigitaldeasturias.com\/magazine365\" title=\"Home\">Home<\/a>\n<\/span><span class=\"aioseo-breadcrumb-separator\">\u2013<\/span><span class=\"aioseo-breadcrumb\">\n\t<a href=\"https:\/\/eldigitaldeasturias.com\/magazine365\/category\/noticias-actualidad\/\" title=\"Noticias y Actualidad\">Noticias y Actualidad<\/a>\n<\/span><span class=\"aioseo-breadcrumb-separator\">\u2013<\/span><span class=\"aioseo-breadcrumb\">\n\t<a href=\"https:\/\/eldigitaldeasturias.com\/magazine365\/al-menos-diez-personas-han-muerto-este-martes-en-el-centro-turistico-de-estambul\/\" title=\"Al menos diez personas han muerto este martes en el centro tur\u00edstico de Estambul\">Al menos diez personas han muerto este martes en el centro tur\u00edstico de Estambul<\/a>\n<\/span><\/div>","aioseo_breadcrumb_json":[{"label":"Home","link":"https:\/\/eldigitaldeasturias.com\/magazine365"},{"label":"Noticias y Actualidad","link":"https:\/\/eldigitaldeasturias.com\/magazine365\/category\/noticias-actualidad\/"},{"label":"Al menos diez personas han muerto este martes en el centro tur\u00edstico de Estambul","link":"https:\/\/eldigitaldeasturias.com\/magazine365\/al-menos-diez-personas-han-muerto-este-martes-en-el-centro-turistico-de-estambul\/"}],"_links":{"self":[{"href":"https:\/\/eldigitaldeasturias.com\/magazine365\/wp-json\/wp\/v2\/posts\/60403","targetHints":{"allow":["GET"]}}],"collection":[{"href":"https:\/\/eldigitaldeasturias.com\/magazine365\/wp-json\/wp\/v2\/posts"}],"about":[{"href":"https:\/\/eldigitaldeasturias.com\/magazine365\/wp-json\/wp\/v2\/types\/post"}],"author":[{"embeddable":true,"href":"https:\/\/eldigitaldeasturias.com\/magazine365\/wp-json\/wp\/v2\/users\/1"}],"replies":[{"embeddable":true,"href":"https:\/\/eldigitaldeasturias.com\/magazine365\/wp-json\/wp\/v2\/comments?post=60403"}],"version-history":[{"count":0,"href":"https:\/\/eldigitaldeasturias.com\/magazine365\/wp-json\/wp\/v2\/posts\/60403\/revisions"}],"wp:featuredmedia":[{"embeddable":true,"href":"https:\/\/eldigitaldeasturias.com\/magazine365\/wp-json\/wp\/v2\/media\/60404"}],"wp:attachment":[{"href":"https:\/\/eldigitaldeasturias.com\/magazine365\/wp-json\/wp\/v2\/media?parent=60403"}],"wp:term":[{"taxonomy":"category","embeddable":true,"href":"https:\/\/eldigitaldeasturias.com\/magazine365\/wp-json\/wp\/v2\/categories?post=60403"},{"taxonomy":"post_tag","embeddable":true,"href":"https:\/\/eldigitaldeasturias.com\/magazine365\/wp-json\/wp\/v2\/tags?post=60403"}],"curies":[{"name":"wp","href":"https:\/\/api.w.org\/{rel}","templated":true}]}}