{"id":60400,"date":"2016-01-13T14:47:12","date_gmt":"2016-01-13T13:47:12","guid":{"rendered":"http:\/\/eldigitaldeasturias.com\/magazine365\/?p=60400"},"modified":"2016-01-13T14:47:12","modified_gmt":"2016-01-13T13:47:12","slug":"el-psoe-de-menorca-satisfecho-con-la-aprobacion-del-decreto-de-ley-de-medidas-urgentes-en-turismo","status":"publish","type":"post","link":"https:\/\/eldigitaldeasturias.com\/magazine365\/el-psoe-de-menorca-satisfecho-con-la-aprobacion-del-decreto-de-ley-de-medidas-urgentes-en-turismo\/","title":{"rendered":"El PSOE de Menorca satisfecho con la aprobaci\u00f3n del Decreto de Ley de Medidas Urgentes en turismo"},"content":{"rendered":"<p><img fetchpriority=\"high\" decoding=\"async\" class=\"alignleft size-medium wp-image-60401\" src=\"https:\/\/eldigitaldeasturias.com\/magazine365\/wp-content\/uploads\/2016\/01\/fotonoticia_20160112173609_800-360x189.jpg\" alt=\"fotonoticia_20160112173609_800\" width=\"360\" height=\"189\" srcset=\"https:\/\/eldigitaldeasturias.com\/magazine365\/wp-content\/uploads\/2016\/01\/fotonoticia_20160112173609_800-360x189.jpg 360w, https:\/\/eldigitaldeasturias.com\/magazine365\/wp-content\/uploads\/2016\/01\/fotonoticia_20160112173609_800-650x341.jpg 650w, https:\/\/eldigitaldeasturias.com\/magazine365\/wp-content\/uploads\/2016\/01\/fotonoticia_20160112173609_800-768x403.jpg 768w, https:\/\/eldigitaldeasturias.com\/magazine365\/wp-content\/uploads\/2016\/01\/fotonoticia_20160112173609_800-150x79.jpg 150w, https:\/\/eldigitaldeasturias.com\/magazine365\/wp-content\/uploads\/2016\/01\/fotonoticia_20160112173609_800-450x236.jpg 450w, https:\/\/eldigitaldeasturias.com\/magazine365\/wp-content\/uploads\/2016\/01\/fotonoticia_20160112173609_800-696x365.jpg 696w, https:\/\/eldigitaldeasturias.com\/magazine365\/wp-content\/uploads\/2016\/01\/fotonoticia_20160112173609_800.jpg 800w\" sizes=\"(max-width: 360px) 100vw, 360px\" \/>El secretario general del PSOE de Menorca, Vicen\u00e7 Tur, ha mostrado este martes su satisfacci\u00f3n por la aprobaci\u00f3n, por parte del Govern, del Decreto de Ley de Medidas Urgentes en materia urban\u00edstica que, seg\u00fan ha dicho, \u00abpone orden a las competencias territoriales\u00bb.<\/p>\n<p>\u00abCada isla recupera la autonom\u00eda para regular la ordenaci\u00f3n y el urbanismo territorial en cada uno de sus municipios y se eliminan todos aquellos preceptos de liberalizaci\u00f3n dr\u00e1stica del suelo r\u00fastico que facilitaba la depredaci\u00f3n territorial\u00bb, ha indicado el socialista.<\/p>\n<p>Tur ha valorado de forma positiva que el Decreto de Ley \u00abdevuelva con seguridad jur\u00eddica las competencias al Consell Insular y a los ayuntamientos\u00bb.<\/p>\n<p>El secretario general socialista ha querido dejar claro que con esta medida no se anula la Norma Territorial Transitoria vigente a d\u00eda de hoy, pero abre la posibilidad a que esta pueda ser modificada o derogada total o parcialmente.<\/p>\n<p>\u00abNo se anula la norma territorial, pero se eliminan todas estas leyes que invad\u00edan de forma sistem\u00e1tica las competencias territoriales de Menorca\u00bb, ha concluido el representante socialista.<\/p>\n","protected":false},"excerpt":{"rendered":"<p>El secretario general del PSOE de Menorca, Vicen\u00e7 Tur, ha mostrado este martes su satisfacci\u00f3n por la aprobaci\u00f3n, por parte del Govern, del Decreto de Ley de Medidas Urgentes en materia urban\u00edstica que, seg\u00fan ha dicho, \u00abpone orden a las competencias territoriales\u00bb. \u00abCada isla recupera la autonom\u00eda para regular la ordenaci\u00f3n y el urbanismo territorial<\/p>\n","protected":false},"author":1,"featured_media":60401,"comment_status":"open","ping_status":"closed","sticky":false,"template":"","format":"standard","meta":{"footnotes":""},"categories":[224],"tags":[],"class_list":{"0":"post-60400","1":"post","2":"type-post","3":"status-publish","4":"format-standard","5":"has-post-thumbnail","7":"category-noticias-actualidad"},"aioseo_notices":[],"aioseo_head":"\n\t\t<!-- All in One SEO Pro 4.9.6.1 - aioseo.com -->\n\t<meta name=\"description\" content=\"El secretario general del PSOE de Menorca, Vicen\u00e7 Tur, ha mostrado este martes su satisfacci\u00f3n por la aprobaci\u00f3n, por parte del Govern, del Decreto de Ley de Medidas Urgentes en materia urban\u00edstica que, seg\u00fan ha dicho, &quot;pone orden a las competencias territoriales&quot;. &quot;Cada isla recupera la autonom\u00eda para regular la ordenaci\u00f3n y el urbanismo territorial\" \/>\n\t<meta name=\"robots\" content=\"max-image-preview:large\" \/>\n\t<meta name=\"author\" content=\"admin\"\/>\n\t<meta name=\"google-site-verification\" content=\"UA-38556648-1\" \/>\n\t<meta name=\"keywords\" content=\"noticias y actualidad\" \/>\n\t<link rel=\"canonical\" href=\"https:\/\/eldigitaldeasturias.com\/magazine365\/el-psoe-de-menorca-satisfecho-con-la-aprobacion-del-decreto-de-ley-de-medidas-urgentes-en-turismo\/\" \/>\n\t<meta name=\"generator\" content=\"All in One SEO Pro (AIOSEO) 4.9.6.1\" \/>\n\t\t<meta property=\"og:locale\" content=\"es_ES\" \/>\n\t\t<meta property=\"og:site_name\" content=\"El Digital de Asturias \u2013 Revista de ocio, turismo y estilo de vida\" \/>\n\t\t<meta property=\"og:type\" content=\"article\" \/>\n\t\t<meta property=\"og:title\" content=\"El PSOE de Menorca satisfecho con la aprobaci\u00f3n del Decreto de Ley de Medidas Urgentes en turismo | El Digital de Asturias\" \/>\n\t\t<meta property=\"og:description\" content=\"El secretario general del PSOE de Menorca, Vicen\u00e7 Tur, ha mostrado este martes su satisfacci\u00f3n por la aprobaci\u00f3n, por parte del Govern, del Decreto de Ley de Medidas Urgentes en materia urban\u00edstica que, seg\u00fan ha dicho, &quot;pone orden a las competencias territoriales&quot;. &quot;Cada isla recupera la autonom\u00eda para regular la ordenaci\u00f3n y el urbanismo territorial\" \/>\n\t\t<meta property=\"og:url\" content=\"https:\/\/eldigitaldeasturias.com\/magazine365\/el-psoe-de-menorca-satisfecho-con-la-aprobacion-del-decreto-de-ley-de-medidas-urgentes-en-turismo\/\" \/>\n\t\t<meta property=\"og:image\" content=\"https:\/\/eldigitaldeasturias.com\/magazine365\/wp-content\/uploads\/2016\/01\/fotonoticia_20160112173609_800.jpg\" \/>\n\t\t<meta property=\"og:image:secure_url\" content=\"https:\/\/eldigitaldeasturias.com\/magazine365\/wp-content\/uploads\/2016\/01\/fotonoticia_20160112173609_800.jpg\" \/>\n\t\t<meta property=\"og:image:width\" content=\"800\" \/>\n\t\t<meta property=\"og:image:height\" content=\"420\" \/>\n\t\t<meta property=\"article:published_time\" content=\"2016-01-13T13:47:12+00:00\" \/>\n\t\t<meta property=\"article:modified_time\" content=\"2016-01-13T13:47:12+00:00\" \/>\n\t\t<meta name=\"twitter:card\" content=\"summary_large_image\" \/>\n\t\t<meta name=\"twitter:title\" content=\"El PSOE de Menorca satisfecho con la aprobaci\u00f3n del Decreto de Ley de Medidas Urgentes en turismo | El Digital de Asturias\" \/>\n\t\t<meta name=\"twitter:description\" content=\"El secretario general del PSOE de Menorca, Vicen\u00e7 Tur, ha mostrado este martes su satisfacci\u00f3n por la aprobaci\u00f3n, por parte del Govern, del Decreto de Ley de Medidas Urgentes en materia urban\u00edstica que, seg\u00fan ha dicho, &quot;pone orden a las competencias territoriales&quot;. &quot;Cada isla recupera la autonom\u00eda para regular la ordenaci\u00f3n y el urbanismo territorial\" \/>\n\t\t<meta name=\"twitter:image\" content=\"https:\/\/eldigitaldeasturias.com\/magazine365\/wp-content\/uploads\/2016\/01\/fotonoticia_20160112173609_800.jpg\" \/>\n\t\t<script type=\"application\/ld+json\" class=\"aioseo-schema\">\n\t\t\t{\"@context\":\"https:\\\/\\\/schema.org\",\"@graph\":[{\"@type\":\"Article\",\"@id\":\"https:\\\/\\\/eldigitaldeasturias.com\\\/magazine365\\\/el-psoe-de-menorca-satisfecho-con-la-aprobacion-del-decreto-de-ley-de-medidas-urgentes-en-turismo\\\/#article\",\"name\":\"El PSOE de Menorca satisfecho con la aprobaci\\u00f3n del Decreto de Ley de Medidas Urgentes en turismo | El Digital de Asturias\",\"headline\":\"El PSOE de Menorca satisfecho con la aprobaci\\u00f3n del Decreto de Ley de Medidas Urgentes en turismo\",\"author\":{\"@id\":\"https:\\\/\\\/eldigitaldeasturias.com\\\/magazine365\\\/author\\\/admin\\\/#author\"},\"publisher\":{\"@id\":\"https:\\\/\\\/eldigitaldeasturias.com\\\/magazine365\\\/#organization\"},\"image\":{\"@type\":\"ImageObject\",\"url\":\"https:\\\/\\\/eldigitaldeasturias.com\\\/magazine365\\\/wp-content\\\/uploads\\\/2016\\\/01\\\/fotonoticia_20160112173609_800.jpg\",\"width\":800,\"height\":420},\"datePublished\":\"2016-01-13T14:47:12+01:00\",\"dateModified\":\"2016-01-13T14:47:12+01:00\",\"inLanguage\":\"es-ES\",\"mainEntityOfPage\":{\"@id\":\"https:\\\/\\\/eldigitaldeasturias.com\\\/magazine365\\\/el-psoe-de-menorca-satisfecho-con-la-aprobacion-del-decreto-de-ley-de-medidas-urgentes-en-turismo\\\/#webpage\"},\"isPartOf\":{\"@id\":\"https:\\\/\\\/eldigitaldeasturias.com\\\/magazine365\\\/el-psoe-de-menorca-satisfecho-con-la-aprobacion-del-decreto-de-ley-de-medidas-urgentes-en-turismo\\\/#webpage\"},\"articleSection\":\"Noticias y Actualidad\"},{\"@type\":\"BreadcrumbList\",\"@id\":\"https:\\\/\\\/eldigitaldeasturias.com\\\/magazine365\\\/el-psoe-de-menorca-satisfecho-con-la-aprobacion-del-decreto-de-ley-de-medidas-urgentes-en-turismo\\\/#breadcrumblist\",\"itemListElement\":[{\"@type\":\"ListItem\",\"@id\":\"https:\\\/\\\/eldigitaldeasturias.com\\\/magazine365#listItem\",\"position\":1,\"name\":\"Home\",\"item\":\"https:\\\/\\\/eldigitaldeasturias.com\\\/magazine365\",\"nextItem\":{\"@type\":\"ListItem\",\"@id\":\"https:\\\/\\\/eldigitaldeasturias.com\\\/magazine365\\\/category\\\/noticias-actualidad\\\/#listItem\",\"name\":\"Noticias y Actualidad\"}},{\"@type\":\"ListItem\",\"@id\":\"https:\\\/\\\/eldigitaldeasturias.com\\\/magazine365\\\/category\\\/noticias-actualidad\\\/#listItem\",\"position\":2,\"name\":\"Noticias y Actualidad\",\"item\":\"https:\\\/\\\/eldigitaldeasturias.com\\\/magazine365\\\/category\\\/noticias-actualidad\\\/\",\"nextItem\":{\"@type\":\"ListItem\",\"@id\":\"https:\\\/\\\/eldigitaldeasturias.com\\\/magazine365\\\/el-psoe-de-menorca-satisfecho-con-la-aprobacion-del-decreto-de-ley-de-medidas-urgentes-en-turismo\\\/#listItem\",\"name\":\"El PSOE de Menorca satisfecho con la aprobaci\\u00f3n del Decreto de Ley de Medidas Urgentes en turismo\"},\"previousItem\":{\"@type\":\"ListItem\",\"@id\":\"https:\\\/\\\/eldigitaldeasturias.com\\\/magazine365#listItem\",\"name\":\"Home\"}},{\"@type\":\"ListItem\",\"@id\":\"https:\\\/\\\/eldigitaldeasturias.com\\\/magazine365\\\/el-psoe-de-menorca-satisfecho-con-la-aprobacion-del-decreto-de-ley-de-medidas-urgentes-en-turismo\\\/#listItem\",\"position\":3,\"name\":\"El PSOE de Menorca satisfecho con la aprobaci\\u00f3n del Decreto de Ley de Medidas Urgentes en turismo\",\"previousItem\":{\"@type\":\"ListItem\",\"@id\":\"https:\\\/\\\/eldigitaldeasturias.com\\\/magazine365\\\/category\\\/noticias-actualidad\\\/#listItem\",\"name\":\"Noticias y Actualidad\"}}]},{\"@type\":\"Organization\",\"@id\":\"https:\\\/\\\/eldigitaldeasturias.com\\\/magazine365\\\/#organization\",\"name\":\"El digital de Asturias\",\"description\":\"Revista de ocio, turismo y estilo de vida\",\"url\":\"https:\\\/\\\/eldigitaldeasturias.com\\\/magazine365\\\/\",\"logo\":{\"@type\":\"ImageObject\",\"url\":\"https:\\\/\\\/www.eldigitaldeasturias.com\\\/noticias\\\/wp-content\\\/uploads\\\/2020\\\/12\\\/EDA.jpg\",\"@id\":\"https:\\\/\\\/eldigitaldeasturias.com\\\/magazine365\\\/el-psoe-de-menorca-satisfecho-con-la-aprobacion-del-decreto-de-ley-de-medidas-urgentes-en-turismo\\\/#organizationLogo\"},\"image\":{\"@id\":\"https:\\\/\\\/eldigitaldeasturias.com\\\/magazine365\\\/el-psoe-de-menorca-satisfecho-con-la-aprobacion-del-decreto-de-ley-de-medidas-urgentes-en-turismo\\\/#organizationLogo\"}},{\"@type\":\"Person\",\"@id\":\"https:\\\/\\\/eldigitaldeasturias.com\\\/magazine365\\\/author\\\/admin\\\/#author\",\"url\":\"https:\\\/\\\/eldigitaldeasturias.com\\\/magazine365\\\/author\\\/admin\\\/\",\"name\":\"admin\",\"image\":{\"@type\":\"ImageObject\",\"@id\":\"https:\\\/\\\/eldigitaldeasturias.com\\\/magazine365\\\/el-psoe-de-menorca-satisfecho-con-la-aprobacion-del-decreto-de-ley-de-medidas-urgentes-en-turismo\\\/#authorImage\",\"url\":\"https:\\\/\\\/eldigitaldeasturias.com\\\/magazine365\\\/wp-content\\\/litespeed\\\/avatar\\\/e571bcf59a0edd6fa6838245a470f2fe.jpg?ver=1777574230\",\"width\":96,\"height\":96,\"caption\":\"admin\"}},{\"@type\":\"WebPage\",\"@id\":\"https:\\\/\\\/eldigitaldeasturias.com\\\/magazine365\\\/el-psoe-de-menorca-satisfecho-con-la-aprobacion-del-decreto-de-ley-de-medidas-urgentes-en-turismo\\\/#webpage\",\"url\":\"https:\\\/\\\/eldigitaldeasturias.com\\\/magazine365\\\/el-psoe-de-menorca-satisfecho-con-la-aprobacion-del-decreto-de-ley-de-medidas-urgentes-en-turismo\\\/\",\"name\":\"El PSOE de Menorca satisfecho con la aprobaci\\u00f3n del Decreto de Ley de Medidas Urgentes en turismo | El Digital de Asturias\",\"description\":\"El secretario general del PSOE de Menorca, Vicen\\u00e7 Tur, ha mostrado este martes su satisfacci\\u00f3n por la aprobaci\\u00f3n, por parte del Govern, del Decreto de Ley de Medidas Urgentes en materia urban\\u00edstica que, seg\\u00fan ha dicho, \\\"pone orden a las competencias territoriales\\\". \\\"Cada isla recupera la autonom\\u00eda para regular la ordenaci\\u00f3n y el urbanismo territorial\",\"inLanguage\":\"es-ES\",\"isPartOf\":{\"@id\":\"https:\\\/\\\/eldigitaldeasturias.com\\\/magazine365\\\/#website\"},\"breadcrumb\":{\"@id\":\"https:\\\/\\\/eldigitaldeasturias.com\\\/magazine365\\\/el-psoe-de-menorca-satisfecho-con-la-aprobacion-del-decreto-de-ley-de-medidas-urgentes-en-turismo\\\/#breadcrumblist\"},\"author\":{\"@id\":\"https:\\\/\\\/eldigitaldeasturias.com\\\/magazine365\\\/author\\\/admin\\\/#author\"},\"creator\":{\"@id\":\"https:\\\/\\\/eldigitaldeasturias.com\\\/magazine365\\\/author\\\/admin\\\/#author\"},\"image\":{\"@type\":\"ImageObject\",\"url\":\"https:\\\/\\\/eldigitaldeasturias.com\\\/magazine365\\\/wp-content\\\/uploads\\\/2016\\\/01\\\/fotonoticia_20160112173609_800.jpg\",\"@id\":\"https:\\\/\\\/eldigitaldeasturias.com\\\/magazine365\\\/el-psoe-de-menorca-satisfecho-con-la-aprobacion-del-decreto-de-ley-de-medidas-urgentes-en-turismo\\\/#mainImage\",\"width\":800,\"height\":420},\"primaryImageOfPage\":{\"@id\":\"https:\\\/\\\/eldigitaldeasturias.com\\\/magazine365\\\/el-psoe-de-menorca-satisfecho-con-la-aprobacion-del-decreto-de-ley-de-medidas-urgentes-en-turismo\\\/#mainImage\"},\"datePublished\":\"2016-01-13T14:47:12+01:00\",\"dateModified\":\"2016-01-13T14:47:12+01:00\"},{\"@type\":\"WebSite\",\"@id\":\"https:\\\/\\\/eldigitaldeasturias.com\\\/magazine365\\\/#website\",\"url\":\"https:\\\/\\\/eldigitaldeasturias.com\\\/magazine365\\\/\",\"name\":\"El Digital de Asturias\",\"description\":\"Revista de ocio, turismo y estilo de vida\",\"inLanguage\":\"es-ES\",\"publisher\":{\"@id\":\"https:\\\/\\\/eldigitaldeasturias.com\\\/magazine365\\\/#organization\"}}]}\n\t\t<\/script>\n\t\t<!-- All in One SEO Pro -->\r\n\t\t<title>El PSOE de Menorca satisfecho con la aprobaci\u00f3n del Decreto de Ley de Medidas Urgentes en turismo | El Digital de Asturias<\/title>\n\n","aioseo_head_json":{"title":"El PSOE de Menorca satisfecho con la aprobaci\u00f3n del Decreto de Ley de Medidas Urgentes en turismo | El Digital de Asturias","description":"El secretario general del PSOE de Menorca, Vicen\u00e7 Tur, ha mostrado este martes su satisfacci\u00f3n por la aprobaci\u00f3n, por parte del Govern, del Decreto de Ley de Medidas Urgentes en materia urban\u00edstica que, seg\u00fan ha dicho, \"pone orden a las competencias territoriales\". \"Cada isla recupera la autonom\u00eda para regular la ordenaci\u00f3n y el urbanismo territorial","canonical_url":"https:\/\/eldigitaldeasturias.com\/magazine365\/el-psoe-de-menorca-satisfecho-con-la-aprobacion-del-decreto-de-ley-de-medidas-urgentes-en-turismo\/","robots":"max-image-preview:large","keywords":"noticias y actualidad","webmasterTools":{"google-site-verification":"UA-38556648-1","miscellaneous":""},"schema":{"@context":"https:\/\/schema.org","@graph":[{"@type":"Article","@id":"https:\/\/eldigitaldeasturias.com\/magazine365\/el-psoe-de-menorca-satisfecho-con-la-aprobacion-del-decreto-de-ley-de-medidas-urgentes-en-turismo\/#article","name":"El PSOE de Menorca satisfecho con la aprobaci\u00f3n del Decreto de Ley de Medidas Urgentes en turismo | El Digital de Asturias","headline":"El PSOE de Menorca satisfecho con la aprobaci\u00f3n del Decreto de Ley de Medidas Urgentes en turismo","author":{"@id":"https:\/\/eldigitaldeasturias.com\/magazine365\/author\/admin\/#author"},"publisher":{"@id":"https:\/\/eldigitaldeasturias.com\/magazine365\/#organization"},"image":{"@type":"ImageObject","url":"https:\/\/eldigitaldeasturias.com\/magazine365\/wp-content\/uploads\/2016\/01\/fotonoticia_20160112173609_800.jpg","width":800,"height":420},"datePublished":"2016-01-13T14:47:12+01:00","dateModified":"2016-01-13T14:47:12+01:00","inLanguage":"es-ES","mainEntityOfPage":{"@id":"https:\/\/eldigitaldeasturias.com\/magazine365\/el-psoe-de-menorca-satisfecho-con-la-aprobacion-del-decreto-de-ley-de-medidas-urgentes-en-turismo\/#webpage"},"isPartOf":{"@id":"https:\/\/eldigitaldeasturias.com\/magazine365\/el-psoe-de-menorca-satisfecho-con-la-aprobacion-del-decreto-de-ley-de-medidas-urgentes-en-turismo\/#webpage"},"articleSection":"Noticias y Actualidad"},{"@type":"BreadcrumbList","@id":"https:\/\/eldigitaldeasturias.com\/magazine365\/el-psoe-de-menorca-satisfecho-con-la-aprobacion-del-decreto-de-ley-de-medidas-urgentes-en-turismo\/#breadcrumblist","itemListElement":[{"@type":"ListItem","@id":"https:\/\/eldigitaldeasturias.com\/magazine365#listItem","position":1,"name":"Home","item":"https:\/\/eldigitaldeasturias.com\/magazine365","nextItem":{"@type":"ListItem","@id":"https:\/\/eldigitaldeasturias.com\/magazine365\/category\/noticias-actualidad\/#listItem","name":"Noticias y Actualidad"}},{"@type":"ListItem","@id":"https:\/\/eldigitaldeasturias.com\/magazine365\/category\/noticias-actualidad\/#listItem","position":2,"name":"Noticias y Actualidad","item":"https:\/\/eldigitaldeasturias.com\/magazine365\/category\/noticias-actualidad\/","nextItem":{"@type":"ListItem","@id":"https:\/\/eldigitaldeasturias.com\/magazine365\/el-psoe-de-menorca-satisfecho-con-la-aprobacion-del-decreto-de-ley-de-medidas-urgentes-en-turismo\/#listItem","name":"El PSOE de Menorca satisfecho con la aprobaci\u00f3n del Decreto de Ley de Medidas Urgentes en turismo"},"previousItem":{"@type":"ListItem","@id":"https:\/\/eldigitaldeasturias.com\/magazine365#listItem","name":"Home"}},{"@type":"ListItem","@id":"https:\/\/eldigitaldeasturias.com\/magazine365\/el-psoe-de-menorca-satisfecho-con-la-aprobacion-del-decreto-de-ley-de-medidas-urgentes-en-turismo\/#listItem","position":3,"name":"El PSOE de Menorca satisfecho con la aprobaci\u00f3n del Decreto de Ley de Medidas Urgentes en turismo","previousItem":{"@type":"ListItem","@id":"https:\/\/eldigitaldeasturias.com\/magazine365\/category\/noticias-actualidad\/#listItem","name":"Noticias y Actualidad"}}]},{"@type":"Organization","@id":"https:\/\/eldigitaldeasturias.com\/magazine365\/#organization","name":"El digital de Asturias","description":"Revista de ocio, turismo y estilo de vida","url":"https:\/\/eldigitaldeasturias.com\/magazine365\/","logo":{"@type":"ImageObject","url":"https:\/\/www.eldigitaldeasturias.com\/noticias\/wp-content\/uploads\/2020\/12\/EDA.jpg","@id":"https:\/\/eldigitaldeasturias.com\/magazine365\/el-psoe-de-menorca-satisfecho-con-la-aprobacion-del-decreto-de-ley-de-medidas-urgentes-en-turismo\/#organizationLogo"},"image":{"@id":"https:\/\/eldigitaldeasturias.com\/magazine365\/el-psoe-de-menorca-satisfecho-con-la-aprobacion-del-decreto-de-ley-de-medidas-urgentes-en-turismo\/#organizationLogo"}},{"@type":"Person","@id":"https:\/\/eldigitaldeasturias.com\/magazine365\/author\/admin\/#author","url":"https:\/\/eldigitaldeasturias.com\/magazine365\/author\/admin\/","name":"admin","image":{"@type":"ImageObject","@id":"https:\/\/eldigitaldeasturias.com\/magazine365\/el-psoe-de-menorca-satisfecho-con-la-aprobacion-del-decreto-de-ley-de-medidas-urgentes-en-turismo\/#authorImage","url":"https:\/\/eldigitaldeasturias.com\/magazine365\/wp-content\/litespeed\/avatar\/e571bcf59a0edd6fa6838245a470f2fe.jpg?ver=1777574230","width":96,"height":96,"caption":"admin"}},{"@type":"WebPage","@id":"https:\/\/eldigitaldeasturias.com\/magazine365\/el-psoe-de-menorca-satisfecho-con-la-aprobacion-del-decreto-de-ley-de-medidas-urgentes-en-turismo\/#webpage","url":"https:\/\/eldigitaldeasturias.com\/magazine365\/el-psoe-de-menorca-satisfecho-con-la-aprobacion-del-decreto-de-ley-de-medidas-urgentes-en-turismo\/","name":"El PSOE de Menorca satisfecho con la aprobaci\u00f3n del Decreto de Ley de Medidas Urgentes en turismo | El Digital de Asturias","description":"El secretario general del PSOE de Menorca, Vicen\u00e7 Tur, ha mostrado este martes su satisfacci\u00f3n por la aprobaci\u00f3n, por parte del Govern, del Decreto de Ley de Medidas Urgentes en materia urban\u00edstica que, seg\u00fan ha dicho, \"pone orden a las competencias territoriales\". \"Cada isla recupera la autonom\u00eda para regular la ordenaci\u00f3n y el urbanismo territorial","inLanguage":"es-ES","isPartOf":{"@id":"https:\/\/eldigitaldeasturias.com\/magazine365\/#website"},"breadcrumb":{"@id":"https:\/\/eldigitaldeasturias.com\/magazine365\/el-psoe-de-menorca-satisfecho-con-la-aprobacion-del-decreto-de-ley-de-medidas-urgentes-en-turismo\/#breadcrumblist"},"author":{"@id":"https:\/\/eldigitaldeasturias.com\/magazine365\/author\/admin\/#author"},"creator":{"@id":"https:\/\/eldigitaldeasturias.com\/magazine365\/author\/admin\/#author"},"image":{"@type":"ImageObject","url":"https:\/\/eldigitaldeasturias.com\/magazine365\/wp-content\/uploads\/2016\/01\/fotonoticia_20160112173609_800.jpg","@id":"https:\/\/eldigitaldeasturias.com\/magazine365\/el-psoe-de-menorca-satisfecho-con-la-aprobacion-del-decreto-de-ley-de-medidas-urgentes-en-turismo\/#mainImage","width":800,"height":420},"primaryImageOfPage":{"@id":"https:\/\/eldigitaldeasturias.com\/magazine365\/el-psoe-de-menorca-satisfecho-con-la-aprobacion-del-decreto-de-ley-de-medidas-urgentes-en-turismo\/#mainImage"},"datePublished":"2016-01-13T14:47:12+01:00","dateModified":"2016-01-13T14:47:12+01:00"},{"@type":"WebSite","@id":"https:\/\/eldigitaldeasturias.com\/magazine365\/#website","url":"https:\/\/eldigitaldeasturias.com\/magazine365\/","name":"El Digital de Asturias","description":"Revista de ocio, turismo y estilo de vida","inLanguage":"es-ES","publisher":{"@id":"https:\/\/eldigitaldeasturias.com\/magazine365\/#organization"}}]},"og:locale":"es_ES","og:site_name":"El Digital de Asturias \u2013 Revista de ocio, turismo y estilo de vida","og:type":"article","og:title":"El PSOE de Menorca satisfecho con la aprobaci\u00f3n del Decreto de Ley de Medidas Urgentes en turismo | El Digital de Asturias","og:description":"El secretario general del PSOE de Menorca, Vicen\u00e7 Tur, ha mostrado este martes su satisfacci\u00f3n por la aprobaci\u00f3n, por parte del Govern, del Decreto de Ley de Medidas Urgentes en materia urban\u00edstica que, seg\u00fan ha dicho, &quot;pone orden a las competencias territoriales&quot;. &quot;Cada isla recupera la autonom\u00eda para regular la ordenaci\u00f3n y el urbanismo territorial","og:url":"https:\/\/eldigitaldeasturias.com\/magazine365\/el-psoe-de-menorca-satisfecho-con-la-aprobacion-del-decreto-de-ley-de-medidas-urgentes-en-turismo\/","og:image":"https:\/\/eldigitaldeasturias.com\/magazine365\/wp-content\/uploads\/2016\/01\/fotonoticia_20160112173609_800.jpg","og:image:secure_url":"https:\/\/eldigitaldeasturias.com\/magazine365\/wp-content\/uploads\/2016\/01\/fotonoticia_20160112173609_800.jpg","og:image:width":800,"og:image:height":420,"article:published_time":"2016-01-13T13:47:12+00:00","article:modified_time":"2016-01-13T13:47:12+00:00","twitter:card":"summary_large_image","twitter:title":"El PSOE de Menorca satisfecho con la aprobaci\u00f3n del Decreto de Ley de Medidas Urgentes en turismo | El Digital de Asturias","twitter:description":"El secretario general del PSOE de Menorca, Vicen\u00e7 Tur, ha mostrado este martes su satisfacci\u00f3n por la aprobaci\u00f3n, por parte del Govern, del Decreto de Ley de Medidas Urgentes en materia urban\u00edstica que, seg\u00fan ha dicho, &quot;pone orden a las competencias territoriales&quot;. &quot;Cada isla recupera la autonom\u00eda para regular la ordenaci\u00f3n y el urbanismo territorial","twitter:image":"https:\/\/eldigitaldeasturias.com\/magazine365\/wp-content\/uploads\/2016\/01\/fotonoticia_20160112173609_800.jpg"},"aioseo_meta_data":{"post_id":"60400","title":null,"description":null,"keywords":null,"keyphrases":null,"primary_term":null,"canonical_url":null,"og_title":null,"og_description":null,"og_object_type":"default","og_image_type":"default","og_image_url":null,"og_image_width":null,"og_image_height":null,"og_image_custom_url":null,"og_image_custom_fields":null,"og_video":null,"og_custom_url":null,"og_article_section":null,"og_article_tags":null,"twitter_use_og":false,"twitter_card":"default","twitter_image_type":"default","twitter_image_url":null,"twitter_image_custom_url":null,"twitter_image_custom_fields":null,"twitter_title":null,"twitter_description":null,"schema":{"blockGraphs":[],"customGraphs":[],"default":{"data":{"Article":[],"Course":[],"Dataset":[],"FAQPage":[],"Movie":[],"Person":[],"Product":[],"ProductReview":[],"Car":[],"Recipe":[],"Service":[],"SoftwareApplication":[],"WebPage":[]},"graphName":"","isEnabled":true},"graphs":[],"defaultGraph":"","defaultPostTypeGraph":""},"schema_type":null,"schema_type_options":null,"pillar_content":false,"robots_default":true,"robots_noindex":false,"robots_noarchive":false,"robots_nosnippet":false,"robots_nofollow":false,"robots_noimageindex":false,"robots_noodp":false,"robots_notranslate":false,"robots_max_snippet":null,"robots_max_videopreview":null,"robots_max_imagepreview":"large","priority":null,"frequency":null,"location":null,"local_seo":null,"seo_analyzer_scan_date":"2025-09-25 06:49:42","breadcrumb_settings":null,"limit_modified_date":false,"open_ai":null,"ai":null,"created":"2021-03-08 22:00:44","updated":"2025-09-25 06:49:42"},"aioseo_breadcrumb":"<div class=\"aioseo-breadcrumbs\"><span class=\"aioseo-breadcrumb\">\n\t<a href=\"https:\/\/eldigitaldeasturias.com\/magazine365\" title=\"Home\">Home<\/a>\n<\/span><span class=\"aioseo-breadcrumb-separator\">\u2013<\/span><span class=\"aioseo-breadcrumb\">\n\t<a href=\"https:\/\/eldigitaldeasturias.com\/magazine365\/category\/noticias-actualidad\/\" title=\"Noticias y Actualidad\">Noticias y Actualidad<\/a>\n<\/span><span class=\"aioseo-breadcrumb-separator\">\u2013<\/span><span class=\"aioseo-breadcrumb\">\n\t<a href=\"https:\/\/eldigitaldeasturias.com\/magazine365\/el-psoe-de-menorca-satisfecho-con-la-aprobacion-del-decreto-de-ley-de-medidas-urgentes-en-turismo\/\" title=\"El PSOE de Menorca satisfecho con la aprobaci\u00f3n del Decreto de Ley de Medidas Urgentes en turismo\">El PSOE de Menorca satisfecho con la aprobaci\u00f3n del Decreto de Ley de Medidas Urgentes en turismo<\/a>\n<\/span><\/div>","aioseo_breadcrumb_json":[{"label":"Home","link":"https:\/\/eldigitaldeasturias.com\/magazine365"},{"label":"Noticias y Actualidad","link":"https:\/\/eldigitaldeasturias.com\/magazine365\/category\/noticias-actualidad\/"},{"label":"El PSOE de Menorca satisfecho con la aprobaci\u00f3n del Decreto de Ley de Medidas Urgentes en turismo","link":"https:\/\/eldigitaldeasturias.com\/magazine365\/el-psoe-de-menorca-satisfecho-con-la-aprobacion-del-decreto-de-ley-de-medidas-urgentes-en-turismo\/"}],"_links":{"self":[{"href":"https:\/\/eldigitaldeasturias.com\/magazine365\/wp-json\/wp\/v2\/posts\/60400","targetHints":{"allow":["GET"]}}],"collection":[{"href":"https:\/\/eldigitaldeasturias.com\/magazine365\/wp-json\/wp\/v2\/posts"}],"about":[{"href":"https:\/\/eldigitaldeasturias.com\/magazine365\/wp-json\/wp\/v2\/types\/post"}],"author":[{"embeddable":true,"href":"https:\/\/eldigitaldeasturias.com\/magazine365\/wp-json\/wp\/v2\/users\/1"}],"replies":[{"embeddable":true,"href":"https:\/\/eldigitaldeasturias.com\/magazine365\/wp-json\/wp\/v2\/comments?post=60400"}],"version-history":[{"count":0,"href":"https:\/\/eldigitaldeasturias.com\/magazine365\/wp-json\/wp\/v2\/posts\/60400\/revisions"}],"wp:featuredmedia":[{"embeddable":true,"href":"https:\/\/eldigitaldeasturias.com\/magazine365\/wp-json\/wp\/v2\/media\/60401"}],"wp:attachment":[{"href":"https:\/\/eldigitaldeasturias.com\/magazine365\/wp-json\/wp\/v2\/media?parent=60400"}],"wp:term":[{"taxonomy":"category","embeddable":true,"href":"https:\/\/eldigitaldeasturias.com\/magazine365\/wp-json\/wp\/v2\/categories?post=60400"},{"taxonomy":"post_tag","embeddable":true,"href":"https:\/\/eldigitaldeasturias.com\/magazine365\/wp-json\/wp\/v2\/tags?post=60400"}],"curies":[{"name":"wp","href":"https:\/\/api.w.org\/{rel}","templated":true}]}}