{"id":60394,"date":"2016-01-13T14:45:07","date_gmt":"2016-01-13T13:45:07","guid":{"rendered":"http:\/\/eldigitaldeasturias.com\/magazine365\/?p=60394"},"modified":"2016-01-13T14:45:07","modified_gmt":"2016-01-13T13:45:07","slug":"el-turismo-de-tenerife-cierra-2015-con-una-subida-del-92-en-contrataciones","status":"publish","type":"post","link":"https:\/\/eldigitaldeasturias.com\/magazine365\/el-turismo-de-tenerife-cierra-2015-con-una-subida-del-92-en-contrataciones\/","title":{"rendered":"El turismo de Tenerife cierra 2015 con una subida del 9,2% en contrataciones"},"content":{"rendered":"<p><img fetchpriority=\"high\" decoding=\"async\" class=\"alignleft size-medium wp-image-60395\" src=\"https:\/\/eldigitaldeasturias.com\/magazine365\/wp-content\/uploads\/2016\/01\/fotonoticia_20160112173105_800-360x225.jpg\" alt=\"fotonoticia_20160112173105_800\" width=\"360\" height=\"225\" srcset=\"https:\/\/eldigitaldeasturias.com\/magazine365\/wp-content\/uploads\/2016\/01\/fotonoticia_20160112173105_800-360x225.jpg 360w, https:\/\/eldigitaldeasturias.com\/magazine365\/wp-content\/uploads\/2016\/01\/fotonoticia_20160112173105_800-650x406.jpg 650w, https:\/\/eldigitaldeasturias.com\/magazine365\/wp-content\/uploads\/2016\/01\/fotonoticia_20160112173105_800-768x480.jpg 768w, https:\/\/eldigitaldeasturias.com\/magazine365\/wp-content\/uploads\/2016\/01\/fotonoticia_20160112173105_800-150x94.jpg 150w, https:\/\/eldigitaldeasturias.com\/magazine365\/wp-content\/uploads\/2016\/01\/fotonoticia_20160112173105_800-450x281.jpg 450w, https:\/\/eldigitaldeasturias.com\/magazine365\/wp-content\/uploads\/2016\/01\/fotonoticia_20160112173105_800-696x435.jpg 696w, https:\/\/eldigitaldeasturias.com\/magazine365\/wp-content\/uploads\/2016\/01\/fotonoticia_20160112173105_800-672x420.jpg 672w, https:\/\/eldigitaldeasturias.com\/magazine365\/wp-content\/uploads\/2016\/01\/fotonoticia_20160112173105_800-279x173.jpg 279w, https:\/\/eldigitaldeasturias.com\/magazine365\/wp-content\/uploads\/2016\/01\/fotonoticia_20160112173105_800-160x100.jpg 160w, https:\/\/eldigitaldeasturias.com\/magazine365\/wp-content\/uploads\/2016\/01\/fotonoticia_20160112173105_800-480x300.jpg 480w, https:\/\/eldigitaldeasturias.com\/magazine365\/wp-content\/uploads\/2016\/01\/fotonoticia_20160112173105_800.jpg 800w\" sizes=\"(max-width: 360px) 100vw, 360px\" \/>El sector tur\u00edstico de Tenerife ha cerrado 2015 con un incremento de los contratos de un 9,2% hasta 125.489, 10.566 m\u00e1s que en 2014, y una reducci\u00f3n de las cifras del paro del 4,7%.<\/p>\n<p>As\u00ed lo anuncia el presidente del Cabildo, Carlos Alonso, quien valora especialmente que esta evoluci\u00f3n positiva del empleo en el sector tenga una tendencia creciente y haya sido capaz de \u00abtirar\u00bb de otros sectores menos din\u00e1micos de la econom\u00eda insular.<\/p>\n<p>Los meses de julio y octubre fueron especialmente din\u00e1micos en cuanto a la firma de contratos \u00abdebido fundamentalmente a los refuerzos que se producen al inicio de las temporadas de verano e invierno, respectivamente\u00bb, explica el presidente del Cabildo en una nota. No obstante, durante todos los meses de 2015, excepto mayo, se ha producido un incremento de las contrataciones en el sector tur\u00edstico.<\/p>\n<p>El consejero insular de Turismo, Alberto Bernab\u00e9, puntualiza que el turismo aporta en Tenerife el 41% de los contratos formalizados en el conjunto del mercado laboral insular y el 47,1% de los generados en el sector servicios, \u00ablo que pone de manifiesto la importancia de esta actividad econ\u00f3mica en el conjunto de la econom\u00eda de la isla\u00bb.<\/p>\n<p>No obstante, el 90% de estas contrataciones son de car\u00e1cter temporal frente al 10% de indefinidas \u00abpor lo que hay que seguir trabajando para lograr una mayor estabilidad de estos empleos\u00bb, manifiesta Bernab\u00e9.<\/p>\n<p>Dentro de las actividades caracter\u00edsticas del turismo, la hosteler\u00eda registra en 2015 un incremento de las contrataciones del 12%, con 10.357 contratos m\u00e1s que en el a\u00f1o 2014.<\/p>\n<p>En el caso de los servicios de alojamiento, el aumento se sit\u00faa en el 10% (4.574 contratos m\u00e1s) mientras que en la actividad de comidas y bebidas se acumula un crecimiento del 14,3% en el a\u00f1o (5.783 contratos m\u00e1s).<\/p>\n<p>El presidente Carlos Alonso destaca que el dinamismo laboral del sector tur\u00edstico tinerfe\u00f1o no solo se pone de relieve en el incremento de sus contrataciones sino tambi\u00e9n en la disminuci\u00f3n del paro, \u00abque viene reduci\u00e9ndose desde finales de 2013\u00bb.<\/p>\n<p>Los resultados del a\u00f1o reflejan un descenso del desempleo del 4,7% en diciembre, lo que se traduce en 1.057 parados menos que al finalizar 2014 para un total de 21.299 personas desempleados inscritos en las oficinas del Servicio Canario de Empleo.<\/p>\n","protected":false},"excerpt":{"rendered":"<p>El sector tur\u00edstico de Tenerife ha cerrado 2015 con un incremento de los contratos de un 9,2% hasta 125.489, 10.566 m\u00e1s que en 2014, y una reducci\u00f3n de las cifras del paro del 4,7%. As\u00ed lo anuncia el presidente del Cabildo, Carlos Alonso, quien valora especialmente que esta evoluci\u00f3n positiva del empleo en el sector<\/p>\n","protected":false},"author":1,"featured_media":60395,"comment_status":"open","ping_status":"closed","sticky":false,"template":"","format":"standard","meta":{"footnotes":""},"categories":[224],"tags":[],"class_list":{"0":"post-60394","1":"post","2":"type-post","3":"status-publish","4":"format-standard","5":"has-post-thumbnail","7":"category-noticias-actualidad"},"aioseo_notices":[],"aioseo_head":"\n\t\t<!-- All in One SEO Pro 4.9.6.1 - aioseo.com -->\n\t<meta name=\"description\" content=\"El sector tur\u00edstico de Tenerife ha cerrado 2015 con un incremento de los contratos de un 9,2% hasta 125.489, 10.566 m\u00e1s que en 2014, y una reducci\u00f3n de las cifras del paro del 4,7%. As\u00ed lo anuncia el presidente del Cabildo, Carlos Alonso, quien valora especialmente que esta evoluci\u00f3n positiva del empleo en el sector\" \/>\n\t<meta name=\"robots\" content=\"max-image-preview:large\" \/>\n\t<meta name=\"author\" content=\"admin\"\/>\n\t<meta name=\"google-site-verification\" content=\"UA-38556648-1\" \/>\n\t<meta name=\"keywords\" content=\"noticias y actualidad\" \/>\n\t<link rel=\"canonical\" href=\"https:\/\/eldigitaldeasturias.com\/magazine365\/el-turismo-de-tenerife-cierra-2015-con-una-subida-del-92-en-contrataciones\/\" \/>\n\t<meta name=\"generator\" content=\"All in One SEO Pro (AIOSEO) 4.9.6.1\" \/>\n\t\t<meta property=\"og:locale\" content=\"es_ES\" \/>\n\t\t<meta property=\"og:site_name\" content=\"El Digital de Asturias \u2013 Revista de ocio, turismo y estilo de vida\" \/>\n\t\t<meta property=\"og:type\" content=\"article\" \/>\n\t\t<meta property=\"og:title\" content=\"El turismo de Tenerife cierra 2015 con una subida del 9,2% en contrataciones | El Digital de Asturias\" \/>\n\t\t<meta property=\"og:description\" content=\"El sector tur\u00edstico de Tenerife ha cerrado 2015 con un incremento de los contratos de un 9,2% hasta 125.489, 10.566 m\u00e1s que en 2014, y una reducci\u00f3n de las cifras del paro del 4,7%. As\u00ed lo anuncia el presidente del Cabildo, Carlos Alonso, quien valora especialmente que esta evoluci\u00f3n positiva del empleo en el sector\" \/>\n\t\t<meta property=\"og:url\" content=\"https:\/\/eldigitaldeasturias.com\/magazine365\/el-turismo-de-tenerife-cierra-2015-con-una-subida-del-92-en-contrataciones\/\" \/>\n\t\t<meta property=\"og:image\" content=\"https:\/\/eldigitaldeasturias.com\/magazine365\/wp-content\/uploads\/2016\/01\/fotonoticia_20160112173105_800.jpg\" \/>\n\t\t<meta property=\"og:image:secure_url\" content=\"https:\/\/eldigitaldeasturias.com\/magazine365\/wp-content\/uploads\/2016\/01\/fotonoticia_20160112173105_800.jpg\" \/>\n\t\t<meta property=\"og:image:width\" content=\"800\" \/>\n\t\t<meta property=\"og:image:height\" content=\"500\" \/>\n\t\t<meta property=\"article:published_time\" content=\"2016-01-13T13:45:07+00:00\" \/>\n\t\t<meta property=\"article:modified_time\" content=\"2016-01-13T13:45:07+00:00\" \/>\n\t\t<meta name=\"twitter:card\" content=\"summary_large_image\" \/>\n\t\t<meta name=\"twitter:title\" content=\"El turismo de Tenerife cierra 2015 con una subida del 9,2% en contrataciones | El Digital de Asturias\" \/>\n\t\t<meta name=\"twitter:description\" content=\"El sector tur\u00edstico de Tenerife ha cerrado 2015 con un incremento de los contratos de un 9,2% hasta 125.489, 10.566 m\u00e1s que en 2014, y una reducci\u00f3n de las cifras del paro del 4,7%. As\u00ed lo anuncia el presidente del Cabildo, Carlos Alonso, quien valora especialmente que esta evoluci\u00f3n positiva del empleo en el sector\" \/>\n\t\t<meta name=\"twitter:image\" content=\"https:\/\/eldigitaldeasturias.com\/magazine365\/wp-content\/uploads\/2016\/01\/fotonoticia_20160112173105_800.jpg\" \/>\n\t\t<script type=\"application\/ld+json\" class=\"aioseo-schema\">\n\t\t\t{\"@context\":\"https:\\\/\\\/schema.org\",\"@graph\":[{\"@type\":\"Article\",\"@id\":\"https:\\\/\\\/eldigitaldeasturias.com\\\/magazine365\\\/el-turismo-de-tenerife-cierra-2015-con-una-subida-del-92-en-contrataciones\\\/#article\",\"name\":\"El turismo de Tenerife cierra 2015 con una subida del 9,2% en contrataciones | El Digital de Asturias\",\"headline\":\"El turismo de Tenerife cierra 2015 con una subida del 9,2% en contrataciones\",\"author\":{\"@id\":\"https:\\\/\\\/eldigitaldeasturias.com\\\/magazine365\\\/author\\\/admin\\\/#author\"},\"publisher\":{\"@id\":\"https:\\\/\\\/eldigitaldeasturias.com\\\/magazine365\\\/#organization\"},\"image\":{\"@type\":\"ImageObject\",\"url\":\"https:\\\/\\\/eldigitaldeasturias.com\\\/magazine365\\\/wp-content\\\/uploads\\\/2016\\\/01\\\/fotonoticia_20160112173105_800.jpg\",\"width\":800,\"height\":500},\"datePublished\":\"2016-01-13T14:45:07+01:00\",\"dateModified\":\"2016-01-13T14:45:07+01:00\",\"inLanguage\":\"es-ES\",\"mainEntityOfPage\":{\"@id\":\"https:\\\/\\\/eldigitaldeasturias.com\\\/magazine365\\\/el-turismo-de-tenerife-cierra-2015-con-una-subida-del-92-en-contrataciones\\\/#webpage\"},\"isPartOf\":{\"@id\":\"https:\\\/\\\/eldigitaldeasturias.com\\\/magazine365\\\/el-turismo-de-tenerife-cierra-2015-con-una-subida-del-92-en-contrataciones\\\/#webpage\"},\"articleSection\":\"Noticias y Actualidad\"},{\"@type\":\"BreadcrumbList\",\"@id\":\"https:\\\/\\\/eldigitaldeasturias.com\\\/magazine365\\\/el-turismo-de-tenerife-cierra-2015-con-una-subida-del-92-en-contrataciones\\\/#breadcrumblist\",\"itemListElement\":[{\"@type\":\"ListItem\",\"@id\":\"https:\\\/\\\/eldigitaldeasturias.com\\\/magazine365#listItem\",\"position\":1,\"name\":\"Home\",\"item\":\"https:\\\/\\\/eldigitaldeasturias.com\\\/magazine365\",\"nextItem\":{\"@type\":\"ListItem\",\"@id\":\"https:\\\/\\\/eldigitaldeasturias.com\\\/magazine365\\\/category\\\/noticias-actualidad\\\/#listItem\",\"name\":\"Noticias y Actualidad\"}},{\"@type\":\"ListItem\",\"@id\":\"https:\\\/\\\/eldigitaldeasturias.com\\\/magazine365\\\/category\\\/noticias-actualidad\\\/#listItem\",\"position\":2,\"name\":\"Noticias y Actualidad\",\"item\":\"https:\\\/\\\/eldigitaldeasturias.com\\\/magazine365\\\/category\\\/noticias-actualidad\\\/\",\"nextItem\":{\"@type\":\"ListItem\",\"@id\":\"https:\\\/\\\/eldigitaldeasturias.com\\\/magazine365\\\/el-turismo-de-tenerife-cierra-2015-con-una-subida-del-92-en-contrataciones\\\/#listItem\",\"name\":\"El turismo de Tenerife cierra 2015 con una subida del 9,2% en contrataciones\"},\"previousItem\":{\"@type\":\"ListItem\",\"@id\":\"https:\\\/\\\/eldigitaldeasturias.com\\\/magazine365#listItem\",\"name\":\"Home\"}},{\"@type\":\"ListItem\",\"@id\":\"https:\\\/\\\/eldigitaldeasturias.com\\\/magazine365\\\/el-turismo-de-tenerife-cierra-2015-con-una-subida-del-92-en-contrataciones\\\/#listItem\",\"position\":3,\"name\":\"El turismo de Tenerife cierra 2015 con una subida del 9,2% en contrataciones\",\"previousItem\":{\"@type\":\"ListItem\",\"@id\":\"https:\\\/\\\/eldigitaldeasturias.com\\\/magazine365\\\/category\\\/noticias-actualidad\\\/#listItem\",\"name\":\"Noticias y Actualidad\"}}]},{\"@type\":\"Organization\",\"@id\":\"https:\\\/\\\/eldigitaldeasturias.com\\\/magazine365\\\/#organization\",\"name\":\"El digital de Asturias\",\"description\":\"Revista de ocio, turismo y estilo de vida\",\"url\":\"https:\\\/\\\/eldigitaldeasturias.com\\\/magazine365\\\/\",\"logo\":{\"@type\":\"ImageObject\",\"url\":\"https:\\\/\\\/www.eldigitaldeasturias.com\\\/noticias\\\/wp-content\\\/uploads\\\/2020\\\/12\\\/EDA.jpg\",\"@id\":\"https:\\\/\\\/eldigitaldeasturias.com\\\/magazine365\\\/el-turismo-de-tenerife-cierra-2015-con-una-subida-del-92-en-contrataciones\\\/#organizationLogo\"},\"image\":{\"@id\":\"https:\\\/\\\/eldigitaldeasturias.com\\\/magazine365\\\/el-turismo-de-tenerife-cierra-2015-con-una-subida-del-92-en-contrataciones\\\/#organizationLogo\"}},{\"@type\":\"Person\",\"@id\":\"https:\\\/\\\/eldigitaldeasturias.com\\\/magazine365\\\/author\\\/admin\\\/#author\",\"url\":\"https:\\\/\\\/eldigitaldeasturias.com\\\/magazine365\\\/author\\\/admin\\\/\",\"name\":\"admin\",\"image\":{\"@type\":\"ImageObject\",\"@id\":\"https:\\\/\\\/eldigitaldeasturias.com\\\/magazine365\\\/el-turismo-de-tenerife-cierra-2015-con-una-subida-del-92-en-contrataciones\\\/#authorImage\",\"url\":\"https:\\\/\\\/eldigitaldeasturias.com\\\/magazine365\\\/wp-content\\\/litespeed\\\/avatar\\\/e571bcf59a0edd6fa6838245a470f2fe.jpg?ver=1777574230\",\"width\":96,\"height\":96,\"caption\":\"admin\"}},{\"@type\":\"WebPage\",\"@id\":\"https:\\\/\\\/eldigitaldeasturias.com\\\/magazine365\\\/el-turismo-de-tenerife-cierra-2015-con-una-subida-del-92-en-contrataciones\\\/#webpage\",\"url\":\"https:\\\/\\\/eldigitaldeasturias.com\\\/magazine365\\\/el-turismo-de-tenerife-cierra-2015-con-una-subida-del-92-en-contrataciones\\\/\",\"name\":\"El turismo de Tenerife cierra 2015 con una subida del 9,2% en contrataciones | El Digital de Asturias\",\"description\":\"El sector tur\\u00edstico de Tenerife ha cerrado 2015 con un incremento de los contratos de un 9,2% hasta 125.489, 10.566 m\\u00e1s que en 2014, y una reducci\\u00f3n de las cifras del paro del 4,7%. As\\u00ed lo anuncia el presidente del Cabildo, Carlos Alonso, quien valora especialmente que esta evoluci\\u00f3n positiva del empleo en el sector\",\"inLanguage\":\"es-ES\",\"isPartOf\":{\"@id\":\"https:\\\/\\\/eldigitaldeasturias.com\\\/magazine365\\\/#website\"},\"breadcrumb\":{\"@id\":\"https:\\\/\\\/eldigitaldeasturias.com\\\/magazine365\\\/el-turismo-de-tenerife-cierra-2015-con-una-subida-del-92-en-contrataciones\\\/#breadcrumblist\"},\"author\":{\"@id\":\"https:\\\/\\\/eldigitaldeasturias.com\\\/magazine365\\\/author\\\/admin\\\/#author\"},\"creator\":{\"@id\":\"https:\\\/\\\/eldigitaldeasturias.com\\\/magazine365\\\/author\\\/admin\\\/#author\"},\"image\":{\"@type\":\"ImageObject\",\"url\":\"https:\\\/\\\/eldigitaldeasturias.com\\\/magazine365\\\/wp-content\\\/uploads\\\/2016\\\/01\\\/fotonoticia_20160112173105_800.jpg\",\"@id\":\"https:\\\/\\\/eldigitaldeasturias.com\\\/magazine365\\\/el-turismo-de-tenerife-cierra-2015-con-una-subida-del-92-en-contrataciones\\\/#mainImage\",\"width\":800,\"height\":500},\"primaryImageOfPage\":{\"@id\":\"https:\\\/\\\/eldigitaldeasturias.com\\\/magazine365\\\/el-turismo-de-tenerife-cierra-2015-con-una-subida-del-92-en-contrataciones\\\/#mainImage\"},\"datePublished\":\"2016-01-13T14:45:07+01:00\",\"dateModified\":\"2016-01-13T14:45:07+01:00\"},{\"@type\":\"WebSite\",\"@id\":\"https:\\\/\\\/eldigitaldeasturias.com\\\/magazine365\\\/#website\",\"url\":\"https:\\\/\\\/eldigitaldeasturias.com\\\/magazine365\\\/\",\"name\":\"El Digital de Asturias\",\"description\":\"Revista de ocio, turismo y estilo de vida\",\"inLanguage\":\"es-ES\",\"publisher\":{\"@id\":\"https:\\\/\\\/eldigitaldeasturias.com\\\/magazine365\\\/#organization\"}}]}\n\t\t<\/script>\n\t\t<!-- All in One SEO Pro -->\r\n\t\t<title>El turismo de Tenerife cierra 2015 con una subida del 9,2% en contrataciones | El Digital de Asturias<\/title>\n\n","aioseo_head_json":{"title":"El turismo de Tenerife cierra 2015 con una subida del 9,2% en contrataciones | El Digital de Asturias","description":"El sector tur\u00edstico de Tenerife ha cerrado 2015 con un incremento de los contratos de un 9,2% hasta 125.489, 10.566 m\u00e1s que en 2014, y una reducci\u00f3n de las cifras del paro del 4,7%. As\u00ed lo anuncia el presidente del Cabildo, Carlos Alonso, quien valora especialmente que esta evoluci\u00f3n positiva del empleo en el sector","canonical_url":"https:\/\/eldigitaldeasturias.com\/magazine365\/el-turismo-de-tenerife-cierra-2015-con-una-subida-del-92-en-contrataciones\/","robots":"max-image-preview:large","keywords":"noticias y actualidad","webmasterTools":{"google-site-verification":"UA-38556648-1","miscellaneous":""},"schema":{"@context":"https:\/\/schema.org","@graph":[{"@type":"Article","@id":"https:\/\/eldigitaldeasturias.com\/magazine365\/el-turismo-de-tenerife-cierra-2015-con-una-subida-del-92-en-contrataciones\/#article","name":"El turismo de Tenerife cierra 2015 con una subida del 9,2% en contrataciones | El Digital de Asturias","headline":"El turismo de Tenerife cierra 2015 con una subida del 9,2% en contrataciones","author":{"@id":"https:\/\/eldigitaldeasturias.com\/magazine365\/author\/admin\/#author"},"publisher":{"@id":"https:\/\/eldigitaldeasturias.com\/magazine365\/#organization"},"image":{"@type":"ImageObject","url":"https:\/\/eldigitaldeasturias.com\/magazine365\/wp-content\/uploads\/2016\/01\/fotonoticia_20160112173105_800.jpg","width":800,"height":500},"datePublished":"2016-01-13T14:45:07+01:00","dateModified":"2016-01-13T14:45:07+01:00","inLanguage":"es-ES","mainEntityOfPage":{"@id":"https:\/\/eldigitaldeasturias.com\/magazine365\/el-turismo-de-tenerife-cierra-2015-con-una-subida-del-92-en-contrataciones\/#webpage"},"isPartOf":{"@id":"https:\/\/eldigitaldeasturias.com\/magazine365\/el-turismo-de-tenerife-cierra-2015-con-una-subida-del-92-en-contrataciones\/#webpage"},"articleSection":"Noticias y Actualidad"},{"@type":"BreadcrumbList","@id":"https:\/\/eldigitaldeasturias.com\/magazine365\/el-turismo-de-tenerife-cierra-2015-con-una-subida-del-92-en-contrataciones\/#breadcrumblist","itemListElement":[{"@type":"ListItem","@id":"https:\/\/eldigitaldeasturias.com\/magazine365#listItem","position":1,"name":"Home","item":"https:\/\/eldigitaldeasturias.com\/magazine365","nextItem":{"@type":"ListItem","@id":"https:\/\/eldigitaldeasturias.com\/magazine365\/category\/noticias-actualidad\/#listItem","name":"Noticias y Actualidad"}},{"@type":"ListItem","@id":"https:\/\/eldigitaldeasturias.com\/magazine365\/category\/noticias-actualidad\/#listItem","position":2,"name":"Noticias y Actualidad","item":"https:\/\/eldigitaldeasturias.com\/magazine365\/category\/noticias-actualidad\/","nextItem":{"@type":"ListItem","@id":"https:\/\/eldigitaldeasturias.com\/magazine365\/el-turismo-de-tenerife-cierra-2015-con-una-subida-del-92-en-contrataciones\/#listItem","name":"El turismo de Tenerife cierra 2015 con una subida del 9,2% en contrataciones"},"previousItem":{"@type":"ListItem","@id":"https:\/\/eldigitaldeasturias.com\/magazine365#listItem","name":"Home"}},{"@type":"ListItem","@id":"https:\/\/eldigitaldeasturias.com\/magazine365\/el-turismo-de-tenerife-cierra-2015-con-una-subida-del-92-en-contrataciones\/#listItem","position":3,"name":"El turismo de Tenerife cierra 2015 con una subida del 9,2% en contrataciones","previousItem":{"@type":"ListItem","@id":"https:\/\/eldigitaldeasturias.com\/magazine365\/category\/noticias-actualidad\/#listItem","name":"Noticias y Actualidad"}}]},{"@type":"Organization","@id":"https:\/\/eldigitaldeasturias.com\/magazine365\/#organization","name":"El digital de Asturias","description":"Revista de ocio, turismo y estilo de vida","url":"https:\/\/eldigitaldeasturias.com\/magazine365\/","logo":{"@type":"ImageObject","url":"https:\/\/www.eldigitaldeasturias.com\/noticias\/wp-content\/uploads\/2020\/12\/EDA.jpg","@id":"https:\/\/eldigitaldeasturias.com\/magazine365\/el-turismo-de-tenerife-cierra-2015-con-una-subida-del-92-en-contrataciones\/#organizationLogo"},"image":{"@id":"https:\/\/eldigitaldeasturias.com\/magazine365\/el-turismo-de-tenerife-cierra-2015-con-una-subida-del-92-en-contrataciones\/#organizationLogo"}},{"@type":"Person","@id":"https:\/\/eldigitaldeasturias.com\/magazine365\/author\/admin\/#author","url":"https:\/\/eldigitaldeasturias.com\/magazine365\/author\/admin\/","name":"admin","image":{"@type":"ImageObject","@id":"https:\/\/eldigitaldeasturias.com\/magazine365\/el-turismo-de-tenerife-cierra-2015-con-una-subida-del-92-en-contrataciones\/#authorImage","url":"https:\/\/eldigitaldeasturias.com\/magazine365\/wp-content\/litespeed\/avatar\/e571bcf59a0edd6fa6838245a470f2fe.jpg?ver=1777574230","width":96,"height":96,"caption":"admin"}},{"@type":"WebPage","@id":"https:\/\/eldigitaldeasturias.com\/magazine365\/el-turismo-de-tenerife-cierra-2015-con-una-subida-del-92-en-contrataciones\/#webpage","url":"https:\/\/eldigitaldeasturias.com\/magazine365\/el-turismo-de-tenerife-cierra-2015-con-una-subida-del-92-en-contrataciones\/","name":"El turismo de Tenerife cierra 2015 con una subida del 9,2% en contrataciones | El Digital de Asturias","description":"El sector tur\u00edstico de Tenerife ha cerrado 2015 con un incremento de los contratos de un 9,2% hasta 125.489, 10.566 m\u00e1s que en 2014, y una reducci\u00f3n de las cifras del paro del 4,7%. As\u00ed lo anuncia el presidente del Cabildo, Carlos Alonso, quien valora especialmente que esta evoluci\u00f3n positiva del empleo en el sector","inLanguage":"es-ES","isPartOf":{"@id":"https:\/\/eldigitaldeasturias.com\/magazine365\/#website"},"breadcrumb":{"@id":"https:\/\/eldigitaldeasturias.com\/magazine365\/el-turismo-de-tenerife-cierra-2015-con-una-subida-del-92-en-contrataciones\/#breadcrumblist"},"author":{"@id":"https:\/\/eldigitaldeasturias.com\/magazine365\/author\/admin\/#author"},"creator":{"@id":"https:\/\/eldigitaldeasturias.com\/magazine365\/author\/admin\/#author"},"image":{"@type":"ImageObject","url":"https:\/\/eldigitaldeasturias.com\/magazine365\/wp-content\/uploads\/2016\/01\/fotonoticia_20160112173105_800.jpg","@id":"https:\/\/eldigitaldeasturias.com\/magazine365\/el-turismo-de-tenerife-cierra-2015-con-una-subida-del-92-en-contrataciones\/#mainImage","width":800,"height":500},"primaryImageOfPage":{"@id":"https:\/\/eldigitaldeasturias.com\/magazine365\/el-turismo-de-tenerife-cierra-2015-con-una-subida-del-92-en-contrataciones\/#mainImage"},"datePublished":"2016-01-13T14:45:07+01:00","dateModified":"2016-01-13T14:45:07+01:00"},{"@type":"WebSite","@id":"https:\/\/eldigitaldeasturias.com\/magazine365\/#website","url":"https:\/\/eldigitaldeasturias.com\/magazine365\/","name":"El Digital de Asturias","description":"Revista de ocio, turismo y estilo de vida","inLanguage":"es-ES","publisher":{"@id":"https:\/\/eldigitaldeasturias.com\/magazine365\/#organization"}}]},"og:locale":"es_ES","og:site_name":"El Digital de Asturias \u2013 Revista de ocio, turismo y estilo de vida","og:type":"article","og:title":"El turismo de Tenerife cierra 2015 con una subida del 9,2% en contrataciones | El Digital de Asturias","og:description":"El sector tur\u00edstico de Tenerife ha cerrado 2015 con un incremento de los contratos de un 9,2% hasta 125.489, 10.566 m\u00e1s que en 2014, y una reducci\u00f3n de las cifras del paro del 4,7%. As\u00ed lo anuncia el presidente del Cabildo, Carlos Alonso, quien valora especialmente que esta evoluci\u00f3n positiva del empleo en el sector","og:url":"https:\/\/eldigitaldeasturias.com\/magazine365\/el-turismo-de-tenerife-cierra-2015-con-una-subida-del-92-en-contrataciones\/","og:image":"https:\/\/eldigitaldeasturias.com\/magazine365\/wp-content\/uploads\/2016\/01\/fotonoticia_20160112173105_800.jpg","og:image:secure_url":"https:\/\/eldigitaldeasturias.com\/magazine365\/wp-content\/uploads\/2016\/01\/fotonoticia_20160112173105_800.jpg","og:image:width":800,"og:image:height":500,"article:published_time":"2016-01-13T13:45:07+00:00","article:modified_time":"2016-01-13T13:45:07+00:00","twitter:card":"summary_large_image","twitter:title":"El turismo de Tenerife cierra 2015 con una subida del 9,2% en contrataciones | El Digital de Asturias","twitter:description":"El sector tur\u00edstico de Tenerife ha cerrado 2015 con un incremento de los contratos de un 9,2% hasta 125.489, 10.566 m\u00e1s que en 2014, y una reducci\u00f3n de las cifras del paro del 4,7%. As\u00ed lo anuncia el presidente del Cabildo, Carlos Alonso, quien valora especialmente que esta evoluci\u00f3n positiva del empleo en el sector","twitter:image":"https:\/\/eldigitaldeasturias.com\/magazine365\/wp-content\/uploads\/2016\/01\/fotonoticia_20160112173105_800.jpg"},"aioseo_meta_data":{"post_id":"60394","title":null,"description":null,"keywords":null,"keyphrases":null,"primary_term":null,"canonical_url":null,"og_title":null,"og_description":null,"og_object_type":"default","og_image_type":"default","og_image_url":null,"og_image_width":null,"og_image_height":null,"og_image_custom_url":null,"og_image_custom_fields":null,"og_video":null,"og_custom_url":null,"og_article_section":null,"og_article_tags":null,"twitter_use_og":false,"twitter_card":"default","twitter_image_type":"default","twitter_image_url":null,"twitter_image_custom_url":null,"twitter_image_custom_fields":null,"twitter_title":null,"twitter_description":null,"schema":{"blockGraphs":[],"customGraphs":[],"default":{"data":{"Article":[],"Course":[],"Dataset":[],"FAQPage":[],"Movie":[],"Person":[],"Product":[],"ProductReview":[],"Car":[],"Recipe":[],"Service":[],"SoftwareApplication":[],"WebPage":[]},"graphName":"","isEnabled":true},"graphs":[],"defaultGraph":"","defaultPostTypeGraph":""},"schema_type":null,"schema_type_options":null,"pillar_content":false,"robots_default":true,"robots_noindex":false,"robots_noarchive":false,"robots_nosnippet":false,"robots_nofollow":false,"robots_noimageindex":false,"robots_noodp":false,"robots_notranslate":false,"robots_max_snippet":null,"robots_max_videopreview":null,"robots_max_imagepreview":"large","priority":null,"frequency":null,"location":null,"local_seo":null,"seo_analyzer_scan_date":"2025-09-25 06:49:37","breadcrumb_settings":null,"limit_modified_date":false,"open_ai":null,"ai":null,"created":"2021-03-08 22:00:44","updated":"2025-09-25 06:49:37"},"aioseo_breadcrumb":"<div class=\"aioseo-breadcrumbs\"><span class=\"aioseo-breadcrumb\">\n\t<a href=\"https:\/\/eldigitaldeasturias.com\/magazine365\" title=\"Home\">Home<\/a>\n<\/span><span class=\"aioseo-breadcrumb-separator\">\u2013<\/span><span class=\"aioseo-breadcrumb\">\n\t<a href=\"https:\/\/eldigitaldeasturias.com\/magazine365\/category\/noticias-actualidad\/\" title=\"Noticias y Actualidad\">Noticias y Actualidad<\/a>\n<\/span><span class=\"aioseo-breadcrumb-separator\">\u2013<\/span><span class=\"aioseo-breadcrumb\">\n\t<a href=\"https:\/\/eldigitaldeasturias.com\/magazine365\/el-turismo-de-tenerife-cierra-2015-con-una-subida-del-92-en-contrataciones\/\" title=\"El turismo de Tenerife cierra 2015 con una subida del 9,2% en contrataciones\">El turismo de Tenerife cierra 2015 con una subida del 9,2% en contrataciones<\/a>\n<\/span><\/div>","aioseo_breadcrumb_json":[{"label":"Home","link":"https:\/\/eldigitaldeasturias.com\/magazine365"},{"label":"Noticias y Actualidad","link":"https:\/\/eldigitaldeasturias.com\/magazine365\/category\/noticias-actualidad\/"},{"label":"El turismo de Tenerife cierra 2015 con una subida del 9,2% en contrataciones","link":"https:\/\/eldigitaldeasturias.com\/magazine365\/el-turismo-de-tenerife-cierra-2015-con-una-subida-del-92-en-contrataciones\/"}],"_links":{"self":[{"href":"https:\/\/eldigitaldeasturias.com\/magazine365\/wp-json\/wp\/v2\/posts\/60394","targetHints":{"allow":["GET"]}}],"collection":[{"href":"https:\/\/eldigitaldeasturias.com\/magazine365\/wp-json\/wp\/v2\/posts"}],"about":[{"href":"https:\/\/eldigitaldeasturias.com\/magazine365\/wp-json\/wp\/v2\/types\/post"}],"author":[{"embeddable":true,"href":"https:\/\/eldigitaldeasturias.com\/magazine365\/wp-json\/wp\/v2\/users\/1"}],"replies":[{"embeddable":true,"href":"https:\/\/eldigitaldeasturias.com\/magazine365\/wp-json\/wp\/v2\/comments?post=60394"}],"version-history":[{"count":0,"href":"https:\/\/eldigitaldeasturias.com\/magazine365\/wp-json\/wp\/v2\/posts\/60394\/revisions"}],"wp:featuredmedia":[{"embeddable":true,"href":"https:\/\/eldigitaldeasturias.com\/magazine365\/wp-json\/wp\/v2\/media\/60395"}],"wp:attachment":[{"href":"https:\/\/eldigitaldeasturias.com\/magazine365\/wp-json\/wp\/v2\/media?parent=60394"}],"wp:term":[{"taxonomy":"category","embeddable":true,"href":"https:\/\/eldigitaldeasturias.com\/magazine365\/wp-json\/wp\/v2\/categories?post=60394"},{"taxonomy":"post_tag","embeddable":true,"href":"https:\/\/eldigitaldeasturias.com\/magazine365\/wp-json\/wp\/v2\/tags?post=60394"}],"curies":[{"name":"wp","href":"https:\/\/api.w.org\/{rel}","templated":true}]}}