{"id":60391,"date":"2016-01-13T14:43:40","date_gmt":"2016-01-13T13:43:40","guid":{"rendered":"http:\/\/eldigitaldeasturias.com\/magazine365\/?p=60391"},"modified":"2016-01-13T14:43:40","modified_gmt":"2016-01-13T13:43:40","slug":"hoy-se-cumplen-cuatro-anos-del-accidente-del-costa-concordia","status":"publish","type":"post","link":"https:\/\/eldigitaldeasturias.com\/magazine365\/hoy-se-cumplen-cuatro-anos-del-accidente-del-costa-concordia\/","title":{"rendered":"Hoy se cumplen cuatro a\u00f1os del accidente del &#8216;Costa Concordia&#8217;"},"content":{"rendered":"<p><img fetchpriority=\"high\" decoding=\"async\" class=\"alignleft size-medium wp-image-60392\" src=\"https:\/\/eldigitaldeasturias.com\/magazine365\/wp-content\/uploads\/2016\/01\/fotonoticia_20160112172933_800-360x226.jpg\" alt=\"fotonoticia_20160112172933_800\" width=\"360\" height=\"226\" srcset=\"https:\/\/eldigitaldeasturias.com\/magazine365\/wp-content\/uploads\/2016\/01\/fotonoticia_20160112172933_800-360x226.jpg 360w, https:\/\/eldigitaldeasturias.com\/magazine365\/wp-content\/uploads\/2016\/01\/fotonoticia_20160112172933_800-650x408.jpg 650w, https:\/\/eldigitaldeasturias.com\/magazine365\/wp-content\/uploads\/2016\/01\/fotonoticia_20160112172933_800-768x482.jpg 768w, https:\/\/eldigitaldeasturias.com\/magazine365\/wp-content\/uploads\/2016\/01\/fotonoticia_20160112172933_800-150x94.jpg 150w, https:\/\/eldigitaldeasturias.com\/magazine365\/wp-content\/uploads\/2016\/01\/fotonoticia_20160112172933_800-450x282.jpg 450w, https:\/\/eldigitaldeasturias.com\/magazine365\/wp-content\/uploads\/2016\/01\/fotonoticia_20160112172933_800-696x437.jpg 696w, https:\/\/eldigitaldeasturias.com\/magazine365\/wp-content\/uploads\/2016\/01\/fotonoticia_20160112172933_800-669x420.jpg 669w, https:\/\/eldigitaldeasturias.com\/magazine365\/wp-content\/uploads\/2016\/01\/fotonoticia_20160112172933_800-269x170.jpg 269w, https:\/\/eldigitaldeasturias.com\/magazine365\/wp-content\/uploads\/2016\/01\/fotonoticia_20160112172933_800-365x230.jpg 365w, https:\/\/eldigitaldeasturias.com\/magazine365\/wp-content\/uploads\/2016\/01\/fotonoticia_20160112172933_800-160x100.jpg 160w, https:\/\/eldigitaldeasturias.com\/magazine365\/wp-content\/uploads\/2016\/01\/fotonoticia_20160112172933_800-480x300.jpg 480w, https:\/\/eldigitaldeasturias.com\/magazine365\/wp-content\/uploads\/2016\/01\/fotonoticia_20160112172933_800.jpg 800w\" sizes=\"(max-width: 360px) 100vw, 360px\" \/>Este mi\u00e9rcoles se cumplen cuatro a\u00f1os del accidente del crucero &#8216;Costa Concordia&#8217; que naufrag\u00f3 frente a la isla italiana de Giglio, en la regi\u00f3n italiana de Toscana en el mar Mediterr\u00e1neo, tras una arriesgada maniobra del capital Franceso Schettino que fue condenado a 16 a\u00f1os de c\u00e1rcel por su negligencia.<\/p>\n<p>El crucero se aproxim\u00f3 en exceso a la isla y provoc\u00f3 que la nave, con 4.200 personas a bordo, chocara contra unas rocas y abriera una gigantesca v\u00eda de agua de 70 metros de longitud a lo largo del casco, que lo llev\u00f3 a quedar fuertemente escorado. La falta de planes adecuados de evacuaci\u00f3n y de formaci\u00f3n para el pasaje agrav\u00f3 la tragedia.<\/p>\n<p>Murieron 32 personas, entre ellas el espa\u00f1ol Guillermo Gual, y un total de 4.197 pasajeros fueron evacuados. En el &#8216;Costa Concordia&#8217; viajaban 3.209 pasajeros de 62 nacionalidades, 177 espa\u00f1oles. El n\u00famero de rescatados super\u00f3 la capacidad de hospedaje de la peque\u00f1a isla.<\/p>\n<p>El barco permaneci\u00f3 parcialmente hundido cerca del puerto de la isla durante m\u00e1s de dos a\u00f1os antes de que lo sacaran a la superficie y lo remolcaran hasta la costa en una de las operaciones mar\u00edtimas m\u00e1s largas y complejas que se recuerdan.<\/p>\n<p>A ra\u00edz del accidente, la Comisi\u00f3n de Seguridad Mar\u00edtima de la Organizaci\u00f3n Mar\u00edtima Internacional (OMI) hizo suyas las tres recomendaciones de seguridad que solicitaba el sector y a\u00f1adi\u00f3 implementar una reuni\u00f3n de simulacro obligatoria en los cruceros antes de zarpar.<\/p>\n<p>La nueva pol\u00edtica de seguridad exige que se realice una reuni\u00f3n de simulacro obligatoria para los pasajeros embarcados antes de abandonar el puerto, lo cual contrasta con los requisitos legales hasta entonces que limitaban a realizar dicha reuni\u00f3n dentro de las 24 horas del embarque de los pasajeros.<\/p>\n<p>DOS A\u00d1OS Y MEDIO PARA REFLOTAR EL BUQUE.<\/p>\n<p>Dos a\u00f1os y medio despu\u00e9s del hundimiento del &#8216;Concordia&#8217; se logr\u00f3 reflotar el barco en una operaci\u00f3n sin precedentes en el sector naval, en la que participaron empresas de ingenier\u00eda italianas, alemanas y estadounidenses, y que cost\u00f3 1.500 millones de euros.<\/p>\n<p>Las operaciones se realizaron en cuatro fases: estabilizar el buque con una plataforma submarina, fijar la parte del barco que queda fuera del mar, enderezar el barco y remolcarlo a puerto.<\/p>\n<p>Primero hubo que extraer el combustible, lo que se complet\u00f3 con \u00e9xito el 24 de marzo de 2012, y despu\u00e9s iniciar los complejos trabajos para rotar el nav\u00edo.<\/p>\n<p>Enderezar el buque cost\u00f3 600 millones de euros y requiri\u00f3 26 cables de acero (con una fuerza de tiro de 60 toneladas) y 30 cajones de acero llenos de aire comprimido (11.500 toneladas) para colocar en vertical el buque a una media de 3,5 metros por hora. Tras ser enderezado, el &#8216;Concordia&#8217; se remolc\u00f3 al puerto de Grosetto para ser desguazado.<\/p>\n<p>Durante todo ese proceso los restos del &#8216;Concordia&#8217; fueron reclamo de muchos de los turistas que se acercaban a los alrededores de Santo Stefano, a unos 15 kil\u00f3metros al este, para realizar una traves\u00eda en ferry hasta Giglio. Por 10 euros el billete, las compa\u00f1\u00edas de ferries promocionaban la oportunidad de ver el crucero hundido y tomar una fotograf\u00eda del mismo desde las inmediaciones del lugar en el que se produjo el accidente.<\/p>\n<p>DA\u00d1OS EN LOS FONDOS ROCOSOS.<\/p>\n<p>La tragedia del &#8216;Concordia&#8217; puso en riesgo los fondos rocosos de la isla de Giglio donde se asientan numerosas especies, como corales, moluscos y gorgonias, y en la parte occidental se extienden praderas submarinas de Posidonia oce\u00e1nica, una especie end\u00e9mica del Mediterr\u00e1neo.<\/p>\n<p>El Parque Nacional, que engloba parte de las aguas de la isla de Giglio, est\u00e1 considerado una de las joyas ecol\u00f3gicas de Italia y un fuerte foco de atracci\u00f3n del turismo de buceo por su poblaci\u00f3n estable de delfines mulares y otros cet\u00e1ceos, como delfines listados, cachalotes, calderones grises y comunes e incluso rorcuales. Existen tambi\u00e9n especies menos conocidas como la esponja Aplysinia cavern\u00edcola, protegida por el Convenio de Barcelona.<\/p>\n<p>EL CAPIT\u00c1N CONDENADO.<\/p>\n<p>Tras un largo juicio el excapit\u00e1n Schettino fue condenado el pasado mes de febrero de 2015 a una pena de 16 a\u00f1os de c\u00e1rcel por el naufragio del crucero.<\/p>\n<p>Tras siete horas de deliberaci\u00f3n, los jueces del tribunal de Grosseto consideraron a Schettino culpable de los delitos de homicidio culposo m\u00faltiple, abandono de la nave, naufragio y de no haber informado inmediatamente a las autoridades portuarias de la colisi\u00f3n contra el escollo que provoc\u00f3 el desastre.<\/p>\n<p>El juez le inhabilit\u00f3 de por vida para desempe\u00f1ar cargos p\u00fablicos y durante cinco a\u00f1os para volver a trabajar como capit\u00e1n, informan los medios italianos, que vaticinan un largo proceso de apelaciones.<\/p>\n<p>El fallo puso fin a tres a\u00f1os de proceso en los que Schettino ha figurado como \u00fanico acusado, ya que la empresa propietaria, Costa Cruceros, acept\u00f3 una multa de un mill\u00f3n de euros y la Fiscal\u00eda negoci\u00f3 diversas condenas con otros cinco oficiales del barco.<\/p>\n","protected":false},"excerpt":{"rendered":"<p>Este mi\u00e9rcoles se cumplen cuatro a\u00f1os del accidente del crucero &#8216;Costa Concordia&#8217; que naufrag\u00f3 frente a la isla italiana de Giglio, en la regi\u00f3n italiana de Toscana en el mar Mediterr\u00e1neo, tras una arriesgada maniobra del capital Franceso Schettino que fue condenado a 16 a\u00f1os de c\u00e1rcel por su negligencia. El crucero se aproxim\u00f3 en<\/p>\n","protected":false},"author":1,"featured_media":60392,"comment_status":"open","ping_status":"closed","sticky":false,"template":"","format":"standard","meta":{"footnotes":""},"categories":[224],"tags":[],"class_list":{"0":"post-60391","1":"post","2":"type-post","3":"status-publish","4":"format-standard","5":"has-post-thumbnail","7":"category-noticias-actualidad"},"aioseo_notices":[],"aioseo_head":"\n\t\t<!-- All in One SEO Pro 4.9.6.1 - aioseo.com -->\n\t<meta name=\"description\" content=\"Este mi\u00e9rcoles se cumplen cuatro a\u00f1os del accidente del crucero &#039;Costa Concordia&#039; que naufrag\u00f3 frente a la isla italiana de Giglio, en la regi\u00f3n italiana de Toscana en el mar Mediterr\u00e1neo, tras una arriesgada maniobra del capital Franceso Schettino que fue condenado a 16 a\u00f1os de c\u00e1rcel por su negligencia. El crucero se aproxim\u00f3 en\" \/>\n\t<meta name=\"robots\" content=\"max-image-preview:large\" \/>\n\t<meta name=\"author\" content=\"admin\"\/>\n\t<meta name=\"google-site-verification\" content=\"UA-38556648-1\" \/>\n\t<meta name=\"keywords\" content=\"noticias y actualidad\" \/>\n\t<link rel=\"canonical\" href=\"https:\/\/eldigitaldeasturias.com\/magazine365\/hoy-se-cumplen-cuatro-anos-del-accidente-del-costa-concordia\/\" \/>\n\t<meta name=\"generator\" content=\"All in One SEO Pro (AIOSEO) 4.9.6.1\" \/>\n\t\t<meta property=\"og:locale\" content=\"es_ES\" \/>\n\t\t<meta property=\"og:site_name\" content=\"El Digital de Asturias \u2013 Revista de ocio, turismo y estilo de vida\" \/>\n\t\t<meta property=\"og:type\" content=\"article\" \/>\n\t\t<meta property=\"og:title\" content=\"Hoy se cumplen cuatro a\u00f1os del accidente del \u2018Costa Concordia\u2019 | El Digital de Asturias\" \/>\n\t\t<meta property=\"og:description\" content=\"Este mi\u00e9rcoles se cumplen cuatro a\u00f1os del accidente del crucero &#039;Costa Concordia&#039; que naufrag\u00f3 frente a la isla italiana de Giglio, en la regi\u00f3n italiana de Toscana en el mar Mediterr\u00e1neo, tras una arriesgada maniobra del capital Franceso Schettino que fue condenado a 16 a\u00f1os de c\u00e1rcel por su negligencia. El crucero se aproxim\u00f3 en\" \/>\n\t\t<meta property=\"og:url\" content=\"https:\/\/eldigitaldeasturias.com\/magazine365\/hoy-se-cumplen-cuatro-anos-del-accidente-del-costa-concordia\/\" \/>\n\t\t<meta property=\"og:image\" content=\"https:\/\/eldigitaldeasturias.com\/magazine365\/wp-content\/uploads\/2016\/01\/fotonoticia_20160112172933_800.jpg\" \/>\n\t\t<meta property=\"og:image:secure_url\" content=\"https:\/\/eldigitaldeasturias.com\/magazine365\/wp-content\/uploads\/2016\/01\/fotonoticia_20160112172933_800.jpg\" \/>\n\t\t<meta property=\"og:image:width\" content=\"800\" \/>\n\t\t<meta property=\"og:image:height\" content=\"502\" \/>\n\t\t<meta property=\"article:published_time\" content=\"2016-01-13T13:43:40+00:00\" \/>\n\t\t<meta property=\"article:modified_time\" content=\"2016-01-13T13:43:40+00:00\" \/>\n\t\t<meta name=\"twitter:card\" content=\"summary_large_image\" \/>\n\t\t<meta name=\"twitter:title\" content=\"Hoy se cumplen cuatro a\u00f1os del accidente del \u2018Costa Concordia\u2019 | El Digital de Asturias\" \/>\n\t\t<meta name=\"twitter:description\" content=\"Este mi\u00e9rcoles se cumplen cuatro a\u00f1os del accidente del crucero &#039;Costa Concordia&#039; que naufrag\u00f3 frente a la isla italiana de Giglio, en la regi\u00f3n italiana de Toscana en el mar Mediterr\u00e1neo, tras una arriesgada maniobra del capital Franceso Schettino que fue condenado a 16 a\u00f1os de c\u00e1rcel por su negligencia. El crucero se aproxim\u00f3 en\" \/>\n\t\t<meta name=\"twitter:image\" content=\"https:\/\/eldigitaldeasturias.com\/magazine365\/wp-content\/uploads\/2016\/01\/fotonoticia_20160112172933_800.jpg\" \/>\n\t\t<script type=\"application\/ld+json\" class=\"aioseo-schema\">\n\t\t\t{\"@context\":\"https:\\\/\\\/schema.org\",\"@graph\":[{\"@type\":\"Article\",\"@id\":\"https:\\\/\\\/eldigitaldeasturias.com\\\/magazine365\\\/hoy-se-cumplen-cuatro-anos-del-accidente-del-costa-concordia\\\/#article\",\"name\":\"Hoy se cumplen cuatro a\\u00f1os del accidente del \\u2018Costa Concordia\\u2019 | El Digital de Asturias\",\"headline\":\"Hoy se cumplen cuatro a\\u00f1os del accidente del &#8216;Costa Concordia&#8217;\",\"author\":{\"@id\":\"https:\\\/\\\/eldigitaldeasturias.com\\\/magazine365\\\/author\\\/admin\\\/#author\"},\"publisher\":{\"@id\":\"https:\\\/\\\/eldigitaldeasturias.com\\\/magazine365\\\/#organization\"},\"image\":{\"@type\":\"ImageObject\",\"url\":\"https:\\\/\\\/eldigitaldeasturias.com\\\/magazine365\\\/wp-content\\\/uploads\\\/2016\\\/01\\\/fotonoticia_20160112172933_800.jpg\",\"width\":800,\"height\":502},\"datePublished\":\"2016-01-13T14:43:40+01:00\",\"dateModified\":\"2016-01-13T14:43:40+01:00\",\"inLanguage\":\"es-ES\",\"mainEntityOfPage\":{\"@id\":\"https:\\\/\\\/eldigitaldeasturias.com\\\/magazine365\\\/hoy-se-cumplen-cuatro-anos-del-accidente-del-costa-concordia\\\/#webpage\"},\"isPartOf\":{\"@id\":\"https:\\\/\\\/eldigitaldeasturias.com\\\/magazine365\\\/hoy-se-cumplen-cuatro-anos-del-accidente-del-costa-concordia\\\/#webpage\"},\"articleSection\":\"Noticias y Actualidad\"},{\"@type\":\"BreadcrumbList\",\"@id\":\"https:\\\/\\\/eldigitaldeasturias.com\\\/magazine365\\\/hoy-se-cumplen-cuatro-anos-del-accidente-del-costa-concordia\\\/#breadcrumblist\",\"itemListElement\":[{\"@type\":\"ListItem\",\"@id\":\"https:\\\/\\\/eldigitaldeasturias.com\\\/magazine365#listItem\",\"position\":1,\"name\":\"Home\",\"item\":\"https:\\\/\\\/eldigitaldeasturias.com\\\/magazine365\",\"nextItem\":{\"@type\":\"ListItem\",\"@id\":\"https:\\\/\\\/eldigitaldeasturias.com\\\/magazine365\\\/category\\\/noticias-actualidad\\\/#listItem\",\"name\":\"Noticias y Actualidad\"}},{\"@type\":\"ListItem\",\"@id\":\"https:\\\/\\\/eldigitaldeasturias.com\\\/magazine365\\\/category\\\/noticias-actualidad\\\/#listItem\",\"position\":2,\"name\":\"Noticias y Actualidad\",\"item\":\"https:\\\/\\\/eldigitaldeasturias.com\\\/magazine365\\\/category\\\/noticias-actualidad\\\/\",\"nextItem\":{\"@type\":\"ListItem\",\"@id\":\"https:\\\/\\\/eldigitaldeasturias.com\\\/magazine365\\\/hoy-se-cumplen-cuatro-anos-del-accidente-del-costa-concordia\\\/#listItem\",\"name\":\"Hoy se cumplen cuatro a\\u00f1os del accidente del &#8216;Costa Concordia&#8217;\"},\"previousItem\":{\"@type\":\"ListItem\",\"@id\":\"https:\\\/\\\/eldigitaldeasturias.com\\\/magazine365#listItem\",\"name\":\"Home\"}},{\"@type\":\"ListItem\",\"@id\":\"https:\\\/\\\/eldigitaldeasturias.com\\\/magazine365\\\/hoy-se-cumplen-cuatro-anos-del-accidente-del-costa-concordia\\\/#listItem\",\"position\":3,\"name\":\"Hoy se cumplen cuatro a\\u00f1os del accidente del &#8216;Costa Concordia&#8217;\",\"previousItem\":{\"@type\":\"ListItem\",\"@id\":\"https:\\\/\\\/eldigitaldeasturias.com\\\/magazine365\\\/category\\\/noticias-actualidad\\\/#listItem\",\"name\":\"Noticias y Actualidad\"}}]},{\"@type\":\"Organization\",\"@id\":\"https:\\\/\\\/eldigitaldeasturias.com\\\/magazine365\\\/#organization\",\"name\":\"El digital de Asturias\",\"description\":\"Revista de ocio, turismo y estilo de vida\",\"url\":\"https:\\\/\\\/eldigitaldeasturias.com\\\/magazine365\\\/\",\"logo\":{\"@type\":\"ImageObject\",\"url\":\"https:\\\/\\\/www.eldigitaldeasturias.com\\\/noticias\\\/wp-content\\\/uploads\\\/2020\\\/12\\\/EDA.jpg\",\"@id\":\"https:\\\/\\\/eldigitaldeasturias.com\\\/magazine365\\\/hoy-se-cumplen-cuatro-anos-del-accidente-del-costa-concordia\\\/#organizationLogo\"},\"image\":{\"@id\":\"https:\\\/\\\/eldigitaldeasturias.com\\\/magazine365\\\/hoy-se-cumplen-cuatro-anos-del-accidente-del-costa-concordia\\\/#organizationLogo\"}},{\"@type\":\"Person\",\"@id\":\"https:\\\/\\\/eldigitaldeasturias.com\\\/magazine365\\\/author\\\/admin\\\/#author\",\"url\":\"https:\\\/\\\/eldigitaldeasturias.com\\\/magazine365\\\/author\\\/admin\\\/\",\"name\":\"admin\",\"image\":{\"@type\":\"ImageObject\",\"@id\":\"https:\\\/\\\/eldigitaldeasturias.com\\\/magazine365\\\/hoy-se-cumplen-cuatro-anos-del-accidente-del-costa-concordia\\\/#authorImage\",\"url\":\"https:\\\/\\\/eldigitaldeasturias.com\\\/magazine365\\\/wp-content\\\/litespeed\\\/avatar\\\/e571bcf59a0edd6fa6838245a470f2fe.jpg?ver=1777574230\",\"width\":96,\"height\":96,\"caption\":\"admin\"}},{\"@type\":\"WebPage\",\"@id\":\"https:\\\/\\\/eldigitaldeasturias.com\\\/magazine365\\\/hoy-se-cumplen-cuatro-anos-del-accidente-del-costa-concordia\\\/#webpage\",\"url\":\"https:\\\/\\\/eldigitaldeasturias.com\\\/magazine365\\\/hoy-se-cumplen-cuatro-anos-del-accidente-del-costa-concordia\\\/\",\"name\":\"Hoy se cumplen cuatro a\\u00f1os del accidente del \\u2018Costa Concordia\\u2019 | El Digital de Asturias\",\"description\":\"Este mi\\u00e9rcoles se cumplen cuatro a\\u00f1os del accidente del crucero 'Costa Concordia' que naufrag\\u00f3 frente a la isla italiana de Giglio, en la regi\\u00f3n italiana de Toscana en el mar Mediterr\\u00e1neo, tras una arriesgada maniobra del capital Franceso Schettino que fue condenado a 16 a\\u00f1os de c\\u00e1rcel por su negligencia. El crucero se aproxim\\u00f3 en\",\"inLanguage\":\"es-ES\",\"isPartOf\":{\"@id\":\"https:\\\/\\\/eldigitaldeasturias.com\\\/magazine365\\\/#website\"},\"breadcrumb\":{\"@id\":\"https:\\\/\\\/eldigitaldeasturias.com\\\/magazine365\\\/hoy-se-cumplen-cuatro-anos-del-accidente-del-costa-concordia\\\/#breadcrumblist\"},\"author\":{\"@id\":\"https:\\\/\\\/eldigitaldeasturias.com\\\/magazine365\\\/author\\\/admin\\\/#author\"},\"creator\":{\"@id\":\"https:\\\/\\\/eldigitaldeasturias.com\\\/magazine365\\\/author\\\/admin\\\/#author\"},\"image\":{\"@type\":\"ImageObject\",\"url\":\"https:\\\/\\\/eldigitaldeasturias.com\\\/magazine365\\\/wp-content\\\/uploads\\\/2016\\\/01\\\/fotonoticia_20160112172933_800.jpg\",\"@id\":\"https:\\\/\\\/eldigitaldeasturias.com\\\/magazine365\\\/hoy-se-cumplen-cuatro-anos-del-accidente-del-costa-concordia\\\/#mainImage\",\"width\":800,\"height\":502},\"primaryImageOfPage\":{\"@id\":\"https:\\\/\\\/eldigitaldeasturias.com\\\/magazine365\\\/hoy-se-cumplen-cuatro-anos-del-accidente-del-costa-concordia\\\/#mainImage\"},\"datePublished\":\"2016-01-13T14:43:40+01:00\",\"dateModified\":\"2016-01-13T14:43:40+01:00\"},{\"@type\":\"WebSite\",\"@id\":\"https:\\\/\\\/eldigitaldeasturias.com\\\/magazine365\\\/#website\",\"url\":\"https:\\\/\\\/eldigitaldeasturias.com\\\/magazine365\\\/\",\"name\":\"El Digital de Asturias\",\"description\":\"Revista de ocio, turismo y estilo de vida\",\"inLanguage\":\"es-ES\",\"publisher\":{\"@id\":\"https:\\\/\\\/eldigitaldeasturias.com\\\/magazine365\\\/#organization\"}}]}\n\t\t<\/script>\n\t\t<!-- All in One SEO Pro -->\r\n\t\t<title>Hoy se cumplen cuatro a\u00f1os del accidente del \u2018Costa Concordia\u2019 | El Digital de Asturias<\/title>\n\n","aioseo_head_json":{"title":"Hoy se cumplen cuatro a\u00f1os del accidente del \u2018Costa Concordia\u2019 | El Digital de Asturias","description":"Este mi\u00e9rcoles se cumplen cuatro a\u00f1os del accidente del crucero 'Costa Concordia' que naufrag\u00f3 frente a la isla italiana de Giglio, en la regi\u00f3n italiana de Toscana en el mar Mediterr\u00e1neo, tras una arriesgada maniobra del capital Franceso Schettino que fue condenado a 16 a\u00f1os de c\u00e1rcel por su negligencia. El crucero se aproxim\u00f3 en","canonical_url":"https:\/\/eldigitaldeasturias.com\/magazine365\/hoy-se-cumplen-cuatro-anos-del-accidente-del-costa-concordia\/","robots":"max-image-preview:large","keywords":"noticias y actualidad","webmasterTools":{"google-site-verification":"UA-38556648-1","miscellaneous":""},"schema":{"@context":"https:\/\/schema.org","@graph":[{"@type":"Article","@id":"https:\/\/eldigitaldeasturias.com\/magazine365\/hoy-se-cumplen-cuatro-anos-del-accidente-del-costa-concordia\/#article","name":"Hoy se cumplen cuatro a\u00f1os del accidente del \u2018Costa Concordia\u2019 | El Digital de Asturias","headline":"Hoy se cumplen cuatro a\u00f1os del accidente del &#8216;Costa Concordia&#8217;","author":{"@id":"https:\/\/eldigitaldeasturias.com\/magazine365\/author\/admin\/#author"},"publisher":{"@id":"https:\/\/eldigitaldeasturias.com\/magazine365\/#organization"},"image":{"@type":"ImageObject","url":"https:\/\/eldigitaldeasturias.com\/magazine365\/wp-content\/uploads\/2016\/01\/fotonoticia_20160112172933_800.jpg","width":800,"height":502},"datePublished":"2016-01-13T14:43:40+01:00","dateModified":"2016-01-13T14:43:40+01:00","inLanguage":"es-ES","mainEntityOfPage":{"@id":"https:\/\/eldigitaldeasturias.com\/magazine365\/hoy-se-cumplen-cuatro-anos-del-accidente-del-costa-concordia\/#webpage"},"isPartOf":{"@id":"https:\/\/eldigitaldeasturias.com\/magazine365\/hoy-se-cumplen-cuatro-anos-del-accidente-del-costa-concordia\/#webpage"},"articleSection":"Noticias y Actualidad"},{"@type":"BreadcrumbList","@id":"https:\/\/eldigitaldeasturias.com\/magazine365\/hoy-se-cumplen-cuatro-anos-del-accidente-del-costa-concordia\/#breadcrumblist","itemListElement":[{"@type":"ListItem","@id":"https:\/\/eldigitaldeasturias.com\/magazine365#listItem","position":1,"name":"Home","item":"https:\/\/eldigitaldeasturias.com\/magazine365","nextItem":{"@type":"ListItem","@id":"https:\/\/eldigitaldeasturias.com\/magazine365\/category\/noticias-actualidad\/#listItem","name":"Noticias y Actualidad"}},{"@type":"ListItem","@id":"https:\/\/eldigitaldeasturias.com\/magazine365\/category\/noticias-actualidad\/#listItem","position":2,"name":"Noticias y Actualidad","item":"https:\/\/eldigitaldeasturias.com\/magazine365\/category\/noticias-actualidad\/","nextItem":{"@type":"ListItem","@id":"https:\/\/eldigitaldeasturias.com\/magazine365\/hoy-se-cumplen-cuatro-anos-del-accidente-del-costa-concordia\/#listItem","name":"Hoy se cumplen cuatro a\u00f1os del accidente del &#8216;Costa Concordia&#8217;"},"previousItem":{"@type":"ListItem","@id":"https:\/\/eldigitaldeasturias.com\/magazine365#listItem","name":"Home"}},{"@type":"ListItem","@id":"https:\/\/eldigitaldeasturias.com\/magazine365\/hoy-se-cumplen-cuatro-anos-del-accidente-del-costa-concordia\/#listItem","position":3,"name":"Hoy se cumplen cuatro a\u00f1os del accidente del &#8216;Costa Concordia&#8217;","previousItem":{"@type":"ListItem","@id":"https:\/\/eldigitaldeasturias.com\/magazine365\/category\/noticias-actualidad\/#listItem","name":"Noticias y Actualidad"}}]},{"@type":"Organization","@id":"https:\/\/eldigitaldeasturias.com\/magazine365\/#organization","name":"El digital de Asturias","description":"Revista de ocio, turismo y estilo de vida","url":"https:\/\/eldigitaldeasturias.com\/magazine365\/","logo":{"@type":"ImageObject","url":"https:\/\/www.eldigitaldeasturias.com\/noticias\/wp-content\/uploads\/2020\/12\/EDA.jpg","@id":"https:\/\/eldigitaldeasturias.com\/magazine365\/hoy-se-cumplen-cuatro-anos-del-accidente-del-costa-concordia\/#organizationLogo"},"image":{"@id":"https:\/\/eldigitaldeasturias.com\/magazine365\/hoy-se-cumplen-cuatro-anos-del-accidente-del-costa-concordia\/#organizationLogo"}},{"@type":"Person","@id":"https:\/\/eldigitaldeasturias.com\/magazine365\/author\/admin\/#author","url":"https:\/\/eldigitaldeasturias.com\/magazine365\/author\/admin\/","name":"admin","image":{"@type":"ImageObject","@id":"https:\/\/eldigitaldeasturias.com\/magazine365\/hoy-se-cumplen-cuatro-anos-del-accidente-del-costa-concordia\/#authorImage","url":"https:\/\/eldigitaldeasturias.com\/magazine365\/wp-content\/litespeed\/avatar\/e571bcf59a0edd6fa6838245a470f2fe.jpg?ver=1777574230","width":96,"height":96,"caption":"admin"}},{"@type":"WebPage","@id":"https:\/\/eldigitaldeasturias.com\/magazine365\/hoy-se-cumplen-cuatro-anos-del-accidente-del-costa-concordia\/#webpage","url":"https:\/\/eldigitaldeasturias.com\/magazine365\/hoy-se-cumplen-cuatro-anos-del-accidente-del-costa-concordia\/","name":"Hoy se cumplen cuatro a\u00f1os del accidente del \u2018Costa Concordia\u2019 | El Digital de Asturias","description":"Este mi\u00e9rcoles se cumplen cuatro a\u00f1os del accidente del crucero 'Costa Concordia' que naufrag\u00f3 frente a la isla italiana de Giglio, en la regi\u00f3n italiana de Toscana en el mar Mediterr\u00e1neo, tras una arriesgada maniobra del capital Franceso Schettino que fue condenado a 16 a\u00f1os de c\u00e1rcel por su negligencia. El crucero se aproxim\u00f3 en","inLanguage":"es-ES","isPartOf":{"@id":"https:\/\/eldigitaldeasturias.com\/magazine365\/#website"},"breadcrumb":{"@id":"https:\/\/eldigitaldeasturias.com\/magazine365\/hoy-se-cumplen-cuatro-anos-del-accidente-del-costa-concordia\/#breadcrumblist"},"author":{"@id":"https:\/\/eldigitaldeasturias.com\/magazine365\/author\/admin\/#author"},"creator":{"@id":"https:\/\/eldigitaldeasturias.com\/magazine365\/author\/admin\/#author"},"image":{"@type":"ImageObject","url":"https:\/\/eldigitaldeasturias.com\/magazine365\/wp-content\/uploads\/2016\/01\/fotonoticia_20160112172933_800.jpg","@id":"https:\/\/eldigitaldeasturias.com\/magazine365\/hoy-se-cumplen-cuatro-anos-del-accidente-del-costa-concordia\/#mainImage","width":800,"height":502},"primaryImageOfPage":{"@id":"https:\/\/eldigitaldeasturias.com\/magazine365\/hoy-se-cumplen-cuatro-anos-del-accidente-del-costa-concordia\/#mainImage"},"datePublished":"2016-01-13T14:43:40+01:00","dateModified":"2016-01-13T14:43:40+01:00"},{"@type":"WebSite","@id":"https:\/\/eldigitaldeasturias.com\/magazine365\/#website","url":"https:\/\/eldigitaldeasturias.com\/magazine365\/","name":"El Digital de Asturias","description":"Revista de ocio, turismo y estilo de vida","inLanguage":"es-ES","publisher":{"@id":"https:\/\/eldigitaldeasturias.com\/magazine365\/#organization"}}]},"og:locale":"es_ES","og:site_name":"El Digital de Asturias \u2013 Revista de ocio, turismo y estilo de vida","og:type":"article","og:title":"Hoy se cumplen cuatro a\u00f1os del accidente del \u2018Costa Concordia\u2019 | El Digital de Asturias","og:description":"Este mi\u00e9rcoles se cumplen cuatro a\u00f1os del accidente del crucero 'Costa Concordia' que naufrag\u00f3 frente a la isla italiana de Giglio, en la regi\u00f3n italiana de Toscana en el mar Mediterr\u00e1neo, tras una arriesgada maniobra del capital Franceso Schettino que fue condenado a 16 a\u00f1os de c\u00e1rcel por su negligencia. El crucero se aproxim\u00f3 en","og:url":"https:\/\/eldigitaldeasturias.com\/magazine365\/hoy-se-cumplen-cuatro-anos-del-accidente-del-costa-concordia\/","og:image":"https:\/\/eldigitaldeasturias.com\/magazine365\/wp-content\/uploads\/2016\/01\/fotonoticia_20160112172933_800.jpg","og:image:secure_url":"https:\/\/eldigitaldeasturias.com\/magazine365\/wp-content\/uploads\/2016\/01\/fotonoticia_20160112172933_800.jpg","og:image:width":800,"og:image:height":502,"article:published_time":"2016-01-13T13:43:40+00:00","article:modified_time":"2016-01-13T13:43:40+00:00","twitter:card":"summary_large_image","twitter:title":"Hoy se cumplen cuatro a\u00f1os del accidente del \u2018Costa Concordia\u2019 | El Digital de Asturias","twitter:description":"Este mi\u00e9rcoles se cumplen cuatro a\u00f1os del accidente del crucero 'Costa Concordia' que naufrag\u00f3 frente a la isla italiana de Giglio, en la regi\u00f3n italiana de Toscana en el mar Mediterr\u00e1neo, tras una arriesgada maniobra del capital Franceso Schettino que fue condenado a 16 a\u00f1os de c\u00e1rcel por su negligencia. El crucero se aproxim\u00f3 en","twitter:image":"https:\/\/eldigitaldeasturias.com\/magazine365\/wp-content\/uploads\/2016\/01\/fotonoticia_20160112172933_800.jpg"},"aioseo_meta_data":{"post_id":"60391","title":null,"description":null,"keywords":null,"keyphrases":null,"primary_term":null,"canonical_url":null,"og_title":null,"og_description":null,"og_object_type":"default","og_image_type":"default","og_image_url":null,"og_image_width":null,"og_image_height":null,"og_image_custom_url":null,"og_image_custom_fields":null,"og_video":null,"og_custom_url":null,"og_article_section":null,"og_article_tags":null,"twitter_use_og":false,"twitter_card":"default","twitter_image_type":"default","twitter_image_url":null,"twitter_image_custom_url":null,"twitter_image_custom_fields":null,"twitter_title":null,"twitter_description":null,"schema":{"blockGraphs":[],"customGraphs":[],"default":{"data":{"Article":[],"Course":[],"Dataset":[],"FAQPage":[],"Movie":[],"Person":[],"Product":[],"ProductReview":[],"Car":[],"Recipe":[],"Service":[],"SoftwareApplication":[],"WebPage":[]},"graphName":"","isEnabled":true},"graphs":[],"defaultGraph":"","defaultPostTypeGraph":""},"schema_type":null,"schema_type_options":null,"pillar_content":false,"robots_default":true,"robots_noindex":false,"robots_noarchive":false,"robots_nosnippet":false,"robots_nofollow":false,"robots_noimageindex":false,"robots_noodp":false,"robots_notranslate":false,"robots_max_snippet":null,"robots_max_videopreview":null,"robots_max_imagepreview":"large","priority":null,"frequency":null,"location":null,"local_seo":null,"seo_analyzer_scan_date":"2025-09-25 06:49:36","breadcrumb_settings":null,"limit_modified_date":false,"open_ai":null,"ai":null,"created":"2021-03-08 22:00:44","updated":"2025-09-25 06:49:36"},"aioseo_breadcrumb":"<div class=\"aioseo-breadcrumbs\"><span class=\"aioseo-breadcrumb\">\n\t<a href=\"https:\/\/eldigitaldeasturias.com\/magazine365\" title=\"Home\">Home<\/a>\n<\/span><span class=\"aioseo-breadcrumb-separator\">\u2013<\/span><span class=\"aioseo-breadcrumb\">\n\t<a href=\"https:\/\/eldigitaldeasturias.com\/magazine365\/category\/noticias-actualidad\/\" title=\"Noticias y Actualidad\">Noticias y Actualidad<\/a>\n<\/span><span class=\"aioseo-breadcrumb-separator\">\u2013<\/span><span class=\"aioseo-breadcrumb\">\n\t<a href=\"https:\/\/eldigitaldeasturias.com\/magazine365\/hoy-se-cumplen-cuatro-anos-del-accidente-del-costa-concordia\/\" title=\"Hoy se cumplen cuatro a\u00f1os del accidente del \u2018Costa Concordia\u2019\">Hoy se cumplen cuatro a\u00f1os del accidente del \u2018Costa Concordia\u2019<\/a>\n<\/span><\/div>","aioseo_breadcrumb_json":[{"label":"Home","link":"https:\/\/eldigitaldeasturias.com\/magazine365"},{"label":"Noticias y Actualidad","link":"https:\/\/eldigitaldeasturias.com\/magazine365\/category\/noticias-actualidad\/"},{"label":"Hoy se cumplen cuatro a\u00f1os del accidente del &#8216;Costa Concordia&#8217;","link":"https:\/\/eldigitaldeasturias.com\/magazine365\/hoy-se-cumplen-cuatro-anos-del-accidente-del-costa-concordia\/"}],"_links":{"self":[{"href":"https:\/\/eldigitaldeasturias.com\/magazine365\/wp-json\/wp\/v2\/posts\/60391","targetHints":{"allow":["GET"]}}],"collection":[{"href":"https:\/\/eldigitaldeasturias.com\/magazine365\/wp-json\/wp\/v2\/posts"}],"about":[{"href":"https:\/\/eldigitaldeasturias.com\/magazine365\/wp-json\/wp\/v2\/types\/post"}],"author":[{"embeddable":true,"href":"https:\/\/eldigitaldeasturias.com\/magazine365\/wp-json\/wp\/v2\/users\/1"}],"replies":[{"embeddable":true,"href":"https:\/\/eldigitaldeasturias.com\/magazine365\/wp-json\/wp\/v2\/comments?post=60391"}],"version-history":[{"count":0,"href":"https:\/\/eldigitaldeasturias.com\/magazine365\/wp-json\/wp\/v2\/posts\/60391\/revisions"}],"wp:featuredmedia":[{"embeddable":true,"href":"https:\/\/eldigitaldeasturias.com\/magazine365\/wp-json\/wp\/v2\/media\/60392"}],"wp:attachment":[{"href":"https:\/\/eldigitaldeasturias.com\/magazine365\/wp-json\/wp\/v2\/media?parent=60391"}],"wp:term":[{"taxonomy":"category","embeddable":true,"href":"https:\/\/eldigitaldeasturias.com\/magazine365\/wp-json\/wp\/v2\/categories?post=60391"},{"taxonomy":"post_tag","embeddable":true,"href":"https:\/\/eldigitaldeasturias.com\/magazine365\/wp-json\/wp\/v2\/tags?post=60391"}],"curies":[{"name":"wp","href":"https:\/\/api.w.org\/{rel}","templated":true}]}}