{"id":60388,"date":"2016-01-13T14:42:30","date_gmt":"2016-01-13T13:42:30","guid":{"rendered":"http:\/\/eldigitaldeasturias.com\/magazine365\/?p=60388"},"modified":"2016-01-13T14:42:30","modified_gmt":"2016-01-13T13:42:30","slug":"lufthansa-group-cierra-2015-con-un-record-de-1076-millones-de-pasajeros","status":"publish","type":"post","link":"https:\/\/eldigitaldeasturias.com\/magazine365\/lufthansa-group-cierra-2015-con-un-record-de-1076-millones-de-pasajeros\/","title":{"rendered":"Lufthansa Group cierra 2015 con un r\u00e9cord de 107,6 millones de pasajeros"},"content":{"rendered":"<p><img fetchpriority=\"high\" decoding=\"async\" class=\"alignleft size-medium wp-image-60389\" src=\"https:\/\/eldigitaldeasturias.com\/magazine365\/wp-content\/uploads\/2016\/01\/fotonoticia_20160112172754_800-360x266.jpg\" alt=\"fotonoticia_20160112172754_800\" width=\"360\" height=\"266\" srcset=\"https:\/\/eldigitaldeasturias.com\/magazine365\/wp-content\/uploads\/2016\/01\/fotonoticia_20160112172754_800-360x266.jpg 360w, https:\/\/eldigitaldeasturias.com\/magazine365\/wp-content\/uploads\/2016\/01\/fotonoticia_20160112172754_800-650x481.jpg 650w, https:\/\/eldigitaldeasturias.com\/magazine365\/wp-content\/uploads\/2016\/01\/fotonoticia_20160112172754_800-768x568.jpg 768w, https:\/\/eldigitaldeasturias.com\/magazine365\/wp-content\/uploads\/2016\/01\/fotonoticia_20160112172754_800-150x111.jpg 150w, https:\/\/eldigitaldeasturias.com\/magazine365\/wp-content\/uploads\/2016\/01\/fotonoticia_20160112172754_800-450x333.jpg 450w, https:\/\/eldigitaldeasturias.com\/magazine365\/wp-content\/uploads\/2016\/01\/fotonoticia_20160112172754_800-80x60.jpg 80w, https:\/\/eldigitaldeasturias.com\/magazine365\/wp-content\/uploads\/2016\/01\/fotonoticia_20160112172754_800-696x515.jpg 696w, https:\/\/eldigitaldeasturias.com\/magazine365\/wp-content\/uploads\/2016\/01\/fotonoticia_20160112172754_800-568x420.jpg 568w, https:\/\/eldigitaldeasturias.com\/magazine365\/wp-content\/uploads\/2016\/01\/fotonoticia_20160112172754_800-338x250.jpg 338w, https:\/\/eldigitaldeasturias.com\/magazine365\/wp-content\/uploads\/2016\/01\/fotonoticia_20160112172754_800-90x67.jpg 90w, https:\/\/eldigitaldeasturias.com\/magazine365\/wp-content\/uploads\/2016\/01\/fotonoticia_20160112172754_800-100x75.jpg 100w, https:\/\/eldigitaldeasturias.com\/magazine365\/wp-content\/uploads\/2016\/01\/fotonoticia_20160112172754_800.jpg 800w\" sizes=\"(max-width: 360px) 100vw, 360px\" \/>El Grupo Lufhtansa &#8211;que incluye Swiss, Austrian Airlines y Lufthansa Cargo&#8211; aument\u00f3 un 1,6% sus pasajeros durante 2015, con un r\u00e9cord de 107,6 millones de viajeros, y m\u00e1s de un mill\u00f3n de vuelos operados, un 0,2% m\u00e1s que el a\u00f1o anterior, pese a afrontar en noviembre la huelga m\u00e1s larga de su historia.<\/p>\n<p>Lufthansa se vio obligada a cancelar 4.700 vuelos a causa de la huelga de una semana de sus tripulantes de cabina (TCP) en noviembre, lo que afect\u00f3 a unos 550.000 pasajeros, con un coste diario de 10 millones al d\u00eda para la aerol\u00ednea.<\/p>\n<p>En diciembre, el grupo a\u00e9reo alem\u00e1n sum\u00f3 7,35 millones de viajeros, lo que supone un 2% m\u00e1s, tras aumentar en un 5,3% su oferta y elevar un 3,8% su tr\u00e1fico a\u00e9reo de pasajeros. El factor de ocupaci\u00f3n se situ\u00f3 en el 76,4%, lo que supone 1,1 puntos porcentuales menos.<\/p>\n<p>Durante 2015, el Grupo Lufthansa registr\u00f3 un incremento del 2,2% de su oferta y del 2,7% en su tr\u00e1fico a\u00e9reo de viajeros, con un factor de ocupaci\u00f3n del 80,4%, lo que supone 0,3 puntos porcentuales m\u00e1s.<\/p>\n<p>UN 2,3% M\u00c1S PARA LUFTHANSA.<\/p>\n<p>Solo Lufthansa, su compa\u00f1\u00eda matriz, transport\u00f3 79,3 millones de viajeros durante 2015, lo que supone un 2,3% m\u00e1s, tras aumentar un 2,4% su oferta y elevar un 3,4% su tr\u00e1fico a\u00e9reo de pasajeros. La tasa de ocupaci\u00f3n fue del 80,2%, 0,8 puntos porcentuales m\u00e1s. Oper\u00f3 un total de 701.404 vuelos, el mismo nivel que en 2014.<\/p>\n<p>En diciembre, la principal aerol\u00ednea del grupo sum\u00f3 5,3 millones de pasajeros, un 4% m\u00e1s, con un incremento del 7,5% de la oferta y del 7% del tr\u00e1fico a\u00e9reo de viajeros. El n\u00famero de vuelos operados aument\u00f3 un 3,4% en el mes, hasta 51.360 vuelos. El factor de ocupaci\u00f3n se situ\u00f3 en el 76,2%, 0,4 puntos porcentuales menos.<\/p>\n<p>En cuanto al resto de aerol\u00edneas, Austrian Airlines cerr\u00f3 2015 con una ca\u00edda del 3% de pasajeros, hasta los 10,8 millones de viajeros, tras recortar levemente la oferta (-0,1%) y registrar una ca\u00edda del 1,3% del tr\u00e1fico de pasajeros. El factor de ocupaci\u00f3n se situ\u00f3 en el 78%, lo que supone 0,9 puntos porcentuales menos, y se mantuvo en 126.827 movimientos.<\/p>\n<p>En diciembre, Austrian Airlines perdi\u00f3 un 4,5% de viajeros, hasta 712.000, con una oferta un 1,8% menos y un tr\u00e1fico un 6,4% inferior. La ocupaci\u00f3n fue del 78%, lo que supone 0,9 puntos porcentuales menos.<\/p>\n<p>Swiss transport\u00f3 17,5 millones de pasajeros durante 2015, lo que supone un 1,5% m\u00e1s que el a\u00f1o anterior, con un aumento del 2,2% de la oferta y del 1,6% del tr\u00e1fico a\u00e9reo. El factor de ocupaci\u00f3n se situ\u00f3 en el 82,8%, lo que supone 0,5 puntos porcentuales menos. Oper\u00f3 166.038 vuelos, un 1,4% m\u00e1s.<\/p>\n<p>En diciembre, Swiss sum\u00f3 1,2 millones de viajeros, un 1,9% menos que en el mismo mes de 2014, con un aumento del 7,5% de la oferta y del 7% del tr\u00e1fico de pasajeros. El factor de ocupaci\u00f3n fue del 76,2%, 0,4 puntos porcentuales menos.<\/p>\n<p>El transporte de carga de Lufthansa Cargo descendi\u00f3 un 2,4%, con una oferta un 2% superior, y una ca\u00edda del 2,9% del tr\u00e1fico. La tasa de ocupaci\u00f3n alcanz\u00f3 el 66,3%, 3,4 puntos porcentuales menos. El n\u00famero de vuelos operados alcanz\u00f3 los 9.391 vuelos, un 3,8% menos.<\/p>\n<p>POR MERCADOS.<\/p>\n<p>Durante 2015, la regi\u00f3n que m\u00e1s creci\u00f3 en todo el grupo fue Asia-Pac\u00edfico, con un 4,1% m\u00e1s de pasajeros, hasta superar los 6,6 millones, tras aumentar un 3,4% su oferta y un 4,2% su demanda. El factor de ocupaci\u00f3n se situ\u00f3 en el 82,6%, 0,6 puntos porcentuales m\u00e1s.<\/p>\n<p>Le sigue Am\u00e9rica, con un incremento del 3,6%, hasta m\u00e1s de 10,4 millones de pasajeros, con una oferta un 4,2% superior y un aumento del 4% en el tr\u00e1fico. El factor de ocupaci\u00f3n fue del 83,9%, 0,2 puntos porcentuales menos.<\/p>\n<p>En Oriente Medio y \u00c1frica, transport\u00f3 4,5 millones de viajeros (-0,1%), con un 0,3% menos de oferta y un descenso del 0,9% del tr\u00e1fico. El factor de ocupaci\u00f3n alcanz\u00f3 el 76,1%, 0,4 puntos porcentuales menos.<\/p>\n<p>En lo que se refiere a Lufthansa, logr\u00f3 aumentar sus pasajeros en todos los mercados en los que opera durante 2015: Asia-Pac\u00edfico (+6,5%), \u00c1frica-Oriente Medio (+2,9%) y Am\u00e9rica (+3%), por delante de Europa (+1,8%).<\/p>\n","protected":false},"excerpt":{"rendered":"<p>El Grupo Lufhtansa &#8211;que incluye Swiss, Austrian Airlines y Lufthansa Cargo&#8211; aument\u00f3 un 1,6% sus pasajeros durante 2015, con un r\u00e9cord de 107,6 millones de viajeros, y m\u00e1s de un mill\u00f3n de vuelos operados, un 0,2% m\u00e1s que el a\u00f1o anterior, pese a afrontar en noviembre la huelga m\u00e1s larga de su historia. Lufthansa se<\/p>\n","protected":false},"author":1,"featured_media":60389,"comment_status":"open","ping_status":"closed","sticky":false,"template":"","format":"standard","meta":{"footnotes":""},"categories":[224],"tags":[],"class_list":{"0":"post-60388","1":"post","2":"type-post","3":"status-publish","4":"format-standard","5":"has-post-thumbnail","7":"category-noticias-actualidad"},"aioseo_notices":[],"aioseo_head":"\n\t\t<!-- All in One SEO Pro 4.9.6.1 - aioseo.com -->\n\t<meta name=\"description\" content=\"El Grupo Lufhtansa --que incluye Swiss, Austrian Airlines y Lufthansa Cargo-- aument\u00f3 un 1,6% sus pasajeros durante 2015, con un r\u00e9cord de 107,6 millones de viajeros, y m\u00e1s de un mill\u00f3n de vuelos operados, un 0,2% m\u00e1s que el a\u00f1o anterior, pese a afrontar en noviembre la huelga m\u00e1s larga de su historia. Lufthansa se\" \/>\n\t<meta name=\"robots\" content=\"max-image-preview:large\" \/>\n\t<meta name=\"author\" content=\"admin\"\/>\n\t<meta name=\"google-site-verification\" content=\"UA-38556648-1\" \/>\n\t<meta name=\"keywords\" content=\"noticias y actualidad\" \/>\n\t<link rel=\"canonical\" href=\"https:\/\/eldigitaldeasturias.com\/magazine365\/lufthansa-group-cierra-2015-con-un-record-de-1076-millones-de-pasajeros\/\" \/>\n\t<meta name=\"generator\" content=\"All in One SEO Pro (AIOSEO) 4.9.6.1\" \/>\n\t\t<meta property=\"og:locale\" content=\"es_ES\" \/>\n\t\t<meta property=\"og:site_name\" content=\"El Digital de Asturias \u2013 Revista de ocio, turismo y estilo de vida\" \/>\n\t\t<meta property=\"og:type\" content=\"article\" \/>\n\t\t<meta property=\"og:title\" content=\"Lufthansa Group cierra 2015 con un r\u00e9cord de 107,6 millones de pasajeros | El Digital de Asturias\" \/>\n\t\t<meta property=\"og:description\" content=\"El Grupo Lufhtansa --que incluye Swiss, Austrian Airlines y Lufthansa Cargo-- aument\u00f3 un 1,6% sus pasajeros durante 2015, con un r\u00e9cord de 107,6 millones de viajeros, y m\u00e1s de un mill\u00f3n de vuelos operados, un 0,2% m\u00e1s que el a\u00f1o anterior, pese a afrontar en noviembre la huelga m\u00e1s larga de su historia. Lufthansa se\" \/>\n\t\t<meta property=\"og:url\" content=\"https:\/\/eldigitaldeasturias.com\/magazine365\/lufthansa-group-cierra-2015-con-un-record-de-1076-millones-de-pasajeros\/\" \/>\n\t\t<meta property=\"og:image\" content=\"https:\/\/eldigitaldeasturias.com\/magazine365\/wp-content\/uploads\/2016\/01\/fotonoticia_20160112172754_800.jpg\" \/>\n\t\t<meta property=\"og:image:secure_url\" content=\"https:\/\/eldigitaldeasturias.com\/magazine365\/wp-content\/uploads\/2016\/01\/fotonoticia_20160112172754_800.jpg\" \/>\n\t\t<meta property=\"og:image:width\" content=\"800\" \/>\n\t\t<meta property=\"og:image:height\" content=\"592\" \/>\n\t\t<meta property=\"article:published_time\" content=\"2016-01-13T13:42:30+00:00\" \/>\n\t\t<meta property=\"article:modified_time\" content=\"2016-01-13T13:42:30+00:00\" \/>\n\t\t<meta name=\"twitter:card\" content=\"summary_large_image\" \/>\n\t\t<meta name=\"twitter:title\" content=\"Lufthansa Group cierra 2015 con un r\u00e9cord de 107,6 millones de pasajeros | El Digital de Asturias\" \/>\n\t\t<meta name=\"twitter:description\" content=\"El Grupo Lufhtansa --que incluye Swiss, Austrian Airlines y Lufthansa Cargo-- aument\u00f3 un 1,6% sus pasajeros durante 2015, con un r\u00e9cord de 107,6 millones de viajeros, y m\u00e1s de un mill\u00f3n de vuelos operados, un 0,2% m\u00e1s que el a\u00f1o anterior, pese a afrontar en noviembre la huelga m\u00e1s larga de su historia. Lufthansa se\" \/>\n\t\t<meta name=\"twitter:image\" content=\"https:\/\/eldigitaldeasturias.com\/magazine365\/wp-content\/uploads\/2016\/01\/fotonoticia_20160112172754_800.jpg\" \/>\n\t\t<script type=\"application\/ld+json\" class=\"aioseo-schema\">\n\t\t\t{\"@context\":\"https:\\\/\\\/schema.org\",\"@graph\":[{\"@type\":\"Article\",\"@id\":\"https:\\\/\\\/eldigitaldeasturias.com\\\/magazine365\\\/lufthansa-group-cierra-2015-con-un-record-de-1076-millones-de-pasajeros\\\/#article\",\"name\":\"Lufthansa Group cierra 2015 con un r\\u00e9cord de 107,6 millones de pasajeros | El Digital de Asturias\",\"headline\":\"Lufthansa Group cierra 2015 con un r\\u00e9cord de 107,6 millones de pasajeros\",\"author\":{\"@id\":\"https:\\\/\\\/eldigitaldeasturias.com\\\/magazine365\\\/author\\\/admin\\\/#author\"},\"publisher\":{\"@id\":\"https:\\\/\\\/eldigitaldeasturias.com\\\/magazine365\\\/#organization\"},\"image\":{\"@type\":\"ImageObject\",\"url\":\"https:\\\/\\\/eldigitaldeasturias.com\\\/magazine365\\\/wp-content\\\/uploads\\\/2016\\\/01\\\/fotonoticia_20160112172754_800.jpg\",\"width\":800,\"height\":592},\"datePublished\":\"2016-01-13T14:42:30+01:00\",\"dateModified\":\"2016-01-13T14:42:30+01:00\",\"inLanguage\":\"es-ES\",\"mainEntityOfPage\":{\"@id\":\"https:\\\/\\\/eldigitaldeasturias.com\\\/magazine365\\\/lufthansa-group-cierra-2015-con-un-record-de-1076-millones-de-pasajeros\\\/#webpage\"},\"isPartOf\":{\"@id\":\"https:\\\/\\\/eldigitaldeasturias.com\\\/magazine365\\\/lufthansa-group-cierra-2015-con-un-record-de-1076-millones-de-pasajeros\\\/#webpage\"},\"articleSection\":\"Noticias y Actualidad\"},{\"@type\":\"BreadcrumbList\",\"@id\":\"https:\\\/\\\/eldigitaldeasturias.com\\\/magazine365\\\/lufthansa-group-cierra-2015-con-un-record-de-1076-millones-de-pasajeros\\\/#breadcrumblist\",\"itemListElement\":[{\"@type\":\"ListItem\",\"@id\":\"https:\\\/\\\/eldigitaldeasturias.com\\\/magazine365#listItem\",\"position\":1,\"name\":\"Home\",\"item\":\"https:\\\/\\\/eldigitaldeasturias.com\\\/magazine365\",\"nextItem\":{\"@type\":\"ListItem\",\"@id\":\"https:\\\/\\\/eldigitaldeasturias.com\\\/magazine365\\\/category\\\/noticias-actualidad\\\/#listItem\",\"name\":\"Noticias y Actualidad\"}},{\"@type\":\"ListItem\",\"@id\":\"https:\\\/\\\/eldigitaldeasturias.com\\\/magazine365\\\/category\\\/noticias-actualidad\\\/#listItem\",\"position\":2,\"name\":\"Noticias y Actualidad\",\"item\":\"https:\\\/\\\/eldigitaldeasturias.com\\\/magazine365\\\/category\\\/noticias-actualidad\\\/\",\"nextItem\":{\"@type\":\"ListItem\",\"@id\":\"https:\\\/\\\/eldigitaldeasturias.com\\\/magazine365\\\/lufthansa-group-cierra-2015-con-un-record-de-1076-millones-de-pasajeros\\\/#listItem\",\"name\":\"Lufthansa Group cierra 2015 con un r\\u00e9cord de 107,6 millones de pasajeros\"},\"previousItem\":{\"@type\":\"ListItem\",\"@id\":\"https:\\\/\\\/eldigitaldeasturias.com\\\/magazine365#listItem\",\"name\":\"Home\"}},{\"@type\":\"ListItem\",\"@id\":\"https:\\\/\\\/eldigitaldeasturias.com\\\/magazine365\\\/lufthansa-group-cierra-2015-con-un-record-de-1076-millones-de-pasajeros\\\/#listItem\",\"position\":3,\"name\":\"Lufthansa Group cierra 2015 con un r\\u00e9cord de 107,6 millones de pasajeros\",\"previousItem\":{\"@type\":\"ListItem\",\"@id\":\"https:\\\/\\\/eldigitaldeasturias.com\\\/magazine365\\\/category\\\/noticias-actualidad\\\/#listItem\",\"name\":\"Noticias y Actualidad\"}}]},{\"@type\":\"Organization\",\"@id\":\"https:\\\/\\\/eldigitaldeasturias.com\\\/magazine365\\\/#organization\",\"name\":\"El digital de Asturias\",\"description\":\"Revista de ocio, turismo y estilo de vida\",\"url\":\"https:\\\/\\\/eldigitaldeasturias.com\\\/magazine365\\\/\",\"logo\":{\"@type\":\"ImageObject\",\"url\":\"https:\\\/\\\/www.eldigitaldeasturias.com\\\/noticias\\\/wp-content\\\/uploads\\\/2020\\\/12\\\/EDA.jpg\",\"@id\":\"https:\\\/\\\/eldigitaldeasturias.com\\\/magazine365\\\/lufthansa-group-cierra-2015-con-un-record-de-1076-millones-de-pasajeros\\\/#organizationLogo\"},\"image\":{\"@id\":\"https:\\\/\\\/eldigitaldeasturias.com\\\/magazine365\\\/lufthansa-group-cierra-2015-con-un-record-de-1076-millones-de-pasajeros\\\/#organizationLogo\"}},{\"@type\":\"Person\",\"@id\":\"https:\\\/\\\/eldigitaldeasturias.com\\\/magazine365\\\/author\\\/admin\\\/#author\",\"url\":\"https:\\\/\\\/eldigitaldeasturias.com\\\/magazine365\\\/author\\\/admin\\\/\",\"name\":\"admin\",\"image\":{\"@type\":\"ImageObject\",\"@id\":\"https:\\\/\\\/eldigitaldeasturias.com\\\/magazine365\\\/lufthansa-group-cierra-2015-con-un-record-de-1076-millones-de-pasajeros\\\/#authorImage\",\"url\":\"https:\\\/\\\/eldigitaldeasturias.com\\\/magazine365\\\/wp-content\\\/litespeed\\\/avatar\\\/e571bcf59a0edd6fa6838245a470f2fe.jpg?ver=1777574230\",\"width\":96,\"height\":96,\"caption\":\"admin\"}},{\"@type\":\"WebPage\",\"@id\":\"https:\\\/\\\/eldigitaldeasturias.com\\\/magazine365\\\/lufthansa-group-cierra-2015-con-un-record-de-1076-millones-de-pasajeros\\\/#webpage\",\"url\":\"https:\\\/\\\/eldigitaldeasturias.com\\\/magazine365\\\/lufthansa-group-cierra-2015-con-un-record-de-1076-millones-de-pasajeros\\\/\",\"name\":\"Lufthansa Group cierra 2015 con un r\\u00e9cord de 107,6 millones de pasajeros | El Digital de Asturias\",\"description\":\"El Grupo Lufhtansa --que incluye Swiss, Austrian Airlines y Lufthansa Cargo-- aument\\u00f3 un 1,6% sus pasajeros durante 2015, con un r\\u00e9cord de 107,6 millones de viajeros, y m\\u00e1s de un mill\\u00f3n de vuelos operados, un 0,2% m\\u00e1s que el a\\u00f1o anterior, pese a afrontar en noviembre la huelga m\\u00e1s larga de su historia. Lufthansa se\",\"inLanguage\":\"es-ES\",\"isPartOf\":{\"@id\":\"https:\\\/\\\/eldigitaldeasturias.com\\\/magazine365\\\/#website\"},\"breadcrumb\":{\"@id\":\"https:\\\/\\\/eldigitaldeasturias.com\\\/magazine365\\\/lufthansa-group-cierra-2015-con-un-record-de-1076-millones-de-pasajeros\\\/#breadcrumblist\"},\"author\":{\"@id\":\"https:\\\/\\\/eldigitaldeasturias.com\\\/magazine365\\\/author\\\/admin\\\/#author\"},\"creator\":{\"@id\":\"https:\\\/\\\/eldigitaldeasturias.com\\\/magazine365\\\/author\\\/admin\\\/#author\"},\"image\":{\"@type\":\"ImageObject\",\"url\":\"https:\\\/\\\/eldigitaldeasturias.com\\\/magazine365\\\/wp-content\\\/uploads\\\/2016\\\/01\\\/fotonoticia_20160112172754_800.jpg\",\"@id\":\"https:\\\/\\\/eldigitaldeasturias.com\\\/magazine365\\\/lufthansa-group-cierra-2015-con-un-record-de-1076-millones-de-pasajeros\\\/#mainImage\",\"width\":800,\"height\":592},\"primaryImageOfPage\":{\"@id\":\"https:\\\/\\\/eldigitaldeasturias.com\\\/magazine365\\\/lufthansa-group-cierra-2015-con-un-record-de-1076-millones-de-pasajeros\\\/#mainImage\"},\"datePublished\":\"2016-01-13T14:42:30+01:00\",\"dateModified\":\"2016-01-13T14:42:30+01:00\"},{\"@type\":\"WebSite\",\"@id\":\"https:\\\/\\\/eldigitaldeasturias.com\\\/magazine365\\\/#website\",\"url\":\"https:\\\/\\\/eldigitaldeasturias.com\\\/magazine365\\\/\",\"name\":\"El Digital de Asturias\",\"description\":\"Revista de ocio, turismo y estilo de vida\",\"inLanguage\":\"es-ES\",\"publisher\":{\"@id\":\"https:\\\/\\\/eldigitaldeasturias.com\\\/magazine365\\\/#organization\"}}]}\n\t\t<\/script>\n\t\t<!-- All in One SEO Pro -->\r\n\t\t<title>Lufthansa Group cierra 2015 con un r\u00e9cord de 107,6 millones de pasajeros | El Digital de Asturias<\/title>\n\n","aioseo_head_json":{"title":"Lufthansa Group cierra 2015 con un r\u00e9cord de 107,6 millones de pasajeros | El Digital de Asturias","description":"El Grupo Lufhtansa --que incluye Swiss, Austrian Airlines y Lufthansa Cargo-- aument\u00f3 un 1,6% sus pasajeros durante 2015, con un r\u00e9cord de 107,6 millones de viajeros, y m\u00e1s de un mill\u00f3n de vuelos operados, un 0,2% m\u00e1s que el a\u00f1o anterior, pese a afrontar en noviembre la huelga m\u00e1s larga de su historia. Lufthansa se","canonical_url":"https:\/\/eldigitaldeasturias.com\/magazine365\/lufthansa-group-cierra-2015-con-un-record-de-1076-millones-de-pasajeros\/","robots":"max-image-preview:large","keywords":"noticias y actualidad","webmasterTools":{"google-site-verification":"UA-38556648-1","miscellaneous":""},"schema":{"@context":"https:\/\/schema.org","@graph":[{"@type":"Article","@id":"https:\/\/eldigitaldeasturias.com\/magazine365\/lufthansa-group-cierra-2015-con-un-record-de-1076-millones-de-pasajeros\/#article","name":"Lufthansa Group cierra 2015 con un r\u00e9cord de 107,6 millones de pasajeros | El Digital de Asturias","headline":"Lufthansa Group cierra 2015 con un r\u00e9cord de 107,6 millones de pasajeros","author":{"@id":"https:\/\/eldigitaldeasturias.com\/magazine365\/author\/admin\/#author"},"publisher":{"@id":"https:\/\/eldigitaldeasturias.com\/magazine365\/#organization"},"image":{"@type":"ImageObject","url":"https:\/\/eldigitaldeasturias.com\/magazine365\/wp-content\/uploads\/2016\/01\/fotonoticia_20160112172754_800.jpg","width":800,"height":592},"datePublished":"2016-01-13T14:42:30+01:00","dateModified":"2016-01-13T14:42:30+01:00","inLanguage":"es-ES","mainEntityOfPage":{"@id":"https:\/\/eldigitaldeasturias.com\/magazine365\/lufthansa-group-cierra-2015-con-un-record-de-1076-millones-de-pasajeros\/#webpage"},"isPartOf":{"@id":"https:\/\/eldigitaldeasturias.com\/magazine365\/lufthansa-group-cierra-2015-con-un-record-de-1076-millones-de-pasajeros\/#webpage"},"articleSection":"Noticias y Actualidad"},{"@type":"BreadcrumbList","@id":"https:\/\/eldigitaldeasturias.com\/magazine365\/lufthansa-group-cierra-2015-con-un-record-de-1076-millones-de-pasajeros\/#breadcrumblist","itemListElement":[{"@type":"ListItem","@id":"https:\/\/eldigitaldeasturias.com\/magazine365#listItem","position":1,"name":"Home","item":"https:\/\/eldigitaldeasturias.com\/magazine365","nextItem":{"@type":"ListItem","@id":"https:\/\/eldigitaldeasturias.com\/magazine365\/category\/noticias-actualidad\/#listItem","name":"Noticias y Actualidad"}},{"@type":"ListItem","@id":"https:\/\/eldigitaldeasturias.com\/magazine365\/category\/noticias-actualidad\/#listItem","position":2,"name":"Noticias y Actualidad","item":"https:\/\/eldigitaldeasturias.com\/magazine365\/category\/noticias-actualidad\/","nextItem":{"@type":"ListItem","@id":"https:\/\/eldigitaldeasturias.com\/magazine365\/lufthansa-group-cierra-2015-con-un-record-de-1076-millones-de-pasajeros\/#listItem","name":"Lufthansa Group cierra 2015 con un r\u00e9cord de 107,6 millones de pasajeros"},"previousItem":{"@type":"ListItem","@id":"https:\/\/eldigitaldeasturias.com\/magazine365#listItem","name":"Home"}},{"@type":"ListItem","@id":"https:\/\/eldigitaldeasturias.com\/magazine365\/lufthansa-group-cierra-2015-con-un-record-de-1076-millones-de-pasajeros\/#listItem","position":3,"name":"Lufthansa Group cierra 2015 con un r\u00e9cord de 107,6 millones de pasajeros","previousItem":{"@type":"ListItem","@id":"https:\/\/eldigitaldeasturias.com\/magazine365\/category\/noticias-actualidad\/#listItem","name":"Noticias y Actualidad"}}]},{"@type":"Organization","@id":"https:\/\/eldigitaldeasturias.com\/magazine365\/#organization","name":"El digital de Asturias","description":"Revista de ocio, turismo y estilo de vida","url":"https:\/\/eldigitaldeasturias.com\/magazine365\/","logo":{"@type":"ImageObject","url":"https:\/\/www.eldigitaldeasturias.com\/noticias\/wp-content\/uploads\/2020\/12\/EDA.jpg","@id":"https:\/\/eldigitaldeasturias.com\/magazine365\/lufthansa-group-cierra-2015-con-un-record-de-1076-millones-de-pasajeros\/#organizationLogo"},"image":{"@id":"https:\/\/eldigitaldeasturias.com\/magazine365\/lufthansa-group-cierra-2015-con-un-record-de-1076-millones-de-pasajeros\/#organizationLogo"}},{"@type":"Person","@id":"https:\/\/eldigitaldeasturias.com\/magazine365\/author\/admin\/#author","url":"https:\/\/eldigitaldeasturias.com\/magazine365\/author\/admin\/","name":"admin","image":{"@type":"ImageObject","@id":"https:\/\/eldigitaldeasturias.com\/magazine365\/lufthansa-group-cierra-2015-con-un-record-de-1076-millones-de-pasajeros\/#authorImage","url":"https:\/\/eldigitaldeasturias.com\/magazine365\/wp-content\/litespeed\/avatar\/e571bcf59a0edd6fa6838245a470f2fe.jpg?ver=1777574230","width":96,"height":96,"caption":"admin"}},{"@type":"WebPage","@id":"https:\/\/eldigitaldeasturias.com\/magazine365\/lufthansa-group-cierra-2015-con-un-record-de-1076-millones-de-pasajeros\/#webpage","url":"https:\/\/eldigitaldeasturias.com\/magazine365\/lufthansa-group-cierra-2015-con-un-record-de-1076-millones-de-pasajeros\/","name":"Lufthansa Group cierra 2015 con un r\u00e9cord de 107,6 millones de pasajeros | El Digital de Asturias","description":"El Grupo Lufhtansa --que incluye Swiss, Austrian Airlines y Lufthansa Cargo-- aument\u00f3 un 1,6% sus pasajeros durante 2015, con un r\u00e9cord de 107,6 millones de viajeros, y m\u00e1s de un mill\u00f3n de vuelos operados, un 0,2% m\u00e1s que el a\u00f1o anterior, pese a afrontar en noviembre la huelga m\u00e1s larga de su historia. Lufthansa se","inLanguage":"es-ES","isPartOf":{"@id":"https:\/\/eldigitaldeasturias.com\/magazine365\/#website"},"breadcrumb":{"@id":"https:\/\/eldigitaldeasturias.com\/magazine365\/lufthansa-group-cierra-2015-con-un-record-de-1076-millones-de-pasajeros\/#breadcrumblist"},"author":{"@id":"https:\/\/eldigitaldeasturias.com\/magazine365\/author\/admin\/#author"},"creator":{"@id":"https:\/\/eldigitaldeasturias.com\/magazine365\/author\/admin\/#author"},"image":{"@type":"ImageObject","url":"https:\/\/eldigitaldeasturias.com\/magazine365\/wp-content\/uploads\/2016\/01\/fotonoticia_20160112172754_800.jpg","@id":"https:\/\/eldigitaldeasturias.com\/magazine365\/lufthansa-group-cierra-2015-con-un-record-de-1076-millones-de-pasajeros\/#mainImage","width":800,"height":592},"primaryImageOfPage":{"@id":"https:\/\/eldigitaldeasturias.com\/magazine365\/lufthansa-group-cierra-2015-con-un-record-de-1076-millones-de-pasajeros\/#mainImage"},"datePublished":"2016-01-13T14:42:30+01:00","dateModified":"2016-01-13T14:42:30+01:00"},{"@type":"WebSite","@id":"https:\/\/eldigitaldeasturias.com\/magazine365\/#website","url":"https:\/\/eldigitaldeasturias.com\/magazine365\/","name":"El Digital de Asturias","description":"Revista de ocio, turismo y estilo de vida","inLanguage":"es-ES","publisher":{"@id":"https:\/\/eldigitaldeasturias.com\/magazine365\/#organization"}}]},"og:locale":"es_ES","og:site_name":"El Digital de Asturias \u2013 Revista de ocio, turismo y estilo de vida","og:type":"article","og:title":"Lufthansa Group cierra 2015 con un r\u00e9cord de 107,6 millones de pasajeros | El Digital de Asturias","og:description":"El Grupo Lufhtansa --que incluye Swiss, Austrian Airlines y Lufthansa Cargo-- aument\u00f3 un 1,6% sus pasajeros durante 2015, con un r\u00e9cord de 107,6 millones de viajeros, y m\u00e1s de un mill\u00f3n de vuelos operados, un 0,2% m\u00e1s que el a\u00f1o anterior, pese a afrontar en noviembre la huelga m\u00e1s larga de su historia. Lufthansa se","og:url":"https:\/\/eldigitaldeasturias.com\/magazine365\/lufthansa-group-cierra-2015-con-un-record-de-1076-millones-de-pasajeros\/","og:image":"https:\/\/eldigitaldeasturias.com\/magazine365\/wp-content\/uploads\/2016\/01\/fotonoticia_20160112172754_800.jpg","og:image:secure_url":"https:\/\/eldigitaldeasturias.com\/magazine365\/wp-content\/uploads\/2016\/01\/fotonoticia_20160112172754_800.jpg","og:image:width":800,"og:image:height":592,"article:published_time":"2016-01-13T13:42:30+00:00","article:modified_time":"2016-01-13T13:42:30+00:00","twitter:card":"summary_large_image","twitter:title":"Lufthansa Group cierra 2015 con un r\u00e9cord de 107,6 millones de pasajeros | El Digital de Asturias","twitter:description":"El Grupo Lufhtansa --que incluye Swiss, Austrian Airlines y Lufthansa Cargo-- aument\u00f3 un 1,6% sus pasajeros durante 2015, con un r\u00e9cord de 107,6 millones de viajeros, y m\u00e1s de un mill\u00f3n de vuelos operados, un 0,2% m\u00e1s que el a\u00f1o anterior, pese a afrontar en noviembre la huelga m\u00e1s larga de su historia. Lufthansa se","twitter:image":"https:\/\/eldigitaldeasturias.com\/magazine365\/wp-content\/uploads\/2016\/01\/fotonoticia_20160112172754_800.jpg"},"aioseo_meta_data":{"post_id":"60388","title":null,"description":null,"keywords":null,"keyphrases":null,"primary_term":null,"canonical_url":null,"og_title":null,"og_description":null,"og_object_type":"default","og_image_type":"default","og_image_url":null,"og_image_width":null,"og_image_height":null,"og_image_custom_url":null,"og_image_custom_fields":null,"og_video":null,"og_custom_url":null,"og_article_section":null,"og_article_tags":null,"twitter_use_og":false,"twitter_card":"default","twitter_image_type":"default","twitter_image_url":null,"twitter_image_custom_url":null,"twitter_image_custom_fields":null,"twitter_title":null,"twitter_description":null,"schema":{"blockGraphs":[],"customGraphs":[],"default":{"data":{"Article":[],"Course":[],"Dataset":[],"FAQPage":[],"Movie":[],"Person":[],"Product":[],"ProductReview":[],"Car":[],"Recipe":[],"Service":[],"SoftwareApplication":[],"WebPage":[]},"graphName":"","isEnabled":true},"graphs":[],"defaultGraph":"","defaultPostTypeGraph":""},"schema_type":null,"schema_type_options":null,"pillar_content":false,"robots_default":true,"robots_noindex":false,"robots_noarchive":false,"robots_nosnippet":false,"robots_nofollow":false,"robots_noimageindex":false,"robots_noodp":false,"robots_notranslate":false,"robots_max_snippet":null,"robots_max_videopreview":null,"robots_max_imagepreview":"large","priority":null,"frequency":null,"location":null,"local_seo":null,"seo_analyzer_scan_date":"2025-09-25 06:49:34","breadcrumb_settings":null,"limit_modified_date":false,"open_ai":null,"ai":null,"created":"2021-03-08 22:00:44","updated":"2025-09-25 06:49:34"},"aioseo_breadcrumb":"<div class=\"aioseo-breadcrumbs\"><span class=\"aioseo-breadcrumb\">\n\t<a href=\"https:\/\/eldigitaldeasturias.com\/magazine365\" title=\"Home\">Home<\/a>\n<\/span><span class=\"aioseo-breadcrumb-separator\">\u2013<\/span><span class=\"aioseo-breadcrumb\">\n\t<a href=\"https:\/\/eldigitaldeasturias.com\/magazine365\/category\/noticias-actualidad\/\" title=\"Noticias y Actualidad\">Noticias y Actualidad<\/a>\n<\/span><span class=\"aioseo-breadcrumb-separator\">\u2013<\/span><span class=\"aioseo-breadcrumb\">\n\t<a href=\"https:\/\/eldigitaldeasturias.com\/magazine365\/lufthansa-group-cierra-2015-con-un-record-de-1076-millones-de-pasajeros\/\" title=\"Lufthansa Group cierra 2015 con un r\u00e9cord de 107,6 millones de pasajeros\">Lufthansa Group cierra 2015 con un r\u00e9cord de 107,6 millones de pasajeros<\/a>\n<\/span><\/div>","aioseo_breadcrumb_json":[{"label":"Home","link":"https:\/\/eldigitaldeasturias.com\/magazine365"},{"label":"Noticias y Actualidad","link":"https:\/\/eldigitaldeasturias.com\/magazine365\/category\/noticias-actualidad\/"},{"label":"Lufthansa Group cierra 2015 con un r\u00e9cord de 107,6 millones de pasajeros","link":"https:\/\/eldigitaldeasturias.com\/magazine365\/lufthansa-group-cierra-2015-con-un-record-de-1076-millones-de-pasajeros\/"}],"_links":{"self":[{"href":"https:\/\/eldigitaldeasturias.com\/magazine365\/wp-json\/wp\/v2\/posts\/60388","targetHints":{"allow":["GET"]}}],"collection":[{"href":"https:\/\/eldigitaldeasturias.com\/magazine365\/wp-json\/wp\/v2\/posts"}],"about":[{"href":"https:\/\/eldigitaldeasturias.com\/magazine365\/wp-json\/wp\/v2\/types\/post"}],"author":[{"embeddable":true,"href":"https:\/\/eldigitaldeasturias.com\/magazine365\/wp-json\/wp\/v2\/users\/1"}],"replies":[{"embeddable":true,"href":"https:\/\/eldigitaldeasturias.com\/magazine365\/wp-json\/wp\/v2\/comments?post=60388"}],"version-history":[{"count":0,"href":"https:\/\/eldigitaldeasturias.com\/magazine365\/wp-json\/wp\/v2\/posts\/60388\/revisions"}],"wp:featuredmedia":[{"embeddable":true,"href":"https:\/\/eldigitaldeasturias.com\/magazine365\/wp-json\/wp\/v2\/media\/60389"}],"wp:attachment":[{"href":"https:\/\/eldigitaldeasturias.com\/magazine365\/wp-json\/wp\/v2\/media?parent=60388"}],"wp:term":[{"taxonomy":"category","embeddable":true,"href":"https:\/\/eldigitaldeasturias.com\/magazine365\/wp-json\/wp\/v2\/categories?post=60388"},{"taxonomy":"post_tag","embeddable":true,"href":"https:\/\/eldigitaldeasturias.com\/magazine365\/wp-json\/wp\/v2\/tags?post=60388"}],"curies":[{"name":"wp","href":"https:\/\/api.w.org\/{rel}","templated":true}]}}