{"id":60371,"date":"2016-01-13T14:33:46","date_gmt":"2016-01-13T13:33:46","guid":{"rendered":"http:\/\/eldigitaldeasturias.com\/magazine365\/?p=60371"},"modified":"2016-01-13T14:33:46","modified_gmt":"2016-01-13T13:33:46","slug":"fomento-afirma-que-las-obras-del-ave-a-murcia-avanzan-a-muy-buen-ritmo","status":"publish","type":"post","link":"https:\/\/eldigitaldeasturias.com\/magazine365\/fomento-afirma-que-las-obras-del-ave-a-murcia-avanzan-a-muy-buen-ritmo\/","title":{"rendered":"Fomento afirma que las obras del AVE a Murcia \u00abavanzan a muy buen ritmo\u00bb"},"content":{"rendered":"<p><img fetchpriority=\"high\" decoding=\"async\" class=\"alignleft size-medium wp-image-60372\" src=\"https:\/\/eldigitaldeasturias.com\/magazine365\/wp-content\/uploads\/2016\/01\/fotonoticia_20160112164020_800-360x240.jpg\" alt=\"fotonoticia_20160112164020_800\" width=\"360\" height=\"240\" srcset=\"https:\/\/eldigitaldeasturias.com\/magazine365\/wp-content\/uploads\/2016\/01\/fotonoticia_20160112164020_800-360x240.jpg 360w, https:\/\/eldigitaldeasturias.com\/magazine365\/wp-content\/uploads\/2016\/01\/fotonoticia_20160112164020_800-650x434.jpg 650w, https:\/\/eldigitaldeasturias.com\/magazine365\/wp-content\/uploads\/2016\/01\/fotonoticia_20160112164020_800-768x513.jpg 768w, https:\/\/eldigitaldeasturias.com\/magazine365\/wp-content\/uploads\/2016\/01\/fotonoticia_20160112164020_800-150x100.jpg 150w, https:\/\/eldigitaldeasturias.com\/magazine365\/wp-content\/uploads\/2016\/01\/fotonoticia_20160112164020_800-450x300.jpg 450w, https:\/\/eldigitaldeasturias.com\/magazine365\/wp-content\/uploads\/2016\/01\/fotonoticia_20160112164020_800-696x465.jpg 696w, https:\/\/eldigitaldeasturias.com\/magazine365\/wp-content\/uploads\/2016\/01\/fotonoticia_20160112164020_800-629x420.jpg 629w, https:\/\/eldigitaldeasturias.com\/magazine365\/wp-content\/uploads\/2016\/01\/fotonoticia_20160112164020_800-101x66.jpg 101w, https:\/\/eldigitaldeasturias.com\/magazine365\/wp-content\/uploads\/2016\/01\/fotonoticia_20160112164020_800.jpg 800w\" sizes=\"(max-width: 360px) 100vw, 360px\" \/>La ministra de Fomento, Ana Pastor, ha asegurado que \u00ablos trabajos\u00bb para que la Alta Velocidad ferroviaria llegue a la ciudad de Murcia \u00absiguen avanzando a muy buen ritmo\u00bb.<\/p>\n<p>\u00abCada vez lo tenemos m\u00e1s cerca\u00bb, ha aseverado Pastor tras reunirse este martes en Madrid con el presidente de la Regi\u00f3n de Murcia, Pedro Antonio S\u00e1nchez.<\/p>\n<p>\u00abTodo va en la direcci\u00f3n de hacer posible la llegada del AVE a la capital murciana este a\u00f1o 2016, despu\u00e9s de que hace unos d\u00edas se aprobase el pacto para que el AVE llegue \u00edntegramente soterrado a la ciudad, indic\u00f3 de su lado el presidente regional.<\/p>\n<p>S\u00e1nchez explic\u00f3 que las obras para el soterramiento del AVE \u00abse est\u00e1n iniciando\u00bb, dado que los estudios previos y el proyecto est\u00e1 licitado. \u00abPodemos decir que todo lo necesario para que las obras sean una realidad ya est\u00e1 en marcha\u00bb, ha puntualizado.<\/p>\n<p>INFRAESTRUCTURA \u00abIMPORTANTE\u00bb.<\/p>\n<p>Despu\u00e9s de que el AVE llegue a Murcia, se conectar\u00e1 con Cartagena y, posteriormente, con Lorca, algo que, a juicio del presidente regional, es \u00abimportante\u00bb para as\u00ed enlazar despu\u00e9s con Andaluc\u00eda.<\/p>\n<p>Asimismo, ha querido trasmitir las peticiones del Ejecutivo regional al Gobierno en funciones de Mariano Rajoy, \u00abporque sigue pendiente de cumplir sus compromisos con la Regi\u00f3n\u00bb, si bien ha calificado la reuni\u00f3n de este martes de \u00abpositiva\u00bb.<\/p>\n<p>Adem\u00e1s, ha destacado el \u00abcompromiso\u00bb de Ana Pastor y su empe\u00f1o en que \u00abse limen\u00bb los plazos \u00abpara darle la m\u00e1xima agilidad a los trabajos\u00bb.<\/p>\n<p>Por otro lado, en el encuentro tambi\u00e9n se han abordado la autov\u00eda Zeneta-San Javier, conocida como la &#8216;autov\u00eda del bancal&#8217;, as\u00ed como el aeropuerto Internacional ubicado en Corvera.<\/p>\n<p>En opini\u00f3n de S\u00e1nchez, es \u00abimportante\u00bb que se culminen todas estas infraestructuras para \u00abhacer una regi\u00f3n mejor comunicada, m\u00e1s competitiva, m\u00e1s fuerte, como m\u00e1s futuro y con m\u00e1s empleo\u00bb.<\/p>\n","protected":false},"excerpt":{"rendered":"<p>La ministra de Fomento, Ana Pastor, ha asegurado que \u00ablos trabajos\u00bb para que la Alta Velocidad ferroviaria llegue a la ciudad de Murcia \u00absiguen avanzando a muy buen ritmo\u00bb. \u00abCada vez lo tenemos m\u00e1s cerca\u00bb, ha aseverado Pastor tras reunirse este martes en Madrid con el presidente de la Regi\u00f3n de Murcia, Pedro Antonio S\u00e1nchez.<\/p>\n","protected":false},"author":1,"featured_media":60372,"comment_status":"open","ping_status":"closed","sticky":false,"template":"","format":"standard","meta":{"footnotes":""},"categories":[224],"tags":[],"class_list":{"0":"post-60371","1":"post","2":"type-post","3":"status-publish","4":"format-standard","5":"has-post-thumbnail","7":"category-noticias-actualidad"},"aioseo_notices":[],"aioseo_head":"\n\t\t<!-- All in One SEO Pro 4.9.6.1 - aioseo.com -->\n\t<meta name=\"description\" content=\"La ministra de Fomento, Ana Pastor, ha asegurado que &quot;los trabajos&quot; para que la Alta Velocidad ferroviaria llegue a la ciudad de Murcia &quot;siguen avanzando a muy buen ritmo&quot;. &quot;Cada vez lo tenemos m\u00e1s cerca&quot;, ha aseverado Pastor tras reunirse este martes en Madrid con el presidente de la Regi\u00f3n de Murcia, Pedro Antonio S\u00e1nchez.\" \/>\n\t<meta name=\"robots\" content=\"max-image-preview:large\" \/>\n\t<meta name=\"author\" content=\"admin\"\/>\n\t<meta name=\"google-site-verification\" content=\"UA-38556648-1\" \/>\n\t<meta name=\"keywords\" content=\"noticias y actualidad\" \/>\n\t<link rel=\"canonical\" href=\"https:\/\/eldigitaldeasturias.com\/magazine365\/fomento-afirma-que-las-obras-del-ave-a-murcia-avanzan-a-muy-buen-ritmo\/\" \/>\n\t<meta name=\"generator\" content=\"All in One SEO Pro (AIOSEO) 4.9.6.1\" \/>\n\t\t<meta property=\"og:locale\" content=\"es_ES\" \/>\n\t\t<meta property=\"og:site_name\" content=\"El Digital de Asturias \u2013 Revista de ocio, turismo y estilo de vida\" \/>\n\t\t<meta property=\"og:type\" content=\"article\" \/>\n\t\t<meta property=\"og:title\" content=\"Fomento afirma que las obras del AVE a Murcia \u00abavanzan a muy buen ritmo\u00bb | El Digital de Asturias\" \/>\n\t\t<meta property=\"og:description\" content=\"La ministra de Fomento, Ana Pastor, ha asegurado que &quot;los trabajos&quot; para que la Alta Velocidad ferroviaria llegue a la ciudad de Murcia &quot;siguen avanzando a muy buen ritmo&quot;. &quot;Cada vez lo tenemos m\u00e1s cerca&quot;, ha aseverado Pastor tras reunirse este martes en Madrid con el presidente de la Regi\u00f3n de Murcia, Pedro Antonio S\u00e1nchez.\" \/>\n\t\t<meta property=\"og:url\" content=\"https:\/\/eldigitaldeasturias.com\/magazine365\/fomento-afirma-que-las-obras-del-ave-a-murcia-avanzan-a-muy-buen-ritmo\/\" \/>\n\t\t<meta property=\"og:image\" content=\"https:\/\/eldigitaldeasturias.com\/magazine365\/wp-content\/uploads\/2016\/01\/fotonoticia_20160112164020_800.jpg\" \/>\n\t\t<meta property=\"og:image:secure_url\" content=\"https:\/\/eldigitaldeasturias.com\/magazine365\/wp-content\/uploads\/2016\/01\/fotonoticia_20160112164020_800.jpg\" \/>\n\t\t<meta property=\"og:image:width\" content=\"800\" \/>\n\t\t<meta property=\"og:image:height\" content=\"534\" \/>\n\t\t<meta property=\"article:published_time\" content=\"2016-01-13T13:33:46+00:00\" \/>\n\t\t<meta property=\"article:modified_time\" content=\"2016-01-13T13:33:46+00:00\" \/>\n\t\t<meta name=\"twitter:card\" content=\"summary_large_image\" \/>\n\t\t<meta name=\"twitter:title\" content=\"Fomento afirma que las obras del AVE a Murcia \u00abavanzan a muy buen ritmo\u00bb | El Digital de Asturias\" \/>\n\t\t<meta name=\"twitter:description\" content=\"La ministra de Fomento, Ana Pastor, ha asegurado que &quot;los trabajos&quot; para que la Alta Velocidad ferroviaria llegue a la ciudad de Murcia &quot;siguen avanzando a muy buen ritmo&quot;. &quot;Cada vez lo tenemos m\u00e1s cerca&quot;, ha aseverado Pastor tras reunirse este martes en Madrid con el presidente de la Regi\u00f3n de Murcia, Pedro Antonio S\u00e1nchez.\" \/>\n\t\t<meta name=\"twitter:image\" content=\"https:\/\/eldigitaldeasturias.com\/magazine365\/wp-content\/uploads\/2016\/01\/fotonoticia_20160112164020_800.jpg\" \/>\n\t\t<script type=\"application\/ld+json\" class=\"aioseo-schema\">\n\t\t\t{\"@context\":\"https:\\\/\\\/schema.org\",\"@graph\":[{\"@type\":\"Article\",\"@id\":\"https:\\\/\\\/eldigitaldeasturias.com\\\/magazine365\\\/fomento-afirma-que-las-obras-del-ave-a-murcia-avanzan-a-muy-buen-ritmo\\\/#article\",\"name\":\"Fomento afirma que las obras del AVE a Murcia \\u00abavanzan a muy buen ritmo\\u00bb | El Digital de Asturias\",\"headline\":\"Fomento afirma que las obras del AVE a Murcia \\u00abavanzan a muy buen ritmo\\u00bb\",\"author\":{\"@id\":\"https:\\\/\\\/eldigitaldeasturias.com\\\/magazine365\\\/author\\\/admin\\\/#author\"},\"publisher\":{\"@id\":\"https:\\\/\\\/eldigitaldeasturias.com\\\/magazine365\\\/#organization\"},\"image\":{\"@type\":\"ImageObject\",\"url\":\"https:\\\/\\\/eldigitaldeasturias.com\\\/magazine365\\\/wp-content\\\/uploads\\\/2016\\\/01\\\/fotonoticia_20160112164020_800.jpg\",\"width\":800,\"height\":534},\"datePublished\":\"2016-01-13T14:33:46+01:00\",\"dateModified\":\"2016-01-13T14:33:46+01:00\",\"inLanguage\":\"es-ES\",\"mainEntityOfPage\":{\"@id\":\"https:\\\/\\\/eldigitaldeasturias.com\\\/magazine365\\\/fomento-afirma-que-las-obras-del-ave-a-murcia-avanzan-a-muy-buen-ritmo\\\/#webpage\"},\"isPartOf\":{\"@id\":\"https:\\\/\\\/eldigitaldeasturias.com\\\/magazine365\\\/fomento-afirma-que-las-obras-del-ave-a-murcia-avanzan-a-muy-buen-ritmo\\\/#webpage\"},\"articleSection\":\"Noticias y Actualidad\"},{\"@type\":\"BreadcrumbList\",\"@id\":\"https:\\\/\\\/eldigitaldeasturias.com\\\/magazine365\\\/fomento-afirma-que-las-obras-del-ave-a-murcia-avanzan-a-muy-buen-ritmo\\\/#breadcrumblist\",\"itemListElement\":[{\"@type\":\"ListItem\",\"@id\":\"https:\\\/\\\/eldigitaldeasturias.com\\\/magazine365#listItem\",\"position\":1,\"name\":\"Home\",\"item\":\"https:\\\/\\\/eldigitaldeasturias.com\\\/magazine365\",\"nextItem\":{\"@type\":\"ListItem\",\"@id\":\"https:\\\/\\\/eldigitaldeasturias.com\\\/magazine365\\\/category\\\/noticias-actualidad\\\/#listItem\",\"name\":\"Noticias y Actualidad\"}},{\"@type\":\"ListItem\",\"@id\":\"https:\\\/\\\/eldigitaldeasturias.com\\\/magazine365\\\/category\\\/noticias-actualidad\\\/#listItem\",\"position\":2,\"name\":\"Noticias y Actualidad\",\"item\":\"https:\\\/\\\/eldigitaldeasturias.com\\\/magazine365\\\/category\\\/noticias-actualidad\\\/\",\"nextItem\":{\"@type\":\"ListItem\",\"@id\":\"https:\\\/\\\/eldigitaldeasturias.com\\\/magazine365\\\/fomento-afirma-que-las-obras-del-ave-a-murcia-avanzan-a-muy-buen-ritmo\\\/#listItem\",\"name\":\"Fomento afirma que las obras del AVE a Murcia \\u00abavanzan a muy buen ritmo\\u00bb\"},\"previousItem\":{\"@type\":\"ListItem\",\"@id\":\"https:\\\/\\\/eldigitaldeasturias.com\\\/magazine365#listItem\",\"name\":\"Home\"}},{\"@type\":\"ListItem\",\"@id\":\"https:\\\/\\\/eldigitaldeasturias.com\\\/magazine365\\\/fomento-afirma-que-las-obras-del-ave-a-murcia-avanzan-a-muy-buen-ritmo\\\/#listItem\",\"position\":3,\"name\":\"Fomento afirma que las obras del AVE a Murcia \\u00abavanzan a muy buen ritmo\\u00bb\",\"previousItem\":{\"@type\":\"ListItem\",\"@id\":\"https:\\\/\\\/eldigitaldeasturias.com\\\/magazine365\\\/category\\\/noticias-actualidad\\\/#listItem\",\"name\":\"Noticias y Actualidad\"}}]},{\"@type\":\"Organization\",\"@id\":\"https:\\\/\\\/eldigitaldeasturias.com\\\/magazine365\\\/#organization\",\"name\":\"El digital de Asturias\",\"description\":\"Revista de ocio, turismo y estilo de vida\",\"url\":\"https:\\\/\\\/eldigitaldeasturias.com\\\/magazine365\\\/\",\"logo\":{\"@type\":\"ImageObject\",\"url\":\"https:\\\/\\\/www.eldigitaldeasturias.com\\\/noticias\\\/wp-content\\\/uploads\\\/2020\\\/12\\\/EDA.jpg\",\"@id\":\"https:\\\/\\\/eldigitaldeasturias.com\\\/magazine365\\\/fomento-afirma-que-las-obras-del-ave-a-murcia-avanzan-a-muy-buen-ritmo\\\/#organizationLogo\"},\"image\":{\"@id\":\"https:\\\/\\\/eldigitaldeasturias.com\\\/magazine365\\\/fomento-afirma-que-las-obras-del-ave-a-murcia-avanzan-a-muy-buen-ritmo\\\/#organizationLogo\"}},{\"@type\":\"Person\",\"@id\":\"https:\\\/\\\/eldigitaldeasturias.com\\\/magazine365\\\/author\\\/admin\\\/#author\",\"url\":\"https:\\\/\\\/eldigitaldeasturias.com\\\/magazine365\\\/author\\\/admin\\\/\",\"name\":\"admin\",\"image\":{\"@type\":\"ImageObject\",\"@id\":\"https:\\\/\\\/eldigitaldeasturias.com\\\/magazine365\\\/fomento-afirma-que-las-obras-del-ave-a-murcia-avanzan-a-muy-buen-ritmo\\\/#authorImage\",\"url\":\"https:\\\/\\\/eldigitaldeasturias.com\\\/magazine365\\\/wp-content\\\/litespeed\\\/avatar\\\/e571bcf59a0edd6fa6838245a470f2fe.jpg?ver=1777574230\",\"width\":96,\"height\":96,\"caption\":\"admin\"}},{\"@type\":\"WebPage\",\"@id\":\"https:\\\/\\\/eldigitaldeasturias.com\\\/magazine365\\\/fomento-afirma-que-las-obras-del-ave-a-murcia-avanzan-a-muy-buen-ritmo\\\/#webpage\",\"url\":\"https:\\\/\\\/eldigitaldeasturias.com\\\/magazine365\\\/fomento-afirma-que-las-obras-del-ave-a-murcia-avanzan-a-muy-buen-ritmo\\\/\",\"name\":\"Fomento afirma que las obras del AVE a Murcia \\u00abavanzan a muy buen ritmo\\u00bb | El Digital de Asturias\",\"description\":\"La ministra de Fomento, Ana Pastor, ha asegurado que \\\"los trabajos\\\" para que la Alta Velocidad ferroviaria llegue a la ciudad de Murcia \\\"siguen avanzando a muy buen ritmo\\\". \\\"Cada vez lo tenemos m\\u00e1s cerca\\\", ha aseverado Pastor tras reunirse este martes en Madrid con el presidente de la Regi\\u00f3n de Murcia, Pedro Antonio S\\u00e1nchez.\",\"inLanguage\":\"es-ES\",\"isPartOf\":{\"@id\":\"https:\\\/\\\/eldigitaldeasturias.com\\\/magazine365\\\/#website\"},\"breadcrumb\":{\"@id\":\"https:\\\/\\\/eldigitaldeasturias.com\\\/magazine365\\\/fomento-afirma-que-las-obras-del-ave-a-murcia-avanzan-a-muy-buen-ritmo\\\/#breadcrumblist\"},\"author\":{\"@id\":\"https:\\\/\\\/eldigitaldeasturias.com\\\/magazine365\\\/author\\\/admin\\\/#author\"},\"creator\":{\"@id\":\"https:\\\/\\\/eldigitaldeasturias.com\\\/magazine365\\\/author\\\/admin\\\/#author\"},\"image\":{\"@type\":\"ImageObject\",\"url\":\"https:\\\/\\\/eldigitaldeasturias.com\\\/magazine365\\\/wp-content\\\/uploads\\\/2016\\\/01\\\/fotonoticia_20160112164020_800.jpg\",\"@id\":\"https:\\\/\\\/eldigitaldeasturias.com\\\/magazine365\\\/fomento-afirma-que-las-obras-del-ave-a-murcia-avanzan-a-muy-buen-ritmo\\\/#mainImage\",\"width\":800,\"height\":534},\"primaryImageOfPage\":{\"@id\":\"https:\\\/\\\/eldigitaldeasturias.com\\\/magazine365\\\/fomento-afirma-que-las-obras-del-ave-a-murcia-avanzan-a-muy-buen-ritmo\\\/#mainImage\"},\"datePublished\":\"2016-01-13T14:33:46+01:00\",\"dateModified\":\"2016-01-13T14:33:46+01:00\"},{\"@type\":\"WebSite\",\"@id\":\"https:\\\/\\\/eldigitaldeasturias.com\\\/magazine365\\\/#website\",\"url\":\"https:\\\/\\\/eldigitaldeasturias.com\\\/magazine365\\\/\",\"name\":\"El Digital de Asturias\",\"description\":\"Revista de ocio, turismo y estilo de vida\",\"inLanguage\":\"es-ES\",\"publisher\":{\"@id\":\"https:\\\/\\\/eldigitaldeasturias.com\\\/magazine365\\\/#organization\"}}]}\n\t\t<\/script>\n\t\t<!-- All in One SEO Pro -->\r\n\t\t<title>Fomento afirma que las obras del AVE a Murcia \u00abavanzan a muy buen ritmo\u00bb | El Digital de Asturias<\/title>\n\n","aioseo_head_json":{"title":"Fomento afirma que las obras del AVE a Murcia \u00abavanzan a muy buen ritmo\u00bb | El Digital de Asturias","description":"La ministra de Fomento, Ana Pastor, ha asegurado que \"los trabajos\" para que la Alta Velocidad ferroviaria llegue a la ciudad de Murcia \"siguen avanzando a muy buen ritmo\". \"Cada vez lo tenemos m\u00e1s cerca\", ha aseverado Pastor tras reunirse este martes en Madrid con el presidente de la Regi\u00f3n de Murcia, Pedro Antonio S\u00e1nchez.","canonical_url":"https:\/\/eldigitaldeasturias.com\/magazine365\/fomento-afirma-que-las-obras-del-ave-a-murcia-avanzan-a-muy-buen-ritmo\/","robots":"max-image-preview:large","keywords":"noticias y actualidad","webmasterTools":{"google-site-verification":"UA-38556648-1","miscellaneous":""},"schema":{"@context":"https:\/\/schema.org","@graph":[{"@type":"Article","@id":"https:\/\/eldigitaldeasturias.com\/magazine365\/fomento-afirma-que-las-obras-del-ave-a-murcia-avanzan-a-muy-buen-ritmo\/#article","name":"Fomento afirma que las obras del AVE a Murcia \u00abavanzan a muy buen ritmo\u00bb | El Digital de Asturias","headline":"Fomento afirma que las obras del AVE a Murcia \u00abavanzan a muy buen ritmo\u00bb","author":{"@id":"https:\/\/eldigitaldeasturias.com\/magazine365\/author\/admin\/#author"},"publisher":{"@id":"https:\/\/eldigitaldeasturias.com\/magazine365\/#organization"},"image":{"@type":"ImageObject","url":"https:\/\/eldigitaldeasturias.com\/magazine365\/wp-content\/uploads\/2016\/01\/fotonoticia_20160112164020_800.jpg","width":800,"height":534},"datePublished":"2016-01-13T14:33:46+01:00","dateModified":"2016-01-13T14:33:46+01:00","inLanguage":"es-ES","mainEntityOfPage":{"@id":"https:\/\/eldigitaldeasturias.com\/magazine365\/fomento-afirma-que-las-obras-del-ave-a-murcia-avanzan-a-muy-buen-ritmo\/#webpage"},"isPartOf":{"@id":"https:\/\/eldigitaldeasturias.com\/magazine365\/fomento-afirma-que-las-obras-del-ave-a-murcia-avanzan-a-muy-buen-ritmo\/#webpage"},"articleSection":"Noticias y Actualidad"},{"@type":"BreadcrumbList","@id":"https:\/\/eldigitaldeasturias.com\/magazine365\/fomento-afirma-que-las-obras-del-ave-a-murcia-avanzan-a-muy-buen-ritmo\/#breadcrumblist","itemListElement":[{"@type":"ListItem","@id":"https:\/\/eldigitaldeasturias.com\/magazine365#listItem","position":1,"name":"Home","item":"https:\/\/eldigitaldeasturias.com\/magazine365","nextItem":{"@type":"ListItem","@id":"https:\/\/eldigitaldeasturias.com\/magazine365\/category\/noticias-actualidad\/#listItem","name":"Noticias y Actualidad"}},{"@type":"ListItem","@id":"https:\/\/eldigitaldeasturias.com\/magazine365\/category\/noticias-actualidad\/#listItem","position":2,"name":"Noticias y Actualidad","item":"https:\/\/eldigitaldeasturias.com\/magazine365\/category\/noticias-actualidad\/","nextItem":{"@type":"ListItem","@id":"https:\/\/eldigitaldeasturias.com\/magazine365\/fomento-afirma-que-las-obras-del-ave-a-murcia-avanzan-a-muy-buen-ritmo\/#listItem","name":"Fomento afirma que las obras del AVE a Murcia \u00abavanzan a muy buen ritmo\u00bb"},"previousItem":{"@type":"ListItem","@id":"https:\/\/eldigitaldeasturias.com\/magazine365#listItem","name":"Home"}},{"@type":"ListItem","@id":"https:\/\/eldigitaldeasturias.com\/magazine365\/fomento-afirma-que-las-obras-del-ave-a-murcia-avanzan-a-muy-buen-ritmo\/#listItem","position":3,"name":"Fomento afirma que las obras del AVE a Murcia \u00abavanzan a muy buen ritmo\u00bb","previousItem":{"@type":"ListItem","@id":"https:\/\/eldigitaldeasturias.com\/magazine365\/category\/noticias-actualidad\/#listItem","name":"Noticias y Actualidad"}}]},{"@type":"Organization","@id":"https:\/\/eldigitaldeasturias.com\/magazine365\/#organization","name":"El digital de Asturias","description":"Revista de ocio, turismo y estilo de vida","url":"https:\/\/eldigitaldeasturias.com\/magazine365\/","logo":{"@type":"ImageObject","url":"https:\/\/www.eldigitaldeasturias.com\/noticias\/wp-content\/uploads\/2020\/12\/EDA.jpg","@id":"https:\/\/eldigitaldeasturias.com\/magazine365\/fomento-afirma-que-las-obras-del-ave-a-murcia-avanzan-a-muy-buen-ritmo\/#organizationLogo"},"image":{"@id":"https:\/\/eldigitaldeasturias.com\/magazine365\/fomento-afirma-que-las-obras-del-ave-a-murcia-avanzan-a-muy-buen-ritmo\/#organizationLogo"}},{"@type":"Person","@id":"https:\/\/eldigitaldeasturias.com\/magazine365\/author\/admin\/#author","url":"https:\/\/eldigitaldeasturias.com\/magazine365\/author\/admin\/","name":"admin","image":{"@type":"ImageObject","@id":"https:\/\/eldigitaldeasturias.com\/magazine365\/fomento-afirma-que-las-obras-del-ave-a-murcia-avanzan-a-muy-buen-ritmo\/#authorImage","url":"https:\/\/eldigitaldeasturias.com\/magazine365\/wp-content\/litespeed\/avatar\/e571bcf59a0edd6fa6838245a470f2fe.jpg?ver=1777574230","width":96,"height":96,"caption":"admin"}},{"@type":"WebPage","@id":"https:\/\/eldigitaldeasturias.com\/magazine365\/fomento-afirma-que-las-obras-del-ave-a-murcia-avanzan-a-muy-buen-ritmo\/#webpage","url":"https:\/\/eldigitaldeasturias.com\/magazine365\/fomento-afirma-que-las-obras-del-ave-a-murcia-avanzan-a-muy-buen-ritmo\/","name":"Fomento afirma que las obras del AVE a Murcia \u00abavanzan a muy buen ritmo\u00bb | El Digital de Asturias","description":"La ministra de Fomento, Ana Pastor, ha asegurado que \"los trabajos\" para que la Alta Velocidad ferroviaria llegue a la ciudad de Murcia \"siguen avanzando a muy buen ritmo\". \"Cada vez lo tenemos m\u00e1s cerca\", ha aseverado Pastor tras reunirse este martes en Madrid con el presidente de la Regi\u00f3n de Murcia, Pedro Antonio S\u00e1nchez.","inLanguage":"es-ES","isPartOf":{"@id":"https:\/\/eldigitaldeasturias.com\/magazine365\/#website"},"breadcrumb":{"@id":"https:\/\/eldigitaldeasturias.com\/magazine365\/fomento-afirma-que-las-obras-del-ave-a-murcia-avanzan-a-muy-buen-ritmo\/#breadcrumblist"},"author":{"@id":"https:\/\/eldigitaldeasturias.com\/magazine365\/author\/admin\/#author"},"creator":{"@id":"https:\/\/eldigitaldeasturias.com\/magazine365\/author\/admin\/#author"},"image":{"@type":"ImageObject","url":"https:\/\/eldigitaldeasturias.com\/magazine365\/wp-content\/uploads\/2016\/01\/fotonoticia_20160112164020_800.jpg","@id":"https:\/\/eldigitaldeasturias.com\/magazine365\/fomento-afirma-que-las-obras-del-ave-a-murcia-avanzan-a-muy-buen-ritmo\/#mainImage","width":800,"height":534},"primaryImageOfPage":{"@id":"https:\/\/eldigitaldeasturias.com\/magazine365\/fomento-afirma-que-las-obras-del-ave-a-murcia-avanzan-a-muy-buen-ritmo\/#mainImage"},"datePublished":"2016-01-13T14:33:46+01:00","dateModified":"2016-01-13T14:33:46+01:00"},{"@type":"WebSite","@id":"https:\/\/eldigitaldeasturias.com\/magazine365\/#website","url":"https:\/\/eldigitaldeasturias.com\/magazine365\/","name":"El Digital de Asturias","description":"Revista de ocio, turismo y estilo de vida","inLanguage":"es-ES","publisher":{"@id":"https:\/\/eldigitaldeasturias.com\/magazine365\/#organization"}}]},"og:locale":"es_ES","og:site_name":"El Digital de Asturias \u2013 Revista de ocio, turismo y estilo de vida","og:type":"article","og:title":"Fomento afirma que las obras del AVE a Murcia \u00abavanzan a muy buen ritmo\u00bb | El Digital de Asturias","og:description":"La ministra de Fomento, Ana Pastor, ha asegurado que &quot;los trabajos&quot; para que la Alta Velocidad ferroviaria llegue a la ciudad de Murcia &quot;siguen avanzando a muy buen ritmo&quot;. &quot;Cada vez lo tenemos m\u00e1s cerca&quot;, ha aseverado Pastor tras reunirse este martes en Madrid con el presidente de la Regi\u00f3n de Murcia, Pedro Antonio S\u00e1nchez.","og:url":"https:\/\/eldigitaldeasturias.com\/magazine365\/fomento-afirma-que-las-obras-del-ave-a-murcia-avanzan-a-muy-buen-ritmo\/","og:image":"https:\/\/eldigitaldeasturias.com\/magazine365\/wp-content\/uploads\/2016\/01\/fotonoticia_20160112164020_800.jpg","og:image:secure_url":"https:\/\/eldigitaldeasturias.com\/magazine365\/wp-content\/uploads\/2016\/01\/fotonoticia_20160112164020_800.jpg","og:image:width":800,"og:image:height":534,"article:published_time":"2016-01-13T13:33:46+00:00","article:modified_time":"2016-01-13T13:33:46+00:00","twitter:card":"summary_large_image","twitter:title":"Fomento afirma que las obras del AVE a Murcia \u00abavanzan a muy buen ritmo\u00bb | El Digital de Asturias","twitter:description":"La ministra de Fomento, Ana Pastor, ha asegurado que &quot;los trabajos&quot; para que la Alta Velocidad ferroviaria llegue a la ciudad de Murcia &quot;siguen avanzando a muy buen ritmo&quot;. &quot;Cada vez lo tenemos m\u00e1s cerca&quot;, ha aseverado Pastor tras reunirse este martes en Madrid con el presidente de la Regi\u00f3n de Murcia, Pedro Antonio S\u00e1nchez.","twitter:image":"https:\/\/eldigitaldeasturias.com\/magazine365\/wp-content\/uploads\/2016\/01\/fotonoticia_20160112164020_800.jpg"},"aioseo_meta_data":{"post_id":"60371","title":null,"description":null,"keywords":null,"keyphrases":null,"primary_term":null,"canonical_url":null,"og_title":null,"og_description":null,"og_object_type":"default","og_image_type":"default","og_image_url":null,"og_image_width":null,"og_image_height":null,"og_image_custom_url":null,"og_image_custom_fields":null,"og_video":null,"og_custom_url":null,"og_article_section":null,"og_article_tags":null,"twitter_use_og":false,"twitter_card":"default","twitter_image_type":"default","twitter_image_url":null,"twitter_image_custom_url":null,"twitter_image_custom_fields":null,"twitter_title":null,"twitter_description":null,"schema":{"blockGraphs":[],"customGraphs":[],"default":{"data":{"Article":[],"Course":[],"Dataset":[],"FAQPage":[],"Movie":[],"Person":[],"Product":[],"ProductReview":[],"Car":[],"Recipe":[],"Service":[],"SoftwareApplication":[],"WebPage":[]},"graphName":"","isEnabled":true},"graphs":[],"defaultGraph":"","defaultPostTypeGraph":""},"schema_type":null,"schema_type_options":null,"pillar_content":false,"robots_default":true,"robots_noindex":false,"robots_noarchive":false,"robots_nosnippet":false,"robots_nofollow":false,"robots_noimageindex":false,"robots_noodp":false,"robots_notranslate":false,"robots_max_snippet":null,"robots_max_videopreview":null,"robots_max_imagepreview":"large","priority":null,"frequency":null,"location":null,"local_seo":null,"seo_analyzer_scan_date":"2025-09-25 06:46:30","breadcrumb_settings":null,"limit_modified_date":false,"open_ai":null,"ai":null,"created":"2021-03-08 22:00:44","updated":"2025-09-25 06:46:30"},"aioseo_breadcrumb":"<div class=\"aioseo-breadcrumbs\"><span class=\"aioseo-breadcrumb\">\n\t<a href=\"https:\/\/eldigitaldeasturias.com\/magazine365\" title=\"Home\">Home<\/a>\n<\/span><span class=\"aioseo-breadcrumb-separator\">\u2013<\/span><span class=\"aioseo-breadcrumb\">\n\t<a href=\"https:\/\/eldigitaldeasturias.com\/magazine365\/category\/noticias-actualidad\/\" title=\"Noticias y Actualidad\">Noticias y Actualidad<\/a>\n<\/span><span class=\"aioseo-breadcrumb-separator\">\u2013<\/span><span class=\"aioseo-breadcrumb\">\n\t<a href=\"https:\/\/eldigitaldeasturias.com\/magazine365\/fomento-afirma-que-las-obras-del-ave-a-murcia-avanzan-a-muy-buen-ritmo\/\" title=\"Fomento afirma que las obras del AVE a Murcia \u00abavanzan a muy buen ritmo\u00bb\">Fomento afirma que las obras del AVE a Murcia \u00abavanzan a muy buen ritmo\u00bb<\/a>\n<\/span><\/div>","aioseo_breadcrumb_json":[{"label":"Home","link":"https:\/\/eldigitaldeasturias.com\/magazine365"},{"label":"Noticias y Actualidad","link":"https:\/\/eldigitaldeasturias.com\/magazine365\/category\/noticias-actualidad\/"},{"label":"Fomento afirma que las obras del AVE a Murcia \u00abavanzan a muy buen ritmo\u00bb","link":"https:\/\/eldigitaldeasturias.com\/magazine365\/fomento-afirma-que-las-obras-del-ave-a-murcia-avanzan-a-muy-buen-ritmo\/"}],"_links":{"self":[{"href":"https:\/\/eldigitaldeasturias.com\/magazine365\/wp-json\/wp\/v2\/posts\/60371","targetHints":{"allow":["GET"]}}],"collection":[{"href":"https:\/\/eldigitaldeasturias.com\/magazine365\/wp-json\/wp\/v2\/posts"}],"about":[{"href":"https:\/\/eldigitaldeasturias.com\/magazine365\/wp-json\/wp\/v2\/types\/post"}],"author":[{"embeddable":true,"href":"https:\/\/eldigitaldeasturias.com\/magazine365\/wp-json\/wp\/v2\/users\/1"}],"replies":[{"embeddable":true,"href":"https:\/\/eldigitaldeasturias.com\/magazine365\/wp-json\/wp\/v2\/comments?post=60371"}],"version-history":[{"count":0,"href":"https:\/\/eldigitaldeasturias.com\/magazine365\/wp-json\/wp\/v2\/posts\/60371\/revisions"}],"wp:featuredmedia":[{"embeddable":true,"href":"https:\/\/eldigitaldeasturias.com\/magazine365\/wp-json\/wp\/v2\/media\/60372"}],"wp:attachment":[{"href":"https:\/\/eldigitaldeasturias.com\/magazine365\/wp-json\/wp\/v2\/media?parent=60371"}],"wp:term":[{"taxonomy":"category","embeddable":true,"href":"https:\/\/eldigitaldeasturias.com\/magazine365\/wp-json\/wp\/v2\/categories?post=60371"},{"taxonomy":"post_tag","embeddable":true,"href":"https:\/\/eldigitaldeasturias.com\/magazine365\/wp-json\/wp\/v2\/tags?post=60371"}],"curies":[{"name":"wp","href":"https:\/\/api.w.org\/{rel}","templated":true}]}}