{"id":60365,"date":"2016-01-13T14:31:35","date_gmt":"2016-01-13T13:31:35","guid":{"rendered":"http:\/\/eldigitaldeasturias.com\/magazine365\/?p=60365"},"modified":"2016-01-13T14:31:35","modified_gmt":"2016-01-13T13:31:35","slug":"el-aeropuerto-de-menorca-cierra-2015-consiguiendo-record-historico-de-pasajeros","status":"publish","type":"post","link":"https:\/\/eldigitaldeasturias.com\/magazine365\/el-aeropuerto-de-menorca-cierra-2015-consiguiendo-record-historico-de-pasajeros\/","title":{"rendered":"El Aeropuerto de Menorca cierra 2015 consiguiendo r\u00e9cord hist\u00f3rico de pasajeros"},"content":{"rendered":"<p><img fetchpriority=\"high\" decoding=\"async\" class=\"alignleft size-medium wp-image-60366\" src=\"https:\/\/eldigitaldeasturias.com\/magazine365\/wp-content\/uploads\/2016\/01\/fotonoticia_20160112160830_800-360x240.jpg\" alt=\"fotonoticia_20160112160830_800\" width=\"360\" height=\"240\" srcset=\"https:\/\/eldigitaldeasturias.com\/magazine365\/wp-content\/uploads\/2016\/01\/fotonoticia_20160112160830_800-360x240.jpg 360w, https:\/\/eldigitaldeasturias.com\/magazine365\/wp-content\/uploads\/2016\/01\/fotonoticia_20160112160830_800-650x433.jpg 650w, https:\/\/eldigitaldeasturias.com\/magazine365\/wp-content\/uploads\/2016\/01\/fotonoticia_20160112160830_800-768x512.jpg 768w, https:\/\/eldigitaldeasturias.com\/magazine365\/wp-content\/uploads\/2016\/01\/fotonoticia_20160112160830_800-150x100.jpg 150w, https:\/\/eldigitaldeasturias.com\/magazine365\/wp-content\/uploads\/2016\/01\/fotonoticia_20160112160830_800-450x300.jpg 450w, https:\/\/eldigitaldeasturias.com\/magazine365\/wp-content\/uploads\/2016\/01\/fotonoticia_20160112160830_800-696x464.jpg 696w, https:\/\/eldigitaldeasturias.com\/magazine365\/wp-content\/uploads\/2016\/01\/fotonoticia_20160112160830_800-630x420.jpg 630w, https:\/\/eldigitaldeasturias.com\/magazine365\/wp-content\/uploads\/2016\/01\/fotonoticia_20160112160830_800-101x66.jpg 101w, https:\/\/eldigitaldeasturias.com\/magazine365\/wp-content\/uploads\/2016\/01\/fotonoticia_20160112160830_800.jpg 800w\" sizes=\"(max-width: 360px) 100vw, 360px\" \/>El Aeropuerto de Menorca ha conseguido alcanzar los 2.867.482 pasajeros en un a\u00f1o, superando el r\u00e9cord registrado en 2001, con 2.825.147 pasajeros, seg\u00fan han informado este martes fuentes de Aena.<\/p>\n<p>Esta cifra implica un crecimiento del 8,9 por ciento en relaci\u00f3n a 2014.<\/p>\n<p>De todos ellos, 2.854.049 pasajeros hicieron uso de vuelos comerciales.<\/p>\n<p>Las operaciones de aeronaves tambi\u00e9n cierran el a\u00f1o con una variaci\u00f3n positiva del 16,1 por ciento, sumando un total de 28.687 operaciones entre despegues y aterrizajes, de las cuales 28.128 han sido comerciales.<\/p>\n<p>En cuanto a los mercados m\u00e1s destacados durante el pasado a\u00f1o, cabe rese\u00f1ar el nacional, que se mantiene en primera posici\u00f3n con 1.331.775 pasajeros, creciendo un 5,9 por ciento respecto a 2014.<\/p>\n<p>El pasaje internacional ha registrado un total de 1.522.274 pasajeros durante 2015 y un incremento del 11,4 por ciento.<\/p>\n<p>Los principales mercados han sido Reino Unido, que se ha posicionado en segundo lugar con 971.785 viajeros y un aumento del 8,4%, e Italia, que ha crecido un 18,9 por ciento y ha alcanzado los 207.792 pasajeros, situ\u00e1ndose en la tercera posici\u00f3n.<\/p>\n<p>MES DE DICIEMBRE<\/p>\n<p>Por otro lado, el aer\u00f3dromo menorqu\u00edn ha registrado el pasado diciembre un total de 62.687 pasajeros, dato que implica un crecimiento del 13,6 por ciento en relaci\u00f3n al mismo mes de 2014.<\/p>\n<p>Las operaciones tambi\u00e9n han incrementado en diciembre, concretamente un 46,3 por ciento , alcanzando los 1.220 movimientos de aeronaves. De todos ellos, 1.191 han sido vuelos comerciales.<\/p>\n<p>Respecto al tipo de tr\u00e1fico, el pasaje nacional sigue a la cabeza en cuanto a n\u00famero de viajeros con origen o destino nacional en diciembre, alcanzando los 60.102 pasajeros y aumentando un 13 por ciento.<\/p>\n<p>Asimismo, el tr\u00e1fico internacional ha crecido un 31,6 por ciento, sumando 2.527 pasajeros internacionales.<\/p>\n<p>Reino Unido es el segundo mercado que m\u00e1s pasajeros ha transportado, con 2.512 viajeros y una variaci\u00f3n positiva del 31,7 por ciento.<\/p>\n","protected":false},"excerpt":{"rendered":"<p>El Aeropuerto de Menorca ha conseguido alcanzar los 2.867.482 pasajeros en un a\u00f1o, superando el r\u00e9cord registrado en 2001, con 2.825.147 pasajeros, seg\u00fan han informado este martes fuentes de Aena. Esta cifra implica un crecimiento del 8,9 por ciento en relaci\u00f3n a 2014. De todos ellos, 2.854.049 pasajeros hicieron uso de vuelos comerciales. Las operaciones<\/p>\n","protected":false},"author":1,"featured_media":60366,"comment_status":"open","ping_status":"closed","sticky":false,"template":"","format":"standard","meta":{"footnotes":""},"categories":[224],"tags":[],"class_list":{"0":"post-60365","1":"post","2":"type-post","3":"status-publish","4":"format-standard","5":"has-post-thumbnail","7":"category-noticias-actualidad"},"aioseo_notices":[],"aioseo_head":"\n\t\t<!-- All in One SEO Pro 4.9.6.1 - aioseo.com -->\n\t<meta name=\"description\" content=\"El Aeropuerto de Menorca ha conseguido alcanzar los 2.867.482 pasajeros en un a\u00f1o, superando el r\u00e9cord registrado en 2001, con 2.825.147 pasajeros, seg\u00fan han informado este martes fuentes de Aena. Esta cifra implica un crecimiento del 8,9 por ciento en relaci\u00f3n a 2014. De todos ellos, 2.854.049 pasajeros hicieron uso de vuelos comerciales. Las operaciones\" \/>\n\t<meta name=\"robots\" content=\"max-image-preview:large\" \/>\n\t<meta name=\"author\" content=\"admin\"\/>\n\t<meta name=\"google-site-verification\" content=\"UA-38556648-1\" \/>\n\t<meta name=\"keywords\" content=\"noticias y actualidad\" \/>\n\t<link rel=\"canonical\" href=\"https:\/\/eldigitaldeasturias.com\/magazine365\/el-aeropuerto-de-menorca-cierra-2015-consiguiendo-record-historico-de-pasajeros\/\" \/>\n\t<meta name=\"generator\" content=\"All in One SEO Pro (AIOSEO) 4.9.6.1\" \/>\n\t\t<meta property=\"og:locale\" content=\"es_ES\" \/>\n\t\t<meta property=\"og:site_name\" content=\"El Digital de Asturias \u2013 Revista de ocio, turismo y estilo de vida\" \/>\n\t\t<meta property=\"og:type\" content=\"article\" \/>\n\t\t<meta property=\"og:title\" content=\"El Aeropuerto de Menorca cierra 2015 consiguiendo r\u00e9cord hist\u00f3rico de pasajeros | El Digital de Asturias\" \/>\n\t\t<meta property=\"og:description\" content=\"El Aeropuerto de Menorca ha conseguido alcanzar los 2.867.482 pasajeros en un a\u00f1o, superando el r\u00e9cord registrado en 2001, con 2.825.147 pasajeros, seg\u00fan han informado este martes fuentes de Aena. Esta cifra implica un crecimiento del 8,9 por ciento en relaci\u00f3n a 2014. De todos ellos, 2.854.049 pasajeros hicieron uso de vuelos comerciales. Las operaciones\" \/>\n\t\t<meta property=\"og:url\" content=\"https:\/\/eldigitaldeasturias.com\/magazine365\/el-aeropuerto-de-menorca-cierra-2015-consiguiendo-record-historico-de-pasajeros\/\" \/>\n\t\t<meta property=\"og:image\" content=\"https:\/\/eldigitaldeasturias.com\/magazine365\/wp-content\/uploads\/2016\/01\/fotonoticia_20160112160830_800.jpg\" \/>\n\t\t<meta property=\"og:image:secure_url\" content=\"https:\/\/eldigitaldeasturias.com\/magazine365\/wp-content\/uploads\/2016\/01\/fotonoticia_20160112160830_800.jpg\" \/>\n\t\t<meta property=\"og:image:width\" content=\"800\" \/>\n\t\t<meta property=\"og:image:height\" content=\"533\" \/>\n\t\t<meta property=\"article:published_time\" content=\"2016-01-13T13:31:35+00:00\" \/>\n\t\t<meta property=\"article:modified_time\" content=\"2016-01-13T13:31:35+00:00\" \/>\n\t\t<meta name=\"twitter:card\" content=\"summary_large_image\" \/>\n\t\t<meta name=\"twitter:title\" content=\"El Aeropuerto de Menorca cierra 2015 consiguiendo r\u00e9cord hist\u00f3rico de pasajeros | El Digital de Asturias\" \/>\n\t\t<meta name=\"twitter:description\" content=\"El Aeropuerto de Menorca ha conseguido alcanzar los 2.867.482 pasajeros en un a\u00f1o, superando el r\u00e9cord registrado en 2001, con 2.825.147 pasajeros, seg\u00fan han informado este martes fuentes de Aena. Esta cifra implica un crecimiento del 8,9 por ciento en relaci\u00f3n a 2014. De todos ellos, 2.854.049 pasajeros hicieron uso de vuelos comerciales. Las operaciones\" \/>\n\t\t<meta name=\"twitter:image\" content=\"https:\/\/eldigitaldeasturias.com\/magazine365\/wp-content\/uploads\/2016\/01\/fotonoticia_20160112160830_800.jpg\" \/>\n\t\t<script type=\"application\/ld+json\" class=\"aioseo-schema\">\n\t\t\t{\"@context\":\"https:\\\/\\\/schema.org\",\"@graph\":[{\"@type\":\"Article\",\"@id\":\"https:\\\/\\\/eldigitaldeasturias.com\\\/magazine365\\\/el-aeropuerto-de-menorca-cierra-2015-consiguiendo-record-historico-de-pasajeros\\\/#article\",\"name\":\"El Aeropuerto de Menorca cierra 2015 consiguiendo r\\u00e9cord hist\\u00f3rico de pasajeros | El Digital de Asturias\",\"headline\":\"El Aeropuerto de Menorca cierra 2015 consiguiendo r\\u00e9cord hist\\u00f3rico de pasajeros\",\"author\":{\"@id\":\"https:\\\/\\\/eldigitaldeasturias.com\\\/magazine365\\\/author\\\/admin\\\/#author\"},\"publisher\":{\"@id\":\"https:\\\/\\\/eldigitaldeasturias.com\\\/magazine365\\\/#organization\"},\"image\":{\"@type\":\"ImageObject\",\"url\":\"https:\\\/\\\/eldigitaldeasturias.com\\\/magazine365\\\/wp-content\\\/uploads\\\/2016\\\/01\\\/fotonoticia_20160112160830_800.jpg\",\"width\":800,\"height\":533},\"datePublished\":\"2016-01-13T14:31:35+01:00\",\"dateModified\":\"2016-01-13T14:31:35+01:00\",\"inLanguage\":\"es-ES\",\"mainEntityOfPage\":{\"@id\":\"https:\\\/\\\/eldigitaldeasturias.com\\\/magazine365\\\/el-aeropuerto-de-menorca-cierra-2015-consiguiendo-record-historico-de-pasajeros\\\/#webpage\"},\"isPartOf\":{\"@id\":\"https:\\\/\\\/eldigitaldeasturias.com\\\/magazine365\\\/el-aeropuerto-de-menorca-cierra-2015-consiguiendo-record-historico-de-pasajeros\\\/#webpage\"},\"articleSection\":\"Noticias y Actualidad\"},{\"@type\":\"BreadcrumbList\",\"@id\":\"https:\\\/\\\/eldigitaldeasturias.com\\\/magazine365\\\/el-aeropuerto-de-menorca-cierra-2015-consiguiendo-record-historico-de-pasajeros\\\/#breadcrumblist\",\"itemListElement\":[{\"@type\":\"ListItem\",\"@id\":\"https:\\\/\\\/eldigitaldeasturias.com\\\/magazine365#listItem\",\"position\":1,\"name\":\"Home\",\"item\":\"https:\\\/\\\/eldigitaldeasturias.com\\\/magazine365\",\"nextItem\":{\"@type\":\"ListItem\",\"@id\":\"https:\\\/\\\/eldigitaldeasturias.com\\\/magazine365\\\/category\\\/noticias-actualidad\\\/#listItem\",\"name\":\"Noticias y Actualidad\"}},{\"@type\":\"ListItem\",\"@id\":\"https:\\\/\\\/eldigitaldeasturias.com\\\/magazine365\\\/category\\\/noticias-actualidad\\\/#listItem\",\"position\":2,\"name\":\"Noticias y Actualidad\",\"item\":\"https:\\\/\\\/eldigitaldeasturias.com\\\/magazine365\\\/category\\\/noticias-actualidad\\\/\",\"nextItem\":{\"@type\":\"ListItem\",\"@id\":\"https:\\\/\\\/eldigitaldeasturias.com\\\/magazine365\\\/el-aeropuerto-de-menorca-cierra-2015-consiguiendo-record-historico-de-pasajeros\\\/#listItem\",\"name\":\"El Aeropuerto de Menorca cierra 2015 consiguiendo r\\u00e9cord hist\\u00f3rico de pasajeros\"},\"previousItem\":{\"@type\":\"ListItem\",\"@id\":\"https:\\\/\\\/eldigitaldeasturias.com\\\/magazine365#listItem\",\"name\":\"Home\"}},{\"@type\":\"ListItem\",\"@id\":\"https:\\\/\\\/eldigitaldeasturias.com\\\/magazine365\\\/el-aeropuerto-de-menorca-cierra-2015-consiguiendo-record-historico-de-pasajeros\\\/#listItem\",\"position\":3,\"name\":\"El Aeropuerto de Menorca cierra 2015 consiguiendo r\\u00e9cord hist\\u00f3rico de pasajeros\",\"previousItem\":{\"@type\":\"ListItem\",\"@id\":\"https:\\\/\\\/eldigitaldeasturias.com\\\/magazine365\\\/category\\\/noticias-actualidad\\\/#listItem\",\"name\":\"Noticias y Actualidad\"}}]},{\"@type\":\"Organization\",\"@id\":\"https:\\\/\\\/eldigitaldeasturias.com\\\/magazine365\\\/#organization\",\"name\":\"El digital de Asturias\",\"description\":\"Revista de ocio, turismo y estilo de vida\",\"url\":\"https:\\\/\\\/eldigitaldeasturias.com\\\/magazine365\\\/\",\"logo\":{\"@type\":\"ImageObject\",\"url\":\"https:\\\/\\\/www.eldigitaldeasturias.com\\\/noticias\\\/wp-content\\\/uploads\\\/2020\\\/12\\\/EDA.jpg\",\"@id\":\"https:\\\/\\\/eldigitaldeasturias.com\\\/magazine365\\\/el-aeropuerto-de-menorca-cierra-2015-consiguiendo-record-historico-de-pasajeros\\\/#organizationLogo\"},\"image\":{\"@id\":\"https:\\\/\\\/eldigitaldeasturias.com\\\/magazine365\\\/el-aeropuerto-de-menorca-cierra-2015-consiguiendo-record-historico-de-pasajeros\\\/#organizationLogo\"}},{\"@type\":\"Person\",\"@id\":\"https:\\\/\\\/eldigitaldeasturias.com\\\/magazine365\\\/author\\\/admin\\\/#author\",\"url\":\"https:\\\/\\\/eldigitaldeasturias.com\\\/magazine365\\\/author\\\/admin\\\/\",\"name\":\"admin\",\"image\":{\"@type\":\"ImageObject\",\"@id\":\"https:\\\/\\\/eldigitaldeasturias.com\\\/magazine365\\\/el-aeropuerto-de-menorca-cierra-2015-consiguiendo-record-historico-de-pasajeros\\\/#authorImage\",\"url\":\"https:\\\/\\\/eldigitaldeasturias.com\\\/magazine365\\\/wp-content\\\/litespeed\\\/avatar\\\/e571bcf59a0edd6fa6838245a470f2fe.jpg?ver=1777574230\",\"width\":96,\"height\":96,\"caption\":\"admin\"}},{\"@type\":\"WebPage\",\"@id\":\"https:\\\/\\\/eldigitaldeasturias.com\\\/magazine365\\\/el-aeropuerto-de-menorca-cierra-2015-consiguiendo-record-historico-de-pasajeros\\\/#webpage\",\"url\":\"https:\\\/\\\/eldigitaldeasturias.com\\\/magazine365\\\/el-aeropuerto-de-menorca-cierra-2015-consiguiendo-record-historico-de-pasajeros\\\/\",\"name\":\"El Aeropuerto de Menorca cierra 2015 consiguiendo r\\u00e9cord hist\\u00f3rico de pasajeros | El Digital de Asturias\",\"description\":\"El Aeropuerto de Menorca ha conseguido alcanzar los 2.867.482 pasajeros en un a\\u00f1o, superando el r\\u00e9cord registrado en 2001, con 2.825.147 pasajeros, seg\\u00fan han informado este martes fuentes de Aena. Esta cifra implica un crecimiento del 8,9 por ciento en relaci\\u00f3n a 2014. De todos ellos, 2.854.049 pasajeros hicieron uso de vuelos comerciales. Las operaciones\",\"inLanguage\":\"es-ES\",\"isPartOf\":{\"@id\":\"https:\\\/\\\/eldigitaldeasturias.com\\\/magazine365\\\/#website\"},\"breadcrumb\":{\"@id\":\"https:\\\/\\\/eldigitaldeasturias.com\\\/magazine365\\\/el-aeropuerto-de-menorca-cierra-2015-consiguiendo-record-historico-de-pasajeros\\\/#breadcrumblist\"},\"author\":{\"@id\":\"https:\\\/\\\/eldigitaldeasturias.com\\\/magazine365\\\/author\\\/admin\\\/#author\"},\"creator\":{\"@id\":\"https:\\\/\\\/eldigitaldeasturias.com\\\/magazine365\\\/author\\\/admin\\\/#author\"},\"image\":{\"@type\":\"ImageObject\",\"url\":\"https:\\\/\\\/eldigitaldeasturias.com\\\/magazine365\\\/wp-content\\\/uploads\\\/2016\\\/01\\\/fotonoticia_20160112160830_800.jpg\",\"@id\":\"https:\\\/\\\/eldigitaldeasturias.com\\\/magazine365\\\/el-aeropuerto-de-menorca-cierra-2015-consiguiendo-record-historico-de-pasajeros\\\/#mainImage\",\"width\":800,\"height\":533},\"primaryImageOfPage\":{\"@id\":\"https:\\\/\\\/eldigitaldeasturias.com\\\/magazine365\\\/el-aeropuerto-de-menorca-cierra-2015-consiguiendo-record-historico-de-pasajeros\\\/#mainImage\"},\"datePublished\":\"2016-01-13T14:31:35+01:00\",\"dateModified\":\"2016-01-13T14:31:35+01:00\"},{\"@type\":\"WebSite\",\"@id\":\"https:\\\/\\\/eldigitaldeasturias.com\\\/magazine365\\\/#website\",\"url\":\"https:\\\/\\\/eldigitaldeasturias.com\\\/magazine365\\\/\",\"name\":\"El Digital de Asturias\",\"description\":\"Revista de ocio, turismo y estilo de vida\",\"inLanguage\":\"es-ES\",\"publisher\":{\"@id\":\"https:\\\/\\\/eldigitaldeasturias.com\\\/magazine365\\\/#organization\"}}]}\n\t\t<\/script>\n\t\t<!-- All in One SEO Pro -->\r\n\t\t<title>El Aeropuerto de Menorca cierra 2015 consiguiendo r\u00e9cord hist\u00f3rico de pasajeros | El Digital de Asturias<\/title>\n\n","aioseo_head_json":{"title":"El Aeropuerto de Menorca cierra 2015 consiguiendo r\u00e9cord hist\u00f3rico de pasajeros | El Digital de Asturias","description":"El Aeropuerto de Menorca ha conseguido alcanzar los 2.867.482 pasajeros en un a\u00f1o, superando el r\u00e9cord registrado en 2001, con 2.825.147 pasajeros, seg\u00fan han informado este martes fuentes de Aena. Esta cifra implica un crecimiento del 8,9 por ciento en relaci\u00f3n a 2014. De todos ellos, 2.854.049 pasajeros hicieron uso de vuelos comerciales. Las operaciones","canonical_url":"https:\/\/eldigitaldeasturias.com\/magazine365\/el-aeropuerto-de-menorca-cierra-2015-consiguiendo-record-historico-de-pasajeros\/","robots":"max-image-preview:large","keywords":"noticias y actualidad","webmasterTools":{"google-site-verification":"UA-38556648-1","miscellaneous":""},"schema":{"@context":"https:\/\/schema.org","@graph":[{"@type":"Article","@id":"https:\/\/eldigitaldeasturias.com\/magazine365\/el-aeropuerto-de-menorca-cierra-2015-consiguiendo-record-historico-de-pasajeros\/#article","name":"El Aeropuerto de Menorca cierra 2015 consiguiendo r\u00e9cord hist\u00f3rico de pasajeros | El Digital de Asturias","headline":"El Aeropuerto de Menorca cierra 2015 consiguiendo r\u00e9cord hist\u00f3rico de pasajeros","author":{"@id":"https:\/\/eldigitaldeasturias.com\/magazine365\/author\/admin\/#author"},"publisher":{"@id":"https:\/\/eldigitaldeasturias.com\/magazine365\/#organization"},"image":{"@type":"ImageObject","url":"https:\/\/eldigitaldeasturias.com\/magazine365\/wp-content\/uploads\/2016\/01\/fotonoticia_20160112160830_800.jpg","width":800,"height":533},"datePublished":"2016-01-13T14:31:35+01:00","dateModified":"2016-01-13T14:31:35+01:00","inLanguage":"es-ES","mainEntityOfPage":{"@id":"https:\/\/eldigitaldeasturias.com\/magazine365\/el-aeropuerto-de-menorca-cierra-2015-consiguiendo-record-historico-de-pasajeros\/#webpage"},"isPartOf":{"@id":"https:\/\/eldigitaldeasturias.com\/magazine365\/el-aeropuerto-de-menorca-cierra-2015-consiguiendo-record-historico-de-pasajeros\/#webpage"},"articleSection":"Noticias y Actualidad"},{"@type":"BreadcrumbList","@id":"https:\/\/eldigitaldeasturias.com\/magazine365\/el-aeropuerto-de-menorca-cierra-2015-consiguiendo-record-historico-de-pasajeros\/#breadcrumblist","itemListElement":[{"@type":"ListItem","@id":"https:\/\/eldigitaldeasturias.com\/magazine365#listItem","position":1,"name":"Home","item":"https:\/\/eldigitaldeasturias.com\/magazine365","nextItem":{"@type":"ListItem","@id":"https:\/\/eldigitaldeasturias.com\/magazine365\/category\/noticias-actualidad\/#listItem","name":"Noticias y Actualidad"}},{"@type":"ListItem","@id":"https:\/\/eldigitaldeasturias.com\/magazine365\/category\/noticias-actualidad\/#listItem","position":2,"name":"Noticias y Actualidad","item":"https:\/\/eldigitaldeasturias.com\/magazine365\/category\/noticias-actualidad\/","nextItem":{"@type":"ListItem","@id":"https:\/\/eldigitaldeasturias.com\/magazine365\/el-aeropuerto-de-menorca-cierra-2015-consiguiendo-record-historico-de-pasajeros\/#listItem","name":"El Aeropuerto de Menorca cierra 2015 consiguiendo r\u00e9cord hist\u00f3rico de pasajeros"},"previousItem":{"@type":"ListItem","@id":"https:\/\/eldigitaldeasturias.com\/magazine365#listItem","name":"Home"}},{"@type":"ListItem","@id":"https:\/\/eldigitaldeasturias.com\/magazine365\/el-aeropuerto-de-menorca-cierra-2015-consiguiendo-record-historico-de-pasajeros\/#listItem","position":3,"name":"El Aeropuerto de Menorca cierra 2015 consiguiendo r\u00e9cord hist\u00f3rico de pasajeros","previousItem":{"@type":"ListItem","@id":"https:\/\/eldigitaldeasturias.com\/magazine365\/category\/noticias-actualidad\/#listItem","name":"Noticias y Actualidad"}}]},{"@type":"Organization","@id":"https:\/\/eldigitaldeasturias.com\/magazine365\/#organization","name":"El digital de Asturias","description":"Revista de ocio, turismo y estilo de vida","url":"https:\/\/eldigitaldeasturias.com\/magazine365\/","logo":{"@type":"ImageObject","url":"https:\/\/www.eldigitaldeasturias.com\/noticias\/wp-content\/uploads\/2020\/12\/EDA.jpg","@id":"https:\/\/eldigitaldeasturias.com\/magazine365\/el-aeropuerto-de-menorca-cierra-2015-consiguiendo-record-historico-de-pasajeros\/#organizationLogo"},"image":{"@id":"https:\/\/eldigitaldeasturias.com\/magazine365\/el-aeropuerto-de-menorca-cierra-2015-consiguiendo-record-historico-de-pasajeros\/#organizationLogo"}},{"@type":"Person","@id":"https:\/\/eldigitaldeasturias.com\/magazine365\/author\/admin\/#author","url":"https:\/\/eldigitaldeasturias.com\/magazine365\/author\/admin\/","name":"admin","image":{"@type":"ImageObject","@id":"https:\/\/eldigitaldeasturias.com\/magazine365\/el-aeropuerto-de-menorca-cierra-2015-consiguiendo-record-historico-de-pasajeros\/#authorImage","url":"https:\/\/eldigitaldeasturias.com\/magazine365\/wp-content\/litespeed\/avatar\/e571bcf59a0edd6fa6838245a470f2fe.jpg?ver=1777574230","width":96,"height":96,"caption":"admin"}},{"@type":"WebPage","@id":"https:\/\/eldigitaldeasturias.com\/magazine365\/el-aeropuerto-de-menorca-cierra-2015-consiguiendo-record-historico-de-pasajeros\/#webpage","url":"https:\/\/eldigitaldeasturias.com\/magazine365\/el-aeropuerto-de-menorca-cierra-2015-consiguiendo-record-historico-de-pasajeros\/","name":"El Aeropuerto de Menorca cierra 2015 consiguiendo r\u00e9cord hist\u00f3rico de pasajeros | El Digital de Asturias","description":"El Aeropuerto de Menorca ha conseguido alcanzar los 2.867.482 pasajeros en un a\u00f1o, superando el r\u00e9cord registrado en 2001, con 2.825.147 pasajeros, seg\u00fan han informado este martes fuentes de Aena. Esta cifra implica un crecimiento del 8,9 por ciento en relaci\u00f3n a 2014. De todos ellos, 2.854.049 pasajeros hicieron uso de vuelos comerciales. Las operaciones","inLanguage":"es-ES","isPartOf":{"@id":"https:\/\/eldigitaldeasturias.com\/magazine365\/#website"},"breadcrumb":{"@id":"https:\/\/eldigitaldeasturias.com\/magazine365\/el-aeropuerto-de-menorca-cierra-2015-consiguiendo-record-historico-de-pasajeros\/#breadcrumblist"},"author":{"@id":"https:\/\/eldigitaldeasturias.com\/magazine365\/author\/admin\/#author"},"creator":{"@id":"https:\/\/eldigitaldeasturias.com\/magazine365\/author\/admin\/#author"},"image":{"@type":"ImageObject","url":"https:\/\/eldigitaldeasturias.com\/magazine365\/wp-content\/uploads\/2016\/01\/fotonoticia_20160112160830_800.jpg","@id":"https:\/\/eldigitaldeasturias.com\/magazine365\/el-aeropuerto-de-menorca-cierra-2015-consiguiendo-record-historico-de-pasajeros\/#mainImage","width":800,"height":533},"primaryImageOfPage":{"@id":"https:\/\/eldigitaldeasturias.com\/magazine365\/el-aeropuerto-de-menorca-cierra-2015-consiguiendo-record-historico-de-pasajeros\/#mainImage"},"datePublished":"2016-01-13T14:31:35+01:00","dateModified":"2016-01-13T14:31:35+01:00"},{"@type":"WebSite","@id":"https:\/\/eldigitaldeasturias.com\/magazine365\/#website","url":"https:\/\/eldigitaldeasturias.com\/magazine365\/","name":"El Digital de Asturias","description":"Revista de ocio, turismo y estilo de vida","inLanguage":"es-ES","publisher":{"@id":"https:\/\/eldigitaldeasturias.com\/magazine365\/#organization"}}]},"og:locale":"es_ES","og:site_name":"El Digital de Asturias \u2013 Revista de ocio, turismo y estilo de vida","og:type":"article","og:title":"El Aeropuerto de Menorca cierra 2015 consiguiendo r\u00e9cord hist\u00f3rico de pasajeros | El Digital de Asturias","og:description":"El Aeropuerto de Menorca ha conseguido alcanzar los 2.867.482 pasajeros en un a\u00f1o, superando el r\u00e9cord registrado en 2001, con 2.825.147 pasajeros, seg\u00fan han informado este martes fuentes de Aena. Esta cifra implica un crecimiento del 8,9 por ciento en relaci\u00f3n a 2014. De todos ellos, 2.854.049 pasajeros hicieron uso de vuelos comerciales. Las operaciones","og:url":"https:\/\/eldigitaldeasturias.com\/magazine365\/el-aeropuerto-de-menorca-cierra-2015-consiguiendo-record-historico-de-pasajeros\/","og:image":"https:\/\/eldigitaldeasturias.com\/magazine365\/wp-content\/uploads\/2016\/01\/fotonoticia_20160112160830_800.jpg","og:image:secure_url":"https:\/\/eldigitaldeasturias.com\/magazine365\/wp-content\/uploads\/2016\/01\/fotonoticia_20160112160830_800.jpg","og:image:width":800,"og:image:height":533,"article:published_time":"2016-01-13T13:31:35+00:00","article:modified_time":"2016-01-13T13:31:35+00:00","twitter:card":"summary_large_image","twitter:title":"El Aeropuerto de Menorca cierra 2015 consiguiendo r\u00e9cord hist\u00f3rico de pasajeros | El Digital de Asturias","twitter:description":"El Aeropuerto de Menorca ha conseguido alcanzar los 2.867.482 pasajeros en un a\u00f1o, superando el r\u00e9cord registrado en 2001, con 2.825.147 pasajeros, seg\u00fan han informado este martes fuentes de Aena. Esta cifra implica un crecimiento del 8,9 por ciento en relaci\u00f3n a 2014. De todos ellos, 2.854.049 pasajeros hicieron uso de vuelos comerciales. Las operaciones","twitter:image":"https:\/\/eldigitaldeasturias.com\/magazine365\/wp-content\/uploads\/2016\/01\/fotonoticia_20160112160830_800.jpg"},"aioseo_meta_data":{"post_id":"60365","title":null,"description":null,"keywords":null,"keyphrases":null,"primary_term":null,"canonical_url":null,"og_title":null,"og_description":null,"og_object_type":"default","og_image_type":"default","og_image_url":null,"og_image_width":null,"og_image_height":null,"og_image_custom_url":null,"og_image_custom_fields":null,"og_video":null,"og_custom_url":null,"og_article_section":null,"og_article_tags":null,"twitter_use_og":false,"twitter_card":"default","twitter_image_type":"default","twitter_image_url":null,"twitter_image_custom_url":null,"twitter_image_custom_fields":null,"twitter_title":null,"twitter_description":null,"schema":{"blockGraphs":[],"customGraphs":[],"default":{"data":{"Article":[],"Course":[],"Dataset":[],"FAQPage":[],"Movie":[],"Person":[],"Product":[],"ProductReview":[],"Car":[],"Recipe":[],"Service":[],"SoftwareApplication":[],"WebPage":[]},"graphName":"","isEnabled":true},"graphs":[],"defaultGraph":"","defaultPostTypeGraph":""},"schema_type":null,"schema_type_options":null,"pillar_content":false,"robots_default":true,"robots_noindex":false,"robots_noarchive":false,"robots_nosnippet":false,"robots_nofollow":false,"robots_noimageindex":false,"robots_noodp":false,"robots_notranslate":false,"robots_max_snippet":null,"robots_max_videopreview":null,"robots_max_imagepreview":"large","priority":null,"frequency":null,"location":null,"local_seo":null,"seo_analyzer_scan_date":"2025-09-25 06:46:25","breadcrumb_settings":null,"limit_modified_date":false,"open_ai":null,"ai":null,"created":"2020-12-21 14:07:15","updated":"2025-09-25 06:46:25"},"aioseo_breadcrumb":"<div class=\"aioseo-breadcrumbs\"><span class=\"aioseo-breadcrumb\">\n\t<a href=\"https:\/\/eldigitaldeasturias.com\/magazine365\" title=\"Home\">Home<\/a>\n<\/span><span class=\"aioseo-breadcrumb-separator\">\u2013<\/span><span class=\"aioseo-breadcrumb\">\n\t<a href=\"https:\/\/eldigitaldeasturias.com\/magazine365\/category\/noticias-actualidad\/\" title=\"Noticias y Actualidad\">Noticias y Actualidad<\/a>\n<\/span><span class=\"aioseo-breadcrumb-separator\">\u2013<\/span><span class=\"aioseo-breadcrumb\">\n\t<a href=\"https:\/\/eldigitaldeasturias.com\/magazine365\/el-aeropuerto-de-menorca-cierra-2015-consiguiendo-record-historico-de-pasajeros\/\" title=\"El Aeropuerto de Menorca cierra 2015 consiguiendo r\u00e9cord hist\u00f3rico de pasajeros\">El Aeropuerto de Menorca cierra 2015 consiguiendo r\u00e9cord hist\u00f3rico de pasajeros<\/a>\n<\/span><\/div>","aioseo_breadcrumb_json":[{"label":"Home","link":"https:\/\/eldigitaldeasturias.com\/magazine365"},{"label":"Noticias y Actualidad","link":"https:\/\/eldigitaldeasturias.com\/magazine365\/category\/noticias-actualidad\/"},{"label":"El Aeropuerto de Menorca cierra 2015 consiguiendo r\u00e9cord hist\u00f3rico de pasajeros","link":"https:\/\/eldigitaldeasturias.com\/magazine365\/el-aeropuerto-de-menorca-cierra-2015-consiguiendo-record-historico-de-pasajeros\/"}],"_links":{"self":[{"href":"https:\/\/eldigitaldeasturias.com\/magazine365\/wp-json\/wp\/v2\/posts\/60365","targetHints":{"allow":["GET"]}}],"collection":[{"href":"https:\/\/eldigitaldeasturias.com\/magazine365\/wp-json\/wp\/v2\/posts"}],"about":[{"href":"https:\/\/eldigitaldeasturias.com\/magazine365\/wp-json\/wp\/v2\/types\/post"}],"author":[{"embeddable":true,"href":"https:\/\/eldigitaldeasturias.com\/magazine365\/wp-json\/wp\/v2\/users\/1"}],"replies":[{"embeddable":true,"href":"https:\/\/eldigitaldeasturias.com\/magazine365\/wp-json\/wp\/v2\/comments?post=60365"}],"version-history":[{"count":0,"href":"https:\/\/eldigitaldeasturias.com\/magazine365\/wp-json\/wp\/v2\/posts\/60365\/revisions"}],"wp:featuredmedia":[{"embeddable":true,"href":"https:\/\/eldigitaldeasturias.com\/magazine365\/wp-json\/wp\/v2\/media\/60366"}],"wp:attachment":[{"href":"https:\/\/eldigitaldeasturias.com\/magazine365\/wp-json\/wp\/v2\/media?parent=60365"}],"wp:term":[{"taxonomy":"category","embeddable":true,"href":"https:\/\/eldigitaldeasturias.com\/magazine365\/wp-json\/wp\/v2\/categories?post=60365"},{"taxonomy":"post_tag","embeddable":true,"href":"https:\/\/eldigitaldeasturias.com\/magazine365\/wp-json\/wp\/v2\/tags?post=60365"}],"curies":[{"name":"wp","href":"https:\/\/api.w.org\/{rel}","templated":true}]}}