{"id":60357,"date":"2016-01-13T14:28:39","date_gmt":"2016-01-13T13:28:39","guid":{"rendered":"http:\/\/eldigitaldeasturias.com\/magazine365\/?p=60357"},"modified":"2016-01-13T14:28:39","modified_gmt":"2016-01-13T13:28:39","slug":"cifuentes-espera-que-wanda-no-venda-el-edificio-espana","status":"publish","type":"post","link":"https:\/\/eldigitaldeasturias.com\/magazine365\/cifuentes-espera-que-wanda-no-venda-el-edificio-espana\/","title":{"rendered":"Cifuentes espera que Wanda no venda el edificio Espa\u00f1a"},"content":{"rendered":"<p><img fetchpriority=\"high\" decoding=\"async\" class=\"alignleft size-medium wp-image-60355\" src=\"https:\/\/eldigitaldeasturias.com\/magazine365\/wp-content\/uploads\/2016\/01\/fotonoticia_20160112153114_800-256x300.jpg\" alt=\"fotonoticia_20160112153114_800\" width=\"256\" height=\"300\" srcset=\"https:\/\/eldigitaldeasturias.com\/magazine365\/wp-content\/uploads\/2016\/01\/fotonoticia_20160112153114_800-256x300.jpg 256w, https:\/\/eldigitaldeasturias.com\/magazine365\/wp-content\/uploads\/2016\/01\/fotonoticia_20160112153114_800-547x640.jpg 547w, https:\/\/eldigitaldeasturias.com\/magazine365\/wp-content\/uploads\/2016\/01\/fotonoticia_20160112153114_800-768x899.jpg 768w, https:\/\/eldigitaldeasturias.com\/magazine365\/wp-content\/uploads\/2016\/01\/fotonoticia_20160112153114_800-150x176.jpg 150w, https:\/\/eldigitaldeasturias.com\/magazine365\/wp-content\/uploads\/2016\/01\/fotonoticia_20160112153114_800-450x527.jpg 450w, https:\/\/eldigitaldeasturias.com\/magazine365\/wp-content\/uploads\/2016\/01\/fotonoticia_20160112153114_800-696x814.jpg 696w, https:\/\/eldigitaldeasturias.com\/magazine365\/wp-content\/uploads\/2016\/01\/fotonoticia_20160112153114_800-359x420.jpg 359w, https:\/\/eldigitaldeasturias.com\/magazine365\/wp-content\/uploads\/2016\/01\/fotonoticia_20160112153114_800.jpg 800w\" sizes=\"(max-width: 256px) 100vw, 256px\" \/>La presidenta de la Comunidad de Madrid, Cristina Cifuentes, espera que el grupo Wanda no venda el edificio Espa\u00f1a y ha pedido al Ayuntamiento de la capital \u00abque se ponga las pilas\u00bb no s\u00f3lo en \u00abtrabajar para conseguir nuevos inversores\u00bb, sin para llevar adelante proyectos urban\u00edsticos atascados como Castellana Norte, \u00abtan necesarios para Madrid y la creaci\u00f3n de empleo\u00bb.<\/p>\n<p>En la rueda de prensa posterior al Consejo de Gobierno, Cifuentes ha se\u00f1alado que \u00abser\u00eda una noticia muy negativa\u00bb que el grupo empresarial chino cancelara el proyecto de rehabilitaci\u00f3n de este conocido edificio de Plaza de Espa\u00f1a despu\u00e9s de que, tal y como informa el diario &#8216;Okdiario&#8217;, el magnate Wang Jianlin est\u00e9 pensando despedir a toda su gente en Madrid para abandonar el proyecto.<\/p>\n<p>La titular del Ejecutivo auton\u00f3mico ha afirmado que el grupo chino es un \u00abgrupo empresarial muy importante que ha venido a Espa\u00f1a a invertir y crear muchos puestos de trabajo que supondr\u00eda toda la rehabilitaci\u00f3n de esta zona que para la Comunidad es fundamental\u00bb. Ahora, conf\u00eda en que el Ayuntamiento reconsidere su posici\u00f3n sobre las condiciones que ha impuesto al emporio chino para que conserve el edificio \u00aby facilite que ning\u00fan grupo inversor se tenga que marchar\u00bb.<\/p>\n<p>\u00abCreo que el objetivo fundamental que tenemos que tener todos es el empleo y dar facilidades para que se invierta en Madrid, no ahuyentar a los inversores. Siempre hemos mantenido el ofrecimiento para mediar en los problemas que pudieran surgir (entre el empresario y el Ayuntamiento) y me parecer\u00eda una noticia realmente negativa si se va\u00bb, ha concluido Cifuentes.<\/p>\n","protected":false},"excerpt":{"rendered":"<p>La presidenta de la Comunidad de Madrid, Cristina Cifuentes, espera que el grupo Wanda no venda el edificio Espa\u00f1a y ha pedido al Ayuntamiento de la capital \u00abque se ponga las pilas\u00bb no s\u00f3lo en \u00abtrabajar para conseguir nuevos inversores\u00bb, sin para llevar adelante proyectos urban\u00edsticos atascados como Castellana Norte, \u00abtan necesarios para Madrid y<\/p>\n","protected":false},"author":1,"featured_media":60355,"comment_status":"open","ping_status":"closed","sticky":false,"template":"","format":"standard","meta":{"footnotes":""},"categories":[224],"tags":[],"class_list":{"0":"post-60357","1":"post","2":"type-post","3":"status-publish","4":"format-standard","5":"has-post-thumbnail","7":"category-noticias-actualidad"},"aioseo_notices":[],"aioseo_head":"\n\t\t<!-- All in One SEO Pro 4.9.6.1 - aioseo.com -->\n\t<meta name=\"description\" content=\"La presidenta de la Comunidad de Madrid, Cristina Cifuentes, espera que el grupo Wanda no venda el edificio Espa\u00f1a y ha pedido al Ayuntamiento de la capital &quot;que se ponga las pilas&quot; no s\u00f3lo en &quot;trabajar para conseguir nuevos inversores&quot;, sin para llevar adelante proyectos urban\u00edsticos atascados como Castellana Norte, &quot;tan necesarios para Madrid y\" \/>\n\t<meta name=\"robots\" content=\"max-image-preview:large\" \/>\n\t<meta name=\"author\" content=\"admin\"\/>\n\t<meta name=\"google-site-verification\" content=\"UA-38556648-1\" \/>\n\t<meta name=\"keywords\" content=\"noticias y actualidad\" \/>\n\t<link rel=\"canonical\" href=\"https:\/\/eldigitaldeasturias.com\/magazine365\/cifuentes-espera-que-wanda-no-venda-el-edificio-espana\/\" \/>\n\t<meta name=\"generator\" content=\"All in One SEO Pro (AIOSEO) 4.9.6.1\" \/>\n\t\t<meta property=\"og:locale\" content=\"es_ES\" \/>\n\t\t<meta property=\"og:site_name\" content=\"El Digital de Asturias \u2013 Revista de ocio, turismo y estilo de vida\" \/>\n\t\t<meta property=\"og:type\" content=\"article\" \/>\n\t\t<meta property=\"og:title\" content=\"Cifuentes espera que Wanda no venda el edificio Espa\u00f1a | El Digital de Asturias\" \/>\n\t\t<meta property=\"og:description\" content=\"La presidenta de la Comunidad de Madrid, Cristina Cifuentes, espera que el grupo Wanda no venda el edificio Espa\u00f1a y ha pedido al Ayuntamiento de la capital &quot;que se ponga las pilas&quot; no s\u00f3lo en &quot;trabajar para conseguir nuevos inversores&quot;, sin para llevar adelante proyectos urban\u00edsticos atascados como Castellana Norte, &quot;tan necesarios para Madrid y\" \/>\n\t\t<meta property=\"og:url\" content=\"https:\/\/eldigitaldeasturias.com\/magazine365\/cifuentes-espera-que-wanda-no-venda-el-edificio-espana\/\" \/>\n\t\t<meta property=\"og:image\" content=\"https:\/\/eldigitaldeasturias.com\/magazine365\/wp-content\/uploads\/2016\/01\/fotonoticia_20160112153114_800.jpg\" \/>\n\t\t<meta property=\"og:image:secure_url\" content=\"https:\/\/eldigitaldeasturias.com\/magazine365\/wp-content\/uploads\/2016\/01\/fotonoticia_20160112153114_800.jpg\" \/>\n\t\t<meta property=\"og:image:width\" content=\"800\" \/>\n\t\t<meta property=\"og:image:height\" content=\"936\" \/>\n\t\t<meta property=\"article:published_time\" content=\"2016-01-13T13:28:39+00:00\" \/>\n\t\t<meta property=\"article:modified_time\" content=\"2016-01-13T13:28:39+00:00\" \/>\n\t\t<meta name=\"twitter:card\" content=\"summary_large_image\" \/>\n\t\t<meta name=\"twitter:title\" content=\"Cifuentes espera que Wanda no venda el edificio Espa\u00f1a | El Digital de Asturias\" \/>\n\t\t<meta name=\"twitter:description\" content=\"La presidenta de la Comunidad de Madrid, Cristina Cifuentes, espera que el grupo Wanda no venda el edificio Espa\u00f1a y ha pedido al Ayuntamiento de la capital &quot;que se ponga las pilas&quot; no s\u00f3lo en &quot;trabajar para conseguir nuevos inversores&quot;, sin para llevar adelante proyectos urban\u00edsticos atascados como Castellana Norte, &quot;tan necesarios para Madrid y\" \/>\n\t\t<meta name=\"twitter:image\" content=\"https:\/\/eldigitaldeasturias.com\/magazine365\/wp-content\/uploads\/2016\/01\/fotonoticia_20160112153114_800.jpg\" \/>\n\t\t<script type=\"application\/ld+json\" class=\"aioseo-schema\">\n\t\t\t{\"@context\":\"https:\\\/\\\/schema.org\",\"@graph\":[{\"@type\":\"Article\",\"@id\":\"https:\\\/\\\/eldigitaldeasturias.com\\\/magazine365\\\/cifuentes-espera-que-wanda-no-venda-el-edificio-espana\\\/#article\",\"name\":\"Cifuentes espera que Wanda no venda el edificio Espa\\u00f1a | El Digital de Asturias\",\"headline\":\"Cifuentes espera que Wanda no venda el edificio Espa\\u00f1a\",\"author\":{\"@id\":\"https:\\\/\\\/eldigitaldeasturias.com\\\/magazine365\\\/author\\\/admin\\\/#author\"},\"publisher\":{\"@id\":\"https:\\\/\\\/eldigitaldeasturias.com\\\/magazine365\\\/#organization\"},\"image\":{\"@type\":\"ImageObject\",\"url\":\"https:\\\/\\\/eldigitaldeasturias.com\\\/magazine365\\\/wp-content\\\/uploads\\\/2016\\\/01\\\/fotonoticia_20160112153114_800.jpg\",\"width\":800,\"height\":936},\"datePublished\":\"2016-01-13T14:28:39+01:00\",\"dateModified\":\"2016-01-13T14:28:39+01:00\",\"inLanguage\":\"es-ES\",\"mainEntityOfPage\":{\"@id\":\"https:\\\/\\\/eldigitaldeasturias.com\\\/magazine365\\\/cifuentes-espera-que-wanda-no-venda-el-edificio-espana\\\/#webpage\"},\"isPartOf\":{\"@id\":\"https:\\\/\\\/eldigitaldeasturias.com\\\/magazine365\\\/cifuentes-espera-que-wanda-no-venda-el-edificio-espana\\\/#webpage\"},\"articleSection\":\"Noticias y Actualidad\"},{\"@type\":\"BreadcrumbList\",\"@id\":\"https:\\\/\\\/eldigitaldeasturias.com\\\/magazine365\\\/cifuentes-espera-que-wanda-no-venda-el-edificio-espana\\\/#breadcrumblist\",\"itemListElement\":[{\"@type\":\"ListItem\",\"@id\":\"https:\\\/\\\/eldigitaldeasturias.com\\\/magazine365#listItem\",\"position\":1,\"name\":\"Home\",\"item\":\"https:\\\/\\\/eldigitaldeasturias.com\\\/magazine365\",\"nextItem\":{\"@type\":\"ListItem\",\"@id\":\"https:\\\/\\\/eldigitaldeasturias.com\\\/magazine365\\\/category\\\/noticias-actualidad\\\/#listItem\",\"name\":\"Noticias y Actualidad\"}},{\"@type\":\"ListItem\",\"@id\":\"https:\\\/\\\/eldigitaldeasturias.com\\\/magazine365\\\/category\\\/noticias-actualidad\\\/#listItem\",\"position\":2,\"name\":\"Noticias y Actualidad\",\"item\":\"https:\\\/\\\/eldigitaldeasturias.com\\\/magazine365\\\/category\\\/noticias-actualidad\\\/\",\"nextItem\":{\"@type\":\"ListItem\",\"@id\":\"https:\\\/\\\/eldigitaldeasturias.com\\\/magazine365\\\/cifuentes-espera-que-wanda-no-venda-el-edificio-espana\\\/#listItem\",\"name\":\"Cifuentes espera que Wanda no venda el edificio Espa\\u00f1a\"},\"previousItem\":{\"@type\":\"ListItem\",\"@id\":\"https:\\\/\\\/eldigitaldeasturias.com\\\/magazine365#listItem\",\"name\":\"Home\"}},{\"@type\":\"ListItem\",\"@id\":\"https:\\\/\\\/eldigitaldeasturias.com\\\/magazine365\\\/cifuentes-espera-que-wanda-no-venda-el-edificio-espana\\\/#listItem\",\"position\":3,\"name\":\"Cifuentes espera que Wanda no venda el edificio Espa\\u00f1a\",\"previousItem\":{\"@type\":\"ListItem\",\"@id\":\"https:\\\/\\\/eldigitaldeasturias.com\\\/magazine365\\\/category\\\/noticias-actualidad\\\/#listItem\",\"name\":\"Noticias y Actualidad\"}}]},{\"@type\":\"Organization\",\"@id\":\"https:\\\/\\\/eldigitaldeasturias.com\\\/magazine365\\\/#organization\",\"name\":\"El digital de Asturias\",\"description\":\"Revista de ocio, turismo y estilo de vida\",\"url\":\"https:\\\/\\\/eldigitaldeasturias.com\\\/magazine365\\\/\",\"logo\":{\"@type\":\"ImageObject\",\"url\":\"https:\\\/\\\/www.eldigitaldeasturias.com\\\/noticias\\\/wp-content\\\/uploads\\\/2020\\\/12\\\/EDA.jpg\",\"@id\":\"https:\\\/\\\/eldigitaldeasturias.com\\\/magazine365\\\/cifuentes-espera-que-wanda-no-venda-el-edificio-espana\\\/#organizationLogo\"},\"image\":{\"@id\":\"https:\\\/\\\/eldigitaldeasturias.com\\\/magazine365\\\/cifuentes-espera-que-wanda-no-venda-el-edificio-espana\\\/#organizationLogo\"}},{\"@type\":\"Person\",\"@id\":\"https:\\\/\\\/eldigitaldeasturias.com\\\/magazine365\\\/author\\\/admin\\\/#author\",\"url\":\"https:\\\/\\\/eldigitaldeasturias.com\\\/magazine365\\\/author\\\/admin\\\/\",\"name\":\"admin\",\"image\":{\"@type\":\"ImageObject\",\"@id\":\"https:\\\/\\\/eldigitaldeasturias.com\\\/magazine365\\\/cifuentes-espera-que-wanda-no-venda-el-edificio-espana\\\/#authorImage\",\"url\":\"https:\\\/\\\/eldigitaldeasturias.com\\\/magazine365\\\/wp-content\\\/litespeed\\\/avatar\\\/e571bcf59a0edd6fa6838245a470f2fe.jpg?ver=1777574230\",\"width\":96,\"height\":96,\"caption\":\"admin\"}},{\"@type\":\"WebPage\",\"@id\":\"https:\\\/\\\/eldigitaldeasturias.com\\\/magazine365\\\/cifuentes-espera-que-wanda-no-venda-el-edificio-espana\\\/#webpage\",\"url\":\"https:\\\/\\\/eldigitaldeasturias.com\\\/magazine365\\\/cifuentes-espera-que-wanda-no-venda-el-edificio-espana\\\/\",\"name\":\"Cifuentes espera que Wanda no venda el edificio Espa\\u00f1a | El Digital de Asturias\",\"description\":\"La presidenta de la Comunidad de Madrid, Cristina Cifuentes, espera que el grupo Wanda no venda el edificio Espa\\u00f1a y ha pedido al Ayuntamiento de la capital \\\"que se ponga las pilas\\\" no s\\u00f3lo en \\\"trabajar para conseguir nuevos inversores\\\", sin para llevar adelante proyectos urban\\u00edsticos atascados como Castellana Norte, \\\"tan necesarios para Madrid y\",\"inLanguage\":\"es-ES\",\"isPartOf\":{\"@id\":\"https:\\\/\\\/eldigitaldeasturias.com\\\/magazine365\\\/#website\"},\"breadcrumb\":{\"@id\":\"https:\\\/\\\/eldigitaldeasturias.com\\\/magazine365\\\/cifuentes-espera-que-wanda-no-venda-el-edificio-espana\\\/#breadcrumblist\"},\"author\":{\"@id\":\"https:\\\/\\\/eldigitaldeasturias.com\\\/magazine365\\\/author\\\/admin\\\/#author\"},\"creator\":{\"@id\":\"https:\\\/\\\/eldigitaldeasturias.com\\\/magazine365\\\/author\\\/admin\\\/#author\"},\"image\":{\"@type\":\"ImageObject\",\"url\":\"https:\\\/\\\/eldigitaldeasturias.com\\\/magazine365\\\/wp-content\\\/uploads\\\/2016\\\/01\\\/fotonoticia_20160112153114_800.jpg\",\"@id\":\"https:\\\/\\\/eldigitaldeasturias.com\\\/magazine365\\\/cifuentes-espera-que-wanda-no-venda-el-edificio-espana\\\/#mainImage\",\"width\":800,\"height\":936},\"primaryImageOfPage\":{\"@id\":\"https:\\\/\\\/eldigitaldeasturias.com\\\/magazine365\\\/cifuentes-espera-que-wanda-no-venda-el-edificio-espana\\\/#mainImage\"},\"datePublished\":\"2016-01-13T14:28:39+01:00\",\"dateModified\":\"2016-01-13T14:28:39+01:00\"},{\"@type\":\"WebSite\",\"@id\":\"https:\\\/\\\/eldigitaldeasturias.com\\\/magazine365\\\/#website\",\"url\":\"https:\\\/\\\/eldigitaldeasturias.com\\\/magazine365\\\/\",\"name\":\"El Digital de Asturias\",\"description\":\"Revista de ocio, turismo y estilo de vida\",\"inLanguage\":\"es-ES\",\"publisher\":{\"@id\":\"https:\\\/\\\/eldigitaldeasturias.com\\\/magazine365\\\/#organization\"}}]}\n\t\t<\/script>\n\t\t<!-- All in One SEO Pro -->\r\n\t\t<title>Cifuentes espera que Wanda no venda el edificio Espa\u00f1a | El Digital de Asturias<\/title>\n\n","aioseo_head_json":{"title":"Cifuentes espera que Wanda no venda el edificio Espa\u00f1a | El Digital de Asturias","description":"La presidenta de la Comunidad de Madrid, Cristina Cifuentes, espera que el grupo Wanda no venda el edificio Espa\u00f1a y ha pedido al Ayuntamiento de la capital \"que se ponga las pilas\" no s\u00f3lo en \"trabajar para conseguir nuevos inversores\", sin para llevar adelante proyectos urban\u00edsticos atascados como Castellana Norte, \"tan necesarios para Madrid y","canonical_url":"https:\/\/eldigitaldeasturias.com\/magazine365\/cifuentes-espera-que-wanda-no-venda-el-edificio-espana\/","robots":"max-image-preview:large","keywords":"noticias y actualidad","webmasterTools":{"google-site-verification":"UA-38556648-1","miscellaneous":""},"schema":{"@context":"https:\/\/schema.org","@graph":[{"@type":"Article","@id":"https:\/\/eldigitaldeasturias.com\/magazine365\/cifuentes-espera-que-wanda-no-venda-el-edificio-espana\/#article","name":"Cifuentes espera que Wanda no venda el edificio Espa\u00f1a | El Digital de Asturias","headline":"Cifuentes espera que Wanda no venda el edificio Espa\u00f1a","author":{"@id":"https:\/\/eldigitaldeasturias.com\/magazine365\/author\/admin\/#author"},"publisher":{"@id":"https:\/\/eldigitaldeasturias.com\/magazine365\/#organization"},"image":{"@type":"ImageObject","url":"https:\/\/eldigitaldeasturias.com\/magazine365\/wp-content\/uploads\/2016\/01\/fotonoticia_20160112153114_800.jpg","width":800,"height":936},"datePublished":"2016-01-13T14:28:39+01:00","dateModified":"2016-01-13T14:28:39+01:00","inLanguage":"es-ES","mainEntityOfPage":{"@id":"https:\/\/eldigitaldeasturias.com\/magazine365\/cifuentes-espera-que-wanda-no-venda-el-edificio-espana\/#webpage"},"isPartOf":{"@id":"https:\/\/eldigitaldeasturias.com\/magazine365\/cifuentes-espera-que-wanda-no-venda-el-edificio-espana\/#webpage"},"articleSection":"Noticias y Actualidad"},{"@type":"BreadcrumbList","@id":"https:\/\/eldigitaldeasturias.com\/magazine365\/cifuentes-espera-que-wanda-no-venda-el-edificio-espana\/#breadcrumblist","itemListElement":[{"@type":"ListItem","@id":"https:\/\/eldigitaldeasturias.com\/magazine365#listItem","position":1,"name":"Home","item":"https:\/\/eldigitaldeasturias.com\/magazine365","nextItem":{"@type":"ListItem","@id":"https:\/\/eldigitaldeasturias.com\/magazine365\/category\/noticias-actualidad\/#listItem","name":"Noticias y Actualidad"}},{"@type":"ListItem","@id":"https:\/\/eldigitaldeasturias.com\/magazine365\/category\/noticias-actualidad\/#listItem","position":2,"name":"Noticias y Actualidad","item":"https:\/\/eldigitaldeasturias.com\/magazine365\/category\/noticias-actualidad\/","nextItem":{"@type":"ListItem","@id":"https:\/\/eldigitaldeasturias.com\/magazine365\/cifuentes-espera-que-wanda-no-venda-el-edificio-espana\/#listItem","name":"Cifuentes espera que Wanda no venda el edificio Espa\u00f1a"},"previousItem":{"@type":"ListItem","@id":"https:\/\/eldigitaldeasturias.com\/magazine365#listItem","name":"Home"}},{"@type":"ListItem","@id":"https:\/\/eldigitaldeasturias.com\/magazine365\/cifuentes-espera-que-wanda-no-venda-el-edificio-espana\/#listItem","position":3,"name":"Cifuentes espera que Wanda no venda el edificio Espa\u00f1a","previousItem":{"@type":"ListItem","@id":"https:\/\/eldigitaldeasturias.com\/magazine365\/category\/noticias-actualidad\/#listItem","name":"Noticias y Actualidad"}}]},{"@type":"Organization","@id":"https:\/\/eldigitaldeasturias.com\/magazine365\/#organization","name":"El digital de Asturias","description":"Revista de ocio, turismo y estilo de vida","url":"https:\/\/eldigitaldeasturias.com\/magazine365\/","logo":{"@type":"ImageObject","url":"https:\/\/www.eldigitaldeasturias.com\/noticias\/wp-content\/uploads\/2020\/12\/EDA.jpg","@id":"https:\/\/eldigitaldeasturias.com\/magazine365\/cifuentes-espera-que-wanda-no-venda-el-edificio-espana\/#organizationLogo"},"image":{"@id":"https:\/\/eldigitaldeasturias.com\/magazine365\/cifuentes-espera-que-wanda-no-venda-el-edificio-espana\/#organizationLogo"}},{"@type":"Person","@id":"https:\/\/eldigitaldeasturias.com\/magazine365\/author\/admin\/#author","url":"https:\/\/eldigitaldeasturias.com\/magazine365\/author\/admin\/","name":"admin","image":{"@type":"ImageObject","@id":"https:\/\/eldigitaldeasturias.com\/magazine365\/cifuentes-espera-que-wanda-no-venda-el-edificio-espana\/#authorImage","url":"https:\/\/eldigitaldeasturias.com\/magazine365\/wp-content\/litespeed\/avatar\/e571bcf59a0edd6fa6838245a470f2fe.jpg?ver=1777574230","width":96,"height":96,"caption":"admin"}},{"@type":"WebPage","@id":"https:\/\/eldigitaldeasturias.com\/magazine365\/cifuentes-espera-que-wanda-no-venda-el-edificio-espana\/#webpage","url":"https:\/\/eldigitaldeasturias.com\/magazine365\/cifuentes-espera-que-wanda-no-venda-el-edificio-espana\/","name":"Cifuentes espera que Wanda no venda el edificio Espa\u00f1a | El Digital de Asturias","description":"La presidenta de la Comunidad de Madrid, Cristina Cifuentes, espera que el grupo Wanda no venda el edificio Espa\u00f1a y ha pedido al Ayuntamiento de la capital \"que se ponga las pilas\" no s\u00f3lo en \"trabajar para conseguir nuevos inversores\", sin para llevar adelante proyectos urban\u00edsticos atascados como Castellana Norte, \"tan necesarios para Madrid y","inLanguage":"es-ES","isPartOf":{"@id":"https:\/\/eldigitaldeasturias.com\/magazine365\/#website"},"breadcrumb":{"@id":"https:\/\/eldigitaldeasturias.com\/magazine365\/cifuentes-espera-que-wanda-no-venda-el-edificio-espana\/#breadcrumblist"},"author":{"@id":"https:\/\/eldigitaldeasturias.com\/magazine365\/author\/admin\/#author"},"creator":{"@id":"https:\/\/eldigitaldeasturias.com\/magazine365\/author\/admin\/#author"},"image":{"@type":"ImageObject","url":"https:\/\/eldigitaldeasturias.com\/magazine365\/wp-content\/uploads\/2016\/01\/fotonoticia_20160112153114_800.jpg","@id":"https:\/\/eldigitaldeasturias.com\/magazine365\/cifuentes-espera-que-wanda-no-venda-el-edificio-espana\/#mainImage","width":800,"height":936},"primaryImageOfPage":{"@id":"https:\/\/eldigitaldeasturias.com\/magazine365\/cifuentes-espera-que-wanda-no-venda-el-edificio-espana\/#mainImage"},"datePublished":"2016-01-13T14:28:39+01:00","dateModified":"2016-01-13T14:28:39+01:00"},{"@type":"WebSite","@id":"https:\/\/eldigitaldeasturias.com\/magazine365\/#website","url":"https:\/\/eldigitaldeasturias.com\/magazine365\/","name":"El Digital de Asturias","description":"Revista de ocio, turismo y estilo de vida","inLanguage":"es-ES","publisher":{"@id":"https:\/\/eldigitaldeasturias.com\/magazine365\/#organization"}}]},"og:locale":"es_ES","og:site_name":"El Digital de Asturias \u2013 Revista de ocio, turismo y estilo de vida","og:type":"article","og:title":"Cifuentes espera que Wanda no venda el edificio Espa\u00f1a | El Digital de Asturias","og:description":"La presidenta de la Comunidad de Madrid, Cristina Cifuentes, espera que el grupo Wanda no venda el edificio Espa\u00f1a y ha pedido al Ayuntamiento de la capital &quot;que se ponga las pilas&quot; no s\u00f3lo en &quot;trabajar para conseguir nuevos inversores&quot;, sin para llevar adelante proyectos urban\u00edsticos atascados como Castellana Norte, &quot;tan necesarios para Madrid y","og:url":"https:\/\/eldigitaldeasturias.com\/magazine365\/cifuentes-espera-que-wanda-no-venda-el-edificio-espana\/","og:image":"https:\/\/eldigitaldeasturias.com\/magazine365\/wp-content\/uploads\/2016\/01\/fotonoticia_20160112153114_800.jpg","og:image:secure_url":"https:\/\/eldigitaldeasturias.com\/magazine365\/wp-content\/uploads\/2016\/01\/fotonoticia_20160112153114_800.jpg","og:image:width":800,"og:image:height":936,"article:published_time":"2016-01-13T13:28:39+00:00","article:modified_time":"2016-01-13T13:28:39+00:00","twitter:card":"summary_large_image","twitter:title":"Cifuentes espera que Wanda no venda el edificio Espa\u00f1a | El Digital de Asturias","twitter:description":"La presidenta de la Comunidad de Madrid, Cristina Cifuentes, espera que el grupo Wanda no venda el edificio Espa\u00f1a y ha pedido al Ayuntamiento de la capital &quot;que se ponga las pilas&quot; no s\u00f3lo en &quot;trabajar para conseguir nuevos inversores&quot;, sin para llevar adelante proyectos urban\u00edsticos atascados como Castellana Norte, &quot;tan necesarios para Madrid y","twitter:image":"https:\/\/eldigitaldeasturias.com\/magazine365\/wp-content\/uploads\/2016\/01\/fotonoticia_20160112153114_800.jpg"},"aioseo_meta_data":{"post_id":"60357","title":null,"description":null,"keywords":null,"keyphrases":null,"primary_term":null,"canonical_url":null,"og_title":null,"og_description":null,"og_object_type":"default","og_image_type":"default","og_image_url":null,"og_image_width":null,"og_image_height":null,"og_image_custom_url":null,"og_image_custom_fields":null,"og_video":null,"og_custom_url":null,"og_article_section":null,"og_article_tags":null,"twitter_use_og":false,"twitter_card":"default","twitter_image_type":"default","twitter_image_url":null,"twitter_image_custom_url":null,"twitter_image_custom_fields":null,"twitter_title":null,"twitter_description":null,"schema":{"blockGraphs":[],"customGraphs":[],"default":{"data":{"Article":[],"Course":[],"Dataset":[],"FAQPage":[],"Movie":[],"Person":[],"Product":[],"ProductReview":[],"Car":[],"Recipe":[],"Service":[],"SoftwareApplication":[],"WebPage":[]},"graphName":"","isEnabled":true},"graphs":[],"defaultGraph":"","defaultPostTypeGraph":""},"schema_type":null,"schema_type_options":null,"pillar_content":false,"robots_default":true,"robots_noindex":false,"robots_noarchive":false,"robots_nosnippet":false,"robots_nofollow":false,"robots_noimageindex":false,"robots_noodp":false,"robots_notranslate":false,"robots_max_snippet":null,"robots_max_videopreview":null,"robots_max_imagepreview":"large","priority":null,"frequency":null,"location":null,"local_seo":null,"seo_analyzer_scan_date":"2025-09-25 06:44:04","breadcrumb_settings":null,"limit_modified_date":false,"open_ai":null,"ai":null,"created":"2021-03-08 22:00:44","updated":"2025-09-25 06:44:04"},"aioseo_breadcrumb":"<div class=\"aioseo-breadcrumbs\"><span class=\"aioseo-breadcrumb\">\n\t<a href=\"https:\/\/eldigitaldeasturias.com\/magazine365\" title=\"Home\">Home<\/a>\n<\/span><span class=\"aioseo-breadcrumb-separator\">\u2013<\/span><span class=\"aioseo-breadcrumb\">\n\t<a href=\"https:\/\/eldigitaldeasturias.com\/magazine365\/category\/noticias-actualidad\/\" title=\"Noticias y Actualidad\">Noticias y Actualidad<\/a>\n<\/span><span class=\"aioseo-breadcrumb-separator\">\u2013<\/span><span class=\"aioseo-breadcrumb\">\n\t<a href=\"https:\/\/eldigitaldeasturias.com\/magazine365\/cifuentes-espera-que-wanda-no-venda-el-edificio-espana\/\" title=\"Cifuentes espera que Wanda no venda el edificio Espa\u00f1a\">Cifuentes espera que Wanda no venda el edificio Espa\u00f1a<\/a>\n<\/span><\/div>","aioseo_breadcrumb_json":[{"label":"Home","link":"https:\/\/eldigitaldeasturias.com\/magazine365"},{"label":"Noticias y Actualidad","link":"https:\/\/eldigitaldeasturias.com\/magazine365\/category\/noticias-actualidad\/"},{"label":"Cifuentes espera que Wanda no venda el edificio Espa\u00f1a","link":"https:\/\/eldigitaldeasturias.com\/magazine365\/cifuentes-espera-que-wanda-no-venda-el-edificio-espana\/"}],"_links":{"self":[{"href":"https:\/\/eldigitaldeasturias.com\/magazine365\/wp-json\/wp\/v2\/posts\/60357","targetHints":{"allow":["GET"]}}],"collection":[{"href":"https:\/\/eldigitaldeasturias.com\/magazine365\/wp-json\/wp\/v2\/posts"}],"about":[{"href":"https:\/\/eldigitaldeasturias.com\/magazine365\/wp-json\/wp\/v2\/types\/post"}],"author":[{"embeddable":true,"href":"https:\/\/eldigitaldeasturias.com\/magazine365\/wp-json\/wp\/v2\/users\/1"}],"replies":[{"embeddable":true,"href":"https:\/\/eldigitaldeasturias.com\/magazine365\/wp-json\/wp\/v2\/comments?post=60357"}],"version-history":[{"count":0,"href":"https:\/\/eldigitaldeasturias.com\/magazine365\/wp-json\/wp\/v2\/posts\/60357\/revisions"}],"wp:featuredmedia":[{"embeddable":true,"href":"https:\/\/eldigitaldeasturias.com\/magazine365\/wp-json\/wp\/v2\/media\/60355"}],"wp:attachment":[{"href":"https:\/\/eldigitaldeasturias.com\/magazine365\/wp-json\/wp\/v2\/media?parent=60357"}],"wp:term":[{"taxonomy":"category","embeddable":true,"href":"https:\/\/eldigitaldeasturias.com\/magazine365\/wp-json\/wp\/v2\/categories?post=60357"},{"taxonomy":"post_tag","embeddable":true,"href":"https:\/\/eldigitaldeasturias.com\/magazine365\/wp-json\/wp\/v2\/tags?post=60357"}],"curies":[{"name":"wp","href":"https:\/\/api.w.org\/{rel}","templated":true}]}}