{"id":60354,"date":"2016-01-13T14:27:51","date_gmt":"2016-01-13T13:27:51","guid":{"rendered":"http:\/\/eldigitaldeasturias.com\/magazine365\/?p=60354"},"modified":"2016-01-13T14:27:51","modified_gmt":"2016-01-13T13:27:51","slug":"ayuntamiento-de-madrid-sorprendido-con-el-posible-abandono-de-wanda-del-edificio-espana","status":"publish","type":"post","link":"https:\/\/eldigitaldeasturias.com\/magazine365\/ayuntamiento-de-madrid-sorprendido-con-el-posible-abandono-de-wanda-del-edificio-espana\/","title":{"rendered":"Ayuntamiento de Madrid, \u00absorprendido\u00bb con el posible abandono de Wanda del edificio Espa\u00f1a"},"content":{"rendered":"<p><img fetchpriority=\"high\" decoding=\"async\" class=\"alignleft size-medium wp-image-60355\" src=\"https:\/\/eldigitaldeasturias.com\/magazine365\/wp-content\/uploads\/2016\/01\/fotonoticia_20160112153114_800-256x300.jpg\" alt=\"fotonoticia_20160112153114_800\" width=\"256\" height=\"300\" srcset=\"https:\/\/eldigitaldeasturias.com\/magazine365\/wp-content\/uploads\/2016\/01\/fotonoticia_20160112153114_800-256x300.jpg 256w, https:\/\/eldigitaldeasturias.com\/magazine365\/wp-content\/uploads\/2016\/01\/fotonoticia_20160112153114_800-547x640.jpg 547w, https:\/\/eldigitaldeasturias.com\/magazine365\/wp-content\/uploads\/2016\/01\/fotonoticia_20160112153114_800-768x899.jpg 768w, https:\/\/eldigitaldeasturias.com\/magazine365\/wp-content\/uploads\/2016\/01\/fotonoticia_20160112153114_800-150x176.jpg 150w, https:\/\/eldigitaldeasturias.com\/magazine365\/wp-content\/uploads\/2016\/01\/fotonoticia_20160112153114_800-450x527.jpg 450w, https:\/\/eldigitaldeasturias.com\/magazine365\/wp-content\/uploads\/2016\/01\/fotonoticia_20160112153114_800-696x814.jpg 696w, https:\/\/eldigitaldeasturias.com\/magazine365\/wp-content\/uploads\/2016\/01\/fotonoticia_20160112153114_800-359x420.jpg 359w, https:\/\/eldigitaldeasturias.com\/magazine365\/wp-content\/uploads\/2016\/01\/fotonoticia_20160112153114_800.jpg 800w\" sizes=\"(max-width: 256px) 100vw, 256px\" \/>El edil de Desarrollo Urbano Sostenible, Jos\u00e9 Manuel Calvo, ha asegurado que el Consistorio espera explicaciones de Wanda sobre la \u00absorprendente\u00bb informaci\u00f3n que apunta a su retirada del proyecto de reforma del edificio Espa\u00f1a y remarca que, de confirmarse, ser\u00eda un abandono emprendido de manera \u00abunilateral\u00bb y que revelar\u00eda su \u00abirresponsabilidad\u00bb y su \u00abpoca fiabilidad\u00bb como inversor.<\/p>\n<p>En declaraciones a Telemadrid, recogidas por Europa Press, Calvo ha sido preguntado por la informaci\u00f3n publicada por &#8216;Okdiario&#8217; que alude a los despidos que acometer\u00e1 la empresa y a la venta del inmueble, aludiendo a las trabas para realizar el proyecto de reforma que pretende.<\/p>\n<p>Al respecto, Calvo ha subrayado que le ha sorprendido \u00abmucho\u00bb esta noticia porque ya se hab\u00eda alcanzado un acuerdo con la compa\u00f1\u00eda que exig\u00eda a Wanda el cumplimiento de la ley, manteniendo los elementos del inmueble declarados protegidos (la fachada), y encajar los usos comerciales que pretend\u00eda en el edificio Espa\u00f1a.<\/p>\n<p>El concejal de Urbanismo ha detallado que, una vez alcanzado ese acuerdo, se puso en marcha una tramitaci\u00f3n para dar viabilidad a este plan de la empresa, un marco en el que se estaba hasta la noticia sobre posible abandono del proyecto, sin conocer \u00aborigen y motivos\u00bb de esa informaci\u00f3n.<\/p>\n<p>Asimismo, ha asegurado que t\u00e9cnicos municipales estaban analizando un estudio de detalle de Wanda para plasmar este acuerdo y, en consecuencia, espera conocer las explicaciones del grupo Wanda sobre la situaci\u00f3n del proyecto de reforma.<\/p>\n<p>En este punto, ha dicho que en caso de confirmarse que Wanda renuncia al proyecto, ello revelar\u00eda su \u00abpoca fiabilidad\u00bb como inversor pues tras llegar a un acuerdo con el Consistorio, \u00abde un d\u00eda para otro se marcha y deja el proyecto empantanado\u00bb.<\/p>\n<p>Por otro lado, se ha preguntado qu\u00e9 hubiera ocurrido si el Ayuntamiento hubiera sido \u00abirresponsable\u00bb y se hubiera derribado el edificio, como pretend\u00eda inicialmente Wanda, dejando un solar en Plaza de Espa\u00f1a para marcharse luego.<\/p>\n<p>En consecuencia, cree que la responsabilidad del Consistorio ha sido \u00abclave\u00bb para que esa posibilidad \u00abno ocurra ni vaya a ocurrir\u00bb. Adem\u00e1s, Calvo ha subrayado que no ha podido hablar con Wanda a\u00fan y que, la posible marcha, es algo \u00absorprendente\u00bb y supondr\u00eda una decisi\u00f3n \u00absuya\u00bb que ser\u00eda una \u00abirresponsabilidad\u00bb tras una negociaci\u00f3n \u00abexitosa\u00bb.<\/p>\n","protected":false},"excerpt":{"rendered":"<p>El edil de Desarrollo Urbano Sostenible, Jos\u00e9 Manuel Calvo, ha asegurado que el Consistorio espera explicaciones de Wanda sobre la \u00absorprendente\u00bb informaci\u00f3n que apunta a su retirada del proyecto de reforma del edificio Espa\u00f1a y remarca que, de confirmarse, ser\u00eda un abandono emprendido de manera \u00abunilateral\u00bb y que revelar\u00eda su \u00abirresponsabilidad\u00bb y su \u00abpoca fiabilidad\u00bb<\/p>\n","protected":false},"author":1,"featured_media":60355,"comment_status":"open","ping_status":"closed","sticky":false,"template":"","format":"standard","meta":{"footnotes":""},"categories":[224],"tags":[],"class_list":{"0":"post-60354","1":"post","2":"type-post","3":"status-publish","4":"format-standard","5":"has-post-thumbnail","7":"category-noticias-actualidad"},"aioseo_notices":[],"aioseo_head":"\n\t\t<!-- All in One SEO Pro 4.9.6.1 - aioseo.com -->\n\t<meta name=\"description\" content=\"El edil de Desarrollo Urbano Sostenible, Jos\u00e9 Manuel Calvo, ha asegurado que el Consistorio espera explicaciones de Wanda sobre la &quot;sorprendente&quot; informaci\u00f3n que apunta a su retirada del proyecto de reforma del edificio Espa\u00f1a y remarca que, de confirmarse, ser\u00eda un abandono emprendido de manera &quot;unilateral&quot; y que revelar\u00eda su &quot;irresponsabilidad&quot; y su &quot;poca fiabilidad&quot;\" \/>\n\t<meta name=\"robots\" content=\"max-image-preview:large\" \/>\n\t<meta name=\"author\" content=\"admin\"\/>\n\t<meta name=\"google-site-verification\" content=\"UA-38556648-1\" \/>\n\t<meta name=\"keywords\" content=\"noticias y actualidad\" \/>\n\t<link rel=\"canonical\" href=\"https:\/\/eldigitaldeasturias.com\/magazine365\/ayuntamiento-de-madrid-sorprendido-con-el-posible-abandono-de-wanda-del-edificio-espana\/\" \/>\n\t<meta name=\"generator\" content=\"All in One SEO Pro (AIOSEO) 4.9.6.1\" \/>\n\t\t<meta property=\"og:locale\" content=\"es_ES\" \/>\n\t\t<meta property=\"og:site_name\" content=\"El Digital de Asturias \u2013 Revista de ocio, turismo y estilo de vida\" \/>\n\t\t<meta property=\"og:type\" content=\"article\" \/>\n\t\t<meta property=\"og:title\" content=\"Ayuntamiento de Madrid, \u00absorprendido\u00bb con el posible abandono de Wanda del edificio Espa\u00f1a | El Digital de Asturias\" \/>\n\t\t<meta property=\"og:description\" content=\"El edil de Desarrollo Urbano Sostenible, Jos\u00e9 Manuel Calvo, ha asegurado que el Consistorio espera explicaciones de Wanda sobre la &quot;sorprendente&quot; informaci\u00f3n que apunta a su retirada del proyecto de reforma del edificio Espa\u00f1a y remarca que, de confirmarse, ser\u00eda un abandono emprendido de manera &quot;unilateral&quot; y que revelar\u00eda su &quot;irresponsabilidad&quot; y su &quot;poca fiabilidad&quot;\" \/>\n\t\t<meta property=\"og:url\" content=\"https:\/\/eldigitaldeasturias.com\/magazine365\/ayuntamiento-de-madrid-sorprendido-con-el-posible-abandono-de-wanda-del-edificio-espana\/\" \/>\n\t\t<meta property=\"og:image\" content=\"https:\/\/eldigitaldeasturias.com\/magazine365\/wp-content\/uploads\/2016\/01\/fotonoticia_20160112153114_800.jpg\" \/>\n\t\t<meta property=\"og:image:secure_url\" content=\"https:\/\/eldigitaldeasturias.com\/magazine365\/wp-content\/uploads\/2016\/01\/fotonoticia_20160112153114_800.jpg\" \/>\n\t\t<meta property=\"og:image:width\" content=\"800\" \/>\n\t\t<meta property=\"og:image:height\" content=\"936\" \/>\n\t\t<meta property=\"article:published_time\" content=\"2016-01-13T13:27:51+00:00\" \/>\n\t\t<meta property=\"article:modified_time\" content=\"2016-01-13T13:27:51+00:00\" \/>\n\t\t<meta name=\"twitter:card\" content=\"summary_large_image\" \/>\n\t\t<meta name=\"twitter:title\" content=\"Ayuntamiento de Madrid, \u00absorprendido\u00bb con el posible abandono de Wanda del edificio Espa\u00f1a | El Digital de Asturias\" \/>\n\t\t<meta name=\"twitter:description\" content=\"El edil de Desarrollo Urbano Sostenible, Jos\u00e9 Manuel Calvo, ha asegurado que el Consistorio espera explicaciones de Wanda sobre la &quot;sorprendente&quot; informaci\u00f3n que apunta a su retirada del proyecto de reforma del edificio Espa\u00f1a y remarca que, de confirmarse, ser\u00eda un abandono emprendido de manera &quot;unilateral&quot; y que revelar\u00eda su &quot;irresponsabilidad&quot; y su &quot;poca fiabilidad&quot;\" \/>\n\t\t<meta name=\"twitter:image\" content=\"https:\/\/eldigitaldeasturias.com\/magazine365\/wp-content\/uploads\/2016\/01\/fotonoticia_20160112153114_800.jpg\" \/>\n\t\t<script type=\"application\/ld+json\" class=\"aioseo-schema\">\n\t\t\t{\"@context\":\"https:\\\/\\\/schema.org\",\"@graph\":[{\"@type\":\"Article\",\"@id\":\"https:\\\/\\\/eldigitaldeasturias.com\\\/magazine365\\\/ayuntamiento-de-madrid-sorprendido-con-el-posible-abandono-de-wanda-del-edificio-espana\\\/#article\",\"name\":\"Ayuntamiento de Madrid, \\u00absorprendido\\u00bb con el posible abandono de Wanda del edificio Espa\\u00f1a | El Digital de Asturias\",\"headline\":\"Ayuntamiento de Madrid, \\u00absorprendido\\u00bb con el posible abandono de Wanda del edificio Espa\\u00f1a\",\"author\":{\"@id\":\"https:\\\/\\\/eldigitaldeasturias.com\\\/magazine365\\\/author\\\/admin\\\/#author\"},\"publisher\":{\"@id\":\"https:\\\/\\\/eldigitaldeasturias.com\\\/magazine365\\\/#organization\"},\"image\":{\"@type\":\"ImageObject\",\"url\":\"https:\\\/\\\/eldigitaldeasturias.com\\\/magazine365\\\/wp-content\\\/uploads\\\/2016\\\/01\\\/fotonoticia_20160112153114_800.jpg\",\"width\":800,\"height\":936},\"datePublished\":\"2016-01-13T14:27:51+01:00\",\"dateModified\":\"2016-01-13T14:27:51+01:00\",\"inLanguage\":\"es-ES\",\"mainEntityOfPage\":{\"@id\":\"https:\\\/\\\/eldigitaldeasturias.com\\\/magazine365\\\/ayuntamiento-de-madrid-sorprendido-con-el-posible-abandono-de-wanda-del-edificio-espana\\\/#webpage\"},\"isPartOf\":{\"@id\":\"https:\\\/\\\/eldigitaldeasturias.com\\\/magazine365\\\/ayuntamiento-de-madrid-sorprendido-con-el-posible-abandono-de-wanda-del-edificio-espana\\\/#webpage\"},\"articleSection\":\"Noticias y Actualidad\"},{\"@type\":\"BreadcrumbList\",\"@id\":\"https:\\\/\\\/eldigitaldeasturias.com\\\/magazine365\\\/ayuntamiento-de-madrid-sorprendido-con-el-posible-abandono-de-wanda-del-edificio-espana\\\/#breadcrumblist\",\"itemListElement\":[{\"@type\":\"ListItem\",\"@id\":\"https:\\\/\\\/eldigitaldeasturias.com\\\/magazine365#listItem\",\"position\":1,\"name\":\"Home\",\"item\":\"https:\\\/\\\/eldigitaldeasturias.com\\\/magazine365\",\"nextItem\":{\"@type\":\"ListItem\",\"@id\":\"https:\\\/\\\/eldigitaldeasturias.com\\\/magazine365\\\/category\\\/noticias-actualidad\\\/#listItem\",\"name\":\"Noticias y Actualidad\"}},{\"@type\":\"ListItem\",\"@id\":\"https:\\\/\\\/eldigitaldeasturias.com\\\/magazine365\\\/category\\\/noticias-actualidad\\\/#listItem\",\"position\":2,\"name\":\"Noticias y Actualidad\",\"item\":\"https:\\\/\\\/eldigitaldeasturias.com\\\/magazine365\\\/category\\\/noticias-actualidad\\\/\",\"nextItem\":{\"@type\":\"ListItem\",\"@id\":\"https:\\\/\\\/eldigitaldeasturias.com\\\/magazine365\\\/ayuntamiento-de-madrid-sorprendido-con-el-posible-abandono-de-wanda-del-edificio-espana\\\/#listItem\",\"name\":\"Ayuntamiento de Madrid, \\u00absorprendido\\u00bb con el posible abandono de Wanda del edificio Espa\\u00f1a\"},\"previousItem\":{\"@type\":\"ListItem\",\"@id\":\"https:\\\/\\\/eldigitaldeasturias.com\\\/magazine365#listItem\",\"name\":\"Home\"}},{\"@type\":\"ListItem\",\"@id\":\"https:\\\/\\\/eldigitaldeasturias.com\\\/magazine365\\\/ayuntamiento-de-madrid-sorprendido-con-el-posible-abandono-de-wanda-del-edificio-espana\\\/#listItem\",\"position\":3,\"name\":\"Ayuntamiento de Madrid, \\u00absorprendido\\u00bb con el posible abandono de Wanda del edificio Espa\\u00f1a\",\"previousItem\":{\"@type\":\"ListItem\",\"@id\":\"https:\\\/\\\/eldigitaldeasturias.com\\\/magazine365\\\/category\\\/noticias-actualidad\\\/#listItem\",\"name\":\"Noticias y Actualidad\"}}]},{\"@type\":\"Organization\",\"@id\":\"https:\\\/\\\/eldigitaldeasturias.com\\\/magazine365\\\/#organization\",\"name\":\"El digital de Asturias\",\"description\":\"Revista de ocio, turismo y estilo de vida\",\"url\":\"https:\\\/\\\/eldigitaldeasturias.com\\\/magazine365\\\/\",\"logo\":{\"@type\":\"ImageObject\",\"url\":\"https:\\\/\\\/www.eldigitaldeasturias.com\\\/noticias\\\/wp-content\\\/uploads\\\/2020\\\/12\\\/EDA.jpg\",\"@id\":\"https:\\\/\\\/eldigitaldeasturias.com\\\/magazine365\\\/ayuntamiento-de-madrid-sorprendido-con-el-posible-abandono-de-wanda-del-edificio-espana\\\/#organizationLogo\"},\"image\":{\"@id\":\"https:\\\/\\\/eldigitaldeasturias.com\\\/magazine365\\\/ayuntamiento-de-madrid-sorprendido-con-el-posible-abandono-de-wanda-del-edificio-espana\\\/#organizationLogo\"}},{\"@type\":\"Person\",\"@id\":\"https:\\\/\\\/eldigitaldeasturias.com\\\/magazine365\\\/author\\\/admin\\\/#author\",\"url\":\"https:\\\/\\\/eldigitaldeasturias.com\\\/magazine365\\\/author\\\/admin\\\/\",\"name\":\"admin\",\"image\":{\"@type\":\"ImageObject\",\"@id\":\"https:\\\/\\\/eldigitaldeasturias.com\\\/magazine365\\\/ayuntamiento-de-madrid-sorprendido-con-el-posible-abandono-de-wanda-del-edificio-espana\\\/#authorImage\",\"url\":\"https:\\\/\\\/eldigitaldeasturias.com\\\/magazine365\\\/wp-content\\\/litespeed\\\/avatar\\\/e571bcf59a0edd6fa6838245a470f2fe.jpg?ver=1777574230\",\"width\":96,\"height\":96,\"caption\":\"admin\"}},{\"@type\":\"WebPage\",\"@id\":\"https:\\\/\\\/eldigitaldeasturias.com\\\/magazine365\\\/ayuntamiento-de-madrid-sorprendido-con-el-posible-abandono-de-wanda-del-edificio-espana\\\/#webpage\",\"url\":\"https:\\\/\\\/eldigitaldeasturias.com\\\/magazine365\\\/ayuntamiento-de-madrid-sorprendido-con-el-posible-abandono-de-wanda-del-edificio-espana\\\/\",\"name\":\"Ayuntamiento de Madrid, \\u00absorprendido\\u00bb con el posible abandono de Wanda del edificio Espa\\u00f1a | El Digital de Asturias\",\"description\":\"El edil de Desarrollo Urbano Sostenible, Jos\\u00e9 Manuel Calvo, ha asegurado que el Consistorio espera explicaciones de Wanda sobre la \\\"sorprendente\\\" informaci\\u00f3n que apunta a su retirada del proyecto de reforma del edificio Espa\\u00f1a y remarca que, de confirmarse, ser\\u00eda un abandono emprendido de manera \\\"unilateral\\\" y que revelar\\u00eda su \\\"irresponsabilidad\\\" y su \\\"poca fiabilidad\\\"\",\"inLanguage\":\"es-ES\",\"isPartOf\":{\"@id\":\"https:\\\/\\\/eldigitaldeasturias.com\\\/magazine365\\\/#website\"},\"breadcrumb\":{\"@id\":\"https:\\\/\\\/eldigitaldeasturias.com\\\/magazine365\\\/ayuntamiento-de-madrid-sorprendido-con-el-posible-abandono-de-wanda-del-edificio-espana\\\/#breadcrumblist\"},\"author\":{\"@id\":\"https:\\\/\\\/eldigitaldeasturias.com\\\/magazine365\\\/author\\\/admin\\\/#author\"},\"creator\":{\"@id\":\"https:\\\/\\\/eldigitaldeasturias.com\\\/magazine365\\\/author\\\/admin\\\/#author\"},\"image\":{\"@type\":\"ImageObject\",\"url\":\"https:\\\/\\\/eldigitaldeasturias.com\\\/magazine365\\\/wp-content\\\/uploads\\\/2016\\\/01\\\/fotonoticia_20160112153114_800.jpg\",\"@id\":\"https:\\\/\\\/eldigitaldeasturias.com\\\/magazine365\\\/ayuntamiento-de-madrid-sorprendido-con-el-posible-abandono-de-wanda-del-edificio-espana\\\/#mainImage\",\"width\":800,\"height\":936},\"primaryImageOfPage\":{\"@id\":\"https:\\\/\\\/eldigitaldeasturias.com\\\/magazine365\\\/ayuntamiento-de-madrid-sorprendido-con-el-posible-abandono-de-wanda-del-edificio-espana\\\/#mainImage\"},\"datePublished\":\"2016-01-13T14:27:51+01:00\",\"dateModified\":\"2016-01-13T14:27:51+01:00\"},{\"@type\":\"WebSite\",\"@id\":\"https:\\\/\\\/eldigitaldeasturias.com\\\/magazine365\\\/#website\",\"url\":\"https:\\\/\\\/eldigitaldeasturias.com\\\/magazine365\\\/\",\"name\":\"El Digital de Asturias\",\"description\":\"Revista de ocio, turismo y estilo de vida\",\"inLanguage\":\"es-ES\",\"publisher\":{\"@id\":\"https:\\\/\\\/eldigitaldeasturias.com\\\/magazine365\\\/#organization\"}}]}\n\t\t<\/script>\n\t\t<!-- All in One SEO Pro -->\r\n\t\t<title>Ayuntamiento de Madrid, \u00absorprendido\u00bb con el posible abandono de Wanda del edificio Espa\u00f1a | El Digital de Asturias<\/title>\n\n","aioseo_head_json":{"title":"Ayuntamiento de Madrid, \u00absorprendido\u00bb con el posible abandono de Wanda del edificio Espa\u00f1a | El Digital de Asturias","description":"El edil de Desarrollo Urbano Sostenible, Jos\u00e9 Manuel Calvo, ha asegurado que el Consistorio espera explicaciones de Wanda sobre la \"sorprendente\" informaci\u00f3n que apunta a su retirada del proyecto de reforma del edificio Espa\u00f1a y remarca que, de confirmarse, ser\u00eda un abandono emprendido de manera \"unilateral\" y que revelar\u00eda su \"irresponsabilidad\" y su \"poca fiabilidad\"","canonical_url":"https:\/\/eldigitaldeasturias.com\/magazine365\/ayuntamiento-de-madrid-sorprendido-con-el-posible-abandono-de-wanda-del-edificio-espana\/","robots":"max-image-preview:large","keywords":"noticias y actualidad","webmasterTools":{"google-site-verification":"UA-38556648-1","miscellaneous":""},"schema":{"@context":"https:\/\/schema.org","@graph":[{"@type":"Article","@id":"https:\/\/eldigitaldeasturias.com\/magazine365\/ayuntamiento-de-madrid-sorprendido-con-el-posible-abandono-de-wanda-del-edificio-espana\/#article","name":"Ayuntamiento de Madrid, \u00absorprendido\u00bb con el posible abandono de Wanda del edificio Espa\u00f1a | El Digital de Asturias","headline":"Ayuntamiento de Madrid, \u00absorprendido\u00bb con el posible abandono de Wanda del edificio Espa\u00f1a","author":{"@id":"https:\/\/eldigitaldeasturias.com\/magazine365\/author\/admin\/#author"},"publisher":{"@id":"https:\/\/eldigitaldeasturias.com\/magazine365\/#organization"},"image":{"@type":"ImageObject","url":"https:\/\/eldigitaldeasturias.com\/magazine365\/wp-content\/uploads\/2016\/01\/fotonoticia_20160112153114_800.jpg","width":800,"height":936},"datePublished":"2016-01-13T14:27:51+01:00","dateModified":"2016-01-13T14:27:51+01:00","inLanguage":"es-ES","mainEntityOfPage":{"@id":"https:\/\/eldigitaldeasturias.com\/magazine365\/ayuntamiento-de-madrid-sorprendido-con-el-posible-abandono-de-wanda-del-edificio-espana\/#webpage"},"isPartOf":{"@id":"https:\/\/eldigitaldeasturias.com\/magazine365\/ayuntamiento-de-madrid-sorprendido-con-el-posible-abandono-de-wanda-del-edificio-espana\/#webpage"},"articleSection":"Noticias y Actualidad"},{"@type":"BreadcrumbList","@id":"https:\/\/eldigitaldeasturias.com\/magazine365\/ayuntamiento-de-madrid-sorprendido-con-el-posible-abandono-de-wanda-del-edificio-espana\/#breadcrumblist","itemListElement":[{"@type":"ListItem","@id":"https:\/\/eldigitaldeasturias.com\/magazine365#listItem","position":1,"name":"Home","item":"https:\/\/eldigitaldeasturias.com\/magazine365","nextItem":{"@type":"ListItem","@id":"https:\/\/eldigitaldeasturias.com\/magazine365\/category\/noticias-actualidad\/#listItem","name":"Noticias y Actualidad"}},{"@type":"ListItem","@id":"https:\/\/eldigitaldeasturias.com\/magazine365\/category\/noticias-actualidad\/#listItem","position":2,"name":"Noticias y Actualidad","item":"https:\/\/eldigitaldeasturias.com\/magazine365\/category\/noticias-actualidad\/","nextItem":{"@type":"ListItem","@id":"https:\/\/eldigitaldeasturias.com\/magazine365\/ayuntamiento-de-madrid-sorprendido-con-el-posible-abandono-de-wanda-del-edificio-espana\/#listItem","name":"Ayuntamiento de Madrid, \u00absorprendido\u00bb con el posible abandono de Wanda del edificio Espa\u00f1a"},"previousItem":{"@type":"ListItem","@id":"https:\/\/eldigitaldeasturias.com\/magazine365#listItem","name":"Home"}},{"@type":"ListItem","@id":"https:\/\/eldigitaldeasturias.com\/magazine365\/ayuntamiento-de-madrid-sorprendido-con-el-posible-abandono-de-wanda-del-edificio-espana\/#listItem","position":3,"name":"Ayuntamiento de Madrid, \u00absorprendido\u00bb con el posible abandono de Wanda del edificio Espa\u00f1a","previousItem":{"@type":"ListItem","@id":"https:\/\/eldigitaldeasturias.com\/magazine365\/category\/noticias-actualidad\/#listItem","name":"Noticias y Actualidad"}}]},{"@type":"Organization","@id":"https:\/\/eldigitaldeasturias.com\/magazine365\/#organization","name":"El digital de Asturias","description":"Revista de ocio, turismo y estilo de vida","url":"https:\/\/eldigitaldeasturias.com\/magazine365\/","logo":{"@type":"ImageObject","url":"https:\/\/www.eldigitaldeasturias.com\/noticias\/wp-content\/uploads\/2020\/12\/EDA.jpg","@id":"https:\/\/eldigitaldeasturias.com\/magazine365\/ayuntamiento-de-madrid-sorprendido-con-el-posible-abandono-de-wanda-del-edificio-espana\/#organizationLogo"},"image":{"@id":"https:\/\/eldigitaldeasturias.com\/magazine365\/ayuntamiento-de-madrid-sorprendido-con-el-posible-abandono-de-wanda-del-edificio-espana\/#organizationLogo"}},{"@type":"Person","@id":"https:\/\/eldigitaldeasturias.com\/magazine365\/author\/admin\/#author","url":"https:\/\/eldigitaldeasturias.com\/magazine365\/author\/admin\/","name":"admin","image":{"@type":"ImageObject","@id":"https:\/\/eldigitaldeasturias.com\/magazine365\/ayuntamiento-de-madrid-sorprendido-con-el-posible-abandono-de-wanda-del-edificio-espana\/#authorImage","url":"https:\/\/eldigitaldeasturias.com\/magazine365\/wp-content\/litespeed\/avatar\/e571bcf59a0edd6fa6838245a470f2fe.jpg?ver=1777574230","width":96,"height":96,"caption":"admin"}},{"@type":"WebPage","@id":"https:\/\/eldigitaldeasturias.com\/magazine365\/ayuntamiento-de-madrid-sorprendido-con-el-posible-abandono-de-wanda-del-edificio-espana\/#webpage","url":"https:\/\/eldigitaldeasturias.com\/magazine365\/ayuntamiento-de-madrid-sorprendido-con-el-posible-abandono-de-wanda-del-edificio-espana\/","name":"Ayuntamiento de Madrid, \u00absorprendido\u00bb con el posible abandono de Wanda del edificio Espa\u00f1a | El Digital de Asturias","description":"El edil de Desarrollo Urbano Sostenible, Jos\u00e9 Manuel Calvo, ha asegurado que el Consistorio espera explicaciones de Wanda sobre la \"sorprendente\" informaci\u00f3n que apunta a su retirada del proyecto de reforma del edificio Espa\u00f1a y remarca que, de confirmarse, ser\u00eda un abandono emprendido de manera \"unilateral\" y que revelar\u00eda su \"irresponsabilidad\" y su \"poca fiabilidad\"","inLanguage":"es-ES","isPartOf":{"@id":"https:\/\/eldigitaldeasturias.com\/magazine365\/#website"},"breadcrumb":{"@id":"https:\/\/eldigitaldeasturias.com\/magazine365\/ayuntamiento-de-madrid-sorprendido-con-el-posible-abandono-de-wanda-del-edificio-espana\/#breadcrumblist"},"author":{"@id":"https:\/\/eldigitaldeasturias.com\/magazine365\/author\/admin\/#author"},"creator":{"@id":"https:\/\/eldigitaldeasturias.com\/magazine365\/author\/admin\/#author"},"image":{"@type":"ImageObject","url":"https:\/\/eldigitaldeasturias.com\/magazine365\/wp-content\/uploads\/2016\/01\/fotonoticia_20160112153114_800.jpg","@id":"https:\/\/eldigitaldeasturias.com\/magazine365\/ayuntamiento-de-madrid-sorprendido-con-el-posible-abandono-de-wanda-del-edificio-espana\/#mainImage","width":800,"height":936},"primaryImageOfPage":{"@id":"https:\/\/eldigitaldeasturias.com\/magazine365\/ayuntamiento-de-madrid-sorprendido-con-el-posible-abandono-de-wanda-del-edificio-espana\/#mainImage"},"datePublished":"2016-01-13T14:27:51+01:00","dateModified":"2016-01-13T14:27:51+01:00"},{"@type":"WebSite","@id":"https:\/\/eldigitaldeasturias.com\/magazine365\/#website","url":"https:\/\/eldigitaldeasturias.com\/magazine365\/","name":"El Digital de Asturias","description":"Revista de ocio, turismo y estilo de vida","inLanguage":"es-ES","publisher":{"@id":"https:\/\/eldigitaldeasturias.com\/magazine365\/#organization"}}]},"og:locale":"es_ES","og:site_name":"El Digital de Asturias \u2013 Revista de ocio, turismo y estilo de vida","og:type":"article","og:title":"Ayuntamiento de Madrid, \u00absorprendido\u00bb con el posible abandono de Wanda del edificio Espa\u00f1a | El Digital de Asturias","og:description":"El edil de Desarrollo Urbano Sostenible, Jos\u00e9 Manuel Calvo, ha asegurado que el Consistorio espera explicaciones de Wanda sobre la &quot;sorprendente&quot; informaci\u00f3n que apunta a su retirada del proyecto de reforma del edificio Espa\u00f1a y remarca que, de confirmarse, ser\u00eda un abandono emprendido de manera &quot;unilateral&quot; y que revelar\u00eda su &quot;irresponsabilidad&quot; y su &quot;poca fiabilidad&quot;","og:url":"https:\/\/eldigitaldeasturias.com\/magazine365\/ayuntamiento-de-madrid-sorprendido-con-el-posible-abandono-de-wanda-del-edificio-espana\/","og:image":"https:\/\/eldigitaldeasturias.com\/magazine365\/wp-content\/uploads\/2016\/01\/fotonoticia_20160112153114_800.jpg","og:image:secure_url":"https:\/\/eldigitaldeasturias.com\/magazine365\/wp-content\/uploads\/2016\/01\/fotonoticia_20160112153114_800.jpg","og:image:width":800,"og:image:height":936,"article:published_time":"2016-01-13T13:27:51+00:00","article:modified_time":"2016-01-13T13:27:51+00:00","twitter:card":"summary_large_image","twitter:title":"Ayuntamiento de Madrid, \u00absorprendido\u00bb con el posible abandono de Wanda del edificio Espa\u00f1a | El Digital de Asturias","twitter:description":"El edil de Desarrollo Urbano Sostenible, Jos\u00e9 Manuel Calvo, ha asegurado que el Consistorio espera explicaciones de Wanda sobre la &quot;sorprendente&quot; informaci\u00f3n que apunta a su retirada del proyecto de reforma del edificio Espa\u00f1a y remarca que, de confirmarse, ser\u00eda un abandono emprendido de manera &quot;unilateral&quot; y que revelar\u00eda su &quot;irresponsabilidad&quot; y su &quot;poca fiabilidad&quot;","twitter:image":"https:\/\/eldigitaldeasturias.com\/magazine365\/wp-content\/uploads\/2016\/01\/fotonoticia_20160112153114_800.jpg"},"aioseo_meta_data":{"post_id":"60354","title":null,"description":null,"keywords":null,"keyphrases":null,"primary_term":null,"canonical_url":null,"og_title":null,"og_description":null,"og_object_type":"default","og_image_type":"default","og_image_url":null,"og_image_width":null,"og_image_height":null,"og_image_custom_url":null,"og_image_custom_fields":null,"og_video":null,"og_custom_url":null,"og_article_section":null,"og_article_tags":null,"twitter_use_og":false,"twitter_card":"default","twitter_image_type":"default","twitter_image_url":null,"twitter_image_custom_url":null,"twitter_image_custom_fields":null,"twitter_title":null,"twitter_description":null,"schema":{"blockGraphs":[],"customGraphs":[],"default":{"data":{"Article":[],"Course":[],"Dataset":[],"FAQPage":[],"Movie":[],"Person":[],"Product":[],"ProductReview":[],"Car":[],"Recipe":[],"Service":[],"SoftwareApplication":[],"WebPage":[]},"graphName":"","isEnabled":true},"graphs":[],"defaultGraph":"","defaultPostTypeGraph":""},"schema_type":null,"schema_type_options":null,"pillar_content":false,"robots_default":true,"robots_noindex":false,"robots_noarchive":false,"robots_nosnippet":false,"robots_nofollow":false,"robots_noimageindex":false,"robots_noodp":false,"robots_notranslate":false,"robots_max_snippet":null,"robots_max_videopreview":null,"robots_max_imagepreview":"large","priority":null,"frequency":null,"location":null,"local_seo":null,"seo_analyzer_scan_date":"2025-09-25 06:44:03","breadcrumb_settings":null,"limit_modified_date":false,"open_ai":null,"ai":null,"created":"2021-03-08 22:00:44","updated":"2025-09-25 06:44:03"},"aioseo_breadcrumb":"<div class=\"aioseo-breadcrumbs\"><span class=\"aioseo-breadcrumb\">\n\t<a href=\"https:\/\/eldigitaldeasturias.com\/magazine365\" title=\"Home\">Home<\/a>\n<\/span><span class=\"aioseo-breadcrumb-separator\">\u2013<\/span><span class=\"aioseo-breadcrumb\">\n\t<a href=\"https:\/\/eldigitaldeasturias.com\/magazine365\/category\/noticias-actualidad\/\" title=\"Noticias y Actualidad\">Noticias y Actualidad<\/a>\n<\/span><span class=\"aioseo-breadcrumb-separator\">\u2013<\/span><span class=\"aioseo-breadcrumb\">\n\t<a href=\"https:\/\/eldigitaldeasturias.com\/magazine365\/ayuntamiento-de-madrid-sorprendido-con-el-posible-abandono-de-wanda-del-edificio-espana\/\" title=\"Ayuntamiento de Madrid, \u00absorprendido\u00bb con el posible abandono de Wanda del edificio Espa\u00f1a\">Ayuntamiento de Madrid, \u00absorprendido\u00bb con el posible abandono de Wanda del edificio Espa\u00f1a<\/a>\n<\/span><\/div>","aioseo_breadcrumb_json":[{"label":"Home","link":"https:\/\/eldigitaldeasturias.com\/magazine365"},{"label":"Noticias y Actualidad","link":"https:\/\/eldigitaldeasturias.com\/magazine365\/category\/noticias-actualidad\/"},{"label":"Ayuntamiento de Madrid, \u00absorprendido\u00bb con el posible abandono de Wanda del edificio Espa\u00f1a","link":"https:\/\/eldigitaldeasturias.com\/magazine365\/ayuntamiento-de-madrid-sorprendido-con-el-posible-abandono-de-wanda-del-edificio-espana\/"}],"_links":{"self":[{"href":"https:\/\/eldigitaldeasturias.com\/magazine365\/wp-json\/wp\/v2\/posts\/60354","targetHints":{"allow":["GET"]}}],"collection":[{"href":"https:\/\/eldigitaldeasturias.com\/magazine365\/wp-json\/wp\/v2\/posts"}],"about":[{"href":"https:\/\/eldigitaldeasturias.com\/magazine365\/wp-json\/wp\/v2\/types\/post"}],"author":[{"embeddable":true,"href":"https:\/\/eldigitaldeasturias.com\/magazine365\/wp-json\/wp\/v2\/users\/1"}],"replies":[{"embeddable":true,"href":"https:\/\/eldigitaldeasturias.com\/magazine365\/wp-json\/wp\/v2\/comments?post=60354"}],"version-history":[{"count":0,"href":"https:\/\/eldigitaldeasturias.com\/magazine365\/wp-json\/wp\/v2\/posts\/60354\/revisions"}],"wp:featuredmedia":[{"embeddable":true,"href":"https:\/\/eldigitaldeasturias.com\/magazine365\/wp-json\/wp\/v2\/media\/60355"}],"wp:attachment":[{"href":"https:\/\/eldigitaldeasturias.com\/magazine365\/wp-json\/wp\/v2\/media?parent=60354"}],"wp:term":[{"taxonomy":"category","embeddable":true,"href":"https:\/\/eldigitaldeasturias.com\/magazine365\/wp-json\/wp\/v2\/categories?post=60354"},{"taxonomy":"post_tag","embeddable":true,"href":"https:\/\/eldigitaldeasturias.com\/magazine365\/wp-json\/wp\/v2\/tags?post=60354"}],"curies":[{"name":"wp","href":"https:\/\/api.w.org\/{rel}","templated":true}]}}