{"id":60351,"date":"2016-01-13T14:27:02","date_gmt":"2016-01-13T13:27:02","guid":{"rendered":"http:\/\/eldigitaldeasturias.com\/magazine365\/?p=60351"},"modified":"2016-01-13T14:27:02","modified_gmt":"2016-01-13T13:27:02","slug":"el-conjunto-patrimonial-de-sevilla-se-encuentra-en-la-nueva-app-de-la-ciudad","status":"publish","type":"post","link":"https:\/\/eldigitaldeasturias.com\/magazine365\/el-conjunto-patrimonial-de-sevilla-se-encuentra-en-la-nueva-app-de-la-ciudad\/","title":{"rendered":"El conjunto patrimonial de Sevilla se encuentra en la nueva &#8216;app&#8217; de la ciudad"},"content":{"rendered":"<p><img fetchpriority=\"high\" decoding=\"async\" class=\"alignleft size-medium wp-image-60352\" src=\"https:\/\/eldigitaldeasturias.com\/magazine365\/wp-content\/uploads\/2016\/01\/fotonoticia_20160112152911_800-360x203.jpg\" alt=\"fotonoticia_20160112152911_800\" width=\"360\" height=\"203\" srcset=\"https:\/\/eldigitaldeasturias.com\/magazine365\/wp-content\/uploads\/2016\/01\/fotonoticia_20160112152911_800-360x203.jpg 360w, https:\/\/eldigitaldeasturias.com\/magazine365\/wp-content\/uploads\/2016\/01\/fotonoticia_20160112152911_800-650x366.jpg 650w, https:\/\/eldigitaldeasturias.com\/magazine365\/wp-content\/uploads\/2016\/01\/fotonoticia_20160112152911_800-768x432.jpg 768w, https:\/\/eldigitaldeasturias.com\/magazine365\/wp-content\/uploads\/2016\/01\/fotonoticia_20160112152911_800-150x84.jpg 150w, https:\/\/eldigitaldeasturias.com\/magazine365\/wp-content\/uploads\/2016\/01\/fotonoticia_20160112152911_800-450x253.jpg 450w, https:\/\/eldigitaldeasturias.com\/magazine365\/wp-content\/uploads\/2016\/01\/fotonoticia_20160112152911_800-696x392.jpg 696w, https:\/\/eldigitaldeasturias.com\/magazine365\/wp-content\/uploads\/2016\/01\/fotonoticia_20160112152911_800-747x420.jpg 747w, https:\/\/eldigitaldeasturias.com\/magazine365\/wp-content\/uploads\/2016\/01\/fotonoticia_20160112152911_800-499x280.jpg 499w, https:\/\/eldigitaldeasturias.com\/magazine365\/wp-content\/uploads\/2016\/01\/fotonoticia_20160112152911_800-510x289.jpg 510w, https:\/\/eldigitaldeasturias.com\/magazine365\/wp-content\/uploads\/2016\/01\/fotonoticia_20160112152911_800.jpg 800w\" sizes=\"(max-width: 360px) 100vw, 360px\" \/>El concejal delegado de H\u00e1bitat Urbano, Cultura y Turismo del Ayuntamiento de Sevilla, Antonio Mu\u00f1oz (PSOE), ha presentado este martes una nueva aplicaci\u00f3n que permitir\u00e1 ofrecer \u00abuna amplia informaci\u00f3n\u00bb tanto a los turistas como sevillanos para conocer el patrimonio declarado Bien de Inter\u00e9s Cultural (BIC) de la capital.<\/p>\n<p>As\u00ed lo ha explicado en rueda de prensa este martes el delegado, quien ha incidido en que esta nueva aplicaci\u00f3n inform\u00e1tica, llamada &#8216;Sevilla, Patrimonio Mundial&#8217;, para dispositivos m\u00f3viles y tablets, ofrece informaci\u00f3n sobre todo el conjunto patrimonial de la ciudad como son la Catedral, el Alc\u00e1zar y el Archivo de Indias, declarados Patrimonio de la Humanidad en 1987.<\/p>\n<p>Este proyecto ha tenido, seg\u00fan ha apuntado el delegado, un coste inferior a los 22.000 euros, de los que \u00abm\u00e1s de 13.000 euros han sido financiados por el Ministerio de Cultura, por lo que la aportaci\u00f3n econ\u00f3mica del Consistorio ha sido de 8.700 euros\u00bb.<\/p>\n<p>El delegado de Turismo ha estado acompa\u00f1ado en la presentaci\u00f3n de esta aplicaci\u00f3n inform\u00e1tica por el gerente de la Gerencia de Urbanismo, Ignacio Pozuelos; el director de Turismo de Sevilla, Antonio Jim\u00e9nez, y en representaci\u00f3n del Archivo de Indias y del Cabildo catedralicio, Pilar L\u00e1zaro y Margarita L\u00f3pez, respectivamente.<\/p>\n<p>Mu\u00f1oz ha se\u00f1alado que la &#8216;app&#8217; se estructura en cuatro bloques tem\u00e1ticos, siendo los tres primeros, la Catedral, el Archivo de Indias y el Alc\u00e1zar, mientras que el cuarto bloque hace referencia al entorno, como son Triana, Arenal, Santa Catalina y Santa Cruz, una informaci\u00f3n \u00abmuy demandada\u00bb por los turistas.<\/p>\n<p>Asimismo, la informaci\u00f3n que se ofrece en la aplicaci\u00f3n sobre los distintos BIC de la capital hispalense se estructura en cuatro materias, informaci\u00f3n general, tur\u00edstica, hist\u00f3rica y art\u00edstica, al mismo tiempo que ha apuntado que la &#8216;app&#8217; est\u00e1 disponible en cinco idiomas, como son espa\u00f1ol, ingl\u00e9s, franc\u00e9s, alem\u00e1n y chino.<\/p>\n<p>Mu\u00f1oz ha recalcado que sobre este proyecto se va a seguir actualizando y mejorando a lo largo de este a\u00f1o 2016, pues ante ello \u00abqueremos dar continuidad\u00bb, por lo que la &#8216;app&#8217; es \u00absusceptible a cambios y actualizaciones\u00bb como la incorporaci\u00f3n de otros idiomas.<\/p>\n<p>Finalmente, el delegado ha apuntado que \u00abno hay otra ciudad que tenga una aplicaci\u00f3n de estas caracter\u00edsticas que contenga todo el patrimonio de la ciudad\u00bb, es por algo que \u00abpodemos sentirnos muy orgullosos\u00bb. Mu\u00f1oz ha apuntado que el Ayuntamiento va a seguir apostando \u00abpor un turismo diferente, de calidad y sobre todo por la innovaci\u00f3n\u00bb.<\/p>\n<p>La &#8216;app&#8217; puede descargarse desde este martes de la p\u00e1gina web del Ayuntamiento de Sevilla &#8216;www.sevilla.org&#8217; en la secci\u00f3n &#8216;Visita Sevilla&#8217; de forma \u00abgratuita\u00bb para dispositivos m\u00f3viles y &#8216;tablets&#8217;.<\/p>\n","protected":false},"excerpt":{"rendered":"<p>El concejal delegado de H\u00e1bitat Urbano, Cultura y Turismo del Ayuntamiento de Sevilla, Antonio Mu\u00f1oz (PSOE), ha presentado este martes una nueva aplicaci\u00f3n que permitir\u00e1 ofrecer \u00abuna amplia informaci\u00f3n\u00bb tanto a los turistas como sevillanos para conocer el patrimonio declarado Bien de Inter\u00e9s Cultural (BIC) de la capital. As\u00ed lo ha explicado en rueda de<\/p>\n","protected":false},"author":1,"featured_media":60352,"comment_status":"open","ping_status":"closed","sticky":false,"template":"","format":"standard","meta":{"footnotes":""},"categories":[224],"tags":[],"class_list":{"0":"post-60351","1":"post","2":"type-post","3":"status-publish","4":"format-standard","5":"has-post-thumbnail","7":"category-noticias-actualidad"},"aioseo_notices":[],"aioseo_head":"\n\t\t<!-- All in One SEO Pro 4.9.6.1 - aioseo.com -->\n\t<meta name=\"description\" content=\"El concejal delegado de H\u00e1bitat Urbano, Cultura y Turismo del Ayuntamiento de Sevilla, Antonio Mu\u00f1oz (PSOE), ha presentado este martes una nueva aplicaci\u00f3n que permitir\u00e1 ofrecer &quot;una amplia informaci\u00f3n&quot; tanto a los turistas como sevillanos para conocer el patrimonio declarado Bien de Inter\u00e9s Cultural (BIC) de la capital. As\u00ed lo ha explicado en rueda de\" \/>\n\t<meta name=\"robots\" content=\"max-image-preview:large\" \/>\n\t<meta name=\"author\" content=\"admin\"\/>\n\t<meta name=\"google-site-verification\" content=\"UA-38556648-1\" \/>\n\t<meta name=\"keywords\" content=\"noticias y actualidad\" \/>\n\t<link rel=\"canonical\" href=\"https:\/\/eldigitaldeasturias.com\/magazine365\/el-conjunto-patrimonial-de-sevilla-se-encuentra-en-la-nueva-app-de-la-ciudad\/\" \/>\n\t<meta name=\"generator\" content=\"All in One SEO Pro (AIOSEO) 4.9.6.1\" \/>\n\t\t<meta property=\"og:locale\" content=\"es_ES\" \/>\n\t\t<meta property=\"og:site_name\" content=\"El Digital de Asturias \u2013 Revista de ocio, turismo y estilo de vida\" \/>\n\t\t<meta property=\"og:type\" content=\"article\" \/>\n\t\t<meta property=\"og:title\" content=\"El conjunto patrimonial de Sevilla se encuentra en la nueva \u2018app\u2019 de la ciudad | El Digital de Asturias\" \/>\n\t\t<meta property=\"og:description\" content=\"El concejal delegado de H\u00e1bitat Urbano, Cultura y Turismo del Ayuntamiento de Sevilla, Antonio Mu\u00f1oz (PSOE), ha presentado este martes una nueva aplicaci\u00f3n que permitir\u00e1 ofrecer &quot;una amplia informaci\u00f3n&quot; tanto a los turistas como sevillanos para conocer el patrimonio declarado Bien de Inter\u00e9s Cultural (BIC) de la capital. As\u00ed lo ha explicado en rueda de\" \/>\n\t\t<meta property=\"og:url\" content=\"https:\/\/eldigitaldeasturias.com\/magazine365\/el-conjunto-patrimonial-de-sevilla-se-encuentra-en-la-nueva-app-de-la-ciudad\/\" \/>\n\t\t<meta property=\"og:image\" content=\"https:\/\/eldigitaldeasturias.com\/magazine365\/wp-content\/uploads\/2016\/01\/fotonoticia_20160112152911_800.jpg\" \/>\n\t\t<meta property=\"og:image:secure_url\" content=\"https:\/\/eldigitaldeasturias.com\/magazine365\/wp-content\/uploads\/2016\/01\/fotonoticia_20160112152911_800.jpg\" \/>\n\t\t<meta property=\"og:image:width\" content=\"800\" \/>\n\t\t<meta property=\"og:image:height\" content=\"450\" \/>\n\t\t<meta property=\"article:published_time\" content=\"2016-01-13T13:27:02+00:00\" \/>\n\t\t<meta property=\"article:modified_time\" content=\"2016-01-13T13:27:02+00:00\" \/>\n\t\t<meta name=\"twitter:card\" content=\"summary_large_image\" \/>\n\t\t<meta name=\"twitter:title\" content=\"El conjunto patrimonial de Sevilla se encuentra en la nueva \u2018app\u2019 de la ciudad | El Digital de Asturias\" \/>\n\t\t<meta name=\"twitter:description\" content=\"El concejal delegado de H\u00e1bitat Urbano, Cultura y Turismo del Ayuntamiento de Sevilla, Antonio Mu\u00f1oz (PSOE), ha presentado este martes una nueva aplicaci\u00f3n que permitir\u00e1 ofrecer &quot;una amplia informaci\u00f3n&quot; tanto a los turistas como sevillanos para conocer el patrimonio declarado Bien de Inter\u00e9s Cultural (BIC) de la capital. As\u00ed lo ha explicado en rueda de\" \/>\n\t\t<meta name=\"twitter:image\" content=\"https:\/\/eldigitaldeasturias.com\/magazine365\/wp-content\/uploads\/2016\/01\/fotonoticia_20160112152911_800.jpg\" \/>\n\t\t<script type=\"application\/ld+json\" class=\"aioseo-schema\">\n\t\t\t{\"@context\":\"https:\\\/\\\/schema.org\",\"@graph\":[{\"@type\":\"Article\",\"@id\":\"https:\\\/\\\/eldigitaldeasturias.com\\\/magazine365\\\/el-conjunto-patrimonial-de-sevilla-se-encuentra-en-la-nueva-app-de-la-ciudad\\\/#article\",\"name\":\"El conjunto patrimonial de Sevilla se encuentra en la nueva \\u2018app\\u2019 de la ciudad | El Digital de Asturias\",\"headline\":\"El conjunto patrimonial de Sevilla se encuentra en la nueva &#8216;app&#8217; de la ciudad\",\"author\":{\"@id\":\"https:\\\/\\\/eldigitaldeasturias.com\\\/magazine365\\\/author\\\/admin\\\/#author\"},\"publisher\":{\"@id\":\"https:\\\/\\\/eldigitaldeasturias.com\\\/magazine365\\\/#organization\"},\"image\":{\"@type\":\"ImageObject\",\"url\":\"https:\\\/\\\/eldigitaldeasturias.com\\\/magazine365\\\/wp-content\\\/uploads\\\/2016\\\/01\\\/fotonoticia_20160112152911_800.jpg\",\"width\":800,\"height\":450},\"datePublished\":\"2016-01-13T14:27:02+01:00\",\"dateModified\":\"2016-01-13T14:27:02+01:00\",\"inLanguage\":\"es-ES\",\"mainEntityOfPage\":{\"@id\":\"https:\\\/\\\/eldigitaldeasturias.com\\\/magazine365\\\/el-conjunto-patrimonial-de-sevilla-se-encuentra-en-la-nueva-app-de-la-ciudad\\\/#webpage\"},\"isPartOf\":{\"@id\":\"https:\\\/\\\/eldigitaldeasturias.com\\\/magazine365\\\/el-conjunto-patrimonial-de-sevilla-se-encuentra-en-la-nueva-app-de-la-ciudad\\\/#webpage\"},\"articleSection\":\"Noticias y Actualidad\"},{\"@type\":\"BreadcrumbList\",\"@id\":\"https:\\\/\\\/eldigitaldeasturias.com\\\/magazine365\\\/el-conjunto-patrimonial-de-sevilla-se-encuentra-en-la-nueva-app-de-la-ciudad\\\/#breadcrumblist\",\"itemListElement\":[{\"@type\":\"ListItem\",\"@id\":\"https:\\\/\\\/eldigitaldeasturias.com\\\/magazine365#listItem\",\"position\":1,\"name\":\"Home\",\"item\":\"https:\\\/\\\/eldigitaldeasturias.com\\\/magazine365\",\"nextItem\":{\"@type\":\"ListItem\",\"@id\":\"https:\\\/\\\/eldigitaldeasturias.com\\\/magazine365\\\/category\\\/noticias-actualidad\\\/#listItem\",\"name\":\"Noticias y Actualidad\"}},{\"@type\":\"ListItem\",\"@id\":\"https:\\\/\\\/eldigitaldeasturias.com\\\/magazine365\\\/category\\\/noticias-actualidad\\\/#listItem\",\"position\":2,\"name\":\"Noticias y Actualidad\",\"item\":\"https:\\\/\\\/eldigitaldeasturias.com\\\/magazine365\\\/category\\\/noticias-actualidad\\\/\",\"nextItem\":{\"@type\":\"ListItem\",\"@id\":\"https:\\\/\\\/eldigitaldeasturias.com\\\/magazine365\\\/el-conjunto-patrimonial-de-sevilla-se-encuentra-en-la-nueva-app-de-la-ciudad\\\/#listItem\",\"name\":\"El conjunto patrimonial de Sevilla se encuentra en la nueva &#8216;app&#8217; de la ciudad\"},\"previousItem\":{\"@type\":\"ListItem\",\"@id\":\"https:\\\/\\\/eldigitaldeasturias.com\\\/magazine365#listItem\",\"name\":\"Home\"}},{\"@type\":\"ListItem\",\"@id\":\"https:\\\/\\\/eldigitaldeasturias.com\\\/magazine365\\\/el-conjunto-patrimonial-de-sevilla-se-encuentra-en-la-nueva-app-de-la-ciudad\\\/#listItem\",\"position\":3,\"name\":\"El conjunto patrimonial de Sevilla se encuentra en la nueva &#8216;app&#8217; de la ciudad\",\"previousItem\":{\"@type\":\"ListItem\",\"@id\":\"https:\\\/\\\/eldigitaldeasturias.com\\\/magazine365\\\/category\\\/noticias-actualidad\\\/#listItem\",\"name\":\"Noticias y Actualidad\"}}]},{\"@type\":\"Organization\",\"@id\":\"https:\\\/\\\/eldigitaldeasturias.com\\\/magazine365\\\/#organization\",\"name\":\"El digital de Asturias\",\"description\":\"Revista de ocio, turismo y estilo de vida\",\"url\":\"https:\\\/\\\/eldigitaldeasturias.com\\\/magazine365\\\/\",\"logo\":{\"@type\":\"ImageObject\",\"url\":\"https:\\\/\\\/www.eldigitaldeasturias.com\\\/noticias\\\/wp-content\\\/uploads\\\/2020\\\/12\\\/EDA.jpg\",\"@id\":\"https:\\\/\\\/eldigitaldeasturias.com\\\/magazine365\\\/el-conjunto-patrimonial-de-sevilla-se-encuentra-en-la-nueva-app-de-la-ciudad\\\/#organizationLogo\"},\"image\":{\"@id\":\"https:\\\/\\\/eldigitaldeasturias.com\\\/magazine365\\\/el-conjunto-patrimonial-de-sevilla-se-encuentra-en-la-nueva-app-de-la-ciudad\\\/#organizationLogo\"}},{\"@type\":\"Person\",\"@id\":\"https:\\\/\\\/eldigitaldeasturias.com\\\/magazine365\\\/author\\\/admin\\\/#author\",\"url\":\"https:\\\/\\\/eldigitaldeasturias.com\\\/magazine365\\\/author\\\/admin\\\/\",\"name\":\"admin\",\"image\":{\"@type\":\"ImageObject\",\"@id\":\"https:\\\/\\\/eldigitaldeasturias.com\\\/magazine365\\\/el-conjunto-patrimonial-de-sevilla-se-encuentra-en-la-nueva-app-de-la-ciudad\\\/#authorImage\",\"url\":\"https:\\\/\\\/eldigitaldeasturias.com\\\/magazine365\\\/wp-content\\\/litespeed\\\/avatar\\\/e571bcf59a0edd6fa6838245a470f2fe.jpg?ver=1777574230\",\"width\":96,\"height\":96,\"caption\":\"admin\"}},{\"@type\":\"WebPage\",\"@id\":\"https:\\\/\\\/eldigitaldeasturias.com\\\/magazine365\\\/el-conjunto-patrimonial-de-sevilla-se-encuentra-en-la-nueva-app-de-la-ciudad\\\/#webpage\",\"url\":\"https:\\\/\\\/eldigitaldeasturias.com\\\/magazine365\\\/el-conjunto-patrimonial-de-sevilla-se-encuentra-en-la-nueva-app-de-la-ciudad\\\/\",\"name\":\"El conjunto patrimonial de Sevilla se encuentra en la nueva \\u2018app\\u2019 de la ciudad | El Digital de Asturias\",\"description\":\"El concejal delegado de H\\u00e1bitat Urbano, Cultura y Turismo del Ayuntamiento de Sevilla, Antonio Mu\\u00f1oz (PSOE), ha presentado este martes una nueva aplicaci\\u00f3n que permitir\\u00e1 ofrecer \\\"una amplia informaci\\u00f3n\\\" tanto a los turistas como sevillanos para conocer el patrimonio declarado Bien de Inter\\u00e9s Cultural (BIC) de la capital. As\\u00ed lo ha explicado en rueda de\",\"inLanguage\":\"es-ES\",\"isPartOf\":{\"@id\":\"https:\\\/\\\/eldigitaldeasturias.com\\\/magazine365\\\/#website\"},\"breadcrumb\":{\"@id\":\"https:\\\/\\\/eldigitaldeasturias.com\\\/magazine365\\\/el-conjunto-patrimonial-de-sevilla-se-encuentra-en-la-nueva-app-de-la-ciudad\\\/#breadcrumblist\"},\"author\":{\"@id\":\"https:\\\/\\\/eldigitaldeasturias.com\\\/magazine365\\\/author\\\/admin\\\/#author\"},\"creator\":{\"@id\":\"https:\\\/\\\/eldigitaldeasturias.com\\\/magazine365\\\/author\\\/admin\\\/#author\"},\"image\":{\"@type\":\"ImageObject\",\"url\":\"https:\\\/\\\/eldigitaldeasturias.com\\\/magazine365\\\/wp-content\\\/uploads\\\/2016\\\/01\\\/fotonoticia_20160112152911_800.jpg\",\"@id\":\"https:\\\/\\\/eldigitaldeasturias.com\\\/magazine365\\\/el-conjunto-patrimonial-de-sevilla-se-encuentra-en-la-nueva-app-de-la-ciudad\\\/#mainImage\",\"width\":800,\"height\":450},\"primaryImageOfPage\":{\"@id\":\"https:\\\/\\\/eldigitaldeasturias.com\\\/magazine365\\\/el-conjunto-patrimonial-de-sevilla-se-encuentra-en-la-nueva-app-de-la-ciudad\\\/#mainImage\"},\"datePublished\":\"2016-01-13T14:27:02+01:00\",\"dateModified\":\"2016-01-13T14:27:02+01:00\"},{\"@type\":\"WebSite\",\"@id\":\"https:\\\/\\\/eldigitaldeasturias.com\\\/magazine365\\\/#website\",\"url\":\"https:\\\/\\\/eldigitaldeasturias.com\\\/magazine365\\\/\",\"name\":\"El Digital de Asturias\",\"description\":\"Revista de ocio, turismo y estilo de vida\",\"inLanguage\":\"es-ES\",\"publisher\":{\"@id\":\"https:\\\/\\\/eldigitaldeasturias.com\\\/magazine365\\\/#organization\"}}]}\n\t\t<\/script>\n\t\t<!-- All in One SEO Pro -->\r\n\t\t<title>El conjunto patrimonial de Sevilla se encuentra en la nueva \u2018app\u2019 de la ciudad | El Digital de Asturias<\/title>\n\n","aioseo_head_json":{"title":"El conjunto patrimonial de Sevilla se encuentra en la nueva \u2018app\u2019 de la ciudad | El Digital de Asturias","description":"El concejal delegado de H\u00e1bitat Urbano, Cultura y Turismo del Ayuntamiento de Sevilla, Antonio Mu\u00f1oz (PSOE), ha presentado este martes una nueva aplicaci\u00f3n que permitir\u00e1 ofrecer \"una amplia informaci\u00f3n\" tanto a los turistas como sevillanos para conocer el patrimonio declarado Bien de Inter\u00e9s Cultural (BIC) de la capital. As\u00ed lo ha explicado en rueda de","canonical_url":"https:\/\/eldigitaldeasturias.com\/magazine365\/el-conjunto-patrimonial-de-sevilla-se-encuentra-en-la-nueva-app-de-la-ciudad\/","robots":"max-image-preview:large","keywords":"noticias y actualidad","webmasterTools":{"google-site-verification":"UA-38556648-1","miscellaneous":""},"schema":{"@context":"https:\/\/schema.org","@graph":[{"@type":"Article","@id":"https:\/\/eldigitaldeasturias.com\/magazine365\/el-conjunto-patrimonial-de-sevilla-se-encuentra-en-la-nueva-app-de-la-ciudad\/#article","name":"El conjunto patrimonial de Sevilla se encuentra en la nueva \u2018app\u2019 de la ciudad | El Digital de Asturias","headline":"El conjunto patrimonial de Sevilla se encuentra en la nueva &#8216;app&#8217; de la ciudad","author":{"@id":"https:\/\/eldigitaldeasturias.com\/magazine365\/author\/admin\/#author"},"publisher":{"@id":"https:\/\/eldigitaldeasturias.com\/magazine365\/#organization"},"image":{"@type":"ImageObject","url":"https:\/\/eldigitaldeasturias.com\/magazine365\/wp-content\/uploads\/2016\/01\/fotonoticia_20160112152911_800.jpg","width":800,"height":450},"datePublished":"2016-01-13T14:27:02+01:00","dateModified":"2016-01-13T14:27:02+01:00","inLanguage":"es-ES","mainEntityOfPage":{"@id":"https:\/\/eldigitaldeasturias.com\/magazine365\/el-conjunto-patrimonial-de-sevilla-se-encuentra-en-la-nueva-app-de-la-ciudad\/#webpage"},"isPartOf":{"@id":"https:\/\/eldigitaldeasturias.com\/magazine365\/el-conjunto-patrimonial-de-sevilla-se-encuentra-en-la-nueva-app-de-la-ciudad\/#webpage"},"articleSection":"Noticias y Actualidad"},{"@type":"BreadcrumbList","@id":"https:\/\/eldigitaldeasturias.com\/magazine365\/el-conjunto-patrimonial-de-sevilla-se-encuentra-en-la-nueva-app-de-la-ciudad\/#breadcrumblist","itemListElement":[{"@type":"ListItem","@id":"https:\/\/eldigitaldeasturias.com\/magazine365#listItem","position":1,"name":"Home","item":"https:\/\/eldigitaldeasturias.com\/magazine365","nextItem":{"@type":"ListItem","@id":"https:\/\/eldigitaldeasturias.com\/magazine365\/category\/noticias-actualidad\/#listItem","name":"Noticias y Actualidad"}},{"@type":"ListItem","@id":"https:\/\/eldigitaldeasturias.com\/magazine365\/category\/noticias-actualidad\/#listItem","position":2,"name":"Noticias y Actualidad","item":"https:\/\/eldigitaldeasturias.com\/magazine365\/category\/noticias-actualidad\/","nextItem":{"@type":"ListItem","@id":"https:\/\/eldigitaldeasturias.com\/magazine365\/el-conjunto-patrimonial-de-sevilla-se-encuentra-en-la-nueva-app-de-la-ciudad\/#listItem","name":"El conjunto patrimonial de Sevilla se encuentra en la nueva &#8216;app&#8217; de la ciudad"},"previousItem":{"@type":"ListItem","@id":"https:\/\/eldigitaldeasturias.com\/magazine365#listItem","name":"Home"}},{"@type":"ListItem","@id":"https:\/\/eldigitaldeasturias.com\/magazine365\/el-conjunto-patrimonial-de-sevilla-se-encuentra-en-la-nueva-app-de-la-ciudad\/#listItem","position":3,"name":"El conjunto patrimonial de Sevilla se encuentra en la nueva &#8216;app&#8217; de la ciudad","previousItem":{"@type":"ListItem","@id":"https:\/\/eldigitaldeasturias.com\/magazine365\/category\/noticias-actualidad\/#listItem","name":"Noticias y Actualidad"}}]},{"@type":"Organization","@id":"https:\/\/eldigitaldeasturias.com\/magazine365\/#organization","name":"El digital de Asturias","description":"Revista de ocio, turismo y estilo de vida","url":"https:\/\/eldigitaldeasturias.com\/magazine365\/","logo":{"@type":"ImageObject","url":"https:\/\/www.eldigitaldeasturias.com\/noticias\/wp-content\/uploads\/2020\/12\/EDA.jpg","@id":"https:\/\/eldigitaldeasturias.com\/magazine365\/el-conjunto-patrimonial-de-sevilla-se-encuentra-en-la-nueva-app-de-la-ciudad\/#organizationLogo"},"image":{"@id":"https:\/\/eldigitaldeasturias.com\/magazine365\/el-conjunto-patrimonial-de-sevilla-se-encuentra-en-la-nueva-app-de-la-ciudad\/#organizationLogo"}},{"@type":"Person","@id":"https:\/\/eldigitaldeasturias.com\/magazine365\/author\/admin\/#author","url":"https:\/\/eldigitaldeasturias.com\/magazine365\/author\/admin\/","name":"admin","image":{"@type":"ImageObject","@id":"https:\/\/eldigitaldeasturias.com\/magazine365\/el-conjunto-patrimonial-de-sevilla-se-encuentra-en-la-nueva-app-de-la-ciudad\/#authorImage","url":"https:\/\/eldigitaldeasturias.com\/magazine365\/wp-content\/litespeed\/avatar\/e571bcf59a0edd6fa6838245a470f2fe.jpg?ver=1777574230","width":96,"height":96,"caption":"admin"}},{"@type":"WebPage","@id":"https:\/\/eldigitaldeasturias.com\/magazine365\/el-conjunto-patrimonial-de-sevilla-se-encuentra-en-la-nueva-app-de-la-ciudad\/#webpage","url":"https:\/\/eldigitaldeasturias.com\/magazine365\/el-conjunto-patrimonial-de-sevilla-se-encuentra-en-la-nueva-app-de-la-ciudad\/","name":"El conjunto patrimonial de Sevilla se encuentra en la nueva \u2018app\u2019 de la ciudad | El Digital de Asturias","description":"El concejal delegado de H\u00e1bitat Urbano, Cultura y Turismo del Ayuntamiento de Sevilla, Antonio Mu\u00f1oz (PSOE), ha presentado este martes una nueva aplicaci\u00f3n que permitir\u00e1 ofrecer \"una amplia informaci\u00f3n\" tanto a los turistas como sevillanos para conocer el patrimonio declarado Bien de Inter\u00e9s Cultural (BIC) de la capital. As\u00ed lo ha explicado en rueda de","inLanguage":"es-ES","isPartOf":{"@id":"https:\/\/eldigitaldeasturias.com\/magazine365\/#website"},"breadcrumb":{"@id":"https:\/\/eldigitaldeasturias.com\/magazine365\/el-conjunto-patrimonial-de-sevilla-se-encuentra-en-la-nueva-app-de-la-ciudad\/#breadcrumblist"},"author":{"@id":"https:\/\/eldigitaldeasturias.com\/magazine365\/author\/admin\/#author"},"creator":{"@id":"https:\/\/eldigitaldeasturias.com\/magazine365\/author\/admin\/#author"},"image":{"@type":"ImageObject","url":"https:\/\/eldigitaldeasturias.com\/magazine365\/wp-content\/uploads\/2016\/01\/fotonoticia_20160112152911_800.jpg","@id":"https:\/\/eldigitaldeasturias.com\/magazine365\/el-conjunto-patrimonial-de-sevilla-se-encuentra-en-la-nueva-app-de-la-ciudad\/#mainImage","width":800,"height":450},"primaryImageOfPage":{"@id":"https:\/\/eldigitaldeasturias.com\/magazine365\/el-conjunto-patrimonial-de-sevilla-se-encuentra-en-la-nueva-app-de-la-ciudad\/#mainImage"},"datePublished":"2016-01-13T14:27:02+01:00","dateModified":"2016-01-13T14:27:02+01:00"},{"@type":"WebSite","@id":"https:\/\/eldigitaldeasturias.com\/magazine365\/#website","url":"https:\/\/eldigitaldeasturias.com\/magazine365\/","name":"El Digital de Asturias","description":"Revista de ocio, turismo y estilo de vida","inLanguage":"es-ES","publisher":{"@id":"https:\/\/eldigitaldeasturias.com\/magazine365\/#organization"}}]},"og:locale":"es_ES","og:site_name":"El Digital de Asturias \u2013 Revista de ocio, turismo y estilo de vida","og:type":"article","og:title":"El conjunto patrimonial de Sevilla se encuentra en la nueva \u2018app\u2019 de la ciudad | El Digital de Asturias","og:description":"El concejal delegado de H\u00e1bitat Urbano, Cultura y Turismo del Ayuntamiento de Sevilla, Antonio Mu\u00f1oz (PSOE), ha presentado este martes una nueva aplicaci\u00f3n que permitir\u00e1 ofrecer &quot;una amplia informaci\u00f3n&quot; tanto a los turistas como sevillanos para conocer el patrimonio declarado Bien de Inter\u00e9s Cultural (BIC) de la capital. As\u00ed lo ha explicado en rueda de","og:url":"https:\/\/eldigitaldeasturias.com\/magazine365\/el-conjunto-patrimonial-de-sevilla-se-encuentra-en-la-nueva-app-de-la-ciudad\/","og:image":"https:\/\/eldigitaldeasturias.com\/magazine365\/wp-content\/uploads\/2016\/01\/fotonoticia_20160112152911_800.jpg","og:image:secure_url":"https:\/\/eldigitaldeasturias.com\/magazine365\/wp-content\/uploads\/2016\/01\/fotonoticia_20160112152911_800.jpg","og:image:width":800,"og:image:height":450,"article:published_time":"2016-01-13T13:27:02+00:00","article:modified_time":"2016-01-13T13:27:02+00:00","twitter:card":"summary_large_image","twitter:title":"El conjunto patrimonial de Sevilla se encuentra en la nueva \u2018app\u2019 de la ciudad | El Digital de Asturias","twitter:description":"El concejal delegado de H\u00e1bitat Urbano, Cultura y Turismo del Ayuntamiento de Sevilla, Antonio Mu\u00f1oz (PSOE), ha presentado este martes una nueva aplicaci\u00f3n que permitir\u00e1 ofrecer &quot;una amplia informaci\u00f3n&quot; tanto a los turistas como sevillanos para conocer el patrimonio declarado Bien de Inter\u00e9s Cultural (BIC) de la capital. As\u00ed lo ha explicado en rueda de","twitter:image":"https:\/\/eldigitaldeasturias.com\/magazine365\/wp-content\/uploads\/2016\/01\/fotonoticia_20160112152911_800.jpg"},"aioseo_meta_data":{"post_id":"60351","title":null,"description":null,"keywords":null,"keyphrases":null,"primary_term":null,"canonical_url":null,"og_title":null,"og_description":null,"og_object_type":"default","og_image_type":"default","og_image_url":null,"og_image_width":null,"og_image_height":null,"og_image_custom_url":null,"og_image_custom_fields":null,"og_video":null,"og_custom_url":null,"og_article_section":null,"og_article_tags":null,"twitter_use_og":false,"twitter_card":"default","twitter_image_type":"default","twitter_image_url":null,"twitter_image_custom_url":null,"twitter_image_custom_fields":null,"twitter_title":null,"twitter_description":null,"schema":{"blockGraphs":[],"customGraphs":[],"default":{"data":{"Article":[],"Course":[],"Dataset":[],"FAQPage":[],"Movie":[],"Person":[],"Product":[],"ProductReview":[],"Car":[],"Recipe":[],"Service":[],"SoftwareApplication":[],"WebPage":[]},"graphName":"","isEnabled":true},"graphs":[]},"schema_type":null,"schema_type_options":null,"pillar_content":false,"robots_default":true,"robots_noindex":false,"robots_noarchive":false,"robots_nosnippet":false,"robots_nofollow":false,"robots_noimageindex":false,"robots_noodp":false,"robots_notranslate":false,"robots_max_snippet":null,"robots_max_videopreview":null,"robots_max_imagepreview":"large","priority":null,"frequency":null,"location":null,"local_seo":null,"seo_analyzer_scan_date":"2025-09-25 06:44:02","breadcrumb_settings":null,"limit_modified_date":false,"open_ai":null,"ai":null,"created":"2021-03-08 22:00:44","updated":"2025-09-25 06:44:02"},"aioseo_breadcrumb":"<div class=\"aioseo-breadcrumbs\"><span class=\"aioseo-breadcrumb\">\n\t<a href=\"https:\/\/eldigitaldeasturias.com\/magazine365\" title=\"Home\">Home<\/a>\n<\/span><span class=\"aioseo-breadcrumb-separator\">\u2013<\/span><span class=\"aioseo-breadcrumb\">\n\t<a href=\"https:\/\/eldigitaldeasturias.com\/magazine365\/category\/noticias-actualidad\/\" title=\"Noticias y Actualidad\">Noticias y Actualidad<\/a>\n<\/span><span class=\"aioseo-breadcrumb-separator\">\u2013<\/span><span class=\"aioseo-breadcrumb\">\n\t<a href=\"https:\/\/eldigitaldeasturias.com\/magazine365\/el-conjunto-patrimonial-de-sevilla-se-encuentra-en-la-nueva-app-de-la-ciudad\/\" title=\"El conjunto patrimonial de Sevilla se encuentra en la nueva \u2018app\u2019 de la ciudad\">El conjunto patrimonial de Sevilla se encuentra en la nueva \u2018app\u2019 de la ciudad<\/a>\n<\/span><\/div>","aioseo_breadcrumb_json":[{"label":"Home","link":"https:\/\/eldigitaldeasturias.com\/magazine365"},{"label":"Noticias y Actualidad","link":"https:\/\/eldigitaldeasturias.com\/magazine365\/category\/noticias-actualidad\/"},{"label":"El conjunto patrimonial de Sevilla se encuentra en la nueva &#8216;app&#8217; de la ciudad","link":"https:\/\/eldigitaldeasturias.com\/magazine365\/el-conjunto-patrimonial-de-sevilla-se-encuentra-en-la-nueva-app-de-la-ciudad\/"}],"_links":{"self":[{"href":"https:\/\/eldigitaldeasturias.com\/magazine365\/wp-json\/wp\/v2\/posts\/60351","targetHints":{"allow":["GET"]}}],"collection":[{"href":"https:\/\/eldigitaldeasturias.com\/magazine365\/wp-json\/wp\/v2\/posts"}],"about":[{"href":"https:\/\/eldigitaldeasturias.com\/magazine365\/wp-json\/wp\/v2\/types\/post"}],"author":[{"embeddable":true,"href":"https:\/\/eldigitaldeasturias.com\/magazine365\/wp-json\/wp\/v2\/users\/1"}],"replies":[{"embeddable":true,"href":"https:\/\/eldigitaldeasturias.com\/magazine365\/wp-json\/wp\/v2\/comments?post=60351"}],"version-history":[{"count":0,"href":"https:\/\/eldigitaldeasturias.com\/magazine365\/wp-json\/wp\/v2\/posts\/60351\/revisions"}],"wp:featuredmedia":[{"embeddable":true,"href":"https:\/\/eldigitaldeasturias.com\/magazine365\/wp-json\/wp\/v2\/media\/60352"}],"wp:attachment":[{"href":"https:\/\/eldigitaldeasturias.com\/magazine365\/wp-json\/wp\/v2\/media?parent=60351"}],"wp:term":[{"taxonomy":"category","embeddable":true,"href":"https:\/\/eldigitaldeasturias.com\/magazine365\/wp-json\/wp\/v2\/categories?post=60351"},{"taxonomy":"post_tag","embeddable":true,"href":"https:\/\/eldigitaldeasturias.com\/magazine365\/wp-json\/wp\/v2\/tags?post=60351"}],"curies":[{"name":"wp","href":"https:\/\/api.w.org\/{rel}","templated":true}]}}