{"id":60348,"date":"2016-01-13T00:45:12","date_gmt":"2016-01-12T23:45:12","guid":{"rendered":"http:\/\/eldigitaldeasturias.com\/magazine365\/?p=60348"},"modified":"2016-01-13T00:45:12","modified_gmt":"2016-01-12T23:45:12","slug":"carina-mejias-ve-decisiones-erraticas-y-descoordinadas-en-el-gobierno-de-ada-colau-sobre-turismo","status":"publish","type":"post","link":"https:\/\/eldigitaldeasturias.com\/magazine365\/carina-mejias-ve-decisiones-erraticas-y-descoordinadas-en-el-gobierno-de-ada-colau-sobre-turismo\/","title":{"rendered":"Carina Mej\u00edas ve decisiones \u00aberr\u00e1ticas y descoordinadas\u00bb en el Gobierno de Ada Colau sobre turismo"},"content":{"rendered":"<p><img fetchpriority=\"high\" decoding=\"async\" class=\"alignleft size-medium wp-image-60349\" src=\"https:\/\/eldigitaldeasturias.com\/magazine365\/wp-content\/uploads\/2016\/01\/fotonoticia_20160112152644_800-360x270.jpg\" alt=\"fotonoticia_20160112152644_800\" width=\"360\" height=\"270\" srcset=\"https:\/\/eldigitaldeasturias.com\/magazine365\/wp-content\/uploads\/2016\/01\/fotonoticia_20160112152644_800-360x270.jpg 360w, https:\/\/eldigitaldeasturias.com\/magazine365\/wp-content\/uploads\/2016\/01\/fotonoticia_20160112152644_800-650x488.jpg 650w, https:\/\/eldigitaldeasturias.com\/magazine365\/wp-content\/uploads\/2016\/01\/fotonoticia_20160112152644_800-768x576.jpg 768w, https:\/\/eldigitaldeasturias.com\/magazine365\/wp-content\/uploads\/2016\/01\/fotonoticia_20160112152644_800-150x113.jpg 150w, https:\/\/eldigitaldeasturias.com\/magazine365\/wp-content\/uploads\/2016\/01\/fotonoticia_20160112152644_800-450x338.jpg 450w, https:\/\/eldigitaldeasturias.com\/magazine365\/wp-content\/uploads\/2016\/01\/fotonoticia_20160112152644_800-80x60.jpg 80w, https:\/\/eldigitaldeasturias.com\/magazine365\/wp-content\/uploads\/2016\/01\/fotonoticia_20160112152644_800-265x198.jpg 265w, https:\/\/eldigitaldeasturias.com\/magazine365\/wp-content\/uploads\/2016\/01\/fotonoticia_20160112152644_800-696x522.jpg 696w, https:\/\/eldigitaldeasturias.com\/magazine365\/wp-content\/uploads\/2016\/01\/fotonoticia_20160112152644_800-560x420.jpg 560w, https:\/\/eldigitaldeasturias.com\/magazine365\/wp-content\/uploads\/2016\/01\/fotonoticia_20160112152644_800-90x67.jpg 90w, https:\/\/eldigitaldeasturias.com\/magazine365\/wp-content\/uploads\/2016\/01\/fotonoticia_20160112152644_800-164x124.jpg 164w, https:\/\/eldigitaldeasturias.com\/magazine365\/wp-content\/uploads\/2016\/01\/fotonoticia_20160112152644_800-100x75.jpg 100w, https:\/\/eldigitaldeasturias.com\/magazine365\/wp-content\/uploads\/2016\/01\/fotonoticia_20160112152644_800.jpg 800w\" sizes=\"(max-width: 360px) 100vw, 360px\" \/>La l\u00edder de C&#8217;s en el Ayuntamiento de Barcelona, Carina Mej\u00edas, ha avisado este martes de que el Gobierno de Ada Colau ha explicado el proceso participativo sobre el Plan Especial de Alojamientos Tur\u00edsticos ante una situaci\u00f3n \u00aberr\u00e1tica, descoordinada y de desconocimiento\u00bb sobre el turismo en la ciudad.<\/p>\n<p>\u00abEl acto ha sido una excusa para explicar una situaci\u00f3n err\u00e1tica y de desorganizaci\u00f3n sobre la regulaci\u00f3n tur\u00edstica de Barcelona y, por ello, pedimos al Ayuntamiento que empiece a trabajar y est\u00e9 por las prioridades de la ciudad, y no por las negociaciones de la pol\u00edtica nacional\u00bb, ha criticado Mej\u00edas en una atenci\u00f3n a los medios.<\/p>\n<p>La teniente de alcalde de Ecolog\u00eda, Urbanismo y Movilidad, Janet Sanz, ha explicado el proceso participativo de regulaci\u00f3n de alojamientos tur\u00edsticos, pero para Mej\u00edas, la situaci\u00f3n se \u00abha pospuesto demasiado, dado que el 17 de marzo finalizaran algunas moratorias, como en el distrito de Gracia\u00bb.<\/p>\n<p>\u00abEl Gobierno municipal se hab\u00eda hecho a la idea que pod\u00eda hacer una herramienta de debate p\u00fablico antes del 17 de marzo, como es el Consejo de Turismo y Ciudad, pero no estar\u00e1 listo y, por tanto, se alargar\u00e1 m\u00e1s de lo necesario\u00bb, ha asegurado la presidenta del grupo municipal.<\/p>\n<p>POL\u00cdTICA NACIONAL<\/p>\n<p>Preguntada sobre si la constituci\u00f3n del gobierno de la Generalitat con la Presidencia de Carles Puigdemont puede propiciar un gobierno m\u00e1s estable en Barcelona, Mej\u00edas ha valorado: \u00abNos imaginamos una situaci\u00f3n de inestabilidad y acuerdos puntuales, y creemos que esta correlaci\u00f3n de fuerzas pueden propiciar inestabilidad\u00bb.<\/p>\n<p>\u00abPedimos a Colau que, aunque est\u00e9 en minor\u00eda, apueste por el consenso y el di\u00e1logo con el resto de fuerzas pol\u00edticas, se preocupe por las prioridades de los barceloneses y deje de lado las negociaciones nacionales\u00bb, ha aseverado.<\/p>\n","protected":false},"excerpt":{"rendered":"<p>La l\u00edder de C&#8217;s en el Ayuntamiento de Barcelona, Carina Mej\u00edas, ha avisado este martes de que el Gobierno de Ada Colau ha explicado el proceso participativo sobre el Plan Especial de Alojamientos Tur\u00edsticos ante una situaci\u00f3n \u00aberr\u00e1tica, descoordinada y de desconocimiento\u00bb sobre el turismo en la ciudad. \u00abEl acto ha sido una excusa para<\/p>\n","protected":false},"author":1,"featured_media":60349,"comment_status":"open","ping_status":"closed","sticky":false,"template":"","format":"standard","meta":{"footnotes":""},"categories":[224],"tags":[],"class_list":{"0":"post-60348","1":"post","2":"type-post","3":"status-publish","4":"format-standard","5":"has-post-thumbnail","7":"category-noticias-actualidad"},"aioseo_notices":[],"aioseo_head":"\n\t\t<!-- All in One SEO Pro 4.9.6.1 - aioseo.com -->\n\t<meta name=\"description\" content=\"La l\u00edder de C&#039;s en el Ayuntamiento de Barcelona, Carina Mej\u00edas, ha avisado este martes de que el Gobierno de Ada Colau ha explicado el proceso participativo sobre el Plan Especial de Alojamientos Tur\u00edsticos ante una situaci\u00f3n &quot;err\u00e1tica, descoordinada y de desconocimiento&quot; sobre el turismo en la ciudad. &quot;El acto ha sido una excusa para\" \/>\n\t<meta name=\"robots\" content=\"max-image-preview:large\" \/>\n\t<meta name=\"author\" content=\"admin\"\/>\n\t<meta name=\"google-site-verification\" content=\"UA-38556648-1\" \/>\n\t<meta name=\"keywords\" content=\"noticias y actualidad\" \/>\n\t<link rel=\"canonical\" href=\"https:\/\/eldigitaldeasturias.com\/magazine365\/carina-mejias-ve-decisiones-erraticas-y-descoordinadas-en-el-gobierno-de-ada-colau-sobre-turismo\/\" \/>\n\t<meta name=\"generator\" content=\"All in One SEO Pro (AIOSEO) 4.9.6.1\" \/>\n\t\t<meta property=\"og:locale\" content=\"es_ES\" \/>\n\t\t<meta property=\"og:site_name\" content=\"El Digital de Asturias \u2013 Revista de ocio, turismo y estilo de vida\" \/>\n\t\t<meta property=\"og:type\" content=\"article\" \/>\n\t\t<meta property=\"og:title\" content=\"Carina Mej\u00edas ve decisiones \u00aberr\u00e1ticas y descoordinadas\u00bb en el Gobierno de Ada Colau sobre turismo | El Digital de Asturias\" \/>\n\t\t<meta property=\"og:description\" content=\"La l\u00edder de C&#039;s en el Ayuntamiento de Barcelona, Carina Mej\u00edas, ha avisado este martes de que el Gobierno de Ada Colau ha explicado el proceso participativo sobre el Plan Especial de Alojamientos Tur\u00edsticos ante una situaci\u00f3n &quot;err\u00e1tica, descoordinada y de desconocimiento&quot; sobre el turismo en la ciudad. &quot;El acto ha sido una excusa para\" \/>\n\t\t<meta property=\"og:url\" content=\"https:\/\/eldigitaldeasturias.com\/magazine365\/carina-mejias-ve-decisiones-erraticas-y-descoordinadas-en-el-gobierno-de-ada-colau-sobre-turismo\/\" \/>\n\t\t<meta property=\"og:image\" content=\"https:\/\/eldigitaldeasturias.com\/magazine365\/wp-content\/uploads\/2016\/01\/fotonoticia_20160112152644_800.jpg\" \/>\n\t\t<meta property=\"og:image:secure_url\" content=\"https:\/\/eldigitaldeasturias.com\/magazine365\/wp-content\/uploads\/2016\/01\/fotonoticia_20160112152644_800.jpg\" \/>\n\t\t<meta property=\"og:image:width\" content=\"800\" \/>\n\t\t<meta property=\"og:image:height\" content=\"600\" \/>\n\t\t<meta property=\"article:published_time\" content=\"2016-01-12T23:45:12+00:00\" \/>\n\t\t<meta property=\"article:modified_time\" content=\"2016-01-12T23:45:12+00:00\" \/>\n\t\t<meta name=\"twitter:card\" content=\"summary_large_image\" \/>\n\t\t<meta name=\"twitter:title\" content=\"Carina Mej\u00edas ve decisiones \u00aberr\u00e1ticas y descoordinadas\u00bb en el Gobierno de Ada Colau sobre turismo | El Digital de Asturias\" \/>\n\t\t<meta name=\"twitter:description\" content=\"La l\u00edder de C&#039;s en el Ayuntamiento de Barcelona, Carina Mej\u00edas, ha avisado este martes de que el Gobierno de Ada Colau ha explicado el proceso participativo sobre el Plan Especial de Alojamientos Tur\u00edsticos ante una situaci\u00f3n &quot;err\u00e1tica, descoordinada y de desconocimiento&quot; sobre el turismo en la ciudad. &quot;El acto ha sido una excusa para\" \/>\n\t\t<meta name=\"twitter:image\" content=\"https:\/\/eldigitaldeasturias.com\/magazine365\/wp-content\/uploads\/2016\/01\/fotonoticia_20160112152644_800.jpg\" \/>\n\t\t<script type=\"application\/ld+json\" class=\"aioseo-schema\">\n\t\t\t{\"@context\":\"https:\\\/\\\/schema.org\",\"@graph\":[{\"@type\":\"Article\",\"@id\":\"https:\\\/\\\/eldigitaldeasturias.com\\\/magazine365\\\/carina-mejias-ve-decisiones-erraticas-y-descoordinadas-en-el-gobierno-de-ada-colau-sobre-turismo\\\/#article\",\"name\":\"Carina Mej\\u00edas ve decisiones \\u00aberr\\u00e1ticas y descoordinadas\\u00bb en el Gobierno de Ada Colau sobre turismo | El Digital de Asturias\",\"headline\":\"Carina Mej\\u00edas ve decisiones \\u00aberr\\u00e1ticas y descoordinadas\\u00bb en el Gobierno de Ada Colau sobre turismo\",\"author\":{\"@id\":\"https:\\\/\\\/eldigitaldeasturias.com\\\/magazine365\\\/author\\\/admin\\\/#author\"},\"publisher\":{\"@id\":\"https:\\\/\\\/eldigitaldeasturias.com\\\/magazine365\\\/#organization\"},\"image\":{\"@type\":\"ImageObject\",\"url\":\"https:\\\/\\\/eldigitaldeasturias.com\\\/magazine365\\\/wp-content\\\/uploads\\\/2016\\\/01\\\/fotonoticia_20160112152644_800.jpg\",\"width\":800,\"height\":600},\"datePublished\":\"2016-01-13T00:45:12+01:00\",\"dateModified\":\"2016-01-13T00:45:12+01:00\",\"inLanguage\":\"es-ES\",\"mainEntityOfPage\":{\"@id\":\"https:\\\/\\\/eldigitaldeasturias.com\\\/magazine365\\\/carina-mejias-ve-decisiones-erraticas-y-descoordinadas-en-el-gobierno-de-ada-colau-sobre-turismo\\\/#webpage\"},\"isPartOf\":{\"@id\":\"https:\\\/\\\/eldigitaldeasturias.com\\\/magazine365\\\/carina-mejias-ve-decisiones-erraticas-y-descoordinadas-en-el-gobierno-de-ada-colau-sobre-turismo\\\/#webpage\"},\"articleSection\":\"Noticias y Actualidad\"},{\"@type\":\"BreadcrumbList\",\"@id\":\"https:\\\/\\\/eldigitaldeasturias.com\\\/magazine365\\\/carina-mejias-ve-decisiones-erraticas-y-descoordinadas-en-el-gobierno-de-ada-colau-sobre-turismo\\\/#breadcrumblist\",\"itemListElement\":[{\"@type\":\"ListItem\",\"@id\":\"https:\\\/\\\/eldigitaldeasturias.com\\\/magazine365#listItem\",\"position\":1,\"name\":\"Home\",\"item\":\"https:\\\/\\\/eldigitaldeasturias.com\\\/magazine365\",\"nextItem\":{\"@type\":\"ListItem\",\"@id\":\"https:\\\/\\\/eldigitaldeasturias.com\\\/magazine365\\\/category\\\/noticias-actualidad\\\/#listItem\",\"name\":\"Noticias y Actualidad\"}},{\"@type\":\"ListItem\",\"@id\":\"https:\\\/\\\/eldigitaldeasturias.com\\\/magazine365\\\/category\\\/noticias-actualidad\\\/#listItem\",\"position\":2,\"name\":\"Noticias y Actualidad\",\"item\":\"https:\\\/\\\/eldigitaldeasturias.com\\\/magazine365\\\/category\\\/noticias-actualidad\\\/\",\"nextItem\":{\"@type\":\"ListItem\",\"@id\":\"https:\\\/\\\/eldigitaldeasturias.com\\\/magazine365\\\/carina-mejias-ve-decisiones-erraticas-y-descoordinadas-en-el-gobierno-de-ada-colau-sobre-turismo\\\/#listItem\",\"name\":\"Carina Mej\\u00edas ve decisiones \\u00aberr\\u00e1ticas y descoordinadas\\u00bb en el Gobierno de Ada Colau sobre turismo\"},\"previousItem\":{\"@type\":\"ListItem\",\"@id\":\"https:\\\/\\\/eldigitaldeasturias.com\\\/magazine365#listItem\",\"name\":\"Home\"}},{\"@type\":\"ListItem\",\"@id\":\"https:\\\/\\\/eldigitaldeasturias.com\\\/magazine365\\\/carina-mejias-ve-decisiones-erraticas-y-descoordinadas-en-el-gobierno-de-ada-colau-sobre-turismo\\\/#listItem\",\"position\":3,\"name\":\"Carina Mej\\u00edas ve decisiones \\u00aberr\\u00e1ticas y descoordinadas\\u00bb en el Gobierno de Ada Colau sobre turismo\",\"previousItem\":{\"@type\":\"ListItem\",\"@id\":\"https:\\\/\\\/eldigitaldeasturias.com\\\/magazine365\\\/category\\\/noticias-actualidad\\\/#listItem\",\"name\":\"Noticias y Actualidad\"}}]},{\"@type\":\"Organization\",\"@id\":\"https:\\\/\\\/eldigitaldeasturias.com\\\/magazine365\\\/#organization\",\"name\":\"El digital de Asturias\",\"description\":\"Revista de ocio, turismo y estilo de vida\",\"url\":\"https:\\\/\\\/eldigitaldeasturias.com\\\/magazine365\\\/\",\"logo\":{\"@type\":\"ImageObject\",\"url\":\"https:\\\/\\\/www.eldigitaldeasturias.com\\\/noticias\\\/wp-content\\\/uploads\\\/2020\\\/12\\\/EDA.jpg\",\"@id\":\"https:\\\/\\\/eldigitaldeasturias.com\\\/magazine365\\\/carina-mejias-ve-decisiones-erraticas-y-descoordinadas-en-el-gobierno-de-ada-colau-sobre-turismo\\\/#organizationLogo\"},\"image\":{\"@id\":\"https:\\\/\\\/eldigitaldeasturias.com\\\/magazine365\\\/carina-mejias-ve-decisiones-erraticas-y-descoordinadas-en-el-gobierno-de-ada-colau-sobre-turismo\\\/#organizationLogo\"}},{\"@type\":\"Person\",\"@id\":\"https:\\\/\\\/eldigitaldeasturias.com\\\/magazine365\\\/author\\\/admin\\\/#author\",\"url\":\"https:\\\/\\\/eldigitaldeasturias.com\\\/magazine365\\\/author\\\/admin\\\/\",\"name\":\"admin\",\"image\":{\"@type\":\"ImageObject\",\"@id\":\"https:\\\/\\\/eldigitaldeasturias.com\\\/magazine365\\\/carina-mejias-ve-decisiones-erraticas-y-descoordinadas-en-el-gobierno-de-ada-colau-sobre-turismo\\\/#authorImage\",\"url\":\"https:\\\/\\\/eldigitaldeasturias.com\\\/magazine365\\\/wp-content\\\/litespeed\\\/avatar\\\/e571bcf59a0edd6fa6838245a470f2fe.jpg?ver=1777574230\",\"width\":96,\"height\":96,\"caption\":\"admin\"}},{\"@type\":\"WebPage\",\"@id\":\"https:\\\/\\\/eldigitaldeasturias.com\\\/magazine365\\\/carina-mejias-ve-decisiones-erraticas-y-descoordinadas-en-el-gobierno-de-ada-colau-sobre-turismo\\\/#webpage\",\"url\":\"https:\\\/\\\/eldigitaldeasturias.com\\\/magazine365\\\/carina-mejias-ve-decisiones-erraticas-y-descoordinadas-en-el-gobierno-de-ada-colau-sobre-turismo\\\/\",\"name\":\"Carina Mej\\u00edas ve decisiones \\u00aberr\\u00e1ticas y descoordinadas\\u00bb en el Gobierno de Ada Colau sobre turismo | El Digital de Asturias\",\"description\":\"La l\\u00edder de C's en el Ayuntamiento de Barcelona, Carina Mej\\u00edas, ha avisado este martes de que el Gobierno de Ada Colau ha explicado el proceso participativo sobre el Plan Especial de Alojamientos Tur\\u00edsticos ante una situaci\\u00f3n \\\"err\\u00e1tica, descoordinada y de desconocimiento\\\" sobre el turismo en la ciudad. \\\"El acto ha sido una excusa para\",\"inLanguage\":\"es-ES\",\"isPartOf\":{\"@id\":\"https:\\\/\\\/eldigitaldeasturias.com\\\/magazine365\\\/#website\"},\"breadcrumb\":{\"@id\":\"https:\\\/\\\/eldigitaldeasturias.com\\\/magazine365\\\/carina-mejias-ve-decisiones-erraticas-y-descoordinadas-en-el-gobierno-de-ada-colau-sobre-turismo\\\/#breadcrumblist\"},\"author\":{\"@id\":\"https:\\\/\\\/eldigitaldeasturias.com\\\/magazine365\\\/author\\\/admin\\\/#author\"},\"creator\":{\"@id\":\"https:\\\/\\\/eldigitaldeasturias.com\\\/magazine365\\\/author\\\/admin\\\/#author\"},\"image\":{\"@type\":\"ImageObject\",\"url\":\"https:\\\/\\\/eldigitaldeasturias.com\\\/magazine365\\\/wp-content\\\/uploads\\\/2016\\\/01\\\/fotonoticia_20160112152644_800.jpg\",\"@id\":\"https:\\\/\\\/eldigitaldeasturias.com\\\/magazine365\\\/carina-mejias-ve-decisiones-erraticas-y-descoordinadas-en-el-gobierno-de-ada-colau-sobre-turismo\\\/#mainImage\",\"width\":800,\"height\":600},\"primaryImageOfPage\":{\"@id\":\"https:\\\/\\\/eldigitaldeasturias.com\\\/magazine365\\\/carina-mejias-ve-decisiones-erraticas-y-descoordinadas-en-el-gobierno-de-ada-colau-sobre-turismo\\\/#mainImage\"},\"datePublished\":\"2016-01-13T00:45:12+01:00\",\"dateModified\":\"2016-01-13T00:45:12+01:00\"},{\"@type\":\"WebSite\",\"@id\":\"https:\\\/\\\/eldigitaldeasturias.com\\\/magazine365\\\/#website\",\"url\":\"https:\\\/\\\/eldigitaldeasturias.com\\\/magazine365\\\/\",\"name\":\"El Digital de Asturias\",\"description\":\"Revista de ocio, turismo y estilo de vida\",\"inLanguage\":\"es-ES\",\"publisher\":{\"@id\":\"https:\\\/\\\/eldigitaldeasturias.com\\\/magazine365\\\/#organization\"}}]}\n\t\t<\/script>\n\t\t<!-- All in One SEO Pro -->\r\n\t\t<title>Carina Mej\u00edas ve decisiones \u00aberr\u00e1ticas y descoordinadas\u00bb en el Gobierno de Ada Colau sobre turismo | El Digital de Asturias<\/title>\n\n","aioseo_head_json":{"title":"Carina Mej\u00edas ve decisiones \u00aberr\u00e1ticas y descoordinadas\u00bb en el Gobierno de Ada Colau sobre turismo | El Digital de Asturias","description":"La l\u00edder de C's en el Ayuntamiento de Barcelona, Carina Mej\u00edas, ha avisado este martes de que el Gobierno de Ada Colau ha explicado el proceso participativo sobre el Plan Especial de Alojamientos Tur\u00edsticos ante una situaci\u00f3n \"err\u00e1tica, descoordinada y de desconocimiento\" sobre el turismo en la ciudad. \"El acto ha sido una excusa para","canonical_url":"https:\/\/eldigitaldeasturias.com\/magazine365\/carina-mejias-ve-decisiones-erraticas-y-descoordinadas-en-el-gobierno-de-ada-colau-sobre-turismo\/","robots":"max-image-preview:large","keywords":"noticias y actualidad","webmasterTools":{"google-site-verification":"UA-38556648-1","miscellaneous":""},"schema":{"@context":"https:\/\/schema.org","@graph":[{"@type":"Article","@id":"https:\/\/eldigitaldeasturias.com\/magazine365\/carina-mejias-ve-decisiones-erraticas-y-descoordinadas-en-el-gobierno-de-ada-colau-sobre-turismo\/#article","name":"Carina Mej\u00edas ve decisiones \u00aberr\u00e1ticas y descoordinadas\u00bb en el Gobierno de Ada Colau sobre turismo | El Digital de Asturias","headline":"Carina Mej\u00edas ve decisiones \u00aberr\u00e1ticas y descoordinadas\u00bb en el Gobierno de Ada Colau sobre turismo","author":{"@id":"https:\/\/eldigitaldeasturias.com\/magazine365\/author\/admin\/#author"},"publisher":{"@id":"https:\/\/eldigitaldeasturias.com\/magazine365\/#organization"},"image":{"@type":"ImageObject","url":"https:\/\/eldigitaldeasturias.com\/magazine365\/wp-content\/uploads\/2016\/01\/fotonoticia_20160112152644_800.jpg","width":800,"height":600},"datePublished":"2016-01-13T00:45:12+01:00","dateModified":"2016-01-13T00:45:12+01:00","inLanguage":"es-ES","mainEntityOfPage":{"@id":"https:\/\/eldigitaldeasturias.com\/magazine365\/carina-mejias-ve-decisiones-erraticas-y-descoordinadas-en-el-gobierno-de-ada-colau-sobre-turismo\/#webpage"},"isPartOf":{"@id":"https:\/\/eldigitaldeasturias.com\/magazine365\/carina-mejias-ve-decisiones-erraticas-y-descoordinadas-en-el-gobierno-de-ada-colau-sobre-turismo\/#webpage"},"articleSection":"Noticias y Actualidad"},{"@type":"BreadcrumbList","@id":"https:\/\/eldigitaldeasturias.com\/magazine365\/carina-mejias-ve-decisiones-erraticas-y-descoordinadas-en-el-gobierno-de-ada-colau-sobre-turismo\/#breadcrumblist","itemListElement":[{"@type":"ListItem","@id":"https:\/\/eldigitaldeasturias.com\/magazine365#listItem","position":1,"name":"Home","item":"https:\/\/eldigitaldeasturias.com\/magazine365","nextItem":{"@type":"ListItem","@id":"https:\/\/eldigitaldeasturias.com\/magazine365\/category\/noticias-actualidad\/#listItem","name":"Noticias y Actualidad"}},{"@type":"ListItem","@id":"https:\/\/eldigitaldeasturias.com\/magazine365\/category\/noticias-actualidad\/#listItem","position":2,"name":"Noticias y Actualidad","item":"https:\/\/eldigitaldeasturias.com\/magazine365\/category\/noticias-actualidad\/","nextItem":{"@type":"ListItem","@id":"https:\/\/eldigitaldeasturias.com\/magazine365\/carina-mejias-ve-decisiones-erraticas-y-descoordinadas-en-el-gobierno-de-ada-colau-sobre-turismo\/#listItem","name":"Carina Mej\u00edas ve decisiones \u00aberr\u00e1ticas y descoordinadas\u00bb en el Gobierno de Ada Colau sobre turismo"},"previousItem":{"@type":"ListItem","@id":"https:\/\/eldigitaldeasturias.com\/magazine365#listItem","name":"Home"}},{"@type":"ListItem","@id":"https:\/\/eldigitaldeasturias.com\/magazine365\/carina-mejias-ve-decisiones-erraticas-y-descoordinadas-en-el-gobierno-de-ada-colau-sobre-turismo\/#listItem","position":3,"name":"Carina Mej\u00edas ve decisiones \u00aberr\u00e1ticas y descoordinadas\u00bb en el Gobierno de Ada Colau sobre turismo","previousItem":{"@type":"ListItem","@id":"https:\/\/eldigitaldeasturias.com\/magazine365\/category\/noticias-actualidad\/#listItem","name":"Noticias y Actualidad"}}]},{"@type":"Organization","@id":"https:\/\/eldigitaldeasturias.com\/magazine365\/#organization","name":"El digital de Asturias","description":"Revista de ocio, turismo y estilo de vida","url":"https:\/\/eldigitaldeasturias.com\/magazine365\/","logo":{"@type":"ImageObject","url":"https:\/\/www.eldigitaldeasturias.com\/noticias\/wp-content\/uploads\/2020\/12\/EDA.jpg","@id":"https:\/\/eldigitaldeasturias.com\/magazine365\/carina-mejias-ve-decisiones-erraticas-y-descoordinadas-en-el-gobierno-de-ada-colau-sobre-turismo\/#organizationLogo"},"image":{"@id":"https:\/\/eldigitaldeasturias.com\/magazine365\/carina-mejias-ve-decisiones-erraticas-y-descoordinadas-en-el-gobierno-de-ada-colau-sobre-turismo\/#organizationLogo"}},{"@type":"Person","@id":"https:\/\/eldigitaldeasturias.com\/magazine365\/author\/admin\/#author","url":"https:\/\/eldigitaldeasturias.com\/magazine365\/author\/admin\/","name":"admin","image":{"@type":"ImageObject","@id":"https:\/\/eldigitaldeasturias.com\/magazine365\/carina-mejias-ve-decisiones-erraticas-y-descoordinadas-en-el-gobierno-de-ada-colau-sobre-turismo\/#authorImage","url":"https:\/\/eldigitaldeasturias.com\/magazine365\/wp-content\/litespeed\/avatar\/e571bcf59a0edd6fa6838245a470f2fe.jpg?ver=1777574230","width":96,"height":96,"caption":"admin"}},{"@type":"WebPage","@id":"https:\/\/eldigitaldeasturias.com\/magazine365\/carina-mejias-ve-decisiones-erraticas-y-descoordinadas-en-el-gobierno-de-ada-colau-sobre-turismo\/#webpage","url":"https:\/\/eldigitaldeasturias.com\/magazine365\/carina-mejias-ve-decisiones-erraticas-y-descoordinadas-en-el-gobierno-de-ada-colau-sobre-turismo\/","name":"Carina Mej\u00edas ve decisiones \u00aberr\u00e1ticas y descoordinadas\u00bb en el Gobierno de Ada Colau sobre turismo | El Digital de Asturias","description":"La l\u00edder de C's en el Ayuntamiento de Barcelona, Carina Mej\u00edas, ha avisado este martes de que el Gobierno de Ada Colau ha explicado el proceso participativo sobre el Plan Especial de Alojamientos Tur\u00edsticos ante una situaci\u00f3n \"err\u00e1tica, descoordinada y de desconocimiento\" sobre el turismo en la ciudad. \"El acto ha sido una excusa para","inLanguage":"es-ES","isPartOf":{"@id":"https:\/\/eldigitaldeasturias.com\/magazine365\/#website"},"breadcrumb":{"@id":"https:\/\/eldigitaldeasturias.com\/magazine365\/carina-mejias-ve-decisiones-erraticas-y-descoordinadas-en-el-gobierno-de-ada-colau-sobre-turismo\/#breadcrumblist"},"author":{"@id":"https:\/\/eldigitaldeasturias.com\/magazine365\/author\/admin\/#author"},"creator":{"@id":"https:\/\/eldigitaldeasturias.com\/magazine365\/author\/admin\/#author"},"image":{"@type":"ImageObject","url":"https:\/\/eldigitaldeasturias.com\/magazine365\/wp-content\/uploads\/2016\/01\/fotonoticia_20160112152644_800.jpg","@id":"https:\/\/eldigitaldeasturias.com\/magazine365\/carina-mejias-ve-decisiones-erraticas-y-descoordinadas-en-el-gobierno-de-ada-colau-sobre-turismo\/#mainImage","width":800,"height":600},"primaryImageOfPage":{"@id":"https:\/\/eldigitaldeasturias.com\/magazine365\/carina-mejias-ve-decisiones-erraticas-y-descoordinadas-en-el-gobierno-de-ada-colau-sobre-turismo\/#mainImage"},"datePublished":"2016-01-13T00:45:12+01:00","dateModified":"2016-01-13T00:45:12+01:00"},{"@type":"WebSite","@id":"https:\/\/eldigitaldeasturias.com\/magazine365\/#website","url":"https:\/\/eldigitaldeasturias.com\/magazine365\/","name":"El Digital de Asturias","description":"Revista de ocio, turismo y estilo de vida","inLanguage":"es-ES","publisher":{"@id":"https:\/\/eldigitaldeasturias.com\/magazine365\/#organization"}}]},"og:locale":"es_ES","og:site_name":"El Digital de Asturias \u2013 Revista de ocio, turismo y estilo de vida","og:type":"article","og:title":"Carina Mej\u00edas ve decisiones \u00aberr\u00e1ticas y descoordinadas\u00bb en el Gobierno de Ada Colau sobre turismo | El Digital de Asturias","og:description":"La l\u00edder de C's en el Ayuntamiento de Barcelona, Carina Mej\u00edas, ha avisado este martes de que el Gobierno de Ada Colau ha explicado el proceso participativo sobre el Plan Especial de Alojamientos Tur\u00edsticos ante una situaci\u00f3n &quot;err\u00e1tica, descoordinada y de desconocimiento&quot; sobre el turismo en la ciudad. &quot;El acto ha sido una excusa para","og:url":"https:\/\/eldigitaldeasturias.com\/magazine365\/carina-mejias-ve-decisiones-erraticas-y-descoordinadas-en-el-gobierno-de-ada-colau-sobre-turismo\/","og:image":"https:\/\/eldigitaldeasturias.com\/magazine365\/wp-content\/uploads\/2016\/01\/fotonoticia_20160112152644_800.jpg","og:image:secure_url":"https:\/\/eldigitaldeasturias.com\/magazine365\/wp-content\/uploads\/2016\/01\/fotonoticia_20160112152644_800.jpg","og:image:width":800,"og:image:height":600,"article:published_time":"2016-01-12T23:45:12+00:00","article:modified_time":"2016-01-12T23:45:12+00:00","twitter:card":"summary_large_image","twitter:title":"Carina Mej\u00edas ve decisiones \u00aberr\u00e1ticas y descoordinadas\u00bb en el Gobierno de Ada Colau sobre turismo | El Digital de Asturias","twitter:description":"La l\u00edder de C's en el Ayuntamiento de Barcelona, Carina Mej\u00edas, ha avisado este martes de que el Gobierno de Ada Colau ha explicado el proceso participativo sobre el Plan Especial de Alojamientos Tur\u00edsticos ante una situaci\u00f3n &quot;err\u00e1tica, descoordinada y de desconocimiento&quot; sobre el turismo en la ciudad. &quot;El acto ha sido una excusa para","twitter:image":"https:\/\/eldigitaldeasturias.com\/magazine365\/wp-content\/uploads\/2016\/01\/fotonoticia_20160112152644_800.jpg"},"aioseo_meta_data":{"post_id":"60348","title":null,"description":null,"keywords":null,"keyphrases":null,"primary_term":null,"canonical_url":null,"og_title":null,"og_description":null,"og_object_type":"default","og_image_type":"default","og_image_url":null,"og_image_width":null,"og_image_height":null,"og_image_custom_url":null,"og_image_custom_fields":null,"og_video":null,"og_custom_url":null,"og_article_section":null,"og_article_tags":null,"twitter_use_og":false,"twitter_card":"default","twitter_image_type":"default","twitter_image_url":null,"twitter_image_custom_url":null,"twitter_image_custom_fields":null,"twitter_title":null,"twitter_description":null,"schema":{"blockGraphs":[],"customGraphs":[],"default":{"data":{"Article":[],"Course":[],"Dataset":[],"FAQPage":[],"Movie":[],"Person":[],"Product":[],"ProductReview":[],"Car":[],"Recipe":[],"Service":[],"SoftwareApplication":[],"WebPage":[]},"graphName":"","isEnabled":true},"graphs":[],"defaultGraph":"","defaultPostTypeGraph":""},"schema_type":null,"schema_type_options":null,"pillar_content":false,"robots_default":true,"robots_noindex":false,"robots_noarchive":false,"robots_nosnippet":false,"robots_nofollow":false,"robots_noimageindex":false,"robots_noodp":false,"robots_notranslate":false,"robots_max_snippet":null,"robots_max_videopreview":null,"robots_max_imagepreview":"large","priority":null,"frequency":null,"location":null,"local_seo":null,"seo_analyzer_scan_date":"2025-09-25 06:44:01","breadcrumb_settings":null,"limit_modified_date":false,"open_ai":null,"ai":null,"created":"2021-03-08 22:00:44","updated":"2025-09-25 06:44:01"},"aioseo_breadcrumb":"<div class=\"aioseo-breadcrumbs\"><span class=\"aioseo-breadcrumb\">\n\t<a href=\"https:\/\/eldigitaldeasturias.com\/magazine365\" title=\"Home\">Home<\/a>\n<\/span><span class=\"aioseo-breadcrumb-separator\">\u2013<\/span><span class=\"aioseo-breadcrumb\">\n\t<a href=\"https:\/\/eldigitaldeasturias.com\/magazine365\/category\/noticias-actualidad\/\" title=\"Noticias y Actualidad\">Noticias y Actualidad<\/a>\n<\/span><span class=\"aioseo-breadcrumb-separator\">\u2013<\/span><span class=\"aioseo-breadcrumb\">\n\t<a href=\"https:\/\/eldigitaldeasturias.com\/magazine365\/carina-mejias-ve-decisiones-erraticas-y-descoordinadas-en-el-gobierno-de-ada-colau-sobre-turismo\/\" title=\"Carina Mej\u00edas ve decisiones \u00aberr\u00e1ticas y descoordinadas\u00bb en el Gobierno de Ada Colau sobre turismo\">Carina Mej\u00edas ve decisiones \u00aberr\u00e1ticas y descoordinadas\u00bb en el Gobierno de Ada Colau sobre turismo<\/a>\n<\/span><\/div>","aioseo_breadcrumb_json":[{"label":"Home","link":"https:\/\/eldigitaldeasturias.com\/magazine365"},{"label":"Noticias y Actualidad","link":"https:\/\/eldigitaldeasturias.com\/magazine365\/category\/noticias-actualidad\/"},{"label":"Carina Mej\u00edas ve decisiones \u00aberr\u00e1ticas y descoordinadas\u00bb en el Gobierno de Ada Colau sobre turismo","link":"https:\/\/eldigitaldeasturias.com\/magazine365\/carina-mejias-ve-decisiones-erraticas-y-descoordinadas-en-el-gobierno-de-ada-colau-sobre-turismo\/"}],"_links":{"self":[{"href":"https:\/\/eldigitaldeasturias.com\/magazine365\/wp-json\/wp\/v2\/posts\/60348","targetHints":{"allow":["GET"]}}],"collection":[{"href":"https:\/\/eldigitaldeasturias.com\/magazine365\/wp-json\/wp\/v2\/posts"}],"about":[{"href":"https:\/\/eldigitaldeasturias.com\/magazine365\/wp-json\/wp\/v2\/types\/post"}],"author":[{"embeddable":true,"href":"https:\/\/eldigitaldeasturias.com\/magazine365\/wp-json\/wp\/v2\/users\/1"}],"replies":[{"embeddable":true,"href":"https:\/\/eldigitaldeasturias.com\/magazine365\/wp-json\/wp\/v2\/comments?post=60348"}],"version-history":[{"count":0,"href":"https:\/\/eldigitaldeasturias.com\/magazine365\/wp-json\/wp\/v2\/posts\/60348\/revisions"}],"wp:featuredmedia":[{"embeddable":true,"href":"https:\/\/eldigitaldeasturias.com\/magazine365\/wp-json\/wp\/v2\/media\/60349"}],"wp:attachment":[{"href":"https:\/\/eldigitaldeasturias.com\/magazine365\/wp-json\/wp\/v2\/media?parent=60348"}],"wp:term":[{"taxonomy":"category","embeddable":true,"href":"https:\/\/eldigitaldeasturias.com\/magazine365\/wp-json\/wp\/v2\/categories?post=60348"},{"taxonomy":"post_tag","embeddable":true,"href":"https:\/\/eldigitaldeasturias.com\/magazine365\/wp-json\/wp\/v2\/tags?post=60348"}],"curies":[{"name":"wp","href":"https:\/\/api.w.org\/{rel}","templated":true}]}}