{"id":60345,"date":"2016-01-13T00:43:03","date_gmt":"2016-01-12T23:43:03","guid":{"rendered":"http:\/\/eldigitaldeasturias.com\/magazine365\/?p=60345"},"modified":"2016-01-13T00:43:03","modified_gmt":"2016-01-12T23:43:03","slug":"la-mayoria-de-los-fallecidos-por-el-ataque-de-estambul-tenian-nacionalidad-alemana","status":"publish","type":"post","link":"https:\/\/eldigitaldeasturias.com\/magazine365\/la-mayoria-de-los-fallecidos-por-el-ataque-de-estambul-tenian-nacionalidad-alemana\/","title":{"rendered":"La mayor\u00eda de los fallecidos por el ataque de Estambul ten\u00edan nacionalidad alemana"},"content":{"rendered":"<p><img fetchpriority=\"high\" decoding=\"async\" class=\"alignleft size-medium wp-image-60346\" src=\"https:\/\/eldigitaldeasturias.com\/magazine365\/wp-content\/uploads\/2016\/01\/fotonoticia_20160112152228_800-360x237.jpg\" alt=\"fotonoticia_20160112152228_800\" width=\"360\" height=\"237\" srcset=\"https:\/\/eldigitaldeasturias.com\/magazine365\/wp-content\/uploads\/2016\/01\/fotonoticia_20160112152228_800-360x237.jpg 360w, https:\/\/eldigitaldeasturias.com\/magazine365\/wp-content\/uploads\/2016\/01\/fotonoticia_20160112152228_800-650x427.jpg 650w, https:\/\/eldigitaldeasturias.com\/magazine365\/wp-content\/uploads\/2016\/01\/fotonoticia_20160112152228_800-768x505.jpg 768w, https:\/\/eldigitaldeasturias.com\/magazine365\/wp-content\/uploads\/2016\/01\/fotonoticia_20160112152228_800-150x99.jpg 150w, https:\/\/eldigitaldeasturias.com\/magazine365\/wp-content\/uploads\/2016\/01\/fotonoticia_20160112152228_800-450x296.jpg 450w, https:\/\/eldigitaldeasturias.com\/magazine365\/wp-content\/uploads\/2016\/01\/fotonoticia_20160112152228_800-696x458.jpg 696w, https:\/\/eldigitaldeasturias.com\/magazine365\/wp-content\/uploads\/2016\/01\/fotonoticia_20160112152228_800-741x486.jpg 741w, https:\/\/eldigitaldeasturias.com\/magazine365\/wp-content\/uploads\/2016\/01\/fotonoticia_20160112152228_800-639x420.jpg 639w, https:\/\/eldigitaldeasturias.com\/magazine365\/wp-content\/uploads\/2016\/01\/fotonoticia_20160112152228_800-121x79.jpg 121w, https:\/\/eldigitaldeasturias.com\/magazine365\/wp-content\/uploads\/2016\/01\/fotonoticia_20160112152228_800-101x66.jpg 101w, https:\/\/eldigitaldeasturias.com\/magazine365\/wp-content\/uploads\/2016\/01\/fotonoticia_20160112152228_800.jpg 800w\" sizes=\"(max-width: 360px) 100vw, 360px\" \/>La mayor\u00eda de las diez personas fallecidas este martes por un atentado en Estambul ten\u00edan nacionalidad alemana, seg\u00fan fuentes de la oficina del primer ministro, Ahmet Davutoglu, que ya ha mantenido una conversaci\u00f3n telef\u00f3nica con la canciller de Alemania, Angela Merkel.<\/p>\n<p>Al menos diez personas han muerto y 15 han resultado heridas por la explosi\u00f3n, ocurrida en la c\u00e9ntrica y tur\u00edstica plaza de Sultanahmet. El viceprimer ministro turco, Numan Kurtulmus, ya hab\u00eda identificado como extranjeros a la mayor\u00eda de los fallecidos.<\/p>\n<p>Fuentes de la oficina de Davutoglu han revelado posteriormente que la mayor parte ten\u00edan nacionalidad alemana. El primer ministro turco ha hablado con Merkel y le ha asegurado que compartir\u00e1 la informaci\u00f3n referente a las investigaciones, que apuntan en principio a un terrorista sirio vinculado a Estado Isl\u00e1mico.<\/p>\n<p>\u00abEl terrorismo internacional ha mostrado su peor cara\u00bb, ha afirmado este martes la canciller, antes de que se conociesen los detalles sobre las nacionalidades. \u00abNecesitamos actuar de forma decidida contra \u00e9l\u00bb, ha subrayado en una comparecencia junto al primer ministro argelino, Abdelmalek Sellal.<\/p>\n","protected":false},"excerpt":{"rendered":"<p>La mayor\u00eda de las diez personas fallecidas este martes por un atentado en Estambul ten\u00edan nacionalidad alemana, seg\u00fan fuentes de la oficina del primer ministro, Ahmet Davutoglu, que ya ha mantenido una conversaci\u00f3n telef\u00f3nica con la canciller de Alemania, Angela Merkel. Al menos diez personas han muerto y 15 han resultado heridas por la explosi\u00f3n,<\/p>\n","protected":false},"author":1,"featured_media":60346,"comment_status":"open","ping_status":"closed","sticky":false,"template":"","format":"standard","meta":{"footnotes":""},"categories":[224],"tags":[],"class_list":{"0":"post-60345","1":"post","2":"type-post","3":"status-publish","4":"format-standard","5":"has-post-thumbnail","7":"category-noticias-actualidad"},"aioseo_notices":[],"aioseo_head":"\n\t\t<!-- All in One SEO Pro 4.9.6.1 - aioseo.com -->\n\t<meta name=\"description\" content=\"La mayor\u00eda de las diez personas fallecidas este martes por un atentado en Estambul ten\u00edan nacionalidad alemana, seg\u00fan fuentes de la oficina del primer ministro, Ahmet Davutoglu, que ya ha mantenido una conversaci\u00f3n telef\u00f3nica con la canciller de Alemania, Angela Merkel. Al menos diez personas han muerto y 15 han resultado heridas por la explosi\u00f3n,\" \/>\n\t<meta name=\"robots\" content=\"max-image-preview:large\" \/>\n\t<meta name=\"author\" content=\"admin\"\/>\n\t<meta name=\"google-site-verification\" content=\"UA-38556648-1\" \/>\n\t<meta name=\"keywords\" content=\"noticias y actualidad\" \/>\n\t<link rel=\"canonical\" href=\"https:\/\/eldigitaldeasturias.com\/magazine365\/la-mayoria-de-los-fallecidos-por-el-ataque-de-estambul-tenian-nacionalidad-alemana\/\" \/>\n\t<meta name=\"generator\" content=\"All in One SEO Pro (AIOSEO) 4.9.6.1\" \/>\n\t\t<meta property=\"og:locale\" content=\"es_ES\" \/>\n\t\t<meta property=\"og:site_name\" content=\"El Digital de Asturias \u2013 Revista de ocio, turismo y estilo de vida\" \/>\n\t\t<meta property=\"og:type\" content=\"article\" \/>\n\t\t<meta property=\"og:title\" content=\"La mayor\u00eda de los fallecidos por el ataque de Estambul ten\u00edan nacionalidad alemana | El Digital de Asturias\" \/>\n\t\t<meta property=\"og:description\" content=\"La mayor\u00eda de las diez personas fallecidas este martes por un atentado en Estambul ten\u00edan nacionalidad alemana, seg\u00fan fuentes de la oficina del primer ministro, Ahmet Davutoglu, que ya ha mantenido una conversaci\u00f3n telef\u00f3nica con la canciller de Alemania, Angela Merkel. Al menos diez personas han muerto y 15 han resultado heridas por la explosi\u00f3n,\" \/>\n\t\t<meta property=\"og:url\" content=\"https:\/\/eldigitaldeasturias.com\/magazine365\/la-mayoria-de-los-fallecidos-por-el-ataque-de-estambul-tenian-nacionalidad-alemana\/\" \/>\n\t\t<meta property=\"og:image\" content=\"https:\/\/eldigitaldeasturias.com\/magazine365\/wp-content\/uploads\/2016\/01\/fotonoticia_20160112152228_800.jpg\" \/>\n\t\t<meta property=\"og:image:secure_url\" content=\"https:\/\/eldigitaldeasturias.com\/magazine365\/wp-content\/uploads\/2016\/01\/fotonoticia_20160112152228_800.jpg\" \/>\n\t\t<meta property=\"og:image:width\" content=\"800\" \/>\n\t\t<meta property=\"og:image:height\" content=\"526\" \/>\n\t\t<meta property=\"article:published_time\" content=\"2016-01-12T23:43:03+00:00\" \/>\n\t\t<meta property=\"article:modified_time\" content=\"2016-01-12T23:43:03+00:00\" \/>\n\t\t<meta name=\"twitter:card\" content=\"summary_large_image\" \/>\n\t\t<meta name=\"twitter:title\" content=\"La mayor\u00eda de los fallecidos por el ataque de Estambul ten\u00edan nacionalidad alemana | El Digital de Asturias\" \/>\n\t\t<meta name=\"twitter:description\" content=\"La mayor\u00eda de las diez personas fallecidas este martes por un atentado en Estambul ten\u00edan nacionalidad alemana, seg\u00fan fuentes de la oficina del primer ministro, Ahmet Davutoglu, que ya ha mantenido una conversaci\u00f3n telef\u00f3nica con la canciller de Alemania, Angela Merkel. Al menos diez personas han muerto y 15 han resultado heridas por la explosi\u00f3n,\" \/>\n\t\t<meta name=\"twitter:image\" content=\"https:\/\/eldigitaldeasturias.com\/magazine365\/wp-content\/uploads\/2016\/01\/fotonoticia_20160112152228_800.jpg\" \/>\n\t\t<script type=\"application\/ld+json\" class=\"aioseo-schema\">\n\t\t\t{\"@context\":\"https:\\\/\\\/schema.org\",\"@graph\":[{\"@type\":\"Article\",\"@id\":\"https:\\\/\\\/eldigitaldeasturias.com\\\/magazine365\\\/la-mayoria-de-los-fallecidos-por-el-ataque-de-estambul-tenian-nacionalidad-alemana\\\/#article\",\"name\":\"La mayor\\u00eda de los fallecidos por el ataque de Estambul ten\\u00edan nacionalidad alemana | El Digital de Asturias\",\"headline\":\"La mayor\\u00eda de los fallecidos por el ataque de Estambul ten\\u00edan nacionalidad alemana\",\"author\":{\"@id\":\"https:\\\/\\\/eldigitaldeasturias.com\\\/magazine365\\\/author\\\/admin\\\/#author\"},\"publisher\":{\"@id\":\"https:\\\/\\\/eldigitaldeasturias.com\\\/magazine365\\\/#organization\"},\"image\":{\"@type\":\"ImageObject\",\"url\":\"https:\\\/\\\/eldigitaldeasturias.com\\\/magazine365\\\/wp-content\\\/uploads\\\/2016\\\/01\\\/fotonoticia_20160112152228_800.jpg\",\"width\":800,\"height\":526},\"datePublished\":\"2016-01-13T00:43:03+01:00\",\"dateModified\":\"2016-01-13T00:43:03+01:00\",\"inLanguage\":\"es-ES\",\"mainEntityOfPage\":{\"@id\":\"https:\\\/\\\/eldigitaldeasturias.com\\\/magazine365\\\/la-mayoria-de-los-fallecidos-por-el-ataque-de-estambul-tenian-nacionalidad-alemana\\\/#webpage\"},\"isPartOf\":{\"@id\":\"https:\\\/\\\/eldigitaldeasturias.com\\\/magazine365\\\/la-mayoria-de-los-fallecidos-por-el-ataque-de-estambul-tenian-nacionalidad-alemana\\\/#webpage\"},\"articleSection\":\"Noticias y Actualidad\"},{\"@type\":\"BreadcrumbList\",\"@id\":\"https:\\\/\\\/eldigitaldeasturias.com\\\/magazine365\\\/la-mayoria-de-los-fallecidos-por-el-ataque-de-estambul-tenian-nacionalidad-alemana\\\/#breadcrumblist\",\"itemListElement\":[{\"@type\":\"ListItem\",\"@id\":\"https:\\\/\\\/eldigitaldeasturias.com\\\/magazine365#listItem\",\"position\":1,\"name\":\"Home\",\"item\":\"https:\\\/\\\/eldigitaldeasturias.com\\\/magazine365\",\"nextItem\":{\"@type\":\"ListItem\",\"@id\":\"https:\\\/\\\/eldigitaldeasturias.com\\\/magazine365\\\/category\\\/noticias-actualidad\\\/#listItem\",\"name\":\"Noticias y Actualidad\"}},{\"@type\":\"ListItem\",\"@id\":\"https:\\\/\\\/eldigitaldeasturias.com\\\/magazine365\\\/category\\\/noticias-actualidad\\\/#listItem\",\"position\":2,\"name\":\"Noticias y Actualidad\",\"item\":\"https:\\\/\\\/eldigitaldeasturias.com\\\/magazine365\\\/category\\\/noticias-actualidad\\\/\",\"nextItem\":{\"@type\":\"ListItem\",\"@id\":\"https:\\\/\\\/eldigitaldeasturias.com\\\/magazine365\\\/la-mayoria-de-los-fallecidos-por-el-ataque-de-estambul-tenian-nacionalidad-alemana\\\/#listItem\",\"name\":\"La mayor\\u00eda de los fallecidos por el ataque de Estambul ten\\u00edan nacionalidad alemana\"},\"previousItem\":{\"@type\":\"ListItem\",\"@id\":\"https:\\\/\\\/eldigitaldeasturias.com\\\/magazine365#listItem\",\"name\":\"Home\"}},{\"@type\":\"ListItem\",\"@id\":\"https:\\\/\\\/eldigitaldeasturias.com\\\/magazine365\\\/la-mayoria-de-los-fallecidos-por-el-ataque-de-estambul-tenian-nacionalidad-alemana\\\/#listItem\",\"position\":3,\"name\":\"La mayor\\u00eda de los fallecidos por el ataque de Estambul ten\\u00edan nacionalidad alemana\",\"previousItem\":{\"@type\":\"ListItem\",\"@id\":\"https:\\\/\\\/eldigitaldeasturias.com\\\/magazine365\\\/category\\\/noticias-actualidad\\\/#listItem\",\"name\":\"Noticias y Actualidad\"}}]},{\"@type\":\"Organization\",\"@id\":\"https:\\\/\\\/eldigitaldeasturias.com\\\/magazine365\\\/#organization\",\"name\":\"El digital de Asturias\",\"description\":\"Revista de ocio, turismo y estilo de vida\",\"url\":\"https:\\\/\\\/eldigitaldeasturias.com\\\/magazine365\\\/\",\"logo\":{\"@type\":\"ImageObject\",\"url\":\"https:\\\/\\\/www.eldigitaldeasturias.com\\\/noticias\\\/wp-content\\\/uploads\\\/2020\\\/12\\\/EDA.jpg\",\"@id\":\"https:\\\/\\\/eldigitaldeasturias.com\\\/magazine365\\\/la-mayoria-de-los-fallecidos-por-el-ataque-de-estambul-tenian-nacionalidad-alemana\\\/#organizationLogo\"},\"image\":{\"@id\":\"https:\\\/\\\/eldigitaldeasturias.com\\\/magazine365\\\/la-mayoria-de-los-fallecidos-por-el-ataque-de-estambul-tenian-nacionalidad-alemana\\\/#organizationLogo\"}},{\"@type\":\"Person\",\"@id\":\"https:\\\/\\\/eldigitaldeasturias.com\\\/magazine365\\\/author\\\/admin\\\/#author\",\"url\":\"https:\\\/\\\/eldigitaldeasturias.com\\\/magazine365\\\/author\\\/admin\\\/\",\"name\":\"admin\",\"image\":{\"@type\":\"ImageObject\",\"@id\":\"https:\\\/\\\/eldigitaldeasturias.com\\\/magazine365\\\/la-mayoria-de-los-fallecidos-por-el-ataque-de-estambul-tenian-nacionalidad-alemana\\\/#authorImage\",\"url\":\"https:\\\/\\\/eldigitaldeasturias.com\\\/magazine365\\\/wp-content\\\/litespeed\\\/avatar\\\/e571bcf59a0edd6fa6838245a470f2fe.jpg?ver=1777574230\",\"width\":96,\"height\":96,\"caption\":\"admin\"}},{\"@type\":\"WebPage\",\"@id\":\"https:\\\/\\\/eldigitaldeasturias.com\\\/magazine365\\\/la-mayoria-de-los-fallecidos-por-el-ataque-de-estambul-tenian-nacionalidad-alemana\\\/#webpage\",\"url\":\"https:\\\/\\\/eldigitaldeasturias.com\\\/magazine365\\\/la-mayoria-de-los-fallecidos-por-el-ataque-de-estambul-tenian-nacionalidad-alemana\\\/\",\"name\":\"La mayor\\u00eda de los fallecidos por el ataque de Estambul ten\\u00edan nacionalidad alemana | El Digital de Asturias\",\"description\":\"La mayor\\u00eda de las diez personas fallecidas este martes por un atentado en Estambul ten\\u00edan nacionalidad alemana, seg\\u00fan fuentes de la oficina del primer ministro, Ahmet Davutoglu, que ya ha mantenido una conversaci\\u00f3n telef\\u00f3nica con la canciller de Alemania, Angela Merkel. Al menos diez personas han muerto y 15 han resultado heridas por la explosi\\u00f3n,\",\"inLanguage\":\"es-ES\",\"isPartOf\":{\"@id\":\"https:\\\/\\\/eldigitaldeasturias.com\\\/magazine365\\\/#website\"},\"breadcrumb\":{\"@id\":\"https:\\\/\\\/eldigitaldeasturias.com\\\/magazine365\\\/la-mayoria-de-los-fallecidos-por-el-ataque-de-estambul-tenian-nacionalidad-alemana\\\/#breadcrumblist\"},\"author\":{\"@id\":\"https:\\\/\\\/eldigitaldeasturias.com\\\/magazine365\\\/author\\\/admin\\\/#author\"},\"creator\":{\"@id\":\"https:\\\/\\\/eldigitaldeasturias.com\\\/magazine365\\\/author\\\/admin\\\/#author\"},\"image\":{\"@type\":\"ImageObject\",\"url\":\"https:\\\/\\\/eldigitaldeasturias.com\\\/magazine365\\\/wp-content\\\/uploads\\\/2016\\\/01\\\/fotonoticia_20160112152228_800.jpg\",\"@id\":\"https:\\\/\\\/eldigitaldeasturias.com\\\/magazine365\\\/la-mayoria-de-los-fallecidos-por-el-ataque-de-estambul-tenian-nacionalidad-alemana\\\/#mainImage\",\"width\":800,\"height\":526},\"primaryImageOfPage\":{\"@id\":\"https:\\\/\\\/eldigitaldeasturias.com\\\/magazine365\\\/la-mayoria-de-los-fallecidos-por-el-ataque-de-estambul-tenian-nacionalidad-alemana\\\/#mainImage\"},\"datePublished\":\"2016-01-13T00:43:03+01:00\",\"dateModified\":\"2016-01-13T00:43:03+01:00\"},{\"@type\":\"WebSite\",\"@id\":\"https:\\\/\\\/eldigitaldeasturias.com\\\/magazine365\\\/#website\",\"url\":\"https:\\\/\\\/eldigitaldeasturias.com\\\/magazine365\\\/\",\"name\":\"El Digital de Asturias\",\"description\":\"Revista de ocio, turismo y estilo de vida\",\"inLanguage\":\"es-ES\",\"publisher\":{\"@id\":\"https:\\\/\\\/eldigitaldeasturias.com\\\/magazine365\\\/#organization\"}}]}\n\t\t<\/script>\n\t\t<!-- All in One SEO Pro -->\r\n\t\t<title>La mayor\u00eda de los fallecidos por el ataque de Estambul ten\u00edan nacionalidad alemana | El Digital de Asturias<\/title>\n\n","aioseo_head_json":{"title":"La mayor\u00eda de los fallecidos por el ataque de Estambul ten\u00edan nacionalidad alemana | El Digital de Asturias","description":"La mayor\u00eda de las diez personas fallecidas este martes por un atentado en Estambul ten\u00edan nacionalidad alemana, seg\u00fan fuentes de la oficina del primer ministro, Ahmet Davutoglu, que ya ha mantenido una conversaci\u00f3n telef\u00f3nica con la canciller de Alemania, Angela Merkel. Al menos diez personas han muerto y 15 han resultado heridas por la explosi\u00f3n,","canonical_url":"https:\/\/eldigitaldeasturias.com\/magazine365\/la-mayoria-de-los-fallecidos-por-el-ataque-de-estambul-tenian-nacionalidad-alemana\/","robots":"max-image-preview:large","keywords":"noticias y actualidad","webmasterTools":{"google-site-verification":"UA-38556648-1","miscellaneous":""},"schema":{"@context":"https:\/\/schema.org","@graph":[{"@type":"Article","@id":"https:\/\/eldigitaldeasturias.com\/magazine365\/la-mayoria-de-los-fallecidos-por-el-ataque-de-estambul-tenian-nacionalidad-alemana\/#article","name":"La mayor\u00eda de los fallecidos por el ataque de Estambul ten\u00edan nacionalidad alemana | El Digital de Asturias","headline":"La mayor\u00eda de los fallecidos por el ataque de Estambul ten\u00edan nacionalidad alemana","author":{"@id":"https:\/\/eldigitaldeasturias.com\/magazine365\/author\/admin\/#author"},"publisher":{"@id":"https:\/\/eldigitaldeasturias.com\/magazine365\/#organization"},"image":{"@type":"ImageObject","url":"https:\/\/eldigitaldeasturias.com\/magazine365\/wp-content\/uploads\/2016\/01\/fotonoticia_20160112152228_800.jpg","width":800,"height":526},"datePublished":"2016-01-13T00:43:03+01:00","dateModified":"2016-01-13T00:43:03+01:00","inLanguage":"es-ES","mainEntityOfPage":{"@id":"https:\/\/eldigitaldeasturias.com\/magazine365\/la-mayoria-de-los-fallecidos-por-el-ataque-de-estambul-tenian-nacionalidad-alemana\/#webpage"},"isPartOf":{"@id":"https:\/\/eldigitaldeasturias.com\/magazine365\/la-mayoria-de-los-fallecidos-por-el-ataque-de-estambul-tenian-nacionalidad-alemana\/#webpage"},"articleSection":"Noticias y Actualidad"},{"@type":"BreadcrumbList","@id":"https:\/\/eldigitaldeasturias.com\/magazine365\/la-mayoria-de-los-fallecidos-por-el-ataque-de-estambul-tenian-nacionalidad-alemana\/#breadcrumblist","itemListElement":[{"@type":"ListItem","@id":"https:\/\/eldigitaldeasturias.com\/magazine365#listItem","position":1,"name":"Home","item":"https:\/\/eldigitaldeasturias.com\/magazine365","nextItem":{"@type":"ListItem","@id":"https:\/\/eldigitaldeasturias.com\/magazine365\/category\/noticias-actualidad\/#listItem","name":"Noticias y Actualidad"}},{"@type":"ListItem","@id":"https:\/\/eldigitaldeasturias.com\/magazine365\/category\/noticias-actualidad\/#listItem","position":2,"name":"Noticias y Actualidad","item":"https:\/\/eldigitaldeasturias.com\/magazine365\/category\/noticias-actualidad\/","nextItem":{"@type":"ListItem","@id":"https:\/\/eldigitaldeasturias.com\/magazine365\/la-mayoria-de-los-fallecidos-por-el-ataque-de-estambul-tenian-nacionalidad-alemana\/#listItem","name":"La mayor\u00eda de los fallecidos por el ataque de Estambul ten\u00edan nacionalidad alemana"},"previousItem":{"@type":"ListItem","@id":"https:\/\/eldigitaldeasturias.com\/magazine365#listItem","name":"Home"}},{"@type":"ListItem","@id":"https:\/\/eldigitaldeasturias.com\/magazine365\/la-mayoria-de-los-fallecidos-por-el-ataque-de-estambul-tenian-nacionalidad-alemana\/#listItem","position":3,"name":"La mayor\u00eda de los fallecidos por el ataque de Estambul ten\u00edan nacionalidad alemana","previousItem":{"@type":"ListItem","@id":"https:\/\/eldigitaldeasturias.com\/magazine365\/category\/noticias-actualidad\/#listItem","name":"Noticias y Actualidad"}}]},{"@type":"Organization","@id":"https:\/\/eldigitaldeasturias.com\/magazine365\/#organization","name":"El digital de Asturias","description":"Revista de ocio, turismo y estilo de vida","url":"https:\/\/eldigitaldeasturias.com\/magazine365\/","logo":{"@type":"ImageObject","url":"https:\/\/www.eldigitaldeasturias.com\/noticias\/wp-content\/uploads\/2020\/12\/EDA.jpg","@id":"https:\/\/eldigitaldeasturias.com\/magazine365\/la-mayoria-de-los-fallecidos-por-el-ataque-de-estambul-tenian-nacionalidad-alemana\/#organizationLogo"},"image":{"@id":"https:\/\/eldigitaldeasturias.com\/magazine365\/la-mayoria-de-los-fallecidos-por-el-ataque-de-estambul-tenian-nacionalidad-alemana\/#organizationLogo"}},{"@type":"Person","@id":"https:\/\/eldigitaldeasturias.com\/magazine365\/author\/admin\/#author","url":"https:\/\/eldigitaldeasturias.com\/magazine365\/author\/admin\/","name":"admin","image":{"@type":"ImageObject","@id":"https:\/\/eldigitaldeasturias.com\/magazine365\/la-mayoria-de-los-fallecidos-por-el-ataque-de-estambul-tenian-nacionalidad-alemana\/#authorImage","url":"https:\/\/eldigitaldeasturias.com\/magazine365\/wp-content\/litespeed\/avatar\/e571bcf59a0edd6fa6838245a470f2fe.jpg?ver=1777574230","width":96,"height":96,"caption":"admin"}},{"@type":"WebPage","@id":"https:\/\/eldigitaldeasturias.com\/magazine365\/la-mayoria-de-los-fallecidos-por-el-ataque-de-estambul-tenian-nacionalidad-alemana\/#webpage","url":"https:\/\/eldigitaldeasturias.com\/magazine365\/la-mayoria-de-los-fallecidos-por-el-ataque-de-estambul-tenian-nacionalidad-alemana\/","name":"La mayor\u00eda de los fallecidos por el ataque de Estambul ten\u00edan nacionalidad alemana | El Digital de Asturias","description":"La mayor\u00eda de las diez personas fallecidas este martes por un atentado en Estambul ten\u00edan nacionalidad alemana, seg\u00fan fuentes de la oficina del primer ministro, Ahmet Davutoglu, que ya ha mantenido una conversaci\u00f3n telef\u00f3nica con la canciller de Alemania, Angela Merkel. Al menos diez personas han muerto y 15 han resultado heridas por la explosi\u00f3n,","inLanguage":"es-ES","isPartOf":{"@id":"https:\/\/eldigitaldeasturias.com\/magazine365\/#website"},"breadcrumb":{"@id":"https:\/\/eldigitaldeasturias.com\/magazine365\/la-mayoria-de-los-fallecidos-por-el-ataque-de-estambul-tenian-nacionalidad-alemana\/#breadcrumblist"},"author":{"@id":"https:\/\/eldigitaldeasturias.com\/magazine365\/author\/admin\/#author"},"creator":{"@id":"https:\/\/eldigitaldeasturias.com\/magazine365\/author\/admin\/#author"},"image":{"@type":"ImageObject","url":"https:\/\/eldigitaldeasturias.com\/magazine365\/wp-content\/uploads\/2016\/01\/fotonoticia_20160112152228_800.jpg","@id":"https:\/\/eldigitaldeasturias.com\/magazine365\/la-mayoria-de-los-fallecidos-por-el-ataque-de-estambul-tenian-nacionalidad-alemana\/#mainImage","width":800,"height":526},"primaryImageOfPage":{"@id":"https:\/\/eldigitaldeasturias.com\/magazine365\/la-mayoria-de-los-fallecidos-por-el-ataque-de-estambul-tenian-nacionalidad-alemana\/#mainImage"},"datePublished":"2016-01-13T00:43:03+01:00","dateModified":"2016-01-13T00:43:03+01:00"},{"@type":"WebSite","@id":"https:\/\/eldigitaldeasturias.com\/magazine365\/#website","url":"https:\/\/eldigitaldeasturias.com\/magazine365\/","name":"El Digital de Asturias","description":"Revista de ocio, turismo y estilo de vida","inLanguage":"es-ES","publisher":{"@id":"https:\/\/eldigitaldeasturias.com\/magazine365\/#organization"}}]},"og:locale":"es_ES","og:site_name":"El Digital de Asturias \u2013 Revista de ocio, turismo y estilo de vida","og:type":"article","og:title":"La mayor\u00eda de los fallecidos por el ataque de Estambul ten\u00edan nacionalidad alemana | El Digital de Asturias","og:description":"La mayor\u00eda de las diez personas fallecidas este martes por un atentado en Estambul ten\u00edan nacionalidad alemana, seg\u00fan fuentes de la oficina del primer ministro, Ahmet Davutoglu, que ya ha mantenido una conversaci\u00f3n telef\u00f3nica con la canciller de Alemania, Angela Merkel. Al menos diez personas han muerto y 15 han resultado heridas por la explosi\u00f3n,","og:url":"https:\/\/eldigitaldeasturias.com\/magazine365\/la-mayoria-de-los-fallecidos-por-el-ataque-de-estambul-tenian-nacionalidad-alemana\/","og:image":"https:\/\/eldigitaldeasturias.com\/magazine365\/wp-content\/uploads\/2016\/01\/fotonoticia_20160112152228_800.jpg","og:image:secure_url":"https:\/\/eldigitaldeasturias.com\/magazine365\/wp-content\/uploads\/2016\/01\/fotonoticia_20160112152228_800.jpg","og:image:width":800,"og:image:height":526,"article:published_time":"2016-01-12T23:43:03+00:00","article:modified_time":"2016-01-12T23:43:03+00:00","twitter:card":"summary_large_image","twitter:title":"La mayor\u00eda de los fallecidos por el ataque de Estambul ten\u00edan nacionalidad alemana | El Digital de Asturias","twitter:description":"La mayor\u00eda de las diez personas fallecidas este martes por un atentado en Estambul ten\u00edan nacionalidad alemana, seg\u00fan fuentes de la oficina del primer ministro, Ahmet Davutoglu, que ya ha mantenido una conversaci\u00f3n telef\u00f3nica con la canciller de Alemania, Angela Merkel. Al menos diez personas han muerto y 15 han resultado heridas por la explosi\u00f3n,","twitter:image":"https:\/\/eldigitaldeasturias.com\/magazine365\/wp-content\/uploads\/2016\/01\/fotonoticia_20160112152228_800.jpg"},"aioseo_meta_data":{"post_id":"60345","title":null,"description":null,"keywords":null,"keyphrases":null,"primary_term":null,"canonical_url":null,"og_title":null,"og_description":null,"og_object_type":"default","og_image_type":"default","og_image_url":null,"og_image_width":null,"og_image_height":null,"og_image_custom_url":null,"og_image_custom_fields":null,"og_video":null,"og_custom_url":null,"og_article_section":null,"og_article_tags":null,"twitter_use_og":false,"twitter_card":"default","twitter_image_type":"default","twitter_image_url":null,"twitter_image_custom_url":null,"twitter_image_custom_fields":null,"twitter_title":null,"twitter_description":null,"schema":{"blockGraphs":[],"customGraphs":[],"default":{"data":{"Article":[],"Course":[],"Dataset":[],"FAQPage":[],"Movie":[],"Person":[],"Product":[],"ProductReview":[],"Car":[],"Recipe":[],"Service":[],"SoftwareApplication":[],"WebPage":[]},"graphName":"","isEnabled":true},"graphs":[],"defaultGraph":"","defaultPostTypeGraph":""},"schema_type":null,"schema_type_options":null,"pillar_content":false,"robots_default":true,"robots_noindex":false,"robots_noarchive":false,"robots_nosnippet":false,"robots_nofollow":false,"robots_noimageindex":false,"robots_noodp":false,"robots_notranslate":false,"robots_max_snippet":null,"robots_max_videopreview":null,"robots_max_imagepreview":"large","priority":null,"frequency":null,"location":null,"local_seo":null,"seo_analyzer_scan_date":"2025-09-25 06:44:00","breadcrumb_settings":null,"limit_modified_date":false,"open_ai":null,"ai":null,"created":"2021-03-08 22:01:58","updated":"2025-09-25 06:44:00"},"aioseo_breadcrumb":"<div class=\"aioseo-breadcrumbs\"><span class=\"aioseo-breadcrumb\">\n\t<a href=\"https:\/\/eldigitaldeasturias.com\/magazine365\" title=\"Home\">Home<\/a>\n<\/span><span class=\"aioseo-breadcrumb-separator\">\u2013<\/span><span class=\"aioseo-breadcrumb\">\n\t<a href=\"https:\/\/eldigitaldeasturias.com\/magazine365\/category\/noticias-actualidad\/\" title=\"Noticias y Actualidad\">Noticias y Actualidad<\/a>\n<\/span><span class=\"aioseo-breadcrumb-separator\">\u2013<\/span><span class=\"aioseo-breadcrumb\">\n\t<a href=\"https:\/\/eldigitaldeasturias.com\/magazine365\/la-mayoria-de-los-fallecidos-por-el-ataque-de-estambul-tenian-nacionalidad-alemana\/\" title=\"La mayor\u00eda de los fallecidos por el ataque de Estambul ten\u00edan nacionalidad alemana\">La mayor\u00eda de los fallecidos por el ataque de Estambul ten\u00edan nacionalidad alemana<\/a>\n<\/span><\/div>","aioseo_breadcrumb_json":[{"label":"Home","link":"https:\/\/eldigitaldeasturias.com\/magazine365"},{"label":"Noticias y Actualidad","link":"https:\/\/eldigitaldeasturias.com\/magazine365\/category\/noticias-actualidad\/"},{"label":"La mayor\u00eda de los fallecidos por el ataque de Estambul ten\u00edan nacionalidad alemana","link":"https:\/\/eldigitaldeasturias.com\/magazine365\/la-mayoria-de-los-fallecidos-por-el-ataque-de-estambul-tenian-nacionalidad-alemana\/"}],"_links":{"self":[{"href":"https:\/\/eldigitaldeasturias.com\/magazine365\/wp-json\/wp\/v2\/posts\/60345","targetHints":{"allow":["GET"]}}],"collection":[{"href":"https:\/\/eldigitaldeasturias.com\/magazine365\/wp-json\/wp\/v2\/posts"}],"about":[{"href":"https:\/\/eldigitaldeasturias.com\/magazine365\/wp-json\/wp\/v2\/types\/post"}],"author":[{"embeddable":true,"href":"https:\/\/eldigitaldeasturias.com\/magazine365\/wp-json\/wp\/v2\/users\/1"}],"replies":[{"embeddable":true,"href":"https:\/\/eldigitaldeasturias.com\/magazine365\/wp-json\/wp\/v2\/comments?post=60345"}],"version-history":[{"count":0,"href":"https:\/\/eldigitaldeasturias.com\/magazine365\/wp-json\/wp\/v2\/posts\/60345\/revisions"}],"wp:featuredmedia":[{"embeddable":true,"href":"https:\/\/eldigitaldeasturias.com\/magazine365\/wp-json\/wp\/v2\/media\/60346"}],"wp:attachment":[{"href":"https:\/\/eldigitaldeasturias.com\/magazine365\/wp-json\/wp\/v2\/media?parent=60345"}],"wp:term":[{"taxonomy":"category","embeddable":true,"href":"https:\/\/eldigitaldeasturias.com\/magazine365\/wp-json\/wp\/v2\/categories?post=60345"},{"taxonomy":"post_tag","embeddable":true,"href":"https:\/\/eldigitaldeasturias.com\/magazine365\/wp-json\/wp\/v2\/tags?post=60345"}],"curies":[{"name":"wp","href":"https:\/\/api.w.org\/{rel}","templated":true}]}}