{"id":60342,"date":"2016-01-13T00:42:08","date_gmt":"2016-01-12T23:42:08","guid":{"rendered":"http:\/\/eldigitaldeasturias.com\/magazine365\/?p=60342"},"modified":"2016-01-13T00:42:08","modified_gmt":"2016-01-12T23:42:08","slug":"la-diputacion-de-cordoba-apuesta-por-los-microsegmentos-turisticos-en-fitur-2016","status":"publish","type":"post","link":"https:\/\/eldigitaldeasturias.com\/magazine365\/la-diputacion-de-cordoba-apuesta-por-los-microsegmentos-turisticos-en-fitur-2016\/","title":{"rendered":"La Diputaci\u00f3n de C\u00f3rdoba apuesta por los microsegmentos tur\u00edsticos en Fitur 2016"},"content":{"rendered":"<p><img fetchpriority=\"high\" decoding=\"async\" class=\"alignleft size-medium wp-image-60343\" src=\"https:\/\/eldigitaldeasturias.com\/magazine365\/wp-content\/uploads\/2016\/01\/fotonoticia_20160112152037_800-360x270.jpg\" alt=\"fotonoticia_20160112152037_800\" width=\"360\" height=\"270\" srcset=\"https:\/\/eldigitaldeasturias.com\/magazine365\/wp-content\/uploads\/2016\/01\/fotonoticia_20160112152037_800-360x270.jpg 360w, https:\/\/eldigitaldeasturias.com\/magazine365\/wp-content\/uploads\/2016\/01\/fotonoticia_20160112152037_800-650x488.jpg 650w, https:\/\/eldigitaldeasturias.com\/magazine365\/wp-content\/uploads\/2016\/01\/fotonoticia_20160112152037_800-768x576.jpg 768w, https:\/\/eldigitaldeasturias.com\/magazine365\/wp-content\/uploads\/2016\/01\/fotonoticia_20160112152037_800-150x113.jpg 150w, https:\/\/eldigitaldeasturias.com\/magazine365\/wp-content\/uploads\/2016\/01\/fotonoticia_20160112152037_800-450x338.jpg 450w, https:\/\/eldigitaldeasturias.com\/magazine365\/wp-content\/uploads\/2016\/01\/fotonoticia_20160112152037_800-80x60.jpg 80w, https:\/\/eldigitaldeasturias.com\/magazine365\/wp-content\/uploads\/2016\/01\/fotonoticia_20160112152037_800-265x198.jpg 265w, https:\/\/eldigitaldeasturias.com\/magazine365\/wp-content\/uploads\/2016\/01\/fotonoticia_20160112152037_800-696x522.jpg 696w, https:\/\/eldigitaldeasturias.com\/magazine365\/wp-content\/uploads\/2016\/01\/fotonoticia_20160112152037_800-560x420.jpg 560w, https:\/\/eldigitaldeasturias.com\/magazine365\/wp-content\/uploads\/2016\/01\/fotonoticia_20160112152037_800-90x67.jpg 90w, https:\/\/eldigitaldeasturias.com\/magazine365\/wp-content\/uploads\/2016\/01\/fotonoticia_20160112152037_800-164x124.jpg 164w, https:\/\/eldigitaldeasturias.com\/magazine365\/wp-content\/uploads\/2016\/01\/fotonoticia_20160112152037_800-100x75.jpg 100w, https:\/\/eldigitaldeasturias.com\/magazine365\/wp-content\/uploads\/2016\/01\/fotonoticia_20160112152037_800.jpg 800w\" sizes=\"(max-width: 360px) 100vw, 360px\" \/>La Diputaci\u00f3n de C\u00f3rdoba, a trav\u00e9s del Patronato Provincial de Turismo, apuesta este a\u00f1o por promocionar los microsegmentos tur\u00edsticos en Fitur, la Feria Internacional del Turismo, que se desarrollar\u00e1 desde el d\u00eda 20 y 24 de enero en Madrid.<\/p>\n<p>La delegada del \u00c1rea en la instituci\u00f3n provincial, Carmen Mar\u00eda G\u00f3mez, ha adelantado este martes que \u00abeste a\u00f1o queremos mostrar una oferta tur\u00edstica distinta a la m\u00e1s conocida y consolidada, como es el turismo cultural o monumental\u00bb, y ha a\u00f1adido que \u00abhay m\u00e1s opciones a ese turismo mayoritario y cada vez son m\u00e1s los que se decantan por ese ocio alternativo\u00bb.<\/p>\n<p>G\u00f3mez ha se\u00f1alado que \u00abtenemos un gran potencial en los microsegmentos tur\u00edsticos y, por eso, se presentar\u00e1n y promocionar\u00e1n productos tur\u00edsticos relacionados con tem\u00e1ticas muy variopintas como el mundo ecuestre, la miner\u00eda, la salud, la naturaleza o con las nuevas oportunidades que nos ofrece la geolocalizaci\u00f3n e, incluso, un turismo para p\u00fablicos espec\u00edficos, como el gay, o adaptado a necesidades especiales, como las de personas con movilidad reducida\u00bb.<\/p>\n<p>En este sentido, la diputada provincial ha apuntado que \u00abestos microsegmentos resultan muy atractivos y favorecen el desarrollo y promoci\u00f3n de los territorios tur\u00edsticos y, con ello, apoyamos tambi\u00e9n al sector empresarial\u00bb.<\/p>\n<p>Por otro lado, la gastronom\u00eda ser\u00e1 otro de los puntos fuertes de Fitur 2016, ya que, adem\u00e1s de degustaciones de vinos de la Denominaci\u00f3n de Origen (DO) Montilla-Moriles, de jam\u00f3n ib\u00e9rico de bellota de Los Pedroches y de otros productos t\u00edpicos de la cocina cordobesa durante los d\u00edas de la feria, se presentar\u00e1 la tercera edici\u00f3n de C\u00f3rdoba Califato Gourmet, las actividades de la Cofrad\u00eda del Rabo de Toro Cordob\u00e9s y un congreso sobre cocteler\u00eda con vinos de la DO de Montilla-Moriles.<\/p>\n<p>Asimismo, la Ruta Intercontinental del Inca Garcilaso o la candidatura oficial de Lucena (C\u00f3rdoba) como Ciudad Creativa de la M\u00fasica de la Red de Ciudades Creativas de la Unesco tambi\u00e9n tendr\u00e1n su espacio en esta nueva edici\u00f3n de Fitur.<\/p>\n","protected":false},"excerpt":{"rendered":"<p>La Diputaci\u00f3n de C\u00f3rdoba, a trav\u00e9s del Patronato Provincial de Turismo, apuesta este a\u00f1o por promocionar los microsegmentos tur\u00edsticos en Fitur, la Feria Internacional del Turismo, que se desarrollar\u00e1 desde el d\u00eda 20 y 24 de enero en Madrid. La delegada del \u00c1rea en la instituci\u00f3n provincial, Carmen Mar\u00eda G\u00f3mez, ha adelantado este martes que<\/p>\n","protected":false},"author":1,"featured_media":60343,"comment_status":"open","ping_status":"closed","sticky":false,"template":"","format":"standard","meta":{"footnotes":""},"categories":[224],"tags":[],"class_list":{"0":"post-60342","1":"post","2":"type-post","3":"status-publish","4":"format-standard","5":"has-post-thumbnail","7":"category-noticias-actualidad"},"aioseo_notices":[],"aioseo_head":"\n\t\t<!-- All in One SEO Pro 4.9.6.1 - aioseo.com -->\n\t<meta name=\"description\" content=\"La Diputaci\u00f3n de C\u00f3rdoba, a trav\u00e9s del Patronato Provincial de Turismo, apuesta este a\u00f1o por promocionar los microsegmentos tur\u00edsticos en Fitur, la Feria Internacional del Turismo, que se desarrollar\u00e1 desde el d\u00eda 20 y 24 de enero en Madrid. La delegada del \u00c1rea en la instituci\u00f3n provincial, Carmen Mar\u00eda G\u00f3mez, ha adelantado este martes que\" \/>\n\t<meta name=\"robots\" content=\"max-image-preview:large\" \/>\n\t<meta name=\"author\" content=\"admin\"\/>\n\t<meta name=\"google-site-verification\" content=\"UA-38556648-1\" \/>\n\t<meta name=\"keywords\" content=\"noticias y actualidad\" \/>\n\t<link rel=\"canonical\" href=\"https:\/\/eldigitaldeasturias.com\/magazine365\/la-diputacion-de-cordoba-apuesta-por-los-microsegmentos-turisticos-en-fitur-2016\/\" \/>\n\t<meta name=\"generator\" content=\"All in One SEO Pro (AIOSEO) 4.9.6.1\" \/>\n\t\t<meta property=\"og:locale\" content=\"es_ES\" \/>\n\t\t<meta property=\"og:site_name\" content=\"El Digital de Asturias \u2013 Revista de ocio, turismo y estilo de vida\" \/>\n\t\t<meta property=\"og:type\" content=\"article\" \/>\n\t\t<meta property=\"og:title\" content=\"La Diputaci\u00f3n de C\u00f3rdoba apuesta por los microsegmentos tur\u00edsticos en Fitur 2016 | El Digital de Asturias\" \/>\n\t\t<meta property=\"og:description\" content=\"La Diputaci\u00f3n de C\u00f3rdoba, a trav\u00e9s del Patronato Provincial de Turismo, apuesta este a\u00f1o por promocionar los microsegmentos tur\u00edsticos en Fitur, la Feria Internacional del Turismo, que se desarrollar\u00e1 desde el d\u00eda 20 y 24 de enero en Madrid. La delegada del \u00c1rea en la instituci\u00f3n provincial, Carmen Mar\u00eda G\u00f3mez, ha adelantado este martes que\" \/>\n\t\t<meta property=\"og:url\" content=\"https:\/\/eldigitaldeasturias.com\/magazine365\/la-diputacion-de-cordoba-apuesta-por-los-microsegmentos-turisticos-en-fitur-2016\/\" \/>\n\t\t<meta property=\"og:image\" content=\"https:\/\/eldigitaldeasturias.com\/magazine365\/wp-content\/uploads\/2016\/01\/fotonoticia_20160112152037_800.jpg\" \/>\n\t\t<meta property=\"og:image:secure_url\" content=\"https:\/\/eldigitaldeasturias.com\/magazine365\/wp-content\/uploads\/2016\/01\/fotonoticia_20160112152037_800.jpg\" \/>\n\t\t<meta property=\"og:image:width\" content=\"800\" \/>\n\t\t<meta property=\"og:image:height\" content=\"600\" \/>\n\t\t<meta property=\"article:published_time\" content=\"2016-01-12T23:42:08+00:00\" \/>\n\t\t<meta property=\"article:modified_time\" content=\"2016-01-12T23:42:08+00:00\" \/>\n\t\t<meta name=\"twitter:card\" content=\"summary_large_image\" \/>\n\t\t<meta name=\"twitter:title\" content=\"La Diputaci\u00f3n de C\u00f3rdoba apuesta por los microsegmentos tur\u00edsticos en Fitur 2016 | El Digital de Asturias\" \/>\n\t\t<meta name=\"twitter:description\" content=\"La Diputaci\u00f3n de C\u00f3rdoba, a trav\u00e9s del Patronato Provincial de Turismo, apuesta este a\u00f1o por promocionar los microsegmentos tur\u00edsticos en Fitur, la Feria Internacional del Turismo, que se desarrollar\u00e1 desde el d\u00eda 20 y 24 de enero en Madrid. La delegada del \u00c1rea en la instituci\u00f3n provincial, Carmen Mar\u00eda G\u00f3mez, ha adelantado este martes que\" \/>\n\t\t<meta name=\"twitter:image\" content=\"https:\/\/eldigitaldeasturias.com\/magazine365\/wp-content\/uploads\/2016\/01\/fotonoticia_20160112152037_800.jpg\" \/>\n\t\t<script type=\"application\/ld+json\" class=\"aioseo-schema\">\n\t\t\t{\"@context\":\"https:\\\/\\\/schema.org\",\"@graph\":[{\"@type\":\"Article\",\"@id\":\"https:\\\/\\\/eldigitaldeasturias.com\\\/magazine365\\\/la-diputacion-de-cordoba-apuesta-por-los-microsegmentos-turisticos-en-fitur-2016\\\/#article\",\"name\":\"La Diputaci\\u00f3n de C\\u00f3rdoba apuesta por los microsegmentos tur\\u00edsticos en Fitur 2016 | El Digital de Asturias\",\"headline\":\"La Diputaci\\u00f3n de C\\u00f3rdoba apuesta por los microsegmentos tur\\u00edsticos en Fitur 2016\",\"author\":{\"@id\":\"https:\\\/\\\/eldigitaldeasturias.com\\\/magazine365\\\/author\\\/admin\\\/#author\"},\"publisher\":{\"@id\":\"https:\\\/\\\/eldigitaldeasturias.com\\\/magazine365\\\/#organization\"},\"image\":{\"@type\":\"ImageObject\",\"url\":\"https:\\\/\\\/eldigitaldeasturias.com\\\/magazine365\\\/wp-content\\\/uploads\\\/2016\\\/01\\\/fotonoticia_20160112152037_800.jpg\",\"width\":800,\"height\":600},\"datePublished\":\"2016-01-13T00:42:08+01:00\",\"dateModified\":\"2016-01-13T00:42:08+01:00\",\"inLanguage\":\"es-ES\",\"mainEntityOfPage\":{\"@id\":\"https:\\\/\\\/eldigitaldeasturias.com\\\/magazine365\\\/la-diputacion-de-cordoba-apuesta-por-los-microsegmentos-turisticos-en-fitur-2016\\\/#webpage\"},\"isPartOf\":{\"@id\":\"https:\\\/\\\/eldigitaldeasturias.com\\\/magazine365\\\/la-diputacion-de-cordoba-apuesta-por-los-microsegmentos-turisticos-en-fitur-2016\\\/#webpage\"},\"articleSection\":\"Noticias y Actualidad\"},{\"@type\":\"BreadcrumbList\",\"@id\":\"https:\\\/\\\/eldigitaldeasturias.com\\\/magazine365\\\/la-diputacion-de-cordoba-apuesta-por-los-microsegmentos-turisticos-en-fitur-2016\\\/#breadcrumblist\",\"itemListElement\":[{\"@type\":\"ListItem\",\"@id\":\"https:\\\/\\\/eldigitaldeasturias.com\\\/magazine365#listItem\",\"position\":1,\"name\":\"Home\",\"item\":\"https:\\\/\\\/eldigitaldeasturias.com\\\/magazine365\",\"nextItem\":{\"@type\":\"ListItem\",\"@id\":\"https:\\\/\\\/eldigitaldeasturias.com\\\/magazine365\\\/category\\\/noticias-actualidad\\\/#listItem\",\"name\":\"Noticias y Actualidad\"}},{\"@type\":\"ListItem\",\"@id\":\"https:\\\/\\\/eldigitaldeasturias.com\\\/magazine365\\\/category\\\/noticias-actualidad\\\/#listItem\",\"position\":2,\"name\":\"Noticias y Actualidad\",\"item\":\"https:\\\/\\\/eldigitaldeasturias.com\\\/magazine365\\\/category\\\/noticias-actualidad\\\/\",\"nextItem\":{\"@type\":\"ListItem\",\"@id\":\"https:\\\/\\\/eldigitaldeasturias.com\\\/magazine365\\\/la-diputacion-de-cordoba-apuesta-por-los-microsegmentos-turisticos-en-fitur-2016\\\/#listItem\",\"name\":\"La Diputaci\\u00f3n de C\\u00f3rdoba apuesta por los microsegmentos tur\\u00edsticos en Fitur 2016\"},\"previousItem\":{\"@type\":\"ListItem\",\"@id\":\"https:\\\/\\\/eldigitaldeasturias.com\\\/magazine365#listItem\",\"name\":\"Home\"}},{\"@type\":\"ListItem\",\"@id\":\"https:\\\/\\\/eldigitaldeasturias.com\\\/magazine365\\\/la-diputacion-de-cordoba-apuesta-por-los-microsegmentos-turisticos-en-fitur-2016\\\/#listItem\",\"position\":3,\"name\":\"La Diputaci\\u00f3n de C\\u00f3rdoba apuesta por los microsegmentos tur\\u00edsticos en Fitur 2016\",\"previousItem\":{\"@type\":\"ListItem\",\"@id\":\"https:\\\/\\\/eldigitaldeasturias.com\\\/magazine365\\\/category\\\/noticias-actualidad\\\/#listItem\",\"name\":\"Noticias y Actualidad\"}}]},{\"@type\":\"Organization\",\"@id\":\"https:\\\/\\\/eldigitaldeasturias.com\\\/magazine365\\\/#organization\",\"name\":\"El digital de Asturias\",\"description\":\"Revista de ocio, turismo y estilo de vida\",\"url\":\"https:\\\/\\\/eldigitaldeasturias.com\\\/magazine365\\\/\",\"logo\":{\"@type\":\"ImageObject\",\"url\":\"https:\\\/\\\/www.eldigitaldeasturias.com\\\/noticias\\\/wp-content\\\/uploads\\\/2020\\\/12\\\/EDA.jpg\",\"@id\":\"https:\\\/\\\/eldigitaldeasturias.com\\\/magazine365\\\/la-diputacion-de-cordoba-apuesta-por-los-microsegmentos-turisticos-en-fitur-2016\\\/#organizationLogo\"},\"image\":{\"@id\":\"https:\\\/\\\/eldigitaldeasturias.com\\\/magazine365\\\/la-diputacion-de-cordoba-apuesta-por-los-microsegmentos-turisticos-en-fitur-2016\\\/#organizationLogo\"}},{\"@type\":\"Person\",\"@id\":\"https:\\\/\\\/eldigitaldeasturias.com\\\/magazine365\\\/author\\\/admin\\\/#author\",\"url\":\"https:\\\/\\\/eldigitaldeasturias.com\\\/magazine365\\\/author\\\/admin\\\/\",\"name\":\"admin\",\"image\":{\"@type\":\"ImageObject\",\"@id\":\"https:\\\/\\\/eldigitaldeasturias.com\\\/magazine365\\\/la-diputacion-de-cordoba-apuesta-por-los-microsegmentos-turisticos-en-fitur-2016\\\/#authorImage\",\"url\":\"https:\\\/\\\/eldigitaldeasturias.com\\\/magazine365\\\/wp-content\\\/litespeed\\\/avatar\\\/e571bcf59a0edd6fa6838245a470f2fe.jpg?ver=1777574230\",\"width\":96,\"height\":96,\"caption\":\"admin\"}},{\"@type\":\"WebPage\",\"@id\":\"https:\\\/\\\/eldigitaldeasturias.com\\\/magazine365\\\/la-diputacion-de-cordoba-apuesta-por-los-microsegmentos-turisticos-en-fitur-2016\\\/#webpage\",\"url\":\"https:\\\/\\\/eldigitaldeasturias.com\\\/magazine365\\\/la-diputacion-de-cordoba-apuesta-por-los-microsegmentos-turisticos-en-fitur-2016\\\/\",\"name\":\"La Diputaci\\u00f3n de C\\u00f3rdoba apuesta por los microsegmentos tur\\u00edsticos en Fitur 2016 | El Digital de Asturias\",\"description\":\"La Diputaci\\u00f3n de C\\u00f3rdoba, a trav\\u00e9s del Patronato Provincial de Turismo, apuesta este a\\u00f1o por promocionar los microsegmentos tur\\u00edsticos en Fitur, la Feria Internacional del Turismo, que se desarrollar\\u00e1 desde el d\\u00eda 20 y 24 de enero en Madrid. La delegada del \\u00c1rea en la instituci\\u00f3n provincial, Carmen Mar\\u00eda G\\u00f3mez, ha adelantado este martes que\",\"inLanguage\":\"es-ES\",\"isPartOf\":{\"@id\":\"https:\\\/\\\/eldigitaldeasturias.com\\\/magazine365\\\/#website\"},\"breadcrumb\":{\"@id\":\"https:\\\/\\\/eldigitaldeasturias.com\\\/magazine365\\\/la-diputacion-de-cordoba-apuesta-por-los-microsegmentos-turisticos-en-fitur-2016\\\/#breadcrumblist\"},\"author\":{\"@id\":\"https:\\\/\\\/eldigitaldeasturias.com\\\/magazine365\\\/author\\\/admin\\\/#author\"},\"creator\":{\"@id\":\"https:\\\/\\\/eldigitaldeasturias.com\\\/magazine365\\\/author\\\/admin\\\/#author\"},\"image\":{\"@type\":\"ImageObject\",\"url\":\"https:\\\/\\\/eldigitaldeasturias.com\\\/magazine365\\\/wp-content\\\/uploads\\\/2016\\\/01\\\/fotonoticia_20160112152037_800.jpg\",\"@id\":\"https:\\\/\\\/eldigitaldeasturias.com\\\/magazine365\\\/la-diputacion-de-cordoba-apuesta-por-los-microsegmentos-turisticos-en-fitur-2016\\\/#mainImage\",\"width\":800,\"height\":600},\"primaryImageOfPage\":{\"@id\":\"https:\\\/\\\/eldigitaldeasturias.com\\\/magazine365\\\/la-diputacion-de-cordoba-apuesta-por-los-microsegmentos-turisticos-en-fitur-2016\\\/#mainImage\"},\"datePublished\":\"2016-01-13T00:42:08+01:00\",\"dateModified\":\"2016-01-13T00:42:08+01:00\"},{\"@type\":\"WebSite\",\"@id\":\"https:\\\/\\\/eldigitaldeasturias.com\\\/magazine365\\\/#website\",\"url\":\"https:\\\/\\\/eldigitaldeasturias.com\\\/magazine365\\\/\",\"name\":\"El Digital de Asturias\",\"description\":\"Revista de ocio, turismo y estilo de vida\",\"inLanguage\":\"es-ES\",\"publisher\":{\"@id\":\"https:\\\/\\\/eldigitaldeasturias.com\\\/magazine365\\\/#organization\"}}]}\n\t\t<\/script>\n\t\t<!-- All in One SEO Pro -->\r\n\t\t<title>La Diputaci\u00f3n de C\u00f3rdoba apuesta por los microsegmentos tur\u00edsticos en Fitur 2016 | El Digital de Asturias<\/title>\n\n","aioseo_head_json":{"title":"La Diputaci\u00f3n de C\u00f3rdoba apuesta por los microsegmentos tur\u00edsticos en Fitur 2016 | El Digital de Asturias","description":"La Diputaci\u00f3n de C\u00f3rdoba, a trav\u00e9s del Patronato Provincial de Turismo, apuesta este a\u00f1o por promocionar los microsegmentos tur\u00edsticos en Fitur, la Feria Internacional del Turismo, que se desarrollar\u00e1 desde el d\u00eda 20 y 24 de enero en Madrid. La delegada del \u00c1rea en la instituci\u00f3n provincial, Carmen Mar\u00eda G\u00f3mez, ha adelantado este martes que","canonical_url":"https:\/\/eldigitaldeasturias.com\/magazine365\/la-diputacion-de-cordoba-apuesta-por-los-microsegmentos-turisticos-en-fitur-2016\/","robots":"max-image-preview:large","keywords":"noticias y actualidad","webmasterTools":{"google-site-verification":"UA-38556648-1","miscellaneous":""},"schema":{"@context":"https:\/\/schema.org","@graph":[{"@type":"Article","@id":"https:\/\/eldigitaldeasturias.com\/magazine365\/la-diputacion-de-cordoba-apuesta-por-los-microsegmentos-turisticos-en-fitur-2016\/#article","name":"La Diputaci\u00f3n de C\u00f3rdoba apuesta por los microsegmentos tur\u00edsticos en Fitur 2016 | El Digital de Asturias","headline":"La Diputaci\u00f3n de C\u00f3rdoba apuesta por los microsegmentos tur\u00edsticos en Fitur 2016","author":{"@id":"https:\/\/eldigitaldeasturias.com\/magazine365\/author\/admin\/#author"},"publisher":{"@id":"https:\/\/eldigitaldeasturias.com\/magazine365\/#organization"},"image":{"@type":"ImageObject","url":"https:\/\/eldigitaldeasturias.com\/magazine365\/wp-content\/uploads\/2016\/01\/fotonoticia_20160112152037_800.jpg","width":800,"height":600},"datePublished":"2016-01-13T00:42:08+01:00","dateModified":"2016-01-13T00:42:08+01:00","inLanguage":"es-ES","mainEntityOfPage":{"@id":"https:\/\/eldigitaldeasturias.com\/magazine365\/la-diputacion-de-cordoba-apuesta-por-los-microsegmentos-turisticos-en-fitur-2016\/#webpage"},"isPartOf":{"@id":"https:\/\/eldigitaldeasturias.com\/magazine365\/la-diputacion-de-cordoba-apuesta-por-los-microsegmentos-turisticos-en-fitur-2016\/#webpage"},"articleSection":"Noticias y Actualidad"},{"@type":"BreadcrumbList","@id":"https:\/\/eldigitaldeasturias.com\/magazine365\/la-diputacion-de-cordoba-apuesta-por-los-microsegmentos-turisticos-en-fitur-2016\/#breadcrumblist","itemListElement":[{"@type":"ListItem","@id":"https:\/\/eldigitaldeasturias.com\/magazine365#listItem","position":1,"name":"Home","item":"https:\/\/eldigitaldeasturias.com\/magazine365","nextItem":{"@type":"ListItem","@id":"https:\/\/eldigitaldeasturias.com\/magazine365\/category\/noticias-actualidad\/#listItem","name":"Noticias y Actualidad"}},{"@type":"ListItem","@id":"https:\/\/eldigitaldeasturias.com\/magazine365\/category\/noticias-actualidad\/#listItem","position":2,"name":"Noticias y Actualidad","item":"https:\/\/eldigitaldeasturias.com\/magazine365\/category\/noticias-actualidad\/","nextItem":{"@type":"ListItem","@id":"https:\/\/eldigitaldeasturias.com\/magazine365\/la-diputacion-de-cordoba-apuesta-por-los-microsegmentos-turisticos-en-fitur-2016\/#listItem","name":"La Diputaci\u00f3n de C\u00f3rdoba apuesta por los microsegmentos tur\u00edsticos en Fitur 2016"},"previousItem":{"@type":"ListItem","@id":"https:\/\/eldigitaldeasturias.com\/magazine365#listItem","name":"Home"}},{"@type":"ListItem","@id":"https:\/\/eldigitaldeasturias.com\/magazine365\/la-diputacion-de-cordoba-apuesta-por-los-microsegmentos-turisticos-en-fitur-2016\/#listItem","position":3,"name":"La Diputaci\u00f3n de C\u00f3rdoba apuesta por los microsegmentos tur\u00edsticos en Fitur 2016","previousItem":{"@type":"ListItem","@id":"https:\/\/eldigitaldeasturias.com\/magazine365\/category\/noticias-actualidad\/#listItem","name":"Noticias y Actualidad"}}]},{"@type":"Organization","@id":"https:\/\/eldigitaldeasturias.com\/magazine365\/#organization","name":"El digital de Asturias","description":"Revista de ocio, turismo y estilo de vida","url":"https:\/\/eldigitaldeasturias.com\/magazine365\/","logo":{"@type":"ImageObject","url":"https:\/\/www.eldigitaldeasturias.com\/noticias\/wp-content\/uploads\/2020\/12\/EDA.jpg","@id":"https:\/\/eldigitaldeasturias.com\/magazine365\/la-diputacion-de-cordoba-apuesta-por-los-microsegmentos-turisticos-en-fitur-2016\/#organizationLogo"},"image":{"@id":"https:\/\/eldigitaldeasturias.com\/magazine365\/la-diputacion-de-cordoba-apuesta-por-los-microsegmentos-turisticos-en-fitur-2016\/#organizationLogo"}},{"@type":"Person","@id":"https:\/\/eldigitaldeasturias.com\/magazine365\/author\/admin\/#author","url":"https:\/\/eldigitaldeasturias.com\/magazine365\/author\/admin\/","name":"admin","image":{"@type":"ImageObject","@id":"https:\/\/eldigitaldeasturias.com\/magazine365\/la-diputacion-de-cordoba-apuesta-por-los-microsegmentos-turisticos-en-fitur-2016\/#authorImage","url":"https:\/\/eldigitaldeasturias.com\/magazine365\/wp-content\/litespeed\/avatar\/e571bcf59a0edd6fa6838245a470f2fe.jpg?ver=1777574230","width":96,"height":96,"caption":"admin"}},{"@type":"WebPage","@id":"https:\/\/eldigitaldeasturias.com\/magazine365\/la-diputacion-de-cordoba-apuesta-por-los-microsegmentos-turisticos-en-fitur-2016\/#webpage","url":"https:\/\/eldigitaldeasturias.com\/magazine365\/la-diputacion-de-cordoba-apuesta-por-los-microsegmentos-turisticos-en-fitur-2016\/","name":"La Diputaci\u00f3n de C\u00f3rdoba apuesta por los microsegmentos tur\u00edsticos en Fitur 2016 | El Digital de Asturias","description":"La Diputaci\u00f3n de C\u00f3rdoba, a trav\u00e9s del Patronato Provincial de Turismo, apuesta este a\u00f1o por promocionar los microsegmentos tur\u00edsticos en Fitur, la Feria Internacional del Turismo, que se desarrollar\u00e1 desde el d\u00eda 20 y 24 de enero en Madrid. La delegada del \u00c1rea en la instituci\u00f3n provincial, Carmen Mar\u00eda G\u00f3mez, ha adelantado este martes que","inLanguage":"es-ES","isPartOf":{"@id":"https:\/\/eldigitaldeasturias.com\/magazine365\/#website"},"breadcrumb":{"@id":"https:\/\/eldigitaldeasturias.com\/magazine365\/la-diputacion-de-cordoba-apuesta-por-los-microsegmentos-turisticos-en-fitur-2016\/#breadcrumblist"},"author":{"@id":"https:\/\/eldigitaldeasturias.com\/magazine365\/author\/admin\/#author"},"creator":{"@id":"https:\/\/eldigitaldeasturias.com\/magazine365\/author\/admin\/#author"},"image":{"@type":"ImageObject","url":"https:\/\/eldigitaldeasturias.com\/magazine365\/wp-content\/uploads\/2016\/01\/fotonoticia_20160112152037_800.jpg","@id":"https:\/\/eldigitaldeasturias.com\/magazine365\/la-diputacion-de-cordoba-apuesta-por-los-microsegmentos-turisticos-en-fitur-2016\/#mainImage","width":800,"height":600},"primaryImageOfPage":{"@id":"https:\/\/eldigitaldeasturias.com\/magazine365\/la-diputacion-de-cordoba-apuesta-por-los-microsegmentos-turisticos-en-fitur-2016\/#mainImage"},"datePublished":"2016-01-13T00:42:08+01:00","dateModified":"2016-01-13T00:42:08+01:00"},{"@type":"WebSite","@id":"https:\/\/eldigitaldeasturias.com\/magazine365\/#website","url":"https:\/\/eldigitaldeasturias.com\/magazine365\/","name":"El Digital de Asturias","description":"Revista de ocio, turismo y estilo de vida","inLanguage":"es-ES","publisher":{"@id":"https:\/\/eldigitaldeasturias.com\/magazine365\/#organization"}}]},"og:locale":"es_ES","og:site_name":"El Digital de Asturias \u2013 Revista de ocio, turismo y estilo de vida","og:type":"article","og:title":"La Diputaci\u00f3n de C\u00f3rdoba apuesta por los microsegmentos tur\u00edsticos en Fitur 2016 | El Digital de Asturias","og:description":"La Diputaci\u00f3n de C\u00f3rdoba, a trav\u00e9s del Patronato Provincial de Turismo, apuesta este a\u00f1o por promocionar los microsegmentos tur\u00edsticos en Fitur, la Feria Internacional del Turismo, que se desarrollar\u00e1 desde el d\u00eda 20 y 24 de enero en Madrid. La delegada del \u00c1rea en la instituci\u00f3n provincial, Carmen Mar\u00eda G\u00f3mez, ha adelantado este martes que","og:url":"https:\/\/eldigitaldeasturias.com\/magazine365\/la-diputacion-de-cordoba-apuesta-por-los-microsegmentos-turisticos-en-fitur-2016\/","og:image":"https:\/\/eldigitaldeasturias.com\/magazine365\/wp-content\/uploads\/2016\/01\/fotonoticia_20160112152037_800.jpg","og:image:secure_url":"https:\/\/eldigitaldeasturias.com\/magazine365\/wp-content\/uploads\/2016\/01\/fotonoticia_20160112152037_800.jpg","og:image:width":800,"og:image:height":600,"article:published_time":"2016-01-12T23:42:08+00:00","article:modified_time":"2016-01-12T23:42:08+00:00","twitter:card":"summary_large_image","twitter:title":"La Diputaci\u00f3n de C\u00f3rdoba apuesta por los microsegmentos tur\u00edsticos en Fitur 2016 | El Digital de Asturias","twitter:description":"La Diputaci\u00f3n de C\u00f3rdoba, a trav\u00e9s del Patronato Provincial de Turismo, apuesta este a\u00f1o por promocionar los microsegmentos tur\u00edsticos en Fitur, la Feria Internacional del Turismo, que se desarrollar\u00e1 desde el d\u00eda 20 y 24 de enero en Madrid. La delegada del \u00c1rea en la instituci\u00f3n provincial, Carmen Mar\u00eda G\u00f3mez, ha adelantado este martes que","twitter:image":"https:\/\/eldigitaldeasturias.com\/magazine365\/wp-content\/uploads\/2016\/01\/fotonoticia_20160112152037_800.jpg"},"aioseo_meta_data":{"post_id":"60342","title":null,"description":null,"keywords":null,"keyphrases":null,"primary_term":null,"canonical_url":null,"og_title":null,"og_description":null,"og_object_type":"default","og_image_type":"default","og_image_url":null,"og_image_width":null,"og_image_height":null,"og_image_custom_url":null,"og_image_custom_fields":null,"og_video":null,"og_custom_url":null,"og_article_section":null,"og_article_tags":null,"twitter_use_og":false,"twitter_card":"default","twitter_image_type":"default","twitter_image_url":null,"twitter_image_custom_url":null,"twitter_image_custom_fields":null,"twitter_title":null,"twitter_description":null,"schema":{"blockGraphs":[],"customGraphs":[],"default":{"data":{"Article":[],"Course":[],"Dataset":[],"FAQPage":[],"Movie":[],"Person":[],"Product":[],"ProductReview":[],"Car":[],"Recipe":[],"Service":[],"SoftwareApplication":[],"WebPage":[]},"graphName":"","isEnabled":true},"graphs":[],"defaultGraph":"","defaultPostTypeGraph":""},"schema_type":null,"schema_type_options":null,"pillar_content":false,"robots_default":true,"robots_noindex":false,"robots_noarchive":false,"robots_nosnippet":false,"robots_nofollow":false,"robots_noimageindex":false,"robots_noodp":false,"robots_notranslate":false,"robots_max_snippet":null,"robots_max_videopreview":null,"robots_max_imagepreview":"large","priority":null,"frequency":null,"location":null,"local_seo":null,"seo_analyzer_scan_date":"2025-09-25 06:42:37","breadcrumb_settings":null,"limit_modified_date":false,"open_ai":null,"ai":null,"created":"2020-12-21 14:41:21","updated":"2025-09-25 06:42:37"},"aioseo_breadcrumb":"<div class=\"aioseo-breadcrumbs\"><span class=\"aioseo-breadcrumb\">\n\t<a href=\"https:\/\/eldigitaldeasturias.com\/magazine365\" title=\"Home\">Home<\/a>\n<\/span><span class=\"aioseo-breadcrumb-separator\">\u2013<\/span><span class=\"aioseo-breadcrumb\">\n\t<a href=\"https:\/\/eldigitaldeasturias.com\/magazine365\/category\/noticias-actualidad\/\" title=\"Noticias y Actualidad\">Noticias y Actualidad<\/a>\n<\/span><span class=\"aioseo-breadcrumb-separator\">\u2013<\/span><span class=\"aioseo-breadcrumb\">\n\t<a href=\"https:\/\/eldigitaldeasturias.com\/magazine365\/la-diputacion-de-cordoba-apuesta-por-los-microsegmentos-turisticos-en-fitur-2016\/\" title=\"La Diputaci\u00f3n de C\u00f3rdoba apuesta por los microsegmentos tur\u00edsticos en Fitur 2016\">La Diputaci\u00f3n de C\u00f3rdoba apuesta por los microsegmentos tur\u00edsticos en Fitur 2016<\/a>\n<\/span><\/div>","aioseo_breadcrumb_json":[{"label":"Home","link":"https:\/\/eldigitaldeasturias.com\/magazine365"},{"label":"Noticias y Actualidad","link":"https:\/\/eldigitaldeasturias.com\/magazine365\/category\/noticias-actualidad\/"},{"label":"La Diputaci\u00f3n de C\u00f3rdoba apuesta por los microsegmentos tur\u00edsticos en Fitur 2016","link":"https:\/\/eldigitaldeasturias.com\/magazine365\/la-diputacion-de-cordoba-apuesta-por-los-microsegmentos-turisticos-en-fitur-2016\/"}],"_links":{"self":[{"href":"https:\/\/eldigitaldeasturias.com\/magazine365\/wp-json\/wp\/v2\/posts\/60342","targetHints":{"allow":["GET"]}}],"collection":[{"href":"https:\/\/eldigitaldeasturias.com\/magazine365\/wp-json\/wp\/v2\/posts"}],"about":[{"href":"https:\/\/eldigitaldeasturias.com\/magazine365\/wp-json\/wp\/v2\/types\/post"}],"author":[{"embeddable":true,"href":"https:\/\/eldigitaldeasturias.com\/magazine365\/wp-json\/wp\/v2\/users\/1"}],"replies":[{"embeddable":true,"href":"https:\/\/eldigitaldeasturias.com\/magazine365\/wp-json\/wp\/v2\/comments?post=60342"}],"version-history":[{"count":0,"href":"https:\/\/eldigitaldeasturias.com\/magazine365\/wp-json\/wp\/v2\/posts\/60342\/revisions"}],"wp:featuredmedia":[{"embeddable":true,"href":"https:\/\/eldigitaldeasturias.com\/magazine365\/wp-json\/wp\/v2\/media\/60343"}],"wp:attachment":[{"href":"https:\/\/eldigitaldeasturias.com\/magazine365\/wp-json\/wp\/v2\/media?parent=60342"}],"wp:term":[{"taxonomy":"category","embeddable":true,"href":"https:\/\/eldigitaldeasturias.com\/magazine365\/wp-json\/wp\/v2\/categories?post=60342"},{"taxonomy":"post_tag","embeddable":true,"href":"https:\/\/eldigitaldeasturias.com\/magazine365\/wp-json\/wp\/v2\/tags?post=60342"}],"curies":[{"name":"wp","href":"https:\/\/api.w.org\/{rel}","templated":true}]}}