{"id":60324,"date":"2016-01-13T00:35:57","date_gmt":"2016-01-12T23:35:57","guid":{"rendered":"http:\/\/eldigitaldeasturias.com\/magazine365\/?p=60324"},"modified":"2016-01-13T00:35:57","modified_gmt":"2016-01-12T23:35:57","slug":"un-dron-comparte-espacio-aereo-con-aviones-comerciales-por-primera-vez","status":"publish","type":"post","link":"https:\/\/eldigitaldeasturias.com\/magazine365\/un-dron-comparte-espacio-aereo-con-aviones-comerciales-por-primera-vez\/","title":{"rendered":"Un &#8216;dron&#8217; comparte espacio a\u00e9reo con aviones comerciales por primera vez"},"content":{"rendered":"<p><img fetchpriority=\"high\" decoding=\"async\" class=\"alignleft size-medium wp-image-60325\" src=\"https:\/\/eldigitaldeasturias.com\/magazine365\/wp-content\/uploads\/2016\/01\/fotonoticia_20160112141819_800-360x203.jpg\" alt=\"fotonoticia_20160112141819_800\" width=\"360\" height=\"203\" srcset=\"https:\/\/eldigitaldeasturias.com\/magazine365\/wp-content\/uploads\/2016\/01\/fotonoticia_20160112141819_800-360x203.jpg 360w, https:\/\/eldigitaldeasturias.com\/magazine365\/wp-content\/uploads\/2016\/01\/fotonoticia_20160112141819_800-650x366.jpg 650w, https:\/\/eldigitaldeasturias.com\/magazine365\/wp-content\/uploads\/2016\/01\/fotonoticia_20160112141819_800-768x432.jpg 768w, https:\/\/eldigitaldeasturias.com\/magazine365\/wp-content\/uploads\/2016\/01\/fotonoticia_20160112141819_800-150x84.jpg 150w, https:\/\/eldigitaldeasturias.com\/magazine365\/wp-content\/uploads\/2016\/01\/fotonoticia_20160112141819_800-450x253.jpg 450w, https:\/\/eldigitaldeasturias.com\/magazine365\/wp-content\/uploads\/2016\/01\/fotonoticia_20160112141819_800-696x392.jpg 696w, https:\/\/eldigitaldeasturias.com\/magazine365\/wp-content\/uploads\/2016\/01\/fotonoticia_20160112141819_800-747x420.jpg 747w, https:\/\/eldigitaldeasturias.com\/magazine365\/wp-content\/uploads\/2016\/01\/fotonoticia_20160112141819_800-499x280.jpg 499w, https:\/\/eldigitaldeasturias.com\/magazine365\/wp-content\/uploads\/2016\/01\/fotonoticia_20160112141819_800-510x289.jpg 510w, https:\/\/eldigitaldeasturias.com\/magazine365\/wp-content\/uploads\/2016\/01\/fotonoticia_20160112141819_800.jpg 800w\" sizes=\"(max-width: 360px) 100vw, 360px\" \/>Un veh\u00edculo a\u00e9reo no tripulado (dron) ha volado por primera vez en espacio a\u00e9reo no segregado, es decir, por donde tambi\u00e9n vuelan aviones comerciales.<\/p>\n<p>El hito es obra de la empresa brit\u00e1nica NATS y en \u00e9l ha participado Ram\u00f3n Raposo, ingeniero aeroespacial de 32 a\u00f1os afincado en Inglaterra y que actualmente est\u00e1 cursando el Executive MBA de la Escuela de Organizaci\u00f3n Industrial (EOI).<\/p>\n<p>En total el vuelo del &#8216;dron&#8217; de 500 kilogramos de peso a 4.500 metros de altura ha durado tres horas. El piloto se encontraba en la sala del aeropuerto desde el que despeg\u00f3 a unos 200 kil\u00f3metros de distancia.<\/p>\n<p>En opini\u00f3n de Ram\u00f3n Raposo, con este avance \u00abse abren las puertas a otra forma de aviaci\u00f3n\u00bb, si bien considera complicado, \u00abpor un factor humano\u00bb, emplear drones para vuelos comerciales con pasajeros a bordo.<\/p>\n<p>Diferente ser\u00eda el caso del tr\u00e1fico de mercanc\u00edas que, en su opini\u00f3n, \u00abes uno de los usos que se puede desarrollar de forma bastante directa\u00bb, presentando \u00abgrandes beneficios\u00bb frente a la aviaci\u00f3n convencional.<\/p>\n<p>OPORTUNIDAD DE FUTURO.<\/p>\n<p>Seg\u00fan este ingeniero, el empleo de drones tiene un gran futuro. Algunas de las aplicaciones ya est\u00e1n en marcha, como en el caso de la agricultura para identificar plagas, o el impulso de Amazon para entregar paqueter\u00eda.<\/p>\n<p>Raposo tambi\u00e9n identifica otras posibles aplicaciones para el futuro, como \u00abla utilizaci\u00f3n de drones para salvamento y rescate, o en el interior de espacios que pueden estar contaminados y tener un alto riesgo para los humanos\u00bb, como en el caso de la central nuclear de Fukushima.<\/p>\n<p>En su opini\u00f3n todo ello supondr\u00eda asimismo una \u00abenorme capacidad de generaci\u00f3n de trabajo\u00bb. Solo en Reino Unido, se habla de hasta 150.000 puestos de trabajo que esta tecnolog\u00eda podr\u00eda desarrollar hasta el a\u00f1o 2050.<\/p>\n","protected":false},"excerpt":{"rendered":"<p>Un veh\u00edculo a\u00e9reo no tripulado (dron) ha volado por primera vez en espacio a\u00e9reo no segregado, es decir, por donde tambi\u00e9n vuelan aviones comerciales. El hito es obra de la empresa brit\u00e1nica NATS y en \u00e9l ha participado Ram\u00f3n Raposo, ingeniero aeroespacial de 32 a\u00f1os afincado en Inglaterra y que actualmente est\u00e1 cursando el Executive<\/p>\n","protected":false},"author":1,"featured_media":60325,"comment_status":"open","ping_status":"closed","sticky":false,"template":"","format":"standard","meta":{"footnotes":""},"categories":[224],"tags":[],"class_list":{"0":"post-60324","1":"post","2":"type-post","3":"status-publish","4":"format-standard","5":"has-post-thumbnail","7":"category-noticias-actualidad"},"aioseo_notices":[],"aioseo_head":"\n\t\t<!-- All in One SEO Pro 4.9.6.1 - aioseo.com -->\n\t<meta name=\"description\" content=\"Un veh\u00edculo a\u00e9reo no tripulado (dron) ha volado por primera vez en espacio a\u00e9reo no segregado, es decir, por donde tambi\u00e9n vuelan aviones comerciales. El hito es obra de la empresa brit\u00e1nica NATS y en \u00e9l ha participado Ram\u00f3n Raposo, ingeniero aeroespacial de 32 a\u00f1os afincado en Inglaterra y que actualmente est\u00e1 cursando el Executive\" \/>\n\t<meta name=\"robots\" content=\"max-image-preview:large\" \/>\n\t<meta name=\"author\" content=\"admin\"\/>\n\t<meta name=\"google-site-verification\" content=\"UA-38556648-1\" \/>\n\t<meta name=\"keywords\" content=\"noticias y actualidad\" \/>\n\t<link rel=\"canonical\" href=\"https:\/\/eldigitaldeasturias.com\/magazine365\/un-dron-comparte-espacio-aereo-con-aviones-comerciales-por-primera-vez\/\" \/>\n\t<meta name=\"generator\" content=\"All in One SEO Pro (AIOSEO) 4.9.6.1\" \/>\n\t\t<meta property=\"og:locale\" content=\"es_ES\" \/>\n\t\t<meta property=\"og:site_name\" content=\"El Digital de Asturias \u2013 Revista de ocio, turismo y estilo de vida\" \/>\n\t\t<meta property=\"og:type\" content=\"article\" \/>\n\t\t<meta property=\"og:title\" content=\"Un \u2018dron\u2019 comparte espacio a\u00e9reo con aviones comerciales por primera vez | El Digital de Asturias\" \/>\n\t\t<meta property=\"og:description\" content=\"Un veh\u00edculo a\u00e9reo no tripulado (dron) ha volado por primera vez en espacio a\u00e9reo no segregado, es decir, por donde tambi\u00e9n vuelan aviones comerciales. El hito es obra de la empresa brit\u00e1nica NATS y en \u00e9l ha participado Ram\u00f3n Raposo, ingeniero aeroespacial de 32 a\u00f1os afincado en Inglaterra y que actualmente est\u00e1 cursando el Executive\" \/>\n\t\t<meta property=\"og:url\" content=\"https:\/\/eldigitaldeasturias.com\/magazine365\/un-dron-comparte-espacio-aereo-con-aviones-comerciales-por-primera-vez\/\" \/>\n\t\t<meta property=\"og:image\" content=\"https:\/\/eldigitaldeasturias.com\/magazine365\/wp-content\/uploads\/2016\/01\/fotonoticia_20160112141819_800.jpg\" \/>\n\t\t<meta property=\"og:image:secure_url\" content=\"https:\/\/eldigitaldeasturias.com\/magazine365\/wp-content\/uploads\/2016\/01\/fotonoticia_20160112141819_800.jpg\" \/>\n\t\t<meta property=\"og:image:width\" content=\"800\" \/>\n\t\t<meta property=\"og:image:height\" content=\"450\" \/>\n\t\t<meta property=\"article:published_time\" content=\"2016-01-12T23:35:57+00:00\" \/>\n\t\t<meta property=\"article:modified_time\" content=\"2016-01-12T23:35:57+00:00\" \/>\n\t\t<meta name=\"twitter:card\" content=\"summary_large_image\" \/>\n\t\t<meta name=\"twitter:title\" content=\"Un \u2018dron\u2019 comparte espacio a\u00e9reo con aviones comerciales por primera vez | El Digital de Asturias\" \/>\n\t\t<meta name=\"twitter:description\" content=\"Un veh\u00edculo a\u00e9reo no tripulado (dron) ha volado por primera vez en espacio a\u00e9reo no segregado, es decir, por donde tambi\u00e9n vuelan aviones comerciales. El hito es obra de la empresa brit\u00e1nica NATS y en \u00e9l ha participado Ram\u00f3n Raposo, ingeniero aeroespacial de 32 a\u00f1os afincado en Inglaterra y que actualmente est\u00e1 cursando el Executive\" \/>\n\t\t<meta name=\"twitter:image\" content=\"https:\/\/eldigitaldeasturias.com\/magazine365\/wp-content\/uploads\/2016\/01\/fotonoticia_20160112141819_800.jpg\" \/>\n\t\t<script type=\"application\/ld+json\" class=\"aioseo-schema\">\n\t\t\t{\"@context\":\"https:\\\/\\\/schema.org\",\"@graph\":[{\"@type\":\"Article\",\"@id\":\"https:\\\/\\\/eldigitaldeasturias.com\\\/magazine365\\\/un-dron-comparte-espacio-aereo-con-aviones-comerciales-por-primera-vez\\\/#article\",\"name\":\"Un \\u2018dron\\u2019 comparte espacio a\\u00e9reo con aviones comerciales por primera vez | El Digital de Asturias\",\"headline\":\"Un &#8216;dron&#8217; comparte espacio a\\u00e9reo con aviones comerciales por primera vez\",\"author\":{\"@id\":\"https:\\\/\\\/eldigitaldeasturias.com\\\/magazine365\\\/author\\\/admin\\\/#author\"},\"publisher\":{\"@id\":\"https:\\\/\\\/eldigitaldeasturias.com\\\/magazine365\\\/#organization\"},\"image\":{\"@type\":\"ImageObject\",\"url\":\"https:\\\/\\\/eldigitaldeasturias.com\\\/magazine365\\\/wp-content\\\/uploads\\\/2016\\\/01\\\/fotonoticia_20160112141819_800.jpg\",\"width\":800,\"height\":450},\"datePublished\":\"2016-01-13T00:35:57+01:00\",\"dateModified\":\"2016-01-13T00:35:57+01:00\",\"inLanguage\":\"es-ES\",\"mainEntityOfPage\":{\"@id\":\"https:\\\/\\\/eldigitaldeasturias.com\\\/magazine365\\\/un-dron-comparte-espacio-aereo-con-aviones-comerciales-por-primera-vez\\\/#webpage\"},\"isPartOf\":{\"@id\":\"https:\\\/\\\/eldigitaldeasturias.com\\\/magazine365\\\/un-dron-comparte-espacio-aereo-con-aviones-comerciales-por-primera-vez\\\/#webpage\"},\"articleSection\":\"Noticias y Actualidad\"},{\"@type\":\"BreadcrumbList\",\"@id\":\"https:\\\/\\\/eldigitaldeasturias.com\\\/magazine365\\\/un-dron-comparte-espacio-aereo-con-aviones-comerciales-por-primera-vez\\\/#breadcrumblist\",\"itemListElement\":[{\"@type\":\"ListItem\",\"@id\":\"https:\\\/\\\/eldigitaldeasturias.com\\\/magazine365#listItem\",\"position\":1,\"name\":\"Home\",\"item\":\"https:\\\/\\\/eldigitaldeasturias.com\\\/magazine365\",\"nextItem\":{\"@type\":\"ListItem\",\"@id\":\"https:\\\/\\\/eldigitaldeasturias.com\\\/magazine365\\\/category\\\/noticias-actualidad\\\/#listItem\",\"name\":\"Noticias y Actualidad\"}},{\"@type\":\"ListItem\",\"@id\":\"https:\\\/\\\/eldigitaldeasturias.com\\\/magazine365\\\/category\\\/noticias-actualidad\\\/#listItem\",\"position\":2,\"name\":\"Noticias y Actualidad\",\"item\":\"https:\\\/\\\/eldigitaldeasturias.com\\\/magazine365\\\/category\\\/noticias-actualidad\\\/\",\"nextItem\":{\"@type\":\"ListItem\",\"@id\":\"https:\\\/\\\/eldigitaldeasturias.com\\\/magazine365\\\/un-dron-comparte-espacio-aereo-con-aviones-comerciales-por-primera-vez\\\/#listItem\",\"name\":\"Un &#8216;dron&#8217; comparte espacio a\\u00e9reo con aviones comerciales por primera vez\"},\"previousItem\":{\"@type\":\"ListItem\",\"@id\":\"https:\\\/\\\/eldigitaldeasturias.com\\\/magazine365#listItem\",\"name\":\"Home\"}},{\"@type\":\"ListItem\",\"@id\":\"https:\\\/\\\/eldigitaldeasturias.com\\\/magazine365\\\/un-dron-comparte-espacio-aereo-con-aviones-comerciales-por-primera-vez\\\/#listItem\",\"position\":3,\"name\":\"Un &#8216;dron&#8217; comparte espacio a\\u00e9reo con aviones comerciales por primera vez\",\"previousItem\":{\"@type\":\"ListItem\",\"@id\":\"https:\\\/\\\/eldigitaldeasturias.com\\\/magazine365\\\/category\\\/noticias-actualidad\\\/#listItem\",\"name\":\"Noticias y Actualidad\"}}]},{\"@type\":\"Organization\",\"@id\":\"https:\\\/\\\/eldigitaldeasturias.com\\\/magazine365\\\/#organization\",\"name\":\"El digital de Asturias\",\"description\":\"Revista de ocio, turismo y estilo de vida\",\"url\":\"https:\\\/\\\/eldigitaldeasturias.com\\\/magazine365\\\/\",\"logo\":{\"@type\":\"ImageObject\",\"url\":\"https:\\\/\\\/www.eldigitaldeasturias.com\\\/noticias\\\/wp-content\\\/uploads\\\/2020\\\/12\\\/EDA.jpg\",\"@id\":\"https:\\\/\\\/eldigitaldeasturias.com\\\/magazine365\\\/un-dron-comparte-espacio-aereo-con-aviones-comerciales-por-primera-vez\\\/#organizationLogo\"},\"image\":{\"@id\":\"https:\\\/\\\/eldigitaldeasturias.com\\\/magazine365\\\/un-dron-comparte-espacio-aereo-con-aviones-comerciales-por-primera-vez\\\/#organizationLogo\"}},{\"@type\":\"Person\",\"@id\":\"https:\\\/\\\/eldigitaldeasturias.com\\\/magazine365\\\/author\\\/admin\\\/#author\",\"url\":\"https:\\\/\\\/eldigitaldeasturias.com\\\/magazine365\\\/author\\\/admin\\\/\",\"name\":\"admin\",\"image\":{\"@type\":\"ImageObject\",\"@id\":\"https:\\\/\\\/eldigitaldeasturias.com\\\/magazine365\\\/un-dron-comparte-espacio-aereo-con-aviones-comerciales-por-primera-vez\\\/#authorImage\",\"url\":\"https:\\\/\\\/eldigitaldeasturias.com\\\/magazine365\\\/wp-content\\\/litespeed\\\/avatar\\\/e571bcf59a0edd6fa6838245a470f2fe.jpg?ver=1777574230\",\"width\":96,\"height\":96,\"caption\":\"admin\"}},{\"@type\":\"WebPage\",\"@id\":\"https:\\\/\\\/eldigitaldeasturias.com\\\/magazine365\\\/un-dron-comparte-espacio-aereo-con-aviones-comerciales-por-primera-vez\\\/#webpage\",\"url\":\"https:\\\/\\\/eldigitaldeasturias.com\\\/magazine365\\\/un-dron-comparte-espacio-aereo-con-aviones-comerciales-por-primera-vez\\\/\",\"name\":\"Un \\u2018dron\\u2019 comparte espacio a\\u00e9reo con aviones comerciales por primera vez | El Digital de Asturias\",\"description\":\"Un veh\\u00edculo a\\u00e9reo no tripulado (dron) ha volado por primera vez en espacio a\\u00e9reo no segregado, es decir, por donde tambi\\u00e9n vuelan aviones comerciales. El hito es obra de la empresa brit\\u00e1nica NATS y en \\u00e9l ha participado Ram\\u00f3n Raposo, ingeniero aeroespacial de 32 a\\u00f1os afincado en Inglaterra y que actualmente est\\u00e1 cursando el Executive\",\"inLanguage\":\"es-ES\",\"isPartOf\":{\"@id\":\"https:\\\/\\\/eldigitaldeasturias.com\\\/magazine365\\\/#website\"},\"breadcrumb\":{\"@id\":\"https:\\\/\\\/eldigitaldeasturias.com\\\/magazine365\\\/un-dron-comparte-espacio-aereo-con-aviones-comerciales-por-primera-vez\\\/#breadcrumblist\"},\"author\":{\"@id\":\"https:\\\/\\\/eldigitaldeasturias.com\\\/magazine365\\\/author\\\/admin\\\/#author\"},\"creator\":{\"@id\":\"https:\\\/\\\/eldigitaldeasturias.com\\\/magazine365\\\/author\\\/admin\\\/#author\"},\"image\":{\"@type\":\"ImageObject\",\"url\":\"https:\\\/\\\/eldigitaldeasturias.com\\\/magazine365\\\/wp-content\\\/uploads\\\/2016\\\/01\\\/fotonoticia_20160112141819_800.jpg\",\"@id\":\"https:\\\/\\\/eldigitaldeasturias.com\\\/magazine365\\\/un-dron-comparte-espacio-aereo-con-aviones-comerciales-por-primera-vez\\\/#mainImage\",\"width\":800,\"height\":450},\"primaryImageOfPage\":{\"@id\":\"https:\\\/\\\/eldigitaldeasturias.com\\\/magazine365\\\/un-dron-comparte-espacio-aereo-con-aviones-comerciales-por-primera-vez\\\/#mainImage\"},\"datePublished\":\"2016-01-13T00:35:57+01:00\",\"dateModified\":\"2016-01-13T00:35:57+01:00\"},{\"@type\":\"WebSite\",\"@id\":\"https:\\\/\\\/eldigitaldeasturias.com\\\/magazine365\\\/#website\",\"url\":\"https:\\\/\\\/eldigitaldeasturias.com\\\/magazine365\\\/\",\"name\":\"El Digital de Asturias\",\"description\":\"Revista de ocio, turismo y estilo de vida\",\"inLanguage\":\"es-ES\",\"publisher\":{\"@id\":\"https:\\\/\\\/eldigitaldeasturias.com\\\/magazine365\\\/#organization\"}}]}\n\t\t<\/script>\n\t\t<!-- All in One SEO Pro -->\r\n\t\t<title>Un \u2018dron\u2019 comparte espacio a\u00e9reo con aviones comerciales por primera vez | El Digital de Asturias<\/title>\n\n","aioseo_head_json":{"title":"Un \u2018dron\u2019 comparte espacio a\u00e9reo con aviones comerciales por primera vez | El Digital de Asturias","description":"Un veh\u00edculo a\u00e9reo no tripulado (dron) ha volado por primera vez en espacio a\u00e9reo no segregado, es decir, por donde tambi\u00e9n vuelan aviones comerciales. El hito es obra de la empresa brit\u00e1nica NATS y en \u00e9l ha participado Ram\u00f3n Raposo, ingeniero aeroespacial de 32 a\u00f1os afincado en Inglaterra y que actualmente est\u00e1 cursando el Executive","canonical_url":"https:\/\/eldigitaldeasturias.com\/magazine365\/un-dron-comparte-espacio-aereo-con-aviones-comerciales-por-primera-vez\/","robots":"max-image-preview:large","keywords":"noticias y actualidad","webmasterTools":{"google-site-verification":"UA-38556648-1","miscellaneous":""},"schema":{"@context":"https:\/\/schema.org","@graph":[{"@type":"Article","@id":"https:\/\/eldigitaldeasturias.com\/magazine365\/un-dron-comparte-espacio-aereo-con-aviones-comerciales-por-primera-vez\/#article","name":"Un \u2018dron\u2019 comparte espacio a\u00e9reo con aviones comerciales por primera vez | El Digital de Asturias","headline":"Un &#8216;dron&#8217; comparte espacio a\u00e9reo con aviones comerciales por primera vez","author":{"@id":"https:\/\/eldigitaldeasturias.com\/magazine365\/author\/admin\/#author"},"publisher":{"@id":"https:\/\/eldigitaldeasturias.com\/magazine365\/#organization"},"image":{"@type":"ImageObject","url":"https:\/\/eldigitaldeasturias.com\/magazine365\/wp-content\/uploads\/2016\/01\/fotonoticia_20160112141819_800.jpg","width":800,"height":450},"datePublished":"2016-01-13T00:35:57+01:00","dateModified":"2016-01-13T00:35:57+01:00","inLanguage":"es-ES","mainEntityOfPage":{"@id":"https:\/\/eldigitaldeasturias.com\/magazine365\/un-dron-comparte-espacio-aereo-con-aviones-comerciales-por-primera-vez\/#webpage"},"isPartOf":{"@id":"https:\/\/eldigitaldeasturias.com\/magazine365\/un-dron-comparte-espacio-aereo-con-aviones-comerciales-por-primera-vez\/#webpage"},"articleSection":"Noticias y Actualidad"},{"@type":"BreadcrumbList","@id":"https:\/\/eldigitaldeasturias.com\/magazine365\/un-dron-comparte-espacio-aereo-con-aviones-comerciales-por-primera-vez\/#breadcrumblist","itemListElement":[{"@type":"ListItem","@id":"https:\/\/eldigitaldeasturias.com\/magazine365#listItem","position":1,"name":"Home","item":"https:\/\/eldigitaldeasturias.com\/magazine365","nextItem":{"@type":"ListItem","@id":"https:\/\/eldigitaldeasturias.com\/magazine365\/category\/noticias-actualidad\/#listItem","name":"Noticias y Actualidad"}},{"@type":"ListItem","@id":"https:\/\/eldigitaldeasturias.com\/magazine365\/category\/noticias-actualidad\/#listItem","position":2,"name":"Noticias y Actualidad","item":"https:\/\/eldigitaldeasturias.com\/magazine365\/category\/noticias-actualidad\/","nextItem":{"@type":"ListItem","@id":"https:\/\/eldigitaldeasturias.com\/magazine365\/un-dron-comparte-espacio-aereo-con-aviones-comerciales-por-primera-vez\/#listItem","name":"Un &#8216;dron&#8217; comparte espacio a\u00e9reo con aviones comerciales por primera vez"},"previousItem":{"@type":"ListItem","@id":"https:\/\/eldigitaldeasturias.com\/magazine365#listItem","name":"Home"}},{"@type":"ListItem","@id":"https:\/\/eldigitaldeasturias.com\/magazine365\/un-dron-comparte-espacio-aereo-con-aviones-comerciales-por-primera-vez\/#listItem","position":3,"name":"Un &#8216;dron&#8217; comparte espacio a\u00e9reo con aviones comerciales por primera vez","previousItem":{"@type":"ListItem","@id":"https:\/\/eldigitaldeasturias.com\/magazine365\/category\/noticias-actualidad\/#listItem","name":"Noticias y Actualidad"}}]},{"@type":"Organization","@id":"https:\/\/eldigitaldeasturias.com\/magazine365\/#organization","name":"El digital de Asturias","description":"Revista de ocio, turismo y estilo de vida","url":"https:\/\/eldigitaldeasturias.com\/magazine365\/","logo":{"@type":"ImageObject","url":"https:\/\/www.eldigitaldeasturias.com\/noticias\/wp-content\/uploads\/2020\/12\/EDA.jpg","@id":"https:\/\/eldigitaldeasturias.com\/magazine365\/un-dron-comparte-espacio-aereo-con-aviones-comerciales-por-primera-vez\/#organizationLogo"},"image":{"@id":"https:\/\/eldigitaldeasturias.com\/magazine365\/un-dron-comparte-espacio-aereo-con-aviones-comerciales-por-primera-vez\/#organizationLogo"}},{"@type":"Person","@id":"https:\/\/eldigitaldeasturias.com\/magazine365\/author\/admin\/#author","url":"https:\/\/eldigitaldeasturias.com\/magazine365\/author\/admin\/","name":"admin","image":{"@type":"ImageObject","@id":"https:\/\/eldigitaldeasturias.com\/magazine365\/un-dron-comparte-espacio-aereo-con-aviones-comerciales-por-primera-vez\/#authorImage","url":"https:\/\/eldigitaldeasturias.com\/magazine365\/wp-content\/litespeed\/avatar\/e571bcf59a0edd6fa6838245a470f2fe.jpg?ver=1777574230","width":96,"height":96,"caption":"admin"}},{"@type":"WebPage","@id":"https:\/\/eldigitaldeasturias.com\/magazine365\/un-dron-comparte-espacio-aereo-con-aviones-comerciales-por-primera-vez\/#webpage","url":"https:\/\/eldigitaldeasturias.com\/magazine365\/un-dron-comparte-espacio-aereo-con-aviones-comerciales-por-primera-vez\/","name":"Un \u2018dron\u2019 comparte espacio a\u00e9reo con aviones comerciales por primera vez | El Digital de Asturias","description":"Un veh\u00edculo a\u00e9reo no tripulado (dron) ha volado por primera vez en espacio a\u00e9reo no segregado, es decir, por donde tambi\u00e9n vuelan aviones comerciales. El hito es obra de la empresa brit\u00e1nica NATS y en \u00e9l ha participado Ram\u00f3n Raposo, ingeniero aeroespacial de 32 a\u00f1os afincado en Inglaterra y que actualmente est\u00e1 cursando el Executive","inLanguage":"es-ES","isPartOf":{"@id":"https:\/\/eldigitaldeasturias.com\/magazine365\/#website"},"breadcrumb":{"@id":"https:\/\/eldigitaldeasturias.com\/magazine365\/un-dron-comparte-espacio-aereo-con-aviones-comerciales-por-primera-vez\/#breadcrumblist"},"author":{"@id":"https:\/\/eldigitaldeasturias.com\/magazine365\/author\/admin\/#author"},"creator":{"@id":"https:\/\/eldigitaldeasturias.com\/magazine365\/author\/admin\/#author"},"image":{"@type":"ImageObject","url":"https:\/\/eldigitaldeasturias.com\/magazine365\/wp-content\/uploads\/2016\/01\/fotonoticia_20160112141819_800.jpg","@id":"https:\/\/eldigitaldeasturias.com\/magazine365\/un-dron-comparte-espacio-aereo-con-aviones-comerciales-por-primera-vez\/#mainImage","width":800,"height":450},"primaryImageOfPage":{"@id":"https:\/\/eldigitaldeasturias.com\/magazine365\/un-dron-comparte-espacio-aereo-con-aviones-comerciales-por-primera-vez\/#mainImage"},"datePublished":"2016-01-13T00:35:57+01:00","dateModified":"2016-01-13T00:35:57+01:00"},{"@type":"WebSite","@id":"https:\/\/eldigitaldeasturias.com\/magazine365\/#website","url":"https:\/\/eldigitaldeasturias.com\/magazine365\/","name":"El Digital de Asturias","description":"Revista de ocio, turismo y estilo de vida","inLanguage":"es-ES","publisher":{"@id":"https:\/\/eldigitaldeasturias.com\/magazine365\/#organization"}}]},"og:locale":"es_ES","og:site_name":"El Digital de Asturias \u2013 Revista de ocio, turismo y estilo de vida","og:type":"article","og:title":"Un \u2018dron\u2019 comparte espacio a\u00e9reo con aviones comerciales por primera vez | El Digital de Asturias","og:description":"Un veh\u00edculo a\u00e9reo no tripulado (dron) ha volado por primera vez en espacio a\u00e9reo no segregado, es decir, por donde tambi\u00e9n vuelan aviones comerciales. El hito es obra de la empresa brit\u00e1nica NATS y en \u00e9l ha participado Ram\u00f3n Raposo, ingeniero aeroespacial de 32 a\u00f1os afincado en Inglaterra y que actualmente est\u00e1 cursando el Executive","og:url":"https:\/\/eldigitaldeasturias.com\/magazine365\/un-dron-comparte-espacio-aereo-con-aviones-comerciales-por-primera-vez\/","og:image":"https:\/\/eldigitaldeasturias.com\/magazine365\/wp-content\/uploads\/2016\/01\/fotonoticia_20160112141819_800.jpg","og:image:secure_url":"https:\/\/eldigitaldeasturias.com\/magazine365\/wp-content\/uploads\/2016\/01\/fotonoticia_20160112141819_800.jpg","og:image:width":800,"og:image:height":450,"article:published_time":"2016-01-12T23:35:57+00:00","article:modified_time":"2016-01-12T23:35:57+00:00","twitter:card":"summary_large_image","twitter:title":"Un \u2018dron\u2019 comparte espacio a\u00e9reo con aviones comerciales por primera vez | El Digital de Asturias","twitter:description":"Un veh\u00edculo a\u00e9reo no tripulado (dron) ha volado por primera vez en espacio a\u00e9reo no segregado, es decir, por donde tambi\u00e9n vuelan aviones comerciales. El hito es obra de la empresa brit\u00e1nica NATS y en \u00e9l ha participado Ram\u00f3n Raposo, ingeniero aeroespacial de 32 a\u00f1os afincado en Inglaterra y que actualmente est\u00e1 cursando el Executive","twitter:image":"https:\/\/eldigitaldeasturias.com\/magazine365\/wp-content\/uploads\/2016\/01\/fotonoticia_20160112141819_800.jpg"},"aioseo_meta_data":{"post_id":"60324","title":null,"description":null,"keywords":null,"keyphrases":null,"primary_term":null,"canonical_url":null,"og_title":null,"og_description":null,"og_object_type":"default","og_image_type":"default","og_image_url":null,"og_image_width":null,"og_image_height":null,"og_image_custom_url":null,"og_image_custom_fields":null,"og_video":null,"og_custom_url":null,"og_article_section":null,"og_article_tags":null,"twitter_use_og":false,"twitter_card":"default","twitter_image_type":"default","twitter_image_url":null,"twitter_image_custom_url":null,"twitter_image_custom_fields":null,"twitter_title":null,"twitter_description":null,"schema":{"blockGraphs":[],"customGraphs":[],"default":{"data":{"Article":[],"Course":[],"Dataset":[],"FAQPage":[],"Movie":[],"Person":[],"Product":[],"ProductReview":[],"Car":[],"Recipe":[],"Service":[],"SoftwareApplication":[],"WebPage":[]},"graphName":"","isEnabled":true},"graphs":[],"defaultGraph":"","defaultPostTypeGraph":""},"schema_type":null,"schema_type_options":null,"pillar_content":false,"robots_default":true,"robots_noindex":false,"robots_noarchive":false,"robots_nosnippet":false,"robots_nofollow":false,"robots_noimageindex":false,"robots_noodp":false,"robots_notranslate":false,"robots_max_snippet":null,"robots_max_videopreview":null,"robots_max_imagepreview":"large","priority":null,"frequency":null,"location":null,"local_seo":null,"seo_analyzer_scan_date":"2025-09-25 06:40:08","breadcrumb_settings":null,"limit_modified_date":false,"open_ai":null,"ai":null,"created":"2021-03-08 22:01:58","updated":"2025-09-25 06:40:08"},"aioseo_breadcrumb":"<div class=\"aioseo-breadcrumbs\"><span class=\"aioseo-breadcrumb\">\n\t<a href=\"https:\/\/eldigitaldeasturias.com\/magazine365\" title=\"Home\">Home<\/a>\n<\/span><span class=\"aioseo-breadcrumb-separator\">\u2013<\/span><span class=\"aioseo-breadcrumb\">\n\t<a href=\"https:\/\/eldigitaldeasturias.com\/magazine365\/category\/noticias-actualidad\/\" title=\"Noticias y Actualidad\">Noticias y Actualidad<\/a>\n<\/span><span class=\"aioseo-breadcrumb-separator\">\u2013<\/span><span class=\"aioseo-breadcrumb\">\n\t<a href=\"https:\/\/eldigitaldeasturias.com\/magazine365\/un-dron-comparte-espacio-aereo-con-aviones-comerciales-por-primera-vez\/\" title=\"Un \u2018dron\u2019 comparte espacio a\u00e9reo con aviones comerciales por primera vez\">Un \u2018dron\u2019 comparte espacio a\u00e9reo con aviones comerciales por primera vez<\/a>\n<\/span><\/div>","aioseo_breadcrumb_json":[{"label":"Home","link":"https:\/\/eldigitaldeasturias.com\/magazine365"},{"label":"Noticias y Actualidad","link":"https:\/\/eldigitaldeasturias.com\/magazine365\/category\/noticias-actualidad\/"},{"label":"Un &#8216;dron&#8217; comparte espacio a\u00e9reo con aviones comerciales por primera vez","link":"https:\/\/eldigitaldeasturias.com\/magazine365\/un-dron-comparte-espacio-aereo-con-aviones-comerciales-por-primera-vez\/"}],"_links":{"self":[{"href":"https:\/\/eldigitaldeasturias.com\/magazine365\/wp-json\/wp\/v2\/posts\/60324","targetHints":{"allow":["GET"]}}],"collection":[{"href":"https:\/\/eldigitaldeasturias.com\/magazine365\/wp-json\/wp\/v2\/posts"}],"about":[{"href":"https:\/\/eldigitaldeasturias.com\/magazine365\/wp-json\/wp\/v2\/types\/post"}],"author":[{"embeddable":true,"href":"https:\/\/eldigitaldeasturias.com\/magazine365\/wp-json\/wp\/v2\/users\/1"}],"replies":[{"embeddable":true,"href":"https:\/\/eldigitaldeasturias.com\/magazine365\/wp-json\/wp\/v2\/comments?post=60324"}],"version-history":[{"count":0,"href":"https:\/\/eldigitaldeasturias.com\/magazine365\/wp-json\/wp\/v2\/posts\/60324\/revisions"}],"wp:featuredmedia":[{"embeddable":true,"href":"https:\/\/eldigitaldeasturias.com\/magazine365\/wp-json\/wp\/v2\/media\/60325"}],"wp:attachment":[{"href":"https:\/\/eldigitaldeasturias.com\/magazine365\/wp-json\/wp\/v2\/media?parent=60324"}],"wp:term":[{"taxonomy":"category","embeddable":true,"href":"https:\/\/eldigitaldeasturias.com\/magazine365\/wp-json\/wp\/v2\/categories?post=60324"},{"taxonomy":"post_tag","embeddable":true,"href":"https:\/\/eldigitaldeasturias.com\/magazine365\/wp-json\/wp\/v2\/tags?post=60324"}],"curies":[{"name":"wp","href":"https:\/\/api.w.org\/{rel}","templated":true}]}}