{"id":60316,"date":"2016-01-13T00:33:14","date_gmt":"2016-01-12T23:33:14","guid":{"rendered":"http:\/\/eldigitaldeasturias.com\/magazine365\/?p=60316"},"modified":"2016-01-13T00:33:14","modified_gmt":"2016-01-12T23:33:14","slug":"el-tribunal-superior-de-justicia-de-murcia-ordena-la-paralizacion-del-plan-especial-paramount","status":"publish","type":"post","link":"https:\/\/eldigitaldeasturias.com\/magazine365\/el-tribunal-superior-de-justicia-de-murcia-ordena-la-paralizacion-del-plan-especial-paramount\/","title":{"rendered":"El Tribunal Superior de Justicia de Murcia ordena la paralizaci\u00f3n del Plan Especial Paramount"},"content":{"rendered":"<p><img fetchpriority=\"high\" decoding=\"async\" class=\"alignleft size-medium wp-image-40082\" src=\"https:\/\/eldigitaldeasturias.com\/magazine365\/wp-content\/uploads\/2015\/06\/playa3-360x270.jpg\" alt=\"playa\" width=\"360\" height=\"270\" \/>La Sala primera del Tribunal Superior de Justicia de Murcia (TSJM) ha dictado una resoluci\u00f3n en la que se ordena la paralizaci\u00f3n cautelar del Plan Especial Paramount, promovido por Premursa Lifestyle, seg\u00fan ha informado Ecologistas en Acci\u00f3n.<\/p>\n<p>As\u00ed, Ecologistas celebra que el TSJM atienda as\u00ed a su petici\u00f3n de paralizaci\u00f3n cautelar del Plan Especial, solicitado dentro del procedimiento Contencioso-Administrativo que la organizaci\u00f3n inici\u00f3 en su d\u00eda contra la aprobaci\u00f3n definitiva del Plan Especial de Ordenaci\u00f3n del Complejo Tur\u00edstico-Recreativo &#8216;Parque Tem\u00e1tico Paramount&#8217; (Modificado), en base a que un 25% de su superficie invad\u00eda el Espacio Natural Protegido de &#8216;El Valle y Carrascoy&#8217;.<\/p>\n<p>La paralizaci\u00f3n cautelar se produce por el \u00abposible perjuicio al inter\u00e9s p\u00fablico o privado\u00bb que supondr\u00eda la realizaci\u00f3n del proyecto con la actual indefinici\u00f3n de los l\u00edmites exactos de los espacios protegidos implicados: El Espacio Natural Protegido (ENP) &#8216;Parque Regional de El Valle y Carrascoy&#8217; y El Lugar de Importancia Comunitaria (LIC) &#8216;Carrascoy-El Valle&#8217;.<\/p>\n<p>Ecologistas en Acci\u00f3n recuerda que precisamente por ello lleva a\u00f1os pidiendo la elaboraci\u00f3n y aprobaci\u00f3n definitiva de los Planes de Ordenaci\u00f3n de los Recursos Naturales (PORN) de todos los Espacios Naturales Protegidos de la Regi\u00f3n de Murcia.<\/p>\n<p>Tambi\u00e9n ha solicitado en multitud de ocasiones que se publiquen en el Bolet\u00edn Oficial de la Regi\u00f3n de Murcia los l\u00edmites establecidos para los espacios protegidos de la Red Natura 2000 (la \u00faltima, una queja a la UE en marzo del 2015), los denominados espacios LIC y ZEPA, y la aprobaci\u00f3n urgente de los Planes de Gesti\u00f3n de dichas \u00e1reas, cuyo retraso genera sanciones de la Uni\u00f3n Europea.<\/p>\n<p>Sin la delimitaci\u00f3n y ordenamiento adecuados, y sin la publicaci\u00f3n oficial de los mismos, \u00abse est\u00e1 generando una innecesaria y f\u00e1cilmente subsanable inseguridad jur\u00eddica en nuestro territorio\u00bb, que no s\u00f3lo pone en riesgo la integridad de los valiosos espacios protegidos de la Regi\u00f3n, \u00absino que crea una inseguridad jur\u00eddica inadmisible para los promotores, inversores y las administraciones local y regional\u00bb.<\/p>\n<p>Tal es as\u00ed que proyectos de esta envergadura se ven paralizados precisamente por la falta de diligencia de un Gobierno regional, que tras m\u00e1s de 20 a\u00f1os en el poder con mayor\u00edas absolutas ha sido \u00abincapaz\u00bb de aprobar los necesarios Planes de Ordenaci\u00f3n, Planes de Gesti\u00f3n y l\u00edmites claros y definitivos de los espacios protegidos.<\/p>\n<p>Por eso, Ecologistas en Acci\u00f3n insta al Ejecutivo murciano a que se ponga fecha a la elaboraci\u00f3n y aprobaci\u00f3n definitiva de todos los Planes y normas que regulan los espacios protegidos de la Regi\u00f3n de Murcia, \u00aby que se acabe as\u00ed con esta innecesaria inseguridad jur\u00eddica\u00bb, que \u00abpone en riesgo tanto la integridad de los valiosos espacios naturales como la legalidad de los proyectos e inversiones\u00bb.<\/p>\n","protected":false},"excerpt":{"rendered":"<p>La Sala primera del Tribunal Superior de Justicia de Murcia (TSJM) ha dictado una resoluci\u00f3n en la que se ordena la paralizaci\u00f3n cautelar del Plan Especial Paramount, promovido por Premursa Lifestyle, seg\u00fan ha informado Ecologistas en Acci\u00f3n. As\u00ed, Ecologistas celebra que el TSJM atienda as\u00ed a su petici\u00f3n de paralizaci\u00f3n cautelar del Plan Especial, solicitado<\/p>\n","protected":false},"author":1,"featured_media":54398,"comment_status":"open","ping_status":"closed","sticky":false,"template":"","format":"standard","meta":{"footnotes":""},"categories":[224],"tags":[],"class_list":{"0":"post-60316","1":"post","2":"type-post","3":"status-publish","4":"format-standard","5":"has-post-thumbnail","7":"category-noticias-actualidad"},"aioseo_notices":[],"aioseo_head":"\n\t\t<!-- All in One SEO Pro 4.9.6.1 - aioseo.com -->\n\t<meta name=\"description\" content=\"La Sala primera del Tribunal Superior de Justicia de Murcia (TSJM) ha dictado una resoluci\u00f3n en la que se ordena la paralizaci\u00f3n cautelar del Plan Especial Paramount, promovido por Premursa Lifestyle, seg\u00fan ha informado Ecologistas en Acci\u00f3n. As\u00ed, Ecologistas celebra que el TSJM atienda as\u00ed a su petici\u00f3n de paralizaci\u00f3n cautelar del Plan Especial, solicitado\" \/>\n\t<meta name=\"robots\" content=\"max-image-preview:large\" \/>\n\t<meta name=\"author\" content=\"admin\"\/>\n\t<meta name=\"google-site-verification\" content=\"UA-38556648-1\" \/>\n\t<meta name=\"keywords\" content=\"noticias y actualidad\" \/>\n\t<link rel=\"canonical\" href=\"https:\/\/eldigitaldeasturias.com\/magazine365\/el-tribunal-superior-de-justicia-de-murcia-ordena-la-paralizacion-del-plan-especial-paramount\/\" \/>\n\t<meta name=\"generator\" content=\"All in One SEO Pro (AIOSEO) 4.9.6.1\" \/>\n\t\t<meta property=\"og:locale\" content=\"es_ES\" \/>\n\t\t<meta property=\"og:site_name\" content=\"El Digital de Asturias \u2013 Revista de ocio, turismo y estilo de vida\" \/>\n\t\t<meta property=\"og:type\" content=\"article\" \/>\n\t\t<meta property=\"og:title\" content=\"El Tribunal Superior de Justicia de Murcia ordena la paralizaci\u00f3n del Plan Especial Paramount | El Digital de Asturias\" \/>\n\t\t<meta property=\"og:description\" content=\"La Sala primera del Tribunal Superior de Justicia de Murcia (TSJM) ha dictado una resoluci\u00f3n en la que se ordena la paralizaci\u00f3n cautelar del Plan Especial Paramount, promovido por Premursa Lifestyle, seg\u00fan ha informado Ecologistas en Acci\u00f3n. As\u00ed, Ecologistas celebra que el TSJM atienda as\u00ed a su petici\u00f3n de paralizaci\u00f3n cautelar del Plan Especial, solicitado\" \/>\n\t\t<meta property=\"og:url\" content=\"https:\/\/eldigitaldeasturias.com\/magazine365\/el-tribunal-superior-de-justicia-de-murcia-ordena-la-paralizacion-del-plan-especial-paramount\/\" \/>\n\t\t<meta property=\"og:image\" content=\"https:\/\/eldigitaldeasturias.com\/magazine365\/wp-content\/uploads\/2015\/11\/playa4-655x360.jpg\" \/>\n\t\t<meta property=\"og:image:secure_url\" content=\"https:\/\/eldigitaldeasturias.com\/magazine365\/wp-content\/uploads\/2015\/11\/playa4-655x360.jpg\" \/>\n\t\t<meta property=\"og:image:width\" content=\"655\" \/>\n\t\t<meta property=\"og:image:height\" content=\"360\" \/>\n\t\t<meta property=\"article:published_time\" content=\"2016-01-12T23:33:14+00:00\" \/>\n\t\t<meta property=\"article:modified_time\" content=\"2016-01-12T23:33:14+00:00\" \/>\n\t\t<meta name=\"twitter:card\" content=\"summary_large_image\" \/>\n\t\t<meta name=\"twitter:title\" content=\"El Tribunal Superior de Justicia de Murcia ordena la paralizaci\u00f3n del Plan Especial Paramount | El Digital de Asturias\" \/>\n\t\t<meta name=\"twitter:description\" content=\"La Sala primera del Tribunal Superior de Justicia de Murcia (TSJM) ha dictado una resoluci\u00f3n en la que se ordena la paralizaci\u00f3n cautelar del Plan Especial Paramount, promovido por Premursa Lifestyle, seg\u00fan ha informado Ecologistas en Acci\u00f3n. As\u00ed, Ecologistas celebra que el TSJM atienda as\u00ed a su petici\u00f3n de paralizaci\u00f3n cautelar del Plan Especial, solicitado\" \/>\n\t\t<meta name=\"twitter:image\" content=\"https:\/\/eldigitaldeasturias.com\/magazine365\/wp-content\/uploads\/2015\/11\/playa4-655x360.jpg\" \/>\n\t\t<script type=\"application\/ld+json\" class=\"aioseo-schema\">\n\t\t\t{\"@context\":\"https:\\\/\\\/schema.org\",\"@graph\":[{\"@type\":\"Article\",\"@id\":\"https:\\\/\\\/eldigitaldeasturias.com\\\/magazine365\\\/el-tribunal-superior-de-justicia-de-murcia-ordena-la-paralizacion-del-plan-especial-paramount\\\/#article\",\"name\":\"El Tribunal Superior de Justicia de Murcia ordena la paralizaci\\u00f3n del Plan Especial Paramount | El Digital de Asturias\",\"headline\":\"El Tribunal Superior de Justicia de Murcia ordena la paralizaci\\u00f3n del Plan Especial Paramount\",\"author\":{\"@id\":\"https:\\\/\\\/eldigitaldeasturias.com\\\/magazine365\\\/author\\\/admin\\\/#author\"},\"publisher\":{\"@id\":\"https:\\\/\\\/eldigitaldeasturias.com\\\/magazine365\\\/#organization\"},\"image\":{\"@type\":\"ImageObject\",\"url\":\"https:\\\/\\\/eldigitaldeasturias.com\\\/magazine365\\\/wp-content\\\/uploads\\\/2015\\\/11\\\/playa4-655x360.jpg\",\"width\":655,\"height\":360},\"datePublished\":\"2016-01-13T00:33:14+01:00\",\"dateModified\":\"2016-01-13T00:33:14+01:00\",\"inLanguage\":\"es-ES\",\"mainEntityOfPage\":{\"@id\":\"https:\\\/\\\/eldigitaldeasturias.com\\\/magazine365\\\/el-tribunal-superior-de-justicia-de-murcia-ordena-la-paralizacion-del-plan-especial-paramount\\\/#webpage\"},\"isPartOf\":{\"@id\":\"https:\\\/\\\/eldigitaldeasturias.com\\\/magazine365\\\/el-tribunal-superior-de-justicia-de-murcia-ordena-la-paralizacion-del-plan-especial-paramount\\\/#webpage\"},\"articleSection\":\"Noticias y Actualidad\"},{\"@type\":\"BreadcrumbList\",\"@id\":\"https:\\\/\\\/eldigitaldeasturias.com\\\/magazine365\\\/el-tribunal-superior-de-justicia-de-murcia-ordena-la-paralizacion-del-plan-especial-paramount\\\/#breadcrumblist\",\"itemListElement\":[{\"@type\":\"ListItem\",\"@id\":\"https:\\\/\\\/eldigitaldeasturias.com\\\/magazine365#listItem\",\"position\":1,\"name\":\"Home\",\"item\":\"https:\\\/\\\/eldigitaldeasturias.com\\\/magazine365\",\"nextItem\":{\"@type\":\"ListItem\",\"@id\":\"https:\\\/\\\/eldigitaldeasturias.com\\\/magazine365\\\/category\\\/noticias-actualidad\\\/#listItem\",\"name\":\"Noticias y Actualidad\"}},{\"@type\":\"ListItem\",\"@id\":\"https:\\\/\\\/eldigitaldeasturias.com\\\/magazine365\\\/category\\\/noticias-actualidad\\\/#listItem\",\"position\":2,\"name\":\"Noticias y Actualidad\",\"item\":\"https:\\\/\\\/eldigitaldeasturias.com\\\/magazine365\\\/category\\\/noticias-actualidad\\\/\",\"nextItem\":{\"@type\":\"ListItem\",\"@id\":\"https:\\\/\\\/eldigitaldeasturias.com\\\/magazine365\\\/el-tribunal-superior-de-justicia-de-murcia-ordena-la-paralizacion-del-plan-especial-paramount\\\/#listItem\",\"name\":\"El Tribunal Superior de Justicia de Murcia ordena la paralizaci\\u00f3n del Plan Especial Paramount\"},\"previousItem\":{\"@type\":\"ListItem\",\"@id\":\"https:\\\/\\\/eldigitaldeasturias.com\\\/magazine365#listItem\",\"name\":\"Home\"}},{\"@type\":\"ListItem\",\"@id\":\"https:\\\/\\\/eldigitaldeasturias.com\\\/magazine365\\\/el-tribunal-superior-de-justicia-de-murcia-ordena-la-paralizacion-del-plan-especial-paramount\\\/#listItem\",\"position\":3,\"name\":\"El Tribunal Superior de Justicia de Murcia ordena la paralizaci\\u00f3n del Plan Especial Paramount\",\"previousItem\":{\"@type\":\"ListItem\",\"@id\":\"https:\\\/\\\/eldigitaldeasturias.com\\\/magazine365\\\/category\\\/noticias-actualidad\\\/#listItem\",\"name\":\"Noticias y Actualidad\"}}]},{\"@type\":\"Organization\",\"@id\":\"https:\\\/\\\/eldigitaldeasturias.com\\\/magazine365\\\/#organization\",\"name\":\"El digital de Asturias\",\"description\":\"Revista de ocio, turismo y estilo de vida\",\"url\":\"https:\\\/\\\/eldigitaldeasturias.com\\\/magazine365\\\/\",\"logo\":{\"@type\":\"ImageObject\",\"url\":\"https:\\\/\\\/www.eldigitaldeasturias.com\\\/noticias\\\/wp-content\\\/uploads\\\/2020\\\/12\\\/EDA.jpg\",\"@id\":\"https:\\\/\\\/eldigitaldeasturias.com\\\/magazine365\\\/el-tribunal-superior-de-justicia-de-murcia-ordena-la-paralizacion-del-plan-especial-paramount\\\/#organizationLogo\"},\"image\":{\"@id\":\"https:\\\/\\\/eldigitaldeasturias.com\\\/magazine365\\\/el-tribunal-superior-de-justicia-de-murcia-ordena-la-paralizacion-del-plan-especial-paramount\\\/#organizationLogo\"}},{\"@type\":\"Person\",\"@id\":\"https:\\\/\\\/eldigitaldeasturias.com\\\/magazine365\\\/author\\\/admin\\\/#author\",\"url\":\"https:\\\/\\\/eldigitaldeasturias.com\\\/magazine365\\\/author\\\/admin\\\/\",\"name\":\"admin\",\"image\":{\"@type\":\"ImageObject\",\"@id\":\"https:\\\/\\\/eldigitaldeasturias.com\\\/magazine365\\\/el-tribunal-superior-de-justicia-de-murcia-ordena-la-paralizacion-del-plan-especial-paramount\\\/#authorImage\",\"url\":\"https:\\\/\\\/eldigitaldeasturias.com\\\/magazine365\\\/wp-content\\\/litespeed\\\/avatar\\\/e571bcf59a0edd6fa6838245a470f2fe.jpg?ver=1777574230\",\"width\":96,\"height\":96,\"caption\":\"admin\"}},{\"@type\":\"WebPage\",\"@id\":\"https:\\\/\\\/eldigitaldeasturias.com\\\/magazine365\\\/el-tribunal-superior-de-justicia-de-murcia-ordena-la-paralizacion-del-plan-especial-paramount\\\/#webpage\",\"url\":\"https:\\\/\\\/eldigitaldeasturias.com\\\/magazine365\\\/el-tribunal-superior-de-justicia-de-murcia-ordena-la-paralizacion-del-plan-especial-paramount\\\/\",\"name\":\"El Tribunal Superior de Justicia de Murcia ordena la paralizaci\\u00f3n del Plan Especial Paramount | El Digital de Asturias\",\"description\":\"La Sala primera del Tribunal Superior de Justicia de Murcia (TSJM) ha dictado una resoluci\\u00f3n en la que se ordena la paralizaci\\u00f3n cautelar del Plan Especial Paramount, promovido por Premursa Lifestyle, seg\\u00fan ha informado Ecologistas en Acci\\u00f3n. As\\u00ed, Ecologistas celebra que el TSJM atienda as\\u00ed a su petici\\u00f3n de paralizaci\\u00f3n cautelar del Plan Especial, solicitado\",\"inLanguage\":\"es-ES\",\"isPartOf\":{\"@id\":\"https:\\\/\\\/eldigitaldeasturias.com\\\/magazine365\\\/#website\"},\"breadcrumb\":{\"@id\":\"https:\\\/\\\/eldigitaldeasturias.com\\\/magazine365\\\/el-tribunal-superior-de-justicia-de-murcia-ordena-la-paralizacion-del-plan-especial-paramount\\\/#breadcrumblist\"},\"author\":{\"@id\":\"https:\\\/\\\/eldigitaldeasturias.com\\\/magazine365\\\/author\\\/admin\\\/#author\"},\"creator\":{\"@id\":\"https:\\\/\\\/eldigitaldeasturias.com\\\/magazine365\\\/author\\\/admin\\\/#author\"},\"image\":{\"@type\":\"ImageObject\",\"url\":\"https:\\\/\\\/eldigitaldeasturias.com\\\/magazine365\\\/wp-content\\\/uploads\\\/2015\\\/11\\\/playa4-655x360.jpg\",\"@id\":\"https:\\\/\\\/eldigitaldeasturias.com\\\/magazine365\\\/el-tribunal-superior-de-justicia-de-murcia-ordena-la-paralizacion-del-plan-especial-paramount\\\/#mainImage\",\"width\":655,\"height\":360},\"primaryImageOfPage\":{\"@id\":\"https:\\\/\\\/eldigitaldeasturias.com\\\/magazine365\\\/el-tribunal-superior-de-justicia-de-murcia-ordena-la-paralizacion-del-plan-especial-paramount\\\/#mainImage\"},\"datePublished\":\"2016-01-13T00:33:14+01:00\",\"dateModified\":\"2016-01-13T00:33:14+01:00\"},{\"@type\":\"WebSite\",\"@id\":\"https:\\\/\\\/eldigitaldeasturias.com\\\/magazine365\\\/#website\",\"url\":\"https:\\\/\\\/eldigitaldeasturias.com\\\/magazine365\\\/\",\"name\":\"El Digital de Asturias\",\"description\":\"Revista de ocio, turismo y estilo de vida\",\"inLanguage\":\"es-ES\",\"publisher\":{\"@id\":\"https:\\\/\\\/eldigitaldeasturias.com\\\/magazine365\\\/#organization\"}}]}\n\t\t<\/script>\n\t\t<!-- All in One SEO Pro -->\r\n\t\t<title>El Tribunal Superior de Justicia de Murcia ordena la paralizaci\u00f3n del Plan Especial Paramount | El Digital de Asturias<\/title>\n\n","aioseo_head_json":{"title":"El Tribunal Superior de Justicia de Murcia ordena la paralizaci\u00f3n del Plan Especial Paramount | El Digital de Asturias","description":"La Sala primera del Tribunal Superior de Justicia de Murcia (TSJM) ha dictado una resoluci\u00f3n en la que se ordena la paralizaci\u00f3n cautelar del Plan Especial Paramount, promovido por Premursa Lifestyle, seg\u00fan ha informado Ecologistas en Acci\u00f3n. As\u00ed, Ecologistas celebra que el TSJM atienda as\u00ed a su petici\u00f3n de paralizaci\u00f3n cautelar del Plan Especial, solicitado","canonical_url":"https:\/\/eldigitaldeasturias.com\/magazine365\/el-tribunal-superior-de-justicia-de-murcia-ordena-la-paralizacion-del-plan-especial-paramount\/","robots":"max-image-preview:large","keywords":"noticias y actualidad","webmasterTools":{"google-site-verification":"UA-38556648-1","miscellaneous":""},"schema":{"@context":"https:\/\/schema.org","@graph":[{"@type":"Article","@id":"https:\/\/eldigitaldeasturias.com\/magazine365\/el-tribunal-superior-de-justicia-de-murcia-ordena-la-paralizacion-del-plan-especial-paramount\/#article","name":"El Tribunal Superior de Justicia de Murcia ordena la paralizaci\u00f3n del Plan Especial Paramount | El Digital de Asturias","headline":"El Tribunal Superior de Justicia de Murcia ordena la paralizaci\u00f3n del Plan Especial Paramount","author":{"@id":"https:\/\/eldigitaldeasturias.com\/magazine365\/author\/admin\/#author"},"publisher":{"@id":"https:\/\/eldigitaldeasturias.com\/magazine365\/#organization"},"image":{"@type":"ImageObject","url":"https:\/\/eldigitaldeasturias.com\/magazine365\/wp-content\/uploads\/2015\/11\/playa4-655x360.jpg","width":655,"height":360},"datePublished":"2016-01-13T00:33:14+01:00","dateModified":"2016-01-13T00:33:14+01:00","inLanguage":"es-ES","mainEntityOfPage":{"@id":"https:\/\/eldigitaldeasturias.com\/magazine365\/el-tribunal-superior-de-justicia-de-murcia-ordena-la-paralizacion-del-plan-especial-paramount\/#webpage"},"isPartOf":{"@id":"https:\/\/eldigitaldeasturias.com\/magazine365\/el-tribunal-superior-de-justicia-de-murcia-ordena-la-paralizacion-del-plan-especial-paramount\/#webpage"},"articleSection":"Noticias y Actualidad"},{"@type":"BreadcrumbList","@id":"https:\/\/eldigitaldeasturias.com\/magazine365\/el-tribunal-superior-de-justicia-de-murcia-ordena-la-paralizacion-del-plan-especial-paramount\/#breadcrumblist","itemListElement":[{"@type":"ListItem","@id":"https:\/\/eldigitaldeasturias.com\/magazine365#listItem","position":1,"name":"Home","item":"https:\/\/eldigitaldeasturias.com\/magazine365","nextItem":{"@type":"ListItem","@id":"https:\/\/eldigitaldeasturias.com\/magazine365\/category\/noticias-actualidad\/#listItem","name":"Noticias y Actualidad"}},{"@type":"ListItem","@id":"https:\/\/eldigitaldeasturias.com\/magazine365\/category\/noticias-actualidad\/#listItem","position":2,"name":"Noticias y Actualidad","item":"https:\/\/eldigitaldeasturias.com\/magazine365\/category\/noticias-actualidad\/","nextItem":{"@type":"ListItem","@id":"https:\/\/eldigitaldeasturias.com\/magazine365\/el-tribunal-superior-de-justicia-de-murcia-ordena-la-paralizacion-del-plan-especial-paramount\/#listItem","name":"El Tribunal Superior de Justicia de Murcia ordena la paralizaci\u00f3n del Plan Especial Paramount"},"previousItem":{"@type":"ListItem","@id":"https:\/\/eldigitaldeasturias.com\/magazine365#listItem","name":"Home"}},{"@type":"ListItem","@id":"https:\/\/eldigitaldeasturias.com\/magazine365\/el-tribunal-superior-de-justicia-de-murcia-ordena-la-paralizacion-del-plan-especial-paramount\/#listItem","position":3,"name":"El Tribunal Superior de Justicia de Murcia ordena la paralizaci\u00f3n del Plan Especial Paramount","previousItem":{"@type":"ListItem","@id":"https:\/\/eldigitaldeasturias.com\/magazine365\/category\/noticias-actualidad\/#listItem","name":"Noticias y Actualidad"}}]},{"@type":"Organization","@id":"https:\/\/eldigitaldeasturias.com\/magazine365\/#organization","name":"El digital de Asturias","description":"Revista de ocio, turismo y estilo de vida","url":"https:\/\/eldigitaldeasturias.com\/magazine365\/","logo":{"@type":"ImageObject","url":"https:\/\/www.eldigitaldeasturias.com\/noticias\/wp-content\/uploads\/2020\/12\/EDA.jpg","@id":"https:\/\/eldigitaldeasturias.com\/magazine365\/el-tribunal-superior-de-justicia-de-murcia-ordena-la-paralizacion-del-plan-especial-paramount\/#organizationLogo"},"image":{"@id":"https:\/\/eldigitaldeasturias.com\/magazine365\/el-tribunal-superior-de-justicia-de-murcia-ordena-la-paralizacion-del-plan-especial-paramount\/#organizationLogo"}},{"@type":"Person","@id":"https:\/\/eldigitaldeasturias.com\/magazine365\/author\/admin\/#author","url":"https:\/\/eldigitaldeasturias.com\/magazine365\/author\/admin\/","name":"admin","image":{"@type":"ImageObject","@id":"https:\/\/eldigitaldeasturias.com\/magazine365\/el-tribunal-superior-de-justicia-de-murcia-ordena-la-paralizacion-del-plan-especial-paramount\/#authorImage","url":"https:\/\/eldigitaldeasturias.com\/magazine365\/wp-content\/litespeed\/avatar\/e571bcf59a0edd6fa6838245a470f2fe.jpg?ver=1777574230","width":96,"height":96,"caption":"admin"}},{"@type":"WebPage","@id":"https:\/\/eldigitaldeasturias.com\/magazine365\/el-tribunal-superior-de-justicia-de-murcia-ordena-la-paralizacion-del-plan-especial-paramount\/#webpage","url":"https:\/\/eldigitaldeasturias.com\/magazine365\/el-tribunal-superior-de-justicia-de-murcia-ordena-la-paralizacion-del-plan-especial-paramount\/","name":"El Tribunal Superior de Justicia de Murcia ordena la paralizaci\u00f3n del Plan Especial Paramount | El Digital de Asturias","description":"La Sala primera del Tribunal Superior de Justicia de Murcia (TSJM) ha dictado una resoluci\u00f3n en la que se ordena la paralizaci\u00f3n cautelar del Plan Especial Paramount, promovido por Premursa Lifestyle, seg\u00fan ha informado Ecologistas en Acci\u00f3n. As\u00ed, Ecologistas celebra que el TSJM atienda as\u00ed a su petici\u00f3n de paralizaci\u00f3n cautelar del Plan Especial, solicitado","inLanguage":"es-ES","isPartOf":{"@id":"https:\/\/eldigitaldeasturias.com\/magazine365\/#website"},"breadcrumb":{"@id":"https:\/\/eldigitaldeasturias.com\/magazine365\/el-tribunal-superior-de-justicia-de-murcia-ordena-la-paralizacion-del-plan-especial-paramount\/#breadcrumblist"},"author":{"@id":"https:\/\/eldigitaldeasturias.com\/magazine365\/author\/admin\/#author"},"creator":{"@id":"https:\/\/eldigitaldeasturias.com\/magazine365\/author\/admin\/#author"},"image":{"@type":"ImageObject","url":"https:\/\/eldigitaldeasturias.com\/magazine365\/wp-content\/uploads\/2015\/11\/playa4-655x360.jpg","@id":"https:\/\/eldigitaldeasturias.com\/magazine365\/el-tribunal-superior-de-justicia-de-murcia-ordena-la-paralizacion-del-plan-especial-paramount\/#mainImage","width":655,"height":360},"primaryImageOfPage":{"@id":"https:\/\/eldigitaldeasturias.com\/magazine365\/el-tribunal-superior-de-justicia-de-murcia-ordena-la-paralizacion-del-plan-especial-paramount\/#mainImage"},"datePublished":"2016-01-13T00:33:14+01:00","dateModified":"2016-01-13T00:33:14+01:00"},{"@type":"WebSite","@id":"https:\/\/eldigitaldeasturias.com\/magazine365\/#website","url":"https:\/\/eldigitaldeasturias.com\/magazine365\/","name":"El Digital de Asturias","description":"Revista de ocio, turismo y estilo de vida","inLanguage":"es-ES","publisher":{"@id":"https:\/\/eldigitaldeasturias.com\/magazine365\/#organization"}}]},"og:locale":"es_ES","og:site_name":"El Digital de Asturias \u2013 Revista de ocio, turismo y estilo de vida","og:type":"article","og:title":"El Tribunal Superior de Justicia de Murcia ordena la paralizaci\u00f3n del Plan Especial Paramount | El Digital de Asturias","og:description":"La Sala primera del Tribunal Superior de Justicia de Murcia (TSJM) ha dictado una resoluci\u00f3n en la que se ordena la paralizaci\u00f3n cautelar del Plan Especial Paramount, promovido por Premursa Lifestyle, seg\u00fan ha informado Ecologistas en Acci\u00f3n. As\u00ed, Ecologistas celebra que el TSJM atienda as\u00ed a su petici\u00f3n de paralizaci\u00f3n cautelar del Plan Especial, solicitado","og:url":"https:\/\/eldigitaldeasturias.com\/magazine365\/el-tribunal-superior-de-justicia-de-murcia-ordena-la-paralizacion-del-plan-especial-paramount\/","og:image":"https:\/\/eldigitaldeasturias.com\/magazine365\/wp-content\/uploads\/2015\/11\/playa4-655x360.jpg","og:image:secure_url":"https:\/\/eldigitaldeasturias.com\/magazine365\/wp-content\/uploads\/2015\/11\/playa4-655x360.jpg","og:image:width":655,"og:image:height":360,"article:published_time":"2016-01-12T23:33:14+00:00","article:modified_time":"2016-01-12T23:33:14+00:00","twitter:card":"summary_large_image","twitter:title":"El Tribunal Superior de Justicia de Murcia ordena la paralizaci\u00f3n del Plan Especial Paramount | El Digital de Asturias","twitter:description":"La Sala primera del Tribunal Superior de Justicia de Murcia (TSJM) ha dictado una resoluci\u00f3n en la que se ordena la paralizaci\u00f3n cautelar del Plan Especial Paramount, promovido por Premursa Lifestyle, seg\u00fan ha informado Ecologistas en Acci\u00f3n. As\u00ed, Ecologistas celebra que el TSJM atienda as\u00ed a su petici\u00f3n de paralizaci\u00f3n cautelar del Plan Especial, solicitado","twitter:image":"https:\/\/eldigitaldeasturias.com\/magazine365\/wp-content\/uploads\/2015\/11\/playa4-655x360.jpg"},"aioseo_meta_data":{"post_id":"60316","title":null,"description":null,"keywords":null,"keyphrases":null,"primary_term":null,"canonical_url":null,"og_title":null,"og_description":null,"og_object_type":"default","og_image_type":"default","og_image_url":null,"og_image_width":null,"og_image_height":null,"og_image_custom_url":null,"og_image_custom_fields":null,"og_video":null,"og_custom_url":null,"og_article_section":null,"og_article_tags":null,"twitter_use_og":false,"twitter_card":"default","twitter_image_type":"default","twitter_image_url":null,"twitter_image_custom_url":null,"twitter_image_custom_fields":null,"twitter_title":null,"twitter_description":null,"schema":{"blockGraphs":[],"customGraphs":[],"default":{"data":{"Article":[],"Course":[],"Dataset":[],"FAQPage":[],"Movie":[],"Person":[],"Product":[],"ProductReview":[],"Car":[],"Recipe":[],"Service":[],"SoftwareApplication":[],"WebPage":[]},"graphName":"","isEnabled":true},"graphs":[],"defaultGraph":"","defaultPostTypeGraph":""},"schema_type":null,"schema_type_options":null,"pillar_content":false,"robots_default":true,"robots_noindex":false,"robots_noarchive":false,"robots_nosnippet":false,"robots_nofollow":false,"robots_noimageindex":false,"robots_noodp":false,"robots_notranslate":false,"robots_max_snippet":null,"robots_max_videopreview":null,"robots_max_imagepreview":"large","priority":null,"frequency":null,"location":null,"local_seo":null,"seo_analyzer_scan_date":"2025-09-25 06:40:01","breadcrumb_settings":null,"limit_modified_date":false,"open_ai":null,"ai":null,"created":"2021-03-08 22:01:58","updated":"2025-09-25 06:40:01"},"aioseo_breadcrumb":"<div class=\"aioseo-breadcrumbs\"><span class=\"aioseo-breadcrumb\">\n\t<a href=\"https:\/\/eldigitaldeasturias.com\/magazine365\" title=\"Home\">Home<\/a>\n<\/span><span class=\"aioseo-breadcrumb-separator\">\u2013<\/span><span class=\"aioseo-breadcrumb\">\n\t<a href=\"https:\/\/eldigitaldeasturias.com\/magazine365\/category\/noticias-actualidad\/\" title=\"Noticias y Actualidad\">Noticias y Actualidad<\/a>\n<\/span><span class=\"aioseo-breadcrumb-separator\">\u2013<\/span><span class=\"aioseo-breadcrumb\">\n\t<a href=\"https:\/\/eldigitaldeasturias.com\/magazine365\/el-tribunal-superior-de-justicia-de-murcia-ordena-la-paralizacion-del-plan-especial-paramount\/\" title=\"El Tribunal Superior de Justicia de Murcia ordena la paralizaci\u00f3n del Plan Especial Paramount\">El Tribunal Superior de Justicia de Murcia ordena la paralizaci\u00f3n del Plan Especial Paramount<\/a>\n<\/span><\/div>","aioseo_breadcrumb_json":[{"label":"Home","link":"https:\/\/eldigitaldeasturias.com\/magazine365"},{"label":"Noticias y Actualidad","link":"https:\/\/eldigitaldeasturias.com\/magazine365\/category\/noticias-actualidad\/"},{"label":"El Tribunal Superior de Justicia de Murcia ordena la paralizaci\u00f3n del Plan Especial Paramount","link":"https:\/\/eldigitaldeasturias.com\/magazine365\/el-tribunal-superior-de-justicia-de-murcia-ordena-la-paralizacion-del-plan-especial-paramount\/"}],"_links":{"self":[{"href":"https:\/\/eldigitaldeasturias.com\/magazine365\/wp-json\/wp\/v2\/posts\/60316","targetHints":{"allow":["GET"]}}],"collection":[{"href":"https:\/\/eldigitaldeasturias.com\/magazine365\/wp-json\/wp\/v2\/posts"}],"about":[{"href":"https:\/\/eldigitaldeasturias.com\/magazine365\/wp-json\/wp\/v2\/types\/post"}],"author":[{"embeddable":true,"href":"https:\/\/eldigitaldeasturias.com\/magazine365\/wp-json\/wp\/v2\/users\/1"}],"replies":[{"embeddable":true,"href":"https:\/\/eldigitaldeasturias.com\/magazine365\/wp-json\/wp\/v2\/comments?post=60316"}],"version-history":[{"count":0,"href":"https:\/\/eldigitaldeasturias.com\/magazine365\/wp-json\/wp\/v2\/posts\/60316\/revisions"}],"wp:featuredmedia":[{"embeddable":true,"href":"https:\/\/eldigitaldeasturias.com\/magazine365\/wp-json\/wp\/v2\/media\/54398"}],"wp:attachment":[{"href":"https:\/\/eldigitaldeasturias.com\/magazine365\/wp-json\/wp\/v2\/media?parent=60316"}],"wp:term":[{"taxonomy":"category","embeddable":true,"href":"https:\/\/eldigitaldeasturias.com\/magazine365\/wp-json\/wp\/v2\/categories?post=60316"},{"taxonomy":"post_tag","embeddable":true,"href":"https:\/\/eldigitaldeasturias.com\/magazine365\/wp-json\/wp\/v2\/tags?post=60316"}],"curies":[{"name":"wp","href":"https:\/\/api.w.org\/{rel}","templated":true}]}}