{"id":60287,"date":"2016-01-13T00:21:32","date_gmt":"2016-01-12T23:21:32","guid":{"rendered":"http:\/\/eldigitaldeasturias.com\/magazine365\/?p=60287"},"modified":"2016-01-13T00:21:32","modified_gmt":"2016-01-12T23:21:32","slug":"exteriores-aconseja-extremar-la-prudencia-en-turquia-y-permanecer-atento-en-metro-y-zonas-turisticas","status":"publish","type":"post","link":"https:\/\/eldigitaldeasturias.com\/magazine365\/exteriores-aconseja-extremar-la-prudencia-en-turquia-y-permanecer-atento-en-metro-y-zonas-turisticas\/","title":{"rendered":"Exteriores aconseja extremar la prudencia en Turqu\u00eda y permanecer atento en metro y zonas tur\u00edsticas"},"content":{"rendered":"<p><img fetchpriority=\"high\" decoding=\"async\" class=\"alignleft size-medium wp-image-60288\" src=\"https:\/\/eldigitaldeasturias.com\/magazine365\/wp-content\/uploads\/2016\/01\/fotonoticia_20160112131255_800-360x264.jpg\" alt=\"fotonoticia_20160112131255_800\" width=\"360\" height=\"264\" srcset=\"https:\/\/eldigitaldeasturias.com\/magazine365\/wp-content\/uploads\/2016\/01\/fotonoticia_20160112131255_800-360x264.jpg 360w, https:\/\/eldigitaldeasturias.com\/magazine365\/wp-content\/uploads\/2016\/01\/fotonoticia_20160112131255_800-650x476.jpg 650w, https:\/\/eldigitaldeasturias.com\/magazine365\/wp-content\/uploads\/2016\/01\/fotonoticia_20160112131255_800-768x563.jpg 768w, https:\/\/eldigitaldeasturias.com\/magazine365\/wp-content\/uploads\/2016\/01\/fotonoticia_20160112131255_800-150x110.jpg 150w, https:\/\/eldigitaldeasturias.com\/magazine365\/wp-content\/uploads\/2016\/01\/fotonoticia_20160112131255_800-450x330.jpg 450w, https:\/\/eldigitaldeasturias.com\/magazine365\/wp-content\/uploads\/2016\/01\/fotonoticia_20160112131255_800-80x60.jpg 80w, https:\/\/eldigitaldeasturias.com\/magazine365\/wp-content\/uploads\/2016\/01\/fotonoticia_20160112131255_800-696x510.jpg 696w, https:\/\/eldigitaldeasturias.com\/magazine365\/wp-content\/uploads\/2016\/01\/fotonoticia_20160112131255_800-573x420.jpg 573w, https:\/\/eldigitaldeasturias.com\/magazine365\/wp-content\/uploads\/2016\/01\/fotonoticia_20160112131255_800-90x67.jpg 90w, https:\/\/eldigitaldeasturias.com\/magazine365\/wp-content\/uploads\/2016\/01\/fotonoticia_20160112131255_800.jpg 800w\" sizes=\"(max-width: 360px) 100vw, 360px\" \/>El Ministerio espa\u00f1ol de Asuntos Exteriores y de Cooperaci\u00f3n ha actualizado sus recomendaciones de viaje para Turqu\u00eda como consecuencia del atentado perpetrado este martes en la zona tur\u00edstica donde se erige la Bas\u00edlica de Santa Sof\u00eda.<\/p>\n<p>Pide \u00abencarecidamente\u00bb a los turistas espa\u00f1oles que se encuentren en Estambul que eviten esta zona, y que permanezcan \u00abatentos y vigilantes\u00bb en las zonas de mayor presencia tur\u00edstica como Taksim, Osmanbey, Haciosman, Yenikapi, en la red de transporte p\u00fablico y en el metro en particular.<\/p>\n<p>Para cualquier desplazamiento a Turqu\u00eda, Exteriores aconseja \u00abextremar la prudencia\u00bb y evitar todo tipo de manifestaciones o aglomeraciones ante el riesgo de atentado terrorista, as\u00ed como mantenerse informado sobre la evoluci\u00f3n de los acontecimientos a trav\u00e9s de los medios de comunicaci\u00f3n y del Twitter de la Embajada de Espa\u00f1a en Turqu\u00eda: @EmbEspTurquia.<\/p>\n<p>El Gobierno recuerda que el pasado 23 de diciembre se produjeron varias explosiones en el aeropuerto internacional Sabiha Gokcen de Estambul sobre las 2 de la ma\u00f1ana, un hecho que est\u00e1 siendo investigado por las autoridades.<\/p>\n<p>El ataque de este martes ha provocado al menos 10 muertos y 15 heridos, entre los que figuran tanto turcos como extranjeros. Varios medios locales han incluido en la lista de heridos a personas de nacionalidad alemana, noruega y peruana.<\/p>\n","protected":false},"excerpt":{"rendered":"<p>El Ministerio espa\u00f1ol de Asuntos Exteriores y de Cooperaci\u00f3n ha actualizado sus recomendaciones de viaje para Turqu\u00eda como consecuencia del atentado perpetrado este martes en la zona tur\u00edstica donde se erige la Bas\u00edlica de Santa Sof\u00eda. Pide \u00abencarecidamente\u00bb a los turistas espa\u00f1oles que se encuentren en Estambul que eviten esta zona, y que permanezcan \u00abatentos<\/p>\n","protected":false},"author":1,"featured_media":60288,"comment_status":"open","ping_status":"closed","sticky":false,"template":"","format":"standard","meta":{"footnotes":""},"categories":[224],"tags":[],"class_list":{"0":"post-60287","1":"post","2":"type-post","3":"status-publish","4":"format-standard","5":"has-post-thumbnail","7":"category-noticias-actualidad"},"aioseo_notices":[],"aioseo_head":"\n\t\t<!-- All in One SEO Pro 4.9.6.1 - aioseo.com -->\n\t<meta name=\"description\" content=\"El Ministerio espa\u00f1ol de Asuntos Exteriores y de Cooperaci\u00f3n ha actualizado sus recomendaciones de viaje para Turqu\u00eda como consecuencia del atentado perpetrado este martes en la zona tur\u00edstica donde se erige la Bas\u00edlica de Santa Sof\u00eda. Pide &quot;encarecidamente&quot; a los turistas espa\u00f1oles que se encuentren en Estambul que eviten esta zona, y que permanezcan &quot;atentos\" \/>\n\t<meta name=\"robots\" content=\"max-image-preview:large\" \/>\n\t<meta name=\"author\" content=\"admin\"\/>\n\t<meta name=\"google-site-verification\" content=\"UA-38556648-1\" \/>\n\t<meta name=\"keywords\" content=\"noticias y actualidad\" \/>\n\t<link rel=\"canonical\" href=\"https:\/\/eldigitaldeasturias.com\/magazine365\/exteriores-aconseja-extremar-la-prudencia-en-turquia-y-permanecer-atento-en-metro-y-zonas-turisticas\/\" \/>\n\t<meta name=\"generator\" content=\"All in One SEO Pro (AIOSEO) 4.9.6.1\" \/>\n\t\t<meta property=\"og:locale\" content=\"es_ES\" \/>\n\t\t<meta property=\"og:site_name\" content=\"El Digital de Asturias \u2013 Revista de ocio, turismo y estilo de vida\" \/>\n\t\t<meta property=\"og:type\" content=\"article\" \/>\n\t\t<meta property=\"og:title\" content=\"Exteriores aconseja extremar la prudencia en Turqu\u00eda y permanecer atento en metro y zonas tur\u00edsticas | El Digital de Asturias\" \/>\n\t\t<meta property=\"og:description\" content=\"El Ministerio espa\u00f1ol de Asuntos Exteriores y de Cooperaci\u00f3n ha actualizado sus recomendaciones de viaje para Turqu\u00eda como consecuencia del atentado perpetrado este martes en la zona tur\u00edstica donde se erige la Bas\u00edlica de Santa Sof\u00eda. Pide &quot;encarecidamente&quot; a los turistas espa\u00f1oles que se encuentren en Estambul que eviten esta zona, y que permanezcan &quot;atentos\" \/>\n\t\t<meta property=\"og:url\" content=\"https:\/\/eldigitaldeasturias.com\/magazine365\/exteriores-aconseja-extremar-la-prudencia-en-turquia-y-permanecer-atento-en-metro-y-zonas-turisticas\/\" \/>\n\t\t<meta property=\"og:image\" content=\"https:\/\/eldigitaldeasturias.com\/magazine365\/wp-content\/uploads\/2016\/01\/fotonoticia_20160112131255_800.jpg\" \/>\n\t\t<meta property=\"og:image:secure_url\" content=\"https:\/\/eldigitaldeasturias.com\/magazine365\/wp-content\/uploads\/2016\/01\/fotonoticia_20160112131255_800.jpg\" \/>\n\t\t<meta property=\"og:image:width\" content=\"800\" \/>\n\t\t<meta property=\"og:image:height\" content=\"586\" \/>\n\t\t<meta property=\"article:published_time\" content=\"2016-01-12T23:21:32+00:00\" \/>\n\t\t<meta property=\"article:modified_time\" content=\"2016-01-12T23:21:32+00:00\" \/>\n\t\t<meta name=\"twitter:card\" content=\"summary_large_image\" \/>\n\t\t<meta name=\"twitter:title\" content=\"Exteriores aconseja extremar la prudencia en Turqu\u00eda y permanecer atento en metro y zonas tur\u00edsticas | El Digital de Asturias\" \/>\n\t\t<meta name=\"twitter:description\" content=\"El Ministerio espa\u00f1ol de Asuntos Exteriores y de Cooperaci\u00f3n ha actualizado sus recomendaciones de viaje para Turqu\u00eda como consecuencia del atentado perpetrado este martes en la zona tur\u00edstica donde se erige la Bas\u00edlica de Santa Sof\u00eda. Pide &quot;encarecidamente&quot; a los turistas espa\u00f1oles que se encuentren en Estambul que eviten esta zona, y que permanezcan &quot;atentos\" \/>\n\t\t<meta name=\"twitter:image\" content=\"https:\/\/eldigitaldeasturias.com\/magazine365\/wp-content\/uploads\/2016\/01\/fotonoticia_20160112131255_800.jpg\" \/>\n\t\t<script type=\"application\/ld+json\" class=\"aioseo-schema\">\n\t\t\t{\"@context\":\"https:\\\/\\\/schema.org\",\"@graph\":[{\"@type\":\"Article\",\"@id\":\"https:\\\/\\\/eldigitaldeasturias.com\\\/magazine365\\\/exteriores-aconseja-extremar-la-prudencia-en-turquia-y-permanecer-atento-en-metro-y-zonas-turisticas\\\/#article\",\"name\":\"Exteriores aconseja extremar la prudencia en Turqu\\u00eda y permanecer atento en metro y zonas tur\\u00edsticas | El Digital de Asturias\",\"headline\":\"Exteriores aconseja extremar la prudencia en Turqu\\u00eda y permanecer atento en metro y zonas tur\\u00edsticas\",\"author\":{\"@id\":\"https:\\\/\\\/eldigitaldeasturias.com\\\/magazine365\\\/author\\\/admin\\\/#author\"},\"publisher\":{\"@id\":\"https:\\\/\\\/eldigitaldeasturias.com\\\/magazine365\\\/#organization\"},\"image\":{\"@type\":\"ImageObject\",\"url\":\"https:\\\/\\\/eldigitaldeasturias.com\\\/magazine365\\\/wp-content\\\/uploads\\\/2016\\\/01\\\/fotonoticia_20160112131255_800.jpg\",\"width\":800,\"height\":586},\"datePublished\":\"2016-01-13T00:21:32+01:00\",\"dateModified\":\"2016-01-13T00:21:32+01:00\",\"inLanguage\":\"es-ES\",\"mainEntityOfPage\":{\"@id\":\"https:\\\/\\\/eldigitaldeasturias.com\\\/magazine365\\\/exteriores-aconseja-extremar-la-prudencia-en-turquia-y-permanecer-atento-en-metro-y-zonas-turisticas\\\/#webpage\"},\"isPartOf\":{\"@id\":\"https:\\\/\\\/eldigitaldeasturias.com\\\/magazine365\\\/exteriores-aconseja-extremar-la-prudencia-en-turquia-y-permanecer-atento-en-metro-y-zonas-turisticas\\\/#webpage\"},\"articleSection\":\"Noticias y Actualidad\"},{\"@type\":\"BreadcrumbList\",\"@id\":\"https:\\\/\\\/eldigitaldeasturias.com\\\/magazine365\\\/exteriores-aconseja-extremar-la-prudencia-en-turquia-y-permanecer-atento-en-metro-y-zonas-turisticas\\\/#breadcrumblist\",\"itemListElement\":[{\"@type\":\"ListItem\",\"@id\":\"https:\\\/\\\/eldigitaldeasturias.com\\\/magazine365#listItem\",\"position\":1,\"name\":\"Home\",\"item\":\"https:\\\/\\\/eldigitaldeasturias.com\\\/magazine365\",\"nextItem\":{\"@type\":\"ListItem\",\"@id\":\"https:\\\/\\\/eldigitaldeasturias.com\\\/magazine365\\\/category\\\/noticias-actualidad\\\/#listItem\",\"name\":\"Noticias y Actualidad\"}},{\"@type\":\"ListItem\",\"@id\":\"https:\\\/\\\/eldigitaldeasturias.com\\\/magazine365\\\/category\\\/noticias-actualidad\\\/#listItem\",\"position\":2,\"name\":\"Noticias y Actualidad\",\"item\":\"https:\\\/\\\/eldigitaldeasturias.com\\\/magazine365\\\/category\\\/noticias-actualidad\\\/\",\"nextItem\":{\"@type\":\"ListItem\",\"@id\":\"https:\\\/\\\/eldigitaldeasturias.com\\\/magazine365\\\/exteriores-aconseja-extremar-la-prudencia-en-turquia-y-permanecer-atento-en-metro-y-zonas-turisticas\\\/#listItem\",\"name\":\"Exteriores aconseja extremar la prudencia en Turqu\\u00eda y permanecer atento en metro y zonas tur\\u00edsticas\"},\"previousItem\":{\"@type\":\"ListItem\",\"@id\":\"https:\\\/\\\/eldigitaldeasturias.com\\\/magazine365#listItem\",\"name\":\"Home\"}},{\"@type\":\"ListItem\",\"@id\":\"https:\\\/\\\/eldigitaldeasturias.com\\\/magazine365\\\/exteriores-aconseja-extremar-la-prudencia-en-turquia-y-permanecer-atento-en-metro-y-zonas-turisticas\\\/#listItem\",\"position\":3,\"name\":\"Exteriores aconseja extremar la prudencia en Turqu\\u00eda y permanecer atento en metro y zonas tur\\u00edsticas\",\"previousItem\":{\"@type\":\"ListItem\",\"@id\":\"https:\\\/\\\/eldigitaldeasturias.com\\\/magazine365\\\/category\\\/noticias-actualidad\\\/#listItem\",\"name\":\"Noticias y Actualidad\"}}]},{\"@type\":\"Organization\",\"@id\":\"https:\\\/\\\/eldigitaldeasturias.com\\\/magazine365\\\/#organization\",\"name\":\"El digital de Asturias\",\"description\":\"Revista de ocio, turismo y estilo de vida\",\"url\":\"https:\\\/\\\/eldigitaldeasturias.com\\\/magazine365\\\/\",\"logo\":{\"@type\":\"ImageObject\",\"url\":\"https:\\\/\\\/www.eldigitaldeasturias.com\\\/noticias\\\/wp-content\\\/uploads\\\/2020\\\/12\\\/EDA.jpg\",\"@id\":\"https:\\\/\\\/eldigitaldeasturias.com\\\/magazine365\\\/exteriores-aconseja-extremar-la-prudencia-en-turquia-y-permanecer-atento-en-metro-y-zonas-turisticas\\\/#organizationLogo\"},\"image\":{\"@id\":\"https:\\\/\\\/eldigitaldeasturias.com\\\/magazine365\\\/exteriores-aconseja-extremar-la-prudencia-en-turquia-y-permanecer-atento-en-metro-y-zonas-turisticas\\\/#organizationLogo\"}},{\"@type\":\"Person\",\"@id\":\"https:\\\/\\\/eldigitaldeasturias.com\\\/magazine365\\\/author\\\/admin\\\/#author\",\"url\":\"https:\\\/\\\/eldigitaldeasturias.com\\\/magazine365\\\/author\\\/admin\\\/\",\"name\":\"admin\",\"image\":{\"@type\":\"ImageObject\",\"@id\":\"https:\\\/\\\/eldigitaldeasturias.com\\\/magazine365\\\/exteriores-aconseja-extremar-la-prudencia-en-turquia-y-permanecer-atento-en-metro-y-zonas-turisticas\\\/#authorImage\",\"url\":\"https:\\\/\\\/eldigitaldeasturias.com\\\/magazine365\\\/wp-content\\\/litespeed\\\/avatar\\\/e571bcf59a0edd6fa6838245a470f2fe.jpg?ver=1777574230\",\"width\":96,\"height\":96,\"caption\":\"admin\"}},{\"@type\":\"WebPage\",\"@id\":\"https:\\\/\\\/eldigitaldeasturias.com\\\/magazine365\\\/exteriores-aconseja-extremar-la-prudencia-en-turquia-y-permanecer-atento-en-metro-y-zonas-turisticas\\\/#webpage\",\"url\":\"https:\\\/\\\/eldigitaldeasturias.com\\\/magazine365\\\/exteriores-aconseja-extremar-la-prudencia-en-turquia-y-permanecer-atento-en-metro-y-zonas-turisticas\\\/\",\"name\":\"Exteriores aconseja extremar la prudencia en Turqu\\u00eda y permanecer atento en metro y zonas tur\\u00edsticas | El Digital de Asturias\",\"description\":\"El Ministerio espa\\u00f1ol de Asuntos Exteriores y de Cooperaci\\u00f3n ha actualizado sus recomendaciones de viaje para Turqu\\u00eda como consecuencia del atentado perpetrado este martes en la zona tur\\u00edstica donde se erige la Bas\\u00edlica de Santa Sof\\u00eda. Pide \\\"encarecidamente\\\" a los turistas espa\\u00f1oles que se encuentren en Estambul que eviten esta zona, y que permanezcan \\\"atentos\",\"inLanguage\":\"es-ES\",\"isPartOf\":{\"@id\":\"https:\\\/\\\/eldigitaldeasturias.com\\\/magazine365\\\/#website\"},\"breadcrumb\":{\"@id\":\"https:\\\/\\\/eldigitaldeasturias.com\\\/magazine365\\\/exteriores-aconseja-extremar-la-prudencia-en-turquia-y-permanecer-atento-en-metro-y-zonas-turisticas\\\/#breadcrumblist\"},\"author\":{\"@id\":\"https:\\\/\\\/eldigitaldeasturias.com\\\/magazine365\\\/author\\\/admin\\\/#author\"},\"creator\":{\"@id\":\"https:\\\/\\\/eldigitaldeasturias.com\\\/magazine365\\\/author\\\/admin\\\/#author\"},\"image\":{\"@type\":\"ImageObject\",\"url\":\"https:\\\/\\\/eldigitaldeasturias.com\\\/magazine365\\\/wp-content\\\/uploads\\\/2016\\\/01\\\/fotonoticia_20160112131255_800.jpg\",\"@id\":\"https:\\\/\\\/eldigitaldeasturias.com\\\/magazine365\\\/exteriores-aconseja-extremar-la-prudencia-en-turquia-y-permanecer-atento-en-metro-y-zonas-turisticas\\\/#mainImage\",\"width\":800,\"height\":586},\"primaryImageOfPage\":{\"@id\":\"https:\\\/\\\/eldigitaldeasturias.com\\\/magazine365\\\/exteriores-aconseja-extremar-la-prudencia-en-turquia-y-permanecer-atento-en-metro-y-zonas-turisticas\\\/#mainImage\"},\"datePublished\":\"2016-01-13T00:21:32+01:00\",\"dateModified\":\"2016-01-13T00:21:32+01:00\"},{\"@type\":\"WebSite\",\"@id\":\"https:\\\/\\\/eldigitaldeasturias.com\\\/magazine365\\\/#website\",\"url\":\"https:\\\/\\\/eldigitaldeasturias.com\\\/magazine365\\\/\",\"name\":\"El Digital de Asturias\",\"description\":\"Revista de ocio, turismo y estilo de vida\",\"inLanguage\":\"es-ES\",\"publisher\":{\"@id\":\"https:\\\/\\\/eldigitaldeasturias.com\\\/magazine365\\\/#organization\"}}]}\n\t\t<\/script>\n\t\t<!-- All in One SEO Pro -->\r\n\t\t<title>Exteriores aconseja extremar la prudencia en Turqu\u00eda y permanecer atento en metro y zonas tur\u00edsticas | El Digital de Asturias<\/title>\n\n","aioseo_head_json":{"title":"Exteriores aconseja extremar la prudencia en Turqu\u00eda y permanecer atento en metro y zonas tur\u00edsticas | El Digital de Asturias","description":"El Ministerio espa\u00f1ol de Asuntos Exteriores y de Cooperaci\u00f3n ha actualizado sus recomendaciones de viaje para Turqu\u00eda como consecuencia del atentado perpetrado este martes en la zona tur\u00edstica donde se erige la Bas\u00edlica de Santa Sof\u00eda. Pide \"encarecidamente\" a los turistas espa\u00f1oles que se encuentren en Estambul que eviten esta zona, y que permanezcan \"atentos","canonical_url":"https:\/\/eldigitaldeasturias.com\/magazine365\/exteriores-aconseja-extremar-la-prudencia-en-turquia-y-permanecer-atento-en-metro-y-zonas-turisticas\/","robots":"max-image-preview:large","keywords":"noticias y actualidad","webmasterTools":{"google-site-verification":"UA-38556648-1","miscellaneous":""},"schema":{"@context":"https:\/\/schema.org","@graph":[{"@type":"Article","@id":"https:\/\/eldigitaldeasturias.com\/magazine365\/exteriores-aconseja-extremar-la-prudencia-en-turquia-y-permanecer-atento-en-metro-y-zonas-turisticas\/#article","name":"Exteriores aconseja extremar la prudencia en Turqu\u00eda y permanecer atento en metro y zonas tur\u00edsticas | El Digital de Asturias","headline":"Exteriores aconseja extremar la prudencia en Turqu\u00eda y permanecer atento en metro y zonas tur\u00edsticas","author":{"@id":"https:\/\/eldigitaldeasturias.com\/magazine365\/author\/admin\/#author"},"publisher":{"@id":"https:\/\/eldigitaldeasturias.com\/magazine365\/#organization"},"image":{"@type":"ImageObject","url":"https:\/\/eldigitaldeasturias.com\/magazine365\/wp-content\/uploads\/2016\/01\/fotonoticia_20160112131255_800.jpg","width":800,"height":586},"datePublished":"2016-01-13T00:21:32+01:00","dateModified":"2016-01-13T00:21:32+01:00","inLanguage":"es-ES","mainEntityOfPage":{"@id":"https:\/\/eldigitaldeasturias.com\/magazine365\/exteriores-aconseja-extremar-la-prudencia-en-turquia-y-permanecer-atento-en-metro-y-zonas-turisticas\/#webpage"},"isPartOf":{"@id":"https:\/\/eldigitaldeasturias.com\/magazine365\/exteriores-aconseja-extremar-la-prudencia-en-turquia-y-permanecer-atento-en-metro-y-zonas-turisticas\/#webpage"},"articleSection":"Noticias y Actualidad"},{"@type":"BreadcrumbList","@id":"https:\/\/eldigitaldeasturias.com\/magazine365\/exteriores-aconseja-extremar-la-prudencia-en-turquia-y-permanecer-atento-en-metro-y-zonas-turisticas\/#breadcrumblist","itemListElement":[{"@type":"ListItem","@id":"https:\/\/eldigitaldeasturias.com\/magazine365#listItem","position":1,"name":"Home","item":"https:\/\/eldigitaldeasturias.com\/magazine365","nextItem":{"@type":"ListItem","@id":"https:\/\/eldigitaldeasturias.com\/magazine365\/category\/noticias-actualidad\/#listItem","name":"Noticias y Actualidad"}},{"@type":"ListItem","@id":"https:\/\/eldigitaldeasturias.com\/magazine365\/category\/noticias-actualidad\/#listItem","position":2,"name":"Noticias y Actualidad","item":"https:\/\/eldigitaldeasturias.com\/magazine365\/category\/noticias-actualidad\/","nextItem":{"@type":"ListItem","@id":"https:\/\/eldigitaldeasturias.com\/magazine365\/exteriores-aconseja-extremar-la-prudencia-en-turquia-y-permanecer-atento-en-metro-y-zonas-turisticas\/#listItem","name":"Exteriores aconseja extremar la prudencia en Turqu\u00eda y permanecer atento en metro y zonas tur\u00edsticas"},"previousItem":{"@type":"ListItem","@id":"https:\/\/eldigitaldeasturias.com\/magazine365#listItem","name":"Home"}},{"@type":"ListItem","@id":"https:\/\/eldigitaldeasturias.com\/magazine365\/exteriores-aconseja-extremar-la-prudencia-en-turquia-y-permanecer-atento-en-metro-y-zonas-turisticas\/#listItem","position":3,"name":"Exteriores aconseja extremar la prudencia en Turqu\u00eda y permanecer atento en metro y zonas tur\u00edsticas","previousItem":{"@type":"ListItem","@id":"https:\/\/eldigitaldeasturias.com\/magazine365\/category\/noticias-actualidad\/#listItem","name":"Noticias y Actualidad"}}]},{"@type":"Organization","@id":"https:\/\/eldigitaldeasturias.com\/magazine365\/#organization","name":"El digital de Asturias","description":"Revista de ocio, turismo y estilo de vida","url":"https:\/\/eldigitaldeasturias.com\/magazine365\/","logo":{"@type":"ImageObject","url":"https:\/\/www.eldigitaldeasturias.com\/noticias\/wp-content\/uploads\/2020\/12\/EDA.jpg","@id":"https:\/\/eldigitaldeasturias.com\/magazine365\/exteriores-aconseja-extremar-la-prudencia-en-turquia-y-permanecer-atento-en-metro-y-zonas-turisticas\/#organizationLogo"},"image":{"@id":"https:\/\/eldigitaldeasturias.com\/magazine365\/exteriores-aconseja-extremar-la-prudencia-en-turquia-y-permanecer-atento-en-metro-y-zonas-turisticas\/#organizationLogo"}},{"@type":"Person","@id":"https:\/\/eldigitaldeasturias.com\/magazine365\/author\/admin\/#author","url":"https:\/\/eldigitaldeasturias.com\/magazine365\/author\/admin\/","name":"admin","image":{"@type":"ImageObject","@id":"https:\/\/eldigitaldeasturias.com\/magazine365\/exteriores-aconseja-extremar-la-prudencia-en-turquia-y-permanecer-atento-en-metro-y-zonas-turisticas\/#authorImage","url":"https:\/\/eldigitaldeasturias.com\/magazine365\/wp-content\/litespeed\/avatar\/e571bcf59a0edd6fa6838245a470f2fe.jpg?ver=1777574230","width":96,"height":96,"caption":"admin"}},{"@type":"WebPage","@id":"https:\/\/eldigitaldeasturias.com\/magazine365\/exteriores-aconseja-extremar-la-prudencia-en-turquia-y-permanecer-atento-en-metro-y-zonas-turisticas\/#webpage","url":"https:\/\/eldigitaldeasturias.com\/magazine365\/exteriores-aconseja-extremar-la-prudencia-en-turquia-y-permanecer-atento-en-metro-y-zonas-turisticas\/","name":"Exteriores aconseja extremar la prudencia en Turqu\u00eda y permanecer atento en metro y zonas tur\u00edsticas | El Digital de Asturias","description":"El Ministerio espa\u00f1ol de Asuntos Exteriores y de Cooperaci\u00f3n ha actualizado sus recomendaciones de viaje para Turqu\u00eda como consecuencia del atentado perpetrado este martes en la zona tur\u00edstica donde se erige la Bas\u00edlica de Santa Sof\u00eda. Pide \"encarecidamente\" a los turistas espa\u00f1oles que se encuentren en Estambul que eviten esta zona, y que permanezcan \"atentos","inLanguage":"es-ES","isPartOf":{"@id":"https:\/\/eldigitaldeasturias.com\/magazine365\/#website"},"breadcrumb":{"@id":"https:\/\/eldigitaldeasturias.com\/magazine365\/exteriores-aconseja-extremar-la-prudencia-en-turquia-y-permanecer-atento-en-metro-y-zonas-turisticas\/#breadcrumblist"},"author":{"@id":"https:\/\/eldigitaldeasturias.com\/magazine365\/author\/admin\/#author"},"creator":{"@id":"https:\/\/eldigitaldeasturias.com\/magazine365\/author\/admin\/#author"},"image":{"@type":"ImageObject","url":"https:\/\/eldigitaldeasturias.com\/magazine365\/wp-content\/uploads\/2016\/01\/fotonoticia_20160112131255_800.jpg","@id":"https:\/\/eldigitaldeasturias.com\/magazine365\/exteriores-aconseja-extremar-la-prudencia-en-turquia-y-permanecer-atento-en-metro-y-zonas-turisticas\/#mainImage","width":800,"height":586},"primaryImageOfPage":{"@id":"https:\/\/eldigitaldeasturias.com\/magazine365\/exteriores-aconseja-extremar-la-prudencia-en-turquia-y-permanecer-atento-en-metro-y-zonas-turisticas\/#mainImage"},"datePublished":"2016-01-13T00:21:32+01:00","dateModified":"2016-01-13T00:21:32+01:00"},{"@type":"WebSite","@id":"https:\/\/eldigitaldeasturias.com\/magazine365\/#website","url":"https:\/\/eldigitaldeasturias.com\/magazine365\/","name":"El Digital de Asturias","description":"Revista de ocio, turismo y estilo de vida","inLanguage":"es-ES","publisher":{"@id":"https:\/\/eldigitaldeasturias.com\/magazine365\/#organization"}}]},"og:locale":"es_ES","og:site_name":"El Digital de Asturias \u2013 Revista de ocio, turismo y estilo de vida","og:type":"article","og:title":"Exteriores aconseja extremar la prudencia en Turqu\u00eda y permanecer atento en metro y zonas tur\u00edsticas | El Digital de Asturias","og:description":"El Ministerio espa\u00f1ol de Asuntos Exteriores y de Cooperaci\u00f3n ha actualizado sus recomendaciones de viaje para Turqu\u00eda como consecuencia del atentado perpetrado este martes en la zona tur\u00edstica donde se erige la Bas\u00edlica de Santa Sof\u00eda. Pide &quot;encarecidamente&quot; a los turistas espa\u00f1oles que se encuentren en Estambul que eviten esta zona, y que permanezcan &quot;atentos","og:url":"https:\/\/eldigitaldeasturias.com\/magazine365\/exteriores-aconseja-extremar-la-prudencia-en-turquia-y-permanecer-atento-en-metro-y-zonas-turisticas\/","og:image":"https:\/\/eldigitaldeasturias.com\/magazine365\/wp-content\/uploads\/2016\/01\/fotonoticia_20160112131255_800.jpg","og:image:secure_url":"https:\/\/eldigitaldeasturias.com\/magazine365\/wp-content\/uploads\/2016\/01\/fotonoticia_20160112131255_800.jpg","og:image:width":800,"og:image:height":586,"article:published_time":"2016-01-12T23:21:32+00:00","article:modified_time":"2016-01-12T23:21:32+00:00","twitter:card":"summary_large_image","twitter:title":"Exteriores aconseja extremar la prudencia en Turqu\u00eda y permanecer atento en metro y zonas tur\u00edsticas | El Digital de Asturias","twitter:description":"El Ministerio espa\u00f1ol de Asuntos Exteriores y de Cooperaci\u00f3n ha actualizado sus recomendaciones de viaje para Turqu\u00eda como consecuencia del atentado perpetrado este martes en la zona tur\u00edstica donde se erige la Bas\u00edlica de Santa Sof\u00eda. Pide &quot;encarecidamente&quot; a los turistas espa\u00f1oles que se encuentren en Estambul que eviten esta zona, y que permanezcan &quot;atentos","twitter:image":"https:\/\/eldigitaldeasturias.com\/magazine365\/wp-content\/uploads\/2016\/01\/fotonoticia_20160112131255_800.jpg"},"aioseo_meta_data":{"post_id":"60287","title":null,"description":null,"keywords":null,"keyphrases":null,"primary_term":null,"canonical_url":null,"og_title":null,"og_description":null,"og_object_type":"default","og_image_type":"default","og_image_url":null,"og_image_width":null,"og_image_height":null,"og_image_custom_url":null,"og_image_custom_fields":null,"og_video":null,"og_custom_url":null,"og_article_section":null,"og_article_tags":null,"twitter_use_og":false,"twitter_card":"default","twitter_image_type":"default","twitter_image_url":null,"twitter_image_custom_url":null,"twitter_image_custom_fields":null,"twitter_title":null,"twitter_description":null,"schema":{"blockGraphs":[],"customGraphs":[],"default":{"data":{"Article":[],"Course":[],"Dataset":[],"FAQPage":[],"Movie":[],"Person":[],"Product":[],"ProductReview":[],"Car":[],"Recipe":[],"Service":[],"SoftwareApplication":[],"WebPage":[]},"graphName":"","isEnabled":true},"graphs":[]},"schema_type":null,"schema_type_options":null,"pillar_content":false,"robots_default":true,"robots_noindex":false,"robots_noarchive":false,"robots_nosnippet":false,"robots_nofollow":false,"robots_noimageindex":false,"robots_noodp":false,"robots_notranslate":false,"robots_max_snippet":null,"robots_max_videopreview":null,"robots_max_imagepreview":"large","priority":null,"frequency":null,"location":null,"local_seo":null,"seo_analyzer_scan_date":"2025-09-25 06:36:29","breadcrumb_settings":null,"limit_modified_date":false,"open_ai":null,"ai":null,"created":"2021-03-08 22:01:58","updated":"2025-09-25 06:36:29"},"aioseo_breadcrumb":"<div class=\"aioseo-breadcrumbs\"><span class=\"aioseo-breadcrumb\">\n\t<a href=\"https:\/\/eldigitaldeasturias.com\/magazine365\" title=\"Home\">Home<\/a>\n<\/span><span class=\"aioseo-breadcrumb-separator\">\u2013<\/span><span class=\"aioseo-breadcrumb\">\n\t<a href=\"https:\/\/eldigitaldeasturias.com\/magazine365\/category\/noticias-actualidad\/\" title=\"Noticias y Actualidad\">Noticias y Actualidad<\/a>\n<\/span><span class=\"aioseo-breadcrumb-separator\">\u2013<\/span><span class=\"aioseo-breadcrumb\">\n\t<a href=\"https:\/\/eldigitaldeasturias.com\/magazine365\/exteriores-aconseja-extremar-la-prudencia-en-turquia-y-permanecer-atento-en-metro-y-zonas-turisticas\/\" title=\"Exteriores aconseja extremar la prudencia en Turqu\u00eda y permanecer atento en metro y zonas tur\u00edsticas\">Exteriores aconseja extremar la prudencia en Turqu\u00eda y permanecer atento en metro y zonas tur\u00edsticas<\/a>\n<\/span><\/div>","aioseo_breadcrumb_json":[{"label":"Home","link":"https:\/\/eldigitaldeasturias.com\/magazine365"},{"label":"Noticias y Actualidad","link":"https:\/\/eldigitaldeasturias.com\/magazine365\/category\/noticias-actualidad\/"},{"label":"Exteriores aconseja extremar la prudencia en Turqu\u00eda y permanecer atento en metro y zonas tur\u00edsticas","link":"https:\/\/eldigitaldeasturias.com\/magazine365\/exteriores-aconseja-extremar-la-prudencia-en-turquia-y-permanecer-atento-en-metro-y-zonas-turisticas\/"}],"_links":{"self":[{"href":"https:\/\/eldigitaldeasturias.com\/magazine365\/wp-json\/wp\/v2\/posts\/60287","targetHints":{"allow":["GET"]}}],"collection":[{"href":"https:\/\/eldigitaldeasturias.com\/magazine365\/wp-json\/wp\/v2\/posts"}],"about":[{"href":"https:\/\/eldigitaldeasturias.com\/magazine365\/wp-json\/wp\/v2\/types\/post"}],"author":[{"embeddable":true,"href":"https:\/\/eldigitaldeasturias.com\/magazine365\/wp-json\/wp\/v2\/users\/1"}],"replies":[{"embeddable":true,"href":"https:\/\/eldigitaldeasturias.com\/magazine365\/wp-json\/wp\/v2\/comments?post=60287"}],"version-history":[{"count":0,"href":"https:\/\/eldigitaldeasturias.com\/magazine365\/wp-json\/wp\/v2\/posts\/60287\/revisions"}],"wp:featuredmedia":[{"embeddable":true,"href":"https:\/\/eldigitaldeasturias.com\/magazine365\/wp-json\/wp\/v2\/media\/60288"}],"wp:attachment":[{"href":"https:\/\/eldigitaldeasturias.com\/magazine365\/wp-json\/wp\/v2\/media?parent=60287"}],"wp:term":[{"taxonomy":"category","embeddable":true,"href":"https:\/\/eldigitaldeasturias.com\/magazine365\/wp-json\/wp\/v2\/categories?post=60287"},{"taxonomy":"post_tag","embeddable":true,"href":"https:\/\/eldigitaldeasturias.com\/magazine365\/wp-json\/wp\/v2\/tags?post=60287"}],"curies":[{"name":"wp","href":"https:\/\/api.w.org\/{rel}","templated":true}]}}