{"id":60275,"date":"2016-01-12T12:47:14","date_gmt":"2016-01-12T11:47:14","guid":{"rendered":"http:\/\/eldigitaldeasturias.com\/magazine365\/?p=60275"},"modified":"2016-01-12T12:47:14","modified_gmt":"2016-01-12T11:47:14","slug":"murcia-asiste-por-primera-vez-al-salon-de-la-plongee","status":"publish","type":"post","link":"https:\/\/eldigitaldeasturias.com\/magazine365\/murcia-asiste-por-primera-vez-al-salon-de-la-plongee\/","title":{"rendered":"Murcia asiste por primera vez al \u00abSalon de la Plong\u00e9e\u00bb"},"content":{"rendered":"<p><img fetchpriority=\"high\" decoding=\"async\" class=\"alignleft size-medium wp-image-60276\" src=\"https:\/\/eldigitaldeasturias.com\/magazine365\/wp-content\/uploads\/2016\/01\/fotonoticia_20160112110736_800-360x270.jpg\" alt=\"fotonoticia_20160112110736_800\" width=\"360\" height=\"270\" srcset=\"https:\/\/eldigitaldeasturias.com\/magazine365\/wp-content\/uploads\/2016\/01\/fotonoticia_20160112110736_800-360x270.jpg 360w, https:\/\/eldigitaldeasturias.com\/magazine365\/wp-content\/uploads\/2016\/01\/fotonoticia_20160112110736_800-650x488.jpg 650w, https:\/\/eldigitaldeasturias.com\/magazine365\/wp-content\/uploads\/2016\/01\/fotonoticia_20160112110736_800-768x576.jpg 768w, https:\/\/eldigitaldeasturias.com\/magazine365\/wp-content\/uploads\/2016\/01\/fotonoticia_20160112110736_800-150x113.jpg 150w, https:\/\/eldigitaldeasturias.com\/magazine365\/wp-content\/uploads\/2016\/01\/fotonoticia_20160112110736_800-450x338.jpg 450w, https:\/\/eldigitaldeasturias.com\/magazine365\/wp-content\/uploads\/2016\/01\/fotonoticia_20160112110736_800-80x60.jpg 80w, https:\/\/eldigitaldeasturias.com\/magazine365\/wp-content\/uploads\/2016\/01\/fotonoticia_20160112110736_800-265x198.jpg 265w, https:\/\/eldigitaldeasturias.com\/magazine365\/wp-content\/uploads\/2016\/01\/fotonoticia_20160112110736_800-696x522.jpg 696w, https:\/\/eldigitaldeasturias.com\/magazine365\/wp-content\/uploads\/2016\/01\/fotonoticia_20160112110736_800-560x420.jpg 560w, https:\/\/eldigitaldeasturias.com\/magazine365\/wp-content\/uploads\/2016\/01\/fotonoticia_20160112110736_800-90x67.jpg 90w, https:\/\/eldigitaldeasturias.com\/magazine365\/wp-content\/uploads\/2016\/01\/fotonoticia_20160112110736_800-164x124.jpg 164w, https:\/\/eldigitaldeasturias.com\/magazine365\/wp-content\/uploads\/2016\/01\/fotonoticia_20160112110736_800-100x75.jpg 100w, https:\/\/eldigitaldeasturias.com\/magazine365\/wp-content\/uploads\/2016\/01\/fotonoticia_20160112110736_800.jpg 800w\" sizes=\"(max-width: 360px) 100vw, 360px\" \/>La Consejer\u00eda de Desarrollo Econ\u00f3mico, Turismo y Empleo, a trav\u00e9s del Instituto de Turismo, promocion\u00f3 &#8216;Costa C\u00e1lida-Regi\u00f3n de Murcia&#8217; como destino de buceo en Francia, al participar por primera vez en la XVIII edici\u00f3n del &#8216;Salon de la Plong\u00e9e&#8217;, una feria internacional especializada en submarinismo que se celebr\u00f3 en Par\u00eds del 8 al 11 de enero y reuni\u00f3 a m\u00e1s de 400 expositores.<\/p>\n<p>El director general del Instituto de Turismo, Manuel Fern\u00e1ndez-Delgado, ha detallado los objetivos de la actuaci\u00f3n \u00abreforzar la promoci\u00f3n de los fondos marinos murcianos en Francia y dar a conocer las principales zonas de buceo que ofrece la Costa C\u00e1lida, como Cabo de Palos-Islas Hormigas (y su Reserva Marina), Cartagena-La Azoh\u00eda, Mazarr\u00f3n y \u00c1guilas\u00bb.<\/p>\n<p>Adem\u00e1s, ha se\u00f1alado que el pa\u00eds galo \u00abes el segundo mercado emisor internacional m\u00e1s importante para los centros de buceo de la Regi\u00f3n, por detr\u00e1s de Reino Unido y por delante de B\u00e9lgica y Holanda\u00bb.<\/p>\n<p>Durante el certamen se mantuvieron reuniones de negocio con los principales operadores franceses y con las empresas especializadas del segmento. Adem\u00e1s, se aprovech\u00f3 la ocasi\u00f3n para promocionar el buceo en la Costa C\u00e1lida a trav\u00e9s de v\u00eddeos, de los nuevos folletos dise\u00f1ados por el Instituto de Turismo, y disponibles en www.murciaturistica.es\/es\/folletos, y de &#8216;flyers&#8217; con ofertas para disfrutar de inmersiones.<\/p>\n<p>Seg\u00fan ha explicado el director general del Instituto de Turismo, \u00abla acci\u00f3n, consensuada tanto por la Estaci\u00f3n N\u00e1utica Mar Menor-Cabo de Palos como por la Asociaci\u00f3n de Buceo de la Regi\u00f3n de Murcia, forma parte del Plan Estrat\u00e9gico de Turismo 2015-2019, que contempla el buceo como uno de los productos prioritarios destinados a transformar y desestacionalizar la actividad tur\u00edstica en la Regi\u00f3n\u00bb.<\/p>\n<p>Asimismo, Manuel Fern\u00e1ndez-Delgado ha avanzado que \u00abla Regi\u00f3n ha iniciado una campa\u00f1a integral de promoci\u00f3n del turismo submarino que incluye otras acciones como inserciones en revistas europeas del segmento, como la &#8216;Diver Magazine&#8217; de Reino Unido, y la colaboraci\u00f3n con comercios y tiendas especializadas\u00bb.<\/p>\n<p>TURISMO DE BUCEO<\/p>\n<p>La estancia media de los turistas internacionales que vienen a practicar buceo en la Regi\u00f3n se encuentra entre los 10 y los 15 d\u00edas. Adem\u00e1s, estos realizan un gasto medio diario de 85 euros, que supera en 26 euros el gasto del turista tradicional de sol y playa.<\/p>\n<p>Entre las grandes ventajas que la Consejer\u00eda de Turismo destaca para promocionar el buceo se encuentran que la Regi\u00f3n cuenta con 300 d\u00edas de sol al a\u00f1o y aguas cristalinas con una temperatura media de 20 grados, lo que permite practicar este deporte durante todas las estaciones; gran biodiversidad marina y la m\u00e1xima calificaci\u00f3n medioambiental, con tres zonas catalogadas como Lugar de Importancia Comunitaria (LIC), una como Zona Especialmente Protegida de importancia para el Mediterr\u00e1neo (ZEPIM) y una Reserva Marina. Igualmente, se a\u00f1ade el atractivo de los barcos hundidos del litoral murciano, la oferta complementaria y las infraestructuras deportivas.<\/p>\n<p>La Regi\u00f3n cuenta actualmente con una treintena de centros de buceo repartidos por toda la Costa C\u00e1lida, en los que se imparten cursos y se practican inmersiones para todos los niveles.<\/p>\n","protected":false},"excerpt":{"rendered":"<p>La Consejer\u00eda de Desarrollo Econ\u00f3mico, Turismo y Empleo, a trav\u00e9s del Instituto de Turismo, promocion\u00f3 &#8216;Costa C\u00e1lida-Regi\u00f3n de Murcia&#8217; como destino de buceo en Francia, al participar por primera vez en la XVIII edici\u00f3n del &#8216;Salon de la Plong\u00e9e&#8217;, una feria internacional especializada en submarinismo que se celebr\u00f3 en Par\u00eds del 8 al 11 de<\/p>\n","protected":false},"author":1,"featured_media":60276,"comment_status":"open","ping_status":"closed","sticky":false,"template":"","format":"standard","meta":{"footnotes":""},"categories":[224],"tags":[],"class_list":{"0":"post-60275","1":"post","2":"type-post","3":"status-publish","4":"format-standard","5":"has-post-thumbnail","7":"category-noticias-actualidad"},"aioseo_notices":[],"aioseo_head":"\n\t\t<!-- All in One SEO Pro 4.9.6.1 - aioseo.com -->\n\t<meta name=\"description\" content=\"La Consejer\u00eda de Desarrollo Econ\u00f3mico, Turismo y Empleo, a trav\u00e9s del Instituto de Turismo, promocion\u00f3 &#039;Costa C\u00e1lida-Regi\u00f3n de Murcia&#039; como destino de buceo en Francia, al participar por primera vez en la XVIII edici\u00f3n del &#039;Salon de la Plong\u00e9e&#039;, una feria internacional especializada en submarinismo que se celebr\u00f3 en Par\u00eds del 8 al 11 de\" \/>\n\t<meta name=\"robots\" content=\"max-image-preview:large\" \/>\n\t<meta name=\"author\" content=\"admin\"\/>\n\t<meta name=\"google-site-verification\" content=\"UA-38556648-1\" \/>\n\t<meta name=\"keywords\" content=\"noticias y actualidad\" \/>\n\t<link rel=\"canonical\" href=\"https:\/\/eldigitaldeasturias.com\/magazine365\/murcia-asiste-por-primera-vez-al-salon-de-la-plongee\/\" \/>\n\t<meta name=\"generator\" content=\"All in One SEO Pro (AIOSEO) 4.9.6.1\" \/>\n\t\t<meta property=\"og:locale\" content=\"es_ES\" \/>\n\t\t<meta property=\"og:site_name\" content=\"El Digital de Asturias \u2013 Revista de ocio, turismo y estilo de vida\" \/>\n\t\t<meta property=\"og:type\" content=\"article\" \/>\n\t\t<meta property=\"og:title\" content=\"Murcia asiste por primera vez al \u00abSalon de la Plong\u00e9e\u00bb | El Digital de Asturias\" \/>\n\t\t<meta property=\"og:description\" content=\"La Consejer\u00eda de Desarrollo Econ\u00f3mico, Turismo y Empleo, a trav\u00e9s del Instituto de Turismo, promocion\u00f3 &#039;Costa C\u00e1lida-Regi\u00f3n de Murcia&#039; como destino de buceo en Francia, al participar por primera vez en la XVIII edici\u00f3n del &#039;Salon de la Plong\u00e9e&#039;, una feria internacional especializada en submarinismo que se celebr\u00f3 en Par\u00eds del 8 al 11 de\" \/>\n\t\t<meta property=\"og:url\" content=\"https:\/\/eldigitaldeasturias.com\/magazine365\/murcia-asiste-por-primera-vez-al-salon-de-la-plongee\/\" \/>\n\t\t<meta property=\"og:image\" content=\"https:\/\/eldigitaldeasturias.com\/magazine365\/wp-content\/uploads\/2016\/01\/fotonoticia_20160112110736_800.jpg\" \/>\n\t\t<meta property=\"og:image:secure_url\" content=\"https:\/\/eldigitaldeasturias.com\/magazine365\/wp-content\/uploads\/2016\/01\/fotonoticia_20160112110736_800.jpg\" \/>\n\t\t<meta property=\"og:image:width\" content=\"800\" \/>\n\t\t<meta property=\"og:image:height\" content=\"600\" \/>\n\t\t<meta property=\"article:published_time\" content=\"2016-01-12T11:47:14+00:00\" \/>\n\t\t<meta property=\"article:modified_time\" content=\"2016-01-12T11:47:14+00:00\" \/>\n\t\t<meta name=\"twitter:card\" content=\"summary_large_image\" \/>\n\t\t<meta name=\"twitter:title\" content=\"Murcia asiste por primera vez al \u00abSalon de la Plong\u00e9e\u00bb | El Digital de Asturias\" \/>\n\t\t<meta name=\"twitter:description\" content=\"La Consejer\u00eda de Desarrollo Econ\u00f3mico, Turismo y Empleo, a trav\u00e9s del Instituto de Turismo, promocion\u00f3 &#039;Costa C\u00e1lida-Regi\u00f3n de Murcia&#039; como destino de buceo en Francia, al participar por primera vez en la XVIII edici\u00f3n del &#039;Salon de la Plong\u00e9e&#039;, una feria internacional especializada en submarinismo que se celebr\u00f3 en Par\u00eds del 8 al 11 de\" \/>\n\t\t<meta name=\"twitter:image\" content=\"https:\/\/eldigitaldeasturias.com\/magazine365\/wp-content\/uploads\/2016\/01\/fotonoticia_20160112110736_800.jpg\" \/>\n\t\t<script type=\"application\/ld+json\" class=\"aioseo-schema\">\n\t\t\t{\"@context\":\"https:\\\/\\\/schema.org\",\"@graph\":[{\"@type\":\"Article\",\"@id\":\"https:\\\/\\\/eldigitaldeasturias.com\\\/magazine365\\\/murcia-asiste-por-primera-vez-al-salon-de-la-plongee\\\/#article\",\"name\":\"Murcia asiste por primera vez al \\u00abSalon de la Plong\\u00e9e\\u00bb | El Digital de Asturias\",\"headline\":\"Murcia asiste por primera vez al \\u00abSalon de la Plong\\u00e9e\\u00bb\",\"author\":{\"@id\":\"https:\\\/\\\/eldigitaldeasturias.com\\\/magazine365\\\/author\\\/admin\\\/#author\"},\"publisher\":{\"@id\":\"https:\\\/\\\/eldigitaldeasturias.com\\\/magazine365\\\/#organization\"},\"image\":{\"@type\":\"ImageObject\",\"url\":\"https:\\\/\\\/eldigitaldeasturias.com\\\/magazine365\\\/wp-content\\\/uploads\\\/2016\\\/01\\\/fotonoticia_20160112110736_800.jpg\",\"width\":800,\"height\":600},\"datePublished\":\"2016-01-12T12:47:14+01:00\",\"dateModified\":\"2016-01-12T12:47:14+01:00\",\"inLanguage\":\"es-ES\",\"mainEntityOfPage\":{\"@id\":\"https:\\\/\\\/eldigitaldeasturias.com\\\/magazine365\\\/murcia-asiste-por-primera-vez-al-salon-de-la-plongee\\\/#webpage\"},\"isPartOf\":{\"@id\":\"https:\\\/\\\/eldigitaldeasturias.com\\\/magazine365\\\/murcia-asiste-por-primera-vez-al-salon-de-la-plongee\\\/#webpage\"},\"articleSection\":\"Noticias y Actualidad\"},{\"@type\":\"BreadcrumbList\",\"@id\":\"https:\\\/\\\/eldigitaldeasturias.com\\\/magazine365\\\/murcia-asiste-por-primera-vez-al-salon-de-la-plongee\\\/#breadcrumblist\",\"itemListElement\":[{\"@type\":\"ListItem\",\"@id\":\"https:\\\/\\\/eldigitaldeasturias.com\\\/magazine365#listItem\",\"position\":1,\"name\":\"Home\",\"item\":\"https:\\\/\\\/eldigitaldeasturias.com\\\/magazine365\",\"nextItem\":{\"@type\":\"ListItem\",\"@id\":\"https:\\\/\\\/eldigitaldeasturias.com\\\/magazine365\\\/category\\\/noticias-actualidad\\\/#listItem\",\"name\":\"Noticias y Actualidad\"}},{\"@type\":\"ListItem\",\"@id\":\"https:\\\/\\\/eldigitaldeasturias.com\\\/magazine365\\\/category\\\/noticias-actualidad\\\/#listItem\",\"position\":2,\"name\":\"Noticias y Actualidad\",\"item\":\"https:\\\/\\\/eldigitaldeasturias.com\\\/magazine365\\\/category\\\/noticias-actualidad\\\/\",\"nextItem\":{\"@type\":\"ListItem\",\"@id\":\"https:\\\/\\\/eldigitaldeasturias.com\\\/magazine365\\\/murcia-asiste-por-primera-vez-al-salon-de-la-plongee\\\/#listItem\",\"name\":\"Murcia asiste por primera vez al \\u00abSalon de la Plong\\u00e9e\\u00bb\"},\"previousItem\":{\"@type\":\"ListItem\",\"@id\":\"https:\\\/\\\/eldigitaldeasturias.com\\\/magazine365#listItem\",\"name\":\"Home\"}},{\"@type\":\"ListItem\",\"@id\":\"https:\\\/\\\/eldigitaldeasturias.com\\\/magazine365\\\/murcia-asiste-por-primera-vez-al-salon-de-la-plongee\\\/#listItem\",\"position\":3,\"name\":\"Murcia asiste por primera vez al \\u00abSalon de la Plong\\u00e9e\\u00bb\",\"previousItem\":{\"@type\":\"ListItem\",\"@id\":\"https:\\\/\\\/eldigitaldeasturias.com\\\/magazine365\\\/category\\\/noticias-actualidad\\\/#listItem\",\"name\":\"Noticias y Actualidad\"}}]},{\"@type\":\"Organization\",\"@id\":\"https:\\\/\\\/eldigitaldeasturias.com\\\/magazine365\\\/#organization\",\"name\":\"El digital de Asturias\",\"description\":\"Revista de ocio, turismo y estilo de vida\",\"url\":\"https:\\\/\\\/eldigitaldeasturias.com\\\/magazine365\\\/\",\"logo\":{\"@type\":\"ImageObject\",\"url\":\"https:\\\/\\\/www.eldigitaldeasturias.com\\\/noticias\\\/wp-content\\\/uploads\\\/2020\\\/12\\\/EDA.jpg\",\"@id\":\"https:\\\/\\\/eldigitaldeasturias.com\\\/magazine365\\\/murcia-asiste-por-primera-vez-al-salon-de-la-plongee\\\/#organizationLogo\"},\"image\":{\"@id\":\"https:\\\/\\\/eldigitaldeasturias.com\\\/magazine365\\\/murcia-asiste-por-primera-vez-al-salon-de-la-plongee\\\/#organizationLogo\"}},{\"@type\":\"Person\",\"@id\":\"https:\\\/\\\/eldigitaldeasturias.com\\\/magazine365\\\/author\\\/admin\\\/#author\",\"url\":\"https:\\\/\\\/eldigitaldeasturias.com\\\/magazine365\\\/author\\\/admin\\\/\",\"name\":\"admin\",\"image\":{\"@type\":\"ImageObject\",\"@id\":\"https:\\\/\\\/eldigitaldeasturias.com\\\/magazine365\\\/murcia-asiste-por-primera-vez-al-salon-de-la-plongee\\\/#authorImage\",\"url\":\"https:\\\/\\\/eldigitaldeasturias.com\\\/magazine365\\\/wp-content\\\/litespeed\\\/avatar\\\/e571bcf59a0edd6fa6838245a470f2fe.jpg?ver=1777574230\",\"width\":96,\"height\":96,\"caption\":\"admin\"}},{\"@type\":\"WebPage\",\"@id\":\"https:\\\/\\\/eldigitaldeasturias.com\\\/magazine365\\\/murcia-asiste-por-primera-vez-al-salon-de-la-plongee\\\/#webpage\",\"url\":\"https:\\\/\\\/eldigitaldeasturias.com\\\/magazine365\\\/murcia-asiste-por-primera-vez-al-salon-de-la-plongee\\\/\",\"name\":\"Murcia asiste por primera vez al \\u00abSalon de la Plong\\u00e9e\\u00bb | El Digital de Asturias\",\"description\":\"La Consejer\\u00eda de Desarrollo Econ\\u00f3mico, Turismo y Empleo, a trav\\u00e9s del Instituto de Turismo, promocion\\u00f3 'Costa C\\u00e1lida-Regi\\u00f3n de Murcia' como destino de buceo en Francia, al participar por primera vez en la XVIII edici\\u00f3n del 'Salon de la Plong\\u00e9e', una feria internacional especializada en submarinismo que se celebr\\u00f3 en Par\\u00eds del 8 al 11 de\",\"inLanguage\":\"es-ES\",\"isPartOf\":{\"@id\":\"https:\\\/\\\/eldigitaldeasturias.com\\\/magazine365\\\/#website\"},\"breadcrumb\":{\"@id\":\"https:\\\/\\\/eldigitaldeasturias.com\\\/magazine365\\\/murcia-asiste-por-primera-vez-al-salon-de-la-plongee\\\/#breadcrumblist\"},\"author\":{\"@id\":\"https:\\\/\\\/eldigitaldeasturias.com\\\/magazine365\\\/author\\\/admin\\\/#author\"},\"creator\":{\"@id\":\"https:\\\/\\\/eldigitaldeasturias.com\\\/magazine365\\\/author\\\/admin\\\/#author\"},\"image\":{\"@type\":\"ImageObject\",\"url\":\"https:\\\/\\\/eldigitaldeasturias.com\\\/magazine365\\\/wp-content\\\/uploads\\\/2016\\\/01\\\/fotonoticia_20160112110736_800.jpg\",\"@id\":\"https:\\\/\\\/eldigitaldeasturias.com\\\/magazine365\\\/murcia-asiste-por-primera-vez-al-salon-de-la-plongee\\\/#mainImage\",\"width\":800,\"height\":600},\"primaryImageOfPage\":{\"@id\":\"https:\\\/\\\/eldigitaldeasturias.com\\\/magazine365\\\/murcia-asiste-por-primera-vez-al-salon-de-la-plongee\\\/#mainImage\"},\"datePublished\":\"2016-01-12T12:47:14+01:00\",\"dateModified\":\"2016-01-12T12:47:14+01:00\"},{\"@type\":\"WebSite\",\"@id\":\"https:\\\/\\\/eldigitaldeasturias.com\\\/magazine365\\\/#website\",\"url\":\"https:\\\/\\\/eldigitaldeasturias.com\\\/magazine365\\\/\",\"name\":\"El Digital de Asturias\",\"description\":\"Revista de ocio, turismo y estilo de vida\",\"inLanguage\":\"es-ES\",\"publisher\":{\"@id\":\"https:\\\/\\\/eldigitaldeasturias.com\\\/magazine365\\\/#organization\"}}]}\n\t\t<\/script>\n\t\t<!-- All in One SEO Pro -->\r\n\t\t<title>Murcia asiste por primera vez al \u00abSalon de la Plong\u00e9e\u00bb | El Digital de Asturias<\/title>\n\n","aioseo_head_json":{"title":"Murcia asiste por primera vez al \u00abSalon de la Plong\u00e9e\u00bb | El Digital de Asturias","description":"La Consejer\u00eda de Desarrollo Econ\u00f3mico, Turismo y Empleo, a trav\u00e9s del Instituto de Turismo, promocion\u00f3 'Costa C\u00e1lida-Regi\u00f3n de Murcia' como destino de buceo en Francia, al participar por primera vez en la XVIII edici\u00f3n del 'Salon de la Plong\u00e9e', una feria internacional especializada en submarinismo que se celebr\u00f3 en Par\u00eds del 8 al 11 de","canonical_url":"https:\/\/eldigitaldeasturias.com\/magazine365\/murcia-asiste-por-primera-vez-al-salon-de-la-plongee\/","robots":"max-image-preview:large","keywords":"noticias y actualidad","webmasterTools":{"google-site-verification":"UA-38556648-1","miscellaneous":""},"schema":{"@context":"https:\/\/schema.org","@graph":[{"@type":"Article","@id":"https:\/\/eldigitaldeasturias.com\/magazine365\/murcia-asiste-por-primera-vez-al-salon-de-la-plongee\/#article","name":"Murcia asiste por primera vez al \u00abSalon de la Plong\u00e9e\u00bb | El Digital de Asturias","headline":"Murcia asiste por primera vez al \u00abSalon de la Plong\u00e9e\u00bb","author":{"@id":"https:\/\/eldigitaldeasturias.com\/magazine365\/author\/admin\/#author"},"publisher":{"@id":"https:\/\/eldigitaldeasturias.com\/magazine365\/#organization"},"image":{"@type":"ImageObject","url":"https:\/\/eldigitaldeasturias.com\/magazine365\/wp-content\/uploads\/2016\/01\/fotonoticia_20160112110736_800.jpg","width":800,"height":600},"datePublished":"2016-01-12T12:47:14+01:00","dateModified":"2016-01-12T12:47:14+01:00","inLanguage":"es-ES","mainEntityOfPage":{"@id":"https:\/\/eldigitaldeasturias.com\/magazine365\/murcia-asiste-por-primera-vez-al-salon-de-la-plongee\/#webpage"},"isPartOf":{"@id":"https:\/\/eldigitaldeasturias.com\/magazine365\/murcia-asiste-por-primera-vez-al-salon-de-la-plongee\/#webpage"},"articleSection":"Noticias y Actualidad"},{"@type":"BreadcrumbList","@id":"https:\/\/eldigitaldeasturias.com\/magazine365\/murcia-asiste-por-primera-vez-al-salon-de-la-plongee\/#breadcrumblist","itemListElement":[{"@type":"ListItem","@id":"https:\/\/eldigitaldeasturias.com\/magazine365#listItem","position":1,"name":"Home","item":"https:\/\/eldigitaldeasturias.com\/magazine365","nextItem":{"@type":"ListItem","@id":"https:\/\/eldigitaldeasturias.com\/magazine365\/category\/noticias-actualidad\/#listItem","name":"Noticias y Actualidad"}},{"@type":"ListItem","@id":"https:\/\/eldigitaldeasturias.com\/magazine365\/category\/noticias-actualidad\/#listItem","position":2,"name":"Noticias y Actualidad","item":"https:\/\/eldigitaldeasturias.com\/magazine365\/category\/noticias-actualidad\/","nextItem":{"@type":"ListItem","@id":"https:\/\/eldigitaldeasturias.com\/magazine365\/murcia-asiste-por-primera-vez-al-salon-de-la-plongee\/#listItem","name":"Murcia asiste por primera vez al \u00abSalon de la Plong\u00e9e\u00bb"},"previousItem":{"@type":"ListItem","@id":"https:\/\/eldigitaldeasturias.com\/magazine365#listItem","name":"Home"}},{"@type":"ListItem","@id":"https:\/\/eldigitaldeasturias.com\/magazine365\/murcia-asiste-por-primera-vez-al-salon-de-la-plongee\/#listItem","position":3,"name":"Murcia asiste por primera vez al \u00abSalon de la Plong\u00e9e\u00bb","previousItem":{"@type":"ListItem","@id":"https:\/\/eldigitaldeasturias.com\/magazine365\/category\/noticias-actualidad\/#listItem","name":"Noticias y Actualidad"}}]},{"@type":"Organization","@id":"https:\/\/eldigitaldeasturias.com\/magazine365\/#organization","name":"El digital de Asturias","description":"Revista de ocio, turismo y estilo de vida","url":"https:\/\/eldigitaldeasturias.com\/magazine365\/","logo":{"@type":"ImageObject","url":"https:\/\/www.eldigitaldeasturias.com\/noticias\/wp-content\/uploads\/2020\/12\/EDA.jpg","@id":"https:\/\/eldigitaldeasturias.com\/magazine365\/murcia-asiste-por-primera-vez-al-salon-de-la-plongee\/#organizationLogo"},"image":{"@id":"https:\/\/eldigitaldeasturias.com\/magazine365\/murcia-asiste-por-primera-vez-al-salon-de-la-plongee\/#organizationLogo"}},{"@type":"Person","@id":"https:\/\/eldigitaldeasturias.com\/magazine365\/author\/admin\/#author","url":"https:\/\/eldigitaldeasturias.com\/magazine365\/author\/admin\/","name":"admin","image":{"@type":"ImageObject","@id":"https:\/\/eldigitaldeasturias.com\/magazine365\/murcia-asiste-por-primera-vez-al-salon-de-la-plongee\/#authorImage","url":"https:\/\/eldigitaldeasturias.com\/magazine365\/wp-content\/litespeed\/avatar\/e571bcf59a0edd6fa6838245a470f2fe.jpg?ver=1777574230","width":96,"height":96,"caption":"admin"}},{"@type":"WebPage","@id":"https:\/\/eldigitaldeasturias.com\/magazine365\/murcia-asiste-por-primera-vez-al-salon-de-la-plongee\/#webpage","url":"https:\/\/eldigitaldeasturias.com\/magazine365\/murcia-asiste-por-primera-vez-al-salon-de-la-plongee\/","name":"Murcia asiste por primera vez al \u00abSalon de la Plong\u00e9e\u00bb | El Digital de Asturias","description":"La Consejer\u00eda de Desarrollo Econ\u00f3mico, Turismo y Empleo, a trav\u00e9s del Instituto de Turismo, promocion\u00f3 'Costa C\u00e1lida-Regi\u00f3n de Murcia' como destino de buceo en Francia, al participar por primera vez en la XVIII edici\u00f3n del 'Salon de la Plong\u00e9e', una feria internacional especializada en submarinismo que se celebr\u00f3 en Par\u00eds del 8 al 11 de","inLanguage":"es-ES","isPartOf":{"@id":"https:\/\/eldigitaldeasturias.com\/magazine365\/#website"},"breadcrumb":{"@id":"https:\/\/eldigitaldeasturias.com\/magazine365\/murcia-asiste-por-primera-vez-al-salon-de-la-plongee\/#breadcrumblist"},"author":{"@id":"https:\/\/eldigitaldeasturias.com\/magazine365\/author\/admin\/#author"},"creator":{"@id":"https:\/\/eldigitaldeasturias.com\/magazine365\/author\/admin\/#author"},"image":{"@type":"ImageObject","url":"https:\/\/eldigitaldeasturias.com\/magazine365\/wp-content\/uploads\/2016\/01\/fotonoticia_20160112110736_800.jpg","@id":"https:\/\/eldigitaldeasturias.com\/magazine365\/murcia-asiste-por-primera-vez-al-salon-de-la-plongee\/#mainImage","width":800,"height":600},"primaryImageOfPage":{"@id":"https:\/\/eldigitaldeasturias.com\/magazine365\/murcia-asiste-por-primera-vez-al-salon-de-la-plongee\/#mainImage"},"datePublished":"2016-01-12T12:47:14+01:00","dateModified":"2016-01-12T12:47:14+01:00"},{"@type":"WebSite","@id":"https:\/\/eldigitaldeasturias.com\/magazine365\/#website","url":"https:\/\/eldigitaldeasturias.com\/magazine365\/","name":"El Digital de Asturias","description":"Revista de ocio, turismo y estilo de vida","inLanguage":"es-ES","publisher":{"@id":"https:\/\/eldigitaldeasturias.com\/magazine365\/#organization"}}]},"og:locale":"es_ES","og:site_name":"El Digital de Asturias \u2013 Revista de ocio, turismo y estilo de vida","og:type":"article","og:title":"Murcia asiste por primera vez al \u00abSalon de la Plong\u00e9e\u00bb | El Digital de Asturias","og:description":"La Consejer\u00eda de Desarrollo Econ\u00f3mico, Turismo y Empleo, a trav\u00e9s del Instituto de Turismo, promocion\u00f3 'Costa C\u00e1lida-Regi\u00f3n de Murcia' como destino de buceo en Francia, al participar por primera vez en la XVIII edici\u00f3n del 'Salon de la Plong\u00e9e', una feria internacional especializada en submarinismo que se celebr\u00f3 en Par\u00eds del 8 al 11 de","og:url":"https:\/\/eldigitaldeasturias.com\/magazine365\/murcia-asiste-por-primera-vez-al-salon-de-la-plongee\/","og:image":"https:\/\/eldigitaldeasturias.com\/magazine365\/wp-content\/uploads\/2016\/01\/fotonoticia_20160112110736_800.jpg","og:image:secure_url":"https:\/\/eldigitaldeasturias.com\/magazine365\/wp-content\/uploads\/2016\/01\/fotonoticia_20160112110736_800.jpg","og:image:width":800,"og:image:height":600,"article:published_time":"2016-01-12T11:47:14+00:00","article:modified_time":"2016-01-12T11:47:14+00:00","twitter:card":"summary_large_image","twitter:title":"Murcia asiste por primera vez al \u00abSalon de la Plong\u00e9e\u00bb | El Digital de Asturias","twitter:description":"La Consejer\u00eda de Desarrollo Econ\u00f3mico, Turismo y Empleo, a trav\u00e9s del Instituto de Turismo, promocion\u00f3 'Costa C\u00e1lida-Regi\u00f3n de Murcia' como destino de buceo en Francia, al participar por primera vez en la XVIII edici\u00f3n del 'Salon de la Plong\u00e9e', una feria internacional especializada en submarinismo que se celebr\u00f3 en Par\u00eds del 8 al 11 de","twitter:image":"https:\/\/eldigitaldeasturias.com\/magazine365\/wp-content\/uploads\/2016\/01\/fotonoticia_20160112110736_800.jpg"},"aioseo_meta_data":{"post_id":"60275","title":null,"description":null,"keywords":null,"keyphrases":null,"primary_term":null,"canonical_url":null,"og_title":null,"og_description":null,"og_object_type":"default","og_image_type":"default","og_image_url":null,"og_image_width":null,"og_image_height":null,"og_image_custom_url":null,"og_image_custom_fields":null,"og_video":null,"og_custom_url":null,"og_article_section":null,"og_article_tags":null,"twitter_use_og":false,"twitter_card":"default","twitter_image_type":"default","twitter_image_url":null,"twitter_image_custom_url":null,"twitter_image_custom_fields":null,"twitter_title":null,"twitter_description":null,"schema":{"blockGraphs":[],"customGraphs":[],"default":{"data":{"Article":[],"Course":[],"Dataset":[],"FAQPage":[],"Movie":[],"Person":[],"Product":[],"ProductReview":[],"Car":[],"Recipe":[],"Service":[],"SoftwareApplication":[],"WebPage":[]},"graphName":"","isEnabled":true},"graphs":[],"defaultGraph":"","defaultPostTypeGraph":""},"schema_type":null,"schema_type_options":null,"pillar_content":false,"robots_default":true,"robots_noindex":false,"robots_noarchive":false,"robots_nosnippet":false,"robots_nofollow":false,"robots_noimageindex":false,"robots_noodp":false,"robots_notranslate":false,"robots_max_snippet":null,"robots_max_videopreview":null,"robots_max_imagepreview":"large","priority":null,"frequency":null,"location":null,"local_seo":null,"seo_analyzer_scan_date":"2025-09-25 06:34:52","breadcrumb_settings":null,"limit_modified_date":false,"open_ai":null,"ai":null,"created":"2021-03-08 22:01:58","updated":"2025-09-25 06:34:52"},"aioseo_breadcrumb":"<div class=\"aioseo-breadcrumbs\"><span class=\"aioseo-breadcrumb\">\n\t<a href=\"https:\/\/eldigitaldeasturias.com\/magazine365\" title=\"Home\">Home<\/a>\n<\/span><span class=\"aioseo-breadcrumb-separator\">\u2013<\/span><span class=\"aioseo-breadcrumb\">\n\t<a href=\"https:\/\/eldigitaldeasturias.com\/magazine365\/category\/noticias-actualidad\/\" title=\"Noticias y Actualidad\">Noticias y Actualidad<\/a>\n<\/span><span class=\"aioseo-breadcrumb-separator\">\u2013<\/span><span class=\"aioseo-breadcrumb\">\n\t<a href=\"https:\/\/eldigitaldeasturias.com\/magazine365\/murcia-asiste-por-primera-vez-al-salon-de-la-plongee\/\" title=\"Murcia asiste por primera vez al \u00abSalon de la Plong\u00e9e\u00bb\">Murcia asiste por primera vez al \u00abSalon de la Plong\u00e9e\u00bb<\/a>\n<\/span><\/div>","aioseo_breadcrumb_json":[{"label":"Home","link":"https:\/\/eldigitaldeasturias.com\/magazine365"},{"label":"Noticias y Actualidad","link":"https:\/\/eldigitaldeasturias.com\/magazine365\/category\/noticias-actualidad\/"},{"label":"Murcia asiste por primera vez al \u00abSalon de la Plong\u00e9e\u00bb","link":"https:\/\/eldigitaldeasturias.com\/magazine365\/murcia-asiste-por-primera-vez-al-salon-de-la-plongee\/"}],"_links":{"self":[{"href":"https:\/\/eldigitaldeasturias.com\/magazine365\/wp-json\/wp\/v2\/posts\/60275","targetHints":{"allow":["GET"]}}],"collection":[{"href":"https:\/\/eldigitaldeasturias.com\/magazine365\/wp-json\/wp\/v2\/posts"}],"about":[{"href":"https:\/\/eldigitaldeasturias.com\/magazine365\/wp-json\/wp\/v2\/types\/post"}],"author":[{"embeddable":true,"href":"https:\/\/eldigitaldeasturias.com\/magazine365\/wp-json\/wp\/v2\/users\/1"}],"replies":[{"embeddable":true,"href":"https:\/\/eldigitaldeasturias.com\/magazine365\/wp-json\/wp\/v2\/comments?post=60275"}],"version-history":[{"count":0,"href":"https:\/\/eldigitaldeasturias.com\/magazine365\/wp-json\/wp\/v2\/posts\/60275\/revisions"}],"wp:featuredmedia":[{"embeddable":true,"href":"https:\/\/eldigitaldeasturias.com\/magazine365\/wp-json\/wp\/v2\/media\/60276"}],"wp:attachment":[{"href":"https:\/\/eldigitaldeasturias.com\/magazine365\/wp-json\/wp\/v2\/media?parent=60275"}],"wp:term":[{"taxonomy":"category","embeddable":true,"href":"https:\/\/eldigitaldeasturias.com\/magazine365\/wp-json\/wp\/v2\/categories?post=60275"},{"taxonomy":"post_tag","embeddable":true,"href":"https:\/\/eldigitaldeasturias.com\/magazine365\/wp-json\/wp\/v2\/tags?post=60275"}],"curies":[{"name":"wp","href":"https:\/\/api.w.org\/{rel}","templated":true}]}}