{"id":60271,"date":"2016-01-12T12:23:58","date_gmt":"2016-01-12T11:23:58","guid":{"rendered":"http:\/\/eldigitaldeasturias.com\/magazine365\/?p=60271"},"modified":"2016-01-12T12:23:58","modified_gmt":"2016-01-12T11:23:58","slug":"la-cadena-hotelera-mallorquina-ferrer-hotels-ha-adquirido-el-aparthotel-isabel-en-cala-bona","status":"publish","type":"post","link":"https:\/\/eldigitaldeasturias.com\/magazine365\/la-cadena-hotelera-mallorquina-ferrer-hotels-ha-adquirido-el-aparthotel-isabel-en-cala-bona\/","title":{"rendered":"La cadena hotelera mallorquina Ferrer Hotels ha adquirido el Aparthotel Isabel en Cala Bona"},"content":{"rendered":"<p><img fetchpriority=\"high\" decoding=\"async\" class=\"alignleft size-medium wp-image-60272\" src=\"https:\/\/eldigitaldeasturias.com\/magazine365\/wp-content\/uploads\/2016\/01\/fotonoticia_20160112104802_800-360x192.jpg\" alt=\"fotonoticia_20160112104802_800\" width=\"360\" height=\"192\" srcset=\"https:\/\/eldigitaldeasturias.com\/magazine365\/wp-content\/uploads\/2016\/01\/fotonoticia_20160112104802_800-360x192.jpg 360w, https:\/\/eldigitaldeasturias.com\/magazine365\/wp-content\/uploads\/2016\/01\/fotonoticia_20160112104802_800-650x346.jpg 650w, https:\/\/eldigitaldeasturias.com\/magazine365\/wp-content\/uploads\/2016\/01\/fotonoticia_20160112104802_800-768x409.jpg 768w, https:\/\/eldigitaldeasturias.com\/magazine365\/wp-content\/uploads\/2016\/01\/fotonoticia_20160112104802_800-150x80.jpg 150w, https:\/\/eldigitaldeasturias.com\/magazine365\/wp-content\/uploads\/2016\/01\/fotonoticia_20160112104802_800-450x240.jpg 450w, https:\/\/eldigitaldeasturias.com\/magazine365\/wp-content\/uploads\/2016\/01\/fotonoticia_20160112104802_800-696x371.jpg 696w, https:\/\/eldigitaldeasturias.com\/magazine365\/wp-content\/uploads\/2016\/01\/fotonoticia_20160112104802_800-789x420.jpg 789w, https:\/\/eldigitaldeasturias.com\/magazine365\/wp-content\/uploads\/2016\/01\/fotonoticia_20160112104802_800-420x225.jpg 420w, https:\/\/eldigitaldeasturias.com\/magazine365\/wp-content\/uploads\/2016\/01\/fotonoticia_20160112104802_800.jpg 800w\" sizes=\"(max-width: 360px) 100vw, 360px\" \/>La cadena hotelera mallorquina Ferrer Hotels ha adquirido el Aparthotel Isabel en Cala Bona, que junto a los establecimientos Janeiro, Concord, Maristany y Tamarindos -que se ha incorporado a la cadena en la temporada 2015- completar\u00e1 su oferta, basada en el compromiso por la desestacionalizaci\u00f3n, la calidad y la segmentaci\u00f3n de mercados.<\/p>\n<p>Ferrer Hotels llevar\u00e1 a cabo una reforma inicial en el Aparthotel Isabel, con 113 unidades, y a medio plazo lo renovar\u00e1 completamente en la l\u00ednea de su pol\u00edtica de inversiones para la mejora continua de sus instalaciones y servicios, seg\u00fan informa la cadena en un comunicado.<\/p>\n<p>De hecho, en la temporada 2016 el Hotel &amp; Spa Ferrer Janeiro, ubicado en Son Baul\u00f3 (Can Picafort), habr\u00e1 completado su renovaci\u00f3n absoluta seg\u00fan el est\u00e1ndar de calidad de un cuatro estrellas.<\/p>\n<p>Este establecimiento y el Hotel &amp; Spa Ferrer Concord, situado en la misma zona, abrir\u00e1n sus puertas el 12 de febrero mientras que el Aparthotel Ferrer Maristany, en el puerto de Alcudia, lo ha hecho el 6 de enero; los apartamentos Ferrer Tamarindos, tambi\u00e9n en el puerto de Alcudia, lo har\u00e1n el 18 de marzo y el Aparthotel Isabel, en Cala Bona, abrir\u00e1 en abril.<\/p>\n<p>REFERENTE EN EL TURISMO DEPORTIVO<\/p>\n<p>Seg\u00fan destaca la cadena hotelera, sin renunciar al turismo familiar y vacacional en general, Ferrer Hotels se ha convertido tambi\u00e9n en los \u00faltimos a\u00f1os en un referente del turismo deportivo en Europa: ciclistas, triatletas, corredores o senderistas eligen sus instalaciones para disfrutar de estancias con entrenadores internacionales, de las rutas en Son Real o las monta\u00f1as de la Tramuntana.<\/p>\n<p>Adem\u00e1s, la cadena se ha implicado en el patrocinio de equipos deportivos y de pruebas como el pr\u00f3ximo Powerman Mallorca, que se celebrar\u00e1 en Can Picafort los d\u00edas 27 y 28 de febrero.<\/p>\n<p>Con todo, la inversi\u00f3n en la mejora continua, la gesti\u00f3n ambiental y la b\u00fasqueda de la excelencia en la atenci\u00f3n del cliente se han visto recompensadas por una satisfacci\u00f3n muy alta de sus hu\u00e9spedes en las webs de mayor prestigio y en la obtenci\u00f3n de los certificados de calidad ISO 9001 y 14001 y Travel Life Gold.<\/p>\n","protected":false},"excerpt":{"rendered":"<p>La cadena hotelera mallorquina Ferrer Hotels ha adquirido el Aparthotel Isabel en Cala Bona, que junto a los establecimientos Janeiro, Concord, Maristany y Tamarindos -que se ha incorporado a la cadena en la temporada 2015- completar\u00e1 su oferta, basada en el compromiso por la desestacionalizaci\u00f3n, la calidad y la segmentaci\u00f3n de mercados. Ferrer Hotels llevar\u00e1<\/p>\n","protected":false},"author":1,"featured_media":60272,"comment_status":"open","ping_status":"closed","sticky":false,"template":"","format":"standard","meta":{"footnotes":""},"categories":[224],"tags":[],"class_list":{"0":"post-60271","1":"post","2":"type-post","3":"status-publish","4":"format-standard","5":"has-post-thumbnail","7":"category-noticias-actualidad"},"aioseo_notices":[],"aioseo_head":"\n\t\t<!-- All in One SEO Pro 4.9.6.1 - aioseo.com -->\n\t<meta name=\"description\" content=\"La cadena hotelera mallorquina Ferrer Hotels ha adquirido el Aparthotel Isabel en Cala Bona, que junto a los establecimientos Janeiro, Concord, Maristany y Tamarindos -que se ha incorporado a la cadena en la temporada 2015- completar\u00e1 su oferta, basada en el compromiso por la desestacionalizaci\u00f3n, la calidad y la segmentaci\u00f3n de mercados. Ferrer Hotels llevar\u00e1\" \/>\n\t<meta name=\"robots\" content=\"max-image-preview:large\" \/>\n\t<meta name=\"author\" content=\"admin\"\/>\n\t<meta name=\"google-site-verification\" content=\"UA-38556648-1\" \/>\n\t<meta name=\"keywords\" content=\"noticias y actualidad\" \/>\n\t<link rel=\"canonical\" href=\"https:\/\/eldigitaldeasturias.com\/magazine365\/la-cadena-hotelera-mallorquina-ferrer-hotels-ha-adquirido-el-aparthotel-isabel-en-cala-bona\/\" \/>\n\t<meta name=\"generator\" content=\"All in One SEO Pro (AIOSEO) 4.9.6.1\" \/>\n\t\t<meta property=\"og:locale\" content=\"es_ES\" \/>\n\t\t<meta property=\"og:site_name\" content=\"El Digital de Asturias \u2013 Revista de ocio, turismo y estilo de vida\" \/>\n\t\t<meta property=\"og:type\" content=\"article\" \/>\n\t\t<meta property=\"og:title\" content=\"La cadena hotelera mallorquina Ferrer Hotels ha adquirido el Aparthotel Isabel en Cala Bona | El Digital de Asturias\" \/>\n\t\t<meta property=\"og:description\" content=\"La cadena hotelera mallorquina Ferrer Hotels ha adquirido el Aparthotel Isabel en Cala Bona, que junto a los establecimientos Janeiro, Concord, Maristany y Tamarindos -que se ha incorporado a la cadena en la temporada 2015- completar\u00e1 su oferta, basada en el compromiso por la desestacionalizaci\u00f3n, la calidad y la segmentaci\u00f3n de mercados. Ferrer Hotels llevar\u00e1\" \/>\n\t\t<meta property=\"og:url\" content=\"https:\/\/eldigitaldeasturias.com\/magazine365\/la-cadena-hotelera-mallorquina-ferrer-hotels-ha-adquirido-el-aparthotel-isabel-en-cala-bona\/\" \/>\n\t\t<meta property=\"og:image\" content=\"https:\/\/eldigitaldeasturias.com\/magazine365\/wp-content\/uploads\/2016\/01\/fotonoticia_20160112104802_800.jpg\" \/>\n\t\t<meta property=\"og:image:secure_url\" content=\"https:\/\/eldigitaldeasturias.com\/magazine365\/wp-content\/uploads\/2016\/01\/fotonoticia_20160112104802_800.jpg\" \/>\n\t\t<meta property=\"og:image:width\" content=\"800\" \/>\n\t\t<meta property=\"og:image:height\" content=\"426\" \/>\n\t\t<meta property=\"article:published_time\" content=\"2016-01-12T11:23:58+00:00\" \/>\n\t\t<meta property=\"article:modified_time\" content=\"2016-01-12T11:23:58+00:00\" \/>\n\t\t<meta name=\"twitter:card\" content=\"summary_large_image\" \/>\n\t\t<meta name=\"twitter:title\" content=\"La cadena hotelera mallorquina Ferrer Hotels ha adquirido el Aparthotel Isabel en Cala Bona | El Digital de Asturias\" \/>\n\t\t<meta name=\"twitter:description\" content=\"La cadena hotelera mallorquina Ferrer Hotels ha adquirido el Aparthotel Isabel en Cala Bona, que junto a los establecimientos Janeiro, Concord, Maristany y Tamarindos -que se ha incorporado a la cadena en la temporada 2015- completar\u00e1 su oferta, basada en el compromiso por la desestacionalizaci\u00f3n, la calidad y la segmentaci\u00f3n de mercados. Ferrer Hotels llevar\u00e1\" \/>\n\t\t<meta name=\"twitter:image\" content=\"https:\/\/eldigitaldeasturias.com\/magazine365\/wp-content\/uploads\/2016\/01\/fotonoticia_20160112104802_800.jpg\" \/>\n\t\t<script type=\"application\/ld+json\" class=\"aioseo-schema\">\n\t\t\t{\"@context\":\"https:\\\/\\\/schema.org\",\"@graph\":[{\"@type\":\"Article\",\"@id\":\"https:\\\/\\\/eldigitaldeasturias.com\\\/magazine365\\\/la-cadena-hotelera-mallorquina-ferrer-hotels-ha-adquirido-el-aparthotel-isabel-en-cala-bona\\\/#article\",\"name\":\"La cadena hotelera mallorquina Ferrer Hotels ha adquirido el Aparthotel Isabel en Cala Bona | El Digital de Asturias\",\"headline\":\"La cadena hotelera mallorquina Ferrer Hotels ha adquirido el Aparthotel Isabel en Cala Bona\",\"author\":{\"@id\":\"https:\\\/\\\/eldigitaldeasturias.com\\\/magazine365\\\/author\\\/admin\\\/#author\"},\"publisher\":{\"@id\":\"https:\\\/\\\/eldigitaldeasturias.com\\\/magazine365\\\/#organization\"},\"image\":{\"@type\":\"ImageObject\",\"url\":\"https:\\\/\\\/eldigitaldeasturias.com\\\/magazine365\\\/wp-content\\\/uploads\\\/2016\\\/01\\\/fotonoticia_20160112104802_800.jpg\",\"width\":800,\"height\":426},\"datePublished\":\"2016-01-12T12:23:58+01:00\",\"dateModified\":\"2016-01-12T12:23:58+01:00\",\"inLanguage\":\"es-ES\",\"mainEntityOfPage\":{\"@id\":\"https:\\\/\\\/eldigitaldeasturias.com\\\/magazine365\\\/la-cadena-hotelera-mallorquina-ferrer-hotels-ha-adquirido-el-aparthotel-isabel-en-cala-bona\\\/#webpage\"},\"isPartOf\":{\"@id\":\"https:\\\/\\\/eldigitaldeasturias.com\\\/magazine365\\\/la-cadena-hotelera-mallorquina-ferrer-hotels-ha-adquirido-el-aparthotel-isabel-en-cala-bona\\\/#webpage\"},\"articleSection\":\"Noticias y Actualidad\"},{\"@type\":\"BreadcrumbList\",\"@id\":\"https:\\\/\\\/eldigitaldeasturias.com\\\/magazine365\\\/la-cadena-hotelera-mallorquina-ferrer-hotels-ha-adquirido-el-aparthotel-isabel-en-cala-bona\\\/#breadcrumblist\",\"itemListElement\":[{\"@type\":\"ListItem\",\"@id\":\"https:\\\/\\\/eldigitaldeasturias.com\\\/magazine365#listItem\",\"position\":1,\"name\":\"Home\",\"item\":\"https:\\\/\\\/eldigitaldeasturias.com\\\/magazine365\",\"nextItem\":{\"@type\":\"ListItem\",\"@id\":\"https:\\\/\\\/eldigitaldeasturias.com\\\/magazine365\\\/category\\\/noticias-actualidad\\\/#listItem\",\"name\":\"Noticias y Actualidad\"}},{\"@type\":\"ListItem\",\"@id\":\"https:\\\/\\\/eldigitaldeasturias.com\\\/magazine365\\\/category\\\/noticias-actualidad\\\/#listItem\",\"position\":2,\"name\":\"Noticias y Actualidad\",\"item\":\"https:\\\/\\\/eldigitaldeasturias.com\\\/magazine365\\\/category\\\/noticias-actualidad\\\/\",\"nextItem\":{\"@type\":\"ListItem\",\"@id\":\"https:\\\/\\\/eldigitaldeasturias.com\\\/magazine365\\\/la-cadena-hotelera-mallorquina-ferrer-hotels-ha-adquirido-el-aparthotel-isabel-en-cala-bona\\\/#listItem\",\"name\":\"La cadena hotelera mallorquina Ferrer Hotels ha adquirido el Aparthotel Isabel en Cala Bona\"},\"previousItem\":{\"@type\":\"ListItem\",\"@id\":\"https:\\\/\\\/eldigitaldeasturias.com\\\/magazine365#listItem\",\"name\":\"Home\"}},{\"@type\":\"ListItem\",\"@id\":\"https:\\\/\\\/eldigitaldeasturias.com\\\/magazine365\\\/la-cadena-hotelera-mallorquina-ferrer-hotels-ha-adquirido-el-aparthotel-isabel-en-cala-bona\\\/#listItem\",\"position\":3,\"name\":\"La cadena hotelera mallorquina Ferrer Hotels ha adquirido el Aparthotel Isabel en Cala Bona\",\"previousItem\":{\"@type\":\"ListItem\",\"@id\":\"https:\\\/\\\/eldigitaldeasturias.com\\\/magazine365\\\/category\\\/noticias-actualidad\\\/#listItem\",\"name\":\"Noticias y Actualidad\"}}]},{\"@type\":\"Organization\",\"@id\":\"https:\\\/\\\/eldigitaldeasturias.com\\\/magazine365\\\/#organization\",\"name\":\"El digital de Asturias\",\"description\":\"Revista de ocio, turismo y estilo de vida\",\"url\":\"https:\\\/\\\/eldigitaldeasturias.com\\\/magazine365\\\/\",\"logo\":{\"@type\":\"ImageObject\",\"url\":\"https:\\\/\\\/www.eldigitaldeasturias.com\\\/noticias\\\/wp-content\\\/uploads\\\/2020\\\/12\\\/EDA.jpg\",\"@id\":\"https:\\\/\\\/eldigitaldeasturias.com\\\/magazine365\\\/la-cadena-hotelera-mallorquina-ferrer-hotels-ha-adquirido-el-aparthotel-isabel-en-cala-bona\\\/#organizationLogo\"},\"image\":{\"@id\":\"https:\\\/\\\/eldigitaldeasturias.com\\\/magazine365\\\/la-cadena-hotelera-mallorquina-ferrer-hotels-ha-adquirido-el-aparthotel-isabel-en-cala-bona\\\/#organizationLogo\"}},{\"@type\":\"Person\",\"@id\":\"https:\\\/\\\/eldigitaldeasturias.com\\\/magazine365\\\/author\\\/admin\\\/#author\",\"url\":\"https:\\\/\\\/eldigitaldeasturias.com\\\/magazine365\\\/author\\\/admin\\\/\",\"name\":\"admin\",\"image\":{\"@type\":\"ImageObject\",\"@id\":\"https:\\\/\\\/eldigitaldeasturias.com\\\/magazine365\\\/la-cadena-hotelera-mallorquina-ferrer-hotels-ha-adquirido-el-aparthotel-isabel-en-cala-bona\\\/#authorImage\",\"url\":\"https:\\\/\\\/eldigitaldeasturias.com\\\/magazine365\\\/wp-content\\\/litespeed\\\/avatar\\\/e571bcf59a0edd6fa6838245a470f2fe.jpg?ver=1777574230\",\"width\":96,\"height\":96,\"caption\":\"admin\"}},{\"@type\":\"WebPage\",\"@id\":\"https:\\\/\\\/eldigitaldeasturias.com\\\/magazine365\\\/la-cadena-hotelera-mallorquina-ferrer-hotels-ha-adquirido-el-aparthotel-isabel-en-cala-bona\\\/#webpage\",\"url\":\"https:\\\/\\\/eldigitaldeasturias.com\\\/magazine365\\\/la-cadena-hotelera-mallorquina-ferrer-hotels-ha-adquirido-el-aparthotel-isabel-en-cala-bona\\\/\",\"name\":\"La cadena hotelera mallorquina Ferrer Hotels ha adquirido el Aparthotel Isabel en Cala Bona | El Digital de Asturias\",\"description\":\"La cadena hotelera mallorquina Ferrer Hotels ha adquirido el Aparthotel Isabel en Cala Bona, que junto a los establecimientos Janeiro, Concord, Maristany y Tamarindos -que se ha incorporado a la cadena en la temporada 2015- completar\\u00e1 su oferta, basada en el compromiso por la desestacionalizaci\\u00f3n, la calidad y la segmentaci\\u00f3n de mercados. Ferrer Hotels llevar\\u00e1\",\"inLanguage\":\"es-ES\",\"isPartOf\":{\"@id\":\"https:\\\/\\\/eldigitaldeasturias.com\\\/magazine365\\\/#website\"},\"breadcrumb\":{\"@id\":\"https:\\\/\\\/eldigitaldeasturias.com\\\/magazine365\\\/la-cadena-hotelera-mallorquina-ferrer-hotels-ha-adquirido-el-aparthotel-isabel-en-cala-bona\\\/#breadcrumblist\"},\"author\":{\"@id\":\"https:\\\/\\\/eldigitaldeasturias.com\\\/magazine365\\\/author\\\/admin\\\/#author\"},\"creator\":{\"@id\":\"https:\\\/\\\/eldigitaldeasturias.com\\\/magazine365\\\/author\\\/admin\\\/#author\"},\"image\":{\"@type\":\"ImageObject\",\"url\":\"https:\\\/\\\/eldigitaldeasturias.com\\\/magazine365\\\/wp-content\\\/uploads\\\/2016\\\/01\\\/fotonoticia_20160112104802_800.jpg\",\"@id\":\"https:\\\/\\\/eldigitaldeasturias.com\\\/magazine365\\\/la-cadena-hotelera-mallorquina-ferrer-hotels-ha-adquirido-el-aparthotel-isabel-en-cala-bona\\\/#mainImage\",\"width\":800,\"height\":426},\"primaryImageOfPage\":{\"@id\":\"https:\\\/\\\/eldigitaldeasturias.com\\\/magazine365\\\/la-cadena-hotelera-mallorquina-ferrer-hotels-ha-adquirido-el-aparthotel-isabel-en-cala-bona\\\/#mainImage\"},\"datePublished\":\"2016-01-12T12:23:58+01:00\",\"dateModified\":\"2016-01-12T12:23:58+01:00\"},{\"@type\":\"WebSite\",\"@id\":\"https:\\\/\\\/eldigitaldeasturias.com\\\/magazine365\\\/#website\",\"url\":\"https:\\\/\\\/eldigitaldeasturias.com\\\/magazine365\\\/\",\"name\":\"El Digital de Asturias\",\"description\":\"Revista de ocio, turismo y estilo de vida\",\"inLanguage\":\"es-ES\",\"publisher\":{\"@id\":\"https:\\\/\\\/eldigitaldeasturias.com\\\/magazine365\\\/#organization\"}}]}\n\t\t<\/script>\n\t\t<!-- All in One SEO Pro -->\r\n\t\t<title>La cadena hotelera mallorquina Ferrer Hotels ha adquirido el Aparthotel Isabel en Cala Bona | El Digital de Asturias<\/title>\n\n","aioseo_head_json":{"title":"La cadena hotelera mallorquina Ferrer Hotels ha adquirido el Aparthotel Isabel en Cala Bona | El Digital de Asturias","description":"La cadena hotelera mallorquina Ferrer Hotels ha adquirido el Aparthotel Isabel en Cala Bona, que junto a los establecimientos Janeiro, Concord, Maristany y Tamarindos -que se ha incorporado a la cadena en la temporada 2015- completar\u00e1 su oferta, basada en el compromiso por la desestacionalizaci\u00f3n, la calidad y la segmentaci\u00f3n de mercados. Ferrer Hotels llevar\u00e1","canonical_url":"https:\/\/eldigitaldeasturias.com\/magazine365\/la-cadena-hotelera-mallorquina-ferrer-hotels-ha-adquirido-el-aparthotel-isabel-en-cala-bona\/","robots":"max-image-preview:large","keywords":"noticias y actualidad","webmasterTools":{"google-site-verification":"UA-38556648-1","miscellaneous":""},"schema":{"@context":"https:\/\/schema.org","@graph":[{"@type":"Article","@id":"https:\/\/eldigitaldeasturias.com\/magazine365\/la-cadena-hotelera-mallorquina-ferrer-hotels-ha-adquirido-el-aparthotel-isabel-en-cala-bona\/#article","name":"La cadena hotelera mallorquina Ferrer Hotels ha adquirido el Aparthotel Isabel en Cala Bona | El Digital de Asturias","headline":"La cadena hotelera mallorquina Ferrer Hotels ha adquirido el Aparthotel Isabel en Cala Bona","author":{"@id":"https:\/\/eldigitaldeasturias.com\/magazine365\/author\/admin\/#author"},"publisher":{"@id":"https:\/\/eldigitaldeasturias.com\/magazine365\/#organization"},"image":{"@type":"ImageObject","url":"https:\/\/eldigitaldeasturias.com\/magazine365\/wp-content\/uploads\/2016\/01\/fotonoticia_20160112104802_800.jpg","width":800,"height":426},"datePublished":"2016-01-12T12:23:58+01:00","dateModified":"2016-01-12T12:23:58+01:00","inLanguage":"es-ES","mainEntityOfPage":{"@id":"https:\/\/eldigitaldeasturias.com\/magazine365\/la-cadena-hotelera-mallorquina-ferrer-hotels-ha-adquirido-el-aparthotel-isabel-en-cala-bona\/#webpage"},"isPartOf":{"@id":"https:\/\/eldigitaldeasturias.com\/magazine365\/la-cadena-hotelera-mallorquina-ferrer-hotels-ha-adquirido-el-aparthotel-isabel-en-cala-bona\/#webpage"},"articleSection":"Noticias y Actualidad"},{"@type":"BreadcrumbList","@id":"https:\/\/eldigitaldeasturias.com\/magazine365\/la-cadena-hotelera-mallorquina-ferrer-hotels-ha-adquirido-el-aparthotel-isabel-en-cala-bona\/#breadcrumblist","itemListElement":[{"@type":"ListItem","@id":"https:\/\/eldigitaldeasturias.com\/magazine365#listItem","position":1,"name":"Home","item":"https:\/\/eldigitaldeasturias.com\/magazine365","nextItem":{"@type":"ListItem","@id":"https:\/\/eldigitaldeasturias.com\/magazine365\/category\/noticias-actualidad\/#listItem","name":"Noticias y Actualidad"}},{"@type":"ListItem","@id":"https:\/\/eldigitaldeasturias.com\/magazine365\/category\/noticias-actualidad\/#listItem","position":2,"name":"Noticias y Actualidad","item":"https:\/\/eldigitaldeasturias.com\/magazine365\/category\/noticias-actualidad\/","nextItem":{"@type":"ListItem","@id":"https:\/\/eldigitaldeasturias.com\/magazine365\/la-cadena-hotelera-mallorquina-ferrer-hotels-ha-adquirido-el-aparthotel-isabel-en-cala-bona\/#listItem","name":"La cadena hotelera mallorquina Ferrer Hotels ha adquirido el Aparthotel Isabel en Cala Bona"},"previousItem":{"@type":"ListItem","@id":"https:\/\/eldigitaldeasturias.com\/magazine365#listItem","name":"Home"}},{"@type":"ListItem","@id":"https:\/\/eldigitaldeasturias.com\/magazine365\/la-cadena-hotelera-mallorquina-ferrer-hotels-ha-adquirido-el-aparthotel-isabel-en-cala-bona\/#listItem","position":3,"name":"La cadena hotelera mallorquina Ferrer Hotels ha adquirido el Aparthotel Isabel en Cala Bona","previousItem":{"@type":"ListItem","@id":"https:\/\/eldigitaldeasturias.com\/magazine365\/category\/noticias-actualidad\/#listItem","name":"Noticias y Actualidad"}}]},{"@type":"Organization","@id":"https:\/\/eldigitaldeasturias.com\/magazine365\/#organization","name":"El digital de Asturias","description":"Revista de ocio, turismo y estilo de vida","url":"https:\/\/eldigitaldeasturias.com\/magazine365\/","logo":{"@type":"ImageObject","url":"https:\/\/www.eldigitaldeasturias.com\/noticias\/wp-content\/uploads\/2020\/12\/EDA.jpg","@id":"https:\/\/eldigitaldeasturias.com\/magazine365\/la-cadena-hotelera-mallorquina-ferrer-hotels-ha-adquirido-el-aparthotel-isabel-en-cala-bona\/#organizationLogo"},"image":{"@id":"https:\/\/eldigitaldeasturias.com\/magazine365\/la-cadena-hotelera-mallorquina-ferrer-hotels-ha-adquirido-el-aparthotel-isabel-en-cala-bona\/#organizationLogo"}},{"@type":"Person","@id":"https:\/\/eldigitaldeasturias.com\/magazine365\/author\/admin\/#author","url":"https:\/\/eldigitaldeasturias.com\/magazine365\/author\/admin\/","name":"admin","image":{"@type":"ImageObject","@id":"https:\/\/eldigitaldeasturias.com\/magazine365\/la-cadena-hotelera-mallorquina-ferrer-hotels-ha-adquirido-el-aparthotel-isabel-en-cala-bona\/#authorImage","url":"https:\/\/eldigitaldeasturias.com\/magazine365\/wp-content\/litespeed\/avatar\/e571bcf59a0edd6fa6838245a470f2fe.jpg?ver=1777574230","width":96,"height":96,"caption":"admin"}},{"@type":"WebPage","@id":"https:\/\/eldigitaldeasturias.com\/magazine365\/la-cadena-hotelera-mallorquina-ferrer-hotels-ha-adquirido-el-aparthotel-isabel-en-cala-bona\/#webpage","url":"https:\/\/eldigitaldeasturias.com\/magazine365\/la-cadena-hotelera-mallorquina-ferrer-hotels-ha-adquirido-el-aparthotel-isabel-en-cala-bona\/","name":"La cadena hotelera mallorquina Ferrer Hotels ha adquirido el Aparthotel Isabel en Cala Bona | El Digital de Asturias","description":"La cadena hotelera mallorquina Ferrer Hotels ha adquirido el Aparthotel Isabel en Cala Bona, que junto a los establecimientos Janeiro, Concord, Maristany y Tamarindos -que se ha incorporado a la cadena en la temporada 2015- completar\u00e1 su oferta, basada en el compromiso por la desestacionalizaci\u00f3n, la calidad y la segmentaci\u00f3n de mercados. Ferrer Hotels llevar\u00e1","inLanguage":"es-ES","isPartOf":{"@id":"https:\/\/eldigitaldeasturias.com\/magazine365\/#website"},"breadcrumb":{"@id":"https:\/\/eldigitaldeasturias.com\/magazine365\/la-cadena-hotelera-mallorquina-ferrer-hotels-ha-adquirido-el-aparthotel-isabel-en-cala-bona\/#breadcrumblist"},"author":{"@id":"https:\/\/eldigitaldeasturias.com\/magazine365\/author\/admin\/#author"},"creator":{"@id":"https:\/\/eldigitaldeasturias.com\/magazine365\/author\/admin\/#author"},"image":{"@type":"ImageObject","url":"https:\/\/eldigitaldeasturias.com\/magazine365\/wp-content\/uploads\/2016\/01\/fotonoticia_20160112104802_800.jpg","@id":"https:\/\/eldigitaldeasturias.com\/magazine365\/la-cadena-hotelera-mallorquina-ferrer-hotels-ha-adquirido-el-aparthotel-isabel-en-cala-bona\/#mainImage","width":800,"height":426},"primaryImageOfPage":{"@id":"https:\/\/eldigitaldeasturias.com\/magazine365\/la-cadena-hotelera-mallorquina-ferrer-hotels-ha-adquirido-el-aparthotel-isabel-en-cala-bona\/#mainImage"},"datePublished":"2016-01-12T12:23:58+01:00","dateModified":"2016-01-12T12:23:58+01:00"},{"@type":"WebSite","@id":"https:\/\/eldigitaldeasturias.com\/magazine365\/#website","url":"https:\/\/eldigitaldeasturias.com\/magazine365\/","name":"El Digital de Asturias","description":"Revista de ocio, turismo y estilo de vida","inLanguage":"es-ES","publisher":{"@id":"https:\/\/eldigitaldeasturias.com\/magazine365\/#organization"}}]},"og:locale":"es_ES","og:site_name":"El Digital de Asturias \u2013 Revista de ocio, turismo y estilo de vida","og:type":"article","og:title":"La cadena hotelera mallorquina Ferrer Hotels ha adquirido el Aparthotel Isabel en Cala Bona | El Digital de Asturias","og:description":"La cadena hotelera mallorquina Ferrer Hotels ha adquirido el Aparthotel Isabel en Cala Bona, que junto a los establecimientos Janeiro, Concord, Maristany y Tamarindos -que se ha incorporado a la cadena en la temporada 2015- completar\u00e1 su oferta, basada en el compromiso por la desestacionalizaci\u00f3n, la calidad y la segmentaci\u00f3n de mercados. Ferrer Hotels llevar\u00e1","og:url":"https:\/\/eldigitaldeasturias.com\/magazine365\/la-cadena-hotelera-mallorquina-ferrer-hotels-ha-adquirido-el-aparthotel-isabel-en-cala-bona\/","og:image":"https:\/\/eldigitaldeasturias.com\/magazine365\/wp-content\/uploads\/2016\/01\/fotonoticia_20160112104802_800.jpg","og:image:secure_url":"https:\/\/eldigitaldeasturias.com\/magazine365\/wp-content\/uploads\/2016\/01\/fotonoticia_20160112104802_800.jpg","og:image:width":800,"og:image:height":426,"article:published_time":"2016-01-12T11:23:58+00:00","article:modified_time":"2016-01-12T11:23:58+00:00","twitter:card":"summary_large_image","twitter:title":"La cadena hotelera mallorquina Ferrer Hotels ha adquirido el Aparthotel Isabel en Cala Bona | El Digital de Asturias","twitter:description":"La cadena hotelera mallorquina Ferrer Hotels ha adquirido el Aparthotel Isabel en Cala Bona, que junto a los establecimientos Janeiro, Concord, Maristany y Tamarindos -que se ha incorporado a la cadena en la temporada 2015- completar\u00e1 su oferta, basada en el compromiso por la desestacionalizaci\u00f3n, la calidad y la segmentaci\u00f3n de mercados. Ferrer Hotels llevar\u00e1","twitter:image":"https:\/\/eldigitaldeasturias.com\/magazine365\/wp-content\/uploads\/2016\/01\/fotonoticia_20160112104802_800.jpg"},"aioseo_meta_data":{"post_id":"60271","title":null,"description":null,"keywords":null,"keyphrases":null,"primary_term":null,"canonical_url":null,"og_title":null,"og_description":null,"og_object_type":"default","og_image_type":"default","og_image_url":null,"og_image_width":null,"og_image_height":null,"og_image_custom_url":null,"og_image_custom_fields":null,"og_video":null,"og_custom_url":null,"og_article_section":null,"og_article_tags":null,"twitter_use_og":false,"twitter_card":"default","twitter_image_type":"default","twitter_image_url":null,"twitter_image_custom_url":null,"twitter_image_custom_fields":null,"twitter_title":null,"twitter_description":null,"schema":{"blockGraphs":[],"customGraphs":[],"default":{"data":{"Article":[],"Course":[],"Dataset":[],"FAQPage":[],"Movie":[],"Person":[],"Product":[],"ProductReview":[],"Car":[],"Recipe":[],"Service":[],"SoftwareApplication":[],"WebPage":[]},"graphName":"","isEnabled":true},"graphs":[],"defaultGraph":"","defaultPostTypeGraph":""},"schema_type":null,"schema_type_options":null,"pillar_content":false,"robots_default":true,"robots_noindex":false,"robots_noarchive":false,"robots_nosnippet":false,"robots_nofollow":false,"robots_noimageindex":false,"robots_noodp":false,"robots_notranslate":false,"robots_max_snippet":null,"robots_max_videopreview":null,"robots_max_imagepreview":"large","priority":null,"frequency":null,"location":null,"local_seo":null,"seo_analyzer_scan_date":"2025-09-25 06:34:51","breadcrumb_settings":null,"limit_modified_date":false,"open_ai":null,"ai":null,"created":"2021-03-08 22:01:58","updated":"2025-09-25 06:34:51"},"aioseo_breadcrumb":"<div class=\"aioseo-breadcrumbs\"><span class=\"aioseo-breadcrumb\">\n\t<a href=\"https:\/\/eldigitaldeasturias.com\/magazine365\" title=\"Home\">Home<\/a>\n<\/span><span class=\"aioseo-breadcrumb-separator\">\u2013<\/span><span class=\"aioseo-breadcrumb\">\n\t<a href=\"https:\/\/eldigitaldeasturias.com\/magazine365\/category\/noticias-actualidad\/\" title=\"Noticias y Actualidad\">Noticias y Actualidad<\/a>\n<\/span><span class=\"aioseo-breadcrumb-separator\">\u2013<\/span><span class=\"aioseo-breadcrumb\">\n\t<a href=\"https:\/\/eldigitaldeasturias.com\/magazine365\/la-cadena-hotelera-mallorquina-ferrer-hotels-ha-adquirido-el-aparthotel-isabel-en-cala-bona\/\" title=\"La cadena hotelera mallorquina Ferrer Hotels ha adquirido el Aparthotel Isabel en Cala Bona\">La cadena hotelera mallorquina Ferrer Hotels ha adquirido el Aparthotel Isabel en Cala Bona<\/a>\n<\/span><\/div>","aioseo_breadcrumb_json":[{"label":"Home","link":"https:\/\/eldigitaldeasturias.com\/magazine365"},{"label":"Noticias y Actualidad","link":"https:\/\/eldigitaldeasturias.com\/magazine365\/category\/noticias-actualidad\/"},{"label":"La cadena hotelera mallorquina Ferrer Hotels ha adquirido el Aparthotel Isabel en Cala Bona","link":"https:\/\/eldigitaldeasturias.com\/magazine365\/la-cadena-hotelera-mallorquina-ferrer-hotels-ha-adquirido-el-aparthotel-isabel-en-cala-bona\/"}],"_links":{"self":[{"href":"https:\/\/eldigitaldeasturias.com\/magazine365\/wp-json\/wp\/v2\/posts\/60271","targetHints":{"allow":["GET"]}}],"collection":[{"href":"https:\/\/eldigitaldeasturias.com\/magazine365\/wp-json\/wp\/v2\/posts"}],"about":[{"href":"https:\/\/eldigitaldeasturias.com\/magazine365\/wp-json\/wp\/v2\/types\/post"}],"author":[{"embeddable":true,"href":"https:\/\/eldigitaldeasturias.com\/magazine365\/wp-json\/wp\/v2\/users\/1"}],"replies":[{"embeddable":true,"href":"https:\/\/eldigitaldeasturias.com\/magazine365\/wp-json\/wp\/v2\/comments?post=60271"}],"version-history":[{"count":0,"href":"https:\/\/eldigitaldeasturias.com\/magazine365\/wp-json\/wp\/v2\/posts\/60271\/revisions"}],"wp:featuredmedia":[{"embeddable":true,"href":"https:\/\/eldigitaldeasturias.com\/magazine365\/wp-json\/wp\/v2\/media\/60272"}],"wp:attachment":[{"href":"https:\/\/eldigitaldeasturias.com\/magazine365\/wp-json\/wp\/v2\/media?parent=60271"}],"wp:term":[{"taxonomy":"category","embeddable":true,"href":"https:\/\/eldigitaldeasturias.com\/magazine365\/wp-json\/wp\/v2\/categories?post=60271"},{"taxonomy":"post_tag","embeddable":true,"href":"https:\/\/eldigitaldeasturias.com\/magazine365\/wp-json\/wp\/v2\/tags?post=60271"}],"curies":[{"name":"wp","href":"https:\/\/api.w.org\/{rel}","templated":true}]}}