{"id":60259,"date":"2016-01-12T07:09:10","date_gmt":"2016-01-12T06:09:10","guid":{"rendered":"http:\/\/eldigitaldeasturias.com\/magazine365\/?p=60259"},"modified":"2016-01-12T07:09:10","modified_gmt":"2016-01-12T06:09:10","slug":"los-hosteleros-de-valladolid-hacen-balance-positivo-de-la-fiesta-de-la-moto","status":"publish","type":"post","link":"https:\/\/eldigitaldeasturias.com\/magazine365\/los-hosteleros-de-valladolid-hacen-balance-positivo-de-la-fiesta-de-la-moto\/","title":{"rendered":"Los hosteleros de Valladolid hacen balance \u00abpositivo\u00bb de la Fiesta de la Moto"},"content":{"rendered":"<p><img fetchpriority=\"high\" decoding=\"async\" class=\"alignleft size-medium wp-image-38698\" src=\"https:\/\/eldigitaldeasturias.com\/magazine365\/wp-content\/uploads\/2015\/06\/bar-360x239.jpg\" alt=\"bar\" width=\"360\" height=\"239\" srcset=\"https:\/\/eldigitaldeasturias.com\/magazine365\/wp-content\/uploads\/2015\/06\/bar-360x239.jpg 360w, https:\/\/eldigitaldeasturias.com\/magazine365\/wp-content\/uploads\/2015\/06\/bar-650x432.jpg 650w, https:\/\/eldigitaldeasturias.com\/magazine365\/wp-content\/uploads\/2015\/06\/bar-768x511.jpg 768w, https:\/\/eldigitaldeasturias.com\/magazine365\/wp-content\/uploads\/2015\/06\/bar-150x100.jpg 150w, https:\/\/eldigitaldeasturias.com\/magazine365\/wp-content\/uploads\/2015\/06\/bar-450x299.jpg 450w, https:\/\/eldigitaldeasturias.com\/magazine365\/wp-content\/uploads\/2015\/06\/bar-696x463.jpg 696w, https:\/\/eldigitaldeasturias.com\/magazine365\/wp-content\/uploads\/2015\/06\/bar-632x420.jpg 632w, https:\/\/eldigitaldeasturias.com\/magazine365\/wp-content\/uploads\/2015\/06\/bar-84x55.jpg 84w, https:\/\/eldigitaldeasturias.com\/magazine365\/wp-content\/uploads\/2015\/06\/bar.jpg 800w\" sizes=\"(max-width: 360px) 100vw, 360px\" \/>El presidente de la Asociaci\u00f3n Provincial de Empresarios de Hosteler\u00eda de Valladolid (Apeh), Jaime Fern\u00e1ndez Lafuente, ha calificado de \u00abpositivo\u00bb el balance de la Fiesta de la Moto para el sector en la ciudad, pese a la lluvia que ha ca\u00eddo durante buena parte de los tres d\u00edas y pese a que, sobre todo los establecimientos que se instalaron en las carpas de la Antigua H\u00edpica, han tenido escaso negocio.<\/p>\n<p>En declaraciones recogidas por Europa Press, Fern\u00e1ndez Lafuente ha subrayado que el Ayuntamiento de Valladolid y el alcalde, \u00d3scar Puente, han conseguido recuperar el ambiente motero en el segundo fin de semana de enero, y que la gente de fuera vea que la ciudad mantiene este tipo de eventos.<\/p>\n<p>Fern\u00e1ndez Lafuente ha preferido quedarse con el aspecto organizativo y el mantenimiento de las motos en Valladolid, antes que con el resultado econ\u00f3mico que hayan podido tener los hosteleros durante el pasado fin de semana, ya que ha recordado que la lluvia ha \u00abdeslucido\u00bb.<\/p>\n<p>El representante de los hosteleros ha recalcado el \u00abesfuerzo\u00bb que ha realizado el equipo de Gobierno para sacar adelante esta iniciativa en \u00abs\u00f3lo mes y medio\u00bb, pese a las complicaciones que ha habido y \u00ablos troncos que se han puente en el camino\u00bb.<\/p>\n<p>As\u00ed, Fern\u00e1ndez Lafuente ha manifestado la intenci\u00f3n de la Asociaci\u00f3n de volver a participar \u00abpara lo que haga falta\u00bb dentro de un a\u00f1o en la concentraci\u00f3n motera que se podr\u00eda celebrar en la ciudad, ya sea bajo la marca Ping\u00fcinos o con otra denominaci\u00f3n.<\/p>\n<p>\u00abEl negocio ha estado flojo, sobre todo para los hosteleros que han estado en las carpas de la H\u00edpica, pero hay que imaginarse qu\u00e9 ocurrir\u00eda si en la Feria de D\u00eda lloviera m\u00e1s del 50 por ciento de los d\u00edas\u00bb, ha explicado Fern\u00e1ndez Lafuente, quien ha recalcado que los empresarios del sector que han participado en la Fiesta de la Moto \u00abse la han jugado\u00bb, por lo que se les tendr\u00e1 en cuenta para el pr\u00f3ximo a\u00f1o, si se celebra una concentraci\u00f3n motera.<\/p>\n<p>En declaraciones a Europa Press, uno de los hosteleros que ha participado en esta edici\u00f3n ha coincidido con la visi\u00f3n de Fern\u00e1ndez Lafuente, ya que econ\u00f3micamente no han tenido un resultado positivo, algo que se achaca a la lluvia, pero tambi\u00e9n han valorado la iniciativa del Ayuntamiento para organizar el evento.<\/p>\n<p>En todo caso, de cara a 2017, ha considerado que ser\u00eda positivo poder contar con m\u00e1s tiempo para la organizaci\u00f3n, ya que ha recordado que el motero que acude a Valladolid de otros puntos de Espa\u00f1a \u00abnecesita pedirse cuatro d\u00edas en el trabajo\u00bb y contar con esa previsi\u00f3n.<\/p>\n","protected":false},"excerpt":{"rendered":"<p>El presidente de la Asociaci\u00f3n Provincial de Empresarios de Hosteler\u00eda de Valladolid (Apeh), Jaime Fern\u00e1ndez Lafuente, ha calificado de \u00abpositivo\u00bb el balance de la Fiesta de la Moto para el sector en la ciudad, pese a la lluvia que ha ca\u00eddo durante buena parte de los tres d\u00edas y pese a que, sobre todo los<\/p>\n","protected":false},"author":1,"featured_media":38698,"comment_status":"open","ping_status":"closed","sticky":false,"template":"","format":"standard","meta":{"footnotes":""},"categories":[224],"tags":[],"class_list":{"0":"post-60259","1":"post","2":"type-post","3":"status-publish","4":"format-standard","5":"has-post-thumbnail","7":"category-noticias-actualidad"},"aioseo_notices":[],"aioseo_head":"\n\t\t<!-- All in One SEO Pro 4.9.6.1 - aioseo.com -->\n\t<meta name=\"description\" content=\"El presidente de la Asociaci\u00f3n Provincial de Empresarios de Hosteler\u00eda de Valladolid (Apeh), Jaime Fern\u00e1ndez Lafuente, ha calificado de &quot;positivo&quot; el balance de la Fiesta de la Moto para el sector en la ciudad, pese a la lluvia que ha ca\u00eddo durante buena parte de los tres d\u00edas y pese a que, sobre todo los\" \/>\n\t<meta name=\"robots\" content=\"max-image-preview:large\" \/>\n\t<meta name=\"author\" content=\"admin\"\/>\n\t<meta name=\"google-site-verification\" content=\"UA-38556648-1\" \/>\n\t<meta name=\"keywords\" content=\"noticias y actualidad\" \/>\n\t<link rel=\"canonical\" href=\"https:\/\/eldigitaldeasturias.com\/magazine365\/los-hosteleros-de-valladolid-hacen-balance-positivo-de-la-fiesta-de-la-moto\/\" \/>\n\t<meta name=\"generator\" content=\"All in One SEO Pro (AIOSEO) 4.9.6.1\" \/>\n\t\t<meta property=\"og:locale\" content=\"es_ES\" \/>\n\t\t<meta property=\"og:site_name\" content=\"El Digital de Asturias \u2013 Revista de ocio, turismo y estilo de vida\" \/>\n\t\t<meta property=\"og:type\" content=\"article\" \/>\n\t\t<meta property=\"og:title\" content=\"Los hosteleros de Valladolid hacen balance \u00abpositivo\u00bb de la Fiesta de la Moto | El Digital de Asturias\" \/>\n\t\t<meta property=\"og:description\" content=\"El presidente de la Asociaci\u00f3n Provincial de Empresarios de Hosteler\u00eda de Valladolid (Apeh), Jaime Fern\u00e1ndez Lafuente, ha calificado de &quot;positivo&quot; el balance de la Fiesta de la Moto para el sector en la ciudad, pese a la lluvia que ha ca\u00eddo durante buena parte de los tres d\u00edas y pese a que, sobre todo los\" \/>\n\t\t<meta property=\"og:url\" content=\"https:\/\/eldigitaldeasturias.com\/magazine365\/los-hosteleros-de-valladolid-hacen-balance-positivo-de-la-fiesta-de-la-moto\/\" \/>\n\t\t<meta property=\"og:image\" content=\"https:\/\/eldigitaldeasturias.com\/magazine365\/wp-content\/uploads\/2015\/06\/bar.jpg\" \/>\n\t\t<meta property=\"og:image:secure_url\" content=\"https:\/\/eldigitaldeasturias.com\/magazine365\/wp-content\/uploads\/2015\/06\/bar.jpg\" \/>\n\t\t<meta property=\"og:image:width\" content=\"800\" \/>\n\t\t<meta property=\"og:image:height\" content=\"532\" \/>\n\t\t<meta property=\"article:published_time\" content=\"2016-01-12T06:09:10+00:00\" \/>\n\t\t<meta property=\"article:modified_time\" content=\"2016-01-12T06:09:10+00:00\" \/>\n\t\t<meta name=\"twitter:card\" content=\"summary_large_image\" \/>\n\t\t<meta name=\"twitter:title\" content=\"Los hosteleros de Valladolid hacen balance \u00abpositivo\u00bb de la Fiesta de la Moto | El Digital de Asturias\" \/>\n\t\t<meta name=\"twitter:description\" content=\"El presidente de la Asociaci\u00f3n Provincial de Empresarios de Hosteler\u00eda de Valladolid (Apeh), Jaime Fern\u00e1ndez Lafuente, ha calificado de &quot;positivo&quot; el balance de la Fiesta de la Moto para el sector en la ciudad, pese a la lluvia que ha ca\u00eddo durante buena parte de los tres d\u00edas y pese a que, sobre todo los\" \/>\n\t\t<meta name=\"twitter:image\" content=\"https:\/\/eldigitaldeasturias.com\/magazine365\/wp-content\/uploads\/2015\/06\/bar.jpg\" \/>\n\t\t<script type=\"application\/ld+json\" class=\"aioseo-schema\">\n\t\t\t{\"@context\":\"https:\\\/\\\/schema.org\",\"@graph\":[{\"@type\":\"Article\",\"@id\":\"https:\\\/\\\/eldigitaldeasturias.com\\\/magazine365\\\/los-hosteleros-de-valladolid-hacen-balance-positivo-de-la-fiesta-de-la-moto\\\/#article\",\"name\":\"Los hosteleros de Valladolid hacen balance \\u00abpositivo\\u00bb de la Fiesta de la Moto | El Digital de Asturias\",\"headline\":\"Los hosteleros de Valladolid hacen balance \\u00abpositivo\\u00bb de la Fiesta de la Moto\",\"author\":{\"@id\":\"https:\\\/\\\/eldigitaldeasturias.com\\\/magazine365\\\/author\\\/admin\\\/#author\"},\"publisher\":{\"@id\":\"https:\\\/\\\/eldigitaldeasturias.com\\\/magazine365\\\/#organization\"},\"image\":{\"@type\":\"ImageObject\",\"url\":\"https:\\\/\\\/eldigitaldeasturias.com\\\/magazine365\\\/wp-content\\\/uploads\\\/2015\\\/06\\\/bar.jpg\",\"width\":800,\"height\":532},\"datePublished\":\"2016-01-12T07:09:10+01:00\",\"dateModified\":\"2016-01-12T07:09:10+01:00\",\"inLanguage\":\"es-ES\",\"mainEntityOfPage\":{\"@id\":\"https:\\\/\\\/eldigitaldeasturias.com\\\/magazine365\\\/los-hosteleros-de-valladolid-hacen-balance-positivo-de-la-fiesta-de-la-moto\\\/#webpage\"},\"isPartOf\":{\"@id\":\"https:\\\/\\\/eldigitaldeasturias.com\\\/magazine365\\\/los-hosteleros-de-valladolid-hacen-balance-positivo-de-la-fiesta-de-la-moto\\\/#webpage\"},\"articleSection\":\"Noticias y Actualidad\"},{\"@type\":\"BreadcrumbList\",\"@id\":\"https:\\\/\\\/eldigitaldeasturias.com\\\/magazine365\\\/los-hosteleros-de-valladolid-hacen-balance-positivo-de-la-fiesta-de-la-moto\\\/#breadcrumblist\",\"itemListElement\":[{\"@type\":\"ListItem\",\"@id\":\"https:\\\/\\\/eldigitaldeasturias.com\\\/magazine365#listItem\",\"position\":1,\"name\":\"Home\",\"item\":\"https:\\\/\\\/eldigitaldeasturias.com\\\/magazine365\",\"nextItem\":{\"@type\":\"ListItem\",\"@id\":\"https:\\\/\\\/eldigitaldeasturias.com\\\/magazine365\\\/category\\\/noticias-actualidad\\\/#listItem\",\"name\":\"Noticias y Actualidad\"}},{\"@type\":\"ListItem\",\"@id\":\"https:\\\/\\\/eldigitaldeasturias.com\\\/magazine365\\\/category\\\/noticias-actualidad\\\/#listItem\",\"position\":2,\"name\":\"Noticias y Actualidad\",\"item\":\"https:\\\/\\\/eldigitaldeasturias.com\\\/magazine365\\\/category\\\/noticias-actualidad\\\/\",\"nextItem\":{\"@type\":\"ListItem\",\"@id\":\"https:\\\/\\\/eldigitaldeasturias.com\\\/magazine365\\\/los-hosteleros-de-valladolid-hacen-balance-positivo-de-la-fiesta-de-la-moto\\\/#listItem\",\"name\":\"Los hosteleros de Valladolid hacen balance \\u00abpositivo\\u00bb de la Fiesta de la Moto\"},\"previousItem\":{\"@type\":\"ListItem\",\"@id\":\"https:\\\/\\\/eldigitaldeasturias.com\\\/magazine365#listItem\",\"name\":\"Home\"}},{\"@type\":\"ListItem\",\"@id\":\"https:\\\/\\\/eldigitaldeasturias.com\\\/magazine365\\\/los-hosteleros-de-valladolid-hacen-balance-positivo-de-la-fiesta-de-la-moto\\\/#listItem\",\"position\":3,\"name\":\"Los hosteleros de Valladolid hacen balance \\u00abpositivo\\u00bb de la Fiesta de la Moto\",\"previousItem\":{\"@type\":\"ListItem\",\"@id\":\"https:\\\/\\\/eldigitaldeasturias.com\\\/magazine365\\\/category\\\/noticias-actualidad\\\/#listItem\",\"name\":\"Noticias y Actualidad\"}}]},{\"@type\":\"Organization\",\"@id\":\"https:\\\/\\\/eldigitaldeasturias.com\\\/magazine365\\\/#organization\",\"name\":\"El digital de Asturias\",\"description\":\"Revista de ocio, turismo y estilo de vida\",\"url\":\"https:\\\/\\\/eldigitaldeasturias.com\\\/magazine365\\\/\",\"logo\":{\"@type\":\"ImageObject\",\"url\":\"https:\\\/\\\/www.eldigitaldeasturias.com\\\/noticias\\\/wp-content\\\/uploads\\\/2020\\\/12\\\/EDA.jpg\",\"@id\":\"https:\\\/\\\/eldigitaldeasturias.com\\\/magazine365\\\/los-hosteleros-de-valladolid-hacen-balance-positivo-de-la-fiesta-de-la-moto\\\/#organizationLogo\"},\"image\":{\"@id\":\"https:\\\/\\\/eldigitaldeasturias.com\\\/magazine365\\\/los-hosteleros-de-valladolid-hacen-balance-positivo-de-la-fiesta-de-la-moto\\\/#organizationLogo\"}},{\"@type\":\"Person\",\"@id\":\"https:\\\/\\\/eldigitaldeasturias.com\\\/magazine365\\\/author\\\/admin\\\/#author\",\"url\":\"https:\\\/\\\/eldigitaldeasturias.com\\\/magazine365\\\/author\\\/admin\\\/\",\"name\":\"admin\",\"image\":{\"@type\":\"ImageObject\",\"@id\":\"https:\\\/\\\/eldigitaldeasturias.com\\\/magazine365\\\/los-hosteleros-de-valladolid-hacen-balance-positivo-de-la-fiesta-de-la-moto\\\/#authorImage\",\"url\":\"https:\\\/\\\/eldigitaldeasturias.com\\\/magazine365\\\/wp-content\\\/litespeed\\\/avatar\\\/e571bcf59a0edd6fa6838245a470f2fe.jpg?ver=1777574230\",\"width\":96,\"height\":96,\"caption\":\"admin\"}},{\"@type\":\"WebPage\",\"@id\":\"https:\\\/\\\/eldigitaldeasturias.com\\\/magazine365\\\/los-hosteleros-de-valladolid-hacen-balance-positivo-de-la-fiesta-de-la-moto\\\/#webpage\",\"url\":\"https:\\\/\\\/eldigitaldeasturias.com\\\/magazine365\\\/los-hosteleros-de-valladolid-hacen-balance-positivo-de-la-fiesta-de-la-moto\\\/\",\"name\":\"Los hosteleros de Valladolid hacen balance \\u00abpositivo\\u00bb de la Fiesta de la Moto | El Digital de Asturias\",\"description\":\"El presidente de la Asociaci\\u00f3n Provincial de Empresarios de Hosteler\\u00eda de Valladolid (Apeh), Jaime Fern\\u00e1ndez Lafuente, ha calificado de \\\"positivo\\\" el balance de la Fiesta de la Moto para el sector en la ciudad, pese a la lluvia que ha ca\\u00eddo durante buena parte de los tres d\\u00edas y pese a que, sobre todo los\",\"inLanguage\":\"es-ES\",\"isPartOf\":{\"@id\":\"https:\\\/\\\/eldigitaldeasturias.com\\\/magazine365\\\/#website\"},\"breadcrumb\":{\"@id\":\"https:\\\/\\\/eldigitaldeasturias.com\\\/magazine365\\\/los-hosteleros-de-valladolid-hacen-balance-positivo-de-la-fiesta-de-la-moto\\\/#breadcrumblist\"},\"author\":{\"@id\":\"https:\\\/\\\/eldigitaldeasturias.com\\\/magazine365\\\/author\\\/admin\\\/#author\"},\"creator\":{\"@id\":\"https:\\\/\\\/eldigitaldeasturias.com\\\/magazine365\\\/author\\\/admin\\\/#author\"},\"image\":{\"@type\":\"ImageObject\",\"url\":\"https:\\\/\\\/eldigitaldeasturias.com\\\/magazine365\\\/wp-content\\\/uploads\\\/2015\\\/06\\\/bar.jpg\",\"@id\":\"https:\\\/\\\/eldigitaldeasturias.com\\\/magazine365\\\/los-hosteleros-de-valladolid-hacen-balance-positivo-de-la-fiesta-de-la-moto\\\/#mainImage\",\"width\":800,\"height\":532},\"primaryImageOfPage\":{\"@id\":\"https:\\\/\\\/eldigitaldeasturias.com\\\/magazine365\\\/los-hosteleros-de-valladolid-hacen-balance-positivo-de-la-fiesta-de-la-moto\\\/#mainImage\"},\"datePublished\":\"2016-01-12T07:09:10+01:00\",\"dateModified\":\"2016-01-12T07:09:10+01:00\"},{\"@type\":\"WebSite\",\"@id\":\"https:\\\/\\\/eldigitaldeasturias.com\\\/magazine365\\\/#website\",\"url\":\"https:\\\/\\\/eldigitaldeasturias.com\\\/magazine365\\\/\",\"name\":\"El Digital de Asturias\",\"description\":\"Revista de ocio, turismo y estilo de vida\",\"inLanguage\":\"es-ES\",\"publisher\":{\"@id\":\"https:\\\/\\\/eldigitaldeasturias.com\\\/magazine365\\\/#organization\"}}]}\n\t\t<\/script>\n\t\t<!-- All in One SEO Pro -->\r\n\t\t<title>Los hosteleros de Valladolid hacen balance \u00abpositivo\u00bb de la Fiesta de la Moto | El Digital de Asturias<\/title>\n\n","aioseo_head_json":{"title":"Los hosteleros de Valladolid hacen balance \u00abpositivo\u00bb de la Fiesta de la Moto | El Digital de Asturias","description":"El presidente de la Asociaci\u00f3n Provincial de Empresarios de Hosteler\u00eda de Valladolid (Apeh), Jaime Fern\u00e1ndez Lafuente, ha calificado de \"positivo\" el balance de la Fiesta de la Moto para el sector en la ciudad, pese a la lluvia que ha ca\u00eddo durante buena parte de los tres d\u00edas y pese a que, sobre todo los","canonical_url":"https:\/\/eldigitaldeasturias.com\/magazine365\/los-hosteleros-de-valladolid-hacen-balance-positivo-de-la-fiesta-de-la-moto\/","robots":"max-image-preview:large","keywords":"noticias y actualidad","webmasterTools":{"google-site-verification":"UA-38556648-1","miscellaneous":""},"schema":{"@context":"https:\/\/schema.org","@graph":[{"@type":"Article","@id":"https:\/\/eldigitaldeasturias.com\/magazine365\/los-hosteleros-de-valladolid-hacen-balance-positivo-de-la-fiesta-de-la-moto\/#article","name":"Los hosteleros de Valladolid hacen balance \u00abpositivo\u00bb de la Fiesta de la Moto | El Digital de Asturias","headline":"Los hosteleros de Valladolid hacen balance \u00abpositivo\u00bb de la Fiesta de la Moto","author":{"@id":"https:\/\/eldigitaldeasturias.com\/magazine365\/author\/admin\/#author"},"publisher":{"@id":"https:\/\/eldigitaldeasturias.com\/magazine365\/#organization"},"image":{"@type":"ImageObject","url":"https:\/\/eldigitaldeasturias.com\/magazine365\/wp-content\/uploads\/2015\/06\/bar.jpg","width":800,"height":532},"datePublished":"2016-01-12T07:09:10+01:00","dateModified":"2016-01-12T07:09:10+01:00","inLanguage":"es-ES","mainEntityOfPage":{"@id":"https:\/\/eldigitaldeasturias.com\/magazine365\/los-hosteleros-de-valladolid-hacen-balance-positivo-de-la-fiesta-de-la-moto\/#webpage"},"isPartOf":{"@id":"https:\/\/eldigitaldeasturias.com\/magazine365\/los-hosteleros-de-valladolid-hacen-balance-positivo-de-la-fiesta-de-la-moto\/#webpage"},"articleSection":"Noticias y Actualidad"},{"@type":"BreadcrumbList","@id":"https:\/\/eldigitaldeasturias.com\/magazine365\/los-hosteleros-de-valladolid-hacen-balance-positivo-de-la-fiesta-de-la-moto\/#breadcrumblist","itemListElement":[{"@type":"ListItem","@id":"https:\/\/eldigitaldeasturias.com\/magazine365#listItem","position":1,"name":"Home","item":"https:\/\/eldigitaldeasturias.com\/magazine365","nextItem":{"@type":"ListItem","@id":"https:\/\/eldigitaldeasturias.com\/magazine365\/category\/noticias-actualidad\/#listItem","name":"Noticias y Actualidad"}},{"@type":"ListItem","@id":"https:\/\/eldigitaldeasturias.com\/magazine365\/category\/noticias-actualidad\/#listItem","position":2,"name":"Noticias y Actualidad","item":"https:\/\/eldigitaldeasturias.com\/magazine365\/category\/noticias-actualidad\/","nextItem":{"@type":"ListItem","@id":"https:\/\/eldigitaldeasturias.com\/magazine365\/los-hosteleros-de-valladolid-hacen-balance-positivo-de-la-fiesta-de-la-moto\/#listItem","name":"Los hosteleros de Valladolid hacen balance \u00abpositivo\u00bb de la Fiesta de la Moto"},"previousItem":{"@type":"ListItem","@id":"https:\/\/eldigitaldeasturias.com\/magazine365#listItem","name":"Home"}},{"@type":"ListItem","@id":"https:\/\/eldigitaldeasturias.com\/magazine365\/los-hosteleros-de-valladolid-hacen-balance-positivo-de-la-fiesta-de-la-moto\/#listItem","position":3,"name":"Los hosteleros de Valladolid hacen balance \u00abpositivo\u00bb de la Fiesta de la Moto","previousItem":{"@type":"ListItem","@id":"https:\/\/eldigitaldeasturias.com\/magazine365\/category\/noticias-actualidad\/#listItem","name":"Noticias y Actualidad"}}]},{"@type":"Organization","@id":"https:\/\/eldigitaldeasturias.com\/magazine365\/#organization","name":"El digital de Asturias","description":"Revista de ocio, turismo y estilo de vida","url":"https:\/\/eldigitaldeasturias.com\/magazine365\/","logo":{"@type":"ImageObject","url":"https:\/\/www.eldigitaldeasturias.com\/noticias\/wp-content\/uploads\/2020\/12\/EDA.jpg","@id":"https:\/\/eldigitaldeasturias.com\/magazine365\/los-hosteleros-de-valladolid-hacen-balance-positivo-de-la-fiesta-de-la-moto\/#organizationLogo"},"image":{"@id":"https:\/\/eldigitaldeasturias.com\/magazine365\/los-hosteleros-de-valladolid-hacen-balance-positivo-de-la-fiesta-de-la-moto\/#organizationLogo"}},{"@type":"Person","@id":"https:\/\/eldigitaldeasturias.com\/magazine365\/author\/admin\/#author","url":"https:\/\/eldigitaldeasturias.com\/magazine365\/author\/admin\/","name":"admin","image":{"@type":"ImageObject","@id":"https:\/\/eldigitaldeasturias.com\/magazine365\/los-hosteleros-de-valladolid-hacen-balance-positivo-de-la-fiesta-de-la-moto\/#authorImage","url":"https:\/\/eldigitaldeasturias.com\/magazine365\/wp-content\/litespeed\/avatar\/e571bcf59a0edd6fa6838245a470f2fe.jpg?ver=1777574230","width":96,"height":96,"caption":"admin"}},{"@type":"WebPage","@id":"https:\/\/eldigitaldeasturias.com\/magazine365\/los-hosteleros-de-valladolid-hacen-balance-positivo-de-la-fiesta-de-la-moto\/#webpage","url":"https:\/\/eldigitaldeasturias.com\/magazine365\/los-hosteleros-de-valladolid-hacen-balance-positivo-de-la-fiesta-de-la-moto\/","name":"Los hosteleros de Valladolid hacen balance \u00abpositivo\u00bb de la Fiesta de la Moto | El Digital de Asturias","description":"El presidente de la Asociaci\u00f3n Provincial de Empresarios de Hosteler\u00eda de Valladolid (Apeh), Jaime Fern\u00e1ndez Lafuente, ha calificado de \"positivo\" el balance de la Fiesta de la Moto para el sector en la ciudad, pese a la lluvia que ha ca\u00eddo durante buena parte de los tres d\u00edas y pese a que, sobre todo los","inLanguage":"es-ES","isPartOf":{"@id":"https:\/\/eldigitaldeasturias.com\/magazine365\/#website"},"breadcrumb":{"@id":"https:\/\/eldigitaldeasturias.com\/magazine365\/los-hosteleros-de-valladolid-hacen-balance-positivo-de-la-fiesta-de-la-moto\/#breadcrumblist"},"author":{"@id":"https:\/\/eldigitaldeasturias.com\/magazine365\/author\/admin\/#author"},"creator":{"@id":"https:\/\/eldigitaldeasturias.com\/magazine365\/author\/admin\/#author"},"image":{"@type":"ImageObject","url":"https:\/\/eldigitaldeasturias.com\/magazine365\/wp-content\/uploads\/2015\/06\/bar.jpg","@id":"https:\/\/eldigitaldeasturias.com\/magazine365\/los-hosteleros-de-valladolid-hacen-balance-positivo-de-la-fiesta-de-la-moto\/#mainImage","width":800,"height":532},"primaryImageOfPage":{"@id":"https:\/\/eldigitaldeasturias.com\/magazine365\/los-hosteleros-de-valladolid-hacen-balance-positivo-de-la-fiesta-de-la-moto\/#mainImage"},"datePublished":"2016-01-12T07:09:10+01:00","dateModified":"2016-01-12T07:09:10+01:00"},{"@type":"WebSite","@id":"https:\/\/eldigitaldeasturias.com\/magazine365\/#website","url":"https:\/\/eldigitaldeasturias.com\/magazine365\/","name":"El Digital de Asturias","description":"Revista de ocio, turismo y estilo de vida","inLanguage":"es-ES","publisher":{"@id":"https:\/\/eldigitaldeasturias.com\/magazine365\/#organization"}}]},"og:locale":"es_ES","og:site_name":"El Digital de Asturias \u2013 Revista de ocio, turismo y estilo de vida","og:type":"article","og:title":"Los hosteleros de Valladolid hacen balance \u00abpositivo\u00bb de la Fiesta de la Moto | El Digital de Asturias","og:description":"El presidente de la Asociaci\u00f3n Provincial de Empresarios de Hosteler\u00eda de Valladolid (Apeh), Jaime Fern\u00e1ndez Lafuente, ha calificado de &quot;positivo&quot; el balance de la Fiesta de la Moto para el sector en la ciudad, pese a la lluvia que ha ca\u00eddo durante buena parte de los tres d\u00edas y pese a que, sobre todo los","og:url":"https:\/\/eldigitaldeasturias.com\/magazine365\/los-hosteleros-de-valladolid-hacen-balance-positivo-de-la-fiesta-de-la-moto\/","og:image":"https:\/\/eldigitaldeasturias.com\/magazine365\/wp-content\/uploads\/2015\/06\/bar.jpg","og:image:secure_url":"https:\/\/eldigitaldeasturias.com\/magazine365\/wp-content\/uploads\/2015\/06\/bar.jpg","og:image:width":800,"og:image:height":532,"article:published_time":"2016-01-12T06:09:10+00:00","article:modified_time":"2016-01-12T06:09:10+00:00","twitter:card":"summary_large_image","twitter:title":"Los hosteleros de Valladolid hacen balance \u00abpositivo\u00bb de la Fiesta de la Moto | El Digital de Asturias","twitter:description":"El presidente de la Asociaci\u00f3n Provincial de Empresarios de Hosteler\u00eda de Valladolid (Apeh), Jaime Fern\u00e1ndez Lafuente, ha calificado de &quot;positivo&quot; el balance de la Fiesta de la Moto para el sector en la ciudad, pese a la lluvia que ha ca\u00eddo durante buena parte de los tres d\u00edas y pese a que, sobre todo los","twitter:image":"https:\/\/eldigitaldeasturias.com\/magazine365\/wp-content\/uploads\/2015\/06\/bar.jpg"},"aioseo_meta_data":{"post_id":"60259","title":null,"description":null,"keywords":null,"keyphrases":null,"primary_term":null,"canonical_url":null,"og_title":null,"og_description":null,"og_object_type":"default","og_image_type":"default","og_image_url":null,"og_image_width":null,"og_image_height":null,"og_image_custom_url":null,"og_image_custom_fields":null,"og_video":null,"og_custom_url":null,"og_article_section":null,"og_article_tags":null,"twitter_use_og":false,"twitter_card":"default","twitter_image_type":"default","twitter_image_url":null,"twitter_image_custom_url":null,"twitter_image_custom_fields":null,"twitter_title":null,"twitter_description":null,"schema":{"blockGraphs":[],"customGraphs":[],"default":{"data":{"Article":[],"Course":[],"Dataset":[],"FAQPage":[],"Movie":[],"Person":[],"Product":[],"ProductReview":[],"Car":[],"Recipe":[],"Service":[],"SoftwareApplication":[],"WebPage":[]},"graphName":"","isEnabled":true},"graphs":[],"defaultGraph":"","defaultPostTypeGraph":""},"schema_type":null,"schema_type_options":null,"pillar_content":false,"robots_default":true,"robots_noindex":false,"robots_noarchive":false,"robots_nosnippet":false,"robots_nofollow":false,"robots_noimageindex":false,"robots_noodp":false,"robots_notranslate":false,"robots_max_snippet":null,"robots_max_videopreview":null,"robots_max_imagepreview":"large","priority":null,"frequency":null,"location":null,"local_seo":null,"seo_analyzer_scan_date":"2025-09-25 06:33:12","breadcrumb_settings":null,"limit_modified_date":false,"open_ai":null,"ai":null,"created":"2021-03-08 22:02:40","updated":"2025-09-25 06:33:12"},"aioseo_breadcrumb":"<div class=\"aioseo-breadcrumbs\"><span class=\"aioseo-breadcrumb\">\n\t<a href=\"https:\/\/eldigitaldeasturias.com\/magazine365\" title=\"Home\">Home<\/a>\n<\/span><span class=\"aioseo-breadcrumb-separator\">\u2013<\/span><span class=\"aioseo-breadcrumb\">\n\t<a href=\"https:\/\/eldigitaldeasturias.com\/magazine365\/category\/noticias-actualidad\/\" title=\"Noticias y Actualidad\">Noticias y Actualidad<\/a>\n<\/span><span class=\"aioseo-breadcrumb-separator\">\u2013<\/span><span class=\"aioseo-breadcrumb\">\n\t<a href=\"https:\/\/eldigitaldeasturias.com\/magazine365\/los-hosteleros-de-valladolid-hacen-balance-positivo-de-la-fiesta-de-la-moto\/\" title=\"Los hosteleros de Valladolid hacen balance \u00abpositivo\u00bb de la Fiesta de la Moto\">Los hosteleros de Valladolid hacen balance \u00abpositivo\u00bb de la Fiesta de la Moto<\/a>\n<\/span><\/div>","aioseo_breadcrumb_json":[{"label":"Home","link":"https:\/\/eldigitaldeasturias.com\/magazine365"},{"label":"Noticias y Actualidad","link":"https:\/\/eldigitaldeasturias.com\/magazine365\/category\/noticias-actualidad\/"},{"label":"Los hosteleros de Valladolid hacen balance \u00abpositivo\u00bb de la Fiesta de la Moto","link":"https:\/\/eldigitaldeasturias.com\/magazine365\/los-hosteleros-de-valladolid-hacen-balance-positivo-de-la-fiesta-de-la-moto\/"}],"_links":{"self":[{"href":"https:\/\/eldigitaldeasturias.com\/magazine365\/wp-json\/wp\/v2\/posts\/60259","targetHints":{"allow":["GET"]}}],"collection":[{"href":"https:\/\/eldigitaldeasturias.com\/magazine365\/wp-json\/wp\/v2\/posts"}],"about":[{"href":"https:\/\/eldigitaldeasturias.com\/magazine365\/wp-json\/wp\/v2\/types\/post"}],"author":[{"embeddable":true,"href":"https:\/\/eldigitaldeasturias.com\/magazine365\/wp-json\/wp\/v2\/users\/1"}],"replies":[{"embeddable":true,"href":"https:\/\/eldigitaldeasturias.com\/magazine365\/wp-json\/wp\/v2\/comments?post=60259"}],"version-history":[{"count":0,"href":"https:\/\/eldigitaldeasturias.com\/magazine365\/wp-json\/wp\/v2\/posts\/60259\/revisions"}],"wp:featuredmedia":[{"embeddable":true,"href":"https:\/\/eldigitaldeasturias.com\/magazine365\/wp-json\/wp\/v2\/media\/38698"}],"wp:attachment":[{"href":"https:\/\/eldigitaldeasturias.com\/magazine365\/wp-json\/wp\/v2\/media?parent=60259"}],"wp:term":[{"taxonomy":"category","embeddable":true,"href":"https:\/\/eldigitaldeasturias.com\/magazine365\/wp-json\/wp\/v2\/categories?post=60259"},{"taxonomy":"post_tag","embeddable":true,"href":"https:\/\/eldigitaldeasturias.com\/magazine365\/wp-json\/wp\/v2\/tags?post=60259"}],"curies":[{"name":"wp","href":"https:\/\/api.w.org\/{rel}","templated":true}]}}