{"id":60256,"date":"2016-01-12T07:07:51","date_gmt":"2016-01-12T06:07:51","guid":{"rendered":"http:\/\/eldigitaldeasturias.com\/magazine365\/?p=60256"},"modified":"2016-01-12T07:07:51","modified_gmt":"2016-01-12T06:07:51","slug":"caen-casi-un-10-las-visitas-a-los-museos-dali-en-2015","status":"publish","type":"post","link":"https:\/\/eldigitaldeasturias.com\/magazine365\/caen-casi-un-10-las-visitas-a-los-museos-dali-en-2015\/","title":{"rendered":"Caen casi un 10% las visitas a los museos Dal\u00ed en 2015"},"content":{"rendered":"<p><img fetchpriority=\"high\" decoding=\"async\" class=\"alignleft size-medium wp-image-60257\" src=\"https:\/\/eldigitaldeasturias.com\/magazine365\/wp-content\/uploads\/2016\/01\/fotonoticia_20160111193528_800-227x300.jpg\" alt=\"fotonoticia_20160111193528_800\" width=\"227\" height=\"300\" srcset=\"https:\/\/eldigitaldeasturias.com\/magazine365\/wp-content\/uploads\/2016\/01\/fotonoticia_20160111193528_800-227x300.jpg 227w, https:\/\/eldigitaldeasturias.com\/magazine365\/wp-content\/uploads\/2016\/01\/fotonoticia_20160111193528_800-484x640.jpg 484w, https:\/\/eldigitaldeasturias.com\/magazine365\/wp-content\/uploads\/2016\/01\/fotonoticia_20160111193528_800-768x1015.jpg 768w, https:\/\/eldigitaldeasturias.com\/magazine365\/wp-content\/uploads\/2016\/01\/fotonoticia_20160111193528_800-150x198.jpg 150w, https:\/\/eldigitaldeasturias.com\/magazine365\/wp-content\/uploads\/2016\/01\/fotonoticia_20160111193528_800-450x595.jpg 450w, https:\/\/eldigitaldeasturias.com\/magazine365\/wp-content\/uploads\/2016\/01\/fotonoticia_20160111193528_800-696x920.jpg 696w, https:\/\/eldigitaldeasturias.com\/magazine365\/wp-content\/uploads\/2016\/01\/fotonoticia_20160111193528_800-318x420.jpg 318w, https:\/\/eldigitaldeasturias.com\/magazine365\/wp-content\/uploads\/2016\/01\/fotonoticia_20160111193528_800.jpg 800w\" sizes=\"(max-width: 227px) 100vw, 227px\" \/>Las visitas a los tres museos Dal\u00ed que hay en la provincia de Girona han ca\u00eddo un 9,5% durante el \u00faltimo a\u00f1o, un hecho que des de la Fundaci\u00f3n atribuyen exclusivamente a la ca\u00edda del turismo ruso en el \u00faltimo a\u00f1o.<\/p>\n<p>En declaraciones a Europa Press, el Gerente de la Fundaci\u00f3n Gala Dal\u00ed, Joan Manuel Sevillano, ha explicado que \u00abest\u00e1n muy tranquilos\u00bb ya que las cifras, pese a la ca\u00edda respecto a 2014, siguen siendo buenas.<\/p>\n<p>En total, han pasado por los museos Dal\u00ed 1.390.018 visitantes, la gran mayor\u00eda de ellos se centran en el Museu de Figueres (1.162.124), mientras que por la Casa Castillo de P\u00fabol pasaron 88.034 visitantes y 138.860 visitaron la Casa Dal\u00ed de Portlligat.<\/p>\n<p>Sevillano tambi\u00e9n ha comentado que les tranquiliza el hecho de que la din\u00e1mica sigue siendo muy robusta y con una base s\u00f3lida, adem\u00e1s de ver que el inter\u00e9s por Dal\u00ed sigue siendo \u00abenorme\u00bb.<\/p>\n<p>En este sentido ha dicho que despu\u00e9s de unos a\u00f1os aumentando el n\u00famero de visitantes era \u00abl\u00f3gico\u00bb un cierto estancamiento, pero conf\u00edan en que la apuesta por abrir mercado en China les haga sumar visitantes.<\/p>\n","protected":false},"excerpt":{"rendered":"<p>Las visitas a los tres museos Dal\u00ed que hay en la provincia de Girona han ca\u00eddo un 9,5% durante el \u00faltimo a\u00f1o, un hecho que des de la Fundaci\u00f3n atribuyen exclusivamente a la ca\u00edda del turismo ruso en el \u00faltimo a\u00f1o. En declaraciones a Europa Press, el Gerente de la Fundaci\u00f3n Gala Dal\u00ed, Joan Manuel<\/p>\n","protected":false},"author":1,"featured_media":60257,"comment_status":"open","ping_status":"closed","sticky":false,"template":"","format":"standard","meta":{"footnotes":""},"categories":[224],"tags":[],"class_list":{"0":"post-60256","1":"post","2":"type-post","3":"status-publish","4":"format-standard","5":"has-post-thumbnail","7":"category-noticias-actualidad"},"aioseo_notices":[],"aioseo_head":"\n\t\t<!-- All in One SEO Pro 4.9.6.1 - aioseo.com -->\n\t<meta name=\"description\" content=\"Las visitas a los tres museos Dal\u00ed que hay en la provincia de Girona han ca\u00eddo un 9,5% durante el \u00faltimo a\u00f1o, un hecho que des de la Fundaci\u00f3n atribuyen exclusivamente a la ca\u00edda del turismo ruso en el \u00faltimo a\u00f1o. En declaraciones a Europa Press, el Gerente de la Fundaci\u00f3n Gala Dal\u00ed, Joan Manuel\" \/>\n\t<meta name=\"robots\" content=\"max-image-preview:large\" \/>\n\t<meta name=\"author\" content=\"admin\"\/>\n\t<meta name=\"google-site-verification\" content=\"UA-38556648-1\" \/>\n\t<meta name=\"keywords\" content=\"noticias y actualidad\" \/>\n\t<link rel=\"canonical\" href=\"https:\/\/eldigitaldeasturias.com\/magazine365\/caen-casi-un-10-las-visitas-a-los-museos-dali-en-2015\/\" \/>\n\t<meta name=\"generator\" content=\"All in One SEO Pro (AIOSEO) 4.9.6.1\" \/>\n\t\t<meta property=\"og:locale\" content=\"es_ES\" \/>\n\t\t<meta property=\"og:site_name\" content=\"El Digital de Asturias \u2013 Revista de ocio, turismo y estilo de vida\" \/>\n\t\t<meta property=\"og:type\" content=\"article\" \/>\n\t\t<meta property=\"og:title\" content=\"Caen casi un 10% las visitas a los museos Dal\u00ed en 2015 | El Digital de Asturias\" \/>\n\t\t<meta property=\"og:description\" content=\"Las visitas a los tres museos Dal\u00ed que hay en la provincia de Girona han ca\u00eddo un 9,5% durante el \u00faltimo a\u00f1o, un hecho que des de la Fundaci\u00f3n atribuyen exclusivamente a la ca\u00edda del turismo ruso en el \u00faltimo a\u00f1o. En declaraciones a Europa Press, el Gerente de la Fundaci\u00f3n Gala Dal\u00ed, Joan Manuel\" \/>\n\t\t<meta property=\"og:url\" content=\"https:\/\/eldigitaldeasturias.com\/magazine365\/caen-casi-un-10-las-visitas-a-los-museos-dali-en-2015\/\" \/>\n\t\t<meta property=\"og:image\" content=\"https:\/\/eldigitaldeasturias.com\/magazine365\/wp-content\/uploads\/2016\/01\/fotonoticia_20160111193528_800.jpg\" \/>\n\t\t<meta property=\"og:image:secure_url\" content=\"https:\/\/eldigitaldeasturias.com\/magazine365\/wp-content\/uploads\/2016\/01\/fotonoticia_20160111193528_800.jpg\" \/>\n\t\t<meta property=\"og:image:width\" content=\"800\" \/>\n\t\t<meta property=\"og:image:height\" content=\"1057\" \/>\n\t\t<meta property=\"article:published_time\" content=\"2016-01-12T06:07:51+00:00\" \/>\n\t\t<meta property=\"article:modified_time\" content=\"2016-01-12T06:07:51+00:00\" \/>\n\t\t<meta name=\"twitter:card\" content=\"summary_large_image\" \/>\n\t\t<meta name=\"twitter:title\" content=\"Caen casi un 10% las visitas a los museos Dal\u00ed en 2015 | El Digital de Asturias\" \/>\n\t\t<meta name=\"twitter:description\" content=\"Las visitas a los tres museos Dal\u00ed que hay en la provincia de Girona han ca\u00eddo un 9,5% durante el \u00faltimo a\u00f1o, un hecho que des de la Fundaci\u00f3n atribuyen exclusivamente a la ca\u00edda del turismo ruso en el \u00faltimo a\u00f1o. En declaraciones a Europa Press, el Gerente de la Fundaci\u00f3n Gala Dal\u00ed, Joan Manuel\" \/>\n\t\t<meta name=\"twitter:image\" content=\"https:\/\/eldigitaldeasturias.com\/magazine365\/wp-content\/uploads\/2016\/01\/fotonoticia_20160111193528_800.jpg\" \/>\n\t\t<script type=\"application\/ld+json\" class=\"aioseo-schema\">\n\t\t\t{\"@context\":\"https:\\\/\\\/schema.org\",\"@graph\":[{\"@type\":\"Article\",\"@id\":\"https:\\\/\\\/eldigitaldeasturias.com\\\/magazine365\\\/caen-casi-un-10-las-visitas-a-los-museos-dali-en-2015\\\/#article\",\"name\":\"Caen casi un 10% las visitas a los museos Dal\\u00ed en 2015 | El Digital de Asturias\",\"headline\":\"Caen casi un 10% las visitas a los museos Dal\\u00ed en 2015\",\"author\":{\"@id\":\"https:\\\/\\\/eldigitaldeasturias.com\\\/magazine365\\\/author\\\/admin\\\/#author\"},\"publisher\":{\"@id\":\"https:\\\/\\\/eldigitaldeasturias.com\\\/magazine365\\\/#organization\"},\"image\":{\"@type\":\"ImageObject\",\"url\":\"https:\\\/\\\/eldigitaldeasturias.com\\\/magazine365\\\/wp-content\\\/uploads\\\/2016\\\/01\\\/fotonoticia_20160111193528_800.jpg\",\"width\":800,\"height\":1057},\"datePublished\":\"2016-01-12T07:07:51+01:00\",\"dateModified\":\"2016-01-12T07:07:51+01:00\",\"inLanguage\":\"es-ES\",\"mainEntityOfPage\":{\"@id\":\"https:\\\/\\\/eldigitaldeasturias.com\\\/magazine365\\\/caen-casi-un-10-las-visitas-a-los-museos-dali-en-2015\\\/#webpage\"},\"isPartOf\":{\"@id\":\"https:\\\/\\\/eldigitaldeasturias.com\\\/magazine365\\\/caen-casi-un-10-las-visitas-a-los-museos-dali-en-2015\\\/#webpage\"},\"articleSection\":\"Noticias y Actualidad\"},{\"@type\":\"BreadcrumbList\",\"@id\":\"https:\\\/\\\/eldigitaldeasturias.com\\\/magazine365\\\/caen-casi-un-10-las-visitas-a-los-museos-dali-en-2015\\\/#breadcrumblist\",\"itemListElement\":[{\"@type\":\"ListItem\",\"@id\":\"https:\\\/\\\/eldigitaldeasturias.com\\\/magazine365#listItem\",\"position\":1,\"name\":\"Home\",\"item\":\"https:\\\/\\\/eldigitaldeasturias.com\\\/magazine365\",\"nextItem\":{\"@type\":\"ListItem\",\"@id\":\"https:\\\/\\\/eldigitaldeasturias.com\\\/magazine365\\\/category\\\/noticias-actualidad\\\/#listItem\",\"name\":\"Noticias y Actualidad\"}},{\"@type\":\"ListItem\",\"@id\":\"https:\\\/\\\/eldigitaldeasturias.com\\\/magazine365\\\/category\\\/noticias-actualidad\\\/#listItem\",\"position\":2,\"name\":\"Noticias y Actualidad\",\"item\":\"https:\\\/\\\/eldigitaldeasturias.com\\\/magazine365\\\/category\\\/noticias-actualidad\\\/\",\"nextItem\":{\"@type\":\"ListItem\",\"@id\":\"https:\\\/\\\/eldigitaldeasturias.com\\\/magazine365\\\/caen-casi-un-10-las-visitas-a-los-museos-dali-en-2015\\\/#listItem\",\"name\":\"Caen casi un 10% las visitas a los museos Dal\\u00ed en 2015\"},\"previousItem\":{\"@type\":\"ListItem\",\"@id\":\"https:\\\/\\\/eldigitaldeasturias.com\\\/magazine365#listItem\",\"name\":\"Home\"}},{\"@type\":\"ListItem\",\"@id\":\"https:\\\/\\\/eldigitaldeasturias.com\\\/magazine365\\\/caen-casi-un-10-las-visitas-a-los-museos-dali-en-2015\\\/#listItem\",\"position\":3,\"name\":\"Caen casi un 10% las visitas a los museos Dal\\u00ed en 2015\",\"previousItem\":{\"@type\":\"ListItem\",\"@id\":\"https:\\\/\\\/eldigitaldeasturias.com\\\/magazine365\\\/category\\\/noticias-actualidad\\\/#listItem\",\"name\":\"Noticias y Actualidad\"}}]},{\"@type\":\"Organization\",\"@id\":\"https:\\\/\\\/eldigitaldeasturias.com\\\/magazine365\\\/#organization\",\"name\":\"El digital de Asturias\",\"description\":\"Revista de ocio, turismo y estilo de vida\",\"url\":\"https:\\\/\\\/eldigitaldeasturias.com\\\/magazine365\\\/\",\"logo\":{\"@type\":\"ImageObject\",\"url\":\"https:\\\/\\\/www.eldigitaldeasturias.com\\\/noticias\\\/wp-content\\\/uploads\\\/2020\\\/12\\\/EDA.jpg\",\"@id\":\"https:\\\/\\\/eldigitaldeasturias.com\\\/magazine365\\\/caen-casi-un-10-las-visitas-a-los-museos-dali-en-2015\\\/#organizationLogo\"},\"image\":{\"@id\":\"https:\\\/\\\/eldigitaldeasturias.com\\\/magazine365\\\/caen-casi-un-10-las-visitas-a-los-museos-dali-en-2015\\\/#organizationLogo\"}},{\"@type\":\"Person\",\"@id\":\"https:\\\/\\\/eldigitaldeasturias.com\\\/magazine365\\\/author\\\/admin\\\/#author\",\"url\":\"https:\\\/\\\/eldigitaldeasturias.com\\\/magazine365\\\/author\\\/admin\\\/\",\"name\":\"admin\",\"image\":{\"@type\":\"ImageObject\",\"@id\":\"https:\\\/\\\/eldigitaldeasturias.com\\\/magazine365\\\/caen-casi-un-10-las-visitas-a-los-museos-dali-en-2015\\\/#authorImage\",\"url\":\"https:\\\/\\\/eldigitaldeasturias.com\\\/magazine365\\\/wp-content\\\/litespeed\\\/avatar\\\/e571bcf59a0edd6fa6838245a470f2fe.jpg?ver=1777574230\",\"width\":96,\"height\":96,\"caption\":\"admin\"}},{\"@type\":\"WebPage\",\"@id\":\"https:\\\/\\\/eldigitaldeasturias.com\\\/magazine365\\\/caen-casi-un-10-las-visitas-a-los-museos-dali-en-2015\\\/#webpage\",\"url\":\"https:\\\/\\\/eldigitaldeasturias.com\\\/magazine365\\\/caen-casi-un-10-las-visitas-a-los-museos-dali-en-2015\\\/\",\"name\":\"Caen casi un 10% las visitas a los museos Dal\\u00ed en 2015 | El Digital de Asturias\",\"description\":\"Las visitas a los tres museos Dal\\u00ed que hay en la provincia de Girona han ca\\u00eddo un 9,5% durante el \\u00faltimo a\\u00f1o, un hecho que des de la Fundaci\\u00f3n atribuyen exclusivamente a la ca\\u00edda del turismo ruso en el \\u00faltimo a\\u00f1o. En declaraciones a Europa Press, el Gerente de la Fundaci\\u00f3n Gala Dal\\u00ed, Joan Manuel\",\"inLanguage\":\"es-ES\",\"isPartOf\":{\"@id\":\"https:\\\/\\\/eldigitaldeasturias.com\\\/magazine365\\\/#website\"},\"breadcrumb\":{\"@id\":\"https:\\\/\\\/eldigitaldeasturias.com\\\/magazine365\\\/caen-casi-un-10-las-visitas-a-los-museos-dali-en-2015\\\/#breadcrumblist\"},\"author\":{\"@id\":\"https:\\\/\\\/eldigitaldeasturias.com\\\/magazine365\\\/author\\\/admin\\\/#author\"},\"creator\":{\"@id\":\"https:\\\/\\\/eldigitaldeasturias.com\\\/magazine365\\\/author\\\/admin\\\/#author\"},\"image\":{\"@type\":\"ImageObject\",\"url\":\"https:\\\/\\\/eldigitaldeasturias.com\\\/magazine365\\\/wp-content\\\/uploads\\\/2016\\\/01\\\/fotonoticia_20160111193528_800.jpg\",\"@id\":\"https:\\\/\\\/eldigitaldeasturias.com\\\/magazine365\\\/caen-casi-un-10-las-visitas-a-los-museos-dali-en-2015\\\/#mainImage\",\"width\":800,\"height\":1057},\"primaryImageOfPage\":{\"@id\":\"https:\\\/\\\/eldigitaldeasturias.com\\\/magazine365\\\/caen-casi-un-10-las-visitas-a-los-museos-dali-en-2015\\\/#mainImage\"},\"datePublished\":\"2016-01-12T07:07:51+01:00\",\"dateModified\":\"2016-01-12T07:07:51+01:00\"},{\"@type\":\"WebSite\",\"@id\":\"https:\\\/\\\/eldigitaldeasturias.com\\\/magazine365\\\/#website\",\"url\":\"https:\\\/\\\/eldigitaldeasturias.com\\\/magazine365\\\/\",\"name\":\"El Digital de Asturias\",\"description\":\"Revista de ocio, turismo y estilo de vida\",\"inLanguage\":\"es-ES\",\"publisher\":{\"@id\":\"https:\\\/\\\/eldigitaldeasturias.com\\\/magazine365\\\/#organization\"}}]}\n\t\t<\/script>\n\t\t<!-- All in One SEO Pro -->\r\n\t\t<title>Caen casi un 10% las visitas a los museos Dal\u00ed en 2015 | El Digital de Asturias<\/title>\n\n","aioseo_head_json":{"title":"Caen casi un 10% las visitas a los museos Dal\u00ed en 2015 | El Digital de Asturias","description":"Las visitas a los tres museos Dal\u00ed que hay en la provincia de Girona han ca\u00eddo un 9,5% durante el \u00faltimo a\u00f1o, un hecho que des de la Fundaci\u00f3n atribuyen exclusivamente a la ca\u00edda del turismo ruso en el \u00faltimo a\u00f1o. En declaraciones a Europa Press, el Gerente de la Fundaci\u00f3n Gala Dal\u00ed, Joan Manuel","canonical_url":"https:\/\/eldigitaldeasturias.com\/magazine365\/caen-casi-un-10-las-visitas-a-los-museos-dali-en-2015\/","robots":"max-image-preview:large","keywords":"noticias y actualidad","webmasterTools":{"google-site-verification":"UA-38556648-1","miscellaneous":""},"schema":{"@context":"https:\/\/schema.org","@graph":[{"@type":"Article","@id":"https:\/\/eldigitaldeasturias.com\/magazine365\/caen-casi-un-10-las-visitas-a-los-museos-dali-en-2015\/#article","name":"Caen casi un 10% las visitas a los museos Dal\u00ed en 2015 | El Digital de Asturias","headline":"Caen casi un 10% las visitas a los museos Dal\u00ed en 2015","author":{"@id":"https:\/\/eldigitaldeasturias.com\/magazine365\/author\/admin\/#author"},"publisher":{"@id":"https:\/\/eldigitaldeasturias.com\/magazine365\/#organization"},"image":{"@type":"ImageObject","url":"https:\/\/eldigitaldeasturias.com\/magazine365\/wp-content\/uploads\/2016\/01\/fotonoticia_20160111193528_800.jpg","width":800,"height":1057},"datePublished":"2016-01-12T07:07:51+01:00","dateModified":"2016-01-12T07:07:51+01:00","inLanguage":"es-ES","mainEntityOfPage":{"@id":"https:\/\/eldigitaldeasturias.com\/magazine365\/caen-casi-un-10-las-visitas-a-los-museos-dali-en-2015\/#webpage"},"isPartOf":{"@id":"https:\/\/eldigitaldeasturias.com\/magazine365\/caen-casi-un-10-las-visitas-a-los-museos-dali-en-2015\/#webpage"},"articleSection":"Noticias y Actualidad"},{"@type":"BreadcrumbList","@id":"https:\/\/eldigitaldeasturias.com\/magazine365\/caen-casi-un-10-las-visitas-a-los-museos-dali-en-2015\/#breadcrumblist","itemListElement":[{"@type":"ListItem","@id":"https:\/\/eldigitaldeasturias.com\/magazine365#listItem","position":1,"name":"Home","item":"https:\/\/eldigitaldeasturias.com\/magazine365","nextItem":{"@type":"ListItem","@id":"https:\/\/eldigitaldeasturias.com\/magazine365\/category\/noticias-actualidad\/#listItem","name":"Noticias y Actualidad"}},{"@type":"ListItem","@id":"https:\/\/eldigitaldeasturias.com\/magazine365\/category\/noticias-actualidad\/#listItem","position":2,"name":"Noticias y Actualidad","item":"https:\/\/eldigitaldeasturias.com\/magazine365\/category\/noticias-actualidad\/","nextItem":{"@type":"ListItem","@id":"https:\/\/eldigitaldeasturias.com\/magazine365\/caen-casi-un-10-las-visitas-a-los-museos-dali-en-2015\/#listItem","name":"Caen casi un 10% las visitas a los museos Dal\u00ed en 2015"},"previousItem":{"@type":"ListItem","@id":"https:\/\/eldigitaldeasturias.com\/magazine365#listItem","name":"Home"}},{"@type":"ListItem","@id":"https:\/\/eldigitaldeasturias.com\/magazine365\/caen-casi-un-10-las-visitas-a-los-museos-dali-en-2015\/#listItem","position":3,"name":"Caen casi un 10% las visitas a los museos Dal\u00ed en 2015","previousItem":{"@type":"ListItem","@id":"https:\/\/eldigitaldeasturias.com\/magazine365\/category\/noticias-actualidad\/#listItem","name":"Noticias y Actualidad"}}]},{"@type":"Organization","@id":"https:\/\/eldigitaldeasturias.com\/magazine365\/#organization","name":"El digital de Asturias","description":"Revista de ocio, turismo y estilo de vida","url":"https:\/\/eldigitaldeasturias.com\/magazine365\/","logo":{"@type":"ImageObject","url":"https:\/\/www.eldigitaldeasturias.com\/noticias\/wp-content\/uploads\/2020\/12\/EDA.jpg","@id":"https:\/\/eldigitaldeasturias.com\/magazine365\/caen-casi-un-10-las-visitas-a-los-museos-dali-en-2015\/#organizationLogo"},"image":{"@id":"https:\/\/eldigitaldeasturias.com\/magazine365\/caen-casi-un-10-las-visitas-a-los-museos-dali-en-2015\/#organizationLogo"}},{"@type":"Person","@id":"https:\/\/eldigitaldeasturias.com\/magazine365\/author\/admin\/#author","url":"https:\/\/eldigitaldeasturias.com\/magazine365\/author\/admin\/","name":"admin","image":{"@type":"ImageObject","@id":"https:\/\/eldigitaldeasturias.com\/magazine365\/caen-casi-un-10-las-visitas-a-los-museos-dali-en-2015\/#authorImage","url":"https:\/\/eldigitaldeasturias.com\/magazine365\/wp-content\/litespeed\/avatar\/e571bcf59a0edd6fa6838245a470f2fe.jpg?ver=1777574230","width":96,"height":96,"caption":"admin"}},{"@type":"WebPage","@id":"https:\/\/eldigitaldeasturias.com\/magazine365\/caen-casi-un-10-las-visitas-a-los-museos-dali-en-2015\/#webpage","url":"https:\/\/eldigitaldeasturias.com\/magazine365\/caen-casi-un-10-las-visitas-a-los-museos-dali-en-2015\/","name":"Caen casi un 10% las visitas a los museos Dal\u00ed en 2015 | El Digital de Asturias","description":"Las visitas a los tres museos Dal\u00ed que hay en la provincia de Girona han ca\u00eddo un 9,5% durante el \u00faltimo a\u00f1o, un hecho que des de la Fundaci\u00f3n atribuyen exclusivamente a la ca\u00edda del turismo ruso en el \u00faltimo a\u00f1o. En declaraciones a Europa Press, el Gerente de la Fundaci\u00f3n Gala Dal\u00ed, Joan Manuel","inLanguage":"es-ES","isPartOf":{"@id":"https:\/\/eldigitaldeasturias.com\/magazine365\/#website"},"breadcrumb":{"@id":"https:\/\/eldigitaldeasturias.com\/magazine365\/caen-casi-un-10-las-visitas-a-los-museos-dali-en-2015\/#breadcrumblist"},"author":{"@id":"https:\/\/eldigitaldeasturias.com\/magazine365\/author\/admin\/#author"},"creator":{"@id":"https:\/\/eldigitaldeasturias.com\/magazine365\/author\/admin\/#author"},"image":{"@type":"ImageObject","url":"https:\/\/eldigitaldeasturias.com\/magazine365\/wp-content\/uploads\/2016\/01\/fotonoticia_20160111193528_800.jpg","@id":"https:\/\/eldigitaldeasturias.com\/magazine365\/caen-casi-un-10-las-visitas-a-los-museos-dali-en-2015\/#mainImage","width":800,"height":1057},"primaryImageOfPage":{"@id":"https:\/\/eldigitaldeasturias.com\/magazine365\/caen-casi-un-10-las-visitas-a-los-museos-dali-en-2015\/#mainImage"},"datePublished":"2016-01-12T07:07:51+01:00","dateModified":"2016-01-12T07:07:51+01:00"},{"@type":"WebSite","@id":"https:\/\/eldigitaldeasturias.com\/magazine365\/#website","url":"https:\/\/eldigitaldeasturias.com\/magazine365\/","name":"El Digital de Asturias","description":"Revista de ocio, turismo y estilo de vida","inLanguage":"es-ES","publisher":{"@id":"https:\/\/eldigitaldeasturias.com\/magazine365\/#organization"}}]},"og:locale":"es_ES","og:site_name":"El Digital de Asturias \u2013 Revista de ocio, turismo y estilo de vida","og:type":"article","og:title":"Caen casi un 10% las visitas a los museos Dal\u00ed en 2015 | El Digital de Asturias","og:description":"Las visitas a los tres museos Dal\u00ed que hay en la provincia de Girona han ca\u00eddo un 9,5% durante el \u00faltimo a\u00f1o, un hecho que des de la Fundaci\u00f3n atribuyen exclusivamente a la ca\u00edda del turismo ruso en el \u00faltimo a\u00f1o. En declaraciones a Europa Press, el Gerente de la Fundaci\u00f3n Gala Dal\u00ed, Joan Manuel","og:url":"https:\/\/eldigitaldeasturias.com\/magazine365\/caen-casi-un-10-las-visitas-a-los-museos-dali-en-2015\/","og:image":"https:\/\/eldigitaldeasturias.com\/magazine365\/wp-content\/uploads\/2016\/01\/fotonoticia_20160111193528_800.jpg","og:image:secure_url":"https:\/\/eldigitaldeasturias.com\/magazine365\/wp-content\/uploads\/2016\/01\/fotonoticia_20160111193528_800.jpg","og:image:width":800,"og:image:height":1057,"article:published_time":"2016-01-12T06:07:51+00:00","article:modified_time":"2016-01-12T06:07:51+00:00","twitter:card":"summary_large_image","twitter:title":"Caen casi un 10% las visitas a los museos Dal\u00ed en 2015 | El Digital de Asturias","twitter:description":"Las visitas a los tres museos Dal\u00ed que hay en la provincia de Girona han ca\u00eddo un 9,5% durante el \u00faltimo a\u00f1o, un hecho que des de la Fundaci\u00f3n atribuyen exclusivamente a la ca\u00edda del turismo ruso en el \u00faltimo a\u00f1o. En declaraciones a Europa Press, el Gerente de la Fundaci\u00f3n Gala Dal\u00ed, Joan Manuel","twitter:image":"https:\/\/eldigitaldeasturias.com\/magazine365\/wp-content\/uploads\/2016\/01\/fotonoticia_20160111193528_800.jpg"},"aioseo_meta_data":{"post_id":"60256","title":null,"description":null,"keywords":null,"keyphrases":null,"primary_term":null,"canonical_url":null,"og_title":null,"og_description":null,"og_object_type":"default","og_image_type":"default","og_image_url":null,"og_image_width":null,"og_image_height":null,"og_image_custom_url":null,"og_image_custom_fields":null,"og_video":null,"og_custom_url":null,"og_article_section":null,"og_article_tags":null,"twitter_use_og":false,"twitter_card":"default","twitter_image_type":"default","twitter_image_url":null,"twitter_image_custom_url":null,"twitter_image_custom_fields":null,"twitter_title":null,"twitter_description":null,"schema":{"blockGraphs":[],"customGraphs":[],"default":{"data":{"Article":[],"Course":[],"Dataset":[],"FAQPage":[],"Movie":[],"Person":[],"Product":[],"ProductReview":[],"Car":[],"Recipe":[],"Service":[],"SoftwareApplication":[],"WebPage":[]},"graphName":"","isEnabled":true},"graphs":[]},"schema_type":null,"schema_type_options":null,"pillar_content":false,"robots_default":true,"robots_noindex":false,"robots_noarchive":false,"robots_nosnippet":false,"robots_nofollow":false,"robots_noimageindex":false,"robots_noodp":false,"robots_notranslate":false,"robots_max_snippet":null,"robots_max_videopreview":null,"robots_max_imagepreview":"large","priority":null,"frequency":null,"location":null,"local_seo":null,"seo_analyzer_scan_date":"2025-09-25 06:33:10","breadcrumb_settings":null,"limit_modified_date":false,"open_ai":null,"ai":null,"created":"2021-03-08 22:02:40","updated":"2025-09-25 06:33:10"},"aioseo_breadcrumb":"<div class=\"aioseo-breadcrumbs\"><span class=\"aioseo-breadcrumb\">\n\t<a href=\"https:\/\/eldigitaldeasturias.com\/magazine365\" title=\"Home\">Home<\/a>\n<\/span><span class=\"aioseo-breadcrumb-separator\">\u2013<\/span><span class=\"aioseo-breadcrumb\">\n\t<a href=\"https:\/\/eldigitaldeasturias.com\/magazine365\/category\/noticias-actualidad\/\" title=\"Noticias y Actualidad\">Noticias y Actualidad<\/a>\n<\/span><span class=\"aioseo-breadcrumb-separator\">\u2013<\/span><span class=\"aioseo-breadcrumb\">\n\t<a href=\"https:\/\/eldigitaldeasturias.com\/magazine365\/caen-casi-un-10-las-visitas-a-los-museos-dali-en-2015\/\" title=\"Caen casi un 10% las visitas a los museos Dal\u00ed en 2015\">Caen casi un 10% las visitas a los museos Dal\u00ed en 2015<\/a>\n<\/span><\/div>","aioseo_breadcrumb_json":[{"label":"Home","link":"https:\/\/eldigitaldeasturias.com\/magazine365"},{"label":"Noticias y Actualidad","link":"https:\/\/eldigitaldeasturias.com\/magazine365\/category\/noticias-actualidad\/"},{"label":"Caen casi un 10% las visitas a los museos Dal\u00ed en 2015","link":"https:\/\/eldigitaldeasturias.com\/magazine365\/caen-casi-un-10-las-visitas-a-los-museos-dali-en-2015\/"}],"_links":{"self":[{"href":"https:\/\/eldigitaldeasturias.com\/magazine365\/wp-json\/wp\/v2\/posts\/60256","targetHints":{"allow":["GET"]}}],"collection":[{"href":"https:\/\/eldigitaldeasturias.com\/magazine365\/wp-json\/wp\/v2\/posts"}],"about":[{"href":"https:\/\/eldigitaldeasturias.com\/magazine365\/wp-json\/wp\/v2\/types\/post"}],"author":[{"embeddable":true,"href":"https:\/\/eldigitaldeasturias.com\/magazine365\/wp-json\/wp\/v2\/users\/1"}],"replies":[{"embeddable":true,"href":"https:\/\/eldigitaldeasturias.com\/magazine365\/wp-json\/wp\/v2\/comments?post=60256"}],"version-history":[{"count":0,"href":"https:\/\/eldigitaldeasturias.com\/magazine365\/wp-json\/wp\/v2\/posts\/60256\/revisions"}],"wp:featuredmedia":[{"embeddable":true,"href":"https:\/\/eldigitaldeasturias.com\/magazine365\/wp-json\/wp\/v2\/media\/60257"}],"wp:attachment":[{"href":"https:\/\/eldigitaldeasturias.com\/magazine365\/wp-json\/wp\/v2\/media?parent=60256"}],"wp:term":[{"taxonomy":"category","embeddable":true,"href":"https:\/\/eldigitaldeasturias.com\/magazine365\/wp-json\/wp\/v2\/categories?post=60256"},{"taxonomy":"post_tag","embeddable":true,"href":"https:\/\/eldigitaldeasturias.com\/magazine365\/wp-json\/wp\/v2\/tags?post=60256"}],"curies":[{"name":"wp","href":"https:\/\/api.w.org\/{rel}","templated":true}]}}